{"id":134503,"date":"2025-01-30T00:14:24","date_gmt":"2025-01-30T03:14:24","guid":{"rendered":"https:\/\/vestibulares.estrategia.com\/portal\/?p=134503"},"modified":"2025-02-14T17:14:31","modified_gmt":"2025-02-14T20:14:31","slug":"regencia-verbal-conceito-importancia-e-aplicacao","status":"publish","type":"post","link":"https:\/\/vestibulares.estrategia.com\/portal\/materias\/portugues\/regencia-verbal-conceito-importancia-e-aplicacao\/","title":{"rendered":"Reg\u00eancia Verbal: conceito, import\u00e2ncia e aplica\u00e7\u00e3o"},"content":{"rendered":"<p>A reg&ecirc;ncia verbal &eacute; um assunto fundamental da <a href=\"https:\/\/vestibulares.estrategia.com\/portal\/materias\/portugues\/gramatica\/\">gram&aacute;tica<\/a>, abordando a rela&ccedil;&atilde;o entre os verbos e os termos que o complementam.<p>O estudo e dom&iacute;nio desse tema n&atilde;o s&oacute; &eacute; importante para elaborar uma boa reda&ccedil;&atilde;o, como tamb&eacute;m ter &ecirc;xito na an&aacute;lise e resolu&ccedil;&atilde;o de quest&otilde;es envolvendo reg&ecirc;ncia, que v&ecirc;m sendo cobradas com maior frequ&ecirc;ncia nos vestibulares.&nbsp;<\/p><p>Foi pensando nisso que a Coruja preparou esse guia contendo pontos importantes, como transitividade verbal, crase e diversos exemplos e aplica&ccedil;&otilde;es.<\/p><p>\n\n\n\n<div class=\"cta-medio\" style=\"background-image: url(https:\/\/vestibulares.estrategia.com\/portal\/wp-content\/uploads\/2024\/08\/curso-enem-e-vestibulares-2-estrategia-vestibulares-ctamedio.png.jpg);\"><h3>Pacote Vestibulares Platinum<\/h3><p>Conhe\u00e7a nosso curso<\/p><div class=\"cta-botao\"><a id=\"cta-medio\" href=\"https:\/\/vestibulares.estrategia.com\/curso\/vestibulares-platinum\/\" target=\"_blank\" style=\"background:rgb(255,150,0)\">Compre agora<\/a><\/div><\/div>\n\n\n\n<\/p><div id=\"ez-toc-container\" class=\"ez-toc-v2_0_76 counter-hierarchy ez-toc-counter ez-toc-transparent ez-toc-container-direction\">\n<div class=\"ez-toc-title-container\"><p class=\"ez-toc-title\" style=\"cursor:inherit\">Navegue pelo conte\u00fado<\/p>\n<\/div><nav><ul class='ez-toc-list ez-toc-list-level-1 ' ><li class='ez-toc-page-1 ez-toc-heading-level-2'><a class=\"ez-toc-link ez-toc-heading-1\" href=\"https:\/\/vestibulares.estrategia.com\/portal\/materias\/portugues\/regencia-verbal-conceito-importancia-e-aplicacao\/#Regencia-o-que-e\" >Reg&ecirc;ncia: o que &eacute;?<\/a><\/li><li class='ez-toc-page-1 ez-toc-heading-level-2'><a class=\"ez-toc-link ez-toc-heading-2\" href=\"https:\/\/vestibulares.estrategia.com\/portal\/materias\/portugues\/regencia-verbal-conceito-importancia-e-aplicacao\/#Transitividade-verbal-quais-sao-os-tipos-de-verbos\" >Transitividade verbal: quais s&atilde;o os tipos de verbos<\/a><\/li><li class='ez-toc-page-1 ez-toc-heading-level-2'><a class=\"ez-toc-link ez-toc-heading-3\" href=\"https:\/\/vestibulares.estrategia.com\/portal\/materias\/portugues\/regencia-verbal-conceito-importancia-e-aplicacao\/#Crase-na-regencia-verbal\" >Crase na reg&ecirc;ncia verbal<\/a><\/li><li class='ez-toc-page-1 ez-toc-heading-level-2'><a class=\"ez-toc-link ez-toc-heading-4\" href=\"https:\/\/vestibulares.estrategia.com\/portal\/materias\/portugues\/regencia-verbal-conceito-importancia-e-aplicacao\/#Regencia-em-verbos-especificos\" >Reg&ecirc;ncia em verbos espec&iacute;ficos<\/a><\/li><li class='ez-toc-page-1 ez-toc-heading-level-2'><a class=\"ez-toc-link ez-toc-heading-5\" href=\"https:\/\/vestibulares.estrategia.com\/portal\/materias\/portugues\/regencia-verbal-conceito-importancia-e-aplicacao\/#Estude-mais-com-o-Estrategia-Vestibulares\" >Estude mais com o Estrat&eacute;gia Vestibulares!<\/a><\/li><\/ul><\/nav><\/div>\n<h2 class=\"wp-block-heading\" id=\"h-regencia-o-que-e\"><span class=\"ez-toc-section\" id=\"Regencia-o-que-e\"><\/span>Reg&ecirc;ncia: o que &eacute;?<span class=\"ez-toc-section-end\"><\/span><\/h2><p>Antes de avan&ccedil;ar, &eacute; importante conceituar o que &eacute; reg&ecirc;ncia. De forma resumida, reg&ecirc;ncia &eacute; o modo como as palavras de uma frase se relacionam. Geralmente, numa frase, uma palavra depende de outra para formar sentido completo. &Agrave; rela&ccedil;&atilde;o necess&aacute;ria entre duas ou mais palavras, segundo a norma culta, d&aacute;-se o nome de reg&ecirc;ncia.&nbsp;<\/p><p>Nessa rela&ccedil;&atilde;o, h&aacute; dois tipos de palavras: as regentes &ndash; palavras centrais, que estabelecem a subordina&ccedil;&atilde;o; palavras regidas &ndash; palavras complementares, dependentes das regentes. A reg&ecirc;ncia pode se dar por meio de preposi&ccedil;&atilde;o, em que a palavra regente e a regida se ligam por meio de uma preposi&ccedil;&atilde;o entre elas, ou por meio de <a href=\"https:\/\/vestibulares.estrategia.com\/portal\/materias\/portugues\/conjuncoes-coordenativas\/\">conjun&ccedil;&atilde;o<\/a>, quando uma ora&ccedil;&atilde;o se liga a outra atrav&eacute;s de uma conjun&ccedil;&atilde;o que as divide e explicita sua rela&ccedil;&atilde;o de sentido.<\/p><h2 class=\"wp-block-heading\" id=\"h-transitividade-verbal-quais-sao-os-tipos-de-verbos\"><span class=\"ez-toc-section\" id=\"Transitividade-verbal-quais-sao-os-tipos-de-verbos\"><\/span>Transitividade verbal: quais s&atilde;o os tipos de verbos<span class=\"ez-toc-section-end\"><\/span><\/h2><p>Os tipos de <a href=\"https:\/\/vestibulares.estrategia.com\/portal\/materias\/portugues\/construcoes-verbais\/\">verbos<\/a> se dividem em: <strong>&nbsp;transitivos diretos, transitivos indiretos, transitivos diretos e indiretos e intransitivos<\/strong>. Veja a seguir cada um deles e exemplos.<\/p><h3 class=\"wp-block-heading\" id=\"h-verbo-transitivo-direto-vtd\">Verbo Transitivo Direto (VTD)<\/h3><p>O complemento aparece diretamente ligado ao verbo, sem a media&ccedil;&atilde;o de uma preposi&ccedil;&atilde;o.&nbsp;<\/p><p>Exemplo:<\/p><p>O menino <strong>estudou <\/strong>portugu&ecirc;s.<\/p><p>Nenhuma preposi&ccedil;&atilde;o separa o verbo &ldquo;estudar&rdquo; de seu complemento (o que o menino estudou).<\/p><h3 class=\"wp-block-heading\" id=\"h-verbo-transitivo-indireto-vti\">Verbo Transitivo Indireto (VTI)<\/h3><p>O complemento aparece ligado ao verbo a partir da media&ccedil;&atilde;o de uma preposi&ccedil;&atilde;o.<\/p><p>Exemplo:<\/p><p>Ele<strong> gostava de <\/strong>gram&aacute;tica.<\/p><p>A preposi&ccedil;&atilde;o &ldquo;de&rdquo; &eacute; necess&aacute;ria para formar o sentido da frase. Sem ela, n&atilde;o &eacute; poss&iacute;vel compreender o que se quer dizer (&ldquo;Ele gostava gram&aacute;tica&rdquo; &eacute; uma grafia incorreta).<\/p><h3 class=\"wp-block-heading\" id=\"h-verbo-transitivo-direto-e-indireto-vtdi\">Verbo Transitivo Direto e Indireto (VTDI)<\/h3><p>O verbo apresenta dois complementos: um com preposi&ccedil;&atilde;o e outro sem.<\/p><p>Exemplo:<\/p><p>Eu<strong> dei um <\/strong>presente<strong> a <\/strong>ele.<\/p><p>Complemento &ldquo;a ele&rdquo;, com preposi&ccedil;&atilde;o &ldquo;a&rdquo;; complemento &ldquo;dei um presente&rdquo;, sem preposi&ccedil;&atilde;o.<\/p><h3 class=\"wp-block-heading\" id=\"h-verbos-intransitivos-vi\">Verbos Intransitivos (VI)<\/h3><p>Esses, por sua vez, n&atilde;o possuem complemento. Seu sentido &eacute; dado por si s&oacute;. S&atilde;o verbos que podem apenas ser acompanhados de adv&eacute;rbios para caracteriz&aacute;-los, por exemplo: Ele<strong> dormiu. Choveu <\/strong>muito.<\/p><h2 class=\"wp-block-heading\" id=\"h-crase-na-regencia-verbal\"><span class=\"ez-toc-section\" id=\"Crase-na-regencia-verbal\"><\/span>Crase na reg&ecirc;ncia verbal<span class=\"ez-toc-section-end\"><\/span><\/h2><p>Ocorre quando o verbo exige a preposi&ccedil;&atilde;o &ldquo;a&rdquo; e o termo seguinte admite o artigo definido &ldquo;a(s)&rdquo;. Veja os principais usos.<\/p><ul class=\"wp-block-list\">\n<li>Verbos que indicam destino ou movimento (ir, voltar, chegar), por exemplo: Vou<strong> &agrave; praia. <\/strong>O verbo &ldquo;ir&rdquo; exige preposi&ccedil;&atilde;o &ldquo;a&rdquo;, e &ldquo;praia&rdquo; aceita o artigo &ldquo;a&rdquo;.<\/li>\n\n\n\n<li>Verbos que pedem preposi&ccedil;&atilde;o antes de complemento feminino, por exemplo: Assisti<strong> &agrave; pe&ccedil;a. <\/strong>O verbo &ldquo;assistir&rdquo;, no sentido de ver, exige a preposi&ccedil;&atilde;o &ldquo;a&rdquo;, e &ldquo;pe&ccedil;a&rdquo; aceita o artigo.<\/li>\n\n\n\n<li>Verbos que expressam ideias de entrega ou obriga&ccedil;&atilde;o, por exemplo: Entreguei o livro<strong> &agrave; professora. <\/strong>A crase ocorre devido &agrave; reg&ecirc;ncia do verbo &ldquo;entregar&rdquo;, que exige a preposi&ccedil;&atilde;o &ldquo;a&rdquo; para indicar o destinat&aacute;rio da a&ccedil;&atilde;o, e ao fato de &ldquo;professora&rdquo; ser um substantivo feminino que aceita o artigo definido &ldquo;a&rdquo;.<\/li>\n<\/ul><h3 class=\"wp-block-heading\" id=\"h-casos-em-que-nao-ocorre-crase\">Casos em que n&atilde;o ocorre crase<\/h3><p>Quando o termo regido n&atilde;o admite artigo, como ocorre na frase <strong>&ldquo;<\/strong>Assisti<strong> a Romeu e Julieta&rdquo; <\/strong>(nome de obra sem artigo); quando o complemento &eacute; masculino, como na seguinte frase: &ldquo;Obedeci<strong> ao regulamento&rdquo;.<\/strong><\/p><p>A verifica&ccedil;&atilde;o pode ser feita com a substitui&ccedil;&atilde;o do termo feminino por um masculino equivalente &ndash; se surgir &ldquo;ao&rdquo;, h&aacute; crase, caso contr&aacute;rio, n&atilde;o.<\/p><p>A <a href=\"https:\/\/vestibulares.estrategia.com\/portal\/materias\/portugues\/acentuacao-grafica\/\">crase<\/a> tamb&eacute;m n&atilde;o ocorre nos seguintes casos:&nbsp;<\/p><p>Artigos indefinidos. Exemplo: Fui <strong>a uma<\/strong> entrevista de emprego.<\/p><p>Pronomes pessoais e de tratamento. Exemplo: Ela dava conselhos <strong>a si<\/strong> mesma, mas nunca os dava <strong>a voc&ecirc;.<\/strong><\/p><p>Pronomes demonstrativos. Exemplo: <strong>esta <\/strong>e<strong> essa.<\/strong><\/p><p>Palavras repetidas. Exemplo: <strong>cara a cara.<\/strong><\/p><p>Palavras femininas no plural sem artigo. Exemplo: As pessoas t&ecirc;m resist&ecirc;ncia <strong>a mudan&ccedil;as.<\/strong><\/p><p>Verbos. Exemplo: Ela se p&ocirc;s <strong>a falar<\/strong> sem parar.<\/p><p>Pronomes indefinidos. Exemplo: N&atilde;o cheguei <strong>a nenhuma<\/strong> conclus&atilde;o.&nbsp;<\/p><p>Pronomes relativos &ldquo;quem&rdquo; e &ldquo;cujo&rdquo;. Exemplo: ela &eacute; a menina <strong>a quem <\/strong>me refiro, <strong>a cuja<\/strong> coragem devo minha vida.<\/p><h2 class=\"wp-block-heading\" id=\"h-regencia-em-verbos-especificos\"><span class=\"ez-toc-section\" id=\"Regencia-em-verbos-especificos\"><\/span>Reg&ecirc;ncia em verbos espec&iacute;ficos<span class=\"ez-toc-section-end\"><\/span><\/h2><p>H&aacute; alguns verbos que merecem maior aten&ccedil;&atilde;o, justamente por serem usados em diversos contextos, situa&ccedil;&otilde;es. Entenda como utiliz&aacute;-los de forma correta a partir dos exemplos abaixo.<\/p><p>Verbo <strong>IMPLICAR<\/strong><\/p><p>O verbo implicar tem sido usado na oralidade de forma diferente e incorreta com rela&ccedil;&atilde;o ao que prescreve a norma culta. Esse verbo rejeita a preposi&ccedil;&atilde;o &ldquo;em&rdquo;; ele &eacute; verbo transitivo direto no sentido de &ldquo;levar a um fim&rdquo;.<\/p><p>Exemplo:<\/p><p>Seu comportamento<strong> implicar&aacute; em <\/strong>problemas em seu futuro. (incorreto)<\/p><p>Seu comportamento<strong> implicar&aacute; problemas <\/strong>em seu futuro.<strong> <\/strong>(correto)<\/p><p>Verbo <strong>LEMBRAR<\/strong><\/p><p>Verbo transitivo direto, quando significa &ldquo;sugerir&rdquo;, &ldquo;trazer &agrave; mem&oacute;ria&rdquo;.<\/p><p>Exemplo:<\/p><p>O perfume<strong> lembra minha av&oacute;.<\/strong><\/p><p>Verbo transitivo direto e indireto, quando significa &ldquo;advertir&rdquo;.<\/p><p>Exemplo:<\/p><p>O chefe<strong> lembrou a ele o combinado.<\/strong><\/p><p>Ou, ainda, verbo transitivo indireto, quando significa &ldquo;recordar&rdquo; + pronome reflexivo.<\/p><p>Exemplo:<\/p><p><strong>Lembro-me <\/strong>de voc&ecirc;.<\/p><p>Verbo <strong>OBEDECER<\/strong><\/p><p>O verbo obedecer &eacute; verbo transitivo indireto, segundo a norma culta, mas tem sido usado como verbo transitivo direto.&nbsp;<\/p><p>Exemplo:<\/p><p>Eles sempre devem<strong> obedecer os pais.<\/strong> (incorreto)<\/p><p>Eles sempre devem<strong> obedecer aos pais.<\/strong> (correto)<\/p><p>Verbo <strong>ASSISTIR<\/strong><\/p><p>Frequentemente, o verbo assistir &eacute; utilizado como verbo transitivo indireto no sentido de &ldquo;ver&rdquo; e como verbo transitivo direto no sentido de &ldquo;prestar aux&iacute;lio&rdquo;, &ldquo;ajudar&rdquo;. Compreende-se que o contexto &eacute; capaz de resolver o problema, dado que ele &eacute; constru&iacute;do de forma a indicar o significado.&nbsp;<\/p><p>Exemplos:<\/p><p><strong>Assistimos o filme <\/strong>ontem e o adoramos.<\/p><p><strong>Assistimos o acidentado<\/strong>,<strong> <\/strong>levando-o para o hospital.<\/p><p><strong>O m&eacute;dico assistiu seu chefe <\/strong>durante a opera&ccedil;&atilde;o.<\/p><p><strong>Assistimos ao acidente <\/strong>durante a tarde.<\/p><h2 class=\"wp-block-heading\" id=\"h-estude-mais-com-o-estrategia-vestibulares\"><span class=\"ez-toc-section\" id=\"Estude-mais-com-o-Estrategia-Vestibulares\"><\/span>Estude mais com o Estrat&eacute;gia Vestibulares!<span class=\"ez-toc-section-end\"><\/span><\/h2><p>Prepare-se para as provas de forma personalizada, estrat&eacute;gica e sem sair de casa. Com a plataforma interativa da Coruja, voc&ecirc; cria e adapta cronogramas de acordo com suas necessidades.<\/p><p>Estude no seu ritmo e com os materiais que preferir: mapas mentais, nossos Livros Digitais Interativos (LDIs), onde &eacute; poss&iacute;vel grifar os pontos mais relevantes e revisar quando for preciso, ou ainda as videoaulas, ministradas por professores altamente capacitados e formados nas melhores institui&ccedil;&otilde;es do pa&iacute;s. Clique no banner e inicie sua prepara&ccedil;&atilde;o j&aacute;!<\/p><p>\n\n\n\n<a id=\"cta\" class=\"cta-imagem\" href=\"https:\/\/vestibulares.estrategia.com\/cursos\/\" target=\"blank\">\n                <img decoding=\"async\" width=\"100%\" src=\"https:\/\/vestibulares.estrategia.com\/portal\/wp-content\/uploads\/2021\/12\/EV1.jpg\" alt=\"CTA - Estrat\u00e9gia Vestibulares 1\" title=\"CTA - Estrat\u00e9gia Vestibulares 1\">\n        <\/a>\n\n\n\n\n<\/p><\/p>\n","protected":false},"excerpt":{"rendered":"Voc\u00ea conhece a reg\u00eancia dos verbos? Entenda o que \u00e9 reg\u00eancia verbal e como fazer o uso correto da crase nos diferentes contextos\n","protected":false},"author":60,"featured_media":134507,"comment_status":"closed","ping_status":"closed","sticky":false,"template":"","format":"standard","meta":{"wl_entities_gutenberg":"","footnotes":""},"categories":[27],"tags":[],"wl_entity_type":[732],"class_list":{"0":"post-134503","1":"post","2":"type-post","3":"status-publish","4":"format-standard","5":"has-post-thumbnail","7":"category-portugues","8":"wl_entity_type-article"},"acf":[],"yoast_head":"<!-- This site is optimized with the Yoast SEO Premium plugin v25.9 (Yoast SEO v25.9) - https:\/\/yoast.com\/wordpress\/plugins\/seo\/ -->\n<title>Reg\u00eancia Verbal: principais caracter\u00edsticas e exemplos<\/title>\n<meta name=\"description\" content=\"Reg\u00eancia verbal: entenda o que \u00e9, regras gramaticais para o uso da crase e aplica\u00e7\u00f5es utilizando verbos espec\u00edficos.\" \/>\n<meta name=\"robots\" content=\"index, follow, max-snippet:-1, max-image-preview:large, max-video-preview:-1\" \/>\n<link rel=\"canonical\" href=\"https:\/\/vestibulares.estrategia.com\/portal\/materias\/portugues\/regencia-verbal-conceito-importancia-e-aplicacao\/\" \/>\n<meta property=\"og:locale\" content=\"pt_BR\" \/>\n<meta property=\"og:type\" content=\"article\" \/>\n<meta property=\"og:title\" content=\"Reg\u00eancia Verbal: conceito, import\u00e2ncia e aplica\u00e7\u00e3o\" \/>\n<meta property=\"og:description\" content=\"Reg\u00eancia verbal: entenda o que \u00e9, regras gramaticais para o uso da crase e aplica\u00e7\u00f5es utilizando verbos espec\u00edficos.\" \/>\n<meta property=\"og:url\" content=\"https:\/\/vestibulares.estrategia.com\/portal\/materias\/portugues\/regencia-verbal-conceito-importancia-e-aplicacao\/\" \/>\n<meta property=\"og:site_name\" content=\"Estrat\u00e9gia Vestibulares\" \/>\n<meta property=\"article:publisher\" content=\"https:\/\/facebook.com\/estrategiavestibulares\" \/>\n<meta property=\"article:published_time\" content=\"2025-01-30T03:14:24+00:00\" \/>\n<meta property=\"article:modified_time\" content=\"2025-02-14T20:14:31+00:00\" \/>\n<meta property=\"og:image\" content=\"https:\/\/vestibulares.estrategia.com\/portal\/wp-content\/uploads\/2025\/01\/regencia.jpg\" \/>\n\t<meta property=\"og:image:width\" content=\"1920\" \/>\n\t<meta property=\"og:image:height\" content=\"1280\" \/>\n\t<meta property=\"og:image:type\" content=\"image\/jpeg\" \/>\n<meta name=\"author\" content=\"Henrique Alonso\" \/>\n<meta name=\"twitter:card\" content=\"summary_large_image\" \/>\n<meta name=\"twitter:creator\" content=\"@Estrategiavest\" \/>\n<meta name=\"twitter:site\" content=\"@Estrategiavest\" \/>\n<meta name=\"twitter:label1\" content=\"Escrito por\" \/>\n\t<meta name=\"twitter:data1\" content=\"Henrique Alonso\" \/>\n\t<meta name=\"twitter:label2\" content=\"Est. tempo de leitura\" \/>\n\t<meta name=\"twitter:data2\" content=\"6 minutos\" \/>\n<script type=\"application\/ld+json\" class=\"yoast-schema-graph\">{\"@context\":\"https:\/\/schema.org\",\"@graph\":[{\"@type\":\"Article\",\"@id\":\"https:\/\/vestibulares.estrategia.com\/portal\/materias\/portugues\/regencia-verbal-conceito-importancia-e-aplicacao\/#article\",\"isPartOf\":{\"@id\":\"https:\/\/vestibulares.estrategia.com\/portal\/materias\/portugues\/regencia-verbal-conceito-importancia-e-aplicacao\/\"},\"author\":{\"name\":\"Henrique Alonso\",\"@id\":\"https:\/\/vestibulares.estrategia.com\/portal\/#\/schema\/person\/58a24ec617c4366facab83777fb769a2\"},\"headline\":\"Reg\u00eancia Verbal: conceito, import\u00e2ncia e aplica\u00e7\u00e3o\",\"datePublished\":\"2025-01-30T03:14:24+00:00\",\"dateModified\":\"2025-02-14T20:14:31+00:00\",\"mainEntityOfPage\":{\"@id\":\"https:\/\/vestibulares.estrategia.com\/portal\/materias\/portugues\/regencia-verbal-conceito-importancia-e-aplicacao\/\"},\"wordCount\":1119,\"publisher\":{\"@id\":\"https:\/\/vestibulares.estrategia.com\/portal\/#organization\"},\"image\":{\"@id\":\"https:\/\/vestibulares.estrategia.com\/portal\/materias\/portugues\/regencia-verbal-conceito-importancia-e-aplicacao\/#primaryimage\"},\"thumbnailUrl\":\"https:\/\/vestibulares.estrategia.com\/portal\/wp-content\/uploads\/2025\/01\/regencia.jpg\",\"articleSection\":[\"Portugu\u00eas\"],\"inLanguage\":\"pt-BR\"},{\"@type\":\"WebPage\",\"@id\":\"https:\/\/vestibulares.estrategia.com\/portal\/materias\/portugues\/regencia-verbal-conceito-importancia-e-aplicacao\/\",\"url\":\"https:\/\/vestibulares.estrategia.com\/portal\/materias\/portugues\/regencia-verbal-conceito-importancia-e-aplicacao\/\",\"name\":\"Reg\u00eancia Verbal: principais caracter\u00edsticas e exemplos\",\"isPartOf\":{\"@id\":\"https:\/\/vestibulares.estrategia.com\/portal\/#website\"},\"primaryImageOfPage\":{\"@id\":\"https:\/\/vestibulares.estrategia.com\/portal\/materias\/portugues\/regencia-verbal-conceito-importancia-e-aplicacao\/#primaryimage\"},\"image\":{\"@id\":\"https:\/\/vestibulares.estrategia.com\/portal\/materias\/portugues\/regencia-verbal-conceito-importancia-e-aplicacao\/#primaryimage\"},\"thumbnailUrl\":\"https:\/\/vestibulares.estrategia.com\/portal\/wp-content\/uploads\/2025\/01\/regencia.jpg\",\"datePublished\":\"2025-01-30T03:14:24+00:00\",\"dateModified\":\"2025-02-14T20:14:31+00:00\",\"description\":\"Reg\u00eancia verbal: entenda o que \u00e9, regras gramaticais para o uso da crase e aplica\u00e7\u00f5es utilizando verbos espec\u00edficos.\",\"breadcrumb\":{\"@id\":\"https:\/\/vestibulares.estrategia.com\/portal\/materias\/portugues\/regencia-verbal-conceito-importancia-e-aplicacao\/#breadcrumb\"},\"inLanguage\":\"pt-BR\",\"potentialAction\":[{\"@type\":\"ReadAction\",\"target\":[\"https:\/\/vestibulares.estrategia.com\/portal\/materias\/portugues\/regencia-verbal-conceito-importancia-e-aplicacao\/\"]}]},{\"@type\":\"ImageObject\",\"inLanguage\":\"pt-BR\",\"@id\":\"https:\/\/vestibulares.estrategia.com\/portal\/materias\/portugues\/regencia-verbal-conceito-importancia-e-aplicacao\/#primaryimage\",\"url\":\"https:\/\/vestibulares.estrategia.com\/portal\/wp-content\/uploads\/2025\/01\/regencia.jpg\",\"contentUrl\":\"https:\/\/vestibulares.estrategia.com\/portal\/wp-content\/uploads\/2025\/01\/regencia.jpg\",\"width\":1920,\"height\":1280,\"caption\":\"reg\u00eancia-verbal-vestibular\"},{\"@type\":\"BreadcrumbList\",\"@id\":\"https:\/\/vestibulares.estrategia.com\/portal\/materias\/portugues\/regencia-verbal-conceito-importancia-e-aplicacao\/#breadcrumb\",\"itemListElement\":[{\"@type\":\"ListItem\",\"position\":1,\"name\":\"Home\",\"item\":\"https:\/\/vestibulares.estrategia.com\/portal\/\"},{\"@type\":\"ListItem\",\"position\":2,\"name\":\"Mat\u00e9rias\",\"item\":\"https:\/\/vestibulares.estrategia.com\/portal\/materias\/\"},{\"@type\":\"ListItem\",\"position\":3,\"name\":\"Portugu\u00eas\",\"item\":\"https:\/\/vestibulares.estrategia.com\/portal\/materias\/portugues\/\"},{\"@type\":\"ListItem\",\"position\":4,\"name\":\"Reg\u00eancia Verbal: conceito, import\u00e2ncia e aplica\u00e7\u00e3o\"}]},{\"@type\":\"WebSite\",\"@id\":\"https:\/\/vestibulares.estrategia.com\/portal\/#website\",\"url\":\"https:\/\/vestibulares.estrategia.com\/portal\/\",\"name\":\"Estrat\u00e9gia Vestibulares\",\"description\":\"\",\"publisher\":{\"@id\":\"https:\/\/vestibulares.estrategia.com\/portal\/#organization\"},\"potentialAction\":[{\"@type\":\"SearchAction\",\"target\":{\"@type\":\"EntryPoint\",\"urlTemplate\":\"https:\/\/vestibulares.estrategia.com\/portal\/?s={search_term_string}\"},\"query-input\":{\"@type\":\"PropertyValueSpecification\",\"valueRequired\":true,\"valueName\":\"search_term_string\"}}],\"inLanguage\":\"pt-BR\"},{\"@type\":\"Organization\",\"@id\":\"https:\/\/vestibulares.estrategia.com\/portal\/#organization\",\"name\":\"Estrat\u00e9gia Vestibulares\",\"url\":\"https:\/\/vestibulares.estrategia.com\/portal\/\",\"logo\":{\"@type\":\"ImageObject\",\"inLanguage\":\"pt-BR\",\"@id\":\"https:\/\/vestibulares.estrategia.com\/portal\/#\/schema\/logo\/image\/\",\"url\":\"https:\/\/vestibulares.estrategia.com\/portal\/wp-content\/uploads\/2021\/06\/Logo-Vestibulares@4x.png\",\"contentUrl\":\"https:\/\/vestibulares.estrategia.com\/portal\/wp-content\/uploads\/2021\/06\/Logo-Vestibulares@4x.png\",\"width\":250,\"height\":66,\"caption\":\"Estrat\u00e9gia Vestibulares\"},\"image\":{\"@id\":\"https:\/\/vestibulares.estrategia.com\/portal\/#\/schema\/logo\/image\/\"},\"sameAs\":[\"https:\/\/facebook.com\/estrategiavestibulares\",\"https:\/\/x.com\/Estrategiavest\",\"https:\/\/www.instagram.com\/estrategiavestibulares\",\"https:\/\/www.youtube.com\/channel\/UCGWdZy8ULI-7_5GrABa4vNA\"]},{\"@type\":\"Person\",\"@id\":\"https:\/\/vestibulares.estrategia.com\/portal\/#\/schema\/person\/58a24ec617c4366facab83777fb769a2\",\"name\":\"Henrique Alonso\",\"image\":{\"@type\":\"ImageObject\",\"inLanguage\":\"pt-BR\",\"@id\":\"https:\/\/vestibulares.estrategia.com\/portal\/#\/schema\/person\/image\/\",\"url\":\"https:\/\/secure.gravatar.com\/avatar\/e01a1a4f8b28b8300d39c594a037436e?s=96&d=mm&r=g\",\"contentUrl\":\"https:\/\/secure.gravatar.com\/avatar\/e01a1a4f8b28b8300d39c594a037436e?s=96&d=mm&r=g\",\"caption\":\"Henrique Alonso\"},\"description\":\"Acad\u00eamico de letras-ingl\u00eas na FFLCH-USP\",\"url\":\"https:\/\/vestibulares.estrategia.com\/portal\/author\/henrique-alonso\/\"}]}<\/script>\n<!-- \/ Yoast SEO Premium plugin. -->","yoast_head_json":{"title":"Reg\u00eancia Verbal: principais caracter\u00edsticas e exemplos","description":"Reg\u00eancia verbal: entenda o que \u00e9, regras gramaticais para o uso da crase e aplica\u00e7\u00f5es utilizando verbos espec\u00edficos.","robots":{"index":"index","follow":"follow","max-snippet":"max-snippet:-1","max-image-preview":"max-image-preview:large","max-video-preview":"max-video-preview:-1"},"canonical":"https:\/\/vestibulares.estrategia.com\/portal\/materias\/portugues\/regencia-verbal-conceito-importancia-e-aplicacao\/","og_locale":"pt_BR","og_type":"article","og_title":"Reg\u00eancia Verbal: conceito, import\u00e2ncia e aplica\u00e7\u00e3o","og_description":"Reg\u00eancia verbal: entenda o que \u00e9, regras gramaticais para o uso da crase e aplica\u00e7\u00f5es utilizando verbos espec\u00edficos.","og_url":"https:\/\/vestibulares.estrategia.com\/portal\/materias\/portugues\/regencia-verbal-conceito-importancia-e-aplicacao\/","og_site_name":"Estrat\u00e9gia Vestibulares","article_publisher":"https:\/\/facebook.com\/estrategiavestibulares","article_published_time":"2025-01-30T03:14:24+00:00","article_modified_time":"2025-02-14T20:14:31+00:00","og_image":[{"width":1920,"height":1280,"url":"https:\/\/vestibulares.estrategia.com\/portal\/wp-content\/uploads\/2025\/01\/regencia.jpg","type":"image\/jpeg"}],"author":"Henrique Alonso","twitter_card":"summary_large_image","twitter_creator":"@Estrategiavest","twitter_site":"@Estrategiavest","twitter_misc":{"Escrito por":"Henrique Alonso","Est. tempo de leitura":"6 minutos"},"schema":{"@context":"https:\/\/schema.org","@graph":[{"@type":"Article","@id":"https:\/\/vestibulares.estrategia.com\/portal\/materias\/portugues\/regencia-verbal-conceito-importancia-e-aplicacao\/#article","isPartOf":{"@id":"https:\/\/vestibulares.estrategia.com\/portal\/materias\/portugues\/regencia-verbal-conceito-importancia-e-aplicacao\/"},"author":{"name":"Henrique Alonso","@id":"https:\/\/vestibulares.estrategia.com\/portal\/#\/schema\/person\/58a24ec617c4366facab83777fb769a2"},"headline":"Reg\u00eancia Verbal: conceito, import\u00e2ncia e aplica\u00e7\u00e3o","datePublished":"2025-01-30T03:14:24+00:00","dateModified":"2025-02-14T20:14:31+00:00","mainEntityOfPage":{"@id":"https:\/\/vestibulares.estrategia.com\/portal\/materias\/portugues\/regencia-verbal-conceito-importancia-e-aplicacao\/"},"wordCount":1119,"publisher":{"@id":"https:\/\/vestibulares.estrategia.com\/portal\/#organization"},"image":{"@id":"https:\/\/vestibulares.estrategia.com\/portal\/materias\/portugues\/regencia-verbal-conceito-importancia-e-aplicacao\/#primaryimage"},"thumbnailUrl":"https:\/\/vestibulares.estrategia.com\/portal\/wp-content\/uploads\/2025\/01\/regencia.jpg","articleSection":["Portugu\u00eas"],"inLanguage":"pt-BR"},{"@type":"WebPage","@id":"https:\/\/vestibulares.estrategia.com\/portal\/materias\/portugues\/regencia-verbal-conceito-importancia-e-aplicacao\/","url":"https:\/\/vestibulares.estrategia.com\/portal\/materias\/portugues\/regencia-verbal-conceito-importancia-e-aplicacao\/","name":"Reg\u00eancia Verbal: principais caracter\u00edsticas e exemplos","isPartOf":{"@id":"https:\/\/vestibulares.estrategia.com\/portal\/#website"},"primaryImageOfPage":{"@id":"https:\/\/vestibulares.estrategia.com\/portal\/materias\/portugues\/regencia-verbal-conceito-importancia-e-aplicacao\/#primaryimage"},"image":{"@id":"https:\/\/vestibulares.estrategia.com\/portal\/materias\/portugues\/regencia-verbal-conceito-importancia-e-aplicacao\/#primaryimage"},"thumbnailUrl":"https:\/\/vestibulares.estrategia.com\/portal\/wp-content\/uploads\/2025\/01\/regencia.jpg","datePublished":"2025-01-30T03:14:24+00:00","dateModified":"2025-02-14T20:14:31+00:00","description":"Reg\u00eancia verbal: entenda o que \u00e9, regras gramaticais para o uso da crase e aplica\u00e7\u00f5es utilizando verbos espec\u00edficos.","breadcrumb":{"@id":"https:\/\/vestibulares.estrategia.com\/portal\/materias\/portugues\/regencia-verbal-conceito-importancia-e-aplicacao\/#breadcrumb"},"inLanguage":"pt-BR","potentialAction":[{"@type":"ReadAction","target":["https:\/\/vestibulares.estrategia.com\/portal\/materias\/portugues\/regencia-verbal-conceito-importancia-e-aplicacao\/"]}]},{"@type":"ImageObject","inLanguage":"pt-BR","@id":"https:\/\/vestibulares.estrategia.com\/portal\/materias\/portugues\/regencia-verbal-conceito-importancia-e-aplicacao\/#primaryimage","url":"https:\/\/vestibulares.estrategia.com\/portal\/wp-content\/uploads\/2025\/01\/regencia.jpg","contentUrl":"https:\/\/vestibulares.estrategia.com\/portal\/wp-content\/uploads\/2025\/01\/regencia.jpg","width":1920,"height":1280,"caption":"reg\u00eancia-verbal-vestibular"},{"@type":"BreadcrumbList","@id":"https:\/\/vestibulares.estrategia.com\/portal\/materias\/portugues\/regencia-verbal-conceito-importancia-e-aplicacao\/#breadcrumb","itemListElement":[{"@type":"ListItem","position":1,"name":"Home","item":"https:\/\/vestibulares.estrategia.com\/portal\/"},{"@type":"ListItem","position":2,"name":"Mat\u00e9rias","item":"https:\/\/vestibulares.estrategia.com\/portal\/materias\/"},{"@type":"ListItem","position":3,"name":"Portugu\u00eas","item":"https:\/\/vestibulares.estrategia.com\/portal\/materias\/portugues\/"},{"@type":"ListItem","position":4,"name":"Reg\u00eancia Verbal: conceito, import\u00e2ncia e aplica\u00e7\u00e3o"}]},{"@type":"WebSite","@id":"https:\/\/vestibulares.estrategia.com\/portal\/#website","url":"https:\/\/vestibulares.estrategia.com\/portal\/","name":"Estrat\u00e9gia Vestibulares","description":"","publisher":{"@id":"https:\/\/vestibulares.estrategia.com\/portal\/#organization"},"potentialAction":[{"@type":"SearchAction","target":{"@type":"EntryPoint","urlTemplate":"https:\/\/vestibulares.estrategia.com\/portal\/?s={search_term_string}"},"query-input":{"@type":"PropertyValueSpecification","valueRequired":true,"valueName":"search_term_string"}}],"inLanguage":"pt-BR"},{"@type":"Organization","@id":"https:\/\/vestibulares.estrategia.com\/portal\/#organization","name":"Estrat\u00e9gia Vestibulares","url":"https:\/\/vestibulares.estrategia.com\/portal\/","logo":{"@type":"ImageObject","inLanguage":"pt-BR","@id":"https:\/\/vestibulares.estrategia.com\/portal\/#\/schema\/logo\/image\/","url":"https:\/\/vestibulares.estrategia.com\/portal\/wp-content\/uploads\/2021\/06\/Logo-Vestibulares@4x.png","contentUrl":"https:\/\/vestibulares.estrategia.com\/portal\/wp-content\/uploads\/2021\/06\/Logo-Vestibulares@4x.png","width":250,"height":66,"caption":"Estrat\u00e9gia Vestibulares"},"image":{"@id":"https:\/\/vestibulares.estrategia.com\/portal\/#\/schema\/logo\/image\/"},"sameAs":["https:\/\/facebook.com\/estrategiavestibulares","https:\/\/x.com\/Estrategiavest","https:\/\/www.instagram.com\/estrategiavestibulares","https:\/\/www.youtube.com\/channel\/UCGWdZy8ULI-7_5GrABa4vNA"]},{"@type":"Person","@id":"https:\/\/vestibulares.estrategia.com\/portal\/#\/schema\/person\/58a24ec617c4366facab83777fb769a2","name":"Henrique Alonso","image":{"@type":"ImageObject","inLanguage":"pt-BR","@id":"https:\/\/vestibulares.estrategia.com\/portal\/#\/schema\/person\/image\/","url":"https:\/\/secure.gravatar.com\/avatar\/e01a1a4f8b28b8300d39c594a037436e?s=96&d=mm&r=g","contentUrl":"https:\/\/secure.gravatar.com\/avatar\/e01a1a4f8b28b8300d39c594a037436e?s=96&d=mm&r=g","caption":"Henrique Alonso"},"description":"Acad\u00eamico de letras-ingl\u00eas na FFLCH-USP","url":"https:\/\/vestibulares.estrategia.com\/portal\/author\/henrique-alonso\/"}]}},"_wl_alt_label":[],"wl:entity_url":"https:\/\/data.wordlift.io\/wl110249\/post\/regencia-verbal-conceito-importancia-e-aplicacao-134503","_links":{"self":[{"href":"https:\/\/vestibulares.estrategia.com\/portal\/wp-json\/wp\/v2\/posts\/134503","targetHints":{"allow":["GET"]}}],"collection":[{"href":"https:\/\/vestibulares.estrategia.com\/portal\/wp-json\/wp\/v2\/posts"}],"about":[{"href":"https:\/\/vestibulares.estrategia.com\/portal\/wp-json\/wp\/v2\/types\/post"}],"author":[{"embeddable":true,"href":"https:\/\/vestibulares.estrategia.com\/portal\/wp-json\/wp\/v2\/users\/60"}],"replies":[{"embeddable":true,"href":"https:\/\/vestibulares.estrategia.com\/portal\/wp-json\/wp\/v2\/comments?post=134503"}],"version-history":[{"count":5,"href":"https:\/\/vestibulares.estrategia.com\/portal\/wp-json\/wp\/v2\/posts\/134503\/revisions"}],"predecessor-version":[{"id":135182,"href":"https:\/\/vestibulares.estrategia.com\/portal\/wp-json\/wp\/v2\/posts\/134503\/revisions\/135182"}],"wp:featuredmedia":[{"embeddable":true,"href":"https:\/\/vestibulares.estrategia.com\/portal\/wp-json\/wp\/v2\/media\/134507"}],"wp:attachment":[{"href":"https:\/\/vestibulares.estrategia.com\/portal\/wp-json\/wp\/v2\/media?parent=134503"}],"wp:term":[{"taxonomy":"category","embeddable":true,"href":"https:\/\/vestibulares.estrategia.com\/portal\/wp-json\/wp\/v2\/categories?post=134503"},{"taxonomy":"post_tag","embeddable":true,"href":"https:\/\/vestibulares.estrategia.com\/portal\/wp-json\/wp\/v2\/tags?post=134503"},{"taxonomy":"wl_entity_type","embeddable":true,"href":"https:\/\/vestibulares.estrategia.com\/portal\/wp-json\/wp\/v2\/wl_entity_type?post=134503"}],"curies":[{"name":"wp","href":"https:\/\/api.w.org\/{rel}","templated":true}]}}