{"id":135775,"date":"2025-02-28T12:23:52","date_gmt":"2025-02-28T15:23:52","guid":{"rendered":"https:\/\/vestibulares.estrategia.com\/portal\/?p=135775"},"modified":"2025-02-28T12:30:52","modified_gmt":"2025-02-28T15:30:52","slug":"relacoes-coordenacao-tipos-aplicacoes","status":"publish","type":"post","link":"https:\/\/vestibulares.estrategia.com\/portal\/materias\/portugues\/relacoes-coordenacao-tipos-aplicacoes\/","title":{"rendered":"Rela\u00e7\u00f5es de coordena\u00e7\u00e3o: tipos e aplica\u00e7\u00f5es"},"content":{"rendered":"<p>As <strong>rela&ccedil;&otilde;es de coordena&ccedil;&atilde;o <\/strong>na l&iacute;ngua portuguesa s&atilde;o cruciais. Elas permitem unir ideias de forma clara e independente dentro de um per&iacute;odo composto, criando textos mais ricos e organizados. Para isso, &eacute; crucial entender e saber identificar a estrutura das ora&ccedil;&otilde;es coordenadas.&nbsp;<p>Pensando nisso, o Estrat&eacute;gia Vestibulares preparou este guia para te ajudar a compreender as <strong>ora&ccedil;&otilde;es coordenadas <\/strong>e como esse assunto pode cair no vestibular. Confira!<\/p><p>\n\n\n\n<div class=\"cta-medio\" style=\"background-image: url(https:\/\/vestibulares.estrategia.com\/portal\/wp-content\/uploads\/2024\/08\/curso-enem-1-estrategia-vestibulares-ctamedio.jpg);\"><h3>Pacote Enem TOP <\/h3> <p>Estude com o Estrat\u00e9gia Vestibulares<\/p><div class=\"cta-botao\"><a id=\"cta-medio\" href=\"https:\/\/vestibulares.estrategia.com\/curso\/enem-top\/\" target=\"_blank\" style=\"background:rgb(255,150,0)\">Saiba mais<\/a><\/div><\/div>\n\n\n\n<\/p><div id=\"ez-toc-container\" class=\"ez-toc-v2_0_76 counter-hierarchy ez-toc-counter ez-toc-transparent ez-toc-container-direction\">\n<div class=\"ez-toc-title-container\"><p class=\"ez-toc-title\" style=\"cursor:inherit\">Navegue pelo conte\u00fado<\/p>\n<\/div><nav><ul class='ez-toc-list ez-toc-list-level-1 ' ><ul class='ez-toc-list-level-2' ><li class='ez-toc-heading-level-2'><a class=\"ez-toc-link ez-toc-heading-1\" href=\"https:\/\/vestibulares.estrategia.com\/portal\/materias\/portugues\/relacoes-coordenacao-tipos-aplicacoes\/#O-que-e-coordenacao\" >O que &eacute; coordena&ccedil;&atilde;o?<\/a><\/li><\/ul><\/li><li class='ez-toc-page-1 ez-toc-heading-level-1'><a class=\"ez-toc-link ez-toc-heading-2\" href=\"https:\/\/vestibulares.estrategia.com\/portal\/materias\/portugues\/relacoes-coordenacao-tipos-aplicacoes\/#Assindeticas-e-sindeticas-qual-a-diferenca\" >Assind&eacute;ticas e sind&eacute;ticas: qual a diferen&ccedil;a?<\/a><ul class='ez-toc-list-level-2' ><li class='ez-toc-heading-level-2'><a class=\"ez-toc-link ez-toc-heading-3\" href=\"https:\/\/vestibulares.estrategia.com\/portal\/materias\/portugues\/relacoes-coordenacao-tipos-aplicacoes\/#Relacoes-de-sentido-nas-oracoes-coordenadas-sindeticas\" >Rela&ccedil;&otilde;es de sentido nas ora&ccedil;&otilde;es coordenadas sind&eacute;ticas<\/a><\/li><li class='ez-toc-page-1 ez-toc-heading-level-2'><a class=\"ez-toc-link ez-toc-heading-4\" href=\"https:\/\/vestibulares.estrategia.com\/portal\/materias\/portugues\/relacoes-coordenacao-tipos-aplicacoes\/#Como-identificar-oracoes-coordenadas\" >Como identificar ora&ccedil;&otilde;es coordenadas?&nbsp;<\/a><\/li><li class='ez-toc-page-1 ez-toc-heading-level-2'><a class=\"ez-toc-link ez-toc-heading-5\" href=\"https:\/\/vestibulares.estrategia.com\/portal\/materias\/portugues\/relacoes-coordenacao-tipos-aplicacoes\/#Questao-de-vestibular-sobre-relacoes-de-coordenacao\" >Quest&atilde;o de vestibular sobre rela&ccedil;&otilde;es de coordena&ccedil;&atilde;o<\/a><\/li><li class='ez-toc-page-1 ez-toc-heading-level-2'><a class=\"ez-toc-link ez-toc-heading-6\" href=\"https:\/\/vestibulares.estrategia.com\/portal\/materias\/portugues\/relacoes-coordenacao-tipos-aplicacoes\/#Quer-ser-aprovado-no-vestibular\" >Quer ser aprovado no vestibular?<\/a><\/li><\/ul><\/li><\/ul><\/nav><\/div>\n<h2 class=\"wp-block-heading\" id=\"h-o-que-e-coordenacao\"><span class=\"ez-toc-section\" id=\"O-que-e-coordenacao\"><\/span>O que &eacute; coordena&ccedil;&atilde;o?<span class=\"ez-toc-section-end\"><\/span><\/h2><p>Coordena&ccedil;&atilde;o consiste na uni&atilde;o de ora&ccedil;&otilde;es dentro de um per&iacute;odo composto a partir do seu sentido. Por&eacute;m, h&aacute; uma caracter&iacute;stica especial: <strong>as ora&ccedil;&otilde;es coordenadas s&atilde;o independentes sint&aacute;tica e semanticamente<\/strong>.&nbsp;<\/p><h3 class=\"wp-block-heading\" id=\"h-independencia-sintatica-o-que-isso-significa\">Independ&ecirc;ncia sint&aacute;tica: o que isso significa?<\/h3><p>A independ&ecirc;ncia sint&aacute;tica &eacute; a capacidade de uma ora&ccedil;&atilde;o coordenada ser separada das demais sem perder sua estrutura ou significado. Pense nas ora&ccedil;&otilde;es coordenadas como blocos que se encaixam, mas se houver a remo&ccedil;&atilde;o de um deles, os demais n&atilde;o desmoronam. Essa independ&ecirc;ncia &eacute; a grande diferen&ccedil;a em rela&ccedil;&atilde;o &agrave;s <a href=\"https:\/\/vestibulares.estrategia.com\/portal\/materias\/portugues\/oracoes-subordinadas-na-sintaxe-do-periodo-composto-entenda-como-funcionam\/\" target=\"_blank\">ora&ccedil;&otilde;es subordinadas<\/a>, que precisam de outra ora&ccedil;&atilde;o para se sustentar.<\/p><h3 class=\"wp-block-heading\" id=\"h-independencia-semantica-o-que-isso-significa\">Independ&ecirc;ncia sem&acirc;ntica: o que isso significa?<\/h3><p>J&aacute; a independ&ecirc;ncia sem&acirc;ntica significa que cada ora&ccedil;&atilde;o tem sentido completo por si s&oacute;, ou seja, n&atilde;o depende de outra para ser compreendida.<\/p><p>Assim, cada ora&ccedil;&atilde;o mant&eacute;m seu significado mesmo se estiver separada da outra. Elas podem ser ligadas por conjun&ccedil;&otilde;es coordenativas (como e, mas, ou, portanto), mas n&atilde;o possuem uma rela&ccedil;&atilde;o de depend&ecirc;ncia sint&aacute;tica ou sem&acirc;ntica como ocorre nas ora&ccedil;&otilde;es subordinadas.<\/p><p><strong>Exemplo:<\/strong><\/p><ul class=\"wp-block-list\">\n<li>&ldquo;Eu queria sair, mas estava muito cansado.&rdquo;&nbsp;<\/li>\n<\/ul><p>No exemplo acima, &ldquo;Eu queria sair&rdquo; e &ldquo;estava muito cansado&rdquo; s&atilde;o ora&ccedil;&otilde;es que poderiam ser frases separadas com seu sentido pleno e estrutura conservada: &ldquo;Eu queria sair. Estava muito cansado.&rdquo; Logo, elas est&atilde;o unidas pela coordena&ccedil;&atilde;o, mas n&atilde;o dependem uma da outra.<\/p><h1 class=\"wp-block-heading\" id=\"h-assindeticas-e-sindeticas-qual-a-diferenca\"><span class=\"ez-toc-section\" id=\"Assindeticas-e-sindeticas-qual-a-diferenca\"><\/span>Assind&eacute;ticas e sind&eacute;ticas: qual a diferen&ccedil;a?<span class=\"ez-toc-section-end\"><\/span><\/h1><p>Conforme Cereja &amp; Magalh&atilde;es, as ora&ccedil;&otilde;es coordenadas podem ser classificadas em sind&eacute;ticas ou assind&eacute;ticas, dependendo de como s&atilde;o introduzidas.<\/p><h3 class=\"wp-block-heading\" id=\"h-assindeticas\">Assind&eacute;ticas<\/h3><p>As ora&ccedil;&otilde;es assind&eacute;ticas n&atilde;o s&atilde;o introduzidas por s&iacute;ndeto (conjun&ccedil;&atilde;o coordenativa)&nbsp; coordenativa e unem-se por justaposi&ccedil;&atilde;o &agrave; outra ora&ccedil;&atilde;o do per&iacute;odo. Assim, s&atilde;o separadas apenas por v&iacute;rgula ou ponto.<\/p><p><strong>Exemplo:&nbsp; <\/strong>&ldquo;Estudei muito, passei na prova.&rdquo; Perceba que nesse caso a ideia de causa e consequ&ecirc;ncia &eacute; impl&iacute;cita.<\/p><h3 class=\"wp-block-heading\" id=\"h-sindeticas\">Sind&eacute;ticas<\/h3><p>Por outro lado, as ora&ccedil;&otilde;es coordenadas sind&eacute;ticas s&atilde;o introduzidas por <a href=\"https:\/\/vestibulares.estrategia.com\/portal\/materias\/portugues\/conjuncoes-coordenativas\/\" target=\"_blank\"><strong>conjun&ccedil;&otilde;es coordenativas<\/strong><\/a>, e s&atilde;o classificadas de acordo com o valor sem&acirc;ntico das conjun&ccedil;&otilde;es. A rela&ccedil;&atilde;o entre as ora&ccedil;&otilde;es pode ser de <strong>adi&ccedil;&atilde;o<\/strong>, <strong>contraste <\/strong>ou <strong>conclus&atilde;o<\/strong>, por exemplo.<\/p><p><strong>Exemplo:<\/strong> &ldquo;Estudei muito, portanto, passei na prova.&rdquo; Nesse exemplo, diferentemente do caso das assind&eacute;ticas, a conjun&ccedil;&atilde;o &ldquo;portanto&rdquo; deixa claro que uma coisa levou &agrave; outra.&nbsp;<\/p><p>Logo, nota-se que a assind&eacute;tica &eacute; mais fluida e direta, enquanto a sind&eacute;tica &eacute; mais expl&iacute;cita. A escolha entre os dois tipos depende de como se deseja transmitir a mensagem.<\/p><h2 class=\"wp-block-heading\" id=\"h-relacoes-de-sentido-nas-oracoes-coordenadas-sindeticas\"><span class=\"ez-toc-section\" id=\"Relacoes-de-sentido-nas-oracoes-coordenadas-sindeticas\"><\/span>Rela&ccedil;&otilde;es de sentido nas ora&ccedil;&otilde;es coordenadas sind&eacute;ticas<span class=\"ez-toc-section-end\"><\/span><\/h2><h3 class=\"wp-block-heading\" id=\"h-tipos-de-conjuncoes-coordenativas\">Tipos de conjun&ccedil;&otilde;es coordenativas<\/h3><p>As conjun&ccedil;&otilde;es coordenativas se dividem em cinco categorias principais, de acordo com o sentido que pretendem expressar:<\/p><h3 class=\"wp-block-heading\" id=\"h-aditivas\">Aditivas<\/h3><p>As conjun&ccedil;&otilde;es aditivas expressam soma ou sequ&ecirc;ncia, como &ldquo;e&rdquo; e &ldquo;nem&rdquo;.<\/p><p><strong>Exemplos:<\/strong><\/p><ul class=\"wp-block-list\">\n<li>&ldquo;Fui ao mercado <strong>e<\/strong> comprei frutas.&rdquo;<\/li>\n\n\n\n<li>&ldquo;N&atilde;o consegui pegar o &ocirc;nibus <strong>nem<\/strong> o t&aacute;xi.&rdquo;<\/li>\n<\/ul><h3 class=\"wp-block-heading\" id=\"h-adversativas\">Adversativas<\/h3><p>As adversativas mostram oposi&ccedil;&atilde;o ou contraste. Exemplos comuns dessas conjun&ccedil;&otilde;es s&atilde;o &ldquo;mas&rdquo;, &ldquo;por&eacute;m&rdquo;, &ldquo;todavia&rdquo; e &ldquo;contudo&rdquo;.<\/p><p><strong>Exemplos:<\/strong><\/p><ul class=\"wp-block-list\">\n<li>&ldquo;Queria viajar, <strong>mas <\/strong>n&atilde;o tinha dinheiro.&rdquo;<\/li>\n\n\n\n<li>&ldquo;Estava cansado, <strong>por&eacute;m<\/strong> contente com o trabalho.&rdquo;<\/li>\n\n\n\n<li>&ldquo;O filme era interessante,<strong> todavia<\/strong> o final decepcionou.&rdquo;<\/li>\n<\/ul><h3 class=\"wp-block-heading\" id=\"h-alternativas\">Alternativas<\/h3><p>As alternativas indicam <strong>escolha ou altern&acirc;ncia<\/strong>. Exemplos dessas conjun&ccedil;&otilde;es s&atilde;o &ldquo;ou&rdquo;, &ldquo;ora&hellip;ora&rdquo; e &ldquo;seja&hellip;seja&rdquo;.<\/p><p><strong>Exemplos:<\/strong><\/p><ul class=\"wp-block-list\">\n<li>&ldquo;Posso estudar agora <strong>ou<\/strong> deixar para amanh&atilde;.&rdquo;<\/li>\n\n\n\n<li>&ldquo;<strong>Ora <\/strong>cantava <strong>ora <\/strong>dan&ccedil;ava.&rdquo;<\/li>\n\n\n\n<li>&ldquo;<strong>Seja<\/strong> de dia, <strong>seja<\/strong> &agrave; noite, os alunos estudavam.&rdquo;<\/li>\n<\/ul><h3 class=\"wp-block-heading\" id=\"h-conclusivas\">Conclusivas<\/h3><p>As conjun&ccedil;&otilde;es<strong> <\/strong>conclusivas apontam uma<strong> conclus&atilde;o ou resultado<\/strong>. Exemplos dessas conjun&ccedil;&otilde;es s&atilde;o &ldquo;logo&rdquo; e &ldquo;portanto&rdquo;.<\/p><ul class=\"wp-block-list\">\n<li>&ldquo;Estava muito quente, <strong>portanto<\/strong> abrimos as janelas.&rdquo;<\/li>\n\n\n\n<li>&ldquo;Ele n&atilde;o respondeu &agrave;s mensagens, <strong>logo<\/strong> deve estar ocupado.&rdquo;<\/li>\n<\/ul><h3 class=\"wp-block-heading\" id=\"h-explicativas\">Explicativas<\/h3><p>As explicativas, como o pr&oacute;prio nome indica, explicam ou justificam algo. Alguns exemplos t&iacute;picos de conjun&ccedil;&otilde;es s&atilde;o &ldquo;pois&rdquo;, &ldquo;porque&rdquo; e &ldquo;visto que&rdquo;.<\/p><p><strong>Exemplos:<\/strong><\/p><ul class=\"wp-block-list\">\n<li>&ldquo;N&atilde;o entendi o que ela falou, pois estava barulho.&rdquo;<\/li>\n\n\n\n<li>&ldquo;N&atilde;o sa&iacute;, porque estava estudando.&rdquo;<\/li>\n\n\n\n<li>&ldquo;Acordei cedo, visto que precisava trabalhar.&rdquo;<\/li>\n<\/ul><h2 class=\"wp-block-heading\" id=\"h-como-identificar-oracoes-coordenadas-nbsp\"><span class=\"ez-toc-section\" id=\"Como-identificar-oracoes-coordenadas\"><\/span>Como identificar ora&ccedil;&otilde;es coordenadas?&nbsp;<span class=\"ez-toc-section-end\"><\/span><\/h2><p>Para identificar as ora&ccedil;&otilde;es coordenadas em um texto, siga estes passos:<\/p><ol class=\"wp-block-list\">\n<li><strong>Separe as ora&ccedil;&otilde;es<\/strong>: divida o per&iacute;odo e veja se cada parte tem<strong> sujeito <\/strong>e <strong>verbo<\/strong> pr&oacute;prios.<\/li>\n\n\n\n<li><strong>Analise a rela&ccedil;&atilde;o de sentido<\/strong>: as ora&ccedil;&otilde;es se <strong>somam<\/strong>, <strong>op&otilde;em-se<\/strong> ou <strong>explicam algo<\/strong>? Isso ajuda a entender o v&iacute;nculo entre elas.<\/li>\n\n\n\n<li><strong>Verifique a conjun&ccedil;&atilde;o<\/strong>: se houver, ela indica o tipo de rela&ccedil;&atilde;o (aditiva, adversativa, etc.). Se n&atilde;o houver, a ora&ccedil;&atilde;o &eacute; assind&eacute;tica.<\/li>\n<\/ol><p>+ Veja tamb&eacute;m: <a href=\"https:\/\/vestibulares.estrategia.com\/portal\/materias\/portugues\/oracoes-subordinadas-na-sintaxe-do-periodo-composto-entenda-como-funcionam\/\" target=\"_blank\">Ora&ccedil;&otilde;es Subordinadas na Sintaxe do Per&iacute;odo Composto: entenda como funcionam<\/a><\/p><p>Agora que voc&ecirc; conhece os tipos de ora&ccedil;&otilde;es coordenadas, as conjun&ccedil;&otilde;es e as rela&ccedil;&otilde;es de sentido, que tal praticar?<\/p><h2 class=\"wp-block-heading\" id=\"h-questao-de-vestibular-sobre-relacoes-de-coordenacao\"><span class=\"ez-toc-section\" id=\"Questao-de-vestibular-sobre-relacoes-de-coordenacao\"><\/span>Quest&atilde;o de vestibular sobre rela&ccedil;&otilde;es de coordena&ccedil;&atilde;o<span class=\"ez-toc-section-end\"><\/span><\/h2><h3 class=\"wp-block-heading\" id=\"h-uea-2025\">UEA (2025)<\/h3><p><strong>Leia o trecho do romance Ciranda de pedra, de Lygia Fagundes Telles.<\/strong><\/p><p>Virg&iacute;nia subiu precipitadamente a escada e trancou-se no quarto.<\/p><p>&mdash; Abre, menina &mdash; ordenou Luciana do lado de fora.<\/p><p>Virg&iacute;nia encostou-se &agrave; parede e p&ocirc;s-se a roer as unhas, seguindo com o olhar uma formiguinha que subia pelo batente da porta. &ldquo;Se entrar a&iacute; nessa fresta, voc&ecirc; morre!&rdquo;, sussurrou soprando-a para o ch&atilde;o. &ldquo;Eu te salvo, bobinha, n&atilde;o tenha medo&rdquo;, disse em voz alta. E afastou-a com o indicador. Nesse instante fixou o olhar na unha ro&iacute;da at&eacute; a carne. Pensou nas unhas de Ot&aacute;via. E esmagou a formiga.<\/p><p>&mdash; Virg&iacute;nia, eu n&atilde;o estou brincando, menina. Abre logo, anda!<br>&mdash; Agora n&atilde;o posso.<br>&mdash; N&atilde;o pode por qu&ecirc;?<br>&mdash; Estou fazendo uma coisa &mdash; respondeu evasivamente.<\/p><p>Pensava em Conrado a lhe explicar que os bichos s&atilde;o como gente, t&ecirc;m alma de gente, e que matar um bichinho era o mesmo que matar uma pessoa. &ldquo;Se voc&ecirc; for m&aacute; e come&ccedil;ar a matar s&oacute; por gosto, na outra vida voc&ecirc; ser&aacute; bicho tamb&eacute;m, mas um desses bichos horr&iacute;veis, cobra, rato, aranha&hellip;&rdquo; Deitou-se no assoalho e come&ccedil;ou a se espojar angustiosamente, avan&ccedil;ando de rastros at&eacute; o meio do quarto.<\/p><p>&mdash; Ou voc&ecirc; abre ou conto para o seu tio. &Eacute; isto que voc&ecirc; quer, &eacute; isto?<\/p><p>Virg&iacute;nia imobilizou-se. Ser cobra machucava os cotovelos, melhor ser borboleta. Mas quem ia ser borboleta decerto era Ot&aacute;via, que era linda. &ldquo;E eu sou feia e ruim, ruim, ruim!&rdquo;, exclamou dando murros no ch&atilde;o. Ergueu a cabe&ccedil;a num desafio:<\/p><p>&mdash; Pode contar tudo, tio Daniel n&atilde;o me manda, quem manda em mim &eacute; meu pai, ouviu? Meu pai.<\/p><p><em>(Ciranda de pedra, 2009.)<\/em><\/p><p><strong>&ldquo;&mdash; Ou voc&ecirc; abre ou conto para o seu tio.&rdquo; (9&ordm; par&aacute;grafo). <\/strong>Em rela&ccedil;&atilde;o &agrave; primeira, a segunda ora&ccedil;&atilde;o expressa uma<\/p><p>a) Causa.<br>b) Explica&ccedil;&atilde;o.<br>c) Consequ&ecirc;ncia.<br>d) Alternativa.<br>e) Finalidade.<\/p><details class=\"wp-block-details is-layout-flow wp-block-details-is-layout-flow\"><summary>Resposta:<\/summary>\n<p>A rela&ccedil;&atilde;o entre as ora&ccedil;&otilde;es coordenadas apresentadas &eacute; de <strong>altern&acirc;ncia<\/strong>, pois Luciana d&aacute; duas possibilidades para Virg&iacute;nia. A conjun&ccedil;&atilde;o <strong>&ldquo;ou&rdquo;<\/strong> indica essa rela&ccedil;&atilde;o de escolha entre duas op&ccedil;&otilde;es excludentes, caracter&iacute;stica das <strong>ora&ccedil;&otilde;es coordenadas alternativas<\/strong>.<\/p>\n\n\n\n<p>Vamos analisar outras rela&ccedil;&otilde;es abordadas nas demais alternativas:<\/p>\n\n\n\n<ul class=\"wp-block-list\">\n<li><strong>Causa<\/strong>: est&aacute; incorreta, pois conectivos de causa s&atilde;o &ldquo;pois&rdquo;, &ldquo;visto que&rdquo;, &ldquo;j&aacute; que&rdquo;, &ldquo;porque&rdquo;, &ldquo;uma vez que&rdquo; e &ldquo;dado que&rdquo;.&nbsp;<\/li>\n\n\n\n<li><strong>Explica&ccedil;&atilde;o<\/strong>: conectivos comuns para explica&ccedil;&atilde;o s&atilde;o &ldquo;de tal forma que&rdquo;, &ldquo;em virtude de&rdquo;, &ldquo;j&aacute; que&rdquo; e &ldquo;pois&rdquo;.<\/li>\n\n\n\n<li><strong>Consequ&ecirc;ncia: <\/strong>se a segunda ora&ccedil;&atilde;o fosse um efeito da primeira, deveria ter &ldquo;por consequ&ecirc;ncia&rdquo;, &ldquo;por conseguinte&rdquo; ou &ldquo;por isso&rdquo;.<\/li>\n\n\n\n<li><strong>Finalidade:<\/strong> se expressasse um objetivo, alguns conectivos poss&iacute;veis seriam:&nbsp; &ldquo;a fim de&rdquo; e &ldquo;com a finalidade de&rdquo;.&nbsp;<\/li>\n<\/ul>\n\n\n\n<p>Portanto, o gabarito &eacute; a alternativa <strong>D<\/strong>.<\/p>\n<\/details><h2 class=\"wp-block-heading\" id=\"h-quer-ser-aprovado-no-vestibular\"><span class=\"ez-toc-section\" id=\"Quer-ser-aprovado-no-vestibular\"><\/span>Quer ser aprovado no vestibular?<span class=\"ez-toc-section-end\"><\/span><\/h2><p>O Estrat&eacute;gia Vestibulares oferece uma plataforma completa que te prepara de forma personalizada e eficiente para o vestibular.<\/p><p>Estude no seu ritmo, no formato que preferir (videoaulas, resumos, simulados e quest&otilde;es in&eacute;ditas) e de onde estiver. Clique no banner e prepare-se com o Estrat&eacute;gia Vestibulares!<\/p><p>\n\n\n\n<a id=\"cta\" class=\"cta-imagem\" href=\"https:\/\/vestibulares.estrategia.com\/cursos\/\" target=\"blank\">\n                <img decoding=\"async\" width=\"100%\" src=\"https:\/\/vestibulares.estrategia.com\/portal\/wp-content\/uploads\/2021\/12\/EV2.jpg\" alt=\"CTA - Estrat\u00e9gia Vestibulares 2\" title=\"CTA - Estrat\u00e9gia Vestibulares 2\">\n        <\/a>\n\n\n<\/p><\/p>\n","protected":false},"excerpt":{"rendered":"As rela\u00e7\u00f5es de coordena\u00e7\u00e3o unem ora\u00e7\u00f5es independentes sint\u00e1tica e semanticamente em um per\u00edodo composto, usando conjun\u00e7\u00f5es coordenativas ou apenas pontua\u00e7\u00e3o\n","protected":false},"author":63,"featured_media":135783,"comment_status":"closed","ping_status":"closed","sticky":false,"template":"","format":"standard","meta":{"wl_entities_gutenberg":"","footnotes":""},"categories":[27],"tags":[],"wl_entity_type":[732],"class_list":{"0":"post-135775","1":"post","2":"type-post","3":"status-publish","4":"format-standard","5":"has-post-thumbnail","7":"category-portugues","8":"wl_entity_type-article"},"acf":[],"yoast_head":"<!-- This site is optimized with the Yoast SEO Premium plugin v25.9 (Yoast SEO v25.9) - https:\/\/yoast.com\/wordpress\/plugins\/seo\/ -->\n<title>Rela\u00e7\u00f5es de coordena\u00e7\u00e3o: tipos e aplica\u00e7\u00f5es<\/title>\n<meta name=\"description\" content=\"Entenda as rela\u00e7\u00f5es de coordena\u00e7\u00e3o: tipos, exemplos e como caem no vestibular. Guia completo do Estrat\u00e9gia Vestibulares!\" \/>\n<meta name=\"robots\" content=\"index, follow, max-snippet:-1, max-image-preview:large, max-video-preview:-1\" \/>\n<link rel=\"canonical\" href=\"https:\/\/vestibulares.estrategia.com\/portal\/materias\/portugues\/relacoes-coordenacao-tipos-aplicacoes\/\" \/>\n<meta property=\"og:locale\" content=\"pt_BR\" \/>\n<meta property=\"og:type\" content=\"article\" \/>\n<meta property=\"og:title\" content=\"Rela\u00e7\u00f5es de coordena\u00e7\u00e3o: tipos e aplica\u00e7\u00f5es\" \/>\n<meta property=\"og:description\" content=\"Entenda as rela\u00e7\u00f5es de coordena\u00e7\u00e3o: tipos, exemplos e como caem no vestibular. Guia completo do Estrat\u00e9gia Vestibulares!\" \/>\n<meta property=\"og:url\" content=\"https:\/\/vestibulares.estrategia.com\/portal\/materias\/portugues\/relacoes-coordenacao-tipos-aplicacoes\/\" \/>\n<meta property=\"og:site_name\" content=\"Estrat\u00e9gia Vestibulares\" \/>\n<meta property=\"article:publisher\" content=\"https:\/\/facebook.com\/estrategiavestibulares\" \/>\n<meta property=\"article:published_time\" content=\"2025-02-28T15:23:52+00:00\" \/>\n<meta property=\"article:modified_time\" content=\"2025-02-28T15:30:52+00:00\" \/>\n<meta property=\"og:image\" content=\"https:\/\/vestibulares.estrategia.com\/portal\/wp-content\/uploads\/2025\/02\/relacoes-coordenacao-tipos-aplicacoes-1.jpg\" \/>\n\t<meta property=\"og:image:width\" content=\"1200\" \/>\n\t<meta property=\"og:image:height\" content=\"797\" \/>\n\t<meta property=\"og:image:type\" content=\"image\/jpeg\" \/>\n<meta name=\"author\" content=\"Raiane Santos\" \/>\n<meta name=\"twitter:card\" content=\"summary_large_image\" \/>\n<meta name=\"twitter:creator\" content=\"@Estrategiavest\" \/>\n<meta name=\"twitter:site\" content=\"@Estrategiavest\" \/>\n<meta name=\"twitter:label1\" content=\"Escrito por\" \/>\n\t<meta name=\"twitter:data1\" content=\"Raiane Santos\" \/>\n\t<meta name=\"twitter:label2\" content=\"Est. tempo de leitura\" \/>\n\t<meta name=\"twitter:data2\" content=\"7 minutos\" \/>\n<script type=\"application\/ld+json\" class=\"yoast-schema-graph\">{\"@context\":\"https:\/\/schema.org\",\"@graph\":[{\"@type\":\"Article\",\"@id\":\"https:\/\/vestibulares.estrategia.com\/portal\/materias\/portugues\/relacoes-coordenacao-tipos-aplicacoes\/#article\",\"isPartOf\":{\"@id\":\"https:\/\/vestibulares.estrategia.com\/portal\/materias\/portugues\/relacoes-coordenacao-tipos-aplicacoes\/\"},\"author\":{\"name\":\"Raiane Santos\",\"@id\":\"https:\/\/vestibulares.estrategia.com\/portal\/#\/schema\/person\/d885d501a702eef6926546db27b814a5\"},\"headline\":\"Rela\u00e7\u00f5es de coordena\u00e7\u00e3o: tipos e aplica\u00e7\u00f5es\",\"datePublished\":\"2025-02-28T15:23:52+00:00\",\"dateModified\":\"2025-02-28T15:30:52+00:00\",\"mainEntityOfPage\":{\"@id\":\"https:\/\/vestibulares.estrategia.com\/portal\/materias\/portugues\/relacoes-coordenacao-tipos-aplicacoes\/\"},\"wordCount\":1436,\"publisher\":{\"@id\":\"https:\/\/vestibulares.estrategia.com\/portal\/#organization\"},\"image\":{\"@id\":\"https:\/\/vestibulares.estrategia.com\/portal\/materias\/portugues\/relacoes-coordenacao-tipos-aplicacoes\/#primaryimage\"},\"thumbnailUrl\":\"https:\/\/vestibulares.estrategia.com\/portal\/wp-content\/uploads\/2025\/02\/relacoes-coordenacao-tipos-aplicacoes-1.jpg\",\"articleSection\":[\"Portugu\u00eas\"],\"inLanguage\":\"pt-BR\"},{\"@type\":\"WebPage\",\"@id\":\"https:\/\/vestibulares.estrategia.com\/portal\/materias\/portugues\/relacoes-coordenacao-tipos-aplicacoes\/\",\"url\":\"https:\/\/vestibulares.estrategia.com\/portal\/materias\/portugues\/relacoes-coordenacao-tipos-aplicacoes\/\",\"name\":\"Rela\u00e7\u00f5es de coordena\u00e7\u00e3o: tipos e aplica\u00e7\u00f5es\",\"isPartOf\":{\"@id\":\"https:\/\/vestibulares.estrategia.com\/portal\/#website\"},\"primaryImageOfPage\":{\"@id\":\"https:\/\/vestibulares.estrategia.com\/portal\/materias\/portugues\/relacoes-coordenacao-tipos-aplicacoes\/#primaryimage\"},\"image\":{\"@id\":\"https:\/\/vestibulares.estrategia.com\/portal\/materias\/portugues\/relacoes-coordenacao-tipos-aplicacoes\/#primaryimage\"},\"thumbnailUrl\":\"https:\/\/vestibulares.estrategia.com\/portal\/wp-content\/uploads\/2025\/02\/relacoes-coordenacao-tipos-aplicacoes-1.jpg\",\"datePublished\":\"2025-02-28T15:23:52+00:00\",\"dateModified\":\"2025-02-28T15:30:52+00:00\",\"description\":\"Entenda as rela\u00e7\u00f5es de coordena\u00e7\u00e3o: tipos, exemplos e como caem no vestibular. Guia completo do Estrat\u00e9gia Vestibulares!\",\"breadcrumb\":{\"@id\":\"https:\/\/vestibulares.estrategia.com\/portal\/materias\/portugues\/relacoes-coordenacao-tipos-aplicacoes\/#breadcrumb\"},\"inLanguage\":\"pt-BR\",\"potentialAction\":[{\"@type\":\"ReadAction\",\"target\":[\"https:\/\/vestibulares.estrategia.com\/portal\/materias\/portugues\/relacoes-coordenacao-tipos-aplicacoes\/\"]}]},{\"@type\":\"ImageObject\",\"inLanguage\":\"pt-BR\",\"@id\":\"https:\/\/vestibulares.estrategia.com\/portal\/materias\/portugues\/relacoes-coordenacao-tipos-aplicacoes\/#primaryimage\",\"url\":\"https:\/\/vestibulares.estrategia.com\/portal\/wp-content\/uploads\/2025\/02\/relacoes-coordenacao-tipos-aplicacoes-1.jpg\",\"contentUrl\":\"https:\/\/vestibulares.estrategia.com\/portal\/wp-content\/uploads\/2025\/02\/relacoes-coordenacao-tipos-aplicacoes-1.jpg\",\"width\":1200,\"height\":797,\"caption\":\"relacoes-coordenacao-tipos-aplicacoes\"},{\"@type\":\"BreadcrumbList\",\"@id\":\"https:\/\/vestibulares.estrategia.com\/portal\/materias\/portugues\/relacoes-coordenacao-tipos-aplicacoes\/#breadcrumb\",\"itemListElement\":[{\"@type\":\"ListItem\",\"position\":1,\"name\":\"Home\",\"item\":\"https:\/\/vestibulares.estrategia.com\/portal\/\"},{\"@type\":\"ListItem\",\"position\":2,\"name\":\"Mat\u00e9rias\",\"item\":\"https:\/\/vestibulares.estrategia.com\/portal\/materias\/\"},{\"@type\":\"ListItem\",\"position\":3,\"name\":\"Portugu\u00eas\",\"item\":\"https:\/\/vestibulares.estrategia.com\/portal\/materias\/portugues\/\"},{\"@type\":\"ListItem\",\"position\":4,\"name\":\"Rela\u00e7\u00f5es de coordena\u00e7\u00e3o: tipos e aplica\u00e7\u00f5es\"}]},{\"@type\":\"WebSite\",\"@id\":\"https:\/\/vestibulares.estrategia.com\/portal\/#website\",\"url\":\"https:\/\/vestibulares.estrategia.com\/portal\/\",\"name\":\"Estrat\u00e9gia Vestibulares\",\"description\":\"\",\"publisher\":{\"@id\":\"https:\/\/vestibulares.estrategia.com\/portal\/#organization\"},\"potentialAction\":[{\"@type\":\"SearchAction\",\"target\":{\"@type\":\"EntryPoint\",\"urlTemplate\":\"https:\/\/vestibulares.estrategia.com\/portal\/?s={search_term_string}\"},\"query-input\":{\"@type\":\"PropertyValueSpecification\",\"valueRequired\":true,\"valueName\":\"search_term_string\"}}],\"inLanguage\":\"pt-BR\"},{\"@type\":\"Organization\",\"@id\":\"https:\/\/vestibulares.estrategia.com\/portal\/#organization\",\"name\":\"Estrat\u00e9gia Vestibulares\",\"url\":\"https:\/\/vestibulares.estrategia.com\/portal\/\",\"logo\":{\"@type\":\"ImageObject\",\"inLanguage\":\"pt-BR\",\"@id\":\"https:\/\/vestibulares.estrategia.com\/portal\/#\/schema\/logo\/image\/\",\"url\":\"https:\/\/vestibulares.estrategia.com\/portal\/wp-content\/uploads\/2021\/06\/Logo-Vestibulares@4x.png\",\"contentUrl\":\"https:\/\/vestibulares.estrategia.com\/portal\/wp-content\/uploads\/2021\/06\/Logo-Vestibulares@4x.png\",\"width\":250,\"height\":66,\"caption\":\"Estrat\u00e9gia Vestibulares\"},\"image\":{\"@id\":\"https:\/\/vestibulares.estrategia.com\/portal\/#\/schema\/logo\/image\/\"},\"sameAs\":[\"https:\/\/facebook.com\/estrategiavestibulares\",\"https:\/\/x.com\/Estrategiavest\",\"https:\/\/www.instagram.com\/estrategiavestibulares\",\"https:\/\/www.youtube.com\/channel\/UCGWdZy8ULI-7_5GrABa4vNA\"]},{\"@type\":\"Person\",\"@id\":\"https:\/\/vestibulares.estrategia.com\/portal\/#\/schema\/person\/d885d501a702eef6926546db27b814a5\",\"name\":\"Raiane Santos\",\"image\":{\"@type\":\"ImageObject\",\"inLanguage\":\"pt-BR\",\"@id\":\"https:\/\/vestibulares.estrategia.com\/portal\/#\/schema\/person\/image\/\",\"url\":\"https:\/\/secure.gravatar.com\/avatar\/276384e035cf0332036d67aa8c4fa4d3?s=96&d=mm&r=g\",\"contentUrl\":\"https:\/\/secure.gravatar.com\/avatar\/276384e035cf0332036d67aa8c4fa4d3?s=96&d=mm&r=g\",\"caption\":\"Raiane Santos\"},\"description\":\"Acad\u00eamica de Medicina da Universidade de Pernambuco\",\"url\":\"https:\/\/vestibulares.estrategia.com\/portal\/author\/raiane-santos\/\"}]}<\/script>\n<!-- \/ Yoast SEO Premium plugin. -->","yoast_head_json":{"title":"Rela\u00e7\u00f5es de coordena\u00e7\u00e3o: tipos e aplica\u00e7\u00f5es","description":"Entenda as rela\u00e7\u00f5es de coordena\u00e7\u00e3o: tipos, exemplos e como caem no vestibular. Guia completo do Estrat\u00e9gia Vestibulares!","robots":{"index":"index","follow":"follow","max-snippet":"max-snippet:-1","max-image-preview":"max-image-preview:large","max-video-preview":"max-video-preview:-1"},"canonical":"https:\/\/vestibulares.estrategia.com\/portal\/materias\/portugues\/relacoes-coordenacao-tipos-aplicacoes\/","og_locale":"pt_BR","og_type":"article","og_title":"Rela\u00e7\u00f5es de coordena\u00e7\u00e3o: tipos e aplica\u00e7\u00f5es","og_description":"Entenda as rela\u00e7\u00f5es de coordena\u00e7\u00e3o: tipos, exemplos e como caem no vestibular. Guia completo do Estrat\u00e9gia Vestibulares!","og_url":"https:\/\/vestibulares.estrategia.com\/portal\/materias\/portugues\/relacoes-coordenacao-tipos-aplicacoes\/","og_site_name":"Estrat\u00e9gia Vestibulares","article_publisher":"https:\/\/facebook.com\/estrategiavestibulares","article_published_time":"2025-02-28T15:23:52+00:00","article_modified_time":"2025-02-28T15:30:52+00:00","og_image":[{"width":1200,"height":797,"url":"https:\/\/vestibulares.estrategia.com\/portal\/wp-content\/uploads\/2025\/02\/relacoes-coordenacao-tipos-aplicacoes-1.jpg","type":"image\/jpeg"}],"author":"Raiane Santos","twitter_card":"summary_large_image","twitter_creator":"@Estrategiavest","twitter_site":"@Estrategiavest","twitter_misc":{"Escrito por":"Raiane Santos","Est. tempo de leitura":"7 minutos"},"schema":{"@context":"https:\/\/schema.org","@graph":[{"@type":"Article","@id":"https:\/\/vestibulares.estrategia.com\/portal\/materias\/portugues\/relacoes-coordenacao-tipos-aplicacoes\/#article","isPartOf":{"@id":"https:\/\/vestibulares.estrategia.com\/portal\/materias\/portugues\/relacoes-coordenacao-tipos-aplicacoes\/"},"author":{"name":"Raiane Santos","@id":"https:\/\/vestibulares.estrategia.com\/portal\/#\/schema\/person\/d885d501a702eef6926546db27b814a5"},"headline":"Rela\u00e7\u00f5es de coordena\u00e7\u00e3o: tipos e aplica\u00e7\u00f5es","datePublished":"2025-02-28T15:23:52+00:00","dateModified":"2025-02-28T15:30:52+00:00","mainEntityOfPage":{"@id":"https:\/\/vestibulares.estrategia.com\/portal\/materias\/portugues\/relacoes-coordenacao-tipos-aplicacoes\/"},"wordCount":1436,"publisher":{"@id":"https:\/\/vestibulares.estrategia.com\/portal\/#organization"},"image":{"@id":"https:\/\/vestibulares.estrategia.com\/portal\/materias\/portugues\/relacoes-coordenacao-tipos-aplicacoes\/#primaryimage"},"thumbnailUrl":"https:\/\/vestibulares.estrategia.com\/portal\/wp-content\/uploads\/2025\/02\/relacoes-coordenacao-tipos-aplicacoes-1.jpg","articleSection":["Portugu\u00eas"],"inLanguage":"pt-BR"},{"@type":"WebPage","@id":"https:\/\/vestibulares.estrategia.com\/portal\/materias\/portugues\/relacoes-coordenacao-tipos-aplicacoes\/","url":"https:\/\/vestibulares.estrategia.com\/portal\/materias\/portugues\/relacoes-coordenacao-tipos-aplicacoes\/","name":"Rela\u00e7\u00f5es de coordena\u00e7\u00e3o: tipos e aplica\u00e7\u00f5es","isPartOf":{"@id":"https:\/\/vestibulares.estrategia.com\/portal\/#website"},"primaryImageOfPage":{"@id":"https:\/\/vestibulares.estrategia.com\/portal\/materias\/portugues\/relacoes-coordenacao-tipos-aplicacoes\/#primaryimage"},"image":{"@id":"https:\/\/vestibulares.estrategia.com\/portal\/materias\/portugues\/relacoes-coordenacao-tipos-aplicacoes\/#primaryimage"},"thumbnailUrl":"https:\/\/vestibulares.estrategia.com\/portal\/wp-content\/uploads\/2025\/02\/relacoes-coordenacao-tipos-aplicacoes-1.jpg","datePublished":"2025-02-28T15:23:52+00:00","dateModified":"2025-02-28T15:30:52+00:00","description":"Entenda as rela\u00e7\u00f5es de coordena\u00e7\u00e3o: tipos, exemplos e como caem no vestibular. Guia completo do Estrat\u00e9gia Vestibulares!","breadcrumb":{"@id":"https:\/\/vestibulares.estrategia.com\/portal\/materias\/portugues\/relacoes-coordenacao-tipos-aplicacoes\/#breadcrumb"},"inLanguage":"pt-BR","potentialAction":[{"@type":"ReadAction","target":["https:\/\/vestibulares.estrategia.com\/portal\/materias\/portugues\/relacoes-coordenacao-tipos-aplicacoes\/"]}]},{"@type":"ImageObject","inLanguage":"pt-BR","@id":"https:\/\/vestibulares.estrategia.com\/portal\/materias\/portugues\/relacoes-coordenacao-tipos-aplicacoes\/#primaryimage","url":"https:\/\/vestibulares.estrategia.com\/portal\/wp-content\/uploads\/2025\/02\/relacoes-coordenacao-tipos-aplicacoes-1.jpg","contentUrl":"https:\/\/vestibulares.estrategia.com\/portal\/wp-content\/uploads\/2025\/02\/relacoes-coordenacao-tipos-aplicacoes-1.jpg","width":1200,"height":797,"caption":"relacoes-coordenacao-tipos-aplicacoes"},{"@type":"BreadcrumbList","@id":"https:\/\/vestibulares.estrategia.com\/portal\/materias\/portugues\/relacoes-coordenacao-tipos-aplicacoes\/#breadcrumb","itemListElement":[{"@type":"ListItem","position":1,"name":"Home","item":"https:\/\/vestibulares.estrategia.com\/portal\/"},{"@type":"ListItem","position":2,"name":"Mat\u00e9rias","item":"https:\/\/vestibulares.estrategia.com\/portal\/materias\/"},{"@type":"ListItem","position":3,"name":"Portugu\u00eas","item":"https:\/\/vestibulares.estrategia.com\/portal\/materias\/portugues\/"},{"@type":"ListItem","position":4,"name":"Rela\u00e7\u00f5es de coordena\u00e7\u00e3o: tipos e aplica\u00e7\u00f5es"}]},{"@type":"WebSite","@id":"https:\/\/vestibulares.estrategia.com\/portal\/#website","url":"https:\/\/vestibulares.estrategia.com\/portal\/","name":"Estrat\u00e9gia Vestibulares","description":"","publisher":{"@id":"https:\/\/vestibulares.estrategia.com\/portal\/#organization"},"potentialAction":[{"@type":"SearchAction","target":{"@type":"EntryPoint","urlTemplate":"https:\/\/vestibulares.estrategia.com\/portal\/?s={search_term_string}"},"query-input":{"@type":"PropertyValueSpecification","valueRequired":true,"valueName":"search_term_string"}}],"inLanguage":"pt-BR"},{"@type":"Organization","@id":"https:\/\/vestibulares.estrategia.com\/portal\/#organization","name":"Estrat\u00e9gia Vestibulares","url":"https:\/\/vestibulares.estrategia.com\/portal\/","logo":{"@type":"ImageObject","inLanguage":"pt-BR","@id":"https:\/\/vestibulares.estrategia.com\/portal\/#\/schema\/logo\/image\/","url":"https:\/\/vestibulares.estrategia.com\/portal\/wp-content\/uploads\/2021\/06\/Logo-Vestibulares@4x.png","contentUrl":"https:\/\/vestibulares.estrategia.com\/portal\/wp-content\/uploads\/2021\/06\/Logo-Vestibulares@4x.png","width":250,"height":66,"caption":"Estrat\u00e9gia Vestibulares"},"image":{"@id":"https:\/\/vestibulares.estrategia.com\/portal\/#\/schema\/logo\/image\/"},"sameAs":["https:\/\/facebook.com\/estrategiavestibulares","https:\/\/x.com\/Estrategiavest","https:\/\/www.instagram.com\/estrategiavestibulares","https:\/\/www.youtube.com\/channel\/UCGWdZy8ULI-7_5GrABa4vNA"]},{"@type":"Person","@id":"https:\/\/vestibulares.estrategia.com\/portal\/#\/schema\/person\/d885d501a702eef6926546db27b814a5","name":"Raiane Santos","image":{"@type":"ImageObject","inLanguage":"pt-BR","@id":"https:\/\/vestibulares.estrategia.com\/portal\/#\/schema\/person\/image\/","url":"https:\/\/secure.gravatar.com\/avatar\/276384e035cf0332036d67aa8c4fa4d3?s=96&d=mm&r=g","contentUrl":"https:\/\/secure.gravatar.com\/avatar\/276384e035cf0332036d67aa8c4fa4d3?s=96&d=mm&r=g","caption":"Raiane Santos"},"description":"Acad\u00eamica de Medicina da Universidade de Pernambuco","url":"https:\/\/vestibulares.estrategia.com\/portal\/author\/raiane-santos\/"}]}},"_wl_alt_label":[],"wl:entity_url":"https:\/\/data.wordlift.io\/wl110249\/post\/-135775","_links":{"self":[{"href":"https:\/\/vestibulares.estrategia.com\/portal\/wp-json\/wp\/v2\/posts\/135775","targetHints":{"allow":["GET"]}}],"collection":[{"href":"https:\/\/vestibulares.estrategia.com\/portal\/wp-json\/wp\/v2\/posts"}],"about":[{"href":"https:\/\/vestibulares.estrategia.com\/portal\/wp-json\/wp\/v2\/types\/post"}],"author":[{"embeddable":true,"href":"https:\/\/vestibulares.estrategia.com\/portal\/wp-json\/wp\/v2\/users\/63"}],"replies":[{"embeddable":true,"href":"https:\/\/vestibulares.estrategia.com\/portal\/wp-json\/wp\/v2\/comments?post=135775"}],"version-history":[{"count":3,"href":"https:\/\/vestibulares.estrategia.com\/portal\/wp-json\/wp\/v2\/posts\/135775\/revisions"}],"predecessor-version":[{"id":135786,"href":"https:\/\/vestibulares.estrategia.com\/portal\/wp-json\/wp\/v2\/posts\/135775\/revisions\/135786"}],"wp:featuredmedia":[{"embeddable":true,"href":"https:\/\/vestibulares.estrategia.com\/portal\/wp-json\/wp\/v2\/media\/135783"}],"wp:attachment":[{"href":"https:\/\/vestibulares.estrategia.com\/portal\/wp-json\/wp\/v2\/media?parent=135775"}],"wp:term":[{"taxonomy":"category","embeddable":true,"href":"https:\/\/vestibulares.estrategia.com\/portal\/wp-json\/wp\/v2\/categories?post=135775"},{"taxonomy":"post_tag","embeddable":true,"href":"https:\/\/vestibulares.estrategia.com\/portal\/wp-json\/wp\/v2\/tags?post=135775"},{"taxonomy":"wl_entity_type","embeddable":true,"href":"https:\/\/vestibulares.estrategia.com\/portal\/wp-json\/wp\/v2\/wl_entity_type?post=135775"}],"curies":[{"name":"wp","href":"https:\/\/api.w.org\/{rel}","templated":true}]}}