{"id":136015,"date":"2025-03-11T20:59:46","date_gmt":"2025-03-11T23:59:46","guid":{"rendered":"https:\/\/vestibulares.estrategia.com\/portal\/?p=136015"},"modified":"2025-03-12T16:46:58","modified_gmt":"2025-03-12T19:46:58","slug":"governo-itamar-franco-contexto-impactos-e-legado","status":"publish","type":"post","link":"https:\/\/vestibulares.estrategia.com\/portal\/materias\/historia\/governo-itamar-franco-contexto-impactos-e-legado\/","title":{"rendered":"Governo Itamar Franco: contexto, impactos e legado"},"content":{"rendered":"<p>Assumindo a presid&ecirc;ncia ap&oacute;s o impeachment de Fernando Collor, Itamar Franco teve a dif&iacute;cil miss&atilde;o de restaurar a confian&ccedil;a na pol&iacute;tica e na economia do pa&iacute;s. Nesse sentido, o governo de Itamar Franco foi um per&iacute;odo de transi&ccedil;&atilde;o fundamental para a estabiliza&ccedil;&atilde;o econ&ocirc;mica e pol&iacute;tica do Brasil, sendo importante estud&aacute;-lo para compreender a hist&oacute;ria do pa&iacute;s. Vamos l&aacute;?<p>\n\n\n\n<div class=\"cta-medio\" style=\"background-image: url(https:\/\/vestibulares.estrategia.com\/portal\/wp-content\/uploads\/2024\/08\/curso-enem-1-estrategia-vestibulares-ctamedio.jpg);\"><h3>Pacote Enem TOP <\/h3> <p>Estude com o Estrat\u00e9gia Vestibulares<\/p><div class=\"cta-botao\"><a id=\"cta-medio\" href=\"https:\/\/vestibulares.estrategia.com\/curso\/enem-top\/\" target=\"_blank\" style=\"background:rgb(255,150,0)\">Saiba mais<\/a><\/div><\/div>\n\n\n\n<\/p><div id=\"ez-toc-container\" class=\"ez-toc-v2_0_76 counter-hierarchy ez-toc-counter ez-toc-transparent ez-toc-container-direction\">\n<div class=\"ez-toc-title-container\"><p class=\"ez-toc-title\" style=\"cursor:inherit\">Navegue pelo conte\u00fado<\/p>\n<\/div><nav><ul class='ez-toc-list ez-toc-list-level-1 ' ><li class='ez-toc-page-1 ez-toc-heading-level-2'><a class=\"ez-toc-link ez-toc-heading-1\" href=\"https:\/\/vestibulares.estrategia.com\/portal\/materias\/historia\/governo-itamar-franco-contexto-impactos-e-legado\/#Contexto-da-posse-de-Itamar-Franco\" >Contexto da posse de Itamar Franco<\/a><\/li><li class='ez-toc-page-1 ez-toc-heading-level-2'><a class=\"ez-toc-link ez-toc-heading-2\" href=\"https:\/\/vestibulares.estrategia.com\/portal\/materias\/historia\/governo-itamar-franco-contexto-impactos-e-legado\/#O-Plano-Real-e-a-estabilizacao-economica\" >O Plano Real e a estabiliza&ccedil;&atilde;o econ&ocirc;mica<\/a><\/li><li class='ez-toc-page-1 ez-toc-heading-level-2'><a class=\"ez-toc-link ez-toc-heading-3\" href=\"https:\/\/vestibulares.estrategia.com\/portal\/materias\/historia\/governo-itamar-franco-contexto-impactos-e-legado\/#Politicas-sociais-e-educacionais\" >Pol&iacute;ticas sociais e educacionais<\/a><\/li><li class='ez-toc-page-1 ez-toc-heading-level-2'><a class=\"ez-toc-link ez-toc-heading-4\" href=\"https:\/\/vestibulares.estrategia.com\/portal\/materias\/historia\/governo-itamar-franco-contexto-impactos-e-legado\/#Politica-industrial-e-privatizacoes\" >Pol&iacute;tica industrial e privatiza&ccedil;&otilde;es<\/a><\/li><li class='ez-toc-page-1 ez-toc-heading-level-2'><a class=\"ez-toc-link ez-toc-heading-5\" href=\"https:\/\/vestibulares.estrategia.com\/portal\/materias\/historia\/governo-itamar-franco-contexto-impactos-e-legado\/#Politica-externa-e-o-fortalecimento-do-Mercosul\" >Pol&iacute;tica externa e o fortalecimento do Mercosul<\/a><\/li><li class='ez-toc-page-1 ez-toc-heading-level-2'><a class=\"ez-toc-link ez-toc-heading-6\" href=\"https:\/\/vestibulares.estrategia.com\/portal\/materias\/historia\/governo-itamar-franco-contexto-impactos-e-legado\/#A-ascensao-de-Fernando-Henrique-Cardoso\" >A ascens&atilde;o de Fernando Henrique Cardoso<\/a><\/li><li class='ez-toc-page-1 ez-toc-heading-level-2'><a class=\"ez-toc-link ez-toc-heading-7\" href=\"https:\/\/vestibulares.estrategia.com\/portal\/materias\/historia\/governo-itamar-franco-contexto-impactos-e-legado\/#Reformas-institucionais-e-administrativas\" >Reformas institucionais e administrativas<\/a><\/li><li class='ez-toc-page-1 ez-toc-heading-level-2'><a class=\"ez-toc-link ez-toc-heading-8\" href=\"https:\/\/vestibulares.estrategia.com\/portal\/materias\/historia\/governo-itamar-franco-contexto-impactos-e-legado\/#Principais-legados-do-governo-Itamar-Franco\" >Principais legados do governo Itamar Franco<\/a><\/li><li class='ez-toc-page-1 ez-toc-heading-level-2'><a class=\"ez-toc-link ez-toc-heading-9\" href=\"https:\/\/vestibulares.estrategia.com\/portal\/materias\/historia\/governo-itamar-franco-contexto-impactos-e-legado\/#Questoes-sobre-o-governo-Itamar-Franco\" >Quest&otilde;es sobre o governo Itamar Franco<\/a><\/li><li class='ez-toc-page-1 ez-toc-heading-level-2'><a class=\"ez-toc-link ez-toc-heading-10\" href=\"https:\/\/vestibulares.estrategia.com\/portal\/materias\/historia\/governo-itamar-franco-contexto-impactos-e-legado\/#Seja-aluno-da-Coruja\" >Seja aluno da Coruja!<\/a><\/li><\/ul><\/nav><\/div>\n<h2 class=\"wp-block-heading\" id=\"h-contexto-da-posse-de-itamar-franco\"><span class=\"ez-toc-section\" id=\"Contexto-da-posse-de-Itamar-Franco\"><\/span>Contexto da posse de Itamar Franco<span class=\"ez-toc-section-end\"><\/span><\/h2><p>O governo Itamar Franco teve in&iacute;cio em 1992 e terminou em 1994. A ascens&atilde;o de Itamar ao cargo de presidente ocorreu porque ele era vice de <a href=\"https:\/\/vestibulares.estrategia.com\/portal\/materias\/historia\/governo-collor-contexto-historico-posse-e-caracteristicas\/\" target=\"_blank\">Fernando Collor<\/a>, o qual sofreu processo de impeachment devido a den&uacute;ncias de corrup&ccedil;&atilde;o.&nbsp;<\/p><p>Nesse contexto, o pa&iacute;s enfrentava altas taxas de infla&ccedil;&atilde;o, desconfian&ccedil;a do mercado e insatisfa&ccedil;&atilde;o popular. Assim, a principal tarefa do novo presidente foi formar uma equipe competente para reorganizar a economia e restaurar a credibilidade do governo.<\/p><figure class=\"wp-block-image size-large is-resized\"><img decoding=\"async\" width=\"682\" height=\"1024\" src=\"https:\/\/vestibulares.estrategia.com\/portal\/wp-content\/uploads\/2025\/03\/itamar-franco-682x1024.jpg\" alt=\"itamar-franco\" class=\"wp-image-136018\" style=\"width:217px;height:auto\" srcset=\"https:\/\/vestibulares.estrategia.com\/portal\/wp-content\/uploads\/2025\/03\/itamar-franco-682x1024.jpg 682w, https:\/\/vestibulares.estrategia.com\/portal\/wp-content\/uploads\/2025\/03\/itamar-franco-768x1153.jpg 768w, https:\/\/vestibulares.estrategia.com\/portal\/wp-content\/uploads\/2025\/03\/itamar-franco-1023x1536.jpg 1023w, https:\/\/vestibulares.estrategia.com\/portal\/wp-content\/uploads\/2025\/03\/itamar-franco-800x1202.jpg 800w, https:\/\/vestibulares.estrategia.com\/portal\/wp-content\/uploads\/2025\/03\/itamar-franco.jpg 1048w\" sizes=\"(max-width: 682px) 100vw, 682px\" \/><figcaption class=\"wp-element-caption\">Foto: Biblioteca da Presid&ecirc;ncia da Rep&uacute;blica<\/figcaption><\/figure><h2 class=\"wp-block-heading\" id=\"h-o-plano-real-e-a-estabilizacao-economica\"><span class=\"ez-toc-section\" id=\"O-Plano-Real-e-a-estabilizacao-economica\"><\/span>O Plano Real e a estabiliza&ccedil;&atilde;o econ&ocirc;mica<span class=\"ez-toc-section-end\"><\/span><\/h2><p>Um dos principais objetivos do governo Itamar Franco era a recupera&ccedil;&atilde;o econ&ocirc;mica do pa&iacute;s, o que levou &agrave; contrata&ccedil;&atilde;o de Fernando Henrique Cardoso (FHC) e &agrave; implementa&ccedil;&atilde;o do Plano Real. FHC elaborou esse plano em tr&ecirc;s fases:<\/p><ul class=\"wp-block-list\">\n<li><strong>Ajuste fiscal<\/strong>: Estabiliza&ccedil;&atilde;o das contas p&uacute;blicas, com redu&ccedil;&atilde;o de gastos e aumento de arrecada&ccedil;&atilde;o;<\/li>\n\n\n\n<li><strong>Cria&ccedil;&atilde;o da Unidade Real de Valor (URV)<\/strong>: Uma moeda &ldquo;virtual&rdquo; atrelada ao d&oacute;lar para preparar a popula&ccedil;&atilde;o para a nova moeda; e<\/li>\n\n\n\n<li><strong>&Acirc;ncora cambial<\/strong>: Introdu&ccedil;&atilde;o ao Real em julho de 1994, substituindo o cruzeiro real.<\/li>\n<\/ul><p>O impacto do Plano Real foi imediato: a infla&ccedil;&atilde;o, que chegava a mais de 2.000% ao ano, reduziu drasticamente. Isso trouxe estabilidade econ&ocirc;mica, aumento do poder de compra e previsibilidade para investimentos.<\/p><h2 class=\"wp-block-heading\" id=\"h-politicas-sociais-e-educacionais\"><span class=\"ez-toc-section\" id=\"Politicas-sociais-e-educacionais\"><\/span>Pol&iacute;ticas sociais e educacionais<span class=\"ez-toc-section-end\"><\/span><\/h2><p>Al&eacute;m da pol&iacute;tica econ&ocirc;mica, o governo Itamar Franco buscou enfrentar a pobreza e melhorar a qualidade de vida da popula&ccedil;&atilde;o. Um dos programas mais marcantes foi o Plano de Combate &agrave; Fome e &agrave; Mis&eacute;ria, idealizado em parceria com o soci&oacute;logo Herbert de Souza (Betinho). Essa iniciativa foi um precursor dos programas de transfer&ecirc;ncia de renda que se desenvolveriam nos governos seguintes.<\/p><p>No setor educacional, Itamar Franco come&ccedil;ou a estruturar programas para aumentar a escolariza&ccedil;&atilde;o e melhorar a infraestrutura das escolas p&uacute;blicas. Embora seu governo tenha sido curto, essas a&ccedil;&otilde;es serviram de base para reformas mais amplas na educa&ccedil;&atilde;o nos anos seguintes.<\/p><h2 class=\"wp-block-heading\" id=\"h-politica-industrial-e-privatizacoes\"><span class=\"ez-toc-section\" id=\"Politica-industrial-e-privatizacoes\"><\/span>Pol&iacute;tica industrial e privatiza&ccedil;&otilde;es<span class=\"ez-toc-section-end\"><\/span><\/h2><p>O governo Itamar Franco manteve uma abordagem moderada em rela&ccedil;&atilde;o &agrave;s privatiza&ccedil;&otilde;es iniciadas na era Collor. Seu governo deu continuidade ao Programa Nacional de Desestatiza&ccedil;&atilde;o, mas sem a mesma intensidade vista posteriormente no governo FHC. A ideia era modernizar setores estrat&eacute;gicos da economia sem provocar um choque social.<\/p><p>Al&eacute;m disso, houve esfor&ccedil;os para incentivar o desenvolvimento industrial, com medidas para atrair investimentos estrangeiros e modernizar a produ&ccedil;&atilde;o nacional. No entanto, o foco principal do governo permaneceu na estabiliza&ccedil;&atilde;o econ&ocirc;mica.<\/p><h2 class=\"wp-block-heading\" id=\"h-politica-externa-e-o-fortalecimento-do-mercosul\"><span class=\"ez-toc-section\" id=\"Politica-externa-e-o-fortalecimento-do-Mercosul\"><\/span>Pol&iacute;tica externa e o fortalecimento do Mercosul<span class=\"ez-toc-section-end\"><\/span><\/h2><p>No campo da pol&iacute;tica externa, um dos maiores legados do governo Itamar Franco foi a consolida&ccedil;&atilde;o do Mercosul. Em 1994, foi assinado o Protocolo de Ouro Preto, que deu ao bloco uma estrutura institucional mais robusta, permitindo que ele se tornasse um dos principais mecanismos de integra&ccedil;&atilde;o da Am&eacute;rica do Sul.<\/p><p>Al&eacute;m disso, o Brasil manteve uma posi&ccedil;&atilde;o diplom&aacute;tica ativa, buscando fortalecer rela&ccedil;&otilde;es com parceiros comerciais e consolidar sua posi&ccedil;&atilde;o no cen&aacute;rio global como uma economia emergente.<\/p><h2 class=\"wp-block-heading\" id=\"h-a-ascensao-de-fernando-henrique-cardoso\"><span class=\"ez-toc-section\" id=\"A-ascensao-de-Fernando-Henrique-Cardoso\"><\/span>A ascens&atilde;o de Fernando Henrique Cardoso<span class=\"ez-toc-section-end\"><\/span><\/h2><p>O sucesso do Plano Real impulsionou a candidatura de Fernando Henrique Cardoso &agrave; presid&ecirc;ncia. Como ministro da Fazenda, ele foi o principal articulador do plano, o que lhe garantiu grande popularidade.&nbsp;<\/p><p>Nas elei&ccedil;&otilde;es de 1994, FHC elegeu-se no primeiro turno, principalmente devido &agrave; confian&ccedil;a gerada pela nova moeda e &agrave; expectativa de estabilidade econ&ocirc;mica.<\/p><h2 class=\"wp-block-heading\" id=\"h-reformas-institucionais-e-administrativas\"><span class=\"ez-toc-section\" id=\"Reformas-institucionais-e-administrativas\"><\/span>Reformas institucionais e administrativas<span class=\"ez-toc-section-end\"><\/span><\/h2><p>O governo Itamar Franco tamb&eacute;m promoveu reformas institucionais importantes, preparando o Estado para mudan&ccedil;as futuras. Reformas ministeriais foram realizadas para tornar a administra&ccedil;&atilde;o p&uacute;blica mais eficiente, e novas bases foram estabelecidas para reformas constitucionais que seriam implementadas no governo seguinte.<\/p><h2 class=\"wp-block-heading\" id=\"h-principais-legados-do-governo-itamar-franco\"><span class=\"ez-toc-section\" id=\"Principais-legados-do-governo-Itamar-Franco\"><\/span>Principais legados do governo Itamar Franco<span class=\"ez-toc-section-end\"><\/span><\/h2><p>O governo Itamar Franco foi um per&iacute;odo crucial para o Brasil. Ele foi respons&aacute;vel por restaurar a estabilidade pol&iacute;tica ap&oacute;s o impeachment de Collor e, principalmente, por criar condi&ccedil;&otilde;es para estabiliza&ccedil;&atilde;o econ&ocirc;mica com o Plano Real.&nbsp;<\/p><p>Al&eacute;m disso, sua atua&ccedil;&atilde;o em pol&iacute;ticas sociais, industriais e externas ajudou a preparar o pa&iacute;s para os desafios do futuro. O legado de Itamar influenciou na consolida&ccedil;&atilde;o da democracia brasileira e na trajet&oacute;ria de crescimento econ&ocirc;mico que se seguiu em anos posteriores.<\/p><p>Veja tamb&eacute;m:<br><a href=\"https:\/\/vestibulares.estrategia.com\/portal\/materias\/historia\/governo-sarney-contexto-historico-caracteristicas-e-importancia\/\">+Governo Sarney: contexto hist&oacute;rico, caracter&iacute;sticas e import&acirc;ncia<\/a><\/p><h2 class=\"wp-block-heading\" id=\"h-questoes-sobre-o-governo-itamar-franco\"><span class=\"ez-toc-section\" id=\"Questoes-sobre-o-governo-Itamar-Franco\"><\/span>Quest&otilde;es sobre o governo Itamar Franco<span class=\"ez-toc-section-end\"><\/span><\/h2><h3 class=\"wp-block-heading\" id=\"h-facasper-2019\">Facasper (2019)<\/h3><p>Itamar Franco foi o 33&ordm; presidente do Brasil, tendo governado o pa&iacute;s de 1992 a 1994, ocupando o posto de seu antecessor, Fernando Collor de Mello.<br><br>A respeito da sua chegada ao poder e do seu governo, &eacute; correto afirmar:<\/p><p><strong>A) <\/strong>venceu Luiz in&aacute;cio Lula da Silva no primeiro turno das elei&ccedil;&otilde;es disputadas em 1991, gra&ccedil;as o sucesso do Plano Real, implementado no governo de Fernando Collor de Mello.<\/p><p><strong>B) <\/strong>venceu Luiz In&aacute;cio Lula da Silva nas elei&ccedil;&otilde;es de 1991 e organizou um governo de coaliz&atilde;o nacional, do qual participaram todos os demais partidos pol&iacute;ticos brasileiros, inclusive o PT.<\/p><p><strong>C) <\/strong>foi eleito em 1991 devido ao sucesso do Plano Real implementado no governo do presidente Fernando Henrique Cardoso, do qual participou como ministro da Fazenda.<\/p><p><strong>D) <\/strong>assumiu a presid&ecirc;ncia ap&oacute;s o processo de impeachment do presidente Fernando Collor de Mello e, com seu ministro Fernando Henrique Cardoso, implementou o Plano Real.<\/p><p><strong>E) <\/strong>foi eleito em 1991, em elei&ccedil;&atilde;o indireta pelo col&eacute;gio eleitoral, e organizou um governo de reformas pol&iacute;ticas e econ&ocirc;micas que permitiram sua reelei&ccedil;&atilde;o em 1994.<\/p><details class=\"wp-block-details is-layout-flow wp-block-details-is-layout-flow\"><summary><strong>Gabarito<\/strong><\/summary>\n<p><strong>Alternativa D<\/strong><\/p>\n<\/details><h3 class=\"wp-block-heading\" id=\"h-mackenzie-2012\">Mackenzie (2012)<\/h3><p>A respeito do Plano Real, programa brasileiro com o objetivo de estabiliza&ccedil;&atilde;o econ&ocirc;mica, &eacute; correto afirmar que<\/p><p><strong>A) <\/strong>foi elaborado pelo ministro da Economia da &eacute;poca, D&iacute;lson Funaro, e apesar da resist&ecirc;ncia por parte dos partidos de oposi&ccedil;&atilde;o, foi implantado, com sucesso, no final do governo Jos&eacute; Sarney.<\/p><p><strong>B) <\/strong>o ministro Fernando Henrique Cardoso, durante o governo Itamar Franco, anunciou o programa que tinha como objetivo acabar com a infla&ccedil;&atilde;o e estabilizar a economia.<\/p><p><strong>C) <\/strong>o plano econ&ocirc;mico, idealizado pela equipe econ&ocirc;mica do governo Itamar Franco, n&atilde;o apresentou, inicialmente, resultados expressivos no combate &agrave; infla&ccedil;&atilde;o, o que gerou um desgaste pol&iacute;tico para o presidente Itamar.<\/p><p><strong>D) <\/strong>a desconfian&ccedil;a, por parte dos partidos de oposi&ccedil;&atilde;o, na efic&aacute;cia do Plano Real em efetivamente combater a infla&ccedil;&atilde;o n&atilde;o permitiu que o presidente Itamar pudesse se candidatar &agrave; reelei&ccedil;&atilde;o como presidente da Rep&uacute;blica.<\/p><p><strong>E)<\/strong> o presidente Fernando Henrique Cardoso, para tentar solucionar os problemas relacionados &agrave; inefic&aacute;cia do Plano Real instituiu, no inicio do seu governo em 1995, uma nova moeda, o real.<\/p><details class=\"wp-block-details is-layout-flow wp-block-details-is-layout-flow\"><summary><strong>Gabarito<\/strong><\/summary>\n<p><strong>Alternativa B<\/strong><\/p>\n<\/details><h2 class=\"wp-block-heading\" id=\"h-seja-aluno-da-coruja\"><span class=\"ez-toc-section\" id=\"Seja-aluno-da-Coruja\"><\/span>Seja aluno da Coruja!<span class=\"ez-toc-section-end\"><\/span><\/h2><p>Aprenda os conte&uacute;dos cobrados no Enem e vestibulares com o Estrat&eacute;gia Vestibulares. No EV, voc&ecirc; ter&aacute; acesso aos melhores materiais, como banco de quest&otilde;es exclusivo, livros digitais interativos (LDI) e de aulas did&aacute;ticas preparadas por profissionais qualificados. Fa&ccedil;a como nossos alunos aprovados nos vestibulares mais concorridos do pa&iacute;s, clique no banner abaixo e estude conosco!<\/p><p>\n\n\n\n<a id=\"cta\" class=\"cta-imagem\" href=\"https:\/\/vestibulares.estrategia.com\/cursos\/\" target=\"blank\">\n                <img decoding=\"async\" width=\"100%\" src=\"https:\/\/vestibulares.estrategia.com\/portal\/wp-content\/uploads\/2021\/12\/EV2.jpg\" alt=\"CTA - Estrat\u00e9gia Vestibulares 2\" title=\"CTA - Estrat\u00e9gia Vestibulares 2\">\n        <\/a>\n\n\n<\/p><\/p>\n","protected":false},"excerpt":{"rendered":"Aprenda as caracter\u00edsticas, o contexto hist\u00f3rico e os principais impactos do governo Itamar Franco, um per\u00edodo crucial na hist\u00f3ria do Brasil\n","protected":false},"author":58,"featured_media":136020,"comment_status":"closed","ping_status":"closed","sticky":false,"template":"","format":"standard","meta":{"wl_entities_gutenberg":"","footnotes":""},"categories":[32],"tags":[],"wl_entity_type":[732],"class_list":{"0":"post-136015","1":"post","2":"type-post","3":"status-publish","4":"format-standard","5":"has-post-thumbnail","7":"category-historia","8":"wl_entity_type-article"},"acf":[],"yoast_head":"<!-- This site is optimized with the Yoast SEO Premium plugin v25.9 (Yoast SEO v25.9) - https:\/\/yoast.com\/wordpress\/plugins\/seo\/ -->\n<title>Governo Itamar Franco: contexto, impactos e legado<\/title>\n<meta name=\"description\" content=\"Aprenda as caracter\u00edsticas, o contexto hist\u00f3rico e os principais impactos do governo Itamar Franco, um per\u00edodo crucial na hist\u00f3ria do Brasil.\" \/>\n<meta name=\"robots\" content=\"index, follow, max-snippet:-1, max-image-preview:large, max-video-preview:-1\" \/>\n<link rel=\"canonical\" href=\"https:\/\/vestibulares.estrategia.com\/portal\/materias\/historia\/governo-itamar-franco-contexto-impactos-e-legado\/\" \/>\n<meta property=\"og:locale\" content=\"pt_BR\" \/>\n<meta property=\"og:type\" content=\"article\" \/>\n<meta property=\"og:title\" content=\"Governo Itamar Franco: contexto, impactos e legado\" \/>\n<meta property=\"og:description\" content=\"Aprenda as caracter\u00edsticas, o contexto hist\u00f3rico e os principais impactos do governo Itamar Franco, um per\u00edodo crucial na hist\u00f3ria do Brasil.\" \/>\n<meta property=\"og:url\" content=\"https:\/\/vestibulares.estrategia.com\/portal\/materias\/historia\/governo-itamar-franco-contexto-impactos-e-legado\/\" \/>\n<meta property=\"og:site_name\" content=\"Estrat\u00e9gia Vestibulares\" \/>\n<meta property=\"article:publisher\" content=\"https:\/\/facebook.com\/estrategiavestibulares\" \/>\n<meta property=\"article:published_time\" content=\"2025-03-11T23:59:46+00:00\" \/>\n<meta property=\"article:modified_time\" content=\"2025-03-12T19:46:58+00:00\" \/>\n<meta property=\"og:image\" content=\"https:\/\/vestibulares.estrategia.com\/portal\/wp-content\/uploads\/2025\/03\/governo-itamar-franco.jpg\" \/>\n\t<meta property=\"og:image:width\" content=\"1280\" \/>\n\t<meta property=\"og:image:height\" content=\"853\" \/>\n\t<meta property=\"og:image:type\" content=\"image\/jpeg\" \/>\n<meta name=\"author\" content=\"Gabriella da Mata\" \/>\n<meta name=\"twitter:card\" content=\"summary_large_image\" \/>\n<meta name=\"twitter:creator\" content=\"@Estrategiavest\" \/>\n<meta name=\"twitter:site\" content=\"@Estrategiavest\" \/>\n<meta name=\"twitter:label1\" content=\"Escrito por\" \/>\n\t<meta name=\"twitter:data1\" content=\"Gabriella da Mata\" \/>\n\t<meta name=\"twitter:label2\" content=\"Est. tempo de leitura\" \/>\n\t<meta name=\"twitter:data2\" content=\"6 minutos\" \/>\n<script type=\"application\/ld+json\" class=\"yoast-schema-graph\">{\"@context\":\"https:\/\/schema.org\",\"@graph\":[{\"@type\":\"Article\",\"@id\":\"https:\/\/vestibulares.estrategia.com\/portal\/materias\/historia\/governo-itamar-franco-contexto-impactos-e-legado\/#article\",\"isPartOf\":{\"@id\":\"https:\/\/vestibulares.estrategia.com\/portal\/materias\/historia\/governo-itamar-franco-contexto-impactos-e-legado\/\"},\"author\":{\"name\":\"Gabriella da Mata\",\"@id\":\"https:\/\/vestibulares.estrategia.com\/portal\/#\/schema\/person\/845eb1f998dff44176ef30f0d3675415\"},\"headline\":\"Governo Itamar Franco: contexto, impactos e legado\",\"datePublished\":\"2025-03-11T23:59:46+00:00\",\"dateModified\":\"2025-03-12T19:46:58+00:00\",\"mainEntityOfPage\":{\"@id\":\"https:\/\/vestibulares.estrategia.com\/portal\/materias\/historia\/governo-itamar-franco-contexto-impactos-e-legado\/\"},\"wordCount\":1292,\"publisher\":{\"@id\":\"https:\/\/vestibulares.estrategia.com\/portal\/#organization\"},\"image\":{\"@id\":\"https:\/\/vestibulares.estrategia.com\/portal\/materias\/historia\/governo-itamar-franco-contexto-impactos-e-legado\/#primaryimage\"},\"thumbnailUrl\":\"https:\/\/vestibulares.estrategia.com\/portal\/wp-content\/uploads\/2025\/03\/governo-itamar-franco.jpg\",\"articleSection\":[\"Hist\u00f3ria\"],\"inLanguage\":\"pt-BR\"},{\"@type\":\"WebPage\",\"@id\":\"https:\/\/vestibulares.estrategia.com\/portal\/materias\/historia\/governo-itamar-franco-contexto-impactos-e-legado\/\",\"url\":\"https:\/\/vestibulares.estrategia.com\/portal\/materias\/historia\/governo-itamar-franco-contexto-impactos-e-legado\/\",\"name\":\"Governo Itamar Franco: contexto, impactos e legado\",\"isPartOf\":{\"@id\":\"https:\/\/vestibulares.estrategia.com\/portal\/#website\"},\"primaryImageOfPage\":{\"@id\":\"https:\/\/vestibulares.estrategia.com\/portal\/materias\/historia\/governo-itamar-franco-contexto-impactos-e-legado\/#primaryimage\"},\"image\":{\"@id\":\"https:\/\/vestibulares.estrategia.com\/portal\/materias\/historia\/governo-itamar-franco-contexto-impactos-e-legado\/#primaryimage\"},\"thumbnailUrl\":\"https:\/\/vestibulares.estrategia.com\/portal\/wp-content\/uploads\/2025\/03\/governo-itamar-franco.jpg\",\"datePublished\":\"2025-03-11T23:59:46+00:00\",\"dateModified\":\"2025-03-12T19:46:58+00:00\",\"description\":\"Aprenda as caracter\u00edsticas, o contexto hist\u00f3rico e os principais impactos do governo Itamar Franco, um per\u00edodo crucial na hist\u00f3ria do Brasil.\",\"breadcrumb\":{\"@id\":\"https:\/\/vestibulares.estrategia.com\/portal\/materias\/historia\/governo-itamar-franco-contexto-impactos-e-legado\/#breadcrumb\"},\"inLanguage\":\"pt-BR\",\"potentialAction\":[{\"@type\":\"ReadAction\",\"target\":[\"https:\/\/vestibulares.estrategia.com\/portal\/materias\/historia\/governo-itamar-franco-contexto-impactos-e-legado\/\"]}]},{\"@type\":\"ImageObject\",\"inLanguage\":\"pt-BR\",\"@id\":\"https:\/\/vestibulares.estrategia.com\/portal\/materias\/historia\/governo-itamar-franco-contexto-impactos-e-legado\/#primaryimage\",\"url\":\"https:\/\/vestibulares.estrategia.com\/portal\/wp-content\/uploads\/2025\/03\/governo-itamar-franco.jpg\",\"contentUrl\":\"https:\/\/vestibulares.estrategia.com\/portal\/wp-content\/uploads\/2025\/03\/governo-itamar-franco.jpg\",\"width\":1280,\"height\":853,\"caption\":\"governo-itamar-franco\"},{\"@type\":\"BreadcrumbList\",\"@id\":\"https:\/\/vestibulares.estrategia.com\/portal\/materias\/historia\/governo-itamar-franco-contexto-impactos-e-legado\/#breadcrumb\",\"itemListElement\":[{\"@type\":\"ListItem\",\"position\":1,\"name\":\"Home\",\"item\":\"https:\/\/vestibulares.estrategia.com\/portal\/\"},{\"@type\":\"ListItem\",\"position\":2,\"name\":\"Mat\u00e9rias\",\"item\":\"https:\/\/vestibulares.estrategia.com\/portal\/materias\/\"},{\"@type\":\"ListItem\",\"position\":3,\"name\":\"Hist\u00f3ria\",\"item\":\"https:\/\/vestibulares.estrategia.com\/portal\/materias\/historia\/\"},{\"@type\":\"ListItem\",\"position\":4,\"name\":\"Governo Itamar Franco: contexto, impactos e legado\"}]},{\"@type\":\"WebSite\",\"@id\":\"https:\/\/vestibulares.estrategia.com\/portal\/#website\",\"url\":\"https:\/\/vestibulares.estrategia.com\/portal\/\",\"name\":\"Estrat\u00e9gia Vestibulares\",\"description\":\"\",\"publisher\":{\"@id\":\"https:\/\/vestibulares.estrategia.com\/portal\/#organization\"},\"potentialAction\":[{\"@type\":\"SearchAction\",\"target\":{\"@type\":\"EntryPoint\",\"urlTemplate\":\"https:\/\/vestibulares.estrategia.com\/portal\/?s={search_term_string}\"},\"query-input\":{\"@type\":\"PropertyValueSpecification\",\"valueRequired\":true,\"valueName\":\"search_term_string\"}}],\"inLanguage\":\"pt-BR\"},{\"@type\":\"Organization\",\"@id\":\"https:\/\/vestibulares.estrategia.com\/portal\/#organization\",\"name\":\"Estrat\u00e9gia Vestibulares\",\"url\":\"https:\/\/vestibulares.estrategia.com\/portal\/\",\"logo\":{\"@type\":\"ImageObject\",\"inLanguage\":\"pt-BR\",\"@id\":\"https:\/\/vestibulares.estrategia.com\/portal\/#\/schema\/logo\/image\/\",\"url\":\"https:\/\/vestibulares.estrategia.com\/portal\/wp-content\/uploads\/2021\/06\/Logo-Vestibulares@4x.png\",\"contentUrl\":\"https:\/\/vestibulares.estrategia.com\/portal\/wp-content\/uploads\/2021\/06\/Logo-Vestibulares@4x.png\",\"width\":250,\"height\":66,\"caption\":\"Estrat\u00e9gia Vestibulares\"},\"image\":{\"@id\":\"https:\/\/vestibulares.estrategia.com\/portal\/#\/schema\/logo\/image\/\"},\"sameAs\":[\"https:\/\/facebook.com\/estrategiavestibulares\",\"https:\/\/x.com\/Estrategiavest\",\"https:\/\/www.instagram.com\/estrategiavestibulares\",\"https:\/\/www.youtube.com\/channel\/UCGWdZy8ULI-7_5GrABa4vNA\"]},{\"@type\":\"Person\",\"@id\":\"https:\/\/vestibulares.estrategia.com\/portal\/#\/schema\/person\/845eb1f998dff44176ef30f0d3675415\",\"name\":\"Gabriella da Mata\",\"image\":{\"@type\":\"ImageObject\",\"inLanguage\":\"pt-BR\",\"@id\":\"https:\/\/vestibulares.estrategia.com\/portal\/#\/schema\/person\/image\/\",\"url\":\"https:\/\/secure.gravatar.com\/avatar\/b257a7dd7fbafa3e59a9a2c2a4696d69?s=96&d=mm&r=g\",\"contentUrl\":\"https:\/\/secure.gravatar.com\/avatar\/b257a7dd7fbafa3e59a9a2c2a4696d69?s=96&d=mm&r=g\",\"caption\":\"Gabriella da Mata\"},\"description\":\"Acad\u00eamica de medicina da UFRJ\",\"url\":\"https:\/\/vestibulares.estrategia.com\/portal\/author\/gabriella-da-mata\/\"}]}<\/script>\n<!-- \/ Yoast SEO Premium plugin. -->","yoast_head_json":{"title":"Governo Itamar Franco: contexto, impactos e legado","description":"Aprenda as caracter\u00edsticas, o contexto hist\u00f3rico e os principais impactos do governo Itamar Franco, um per\u00edodo crucial na hist\u00f3ria do Brasil.","robots":{"index":"index","follow":"follow","max-snippet":"max-snippet:-1","max-image-preview":"max-image-preview:large","max-video-preview":"max-video-preview:-1"},"canonical":"https:\/\/vestibulares.estrategia.com\/portal\/materias\/historia\/governo-itamar-franco-contexto-impactos-e-legado\/","og_locale":"pt_BR","og_type":"article","og_title":"Governo Itamar Franco: contexto, impactos e legado","og_description":"Aprenda as caracter\u00edsticas, o contexto hist\u00f3rico e os principais impactos do governo Itamar Franco, um per\u00edodo crucial na hist\u00f3ria do Brasil.","og_url":"https:\/\/vestibulares.estrategia.com\/portal\/materias\/historia\/governo-itamar-franco-contexto-impactos-e-legado\/","og_site_name":"Estrat\u00e9gia Vestibulares","article_publisher":"https:\/\/facebook.com\/estrategiavestibulares","article_published_time":"2025-03-11T23:59:46+00:00","article_modified_time":"2025-03-12T19:46:58+00:00","og_image":[{"width":1280,"height":853,"url":"https:\/\/vestibulares.estrategia.com\/portal\/wp-content\/uploads\/2025\/03\/governo-itamar-franco.jpg","type":"image\/jpeg"}],"author":"Gabriella da Mata","twitter_card":"summary_large_image","twitter_creator":"@Estrategiavest","twitter_site":"@Estrategiavest","twitter_misc":{"Escrito por":"Gabriella da Mata","Est. tempo de leitura":"6 minutos"},"schema":{"@context":"https:\/\/schema.org","@graph":[{"@type":"Article","@id":"https:\/\/vestibulares.estrategia.com\/portal\/materias\/historia\/governo-itamar-franco-contexto-impactos-e-legado\/#article","isPartOf":{"@id":"https:\/\/vestibulares.estrategia.com\/portal\/materias\/historia\/governo-itamar-franco-contexto-impactos-e-legado\/"},"author":{"name":"Gabriella da Mata","@id":"https:\/\/vestibulares.estrategia.com\/portal\/#\/schema\/person\/845eb1f998dff44176ef30f0d3675415"},"headline":"Governo Itamar Franco: contexto, impactos e legado","datePublished":"2025-03-11T23:59:46+00:00","dateModified":"2025-03-12T19:46:58+00:00","mainEntityOfPage":{"@id":"https:\/\/vestibulares.estrategia.com\/portal\/materias\/historia\/governo-itamar-franco-contexto-impactos-e-legado\/"},"wordCount":1292,"publisher":{"@id":"https:\/\/vestibulares.estrategia.com\/portal\/#organization"},"image":{"@id":"https:\/\/vestibulares.estrategia.com\/portal\/materias\/historia\/governo-itamar-franco-contexto-impactos-e-legado\/#primaryimage"},"thumbnailUrl":"https:\/\/vestibulares.estrategia.com\/portal\/wp-content\/uploads\/2025\/03\/governo-itamar-franco.jpg","articleSection":["Hist\u00f3ria"],"inLanguage":"pt-BR"},{"@type":"WebPage","@id":"https:\/\/vestibulares.estrategia.com\/portal\/materias\/historia\/governo-itamar-franco-contexto-impactos-e-legado\/","url":"https:\/\/vestibulares.estrategia.com\/portal\/materias\/historia\/governo-itamar-franco-contexto-impactos-e-legado\/","name":"Governo Itamar Franco: contexto, impactos e legado","isPartOf":{"@id":"https:\/\/vestibulares.estrategia.com\/portal\/#website"},"primaryImageOfPage":{"@id":"https:\/\/vestibulares.estrategia.com\/portal\/materias\/historia\/governo-itamar-franco-contexto-impactos-e-legado\/#primaryimage"},"image":{"@id":"https:\/\/vestibulares.estrategia.com\/portal\/materias\/historia\/governo-itamar-franco-contexto-impactos-e-legado\/#primaryimage"},"thumbnailUrl":"https:\/\/vestibulares.estrategia.com\/portal\/wp-content\/uploads\/2025\/03\/governo-itamar-franco.jpg","datePublished":"2025-03-11T23:59:46+00:00","dateModified":"2025-03-12T19:46:58+00:00","description":"Aprenda as caracter\u00edsticas, o contexto hist\u00f3rico e os principais impactos do governo Itamar Franco, um per\u00edodo crucial na hist\u00f3ria do Brasil.","breadcrumb":{"@id":"https:\/\/vestibulares.estrategia.com\/portal\/materias\/historia\/governo-itamar-franco-contexto-impactos-e-legado\/#breadcrumb"},"inLanguage":"pt-BR","potentialAction":[{"@type":"ReadAction","target":["https:\/\/vestibulares.estrategia.com\/portal\/materias\/historia\/governo-itamar-franco-contexto-impactos-e-legado\/"]}]},{"@type":"ImageObject","inLanguage":"pt-BR","@id":"https:\/\/vestibulares.estrategia.com\/portal\/materias\/historia\/governo-itamar-franco-contexto-impactos-e-legado\/#primaryimage","url":"https:\/\/vestibulares.estrategia.com\/portal\/wp-content\/uploads\/2025\/03\/governo-itamar-franco.jpg","contentUrl":"https:\/\/vestibulares.estrategia.com\/portal\/wp-content\/uploads\/2025\/03\/governo-itamar-franco.jpg","width":1280,"height":853,"caption":"governo-itamar-franco"},{"@type":"BreadcrumbList","@id":"https:\/\/vestibulares.estrategia.com\/portal\/materias\/historia\/governo-itamar-franco-contexto-impactos-e-legado\/#breadcrumb","itemListElement":[{"@type":"ListItem","position":1,"name":"Home","item":"https:\/\/vestibulares.estrategia.com\/portal\/"},{"@type":"ListItem","position":2,"name":"Mat\u00e9rias","item":"https:\/\/vestibulares.estrategia.com\/portal\/materias\/"},{"@type":"ListItem","position":3,"name":"Hist\u00f3ria","item":"https:\/\/vestibulares.estrategia.com\/portal\/materias\/historia\/"},{"@type":"ListItem","position":4,"name":"Governo Itamar Franco: contexto, impactos e legado"}]},{"@type":"WebSite","@id":"https:\/\/vestibulares.estrategia.com\/portal\/#website","url":"https:\/\/vestibulares.estrategia.com\/portal\/","name":"Estrat\u00e9gia Vestibulares","description":"","publisher":{"@id":"https:\/\/vestibulares.estrategia.com\/portal\/#organization"},"potentialAction":[{"@type":"SearchAction","target":{"@type":"EntryPoint","urlTemplate":"https:\/\/vestibulares.estrategia.com\/portal\/?s={search_term_string}"},"query-input":{"@type":"PropertyValueSpecification","valueRequired":true,"valueName":"search_term_string"}}],"inLanguage":"pt-BR"},{"@type":"Organization","@id":"https:\/\/vestibulares.estrategia.com\/portal\/#organization","name":"Estrat\u00e9gia Vestibulares","url":"https:\/\/vestibulares.estrategia.com\/portal\/","logo":{"@type":"ImageObject","inLanguage":"pt-BR","@id":"https:\/\/vestibulares.estrategia.com\/portal\/#\/schema\/logo\/image\/","url":"https:\/\/vestibulares.estrategia.com\/portal\/wp-content\/uploads\/2021\/06\/Logo-Vestibulares@4x.png","contentUrl":"https:\/\/vestibulares.estrategia.com\/portal\/wp-content\/uploads\/2021\/06\/Logo-Vestibulares@4x.png","width":250,"height":66,"caption":"Estrat\u00e9gia Vestibulares"},"image":{"@id":"https:\/\/vestibulares.estrategia.com\/portal\/#\/schema\/logo\/image\/"},"sameAs":["https:\/\/facebook.com\/estrategiavestibulares","https:\/\/x.com\/Estrategiavest","https:\/\/www.instagram.com\/estrategiavestibulares","https:\/\/www.youtube.com\/channel\/UCGWdZy8ULI-7_5GrABa4vNA"]},{"@type":"Person","@id":"https:\/\/vestibulares.estrategia.com\/portal\/#\/schema\/person\/845eb1f998dff44176ef30f0d3675415","name":"Gabriella da Mata","image":{"@type":"ImageObject","inLanguage":"pt-BR","@id":"https:\/\/vestibulares.estrategia.com\/portal\/#\/schema\/person\/image\/","url":"https:\/\/secure.gravatar.com\/avatar\/b257a7dd7fbafa3e59a9a2c2a4696d69?s=96&d=mm&r=g","contentUrl":"https:\/\/secure.gravatar.com\/avatar\/b257a7dd7fbafa3e59a9a2c2a4696d69?s=96&d=mm&r=g","caption":"Gabriella da Mata"},"description":"Acad\u00eamica de medicina da UFRJ","url":"https:\/\/vestibulares.estrategia.com\/portal\/author\/gabriella-da-mata\/"}]}},"_wl_alt_label":[],"wl:entity_url":"https:\/\/data.wordlift.io\/wl110249\/post\/governo-itamar-franco-contexto-impactos-e-legado-136015","_links":{"self":[{"href":"https:\/\/vestibulares.estrategia.com\/portal\/wp-json\/wp\/v2\/posts\/136015","targetHints":{"allow":["GET"]}}],"collection":[{"href":"https:\/\/vestibulares.estrategia.com\/portal\/wp-json\/wp\/v2\/posts"}],"about":[{"href":"https:\/\/vestibulares.estrategia.com\/portal\/wp-json\/wp\/v2\/types\/post"}],"author":[{"embeddable":true,"href":"https:\/\/vestibulares.estrategia.com\/portal\/wp-json\/wp\/v2\/users\/58"}],"replies":[{"embeddable":true,"href":"https:\/\/vestibulares.estrategia.com\/portal\/wp-json\/wp\/v2\/comments?post=136015"}],"version-history":[{"count":8,"href":"https:\/\/vestibulares.estrategia.com\/portal\/wp-json\/wp\/v2\/posts\/136015\/revisions"}],"predecessor-version":[{"id":136125,"href":"https:\/\/vestibulares.estrategia.com\/portal\/wp-json\/wp\/v2\/posts\/136015\/revisions\/136125"}],"wp:featuredmedia":[{"embeddable":true,"href":"https:\/\/vestibulares.estrategia.com\/portal\/wp-json\/wp\/v2\/media\/136020"}],"wp:attachment":[{"href":"https:\/\/vestibulares.estrategia.com\/portal\/wp-json\/wp\/v2\/media?parent=136015"}],"wp:term":[{"taxonomy":"category","embeddable":true,"href":"https:\/\/vestibulares.estrategia.com\/portal\/wp-json\/wp\/v2\/categories?post=136015"},{"taxonomy":"post_tag","embeddable":true,"href":"https:\/\/vestibulares.estrategia.com\/portal\/wp-json\/wp\/v2\/tags?post=136015"},{"taxonomy":"wl_entity_type","embeddable":true,"href":"https:\/\/vestibulares.estrategia.com\/portal\/wp-json\/wp\/v2\/wl_entity_type?post=136015"}],"curies":[{"name":"wp","href":"https:\/\/api.w.org\/{rel}","templated":true}]}}