{"id":137528,"date":"2025-04-11T15:58:44","date_gmt":"2025-04-11T18:58:44","guid":{"rendered":"https:\/\/vestibulares.estrategia.com\/portal\/?p=137528"},"modified":"2026-01-16T13:59:43","modified_gmt":"2026-01-16T16:59:43","slug":"notas-de-corte-de-economia-no-sisu-veja-as-notas-minimas-para-ingresso-no-curso","status":"publish","type":"post","link":"https:\/\/vestibulares.estrategia.com\/portal\/enem-e-vestibulares\/sisu\/notas-de-corte-de-economia-no-sisu-veja-as-notas-minimas-para-ingresso-no-curso\/","title":{"rendered":"Notas de corte de Economia no Sisu: veja as notas m\u00ednimas para ingresso no curso"},"content":{"rendered":"<p>O curso de Economia, tamb&eacute;m&nbsp; chamado de Ci&ecirc;ncias Econ&ocirc;micas, forma profissionais capazes de entender, analisar e propor solu&ccedil;&otilde;es para quest&otilde;es relacionadas &agrave; produ&ccedil;&atilde;o, distribui&ccedil;&atilde;o e consumo de bens e servi&ccedil;os.&nbsp;<p>No Sistema de Sele&ccedil;&atilde;o Unificada (<a href=\"https:\/\/vestibulares.estrategia.com\/portal\/enem-e-vestibulares\/sisu\/sisu-o-que-e\/\">Sisu<\/a>), s&atilde;o ofertados mais de 90 cursos da gradua&ccedil;&atilde;o em universidades p&uacute;blicas de diversas regi&otilde;es do pa&iacute;s. O ingresso pelo programa &eacute; feito com a nota do Exame Nacional do Ensino M&eacute;dio (<a href=\"https:\/\/vestibulares.estrategia.com\/portal\/enem\/enem\/\">Enem<\/a>).<\/p><p>O <strong>Portal Estrat&eacute;gia Vestibulares<\/strong> preparou uma lista com as universidades que oferecem a gradua&ccedil;&atilde;o em Economia, suas cidades, n&uacute;mero de vagas disponibilizadas e nota de corte do Sisu, para que voc&ecirc; se prepare e tenha uma proje&ccedil;&atilde;o da nota que ser&aacute; exigida para ingressar na universidade e no curso. Confira!<\/p><p>\n\n\n\n<div class=\"cta-medio\" style=\"background-image: url(https:\/\/vestibulares.estrategia.com\/portal\/wp-content\/uploads\/2024\/08\/curso-enem-1-estrategia-vestibulares-ctamedio.jpg);\"><h3>Pacote Enem TOP <\/h3> <p>Estude com o Estrat\u00e9gia Vestibulares<\/p><div class=\"cta-botao\"><a id=\"cta-medio\" href=\"https:\/\/vestibulares.estrategia.com\/curso\/enem-top\/\" target=\"_blank\" style=\"background:rgb(255,150,0)\">Saiba mais<\/a><\/div><\/div>\n\n\n\n<\/p><div id=\"ez-toc-container\" class=\"ez-toc-v2_0_76 counter-hierarchy ez-toc-counter ez-toc-transparent ez-toc-container-direction\">\n<div class=\"ez-toc-title-container\"><p class=\"ez-toc-title\" style=\"cursor:inherit\">Navegue pelo conte\u00fado<\/p>\n<\/div><nav><ul class='ez-toc-list ez-toc-list-level-1 ' ><li class='ez-toc-page-1 ez-toc-heading-level-2'><a class=\"ez-toc-link ez-toc-heading-1\" href=\"https:\/\/vestibulares.estrategia.com\/portal\/enem-e-vestibulares\/sisu\/notas-de-corte-de-economia-no-sisu-veja-as-notas-minimas-para-ingresso-no-curso\/#O-que-e-nota-de-corte\" >O que &eacute; nota de corte?<\/a><\/li><li class='ez-toc-page-1 ez-toc-heading-level-2'><a class=\"ez-toc-link ez-toc-heading-2\" href=\"https:\/\/vestibulares.estrategia.com\/portal\/enem-e-vestibulares\/sisu\/notas-de-corte-de-economia-no-sisu-veja-as-notas-minimas-para-ingresso-no-curso\/#Como-funcionam-as-concorrencias-no-Sisu\" >Como funcionam as concorr&ecirc;ncias no Sisu?<\/a><\/li><li class='ez-toc-page-1 ez-toc-heading-level-2'><a class=\"ez-toc-link ez-toc-heading-3\" href=\"https:\/\/vestibulares.estrategia.com\/portal\/enem-e-vestibulares\/sisu\/notas-de-corte-de-economia-no-sisu-veja-as-notas-minimas-para-ingresso-no-curso\/#Notas-de-corte-de-Economia-no-Sisu\" >Notas de corte de Economia no Sisu<\/a><\/li><li class='ez-toc-page-1 ez-toc-heading-level-2'><a class=\"ez-toc-link ez-toc-heading-4\" href=\"https:\/\/vestibulares.estrategia.com\/portal\/enem-e-vestibulares\/sisu\/notas-de-corte-de-economia-no-sisu-veja-as-notas-minimas-para-ingresso-no-curso\/#Mais-informacoes-sobre-os-cursos-de-Economia\" >Mais informa&ccedil;&otilde;es sobre os cursos de Economia<\/a><\/li><li class='ez-toc-page-1 ez-toc-heading-level-2'><a class=\"ez-toc-link ez-toc-heading-5\" href=\"https:\/\/vestibulares.estrategia.com\/portal\/enem-e-vestibulares\/sisu\/notas-de-corte-de-economia-no-sisu-veja-as-notas-minimas-para-ingresso-no-curso\/#Como-funciona-o-Sisu\" >Como funciona o Sisu?<\/a><\/li><li class='ez-toc-page-1 ez-toc-heading-level-2'><a class=\"ez-toc-link ez-toc-heading-6\" href=\"https:\/\/vestibulares.estrategia.com\/portal\/enem-e-vestibulares\/sisu\/notas-de-corte-de-economia-no-sisu-veja-as-notas-minimas-para-ingresso-no-curso\/#Minha-nota-nao-e-suficiente-E-agora\" >Minha nota n&atilde;o &eacute; suficiente. E agora?<\/a><\/li><\/ul><\/nav><\/div>\n<h2 class=\"wp-block-heading\" id=\"h-o-que-e-nota-de-corte\"><span class=\"ez-toc-section\" id=\"O-que-e-nota-de-corte\"><\/span>O que &eacute; nota de corte?<span class=\"ez-toc-section-end\"><\/span><\/h2><p>As notas de corte representam a pontua&ccedil;&atilde;o m&iacute;nima necess&aacute;ria para a aprova&ccedil;&atilde;o em determinado processo seletivo, como vestibulares e concursos. Ou seja, elas s&atilde;o determinadas de acordo com o desempenho do candidato, a concorr&ecirc;ncia e a quantidade de vagas ofertadas.<\/p><p>No Sisu, por exemplo, a nota de corte &eacute; a pontua&ccedil;&atilde;o m&iacute;nima que o candidato precisa alcan&ccedil;ar na prova do Enem, a fim de garantir sua vaga em determinado curso. Assim, os participantes buscam obter notas mais altas do que as notas de corte, para aumentar as chances de aprova&ccedil;&atilde;o no curso desejado.<\/p><p><a href=\"https:\/\/vestibulares.estrategia.com\/portal\/enem-e-vestibulares\/sisu\/nota-corte-sisu\/\">+ Nota de corte do Sisu: veja o que &eacute; e como funciona<\/a><\/p><h2 class=\"wp-block-heading\" id=\"h-como-funcionam-as-concorrencias-no-sisu\"><span class=\"ez-toc-section\" id=\"Como-funcionam-as-concorrencias-no-Sisu\"><\/span>Como funcionam as concorr&ecirc;ncias no Sisu?<span class=\"ez-toc-section-end\"><\/span><\/h2><p>As vagas do Sisu s&atilde;o ofertadas em duas modalidades de concorr&ecirc;ncia: a Ampla Concorr&ecirc;ncia e a Lei de Cotas. Al&eacute;m disso, algumas institui&ccedil;&otilde;es oferecem vagas por meio de a&ccedil;&otilde;es afirmativas.&nbsp;<\/p><p>A Lei de Cotas &eacute; respons&aacute;vel por reservar 50% do total de vagas para grupos espec&iacute;ficos de forma racial e social. J&aacute; na Ampla Concorr&ecirc;ncia, participam os candidatos de qualquer grupo, que concorrem &agrave; outra metade das vagas.<\/p><p>Em 2023, <a href=\"https:\/\/vestibulares.estrategia.com\/portal\/enem-e-vestibulares\/vestibulares\/lei-de-cotas-o-que-muda-com-a-atualizacao\/\">a Lei de Cotas sofreu altera&ccedil;&otilde;es<\/a>. Antes, os participantes cotistas concorriam apenas com outros cotistas. A partir deste ano, portanto, eles passaram a concorrer &agrave;s vagas junto a todos os outros vestibulandos da Ampla Concorr&ecirc;ncia. Caso as notas n&atilde;o alcancem o valor necess&aacute;rio para o ingresso nesta modalidade, elas passar&atilde;o a concorrer &agrave;s vagas ofertadas pela Lei de Cotas.<\/p><p>Confira, abaixo, as notas de corte de Ci&ecirc;ncias Econ&ocirc;micas presentes no Sisu na modalidade Ampla Concorr&ecirc;ncia (AC):<\/p><p><a href=\"https:\/\/vestibulares.estrategia.com\/portal\/enem-e-vestibulares\/sisu\/modalidades-sisu\/\">+ Modalidades do Sisu: quais s&atilde;o as diferen&ccedil;as entre ampla concorr&ecirc;ncia, a&ccedil;&otilde;es afirmativas e Lei de Cotas?<br><\/a><a href=\"https:\/\/vestibulares.estrategia.com\/portal\/enem-e-vestibulares\/vestibulares\/lei-de-cotas-o-que-muda-com-a-atualizacao\/\">+ Lei de Cotas: o que muda com a atualiza&ccedil;&atilde;o?<\/a><\/p><p>\n\n\n\n<div id=\"new-form\">\n\t<form id=\"forms_layout\">\n\t<input type=\"hidden\" id=\"chave_de\" name=\"chave_de\" value=\"01_EVEST_LEADS_TOTAIS\" \/>\n\t\t<input type=\"hidden\" id=\"mid\" name=\"mid\" value=\"515008983\" \/>\n\t\t<input type=\"hidden\" id=\"Objetivo\" name=\"Objetivo\" value=\"Vestibulares\" \/>\n\t\t<input type=\"hidden\" id=\"Estado_de_Origem_do_IP\" name=\"Estado_de_Origem_do_IP\"  value=\"\" \/>\n\t\t<input type=\"hidden\" id=\"Cidade_de_Origem_do_IP\" name=\"Cidade_de_Origem_do_IP\" value=\"\" \/>\n\t\t<input type=\"hidden\" id=\"Modo_de_entrada\" name=\"Modo_de_entrada\" value=\"Portal\" \/>\n\t\t<input type=\"hidden\" id=\"Pagina_Origem\" name=\"Pagina_Origem\" value=\"\" \/>\n\n\t\t<div class=\"texto\">\n\t\t\t<h3 class=\"news\">Inscreva-se em nossa newsletter\ud83e\udd89<\/h3>\n\t\t\t<p>Receba dicas de estudo gratuitas e saiba em primeira m\u00e3o as novidades sobre o Enem, Sisu, Encceja, Fuvest e outros vestibulares!<\/p>\n\t\t<\/div>\n\t\t<div class=\"campos\">\n\t\t\t<div class=\"first_name labels\">\n\t\t\t\t<input type=\"text\" class=\"input_labels\" id=\"first_name\" name=\"Nome_Completo\" placeholder=\"Nome\" required \/>\n\t\t\t<\/div>\n\t\t\t<div class=\"email labels\">\n\t\t\t\t<input type=\"email\" class=\"input_labels\" id=\"email\" name=\"Email\" placeholder=\"E-mail\" required \/>\n\t\t\t<\/div>\n\t\t\t<button type=\"submit\" class=\"button_layout\">\n\t\t\t\t<div id=\"lblBotao\">Inscreva-se<\/div>\n\t\t\t\t<span id=\"divSpiner\" class=\"loader\" role=\"status\" style=\"display: none;\"><\/span>\t\n\t\t\t<\/button>\n\t\t<\/div><!-- \/campos -->\n\t\t\n\t\t<label class=\"container_checkbox\">Voc\u00ea concorda com a nossa\n\t\t\t<a class=\"politics_privacy_ahref\" target=\"_blank\" href=\"https:\/\/gratis.estrategiaconcursos.com.br\/politica-de-privacidade\/\">Pol\u00edtica de Privacidade<\/a> e aceita receber informa\u00e7\u00f5es adicionais do Estrat\u00e9gia Educacional.\n\t\t\t<input id=\"checkbox_layout\" type=\"checkbox\" checked=\"checked\" required \/>\n\t\t\t<span class=\"checkbox\"><\/span>\n\t\t<\/label>\n\t\t<div id=\"msg\"><\/div>\n\t\t<div id=\"error\" class=\"error\">\n\t\t<\/div>\n\t<\/form>\n<\/div><!-- \/new-form -->\n\n\n\n<\/p><h2 class=\"wp-block-heading\" id=\"h-notas-de-corte-de-economia-no-sisu\"><span class=\"ez-toc-section\" id=\"Notas-de-corte-de-Economia-no-Sisu\"><\/span>Notas de corte de Economia no Sisu<span class=\"ez-toc-section-end\"><\/span><\/h2><p>Confira abaixo os cursos de Economia, ofertados pelo Sisu, com as maiores notas de corte do programa:&nbsp;<\/p><figure class=\"wp-block-table is-style-stripes\"><table><thead><tr><th>Universidade<\/th><th class=\"has-text-align-center\" data-align=\"center\">Cidade<\/th><th class=\"has-text-align-center\" data-align=\"center\">Vagas (AC)*<\/th><th class=\"has-text-align-center\" data-align=\"center\">Nota de corte<\/th><\/tr><\/thead><tbody><tr><td>UNIVERSIDADE FEDERAL DO RIO DE JANEIRO (UFRJ)<\/td><td class=\"has-text-align-center\" data-align=\"center\">Rio de Janeiro (RJ)<\/td><td class=\"has-text-align-center\" data-align=\"center\">80<\/td><td class=\"has-text-align-center\" data-align=\"center\">796,28<\/td><\/tr><tr><td>UNIVERSIDADE FEDERAL DO RIO DE JANEIRO (UFRJ)<\/td><td class=\"has-text-align-center\" data-align=\"center\">Rio de Janeiro (RJ)<\/td><td class=\"has-text-align-center\" data-align=\"center\">20<\/td><td class=\"has-text-align-center\" data-align=\"center\">788,23<\/td><\/tr><tr><td>UNIVERSIDADE FEDERAL DE S&Atilde;O PAULO (UNIFESP)<\/td><td class=\"has-text-align-center\" data-align=\"center\">Osasco (SP)<\/td><td class=\"has-text-align-center\" data-align=\"center\">19<\/td><td class=\"has-text-align-center\" data-align=\"center\">772,60<\/td><\/tr><tr><td>UNIVERSIDADE FEDERAL DE SANTA CATARINA (UFSC)<\/td><td class=\"has-text-align-center\" data-align=\"center\">Florian&oacute;polis (SC)<\/td><td class=\"has-text-align-center\" data-align=\"center\">11<\/td><td class=\"has-text-align-center\" data-align=\"center\">765,84<\/td><\/tr><tr><td>UNIVERSIDADE FEDERAL DE S&Atilde;O PAULO (UNIFESP)<\/td><td class=\"has-text-align-center\" data-align=\"center\">Osasco (SP)<\/td><td class=\"has-text-align-center\" data-align=\"center\">19<\/td><td class=\"has-text-align-center\" data-align=\"center\">764,99<\/td><\/tr><tr><td>UNIVERSIDADE FEDERAL DE MINAS GERAIS (UFMG)<\/td><td class=\"has-text-align-center\" data-align=\"center\">Belo Horizonte (MG)<\/td><td class=\"has-text-align-center\" data-align=\"center\">40<\/td><td class=\"has-text-align-center\" data-align=\"center\">762,62<\/td><\/tr><tr><td>UNIVERSIDADE FEDERAL DE S&Atilde;O CARLOS (UFSCAR)<\/td><td class=\"has-text-align-center\" data-align=\"center\">Sorocaba (SP)<\/td><td class=\"has-text-align-center\" data-align=\"center\">30<\/td><td class=\"has-text-align-center\" data-align=\"center\">753,63<\/td><\/tr><tr><td>UNIVERSIDADE FEDERAL DE SANTA CATARINA (UFSC)<\/td><td class=\"has-text-align-center\" data-align=\"center\">Florian&oacute;polis (SC)<\/td><td class=\"has-text-align-center\" data-align=\"center\">11<\/td><td class=\"has-text-align-center\" data-align=\"center\">751,49<\/td><\/tr><tr><td>UNIVERSIDADE FEDERAL DO PARAN&Aacute; (UFPR)<\/td><td class=\"has-text-align-center\" data-align=\"center\">Curitiba (PR)<\/td><td class=\"has-text-align-center\" data-align=\"center\">7<\/td><td class=\"has-text-align-center\" data-align=\"center\">747,12<\/td><\/tr><tr><td>UNIVERSIDADE FEDERAL DO RIO GRANDE DO SUL (UFRGS)<\/td><td class=\"has-text-align-center\" data-align=\"center\">Porto Alegre (RS)<\/td><td class=\"has-text-align-center\" data-align=\"center\">10<\/td><td class=\"has-text-align-center\" data-align=\"center\">745,82<\/td><\/tr><tr><td>UNIVERSIDADE FEDERAL DE MATO GROSSO DO SUL (UFMS)<\/td><td class=\"has-text-align-center\" data-align=\"center\">Campo Grande (MS)<\/td><td class=\"has-text-align-center\" data-align=\"center\">1<\/td><td class=\"has-text-align-center\" data-align=\"center\">742,13<\/td><\/tr><tr><td>UNIVERSIDADE FEDERAL DE ALFENAS (UNIFAL-MG)<\/td><td class=\"has-text-align-center\" data-align=\"center\">Varginha (MG)<\/td><td class=\"has-text-align-center\" data-align=\"center\">3<\/td><td class=\"has-text-align-center\" data-align=\"center\">739,19<\/td><\/tr><tr><td>UNIVERSIDADE FEDERAL DO PARAN&Aacute; (UFPR)<\/td><td class=\"has-text-align-center\" data-align=\"center\">Curitiba (PR)<\/td><td class=\"has-text-align-center\" data-align=\"center\">9<\/td><td class=\"has-text-align-center\" data-align=\"center\">737,98<\/td><\/tr><tr><td>UNIVERSIDADE FEDERAL FLUMINENSE (UFF)<\/td><td class=\"has-text-align-center\" data-align=\"center\">Niter&oacute;i (RJ)<\/td><td class=\"has-text-align-center\" data-align=\"center\">46<\/td><td class=\"has-text-align-center\" data-align=\"center\">735,24<\/td><\/tr><tr><td>UNIVERSIDADE FEDERAL DO RIO GRANDE DO SUL (UFRGS)<\/td><td class=\"has-text-align-center\" data-align=\"center\">Porto Alegre (RS)<\/td><td class=\"has-text-align-center\" data-align=\"center\">12<\/td><td class=\"has-text-align-center\" data-align=\"center\">731,02<\/td><\/tr><tr><td>UNIVERSIDADE FEDERAL DO ESP&Iacute;RITO SANTO (UFES)<\/td><td class=\"has-text-align-center\" data-align=\"center\">Vit&oacute;ria (ES)<\/td><td class=\"has-text-align-center\" data-align=\"center\">50<\/td><td class=\"has-text-align-center\" data-align=\"center\">723,25<\/td><\/tr><tr><td>UNIVERSIDADE FEDERAL RURAL DO RIO DE JANEIRO (UFRRJ)<\/td><td class=\"has-text-align-center\" data-align=\"center\">Nova Igua&ccedil;u (RJ)<\/td><td class=\"has-text-align-center\" data-align=\"center\">21<\/td><td class=\"has-text-align-center\" data-align=\"center\">723,18<\/td><\/tr><tr><td>UNIVERSIDADE FEDERAL DE JUIZ DE FORA (UFJF)<\/td><td class=\"has-text-align-center\" data-align=\"center\">Juiz de Fora (MG)<\/td><td class=\"has-text-align-center\" data-align=\"center\">12<\/td><td class=\"has-text-align-center\" data-align=\"center\">721,62<\/td><\/tr><tr><td>UNIVERSIDADE FEDERAL DE ALFENAS (UNIFAL-MG)<\/td><td class=\"has-text-align-center\" data-align=\"center\">Varginha (MG)<\/td><td class=\"has-text-align-center\" data-align=\"center\">3<\/td><td class=\"has-text-align-center\" data-align=\"center\">720,40<\/td><\/tr><tr><td>UNIVERSIDADE FEDERAL DE GOI&Aacute;S (UFG)<\/td><td class=\"has-text-align-center\" data-align=\"center\">Goi&acirc;nia (GO)<\/td><td class=\"has-text-align-center\" data-align=\"center\">20<\/td><td class=\"has-text-align-center\" data-align=\"center\">719,51<\/td><\/tr><tr><td>UNIVERSIDADE ESTADUAL DE LONDRINA (UEL)<\/td><td class=\"has-text-align-center\" data-align=\"center\">Londrina (PR)<\/td><td class=\"has-text-align-center\" data-align=\"center\">10<\/td><td class=\"has-text-align-center\" data-align=\"center\">717,12<\/td><\/tr><tr><td>UNIVERSIDADE FEDERAL FLUMINENSE (UFF)<\/td><td class=\"has-text-align-center\" data-align=\"center\">Niter&oacute;i (RJ)<\/td><td class=\"has-text-align-center\" data-align=\"center\">46<\/td><td class=\"has-text-align-center\" data-align=\"center\">717,11<\/td><\/tr><tr><td>UNIVERSIDADE FEDERAL DE UBERL&Acirc;NDIA (UFU)<\/td><td class=\"has-text-align-center\" data-align=\"center\">Uberl&acirc;ndia (MG)<\/td><td class=\"has-text-align-center\" data-align=\"center\">20<\/td><td class=\"has-text-align-center\" data-align=\"center\">714,70<\/td><\/tr><tr><td>UNIVERSIDADE FEDERAL DE GOI&Aacute;S (UFG)<\/td><td class=\"has-text-align-center\" data-align=\"center\">Goi&acirc;nia (GO)<\/td><td class=\"has-text-align-center\" data-align=\"center\">20<\/td><td class=\"has-text-align-center\" data-align=\"center\">710,28<\/td><\/tr><tr><td>UNIVERSIDADE FEDERAL DE PERNAMBUCO (UFPE)<\/td><td class=\"has-text-align-center\" data-align=\"center\">Recife (PE)<\/td><td class=\"has-text-align-center\" data-align=\"center\">30<\/td><td class=\"has-text-align-center\" data-align=\"center\">710,17<\/td><\/tr><tr><td>UNIVERSIDADE FEDERAL DE JUIZ DE FORA (UFJF)<\/td><td class=\"has-text-align-center\" data-align=\"center\">Juiz de Fora (MG)<\/td><td class=\"has-text-align-center\" data-align=\"center\">12<\/td><td class=\"has-text-align-center\" data-align=\"center\">706,54<\/td><\/tr><tr><td>UNIVERSIDADE ESTADUAL DE MARING&Aacute; (UEM)<\/td><td class=\"has-text-align-center\" data-align=\"center\">Maring&aacute; (PR)<\/td><td class=\"has-text-align-center\" data-align=\"center\">9<\/td><td class=\"has-text-align-center\" data-align=\"center\">703,76<\/td><\/tr><tr><td>UNIVERSIDADE ESTADUAL DE LONDRINA (UEL)<\/td><td class=\"has-text-align-center\" data-align=\"center\">Londrina (PR)<\/td><td class=\"has-text-align-center\" data-align=\"center\">10<\/td><td class=\"has-text-align-center\" data-align=\"center\">702,98<\/td><\/tr><tr><td>FUNDA&Ccedil;&Atilde;O UNIVERSIDADE DO ESTADO DE SANTA CATARINA (UDESC)<\/td><td class=\"has-text-align-center\" data-align=\"center\">Florian&oacute;polis (SC)<\/td><td class=\"has-text-align-center\" data-align=\"center\">12<\/td><td class=\"has-text-align-center\" data-align=\"center\">701,84<\/td><\/tr><tr><td>UNIVERSIDADE FEDERAL DE SANTA MARIA (UFSM)<\/td><td class=\"has-text-align-center\" data-align=\"center\">Santa Maria (RS)<\/td><td class=\"has-text-align-center\" data-align=\"center\">13<\/td><td class=\"has-text-align-center\" data-align=\"center\">700,39<\/td><\/tr><tr><td>UNIVERSIDADE ESTADUAL DE MONTES CLAROS (UNIMONTES)<\/td><td class=\"has-text-align-center\" data-align=\"center\">Montes Claros (MG)<\/td><td class=\"has-text-align-center\" data-align=\"center\">6<\/td><td class=\"has-text-align-center\" data-align=\"center\">696,55<\/td><\/tr><tr><td>UNIVERSIDADE FEDERAL DE VI&Ccedil;OSA (UFV)<\/td><td class=\"has-text-align-center\" data-align=\"center\">Vi&ccedil;osa (MG)<\/td><td class=\"has-text-align-center\" data-align=\"center\">30<\/td><td class=\"has-text-align-center\" data-align=\"center\">695,70<\/td><\/tr><tr><td>UNIVERSIDADE FEDERAL DO CEAR&Aacute; (UFC)<\/td><td class=\"has-text-align-center\" data-align=\"center\">Fortaleza (CE)<\/td><td class=\"has-text-align-center\" data-align=\"center\">40<\/td><td class=\"has-text-align-center\" data-align=\"center\">694,88<\/td><\/tr><tr><td>UNIVERSIDADE ESTADUAL DE MONTES CLAROS (UNIMONTES)<\/td><td class=\"has-text-align-center\" data-align=\"center\">Montes Claros (MG)<\/td><td class=\"has-text-align-center\" data-align=\"center\">6<\/td><td class=\"has-text-align-center\" data-align=\"center\">693,31<\/td><\/tr><tr><td>UNIVERSIDADE FEDERAL DE SANTA MARIA (UFSM)<\/td><td class=\"has-text-align-center\" data-align=\"center\">Santa Maria (RS)<\/td><td class=\"has-text-align-center\" data-align=\"center\">13<\/td><td class=\"has-text-align-center\" data-align=\"center\">693,25<\/td><\/tr><tr><td>UNIVERSIDADE FEDERAL DA BAHIA (UFBA)<\/td><td class=\"has-text-align-center\" data-align=\"center\">Salvador (BA)<\/td><td class=\"has-text-align-center\" data-align=\"center\">34<\/td><td class=\"has-text-align-center\" data-align=\"center\">691,36<\/td><\/tr><tr><td>FUNDA&Ccedil;&Atilde;O UNIVERSIDADE FEDERAL DO TOCANTINS (UFT)<\/td><td class=\"has-text-align-center\" data-align=\"center\">Palmas (TO)<\/td><td class=\"has-text-align-center\" data-align=\"center\">5<\/td><td class=\"has-text-align-center\" data-align=\"center\">690,58<\/td><\/tr><tr><td>UNIVERSIDADE FEDERAL DE PERNAMBUCO (UFPE)<\/td><td class=\"has-text-align-center\" data-align=\"center\">Recife (PE)<\/td><td class=\"has-text-align-center\" data-align=\"center\">30<\/td><td class=\"has-text-align-center\" data-align=\"center\">689,86<\/td><\/tr><tr><td>UNIVERSIDADE ESTADUAL DE MARING&Aacute; (UEM)<\/td><td class=\"has-text-align-center\" data-align=\"center\">Maring&aacute; (PR)<\/td><td class=\"has-text-align-center\" data-align=\"center\">5<\/td><td class=\"has-text-align-center\" data-align=\"center\">689,30<\/td><\/tr><tr><td>UNIVERSIDADE ESTADUAL DO SUDOESTE DA BAHIA (UESB)<\/td><td class=\"has-text-align-center\" data-align=\"center\">Vit&oacute;ria da Conquista (BA)<\/td><td class=\"has-text-align-center\" data-align=\"center\">10<\/td><td class=\"has-text-align-center\" data-align=\"center\">688,94<\/td><\/tr><tr><td>UNIVERSIDADE FEDERAL DO CEAR&Aacute; (UFC)<\/td><td class=\"has-text-align-center\" data-align=\"center\">Sobral (CE)<\/td><td class=\"has-text-align-center\" data-align=\"center\">24<\/td><td class=\"has-text-align-center\" data-align=\"center\">687,06<\/td><\/tr><tr><td>UNIVERSIDADE FEDERAL RURAL DO RIO DE JANEIRO (UFRRJ)<\/td><td class=\"has-text-align-center\" data-align=\"center\">Serop&eacute;dica (RJ)<\/td><td class=\"has-text-align-center\" data-align=\"center\">22<\/td><td class=\"has-text-align-center\" data-align=\"center\">687,04<\/td><\/tr><tr><td>UNIVERSIDADE FEDERAL DO CEAR&Aacute; (UFC)<\/td><td class=\"has-text-align-center\" data-align=\"center\">Fortaleza (CE)<\/td><td class=\"has-text-align-center\" data-align=\"center\">40<\/td><td class=\"has-text-align-center\" data-align=\"center\">683,80<\/td><\/tr><tr><td>INSTITUTO FEDERAL DE EDUCA&Ccedil;&Atilde;O, CI&Ecirc;NCIA E TECNOLOGIA DO ESP&Iacute;RITO SANTO (IFES)<\/td><td class=\"has-text-align-center\" data-align=\"center\">Cariacica (ES)<\/td><td class=\"has-text-align-center\" data-align=\"center\">20<\/td><td class=\"has-text-align-center\" data-align=\"center\">683,22<\/td><\/tr><tr><td>UNIVERSIDADE ESTADUAL DO PARAN&Aacute; (UNESPAR)<\/td><td class=\"has-text-align-center\" data-align=\"center\">Apucarana (PR)<\/td><td class=\"has-text-align-center\" data-align=\"center\">10<\/td><td class=\"has-text-align-center\" data-align=\"center\">677,68<\/td><\/tr><tr><td>UNIVERSIDADE FEDERAL DO AMAZONAS (UFAM)<\/td><td class=\"has-text-align-center\" data-align=\"center\">Manaus (AM)<\/td><td class=\"has-text-align-center\" data-align=\"center\">12<\/td><td class=\"has-text-align-center\" data-align=\"center\">676,84<\/td><\/tr><tr><td>UNIVERSIDADE FEDERAL DO AMAZONAS (UFAM)<\/td><td class=\"has-text-align-center\" data-align=\"center\">Manaus (AM)<\/td><td class=\"has-text-align-center\" data-align=\"center\">12<\/td><td class=\"has-text-align-center\" data-align=\"center\">676,71<\/td><\/tr><tr><td>UNIVERSIDADE FEDERAL DO SUL E SUDESTE DO PAR&Aacute; (UNIFESSPA)<\/td><td class=\"has-text-align-center\" data-align=\"center\">Marab&aacute; (PA)<\/td><td class=\"has-text-align-center\" data-align=\"center\">10<\/td><td class=\"has-text-align-center\" data-align=\"center\">672,76<\/td><\/tr><tr><td>UNIVERSIDADE FEDERAL DE JUIZ DE FORA (UFJF)<\/td><td class=\"has-text-align-center\" data-align=\"center\">Governador Valadares (MG)<\/td><td class=\"has-text-align-center\" data-align=\"center\">25<\/td><td class=\"has-text-align-center\" data-align=\"center\">672,10<\/td><\/tr><tr><td>UNIVERSIDADE FEDERAL DA FRONTEIRA SUL (UFFS)<\/td><td class=\"has-text-align-center\" data-align=\"center\">Chapec&oacute; (SC)<\/td><td class=\"has-text-align-center\" data-align=\"center\">6<\/td><td class=\"has-text-align-center\" data-align=\"center\">667,20<\/td><\/tr><tr><td>UNIVERSIDADE FEDERAL DE PERNAMBUCO (UFPE)<\/td><td class=\"has-text-align-center\" data-align=\"center\">Caruaru (PE)<\/td><td class=\"has-text-align-center\" data-align=\"center\">50<\/td><td class=\"has-text-align-center\" data-align=\"center\">665,14<\/td><\/tr><tr><td>UNIVERSIDADE FEDERAL DE OURO PRETO (UFOP)<\/td><td class=\"has-text-align-center\" data-align=\"center\">Mariana (MG)<\/td><td class=\"has-text-align-center\" data-align=\"center\">25<\/td><td class=\"has-text-align-center\" data-align=\"center\">664,91<\/td><\/tr><tr><td>UNIVERSIDADE FEDERAL FLUMINENSE (UFF)<\/td><td class=\"has-text-align-center\" data-align=\"center\">Campos dos Goytacazes (RJ)<\/td><td class=\"has-text-align-center\" data-align=\"center\">55<\/td><td class=\"has-text-align-center\" data-align=\"center\">661,26<\/td><\/tr><tr><td>UNIVERSIDADE FEDERAL RURAL DO RIO DE JANEIRO (UFRRJ)<\/td><td class=\"has-text-align-center\" data-align=\"center\">Tr&ecirc;s Rios (RJ)<\/td><td class=\"has-text-align-center\" data-align=\"center\">22<\/td><td class=\"has-text-align-center\" data-align=\"center\">660,58<\/td><\/tr><tr><td>UNIVERSIDADE FEDERAL DE RORAIMA (UFRR)<\/td><td class=\"has-text-align-center\" data-align=\"center\">Boa Vista (RR)<\/td><td class=\"has-text-align-center\" data-align=\"center\">6<\/td><td class=\"has-text-align-center\" data-align=\"center\">658,84<\/td><\/tr><tr><td>UNIVERSIDADE FEDERAL DE ALAGOAS (UFAL)<\/td><td class=\"has-text-align-center\" data-align=\"center\">Macei&oacute; (AL)<\/td><td class=\"has-text-align-center\" data-align=\"center\">24<\/td><td class=\"has-text-align-center\" data-align=\"center\">655,30<\/td><\/tr><tr><td>UNIVERSIDADE ESTADUAL DO NORTE DO PARAN&Aacute; (UENP)<\/td><td class=\"has-text-align-center\" data-align=\"center\">Corn&eacute;lio Proc&oacute;pio (PR)<\/td><td class=\"has-text-align-center\" data-align=\"center\">11<\/td><td class=\"has-text-align-center\" data-align=\"center\">655,09<\/td><\/tr><tr><td>Universidade ESTADUAL DO PARAN&Aacute; (UNESPAR)<\/td><td class=\"has-text-align-center\" data-align=\"center\">Campo Mour&atilde;o (PR)<\/td><td class=\"has-text-align-center\" data-align=\"center\">16<\/td><td class=\"has-text-align-center\" data-align=\"center\">649,86<\/td><\/tr><tr><td>UNIVERSIDADE FEDERAL RURAL DE PERNAMBUCO (UFRPE)<\/td><td class=\"has-text-align-center\" data-align=\"center\">Recife (PE)<\/td><td class=\"has-text-align-center\" data-align=\"center\">40<\/td><td class=\"has-text-align-center\" data-align=\"center\">649,54<\/td><\/tr><tr><td>UNIVERSIDADE FEDERAL DO RIO GRANDE DO NORTE (UFRN)<\/td><td class=\"has-text-align-center\" data-align=\"center\">Natal (RN)<\/td><td class=\"has-text-align-center\" data-align=\"center\">25<\/td><td class=\"has-text-align-center\" data-align=\"center\">648,58<\/td><\/tr><tr><td>UNIVERSIDADE FEDERAL DE PELOTAS (UFPEL)<\/td><td class=\"has-text-align-center\" data-align=\"center\">Pelotas (RS)<\/td><td class=\"has-text-align-center\" data-align=\"center\">22<\/td><td class=\"has-text-align-center\" data-align=\"center\">648,46<\/td><\/tr><tr><td>UNIVERSIDADE FEDERAL DE MATO GROSSO (UFMT)<\/td><td class=\"has-text-align-center\" data-align=\"center\">Cuiab&aacute; (MT)<\/td><td class=\"has-text-align-center\" data-align=\"center\">30<\/td><td class=\"has-text-align-center\" data-align=\"center\">647,68<\/td><\/tr><tr><td>UNIVERSIDADE FEDERAL DE SERGIPE (UFS)<\/td><td class=\"has-text-align-center\" data-align=\"center\">S&atilde;o Crist&oacute;v&atilde;o (SE)<\/td><td class=\"has-text-align-center\" data-align=\"center\">23<\/td><td class=\"has-text-align-center\" data-align=\"center\">647,27<\/td><\/tr><tr><td>UNIVERSIDADE FEDERAL DE OURO PRETO (UFOP)<\/td><td class=\"has-text-align-center\" data-align=\"center\">Mariana (MG)<\/td><td class=\"has-text-align-center\" data-align=\"center\">25<\/td><td class=\"has-text-align-center\" data-align=\"center\">645,90<\/td><\/tr><tr><td>UNIVERSIDADE FEDERAL DE SERGIPE (UFS)<\/td><td class=\"has-text-align-center\" data-align=\"center\">S&atilde;o Crist&oacute;v&atilde;o (SE)<\/td><td class=\"has-text-align-center\" data-align=\"center\">23<\/td><td class=\"has-text-align-center\" data-align=\"center\">645,78<\/td><\/tr><tr><td>UNIVERSIDADE FEDERAL DE SANTA MARIA (UFSM)<\/td><td class=\"has-text-align-center\" data-align=\"center\">Palmeira das Miss&otilde;es (RS)<\/td><td class=\"has-text-align-center\" data-align=\"center\">17<\/td><td class=\"has-text-align-center\" data-align=\"center\">645,52<\/td><\/tr><tr><td>UNIVERSIDADE FEDERAL DO MARANH&Atilde;O (UFMA)<\/td><td class=\"has-text-align-center\" data-align=\"center\">S&atilde;o Lu&iacute;s (MA)<\/td><td class=\"has-text-align-center\" data-align=\"center\">22<\/td><td class=\"has-text-align-center\" data-align=\"center\">644,72<\/td><\/tr><tr><td>UNIVERSIDADE FEDERAL DE S&Atilde;O JO&Atilde;O DEL REI (UFSJ)<\/td><td class=\"has-text-align-center\" data-align=\"center\">S&atilde;o Jo&atilde;o del Rei (MG)<\/td><td class=\"has-text-align-center\" data-align=\"center\">19<\/td><td class=\"has-text-align-center\" data-align=\"center\">644,11<\/td><\/tr><tr><td>UNIVERSIDADE FEDERAL DE S&Atilde;O JO&Atilde;O DEL REI (UFSJ)<\/td><td class=\"has-text-align-center\" data-align=\"center\">S&atilde;o Jo&atilde;o del Rei (MG)<\/td><td class=\"has-text-align-center\" data-align=\"center\">29<\/td><td class=\"has-text-align-center\" data-align=\"center\">643,90<\/td><\/tr><tr><td>UNIVERSIDADE ESTADUAL DE SANTA CRUZ (UESC)<\/td><td class=\"has-text-align-center\" data-align=\"center\">Ilh&eacute;us (BA)<\/td><td class=\"has-text-align-center\" data-align=\"center\">25<\/td><td class=\"has-text-align-center\" data-align=\"center\">642,65<\/td><\/tr><tr><td>UNIVERSIDADE FEDERAL DO PIAU&Iacute; (UFPI)<\/td><td class=\"has-text-align-center\" data-align=\"center\">Teresina (PI)<\/td><td class=\"has-text-align-center\" data-align=\"center\">39<\/td><td class=\"has-text-align-center\" data-align=\"center\">642,60<\/td><\/tr><tr><td>UNIVERSIDADE FEDERAL DO ACRE (UFAC)<\/td><td class=\"has-text-align-center\" data-align=\"center\">Rio Branco (AC)<\/td><td class=\"has-text-align-center\" data-align=\"center\">22<\/td><td class=\"has-text-align-center\" data-align=\"center\">641,90<\/td><\/tr><tr><td>UNIVERSIDADE FEDERAL DO RIO GRANDE DO NORTE (UFRN)<\/td><td class=\"has-text-align-center\" data-align=\"center\">Natal (RN)<\/td><td class=\"has-text-align-center\" data-align=\"center\">25<\/td><td class=\"has-text-align-center\" data-align=\"center\">641,18<\/td><\/tr><tr><td>UNIVERSIDADE ESTADUAL DE FEIRA DE SANTANA (UEFS)<\/td><td class=\"has-text-align-center\" data-align=\"center\">Feira de Santana (BA)<\/td><td class=\"has-text-align-center\" data-align=\"center\">40<\/td><td class=\"has-text-align-center\" data-align=\"center\">640,23<\/td><\/tr><tr><td>UNIVERSIDADE FEDERAL DE ALAGOAS (UFAL)<\/td><td class=\"has-text-align-center\" data-align=\"center\">Macei&oacute; (AL)<\/td><td class=\"has-text-align-center\" data-align=\"center\">24<\/td><td class=\"has-text-align-center\" data-align=\"center\">639,82<\/td><\/tr><tr><td>FUNDA&Ccedil;&Atilde;O UNIVERSIDADE FEDERAL DA GRANDE DOURADOS (UFGD)<\/td><td class=\"has-text-align-center\" data-align=\"center\">Dourados (MS)<\/td><td class=\"has-text-align-center\" data-align=\"center\">11<\/td><td class=\"has-text-align-center\" data-align=\"center\">637,32<\/td><\/tr><tr><td>UNIVERSIDADE ESTADUAL DE SANTA CRUZ (UESC)<\/td><td class=\"has-text-align-center\" data-align=\"center\">Ilh&eacute;us (BA)<\/td><td class=\"has-text-align-center\" data-align=\"center\">25<\/td><td class=\"has-text-align-center\" data-align=\"center\">637,01<\/td><\/tr><tr><td>UNIVERSIDADE FEDERAL DOS VALES DO JEQUITINHONHA E MUCURI (UFVJM)<\/td><td class=\"has-text-align-center\" data-align=\"center\">Te&oacute;filo Otoni (MG)<\/td><td class=\"has-text-align-center\" data-align=\"center\">15<\/td><td class=\"has-text-align-center\" data-align=\"center\">632,61<\/td><\/tr><tr><td>UNIVERSIDADE FEDERAL DO MARANH&Atilde;O (UFMA)<\/td><td class=\"has-text-align-center\" data-align=\"center\">S&atilde;o Lu&iacute;s (MA)<\/td><td class=\"has-text-align-center\" data-align=\"center\">28<\/td><td class=\"has-text-align-center\" data-align=\"center\">632,46<\/td><\/tr><tr><td>UNIVERSIDADE FEDERAL DA PARA&Iacute;BA (UFPB)<\/td><td class=\"has-text-align-center\" data-align=\"center\">Jo&atilde;o Pessoa (PB)<\/td><td class=\"has-text-align-center\" data-align=\"center\">40<\/td><td class=\"has-text-align-center\" data-align=\"center\">630,00<\/td><\/tr><tr><td>UNIVERSIDADE FEDERAL DE MATO GROSSO (UFMT)<\/td><td class=\"has-text-align-center\" data-align=\"center\">Cuiab&aacute; (MT)<\/td><td class=\"has-text-align-center\" data-align=\"center\">30<\/td><td class=\"has-text-align-center\" data-align=\"center\">628,42<\/td><\/tr><tr><td>UNIVERSIDADE FEDERAL DO RIO GRANDE (FURG)<\/td><td class=\"has-text-align-center\" data-align=\"center\">Rio Grande (RS)<\/td><td class=\"has-text-align-center\" data-align=\"center\">45<\/td><td class=\"has-text-align-center\" data-align=\"center\">624,77<\/td><\/tr><tr><td>UNIVERSIDADE FEDERAL DE CAMPINA GRANDE (UFCG)<\/td><td class=\"has-text-align-center\" data-align=\"center\">Campina Grande (PB)<\/td><td class=\"has-text-align-center\" data-align=\"center\">22<\/td><td class=\"has-text-align-center\" data-align=\"center\">619,30<\/td><\/tr><tr><td>UNIVERSIDADE FEDERAL DE CAMPINA GRANDE (UFCG)<\/td><td class=\"has-text-align-center\" data-align=\"center\">Campina Grande (PB)<\/td><td class=\"has-text-align-center\" data-align=\"center\">22<\/td><td class=\"has-text-align-center\" data-align=\"center\">613,46<\/td><\/tr><tr><td>UNIVERSIDADE FEDERAL DO DELTA DO PARNAIBA (UFDPAR)<\/td><td class=\"has-text-align-center\" data-align=\"center\">Parna&iacute;ba (PI)<\/td><td class=\"has-text-align-center\" data-align=\"center\">22<\/td><td class=\"has-text-align-center\" data-align=\"center\">601,35<\/td><\/tr><tr><td>UNIVERSIDADE DO ESTADO DO RIO GRANDE DO NORTE (UERN)<\/td><td class=\"has-text-align-center\" data-align=\"center\">Mossor&oacute; (RN)<\/td><td class=\"has-text-align-center\" data-align=\"center\">16<\/td><td class=\"has-text-align-center\" data-align=\"center\">600,59<\/td><\/tr><tr><td>UNIVERSIDADE FEDERAL DE ALAGOAS (UFAL)<\/td><td class=\"has-text-align-center\" data-align=\"center\">Santana do Ipanema (AL)<\/td><td class=\"has-text-align-center\" data-align=\"center\">10<\/td><td class=\"has-text-align-center\" data-align=\"center\">598,36<\/td><\/tr><tr><td>UNIVERSIDADE FEDERAL RURAL DE PERNAMBUCO (UFRPE)<\/td><td class=\"has-text-align-center\" data-align=\"center\">Serra Talhada (PE)<\/td><td class=\"has-text-align-center\" data-align=\"center\">40<\/td><td class=\"has-text-align-center\" data-align=\"center\">592,19<\/td><\/tr><tr><td>UNIVERSIDADE DO ESTADO DO RIO GRANDE DO NORTE (UERN)<\/td><td class=\"has-text-align-center\" data-align=\"center\">Mossor&oacute; (RN)<\/td><td class=\"has-text-align-center\" data-align=\"center\">20<\/td><td class=\"has-text-align-center\" data-align=\"center\">591,98<\/td><\/tr><tr><td>UNIVERSIDADE FEDERAL DA FRONTEIRA SUL (UFFS)<\/td><td class=\"has-text-align-center\" data-align=\"center\">Laranjeiras do Sul (PR)<\/td><td class=\"has-text-align-center\" data-align=\"center\">6<\/td><td class=\"has-text-align-center\" data-align=\"center\">590,50<\/td><\/tr><tr><td>UNIVERSIDADE DO ESTADO DO RIO GRANDE DO NORTE (UERN)<\/td><td class=\"has-text-align-center\" data-align=\"center\">A&ccedil;u (RN)<\/td><td class=\"has-text-align-center\" data-align=\"center\">18<\/td><td class=\"has-text-align-center\" data-align=\"center\">588,90<\/td><\/tr><tr><td>UNIVERSIDADE DO ESTADO DO RIO GRANDE DO NORTE (UERN)<\/td><td class=\"has-text-align-center\" data-align=\"center\">Pau dos Ferros (RN)<\/td><td class=\"has-text-align-center\" data-align=\"center\">20<\/td><td class=\"has-text-align-center\" data-align=\"center\">576,71<\/td><\/tr><tr><td>UNIVERSIDADE DO ESTADO DE MATO GROSSO (UNEMAT)<\/td><td class=\"has-text-align-center\" data-align=\"center\">Sinop (MT)<\/td><td class=\"has-text-align-center\" data-align=\"center\">16<\/td><td class=\"has-text-align-center\" data-align=\"center\">557,34<\/td><\/tr><tr><td>UNIVERSIDADE ESTADUAL DE MATO GROSSO DO SUL (UEMS)<\/td><td class=\"has-text-align-center\" data-align=\"center\">Ponta Por&atilde; (MS)<\/td><td class=\"has-text-align-center\" data-align=\"center\">16<\/td><td class=\"has-text-align-center\" data-align=\"center\">552,98<\/td><\/tr><tr><td>FUNDA&Ccedil;&Atilde;O UNIVERSIDADE FEDERAL DO PAMPA (UNIPAMPA)<\/td><td class=\"has-text-align-center\" data-align=\"center\">Sant&rsquo;Ana do Livramento (RS)<\/td><td class=\"has-text-align-center\" data-align=\"center\">10<\/td><td class=\"has-text-align-center\" data-align=\"center\">550,64<\/td><\/tr><tr><td>UNIVERSIDADE FEDERAL DE ALFENAS (UNIFAL-MG)<\/td><td class=\"has-text-align-center\" data-align=\"center\">Varginha (MG)<\/td><td class=\"has-text-align-center\" data-align=\"center\">51<\/td><td class=\"has-text-align-center\" data-align=\"center\">0,00<\/td><\/tr><tr><td>UNIVERSIDADE FEDERAL DE ALFENAS (UNIFAL-MG)<\/td><td class=\"has-text-align-center\" data-align=\"center\">Varginha (MG)<\/td><td class=\"has-text-align-center\" data-align=\"center\">51<\/td><td class=\"has-text-align-center\" data-align=\"center\">0,00<\/td><\/tr><\/tbody><\/table><\/figure><p><strong><em>*AC = Ampla Concorr&ecirc;ncia<\/em><\/strong><\/p><h2 class=\"wp-block-heading\" id=\"h-mais-informacoes-sobre-os-cursos-de-economia\"><span class=\"ez-toc-section\" id=\"Mais-informacoes-sobre-os-cursos-de-Economia\"><\/span>Mais informa&ccedil;&otilde;es sobre os cursos de Economia<span class=\"ez-toc-section-end\"><\/span><\/h2><p>O curso de Ci&ecirc;ncias Econ&ocirc;micas, ou Economia, tem dura&ccedil;&atilde;o m&eacute;dia de quatro a cinco anos e sua grade curricular abrange &aacute;reas como microeconomia, macroeconomia, estat&iacute;stica, matem&aacute;tica financeira, contabilidade, hist&oacute;ria econ&ocirc;mica, economia internacional e pol&iacute;tica econ&ocirc;mica.&nbsp;<\/p><p>Tamb&eacute;m inclui disciplinas voltadas para o entendimento do comportamento dos agentes econ&ocirc;micos (empresas, consumidores, governo) e da din&acirc;mica dos mercados.<\/p><p>O economista pode atuar em diversos setores, como institui&ccedil;&otilde;es financeiras, &oacute;rg&atilde;os p&uacute;blicos, consultorias, empresas privadas, organiza&ccedil;&otilde;es internacionais e pesquisa acad&ecirc;mica.&nbsp;<\/p><p>Entre suas principais fun&ccedil;&otilde;es est&atilde;o a an&aacute;lise de indicadores econ&ocirc;micos, elabora&ccedil;&atilde;o de cen&aacute;rios para tomada de decis&atilde;o, formula&ccedil;&atilde;o de pol&iacute;ticas p&uacute;blicas e estudo de viabilidade econ&ocirc;mica de projetos.&nbsp;<\/p><p><strong>Saiba mais sobre o curso:<\/strong><br><a href=\"https:\/\/vestibulares.estrategia.com\/portal\/profissoes\/graduacoes\/50-melhores-cursos-de-economia-do-brasil-segundo-o-mec\/\">+ 50 melhores cursos de Economia do Brasil, segundo o MEC<\/a><\/p><h2 class=\"wp-block-heading\" id=\"h-como-funciona-o-sisu\"><span class=\"ez-toc-section\" id=\"Como-funciona-o-Sisu\"><\/span>Como funciona o Sisu?<span class=\"ez-toc-section-end\"><\/span><\/h2><p>O Sisu &eacute; um programa que seleciona estudantes para ingressarem em institui&ccedil;&otilde;es federais e estaduais de Ensino Superior. Al&eacute;m disso, &eacute; um sistema online que re&uacute;ne candidatos e institui&ccedil;&otilde;es em uma mesma plataforma, auxiliando na escolha dos candidatos.<\/p><p>Para realizar a inscri&ccedil;&atilde;o, o candidato deve ter em m&atilde;os o n&uacute;mero de inscri&ccedil;&atilde;o do Enem e a senha utilizada para acesso ao sistema. Ao entrar no site, deve escolher o curso e a institui&ccedil;&atilde;o que deseja concorrer &agrave;s vagas, atentando-se aos prazos e atualiza&ccedil;&otilde;es nos sites das pr&oacute;prias universidades.<\/p><p>Vale ressaltar que n&atilde;o h&aacute; pagamento de taxa de inscri&ccedil;&atilde;o e essa forma de ingresso acontece duas vezes ao ano. Ao decorrer da semana em que as inscri&ccedil;&otilde;es est&atilde;o abertas, as notas de corte dos cursos costumam sofrer altera&ccedil;&otilde;es conforme a demanda e escolha dos candidatos. Ap&oacute;s o encerramento das inscri&ccedil;&otilde;es, &eacute; divulgada uma lista com os aprovados.<\/p><h3 class=\"wp-block-heading\" id=\"h-enem-2025\">Enem 2025<\/h3><ul class=\"wp-block-list\">\n<li><strong>Divulga&ccedil;&atilde;o do edital<\/strong><br>23\/05\/2025 &ndash;&nbsp;<a href=\"https:\/\/vestibulares.estrategia.com\/portal\/noticias\/edital-enem-2024-completo-datas-inscricoes-provas-e-resultado\/\" target=\"_blank\">acesse o edital<\/a><\/li>\n\n\n\n<li><strong>Per&iacute;odo de solicita&ccedil;&atilde;o de isen&ccedil;&atilde;o e justificativa de aus&ecirc;ncia<br><\/strong>14 a 25\/04\/2025<\/li>\n\n\n\n<li><strong>Divulga&ccedil;&atilde;o do resultado do pedido de isen&ccedil;&atilde;o e da justificativa de aus&ecirc;ncia<br><\/strong>12\/05\/2025<\/li>\n\n\n\n<li><strong>Recurso da justificativa de aus&ecirc;ncia e permiss&atilde;o de isen&ccedil;&atilde;o da taxa de inscri&ccedil;&atilde;o<br><\/strong>12 a 16\/05\/2025<\/li>\n\n\n\n<li><strong>Resultados do recurso da justificativa de aus&ecirc;ncia e pedido de isen&ccedil;&atilde;o da taxa de inscri&ccedil;&atilde;o<br><\/strong>22\/05\/2025<\/li>\n\n\n\n<li><strong>Per&iacute;odo de inscri&ccedil;&otilde;es do Enem 2025<br><\/strong>26\/05 a 06\/06\/2025<\/li>\n\n\n\n<li><strong>Pagamento da taxa de inscri&ccedil;&atilde;o<\/strong><br>at&eacute; 11\/06\/2025<\/li>\n\n\n\n<li><strong>Divulga&ccedil;&atilde;o do local de prova do Enem 2025<\/strong><br><em>24\/10\/2025<\/em><\/li>\n\n\n\n<li><strong>Provas Enem 2025<\/strong>*<br>09 e 16\/11\/2025<\/li>\n\n\n\n<li><strong>Divulga&ccedil;&atilde;o do gabarito oficial<\/strong><br>at&eacute; o 10&deg; dia &uacute;til ap&oacute;s o 2&deg; dia de aplica&ccedil;&atilde;o<\/li>\n\n\n\n<li><strong>Divulga&ccedil;&atilde;o do resultado<\/strong><br>16\/01\/2026<\/li>\n\n\n\n<li><strong>*Aplica&ccedil;&atilde;o em Bel&eacute;m, Ananindeua e Marituba (PA)<br><\/strong>30\/11 e 07\/12\/2025<\/li>\n<\/ul><h3 class=\"wp-block-heading\" id=\"h-sisu-2026\">Sisu 2026<\/h3><ul class=\"wp-block-list\">\n<li><strong>Divulga&ccedil;&atilde;o do edital:<\/strong>&nbsp;23\/12\/2025;<\/li>\n\n\n\n<li><strong>Per&iacute;odo de inscri&ccedil;&atilde;o:&nbsp;<\/strong>19 a 23\/01\/2026;<\/li>\n\n\n\n<li><strong>Resultado da lista &uacute;nica:&nbsp;<\/strong>29\/01\/2026;<\/li>\n\n\n\n<li><strong>Matr&iacute;culas chamada regular:&nbsp;<\/strong>a partir de 02\/02\/2026;<\/li>\n\n\n\n<li><strong>Per&iacute;odo para participar da lista de espera:&nbsp;<\/strong>29\/01 a 02\/02\/2026.<\/li>\n<\/ul><h2 class=\"wp-block-heading\" id=\"h-minha-nota-nao-e-suficiente-e-agora\"><span class=\"ez-toc-section\" id=\"Minha-nota-nao-e-suficiente-E-agora\"><\/span>Minha nota n&atilde;o &eacute; suficiente. E agora?<span class=\"ez-toc-section-end\"><\/span><\/h2><p>O Estrat&eacute;gia Vestibulares oferece cursos e simulados preparat&oacute;rios para o Enem e desenvolvidos exclusivamente para a banca do exame, o que potencializa o aproveitamento dos conte&uacute;dos estudados. Acesse abaixo e saiba mais sobre nossos benef&iacute;cios para te ajudar a ingressar na universidade dos seus sonhos!<\/p><p>\n\n\n\n<a id=\"cta\" class=\"cta-imagem\" href=\"https:\/\/vestibulares.estrategia.com\/curso\/pacote-enem\/\" target=\"blank\">\n                <img decoding=\"async\" width=\"100%\" src=\"https:\/\/vestibulares.estrategia.com\/portal\/wp-content\/uploads\/2021\/12\/Enem.jpg\" alt=\"CTA curso Enem\" title=\"CTA curso Enem\">\n        <\/a>\n<\/p><\/p>\n","protected":false},"excerpt":{"rendered":"Mais de 90 cursos de gradua\u00e7\u00e3o em Economia est\u00e3o dispon\u00edveis no Sisu; confira suas notas de corte\n","protected":false},"author":51,"featured_media":137530,"comment_status":"closed","ping_status":"closed","sticky":false,"template":"","format":"standard","meta":{"wl_entities_gutenberg":"","footnotes":""},"categories":[822],"tags":[],"wl_entity_type":[732],"class_list":{"0":"post-137528","1":"post","2":"type-post","3":"status-publish","4":"format-standard","5":"has-post-thumbnail","7":"category-sisu","8":"wl_entity_type-article"},"acf":[],"yoast_head":"<!-- This site is optimized with the Yoast SEO Premium plugin v25.9 (Yoast SEO v25.9) - https:\/\/yoast.com\/wordpress\/plugins\/seo\/ -->\n<title>Notas de corte de Economia no Sisu: veja as notas m\u00ednimas para ingresso no curso<\/title>\n<meta name=\"description\" content=\"Mais de 90 cursos de gradua\u00e7\u00e3o em Economia est\u00e3o dispon\u00edveis no Sisu. Confira mais sobre o curso e suas notas de corte!\" \/>\n<meta name=\"robots\" content=\"index, follow, max-snippet:-1, max-image-preview:large, max-video-preview:-1\" \/>\n<link rel=\"canonical\" href=\"https:\/\/vestibulares.estrategia.com\/portal\/enem-e-vestibulares\/sisu\/notas-de-corte-de-economia-no-sisu-veja-as-notas-minimas-para-ingresso-no-curso\/\" \/>\n<meta property=\"og:locale\" content=\"pt_BR\" \/>\n<meta property=\"og:type\" content=\"article\" \/>\n<meta property=\"og:title\" content=\"Notas de corte de Economia no Sisu: veja as notas m\u00ednimas para ingresso no curso\" \/>\n<meta property=\"og:description\" content=\"Mais de 90 cursos de gradua\u00e7\u00e3o em Economia est\u00e3o dispon\u00edveis no Sisu. Confira mais sobre o curso e suas notas de corte!\" \/>\n<meta property=\"og:url\" content=\"https:\/\/vestibulares.estrategia.com\/portal\/enem-e-vestibulares\/sisu\/notas-de-corte-de-economia-no-sisu-veja-as-notas-minimas-para-ingresso-no-curso\/\" \/>\n<meta property=\"og:site_name\" content=\"Estrat\u00e9gia Vestibulares\" \/>\n<meta property=\"article:publisher\" content=\"https:\/\/facebook.com\/estrategiavestibulares\" \/>\n<meta property=\"article:published_time\" content=\"2025-04-11T18:58:44+00:00\" \/>\n<meta property=\"article:modified_time\" content=\"2026-01-16T16:59:43+00:00\" \/>\n<meta property=\"og:image\" content=\"https:\/\/vestibulares.estrategia.com\/portal\/wp-content\/uploads\/2025\/04\/notas-de-corte-economia-sisu.jpg\" \/>\n\t<meta property=\"og:image:width\" content=\"1920\" \/>\n\t<meta property=\"og:image:height\" content=\"1215\" \/>\n\t<meta property=\"og:image:type\" content=\"image\/jpeg\" \/>\n<meta name=\"author\" content=\"Larrani Ferreira\" \/>\n<meta name=\"twitter:card\" content=\"summary_large_image\" \/>\n<meta name=\"twitter:creator\" content=\"@Estrategiavest\" \/>\n<meta name=\"twitter:site\" content=\"@Estrategiavest\" \/>\n<meta name=\"twitter:label1\" content=\"Escrito por\" \/>\n\t<meta name=\"twitter:data1\" content=\"Larrani Ferreira\" \/>\n\t<meta name=\"twitter:label2\" content=\"Est. tempo de leitura\" \/>\n\t<meta name=\"twitter:data2\" content=\"9 minutos\" \/>\n<script type=\"application\/ld+json\" class=\"yoast-schema-graph\">{\"@context\":\"https:\/\/schema.org\",\"@graph\":[{\"@type\":\"Article\",\"@id\":\"https:\/\/vestibulares.estrategia.com\/portal\/enem-e-vestibulares\/sisu\/notas-de-corte-de-economia-no-sisu-veja-as-notas-minimas-para-ingresso-no-curso\/#article\",\"isPartOf\":{\"@id\":\"https:\/\/vestibulares.estrategia.com\/portal\/enem-e-vestibulares\/sisu\/notas-de-corte-de-economia-no-sisu-veja-as-notas-minimas-para-ingresso-no-curso\/\"},\"author\":{\"name\":\"Larrani Ferreira\",\"@id\":\"https:\/\/vestibulares.estrategia.com\/portal\/#\/schema\/person\/98d0c0e22d6d89b480aa1929f0e64ec5\"},\"headline\":\"Notas de corte de Economia no Sisu: veja as notas m\u00ednimas para ingresso no curso\",\"datePublished\":\"2025-04-11T18:58:44+00:00\",\"dateModified\":\"2026-01-16T16:59:43+00:00\",\"mainEntityOfPage\":{\"@id\":\"https:\/\/vestibulares.estrategia.com\/portal\/enem-e-vestibulares\/sisu\/notas-de-corte-de-economia-no-sisu-veja-as-notas-minimas-para-ingresso-no-curso\/\"},\"wordCount\":1793,\"publisher\":{\"@id\":\"https:\/\/vestibulares.estrategia.com\/portal\/#organization\"},\"image\":{\"@id\":\"https:\/\/vestibulares.estrategia.com\/portal\/enem-e-vestibulares\/sisu\/notas-de-corte-de-economia-no-sisu-veja-as-notas-minimas-para-ingresso-no-curso\/#primaryimage\"},\"thumbnailUrl\":\"https:\/\/vestibulares.estrategia.com\/portal\/wp-content\/uploads\/2025\/04\/notas-de-corte-economia-sisu.jpg\",\"articleSection\":[\"Sisu\"],\"inLanguage\":\"pt-BR\"},{\"@type\":\"WebPage\",\"@id\":\"https:\/\/vestibulares.estrategia.com\/portal\/enem-e-vestibulares\/sisu\/notas-de-corte-de-economia-no-sisu-veja-as-notas-minimas-para-ingresso-no-curso\/\",\"url\":\"https:\/\/vestibulares.estrategia.com\/portal\/enem-e-vestibulares\/sisu\/notas-de-corte-de-economia-no-sisu-veja-as-notas-minimas-para-ingresso-no-curso\/\",\"name\":\"Notas de corte de Economia no Sisu: veja as notas m\u00ednimas para ingresso no curso\",\"isPartOf\":{\"@id\":\"https:\/\/vestibulares.estrategia.com\/portal\/#website\"},\"primaryImageOfPage\":{\"@id\":\"https:\/\/vestibulares.estrategia.com\/portal\/enem-e-vestibulares\/sisu\/notas-de-corte-de-economia-no-sisu-veja-as-notas-minimas-para-ingresso-no-curso\/#primaryimage\"},\"image\":{\"@id\":\"https:\/\/vestibulares.estrategia.com\/portal\/enem-e-vestibulares\/sisu\/notas-de-corte-de-economia-no-sisu-veja-as-notas-minimas-para-ingresso-no-curso\/#primaryimage\"},\"thumbnailUrl\":\"https:\/\/vestibulares.estrategia.com\/portal\/wp-content\/uploads\/2025\/04\/notas-de-corte-economia-sisu.jpg\",\"datePublished\":\"2025-04-11T18:58:44+00:00\",\"dateModified\":\"2026-01-16T16:59:43+00:00\",\"description\":\"Mais de 90 cursos de gradua\u00e7\u00e3o em Economia est\u00e3o dispon\u00edveis no Sisu. Confira mais sobre o curso e suas notas de corte!\",\"breadcrumb\":{\"@id\":\"https:\/\/vestibulares.estrategia.com\/portal\/enem-e-vestibulares\/sisu\/notas-de-corte-de-economia-no-sisu-veja-as-notas-minimas-para-ingresso-no-curso\/#breadcrumb\"},\"inLanguage\":\"pt-BR\",\"potentialAction\":[{\"@type\":\"ReadAction\",\"target\":[\"https:\/\/vestibulares.estrategia.com\/portal\/enem-e-vestibulares\/sisu\/notas-de-corte-de-economia-no-sisu-veja-as-notas-minimas-para-ingresso-no-curso\/\"]}]},{\"@type\":\"ImageObject\",\"inLanguage\":\"pt-BR\",\"@id\":\"https:\/\/vestibulares.estrategia.com\/portal\/enem-e-vestibulares\/sisu\/notas-de-corte-de-economia-no-sisu-veja-as-notas-minimas-para-ingresso-no-curso\/#primaryimage\",\"url\":\"https:\/\/vestibulares.estrategia.com\/portal\/wp-content\/uploads\/2025\/04\/notas-de-corte-economia-sisu.jpg\",\"contentUrl\":\"https:\/\/vestibulares.estrategia.com\/portal\/wp-content\/uploads\/2025\/04\/notas-de-corte-economia-sisu.jpg\",\"width\":1920,\"height\":1215,\"caption\":\"Foto: Freepik\"},{\"@type\":\"BreadcrumbList\",\"@id\":\"https:\/\/vestibulares.estrategia.com\/portal\/enem-e-vestibulares\/sisu\/notas-de-corte-de-economia-no-sisu-veja-as-notas-minimas-para-ingresso-no-curso\/#breadcrumb\",\"itemListElement\":[{\"@type\":\"ListItem\",\"position\":1,\"name\":\"Home\",\"item\":\"https:\/\/vestibulares.estrategia.com\/portal\/\"},{\"@type\":\"ListItem\",\"position\":2,\"name\":\"Enem e Vestibulares\",\"item\":\"https:\/\/vestibulares.estrategia.com\/portal\/enem-e-vestibulares\/\"},{\"@type\":\"ListItem\",\"position\":3,\"name\":\"Sisu\",\"item\":\"https:\/\/vestibulares.estrategia.com\/portal\/enem-e-vestibulares\/sisu\/\"},{\"@type\":\"ListItem\",\"position\":4,\"name\":\"Notas de corte de Economia no Sisu: veja as notas m\u00ednimas para ingresso no curso\"}]},{\"@type\":\"WebSite\",\"@id\":\"https:\/\/vestibulares.estrategia.com\/portal\/#website\",\"url\":\"https:\/\/vestibulares.estrategia.com\/portal\/\",\"name\":\"Estrat\u00e9gia Vestibulares\",\"description\":\"\",\"publisher\":{\"@id\":\"https:\/\/vestibulares.estrategia.com\/portal\/#organization\"},\"potentialAction\":[{\"@type\":\"SearchAction\",\"target\":{\"@type\":\"EntryPoint\",\"urlTemplate\":\"https:\/\/vestibulares.estrategia.com\/portal\/?s={search_term_string}\"},\"query-input\":{\"@type\":\"PropertyValueSpecification\",\"valueRequired\":true,\"valueName\":\"search_term_string\"}}],\"inLanguage\":\"pt-BR\"},{\"@type\":\"Organization\",\"@id\":\"https:\/\/vestibulares.estrategia.com\/portal\/#organization\",\"name\":\"Estrat\u00e9gia Vestibulares\",\"url\":\"https:\/\/vestibulares.estrategia.com\/portal\/\",\"logo\":{\"@type\":\"ImageObject\",\"inLanguage\":\"pt-BR\",\"@id\":\"https:\/\/vestibulares.estrategia.com\/portal\/#\/schema\/logo\/image\/\",\"url\":\"https:\/\/vestibulares.estrategia.com\/portal\/wp-content\/uploads\/2021\/06\/Logo-Vestibulares@4x.png\",\"contentUrl\":\"https:\/\/vestibulares.estrategia.com\/portal\/wp-content\/uploads\/2021\/06\/Logo-Vestibulares@4x.png\",\"width\":250,\"height\":66,\"caption\":\"Estrat\u00e9gia Vestibulares\"},\"image\":{\"@id\":\"https:\/\/vestibulares.estrategia.com\/portal\/#\/schema\/logo\/image\/\"},\"sameAs\":[\"https:\/\/facebook.com\/estrategiavestibulares\",\"https:\/\/x.com\/Estrategiavest\",\"https:\/\/www.instagram.com\/estrategiavestibulares\",\"https:\/\/www.youtube.com\/channel\/UCGWdZy8ULI-7_5GrABa4vNA\"]},{\"@type\":\"Person\",\"@id\":\"https:\/\/vestibulares.estrategia.com\/portal\/#\/schema\/person\/98d0c0e22d6d89b480aa1929f0e64ec5\",\"name\":\"Larrani Ferreira\",\"image\":{\"@type\":\"ImageObject\",\"inLanguage\":\"pt-BR\",\"@id\":\"https:\/\/vestibulares.estrategia.com\/portal\/#\/schema\/person\/image\/\",\"url\":\"https:\/\/vestibulares.estrategia.com\/portal\/wp-content\/uploads\/2026\/02\/WhatsApp-Image-2026-02-05-at-14.26.13-150x150.jpeg\",\"contentUrl\":\"https:\/\/vestibulares.estrategia.com\/portal\/wp-content\/uploads\/2026\/02\/WhatsApp-Image-2026-02-05-at-14.26.13-150x150.jpeg\",\"caption\":\"Larrani Ferreira\"},\"description\":\"Jornalista e Mestranda em Comunica\u00e7\u00e3o Intercultural nas Organiza\u00e7\u00f5es\",\"url\":\"https:\/\/vestibulares.estrategia.com\/portal\/author\/larranioliveira\/\"}]}<\/script>\n<!-- \/ Yoast SEO Premium plugin. -->","yoast_head_json":{"title":"Notas de corte de Economia no Sisu: veja as notas m\u00ednimas para ingresso no curso","description":"Mais de 90 cursos de gradua\u00e7\u00e3o em Economia est\u00e3o dispon\u00edveis no Sisu. Confira mais sobre o curso e suas notas de corte!","robots":{"index":"index","follow":"follow","max-snippet":"max-snippet:-1","max-image-preview":"max-image-preview:large","max-video-preview":"max-video-preview:-1"},"canonical":"https:\/\/vestibulares.estrategia.com\/portal\/enem-e-vestibulares\/sisu\/notas-de-corte-de-economia-no-sisu-veja-as-notas-minimas-para-ingresso-no-curso\/","og_locale":"pt_BR","og_type":"article","og_title":"Notas de corte de Economia no Sisu: veja as notas m\u00ednimas para ingresso no curso","og_description":"Mais de 90 cursos de gradua\u00e7\u00e3o em Economia est\u00e3o dispon\u00edveis no Sisu. Confira mais sobre o curso e suas notas de corte!","og_url":"https:\/\/vestibulares.estrategia.com\/portal\/enem-e-vestibulares\/sisu\/notas-de-corte-de-economia-no-sisu-veja-as-notas-minimas-para-ingresso-no-curso\/","og_site_name":"Estrat\u00e9gia Vestibulares","article_publisher":"https:\/\/facebook.com\/estrategiavestibulares","article_published_time":"2025-04-11T18:58:44+00:00","article_modified_time":"2026-01-16T16:59:43+00:00","og_image":[{"width":1920,"height":1215,"url":"https:\/\/vestibulares.estrategia.com\/portal\/wp-content\/uploads\/2025\/04\/notas-de-corte-economia-sisu.jpg","type":"image\/jpeg"}],"author":"Larrani Ferreira","twitter_card":"summary_large_image","twitter_creator":"@Estrategiavest","twitter_site":"@Estrategiavest","twitter_misc":{"Escrito por":"Larrani Ferreira","Est. tempo de leitura":"9 minutos"},"schema":{"@context":"https:\/\/schema.org","@graph":[{"@type":"Article","@id":"https:\/\/vestibulares.estrategia.com\/portal\/enem-e-vestibulares\/sisu\/notas-de-corte-de-economia-no-sisu-veja-as-notas-minimas-para-ingresso-no-curso\/#article","isPartOf":{"@id":"https:\/\/vestibulares.estrategia.com\/portal\/enem-e-vestibulares\/sisu\/notas-de-corte-de-economia-no-sisu-veja-as-notas-minimas-para-ingresso-no-curso\/"},"author":{"name":"Larrani Ferreira","@id":"https:\/\/vestibulares.estrategia.com\/portal\/#\/schema\/person\/98d0c0e22d6d89b480aa1929f0e64ec5"},"headline":"Notas de corte de Economia no Sisu: veja as notas m\u00ednimas para ingresso no curso","datePublished":"2025-04-11T18:58:44+00:00","dateModified":"2026-01-16T16:59:43+00:00","mainEntityOfPage":{"@id":"https:\/\/vestibulares.estrategia.com\/portal\/enem-e-vestibulares\/sisu\/notas-de-corte-de-economia-no-sisu-veja-as-notas-minimas-para-ingresso-no-curso\/"},"wordCount":1793,"publisher":{"@id":"https:\/\/vestibulares.estrategia.com\/portal\/#organization"},"image":{"@id":"https:\/\/vestibulares.estrategia.com\/portal\/enem-e-vestibulares\/sisu\/notas-de-corte-de-economia-no-sisu-veja-as-notas-minimas-para-ingresso-no-curso\/#primaryimage"},"thumbnailUrl":"https:\/\/vestibulares.estrategia.com\/portal\/wp-content\/uploads\/2025\/04\/notas-de-corte-economia-sisu.jpg","articleSection":["Sisu"],"inLanguage":"pt-BR"},{"@type":"WebPage","@id":"https:\/\/vestibulares.estrategia.com\/portal\/enem-e-vestibulares\/sisu\/notas-de-corte-de-economia-no-sisu-veja-as-notas-minimas-para-ingresso-no-curso\/","url":"https:\/\/vestibulares.estrategia.com\/portal\/enem-e-vestibulares\/sisu\/notas-de-corte-de-economia-no-sisu-veja-as-notas-minimas-para-ingresso-no-curso\/","name":"Notas de corte de Economia no Sisu: veja as notas m\u00ednimas para ingresso no curso","isPartOf":{"@id":"https:\/\/vestibulares.estrategia.com\/portal\/#website"},"primaryImageOfPage":{"@id":"https:\/\/vestibulares.estrategia.com\/portal\/enem-e-vestibulares\/sisu\/notas-de-corte-de-economia-no-sisu-veja-as-notas-minimas-para-ingresso-no-curso\/#primaryimage"},"image":{"@id":"https:\/\/vestibulares.estrategia.com\/portal\/enem-e-vestibulares\/sisu\/notas-de-corte-de-economia-no-sisu-veja-as-notas-minimas-para-ingresso-no-curso\/#primaryimage"},"thumbnailUrl":"https:\/\/vestibulares.estrategia.com\/portal\/wp-content\/uploads\/2025\/04\/notas-de-corte-economia-sisu.jpg","datePublished":"2025-04-11T18:58:44+00:00","dateModified":"2026-01-16T16:59:43+00:00","description":"Mais de 90 cursos de gradua\u00e7\u00e3o em Economia est\u00e3o dispon\u00edveis no Sisu. Confira mais sobre o curso e suas notas de corte!","breadcrumb":{"@id":"https:\/\/vestibulares.estrategia.com\/portal\/enem-e-vestibulares\/sisu\/notas-de-corte-de-economia-no-sisu-veja-as-notas-minimas-para-ingresso-no-curso\/#breadcrumb"},"inLanguage":"pt-BR","potentialAction":[{"@type":"ReadAction","target":["https:\/\/vestibulares.estrategia.com\/portal\/enem-e-vestibulares\/sisu\/notas-de-corte-de-economia-no-sisu-veja-as-notas-minimas-para-ingresso-no-curso\/"]}]},{"@type":"ImageObject","inLanguage":"pt-BR","@id":"https:\/\/vestibulares.estrategia.com\/portal\/enem-e-vestibulares\/sisu\/notas-de-corte-de-economia-no-sisu-veja-as-notas-minimas-para-ingresso-no-curso\/#primaryimage","url":"https:\/\/vestibulares.estrategia.com\/portal\/wp-content\/uploads\/2025\/04\/notas-de-corte-economia-sisu.jpg","contentUrl":"https:\/\/vestibulares.estrategia.com\/portal\/wp-content\/uploads\/2025\/04\/notas-de-corte-economia-sisu.jpg","width":1920,"height":1215,"caption":"Foto: Freepik"},{"@type":"BreadcrumbList","@id":"https:\/\/vestibulares.estrategia.com\/portal\/enem-e-vestibulares\/sisu\/notas-de-corte-de-economia-no-sisu-veja-as-notas-minimas-para-ingresso-no-curso\/#breadcrumb","itemListElement":[{"@type":"ListItem","position":1,"name":"Home","item":"https:\/\/vestibulares.estrategia.com\/portal\/"},{"@type":"ListItem","position":2,"name":"Enem e Vestibulares","item":"https:\/\/vestibulares.estrategia.com\/portal\/enem-e-vestibulares\/"},{"@type":"ListItem","position":3,"name":"Sisu","item":"https:\/\/vestibulares.estrategia.com\/portal\/enem-e-vestibulares\/sisu\/"},{"@type":"ListItem","position":4,"name":"Notas de corte de Economia no Sisu: veja as notas m\u00ednimas para ingresso no curso"}]},{"@type":"WebSite","@id":"https:\/\/vestibulares.estrategia.com\/portal\/#website","url":"https:\/\/vestibulares.estrategia.com\/portal\/","name":"Estrat\u00e9gia Vestibulares","description":"","publisher":{"@id":"https:\/\/vestibulares.estrategia.com\/portal\/#organization"},"potentialAction":[{"@type":"SearchAction","target":{"@type":"EntryPoint","urlTemplate":"https:\/\/vestibulares.estrategia.com\/portal\/?s={search_term_string}"},"query-input":{"@type":"PropertyValueSpecification","valueRequired":true,"valueName":"search_term_string"}}],"inLanguage":"pt-BR"},{"@type":"Organization","@id":"https:\/\/vestibulares.estrategia.com\/portal\/#organization","name":"Estrat\u00e9gia Vestibulares","url":"https:\/\/vestibulares.estrategia.com\/portal\/","logo":{"@type":"ImageObject","inLanguage":"pt-BR","@id":"https:\/\/vestibulares.estrategia.com\/portal\/#\/schema\/logo\/image\/","url":"https:\/\/vestibulares.estrategia.com\/portal\/wp-content\/uploads\/2021\/06\/Logo-Vestibulares@4x.png","contentUrl":"https:\/\/vestibulares.estrategia.com\/portal\/wp-content\/uploads\/2021\/06\/Logo-Vestibulares@4x.png","width":250,"height":66,"caption":"Estrat\u00e9gia Vestibulares"},"image":{"@id":"https:\/\/vestibulares.estrategia.com\/portal\/#\/schema\/logo\/image\/"},"sameAs":["https:\/\/facebook.com\/estrategiavestibulares","https:\/\/x.com\/Estrategiavest","https:\/\/www.instagram.com\/estrategiavestibulares","https:\/\/www.youtube.com\/channel\/UCGWdZy8ULI-7_5GrABa4vNA"]},{"@type":"Person","@id":"https:\/\/vestibulares.estrategia.com\/portal\/#\/schema\/person\/98d0c0e22d6d89b480aa1929f0e64ec5","name":"Larrani Ferreira","image":{"@type":"ImageObject","inLanguage":"pt-BR","@id":"https:\/\/vestibulares.estrategia.com\/portal\/#\/schema\/person\/image\/","url":"https:\/\/vestibulares.estrategia.com\/portal\/wp-content\/uploads\/2026\/02\/WhatsApp-Image-2026-02-05-at-14.26.13-150x150.jpeg","contentUrl":"https:\/\/vestibulares.estrategia.com\/portal\/wp-content\/uploads\/2026\/02\/WhatsApp-Image-2026-02-05-at-14.26.13-150x150.jpeg","caption":"Larrani Ferreira"},"description":"Jornalista e Mestranda em Comunica\u00e7\u00e3o Intercultural nas Organiza\u00e7\u00f5es","url":"https:\/\/vestibulares.estrategia.com\/portal\/author\/larranioliveira\/"}]}},"_wl_alt_label":[],"wl:entity_url":"https:\/\/data.wordlift.io\/wl110249\/post\/notas-de-corte-de-economia-no-sisu-veja-as-notas-minimas-para-ingresso-no-curso-137528","_links":{"self":[{"href":"https:\/\/vestibulares.estrategia.com\/portal\/wp-json\/wp\/v2\/posts\/137528","targetHints":{"allow":["GET"]}}],"collection":[{"href":"https:\/\/vestibulares.estrategia.com\/portal\/wp-json\/wp\/v2\/posts"}],"about":[{"href":"https:\/\/vestibulares.estrategia.com\/portal\/wp-json\/wp\/v2\/types\/post"}],"author":[{"embeddable":true,"href":"https:\/\/vestibulares.estrategia.com\/portal\/wp-json\/wp\/v2\/users\/51"}],"replies":[{"embeddable":true,"href":"https:\/\/vestibulares.estrategia.com\/portal\/wp-json\/wp\/v2\/comments?post=137528"}],"version-history":[{"count":3,"href":"https:\/\/vestibulares.estrategia.com\/portal\/wp-json\/wp\/v2\/posts\/137528\/revisions"}],"predecessor-version":[{"id":153217,"href":"https:\/\/vestibulares.estrategia.com\/portal\/wp-json\/wp\/v2\/posts\/137528\/revisions\/153217"}],"wp:featuredmedia":[{"embeddable":true,"href":"https:\/\/vestibulares.estrategia.com\/portal\/wp-json\/wp\/v2\/media\/137530"}],"wp:attachment":[{"href":"https:\/\/vestibulares.estrategia.com\/portal\/wp-json\/wp\/v2\/media?parent=137528"}],"wp:term":[{"taxonomy":"category","embeddable":true,"href":"https:\/\/vestibulares.estrategia.com\/portal\/wp-json\/wp\/v2\/categories?post=137528"},{"taxonomy":"post_tag","embeddable":true,"href":"https:\/\/vestibulares.estrategia.com\/portal\/wp-json\/wp\/v2\/tags?post=137528"},{"taxonomy":"wl_entity_type","embeddable":true,"href":"https:\/\/vestibulares.estrategia.com\/portal\/wp-json\/wp\/v2\/wl_entity_type?post=137528"}],"curies":[{"name":"wp","href":"https:\/\/api.w.org\/{rel}","templated":true}]}}