{"id":138869,"date":"2025-05-12T11:04:40","date_gmt":"2025-05-12T14:04:40","guid":{"rendered":"https:\/\/vestibulares.estrategia.com\/portal\/?p=138869"},"modified":"2025-05-12T17:37:27","modified_gmt":"2025-05-12T20:37:27","slug":"vestibular-unicamp-2026-edital-de-isencao","status":"publish","type":"post","link":"https:\/\/vestibulares.estrategia.com\/portal\/noticias\/vestibular-unicamp-2026-edital-de-isencao\/","title":{"rendered":"Vestibular Unicamp 2026: edital de isen\u00e7\u00e3o est\u00e1 dispon\u00edvel; confira"},"content":{"rendered":"<p>A Comiss&atilde;o Permanente para os Vestibulares da Unicamp (Comvest), respons&aacute;vel pelo vestibular da Universidade Estadual de Campinas (<a href=\"https:\/\/vestibulares.estrategia.com\/portal\/vestibulares\/vestibular-unicamp\/\" target=\"_blank\">Unicamp<\/a>), divulgou nesta&nbsp;segunda-feira, 12 de maio, o edital de isen&ccedil;&atilde;o da taxa de inscri&ccedil;&atilde;o do vestibular 2026.<p>O per&iacute;odo para solicitar o benef&iacute;cio ser&aacute; entre 12 de maio e 06 de junho, pelo&nbsp;<a href=\"https:\/\/www.comvest.unicamp.br\/ingresso-2026\/vestibular-2026\/\" target=\"_blank\">site da Comvest<\/a>. Confira o edital abaixo:<\/p><div class=\"wp-block-buttons is-content-justification-center is-layout-flex wp-container-core-buttons-is-layout-1 wp-block-buttons-is-layout-flex\">\n<div class=\"wp-block-button\"><a class=\"wp-block-button__link wp-element-button\" rel=\"nofollow noopener noreferrer\" href=\"https:\/\/vestibulares.estrategia.com\/portal\/wp-content\/uploads\/2025\/05\/unicamp-2026-edital-isencao.pdf\" target=\"_blank\">edital de isen&ccedil;&atilde;o &ndash; unicamp 2026<\/a><\/div>\n<\/div><p>\n\n\n\n<div class=\"cta-medio\" style=\"background-image: url(https:\/\/vestibulares.estrategia.com\/portal\/wp-content\/uploads\/2024\/08\/curso-unicamp-1-estrategia-vestibulares-ctamedio.jpg);\"><h3>Pacote Unicamp<\/h3> <p>Conhe\u00e7a nosso curso<\/p><div class=\"cta-botao\"><a id=\"cta-medio\" href=\"https:\/\/vestibulares.estrategia.com\/curso\/pacote-unicamp\/\" target=\"_blank\" style=\"background:rgb(255,150,0)\">Saiba mais<\/a><\/div><\/div>\n\n\n\n<\/p><div id=\"ez-toc-container\" class=\"ez-toc-v2_0_76 counter-hierarchy ez-toc-counter ez-toc-transparent ez-toc-container-direction\">\n<div class=\"ez-toc-title-container\"><p class=\"ez-toc-title\" style=\"cursor:inherit\">Navegue pelo conte\u00fado<\/p>\n<\/div><nav><ul class='ez-toc-list ez-toc-list-level-1 ' ><li class='ez-toc-page-1 ez-toc-heading-level-2'><a class=\"ez-toc-link ez-toc-heading-1\" href=\"https:\/\/vestibulares.estrategia.com\/portal\/noticias\/vestibular-unicamp-2026-edital-de-isencao\/#Quem-pode-solicitar-isencao-da-taxa\" >Quem pode solicitar isen&ccedil;&atilde;o da taxa?<\/a><\/li><li class='ez-toc-page-1 ez-toc-heading-level-2'><a class=\"ez-toc-link ez-toc-heading-2\" href=\"https:\/\/vestibulares.estrategia.com\/portal\/noticias\/vestibular-unicamp-2026-edital-de-isencao\/#Divulgacao-dos-resultados\" >Divulga&ccedil;&atilde;o dos resultados<\/a><\/li><li class='ez-toc-page-1 ez-toc-heading-level-2'><a class=\"ez-toc-link ez-toc-heading-3\" href=\"https:\/\/vestibulares.estrategia.com\/portal\/noticias\/vestibular-unicamp-2026-edital-de-isencao\/#Qual-e-o-formato-do-vestibular-Unicamp\" >Qual &eacute; o formato do vestibular Unicamp?<\/a><\/li><li class='ez-toc-page-1 ez-toc-heading-level-2'><a class=\"ez-toc-link ez-toc-heading-4\" href=\"https:\/\/vestibulares.estrategia.com\/portal\/noticias\/vestibular-unicamp-2026-edital-de-isencao\/#Calendario-Vestibular-Unicamp-2026\" >Calend&aacute;rio Vestibular Unicamp 2026<\/a><\/li><li class='ez-toc-page-1 ez-toc-heading-level-2'><a class=\"ez-toc-link ez-toc-heading-5\" href=\"https:\/\/vestibulares.estrategia.com\/portal\/noticias\/vestibular-unicamp-2026-edital-de-isencao\/#Como-estudar-para-conseguir-uma-vaga-na-Unicamp\" >Como estudar para conseguir uma vaga na Unicamp?<\/a><\/li><\/ul><\/nav><\/div>\n<h2 class=\"wp-block-heading\" id=\"h-quem-pode-solicitar-isencao-da-taxa\"><span class=\"ez-toc-section\" id=\"Quem-pode-solicitar-isencao-da-taxa\"><\/span>Quem pode solicitar isen&ccedil;&atilde;o da taxa?<span class=\"ez-toc-section-end\"><\/span><\/h2><p>De acordo com o edital, tem direito &agrave; isen&ccedil;&atilde;o da taxa de inscri&ccedil;&atilde;o do Vestibular Unicamp 2026, o candidato que se enquadre em uma das modalidades abaixo:<\/p><ul class=\"wp-block-list\">\n<li><strong>Modalidade 1: candidatos de baixa renda e de escola p&uacute;blica<\/strong>\n<ul class=\"wp-block-list\">\n<li>Total de vagas: 6.748 isen&ccedil;&otilde;es<\/li>\n<\/ul>\n<\/li>\n\n\n\n<li><strong>Modalidade 2: candidatos funcion&aacute;rios da Unicamp ou Funcamp;<\/strong>\n<ul class=\"wp-block-list\">\n<li>Total de vagas: n&uacute;mero ilimitado de isen&ccedil;&otilde;es<\/li>\n<\/ul>\n<\/li>\n\n\n\n<li><strong>Modalidade 3: candidatos aos cursos de Licenciatura e Tecnologia em per&iacute;odo noturno<\/strong> (Licenciatura em Ci&ecirc;ncias Biol&oacute;gicas &ndash; Noturno; Licenciatura em Letras &ndash; Noturno; Licenciatura Integrada em Qu&iacute;mica\/F&iacute;sica &ndash; Noturno; Licenciatura em Matem&aacute;tica &ndash; Noturno; Licenciatura em F&iacute;sica &ndash; Noturno e Licenciatura em Pedagogia &ndash; Noturno; Tecnologia em An&aacute;lise e Desenvolvimento de Sistemas &ndash; Noturno e Tecnologia em Saneamento Ambiental &ndash; Noturno);\n<ul class=\"wp-block-list\">\n<li>Total de vagas: n&uacute;mero ilimitado de isen&ccedil;&otilde;es<\/li>\n<\/ul>\n<\/li>\n\n\n\n<li><strong>Modalidade 4: candidatos bolsistas de escolas privadas\/particulares;<\/strong>\n<ul class=\"wp-block-list\">\n<li>N&uacute;mero de vagas: 150 isen&ccedil;&otilde;es<\/li>\n<\/ul>\n<\/li>\n<\/ul><h2 class=\"wp-block-heading\" id=\"h-divulgacao-dos-resultados\"><span class=\"ez-toc-section\" id=\"Divulgacao-dos-resultados\"><\/span>Divulga&ccedil;&atilde;o dos resultados<span class=\"ez-toc-section-end\"><\/span><\/h2><p>Os resultados do Programa de Isen&ccedil;&atilde;o da Taxa de Inscri&ccedil;&atilde;o ser&atilde;o divulgados no dia 30 de julho, na&nbsp;<a href=\"https:\/\/www.comvest.unicamp.br\/ingresso-2026\/vestibular-2026\/\" target=\"_blank\">p&aacute;gina da Comvest<\/a>. Os candidatos com pedidos de isen&ccedil;&atilde;o indeferidos poder&atilde;o solicitar recurso entre 30 de julho e 1&ordm; de agosto. O resultado do recurso estar&aacute; dispon&iacute;vel em 06 de agosto.<\/p><p>\n\n\n\n<div id=\"new-form\">\n\t<form id=\"forms_layout\">\n\t<input type=\"hidden\" id=\"chave_de\" name=\"chave_de\" value=\"01_EVEST_LEADS_TOTAIS\" \/>\n\t\t<input type=\"hidden\" id=\"mid\" name=\"mid\" value=\"515008983\" \/>\n\t\t<input type=\"hidden\" id=\"Objetivo\" name=\"Objetivo\" value=\"Vestibulares\" \/>\n\t\t<input type=\"hidden\" id=\"Estado_de_Origem_do_IP\" name=\"Estado_de_Origem_do_IP\"  value=\"\" \/>\n\t\t<input type=\"hidden\" id=\"Cidade_de_Origem_do_IP\" name=\"Cidade_de_Origem_do_IP\" value=\"\" \/>\n\t\t<input type=\"hidden\" id=\"Modo_de_entrada\" name=\"Modo_de_entrada\" value=\"Portal\" \/>\n\t\t<input type=\"hidden\" id=\"Pagina_Origem\" name=\"Pagina_Origem\" value=\"\" \/>\n\n\t\t<div class=\"texto\">\n\t\t\t<h3 class=\"news\">Inscreva-se em nossa newsletter\ud83e\udd89<\/h3>\n\t\t\t<p>Receba dicas de estudo gratuitas e saiba em primeira m\u00e3o as novidades sobre o Enem, Sisu, Encceja, Fuvest e outros vestibulares!<\/p>\n\t\t<\/div>\n\t\t<div class=\"campos\">\n\t\t\t<div class=\"first_name labels\">\n\t\t\t\t<input type=\"text\" class=\"input_labels\" id=\"first_name\" name=\"Nome_Completo\" placeholder=\"Nome\" required \/>\n\t\t\t<\/div>\n\t\t\t<div class=\"email labels\">\n\t\t\t\t<input type=\"email\" class=\"input_labels\" id=\"email\" name=\"Email\" placeholder=\"E-mail\" required \/>\n\t\t\t<\/div>\n\t\t\t<button type=\"submit\" class=\"button_layout\">\n\t\t\t\t<div id=\"lblBotao\">Inscreva-se<\/div>\n\t\t\t\t<span id=\"divSpiner\" class=\"loader\" role=\"status\" style=\"display: none;\"><\/span>\t\n\t\t\t<\/button>\n\t\t<\/div><!-- \/campos -->\n\t\t\n\t\t<label class=\"container_checkbox\">Voc\u00ea concorda com a nossa\n\t\t\t<a class=\"politics_privacy_ahref\" target=\"_blank\" href=\"https:\/\/gratis.estrategiaconcursos.com.br\/politica-de-privacidade\/\">Pol\u00edtica de Privacidade<\/a> e aceita receber informa\u00e7\u00f5es adicionais do Estrat\u00e9gia Educacional.\n\t\t\t<input id=\"checkbox_layout\" type=\"checkbox\" checked=\"checked\" required \/>\n\t\t\t<span class=\"checkbox\"><\/span>\n\t\t<\/label>\n\t\t<div id=\"msg\"><\/div>\n\t\t<div id=\"error\" class=\"error\">\n\t\t<\/div>\n\t<\/form>\n<\/div><!-- \/new-form -->\n\n\n\n<\/p><h2 class=\"wp-block-heading\" id=\"h-qual-e-o-formato-do-vestibular-unicamp\"><span class=\"ez-toc-section\" id=\"Qual-e-o-formato-do-vestibular-Unicamp\"><\/span>Qual &eacute; o formato do vestibular Unicamp?<span class=\"ez-toc-section-end\"><\/span><\/h2><p>O vestibular Unicamp possui duas fases, sendo a primeira de car&aacute;ter eliminat&oacute;rio e a segunda classificat&oacute;ria.<\/p><h3 class=\"wp-block-heading\" id=\"h-primeira-fase\">Primeira Fase<\/h3><p>A primeira fase do vestibular ser&aacute; composta por 72 quest&otilde;es objetivas, com a seguinte distribui&ccedil;&atilde;o:<\/p><ul class=\"wp-block-list\">\n<li>12 quest&otilde;es de L&iacute;ngua Portuguesa e Literatura;<\/li>\n\n\n\n<li>12 quest&otilde;es de Matem&aacute;tica;<\/li>\n\n\n\n<li>3 quest&otilde;es de cada disciplina: Sociologia e Filosofia;<\/li>\n\n\n\n<li>7 quest&otilde;es de cada disciplina: Biologia, F&iacute;sica, Geografia, Hist&oacute;ria, Ingl&ecirc;s e Qu&iacute;mica.<\/li>\n<\/ul><h3 class=\"wp-block-heading\" id=\"h-segunda-fase\">Segunda Fase<\/h3><p>A segunda fase do vestibular passou por mudan&ccedil;as no segundo dia de prova:<\/p><h4 class=\"wp-block-heading\" id=\"h-primeiro-dia-da-2&ordf;-fase-da-unicamp\">Primeiro dia da 2&ordf; fase da Unicamp<\/h4><p>O primeiro dia da &uacute;ltima fase da Unicamp possui essa distribui&ccedil;&atilde;o:<\/p><ul class=\"wp-block-list\">\n<li>6 quest&otilde;es de L&iacute;ngua Portuguesa e Literaturas de L&iacute;ngua Portuguesa;<\/li>\n\n\n\n<li>2 quest&otilde;es interdisciplinares em L&iacute;ngua Inglesa;<\/li>\n\n\n\n<li>2 quest&otilde;es interdisciplinares de Ci&ecirc;ncias da Natureza; e<\/li>\n\n\n\n<li>Prova de Reda&ccedil;&atilde;o.<\/li>\n<\/ul><h4 class=\"wp-block-heading\" id=\"h-segundo-dia-da-2&ordf;-fase-da-unicamp\">Segundo dia da 2&ordf; fase da Unicamp<\/h4><p>Este ano, o Comvest traz novidades nas provas da segunda fase: haver&aacute; a redu&ccedil;&atilde;o de duas quest&otilde;es no segundo dia dessa etapa, quando s&atilde;o aplicadas as provas espec&iacute;ficas da &aacute;rea do curso escolhido. Ou seja,<strong>&nbsp;as provas do segundo dia<\/strong>&nbsp;(da segunda fase), antes compostas por 20 quest&otilde;es, agora&nbsp;<strong>ser&atilde;o compostas por 18 quest&otilde;es.<\/strong>&nbsp;Confira:<\/p><ul class=\"wp-block-list\">\n<li>Candidatos da &aacute;rea de&nbsp;<strong>Ci&ecirc;ncias Humanas\/Artes<\/strong>: 5 quest&otilde;es de Hist&oacute;ria, 5 de Geografia, 1 de Filosofia e 1 de Sociologia;<\/li>\n\n\n\n<li>Candidatos da &aacute;rea de&nbsp;<strong>Ci&ecirc;ncias da Natureza<\/strong>: 7 quest&otilde;es de Biologia, 5 de Qu&iacute;mica;<\/li>\n\n\n\n<li>Candidatos da &aacute;rea de&nbsp;<strong>Ci&ecirc;ncias Exatas\/Tecnol&oacute;gicas<\/strong>: 7 quest&otilde;es de F&iacute;sica e 7 de Qu&iacute;mica.<\/li>\n<\/ul><h2 class=\"wp-block-heading\" id=\"h-calendario-vestibular-unicamp-2026\"><span class=\"ez-toc-section\" id=\"Calendario-Vestibular-Unicamp-2026\"><\/span>Calend&aacute;rio Vestibular Unicamp 2026<em><br><\/em><a href=\"https:\/\/vestibulares.estrategia.com\/portal\/noticias\/unicamp-2021-prazo-para-isencao-e-prorrogado\/\" target=\"_blank\"><\/a><span class=\"ez-toc-section-end\"><\/span><\/h2><div class=\"wp-block-group\"><div class=\"wp-block-group__inner-container is-layout-constrained wp-block-group-is-layout-constrained\">\n<div class=\"wp-block-group\"><div class=\"wp-block-group__inner-container is-layout-constrained wp-block-group-is-layout-constrained\">\n<ul class=\"wp-block-list\">\n<li><strong>Divulga&ccedil;&atilde;o do edital<\/strong>: Ainda n&atilde;o foi divulgado;<\/li>\n\n\n\n<li><strong>Solicita&ccedil;&atilde;o da taxa de isen&ccedil;&atilde;o &ndash; Unicamp 2026 e ingresso via Enem<\/strong>: 12\/05 a 06\/06\/2025;<\/li>\n\n\n\n<li><strong>Divulga&ccedil;&atilde;o da solicita&ccedil;&atilde;o da taxa de isen&ccedil;&atilde;o<\/strong>: Ainda n&atilde;o foi divugado;<\/li>\n\n\n\n<li><strong>Pedido de redu&ccedil;&atilde;o da taxa<\/strong>: 12\/05 a 06\/06\/2025;<\/li>\n\n\n\n<li><strong>Inscri&ccedil;&otilde;es:<\/strong> 01\/8 a 01\/09\/2025;<\/li>\n\n\n\n<li><strong>Pagamento da taxa de inscri&ccedil;&atilde;o<\/strong>: at&eacute; 01\/09\/2025;<\/li>\n\n\n\n<li><strong>Divulga&ccedil;&atilde;o do local de prova<\/strong>: Ainda sem divulga&ccedil;&atilde;o;<\/li>\n\n\n\n<li><strong>Prova de Habilidades Espec&iacute;ficas em M&uacute;sica<\/strong>: Set\/2025;<\/li>\n\n\n\n<li><strong>Provas da<\/strong> <strong>1&ordf; Fase<\/strong>: 26\/10\/2025;<\/li>\n\n\n\n<li><strong>Resultado da 1&ordf; chamada e divulga&ccedil;&atilde;o do local de prova da 2&ordf; chamada<\/strong>: Novembro\/2025;<\/li>\n<\/ul>\n\n\n\n<ul class=\"wp-block-list\">\n<li><strong>Provas da<\/strong> <strong>2&ordf; Fase<\/strong>: 30\/11 e 01\/12\/2025;<\/li>\n\n\n\n<li><strong>Provas de habilidades espec&iacute;ficas<\/strong>: Dez\/2025;<\/li>\n\n\n\n<li><strong>Resultados<\/strong>: 23\/01\/2026;<\/li>\n\n\n\n<li><strong>Matr&iacute;cula n&atilde;o-presencial da 1&ordf; chamada<\/strong>: Janeiro\/2026.<\/li>\n<\/ul>\n<\/div><\/div>\n<\/div><\/div><h2 class=\"wp-block-heading\" id=\"como-estudar-para-a-unicamp-2022\"><span class=\"ez-toc-section\" id=\"Como-estudar-para-conseguir-uma-vaga-na-Unicamp\"><\/span>Como estudar para conseguir uma vaga na Unicamp?<span class=\"ez-toc-section-end\"><\/span><\/h2><p>Agora que a largada foi dada, &eacute; a hora de focar nos estudos e, para te ajudar, o<strong>&nbsp;Estrat&eacute;gia Vestibulares oferece diariamente aulas gratuitas no&nbsp;<a href=\"https:\/\/www.youtube.com\/channel\/UCGWdZy8ULI-7_5GrABa4vNA\" target=\"_blank\">YouTube<\/a><\/strong>&nbsp;sobre todas as mat&eacute;rias que caem no Vestibular da Unicamp!<\/p><p>Al&eacute;m disso, para aqueles que querem investir nos estudos, a plataforma tamb&eacute;m oferece um curso preparat&oacute;rio exclusivo sobre o Vestibular Unicamp 2026, com professores especialistas na prova e com diversos benef&iacute;cios. D&aacute; s&oacute; uma olhada:&nbsp;<\/p><ul class=\"wp-block-list\">\n<li>Curso com livros digitais;<\/li>\n\n\n\n<li>Corre&ccedil;&atilde;o ilimitada de&nbsp;<a href=\"https:\/\/vestibulares.estrategia.com\/portal\/enem-e-vestibulares\/vestibulares\/curso-de-redacao-para-o-vestibular-saiba-mais-detalhes-e-como-escolher-o-seu\/\" target=\"_blank\">reda&ccedil;&otilde;es<\/a>;<\/li>\n\n\n\n<li>F&oacute;rum de d&uacute;vidas;<\/li>\n\n\n\n<li><a href=\"https:\/\/vestibulares.estrategia.com\/portal\/simulado\/simulado-enem\/\" target=\"_blank\">Simulados<\/a>&nbsp;com quest&otilde;es in&eacute;ditas;<\/li>\n\n\n\n<li>Quest&otilde;es comentadas;<\/li>\n\n\n\n<li>Mapas mentais; e<\/li>\n\n\n\n<li>Entre muitas outras vantagens.<\/li>\n<\/ul><p>Ficou interessado? Ent&atilde;o, clique no banner e veja tudo sobre os cursos oferecidos pelo Estrat&eacute;gia Vestibulares!<\/p><p>\n\n\n\n\n\n<a id=\"cta\" class=\"cta-imagem\" href=\"https:\/\/vestibulares.estrategia.com\/curso\/pacote-para-unicamp\/\" target=\"blank\">\n                <img decoding=\"async\" width=\"100%\" src=\"https:\/\/vestibulares.estrategia.com\/portal\/wp-content\/uploads\/2021\/12\/Unicamp.jpg\" alt=\"CTA Curso Vestibular Unicamp\" title=\"CTA Curso Vestibular Unicamp\">\n        <\/a>\n<\/p><\/p>\n","protected":false},"excerpt":{"rendered":"A isen\u00e7\u00e3o deve ser solicitada entre os dias 12 de maio e 06 de junho; veja o edital e saiba como solicitar\n","protected":false},"author":51,"featured_media":109324,"comment_status":"closed","ping_status":"closed","sticky":false,"template":"","format":"standard","meta":{"wl_entities_gutenberg":"","footnotes":""},"categories":[47],"tags":[],"wl_entity_type":[732],"class_list":{"0":"post-138869","1":"post","2":"type-post","3":"status-publish","4":"format-standard","5":"has-post-thumbnail","7":"category-noticias","8":"wl_entity_type-article"},"acf":[],"yoast_head":"<!-- This site is optimized with the Yoast SEO Premium plugin v25.9 (Yoast SEO v25.9) - https:\/\/yoast.com\/wordpress\/plugins\/seo\/ -->\n<title>Vestibular Unicamp 2026: edital de isen\u00e7\u00e3o est\u00e1 dispon\u00edvel; confira<\/title>\n<meta name=\"description\" content=\"A isen\u00e7\u00e3o do Vestibular Unicamp 2026 deve ser solicitada entre os dias 12 de maio e 06 de junho. Veja o edital e saiba como solicitar!\" \/>\n<meta name=\"robots\" content=\"index, follow, max-snippet:-1, max-image-preview:large, max-video-preview:-1\" \/>\n<link rel=\"canonical\" href=\"https:\/\/vestibulares.estrategia.com\/portal\/noticias\/vestibular-unicamp-2026-edital-de-isencao\/\" \/>\n<meta property=\"og:locale\" content=\"pt_BR\" \/>\n<meta property=\"og:type\" content=\"article\" \/>\n<meta property=\"og:title\" content=\"Vestibular Unicamp 2026: edital de isen\u00e7\u00e3o est\u00e1 dispon\u00edvel; confira\" \/>\n<meta property=\"og:description\" content=\"A isen\u00e7\u00e3o do Vestibular Unicamp 2026 deve ser solicitada entre os dias 12 de maio e 06 de junho. Veja o edital e saiba como solicitar!\" \/>\n<meta property=\"og:url\" content=\"https:\/\/vestibulares.estrategia.com\/portal\/noticias\/vestibular-unicamp-2026-edital-de-isencao\/\" \/>\n<meta property=\"og:site_name\" content=\"Estrat\u00e9gia Vestibulares\" \/>\n<meta property=\"article:publisher\" content=\"https:\/\/facebook.com\/estrategiavestibulares\" \/>\n<meta property=\"article:published_time\" content=\"2025-05-12T14:04:40+00:00\" \/>\n<meta property=\"article:modified_time\" content=\"2025-05-12T20:37:27+00:00\" \/>\n<meta property=\"og:image\" content=\"https:\/\/vestibulares.estrategia.com\/portal\/wp-content\/uploads\/2023\/12\/vestibular-unicamp-ev-1.jpg.webp\" \/>\n\t<meta property=\"og:image:width\" content=\"1280\" \/>\n\t<meta property=\"og:image:height\" content=\"720\" \/>\n\t<meta property=\"og:image:type\" content=\"image\/webp\" \/>\n<meta name=\"author\" content=\"Larrani Ferreira\" \/>\n<meta name=\"twitter:card\" content=\"summary_large_image\" \/>\n<meta name=\"twitter:creator\" content=\"@Estrategiavest\" \/>\n<meta name=\"twitter:site\" content=\"@Estrategiavest\" \/>\n<meta name=\"twitter:label1\" content=\"Escrito por\" \/>\n\t<meta name=\"twitter:data1\" content=\"Larrani Ferreira\" \/>\n\t<meta name=\"twitter:label2\" content=\"Est. tempo de leitura\" \/>\n\t<meta name=\"twitter:data2\" content=\"4 minutos\" \/>\n<script type=\"application\/ld+json\" class=\"yoast-schema-graph\">{\"@context\":\"https:\/\/schema.org\",\"@graph\":[{\"@type\":\"NewsArticle\",\"@id\":\"https:\/\/vestibulares.estrategia.com\/portal\/noticias\/vestibular-unicamp-2026-edital-de-isencao\/#article\",\"isPartOf\":{\"@id\":\"https:\/\/vestibulares.estrategia.com\/portal\/noticias\/vestibular-unicamp-2026-edital-de-isencao\/\"},\"author\":{\"name\":\"Larrani Ferreira\",\"@id\":\"https:\/\/vestibulares.estrategia.com\/portal\/#\/schema\/person\/98d0c0e22d6d89b480aa1929f0e64ec5\"},\"headline\":\"Vestibular Unicamp 2026: edital de isen\u00e7\u00e3o est\u00e1 dispon\u00edvel; confira\",\"datePublished\":\"2025-05-12T14:04:40+00:00\",\"dateModified\":\"2025-05-12T20:37:27+00:00\",\"mainEntityOfPage\":{\"@id\":\"https:\/\/vestibulares.estrategia.com\/portal\/noticias\/vestibular-unicamp-2026-edital-de-isencao\/\"},\"wordCount\":809,\"publisher\":{\"@id\":\"https:\/\/vestibulares.estrategia.com\/portal\/#organization\"},\"image\":{\"@id\":\"https:\/\/vestibulares.estrategia.com\/portal\/noticias\/vestibular-unicamp-2026-edital-de-isencao\/#primaryimage\"},\"thumbnailUrl\":\"https:\/\/vestibulares.estrategia.com\/portal\/wp-content\/uploads\/2023\/12\/vestibular-unicamp-ev-1.jpg.webp\",\"articleSection\":[\"Not\u00edcias\"],\"inLanguage\":\"pt-BR\"},{\"@type\":\"WebPage\",\"@id\":\"https:\/\/vestibulares.estrategia.com\/portal\/noticias\/vestibular-unicamp-2026-edital-de-isencao\/\",\"url\":\"https:\/\/vestibulares.estrategia.com\/portal\/noticias\/vestibular-unicamp-2026-edital-de-isencao\/\",\"name\":\"Vestibular Unicamp 2026: edital de isen\u00e7\u00e3o est\u00e1 dispon\u00edvel; confira\",\"isPartOf\":{\"@id\":\"https:\/\/vestibulares.estrategia.com\/portal\/#website\"},\"primaryImageOfPage\":{\"@id\":\"https:\/\/vestibulares.estrategia.com\/portal\/noticias\/vestibular-unicamp-2026-edital-de-isencao\/#primaryimage\"},\"image\":{\"@id\":\"https:\/\/vestibulares.estrategia.com\/portal\/noticias\/vestibular-unicamp-2026-edital-de-isencao\/#primaryimage\"},\"thumbnailUrl\":\"https:\/\/vestibulares.estrategia.com\/portal\/wp-content\/uploads\/2023\/12\/vestibular-unicamp-ev-1.jpg.webp\",\"datePublished\":\"2025-05-12T14:04:40+00:00\",\"dateModified\":\"2025-05-12T20:37:27+00:00\",\"description\":\"A isen\u00e7\u00e3o do Vestibular Unicamp 2026 deve ser solicitada entre os dias 12 de maio e 06 de junho. Veja o edital e saiba como solicitar!\",\"breadcrumb\":{\"@id\":\"https:\/\/vestibulares.estrategia.com\/portal\/noticias\/vestibular-unicamp-2026-edital-de-isencao\/#breadcrumb\"},\"inLanguage\":\"pt-BR\",\"potentialAction\":[{\"@type\":\"ReadAction\",\"target\":[\"https:\/\/vestibulares.estrategia.com\/portal\/noticias\/vestibular-unicamp-2026-edital-de-isencao\/\"]}]},{\"@type\":\"ImageObject\",\"inLanguage\":\"pt-BR\",\"@id\":\"https:\/\/vestibulares.estrategia.com\/portal\/noticias\/vestibular-unicamp-2026-edital-de-isencao\/#primaryimage\",\"url\":\"https:\/\/vestibulares.estrategia.com\/portal\/wp-content\/uploads\/2023\/12\/vestibular-unicamp-ev-1.jpg.webp\",\"contentUrl\":\"https:\/\/vestibulares.estrategia.com\/portal\/wp-content\/uploads\/2023\/12\/vestibular-unicamp-ev-1.jpg.webp\",\"width\":1280,\"height\":720,\"caption\":\"Unicamp Estrat\u00e9gia Vestibulares\"},{\"@type\":\"BreadcrumbList\",\"@id\":\"https:\/\/vestibulares.estrategia.com\/portal\/noticias\/vestibular-unicamp-2026-edital-de-isencao\/#breadcrumb\",\"itemListElement\":[{\"@type\":\"ListItem\",\"position\":1,\"name\":\"Home\",\"item\":\"https:\/\/vestibulares.estrategia.com\/portal\/\"},{\"@type\":\"ListItem\",\"position\":2,\"name\":\"Not\u00edcias\",\"item\":\"https:\/\/vestibulares.estrategia.com\/portal\/noticias\/\"},{\"@type\":\"ListItem\",\"position\":3,\"name\":\"Vestibular Unicamp 2026: edital de isen\u00e7\u00e3o est\u00e1 dispon\u00edvel; confira\"}]},{\"@type\":\"WebSite\",\"@id\":\"https:\/\/vestibulares.estrategia.com\/portal\/#website\",\"url\":\"https:\/\/vestibulares.estrategia.com\/portal\/\",\"name\":\"Estrat\u00e9gia Vestibulares\",\"description\":\"\",\"publisher\":{\"@id\":\"https:\/\/vestibulares.estrategia.com\/portal\/#organization\"},\"potentialAction\":[{\"@type\":\"SearchAction\",\"target\":{\"@type\":\"EntryPoint\",\"urlTemplate\":\"https:\/\/vestibulares.estrategia.com\/portal\/?s={search_term_string}\"},\"query-input\":{\"@type\":\"PropertyValueSpecification\",\"valueRequired\":true,\"valueName\":\"search_term_string\"}}],\"inLanguage\":\"pt-BR\"},{\"@type\":\"Organization\",\"@id\":\"https:\/\/vestibulares.estrategia.com\/portal\/#organization\",\"name\":\"Estrat\u00e9gia Vestibulares\",\"url\":\"https:\/\/vestibulares.estrategia.com\/portal\/\",\"logo\":{\"@type\":\"ImageObject\",\"inLanguage\":\"pt-BR\",\"@id\":\"https:\/\/vestibulares.estrategia.com\/portal\/#\/schema\/logo\/image\/\",\"url\":\"https:\/\/vestibulares.estrategia.com\/portal\/wp-content\/uploads\/2021\/06\/Logo-Vestibulares@4x.png\",\"contentUrl\":\"https:\/\/vestibulares.estrategia.com\/portal\/wp-content\/uploads\/2021\/06\/Logo-Vestibulares@4x.png\",\"width\":250,\"height\":66,\"caption\":\"Estrat\u00e9gia Vestibulares\"},\"image\":{\"@id\":\"https:\/\/vestibulares.estrategia.com\/portal\/#\/schema\/logo\/image\/\"},\"sameAs\":[\"https:\/\/facebook.com\/estrategiavestibulares\",\"https:\/\/x.com\/Estrategiavest\",\"https:\/\/www.instagram.com\/estrategiavestibulares\",\"https:\/\/www.youtube.com\/channel\/UCGWdZy8ULI-7_5GrABa4vNA\"]},{\"@type\":\"Person\",\"@id\":\"https:\/\/vestibulares.estrategia.com\/portal\/#\/schema\/person\/98d0c0e22d6d89b480aa1929f0e64ec5\",\"name\":\"Larrani Ferreira\",\"image\":{\"@type\":\"ImageObject\",\"inLanguage\":\"pt-BR\",\"@id\":\"https:\/\/vestibulares.estrategia.com\/portal\/#\/schema\/person\/image\/\",\"url\":\"https:\/\/vestibulares.estrategia.com\/portal\/wp-content\/uploads\/2026\/02\/WhatsApp-Image-2026-02-05-at-14.26.13-150x150.jpeg\",\"contentUrl\":\"https:\/\/vestibulares.estrategia.com\/portal\/wp-content\/uploads\/2026\/02\/WhatsApp-Image-2026-02-05-at-14.26.13-150x150.jpeg\",\"caption\":\"Larrani Ferreira\"},\"description\":\"Jornalista e Mestranda em Comunica\u00e7\u00e3o Intercultural nas Organiza\u00e7\u00f5es\",\"url\":\"https:\/\/vestibulares.estrategia.com\/portal\/author\/larranioliveira\/\"}]}<\/script>\n<!-- \/ Yoast SEO Premium plugin. -->","yoast_head_json":{"title":"Vestibular Unicamp 2026: edital de isen\u00e7\u00e3o est\u00e1 dispon\u00edvel; confira","description":"A isen\u00e7\u00e3o do Vestibular Unicamp 2026 deve ser solicitada entre os dias 12 de maio e 06 de junho. Veja o edital e saiba como solicitar!","robots":{"index":"index","follow":"follow","max-snippet":"max-snippet:-1","max-image-preview":"max-image-preview:large","max-video-preview":"max-video-preview:-1"},"canonical":"https:\/\/vestibulares.estrategia.com\/portal\/noticias\/vestibular-unicamp-2026-edital-de-isencao\/","og_locale":"pt_BR","og_type":"article","og_title":"Vestibular Unicamp 2026: edital de isen\u00e7\u00e3o est\u00e1 dispon\u00edvel; confira","og_description":"A isen\u00e7\u00e3o do Vestibular Unicamp 2026 deve ser solicitada entre os dias 12 de maio e 06 de junho. Veja o edital e saiba como solicitar!","og_url":"https:\/\/vestibulares.estrategia.com\/portal\/noticias\/vestibular-unicamp-2026-edital-de-isencao\/","og_site_name":"Estrat\u00e9gia Vestibulares","article_publisher":"https:\/\/facebook.com\/estrategiavestibulares","article_published_time":"2025-05-12T14:04:40+00:00","article_modified_time":"2025-05-12T20:37:27+00:00","og_image":[{"width":1280,"height":720,"url":"https:\/\/vestibulares.estrategia.com\/portal\/wp-content\/uploads\/2023\/12\/vestibular-unicamp-ev-1.jpg.webp","type":"image\/webp"}],"author":"Larrani Ferreira","twitter_card":"summary_large_image","twitter_creator":"@Estrategiavest","twitter_site":"@Estrategiavest","twitter_misc":{"Escrito por":"Larrani Ferreira","Est. tempo de leitura":"4 minutos"},"schema":{"@context":"https:\/\/schema.org","@graph":[{"@type":"NewsArticle","@id":"https:\/\/vestibulares.estrategia.com\/portal\/noticias\/vestibular-unicamp-2026-edital-de-isencao\/#article","isPartOf":{"@id":"https:\/\/vestibulares.estrategia.com\/portal\/noticias\/vestibular-unicamp-2026-edital-de-isencao\/"},"author":{"name":"Larrani Ferreira","@id":"https:\/\/vestibulares.estrategia.com\/portal\/#\/schema\/person\/98d0c0e22d6d89b480aa1929f0e64ec5"},"headline":"Vestibular Unicamp 2026: edital de isen\u00e7\u00e3o est\u00e1 dispon\u00edvel; confira","datePublished":"2025-05-12T14:04:40+00:00","dateModified":"2025-05-12T20:37:27+00:00","mainEntityOfPage":{"@id":"https:\/\/vestibulares.estrategia.com\/portal\/noticias\/vestibular-unicamp-2026-edital-de-isencao\/"},"wordCount":809,"publisher":{"@id":"https:\/\/vestibulares.estrategia.com\/portal\/#organization"},"image":{"@id":"https:\/\/vestibulares.estrategia.com\/portal\/noticias\/vestibular-unicamp-2026-edital-de-isencao\/#primaryimage"},"thumbnailUrl":"https:\/\/vestibulares.estrategia.com\/portal\/wp-content\/uploads\/2023\/12\/vestibular-unicamp-ev-1.jpg.webp","articleSection":["Not\u00edcias"],"inLanguage":"pt-BR"},{"@type":"WebPage","@id":"https:\/\/vestibulares.estrategia.com\/portal\/noticias\/vestibular-unicamp-2026-edital-de-isencao\/","url":"https:\/\/vestibulares.estrategia.com\/portal\/noticias\/vestibular-unicamp-2026-edital-de-isencao\/","name":"Vestibular Unicamp 2026: edital de isen\u00e7\u00e3o est\u00e1 dispon\u00edvel; confira","isPartOf":{"@id":"https:\/\/vestibulares.estrategia.com\/portal\/#website"},"primaryImageOfPage":{"@id":"https:\/\/vestibulares.estrategia.com\/portal\/noticias\/vestibular-unicamp-2026-edital-de-isencao\/#primaryimage"},"image":{"@id":"https:\/\/vestibulares.estrategia.com\/portal\/noticias\/vestibular-unicamp-2026-edital-de-isencao\/#primaryimage"},"thumbnailUrl":"https:\/\/vestibulares.estrategia.com\/portal\/wp-content\/uploads\/2023\/12\/vestibular-unicamp-ev-1.jpg.webp","datePublished":"2025-05-12T14:04:40+00:00","dateModified":"2025-05-12T20:37:27+00:00","description":"A isen\u00e7\u00e3o do Vestibular Unicamp 2026 deve ser solicitada entre os dias 12 de maio e 06 de junho. Veja o edital e saiba como solicitar!","breadcrumb":{"@id":"https:\/\/vestibulares.estrategia.com\/portal\/noticias\/vestibular-unicamp-2026-edital-de-isencao\/#breadcrumb"},"inLanguage":"pt-BR","potentialAction":[{"@type":"ReadAction","target":["https:\/\/vestibulares.estrategia.com\/portal\/noticias\/vestibular-unicamp-2026-edital-de-isencao\/"]}]},{"@type":"ImageObject","inLanguage":"pt-BR","@id":"https:\/\/vestibulares.estrategia.com\/portal\/noticias\/vestibular-unicamp-2026-edital-de-isencao\/#primaryimage","url":"https:\/\/vestibulares.estrategia.com\/portal\/wp-content\/uploads\/2023\/12\/vestibular-unicamp-ev-1.jpg.webp","contentUrl":"https:\/\/vestibulares.estrategia.com\/portal\/wp-content\/uploads\/2023\/12\/vestibular-unicamp-ev-1.jpg.webp","width":1280,"height":720,"caption":"Unicamp Estrat\u00e9gia Vestibulares"},{"@type":"BreadcrumbList","@id":"https:\/\/vestibulares.estrategia.com\/portal\/noticias\/vestibular-unicamp-2026-edital-de-isencao\/#breadcrumb","itemListElement":[{"@type":"ListItem","position":1,"name":"Home","item":"https:\/\/vestibulares.estrategia.com\/portal\/"},{"@type":"ListItem","position":2,"name":"Not\u00edcias","item":"https:\/\/vestibulares.estrategia.com\/portal\/noticias\/"},{"@type":"ListItem","position":3,"name":"Vestibular Unicamp 2026: edital de isen\u00e7\u00e3o est\u00e1 dispon\u00edvel; confira"}]},{"@type":"WebSite","@id":"https:\/\/vestibulares.estrategia.com\/portal\/#website","url":"https:\/\/vestibulares.estrategia.com\/portal\/","name":"Estrat\u00e9gia Vestibulares","description":"","publisher":{"@id":"https:\/\/vestibulares.estrategia.com\/portal\/#organization"},"potentialAction":[{"@type":"SearchAction","target":{"@type":"EntryPoint","urlTemplate":"https:\/\/vestibulares.estrategia.com\/portal\/?s={search_term_string}"},"query-input":{"@type":"PropertyValueSpecification","valueRequired":true,"valueName":"search_term_string"}}],"inLanguage":"pt-BR"},{"@type":"Organization","@id":"https:\/\/vestibulares.estrategia.com\/portal\/#organization","name":"Estrat\u00e9gia Vestibulares","url":"https:\/\/vestibulares.estrategia.com\/portal\/","logo":{"@type":"ImageObject","inLanguage":"pt-BR","@id":"https:\/\/vestibulares.estrategia.com\/portal\/#\/schema\/logo\/image\/","url":"https:\/\/vestibulares.estrategia.com\/portal\/wp-content\/uploads\/2021\/06\/Logo-Vestibulares@4x.png","contentUrl":"https:\/\/vestibulares.estrategia.com\/portal\/wp-content\/uploads\/2021\/06\/Logo-Vestibulares@4x.png","width":250,"height":66,"caption":"Estrat\u00e9gia Vestibulares"},"image":{"@id":"https:\/\/vestibulares.estrategia.com\/portal\/#\/schema\/logo\/image\/"},"sameAs":["https:\/\/facebook.com\/estrategiavestibulares","https:\/\/x.com\/Estrategiavest","https:\/\/www.instagram.com\/estrategiavestibulares","https:\/\/www.youtube.com\/channel\/UCGWdZy8ULI-7_5GrABa4vNA"]},{"@type":"Person","@id":"https:\/\/vestibulares.estrategia.com\/portal\/#\/schema\/person\/98d0c0e22d6d89b480aa1929f0e64ec5","name":"Larrani Ferreira","image":{"@type":"ImageObject","inLanguage":"pt-BR","@id":"https:\/\/vestibulares.estrategia.com\/portal\/#\/schema\/person\/image\/","url":"https:\/\/vestibulares.estrategia.com\/portal\/wp-content\/uploads\/2026\/02\/WhatsApp-Image-2026-02-05-at-14.26.13-150x150.jpeg","contentUrl":"https:\/\/vestibulares.estrategia.com\/portal\/wp-content\/uploads\/2026\/02\/WhatsApp-Image-2026-02-05-at-14.26.13-150x150.jpeg","caption":"Larrani Ferreira"},"description":"Jornalista e Mestranda em Comunica\u00e7\u00e3o Intercultural nas Organiza\u00e7\u00f5es","url":"https:\/\/vestibulares.estrategia.com\/portal\/author\/larranioliveira\/"}]}},"_wl_alt_label":[],"wl:entity_url":"https:\/\/data.wordlift.io\/wl110249\/post\/vestibular-unicamp-2026-edital-de-isencao-esta-disponivel-confira-138869","_links":{"self":[{"href":"https:\/\/vestibulares.estrategia.com\/portal\/wp-json\/wp\/v2\/posts\/138869","targetHints":{"allow":["GET"]}}],"collection":[{"href":"https:\/\/vestibulares.estrategia.com\/portal\/wp-json\/wp\/v2\/posts"}],"about":[{"href":"https:\/\/vestibulares.estrategia.com\/portal\/wp-json\/wp\/v2\/types\/post"}],"author":[{"embeddable":true,"href":"https:\/\/vestibulares.estrategia.com\/portal\/wp-json\/wp\/v2\/users\/51"}],"replies":[{"embeddable":true,"href":"https:\/\/vestibulares.estrategia.com\/portal\/wp-json\/wp\/v2\/comments?post=138869"}],"version-history":[{"count":7,"href":"https:\/\/vestibulares.estrategia.com\/portal\/wp-json\/wp\/v2\/posts\/138869\/revisions"}],"predecessor-version":[{"id":138934,"href":"https:\/\/vestibulares.estrategia.com\/portal\/wp-json\/wp\/v2\/posts\/138869\/revisions\/138934"}],"wp:featuredmedia":[{"embeddable":true,"href":"https:\/\/vestibulares.estrategia.com\/portal\/wp-json\/wp\/v2\/media\/109324"}],"wp:attachment":[{"href":"https:\/\/vestibulares.estrategia.com\/portal\/wp-json\/wp\/v2\/media?parent=138869"}],"wp:term":[{"taxonomy":"category","embeddable":true,"href":"https:\/\/vestibulares.estrategia.com\/portal\/wp-json\/wp\/v2\/categories?post=138869"},{"taxonomy":"post_tag","embeddable":true,"href":"https:\/\/vestibulares.estrategia.com\/portal\/wp-json\/wp\/v2\/tags?post=138869"},{"taxonomy":"wl_entity_type","embeddable":true,"href":"https:\/\/vestibulares.estrategia.com\/portal\/wp-json\/wp\/v2\/wl_entity_type?post=138869"}],"curies":[{"name":"wp","href":"https:\/\/api.w.org\/{rel}","templated":true}]}}