{"id":138943,"date":"2025-05-13T00:09:12","date_gmt":"2025-05-13T03:09:12","guid":{"rendered":"https:\/\/vestibulares.estrategia.com\/portal\/?p=138943"},"modified":"2025-06-16T11:50:05","modified_gmt":"2025-06-16T14:50:05","slug":"oracoes-coordenadas-e-oracoes-subordinadas-entenda-como-funcionam-e-quais-as-diferencas","status":"publish","type":"post","link":"https:\/\/vestibulares.estrategia.com\/portal\/materias\/portugues\/oracoes-coordenadas-e-oracoes-subordinadas-entenda-como-funcionam-e-quais-as-diferencas\/","title":{"rendered":"Ora\u00e7\u00f5es Coordenadas e Ora\u00e7\u00f5es Subordinadas: entenda como funcionam e quais as diferen\u00e7as"},"content":{"rendered":"<p class=\"wp-block-paragraph\">Na <a href=\"https:\/\/vestibulares.estrategia.com\/portal\/materias\/portugues\/gramatica\/\">gram&aacute;tica<\/a> da <span id=\"urn:enhancement-64a72e93-9030-4dc7-b5b3-9a6f520543f8\" class=\"textannotation disambiguated wl-thing\" itemid=\"https:\/\/data.wordlift.io\/wl110249\/entity\/lingua-portuguesa\">l&iacute;ngua portuguesa<\/span>, o estudo da <a href=\"https:\/\/vestibulares.estrategia.com\/portal\/materias\/portugues\/oracoes-subordinadas-na-sintaxe-do-periodo-composto-entenda-como-funcionam\/\">sintaxe<\/a> do per&iacute;odo composto &eacute; essencial para compreender a articula&ccedil;&atilde;o entre diferentes ora&ccedil;&otilde;es dentro de um mesmo enunciado.&nbsp;<p class=\"wp-block-paragraph\">Nesse contexto, destacam-se dois grandes grupos: as ora&ccedil;&otilde;es coordenadas, que se unem de maneira independente entre si, e as <span id=\"urn:enhancement-6bd4889c-ccaf-4136-bbc8-51e38610dcdd\" class=\"textannotation disambiguated wl-thing\" itemid=\"https:\/\/data.wordlift.io\/wl110249\/entity\/oracoes-subordinadas\">ora&ccedil;&otilde;es subordinadas<\/span>, que dependem sintaticamente de outra ora&ccedil;&atilde;o para completar seu sentido.<\/p><p class=\"wp-block-paragraph\">Entender a diferen&ccedil;a entre ora&ccedil;&otilde;es coordenadas e subordinadas &eacute; fundamental quando o assunto &eacute; vestibular. O dom&iacute;nio das rela&ccedil;&otilde;es sint&aacute;ticas entre as ora&ccedil;&otilde;es permite construir textos mais claros, coesos e bem articulados, o que &eacute; essencial para alcan&ccedil;ar uma boa pontua&ccedil;&atilde;o nas provas.<\/p><p class=\"wp-block-paragraph\">Se voc&ecirc; quer se aprofundar mais no assunto, continue lendo este <span id=\"urn:enhancement-ffe55e3c-09ce-4edf-a698-0a9916a94f88\" class=\"textannotation disambiguated wl-thing\" itemid=\"https:\/\/data.wordlift.io\/wl110249\/entity\/artigo\">artigo<\/span> que o <span id=\"urn:enhancement-b8c438ae-951f-47d7-8eb7-428fd847d898\" class=\"textannotation disambiguated wl-organization\" itemid=\"https:\/\/data.wordlift.io\/wl110249\/entity\/estrategia_vestibulares\">Estrat&eacute;gia Vestibulares<\/span> preparou, contendo os principais t&oacute;picos sobre o tema.<\/p><p class=\"wp-block-paragraph\"><div class=\"cta-medio\" style=\"background-image: url(https:\/\/vestibulares.estrategia.com\/portal\/wp-content\/uploads\/2024\/08\/curso-enem-1-estrategia-vestibulares-ctamedio.jpg);\"><h3>Pacote Enem TOP <\/h3> <p>Estude com o Estrat\u00e9gia Vestibulares<\/p><div class=\"cta-botao\"><a id=\"cta-medio\" href=\"https:\/\/vestibulares.estrategia.com\/curso\/enem-top\/\" target=\"_blank\" style=\"background:rgb(255,150,0)\">Saiba mais<\/a><\/div><\/div>\n\n\n\n<\/p><div id=\"ez-toc-container\" class=\"ez-toc-v2_0_86 counter-hierarchy ez-toc-counter ez-toc-transparent ez-toc-container-direction\">\n<div class=\"ez-toc-title-container\"><p class=\"ez-toc-title\" style=\"cursor:inherit\">Navegue pelo conte\u00fado<\/p>\n<\/div><nav><ul class='ez-toc-list ez-toc-list-level-1 ' ><li class='ez-toc-page-1 ez-toc-heading-level-2'><a class=\"ez-toc-link ez-toc-heading-1\" href=\"https:\/\/vestibulares.estrategia.com\/portal\/materias\/portugues\/oracoes-coordenadas-e-oracoes-subordinadas-entenda-como-funcionam-e-quais-as-diferencas\/#Conceito-de-oracoes-coordenadas\" >Conceito de ora&ccedil;&otilde;es coordenadas<\/a><\/li><li class='ez-toc-page-1 ez-toc-heading-level-2'><a class=\"ez-toc-link ez-toc-heading-2\" href=\"https:\/\/vestibulares.estrategia.com\/portal\/materias\/portugues\/oracoes-coordenadas-e-oracoes-subordinadas-entenda-como-funcionam-e-quais-as-diferencas\/#Oracoes-coordenadas-sindeticas\" >Ora&ccedil;&otilde;es coordenadas sind&eacute;ticas&nbsp;<\/a><\/li><li class='ez-toc-page-1 ez-toc-heading-level-2'><a class=\"ez-toc-link ez-toc-heading-3\" href=\"https:\/\/vestibulares.estrategia.com\/portal\/materias\/portugues\/oracoes-coordenadas-e-oracoes-subordinadas-entenda-como-funcionam-e-quais-as-diferencas\/#Oracoes-coordenadas-assindeticas\" >Ora&ccedil;&otilde;es coordenadas assind&eacute;ticas&nbsp;<\/a><\/li><li class='ez-toc-page-1 ez-toc-heading-level-2'><a class=\"ez-toc-link ez-toc-heading-4\" href=\"https:\/\/vestibulares.estrategia.com\/portal\/materias\/portugues\/oracoes-coordenadas-e-oracoes-subordinadas-entenda-como-funcionam-e-quais-as-diferencas\/#Oracoes-subordinadas-o-que-sao\" >Ora&ccedil;&otilde;es subordinadas: o que s&atilde;o?<\/a><\/li><li class='ez-toc-page-1 ez-toc-heading-level-2'><a class=\"ez-toc-link ez-toc-heading-5\" href=\"https:\/\/vestibulares.estrategia.com\/portal\/materias\/portugues\/oracoes-coordenadas-e-oracoes-subordinadas-entenda-como-funcionam-e-quais-as-diferencas\/#Oracoes-subordinadas-substantivas\" >Ora&ccedil;&otilde;es subordinadas substantivas<\/a><\/li><li class='ez-toc-page-1 ez-toc-heading-level-2'><a class=\"ez-toc-link ez-toc-heading-6\" href=\"https:\/\/vestibulares.estrategia.com\/portal\/materias\/portugues\/oracoes-coordenadas-e-oracoes-subordinadas-entenda-como-funcionam-e-quais-as-diferencas\/#Oracoes-Subordinadas-adjetivas\" >Ora&ccedil;&otilde;es Subordinadas adjetivas&nbsp;<\/a><\/li><li class='ez-toc-page-1 ez-toc-heading-level-2'><a class=\"ez-toc-link ez-toc-heading-7\" href=\"https:\/\/vestibulares.estrategia.com\/portal\/materias\/portugues\/oracoes-coordenadas-e-oracoes-subordinadas-entenda-como-funcionam-e-quais-as-diferencas\/#Oracoes-Subordinadas-adverbiais\" >Ora&ccedil;&otilde;es Subordinadas adverbiais&nbsp;<\/a><\/li><li class='ez-toc-page-1 ez-toc-heading-level-2'><a class=\"ez-toc-link ez-toc-heading-8\" href=\"https:\/\/vestibulares.estrategia.com\/portal\/materias\/portugues\/oracoes-coordenadas-e-oracoes-subordinadas-entenda-como-funcionam-e-quais-as-diferencas\/#Estude-mais-com-o-Estrategia-Vestibulares\" >Estude mais com o Estrat&eacute;gia Vestibulares&nbsp;<\/a><\/li><\/ul><\/nav><\/div>\n<h2 class=\"wp-block-heading\" id=\"h-conceito-de-oracoes-coordenadas\"><span class=\"ez-toc-section\" id=\"Conceito-de-oracoes-coordenadas\"><\/span>Conceito de ora&ccedil;&otilde;es coordenadas<span class=\"ez-toc-section-end\"><\/span><\/h2><p class=\"wp-block-paragraph\">Per&iacute;odos compostos por coordena&ccedil;&atilde;o cont&eacute;m ora&ccedil;&otilde;es coordenadas<strong>, <\/strong>ou seja, independentes. S&atilde;o ora&ccedil;&otilde;es que apresentam sentido (tanto sint&aacute;tico quanto sem&acirc;ntico) completo em si mesmas, n&atilde;o necessitando de complemento.&nbsp;<\/p><p class=\"wp-block-paragraph\">Al&eacute;m disso, do ponto de vista sint&aacute;tico, uma n&atilde;o desempenha fun&ccedil;&atilde;o com rela&ccedil;&atilde;o &agrave; outra. Elas podem aparecer ligadas uma &agrave; outra por meio de um conectivo (<a href=\"https:\/\/vestibulares.estrategia.com\/portal\/materias\/redacao\/conjuncao\/\">conjun&ccedil;&otilde;es<\/a> coordenativas) ou sem ele.<\/p><p class=\"wp-block-paragraph\">As ora&ccedil;&otilde;es coordenadas que n&atilde;o s&atilde;o introduzidas por conjun&ccedil;&otilde;es coordenativas s&atilde;o chamadas, portanto, de ora&ccedil;&otilde;es coordenadas <strong>assind&eacute;ticas<\/strong>, ao passo que aquelas que s&atilde;o introduzidas por conjun&ccedil;&atilde;o, s&atilde;o chamadas de ora&ccedil;&otilde;es coordenadas <strong>sind&eacute;ticas<\/strong>.<\/p><h2 class=\"wp-block-heading\"><span class=\"ez-toc-section\" id=\"Oracoes-coordenadas-sindeticas\"><\/span>Ora&ccedil;&otilde;es coordenadas sind&eacute;ticas&nbsp;<span class=\"ez-toc-section-end\"><\/span><\/h2><p class=\"wp-block-paragraph\">As ora&ccedil;&otilde;es coordenadas sind&eacute;ticas s&atilde;o aquelas que se conectam a outra por meio de uma conjun&ccedil;&atilde;o coordenativa, e cada tipo expressa uma rela&ccedil;&atilde;o espec&iacute;fica entre as ideias.&nbsp;<\/p><h3 class=\"wp-block-heading\">Aditivas<\/h3><p class=\"wp-block-paragraph\">Relacionam pensamentos similares. Expressam adi&ccedil;&atilde;o, sequ&ecirc;ncia de fatos ou pensamentos. As principais conjun&ccedil;&otilde;es s&atilde;o: <strong>&ldquo;e&rdquo;, &ldquo;n&atilde;o s&oacute;&hellip; mas tamb&eacute;m&rdquo;, &ldquo;nem&rdquo;, &ldquo;n&atilde;o&hellip; nem&rdquo;.<\/strong>&nbsp;<\/p><p class=\"wp-block-paragraph\">Exemplos:<\/p><ul class=\"wp-block-list\">\n<li>Ela estudou para a prova <strong>e fez todos os exerc&iacute;cios.<\/strong><\/li>\n\n\n\n<li>Rafael n&atilde;o me liga <strong>nem me atende.<\/strong><\/li>\n<\/ul><p class=\"wp-block-paragraph\">As ora&ccedil;&otilde;es em destaque s&atilde;o ora&ccedil;&otilde;es coordenadas sind&eacute;ticas aditivas.<\/p><h3 class=\"wp-block-heading\">Adversativas<\/h3><p class=\"wp-block-paragraph\">Relacionam pensamentos opostos. Expressam uma ressalva, uma oposi&ccedil;&atilde;o ou, ainda, um contraste. As principais conjun&ccedil;&otilde;es s&atilde;o: <strong>&ldquo;contudo&rdquo;, &ldquo;mas&rdquo;, &ldquo;no entanto&rdquo;, &ldquo;por&eacute;m&rdquo;, &ldquo;todavia&rdquo;.<\/strong><\/p><p class=\"wp-block-paragraph\">Exemplos:<\/p><ul class=\"wp-block-list\">\n<li>Quis sair cedo, <strong>mas o tr&acirc;nsito estava intenso.<\/strong><\/li>\n\n\n\n<li>N&atilde;o aguento mais estudar, <strong>entretanto isso &eacute; necess&aacute;rio.<\/strong><\/li>\n<\/ul><p class=\"wp-block-paragraph\">As <a href=\"https:\/\/vestibulares.estrategia.com\/portal\/materias\/portugues\/enunciados\/\">ora&ccedil;&otilde;es<\/a> em destaque s&atilde;o ora&ccedil;&otilde;es coordenadas sind&eacute;ticas adversativas.<\/p><h3 class=\"wp-block-heading\">Alternativas<\/h3><p class=\"wp-block-paragraph\">Relacionam pensamentos excludentes. Expressam altern&acirc;ncia ou exclus&atilde;o. A no&ccedil;&atilde;o de exclud&ecirc;ncia se aplica &agrave; altern&acirc;ncia, dado que, enquanto uma a&ccedil;&atilde;o ocorre, a outra n&atilde;o ocorrer&aacute;. As principais conjun&ccedil;&otilde;es s&atilde;o: <strong>&ldquo;ou&rdquo;, &ldquo;j&aacute;\/j&aacute;&rdquo;, &ldquo;ora\/ora&rdquo;, &ldquo;quer\/quer&rdquo;, &ldquo;nem\/nem&rdquo;, &ldquo;seja\/seja&rdquo;.<\/strong><\/p><p class=\"wp-block-paragraph\">Exemplos:<\/p><ul class=\"wp-block-list\">\n<li>Ou voc&ecirc; estuda com foco, <strong>ou n&atilde;o alcan&ccedil;ar&aacute; seu objetivo.<\/strong><\/li>\n\n\n\n<li>Essa garota n&atilde;o se decide: <strong>ora quer estudar, ora quer sair.<\/strong><\/li>\n<\/ul><p class=\"wp-block-paragraph\">As ora&ccedil;&otilde;es em destaque s&atilde;o ora&ccedil;&otilde;es coordenadas sind&eacute;ticas alternativas.<\/p><h3 class=\"wp-block-heading\">Conclusivas<\/h3><p class=\"wp-block-paragraph\">Relacionam pensamentos em que a segunda ideia conclui, de forma l&oacute;gica, a primeira ideia. As principais conjun&ccedil;&otilde;es s&atilde;o: <strong>&ldquo;logo&rdquo;, &ldquo;pois&rdquo; <\/strong>(posposto ao verbo), <strong>&ldquo;por conseguinte&rdquo;, &ldquo;portanto&rdquo;.<\/strong><\/p><p class=\"wp-block-paragraph\">Exemplos:<\/p><ul class=\"wp-block-list\">\n<li>Estava cansado, <strong>portanto foi dormir mais cedo<\/strong>.<\/li>\n\n\n\n<li>Eles pagaram o sal&aacute;rio; <strong>poderemos, pois, pagar as d&iacute;vidas.<\/strong><\/li>\n<\/ul><p class=\"wp-block-paragraph\">As ora&ccedil;&otilde;es em destaque s&atilde;o ora&ccedil;&otilde;es coordenadas sind&eacute;ticas conclusivas.<\/p><h3 class=\"wp-block-heading\">Explicativas<\/h3><p class=\"wp-block-paragraph\">As explicativas, por fim, relacionam pensamentos em que a segunda ora&ccedil;&atilde;o explica a primeira. Expressam, portanto, um motivo ou, como o nome prop&otilde;e, uma explica&ccedil;&atilde;o. As principais conjun&ccedil;&otilde;es s&atilde;o: <strong>&ldquo;pois&rdquo;, &ldquo;porque&rdquo;, &ldquo;que&rdquo;.<\/strong><\/p><p class=\"wp-block-paragraph\">Exemplos:<\/p><ul class=\"wp-block-list\">\n<li>Feche a janela, <strong>porque est&aacute; ventando muito.<\/strong><\/li>\n\n\n\n<li>Espere a&iacute; fora, <strong>que logo eu entrego a mochila.&nbsp;<\/strong><\/li>\n<\/ul><p class=\"wp-block-paragraph\">As ora&ccedil;&otilde;es em destaque s&atilde;o ora&ccedil;&otilde;es coordenadas sind&eacute;ticas explicativas.<\/p><h2 class=\"wp-block-heading\"><span class=\"ez-toc-section\" id=\"Oracoes-coordenadas-assindeticas\"><\/span>Ora&ccedil;&otilde;es coordenadas assind&eacute;ticas&nbsp;<span class=\"ez-toc-section-end\"><\/span><\/h2><p class=\"wp-block-paragraph\">As ora&ccedil;&otilde;es coordenadas assind&eacute;ticas, por sua vez, s&atilde;o separadas por pausas. No texto escrito, essas pausas s&atilde;o marcadas por v&iacute;rgula, ponto e v&iacute;rgula ou dois pontos.<\/p><p class=\"wp-block-paragraph\">Exemplos:<\/p><ul class=\"wp-block-list\">\n<li>O sol saiu, o dia estava bonito.<\/li>\n<\/ul><p class=\"wp-block-paragraph\">As ora&ccedil;&otilde;es n&atilde;o s&atilde;o ligadas por conjun&ccedil;&atilde;o, mas por v&iacute;rgula.<\/p><ul class=\"wp-block-list\">\n<li>Cinco pessoas foram a favor da mudan&ccedil;a; duas foram contra.<\/li>\n<\/ul><p class=\"wp-block-paragraph\">As ora&ccedil;&otilde;es n&atilde;o s&atilde;o ligadas por conjun&ccedil;&atilde;o, mas por ponto e v&iacute;rgula.<\/p><h2 class=\"wp-block-heading\"><span class=\"ez-toc-section\" id=\"Oracoes-subordinadas-o-que-sao\"><\/span>Ora&ccedil;&otilde;es subordinadas: o que s&atilde;o?<span class=\"ez-toc-section-end\"><\/span><\/h2><p class=\"wp-block-paragraph\">J&aacute; os per&iacute;odos compostos por <a href=\"https:\/\/vestibulares.estrategia.com\/portal\/materias\/portugues\/oracao-subordinada-adjetiva\/\">subordina&ccedil;&atilde;o<\/a> cont&eacute;m ora&ccedil;&atilde;o principal e <span id=\"urn:enhancement-84d8c345-2cf4-4242-a98a-18716e10d8ef\" class=\"textannotation disambiguated wl-thing\" itemid=\"https:\/\/data.wordlift.io\/wl110249\/entity\/oracoes-subordinadas\">ora&ccedil;&atilde;o&nbsp;subordinada<\/span>. A ora&ccedil;&atilde;o principal &eacute; independente e a subordinada se relaciona com ela sintaticamente. H&aacute; tr&ecirc;s tipos de <span id=\"urn:enhancement-c5dd0239-02b6-478e-9f9e-ce28ecd4f91b\" class=\"textannotation disambiguated wl-thing\" itemid=\"https:\/\/data.wordlift.io\/wl110249\/entity\/oracoes-subordinadas\">ora&ccedil;&atilde;o subordinada<\/span>, cada uma assumindo fun&ccedil;&otilde;es ligadas a uma classe gramatical diferente: substantivas, adjetivas e adverbiais.<\/p><h2 class=\"wp-block-heading\"><span class=\"ez-toc-section\" id=\"Oracoes-subordinadas-substantivas\"><\/span>Ora&ccedil;&otilde;es subordinadas substantivas<span class=\"ez-toc-section-end\"><\/span><\/h2><p class=\"wp-block-paragraph\">As <a href=\"https:\/\/vestibulares.estrategia.com\/portal\/materias\/portugues\/oracoes-subordinadas-substantivas\/\">ora&ccedil;&otilde;es subordinadas substantivas<\/a> equivalem a substantivos. Exercem em rela&ccedil;&atilde;o &agrave; ora&ccedil;&atilde;o principal fun&ccedil;&otilde;es pr&oacute;prias de substantivos: <span id=\"urn:enhancement-47276a2f-74c8-44cd-a946-fd94a5d16cf6\" class=\"textannotation disambiguated wl-thing\" itemid=\"https:\/\/data.wordlift.io\/wl110249\/entity\/sujeito\">sujeito<\/span>, predicado, objeto direto, objeto indireto, complemento nominal e <span id=\"urn:enhancement-81a49516-3f45-4a97-a12a-93f2c193db63\" class=\"textannotation disambiguated wl-thing\" itemid=\"https:\/\/data.wordlift.io\/wl110249\/entity\/adjunto-adnominal\">aposto<\/span>.<\/p><h3 class=\"wp-block-heading\">Subjetiva<\/h3><p class=\"wp-block-paragraph\">Quando uma ora&ccedil;&atilde;o exerce a fun&ccedil;&atilde;o de <span id=\"urn:enhancement-a2a0e9fe-258b-4925-9d0c-a46f449023b7\" class=\"textannotation disambiguated wl-thing\" itemid=\"https:\/\/data.wordlift.io\/wl110249\/entity\/sujeito\">sujeito<\/span>, &eacute; chamada de <span id=\"urn:enhancement-471a232a-4f00-4d0f-8ad2-a71e5a0795f0\" class=\"textannotation disambiguated wl-thing\" itemid=\"https:\/\/data.wordlift.io\/wl110249\/entity\/oracoes-subordinadas\">ora&ccedil;&atilde;o subordinada<\/span> substantiva <span id=\"urn:enhancement-1114b2de-90da-461b-a246-13986e5557a1\" class=\"textannotation disambiguated wl-thing\" itemid=\"https:\/\/data.wordlift.io\/wl110249\/entity\/subjetividade\">subjetiva<\/span>.<\/p><p class=\"wp-block-paragraph\">Exemplo:<\/p><ul class=\"wp-block-list\">\n<li>&Eacute; certo <strong>que ela chega hoje<\/strong>. (= <strong>Isso<\/strong> &eacute; certo.)<\/li>\n<\/ul><h3 class=\"wp-block-heading\">Predicativa<\/h3><p class=\"wp-block-paragraph\">Quando uma ora&ccedil;&atilde;o exerce a fun&ccedil;&atilde;o de predicativo, &eacute; chamada de <span id=\"urn:enhancement-721c6cb4-afb8-4f39-ab2d-b55805292f5f\" class=\"textannotation disambiguated wl-thing\" itemid=\"https:\/\/data.wordlift.io\/wl110249\/entity\/oracoes-subordinadas\">ora&ccedil;&atilde;o subordinada<\/span> substantiva predicativa.&nbsp;<\/p><p class=\"wp-block-paragraph\">Exemplo:<\/p><ul class=\"wp-block-list\">\n<li>A verdade &eacute; <strong>que estamos perdidos<\/strong>. (= A verdade &eacute;<strong> isso<\/strong>.)<\/li>\n<\/ul><h3 class=\"wp-block-heading\">Objetiva direta<\/h3><p class=\"wp-block-paragraph\">Quando uma ora&ccedil;&atilde;o exerce a fun&ccedil;&atilde;o de <a href=\"https:\/\/vestibulares.estrategia.com\/portal\/materias\/portugues\/objeto-direto-e-indireto\/\">objeto direto<\/a>, &eacute; chamada de <span id=\"urn:enhancement-59a0b98a-2bed-42de-a2a5-471763787e2a\" class=\"textannotation disambiguated wl-thing\" itemid=\"https:\/\/data.wordlift.io\/wl110249\/entity\/oracoes-subordinadas\">ora&ccedil;&atilde;o subordinada<\/span> substantiva objetiva direta.<\/p><p class=\"wp-block-paragraph\">Exemplo:&nbsp;<\/p><ul class=\"wp-block-list\">\n<li>Entendi <strong>que deveria ficar quieto<\/strong>. (= Entendi <strong>isso<\/strong>.)<\/li>\n<\/ul><h3 class=\"wp-block-heading\">Objetiva indireta<\/h3><p class=\"wp-block-paragraph\">Quando uma ora&ccedil;&atilde;o exerce a fun&ccedil;&atilde;o de <a href=\"https:\/\/vestibulares.estrategia.com\/portal\/materias\/portugues\/objeto-direto-e-indireto\/\">objeto indireto<\/a>, &eacute; chamada de <span id=\"urn:enhancement-32b0791a-a3ec-470d-a569-a8a428dee2f7\" class=\"textannotation disambiguated wl-thing\" itemid=\"https:\/\/data.wordlift.io\/wl110249\/entity\/oracoes-subordinadas\">ora&ccedil;&atilde;o subordinada<\/span> substantiva objetiva indireta.<\/p><p class=\"wp-block-paragraph\">Exemplo:<\/p><ul class=\"wp-block-list\">\n<li>N&atilde;o me arrependi <strong>do que falei.<\/strong> (= N&atilde;o me arrependi <strong>disso<\/strong>.)<\/li>\n<\/ul><h3 class=\"wp-block-heading\">Completiva nominal<\/h3><p class=\"wp-block-paragraph\">Quando uma ora&ccedil;&atilde;o exerce a fun&ccedil;&atilde;o de <a href=\"https:\/\/vestibulares.estrategia.com\/portal\/materias\/portugues\/complementos-verbais-e-adjuntos-adnominais-conceito-caracteristicas-e-exemplos\/\">complemento<\/a> nominal, &eacute; chamada de <span id=\"urn:enhancement-4a101db2-5727-4761-8279-36494fb90538\" class=\"textannotation disambiguated wl-thing\" itemid=\"https:\/\/data.wordlift.io\/wl110249\/entity\/oracoes-subordinadas\">ora&ccedil;&atilde;o subordinada<\/span> substantiva completiva nominal.<\/p><p class=\"wp-block-paragraph\">Exemplo:<\/p><ul class=\"wp-block-list\">\n<li>Ela tem medo <strong>de que voc&ecirc; v&aacute; embora<\/strong>. (Ela tem vontade <strong>disso<\/strong>.)<\/li>\n<\/ul><h3 class=\"wp-block-heading\">Apositiva<\/h3><p class=\"wp-block-paragraph\">Quando uma ora&ccedil;&atilde;o exerce a fun&ccedil;&atilde;o de <span id=\"urn:enhancement-1f5331d9-3311-47d6-9e2f-e4911f4fad6d\" class=\"textannotation disambiguated wl-thing\" itemid=\"https:\/\/data.wordlift.io\/wl110249\/entity\/adjunto-adnominal\">aposto<\/span>, &eacute; chamada de <span id=\"urn:enhancement-a44bfc1a-912b-431b-81d2-66abbfa5a037\" class=\"textannotation disambiguated wl-thing\" itemid=\"https:\/\/data.wordlift.io\/wl110249\/entity\/oracoes-subordinadas\">ora&ccedil;&atilde;o subordinada<\/span> substantiva apositiva. Explica ou especifica um termo anterior, geralmente separado por dois-pontos.<\/p><p class=\"wp-block-paragraph\">Exemplo:<\/p><ul class=\"wp-block-list\">\n<li>S&oacute; pe&ccedil;o uma coisa: <strong>que voc&ecirc; seja honesto<\/strong>.<\/li>\n<\/ul><h2 class=\"wp-block-heading\"><span class=\"ez-toc-section\" id=\"Oracoes-Subordinadas-adjetivas\"><\/span>Ora&ccedil;&otilde;es Subordinadas adjetivas&nbsp;<span class=\"ez-toc-section-end\"><\/span><\/h2><p class=\"wp-block-paragraph\">As <span id=\"urn:enhancement-631c0d0d-60b3-40d8-b8b5-ecdd64461c34\" class=\"textannotation disambiguated wl-thing\" itemid=\"https:\/\/data.wordlift.io\/wl110249\/entity\/oracoes-subordinadas\">ora&ccedil;&otilde;es subordinadas<\/span> adjetivas exercem a fun&ccedil;&atilde;o de <a href=\"https:\/\/vestibulares.estrategia.com\/portal\/materias\/portugues\/adjunto-adnominal\/\">adjunto adnominal<\/a>, ou seja, caracterizam um nome (geralmente um substantivo) da ora&ccedil;&atilde;o principal, assim como fazem os <span id=\"urn:enhancement-658cc411-38f4-4347-bcf9-092741a78ad2\" class=\"textannotation disambiguated wl-thing\" itemid=\"https:\/\/data.wordlift.io\/wl110249\/entity\/adjetivo\">adjetivos<\/span>. Elas sempre v&ecirc;m introduzidas por <span id=\"urn:enhancement-52de586b-bf8a-4c31-b9d1-cb1bf126749f\" class=\"textannotation disambiguated wl-creative-work\" itemid=\"https:\/\/data.wordlift.io\/wl110249\/entity\/pronome\">pronomes<\/span> relativos como <strong>que, quem, o qual, cujo, onde<\/strong>, entre outros, e s&atilde;o classificadas em dois tipos:<\/p><h3 class=\"wp-block-heading\">Restritivas&nbsp;<\/h3><p class=\"wp-block-paragraph\">Restringem ou especificam o sentido do nome ao qual se referem, sem uso de v&iacute;rgulas.<\/p><p class=\"wp-block-paragraph\">Exemplo:&nbsp;<\/p><ul class=\"wp-block-list\">\n<li>Os alunos que estudaram passaram na prova. (s&oacute; passaram os alunos que estudaram &mdash; a ora&ccedil;&atilde;o restringe o sentido de &ldquo;alunos&rdquo;)<\/li>\n<\/ul><h3 class=\"wp-block-heading\">Explicativas<\/h3><p class=\"wp-block-paragraph\">Acrescentam uma informa&ccedil;&atilde;o adicional sobre o nome, com uso de v&iacute;rgulas.<\/p><p class=\"wp-block-paragraph\">Exemplo:<\/p><ul class=\"wp-block-list\">\n<li>Os alunos, que estavam animados, participaram da feira. (todos os alunos estavam animados &mdash; a ora&ccedil;&atilde;o apenas explica)<\/li>\n<\/ul><h2 class=\"wp-block-heading\"><span class=\"ez-toc-section\" id=\"Oracoes-Subordinadas-adverbiais\"><\/span>Ora&ccedil;&otilde;es Subordinadas adverbiais&nbsp;<span class=\"ez-toc-section-end\"><\/span><\/h2><p class=\"wp-block-paragraph\">As <span id=\"urn:enhancement-0401ee24-1315-433c-a627-96fc8874ba8a\" class=\"textannotation disambiguated wl-thing\" itemid=\"https:\/\/data.wordlift.io\/wl110249\/entity\/oracoes-subordinadas-adverbiais\">ora&ccedil;&otilde;es subordinadas adverbiais<\/span> equivalem a <a href=\"https:\/\/vestibulares.estrategia.com\/portal\/materias\/portugues\/adverbios-e-adjuntos-adverbiais\/\">adv&eacute;rbios<\/a>. Exercem em rela&ccedil;&atilde;o &agrave; ora&ccedil;&atilde;o principal a fun&ccedil;&atilde;o de <span id=\"urn:enhancement-72468b32-eb82-4fd4-adb5-5e48f1415fbb\" class=\"textannotation disambiguated wl-thing\" itemid=\"https:\/\/data.wordlift.io\/wl110249\/entity\/adjunto-adverbial\">adjunto adverbial<\/span> do verbo da ora&ccedil;&atilde;o principal. Veja a seguir exemplos de algumas das principais e que podem cair na prova.<\/p><h3 class=\"wp-block-heading\">Causais<\/h3><p class=\"wp-block-paragraph\">Quando uma ora&ccedil;&atilde;o se inicia com conjun&ccedil;&atilde;o que exprime causa, &eacute; chamada de <span id=\"urn:enhancement-6c43109d-84d7-469c-9054-99cc512b2bd2\" class=\"textannotation disambiguated wl-thing\" itemid=\"https:\/\/data.wordlift.io\/wl110249\/entity\/oracoes-subordinadas\">ora&ccedil;&atilde;o subordinada<\/span> adverbial causal.<\/p><p class=\"wp-block-paragraph\">Exemplo:<\/p><ul class=\"wp-block-list\">\n<li>Ela foi embora, <strong>porque<\/strong> estava muito triste.<\/li>\n<\/ul><h3 class=\"wp-block-heading\">Comparativas<\/h3><p class=\"wp-block-paragraph\">Quando uma ora&ccedil;&atilde;o se inicia com conjun&ccedil;&atilde;o que exprime compara&ccedil;&atilde;o, &eacute; chamada de <span id=\"urn:enhancement-dd90afe7-c1a2-4404-906a-599c4e0c381e\" class=\"textannotation disambiguated wl-thing\" itemid=\"https:\/\/data.wordlift.io\/wl110249\/entity\/oracoes-subordinadas\">ora&ccedil;&atilde;o subordinada<\/span> adverbial comparativa.<\/p><p class=\"wp-block-paragraph\">Exemplo:<\/p><ul class=\"wp-block-list\">\n<li>Ela &eacute; mais dedicada <strong>do que<\/strong> parece.<\/li>\n<\/ul><h3 class=\"wp-block-heading\">Concessivas<\/h3><p class=\"wp-block-paragraph\">Quando uma ora&ccedil;&atilde;o se inicia com conjun&ccedil;&atilde;o que exprime contraste, &eacute; chamada de <span id=\"urn:enhancement-dfc4422d-9c64-4691-b18a-c53878b52fab\" class=\"textannotation disambiguated wl-thing\" itemid=\"https:\/\/data.wordlift.io\/wl110249\/entity\/oracoes-subordinadas\">ora&ccedil;&atilde;o subordinada<\/span> adverbial concessiva.<\/p><p class=\"wp-block-paragraph\">Exemplo:<\/p><ul class=\"wp-block-list\">\n<li><strong>Embora<\/strong> estivesse cansado, continuou estudando.<\/li>\n<\/ul><h3 class=\"wp-block-heading\">Condicionais&nbsp;<\/h3><p class=\"wp-block-paragraph\">Quando uma ora&ccedil;&atilde;o se inicia com conjun&ccedil;&atilde;o que exprime condi&ccedil;&atilde;o, &eacute; chamada de <span id=\"urn:enhancement-5c3d7685-58e5-4042-9d91-9c990ac878e3\" class=\"textannotation disambiguated wl-thing\" itemid=\"https:\/\/data.wordlift.io\/wl110249\/entity\/oracoes-subordinadas\">ora&ccedil;&atilde;o subordinada<\/span> adverbial condicional.<\/p><p class=\"wp-block-paragraph\">Exemplo:<\/p><ul class=\"wp-block-list\">\n<li>Irei <strong>se<\/strong> puder.<\/li>\n<\/ul><h3 class=\"wp-block-heading\">Consecutivas&nbsp;<\/h3><p class=\"wp-block-paragraph\">Quando uma ora&ccedil;&atilde;o se inicia com conjun&ccedil;&atilde;o que exprime consequ&ecirc;ncia, &eacute; chamada de <span id=\"urn:enhancement-d3fad15c-abfb-488a-a620-5cb5f93f8f29\" class=\"textannotation disambiguated wl-thing\" itemid=\"https:\/\/data.wordlift.io\/wl110249\/entity\/oracoes-subordinadas\">ora&ccedil;&atilde;o subordinada<\/span> adverbial consecutiva.<\/p><p class=\"wp-block-paragraph\">Exemplo:<\/p><ul class=\"wp-block-list\">\n<li>Era <strong>t&atilde;o<\/strong> alto <strong>que<\/strong> n&atilde;o passava na porta.<\/li>\n<\/ul><h3 class=\"wp-block-heading\">Proporcionais<\/h3><p class=\"wp-block-paragraph\">Quando uma ora&ccedil;&atilde;o se inicia com conjun&ccedil;&atilde;o que exprime <span id=\"urn:enhancement-e957ec16-2d85-4583-814f-8337ab3f0499\" class=\"textannotation disambiguated wl-thing\" itemid=\"https:\/\/data.wordlift.io\/wl110249\/entity\/proporcao\">propor&ccedil;&atilde;o<\/span>, &eacute; chamada de <span id=\"urn:enhancement-3b45097d-cce6-4f98-97f1-a1e5680ab29f\" class=\"textannotation disambiguated wl-thing\" itemid=\"https:\/\/data.wordlift.io\/wl110249\/entity\/oracoes-subordinadas\">ora&ccedil;&atilde;o subordinada<\/span> adverbial proporcional.<\/p><p class=\"wp-block-paragraph\">Exemplo:<\/p><ul class=\"wp-block-list\">\n<li><strong>&Agrave; medida que<\/strong> and&aacute;vamos, ficava mais escuro.<\/li>\n<\/ul><h2 class=\"wp-block-heading\"><span class=\"ez-toc-section\" id=\"Estude-mais-com-o-Estrategia-Vestibulares\"><\/span>Estude mais com o Estrat&eacute;gia Vestibulares&nbsp;<span class=\"ez-toc-section-end\"><\/span><\/h2><p class=\"wp-block-paragraph\">No Estrat&eacute;gia, al&eacute;m das aulas e materiais did&aacute;ticos exclusivos, voc&ecirc; tem acesso a diversos simulados in&eacute;ditos e resolu&ccedil;&atilde;o de quest&otilde;es, para tirar suas d&uacute;vidas e expor suas habilidades e pontos a serem aprimorados. Tudo isso fortalece seu conhecimento e te ajuda na jornada rumo &agrave; aprova&ccedil;&atilde;o. Clique no banner abaixo e saiba mais.<\/p><p class=\"wp-block-paragraph\"><a id=\"cta\" class=\"cta-imagem\" href=\"https:\/\/vestibulares.estrategia.com\/cursos\/\" target=\"blank\">\n                <img decoding=\"async\" width=\"100%\" src=\"https:\/\/vestibulares.estrategia.com\/portal\/wp-content\/uploads\/2021\/12\/EV2.jpg\" alt=\"CTA - Estrat\u00e9gia Vestibulares 2\" title=\"CTA - Estrat\u00e9gia Vestibulares 2\">\n        <\/a>\n\n\n\n\n<\/p><\/p>\n","protected":false},"excerpt":{"rendered":"Entenda o conceito por tr\u00e1s das ora\u00e7\u00f5es coordenadas e subordinadas, sua import\u00e2ncia e como se articulam dentro do texto\n","protected":false},"author":60,"featured_media":138944,"comment_status":"closed","ping_status":"closed","sticky":false,"template":"","format":"standard","meta":{"footnotes":""},"categories":[27],"tags":[],"class_list":["post-138943","post","type-post","status-publish","format-standard","has-post-thumbnail","category-portugues"],"acf":[],"yoast_head":"<!-- This site is optimized with the Yoast SEO Premium plugin v25.9 (Yoast SEO v28.2) - https:\/\/yoast.com\/product\/yoast-seo-premium-wordpress\/ -->\n<title>Ora\u00e7\u00f5es Coordenadas e Ora\u00e7\u00f5es Subordinadas: o que s\u00e3o<\/title>\n<meta name=\"description\" content=\"Entenda o conceito por tr\u00e1s das ora\u00e7\u00f5es coordenadas e subordinadas, sua import\u00e2ncia e como se articulam dentro do texto.\" \/>\n<meta name=\"robots\" content=\"index, follow, max-snippet:-1, max-image-preview:large, max-video-preview:-1\" \/>\n<link rel=\"canonical\" href=\"https:\/\/vestibulares.estrategia.com\/portal\/materias\/portugues\/oracoes-coordenadas-e-oracoes-subordinadas-entenda-como-funcionam-e-quais-as-diferencas\/\" \/>\n<meta property=\"og:locale\" content=\"pt_BR\" \/>\n<meta property=\"og:type\" content=\"article\" \/>\n<meta property=\"og:title\" content=\"Ora\u00e7\u00f5es Coordenadas e Ora\u00e7\u00f5es Subordinadas: entenda como funcionam e quais as diferen\u00e7as\" \/>\n<meta property=\"og:description\" content=\"Entenda o conceito por tr\u00e1s das ora\u00e7\u00f5es coordenadas e subordinadas, sua import\u00e2ncia e como se articulam dentro do texto.\" \/>\n<meta property=\"og:url\" content=\"https:\/\/vestibulares.estrategia.com\/portal\/materias\/portugues\/oracoes-coordenadas-e-oracoes-subordinadas-entenda-como-funcionam-e-quais-as-diferencas\/\" \/>\n<meta property=\"og:site_name\" content=\"Estrat\u00e9gia Vestibulares\" \/>\n<meta property=\"article:publisher\" content=\"https:\/\/facebook.com\/estrategiavestibulares\" \/>\n<meta property=\"article:published_time\" content=\"2025-05-13T03:09:12+00:00\" \/>\n<meta property=\"article:modified_time\" content=\"2025-06-16T14:50:05+00:00\" \/>\n<meta property=\"og:image\" content=\"https:\/\/vestibulares.estrategia.com\/portal\/wp-content\/uploads\/2025\/05\/coordenacao-e-sub.jpg\" \/>\n\t<meta property=\"og:image:width\" content=\"1920\" \/>\n\t<meta property=\"og:image:height\" content=\"1280\" \/>\n\t<meta property=\"og:image:type\" content=\"image\/jpeg\" \/>\n<meta name=\"author\" content=\"Henrique Alonso\" \/>\n<meta name=\"twitter:card\" content=\"summary_large_image\" \/>\n<meta name=\"twitter:creator\" content=\"@Estrategiavest\" \/>\n<meta name=\"twitter:site\" content=\"@Estrategiavest\" \/>\n<meta name=\"twitter:label1\" content=\"Escrito por\" \/>\n\t<meta name=\"twitter:data1\" content=\"Henrique Alonso\" \/>\n\t<meta name=\"twitter:label2\" content=\"Est. tempo de leitura\" \/>\n\t<meta name=\"twitter:data2\" content=\"7 minutos\" \/>\n<script type=\"application\/ld+json\" class=\"yoast-schema-graph\">{\"@context\":\"https:\\\/\\\/schema.org\",\"@graph\":[{\"@type\":\"Article\",\"@id\":\"https:\\\/\\\/vestibulares.estrategia.com\\\/portal\\\/materias\\\/portugues\\\/oracoes-coordenadas-e-oracoes-subordinadas-entenda-como-funcionam-e-quais-as-diferencas\\\/#article\",\"isPartOf\":{\"@id\":\"https:\\\/\\\/vestibulares.estrategia.com\\\/portal\\\/materias\\\/portugues\\\/oracoes-coordenadas-e-oracoes-subordinadas-entenda-como-funcionam-e-quais-as-diferencas\\\/\"},\"author\":{\"name\":\"Henrique Alonso\",\"@id\":\"https:\\\/\\\/vestibulares.estrategia.com\\\/portal\\\/#\\\/schema\\\/person\\\/58a24ec617c4366facab83777fb769a2\"},\"headline\":\"Ora\u00e7\u00f5es Coordenadas e Ora\u00e7\u00f5es Subordinadas: entenda como funcionam e quais as diferen\u00e7as\",\"datePublished\":\"2025-05-13T03:09:12+00:00\",\"dateModified\":\"2025-06-16T14:50:05+00:00\",\"mainEntityOfPage\":{\"@id\":\"https:\\\/\\\/vestibulares.estrategia.com\\\/portal\\\/materias\\\/portugues\\\/oracoes-coordenadas-e-oracoes-subordinadas-entenda-como-funcionam-e-quais-as-diferencas\\\/\"},\"wordCount\":1452,\"publisher\":{\"@id\":\"https:\\\/\\\/vestibulares.estrategia.com\\\/portal\\\/#organization\"},\"image\":{\"@id\":\"https:\\\/\\\/vestibulares.estrategia.com\\\/portal\\\/materias\\\/portugues\\\/oracoes-coordenadas-e-oracoes-subordinadas-entenda-como-funcionam-e-quais-as-diferencas\\\/#primaryimage\"},\"thumbnailUrl\":\"https:\\\/\\\/vestibulares.estrategia.com\\\/portal\\\/wp-content\\\/uploads\\\/2025\\\/05\\\/coordenacao-e-sub.jpg\",\"articleSection\":[\"Portugu\u00eas\"],\"inLanguage\":\"pt-BR\"},{\"@type\":\"WebPage\",\"@id\":\"https:\\\/\\\/vestibulares.estrategia.com\\\/portal\\\/materias\\\/portugues\\\/oracoes-coordenadas-e-oracoes-subordinadas-entenda-como-funcionam-e-quais-as-diferencas\\\/\",\"url\":\"https:\\\/\\\/vestibulares.estrategia.com\\\/portal\\\/materias\\\/portugues\\\/oracoes-coordenadas-e-oracoes-subordinadas-entenda-como-funcionam-e-quais-as-diferencas\\\/\",\"name\":\"Ora\u00e7\u00f5es Coordenadas e Ora\u00e7\u00f5es Subordinadas: o que s\u00e3o\",\"isPartOf\":{\"@id\":\"https:\\\/\\\/vestibulares.estrategia.com\\\/portal\\\/#website\"},\"primaryImageOfPage\":{\"@id\":\"https:\\\/\\\/vestibulares.estrategia.com\\\/portal\\\/materias\\\/portugues\\\/oracoes-coordenadas-e-oracoes-subordinadas-entenda-como-funcionam-e-quais-as-diferencas\\\/#primaryimage\"},\"image\":{\"@id\":\"https:\\\/\\\/vestibulares.estrategia.com\\\/portal\\\/materias\\\/portugues\\\/oracoes-coordenadas-e-oracoes-subordinadas-entenda-como-funcionam-e-quais-as-diferencas\\\/#primaryimage\"},\"thumbnailUrl\":\"https:\\\/\\\/vestibulares.estrategia.com\\\/portal\\\/wp-content\\\/uploads\\\/2025\\\/05\\\/coordenacao-e-sub.jpg\",\"datePublished\":\"2025-05-13T03:09:12+00:00\",\"dateModified\":\"2025-06-16T14:50:05+00:00\",\"description\":\"Entenda o conceito por tr\u00e1s das ora\u00e7\u00f5es coordenadas e subordinadas, sua import\u00e2ncia e como se articulam dentro do texto.\",\"breadcrumb\":{\"@id\":\"https:\\\/\\\/vestibulares.estrategia.com\\\/portal\\\/materias\\\/portugues\\\/oracoes-coordenadas-e-oracoes-subordinadas-entenda-como-funcionam-e-quais-as-diferencas\\\/#breadcrumb\"},\"inLanguage\":\"pt-BR\",\"potentialAction\":[{\"@type\":\"ReadAction\",\"target\":[\"https:\\\/\\\/vestibulares.estrategia.com\\\/portal\\\/materias\\\/portugues\\\/oracoes-coordenadas-e-oracoes-subordinadas-entenda-como-funcionam-e-quais-as-diferencas\\\/\"]}]},{\"@type\":\"ImageObject\",\"inLanguage\":\"pt-BR\",\"@id\":\"https:\\\/\\\/vestibulares.estrategia.com\\\/portal\\\/materias\\\/portugues\\\/oracoes-coordenadas-e-oracoes-subordinadas-entenda-como-funcionam-e-quais-as-diferencas\\\/#primaryimage\",\"url\":\"https:\\\/\\\/vestibulares.estrategia.com\\\/portal\\\/wp-content\\\/uploads\\\/2025\\\/05\\\/coordenacao-e-sub.jpg\",\"contentUrl\":\"https:\\\/\\\/vestibulares.estrategia.com\\\/portal\\\/wp-content\\\/uploads\\\/2025\\\/05\\\/coordenacao-e-sub.jpg\",\"width\":1920,\"height\":1280,\"caption\":\"coordena\u00e7\u00e3o-e-subordina\u00e7\u00e3o\"},{\"@type\":\"BreadcrumbList\",\"@id\":\"https:\\\/\\\/vestibulares.estrategia.com\\\/portal\\\/materias\\\/portugues\\\/oracoes-coordenadas-e-oracoes-subordinadas-entenda-como-funcionam-e-quais-as-diferencas\\\/#breadcrumb\",\"itemListElement\":[{\"@type\":\"ListItem\",\"position\":1,\"name\":\"Home\",\"item\":\"https:\\\/\\\/vestibulares.estrategia.com\\\/portal\\\/\"},{\"@type\":\"ListItem\",\"position\":2,\"name\":\"Mat\u00e9rias\",\"item\":\"https:\\\/\\\/vestibulares.estrategia.com\\\/portal\\\/materias\\\/\"},{\"@type\":\"ListItem\",\"position\":3,\"name\":\"Portugu\u00eas\",\"item\":\"https:\\\/\\\/vestibulares.estrategia.com\\\/portal\\\/materias\\\/portugues\\\/\"},{\"@type\":\"ListItem\",\"position\":4,\"name\":\"Ora\u00e7\u00f5es Coordenadas e Ora\u00e7\u00f5es Subordinadas: entenda como funcionam e quais as diferen\u00e7as\"}]},{\"@type\":\"WebSite\",\"@id\":\"https:\\\/\\\/vestibulares.estrategia.com\\\/portal\\\/#website\",\"url\":\"https:\\\/\\\/vestibulares.estrategia.com\\\/portal\\\/\",\"name\":\"Estrat\u00e9gia Vestibulares\",\"description\":\"\",\"publisher\":{\"@id\":\"https:\\\/\\\/vestibulares.estrategia.com\\\/portal\\\/#organization\"},\"potentialAction\":[{\"@type\":\"SearchAction\",\"target\":{\"@type\":\"EntryPoint\",\"urlTemplate\":\"https:\\\/\\\/vestibulares.estrategia.com\\\/portal\\\/?s={search_term_string}\"},\"query-input\":{\"@type\":\"PropertyValueSpecification\",\"valueRequired\":true,\"valueName\":\"search_term_string\"}}],\"inLanguage\":\"pt-BR\"},{\"@type\":\"Organization\",\"@id\":\"https:\\\/\\\/vestibulares.estrategia.com\\\/portal\\\/#organization\",\"name\":\"Estrat\u00e9gia Vestibulares\",\"url\":\"https:\\\/\\\/vestibulares.estrategia.com\\\/portal\\\/\",\"logo\":{\"@type\":\"ImageObject\",\"inLanguage\":\"pt-BR\",\"@id\":\"https:\\\/\\\/vestibulares.estrategia.com\\\/portal\\\/#\\\/schema\\\/logo\\\/image\\\/\",\"url\":\"https:\\\/\\\/vestibulares.estrategia.com\\\/portal\\\/wp-content\\\/uploads\\\/2021\\\/06\\\/Logo-Vestibulares@4x.png\",\"contentUrl\":\"https:\\\/\\\/vestibulares.estrategia.com\\\/portal\\\/wp-content\\\/uploads\\\/2021\\\/06\\\/Logo-Vestibulares@4x.png\",\"width\":250,\"height\":66,\"caption\":\"Estrat\u00e9gia Vestibulares\"},\"image\":{\"@id\":\"https:\\\/\\\/vestibulares.estrategia.com\\\/portal\\\/#\\\/schema\\\/logo\\\/image\\\/\"},\"sameAs\":[\"https:\\\/\\\/facebook.com\\\/estrategiavestibulares\",\"https:\\\/\\\/x.com\\\/Estrategiavest\",\"https:\\\/\\\/www.instagram.com\\\/estrategiavestibulares\",\"https:\\\/\\\/www.youtube.com\\\/channel\\\/UCGWdZy8ULI-7_5GrABa4vNA\"]},{\"@type\":\"Person\",\"@id\":\"https:\\\/\\\/vestibulares.estrategia.com\\\/portal\\\/#\\\/schema\\\/person\\\/58a24ec617c4366facab83777fb769a2\",\"name\":\"Henrique Alonso\",\"image\":{\"@type\":\"ImageObject\",\"inLanguage\":\"pt-BR\",\"@id\":\"https:\\\/\\\/secure.gravatar.com\\\/avatar\\\/ef19576b43a83459616c76d26498b32a01738e3f57dad562b37d49ef02977cab?s=96&d=mm&r=g\",\"url\":\"https:\\\/\\\/secure.gravatar.com\\\/avatar\\\/ef19576b43a83459616c76d26498b32a01738e3f57dad562b37d49ef02977cab?s=96&d=mm&r=g\",\"contentUrl\":\"https:\\\/\\\/secure.gravatar.com\\\/avatar\\\/ef19576b43a83459616c76d26498b32a01738e3f57dad562b37d49ef02977cab?s=96&d=mm&r=g\",\"caption\":\"Henrique Alonso\"},\"description\":\"Redator do Portal Estrat\u00e9gia Vestibulares e estudante de Letras-Ingl\u00eas na FFLCH-USP.\",\"url\":\"https:\\\/\\\/vestibulares.estrategia.com\\\/portal\\\/author\\\/henrique-alonso\\\/\"}]}<\/script>\n<!-- \/ Yoast SEO Premium plugin. -->","yoast_head_json":{"title":"Ora\u00e7\u00f5es Coordenadas e Ora\u00e7\u00f5es Subordinadas: o que s\u00e3o","description":"Entenda o conceito por tr\u00e1s das ora\u00e7\u00f5es coordenadas e subordinadas, sua import\u00e2ncia e como se articulam dentro do texto.","robots":{"index":"index","follow":"follow","max-snippet":"max-snippet:-1","max-image-preview":"max-image-preview:large","max-video-preview":"max-video-preview:-1"},"canonical":"https:\/\/vestibulares.estrategia.com\/portal\/materias\/portugues\/oracoes-coordenadas-e-oracoes-subordinadas-entenda-como-funcionam-e-quais-as-diferencas\/","og_locale":"pt_BR","og_type":"article","og_title":"Ora\u00e7\u00f5es Coordenadas e Ora\u00e7\u00f5es Subordinadas: entenda como funcionam e quais as diferen\u00e7as","og_description":"Entenda o conceito por tr\u00e1s das ora\u00e7\u00f5es coordenadas e subordinadas, sua import\u00e2ncia e como se articulam dentro do texto.","og_url":"https:\/\/vestibulares.estrategia.com\/portal\/materias\/portugues\/oracoes-coordenadas-e-oracoes-subordinadas-entenda-como-funcionam-e-quais-as-diferencas\/","og_site_name":"Estrat\u00e9gia Vestibulares","article_publisher":"https:\/\/facebook.com\/estrategiavestibulares","article_published_time":"2025-05-13T03:09:12+00:00","article_modified_time":"2025-06-16T14:50:05+00:00","og_image":[{"width":1920,"height":1280,"url":"https:\/\/vestibulares.estrategia.com\/portal\/wp-content\/uploads\/2025\/05\/coordenacao-e-sub.jpg","type":"image\/jpeg"}],"author":"Henrique Alonso","twitter_card":"summary_large_image","twitter_creator":"@Estrategiavest","twitter_site":"@Estrategiavest","twitter_misc":{"Escrito por":"Henrique Alonso","Est. tempo de leitura":"7 minutos"},"schema":{"@context":"https:\/\/schema.org","@graph":[{"@type":"Article","@id":"https:\/\/vestibulares.estrategia.com\/portal\/materias\/portugues\/oracoes-coordenadas-e-oracoes-subordinadas-entenda-como-funcionam-e-quais-as-diferencas\/#article","isPartOf":{"@id":"https:\/\/vestibulares.estrategia.com\/portal\/materias\/portugues\/oracoes-coordenadas-e-oracoes-subordinadas-entenda-como-funcionam-e-quais-as-diferencas\/"},"author":{"name":"Henrique Alonso","@id":"https:\/\/vestibulares.estrategia.com\/portal\/#\/schema\/person\/58a24ec617c4366facab83777fb769a2"},"headline":"Ora\u00e7\u00f5es Coordenadas e Ora\u00e7\u00f5es Subordinadas: entenda como funcionam e quais as diferen\u00e7as","datePublished":"2025-05-13T03:09:12+00:00","dateModified":"2025-06-16T14:50:05+00:00","mainEntityOfPage":{"@id":"https:\/\/vestibulares.estrategia.com\/portal\/materias\/portugues\/oracoes-coordenadas-e-oracoes-subordinadas-entenda-como-funcionam-e-quais-as-diferencas\/"},"wordCount":1452,"publisher":{"@id":"https:\/\/vestibulares.estrategia.com\/portal\/#organization"},"image":{"@id":"https:\/\/vestibulares.estrategia.com\/portal\/materias\/portugues\/oracoes-coordenadas-e-oracoes-subordinadas-entenda-como-funcionam-e-quais-as-diferencas\/#primaryimage"},"thumbnailUrl":"https:\/\/vestibulares.estrategia.com\/portal\/wp-content\/uploads\/2025\/05\/coordenacao-e-sub.jpg","articleSection":["Portugu\u00eas"],"inLanguage":"pt-BR"},{"@type":"WebPage","@id":"https:\/\/vestibulares.estrategia.com\/portal\/materias\/portugues\/oracoes-coordenadas-e-oracoes-subordinadas-entenda-como-funcionam-e-quais-as-diferencas\/","url":"https:\/\/vestibulares.estrategia.com\/portal\/materias\/portugues\/oracoes-coordenadas-e-oracoes-subordinadas-entenda-como-funcionam-e-quais-as-diferencas\/","name":"Ora\u00e7\u00f5es Coordenadas e Ora\u00e7\u00f5es Subordinadas: o que s\u00e3o","isPartOf":{"@id":"https:\/\/vestibulares.estrategia.com\/portal\/#website"},"primaryImageOfPage":{"@id":"https:\/\/vestibulares.estrategia.com\/portal\/materias\/portugues\/oracoes-coordenadas-e-oracoes-subordinadas-entenda-como-funcionam-e-quais-as-diferencas\/#primaryimage"},"image":{"@id":"https:\/\/vestibulares.estrategia.com\/portal\/materias\/portugues\/oracoes-coordenadas-e-oracoes-subordinadas-entenda-como-funcionam-e-quais-as-diferencas\/#primaryimage"},"thumbnailUrl":"https:\/\/vestibulares.estrategia.com\/portal\/wp-content\/uploads\/2025\/05\/coordenacao-e-sub.jpg","datePublished":"2025-05-13T03:09:12+00:00","dateModified":"2025-06-16T14:50:05+00:00","description":"Entenda o conceito por tr\u00e1s das ora\u00e7\u00f5es coordenadas e subordinadas, sua import\u00e2ncia e como se articulam dentro do texto.","breadcrumb":{"@id":"https:\/\/vestibulares.estrategia.com\/portal\/materias\/portugues\/oracoes-coordenadas-e-oracoes-subordinadas-entenda-como-funcionam-e-quais-as-diferencas\/#breadcrumb"},"inLanguage":"pt-BR","potentialAction":[{"@type":"ReadAction","target":["https:\/\/vestibulares.estrategia.com\/portal\/materias\/portugues\/oracoes-coordenadas-e-oracoes-subordinadas-entenda-como-funcionam-e-quais-as-diferencas\/"]}]},{"@type":"ImageObject","inLanguage":"pt-BR","@id":"https:\/\/vestibulares.estrategia.com\/portal\/materias\/portugues\/oracoes-coordenadas-e-oracoes-subordinadas-entenda-como-funcionam-e-quais-as-diferencas\/#primaryimage","url":"https:\/\/vestibulares.estrategia.com\/portal\/wp-content\/uploads\/2025\/05\/coordenacao-e-sub.jpg","contentUrl":"https:\/\/vestibulares.estrategia.com\/portal\/wp-content\/uploads\/2025\/05\/coordenacao-e-sub.jpg","width":1920,"height":1280,"caption":"coordena\u00e7\u00e3o-e-subordina\u00e7\u00e3o"},{"@type":"BreadcrumbList","@id":"https:\/\/vestibulares.estrategia.com\/portal\/materias\/portugues\/oracoes-coordenadas-e-oracoes-subordinadas-entenda-como-funcionam-e-quais-as-diferencas\/#breadcrumb","itemListElement":[{"@type":"ListItem","position":1,"name":"Home","item":"https:\/\/vestibulares.estrategia.com\/portal\/"},{"@type":"ListItem","position":2,"name":"Mat\u00e9rias","item":"https:\/\/vestibulares.estrategia.com\/portal\/materias\/"},{"@type":"ListItem","position":3,"name":"Portugu\u00eas","item":"https:\/\/vestibulares.estrategia.com\/portal\/materias\/portugues\/"},{"@type":"ListItem","position":4,"name":"Ora\u00e7\u00f5es Coordenadas e Ora\u00e7\u00f5es Subordinadas: entenda como funcionam e quais as diferen\u00e7as"}]},{"@type":"WebSite","@id":"https:\/\/vestibulares.estrategia.com\/portal\/#website","url":"https:\/\/vestibulares.estrategia.com\/portal\/","name":"Estrat\u00e9gia Vestibulares","description":"","publisher":{"@id":"https:\/\/vestibulares.estrategia.com\/portal\/#organization"},"potentialAction":[{"@type":"SearchAction","target":{"@type":"EntryPoint","urlTemplate":"https:\/\/vestibulares.estrategia.com\/portal\/?s={search_term_string}"},"query-input":{"@type":"PropertyValueSpecification","valueRequired":true,"valueName":"search_term_string"}}],"inLanguage":"pt-BR"},{"@type":"Organization","@id":"https:\/\/vestibulares.estrategia.com\/portal\/#organization","name":"Estrat\u00e9gia Vestibulares","url":"https:\/\/vestibulares.estrategia.com\/portal\/","logo":{"@type":"ImageObject","inLanguage":"pt-BR","@id":"https:\/\/vestibulares.estrategia.com\/portal\/#\/schema\/logo\/image\/","url":"https:\/\/vestibulares.estrategia.com\/portal\/wp-content\/uploads\/2021\/06\/Logo-Vestibulares@4x.png","contentUrl":"https:\/\/vestibulares.estrategia.com\/portal\/wp-content\/uploads\/2021\/06\/Logo-Vestibulares@4x.png","width":250,"height":66,"caption":"Estrat\u00e9gia Vestibulares"},"image":{"@id":"https:\/\/vestibulares.estrategia.com\/portal\/#\/schema\/logo\/image\/"},"sameAs":["https:\/\/facebook.com\/estrategiavestibulares","https:\/\/x.com\/Estrategiavest","https:\/\/www.instagram.com\/estrategiavestibulares","https:\/\/www.youtube.com\/channel\/UCGWdZy8ULI-7_5GrABa4vNA"]},{"@type":"Person","@id":"https:\/\/vestibulares.estrategia.com\/portal\/#\/schema\/person\/58a24ec617c4366facab83777fb769a2","name":"Henrique Alonso","image":{"@type":"ImageObject","inLanguage":"pt-BR","@id":"https:\/\/secure.gravatar.com\/avatar\/ef19576b43a83459616c76d26498b32a01738e3f57dad562b37d49ef02977cab?s=96&d=mm&r=g","url":"https:\/\/secure.gravatar.com\/avatar\/ef19576b43a83459616c76d26498b32a01738e3f57dad562b37d49ef02977cab?s=96&d=mm&r=g","contentUrl":"https:\/\/secure.gravatar.com\/avatar\/ef19576b43a83459616c76d26498b32a01738e3f57dad562b37d49ef02977cab?s=96&d=mm&r=g","caption":"Henrique Alonso"},"description":"Redator do Portal Estrat\u00e9gia Vestibulares e estudante de Letras-Ingl\u00eas na FFLCH-USP.","url":"https:\/\/vestibulares.estrategia.com\/portal\/author\/henrique-alonso\/"}]}},"_links":{"self":[{"href":"https:\/\/vestibulares.estrategia.com\/portal\/wp-json\/wp\/v2\/posts\/138943","targetHints":{"allow":["GET"]}}],"collection":[{"href":"https:\/\/vestibulares.estrategia.com\/portal\/wp-json\/wp\/v2\/posts"}],"about":[{"href":"https:\/\/vestibulares.estrategia.com\/portal\/wp-json\/wp\/v2\/types\/post"}],"author":[{"embeddable":true,"href":"https:\/\/vestibulares.estrategia.com\/portal\/wp-json\/wp\/v2\/users\/60"}],"replies":[{"embeddable":true,"href":"https:\/\/vestibulares.estrategia.com\/portal\/wp-json\/wp\/v2\/comments?post=138943"}],"version-history":[{"count":4,"href":"https:\/\/vestibulares.estrategia.com\/portal\/wp-json\/wp\/v2\/posts\/138943\/revisions"}],"predecessor-version":[{"id":140779,"href":"https:\/\/vestibulares.estrategia.com\/portal\/wp-json\/wp\/v2\/posts\/138943\/revisions\/140779"}],"wp:featuredmedia":[{"embeddable":true,"href":"https:\/\/vestibulares.estrategia.com\/portal\/wp-json\/wp\/v2\/media\/138944"}],"wp:attachment":[{"href":"https:\/\/vestibulares.estrategia.com\/portal\/wp-json\/wp\/v2\/media?parent=138943"}],"wp:term":[{"taxonomy":"category","embeddable":true,"href":"https:\/\/vestibulares.estrategia.com\/portal\/wp-json\/wp\/v2\/categories?post=138943"},{"taxonomy":"post_tag","embeddable":true,"href":"https:\/\/vestibulares.estrategia.com\/portal\/wp-json\/wp\/v2\/tags?post=138943"}],"curies":[{"name":"wp","href":"https:\/\/api.w.org\/{rel}","templated":true}]}}