{"id":140238,"date":"2025-06-04T13:38:01","date_gmt":"2025-06-04T16:38:01","guid":{"rendered":"https:\/\/vestibulares.estrategia.com\/portal\/?p=140238"},"modified":"2025-09-12T10:29:55","modified_gmt":"2025-09-12T13:29:55","slug":"xxv-vestibular-povos-indigenas-parana-2025-edital","status":"publish","type":"post","link":"https:\/\/vestibulares.estrategia.com\/portal\/noticias\/xxv-vestibular-povos-indigenas-parana-2025-edital\/","title":{"rendered":"Cuia e UEM divulgam edital do XXV Vestibular dos Povos Ind\u00edgenas no Paran\u00e1 2025"},"content":{"rendered":"<p class=\"wp-block-paragraph\">A <span id=\"urn:local-annotation-831572\" class=\"textannotation disambiguated\" itemid=\"https:\/\/data.wordlift.io\/wl110249\/entity\/comissao-universidade-para-os-indigenas\">Comiss&atilde;o Universidade para os Ind&iacute;genas<\/span> (Cuia) e a <span id=\"urn:local-annotation-392534\" class=\"textannotation disambiguated\" itemid=\"https:\/\/data.wordlift.io\/wl110249\/entity\/comissao-central-do-vestibular-unificado-da-uem\">Comiss&atilde;o Central do Vestibular Unificado da UEM<\/span> (CVU) divulgaram o edital do XXV <span id=\"urn:local-annotation-24239\" class=\"textannotation disambiguated\" itemid=\"https:\/\/data.wordlift.io\/wl110249\/entity\/vestibular-dos-povos-indigenas\">Vestibular dos Povos Ind&iacute;genas<\/span> no Paran&aacute; 2025, que oferta vagas em <span id=\"urn:enhancement-0a133b41-1ad7-449d-b305-71e4fb65eef8\" class=\"textannotation disambiguated wl-thing\" itemid=\"https:\/\/data.wordlift.io\/wl110249\/entity\/cursos-de-graduacao\">cursos de gradua&ccedil;&atilde;o<\/span> das <span id=\"urn:enhancement-b39244c4-4d15-4053-b9a8-25feeac27111\" class=\"textannotation disambiguated wl-thing\" itemid=\"https:\/\/data.wordlift.io\/wl110249\/entity\/universidades\">universidades<\/span> paranaenses, no ano letivo de 2026.<p class=\"wp-block-paragraph\">As institui&ccedil;&otilde;es participantes s&atilde;o <span id=\"urn:enhancement-3867bd6e-1d96-46f0-9b36-a7f54124a10c\" class=\"textannotation disambiguated wl-organization\" itemid=\"https:\/\/data.wordlift.io\/wl110249\/entity\/uem\">Universidade Estadual de Maring&aacute;<\/span> (<a href=\"https:\/\/vestibulares.estrategia.com\/portal\/vestibulares\/vestibular-uem\/\" target=\"_blank\">UEM<\/a>), a <span id=\"urn:enhancement-b26f2386-cc6f-4eae-815b-ac706cd667ef\" class=\"textannotation disambiguated wl-organization\" itemid=\"https:\/\/data.wordlift.io\/wl110249\/entity\/universidade-estadual-de-londrina\">Universidade Estadual de Londrina (UEL<\/span>), a <span id=\"urn:enhancement-71d1d29b-aa34-4935-a345-79560d45bda1\" class=\"textannotation disambiguated wl-organization\" itemid=\"https:\/\/data.wordlift.io\/wl110249\/entity\/universidade-estadual-do-parana\">Universidade Estadual do Paran&aacute;<\/span> (<span id=\"urn:enhancement-e20bfecc-d298-41f4-9275-5b8c1ee3c279\" class=\"textannotation disambiguated wl-organization\" itemid=\"https:\/\/data.wordlift.io\/wl110249\/entity\/universidade-estadual-do-parana\">Unespar<\/span>), a <span id=\"urn:enhancement-1dc678f6-60da-4946-9f73-a8fd9f34d1c0\" class=\"textannotation disambiguated wl-organization\" itemid=\"https:\/\/data.wordlift.io\/wl110249\/entity\/uenp\">Universidade Estadual do Norte do Paran&aacute;<\/span> (Uenp), a <span id=\"urn:enhancement-723055a7-7b66-4605-be71-0b91ab555433\" class=\"textannotation disambiguated wl-thing\" itemid=\"https:\/\/data.wordlift.io\/wl110249\/entity\/universidades\">Universidade<\/span> Estadual do Oeste (<span id=\"urn:enhancement-38951f29-3cb8-4a0b-b69d-59dd59e5e08b\" class=\"textannotation disambiguated wl-organization\" itemid=\"https:\/\/data.wordlift.io\/wl110249\/entity\/unioeste-2\">Unioeste<\/span>), a <span id=\"urn:enhancement-c9828cc2-0e23-42aa-b7cc-439f2dea9783\" class=\"textannotation disambiguated wl-organization\" itemid=\"https:\/\/data.wordlift.io\/wl110249\/entity\/universidade-estadual-do-centro-oeste\">Universidade Estadual do Centro-Oeste<\/span> (<span id=\"urn:enhancement-3e9cac63-4f8d-43f3-ad8e-a9bde18b0f31\" class=\"textannotation disambiguated wl-organization\" itemid=\"https:\/\/data.wordlift.io\/wl110249\/entity\/universidade-estadual-do-centro-oeste\">Unicentro<\/span>), a <span id=\"urn:enhancement-028328bf-54b2-416a-9209-27658346f283\" class=\"textannotation disambiguated wl-organization\" itemid=\"https:\/\/data.wordlift.io\/wl110249\/entity\/uepg\">Universidade Estadual de Ponta Grossa<\/span> (<span id=\"urn:enhancement-2e9b4ba0-7c96-4a99-b3cd-8f583e61163e\" class=\"textannotation disambiguated wl-organization\" itemid=\"https:\/\/data.wordlift.io\/wl110249\/entity\/uepg\">UEPG<\/span>) e a <span id=\"urn:enhancement-9e44037a-64a5-4c1c-8384-bf7857b2c293\" class=\"textannotation disambiguated wl-organization\" itemid=\"https:\/\/data.wordlift.io\/wl110249\/entity\/ufpr\">Universidade Federal do Paran&aacute;<\/span> (<span id=\"urn:enhancement-c01bc1e0-98a6-48f3-89e9-e5f9875a6a1c\" class=\"textannotation disambiguated wl-organization\" itemid=\"https:\/\/data.wordlift.io\/wl110249\/entity\/ufpr\">UFPR<\/span>). <\/p><p class=\"wp-block-paragraph\">Neste <span id=\"urn:enhancement-0802e828-0d3e-42f4-8972-75fc0b95fa84\" class=\"textannotation disambiguated wl-thing\" itemid=\"https:\/\/data.wordlift.io\/wl110249\/entity\/vestibular\">processo seletivo<\/span>, ser&atilde;o ofertadas 46 vagas em <span id=\"urn:enhancement-80a1e555-9684-489d-ae9b-e5a9820ed8e7\" class=\"textannotation disambiguated wl-thing\" itemid=\"https:\/\/data.wordlift.io\/wl110249\/entity\/cursos-de-graduacao\">cursos de gradua&ccedil;&atilde;o<\/span>, sendo seis vagas em cada uma das <span id=\"urn:enhancement-1f255f83-cbfd-48c7-9234-ad5f52c2a2cc\" class=\"textannotation disambiguated wl-thing\" itemid=\"https:\/\/data.wordlift.io\/wl110249\/entity\/universidades\">universidades<\/span> estaduais e dez vagas na <span id=\"urn:enhancement-b55f0630-0675-412b-a724-189bcf03e9e9\" class=\"textannotation disambiguated wl-organization\" itemid=\"https:\/\/data.wordlift.io\/wl110249\/entity\/ufpr\">UFPR<\/span>. Tais vagas t&ecirc;m car&aacute;ter suplementar, excedendo, portanto, &agrave;quelas ofertadas em <span id=\"urn:enhancement-3343d826-dcce-42ee-94aa-856385449199\" class=\"textannotation disambiguated wl-thing\" itemid=\"https:\/\/data.wordlift.io\/wl110249\/entity\/vestibular\">processo seletivo<\/span>\/<span id=\"urn:enhancement-fb8d34b6-9667-441c-9f83-9fe35eaefc6c\" class=\"textannotation disambiguated wl-thing\" itemid=\"https:\/\/data.wordlift.io\/wl110249\/entity\/vestibular\">vestibular<\/span> regular dessas institui&ccedil;&otilde;es. Confira o edital abaixo:<\/p><div class=\"wp-block-buttons is-content-justification-center is-layout-flex wp-container-core-buttons-is-layout-fe48e5de wp-block-buttons-is-layout-flex\">\n<div class=\"wp-block-button\"><a class=\"wp-block-button__link wp-element-button\" rel=\"nofollow noopener noreferrer\" href=\"https:\/\/vestibulares.estrategia.com\/portal\/wp-content\/uploads\/2025\/06\/xxv-vestibular-dos-povos-indigenas-do-parana-2025-edital.pdf\" target=\"_blank\">edital<\/a><\/div>\n<\/div><p class=\"wp-block-paragraph\"><div class=\"cta-medio\" style=\"background-image: url(https:\/\/vestibulares.estrategia.com\/portal\/wp-content\/uploads\/2024\/08\/curso-enem-e-vestibulares-2-estrategia-vestibulares-ctamedio.png.jpg);\"><h3>Pacote Vestibulares Platinum<\/h3><p>Conhe\u00e7a nosso curso<\/p><div class=\"cta-botao\"><a id=\"cta-medio\" href=\"https:\/\/vestibulares.estrategia.com\/curso\/vestibulares-platinum\/\" target=\"_blank\" style=\"background:rgb(255,150,0)\">Compre agora<\/a><\/div><\/div>\n\n\n\n<\/p><div id=\"ez-toc-container\" class=\"ez-toc-v2_0_86 counter-hierarchy ez-toc-counter ez-toc-transparent ez-toc-container-direction\">\n<div class=\"ez-toc-title-container\"><p class=\"ez-toc-title\" style=\"cursor:inherit\">Navegue pelo conte\u00fado<\/p>\n<\/div><nav><ul class='ez-toc-list ez-toc-list-level-1 ' ><li class='ez-toc-page-1 ez-toc-heading-level-2'><a class=\"ez-toc-link ez-toc-heading-1\" href=\"https:\/\/vestibulares.estrategia.com\/portal\/noticias\/xxv-vestibular-povos-indigenas-parana-2025-edital\/#Inscricoes\" >Inscri&ccedil;&otilde;es<\/a><\/li><li class='ez-toc-page-1 ez-toc-heading-level-2'><a class=\"ez-toc-link ez-toc-heading-2\" href=\"https:\/\/vestibulares.estrategia.com\/portal\/noticias\/xxv-vestibular-povos-indigenas-parana-2025-edital\/#Provas\" >Provas<\/a><\/li><li class='ez-toc-page-1 ez-toc-heading-level-2'><a class=\"ez-toc-link ez-toc-heading-3\" href=\"https:\/\/vestibulares.estrategia.com\/portal\/noticias\/xxv-vestibular-povos-indigenas-parana-2025-edital\/#Calendario-XXV-Vestibular-dos-Povos-Indigenas-no-Parana-2025\" >Calend&aacute;rio XXV Vestibular dos Povos Ind&iacute;genas no Paran&aacute; 2025<\/a><\/li><li class='ez-toc-page-1 ez-toc-heading-level-2'><a class=\"ez-toc-link ez-toc-heading-4\" href=\"https:\/\/vestibulares.estrategia.com\/portal\/noticias\/xxv-vestibular-povos-indigenas-parana-2025-edital\/#Conquiste-sua-vaga-com-o-Estrategia\" >Conquiste sua vaga com o Estrat&eacute;gia<\/a><\/li><\/ul><\/nav><\/div>\n<h2 class=\"wp-block-heading\" id=\"h-inscricoes\"><span class=\"ez-toc-section\" id=\"Inscricoes\"><\/span>Inscri&ccedil;&otilde;es<span class=\"ez-toc-section-end\"><\/span><\/h2><p class=\"wp-block-paragraph\">As inscri&ccedil;&otilde;es devem ser realizadas manualmente ou eletronicamente via app e <a href=\"https:\/\/www.cvu.uem.br\/evento_59.html\" target=\"_blank\" rel=\"noopener noreferrer\">site da UEM<\/a>, entre os dias 23 de junho e 08 de agosto de 2025. N&atilde;o h&aacute; taxa de inscri&ccedil;&atilde;o.<\/p><p class=\"wp-block-paragraph\">Para inscri&ccedil;&otilde;es realizadas manualmente, o candidato dever&aacute; enviar pelo Correio ou entregar nas <span id=\"urn:enhancement-49d01f7e-b408-4d14-ab2d-7a619d0390cb\" class=\"textannotation disambiguated wl-thing\" itemid=\"https:\/\/data.wordlift.io\/wl110249\/entity\/universidades\">Universidades<\/span> um envelope lacrado e identificado.<\/p><h2 class=\"wp-block-heading\" id=\"h-provas\"><span class=\"ez-toc-section\" id=\"Provas\"><\/span>Provas<span class=\"ez-toc-section-end\"><\/span><\/h2><p class=\"wp-block-paragraph\">O <span id=\"urn:enhancement-d48f39b1-33e2-4a8c-9e20-0806a2def540\" class=\"textannotation disambiguated wl-thing\" itemid=\"https:\/\/data.wordlift.io\/wl110249\/entity\/vestibular\">vestibular<\/span> ser&aacute; dividido em duas etapas (Prova Oral e Prova de Conhecimentos Gerais e <span id=\"urn:enhancement-e74e627f-8c65-4dbf-9b68-1ba318178208\" class=\"textannotation disambiguated wl-thing\" itemid=\"https:\/\/data.wordlift.io\/wl110249\/entity\/redacao\">Reda&ccedil;&atilde;o<\/span>), realizadas em 14 e 15 de dezembro de 2025, respectivamente. <\/p><p class=\"wp-block-paragraph\">A primeira etapa ter&aacute; por objetivo avaliar, a partir da leitura de um g&ecirc;nero textual proposto em<br>l&iacute;ngua portuguesa, a capacidade de o candidato atender ao tema proposto e ao g&ecirc;nero solicitado. <\/p><p class=\"wp-block-paragraph\">J&aacute; a segunda etapa ser&aacute; composta por uma <span id=\"urn:enhancement-601aba16-7d4a-4fae-858d-2a185d9e43ac\" class=\"textannotation disambiguated wl-thing\" itemid=\"https:\/\/data.wordlift.io\/wl110249\/entity\/redacao\">reda&ccedil;&atilde;o<\/span> e 40 quest&otilde;es distribu&iacute;das entre as disciplinas de <span id=\"urn:enhancement-dfde4448-36ef-47e3-aa3e-184f1b8c353d\" class=\"textannotation disambiguated wl-thing\" itemid=\"https:\/\/data.wordlift.io\/wl110249\/entity\/lingua-portuguesa\">L&iacute;ngua Portuguesa<\/span> (<span id=\"urn:enhancement-4fe52221-24f4-49fb-aa3d-b0195b26f58e\" class=\"textannotation disambiguated wl-thing\" itemid=\"https:\/\/data.wordlift.io\/wl110249\/entity\/interpretacao-de-textos\">Interpreta&ccedil;&atilde;o de Textos<\/span>), <span id=\"urn:enhancement-df57ba3b-3bb9-4132-afc7-1cff1b6dfb4c\" class=\"textannotation disambiguated wl-thing\" itemid=\"https:\/\/data.wordlift.io\/wl110249\/entity\/lingua\">L&iacute;ngua<\/span> Estrangeira Moderna (<span id=\"urn:enhancement-26f92475-19f2-4095-bdfc-f0b0994d8301\" class=\"textannotation disambiguated wl-thing\" itemid=\"https:\/\/data.wordlift.io\/wl110249\/entity\/ingles\">Ingl&ecirc;s<\/span> ou <span id=\"urn:enhancement-bc2f963a-c8e3-44bd-985e-a341131e530c\" class=\"textannotation disambiguated wl-thing\" itemid=\"https:\/\/data.wordlift.io\/wl110249\/entity\/espanhol\">Espanhol<\/span>) ou <span id=\"urn:enhancement-a0302382-263a-46bd-b70a-76913c684d06\" class=\"textannotation disambiguated wl-thing\" itemid=\"https:\/\/data.wordlift.io\/wl110249\/entity\/lingua\">L&iacute;ngua<\/span> Ind&iacute;gena (Guarani ou Kaingang), <span id=\"urn:enhancement-35c4e977-f352-417e-84c9-88237f6c5b45\" class=\"textannotation disambiguated wl-thing\" itemid=\"https:\/\/data.wordlift.io\/wl110249\/entity\/biologia\">Biologia<\/span>, <span id=\"urn:enhancement-e1b92a34-437e-4cdc-9c9c-1bf5ccff0aad\" class=\"textannotation disambiguated wl-creative-work\" itemid=\"https:\/\/data.wordlift.io\/wl110249\/entity\/fisica\">F&iacute;sica<\/span>, <span id=\"urn:enhancement-09ec2c03-ec25-41dd-86bc-a22076d4ab8e\" class=\"textannotation disambiguated wl-thing\" itemid=\"https:\/\/data.wordlift.io\/wl110249\/entity\/geografia\">Geografia<\/span>, <span id=\"urn:enhancement-b2bbff9f-8c01-4d89-a023-338cbbfe5bc9\" class=\"textannotation disambiguated wl-thing\" itemid=\"https:\/\/data.wordlift.io\/wl110249\/entity\/historia\">Hist&oacute;ria<\/span>, <span id=\"urn:enhancement-a765216c-3b50-42c5-a26d-007c6ea7fab0\" class=\"textannotation disambiguated wl-creative-work\" itemid=\"https:\/\/data.wordlift.io\/wl110249\/entity\/matematica\">Matem&aacute;tica<\/span> e <span id=\"urn:enhancement-891436d4-55f5-4e04-b5d4-32d94f714b41\" class=\"textannotation disambiguated wl-thing\" itemid=\"https:\/\/data.wordlift.io\/wl110249\/entity\/quimica\">Qu&iacute;mica<\/span>.<\/p><h2 class=\"wp-block-heading\" id=\"h-calendario-xxv-vestibular-dos-povos-indigenas-no-parana-2025\"><span class=\"ez-toc-section\" id=\"Calendario-XXV-Vestibular-dos-Povos-Indigenas-no-Parana-2025\"><\/span>Calend&aacute;rio XXV Vestibular dos Povos Ind&iacute;genas no Paran&aacute; 2025<span class=\"ez-toc-section-end\"><\/span><\/h2><ul class=\"wp-block-list\">\n<li><strong>Inscri&ccedil;&otilde;es<\/strong>: 23\/06\/2025 a 08\/08\/2025<\/li>\n\n\n\n<li><strong>Divulga&ccedil;&atilde;o das inscri&ccedil;&otilde;es homologadas e n&atilde;o homologadas:<\/strong> 20\/08\/2025;<\/li>\n\n\n\n<li><strong>Divulga&ccedil;&atilde;o dos locais de prova: <\/strong>05\/09\/2025;<\/li>\n\n\n\n<li><strong>Provas: <\/strong>14 e 15\/09\/2025;<\/li>\n\n\n\n<li><strong>Resultado<\/strong>: 10\/10\/2025.<\/li>\n<\/ul><h2 class=\"wp-block-heading\" id=\"h-conquiste-sua-vaga-com-o-estrategia\"><span class=\"ez-toc-section\" id=\"Conquiste-sua-vaga-com-o-Estrategia\"><\/span>Conquiste sua vaga com o Estrat&eacute;gia<span class=\"ez-toc-section-end\"><\/span><\/h2><p class=\"wp-block-paragraph\">Quer estudar em uma das melhores <span id=\"urn:enhancement-5994148f-8797-4bac-b679-4d738ec8ef02\" class=\"textannotation disambiguated wl-thing\" itemid=\"https:\/\/data.wordlift.io\/wl110249\/entity\/universidades\">universidades<\/span> do Paran&aacute;? Conhe&ccedil;a os materiais da Coruja e aproveite os benef&iacute;cios que s&oacute; o Estrat&eacute;gia oferece: banco de quest&otilde;es, simulados, corre&ccedil;&otilde;es ilimitadas de reda&ccedil;&otilde;es, material completo e um time de professores especializados nas maiores bancas de <span id=\"urn:enhancement-5b4dc510-4c4b-41c4-a448-547a11bcbf1c\" class=\"textannotation disambiguated wl-thing\" itemid=\"https:\/\/data.wordlift.io\/wl110249\/entity\/vestibular\">vestibular<\/span>.<\/p><p class=\"wp-block-paragraph\"><a id=\"cta\" class=\"cta-imagem\" href=\"https:\/\/vestibulares.estrategia.com\/cursos\/\" target=\"blank\">\n                <img decoding=\"async\" width=\"100%\" src=\"https:\/\/vestibulares.estrategia.com\/portal\/wp-content\/uploads\/2021\/12\/EV1.jpg\" alt=\"CTA - Estrat\u00e9gia Vestibulares 1\" title=\"CTA - Estrat\u00e9gia Vestibulares 1\">\n        <\/a>\n\n\n\n\n<\/p><\/p>\n","protected":false},"excerpt":{"rendered":"S\u00e3o ofertadas 46 vagas em cursos de gradua\u00e7\u00e3o nas universidades estaduais e federal do Paran\u00e1; veja o edital\n","protected":false},"author":51,"featured_media":108778,"comment_status":"closed","ping_status":"closed","sticky":false,"template":"","format":"standard","meta":{"footnotes":""},"categories":[47],"tags":[],"class_list":["post-140238","post","type-post","status-publish","format-standard","has-post-thumbnail","category-noticias"],"acf":[],"yoast_head":"<!-- This site is optimized with the Yoast SEO Premium plugin v25.9 (Yoast SEO v28.2) - https:\/\/yoast.com\/product\/yoast-seo-premium-wordpress\/ -->\n<title>Cuia e UEM edital do XXV Vestibular dos Povos Ind\u00edgenas 2025<\/title>\n<meta name=\"description\" content=\"O Vestibular dos Povos Ind\u00edgenas no Paran\u00e1 2025 oferta 46 vagas nas universidades estaduais e federal paranaenses. Veja o edital!\" \/>\n<meta name=\"robots\" content=\"index, follow, max-snippet:-1, max-image-preview:large, max-video-preview:-1\" \/>\n<link rel=\"canonical\" href=\"https:\/\/vestibulares.estrategia.com\/portal\/noticias\/xxv-vestibular-povos-indigenas-parana-2025-edital\/\" \/>\n<meta property=\"og:locale\" content=\"pt_BR\" \/>\n<meta property=\"og:type\" content=\"article\" \/>\n<meta property=\"og:title\" content=\"Cuia e UEM divulgam edital do XXV Vestibular dos Povos Ind\u00edgenas no Paran\u00e1 2025\" \/>\n<meta property=\"og:description\" content=\"O Vestibular dos Povos Ind\u00edgenas no Paran\u00e1 2025 oferta 46 vagas nas universidades estaduais e federal paranaenses. Veja o edital!\" \/>\n<meta property=\"og:url\" content=\"https:\/\/vestibulares.estrategia.com\/portal\/noticias\/xxv-vestibular-povos-indigenas-parana-2025-edital\/\" \/>\n<meta property=\"og:site_name\" content=\"Estrat\u00e9gia Vestibulares\" \/>\n<meta property=\"article:publisher\" content=\"https:\/\/facebook.com\/estrategiavestibulares\" \/>\n<meta property=\"article:published_time\" content=\"2025-06-04T16:38:01+00:00\" \/>\n<meta property=\"article:modified_time\" content=\"2025-09-12T13:29:55+00:00\" \/>\n<meta property=\"og:image\" content=\"https:\/\/vestibulares.estrategia.com\/portal\/wp-content\/uploads\/2023\/12\/vestibular-uem-ev-1.jpg\" \/>\n\t<meta property=\"og:image:width\" content=\"1280\" \/>\n\t<meta property=\"og:image:height\" content=\"720\" \/>\n\t<meta property=\"og:image:type\" content=\"image\/jpeg\" \/>\n<meta name=\"author\" content=\"Larrani Ferreira\" \/>\n<meta name=\"twitter:card\" content=\"summary_large_image\" \/>\n<meta name=\"twitter:creator\" content=\"@Estrategiavest\" \/>\n<meta name=\"twitter:site\" content=\"@Estrategiavest\" \/>\n<meta name=\"twitter:label1\" content=\"Escrito por\" \/>\n\t<meta name=\"twitter:data1\" content=\"Larrani Ferreira\" \/>\n\t<meta name=\"twitter:label2\" content=\"Est. tempo de leitura\" \/>\n\t<meta name=\"twitter:data2\" content=\"2 minutos\" \/>\n<script type=\"application\/ld+json\" class=\"yoast-schema-graph\">{\"@context\":\"https:\\\/\\\/schema.org\",\"@graph\":[{\"@type\":\"NewsArticle\",\"@id\":\"https:\\\/\\\/vestibulares.estrategia.com\\\/portal\\\/noticias\\\/xxv-vestibular-povos-indigenas-parana-2025-edital\\\/#article\",\"isPartOf\":{\"@id\":\"https:\\\/\\\/vestibulares.estrategia.com\\\/portal\\\/noticias\\\/xxv-vestibular-povos-indigenas-parana-2025-edital\\\/\"},\"author\":{\"name\":\"Larrani Ferreira\",\"@id\":\"https:\\\/\\\/vestibulares.estrategia.com\\\/portal\\\/#\\\/schema\\\/person\\\/98d0c0e22d6d89b480aa1929f0e64ec5\"},\"headline\":\"Cuia e UEM divulgam edital do XXV Vestibular dos Povos Ind\u00edgenas no Paran\u00e1 2025\",\"datePublished\":\"2025-06-04T16:38:01+00:00\",\"dateModified\":\"2025-09-12T13:29:55+00:00\",\"mainEntityOfPage\":{\"@id\":\"https:\\\/\\\/vestibulares.estrategia.com\\\/portal\\\/noticias\\\/xxv-vestibular-povos-indigenas-parana-2025-edital\\\/\"},\"wordCount\":425,\"publisher\":{\"@id\":\"https:\\\/\\\/vestibulares.estrategia.com\\\/portal\\\/#organization\"},\"image\":{\"@id\":\"https:\\\/\\\/vestibulares.estrategia.com\\\/portal\\\/noticias\\\/xxv-vestibular-povos-indigenas-parana-2025-edital\\\/#primaryimage\"},\"thumbnailUrl\":\"https:\\\/\\\/vestibulares.estrategia.com\\\/portal\\\/wp-content\\\/uploads\\\/2023\\\/12\\\/vestibular-uem-ev-1.jpg\",\"articleSection\":[\"Not\u00edcias\"],\"inLanguage\":\"pt-BR\"},{\"@type\":\"WebPage\",\"@id\":\"https:\\\/\\\/vestibulares.estrategia.com\\\/portal\\\/noticias\\\/xxv-vestibular-povos-indigenas-parana-2025-edital\\\/\",\"url\":\"https:\\\/\\\/vestibulares.estrategia.com\\\/portal\\\/noticias\\\/xxv-vestibular-povos-indigenas-parana-2025-edital\\\/\",\"name\":\"Cuia e UEM edital do XXV Vestibular dos Povos Ind\u00edgenas 2025\",\"isPartOf\":{\"@id\":\"https:\\\/\\\/vestibulares.estrategia.com\\\/portal\\\/#website\"},\"primaryImageOfPage\":{\"@id\":\"https:\\\/\\\/vestibulares.estrategia.com\\\/portal\\\/noticias\\\/xxv-vestibular-povos-indigenas-parana-2025-edital\\\/#primaryimage\"},\"image\":{\"@id\":\"https:\\\/\\\/vestibulares.estrategia.com\\\/portal\\\/noticias\\\/xxv-vestibular-povos-indigenas-parana-2025-edital\\\/#primaryimage\"},\"thumbnailUrl\":\"https:\\\/\\\/vestibulares.estrategia.com\\\/portal\\\/wp-content\\\/uploads\\\/2023\\\/12\\\/vestibular-uem-ev-1.jpg\",\"datePublished\":\"2025-06-04T16:38:01+00:00\",\"dateModified\":\"2025-09-12T13:29:55+00:00\",\"description\":\"O Vestibular dos Povos Ind\u00edgenas no Paran\u00e1 2025 oferta 46 vagas nas universidades estaduais e federal paranaenses. Veja o edital!\",\"breadcrumb\":{\"@id\":\"https:\\\/\\\/vestibulares.estrategia.com\\\/portal\\\/noticias\\\/xxv-vestibular-povos-indigenas-parana-2025-edital\\\/#breadcrumb\"},\"inLanguage\":\"pt-BR\",\"potentialAction\":[{\"@type\":\"ReadAction\",\"target\":[\"https:\\\/\\\/vestibulares.estrategia.com\\\/portal\\\/noticias\\\/xxv-vestibular-povos-indigenas-parana-2025-edital\\\/\"]}]},{\"@type\":\"ImageObject\",\"inLanguage\":\"pt-BR\",\"@id\":\"https:\\\/\\\/vestibulares.estrategia.com\\\/portal\\\/noticias\\\/xxv-vestibular-povos-indigenas-parana-2025-edital\\\/#primaryimage\",\"url\":\"https:\\\/\\\/vestibulares.estrategia.com\\\/portal\\\/wp-content\\\/uploads\\\/2023\\\/12\\\/vestibular-uem-ev-1.jpg\",\"contentUrl\":\"https:\\\/\\\/vestibulares.estrategia.com\\\/portal\\\/wp-content\\\/uploads\\\/2023\\\/12\\\/vestibular-uem-ev-1.jpg\",\"width\":1280,\"height\":720,\"caption\":\"UEM Estrat\u00e9gia Vestibulares\"},{\"@type\":\"BreadcrumbList\",\"@id\":\"https:\\\/\\\/vestibulares.estrategia.com\\\/portal\\\/noticias\\\/xxv-vestibular-povos-indigenas-parana-2025-edital\\\/#breadcrumb\",\"itemListElement\":[{\"@type\":\"ListItem\",\"position\":1,\"name\":\"Home\",\"item\":\"https:\\\/\\\/vestibulares.estrategia.com\\\/portal\\\/\"},{\"@type\":\"ListItem\",\"position\":2,\"name\":\"Not\u00edcias\",\"item\":\"https:\\\/\\\/vestibulares.estrategia.com\\\/portal\\\/noticias\\\/\"},{\"@type\":\"ListItem\",\"position\":3,\"name\":\"Cuia e UEM divulgam edital do XXV Vestibular dos Povos Ind\u00edgenas no Paran\u00e1 2025\"}]},{\"@type\":\"WebSite\",\"@id\":\"https:\\\/\\\/vestibulares.estrategia.com\\\/portal\\\/#website\",\"url\":\"https:\\\/\\\/vestibulares.estrategia.com\\\/portal\\\/\",\"name\":\"Estrat\u00e9gia Vestibulares\",\"description\":\"\",\"publisher\":{\"@id\":\"https:\\\/\\\/vestibulares.estrategia.com\\\/portal\\\/#organization\"},\"potentialAction\":[{\"@type\":\"SearchAction\",\"target\":{\"@type\":\"EntryPoint\",\"urlTemplate\":\"https:\\\/\\\/vestibulares.estrategia.com\\\/portal\\\/?s={search_term_string}\"},\"query-input\":{\"@type\":\"PropertyValueSpecification\",\"valueRequired\":true,\"valueName\":\"search_term_string\"}}],\"inLanguage\":\"pt-BR\"},{\"@type\":\"Organization\",\"@id\":\"https:\\\/\\\/vestibulares.estrategia.com\\\/portal\\\/#organization\",\"name\":\"Estrat\u00e9gia Vestibulares\",\"url\":\"https:\\\/\\\/vestibulares.estrategia.com\\\/portal\\\/\",\"logo\":{\"@type\":\"ImageObject\",\"inLanguage\":\"pt-BR\",\"@id\":\"https:\\\/\\\/vestibulares.estrategia.com\\\/portal\\\/#\\\/schema\\\/logo\\\/image\\\/\",\"url\":\"https:\\\/\\\/vestibulares.estrategia.com\\\/portal\\\/wp-content\\\/uploads\\\/2021\\\/06\\\/Logo-Vestibulares@4x.png\",\"contentUrl\":\"https:\\\/\\\/vestibulares.estrategia.com\\\/portal\\\/wp-content\\\/uploads\\\/2021\\\/06\\\/Logo-Vestibulares@4x.png\",\"width\":250,\"height\":66,\"caption\":\"Estrat\u00e9gia Vestibulares\"},\"image\":{\"@id\":\"https:\\\/\\\/vestibulares.estrategia.com\\\/portal\\\/#\\\/schema\\\/logo\\\/image\\\/\"},\"sameAs\":[\"https:\\\/\\\/facebook.com\\\/estrategiavestibulares\",\"https:\\\/\\\/x.com\\\/Estrategiavest\",\"https:\\\/\\\/www.instagram.com\\\/estrategiavestibulares\",\"https:\\\/\\\/www.youtube.com\\\/channel\\\/UCGWdZy8ULI-7_5GrABa4vNA\"]},{\"@type\":\"Person\",\"@id\":\"https:\\\/\\\/vestibulares.estrategia.com\\\/portal\\\/#\\\/schema\\\/person\\\/98d0c0e22d6d89b480aa1929f0e64ec5\",\"name\":\"Larrani Ferreira\",\"image\":{\"@type\":\"ImageObject\",\"inLanguage\":\"pt-BR\",\"@id\":\"https:\\\/\\\/vestibulares.estrategia.com\\\/portal\\\/wp-content\\\/uploads\\\/2026\\\/02\\\/WhatsApp-Image-2026-02-05-at-14.26.13-150x150.jpeg\",\"url\":\"https:\\\/\\\/vestibulares.estrategia.com\\\/portal\\\/wp-content\\\/uploads\\\/2026\\\/02\\\/WhatsApp-Image-2026-02-05-at-14.26.13-150x150.jpeg\",\"contentUrl\":\"https:\\\/\\\/vestibulares.estrategia.com\\\/portal\\\/wp-content\\\/uploads\\\/2026\\\/02\\\/WhatsApp-Image-2026-02-05-at-14.26.13-150x150.jpeg\",\"caption\":\"Larrani Ferreira\"},\"description\":\"Jornalista e Mestranda em Comunica\u00e7\u00e3o Intercultural nas Organiza\u00e7\u00f5es\",\"url\":\"https:\\\/\\\/vestibulares.estrategia.com\\\/portal\\\/author\\\/larranioliveira\\\/\"}]}<\/script>\n<!-- \/ Yoast SEO Premium plugin. -->","yoast_head_json":{"title":"Cuia e UEM edital do XXV Vestibular dos Povos Ind\u00edgenas 2025","description":"O Vestibular dos Povos Ind\u00edgenas no Paran\u00e1 2025 oferta 46 vagas nas universidades estaduais e federal paranaenses. Veja o edital!","robots":{"index":"index","follow":"follow","max-snippet":"max-snippet:-1","max-image-preview":"max-image-preview:large","max-video-preview":"max-video-preview:-1"},"canonical":"https:\/\/vestibulares.estrategia.com\/portal\/noticias\/xxv-vestibular-povos-indigenas-parana-2025-edital\/","og_locale":"pt_BR","og_type":"article","og_title":"Cuia e UEM divulgam edital do XXV Vestibular dos Povos Ind\u00edgenas no Paran\u00e1 2025","og_description":"O Vestibular dos Povos Ind\u00edgenas no Paran\u00e1 2025 oferta 46 vagas nas universidades estaduais e federal paranaenses. Veja o edital!","og_url":"https:\/\/vestibulares.estrategia.com\/portal\/noticias\/xxv-vestibular-povos-indigenas-parana-2025-edital\/","og_site_name":"Estrat\u00e9gia Vestibulares","article_publisher":"https:\/\/facebook.com\/estrategiavestibulares","article_published_time":"2025-06-04T16:38:01+00:00","article_modified_time":"2025-09-12T13:29:55+00:00","og_image":[{"width":1280,"height":720,"url":"https:\/\/vestibulares.estrategia.com\/portal\/wp-content\/uploads\/2023\/12\/vestibular-uem-ev-1.jpg","type":"image\/jpeg"}],"author":"Larrani Ferreira","twitter_card":"summary_large_image","twitter_creator":"@Estrategiavest","twitter_site":"@Estrategiavest","twitter_misc":{"Escrito por":"Larrani Ferreira","Est. tempo de leitura":"2 minutos"},"schema":{"@context":"https:\/\/schema.org","@graph":[{"@type":"NewsArticle","@id":"https:\/\/vestibulares.estrategia.com\/portal\/noticias\/xxv-vestibular-povos-indigenas-parana-2025-edital\/#article","isPartOf":{"@id":"https:\/\/vestibulares.estrategia.com\/portal\/noticias\/xxv-vestibular-povos-indigenas-parana-2025-edital\/"},"author":{"name":"Larrani Ferreira","@id":"https:\/\/vestibulares.estrategia.com\/portal\/#\/schema\/person\/98d0c0e22d6d89b480aa1929f0e64ec5"},"headline":"Cuia e UEM divulgam edital do XXV Vestibular dos Povos Ind\u00edgenas no Paran\u00e1 2025","datePublished":"2025-06-04T16:38:01+00:00","dateModified":"2025-09-12T13:29:55+00:00","mainEntityOfPage":{"@id":"https:\/\/vestibulares.estrategia.com\/portal\/noticias\/xxv-vestibular-povos-indigenas-parana-2025-edital\/"},"wordCount":425,"publisher":{"@id":"https:\/\/vestibulares.estrategia.com\/portal\/#organization"},"image":{"@id":"https:\/\/vestibulares.estrategia.com\/portal\/noticias\/xxv-vestibular-povos-indigenas-parana-2025-edital\/#primaryimage"},"thumbnailUrl":"https:\/\/vestibulares.estrategia.com\/portal\/wp-content\/uploads\/2023\/12\/vestibular-uem-ev-1.jpg","articleSection":["Not\u00edcias"],"inLanguage":"pt-BR"},{"@type":"WebPage","@id":"https:\/\/vestibulares.estrategia.com\/portal\/noticias\/xxv-vestibular-povos-indigenas-parana-2025-edital\/","url":"https:\/\/vestibulares.estrategia.com\/portal\/noticias\/xxv-vestibular-povos-indigenas-parana-2025-edital\/","name":"Cuia e UEM edital do XXV Vestibular dos Povos Ind\u00edgenas 2025","isPartOf":{"@id":"https:\/\/vestibulares.estrategia.com\/portal\/#website"},"primaryImageOfPage":{"@id":"https:\/\/vestibulares.estrategia.com\/portal\/noticias\/xxv-vestibular-povos-indigenas-parana-2025-edital\/#primaryimage"},"image":{"@id":"https:\/\/vestibulares.estrategia.com\/portal\/noticias\/xxv-vestibular-povos-indigenas-parana-2025-edital\/#primaryimage"},"thumbnailUrl":"https:\/\/vestibulares.estrategia.com\/portal\/wp-content\/uploads\/2023\/12\/vestibular-uem-ev-1.jpg","datePublished":"2025-06-04T16:38:01+00:00","dateModified":"2025-09-12T13:29:55+00:00","description":"O Vestibular dos Povos Ind\u00edgenas no Paran\u00e1 2025 oferta 46 vagas nas universidades estaduais e federal paranaenses. Veja o edital!","breadcrumb":{"@id":"https:\/\/vestibulares.estrategia.com\/portal\/noticias\/xxv-vestibular-povos-indigenas-parana-2025-edital\/#breadcrumb"},"inLanguage":"pt-BR","potentialAction":[{"@type":"ReadAction","target":["https:\/\/vestibulares.estrategia.com\/portal\/noticias\/xxv-vestibular-povos-indigenas-parana-2025-edital\/"]}]},{"@type":"ImageObject","inLanguage":"pt-BR","@id":"https:\/\/vestibulares.estrategia.com\/portal\/noticias\/xxv-vestibular-povos-indigenas-parana-2025-edital\/#primaryimage","url":"https:\/\/vestibulares.estrategia.com\/portal\/wp-content\/uploads\/2023\/12\/vestibular-uem-ev-1.jpg","contentUrl":"https:\/\/vestibulares.estrategia.com\/portal\/wp-content\/uploads\/2023\/12\/vestibular-uem-ev-1.jpg","width":1280,"height":720,"caption":"UEM Estrat\u00e9gia Vestibulares"},{"@type":"BreadcrumbList","@id":"https:\/\/vestibulares.estrategia.com\/portal\/noticias\/xxv-vestibular-povos-indigenas-parana-2025-edital\/#breadcrumb","itemListElement":[{"@type":"ListItem","position":1,"name":"Home","item":"https:\/\/vestibulares.estrategia.com\/portal\/"},{"@type":"ListItem","position":2,"name":"Not\u00edcias","item":"https:\/\/vestibulares.estrategia.com\/portal\/noticias\/"},{"@type":"ListItem","position":3,"name":"Cuia e UEM divulgam edital do XXV Vestibular dos Povos Ind\u00edgenas no Paran\u00e1 2025"}]},{"@type":"WebSite","@id":"https:\/\/vestibulares.estrategia.com\/portal\/#website","url":"https:\/\/vestibulares.estrategia.com\/portal\/","name":"Estrat\u00e9gia Vestibulares","description":"","publisher":{"@id":"https:\/\/vestibulares.estrategia.com\/portal\/#organization"},"potentialAction":[{"@type":"SearchAction","target":{"@type":"EntryPoint","urlTemplate":"https:\/\/vestibulares.estrategia.com\/portal\/?s={search_term_string}"},"query-input":{"@type":"PropertyValueSpecification","valueRequired":true,"valueName":"search_term_string"}}],"inLanguage":"pt-BR"},{"@type":"Organization","@id":"https:\/\/vestibulares.estrategia.com\/portal\/#organization","name":"Estrat\u00e9gia Vestibulares","url":"https:\/\/vestibulares.estrategia.com\/portal\/","logo":{"@type":"ImageObject","inLanguage":"pt-BR","@id":"https:\/\/vestibulares.estrategia.com\/portal\/#\/schema\/logo\/image\/","url":"https:\/\/vestibulares.estrategia.com\/portal\/wp-content\/uploads\/2021\/06\/Logo-Vestibulares@4x.png","contentUrl":"https:\/\/vestibulares.estrategia.com\/portal\/wp-content\/uploads\/2021\/06\/Logo-Vestibulares@4x.png","width":250,"height":66,"caption":"Estrat\u00e9gia Vestibulares"},"image":{"@id":"https:\/\/vestibulares.estrategia.com\/portal\/#\/schema\/logo\/image\/"},"sameAs":["https:\/\/facebook.com\/estrategiavestibulares","https:\/\/x.com\/Estrategiavest","https:\/\/www.instagram.com\/estrategiavestibulares","https:\/\/www.youtube.com\/channel\/UCGWdZy8ULI-7_5GrABa4vNA"]},{"@type":"Person","@id":"https:\/\/vestibulares.estrategia.com\/portal\/#\/schema\/person\/98d0c0e22d6d89b480aa1929f0e64ec5","name":"Larrani Ferreira","image":{"@type":"ImageObject","inLanguage":"pt-BR","@id":"https:\/\/vestibulares.estrategia.com\/portal\/wp-content\/uploads\/2026\/02\/WhatsApp-Image-2026-02-05-at-14.26.13-150x150.jpeg","url":"https:\/\/vestibulares.estrategia.com\/portal\/wp-content\/uploads\/2026\/02\/WhatsApp-Image-2026-02-05-at-14.26.13-150x150.jpeg","contentUrl":"https:\/\/vestibulares.estrategia.com\/portal\/wp-content\/uploads\/2026\/02\/WhatsApp-Image-2026-02-05-at-14.26.13-150x150.jpeg","caption":"Larrani Ferreira"},"description":"Jornalista e Mestranda em Comunica\u00e7\u00e3o Intercultural nas Organiza\u00e7\u00f5es","url":"https:\/\/vestibulares.estrategia.com\/portal\/author\/larranioliveira\/"}]}},"_links":{"self":[{"href":"https:\/\/vestibulares.estrategia.com\/portal\/wp-json\/wp\/v2\/posts\/140238","targetHints":{"allow":["GET"]}}],"collection":[{"href":"https:\/\/vestibulares.estrategia.com\/portal\/wp-json\/wp\/v2\/posts"}],"about":[{"href":"https:\/\/vestibulares.estrategia.com\/portal\/wp-json\/wp\/v2\/types\/post"}],"author":[{"embeddable":true,"href":"https:\/\/vestibulares.estrategia.com\/portal\/wp-json\/wp\/v2\/users\/51"}],"replies":[{"embeddable":true,"href":"https:\/\/vestibulares.estrategia.com\/portal\/wp-json\/wp\/v2\/comments?post=140238"}],"version-history":[{"count":4,"href":"https:\/\/vestibulares.estrategia.com\/portal\/wp-json\/wp\/v2\/posts\/140238\/revisions"}],"predecessor-version":[{"id":145043,"href":"https:\/\/vestibulares.estrategia.com\/portal\/wp-json\/wp\/v2\/posts\/140238\/revisions\/145043"}],"wp:featuredmedia":[{"embeddable":true,"href":"https:\/\/vestibulares.estrategia.com\/portal\/wp-json\/wp\/v2\/media\/108778"}],"wp:attachment":[{"href":"https:\/\/vestibulares.estrategia.com\/portal\/wp-json\/wp\/v2\/media?parent=140238"}],"wp:term":[{"taxonomy":"category","embeddable":true,"href":"https:\/\/vestibulares.estrategia.com\/portal\/wp-json\/wp\/v2\/categories?post=140238"},{"taxonomy":"post_tag","embeddable":true,"href":"https:\/\/vestibulares.estrategia.com\/portal\/wp-json\/wp\/v2\/tags?post=140238"}],"curies":[{"name":"wp","href":"https:\/\/api.w.org\/{rel}","templated":true}]}}