{"id":144813,"date":"2025-09-05T16:07:09","date_gmt":"2025-09-05T19:07:09","guid":{"rendered":"https:\/\/vestibulares.estrategia.com\/portal\/?p=144813"},"modified":"2025-09-05T16:11:44","modified_gmt":"2025-09-05T19:11:44","slug":"wandinha-como-usar-a-serie-no-repertorio-sociocultural-da-redacao","status":"publish","type":"post","link":"https:\/\/vestibulares.estrategia.com\/portal\/materias\/redacao\/wandinha-como-usar-a-serie-no-repertorio-sociocultural-da-redacao\/","title":{"rendered":"Wandinha: como usar a s\u00e9rie no repert\u00f3rio sociocultural da reda\u00e7\u00e3o?"},"content":{"rendered":"<p>No dia 03 de setembro de 2025, foi lan&ccedil;ada a &uacute;ltima parte da segunda temporada de Wandinha, produzida pela Netflix. A s&eacute;rie aborda as aventuras da filha mais velha da fam&iacute;lia Addams no col&eacute;gio <em>Nevermore<\/em>, &ldquo;Nunca Mais&rdquo; em portugu&ecirc;s.&nbsp;<p>A segunda temporada conta com a dire&ccedil;&atilde;o de Tim Burton em alguns epis&oacute;dios, cuja assinatura na est&eacute;tica sombria e exc&ecirc;ntrica da s&eacute;rie &eacute; evidente. Al&eacute;m disso, a cantora Lady Gaga participa do elenco e contribui para a trilha sonora, adicionando ainda mais intensidade &agrave; atmosfera da trama.<\/p><p>Mais do que entretenimento, Wandinha retrata temas como identidade, amadurecimento, diversidade, aceita&ccedil;&atilde;o da diferen&ccedil;a e cr&iacute;tica a padr&otilde;es sociais, tornando-se uma refer&ecirc;ncia para a produ&ccedil;&atilde;o de textos dissertativos e argumentativos.<\/p><p>O Portal Estrat&eacute;gia Vestibulares preparou este texto para listar temas abordados na s&eacute;rie da Netflix e na Fam&iacute;lia Addams original que podem ser usados nas reda&ccedil;&otilde;es dos vestibulares e do Exame Nacional do Ensino M&eacute;dio (<a href=\"https:\/\/vestibulares.estrategia.com\/portal\/enem\/enem\">Enem<\/a>). Confira!<\/p><p>\n\n\n\n<div class=\"cta-medio\" style=\"background-image: url(https:\/\/vestibulares.estrategia.com\/portal\/wp-content\/uploads\/2024\/08\/curso-redacao-1-estrategia-vestibulares-ctamedio.png.jpg);\"><h3>Curso de Reda\u00e7\u00e3o<\/h3> <p>Envie reda\u00e7\u00f5es ilimitadas para corre\u00e7\u00e3o<\/p><div class=\"cta-botao\"><a id=\"cta-medio\" href=\"https:\/\/vestibulares.estrategia.com\/curso\/redaco-ilimitada\/\" target=\"_blank\" style=\"background:rgb(255,150,0)\">Saiba mais<\/a><\/div><\/div>\n\n\n\n<\/p><div id=\"ez-toc-container\" class=\"ez-toc-v2_0_76 counter-hierarchy ez-toc-counter ez-toc-transparent ez-toc-container-direction\">\n<div class=\"ez-toc-title-container\"><p class=\"ez-toc-title\" style=\"cursor:inherit\">Navegue pelo conte\u00fado<\/p>\n<\/div><nav><ul class='ez-toc-list ez-toc-list-level-1 ' ><li class='ez-toc-page-1 ez-toc-heading-level-2'><a class=\"ez-toc-link ez-toc-heading-1\" href=\"https:\/\/vestibulares.estrategia.com\/portal\/materias\/redacao\/wandinha-como-usar-a-serie-no-repertorio-sociocultural-da-redacao\/#O-que-e-o-repertorio-sociocultural\" >O que &eacute; o repert&oacute;rio sociocultural?<\/a><\/li><li class='ez-toc-page-1 ez-toc-heading-level-2'><a class=\"ez-toc-link ez-toc-heading-2\" href=\"https:\/\/vestibulares.estrategia.com\/portal\/materias\/redacao\/wandinha-como-usar-a-serie-no-repertorio-sociocultural-da-redacao\/#Wandinha-sinopse-e-contexto\" >Wandinha: sinopse e contexto<\/a><\/li><li class='ez-toc-page-1 ez-toc-heading-level-2'><a class=\"ez-toc-link ez-toc-heading-3\" href=\"https:\/\/vestibulares.estrategia.com\/portal\/materias\/redacao\/wandinha-como-usar-a-serie-no-repertorio-sociocultural-da-redacao\/#Estereotipo-da-familia-tradicional-americana-e-a-subversao-da-normalidade\" >Estere&oacute;tipo da fam&iacute;lia tradicional americana e a subvers&atilde;o da normalidade<\/a><\/li><li class='ez-toc-page-1 ez-toc-heading-level-2'><a class=\"ez-toc-link ez-toc-heading-4\" href=\"https:\/\/vestibulares.estrategia.com\/portal\/materias\/redacao\/wandinha-como-usar-a-serie-no-repertorio-sociocultural-da-redacao\/#Critica-ao-conformismo-social\" >Cr&iacute;tica ao conformismo social<\/a><\/li><li class='ez-toc-page-1 ez-toc-heading-level-2'><a class=\"ez-toc-link ez-toc-heading-5\" href=\"https:\/\/vestibulares.estrategia.com\/portal\/materias\/redacao\/wandinha-como-usar-a-serie-no-repertorio-sociocultural-da-redacao\/#Aceitacao-da-diferenca\" >Aceita&ccedil;&atilde;o da diferen&ccedil;a<\/a><\/li><li class='ez-toc-page-1 ez-toc-heading-level-2'><a class=\"ez-toc-link ez-toc-heading-6\" href=\"https:\/\/vestibulares.estrategia.com\/portal\/materias\/redacao\/wandinha-como-usar-a-serie-no-repertorio-sociocultural-da-redacao\/#O-papel-da-mulher-na-Familia-Addams\" >O papel da mulher na Fam&iacute;lia Addams<\/a><\/li><li class='ez-toc-page-1 ez-toc-heading-level-2'><a class=\"ez-toc-link ez-toc-heading-7\" href=\"https:\/\/vestibulares.estrategia.com\/portal\/materias\/redacao\/wandinha-como-usar-a-serie-no-repertorio-sociocultural-da-redacao\/#Apropriacao-cultural\" >Apropria&ccedil;&atilde;o cultural<\/a><\/li><li class='ez-toc-page-1 ez-toc-heading-level-2'><a class=\"ez-toc-link ez-toc-heading-8\" href=\"https:\/\/vestibulares.estrategia.com\/portal\/materias\/redacao\/wandinha-como-usar-a-serie-no-repertorio-sociocultural-da-redacao\/#Arrase-na-redacao-com-o-Estrategia-Vestibulares\" >Arrase na reda&ccedil;&atilde;o com o Estrat&eacute;gia Vestibulares<\/a><\/li><\/ul><\/nav><\/div>\n<h2 class=\"wp-block-heading\" id=\"h-o-que-e-o-repertorio-sociocultural\"><span class=\"ez-toc-section\" id=\"O-que-e-o-repertorio-sociocultural\"><\/span>O que &eacute; o repert&oacute;rio sociocultural?<span class=\"ez-toc-section-end\"><\/span><\/h2><p>O repert&oacute;rio sociocultural &eacute; usado nas reda&ccedil;&otilde;es para fundamentar um argumento. No Enem, ele faz parte da compet&ecirc;ncia n&uacute;mero dois de avalia&ccedil;&atilde;o da proposta de reda&ccedil;&atilde;o.<\/p><p>Nessa compet&ecirc;ncia, a banca avalia se o candidato conseguiu &ldquo;compreender a proposta de reda&ccedil;&atilde;o e aplicar conceitos das v&aacute;rias &aacute;reas de conhecimento para desenvolver o tema, dentro dos limites estruturais do texto dissertativo-argumentativo em prosa.&rdquo;&nbsp;<\/p><h2 class=\"wp-block-heading\" id=\"h-wandinha-sinopse-e-contexto\"><span class=\"ez-toc-section\" id=\"Wandinha-sinopse-e-contexto\"><\/span>Wandinha: sinopse e contexto<span class=\"ez-toc-section-end\"><\/span><\/h2><p>A s&eacute;rie Wandinha (Wednesday, 2022), da Netflix, acompanha a filha mais velha da Fam&iacute;lia Addams em sua adolesc&ecirc;ncia. Ap&oacute;s ser expulsa da escola por um incidente com colegas, Wandinha, interpretada por Jenna Ortega, &eacute; enviada para a <em>Nevermore Academy<\/em>, um col&eacute;gio para jovens &ldquo;outcasts&rdquo;, ou &ldquo;exclu&iacute;dos&rdquo; em portugu&ecirc;s, com dons e habilidades especiais.&nbsp;<\/p><p>L&aacute;, ela precisa lidar com os desafios t&iacute;picos da juventude e descobre segredos de sua pr&oacute;pria fam&iacute;lia, enquanto investiga uma s&eacute;rie de assassinatos que amea&ccedil;a tanto a escola quanto a cidade vizinha, Jeric&oacute;.<\/p><figure class=\"wp-block-embed is-type-video is-provider-youtube wp-block-embed-youtube wp-embed-aspect-16-9 wp-has-aspect-ratio\"><div class=\"wp-block-embed__wrapper\">\n<div class=\"cs-embed cs-embed-responsive\"><iframe title=\"Wandinha 1&ordf; Temporada    Trailer Legendado   Netflix\" width=\"1200\" height=\"675\" src=\"https:\/\/www.youtube.com\/embed\/RbGcGwhhWrk?feature=oembed\" frameborder=\"0\" allow=\"accelerometer; autoplay; clipboard-write; encrypted-media; gyroscope; picture-in-picture; web-share\" referrerpolicy=\"strict-origin-when-cross-origin\" allowfullscreen><\/iframe><\/div>\n<\/div><\/figure><h2 class=\"wp-block-heading\" id=\"h-estereotipo-da-familia-tradicional-americana-e-a-subversao-da-normalidade\"><span class=\"ez-toc-section\" id=\"Estereotipo-da-familia-tradicional-americana-e-a-subversao-da-normalidade\"><\/span>Estere&oacute;tipo da fam&iacute;lia tradicional americana e a subvers&atilde;o da normalidade<span class=\"ez-toc-section-end\"><\/span><\/h2><p>A Fam&iacute;lia Addams nasceu como s&aacute;tira ao ideal da fam&iacute;lia americana perfeita de 1930-1950. Enquanto o <em>&ldquo;american way of life&rdquo; <\/em>exaltava casas claras, jardins impec&aacute;veis e valores tradicionais, os Addams viviam em uma mans&atilde;o sombria, cercados de objetos macabros, mas cultivavam rela&ccedil;&otilde;es afetuosas e saud&aacute;veis.&nbsp;<\/p><p>Em algumas vers&otilde;es, como na s&eacute;rie Wandinha, h&aacute; refer&ecirc;ncias &agrave; origem latina da fam&iacute;lia. Gomez, o pai, &eacute; descendente de imigrantes mexicanos, o que refor&ccedil;a ainda mais o papel deles como &ldquo;outsiders&rdquo; em rela&ccedil;&atilde;o ao modelo branco, anglo-sax&atilde;o e protestante da fam&iacute;lia tradicional americana.<\/p><p>O humor e a cr&iacute;tica aparecem na subvers&atilde;o da normalidade. Enquanto outras fam&iacute;lias falam de flores e passeios no parque, os Addams declaram amor &agrave; tortura. Por&eacute;m, por tr&aacute;s dessa est&eacute;tica sombria, n&atilde;o h&aacute; preconceito, maldade ou viol&ecirc;ncia real. Pelo contr&aacute;rio, eles s&atilde;o acolhedores, protegem uns aos outros e valorizam os desejos e a individualidade de seus filhos.<\/p><figure class=\"wp-block-image size-full\"><img decoding=\"async\" width=\"1024\" height=\"576\" src=\"https:\/\/vestibulares.estrategia.com\/portal\/wp-content\/uploads\/2025\/09\/familia-addams-pictures.webp\" alt=\"\" class=\"wp-image-144819\" srcset=\"https:\/\/vestibulares.estrategia.com\/portal\/wp-content\/uploads\/2025\/09\/familia-addams-pictures.webp 1024w, https:\/\/vestibulares.estrategia.com\/portal\/wp-content\/uploads\/2025\/09\/familia-addams-pictures-768x432.webp 768w, https:\/\/vestibulares.estrategia.com\/portal\/wp-content\/uploads\/2025\/09\/familia-addams-pictures-960x540.webp 960w, https:\/\/vestibulares.estrategia.com\/portal\/wp-content\/uploads\/2025\/09\/familia-addams-pictures-800x450.webp 800w\" sizes=\"(max-width: 1024px) 100vw, 1024px\" \/><figcaption class=\"wp-element-caption\">Fam&iacute;lia Addams (filme de 1991). Foto: Paramount Pictures\/Divulga&ccedil;&atilde;o<\/figcaption><\/figure><h2 class=\"wp-block-heading\" id=\"h-critica-ao-conformismo-social\"><span class=\"ez-toc-section\" id=\"Critica-ao-conformismo-social\"><\/span>Cr&iacute;tica ao conformismo social<span class=\"ez-toc-section-end\"><\/span><\/h2><p>Tanto em Wandinha quanto na Fam&iacute;lia Addams original, h&aacute; uma cr&iacute;tica constante &agrave;s press&otilde;es sociais que buscam enquadrar indiv&iacute;duos em padr&otilde;es r&iacute;gidos de comportamento.&nbsp;<\/p><p>A protagonista da s&eacute;rie &eacute; exemplo disso. Mesmo em <em>Nevermore<\/em>, um espa&ccedil;o para jovens diferentes, ela se recusa a seguir normas apenas por obriga&ccedil;&atilde;o e desafia professores, colegas e at&eacute; a pr&oacute;pria m&atilde;e. Sua postura questionadora mostra a import&acirc;ncia de n&atilde;o aceitar verdades prontas e de pensar de forma aut&ocirc;noma.<\/p><p>Na Fam&iacute;lia Addams, essa cr&iacute;tica aparece de maneira mais humor&iacute;stica. Gomez e Mort&iacute;cia, a m&atilde;e, vivem intensamente sua pr&oacute;pria l&oacute;gica de mundo, sem se preocupar em parecer &ldquo;respeit&aacute;veis&rdquo; aos olhos dos vizinhos ou da sociedade.&nbsp;<\/p><p>Dessa forma, os Addams ensinam que o conformismo pode aprisionar e que a verdadeira liberdade est&aacute; em viver de acordo com os pr&oacute;prios valores, mesmo que isso cause estranhamento.<\/p><p>\n\n\n\n<div id=\"new-form\">\n\t<form id=\"forms_layout\">\n\t<input type=\"hidden\" id=\"chave_de\" name=\"chave_de\" value=\"01_EVEST_LEADS_TOTAIS\" \/>\n\t\t<input type=\"hidden\" id=\"mid\" name=\"mid\" value=\"515008983\" \/>\n\t\t<input type=\"hidden\" id=\"Objetivo\" name=\"Objetivo\" value=\"Vestibulares\" \/>\n\t\t<input type=\"hidden\" id=\"Estado_de_Origem_do_IP\" name=\"Estado_de_Origem_do_IP\"  value=\"\" \/>\n\t\t<input type=\"hidden\" id=\"Cidade_de_Origem_do_IP\" name=\"Cidade_de_Origem_do_IP\" value=\"\" \/>\n\t\t<input type=\"hidden\" id=\"Modo_de_entrada\" name=\"Modo_de_entrada\" value=\"Portal\" \/>\n\t\t<input type=\"hidden\" id=\"Pagina_Origem\" name=\"Pagina_Origem\" value=\"\" \/>\n\n\t\t<div class=\"texto\">\n\t\t\t<h3 class=\"news\">Inscreva-se em nossa newsletter\ud83e\udd89<\/h3>\n\t\t\t<p>Receba dicas de estudo gratuitas e saiba em primeira m\u00e3o as novidades sobre o Enem, Sisu, Encceja, Fuvest e outros vestibulares!<\/p>\n\t\t<\/div>\n\t\t<div class=\"campos\">\n\t\t\t<div class=\"first_name labels\">\n\t\t\t\t<input type=\"text\" class=\"input_labels\" id=\"first_name\" name=\"Nome_Completo\" placeholder=\"Nome\" required \/>\n\t\t\t<\/div>\n\t\t\t<div class=\"email labels\">\n\t\t\t\t<input type=\"email\" class=\"input_labels\" id=\"email\" name=\"Email\" placeholder=\"E-mail\" required \/>\n\t\t\t<\/div>\n\t\t\t<button type=\"submit\" class=\"button_layout\">\n\t\t\t\t<div id=\"lblBotao\">Inscreva-se<\/div>\n\t\t\t\t<span id=\"divSpiner\" class=\"loader\" role=\"status\" style=\"display: none;\"><\/span>\t\n\t\t\t<\/button>\n\t\t<\/div><!-- \/campos -->\n\t\t\n\t\t<label class=\"container_checkbox\">Voc\u00ea concorda com a nossa\n\t\t\t<a class=\"politics_privacy_ahref\" target=\"_blank\" href=\"https:\/\/gratis.estrategiaconcursos.com.br\/politica-de-privacidade\/\">Pol\u00edtica de Privacidade<\/a> e aceita receber informa\u00e7\u00f5es adicionais do Estrat\u00e9gia Educacional.\n\t\t\t<input id=\"checkbox_layout\" type=\"checkbox\" checked=\"checked\" required \/>\n\t\t\t<span class=\"checkbox\"><\/span>\n\t\t<\/label>\n\t\t<div id=\"msg\"><\/div>\n\t\t<div id=\"error\" class=\"error\">\n\t\t<\/div>\n\t<\/form>\n<\/div><!-- \/new-form -->\n\n\n\n<\/p><h2 class=\"wp-block-heading\" id=\"h-aceitacao-da-diferenca\"><span class=\"ez-toc-section\" id=\"Aceitacao-da-diferenca\"><\/span>Aceita&ccedil;&atilde;o da diferen&ccedil;a<span class=\"ez-toc-section-end\"><\/span><\/h2><p>O col&eacute;gio <em>Nevermore<\/em>, em Wandinha, &eacute; um espa&ccedil;o destinado a jovens marginalizados por possu&iacute;rem dons especiais, como lobisomens, sereias, videntes, g&oacute;rgonas, entre outros. A escola funciona como met&aacute;fora da diversidade e da inclus&atilde;o, mas tamb&eacute;m revela as contradi&ccedil;&otilde;es desse processo, porque mesmo entre os &ldquo;diferentes&rdquo; podem existir padr&otilde;es de exclus&atilde;o.&nbsp;<\/p><p>O arco de Enid &eacute; um bom exemplo disso. A personagem sofre press&atilde;o para se transformar em lobisomem e, por n&atilde;o corresponder &agrave;s expectativas do grupo, sente-se constantemente inadequada. Essa narrativa ilustra como a aceita&ccedil;&atilde;o da diferen&ccedil;a ainda &eacute; um desafio mesmo em lugares que prop&otilde;em o acolhimento.<\/p><p>A cidade de Jeric&oacute;, vizinha ao col&eacute;gio, tamb&eacute;m assume o papel de intoler&acirc;ncia. Seus moradores tratam os estudantes como &ldquo;aberra&ccedil;&otilde;es&rdquo; e refor&ccedil;am estere&oacute;tipos que isolam ainda mais quem n&atilde;o se encaixa no padr&atilde;o da chamada normalidade. A s&eacute;rie coloca em evid&ecirc;ncia como o preconceito &eacute; uma for&ccedil;a social capaz de excluir, oprimir e at&eacute; apagar identidades.<\/p><p>Na contram&atilde;o desse cen&aacute;rio, na Fam&iacute;lia Addams cada peculiaridade &eacute; celebrada. Tio Chico, exc&ecirc;ntrico e imprevis&iacute;vel, &eacute; t&atilde;o valorizado quanto Mort&iacute;cia, que exerce papel de lideran&ccedil;a. M&atilde;ozinha, mesmo sendo &ldquo;apenas&rdquo; uma m&atilde;o viva, participa das decis&otilde;es familiares e recebe afeto. Gomez demonstra amor incondicional por seus filhos, encorajando-os a explorar suas peculiaridades.&nbsp;<\/p><h2 class=\"wp-block-heading\" id=\"h-o-papel-da-mulher-na-familia-addams\"><span class=\"ez-toc-section\" id=\"O-papel-da-mulher-na-Familia-Addams\"><\/span>O papel da mulher na Fam&iacute;lia Addams<span class=\"ez-toc-section-end\"><\/span><\/h2><p>Nas diferentes vers&otilde;es da Fam&iacute;lia Addams, a figura feminina ocupa um espa&ccedil;o central na din&acirc;mica familiar. Mort&iacute;cia, por exemplo, &eacute; apresentada como a verdadeira matriarca, elegante, inteligente e estrat&eacute;gica, &eacute; ela quem conduz decis&otilde;es importantes e mant&eacute;m a coes&atilde;o do grupo.&nbsp;<\/p><p>J&aacute; Gomez, embora carism&aacute;tico e apaixonado, muitas vezes assume um papel mais afetivo e impulsivo, confiando no discernimento da esposa para conduzir os rumos da casa.<\/p><p>Essa invers&atilde;o de pap&eacute;is tradicionais desafia a ideia da fam&iacute;lia patriarcal cl&aacute;ssica, na qual o homem &eacute; visto como l&iacute;der. Nos Addams, s&atilde;o as mulheres que exercem autoridade intelectual e emocional, seja Mort&iacute;cia como refer&ecirc;ncia do lar, como a pr&oacute;pria Wandinha. Tanto na s&eacute;rie da Netflix, quanto nos filmes e s&eacute;ries originais dos Addams, ela sempre se destacou de seu irm&atilde;o, Feioso, retratado de forma mais c&ocirc;mica e ing&ecirc;nua.<\/p><p>Na s&eacute;rie da Netflix, a av&oacute; deles, por sua vez, aparece como uma figura poderosa ligada ao mundo dos neg&oacute;cios, por conta de sua rede funer&aacute;ria, mostrando que o protagonismo feminino tamb&eacute;m se estende ao espa&ccedil;o p&uacute;blico e financeiro.<\/p><p>Assim, a Fam&iacute;lia Addams rompe com estere&oacute;tipos de g&ecirc;nero e coloca as mulheres como motor da narrativa, enquanto os homens aparecem em pap&eacute;is de apoio, guiados mais pelo afeto e pela lealdade do que pelo controle.<\/p><h2 class=\"wp-block-heading\" id=\"h-apropriacao-cultural\"><span class=\"ez-toc-section\" id=\"Apropriacao-cultural\"><\/span>Apropria&ccedil;&atilde;o cultural<span class=\"ez-toc-section-end\"><\/span><\/h2><p>O tema da apropria&ccedil;&atilde;o cultural aparece de forma marcante na segunda temporada de Wandinha. Em um epis&oacute;dio, a cidade de Jeric&oacute; organiza uma festa para celebrar o <em>&ldquo;Dia de Los Muertos&rdquo;<\/em>, tradi&ccedil;&atilde;o da cultura mexicana.&nbsp; No entanto, a comemora&ccedil;&atilde;o &eacute; transformada em um espet&aacute;culo semelhante ao Halloween, esvaziando o sentido original da celebra&ccedil;&atilde;o.<\/p><p>Gomez e Feioso, descendentes de mexicanos, participam do evento e percebem o distanciamento entre a festa encenada e a verdadeira tradi&ccedil;&atilde;o. A cr&iacute;tica surge em uma intera&ccedil;&atilde;o com Arlene, uma das figuras mais preconceituosas da cidade, principalmente em rela&ccedil;&atilde;o aos &ldquo;outcasts&rdquo;, que se apropria de s&iacute;mbolos da cultura mexicana sem compreend&ecirc;-los e respeit&aacute;-los.<\/p><p>De maneira ir&ocirc;nica, Gomez comenta: &ldquo;Admiro a arrog&acirc;ncia em que se apropriam de outra cultura&rdquo;. A senhorita, para variar, n&atilde;o entende a cr&iacute;tica e agradece. Assim, a s&eacute;rie evidencia como pr&aacute;ticas culturais podem ser descontextualizadas e usadas de forma superficial por grupos dominantes, refor&ccedil;ando o debate atual sobre respeito &agrave;s diferen&ccedil;as e valoriza&ccedil;&atilde;o da diversidade cultural.<\/p><h2 class=\"wp-block-heading\" id=\"h-arrase-na-redacao-com-o-estrategia-vestibulares\"><span class=\"ez-toc-section\" id=\"Arrase-na-redacao-com-o-Estrategia-Vestibulares\"><\/span>Arrase na reda&ccedil;&atilde;o com o Estrat&eacute;gia Vestibulares<span class=\"ez-toc-section-end\"><\/span><\/h2><p>Voc&ecirc; quer ter todas as suas reda&ccedil;&otilde;es corrigidas e com feedback? Saiba que o Estrat&eacute;gia Vestibulares oferece isso! Aqui voc&ecirc; pode enviar um n&uacute;mero ilimitado de reda&ccedil;&otilde;es para serem corrigidas por nossos professores, que respondem com dicas de onde e como melhorar.<\/p><p>Al&eacute;m disso, a Coruja oferece aulas din&acirc;micas, um Banco de Quest&otilde;es super completo, salas VIP, monitorias e cursos focados em diversas bancas de vestibulares do Brasil. Clique no banner e conhe&ccedil;a melhor o Estrat&eacute;gia Vestibulares!<\/p><p>\n\n\n\n\n\n<a id=\"cta\" class=\"cta-imagem\" href=\"https:\/\/vestibulares.estrategia.com\/cursos\/\" target=\"blank\">\n                <img decoding=\"async\" width=\"100%\" src=\"https:\/\/vestibulares.estrategia.com\/portal\/wp-content\/uploads\/2021\/12\/EV4.jpg\" alt=\"CTA - Estrat\u00e9gia Vestibulares 4\" title=\"CTA - Estrat\u00e9gia Vestibulares 4\">\n        <\/a>\n<\/p><\/p>\n","protected":false},"excerpt":{"rendered":"A s\u00e9rie Wandinha aborda a diversidade e critica os padr\u00f5es impostos pela sociedade; veja como us\u00e1-la na reda\u00e7\u00e3o\n","protected":false},"author":51,"featured_media":144817,"comment_status":"closed","ping_status":"closed","sticky":false,"template":"","format":"standard","meta":{"wl_entities_gutenberg":"","footnotes":""},"categories":[2],"tags":[],"wl_entity_type":[732],"class_list":{"0":"post-144813","1":"post","2":"type-post","3":"status-publish","4":"format-standard","5":"has-post-thumbnail","7":"category-redacao","8":"wl_entity_type-article"},"acf":[],"yoast_head":"<!-- This site is optimized with the Yoast SEO Premium plugin v25.9 (Yoast SEO v25.9) - https:\/\/yoast.com\/wordpress\/plugins\/seo\/ -->\n<title>Wandinha: como usar a s\u00e9rie no repert\u00f3rio sociocultural da reda\u00e7\u00e3o?<\/title>\n<meta name=\"description\" content=\"&quot;Wandinha&quot; aborda diversidade e critica os padr\u00f5es impostos pela sociedade. Veja como usar a s\u00e9rie na reda\u00e7\u00e3o!\" \/>\n<meta name=\"robots\" content=\"index, follow, max-snippet:-1, max-image-preview:large, max-video-preview:-1\" \/>\n<link rel=\"canonical\" href=\"https:\/\/vestibulares.estrategia.com\/portal\/materias\/redacao\/wandinha-como-usar-a-serie-no-repertorio-sociocultural-da-redacao\/\" \/>\n<meta property=\"og:locale\" content=\"pt_BR\" \/>\n<meta property=\"og:type\" content=\"article\" \/>\n<meta property=\"og:title\" content=\"Wandinha: como usar a s\u00e9rie no repert\u00f3rio sociocultural da reda\u00e7\u00e3o?\" \/>\n<meta property=\"og:description\" content=\"&quot;Wandinha&quot; aborda diversidade e critica os padr\u00f5es impostos pela sociedade. Veja como usar a s\u00e9rie na reda\u00e7\u00e3o!\" \/>\n<meta property=\"og:url\" content=\"https:\/\/vestibulares.estrategia.com\/portal\/materias\/redacao\/wandinha-como-usar-a-serie-no-repertorio-sociocultural-da-redacao\/\" \/>\n<meta property=\"og:site_name\" content=\"Estrat\u00e9gia Vestibulares\" \/>\n<meta property=\"article:publisher\" content=\"https:\/\/facebook.com\/estrategiavestibulares\" \/>\n<meta property=\"article:published_time\" content=\"2025-09-05T19:07:09+00:00\" \/>\n<meta property=\"article:modified_time\" content=\"2025-09-05T19:11:44+00:00\" \/>\n<meta property=\"og:image\" content=\"https:\/\/vestibulares.estrategia.com\/portal\/wp-content\/uploads\/2025\/09\/wandinha-como-usar-a-serie-na-redacao.webp\" \/>\n\t<meta property=\"og:image:width\" content=\"1600\" \/>\n\t<meta property=\"og:image:height\" content=\"1067\" \/>\n\t<meta property=\"og:image:type\" content=\"image\/webp\" \/>\n<meta name=\"author\" content=\"Larrani Ferreira\" \/>\n<meta name=\"twitter:card\" content=\"summary_large_image\" \/>\n<meta name=\"twitter:creator\" content=\"@Estrategiavest\" \/>\n<meta name=\"twitter:site\" content=\"@Estrategiavest\" \/>\n<meta name=\"twitter:label1\" content=\"Escrito por\" \/>\n\t<meta name=\"twitter:data1\" content=\"Larrani Ferreira\" \/>\n\t<meta name=\"twitter:label2\" content=\"Est. tempo de leitura\" \/>\n\t<meta name=\"twitter:data2\" content=\"7 minutos\" \/>\n<script type=\"application\/ld+json\" class=\"yoast-schema-graph\">{\"@context\":\"https:\/\/schema.org\",\"@graph\":[{\"@type\":\"Article\",\"@id\":\"https:\/\/vestibulares.estrategia.com\/portal\/materias\/redacao\/wandinha-como-usar-a-serie-no-repertorio-sociocultural-da-redacao\/#article\",\"isPartOf\":{\"@id\":\"https:\/\/vestibulares.estrategia.com\/portal\/materias\/redacao\/wandinha-como-usar-a-serie-no-repertorio-sociocultural-da-redacao\/\"},\"author\":{\"name\":\"Larrani Ferreira\",\"@id\":\"https:\/\/vestibulares.estrategia.com\/portal\/#\/schema\/person\/98d0c0e22d6d89b480aa1929f0e64ec5\"},\"headline\":\"Wandinha: como usar a s\u00e9rie no repert\u00f3rio sociocultural da reda\u00e7\u00e3o?\",\"datePublished\":\"2025-09-05T19:07:09+00:00\",\"dateModified\":\"2025-09-05T19:11:44+00:00\",\"mainEntityOfPage\":{\"@id\":\"https:\/\/vestibulares.estrategia.com\/portal\/materias\/redacao\/wandinha-como-usar-a-serie-no-repertorio-sociocultural-da-redacao\/\"},\"wordCount\":1508,\"publisher\":{\"@id\":\"https:\/\/vestibulares.estrategia.com\/portal\/#organization\"},\"image\":{\"@id\":\"https:\/\/vestibulares.estrategia.com\/portal\/materias\/redacao\/wandinha-como-usar-a-serie-no-repertorio-sociocultural-da-redacao\/#primaryimage\"},\"thumbnailUrl\":\"https:\/\/vestibulares.estrategia.com\/portal\/wp-content\/uploads\/2025\/09\/wandinha-como-usar-a-serie-na-redacao.webp\",\"articleSection\":[\"Reda\u00e7\u00e3o\"],\"inLanguage\":\"pt-BR\"},{\"@type\":\"WebPage\",\"@id\":\"https:\/\/vestibulares.estrategia.com\/portal\/materias\/redacao\/wandinha-como-usar-a-serie-no-repertorio-sociocultural-da-redacao\/\",\"url\":\"https:\/\/vestibulares.estrategia.com\/portal\/materias\/redacao\/wandinha-como-usar-a-serie-no-repertorio-sociocultural-da-redacao\/\",\"name\":\"Wandinha: como usar a s\u00e9rie no repert\u00f3rio sociocultural da reda\u00e7\u00e3o?\",\"isPartOf\":{\"@id\":\"https:\/\/vestibulares.estrategia.com\/portal\/#website\"},\"primaryImageOfPage\":{\"@id\":\"https:\/\/vestibulares.estrategia.com\/portal\/materias\/redacao\/wandinha-como-usar-a-serie-no-repertorio-sociocultural-da-redacao\/#primaryimage\"},\"image\":{\"@id\":\"https:\/\/vestibulares.estrategia.com\/portal\/materias\/redacao\/wandinha-como-usar-a-serie-no-repertorio-sociocultural-da-redacao\/#primaryimage\"},\"thumbnailUrl\":\"https:\/\/vestibulares.estrategia.com\/portal\/wp-content\/uploads\/2025\/09\/wandinha-como-usar-a-serie-na-redacao.webp\",\"datePublished\":\"2025-09-05T19:07:09+00:00\",\"dateModified\":\"2025-09-05T19:11:44+00:00\",\"description\":\"\\\"Wandinha\\\" aborda diversidade e critica os padr\u00f5es impostos pela sociedade. Veja como usar a s\u00e9rie na reda\u00e7\u00e3o!\",\"breadcrumb\":{\"@id\":\"https:\/\/vestibulares.estrategia.com\/portal\/materias\/redacao\/wandinha-como-usar-a-serie-no-repertorio-sociocultural-da-redacao\/#breadcrumb\"},\"inLanguage\":\"pt-BR\",\"potentialAction\":[{\"@type\":\"ReadAction\",\"target\":[\"https:\/\/vestibulares.estrategia.com\/portal\/materias\/redacao\/wandinha-como-usar-a-serie-no-repertorio-sociocultural-da-redacao\/\"]}]},{\"@type\":\"ImageObject\",\"inLanguage\":\"pt-BR\",\"@id\":\"https:\/\/vestibulares.estrategia.com\/portal\/materias\/redacao\/wandinha-como-usar-a-serie-no-repertorio-sociocultural-da-redacao\/#primaryimage\",\"url\":\"https:\/\/vestibulares.estrategia.com\/portal\/wp-content\/uploads\/2025\/09\/wandinha-como-usar-a-serie-na-redacao.webp\",\"contentUrl\":\"https:\/\/vestibulares.estrategia.com\/portal\/wp-content\/uploads\/2025\/09\/wandinha-como-usar-a-serie-na-redacao.webp\",\"width\":1600,\"height\":1067,\"caption\":\"Foto: Copyright Matthias Clamer\/Netflix\/Divulga\u00e7\u00e3o\"},{\"@type\":\"BreadcrumbList\",\"@id\":\"https:\/\/vestibulares.estrategia.com\/portal\/materias\/redacao\/wandinha-como-usar-a-serie-no-repertorio-sociocultural-da-redacao\/#breadcrumb\",\"itemListElement\":[{\"@type\":\"ListItem\",\"position\":1,\"name\":\"Home\",\"item\":\"https:\/\/vestibulares.estrategia.com\/portal\/\"},{\"@type\":\"ListItem\",\"position\":2,\"name\":\"Mat\u00e9rias\",\"item\":\"https:\/\/vestibulares.estrategia.com\/portal\/materias\/\"},{\"@type\":\"ListItem\",\"position\":3,\"name\":\"Reda\u00e7\u00e3o\",\"item\":\"https:\/\/vestibulares.estrategia.com\/portal\/materias\/redacao\/\"},{\"@type\":\"ListItem\",\"position\":4,\"name\":\"Wandinha: como usar a s\u00e9rie no repert\u00f3rio sociocultural da reda\u00e7\u00e3o?\"}]},{\"@type\":\"WebSite\",\"@id\":\"https:\/\/vestibulares.estrategia.com\/portal\/#website\",\"url\":\"https:\/\/vestibulares.estrategia.com\/portal\/\",\"name\":\"Estrat\u00e9gia Vestibulares\",\"description\":\"\",\"publisher\":{\"@id\":\"https:\/\/vestibulares.estrategia.com\/portal\/#organization\"},\"potentialAction\":[{\"@type\":\"SearchAction\",\"target\":{\"@type\":\"EntryPoint\",\"urlTemplate\":\"https:\/\/vestibulares.estrategia.com\/portal\/?s={search_term_string}\"},\"query-input\":{\"@type\":\"PropertyValueSpecification\",\"valueRequired\":true,\"valueName\":\"search_term_string\"}}],\"inLanguage\":\"pt-BR\"},{\"@type\":\"Organization\",\"@id\":\"https:\/\/vestibulares.estrategia.com\/portal\/#organization\",\"name\":\"Estrat\u00e9gia Vestibulares\",\"url\":\"https:\/\/vestibulares.estrategia.com\/portal\/\",\"logo\":{\"@type\":\"ImageObject\",\"inLanguage\":\"pt-BR\",\"@id\":\"https:\/\/vestibulares.estrategia.com\/portal\/#\/schema\/logo\/image\/\",\"url\":\"https:\/\/vestibulares.estrategia.com\/portal\/wp-content\/uploads\/2021\/06\/Logo-Vestibulares@4x.png\",\"contentUrl\":\"https:\/\/vestibulares.estrategia.com\/portal\/wp-content\/uploads\/2021\/06\/Logo-Vestibulares@4x.png\",\"width\":250,\"height\":66,\"caption\":\"Estrat\u00e9gia Vestibulares\"},\"image\":{\"@id\":\"https:\/\/vestibulares.estrategia.com\/portal\/#\/schema\/logo\/image\/\"},\"sameAs\":[\"https:\/\/facebook.com\/estrategiavestibulares\",\"https:\/\/x.com\/Estrategiavest\",\"https:\/\/www.instagram.com\/estrategiavestibulares\",\"https:\/\/www.youtube.com\/channel\/UCGWdZy8ULI-7_5GrABa4vNA\"]},{\"@type\":\"Person\",\"@id\":\"https:\/\/vestibulares.estrategia.com\/portal\/#\/schema\/person\/98d0c0e22d6d89b480aa1929f0e64ec5\",\"name\":\"Larrani Ferreira\",\"image\":{\"@type\":\"ImageObject\",\"inLanguage\":\"pt-BR\",\"@id\":\"https:\/\/vestibulares.estrategia.com\/portal\/#\/schema\/person\/image\/\",\"url\":\"https:\/\/vestibulares.estrategia.com\/portal\/wp-content\/uploads\/2026\/02\/WhatsApp-Image-2026-02-05-at-14.26.13-150x150.jpeg\",\"contentUrl\":\"https:\/\/vestibulares.estrategia.com\/portal\/wp-content\/uploads\/2026\/02\/WhatsApp-Image-2026-02-05-at-14.26.13-150x150.jpeg\",\"caption\":\"Larrani Ferreira\"},\"description\":\"Jornalista e Mestranda em Comunica\u00e7\u00e3o Intercultural nas Organiza\u00e7\u00f5es\",\"url\":\"https:\/\/vestibulares.estrategia.com\/portal\/author\/larranioliveira\/\"}]}<\/script>\n<!-- \/ Yoast SEO Premium plugin. -->","yoast_head_json":{"title":"Wandinha: como usar a s\u00e9rie no repert\u00f3rio sociocultural da reda\u00e7\u00e3o?","description":"\"Wandinha\" aborda diversidade e critica os padr\u00f5es impostos pela sociedade. Veja como usar a s\u00e9rie na reda\u00e7\u00e3o!","robots":{"index":"index","follow":"follow","max-snippet":"max-snippet:-1","max-image-preview":"max-image-preview:large","max-video-preview":"max-video-preview:-1"},"canonical":"https:\/\/vestibulares.estrategia.com\/portal\/materias\/redacao\/wandinha-como-usar-a-serie-no-repertorio-sociocultural-da-redacao\/","og_locale":"pt_BR","og_type":"article","og_title":"Wandinha: como usar a s\u00e9rie no repert\u00f3rio sociocultural da reda\u00e7\u00e3o?","og_description":"\"Wandinha\" aborda diversidade e critica os padr\u00f5es impostos pela sociedade. Veja como usar a s\u00e9rie na reda\u00e7\u00e3o!","og_url":"https:\/\/vestibulares.estrategia.com\/portal\/materias\/redacao\/wandinha-como-usar-a-serie-no-repertorio-sociocultural-da-redacao\/","og_site_name":"Estrat\u00e9gia Vestibulares","article_publisher":"https:\/\/facebook.com\/estrategiavestibulares","article_published_time":"2025-09-05T19:07:09+00:00","article_modified_time":"2025-09-05T19:11:44+00:00","og_image":[{"width":1600,"height":1067,"url":"https:\/\/vestibulares.estrategia.com\/portal\/wp-content\/uploads\/2025\/09\/wandinha-como-usar-a-serie-na-redacao.webp","type":"image\/webp"}],"author":"Larrani Ferreira","twitter_card":"summary_large_image","twitter_creator":"@Estrategiavest","twitter_site":"@Estrategiavest","twitter_misc":{"Escrito por":"Larrani Ferreira","Est. tempo de leitura":"7 minutos"},"schema":{"@context":"https:\/\/schema.org","@graph":[{"@type":"Article","@id":"https:\/\/vestibulares.estrategia.com\/portal\/materias\/redacao\/wandinha-como-usar-a-serie-no-repertorio-sociocultural-da-redacao\/#article","isPartOf":{"@id":"https:\/\/vestibulares.estrategia.com\/portal\/materias\/redacao\/wandinha-como-usar-a-serie-no-repertorio-sociocultural-da-redacao\/"},"author":{"name":"Larrani Ferreira","@id":"https:\/\/vestibulares.estrategia.com\/portal\/#\/schema\/person\/98d0c0e22d6d89b480aa1929f0e64ec5"},"headline":"Wandinha: como usar a s\u00e9rie no repert\u00f3rio sociocultural da reda\u00e7\u00e3o?","datePublished":"2025-09-05T19:07:09+00:00","dateModified":"2025-09-05T19:11:44+00:00","mainEntityOfPage":{"@id":"https:\/\/vestibulares.estrategia.com\/portal\/materias\/redacao\/wandinha-como-usar-a-serie-no-repertorio-sociocultural-da-redacao\/"},"wordCount":1508,"publisher":{"@id":"https:\/\/vestibulares.estrategia.com\/portal\/#organization"},"image":{"@id":"https:\/\/vestibulares.estrategia.com\/portal\/materias\/redacao\/wandinha-como-usar-a-serie-no-repertorio-sociocultural-da-redacao\/#primaryimage"},"thumbnailUrl":"https:\/\/vestibulares.estrategia.com\/portal\/wp-content\/uploads\/2025\/09\/wandinha-como-usar-a-serie-na-redacao.webp","articleSection":["Reda\u00e7\u00e3o"],"inLanguage":"pt-BR"},{"@type":"WebPage","@id":"https:\/\/vestibulares.estrategia.com\/portal\/materias\/redacao\/wandinha-como-usar-a-serie-no-repertorio-sociocultural-da-redacao\/","url":"https:\/\/vestibulares.estrategia.com\/portal\/materias\/redacao\/wandinha-como-usar-a-serie-no-repertorio-sociocultural-da-redacao\/","name":"Wandinha: como usar a s\u00e9rie no repert\u00f3rio sociocultural da reda\u00e7\u00e3o?","isPartOf":{"@id":"https:\/\/vestibulares.estrategia.com\/portal\/#website"},"primaryImageOfPage":{"@id":"https:\/\/vestibulares.estrategia.com\/portal\/materias\/redacao\/wandinha-como-usar-a-serie-no-repertorio-sociocultural-da-redacao\/#primaryimage"},"image":{"@id":"https:\/\/vestibulares.estrategia.com\/portal\/materias\/redacao\/wandinha-como-usar-a-serie-no-repertorio-sociocultural-da-redacao\/#primaryimage"},"thumbnailUrl":"https:\/\/vestibulares.estrategia.com\/portal\/wp-content\/uploads\/2025\/09\/wandinha-como-usar-a-serie-na-redacao.webp","datePublished":"2025-09-05T19:07:09+00:00","dateModified":"2025-09-05T19:11:44+00:00","description":"\"Wandinha\" aborda diversidade e critica os padr\u00f5es impostos pela sociedade. Veja como usar a s\u00e9rie na reda\u00e7\u00e3o!","breadcrumb":{"@id":"https:\/\/vestibulares.estrategia.com\/portal\/materias\/redacao\/wandinha-como-usar-a-serie-no-repertorio-sociocultural-da-redacao\/#breadcrumb"},"inLanguage":"pt-BR","potentialAction":[{"@type":"ReadAction","target":["https:\/\/vestibulares.estrategia.com\/portal\/materias\/redacao\/wandinha-como-usar-a-serie-no-repertorio-sociocultural-da-redacao\/"]}]},{"@type":"ImageObject","inLanguage":"pt-BR","@id":"https:\/\/vestibulares.estrategia.com\/portal\/materias\/redacao\/wandinha-como-usar-a-serie-no-repertorio-sociocultural-da-redacao\/#primaryimage","url":"https:\/\/vestibulares.estrategia.com\/portal\/wp-content\/uploads\/2025\/09\/wandinha-como-usar-a-serie-na-redacao.webp","contentUrl":"https:\/\/vestibulares.estrategia.com\/portal\/wp-content\/uploads\/2025\/09\/wandinha-como-usar-a-serie-na-redacao.webp","width":1600,"height":1067,"caption":"Foto: Copyright Matthias Clamer\/Netflix\/Divulga\u00e7\u00e3o"},{"@type":"BreadcrumbList","@id":"https:\/\/vestibulares.estrategia.com\/portal\/materias\/redacao\/wandinha-como-usar-a-serie-no-repertorio-sociocultural-da-redacao\/#breadcrumb","itemListElement":[{"@type":"ListItem","position":1,"name":"Home","item":"https:\/\/vestibulares.estrategia.com\/portal\/"},{"@type":"ListItem","position":2,"name":"Mat\u00e9rias","item":"https:\/\/vestibulares.estrategia.com\/portal\/materias\/"},{"@type":"ListItem","position":3,"name":"Reda\u00e7\u00e3o","item":"https:\/\/vestibulares.estrategia.com\/portal\/materias\/redacao\/"},{"@type":"ListItem","position":4,"name":"Wandinha: como usar a s\u00e9rie no repert\u00f3rio sociocultural da reda\u00e7\u00e3o?"}]},{"@type":"WebSite","@id":"https:\/\/vestibulares.estrategia.com\/portal\/#website","url":"https:\/\/vestibulares.estrategia.com\/portal\/","name":"Estrat\u00e9gia Vestibulares","description":"","publisher":{"@id":"https:\/\/vestibulares.estrategia.com\/portal\/#organization"},"potentialAction":[{"@type":"SearchAction","target":{"@type":"EntryPoint","urlTemplate":"https:\/\/vestibulares.estrategia.com\/portal\/?s={search_term_string}"},"query-input":{"@type":"PropertyValueSpecification","valueRequired":true,"valueName":"search_term_string"}}],"inLanguage":"pt-BR"},{"@type":"Organization","@id":"https:\/\/vestibulares.estrategia.com\/portal\/#organization","name":"Estrat\u00e9gia Vestibulares","url":"https:\/\/vestibulares.estrategia.com\/portal\/","logo":{"@type":"ImageObject","inLanguage":"pt-BR","@id":"https:\/\/vestibulares.estrategia.com\/portal\/#\/schema\/logo\/image\/","url":"https:\/\/vestibulares.estrategia.com\/portal\/wp-content\/uploads\/2021\/06\/Logo-Vestibulares@4x.png","contentUrl":"https:\/\/vestibulares.estrategia.com\/portal\/wp-content\/uploads\/2021\/06\/Logo-Vestibulares@4x.png","width":250,"height":66,"caption":"Estrat\u00e9gia Vestibulares"},"image":{"@id":"https:\/\/vestibulares.estrategia.com\/portal\/#\/schema\/logo\/image\/"},"sameAs":["https:\/\/facebook.com\/estrategiavestibulares","https:\/\/x.com\/Estrategiavest","https:\/\/www.instagram.com\/estrategiavestibulares","https:\/\/www.youtube.com\/channel\/UCGWdZy8ULI-7_5GrABa4vNA"]},{"@type":"Person","@id":"https:\/\/vestibulares.estrategia.com\/portal\/#\/schema\/person\/98d0c0e22d6d89b480aa1929f0e64ec5","name":"Larrani Ferreira","image":{"@type":"ImageObject","inLanguage":"pt-BR","@id":"https:\/\/vestibulares.estrategia.com\/portal\/#\/schema\/person\/image\/","url":"https:\/\/vestibulares.estrategia.com\/portal\/wp-content\/uploads\/2026\/02\/WhatsApp-Image-2026-02-05-at-14.26.13-150x150.jpeg","contentUrl":"https:\/\/vestibulares.estrategia.com\/portal\/wp-content\/uploads\/2026\/02\/WhatsApp-Image-2026-02-05-at-14.26.13-150x150.jpeg","caption":"Larrani Ferreira"},"description":"Jornalista e Mestranda em Comunica\u00e7\u00e3o Intercultural nas Organiza\u00e7\u00f5es","url":"https:\/\/vestibulares.estrategia.com\/portal\/author\/larranioliveira\/"}]}},"_wl_alt_label":[],"wl:entity_url":"https:\/\/data.wordlift.io\/wl110249\/post\/wandinha-como-usar-a-serie-no-repertorio-sociocultural-da-redacao-144813","_links":{"self":[{"href":"https:\/\/vestibulares.estrategia.com\/portal\/wp-json\/wp\/v2\/posts\/144813","targetHints":{"allow":["GET"]}}],"collection":[{"href":"https:\/\/vestibulares.estrategia.com\/portal\/wp-json\/wp\/v2\/posts"}],"about":[{"href":"https:\/\/vestibulares.estrategia.com\/portal\/wp-json\/wp\/v2\/types\/post"}],"author":[{"embeddable":true,"href":"https:\/\/vestibulares.estrategia.com\/portal\/wp-json\/wp\/v2\/users\/51"}],"replies":[{"embeddable":true,"href":"https:\/\/vestibulares.estrategia.com\/portal\/wp-json\/wp\/v2\/comments?post=144813"}],"version-history":[{"count":3,"href":"https:\/\/vestibulares.estrategia.com\/portal\/wp-json\/wp\/v2\/posts\/144813\/revisions"}],"predecessor-version":[{"id":144820,"href":"https:\/\/vestibulares.estrategia.com\/portal\/wp-json\/wp\/v2\/posts\/144813\/revisions\/144820"}],"wp:featuredmedia":[{"embeddable":true,"href":"https:\/\/vestibulares.estrategia.com\/portal\/wp-json\/wp\/v2\/media\/144817"}],"wp:attachment":[{"href":"https:\/\/vestibulares.estrategia.com\/portal\/wp-json\/wp\/v2\/media?parent=144813"}],"wp:term":[{"taxonomy":"category","embeddable":true,"href":"https:\/\/vestibulares.estrategia.com\/portal\/wp-json\/wp\/v2\/categories?post=144813"},{"taxonomy":"post_tag","embeddable":true,"href":"https:\/\/vestibulares.estrategia.com\/portal\/wp-json\/wp\/v2\/tags?post=144813"},{"taxonomy":"wl_entity_type","embeddable":true,"href":"https:\/\/vestibulares.estrategia.com\/portal\/wp-json\/wp\/v2\/wl_entity_type?post=144813"}],"curies":[{"name":"wp","href":"https:\/\/api.w.org\/{rel}","templated":true}]}}