{"id":145503,"date":"2025-09-23T17:17:12","date_gmt":"2025-09-23T20:17:12","guid":{"rendered":"https:\/\/vestibulares.estrategia.com\/portal\/?p=145503"},"modified":"2025-09-23T17:17:17","modified_gmt":"2025-09-23T20:17:17","slug":"9-questoes-sobre-o-pre-modernismo-que-ja-cairam-no-enem-e-vestibulares","status":"publish","type":"post","link":"https:\/\/vestibulares.estrategia.com\/portal\/atualidades-e-dicas\/9-questoes-sobre-o-pre-modernismo-que-ja-cairam-no-enem-e-vestibulares\/","title":{"rendered":"9 quest\u00f5es sobre o pr\u00e9-modernismo que j\u00e1 ca\u00edram no Enem e vestibulares"},"content":{"rendered":"<p>O in&iacute;cio do s&eacute;culo XX marca o surgimento do pr&eacute;-modernismo, movimento liter&aacute;rio e art&iacute;stico que tem como caracter&iacute;sticas o nacionalismo, a escrita simples e que foge do academicismo e muitos personagens que acompanham tais mudan&ccedil;as, como imigrantes, sertanejos, suburbanos, funcion&aacute;rios p&uacute;blicos e afins.<p>Ao tratar, portanto, do Brasil e de suas diferen&ccedil;as sociais, o movimento difundiu alguns estilos de vida e realidades que at&eacute; o presente momento foram pouco contempladas na literatura nacional.<\/p><p>O <a href=\"https:\/\/vestibulares.estrategia.com\/portal\/materias\/literatura\/pre-modernismo\/\">pr&eacute;-modernismo<\/a> acontece no momento em que h&aacute; a chamada Rep&uacute;blica Velha, com dilemas pol&iacute;ticos e sociais marcantes, como os seguintes movimentos: Revolta da Vacina, Revolta dos Canudos, Revolta da Chibata, Revolta da Armada, Revolta dos Mal&ecirc;s e outros.<\/p><p>O Portal Estrat&eacute;gia Vestibulares trouxe 9 quest&otilde;es sobre o pr&eacute;-modernismo que j&aacute; ca&iacute;ram no Enem e nos vestibulares, com resolu&ccedil;&otilde;es extra&iacute;das do nosso Banco de Quest&otilde;es e algumas com explica&ccedil;&otilde;es dos professores do EV. Confira!<\/p><p>\n\n\n\n<div class=\"cta-medio\" style=\"background-image: url(https:\/\/vestibulares.estrategia.com\/portal\/wp-content\/uploads\/2024\/08\/curso-enem-1-estrategia-vestibulares-ctamedio.jpg);\"><h3>Pacote Enem TOP <\/h3> <p>Estude com o Estrat\u00e9gia Vestibulares<\/p><div class=\"cta-botao\"><a id=\"cta-medio\" href=\"https:\/\/vestibulares.estrategia.com\/curso\/enem-top\/\" target=\"_blank\" style=\"background:rgb(255,150,0)\">Saiba mais<\/a><\/div><\/div>\n\n\n\n<\/p><div id=\"ez-toc-container\" class=\"ez-toc-v2_0_76 counter-hierarchy ez-toc-counter ez-toc-transparent ez-toc-container-direction\">\n<div class=\"ez-toc-title-container\"><p class=\"ez-toc-title\" style=\"cursor:inherit\">Navegue pelo conte\u00fado<\/p>\n<\/div><nav><ul class='ez-toc-list ez-toc-list-level-1 ' ><li class='ez-toc-page-1 ez-toc-heading-level-2'><a class=\"ez-toc-link ez-toc-heading-1\" href=\"https:\/\/vestibulares.estrategia.com\/portal\/atualidades-e-dicas\/9-questoes-sobre-o-pre-modernismo-que-ja-cairam-no-enem-e-vestibulares\/#Enem-2023\" >Enem (2023)<\/a><\/li><li class='ez-toc-page-1 ez-toc-heading-level-2'><a class=\"ez-toc-link ez-toc-heading-2\" href=\"https:\/\/vestibulares.estrategia.com\/portal\/atualidades-e-dicas\/9-questoes-sobre-o-pre-modernismo-que-ja-cairam-no-enem-e-vestibulares\/#Uneb-2019\" >Uneb (2019)<\/a><\/li><li class='ez-toc-page-1 ez-toc-heading-level-2'><a class=\"ez-toc-link ez-toc-heading-3\" href=\"https:\/\/vestibulares.estrategia.com\/portal\/atualidades-e-dicas\/9-questoes-sobre-o-pre-modernismo-que-ja-cairam-no-enem-e-vestibulares\/#UFPR-2020\" >UFPR (2020)<\/a><\/li><li class='ez-toc-page-1 ez-toc-heading-level-2'><a class=\"ez-toc-link ez-toc-heading-4\" href=\"https:\/\/vestibulares.estrategia.com\/portal\/atualidades-e-dicas\/9-questoes-sobre-o-pre-modernismo-que-ja-cairam-no-enem-e-vestibulares\/#UFU-2015\" >UFU (2015)<\/a><\/li><li class='ez-toc-page-1 ez-toc-heading-level-2'><a class=\"ez-toc-link ez-toc-heading-5\" href=\"https:\/\/vestibulares.estrategia.com\/portal\/atualidades-e-dicas\/9-questoes-sobre-o-pre-modernismo-que-ja-cairam-no-enem-e-vestibulares\/#Unicamp-2016-1a-fase\" >Unicamp (2016) (1&ordf; fase)<\/a><\/li><li class='ez-toc-page-1 ez-toc-heading-level-2'><a class=\"ez-toc-link ez-toc-heading-6\" href=\"https:\/\/vestibulares.estrategia.com\/portal\/atualidades-e-dicas\/9-questoes-sobre-o-pre-modernismo-que-ja-cairam-no-enem-e-vestibulares\/#UEG-2012\" >UEG (2012)<\/a><\/li><li class='ez-toc-page-1 ez-toc-heading-level-2'><a class=\"ez-toc-link ez-toc-heading-7\" href=\"https:\/\/vestibulares.estrategia.com\/portal\/atualidades-e-dicas\/9-questoes-sobre-o-pre-modernismo-que-ja-cairam-no-enem-e-vestibulares\/#Unitins-2021\" >Unitins (2021)<\/a><\/li><li class='ez-toc-page-1 ez-toc-heading-level-2'><a class=\"ez-toc-link ez-toc-heading-8\" href=\"https:\/\/vestibulares.estrategia.com\/portal\/atualidades-e-dicas\/9-questoes-sobre-o-pre-modernismo-que-ja-cairam-no-enem-e-vestibulares\/#Enem-2016\" >Enem (2016)<\/a><\/li><li class='ez-toc-page-1 ez-toc-heading-level-2'><a class=\"ez-toc-link ez-toc-heading-9\" href=\"https:\/\/vestibulares.estrategia.com\/portal\/atualidades-e-dicas\/9-questoes-sobre-o-pre-modernismo-que-ja-cairam-no-enem-e-vestibulares\/#UFRGS-2018\" >UFRGS (2018)<\/a><\/li><li class='ez-toc-page-1 ez-toc-heading-level-2'><a class=\"ez-toc-link ez-toc-heading-10\" href=\"https:\/\/vestibulares.estrategia.com\/portal\/atualidades-e-dicas\/9-questoes-sobre-o-pre-modernismo-que-ja-cairam-no-enem-e-vestibulares\/#Veja-mais-sobre-questoes\" >Veja mais sobre quest&otilde;es<\/a><\/li><li class='ez-toc-page-1 ez-toc-heading-level-2'><a class=\"ez-toc-link ez-toc-heading-11\" href=\"https:\/\/vestibulares.estrategia.com\/portal\/atualidades-e-dicas\/9-questoes-sobre-o-pre-modernismo-que-ja-cairam-no-enem-e-vestibulares\/#Prepare-se-para-a-prova-com-o-Estrategia-Vestibulares\" >Prepare-se para a prova com o Estrat&eacute;gia Vestibulares&nbsp;<\/a><\/li><\/ul><\/nav><\/div>\n<h2 class=\"wp-block-heading\" id=\"h-enem-2023\"><span class=\"ez-toc-section\" id=\"Enem-2023\"><\/span>Enem (2023)<span class=\"ez-toc-section-end\"><\/span><\/h2><p>Quaresma despiu-se, lavou-se, enfiou a roupa de casa, veio para a biblioteca, sentou-se a uma cadeira de balan&ccedil;o, descansando. Estava num aposento vasto, e todo ele era forrado de estantes de ferro. Havia perto de dez, com quatro prateleiras, fora as pequenas com os livros de maior tomo. Quem examinasse vagarosamente aquela grande cole&ccedil;&atilde;o de livros havia de espantar-se ao perceber o esp&iacute;rito que presidia a sua reuni&atilde;o. Na fic&ccedil;&atilde;o, havia unicamente autores nacionais ou tidos como tais: o Bento Teixeira, da Prosopopeia; o Greg&oacute;rio de Matos, o Bas&iacute;lio da Gama, o Santa Rita Dur&atilde;o, o Jos&eacute; de Alencar (todo), o Macedo, o Gon&ccedil;alves Dias (todo), al&eacute;m de muitos outros.<\/p><p><em>BARRETO, L. Triste fim de Policarpo Quaresma. Rio de Janeiro: Mediafashion, 2008.<\/em><\/p><p>No texto, o uso do artigo definido anteposto aos nomes pr&oacute;prios dos escritores brasileiros<\/p><p><strong>A <\/strong>demonstra a familiaridade e o conhecimento que o personagem tem dos autores nacionais e de suas obras.<br><strong>B <\/strong>consiste em um regionalismo que tem a fun&ccedil;&atilde;o de caracterizar a fala pitoresca do personagem principal.<br><strong>C <\/strong>&eacute; uma marca da linguagem culta cuja fun&ccedil;&atilde;o &eacute; enfatizar o gosto do personagem pela literatura brasileira.<br><strong>D <\/strong>constitui um recurso estil&iacute;stico do narrador para mostrar que o personagem vem de uma classe social inferior.<br><strong>E <\/strong>indica o tom depreciativo com o qual o narrador se refere aos autores nacionais, refor&ccedil;ado pela express&atilde;o &ldquo;tidos como tais&rdquo;.<\/p><details class=\"wp-block-details is-layout-flow wp-block-details-is-layout-flow\"><summary><strong>Resposta:<\/strong><\/summary>\n<p><strong>A <\/strong>&ndash; correta &ndash; gabarito. O major Policarpo Quaresma era conhecido pelo seu ufanismo, da&iacute; valorizar tanto essa cultura liter&aacute;ria.<br><strong>B <\/strong>&ndash; incorreta. N&atilde;o se trata de regionalismo, uma vez que o romance se ambienta no Rio de Janeiro.<br><strong>C <\/strong>&ndash; incorreta. Apenas o uso do artigo definido n&atilde;o caracteriza a l&iacute;ngua como culta.<br><strong>D <\/strong>&ndash; incorreta. O texto em si n&atilde;o comenta a origem do personagem.<br><strong>E <\/strong>&ndash; incorreta. Pelo contr&aacute;rio, n&atilde;o &eacute; depreciativo, mas sim laudat&oacute;rio.<\/p>\n\n\n\n<p>Alternativa correta: <strong>A<\/strong><\/p>\n<\/details><h2 class=\"wp-block-heading\" id=\"h-uneb-2019\"><span class=\"ez-toc-section\" id=\"Uneb-2019\"><\/span>Uneb (2019)<span class=\"ez-toc-section-end\"><\/span><\/h2><p><strong>M&aacute;goas<\/strong><\/p><p>Quando nasci, num m&ecirc;s de tantas flores,&nbsp;<br>Todas murcharam, tristes, langorosas,&nbsp;<br>Tristes fanaram redolentes rosas,&nbsp;<br>Morreram todas, todas sem olores.<br>Mais tarde da exist&ecirc;ncia nos verdores&nbsp;<br>Da inf&acirc;ncia nunca tive as venturosas&nbsp;<br>Alegrias que passam bonan&ccedil;osas,&nbsp;<br>Oh! Minha inf&acirc;ncia nunca tive flores!<br>Volvendo &agrave; quadra azul da mocidade,&nbsp;<br>Minh&rsquo;alma levo aflita &agrave; Eternidade,&nbsp;<br>Quando a morte matar meus dissabores.<br>Cansado de chorar pelas estradas,&nbsp;<br>Exausto de pisar m&aacute;goas pisadas,<br>Hoje eu carrego a cruz de minhas dores!<\/p><p><em>ANJOS, Augusto. M&aacute;goas. Eu e outras poesias. Dispon&iacute;vel em: &lt;https:\/\/www.luso-poemas.net\/modules\/news03\/article.php?storyid= 1448 &copy; Luso-Poemas&gt;. Acesso em: 14 nov. 2018.<\/em><\/p><p><strong>Excerto 1<\/strong><\/p><p>Quando nasci, um anjo torto&nbsp;<br>desses que vivem na sombra<br>disse: Vai Carlos! Ser gauche na vida.<\/p><p><em>ANDRADE, Carlos Drummond de. Poema das Sete Faces. Alguma Poesia. Rio de Janeiro. Ed. Jos&eacute; Ol&iacute;mpio, 1983. p.3-4).<\/em><\/p><p><strong>Excerto 2<\/strong><\/p><p>Quando eu nasci<br>um anjo louco muito louco&nbsp;<br>leio ler a minha m&atilde;o<br>n&atilde;o era um anjo barroco<br>era um anjo muito louco, torto&nbsp;<br>com asas de avi&atilde;o.<\/p><p><em>Let&rsquo;s play that Todo Dia &Eacute; Dia D, CD Torquato Neto V&aacute;rios Artistas, Dubas M&uacute;sica, 2002.<\/em><\/p><p><strong>Excerto 3<\/strong><\/p><p>Quando nasci um anjo esbelto,<br>desses que tocam trombeta, anunciou:<br>vai carregar bandeira.<br>Cargo muito pesado pra mulher,&nbsp;<br>esta esp&eacute;cie ainda envergonhada.&nbsp;<\/p><p><em>PRADO, Ad&eacute;lia. Com licen&ccedil;a po&eacute;tica. Poesia Reunida. S&atilde;o Paulo: Siciliano, 1991.<\/em><\/p><p><strong>Excerto 4<\/strong><\/p><p>Quando nasci veio um anjo safado&nbsp;<br>O chato dum querubim<br>E decretou que eu tava predestinado&nbsp;<br>A ser errado assim<br>J&aacute; de sa&iacute;da a minha estrada entortou&nbsp;<br>Mas vou at&eacute; o fim.<\/p><p><em>BUARQUE, Chico. Letra e M&uacute;sica. S&atilde;o Paulo: Companhia das Letras, 1989.<\/em><\/p><p>Assim como Augusto dos Anjos em &ldquo;M&aacute;goas&rdquo;, os excertos 1, 2, 3 e 4 constituem uma reflex&atilde;o acerca do nascimento, distintas entre si, pela &eacute;poca, pela vis&atilde;o de mundo e pelo tratamento que cada um deles d&aacute; a esse tema, mantendo um percept&iacute;vel distanciamento.<\/p><p>Considerando-se esses excertos, &eacute; <strong>improcedente<\/strong> afirmar:<\/p><p><strong>A <\/strong>Para Drummond, a palavra &ldquo;anjo&rdquo; cont&eacute;m um sentido sem&acirc;ntico ligado &agrave; previs&atilde;o fat&iacute;dica, consolidada pelo uso do estrangeirismo &ldquo;gauche&rdquo;.<br><strong>B <\/strong>No excerto 2, os termos &ldquo;barroco&rdquo; e &ldquo;louco&rdquo; remetem a uma contradi&ccedil;&atilde;o ideol&oacute;gica, comprovada pelo verso &ldquo;com asas de avi&atilde;o&rdquo;, que remete ao desejo de liberdade.<br><strong>C <\/strong>Em Ad&eacute;lia Prado, o &rdquo;anjo esbelto&rdquo; traz a enuncia&ccedil;&atilde;o de uma nova era, em que a liberta&ccedil;&atilde;o se faz pela express&atilde;o &ldquo;carregar bandeira&rdquo;.<br><strong>D <\/strong>O &uacute;ltimo excerto revela uma atitude de rejei&ccedil;&atilde;o do sujeito po&eacute;tico a um determinismo &ldquo;predestinado&rdquo; pelo &ldquo;anjo safado&rdquo;, configurado pela adversativa &ldquo;Mas&rdquo;.<br><strong>E <\/strong>A palavra &ldquo;anjo&rdquo;, em todos os fragmentos, mant&eacute;m o sentido ideol&oacute;gico judaico-crist&atilde;o, perpetuado desde a Idade M&eacute;dia, de respeito e rever&ecirc;ncia, sem registro de ressignifica&ccedil;&atilde;o.<\/p><details class=\"wp-block-details is-layout-flow wp-block-details-is-layout-flow\"><summary><strong>Resposta:&nbsp;<\/strong><\/summary>\n<p>Alternativa correta: <strong>E<\/strong><\/p>\n<\/details><p>\n\n\n\n<div id=\"new-form\">\n\t<form id=\"forms_layout\">\n\t<input type=\"hidden\" id=\"chave_de\" name=\"chave_de\" value=\"01_EVEST_LEADS_TOTAIS\" \/>\n\t\t<input type=\"hidden\" id=\"mid\" name=\"mid\" value=\"515008983\" \/>\n\t\t<input type=\"hidden\" id=\"Objetivo\" name=\"Objetivo\" value=\"Vestibulares\" \/>\n\t\t<input type=\"hidden\" id=\"Estado_de_Origem_do_IP\" name=\"Estado_de_Origem_do_IP\"  value=\"\" \/>\n\t\t<input type=\"hidden\" id=\"Cidade_de_Origem_do_IP\" name=\"Cidade_de_Origem_do_IP\" value=\"\" \/>\n\t\t<input type=\"hidden\" id=\"Modo_de_entrada\" name=\"Modo_de_entrada\" value=\"Portal\" \/>\n\t\t<input type=\"hidden\" id=\"Pagina_Origem\" name=\"Pagina_Origem\" value=\"\" \/>\n\n\t\t<div class=\"texto\">\n\t\t\t<h3 class=\"news\">Inscreva-se em nossa newsletter\ud83e\udd89<\/h3>\n\t\t\t<p>Receba dicas de estudo gratuitas e saiba em primeira m\u00e3o as novidades sobre o Enem, Sisu, Encceja, Fuvest e outros vestibulares!<\/p>\n\t\t<\/div>\n\t\t<div class=\"campos\">\n\t\t\t<div class=\"first_name labels\">\n\t\t\t\t<input type=\"text\" class=\"input_labels\" id=\"first_name\" name=\"Nome_Completo\" placeholder=\"Nome\" required \/>\n\t\t\t<\/div>\n\t\t\t<div class=\"email labels\">\n\t\t\t\t<input type=\"email\" class=\"input_labels\" id=\"email\" name=\"Email\" placeholder=\"E-mail\" required \/>\n\t\t\t<\/div>\n\t\t\t<button type=\"submit\" class=\"button_layout\">\n\t\t\t\t<div id=\"lblBotao\">Inscreva-se<\/div>\n\t\t\t\t<span id=\"divSpiner\" class=\"loader\" role=\"status\" style=\"display: none;\"><\/span>\t\n\t\t\t<\/button>\n\t\t<\/div><!-- \/campos -->\n\t\t\n\t\t<label class=\"container_checkbox\">Voc\u00ea concorda com a nossa\n\t\t\t<a class=\"politics_privacy_ahref\" target=\"_blank\" href=\"https:\/\/gratis.estrategiaconcursos.com.br\/politica-de-privacidade\/\">Pol\u00edtica de Privacidade<\/a> e aceita receber informa\u00e7\u00f5es adicionais do Estrat\u00e9gia Educacional.\n\t\t\t<input id=\"checkbox_layout\" type=\"checkbox\" checked=\"checked\" required \/>\n\t\t\t<span class=\"checkbox\"><\/span>\n\t\t<\/label>\n\t\t<div id=\"msg\"><\/div>\n\t\t<div id=\"error\" class=\"error\">\n\t\t<\/div>\n\t<\/form>\n<\/div><!-- \/new-form -->\n\n\n\n<\/p><h2 class=\"wp-block-heading\" id=\"h-ufpr-2020\"><span class=\"ez-toc-section\" id=\"UFPR-2020\"><\/span>UFPR (2020)<span class=\"ez-toc-section-end\"><\/span><\/h2><p>Ao mesmo tempo em que narram fatos, os narradores de Casa de Pens&atilde;o e Clara dos Anjos tamb&eacute;m assumem postura intrusa e opinativa: eles interrompem a narra&ccedil;&atilde;o de acontecimentos e inserem seus coment&aacute;rios e opini&otilde;es, apresentando an&aacute;lises sociol&oacute;gicas ou psicol&oacute;gicas de acontecimentos, ambientes e personagens. Nas alternativas abaixo, foram transcritos trechos dos dois romances. Assinale a alternativa em que se observa tal atitude intrusa e opinativa do narrador no romance de Alu&iacute;sio Azevedo.<\/p><p><strong>A <\/strong>&ldquo;Por outro lado, as mulatas folgavam em t&ecirc;-lo perto de si, achavam-no vivo e atilado, provocavam-lhe ditos de gra&ccedil;a, mexiam com ele, faziam-lhe perguntas maliciosas, s&oacute; para &lsquo;ver o que o dem&ocirc;nio do menino respondia&rsquo;. E logo que Am&acirc;ncio dava a r&eacute;plica, piscando os olhos e mostrando a ponta da l&iacute;ngua, ca&iacute;am todas num ataque de riso, a olharem umas para as outras com inten&ccedil;&atilde;o&rdquo;.<br><strong>B <\/strong>&ldquo;Muita vez chorou de ternura, mas sempre &agrave;s escondidas; muita vez sentiu o cora&ccedil;&atilde;o saltar para o filho, mas sempre se conteve, receoso de cair no rid&iacute;culo.\/ E n&atilde;o se lembrava, o imprudente, de que o amor de pai &eacute; bem ao contr&aacute;rio do amor de filho; n&atilde;o se lembrava de que aquele nasce e subsiste por si e que este precisa ser criado; que aquele &eacute; um princ&iacute;pio e que este &eacute; uma consequ&ecirc;ncia; que um vem de dentro para fora e que o outro vem de fora para dentro&rdquo;.<br><strong>C <\/strong>&ldquo;O seu ideal na vida n&atilde;o era adquirir uma personalidade, n&atilde;o era ser ela, mesmo ao lado do pai ou do futuro marido. Era constituir fun&ccedil;&atilde;o do pai, enquanto solteira, e do marido, quando casada. N&atilde;o imaginava as cat&aacute;strofes imprevistas da vida, que nos empurram, &agrave;s vezes, para onde nunca sonhamos ter de parar. N&atilde;o via que, adquirida uma pequena profiss&atilde;o honesta e digna do seu sexo, auxiliaria seus pais e seu marido, quando casada fosse&rdquo;.<br><strong>D <\/strong>&ldquo;A casa da fam&iacute;lia do famoso violeiro n&atilde;o ficava nas ruas fronteiras &agrave; gare da Central; mas, numa transversal, cuidada, limpa e cal&ccedil;ada a paralelep&iacute;pedos. Nos sub&uacute;rbios, h&aacute; disso: ao lado de uma rua, quase oculta em seu cerrado matagal, topa-se uma catita, de ar urbano inteiramente. Indaga-se por que tal via p&uacute;blica mereceu tantos cuidados da edilidade, e os histori&oacute;grafos locais explicam: &eacute; porque nela, h&aacute; anos, morou o deputado tal ou o ministro sicrano ou o intendente fulano&rdquo;.<br><strong>E <\/strong>&ldquo;O provinciano, muito desvigorizado com a mol&eacute;stia, sentia perfeitamente que os l&uacute;bricos impulsos, que dantes lhe inspirava a graciosa rapariga, iam-se agora destecendo e dissipando &agrave; luz de um novo sentimento de gratid&atilde;o e respeito. A primitiva Am&eacute;lia desaparecia aos poucos, para dar lugar &agrave;quela extremosa crian&ccedil;a, &agrave;quela irm&atilde;zinha vener&aacute;vel, que lhe enchia o quarto com o frescor bals&acirc;mico de sua virgindade e rociava-lhe o cora&ccedil;&atilde;o com a tr&ecirc;fega mimalhice de sua ternura&rdquo;.<\/p><details class=\"wp-block-details is-layout-flow wp-block-details-is-layout-flow\"><summary><strong>Resposta:<\/strong><\/summary>\n<p><strong>Alternativa A: incorreta.<\/strong> O trecho &eacute; do romance Casa de Pens&atilde;o, mas aqui temos a figura do narrador onisciente que apenas apresenta os fatos narrados sem emitir opini&atilde;o.<\/p>\n\n\n\n<p><strong>Alternativa B: correta.<\/strong> O narrador emite sua opini&atilde;o em rela&ccedil;&atilde;o ao comportamento de Vasconcelos, pai de Am&acirc;ncio, expondo as consequ&ecirc;ncias das omiss&otilde;es paternas: &ldquo;E n&atilde;o se lembrava, o imprudente, de que o amor de pai &eacute; bem ao contr&aacute;rio do amor de filho&rdquo;.<\/p>\n\n\n\n<p><strong>Alternativa C: incorreta.<\/strong> Esse trecho, que apresenta uma opini&atilde;o do narrador, est&aacute; no romance de Lima Barreto, Clara dos Anjos.<\/p>\n\n\n\n<p><strong>Alternativa D: incorreta.<\/strong> Neste trecho, o narrador de Clara dos Anjos apenas descreve um espa&ccedil;o urbano que integra o cen&aacute;rio do romance.<\/p>\n\n\n\n<p><strong>Alternativa E: incorreta.<\/strong> Neste trecho de Casa de Pens&atilde;o, o narrador onisciente externa os impulsos que dominam os personagens.<\/p>\n\n\n\n<p>Alternativa correta: <strong>B<\/strong><\/p>\n<\/details><h2 class=\"wp-block-heading\" id=\"h-ufu-2015\"><span class=\"ez-toc-section\" id=\"UFU-2015\"><\/span>UFU (2015)<span class=\"ez-toc-section-end\"><\/span><\/h2><p>&#8213;Mam&atilde;e, Mam&atilde;e!<br>&#8213;Que &eacute; minha filha?<br>&#8213;N&oacute;s n&atilde;o somos nada nesta vida.<\/p><p>Todos os Santos -Rio de Janeiro-Dezembro de 1921-janeiro de 1922.<\/p><p><em>BARRETO, Lima. Clara dos Anjos. Tecnoprint\/Ediouro, s\/d. p. 77.<\/em><\/p><p>De acordo com o trecho acima, assinale a <strong>alternativa correta<\/strong>.<\/p><p><strong>A <\/strong>O di&aacute;logo entre dona Engr&aacute;cia e sua filha Clara simboliza de forma aleg&oacute;rica a desumaniza&ccedil;&atilde;o da mulher negra e pobre, numa sociedade regida por D. Pedro I, mas manipulada por uma elite branca preconceituosa.<br><strong>B <\/strong>Este pequeno di&aacute;logo pode ser considerado uma met&aacute;fora de uma classe social t&iacute;pica da Primeira Rep&uacute;blica: indiv&iacute;duos escravos, sem perspectiva de ascens&atilde;o econ&ocirc;mica, os quais lutavam pela assinatura da Lei &Aacute;urea.<br><strong>C <\/strong>O di&aacute;logo entre Clara e sua m&atilde;e, Engr&aacute;cia, que aparece ao final do romance Clara dos Anjos, publicado em plena Monarquia, simboliza a falta de perspectiva da mulher negra, analfabeta e pobre.<br><strong>D <\/strong>Este pequeno di&aacute;logo, que fecha o final do romance Clara dos Anjos, pode ser considerado uma met&aacute;fora do sofrimento de uma classe social que, mesmo com a assinatura da Lei &Aacute;urea, continuava estigmatizada etnicamente.<\/p><details class=\"wp-block-details is-layout-flow wp-block-details-is-layout-flow\"><summary><strong>Resposta:<\/strong><\/summary>\n<p>Alternativa correta: <strong>D<\/strong><\/p>\n<\/details><h2 class=\"wp-block-heading\" id=\"h-unicamp-2016-1&ordf;-fase\"><span class=\"ez-toc-section\" id=\"Unicamp-2016-1a-fase\"><\/span>Unicamp (2016) (1&ordf; fase)<span class=\"ez-toc-section-end\"><\/span><\/h2><p>Quanto ao conto Negrinha, de Monteiro Lobato, &eacute; correto afirmar que:<\/p><p><strong>A <\/strong>O narrador adere &agrave; perspectiva de dona In&aacute;cia, fazendo com que o leitor enxergue a hist&oacute;ria guiado pela &oacute;tica dessa personagem e se torne c&uacute;mplice dos valores &eacute;ticos apresentados no conto.<br><strong>B <\/strong>O modo como o narrador caracteriza o contexto hist&oacute;rico no conto permite concluir que Negrinha &eacute; escrava de dona In&aacute;cia e, portanto, est&aacute; fadada a uma vida de humilha&ccedil;&otilde;es.<br><strong>C <\/strong>A maneira como o narrador comenta as caracter&iacute;sticas atribu&iacute;das &agrave;s personagens contrasta com as falas e as a&ccedil;&otilde;es realizadas por elas, o que caracteriza um modo ir&ocirc;nico de apresenta&ccedil;&atilde;o.&nbsp;<br><strong>D <\/strong>O narrador apresenta as falas e pensamentos das personagens de modo objetivo; assim, o leitor fica dispensado de elaborar um ju&iacute;zo cr&iacute;tico sobre as rela&ccedil;&otilde;es de poder entre as personagens.<\/p><details class=\"wp-block-details is-layout-flow wp-block-details-is-layout-flow\"><summary><br><strong>Resposta:<\/strong><\/summary>\n<p><strong>A &ndash; incorreta.<\/strong> Pelo contr&aacute;rio, por meio de ironias denuncia seu falso moralismo.<\/p>\n\n\n\n<p><strong>B &ndash; incorreta.<\/strong> N&atilde;o h&aacute; dados suficientes para se afirmar isso.<\/p>\n\n\n\n<p><strong>C &ndash; correta &ndash; gabarito.<\/strong> Em diversos momentos da narrativa, o leitor percebe a ironia do narrador ao comentar as caracter&iacute;sticas das personagens. D. In&aacute;cia, por exemplo, &eacute; considerada pessoa de boa f&eacute;e bondosa, embora aplique castigos cru&eacute;is e injustos a uma crian&ccedil;a, apenas para aliviar-se do mau humor.<\/p>\n\n\n\n<p><strong>D &ndash; incorreta. <\/strong>N&atilde;o &eacute; objetivo, porque n&atilde;o &eacute; parcial. H&aacute; subjetividade no uso da ironia.<\/p>\n\n\n\n<p>Alternativa correta: <strong>C<\/strong><\/p>\n<\/details><h2 class=\"wp-block-heading\" id=\"h-ueg-2012\"><span class=\"ez-toc-section\" id=\"UEG-2012\"><\/span>UEG (2012)<span class=\"ez-toc-section-end\"><\/span><\/h2><p>Leia o fragmento a seguir.<\/p><p>ABELARDO I &ndash; Por que n&atilde;o? O p&acirc;nico do caf&eacute;. Com dinheiro ingl&ecirc;s comprei caf&eacute; na porta das fazendas desesperadas. De posse de segredos governamentais, joguei duro e certo no caf&eacute;-papel! Amontoei ru&iacute;nas de um lado e ouro do outro! Mas h&aacute; o trabalho construtivo, a ind&uacute;stria&hellip;<\/p><p><em>ANDRADE, Oswald de. O rei da vela. Rio de Janeiro: Mediafashion, 2008. p. 35&nbsp;<\/em><\/p><p>Considerando-se a pe&ccedil;a e seu contexto hist&oacute;rico, a personagem Abelardo I<\/p><p><strong>A <\/strong>converteu todo o seu capital em ouro.<br><strong>B <\/strong>n&atilde;o foi prejudicada pela Crise de 1929.<br><strong>C <\/strong>perdeu dinheiro durante o Encilhamento.<br><strong>D <\/strong>n&atilde;o recorreu ao aux&iacute;lio de capital estrangeiro.<\/p><details class=\"wp-block-details is-layout-flow wp-block-details-is-layout-flow\"><summary><strong>Resposta:<\/strong><\/summary>\n<p>Alternativa correta: <strong>B<\/strong><\/p>\n<\/details><p>\n\n\n\n<div class=\"estrategia-catalog\"><p>Categoria \"Quest&otilde;es\" n\u00e3o encontrada no cat\u00e1logo.<\/p><\/div>\n\n\n\n<\/p><h2 class=\"wp-block-heading\" id=\"h-unitins-2021\"><span class=\"ez-toc-section\" id=\"Unitins-2021\"><\/span>Unitins (2021)<span class=\"ez-toc-section-end\"><\/span><\/h2><p>Sobre a vida e as obras de Lima Barreto, pode-se afirmar que:<\/p><p><strong>I &ndash; <\/strong>Sua principal obra, Triste Fim de Policarpo Quaresma, tem cunho social e influenciou fortemente os romancistas da terceira gera&ccedil;&atilde;o modernista.<br><strong>II &ndash; <\/strong>As obras de Lima Barreto s&atilde;o realistas e t&ecirc;m uma vis&atilde;o cr&iacute;tica da sociedade brasileira. O escritor usa a ironia, n&atilde;o s&oacute; a tem&aacute;tica nacionalista, como tamb&eacute;m discute as diferen&ccedil;as sociais e a quest&atilde;o do preconceito racial.<br><strong>III &ndash; <\/strong>A obra Triste Fim de Policarpo Quaresma foi publicada, inicialmente, em folhetins, em 1911. E, no formato impresso, foi lan&ccedil;ada apenas em 1915.<br><strong>IV &ndash; <\/strong>O autor era negro e pobre, mas tinha um padrinho com posses que lhe permitiu estudar no Col&eacute;gio Pedro II e depois ingressar na escola Polit&eacute;cnica. N&atilde;o concluiu o curso de Engenharia, mas foi aprovado em um concurso p&uacute;blico.<\/p><p>Com base na an&aacute;lise das afirma&ccedil;&otilde;es anteriores, conclui-se que:<\/p><p><strong>A <\/strong>Apenas II est&aacute; correta.<br><strong>B <\/strong>Est&atilde;o corretas I, II e III.<br><strong>C <\/strong>Apenas I e II est&atilde;o corretas.<br><strong>D <\/strong>Apenas III est&aacute; correta.<br><strong>E <\/strong>Apenas II, III e IV est&atilde;o corretas.<\/p><details class=\"wp-block-details is-layout-flow wp-block-details-is-layout-flow\"><summary><strong>Resposta:<\/strong><\/summary>\n<p>Alternativa correta: <strong>E<\/strong><\/p>\n<\/details><h2 class=\"wp-block-heading\" id=\"h-enem-2016\"><span class=\"ez-toc-section\" id=\"Enem-2016\"><\/span>Enem (2016)<span class=\"ez-toc-section-end\"><\/span><\/h2><p><strong>TEXTO I<\/strong><\/p><p>Embora eles, artistas modernos, se deem como novos precursores duma arte a ir, nada &eacute; mais velho que a arte anormal. De h&aacute; muitos j&aacute; que a estudam os psiquiatras em seus tratados, documentando-se nos in&uacute;meros desenhos que ornam as paredes internas dos manic&ocirc;mios. Essas considera&ccedil;&otilde;es s&atilde;o provocadas pela exposi&ccedil;&atilde;o da Sra. Malfatti. Sejam sinceros: futurismo, cubismo, impressionismo e tutti quanti n&atilde;o passam de outros tantos ramos da arte caricatural.<\/p><p><em>LOBATO, M. Paranoia ou mistifica&ccedil;&atilde;o: a prop&oacute;sito da exposi&ccedil;&atilde;o de Anita Malfatti. O Estado de S&atilde;o Paulo, 20 dez.1917 (adaptado).<\/em><\/p><p><strong>TEXTO II<\/strong><\/p><p>Anita Malfatti, possuidora de uma alta consci&ecirc;ncia do que faz, a vibrante artista n&atilde;o temeu levantar com os seus cinquenta trabalhos as mais irritadas opini&otilde;es e as mais contrariantes hostilidades. As suas telas chocam o preconceito fotogr&aacute;fico que geralmente se leva no esp&iacute;rito para as nossas exposi&ccedil;&otilde;es de pintura. Na arte, a realidade na ilus&atilde;o &eacute; o que todos procuram. E os naturalistas mais perfeitos s&atilde;o os que melhor conseguem iludir.<\/p><p><em>ANDRADE, O. A exposi&ccedil;&atilde;o Anita Malfatti. Jornal do Commercio, 11 jan. 1918 (adaptado).<\/em><\/p><p><strong>TEXTO III<\/strong><\/p><figure class=\"wp-block-image size-full\"><img decoding=\"async\" width=\"335\" height=\"400\" src=\"https:\/\/vestibulares.estrategia.com\/portal\/wp-content\/uploads\/2025\/09\/image-31.png\" alt=\"\" class=\"wp-image-145504\"><\/figure><p><em>MALFATTI, A. O homem amarelo, 1915-1916. &Oacute;leo sobre tela, 61 x 51 cm. Dispon&iacute;vel em: www.estadao.com.br. Acesso em: 28 fev. 2013.<\/em><\/p><p>A an&aacute;lise dos documentos apresentados demonstra que o cen&aacute;rio art&iacute;stico brasileiro no primeiro quartel do s&eacute;culo XX era caracterizado pelo(a)<\/p><p><strong>A <\/strong>dom&iacute;nio do academicismo, que dificultava a recep&ccedil;&atilde;o da vertente realista na obra de Anita Malfatti.&nbsp;&nbsp;<br><strong>B <\/strong>disson&acirc;ncia entre as vertentes art&iacute;sticas, que divergiam sobre a validade do modelo est&eacute;tico europeu.&nbsp;&nbsp;<br><strong>C <\/strong>exalta&ccedil;&atilde;o da beleza e da rigidez da forma, que justificavam a adapta&ccedil;&atilde;o da est&eacute;tica europeia &agrave; realidade brasileira.&nbsp;&nbsp;<br><strong>D <\/strong>impacto de novas linguagens est&eacute;ticas, que alteravam o conceito de arte e abasteciam a busca por uma produ&ccedil;&atilde;o art&iacute;stica nacional.&nbsp;&nbsp;<br><strong>E <\/strong>influ&ecirc;ncia dos movimentos art&iacute;sticos europeus de vanguarda, que levava os modernistas a copiarem suas t&eacute;cnicas e tem&aacute;ticas.<\/p><details class=\"wp-block-details is-layout-flow wp-block-details-is-layout-flow\"><summary><strong>Resposta:<\/strong><\/summary>\n<p><strong>Alternativa A: incorreta. <\/strong>O Modernismo negava o academicismo. A obra de Anita Malfatti j&aacute; tende a abandonar a vertente realista.<\/p>\n\n\n\n<p><strong>Alternativa B: incorreta.<\/strong> O academicismo se apropriava de valores europeus e os modernistas tamb&eacute;m estavam espelhando seu expressionismo no exterior. A diferen&ccedil;a &eacute; que o Modernismo costumava ser mais cr&iacute;tico a essa apropria&ccedil;&atilde;o.<\/p>\n\n\n\n<p><strong>Alternativa C: incorreta.<\/strong> N&atilde;o h&aacute; uma rigidez da forma na obra de arte representada, nem exalta&ccedil;&atilde;o da beleza.<\/p>\n\n\n\n<p><strong>Alternativa D: correta &ndash; gabarito.<\/strong> Monteiro Lobato n&atilde;o &eacute; muito f&atilde; da obra de Anita Malfatti, qualificando a sua obra como se tivesse sido feita em manic&ocirc;mio. Ou seja, houve rejei&ccedil;&atilde;o de parte da comunidade art&iacute;stica em rela&ccedil;&atilde;o &agrave; sua obra. O Modernismo &eacute; um movimento que vai defender a produ&ccedil;&atilde;o de uma arte genuinamente brasileira, e, nesse processo h&aacute; apropria&ccedil;&atilde;o de elementos est&eacute;ticos, mas buscando valorizar as caracter&iacute;sticas nacionais.<\/p>\n\n\n\n<p><strong>Alternativa E: incorreta.<\/strong> N&atilde;o &eacute; uma mera c&oacute;pia, mas sim apropria&ccedil;&atilde;o\/mescla cultural. Trata-se do conceito de antropofagia.<\/p>\n\n\n\n<p>Alternativa correta: <strong>D<\/strong><\/p>\n<\/details><h2 class=\"wp-block-heading\" id=\"h-ufrgs-2018\"><span class=\"ez-toc-section\" id=\"UFRGS-2018\"><\/span>UFRGS (2018)<span class=\"ez-toc-section-end\"><\/span><\/h2><p>Leia o trecho da cr&ocirc;nica O vestu&aacute;rio feminino, de J&uacute;lia Lopes de Almeida (1862-1934).<\/p><p>&Eacute; uma esquisitice muito comum entre senhoras intelectuais, envergarem palet&oacute;, colete e colarinho de homem, ao apresentarem-se em p&uacute;blico, procurando confundir-se, no aspecto f&iacute;sico, com os homens, como se lhes n&atilde;o bastassem as aproxima&ccedil;&otilde;es igualit&aacute;rias do esp&iacute;rito.<\/p><p>Esse desd&eacute;m da mulher pela mulher faz pensar que: ou as doutoras julgam, como os homens, que a mentalidade da mulher &eacute; inferior, e que, sendo elas exce&ccedil;&atilde;o da grande regra, pertencem mais ao sexo forte, do que do nosso, frag&iacute;limo; ou que isso revela apenas pretens&atilde;o de despretens&atilde;o. Seja o que for, nem a moral nem a est&eacute;tica ganham nada com isso. Ao contr&aacute;rio; se uma mulher triunfa da m&aacute; vontade dos homens e das leis, dos preconceitos do meio e da ra&ccedil;a, todas as vezes que for chamada ao seu posto de trabalho, com tanta dor, tanta esperan&ccedil;a, e tanto susto adquirido, deve ufanar-se em apresentar-se como mulher. Seria isso um desafio? N&atilde;o; natural&iacute;ssimo pareceria a toda a gente que uma mulher se apresentasse em p&uacute;blico como todas as outras. [&hellip;]\n\n\n\n<\/p><p>Os colarinhos engomados, as camisas de peito chato, d&atilde;o &agrave;s mulheres uma linha pouco sinuosa, e contrafeita, porque &eacute; disfar&ccedil;ada. [&hellip;] Nas cidades, sobre o asfalto das ruas ou o saibro das alamedas, n&atilde;o sabe a gente verdadeiramente para que raz&atilde;o apelar, quando v&ecirc;, cingidas a corpos femininos, essas toilettes h&iacute;bridas, compostas de saias de mulher, coletes e palet&oacute;s de homem&hellip; Nem tampouco &eacute; f&aacute;cil de perceber o motivo por que, em vez da fita macia, preferem essas senhoras especar o pesco&ccedil;o num colarinho lustrado a ferro, e duro como um papel&atilde;o!<\/p><p>Considere as seguintes afirma&ccedil;&otilde;es sobre o trecho.<\/p><p><strong>I. &ndash;<\/strong> A cr&ocirc;nica, publicada em 1906, registra as exig&ecirc;ncias que uma sociedade patriarcal imp&otilde;e a mulheres que circulam no &acirc;mbito p&uacute;blico.<br><strong>II. &ndash; <\/strong>A cr&ocirc;nica apresenta um chamado para que mulheres de atua&ccedil;&atilde;o p&uacute;blica &ndash; espa&ccedil;o majoritariamente masculino &ndash; mantenham caracter&iacute;sticas convencionadas como femininas, em especial no vestu&aacute;rio.<br><strong>III &ndash; <\/strong>A autora, ao falar do vestu&aacute;rio feminino, est&aacute; tratando tamb&eacute;m de meio, ra&ccedil;a e g&ecirc;nero, temas estruturantes do debate liter&aacute;rio no final do s&eacute;culo XIX, in&iacute;cio do XX.&nbsp;<\/p><p>Quais est&atilde;o corretas?<\/p><p><strong>A <\/strong>Apenas II.<br><strong>B <\/strong>Apenas III.<br><strong>C <\/strong>Apenas I e II.<br><strong>D <\/strong>Apenas I e III.<br><strong>E <\/strong>I, II e III.<\/p><details class=\"wp-block-details is-layout-flow wp-block-details-is-layout-flow\"><summary><strong>Resposta:<\/strong>&nbsp;<\/summary>\n<p>Alternativa correta: <strong>E<\/strong><\/p>\n\n\n\n<p><\/p>\n<\/details><figure class=\"wp-block-embed is-type-video is-provider-youtube wp-block-embed-youtube wp-embed-aspect-16-9 wp-has-aspect-ratio\"><div class=\"wp-block-embed__wrapper\">\n<div class=\"cs-embed cs-embed-responsive\"><iframe title=\"Parnasianismo, Simbolismo e Pr&eacute;-Modernismo - Literatura -  Prof. Luana Signorelli\" width=\"1200\" height=\"675\" src=\"https:\/\/www.youtube.com\/embed\/IdeAD1GI19g?feature=oembed\" frameborder=\"0\" allow=\"accelerometer; autoplay; clipboard-write; encrypted-media; gyroscope; picture-in-picture; web-share\" referrerpolicy=\"strict-origin-when-cross-origin\" allowfullscreen><\/iframe><\/div>\n<\/div><\/figure><h2 class=\"wp-block-heading\" id=\"h-veja-mais-sobre-questoes\"><span class=\"ez-toc-section\" id=\"Veja-mais-sobre-questoes\"><\/span>Veja mais sobre quest&otilde;es<span class=\"ez-toc-section-end\"><\/span><\/h2><ul class=\"wp-block-list\">\n<li><a href=\"https:\/\/vestibulares.estrategia.com\/portal\/atualidades-e-dicas\/7-questoes-sobre-mudancas-climaticas-que-ja-cairam-nos-vestibulares-e-no-enem\/\">7 quest&otilde;es sobre mudan&ccedil;as clim&aacute;ticas que j&aacute; ca&iacute;ram nos vestibulares e no Enem<\/a><\/li>\n\n\n\n<li><a href=\"https:\/\/vestibulares.estrategia.com\/portal\/enem-e-vestibulares\/7-questoes-sobre-arte-contemporanea-que-ja-cairam-no-enem-e-vestibulares\/\">7 quest&otilde;es sobre arte contempor&acirc;nea que j&aacute; ca&iacute;ram no Enem e vestibulares<\/a><\/li>\n\n\n\n<li><a href=\"https:\/\/vestibulares.estrategia.com\/portal\/enem-e-vestibulares\/7-questoes-sobre-o-periodo-regencial-que-cairam-no-enem-e-nos-vestibulares\/\">7 quest&otilde;es sobre o Per&iacute;odo Regencial que ca&iacute;ram no Enem e nos vestibulares<\/a><\/li>\n\n\n\n<li><a href=\"https:\/\/vestibulares.estrategia.com\/portal\/atualidades-e-dicas\/9-questoes-sobre-calorimetria-que-ja-cairam-nos-vestibulares-e-enem\/\">9 Quest&otilde;es sobre calorimetria que j&aacute; ca&iacute;ram nos vestibulares e Enem<\/a><\/li>\n\n\n\n<li><a href=\"https:\/\/vestibulares.estrategia.com\/portal\/atualidades-e-dicas\/5-questoes-sobre-probabilidade-que-ja-cairam-no-enem-e-vestibulares\/\">5 quest&otilde;es sobre probabilidade que j&aacute; ca&iacute;ram no Enem e vestibulares<\/a><\/li>\n\n\n\n<li><a href=\"https:\/\/vestibulares.estrategia.com\/portal\/enem-e-vestibulares\/7-questoes-sobre-hidrografia-que-ja-cairam-no-enem-e-vestibulares\/\">7 quest&otilde;es sobre hidrografia que j&aacute; ca&iacute;ram no Enem e vestibulares<\/a><\/li>\n\n\n\n<li><a href=\"https:\/\/vestibulares.estrategia.com\/portal\/atualidades-e-dicas\/9-questoes-sobre-ecologia-que-ja-cairam-nos-vestibulares-e-no-enem\/\" target=\"_blank\">9 quest&otilde;es sobre ecologia que j&aacute; ca&iacute;ram nos vestibulares e no Enem<\/a><\/li>\n\n\n\n<li><a href=\"https:\/\/vestibulares.estrategia.com\/portal\/atualidades-e-dicas\/questoes-sobre-citologia\/\" target=\"_blank\">13 quest&otilde;es sobre Citologia que j&aacute; ca&iacute;ram nos vestibulares e no Enem<\/a><\/li>\n\n\n\n<li><a href=\"https:\/\/vestibulares.estrategia.com\/portal\/atualidades-e-dicas\/questoes-sobre-virus-e-bacterias\/\" target=\"_blank\">11 quest&otilde;es sobre v&iacute;rus e bact&eacute;rias que j&aacute; ca&iacute;ram nos vestibulares<\/a><\/li>\n\n\n\n<li><a href=\"https:\/\/vestibulares.estrategia.com\/portal\/atualidades-e-dicas\/11-questoes-sobre-agricultura-e-agronegocio-que-ja-cairam-no-enem-e-em-vestibulares\/\" target=\"_blank\">11 quest&otilde;es sobre agricultura e agroneg&oacute;cio que j&aacute; ca&iacute;ram no Enem e em vestibulares<\/a><\/li>\n\n\n\n<li><a href=\"https:\/\/vestibulares.estrategia.com\/portal\/enem-e-vestibulares\/7-questoes-sobre-astronomia-que-ja-cairam-no-enem-e-vestibulares\/\">7 quest&otilde;es sobre astronomia que j&aacute; ca&iacute;ram no Enem e vestibulares<\/a><\/li>\n\n\n\n<li><a href=\"https:\/\/vestibulares.estrategia.com\/portal\/atualidades-e-dicas\/7-questoes-barroco-literatura\/\">7 quest&otilde;es sobre Barroco na Literatura que j&aacute; ca&iacute;ram nos vestibulares e no Enem<\/a><\/li>\n\n\n\n<li><a href=\"https:\/\/vestibulares.estrategia.com\/portal\/atualidades-e-dicas\/7-questoes-sobre-cartografia-que-ja-cairam-nos-vestibulares-e-no-enem\/\">7 Quest&otilde;es sobre cartografia que j&aacute; ca&iacute;ram nos vestibulares e no Enem<\/a><\/li>\n<\/ul><h2 class=\"wp-block-heading\" id=\"h-prepare-se-para-a-prova-com-o-estrategia-vestibulares-nbsp\"><span class=\"ez-toc-section\" id=\"Prepare-se-para-a-prova-com-o-Estrategia-Vestibulares\"><\/span>Prepare-se para a prova com o Estrat&eacute;gia Vestibulares&nbsp;<span class=\"ez-toc-section-end\"><\/span><\/h2><p>O Estrat&eacute;gia Vestibulares oferece diariamente aulas gratuitas no YouTube sobre todas as mat&eacute;rias que caem nos principais vestibulares do Brasil!&nbsp;<\/p><p>Al&eacute;m disso, para aqueles que querem investir nos estudos, a plataforma tamb&eacute;m oferece cursos preparat&oacute;rios focados em cada uma das bancas, com professores especialistas na prova e com diversos benef&iacute;cios. D&aacute; s&oacute; uma olhada:&nbsp;<\/p><ul class=\"wp-block-list\">\n<li>Curso com livros digitais;<\/li>\n\n\n\n<li>Corre&ccedil;&atilde;o ilimitada de&nbsp;<a href=\"https:\/\/vestibulares.estrategia.com\/portal\/enem-e-vestibulares\/vestibulares\/curso-de-redacao-para-o-vestibular-saiba-mais-detalhes-e-como-escolher-o-seu\/\" target=\"_blank\">reda&ccedil;&otilde;es<\/a>;<\/li>\n\n\n\n<li>F&oacute;rum de d&uacute;vidas;<\/li>\n\n\n\n<li><a href=\"https:\/\/vestibulares.estrategia.com\/portal\/eventos\/simulados-vestibulares\/\" target=\"_blank\">Simulados<\/a>&nbsp;com quest&otilde;es in&eacute;ditas;<\/li>\n\n\n\n<li>Quest&otilde;es comentadas;<\/li>\n\n\n\n<li>Mapas mentais; e<\/li>\n\n\n\n<li>Entre muitas outras vantagens.<\/li>\n<\/ul><p>Ficou interessado? Ent&atilde;o, clique no banner e veja tudo sobre os cursos oferecidos pelo Estrat&eacute;gia Vestibulares!<\/p><p>\n\n\n\n<a id=\"cta\" class=\"cta-imagem\" href=\"https:\/\/vestibulares.estrategia.com\/cursos\/\" target=\"blank\">\n                <img decoding=\"async\" width=\"100%\" src=\"https:\/\/vestibulares.estrategia.com\/portal\/wp-content\/uploads\/2021\/12\/EV1.jpg\" alt=\"CTA - Estrat\u00e9gia Vestibulares 1\" title=\"CTA - Estrat\u00e9gia Vestibulares 1\">\n        <\/a>\n\n\n<\/p><\/p>\n","protected":false},"excerpt":{"rendered":"O movimento, que surge no in\u00edcio do s\u00e9culo XX, atravessa momentos intensos na pol\u00edtica brasileira; confira suas caracter\u00edsticas e quest\u00f5es sobre o assunto\n","protected":false},"author":43,"featured_media":145505,"comment_status":"closed","ping_status":"closed","sticky":false,"template":"","format":"standard","meta":{"wl_entities_gutenberg":"","footnotes":""},"categories":[46],"tags":[],"wl_entity_type":[732],"class_list":{"0":"post-145503","1":"post","2":"type-post","3":"status-publish","4":"format-standard","5":"has-post-thumbnail","7":"category-atualidades-e-dicas","8":"wl_entity_type-article"},"acf":[],"yoast_head":"<!-- This site is optimized with the Yoast SEO Premium plugin v25.9 (Yoast SEO v25.9) - https:\/\/yoast.com\/wordpress\/plugins\/seo\/ -->\n<title>9 quest\u00f5es sobre o pr\u00e9-modernismo que j\u00e1 ca\u00edram no Enem e vestibulares<\/title>\n<meta name=\"description\" content=\"Confira algumas quest\u00f5es sobre o pr\u00e9-modernismo utilizadas no Enem e nos vestibulares e entenda como o tema aparece nas provas brasileiras.\" \/>\n<meta name=\"robots\" content=\"index, follow, max-snippet:-1, max-image-preview:large, max-video-preview:-1\" \/>\n<link rel=\"canonical\" href=\"https:\/\/vestibulares.estrategia.com\/portal\/atualidades-e-dicas\/9-questoes-sobre-o-pre-modernismo-que-ja-cairam-no-enem-e-vestibulares\/\" \/>\n<meta property=\"og:locale\" content=\"pt_BR\" \/>\n<meta property=\"og:type\" content=\"article\" \/>\n<meta property=\"og:title\" content=\"9 quest\u00f5es sobre o pr\u00e9-modernismo que j\u00e1 ca\u00edram no Enem e vestibulares\" \/>\n<meta property=\"og:description\" content=\"Confira algumas quest\u00f5es sobre o pr\u00e9-modernismo utilizadas no Enem e nos vestibulares e entenda como o tema aparece nas provas brasileiras.\" \/>\n<meta property=\"og:url\" content=\"https:\/\/vestibulares.estrategia.com\/portal\/atualidades-e-dicas\/9-questoes-sobre-o-pre-modernismo-que-ja-cairam-no-enem-e-vestibulares\/\" \/>\n<meta property=\"og:site_name\" content=\"Estrat\u00e9gia Vestibulares\" \/>\n<meta property=\"article:publisher\" content=\"https:\/\/facebook.com\/estrategiavestibulares\" \/>\n<meta property=\"article:published_time\" content=\"2025-09-23T20:17:12+00:00\" \/>\n<meta property=\"article:modified_time\" content=\"2025-09-23T20:17:17+00:00\" \/>\n<meta property=\"og:image\" content=\"https:\/\/vestibulares.estrategia.com\/portal\/wp-content\/uploads\/2025\/09\/shutterstock_1499856497-1-1.jpg\" \/>\n\t<meta property=\"og:image:width\" content=\"1280\" \/>\n\t<meta property=\"og:image:height\" content=\"939\" \/>\n\t<meta property=\"og:image:type\" content=\"image\/jpeg\" \/>\n<meta name=\"author\" content=\"Leonardo Del Sant\" \/>\n<meta name=\"twitter:card\" content=\"summary_large_image\" \/>\n<meta name=\"twitter:creator\" content=\"@Estrategiavest\" \/>\n<meta name=\"twitter:site\" content=\"@Estrategiavest\" \/>\n<meta name=\"twitter:label1\" content=\"Escrito por\" \/>\n\t<meta name=\"twitter:data1\" content=\"Leonardo Del Sant\" \/>\n\t<meta name=\"twitter:label2\" content=\"Est. tempo de leitura\" \/>\n\t<meta name=\"twitter:data2\" content=\"18 minutos\" \/>\n<script type=\"application\/ld+json\" class=\"yoast-schema-graph\">{\"@context\":\"https:\/\/schema.org\",\"@graph\":[{\"@type\":\"Article\",\"@id\":\"https:\/\/vestibulares.estrategia.com\/portal\/atualidades-e-dicas\/9-questoes-sobre-o-pre-modernismo-que-ja-cairam-no-enem-e-vestibulares\/#article\",\"isPartOf\":{\"@id\":\"https:\/\/vestibulares.estrategia.com\/portal\/atualidades-e-dicas\/9-questoes-sobre-o-pre-modernismo-que-ja-cairam-no-enem-e-vestibulares\/\"},\"author\":{\"name\":\"Leonardo Del Sant\",\"@id\":\"https:\/\/vestibulares.estrategia.com\/portal\/#\/schema\/person\/95532619fccae669187ec84703047908\"},\"headline\":\"9 quest\u00f5es sobre o pr\u00e9-modernismo que j\u00e1 ca\u00edram no Enem e vestibulares\",\"datePublished\":\"2025-09-23T20:17:12+00:00\",\"dateModified\":\"2025-09-23T20:17:17+00:00\",\"mainEntityOfPage\":{\"@id\":\"https:\/\/vestibulares.estrategia.com\/portal\/atualidades-e-dicas\/9-questoes-sobre-o-pre-modernismo-que-ja-cairam-no-enem-e-vestibulares\/\"},\"wordCount\":3701,\"publisher\":{\"@id\":\"https:\/\/vestibulares.estrategia.com\/portal\/#organization\"},\"image\":{\"@id\":\"https:\/\/vestibulares.estrategia.com\/portal\/atualidades-e-dicas\/9-questoes-sobre-o-pre-modernismo-que-ja-cairam-no-enem-e-vestibulares\/#primaryimage\"},\"thumbnailUrl\":\"https:\/\/vestibulares.estrategia.com\/portal\/wp-content\/uploads\/2025\/09\/shutterstock_1499856497-1-1.jpg\",\"articleSection\":[\"Atualidades e Dicas\"],\"inLanguage\":\"pt-BR\"},{\"@type\":\"WebPage\",\"@id\":\"https:\/\/vestibulares.estrategia.com\/portal\/atualidades-e-dicas\/9-questoes-sobre-o-pre-modernismo-que-ja-cairam-no-enem-e-vestibulares\/\",\"url\":\"https:\/\/vestibulares.estrategia.com\/portal\/atualidades-e-dicas\/9-questoes-sobre-o-pre-modernismo-que-ja-cairam-no-enem-e-vestibulares\/\",\"name\":\"9 quest\u00f5es sobre o pr\u00e9-modernismo que j\u00e1 ca\u00edram no Enem e vestibulares\",\"isPartOf\":{\"@id\":\"https:\/\/vestibulares.estrategia.com\/portal\/#website\"},\"primaryImageOfPage\":{\"@id\":\"https:\/\/vestibulares.estrategia.com\/portal\/atualidades-e-dicas\/9-questoes-sobre-o-pre-modernismo-que-ja-cairam-no-enem-e-vestibulares\/#primaryimage\"},\"image\":{\"@id\":\"https:\/\/vestibulares.estrategia.com\/portal\/atualidades-e-dicas\/9-questoes-sobre-o-pre-modernismo-que-ja-cairam-no-enem-e-vestibulares\/#primaryimage\"},\"thumbnailUrl\":\"https:\/\/vestibulares.estrategia.com\/portal\/wp-content\/uploads\/2025\/09\/shutterstock_1499856497-1-1.jpg\",\"datePublished\":\"2025-09-23T20:17:12+00:00\",\"dateModified\":\"2025-09-23T20:17:17+00:00\",\"description\":\"Confira algumas quest\u00f5es sobre o pr\u00e9-modernismo utilizadas no Enem e nos vestibulares e entenda como o tema aparece nas provas brasileiras.\",\"breadcrumb\":{\"@id\":\"https:\/\/vestibulares.estrategia.com\/portal\/atualidades-e-dicas\/9-questoes-sobre-o-pre-modernismo-que-ja-cairam-no-enem-e-vestibulares\/#breadcrumb\"},\"inLanguage\":\"pt-BR\",\"potentialAction\":[{\"@type\":\"ReadAction\",\"target\":[\"https:\/\/vestibulares.estrategia.com\/portal\/atualidades-e-dicas\/9-questoes-sobre-o-pre-modernismo-que-ja-cairam-no-enem-e-vestibulares\/\"]}]},{\"@type\":\"ImageObject\",\"inLanguage\":\"pt-BR\",\"@id\":\"https:\/\/vestibulares.estrategia.com\/portal\/atualidades-e-dicas\/9-questoes-sobre-o-pre-modernismo-que-ja-cairam-no-enem-e-vestibulares\/#primaryimage\",\"url\":\"https:\/\/vestibulares.estrategia.com\/portal\/wp-content\/uploads\/2025\/09\/shutterstock_1499856497-1-1.jpg\",\"contentUrl\":\"https:\/\/vestibulares.estrategia.com\/portal\/wp-content\/uploads\/2025\/09\/shutterstock_1499856497-1-1.jpg\",\"width\":1280,\"height\":939,\"caption\":\"quest\u00f5es-sobre-pr\u00e9-modernismo-enem-vestibulares\"},{\"@type\":\"BreadcrumbList\",\"@id\":\"https:\/\/vestibulares.estrategia.com\/portal\/atualidades-e-dicas\/9-questoes-sobre-o-pre-modernismo-que-ja-cairam-no-enem-e-vestibulares\/#breadcrumb\",\"itemListElement\":[{\"@type\":\"ListItem\",\"position\":1,\"name\":\"Home\",\"item\":\"https:\/\/vestibulares.estrategia.com\/portal\/\"},{\"@type\":\"ListItem\",\"position\":2,\"name\":\"Atualidades e Dicas\",\"item\":\"https:\/\/vestibulares.estrategia.com\/portal\/atualidades-e-dicas\/\"},{\"@type\":\"ListItem\",\"position\":3,\"name\":\"9 quest\u00f5es sobre o pr\u00e9-modernismo que j\u00e1 ca\u00edram no Enem e vestibulares\"}]},{\"@type\":\"WebSite\",\"@id\":\"https:\/\/vestibulares.estrategia.com\/portal\/#website\",\"url\":\"https:\/\/vestibulares.estrategia.com\/portal\/\",\"name\":\"Estrat\u00e9gia Vestibulares\",\"description\":\"\",\"publisher\":{\"@id\":\"https:\/\/vestibulares.estrategia.com\/portal\/#organization\"},\"potentialAction\":[{\"@type\":\"SearchAction\",\"target\":{\"@type\":\"EntryPoint\",\"urlTemplate\":\"https:\/\/vestibulares.estrategia.com\/portal\/?s={search_term_string}\"},\"query-input\":{\"@type\":\"PropertyValueSpecification\",\"valueRequired\":true,\"valueName\":\"search_term_string\"}}],\"inLanguage\":\"pt-BR\"},{\"@type\":\"Organization\",\"@id\":\"https:\/\/vestibulares.estrategia.com\/portal\/#organization\",\"name\":\"Estrat\u00e9gia Vestibulares\",\"url\":\"https:\/\/vestibulares.estrategia.com\/portal\/\",\"logo\":{\"@type\":\"ImageObject\",\"inLanguage\":\"pt-BR\",\"@id\":\"https:\/\/vestibulares.estrategia.com\/portal\/#\/schema\/logo\/image\/\",\"url\":\"https:\/\/vestibulares.estrategia.com\/portal\/wp-content\/uploads\/2021\/06\/Logo-Vestibulares@4x.png\",\"contentUrl\":\"https:\/\/vestibulares.estrategia.com\/portal\/wp-content\/uploads\/2021\/06\/Logo-Vestibulares@4x.png\",\"width\":250,\"height\":66,\"caption\":\"Estrat\u00e9gia Vestibulares\"},\"image\":{\"@id\":\"https:\/\/vestibulares.estrategia.com\/portal\/#\/schema\/logo\/image\/\"},\"sameAs\":[\"https:\/\/facebook.com\/estrategiavestibulares\",\"https:\/\/x.com\/Estrategiavest\",\"https:\/\/www.instagram.com\/estrategiavestibulares\",\"https:\/\/www.youtube.com\/channel\/UCGWdZy8ULI-7_5GrABa4vNA\"]},{\"@type\":\"Person\",\"@id\":\"https:\/\/vestibulares.estrategia.com\/portal\/#\/schema\/person\/95532619fccae669187ec84703047908\",\"name\":\"Leonardo Del Sant\",\"image\":{\"@type\":\"ImageObject\",\"inLanguage\":\"pt-BR\",\"@id\":\"https:\/\/vestibulares.estrategia.com\/portal\/#\/schema\/person\/image\/\",\"url\":\"https:\/\/vestibulares.estrategia.com\/portal\/wp-content\/uploads\/2026\/02\/1000082484-150x150.jpeg\",\"contentUrl\":\"https:\/\/vestibulares.estrategia.com\/portal\/wp-content\/uploads\/2026\/02\/1000082484-150x150.jpeg\",\"caption\":\"Leonardo Del Sant\"},\"description\":\"Coordenador de Jornalismo do Estrat\u00e9gia Vestibulares. Trabalhou com escrita para SEO em sites das \u00e1reas de economia, varejo, sa\u00fade, tecnologia e alimenta\u00e7\u00e3o. Formado em jornalismo pela Unesp\/Bauru.\",\"url\":\"https:\/\/vestibulares.estrategia.com\/portal\/author\/leonardo-del-sant\/\"}]}<\/script>\n<!-- \/ Yoast SEO Premium plugin. -->","yoast_head_json":{"title":"9 quest\u00f5es sobre o pr\u00e9-modernismo que j\u00e1 ca\u00edram no Enem e vestibulares","description":"Confira algumas quest\u00f5es sobre o pr\u00e9-modernismo utilizadas no Enem e nos vestibulares e entenda como o tema aparece nas provas brasileiras.","robots":{"index":"index","follow":"follow","max-snippet":"max-snippet:-1","max-image-preview":"max-image-preview:large","max-video-preview":"max-video-preview:-1"},"canonical":"https:\/\/vestibulares.estrategia.com\/portal\/atualidades-e-dicas\/9-questoes-sobre-o-pre-modernismo-que-ja-cairam-no-enem-e-vestibulares\/","og_locale":"pt_BR","og_type":"article","og_title":"9 quest\u00f5es sobre o pr\u00e9-modernismo que j\u00e1 ca\u00edram no Enem e vestibulares","og_description":"Confira algumas quest\u00f5es sobre o pr\u00e9-modernismo utilizadas no Enem e nos vestibulares e entenda como o tema aparece nas provas brasileiras.","og_url":"https:\/\/vestibulares.estrategia.com\/portal\/atualidades-e-dicas\/9-questoes-sobre-o-pre-modernismo-que-ja-cairam-no-enem-e-vestibulares\/","og_site_name":"Estrat\u00e9gia Vestibulares","article_publisher":"https:\/\/facebook.com\/estrategiavestibulares","article_published_time":"2025-09-23T20:17:12+00:00","article_modified_time":"2025-09-23T20:17:17+00:00","og_image":[{"width":1280,"height":939,"url":"https:\/\/vestibulares.estrategia.com\/portal\/wp-content\/uploads\/2025\/09\/shutterstock_1499856497-1-1.jpg","type":"image\/jpeg"}],"author":"Leonardo Del Sant","twitter_card":"summary_large_image","twitter_creator":"@Estrategiavest","twitter_site":"@Estrategiavest","twitter_misc":{"Escrito por":"Leonardo Del Sant","Est. tempo de leitura":"18 minutos"},"schema":{"@context":"https:\/\/schema.org","@graph":[{"@type":"Article","@id":"https:\/\/vestibulares.estrategia.com\/portal\/atualidades-e-dicas\/9-questoes-sobre-o-pre-modernismo-que-ja-cairam-no-enem-e-vestibulares\/#article","isPartOf":{"@id":"https:\/\/vestibulares.estrategia.com\/portal\/atualidades-e-dicas\/9-questoes-sobre-o-pre-modernismo-que-ja-cairam-no-enem-e-vestibulares\/"},"author":{"name":"Leonardo Del Sant","@id":"https:\/\/vestibulares.estrategia.com\/portal\/#\/schema\/person\/95532619fccae669187ec84703047908"},"headline":"9 quest\u00f5es sobre o pr\u00e9-modernismo que j\u00e1 ca\u00edram no Enem e vestibulares","datePublished":"2025-09-23T20:17:12+00:00","dateModified":"2025-09-23T20:17:17+00:00","mainEntityOfPage":{"@id":"https:\/\/vestibulares.estrategia.com\/portal\/atualidades-e-dicas\/9-questoes-sobre-o-pre-modernismo-que-ja-cairam-no-enem-e-vestibulares\/"},"wordCount":3701,"publisher":{"@id":"https:\/\/vestibulares.estrategia.com\/portal\/#organization"},"image":{"@id":"https:\/\/vestibulares.estrategia.com\/portal\/atualidades-e-dicas\/9-questoes-sobre-o-pre-modernismo-que-ja-cairam-no-enem-e-vestibulares\/#primaryimage"},"thumbnailUrl":"https:\/\/vestibulares.estrategia.com\/portal\/wp-content\/uploads\/2025\/09\/shutterstock_1499856497-1-1.jpg","articleSection":["Atualidades e Dicas"],"inLanguage":"pt-BR"},{"@type":"WebPage","@id":"https:\/\/vestibulares.estrategia.com\/portal\/atualidades-e-dicas\/9-questoes-sobre-o-pre-modernismo-que-ja-cairam-no-enem-e-vestibulares\/","url":"https:\/\/vestibulares.estrategia.com\/portal\/atualidades-e-dicas\/9-questoes-sobre-o-pre-modernismo-que-ja-cairam-no-enem-e-vestibulares\/","name":"9 quest\u00f5es sobre o pr\u00e9-modernismo que j\u00e1 ca\u00edram no Enem e vestibulares","isPartOf":{"@id":"https:\/\/vestibulares.estrategia.com\/portal\/#website"},"primaryImageOfPage":{"@id":"https:\/\/vestibulares.estrategia.com\/portal\/atualidades-e-dicas\/9-questoes-sobre-o-pre-modernismo-que-ja-cairam-no-enem-e-vestibulares\/#primaryimage"},"image":{"@id":"https:\/\/vestibulares.estrategia.com\/portal\/atualidades-e-dicas\/9-questoes-sobre-o-pre-modernismo-que-ja-cairam-no-enem-e-vestibulares\/#primaryimage"},"thumbnailUrl":"https:\/\/vestibulares.estrategia.com\/portal\/wp-content\/uploads\/2025\/09\/shutterstock_1499856497-1-1.jpg","datePublished":"2025-09-23T20:17:12+00:00","dateModified":"2025-09-23T20:17:17+00:00","description":"Confira algumas quest\u00f5es sobre o pr\u00e9-modernismo utilizadas no Enem e nos vestibulares e entenda como o tema aparece nas provas brasileiras.","breadcrumb":{"@id":"https:\/\/vestibulares.estrategia.com\/portal\/atualidades-e-dicas\/9-questoes-sobre-o-pre-modernismo-que-ja-cairam-no-enem-e-vestibulares\/#breadcrumb"},"inLanguage":"pt-BR","potentialAction":[{"@type":"ReadAction","target":["https:\/\/vestibulares.estrategia.com\/portal\/atualidades-e-dicas\/9-questoes-sobre-o-pre-modernismo-que-ja-cairam-no-enem-e-vestibulares\/"]}]},{"@type":"ImageObject","inLanguage":"pt-BR","@id":"https:\/\/vestibulares.estrategia.com\/portal\/atualidades-e-dicas\/9-questoes-sobre-o-pre-modernismo-que-ja-cairam-no-enem-e-vestibulares\/#primaryimage","url":"https:\/\/vestibulares.estrategia.com\/portal\/wp-content\/uploads\/2025\/09\/shutterstock_1499856497-1-1.jpg","contentUrl":"https:\/\/vestibulares.estrategia.com\/portal\/wp-content\/uploads\/2025\/09\/shutterstock_1499856497-1-1.jpg","width":1280,"height":939,"caption":"quest\u00f5es-sobre-pr\u00e9-modernismo-enem-vestibulares"},{"@type":"BreadcrumbList","@id":"https:\/\/vestibulares.estrategia.com\/portal\/atualidades-e-dicas\/9-questoes-sobre-o-pre-modernismo-que-ja-cairam-no-enem-e-vestibulares\/#breadcrumb","itemListElement":[{"@type":"ListItem","position":1,"name":"Home","item":"https:\/\/vestibulares.estrategia.com\/portal\/"},{"@type":"ListItem","position":2,"name":"Atualidades e Dicas","item":"https:\/\/vestibulares.estrategia.com\/portal\/atualidades-e-dicas\/"},{"@type":"ListItem","position":3,"name":"9 quest\u00f5es sobre o pr\u00e9-modernismo que j\u00e1 ca\u00edram no Enem e vestibulares"}]},{"@type":"WebSite","@id":"https:\/\/vestibulares.estrategia.com\/portal\/#website","url":"https:\/\/vestibulares.estrategia.com\/portal\/","name":"Estrat\u00e9gia Vestibulares","description":"","publisher":{"@id":"https:\/\/vestibulares.estrategia.com\/portal\/#organization"},"potentialAction":[{"@type":"SearchAction","target":{"@type":"EntryPoint","urlTemplate":"https:\/\/vestibulares.estrategia.com\/portal\/?s={search_term_string}"},"query-input":{"@type":"PropertyValueSpecification","valueRequired":true,"valueName":"search_term_string"}}],"inLanguage":"pt-BR"},{"@type":"Organization","@id":"https:\/\/vestibulares.estrategia.com\/portal\/#organization","name":"Estrat\u00e9gia Vestibulares","url":"https:\/\/vestibulares.estrategia.com\/portal\/","logo":{"@type":"ImageObject","inLanguage":"pt-BR","@id":"https:\/\/vestibulares.estrategia.com\/portal\/#\/schema\/logo\/image\/","url":"https:\/\/vestibulares.estrategia.com\/portal\/wp-content\/uploads\/2021\/06\/Logo-Vestibulares@4x.png","contentUrl":"https:\/\/vestibulares.estrategia.com\/portal\/wp-content\/uploads\/2021\/06\/Logo-Vestibulares@4x.png","width":250,"height":66,"caption":"Estrat\u00e9gia Vestibulares"},"image":{"@id":"https:\/\/vestibulares.estrategia.com\/portal\/#\/schema\/logo\/image\/"},"sameAs":["https:\/\/facebook.com\/estrategiavestibulares","https:\/\/x.com\/Estrategiavest","https:\/\/www.instagram.com\/estrategiavestibulares","https:\/\/www.youtube.com\/channel\/UCGWdZy8ULI-7_5GrABa4vNA"]},{"@type":"Person","@id":"https:\/\/vestibulares.estrategia.com\/portal\/#\/schema\/person\/95532619fccae669187ec84703047908","name":"Leonardo Del Sant","image":{"@type":"ImageObject","inLanguage":"pt-BR","@id":"https:\/\/vestibulares.estrategia.com\/portal\/#\/schema\/person\/image\/","url":"https:\/\/vestibulares.estrategia.com\/portal\/wp-content\/uploads\/2026\/02\/1000082484-150x150.jpeg","contentUrl":"https:\/\/vestibulares.estrategia.com\/portal\/wp-content\/uploads\/2026\/02\/1000082484-150x150.jpeg","caption":"Leonardo Del Sant"},"description":"Coordenador de Jornalismo do Estrat\u00e9gia Vestibulares. Trabalhou com escrita para SEO em sites das \u00e1reas de economia, varejo, sa\u00fade, tecnologia e alimenta\u00e7\u00e3o. Formado em jornalismo pela Unesp\/Bauru.","url":"https:\/\/vestibulares.estrategia.com\/portal\/author\/leonardo-del-sant\/"}]}},"_wl_alt_label":[],"wl:entity_url":"https:\/\/data.wordlift.io\/wl110249\/post\/9-questoes-sobre-o-pre-modernismo-que-ja-cairam-no-enem-e-vestibulares-145503","_links":{"self":[{"href":"https:\/\/vestibulares.estrategia.com\/portal\/wp-json\/wp\/v2\/posts\/145503","targetHints":{"allow":["GET"]}}],"collection":[{"href":"https:\/\/vestibulares.estrategia.com\/portal\/wp-json\/wp\/v2\/posts"}],"about":[{"href":"https:\/\/vestibulares.estrategia.com\/portal\/wp-json\/wp\/v2\/types\/post"}],"author":[{"embeddable":true,"href":"https:\/\/vestibulares.estrategia.com\/portal\/wp-json\/wp\/v2\/users\/43"}],"replies":[{"embeddable":true,"href":"https:\/\/vestibulares.estrategia.com\/portal\/wp-json\/wp\/v2\/comments?post=145503"}],"version-history":[{"count":2,"href":"https:\/\/vestibulares.estrategia.com\/portal\/wp-json\/wp\/v2\/posts\/145503\/revisions"}],"predecessor-version":[{"id":145507,"href":"https:\/\/vestibulares.estrategia.com\/portal\/wp-json\/wp\/v2\/posts\/145503\/revisions\/145507"}],"wp:featuredmedia":[{"embeddable":true,"href":"https:\/\/vestibulares.estrategia.com\/portal\/wp-json\/wp\/v2\/media\/145505"}],"wp:attachment":[{"href":"https:\/\/vestibulares.estrategia.com\/portal\/wp-json\/wp\/v2\/media?parent=145503"}],"wp:term":[{"taxonomy":"category","embeddable":true,"href":"https:\/\/vestibulares.estrategia.com\/portal\/wp-json\/wp\/v2\/categories?post=145503"},{"taxonomy":"post_tag","embeddable":true,"href":"https:\/\/vestibulares.estrategia.com\/portal\/wp-json\/wp\/v2\/tags?post=145503"},{"taxonomy":"wl_entity_type","embeddable":true,"href":"https:\/\/vestibulares.estrategia.com\/portal\/wp-json\/wp\/v2\/wl_entity_type?post=145503"}],"curies":[{"name":"wp","href":"https:\/\/api.w.org\/{rel}","templated":true}]}}