{"id":147703,"date":"2025-10-31T19:20:20","date_gmt":"2025-10-31T22:20:20","guid":{"rendered":"https:\/\/vestibulares.estrategia.com\/portal\/?p=147703"},"modified":"2025-11-14T10:45:24","modified_gmt":"2025-11-14T13:45:24","slug":"tema-de-redacao-enem-2025-palpites-professores","status":"publish","type":"post","link":"https:\/\/vestibulares.estrategia.com\/portal\/enem-e-vestibulares\/enem\/tema-de-redacao-enem-2025-palpites-professores\/","title":{"rendered":"Tema de reda\u00e7\u00e3o Enem 2025: veja os palpites dos professores do Estrat\u00e9gia Vestibulares"},"content":{"rendered":"<p>Para garantir uma boa m&eacute;dia de notas e conquistar uma vaga no Ensino Superior atrav&eacute;s do Exame Nacional do Ensino M&eacute;dio (<a href=\"https:\/\/vestibulares.estrategia.com\/portal\/enem-e-vestibulares\/enem\/enem\/\">Enem<\/a>), &eacute; importante se sair bem na reda&ccedil;&atilde;o. E durante a prepara&ccedil;&atilde;o para um texto dissertativo-argumentativo digno de nota mil, a maior d&uacute;vida dos participantes &eacute; sobre qual vai ser o tema escolhido pela banca.<p>Por isso, o <strong>Portal Estrat&eacute;gia Vestibulares<\/strong> reuniu nosso time de professores, que t&ecirc;m <a href=\"https:\/\/vestibulares.estrategia.com\/portal\/noticias\/tema-de-redacao-do-enem-2021-caiu-em-simulado-do-estrategia-vestibulares\/\">hist&oacute;rico de acerto<\/a>, para enviar seus palpites de tema para reda&ccedil;&atilde;o do Enem 2025. Confira cada um deles a seguir, al&eacute;m dos coment&aacute;rios sobre as respectivas escolhas:<\/p><p class=\"wp-block-verse\"><strong>Confira tamb&eacute;m:<\/strong><br><a href=\"https:\/\/vestibulares.estrategia.com\/portal\/noticias\/gabarito-enem-2025-correcao-do-1o-dia-de-prova\/\">+ Gabarito Enem 2025: corre&ccedil;&atilde;o do 1&ordm; dia de prova<\/a><br><a href=\"https:\/\/vestibulares.estrategia.com\/portal\/noticias\/tema-redacao-enem-2025\/\">+ Tema de reda&ccedil;&atilde;o Enem 2025: &ldquo;Perspectivas acerca do envelhecimento na sociedade brasileira&rdquo;<br><\/a><a href=\"https:\/\/vestibulares.estrategia.com\/portal\/materias\/redacao\/redacao-nota-1000-enem\/\">+ Reda&ccedil;&atilde;o nota 1000 no Enem: leia 15 exemplos reais dos &uacute;ltimos anos<\/a><br><a href=\"https:\/\/vestibulares.estrategia.com\/portal\/noticias\/envelhecimento-na-sociedade-brasileira-veja-repertorios-socioculturais-do-tema-de-redacao-do-enem-2025\/\" target=\"_blank\">+ Envelhecimento na sociedade brasileira: veja repert&oacute;rios socioculturais do tema de reda&ccedil;&atilde;o do Enem 2025<\/a><br><a href=\"https:\/\/vestibulares.estrategia.com\/portal\/enem-e-vestibulares\/enem\/enem-2025-modelo-de-redacao-nota-1000-de-acordo-com-o-estrategia-vestibulares\/\">+ Enem 2025: modelo de reda&ccedil;&atilde;o nota 1000, de acordo com o Estrat&eacute;gia Vestibulares<\/a><br><a href=\"https:\/\/vestibulares.estrategia.com\/portal\/enem-e-vestibulares\/enem\/citacoes-que-poderiam-ser-usadas-na-redacao-do-enem-2025\/\" target=\"_blank\">+ Cita&ccedil;&otilde;es que poderiam ser usadas na reda&ccedil;&atilde;o do Enem 2025<\/a><br><a href=\"http:\/\/xn--21%20dados%20que%20poderiam%20ser%20usados%20como%20repertrio%20na%20redao%20do%20enem%202025-8wh39a01b\/\" target=\"_blank\">+ 21 dados que poderiam ser usados como repert&oacute;rio na reda&ccedil;&atilde;o do Enem 2025<\/a><\/p><p>\n\n\n\n<div class=\"cta-medio\" style=\"background-image: url(https:\/\/vestibulares.estrategia.com\/portal\/wp-content\/uploads\/2024\/08\/curso-enem-1-estrategia-vestibulares-ctamedio.jpg);\"><h3>Pacote Enem TOP <\/h3> <p>Estude com o Estrat\u00e9gia Vestibulares<\/p><div class=\"cta-botao\"><a id=\"cta-medio\" href=\"https:\/\/vestibulares.estrategia.com\/curso\/enem-top\/\" target=\"_blank\" style=\"background:rgb(255,150,0)\">Saiba mais<\/a><\/div><\/div>\n\n\n\n<\/p><div id=\"ez-toc-container\" class=\"ez-toc-v2_0_76 counter-hierarchy ez-toc-counter ez-toc-transparent ez-toc-container-direction\">\n<div class=\"ez-toc-title-container\"><p class=\"ez-toc-title\" style=\"cursor:inherit\">Navegue pelo conte\u00fado<\/p>\n<\/div><nav><ul class='ez-toc-list ez-toc-list-level-1 ' ><li class='ez-toc-page-1 ez-toc-heading-level-2'><a class=\"ez-toc-link ez-toc-heading-1\" href=\"https:\/\/vestibulares.estrategia.com\/portal\/enem-e-vestibulares\/enem\/tema-de-redacao-enem-2025-palpites-professores\/#Fernando-Andrade-%E2%80%94-Redacao-e-Filosofia\" >Fernando Andrade &mdash; Reda&ccedil;&atilde;o e Filosofia<\/a><\/li><li class='ez-toc-page-1 ez-toc-heading-level-2'><a class=\"ez-toc-link ez-toc-heading-2\" href=\"https:\/\/vestibulares.estrategia.com\/portal\/enem-e-vestibulares\/enem\/tema-de-redacao-enem-2025-palpites-professores\/#Fernando-Andrade-%E2%80%94-Redacao-e-Filosofia-2\" >Fernando Andrade &mdash; Reda&ccedil;&atilde;o e Filosofia<\/a><\/li><li class='ez-toc-page-1 ez-toc-heading-level-2'><a class=\"ez-toc-link ez-toc-heading-3\" href=\"https:\/\/vestibulares.estrategia.com\/portal\/enem-e-vestibulares\/enem\/tema-de-redacao-enem-2025-palpites-professores\/#Marina-%E2%80%94-Redacao\" >Marina &mdash; Reda&ccedil;&atilde;o<\/a><\/li><li class='ez-toc-page-1 ez-toc-heading-level-2'><a class=\"ez-toc-link ez-toc-heading-4\" href=\"https:\/\/vestibulares.estrategia.com\/portal\/enem-e-vestibulares\/enem\/tema-de-redacao-enem-2025-palpites-professores\/#Marina-%E2%80%94-Redacao-2\" >Marina &mdash; Reda&ccedil;&atilde;o<\/a><\/li><li class='ez-toc-page-1 ez-toc-heading-level-2'><a class=\"ez-toc-link ez-toc-heading-5\" href=\"https:\/\/vestibulares.estrategia.com\/portal\/enem-e-vestibulares\/enem\/tema-de-redacao-enem-2025-palpites-professores\/#Luana-Signorelli-%E2%80%94-Literatura\" >Luana Signorelli &mdash; Literatura<\/a><\/li><li class='ez-toc-page-1 ez-toc-heading-level-2'><a class=\"ez-toc-link ez-toc-heading-6\" href=\"https:\/\/vestibulares.estrategia.com\/portal\/enem-e-vestibulares\/enem\/tema-de-redacao-enem-2025-palpites-professores\/#Tiago-Omena-%E2%80%94-Portugues\" >Tiago Omena &mdash; Portugu&ecirc;s<\/a><\/li><li class='ez-toc-page-1 ez-toc-heading-level-2'><a class=\"ez-toc-link ez-toc-heading-7\" href=\"https:\/\/vestibulares.estrategia.com\/portal\/enem-e-vestibulares\/enem\/tema-de-redacao-enem-2025-palpites-professores\/#Saulo-Takami-%E2%80%94-Geografia\" >Saulo Takami &mdash; Geografia<\/a><\/li><li class='ez-toc-page-1 ez-toc-heading-level-2'><a class=\"ez-toc-link ez-toc-heading-8\" href=\"https:\/\/vestibulares.estrategia.com\/portal\/enem-e-vestibulares\/enem\/tema-de-redacao-enem-2025-palpites-professores\/#Ale-Lopes-%E2%80%94-Historia-e-Sociologia\" >Al&ecirc; Lopes &mdash; Hist&oacute;ria e Sociologia<\/a><\/li><li class='ez-toc-page-1 ez-toc-heading-level-2'><a class=\"ez-toc-link ez-toc-heading-9\" href=\"https:\/\/vestibulares.estrategia.com\/portal\/enem-e-vestibulares\/enem\/tema-de-redacao-enem-2025-palpites-professores\/#Gabriel-Prazeres-%E2%80%94-Quimica\" >Gabriel Prazeres &mdash; Qu&iacute;mica<\/a><\/li><li class='ez-toc-page-1 ez-toc-heading-level-2'><a class=\"ez-toc-link ez-toc-heading-10\" href=\"https:\/\/vestibulares.estrategia.com\/portal\/enem-e-vestibulares\/enem\/tema-de-redacao-enem-2025-palpites-professores\/#Lucas-Costa-%E2%80%94-Fisica\" >Lucas Costa &mdash; F&iacute;sica<\/a><\/li><li class='ez-toc-page-1 ez-toc-heading-level-2'><a class=\"ez-toc-link ez-toc-heading-11\" href=\"https:\/\/vestibulares.estrategia.com\/portal\/enem-e-vestibulares\/enem\/tema-de-redacao-enem-2025-palpites-professores\/#Thiago-Limeira-%E2%80%94-Matematica\" >Thiago Limeira &mdash; Matem&aacute;tica<\/a><\/li><li class='ez-toc-page-1 ez-toc-heading-level-2'><a class=\"ez-toc-link ez-toc-heading-12\" href=\"https:\/\/vestibulares.estrategia.com\/portal\/enem-e-vestibulares\/enem\/tema-de-redacao-enem-2025-palpites-professores\/#Thiago-Limeira-%E2%80%94-Matematica-2\" >Thiago Limeira &mdash; Matem&aacute;tica<\/a><\/li><li class='ez-toc-page-1 ez-toc-heading-level-2'><a class=\"ez-toc-link ez-toc-heading-13\" href=\"https:\/\/vestibulares.estrategia.com\/portal\/enem-e-vestibulares\/enem\/tema-de-redacao-enem-2025-palpites-professores\/#O-que-mudou-na-redacao-do-Enem-2025\" >O que mudou na reda&ccedil;&atilde;o do Enem 2025?<\/a><\/li><li class='ez-toc-page-1 ez-toc-heading-level-2'><a class=\"ez-toc-link ez-toc-heading-14\" href=\"https:\/\/vestibulares.estrategia.com\/portal\/enem-e-vestibulares\/enem\/tema-de-redacao-enem-2025-palpites-professores\/#Historico-de-temas-de-redacao-do-Enem\" >Hist&oacute;rico de temas de reda&ccedil;&atilde;o do Enem<\/a><\/li><li class='ez-toc-page-1 ez-toc-heading-level-2'><a class=\"ez-toc-link ez-toc-heading-15\" href=\"https:\/\/vestibulares.estrategia.com\/portal\/enem-e-vestibulares\/enem\/tema-de-redacao-enem-2025-palpites-professores\/#Qual-e-o-formato-da-redacao-do-Enem\" >Qual &eacute; o formato da reda&ccedil;&atilde;o do Enem?<\/a><\/li><li class='ez-toc-page-1 ez-toc-heading-level-2'><a class=\"ez-toc-link ez-toc-heading-16\" href=\"https:\/\/vestibulares.estrategia.com\/portal\/enem-e-vestibulares\/enem\/tema-de-redacao-enem-2025-palpites-professores\/#O-que-diferencia-a-redacao-do-Enem-de-outros-vestibulares\" >O que diferencia a reda&ccedil;&atilde;o do Enem de outros vestibulares?<\/a><\/li><li class='ez-toc-page-1 ez-toc-heading-level-2'><a class=\"ez-toc-link ez-toc-heading-17\" href=\"https:\/\/vestibulares.estrategia.com\/portal\/enem-e-vestibulares\/enem\/tema-de-redacao-enem-2025-palpites-professores\/#Quais-sao-as-competencias-utilizadas-na-correcao-da-redacao\" >Quais s&atilde;o as compet&ecirc;ncias utilizadas na corre&ccedil;&atilde;o da reda&ccedil;&atilde;o?<\/a><\/li><li class='ez-toc-page-1 ez-toc-heading-level-2'><a class=\"ez-toc-link ez-toc-heading-18\" href=\"https:\/\/vestibulares.estrategia.com\/portal\/enem-e-vestibulares\/enem\/tema-de-redacao-enem-2025-palpites-professores\/#O-que-pode-zerar-a-redacao-do-Enem\" >O que pode zerar a reda&ccedil;&atilde;o do Enem?<\/a><\/li><li class='ez-toc-page-1 ez-toc-heading-level-2'><a class=\"ez-toc-link ez-toc-heading-19\" href=\"https:\/\/vestibulares.estrategia.com\/portal\/enem-e-vestibulares\/enem\/tema-de-redacao-enem-2025-palpites-professores\/#Enem-no-Estado-do-Para\" >Enem no Estado do Par&aacute;<\/a><\/li><li class='ez-toc-page-1 ez-toc-heading-level-2'><a class=\"ez-toc-link ez-toc-heading-20\" href=\"https:\/\/vestibulares.estrategia.com\/portal\/enem-e-vestibulares\/enem\/tema-de-redacao-enem-2025-palpites-professores\/#Calendario-Enem-2025\" >Calend&aacute;rio Enem 2025<\/a><\/li><li class='ez-toc-page-1 ez-toc-heading-level-2'><a class=\"ez-toc-link ez-toc-heading-21\" href=\"https:\/\/vestibulares.estrategia.com\/portal\/enem-e-vestibulares\/enem\/tema-de-redacao-enem-2025-palpites-professores\/#Como-estudar-para-o-Enem-2025\" >Como estudar para o Enem 2025?<\/a><\/li><\/ul><\/nav><\/div>\n<h2 class=\"wp-block-heading\" id=\"h-fernando-andrade-redacao-e-filosofia\"><span class=\"ez-toc-section\" id=\"Fernando-Andrade-%E2%80%94-Redacao-e-Filosofia\"><\/span>Fernando Andrade &mdash; Reda&ccedil;&atilde;o e Filosofia<span class=\"ez-toc-section-end\"><\/span><\/h2><h3 class=\"wp-block-heading\" id=\"h-palpite-desafios-para-a-valorizacao-da-agricultura-familiar-no-contexto-da-sustentabilidade\">Palpite: &ldquo;Desafios para a valoriza&ccedil;&atilde;o da agricultura familiar no contexto da sustentabilidade&rdquo;<\/h3><p>&ldquo;Entre os anos de 2023 e 2024, houve escassez de alguns alimentos b&aacute;sicos e o consequente aumento de pre&ccedil;os. Uma situa&ccedil;&atilde;o ainda mais tr&aacute;gica pelo fato de o Pa&iacute;s ter entrado de novo no mapa da fome em 2022&rdquo;, explica Fernando sobre seu palpite.&nbsp;<\/p><p>Al&eacute;m disso, ele tamb&eacute;m acredita que a repercuss&atilde;o midi&aacute;tica dos dois fatos somada &agrave; realiza&ccedil;&atilde;o da 30&ordf; Confer&ecirc;ncia das Partes da ONU sobre Mudan&ccedil;as Clim&aacute;ticas (COP30) no Brasil, pode fazer com que o Enem aposte neste tema.&nbsp;<\/p><figure class=\"wp-block-embed is-type-video is-provider-youtube wp-block-embed-youtube wp-embed-aspect-16-9 wp-has-aspect-ratio\"><div class=\"wp-block-embed__wrapper\">\n<div class=\"cs-embed cs-embed-responsive\"><iframe title=\"Como comec&#807;ar a reda&ccedil;&atilde;o do ENEM - Reta Final ENEM 2024\" width=\"1200\" height=\"675\" src=\"https:\/\/www.youtube.com\/embed\/4A7VeuD0e-E?start=2&amp;feature=oembed\" frameborder=\"0\" allow=\"accelerometer; autoplay; clipboard-write; encrypted-media; gyroscope; picture-in-picture; web-share\" referrerpolicy=\"strict-origin-when-cross-origin\" allowfullscreen><\/iframe><\/div>\n<\/div><\/figure><h2 class=\"wp-block-heading\" id=\"h-fernando-andrade-redacao-e-filosofia-0\"><span class=\"ez-toc-section\" id=\"Fernando-Andrade-%E2%80%94-Redacao-e-Filosofia-2\"><\/span>Fernando Andrade &mdash; Reda&ccedil;&atilde;o e Filosofia<span class=\"ez-toc-section-end\"><\/span><\/h2><h3 class=\"wp-block-heading\" id=\"h-palpite-os-desafios-sociais-da-inteligencia-artificial-no-contexto-da-desigualdade-social\">Palpite: &rdquo;Os desafios sociais da intelig&ecirc;ncia artificial no contexto da desigualdade social&rdquo;<\/h3><p>Ao defender seu palpite, Fernando argumenta que intelig&ecirc;ncia artificial foi um assunto recorrente nos vestibulares em 2023 e 2024. Segundo ele, &ldquo;sabe-se que a tecnologia tende a gerar mais lucros para aqueles que s&atilde;o mais ricos, enquanto os trabalhadores das classes m&eacute;dias podem perder empregos especializados e os mais pobres podem ficar fora dessa revolu&ccedil;&atilde;o que alterar&aacute; o mundo&rdquo;<\/p><p>Dessa forma, ele acredita que seria muito poss&iacute;vel que o Enem &ldquo;pedisse a reflex&atilde;o de um tema t&atilde;o contundente quanto esse, por mais que j&aacute; tenha sido discutido&rdquo;.<\/p><p class=\"wp-block-verse\"><strong>Veja mais palpites do professor de Reda&ccedil;&atilde;o:<\/strong><br>+ <a href=\"https:\/\/vestibulares.estrategia.com\/portal\/enem-e-vestibulares\/enem\/enem-2025-7-possiveis-temas-de-redacao-e-como-se-preparar-para-a-prova\/\">Enem 2025: 7 poss&iacute;veis temas de reda&ccedil;&atilde;o e como se preparar para a prova<\/a><\/p><h2 class=\"wp-block-heading\" id=\"h-marina-redacao\"><span class=\"ez-toc-section\" id=\"Marina-%E2%80%94-Redacao\"><\/span>Marina &mdash; Reda&ccedil;&atilde;o<span class=\"ez-toc-section-end\"><\/span><\/h2><h3 class=\"wp-block-heading\" id=\"h-palpite-desafios-para-a-promocao-da-mobilidade-urbana-sustentavel-nas-grandes-cidades-brasileiras\">Palpite: &ldquo;Desafios para a promo&ccedil;&atilde;o da mobilidade urbana sustent&aacute;vel nas grandes cidades brasileiras&rdquo;<\/h3><p>O palpite de Marina &eacute; parte de um contexto atual nacional e mundial, com mudan&ccedil;as clim&aacute;ticas, a alta concentra&ccedil;&atilde;o populacional nas grandes cidades e os desafios para ado&ccedil;&atilde;o de pr&aacute;ticas sustent&aacute;veis no dia a dia.<\/p><h2 class=\"wp-block-heading\" id=\"h-marina-redacao-0\"><span class=\"ez-toc-section\" id=\"Marina-%E2%80%94-Redacao-2\"><\/span>Marina &mdash; Reda&ccedil;&atilde;o<span class=\"ez-toc-section-end\"><\/span><\/h2><h3 class=\"wp-block-heading\" id=\"h-palpite-caminhos-para-promover-o-uso-responsavel-das-tecnologias-digitais-e-a-inclusao-dos-idosos\">Palpite: &ldquo;Caminhos para promover o uso respons&aacute;vel das tecnologias digitais e a inclus&atilde;o dos idosos&rdquo;<\/h3><p>Para a professora, o tema tem diversas possibilidades de repert&oacute;rio, de L&uacute;cia Santaella, com cultura digital, at&eacute; Manuel Castells e a inclus&atilde;o digital. Al&eacute;m disso, a proposta trataria de uma quest&atilde;o atual e pertinente ao unir tecnologia e pessoas idosas. <\/p><h2 class=\"wp-block-heading\" id=\"h-luana-signorelli-literatura\"><span class=\"ez-toc-section\" id=\"Luana-Signorelli-%E2%80%94-Literatura\"><\/span>Luana Signorelli &mdash; Literatura<span class=\"ez-toc-section-end\"><\/span><\/h2><h3 class=\"wp-block-heading\" id=\"h-palpite-racismo-ambiental\">Palpite: Racismo ambiental<\/h3><p>Para a professora, o tema &ldquo;junta dois assuntos importantes: vulnerabilidade social e preocupa&ccedil;&atilde;o com o meio ambiente&rdquo;.<\/p><h2 class=\"wp-block-heading\" id=\"h-tiago-omena-portugues\"><span class=\"ez-toc-section\" id=\"Tiago-Omena-%E2%80%94-Portugues\"><\/span>Tiago Omena &mdash; Portugu&ecirc;s<span class=\"ez-toc-section-end\"><\/span><\/h2><h3 class=\"wp-block-heading\" id=\"h-palpite-desafios-para-o-enfrentamento-dos-impactos-do-vicio-em-jogos-de-azar-na-populacao-de-baixa-renda-no-brasil\">Palpite: &ldquo;Desafios para o enfrentamento dos impactos do v&iacute;cio em jogos de azar na popula&ccedil;&atilde;o de baixa renda no Brasil&rdquo;<\/h3><p>De acordo com o professor, seu palpite alinha-se &agrave;s propostas de reda&ccedil;&atilde;o do Enem por tratar de um problema social que afeta grupos vulner&aacute;veis e exige proposta de interven&ccedil;&atilde;o. &ldquo;Al&eacute;m de ser atual, diante da expans&atilde;o das apostas online e da publicidade agressiva, o fen&ocirc;meno impacta desproporcionalmente a popula&ccedil;&atilde;o de baixa renda, intensificando endividamento, adoecimento mental e desigualdade&rdquo;, conclui.<\/p><h2 class=\"wp-block-heading\" id=\"h-saulo-takami-geografia\"><span class=\"ez-toc-section\" id=\"Saulo-Takami-%E2%80%94-Geografia\"><\/span>Saulo Takami &mdash; Geografia<span class=\"ez-toc-section-end\"><\/span><\/h2><h3 class=\"wp-block-heading\" id=\"h-palpite-etarismo\">Palpite: Etarismo<\/h3><p>O professor explica que escolheu esse palpite &ldquo;porque, de acordo com o Instituto Brasileiro de Geografia e Estat&iacute;stica (IBGE), at&eacute;, no m&aacute;ximo, 2050, um ter&ccedil;o da popula&ccedil;&atilde;o brasileira ser&aacute; idosa&rdquo;.<\/p><h2 class=\"wp-block-heading\" id=\"h-ale-lopes-historia-e-sociologia\"><span class=\"ez-toc-section\" id=\"Ale-Lopes-%E2%80%94-Historia-e-Sociologia\"><\/span>Al&ecirc; Lopes &mdash; Hist&oacute;ria e Sociologia<span class=\"ez-toc-section-end\"><\/span><\/h2><h3 class=\"wp-block-heading\" id=\"h-palpite-adultizacao-infantil\">Palpite: Adultiza&ccedil;&atilde;o infantil<\/h3><p>&ldquo;O tema que ficou em voga em 2025 e, al&eacute;m disso, traz aspectos sociais e hist&oacute;ricos estruturais relacionados &agrave; explora&ccedil;&atilde;o sexual que &eacute; uma chaga no nosso Pa&iacute;s&rdquo;, explica Al&ecirc;.<\/p><h2 class=\"wp-block-heading\" id=\"h-gabriel-prazeres-quimica\"><span class=\"ez-toc-section\" id=\"Gabriel-Prazeres-%E2%80%94-Quimica\"><\/span>Gabriel Prazeres &mdash; Qu&iacute;mica<span class=\"ez-toc-section-end\"><\/span><\/h2><h3 class=\"wp-block-heading\" id=\"h-palpite-adultizacao-infantil-0\">Palpite: Adultiza&ccedil;&atilde;o infantil<\/h3><p>&ldquo;Foi um dos assuntos mais comentados no ano de 2025 nas redes sociais&rdquo;, aponta o professor na defesa de seu palpite.<\/p><h2 class=\"wp-block-heading\" id=\"h-lucas-costa-fisica\"><span class=\"ez-toc-section\" id=\"Lucas-Costa-%E2%80%94-Fisica\"><\/span>Lucas Costa &mdash; F&iacute;sica<span class=\"ez-toc-section-end\"><\/span><\/h2><h3 class=\"wp-block-heading\" id=\"h-palpite-desafios-para-o-enfrentamento-da-desinformacao-cientifica-no-brasil\">Palpite: &ldquo;Desafios para o enfrentamento da desinforma&ccedil;&atilde;o cient&iacute;fica no Brasil&rdquo;<\/h3><p>O professor explica sua aposta para o tema: &ldquo;A m&iacute;dia, por influ&ecirc;ncias question&aacute;veis, insiste na narrativa de que o Pa&iacute;s vive ciclos de boatos sobre vacinas, clima, sa&uacute;de e tecnologia; isso afeta pol&iacute;ticas p&uacute;blicas, ades&atilde;o a campanhas e confian&ccedil;a em institui&ccedil;&otilde;es. A prova gosta de temas com impacto social amplo, intersetorial e que convoquem escola, m&iacute;dia, governo e plataformas digitais&rdquo;.<\/p><h2 class=\"wp-block-heading\" id=\"h-thiago-limeira-matematica\"><span class=\"ez-toc-section\" id=\"Thiago-Limeira-%E2%80%94-Matematica\"><\/span>Thiago Limeira &mdash; Matem&aacute;tica<span class=\"ez-toc-section-end\"><\/span><\/h2><h3 class=\"wp-block-heading\" id=\"h-palpite-a-importancia-da-educacao-ambiental-para-a-preservacao-dos-ecossistemas-brasileiros\">Palpite: &ldquo;A import&acirc;ncia da educa&ccedil;&atilde;o ambiental para a preserva&ccedil;&atilde;o dos ecossistemas brasileiros&rdquo;<\/h3><p>Para o professor, o tema pode ser abordado porque o Brasil ser&aacute; sede da COP30, em novembro deste ano.<\/p><p class=\"wp-block-verse\"><strong>Saiba mais:<\/strong><br>+ <a href=\"https:\/\/vestibulares.estrategia.com\/portal\/atualidades-e-dicas\/o-que-e-cop-30-e-por-que-o-brasil-sera-sede-em-2025\/\">O que &eacute; COP 30 e por que o Brasil ser&aacute; sede em 2025?<\/a>&nbsp;<\/p><h2 class=\"wp-block-heading\" id=\"h-thiago-limeira-matematica-0\"><span class=\"ez-toc-section\" id=\"Thiago-Limeira-%E2%80%94-Matematica-2\"><\/span>Thiago Limeira &mdash; Matem&aacute;tica<span class=\"ez-toc-section-end\"><\/span><\/h2><h3 class=\"wp-block-heading\" id=\"h-palpite-o-papel-da-familia-e-da-escola-na-formacao-de-habitos-digitais-saudaveis-entre-criancas-e-adolescentes-no-brasil\">Palpite: &ldquo;O papel da fam&iacute;lia e da escola na forma&ccedil;&atilde;o de h&aacute;bitos digitais saud&aacute;veis entre crian&ccedil;as e adolescentes no Brasil&rdquo;<\/h3><p>J&aacute; essa aposta do professor Limeira, veio de debates sobre o tema na internet.<\/p><p>\n\n\n\n<div id=\"new-form\">\n\t<form id=\"forms_layout\">\n\t<input type=\"hidden\" id=\"chave_de\" name=\"chave_de\" value=\"01_EVEST_LEADS_TOTAIS\" \/>\n\t\t<input type=\"hidden\" id=\"mid\" name=\"mid\" value=\"515008983\" \/>\n\t\t<input type=\"hidden\" id=\"Objetivo\" name=\"Objetivo\" value=\"Vestibulares\" \/>\n\t\t<input type=\"hidden\" id=\"Estado_de_Origem_do_IP\" name=\"Estado_de_Origem_do_IP\"  value=\"\" \/>\n\t\t<input type=\"hidden\" id=\"Cidade_de_Origem_do_IP\" name=\"Cidade_de_Origem_do_IP\" value=\"\" \/>\n\t\t<input type=\"hidden\" id=\"Modo_de_entrada\" name=\"Modo_de_entrada\" value=\"Portal\" \/>\n\t\t<input type=\"hidden\" id=\"Pagina_Origem\" name=\"Pagina_Origem\" value=\"\" \/>\n\n\t\t<div class=\"texto\">\n\t\t\t<h3 class=\"news\">Inscreva-se em nossa newsletter\ud83e\udd89<\/h3>\n\t\t\t<p>Receba dicas de estudo gratuitas e saiba em primeira m\u00e3o as novidades sobre o Enem, Sisu, Encceja, Fuvest e outros vestibulares!<\/p>\n\t\t<\/div>\n\t\t<div class=\"campos\">\n\t\t\t<div class=\"first_name labels\">\n\t\t\t\t<input type=\"text\" class=\"input_labels\" id=\"first_name\" name=\"Nome_Completo\" placeholder=\"Nome\" required \/>\n\t\t\t<\/div>\n\t\t\t<div class=\"email labels\">\n\t\t\t\t<input type=\"email\" class=\"input_labels\" id=\"email\" name=\"Email\" placeholder=\"E-mail\" required \/>\n\t\t\t<\/div>\n\t\t\t<button type=\"submit\" class=\"button_layout\">\n\t\t\t\t<div id=\"lblBotao\">Inscreva-se<\/div>\n\t\t\t\t<span id=\"divSpiner\" class=\"loader\" role=\"status\" style=\"display: none;\"><\/span>\t\n\t\t\t<\/button>\n\t\t<\/div><!-- \/campos -->\n\t\t\n\t\t<label class=\"container_checkbox\">Voc\u00ea concorda com a nossa\n\t\t\t<a class=\"politics_privacy_ahref\" target=\"_blank\" href=\"https:\/\/gratis.estrategiaconcursos.com.br\/politica-de-privacidade\/\">Pol\u00edtica de Privacidade<\/a> e aceita receber informa\u00e7\u00f5es adicionais do Estrat\u00e9gia Educacional.\n\t\t\t<input id=\"checkbox_layout\" type=\"checkbox\" checked=\"checked\" required \/>\n\t\t\t<span class=\"checkbox\"><\/span>\n\t\t<\/label>\n\t\t<div id=\"msg\"><\/div>\n\t\t<div id=\"error\" class=\"error\">\n\t\t<\/div>\n\t<\/form>\n<\/div><!-- \/new-form -->\n\n\n\n<\/p><h2 class=\"wp-block-heading\" id=\"h-o-que-mudou-na-redacao-do-enem-2025\"><span class=\"ez-toc-section\" id=\"O-que-mudou-na-redacao-do-Enem-2025\"><\/span>O que mudou na reda&ccedil;&atilde;o do Enem 2025?<span class=\"ez-toc-section-end\"><\/span><\/h2><p>Com a divulga&ccedil;&atilde;o da Cartilha de Reda&ccedil;&atilde;o do Enem 2025, o Instituto Nacional de Estudos e Pesquisas Educacionais An&iacute;sio Teixeira (Inep) trouxe um alerta contra o uso dos chamados &ldquo;repert&oacute;rios de bolso&rdquo;, tamb&eacute;m conhecidos pelos alunos como repert&oacute;rios coringa.&nbsp;<\/p><p>A partir de agora nota m&aacute;xima na reda&ccedil;&atilde;o do Enem n&atilde;o depender&aacute; apenas do dom&iacute;nio da estrutura dissertativo-argumentativa, mas da habilidade de usar repert&oacute;rios socioculturais de modo produtivo, contextualizado e genuinamente articulado &agrave; tese.<\/p><p>Para o professor Fernando Andrade, essa mudan&ccedil;a n&atilde;o altera o foco da banca, mas busca evitar que o texto se torne um modelo mec&acirc;nico e previs&iacute;vel. &ldquo;N&atilde;o se trata de avaliar o pensamento cr&iacute;tico dos participantes; nesse quesito, a mudan&ccedil;a quase n&atilde;o tem efeito. A banca sempre estimulou a produ&ccedil;&atilde;o de um tipo de texto esquem&aacute;tico ao determinar uma nota para repert&oacute;rio pela compet&ecirc;ncia 2&rdquo;.<\/p><p class=\"wp-block-verse\"><strong>Entenda a mudan&ccedil;a:<\/strong><br>+ <a href=\"https:\/\/vestibulares.estrategia.com\/portal\/enem-e-vestibulares\/enem\/o-que-sao-repertorios-de-bolso-e-por-que-eles-foram-proibidos-na-redacao-do-enem\/\">O que s&atilde;o repert&oacute;rios de bolso e por que eles foram proibidos na reda&ccedil;&atilde;o do Enem?<\/a><\/p><h2 class=\"wp-block-heading\" id=\"h-historico-de-temas-de-redacao-do-enem\"><span class=\"ez-toc-section\" id=\"Historico-de-temas-de-redacao-do-Enem\"><\/span>Hist&oacute;rico de temas de reda&ccedil;&atilde;o do Enem<span class=\"ez-toc-section-end\"><\/span><\/h2><p>Apesar das pol&ecirc;micas sobre um poss&iacute;vel tema de reda&ccedil;&atilde;o mais livre, o Enem manteve o mesmo padr&atilde;o dos &uacute;ltimos anos. Veja abaixo o hist&oacute;rico de temas de reda&ccedil;&atilde;o do Enem:<\/p><ul class=\"wp-block-list\">\n<li><a href=\"https:\/\/vestibulares.estrategia.com\/portal\/noticias\/tema-de-redacao-enem-2024-desafios-para-a-valorizacao-da-heranca-africana-no-brasil\/\">Reda&ccedil;&atilde;o Enem 2024<\/a>&nbsp; &ndash; Desafios para a valoriza&ccedil;&atilde;o da heran&ccedil;a africana no Brasil<\/li>\n\n\n\n<li><a href=\"https:\/\/vestibulares.estrategia.com\/portal\/noticias\/tema-de-redacao-enem-2023\/\">Reda&ccedil;&atilde;o Enem 2023<\/a> &ndash; Invisibilidade do trabalho de cuidados realizados pela mulher no Brasil<\/li>\n\n\n\n<li><a href=\"https:\/\/vestibulares.estrategia.com\/portal\/enem-e-vestibulares\/enem\/tema-de-redacao-enem-2022\/\">Reda&ccedil;&atilde;o Enem 2022<\/a> &ndash; Desafios para a valoriza&ccedil;&atilde;o de comunidades e povos tradicionais no Brasil<\/li>\n\n\n\n<li><a href=\"https:\/\/vestibulares.estrategia.com\/portal\/enem-e-vestibulares\/enem\/tema-de-redacao-enem-2021\/\">Reda&ccedil;&atilde;o Enem 2021<\/a> &ndash; Invisibilidade e registro civil: garantia de acesso &agrave; cidadania no Brasil<\/li>\n\n\n\n<li>Reda&ccedil;&atilde;o Enem Impresso 2020 &ndash; O estigma associado &agrave;s doen&ccedil;as mentais na sociedade brasileira<\/li>\n\n\n\n<li><a href=\"https:\/\/vestibulares.estrategia.com\/portal\/redacao\/enem-2019-democratizacao-do-acesso-ao-cinema-no-brasil\/\">Reda&ccedil;&atilde;o Enem 2019<\/a> &ndash; Democratiza&ccedil;&atilde;o do acesso ao cinema no Brasil<\/li>\n\n\n\n<li><a href=\"https:\/\/vestibulares.estrategia.com\/portal\/redacao\/redacao-enem-2018\/\">Reda&ccedil;&atilde;o Enem 2018<\/a> &ndash; Manipula&ccedil;&atilde;o do comportamento do usu&aacute;rio pelo controle de dados na internet<\/li>\n\n\n\n<li>Reda&ccedil;&atilde;o Enem 2017 &ndash; Desafios para forma&ccedil;&atilde;o educacional de surdos no Brasil<\/li>\n\n\n\n<li>Reda&ccedil;&atilde;o Enem 2016 &ndash; Caminhos para combater a intoler&acirc;ncia religiosa no Brasil<\/li>\n\n\n\n<li>Reda&ccedil;&atilde;o Enem 2015 &ndash; A Persist&ecirc;ncia da Viol&ecirc;ncia contra a Mulher na Sociedade Brasileira<\/li>\n\n\n\n<li>Reda&ccedil;&atilde;o Enem 2014 &ndash; Publicidade infantil em quest&atilde;o no Brasil<\/li>\n\n\n\n<li>Reda&ccedil;&atilde;o Enem 2013 &ndash; Os efeitos da implanta&ccedil;&atilde;o da Lei Seca no Brasil<\/li>\n\n\n\n<li>Reda&ccedil;&atilde;o Enem 2012 &ndash; O movimento imigrat&oacute;rio para o Brasil no s&eacute;culo XXI<\/li>\n\n\n\n<li>Reda&ccedil;&atilde;o Enem 2011 &ndash; Viver em rede no s&eacute;culo XXI: os limites entre o p&uacute;blico e o privado<\/li>\n<\/ul><h2 class=\"wp-block-heading\" id=\"h-qual-e-o-formato-da-redacao-do-enem\"><span class=\"ez-toc-section\" id=\"Qual-e-o-formato-da-redacao-do-Enem\"><\/span>Qual &eacute; o formato da reda&ccedil;&atilde;o do Enem?<span class=\"ez-toc-section-end\"><\/span><\/h2><p>De acordo com o Inep, o candidato deve produzir um &ldquo;texto dissertativo-argumentativo a partir de uma situa&ccedil;&atilde;o-problema&rdquo;.<\/p><p>Al&eacute;m disso, esse texto deve ter at&eacute; 30 linhas, j&aacute; o m&iacute;nimo s&atilde;o 7 linhas. Caso o candidato n&atilde;o cumpra o determinado, a reda&ccedil;&atilde;o &eacute; anulada.<\/p><h2 class=\"wp-block-heading\"><span class=\"ez-toc-section\" id=\"O-que-diferencia-a-redacao-do-Enem-de-outros-vestibulares\"><\/span>O que diferencia a reda&ccedil;&atilde;o do Enem de outros vestibulares?<span class=\"ez-toc-section-end\"><\/span><\/h2><p>Al&eacute;m do conte&uacute;do e da avalia&ccedil;&atilde;o, a estrutura da reda&ccedil;&atilde;o do Enem tamb&eacute;m se diferencia das demais provas do pa&iacute;s. Enquanto bancas como a Vunesp priorizam posicionamentos cr&iacute;ticos e argumenta&ccedil;&otilde;es mais livres, o Enem valoriza uma postura cidad&atilde; e uma proposta de interven&ccedil;&atilde;o concreta.<\/p><p>&ldquo;O Inep faz uma prova para avaliar a postura cidad&atilde; de um aluno. Isso significa que o aluno deve reconhecer um problema social e, de forma engajada, propor alguma solu&ccedil;&atilde;o&rdquo;, explica o professor Fernando.<\/p><p>Ele lembra que o Enem n&atilde;o exige uma defesa de tese pessoal, mas sim um coment&aacute;rio sobre uma situa&ccedil;&atilde;o-problema. Em vez de buscar pol&ecirc;micas, o aluno precisa mostrar compreens&atilde;o social e responsabilidade coletiva.<\/p><p>&ldquo;Trata-se de um texto por coment&aacute;rio, n&atilde;o por defesa de tese. O candidato do Enem adota a proposta como tese, desenvolve o texto por coment&aacute;rio e usa n&uacute;cleos argumentativos consagrados: aus&ecirc;ncia de Estado, inefic&aacute;cia educacional, falta de discuss&atilde;o sobre o assunto, legado hist&oacute;rico.&rdquo;, argumenta o professor de Reda&ccedil;&atilde;o.<\/p><p>Essa l&oacute;gica torna o Enem um exame singular: n&atilde;o &eacute; apenas sobre convencer o leitor, mas sobre propor solu&ccedil;&otilde;es sociais poss&iacute;veis, refletindo o ideal de cidadania que o exame busca promover.<\/p><h2 class=\"wp-block-heading\" id=\"h-quais-sao-as-competencias-utilizadas-na-correcao-da-redacao\"><span class=\"ez-toc-section\" id=\"Quais-sao-as-competencias-utilizadas-na-correcao-da-redacao\"><\/span>Quais s&atilde;o as compet&ecirc;ncias utilizadas na corre&ccedil;&atilde;o da reda&ccedil;&atilde;o?<span class=\"ez-toc-section-end\"><\/span><\/h2><p>Para realizar a corre&ccedil;&atilde;o da reda&ccedil;&atilde;o de forma padronizada, o Inep determinou cinco compet&ecirc;ncias para avalia&ccedil;&atilde;o do texto. Veja abaixo quais s&atilde;o elas:<\/p><h3 class=\"wp-block-heading\" id=\"h-1-dominio-da-escrita-formal-da-lingua-portuguesa\">1 &ndash; Dom&iacute;nio da escrita formal da L&iacute;ngua Portuguesa<\/h3><p>Na primeira compet&ecirc;ncia, o candidato deve escrever dentro da norma culta da L&iacute;ngua Portuguesa, ou seja, &eacute; avaliado se a reda&ccedil;&atilde;o do participante est&aacute; de acordo com as regras de ortografia, como acentua&ccedil;&atilde;o, uso do h&iacute;fen, concord&acirc;ncia verbal e nominal, reg&ecirc;ncia verbal e nominal, pronomes, pontua&ccedil;&atilde;o e crase.<\/p><h3 class=\"wp-block-heading\" id=\"h-2-compreender-o-tema-e-nao-fugir-da-proposta\">2 &ndash; Compreender o tema e n&atilde;o fugir da proposta<\/h3><p>Essa compet&ecirc;ncia avalia a capacidade do candidato de compreender a proposta, redigir o texto dentro da estrutura dissertativa e utilizar repert&oacute;rios socioculturais. Dessa maneira, esse crit&eacute;rio avalia as habilidades de leitura e escrita do participante, al&eacute;m da organiza&ccedil;&atilde;o e delimita&ccedil;&atilde;o de um assunto mais extenso.<\/p><h3 class=\"wp-block-heading\" id=\"h-3-organizacao-das-ideias\">3 &ndash; Organiza&ccedil;&atilde;o das ideias<\/h3><p>O candidato deve escrever um texto dissertativo-argumentativo que apresenta clareza em suas ideias e argumentos, justificando sua posi&ccedil;&atilde;o em rela&ccedil;&atilde;o ao tema proposto. Desse modo, essa compet&ecirc;ncia avalia a coer&ecirc;ncia e a plausibilidade entre as ideias apresentadas no texto, al&eacute;m da organiza&ccedil;&atilde;o das ideias.<\/p><p>Essa compet&ecirc;ncia tamb&eacute;m avalia a argumenta&ccedil;&atilde;o, ao passo que o candidato deve apresentar seu ponto de vista de forma clara e convincente.<\/p><h3 class=\"wp-block-heading\" id=\"h-4-coesao-e-coerencia-na-redacao\">4 &ndash; Coes&atilde;o e coer&ecirc;ncia na reda&ccedil;&atilde;o<\/h3><p>A quarta compet&ecirc;ncia avalia o candidato a respeito da organiza&ccedil;&atilde;o textual, em que os par&aacute;grafos e frases devem estar conectadas entre si, garantindo uma sequ&ecirc;ncia coerente e interdepend&ecirc;ncia na reda&ccedil;&atilde;o.<\/p><h3 class=\"wp-block-heading\" id=\"h-5-proposta-de-intervencao\">5 &ndash; Proposta de Interven&ccedil;&atilde;o<\/h3><p>O candidato deve escrever uma proposta de interven&ccedil;&atilde;o para a tem&aacute;tica, ou seja, apontar uma iniciativa para enfrentar o problema proposto. Para a proposta de interven&ccedil;&atilde;o ser considerada completa, &eacute; preciso ter cinco elementos, sendo eles: agente, a&ccedil;&atilde;o, meio, finalidade e detalhamento, al&eacute;m de estar de acordo com os direitos humanos.<\/p><p class=\"wp-block-verse\"><strong>Confira ainda:<\/strong><br><a href=\"https:\/\/vestibulares.estrategia.com\/portal\/redacao\/competencias-redacao-enem\/\">+ Quais s&atilde;o as 5 compet&ecirc;ncias da reda&ccedil;&atilde;o do Enem?<br><\/a><a href=\"https:\/\/vestibulares.estrategia.com\/portal\/enem-e-vestibulares\/enem\/o-enem-e-um-vestibular\/\">+ O Enem &eacute; um vestibular?<\/a><\/p><h2 class=\"wp-block-heading\" id=\"h-o-que-pode-zerar-a-redacao-do-enem\"><span class=\"ez-toc-section\" id=\"O-que-pode-zerar-a-redacao-do-Enem\"><\/span>O que pode zerar a reda&ccedil;&atilde;o do Enem?<span class=\"ez-toc-section-end\"><\/span><\/h2><p>Veja o que pode anular a reda&ccedil;&atilde;o, segundo o <a href=\"https:\/\/vestibulares.estrategia.com\/portal\/noticias\/edital-enem-2025-completo-datas-inscricoes-provas-e-resultado\/\">edital<\/a> da prova:<\/p><ul class=\"wp-block-list\">\n<li>N&atilde;o atender &agrave; proposta solicitada ou possua outra estrutura textual que n&atilde;o seja a estrutura dissertativo-argumentativa, o que configurar&aacute; &ldquo;Fuga ao tema\/n&atilde;o atendimento &agrave; estrutura dissertativo-argumentativa&rdquo;;<\/li>\n\n\n\n<li>N&atilde;o apresentar texto escrito na Folha de Reda&ccedil;&atilde;o, que ser&aacute; considerada &ldquo;Em Branco&rdquo;;<\/li>\n\n\n\n<li>Apresentar at&eacute; sete linhas manuscritas, qualquer que seja o conte&uacute;do, o que configurar&aacute; &ldquo;Texto insuficiente&rdquo; ou apresente at&eacute; 10 linhas escritas no sistema braile, qualquer que seja o conte&uacute;do, o que configurar&aacute; &ldquo;Texto insuficiente&rdquo;;<\/li>\n\n\n\n<li>Apresentar improp&eacute;rios, desenhos e outras formas propositais de anula&ccedil;&atilde;o, o que configurar&aacute; &ldquo;Anulada&rdquo;;<\/li>\n\n\n\n<li>Apresentar parte do texto deliberadamente desconectada com o tema proposto, o que configurar&aacute; &ldquo;Anulada&rdquo;;<\/li>\n\n\n\n<li>Apresentar nome, assinatura, rubrica ou qualquer outra forma de identifica&ccedil;&atilde;o no espa&ccedil;o destinado exclusivamente ao texto da reda&ccedil;&atilde;o, o que configurar&aacute; &ldquo;Anulada&rdquo;;<\/li>\n\n\n\n<li>Esteja escrita predominante ou integralmente em l&iacute;ngua estrangeira;<\/li>\n\n\n\n<li>Apresentar letra ileg&iacute;vel, que impossibilite sua leitura por dois avaliadores independentes, o que configurar&aacute; &ldquo;Anulada&rdquo;.<\/li>\n<\/ul><p>Al&eacute;m disso, &ldquo;a reda&ccedil;&atilde;o que apresentar c&oacute;pia dos textos da Proposta de Reda&ccedil;&atilde;o ou do Caderno de Provas ter&aacute; o n&uacute;mero de linhas copiadas desconsiderado para a contagem do n&uacute;mero m&iacute;nimo de linhas.&rdquo;<\/p><p class=\"wp-block-verse\"><strong>Leia tamb&eacute;m:<\/strong><br><a href=\"https:\/\/vestibulares.estrategia.com\/portal\/redacao\/como-usar-a-coletanea-da-redacao-sem-erro\/\">+ Como usar a colet&acirc;nea da reda&ccedil;&atilde;o sem erro?<br><\/a><a href=\"https:\/\/vestibulares.estrategia.com\/portal\/materias\/redacao\/quanto-vale-a-redacao-na-nota-final-dos-vestibulares-e-do-enem\/\">+ Quanto vale a reda&ccedil;&atilde;o na nota final dos vestibulares e do Enem?<br><\/a><a href=\"https:\/\/vestibulares.estrategia.com\/portal\/materias\/redacao\/tendencias-da-redacao-do-enem\/\">+ Tend&ecirc;ncias da reda&ccedil;&atilde;o do Enem<\/a><\/p><p>\n\n\n\n<div class=\"estrategia-catalog\"><h3>Estude para o Enem<\/h3><div class=\"carrossel-product\"><div><h4><strong>ENEM TOP - 24 Meses<\/strong><\/h4><div class=\"cat-description\">O ENEM Top \u00e9 o pacote de prepara\u00e7\u00e3o intensiva do Estrat\u00e9gia Vestibulares para o Exame Nacional do Ensino M\u00e9dio. Com ele, voc\u00ea ter\u00e1 acesso a conte\u00fados e ferramentas que aceleram seus estudos e o aproximam da aprova\u00e7\u00e3o nas principais universidades do pa\u00eds.<\/div><div class=\"cat-price\"><span>12x<\/span> R$ 199,75<\/div><div class=\"cat-sale\">No Cart\u00e3o de Cr\u00e9dito ou 10% de desconto no Boleto ou Pix \u00e0 vista: R$ 2.157,30<\/div><br><a href=\"https:\/\/vestibulares.estrategia.com\/curso\/enem-top-24-meses\/?utm_source=portal&amp;utm_medium=post&amp;utm_campaign=evest-x-vd-seo-portal-v-catalogo\" class=\"estrategia-button\" target=\"_blank\">Saiba mais<\/a><\/div><div><h4><strong>ENEM MED Exclusive - 24 Meses<\/strong><\/h4><div class=\"cat-description\">O ENEM Med Exclusive \u00e9 o pacote de prepara\u00e7\u00e3o completa do Estrat\u00e9gia Vestibulares voltado especialmente para quem deseja ingressar em Medicina por meio do Exame Nacional do Ensino M\u00e9dio (ENEM). Com uma metodologia direcionada e materiais selecionados, voc\u00ea poder\u00e1 ter seus estudos realizados de forma integral com especialistas, se aproximando cada vez mais da t\u00e3o sonhada aprova\u00e7\u00e3o em um dos cursos mais concorridos do pa\u00eds.<\/div><div class=\"cat-price\"><span>12x<\/span> R$ 249,75<\/div><div class=\"cat-sale\">No Cart\u00e3o de Cr\u00e9dito ou 10% de desconto no Boleto ou Pix \u00e0 vista: R$ 2.697,30<\/div><br><a href=\"https:\/\/vestibulares.estrategia.com\/curso\/enem-med-exclusive-24-meses\/?utm_source=portal&amp;utm_medium=post&amp;utm_campaign=evest-x-vd-seo-portal-v-catalogo\" class=\"estrategia-button\" target=\"_blank\">Saiba mais<\/a><\/div><div><h4><strong>ENEM MED Exclusive - 12 Meses<\/strong><\/h4><div class=\"cat-description\">O ENEM Med Exclusive \u00e9 o pacote de prepara\u00e7\u00e3o completa do Estrat\u00e9gia Vestibulares voltado especialmente para quem deseja ingressar em Medicina por meio do Exame Nacional do Ensino M\u00e9dio (ENEM). Com uma metodologia direcionada e materiais selecionados, voc\u00ea poder\u00e1 ter seus estudos realizados de forma integral com especialistas, se aproximando cada vez mais da t\u00e3o sonhada aprova\u00e7\u00e3o em um dos cursos mais concorridos do pa\u00eds.<\/div><div class=\"cat-price\"><span>12x<\/span> R$ 174,75<\/div><div class=\"cat-sale\">No Cart\u00e3o de Cr\u00e9dito ou 10% de desconto no Boleto ou Pix \u00e0 vista: R$ 1.887,30<\/div><br><a href=\"https:\/\/vestibulares.estrategia.com\/curso\/enem-med-exclusive-12-meses\/?utm_source=portal&amp;utm_medium=post&amp;utm_campaign=evest-x-vd-seo-portal-v-catalogo\" class=\"estrategia-button\" target=\"_blank\">Saiba mais<\/a><\/div><div><h4><strong>ENEM TOP - 12 Meses<\/strong><\/h4><div class=\"cat-description\">O ENEM Top \u00e9 o pacote de prepara\u00e7\u00e3o intensiva do Estrat\u00e9gia Vestibulares para o Exame Nacional do Ensino M\u00e9dio. Com ele, voc\u00ea ter\u00e1 acesso a conte\u00fados e ferramentas que aceleram seus estudos e o aproximam da aprova\u00e7\u00e3o nas principais universidades do pa\u00eds.<\/div><div class=\"cat-price\"><span>12x<\/span> R$ 141,41<\/div><div class=\"cat-sale\">No Cart\u00e3o de Cr\u00e9dito ou 10% de desconto no Boleto ou Pix \u00e0 vista: R$ 1.527,30<\/div><br><a href=\"https:\/\/vestibulares.estrategia.com\/curso\/enem-top-12-meses\/?utm_source=portal&amp;utm_medium=post&amp;utm_campaign=evest-x-vd-seo-portal-v-catalogo\" class=\"estrategia-button\" target=\"_blank\">Saiba mais<\/a><\/div><div><h4><strong>Curso Interativo ENEM - Gram\u00e1tica e Interpreta\u00e7\u00e3o de Texto - Prof.\u00aa Celina Gil<\/strong><\/h4><div class=\"cat-description\">Curso Interativo ENEM - Gram\u00e1tica e Interpreta\u00e7\u00e3o de Texto - Prof.\u00aa Celina Gil<\/div><div class=\"cat-price\"><span>12x<\/span> R$ 20,83<\/div><div class=\"cat-sale\">No Cart\u00e3o de Cr\u00e9dito ou 10% de desconto no Boleto ou Pix \u00e0 vista: R$ 225,00<\/div><br><a href=\"https:\/\/vestibulares.estrategia.com\/curso\/curso-interativo-enem-gramatica-e-interpretaco-de-texto-prof-celina-gil\/?utm_source=portal&amp;utm_medium=post&amp;utm_campaign=evest-x-vd-seo-portal-v-catalogo\" class=\"estrategia-button\" target=\"_blank\">Saiba mais<\/a><\/div><div><h4><strong>Curso Interativo ENEM - Matem\u00e1tica - Prof. Mar\u00e7al Ferreira<\/strong><\/h4><div class=\"cat-description\">Curso Interativo ENEM - Matem\u00e1tica - Prof. Mar\u00e7al Ferreira<\/div><div class=\"cat-price\"><span>12x<\/span> R$ 20,83<\/div><div class=\"cat-sale\">No Cart\u00e3o de Cr\u00e9dito ou 10% de desconto no Boleto ou Pix \u00e0 vista: R$ 225,00<\/div><br><a href=\"https:\/\/vestibulares.estrategia.com\/curso\/curso-interativo-enem-matematica-prof-marcal-ferreira\/?utm_source=portal&amp;utm_medium=post&amp;utm_campaign=evest-x-vd-seo-portal-v-catalogo\" class=\"estrategia-button\" target=\"_blank\">Saiba mais<\/a><\/div><div><h4><strong>Curso Interativo ENEM - Matem\u00e1tica - Prof. Andrew Cazemiro<\/strong><\/h4><div class=\"cat-description\">Curso Interativo ENEM - Matem\u00e1tica - Prof. Andrew Cazemiro<\/div><div class=\"cat-price\"><span>12x<\/span> R$ 20,83<\/div><div class=\"cat-sale\">No Cart\u00e3o de Cr\u00e9dito ou 10% de desconto no Boleto ou Pix \u00e0 vista: R$ 225,00<\/div><br><a href=\"https:\/\/vestibulares.estrategia.com\/curso\/curso-interativo-enem-matematica-prof-andrew-cazemiro\/?utm_source=portal&amp;utm_medium=post&amp;utm_campaign=evest-x-vd-seo-portal-v-catalogo\" class=\"estrategia-button\" target=\"_blank\">Saiba mais<\/a><\/div><div><h4><strong>Curso Interativo ENEM - Hist\u00f3ria - Prof.\u00aa Al\u00ea Lopes<\/strong><\/h4><div class=\"cat-description\">Curso Interativo ENEM - Hist\u00f3ria - Prof.\u00aa Al\u00ea Lopes<\/div><div class=\"cat-price\"><span>12x<\/span> R$ 41,66<\/div><div class=\"cat-sale\">No Cart\u00e3o de Cr\u00e9dito ou 10% de desconto no Boleto ou Pix \u00e0 vista: R$ 450,00<\/div><br><a href=\"https:\/\/vestibulares.estrategia.com\/curso\/curso-interativo-enem-historia-prof-ale-lopes\/?utm_source=portal&amp;utm_medium=post&amp;utm_campaign=evest-x-vd-seo-portal-v-catalogo\" class=\"estrategia-button\" target=\"_blank\">Saiba mais<\/a><\/div><div><h4><strong>Curso Interativo ENEM - Hist\u00f3ria - Prof. Marco T\u00falio<\/strong><\/h4><div class=\"cat-description\">Curso Interativo ENEM - Hist\u00f3ria - Prof. Marco T\u00falio<\/div><div class=\"cat-price\"><span>12x<\/span> R$ 33,33<\/div><div class=\"cat-sale\">No Cart\u00e3o de Cr\u00e9dito ou 10% de desconto no Boleto ou Pix \u00e0 vista: R$ 360,00<\/div><br><a href=\"https:\/\/vestibulares.estrategia.com\/curso\/curso-interativo-enem-historia-prof-marco-tulio\/?utm_source=portal&amp;utm_medium=post&amp;utm_campaign=evest-x-vd-seo-portal-v-catalogo\" class=\"estrategia-button\" target=\"_blank\">Saiba mais<\/a><\/div><div><h4><strong>Curso Interativo ENEM - Geografia - Prof. Saulo Takami<\/strong><\/h4><div class=\"cat-description\">Curso Interativo ENEM - Geografia - Prof. Saulo Takami<\/div><div class=\"cat-price\"><span>12x<\/span> R$ 33,33<\/div><div class=\"cat-sale\">No Cart\u00e3o de Cr\u00e9dito ou 10% de desconto no Boleto ou Pix \u00e0 vista: R$ 360,00<\/div><br><a href=\"https:\/\/vestibulares.estrategia.com\/curso\/curso-interativo-enem-geografia-prof-saulo-takami\/?utm_source=portal&amp;utm_medium=post&amp;utm_campaign=evest-x-vd-seo-portal-v-catalogo\" class=\"estrategia-button\" target=\"_blank\">Saiba mais<\/a><\/div><\/div><\/div>\n\n\n\n<\/p><h2 class=\"wp-block-heading\" id=\"h-enem-no-estado-do-para\"><span class=\"ez-toc-section\" id=\"Enem-no-Estado-do-Para\"><\/span>Enem no Estado do Par&aacute;<span class=\"ez-toc-section-end\"><\/span><\/h2><p>As cidades de Bel&eacute;m, Ananindeua e Marituba, no Par&aacute;, ter&atilde;o datas de aplica&ccedil;&atilde;o das provas do Enem diferentes do resto do Pa&iacute;s.<\/p><p>O motivo da altera&ccedil;&atilde;o &eacute; a realiza&ccedil;&atilde;o da COP 30 em Bel&eacute;m, entre os dias 10 e 21 de novembro. Al&eacute;m da mudan&ccedil;a nos dias de aplica&ccedil;&atilde;o, a data de divulga&ccedil;&atilde;o do gabarito tamb&eacute;m ser&aacute; alterada, j&aacute; que o documento &eacute; publicado at&eacute; o 10&ordm; dia &uacute;ltimo ap&oacute;s o segundo dia de provas.<\/p><p class=\"wp-block-verse\"><strong>Saiba mais:<\/strong><br>+ <a href=\"https:\/\/vestibulares.estrategia.com\/portal\/enem-e-vestibulares\/as-provas-do-enem-2025-serao-iguais-no-para-e-no-resto-do-brasil\/\">As provas do Enem 2025 ser&atilde;o iguais no Par&aacute; e no resto do Brasil?<\/a><\/p><h2 class=\"wp-block-heading\" id=\"h-calendario-enem-2025\"><span class=\"ez-toc-section\" id=\"Calendario-Enem-2025\"><\/span>Calend&aacute;rio Enem 2025<span class=\"ez-toc-section-end\"><\/span><\/h2><ul class=\"wp-block-list\">\n<li><strong>Publica&ccedil;&atilde;o do edital: <\/strong>23\/05\/2025;<\/li>\n\n\n\n<li><strong>Justificativa de aus&ecirc;ncia no Enem 2024 e solicita&ccedil;&atilde;o de isen&ccedil;&atilde;o de pagamento da taxa de inscri&ccedil;&atilde;o para o Enem 2025:<\/strong> 14 a 25\/04\/2025;<\/li>\n\n\n\n<li><strong>Inscri&ccedil;&otilde;es: <\/strong>26\/05 a 06\/06\/2025;<\/li>\n\n\n\n<li><strong>Pagamento da taxa de inscri&ccedil;&atilde;o:<\/strong> at&eacute; 11\/06\/2025;<\/li>\n\n\n\n<li><strong>Solicita&ccedil;&atilde;o de atendimento especial e tratamento por nome social:<\/strong> 26\/05 a 06\/06\/2025;<\/li>\n\n\n\n<li><strong>Resultado do atendimento especial e tratamento por nome social: <\/strong>13\/06\/2025;<\/li>\n\n\n\n<li><strong>Aplica&ccedil;&atilde;o Enem 2025:<\/strong>\n<ul class=\"wp-block-list\">\n<li>1&ordm; dia: 09\/11\/2025 &ndash; 5h30 de dura&ccedil;&atilde;o;<\/li>\n\n\n\n<li>2&ordm; dia: 16\/11\/2025 &ndash; 5h de dura&ccedil;&atilde;o;<\/li>\n<\/ul>\n<\/li>\n\n\n\n<li><strong>Aplica&ccedil;&atilde;o em Bel&eacute;m-PA, Ananindeua-PA e Marituba-PA:<\/strong>\n<ul class=\"wp-block-list\">\n<li>1&ordm; dia: 30\/11 &ndash; 5h30 de dura&ccedil;&atilde;o;<\/li>\n\n\n\n<li>2&ordm; dia: 07\/12\/2025 &ndash; 5h de dura&ccedil;&atilde;o;<\/li>\n<\/ul>\n<\/li>\n\n\n\n<li><strong>Gabarito Enem 2025:<\/strong> at&eacute; o 10&deg; dia &uacute;til ap&oacute;s o 2&deg; dia de aplica&ccedil;&atilde;o.<\/li>\n\n\n\n<li><strong>Resultado Enem 2025: <\/strong>16\/01\/2026.<\/li>\n<\/ul><h2 class=\"wp-block-heading\" id=\"h-como-estudar-para-o-enem-2025\"><span class=\"ez-toc-section\" id=\"Como-estudar-para-o-Enem-2025\"><\/span>Como estudar para o Enem 2025?<span class=\"ez-toc-section-end\"><\/span><\/h2><p>Para te ajudar, o Estrat&eacute;gia Vestibulares oferece diariamente aulas gratuitas no <a href=\"https:\/\/www.youtube.com\/channel\/UCGWdZy8ULI-7_5GrABa4vNA\" target=\"_blank\" rel=\"noopener noreferrer\">YouTube<\/a> sobre todas as mat&eacute;rias que caem no Enem e em diversos vestibulares brasileiros.<\/p><p>Al&eacute;m disso, para aqueles que querem investir nos estudos, a plataforma tamb&eacute;m oferece um curso preparat&oacute;rio exclusivo sobre o Enem 2025, com professores especialistas na prova e com diversos benef&iacute;cios. D&aacute; s&oacute; uma olhada:&nbsp;<\/p><ul class=\"wp-block-list\">\n<li>Curso com livros digitais;<\/li>\n\n\n\n<li>Corre&ccedil;&atilde;o ilimitada de <a href=\"https:\/\/vestibulares.estrategia.com\/portal\/enem-e-vestibulares\/vestibulares\/curso-de-redacao-para-o-vestibular-saiba-mais-detalhes-e-como-escolher-o-seu\/\">reda&ccedil;&otilde;es<\/a>;<\/li>\n\n\n\n<li>F&oacute;rum de d&uacute;vidas;<\/li>\n\n\n\n<li><a href=\"https:\/\/vestibulares.estrategia.com\/portal\/eventos\/simulados-vestibulares\/\">Simulados<\/a> com quest&otilde;es in&eacute;ditas;<\/li>\n\n\n\n<li>Quest&otilde;es comentadas;<\/li>\n\n\n\n<li>Mapas mentais; e<\/li>\n\n\n\n<li>Entre muitas outras vantagens.<\/li>\n<\/ul><p>Ficou interessado? Ent&atilde;o, clique no bot&atilde;o e veja tudo sobre os cursos oferecidos pelo Estrat&eacute;gia Vestibulares<\/p><p>\n\n\n\n<a id=\"cta\" class=\"cta-imagem\" href=\"https:\/\/vestibulares.estrategia.com\/curso\/pacote-enem\/\" target=\"blank\">\n                <img decoding=\"async\" width=\"100%\" src=\"https:\/\/vestibulares.estrategia.com\/portal\/wp-content\/uploads\/2021\/12\/Enem.jpg\" alt=\"CTA curso Enem\" title=\"CTA curso Enem\">\n        <\/a>\n<\/p><\/p>\n","protected":false},"excerpt":{"rendered":"Com hist\u00f3rico de acerto, nove professores deram seus palpites, que variam, principalmente, entre temas ambientais e digitais; confira\n","protected":false},"author":48,"featured_media":147704,"comment_status":"closed","ping_status":"closed","sticky":false,"template":"","format":"standard","meta":{"wl_entities_gutenberg":"","footnotes":""},"categories":[43],"tags":[],"wl_entity_type":[732],"class_list":{"0":"post-147703","1":"post","2":"type-post","3":"status-publish","4":"format-standard","5":"has-post-thumbnail","7":"category-enem","8":"wl_entity_type-article"},"acf":[],"yoast_head":"<!-- This site is optimized with the Yoast SEO Premium plugin v25.9 (Yoast SEO v25.9) - https:\/\/yoast.com\/wordpress\/plugins\/seo\/ -->\n<title>Tema de reda\u00e7\u00e3o Enem 2025: veja os palpites dos professores do Estrat\u00e9gia Vestibulares<\/title>\n<meta name=\"description\" content=\"Com hist\u00f3rico de acerto, nove professores deram seus palpites, que variam, principalmente, entre temas ambientais e digitais; confira\" \/>\n<meta name=\"robots\" content=\"index, follow, max-snippet:-1, max-image-preview:large, max-video-preview:-1\" \/>\n<link rel=\"canonical\" href=\"https:\/\/vestibulares.estrategia.com\/portal\/enem-e-vestibulares\/enem\/tema-de-redacao-enem-2025-palpites-professores\/\" \/>\n<meta property=\"og:locale\" content=\"pt_BR\" \/>\n<meta property=\"og:type\" content=\"article\" \/>\n<meta property=\"og:title\" content=\"Tema de reda\u00e7\u00e3o Enem 2025: veja os palpites dos professores do Estrat\u00e9gia Vestibulares\" \/>\n<meta property=\"og:description\" content=\"Com hist\u00f3rico de acerto, nove professores deram seus palpites, que variam, principalmente, entre temas ambientais e digitais; confira\" \/>\n<meta property=\"og:url\" content=\"https:\/\/vestibulares.estrategia.com\/portal\/enem-e-vestibulares\/enem\/tema-de-redacao-enem-2025-palpites-professores\/\" \/>\n<meta property=\"og:site_name\" content=\"Estrat\u00e9gia Vestibulares\" \/>\n<meta property=\"article:publisher\" content=\"https:\/\/facebook.com\/estrategiavestibulares\" \/>\n<meta property=\"article:published_time\" content=\"2025-10-31T22:20:20+00:00\" \/>\n<meta property=\"article:modified_time\" content=\"2025-11-14T13:45:24+00:00\" \/>\n<meta property=\"og:image\" content=\"https:\/\/vestibulares.estrategia.com\/portal\/wp-content\/uploads\/2025\/10\/redacao-enem-1.jpg\" \/>\n\t<meta property=\"og:image:width\" content=\"1280\" \/>\n\t<meta property=\"og:image:height\" content=\"720\" \/>\n\t<meta property=\"og:image:type\" content=\"image\/jpeg\" \/>\n<meta name=\"author\" content=\"Beatriz Santana\" \/>\n<meta name=\"twitter:card\" content=\"summary_large_image\" \/>\n<meta name=\"twitter:creator\" content=\"@Estrategiavest\" \/>\n<meta name=\"twitter:site\" content=\"@Estrategiavest\" \/>\n<meta name=\"twitter:label1\" content=\"Escrito por\" \/>\n\t<meta name=\"twitter:data1\" content=\"Beatriz Santana\" \/>\n\t<meta name=\"twitter:label2\" content=\"Est. tempo de leitura\" \/>\n\t<meta name=\"twitter:data2\" content=\"13 minutos\" \/>\n<script type=\"application\/ld+json\" class=\"yoast-schema-graph\">{\"@context\":\"https:\/\/schema.org\",\"@graph\":[{\"@type\":\"Article\",\"@id\":\"https:\/\/vestibulares.estrategia.com\/portal\/enem-e-vestibulares\/enem\/tema-de-redacao-enem-2025-palpites-professores\/#article\",\"isPartOf\":{\"@id\":\"https:\/\/vestibulares.estrategia.com\/portal\/enem-e-vestibulares\/enem\/tema-de-redacao-enem-2025-palpites-professores\/\"},\"author\":{\"name\":\"Beatriz Santana\",\"@id\":\"https:\/\/vestibulares.estrategia.com\/portal\/#\/schema\/person\/cdd941dcf53839374c0bc8d39bb0230f\"},\"headline\":\"Tema de reda\u00e7\u00e3o Enem 2025: veja os palpites dos professores do Estrat\u00e9gia Vestibulares\",\"datePublished\":\"2025-10-31T22:20:20+00:00\",\"dateModified\":\"2025-11-14T13:45:24+00:00\",\"mainEntityOfPage\":{\"@id\":\"https:\/\/vestibulares.estrategia.com\/portal\/enem-e-vestibulares\/enem\/tema-de-redacao-enem-2025-palpites-professores\/\"},\"wordCount\":2678,\"publisher\":{\"@id\":\"https:\/\/vestibulares.estrategia.com\/portal\/#organization\"},\"image\":{\"@id\":\"https:\/\/vestibulares.estrategia.com\/portal\/enem-e-vestibulares\/enem\/tema-de-redacao-enem-2025-palpites-professores\/#primaryimage\"},\"thumbnailUrl\":\"https:\/\/vestibulares.estrategia.com\/portal\/wp-content\/uploads\/2025\/10\/redacao-enem-1.jpg\",\"articleSection\":[\"Enem\"],\"inLanguage\":\"pt-BR\"},{\"@type\":\"WebPage\",\"@id\":\"https:\/\/vestibulares.estrategia.com\/portal\/enem-e-vestibulares\/enem\/tema-de-redacao-enem-2025-palpites-professores\/\",\"url\":\"https:\/\/vestibulares.estrategia.com\/portal\/enem-e-vestibulares\/enem\/tema-de-redacao-enem-2025-palpites-professores\/\",\"name\":\"Tema de reda\u00e7\u00e3o Enem 2025: veja os palpites dos professores do Estrat\u00e9gia Vestibulares\",\"isPartOf\":{\"@id\":\"https:\/\/vestibulares.estrategia.com\/portal\/#website\"},\"primaryImageOfPage\":{\"@id\":\"https:\/\/vestibulares.estrategia.com\/portal\/enem-e-vestibulares\/enem\/tema-de-redacao-enem-2025-palpites-professores\/#primaryimage\"},\"image\":{\"@id\":\"https:\/\/vestibulares.estrategia.com\/portal\/enem-e-vestibulares\/enem\/tema-de-redacao-enem-2025-palpites-professores\/#primaryimage\"},\"thumbnailUrl\":\"https:\/\/vestibulares.estrategia.com\/portal\/wp-content\/uploads\/2025\/10\/redacao-enem-1.jpg\",\"datePublished\":\"2025-10-31T22:20:20+00:00\",\"dateModified\":\"2025-11-14T13:45:24+00:00\",\"description\":\"Com hist\u00f3rico de acerto, nove professores deram seus palpites, que variam, principalmente, entre temas ambientais e digitais; confira\",\"breadcrumb\":{\"@id\":\"https:\/\/vestibulares.estrategia.com\/portal\/enem-e-vestibulares\/enem\/tema-de-redacao-enem-2025-palpites-professores\/#breadcrumb\"},\"inLanguage\":\"pt-BR\",\"potentialAction\":[{\"@type\":\"ReadAction\",\"target\":[\"https:\/\/vestibulares.estrategia.com\/portal\/enem-e-vestibulares\/enem\/tema-de-redacao-enem-2025-palpites-professores\/\"]}]},{\"@type\":\"ImageObject\",\"inLanguage\":\"pt-BR\",\"@id\":\"https:\/\/vestibulares.estrategia.com\/portal\/enem-e-vestibulares\/enem\/tema-de-redacao-enem-2025-palpites-professores\/#primaryimage\",\"url\":\"https:\/\/vestibulares.estrategia.com\/portal\/wp-content\/uploads\/2025\/10\/redacao-enem-1.jpg\",\"contentUrl\":\"https:\/\/vestibulares.estrategia.com\/portal\/wp-content\/uploads\/2025\/10\/redacao-enem-1.jpg\",\"width\":1280,\"height\":720,\"caption\":\"Palpites temas de reda\u00e7\u00e3o Enem\"},{\"@type\":\"BreadcrumbList\",\"@id\":\"https:\/\/vestibulares.estrategia.com\/portal\/enem-e-vestibulares\/enem\/tema-de-redacao-enem-2025-palpites-professores\/#breadcrumb\",\"itemListElement\":[{\"@type\":\"ListItem\",\"position\":1,\"name\":\"Home\",\"item\":\"https:\/\/vestibulares.estrategia.com\/portal\/\"},{\"@type\":\"ListItem\",\"position\":2,\"name\":\"Enem e Vestibulares\",\"item\":\"https:\/\/vestibulares.estrategia.com\/portal\/enem-e-vestibulares\/\"},{\"@type\":\"ListItem\",\"position\":3,\"name\":\"Enem\",\"item\":\"https:\/\/vestibulares.estrategia.com\/portal\/enem-e-vestibulares\/enem\/\"},{\"@type\":\"ListItem\",\"position\":4,\"name\":\"Tema de reda\u00e7\u00e3o Enem 2025: veja os palpites dos professores do Estrat\u00e9gia Vestibulares\"}]},{\"@type\":\"WebSite\",\"@id\":\"https:\/\/vestibulares.estrategia.com\/portal\/#website\",\"url\":\"https:\/\/vestibulares.estrategia.com\/portal\/\",\"name\":\"Estrat\u00e9gia Vestibulares\",\"description\":\"\",\"publisher\":{\"@id\":\"https:\/\/vestibulares.estrategia.com\/portal\/#organization\"},\"potentialAction\":[{\"@type\":\"SearchAction\",\"target\":{\"@type\":\"EntryPoint\",\"urlTemplate\":\"https:\/\/vestibulares.estrategia.com\/portal\/?s={search_term_string}\"},\"query-input\":{\"@type\":\"PropertyValueSpecification\",\"valueRequired\":true,\"valueName\":\"search_term_string\"}}],\"inLanguage\":\"pt-BR\"},{\"@type\":\"Organization\",\"@id\":\"https:\/\/vestibulares.estrategia.com\/portal\/#organization\",\"name\":\"Estrat\u00e9gia Vestibulares\",\"url\":\"https:\/\/vestibulares.estrategia.com\/portal\/\",\"logo\":{\"@type\":\"ImageObject\",\"inLanguage\":\"pt-BR\",\"@id\":\"https:\/\/vestibulares.estrategia.com\/portal\/#\/schema\/logo\/image\/\",\"url\":\"https:\/\/vestibulares.estrategia.com\/portal\/wp-content\/uploads\/2021\/06\/Logo-Vestibulares@4x.png\",\"contentUrl\":\"https:\/\/vestibulares.estrategia.com\/portal\/wp-content\/uploads\/2021\/06\/Logo-Vestibulares@4x.png\",\"width\":250,\"height\":66,\"caption\":\"Estrat\u00e9gia Vestibulares\"},\"image\":{\"@id\":\"https:\/\/vestibulares.estrategia.com\/portal\/#\/schema\/logo\/image\/\"},\"sameAs\":[\"https:\/\/facebook.com\/estrategiavestibulares\",\"https:\/\/x.com\/Estrategiavest\",\"https:\/\/www.instagram.com\/estrategiavestibulares\",\"https:\/\/www.youtube.com\/channel\/UCGWdZy8ULI-7_5GrABa4vNA\"]},{\"@type\":\"Person\",\"@id\":\"https:\/\/vestibulares.estrategia.com\/portal\/#\/schema\/person\/cdd941dcf53839374c0bc8d39bb0230f\",\"name\":\"Beatriz Santana\",\"image\":{\"@type\":\"ImageObject\",\"inLanguage\":\"pt-BR\",\"@id\":\"https:\/\/vestibulares.estrategia.com\/portal\/#\/schema\/person\/image\/\",\"url\":\"https:\/\/vestibulares.estrategia.com\/portal\/wp-content\/uploads\/2022\/01\/WhatsApp-Image-2021-10-21-at-10.19.09-1-150x150.webp\",\"contentUrl\":\"https:\/\/vestibulares.estrategia.com\/portal\/wp-content\/uploads\/2022\/01\/WhatsApp-Image-2021-10-21-at-10.19.09-1-150x150.webp\",\"caption\":\"Beatriz Santana\"},\"description\":\"Jornalista formada pela Unesp\",\"url\":\"https:\/\/vestibulares.estrategia.com\/portal\/author\/beatriz-santana\/\"}]}<\/script>\n<!-- \/ Yoast SEO Premium plugin. -->","yoast_head_json":{"title":"Tema de reda\u00e7\u00e3o Enem 2025: veja os palpites dos professores do Estrat\u00e9gia Vestibulares","description":"Com hist\u00f3rico de acerto, nove professores deram seus palpites, que variam, principalmente, entre temas ambientais e digitais; confira","robots":{"index":"index","follow":"follow","max-snippet":"max-snippet:-1","max-image-preview":"max-image-preview:large","max-video-preview":"max-video-preview:-1"},"canonical":"https:\/\/vestibulares.estrategia.com\/portal\/enem-e-vestibulares\/enem\/tema-de-redacao-enem-2025-palpites-professores\/","og_locale":"pt_BR","og_type":"article","og_title":"Tema de reda\u00e7\u00e3o Enem 2025: veja os palpites dos professores do Estrat\u00e9gia Vestibulares","og_description":"Com hist\u00f3rico de acerto, nove professores deram seus palpites, que variam, principalmente, entre temas ambientais e digitais; confira","og_url":"https:\/\/vestibulares.estrategia.com\/portal\/enem-e-vestibulares\/enem\/tema-de-redacao-enem-2025-palpites-professores\/","og_site_name":"Estrat\u00e9gia Vestibulares","article_publisher":"https:\/\/facebook.com\/estrategiavestibulares","article_published_time":"2025-10-31T22:20:20+00:00","article_modified_time":"2025-11-14T13:45:24+00:00","og_image":[{"width":1280,"height":720,"url":"https:\/\/vestibulares.estrategia.com\/portal\/wp-content\/uploads\/2025\/10\/redacao-enem-1.jpg","type":"image\/jpeg"}],"author":"Beatriz Santana","twitter_card":"summary_large_image","twitter_creator":"@Estrategiavest","twitter_site":"@Estrategiavest","twitter_misc":{"Escrito por":"Beatriz Santana","Est. tempo de leitura":"13 minutos"},"schema":{"@context":"https:\/\/schema.org","@graph":[{"@type":"Article","@id":"https:\/\/vestibulares.estrategia.com\/portal\/enem-e-vestibulares\/enem\/tema-de-redacao-enem-2025-palpites-professores\/#article","isPartOf":{"@id":"https:\/\/vestibulares.estrategia.com\/portal\/enem-e-vestibulares\/enem\/tema-de-redacao-enem-2025-palpites-professores\/"},"author":{"name":"Beatriz Santana","@id":"https:\/\/vestibulares.estrategia.com\/portal\/#\/schema\/person\/cdd941dcf53839374c0bc8d39bb0230f"},"headline":"Tema de reda\u00e7\u00e3o Enem 2025: veja os palpites dos professores do Estrat\u00e9gia Vestibulares","datePublished":"2025-10-31T22:20:20+00:00","dateModified":"2025-11-14T13:45:24+00:00","mainEntityOfPage":{"@id":"https:\/\/vestibulares.estrategia.com\/portal\/enem-e-vestibulares\/enem\/tema-de-redacao-enem-2025-palpites-professores\/"},"wordCount":2678,"publisher":{"@id":"https:\/\/vestibulares.estrategia.com\/portal\/#organization"},"image":{"@id":"https:\/\/vestibulares.estrategia.com\/portal\/enem-e-vestibulares\/enem\/tema-de-redacao-enem-2025-palpites-professores\/#primaryimage"},"thumbnailUrl":"https:\/\/vestibulares.estrategia.com\/portal\/wp-content\/uploads\/2025\/10\/redacao-enem-1.jpg","articleSection":["Enem"],"inLanguage":"pt-BR"},{"@type":"WebPage","@id":"https:\/\/vestibulares.estrategia.com\/portal\/enem-e-vestibulares\/enem\/tema-de-redacao-enem-2025-palpites-professores\/","url":"https:\/\/vestibulares.estrategia.com\/portal\/enem-e-vestibulares\/enem\/tema-de-redacao-enem-2025-palpites-professores\/","name":"Tema de reda\u00e7\u00e3o Enem 2025: veja os palpites dos professores do Estrat\u00e9gia Vestibulares","isPartOf":{"@id":"https:\/\/vestibulares.estrategia.com\/portal\/#website"},"primaryImageOfPage":{"@id":"https:\/\/vestibulares.estrategia.com\/portal\/enem-e-vestibulares\/enem\/tema-de-redacao-enem-2025-palpites-professores\/#primaryimage"},"image":{"@id":"https:\/\/vestibulares.estrategia.com\/portal\/enem-e-vestibulares\/enem\/tema-de-redacao-enem-2025-palpites-professores\/#primaryimage"},"thumbnailUrl":"https:\/\/vestibulares.estrategia.com\/portal\/wp-content\/uploads\/2025\/10\/redacao-enem-1.jpg","datePublished":"2025-10-31T22:20:20+00:00","dateModified":"2025-11-14T13:45:24+00:00","description":"Com hist\u00f3rico de acerto, nove professores deram seus palpites, que variam, principalmente, entre temas ambientais e digitais; confira","breadcrumb":{"@id":"https:\/\/vestibulares.estrategia.com\/portal\/enem-e-vestibulares\/enem\/tema-de-redacao-enem-2025-palpites-professores\/#breadcrumb"},"inLanguage":"pt-BR","potentialAction":[{"@type":"ReadAction","target":["https:\/\/vestibulares.estrategia.com\/portal\/enem-e-vestibulares\/enem\/tema-de-redacao-enem-2025-palpites-professores\/"]}]},{"@type":"ImageObject","inLanguage":"pt-BR","@id":"https:\/\/vestibulares.estrategia.com\/portal\/enem-e-vestibulares\/enem\/tema-de-redacao-enem-2025-palpites-professores\/#primaryimage","url":"https:\/\/vestibulares.estrategia.com\/portal\/wp-content\/uploads\/2025\/10\/redacao-enem-1.jpg","contentUrl":"https:\/\/vestibulares.estrategia.com\/portal\/wp-content\/uploads\/2025\/10\/redacao-enem-1.jpg","width":1280,"height":720,"caption":"Palpites temas de reda\u00e7\u00e3o Enem"},{"@type":"BreadcrumbList","@id":"https:\/\/vestibulares.estrategia.com\/portal\/enem-e-vestibulares\/enem\/tema-de-redacao-enem-2025-palpites-professores\/#breadcrumb","itemListElement":[{"@type":"ListItem","position":1,"name":"Home","item":"https:\/\/vestibulares.estrategia.com\/portal\/"},{"@type":"ListItem","position":2,"name":"Enem e Vestibulares","item":"https:\/\/vestibulares.estrategia.com\/portal\/enem-e-vestibulares\/"},{"@type":"ListItem","position":3,"name":"Enem","item":"https:\/\/vestibulares.estrategia.com\/portal\/enem-e-vestibulares\/enem\/"},{"@type":"ListItem","position":4,"name":"Tema de reda\u00e7\u00e3o Enem 2025: veja os palpites dos professores do Estrat\u00e9gia Vestibulares"}]},{"@type":"WebSite","@id":"https:\/\/vestibulares.estrategia.com\/portal\/#website","url":"https:\/\/vestibulares.estrategia.com\/portal\/","name":"Estrat\u00e9gia Vestibulares","description":"","publisher":{"@id":"https:\/\/vestibulares.estrategia.com\/portal\/#organization"},"potentialAction":[{"@type":"SearchAction","target":{"@type":"EntryPoint","urlTemplate":"https:\/\/vestibulares.estrategia.com\/portal\/?s={search_term_string}"},"query-input":{"@type":"PropertyValueSpecification","valueRequired":true,"valueName":"search_term_string"}}],"inLanguage":"pt-BR"},{"@type":"Organization","@id":"https:\/\/vestibulares.estrategia.com\/portal\/#organization","name":"Estrat\u00e9gia Vestibulares","url":"https:\/\/vestibulares.estrategia.com\/portal\/","logo":{"@type":"ImageObject","inLanguage":"pt-BR","@id":"https:\/\/vestibulares.estrategia.com\/portal\/#\/schema\/logo\/image\/","url":"https:\/\/vestibulares.estrategia.com\/portal\/wp-content\/uploads\/2021\/06\/Logo-Vestibulares@4x.png","contentUrl":"https:\/\/vestibulares.estrategia.com\/portal\/wp-content\/uploads\/2021\/06\/Logo-Vestibulares@4x.png","width":250,"height":66,"caption":"Estrat\u00e9gia Vestibulares"},"image":{"@id":"https:\/\/vestibulares.estrategia.com\/portal\/#\/schema\/logo\/image\/"},"sameAs":["https:\/\/facebook.com\/estrategiavestibulares","https:\/\/x.com\/Estrategiavest","https:\/\/www.instagram.com\/estrategiavestibulares","https:\/\/www.youtube.com\/channel\/UCGWdZy8ULI-7_5GrABa4vNA"]},{"@type":"Person","@id":"https:\/\/vestibulares.estrategia.com\/portal\/#\/schema\/person\/cdd941dcf53839374c0bc8d39bb0230f","name":"Beatriz Santana","image":{"@type":"ImageObject","inLanguage":"pt-BR","@id":"https:\/\/vestibulares.estrategia.com\/portal\/#\/schema\/person\/image\/","url":"https:\/\/vestibulares.estrategia.com\/portal\/wp-content\/uploads\/2022\/01\/WhatsApp-Image-2021-10-21-at-10.19.09-1-150x150.webp","contentUrl":"https:\/\/vestibulares.estrategia.com\/portal\/wp-content\/uploads\/2022\/01\/WhatsApp-Image-2021-10-21-at-10.19.09-1-150x150.webp","caption":"Beatriz Santana"},"description":"Jornalista formada pela Unesp","url":"https:\/\/vestibulares.estrategia.com\/portal\/author\/beatriz-santana\/"}]}},"_wl_alt_label":[],"wl:entity_url":"https:\/\/data.wordlift.io\/wl110249\/post\/tema-de-redacao-enem-2025-veja-os-palpites-dos-professores-do-estrategia-vestibulares-147703","_links":{"self":[{"href":"https:\/\/vestibulares.estrategia.com\/portal\/wp-json\/wp\/v2\/posts\/147703","targetHints":{"allow":["GET"]}}],"collection":[{"href":"https:\/\/vestibulares.estrategia.com\/portal\/wp-json\/wp\/v2\/posts"}],"about":[{"href":"https:\/\/vestibulares.estrategia.com\/portal\/wp-json\/wp\/v2\/types\/post"}],"author":[{"embeddable":true,"href":"https:\/\/vestibulares.estrategia.com\/portal\/wp-json\/wp\/v2\/users\/48"}],"replies":[{"embeddable":true,"href":"https:\/\/vestibulares.estrategia.com\/portal\/wp-json\/wp\/v2\/comments?post=147703"}],"version-history":[{"count":14,"href":"https:\/\/vestibulares.estrategia.com\/portal\/wp-json\/wp\/v2\/posts\/147703\/revisions"}],"predecessor-version":[{"id":148940,"href":"https:\/\/vestibulares.estrategia.com\/portal\/wp-json\/wp\/v2\/posts\/147703\/revisions\/148940"}],"wp:featuredmedia":[{"embeddable":true,"href":"https:\/\/vestibulares.estrategia.com\/portal\/wp-json\/wp\/v2\/media\/147704"}],"wp:attachment":[{"href":"https:\/\/vestibulares.estrategia.com\/portal\/wp-json\/wp\/v2\/media?parent=147703"}],"wp:term":[{"taxonomy":"category","embeddable":true,"href":"https:\/\/vestibulares.estrategia.com\/portal\/wp-json\/wp\/v2\/categories?post=147703"},{"taxonomy":"post_tag","embeddable":true,"href":"https:\/\/vestibulares.estrategia.com\/portal\/wp-json\/wp\/v2\/tags?post=147703"},{"taxonomy":"wl_entity_type","embeddable":true,"href":"https:\/\/vestibulares.estrategia.com\/portal\/wp-json\/wp\/v2\/wl_entity_type?post=147703"}],"curies":[{"name":"wp","href":"https:\/\/api.w.org\/{rel}","templated":true}]}}