{"id":150157,"date":"2025-11-27T00:18:00","date_gmt":"2025-11-27T03:18:00","guid":{"rendered":"https:\/\/vestibulares.estrategia.com\/portal\/?p=150157"},"modified":"2025-11-26T15:45:33","modified_gmt":"2025-11-26T18:45:33","slug":"prova-coltec-2026-saiba-o-que-levar-horarios-e-instrucoes-do-processo-seletivo","status":"publish","type":"post","link":"https:\/\/vestibulares.estrategia.com\/portal\/noticias\/prova-coltec-2026-saiba-o-que-levar-horarios-e-instrucoes-do-processo-seletivo\/","title":{"rendered":"Prova Coltec 2026: saiba o que levar, hor\u00e1rios e instru\u00e7\u00f5es do processo seletivo"},"content":{"rendered":"<p>O Col&eacute;gio T&eacute;cnico da Universidade Federal de Minas Gerais (<a href=\"https:\/\/vestibulares.estrategia.com\/portal\/vestibulares\/vestibular-coltec\/\">Coltec<\/a>) aplica neste domingo, 30 de novembro, a prova do vestibular 2026. Nesta edi&ccedil;&atilde;o, s&atilde;o ofertadas 180 vagas em cursos t&eacute;cnicos, sendo 50% para candidatos de escolas p&uacute;blicas e 50% para ampla concorr&ecirc;ncia.<p>Confira as informa&ccedil;&otilde;es para a prova, como o que levar, hor&aacute;rios, cor de caneta, e fique preparado!<\/p><p>\n\n\n\n<div class=\"cta-medio\" style=\"background-image: url(https:\/\/vestibulares.estrategia.com\/portal\/wp-content\/uploads\/2024\/08\/curso-enem-e-vestibulares-2-estrategia-vestibulares-ctamedio.png.jpg);\"><h3>Pacote Vestibulares Platinum<\/h3><p>Conhe\u00e7a nosso curso<\/p><div class=\"cta-botao\"><a id=\"cta-medio\" href=\"https:\/\/vestibulares.estrategia.com\/curso\/vestibulares-platinum\/\" target=\"_blank\" style=\"background:rgb(255,150,0)\">Compre agora<\/a><\/div><\/div>\n\n\n\n<\/p><div id=\"ez-toc-container\" class=\"ez-toc-v2_0_76 counter-hierarchy ez-toc-counter ez-toc-transparent ez-toc-container-direction\">\n<div class=\"ez-toc-title-container\"><p class=\"ez-toc-title\" style=\"cursor:inherit\">Navegue pelo conte\u00fado<\/p>\n<\/div><nav><ul class='ez-toc-list ez-toc-list-level-1 ' ><li class='ez-toc-page-1 ez-toc-heading-level-2'><a class=\"ez-toc-link ez-toc-heading-1\" href=\"https:\/\/vestibulares.estrategia.com\/portal\/noticias\/prova-coltec-2026-saiba-o-que-levar-horarios-e-instrucoes-do-processo-seletivo\/#Qual-e-o-horario-do-Vestibular-Coltec-2026\" >Qual &eacute; o hor&aacute;rio do Vestibular Coltec 2026?<\/a><\/li><li class='ez-toc-page-1 ez-toc-heading-level-2'><a class=\"ez-toc-link ez-toc-heading-2\" href=\"https:\/\/vestibulares.estrategia.com\/portal\/noticias\/prova-coltec-2026-saiba-o-que-levar-horarios-e-instrucoes-do-processo-seletivo\/#Qual-e-o-formato-das-provas-do-Vestibular-Coltec-2026\" >Qual &eacute; o formato das provas do Vestibular Coltec 2026?<\/a><\/li><li class='ez-toc-page-1 ez-toc-heading-level-2'><a class=\"ez-toc-link ez-toc-heading-3\" href=\"https:\/\/vestibulares.estrategia.com\/portal\/noticias\/prova-coltec-2026-saiba-o-que-levar-horarios-e-instrucoes-do-processo-seletivo\/#O-que-levar-no-Vestibular-Coltec-2026\" >O que levar no Vestibular Coltec 2026?<\/a><\/li><li class='ez-toc-page-1 ez-toc-heading-level-2'><a class=\"ez-toc-link ez-toc-heading-4\" href=\"https:\/\/vestibulares.estrategia.com\/portal\/noticias\/prova-coltec-2026-saiba-o-que-levar-horarios-e-instrucoes-do-processo-seletivo\/#Quando-sai-o-gabarito-e-o-resultado-do-Vestibular-Coltec-2026\" >Quando sai o gabarito e o resultado do Vestibular Coltec 2026?<\/a><\/li><li class='ez-toc-page-1 ez-toc-heading-level-2'><a class=\"ez-toc-link ez-toc-heading-5\" href=\"https:\/\/vestibulares.estrategia.com\/portal\/noticias\/prova-coltec-2026-saiba-o-que-levar-horarios-e-instrucoes-do-processo-seletivo\/#Cursos-Coltec-2026\" >Cursos Coltec 2026<\/a><\/li><li class='ez-toc-page-1 ez-toc-heading-level-2'><a class=\"ez-toc-link ez-toc-heading-6\" href=\"https:\/\/vestibulares.estrategia.com\/portal\/noticias\/prova-coltec-2026-saiba-o-que-levar-horarios-e-instrucoes-do-processo-seletivo\/#Calendario-Coltec-2026\" >Calend&aacute;rio Coltec 2026<\/a><\/li><li class='ez-toc-page-1 ez-toc-heading-level-2'><a class=\"ez-toc-link ez-toc-heading-7\" href=\"https:\/\/vestibulares.estrategia.com\/portal\/noticias\/prova-coltec-2026-saiba-o-que-levar-horarios-e-instrucoes-do-processo-seletivo\/#Como-estudar-para-o-vestibular-Coltec\" >Como estudar para o vestibular Coltec?<\/a><\/li><\/ul><\/nav><\/div>\n<h2 class=\"wp-block-heading\" id=\"h-qual-e-o-horario-do-vestibular-coltec-2026\"><span class=\"ez-toc-section\" id=\"Qual-e-o-horario-do-Vestibular-Coltec-2026\"><\/span>Qual &eacute; o hor&aacute;rio do Vestibular Coltec 2026?<span class=\"ez-toc-section-end\"><\/span><\/h2><p>A prova inicia-se no hor&aacute;rio informado no Comprovante Definitivo de Inscri&ccedil;&atilde;o e ter&aacute; dura&ccedil;&atilde;o de tr&ecirc;s horas e 30 minutos. O candidato deve chegar ao pr&eacute;dio de realiza&ccedil;&atilde;o da prova com 60 minutos de anteced&ecirc;ncia do hor&aacute;rio previsto.<\/p><p>Haver&aacute; um per&iacute;odo de 15 minutos de toler&acirc;ncia para a entrada de candidatos retardat&aacute;rios ap&oacute;s o in&iacute;cio da prova. Ap&oacute;s esse per&iacute;odo, os port&otilde;es ser&atilde;o fechados, e o candidato ser&aacute; automaticamente eliminado.<\/p><h2 class=\"wp-block-heading\" id=\"h-qual-e-o-formato-das-provas-do-vestibular-coltec-2026\"><span class=\"ez-toc-section\" id=\"Qual-e-o-formato-das-provas-do-Vestibular-Coltec-2026\"><\/span>Qual &eacute; o formato das provas do Vestibular Coltec 2026?<span class=\"ez-toc-section-end\"><\/span><\/h2><p>O Processo Seletivo consiste em uma prova objetiva, com um total de 40 quest&otilde;es de m&uacute;ltipla escolha. A pontua&ccedil;&atilde;o total &eacute; de 60 pontos. Confira a distribui&ccedil;&atilde;o de quest&otilde;es:<\/p><ul class=\"wp-block-list\">\n<li>10&nbsp; quest&otilde;es de L&iacute;ngua Portuguesa (com peso 2);<\/li>\n\n\n\n<li>12 quest&otilde;es de Ci&ecirc;ncias Naturais (com peso 1);<\/li>\n\n\n\n<li>10 quest&otilde;es de Matem&aacute;tica (com peso 2);<\/li>\n\n\n\n<li>04 quest&otilde;es de Geografia (com peso 1); e<\/li>\n\n\n\n<li>04 quest&otilde;es de Hist&oacute;ria Geral e do Brasil (com peso 1).<\/li>\n<\/ul><h2 class=\"wp-block-heading\" id=\"h-o-que-levar-no-vestibular-coltec-2026\"><span class=\"ez-toc-section\" id=\"O-que-levar-no-Vestibular-Coltec-2026\"><\/span>O que levar no Vestibular Coltec 2026?<span class=\"ez-toc-section-end\"><\/span><\/h2><p>O candidato dever&aacute; portar o Comprovante Definitivo de Inscri&ccedil;&atilde;o e um documento original com foto, indicado na inscri&ccedil;&atilde;o. Os materiais aceitos para realiza&ccedil;&atilde;o da prova s&atilde;o l&aacute;pis, borracha e caneta esferogr&aacute;fica (azul ou preta) de corpo transparente.<\/p><p>O edital listou alguns objetos e a&ccedil;&otilde;es proibidas durante a aplica&ccedil;&atilde;o do exame. S&atilde;o eles:<\/p><ul class=\"wp-block-list\">\n<li>Qualquer tipo de rel&oacute;gio, telefone celular e\/ou bateria, pen drive, fone de ouvido, calculadora, controle remoto, alarme de carro ou quaisquer outros componentes ou equipamentos eletr&ocirc;nicos ou de inform&aacute;tica (funcionando ou n&atilde;o);<\/li>\n\n\n\n<li>Porte de qualquer tipo de arma;<\/li>\n\n\n\n<li>Uso de cigarros, cigarrilhas, charutos ou cachimbos, ou de quaisquer produtos fum&iacute;genos;<\/li>\n\n\n\n<li>Porte ou consumo de bebidas alco&oacute;licas;<\/li>\n\n\n\n<li>Levar o Caderno de Prova consigo ap&oacute;s o t&eacute;rmino; e<\/li>\n\n\n\n<li>Uso de dispositivos eletr&ocirc;nicos (como celular) ou sua posse ap&oacute;s o procedimento de identifica&ccedil;&atilde;o. Tais objetos devem ser guardados em embalagem lacrada e identificada, a ser aberta somente ap&oacute;s a sa&iacute;da do pr&eacute;dio.<\/li>\n<\/ul><h2 class=\"wp-block-heading\" id=\"h-quando-sai-o-gabarito-e-o-resultado-do-vestibular-coltec-2026\"><span class=\"ez-toc-section\" id=\"Quando-sai-o-gabarito-e-o-resultado-do-Vestibular-Coltec-2026\"><\/span>Quando sai o gabarito e o resultado do Vestibular Coltec 2026?<span class=\"ez-toc-section-end\"><\/span><\/h2><p>O gabarito preliminar ser&aacute; divulgado no pr&oacute;prio dia 30 de novembro, ap&oacute;s a aplica&ccedil;&atilde;o das provas. O Coltec receber&aacute; recursos contra as resolu&ccedil;&otilde;es, e o gabarito definitivo estar&aacute; dispon&iacute;vel em 15 de dezembro de 2025. J&aacute; o resultado ser&aacute; divulgado em 18 de dezembro.<\/p><h2 class=\"wp-block-heading\" id=\"h-cursos-coltec-2026\"><span class=\"ez-toc-section\" id=\"Cursos-Coltec-2026\"><\/span>Cursos Coltec 2026<span class=\"ez-toc-section-end\"><\/span><\/h2><p>Os cursos ofertados pelo Coltec 2026 s&atilde;o T&eacute;cnico em Eletr&ocirc;nica, T&eacute;cnico em Desenvolvimento de Sistemas, T&eacute;cnico em Automa&ccedil;&atilde;o Industrial, T&eacute;cnico em An&aacute;lises Cl&iacute;nicas e T&eacute;cnico em Qu&iacute;mica.<\/p><h2 class=\"wp-block-heading\" id=\"h-calendario-coltec-2026\"><span class=\"ez-toc-section\" id=\"Calendario-Coltec-2026\"><\/span>Calend&aacute;rio Coltec 2026<span class=\"ez-toc-section-end\"><\/span><\/h2><ul class=\"wp-block-list\">\n<li>Solicita&ccedil;&atilde;o de isen&ccedil;&atilde;o da taxa de inscri&ccedil;&atilde;o: 19\/09\/2025 a 25\/09\/2025;<\/li>\n\n\n\n<li>Divulga&ccedil;&atilde;o do resultado da isen&ccedil;&atilde;o: 30\/09\/2025;<\/li>\n\n\n\n<li>Inscri&ccedil;&otilde;es Coltec 2026: 19\/09\/2025 a 16\/10\/2025;<\/li>\n\n\n\n<li>Pagamento da taxa de inscri&ccedil;&atilde;o: 17\/10\/2025 &ndash; R$ 105,00;<\/li>\n\n\n\n<li>Divulga&ccedil;&atilde;o do local de prova (Comprovante Definitivo de Inscri&ccedil;&atilde;o): 17\/11\/2025;<\/li>\n\n\n\n<li>Provas: 30\/11\/2025;<\/li>\n\n\n\n<li>Gabarito preliminar: 30\/11\/2025;<\/li>\n\n\n\n<li>Gabarito definitivo: 15\/12\/2025;<\/li>\n\n\n\n<li>Resultado: 18\/12\/2025.<\/li>\n<\/ul><h2 class=\"wp-block-heading\" id=\"h-como-estudar-para-o-vestibular-coltec\"><span class=\"ez-toc-section\" id=\"Como-estudar-para-o-vestibular-Coltec\"><\/span>Como estudar para o vestibular Coltec?<span class=\"ez-toc-section-end\"><\/span><\/h2><p>Se voc&ecirc; quer focar nos estudos e garantir uma vaga no Coltec em 2025, o Estrat&eacute;gia Vestibulares pode te ajudar!<\/p><p>Al&eacute;m de oferecer diariamente aulas gratuitas no <a href=\"https:\/\/www.youtube.com\/channel\/UCGWdZy8ULI-7_5GrABa4vNA\" target=\"_blank\" rel=\"noopener noreferrer\">YouTube<\/a> sobre todas as mat&eacute;rias que caem no vestibular do Coltec, para aqueles que querem investir nos estudos, a plataforma tamb&eacute;m oferece um curso preparat&oacute;rio exclusivo sobre o Vestibular Coltec 2026, com professores especialistas na prova e com diversos benef&iacute;cios. D&aacute; s&oacute; uma olhada:&nbsp;<\/p><ul class=\"wp-block-list\">\n<li>Curso com livros digitais;<\/li>\n\n\n\n<li>Corre&ccedil;&atilde;o ilimitada de <a href=\"https:\/\/vestibulares.estrategia.com\/portal\/enem-e-vestibulares\/vestibulares\/curso-de-redacao-para-o-vestibular-saiba-mais-detalhes-e-como-escolher-o-seu\/\">reda&ccedil;&otilde;es<\/a>;<\/li>\n\n\n\n<li>F&oacute;rum de d&uacute;vidas;<\/li>\n\n\n\n<li><a href=\"https:\/\/vestibulares.estrategia.com\/portal\/simulado\/simulado-enem\/\">Simulados<\/a> com quest&otilde;es in&eacute;ditas;<\/li>\n\n\n\n<li>Quest&otilde;es comentadas;<\/li>\n\n\n\n<li>Mapas mentais; e<\/li>\n\n\n\n<li>Entre muitas outras vantagens.<\/li>\n<\/ul><p>\n\n\n\n<a id=\"cta\" class=\"cta-imagem\" href=\"https:\/\/vestibulares.estrategia.com\/curso\/pacote-coltec\/\" target=\"blank\">\n                <img decoding=\"async\" width=\"100%\" src=\"https:\/\/vestibulares.estrategia.com\/portal\/wp-content\/uploads\/2021\/12\/Coltec.jpg\" alt=\"COLTEC - CTA\" title=\"Coltec\">\n        <\/a>\n<\/p><\/p>\n","protected":false},"excerpt":{"rendered":"As provas da Coltec 2026, compostas por 40 quest\u00f5es objetivas, ser\u00e3o aplicadas neste domingo, 30 de novembro; confira os detalhes e esteja preparado\n","protected":false},"author":51,"featured_media":150158,"comment_status":"closed","ping_status":"closed","sticky":false,"template":"","format":"standard","meta":{"wl_entities_gutenberg":"","footnotes":""},"categories":[47],"tags":[],"wl_entity_type":[732],"class_list":{"0":"post-150157","1":"post","2":"type-post","3":"status-publish","4":"format-standard","5":"has-post-thumbnail","7":"category-noticias","8":"wl_entity_type-article"},"acf":[],"yoast_head":"<!-- This site is optimized with the Yoast SEO Premium plugin v25.9 (Yoast SEO v25.9) - https:\/\/yoast.com\/wordpress\/plugins\/seo\/ -->\n<title>Prova Coltec 2026: saiba o que levar, hor\u00e1rios e instru\u00e7\u00f5es do processo seletivo<\/title>\n<meta name=\"description\" content=\"As provas da Coltec 2026 ser\u00e3o aplicadas neste domingo, 30 de novembro. Confira os detalhes e esteja preparado!\" \/>\n<meta name=\"robots\" content=\"index, follow, max-snippet:-1, max-image-preview:large, max-video-preview:-1\" \/>\n<link rel=\"canonical\" href=\"https:\/\/vestibulares.estrategia.com\/portal\/noticias\/prova-coltec-2026-saiba-o-que-levar-horarios-e-instrucoes-do-processo-seletivo\/\" \/>\n<meta property=\"og:locale\" content=\"pt_BR\" \/>\n<meta property=\"og:type\" content=\"article\" \/>\n<meta property=\"og:title\" content=\"Prova Coltec 2026: saiba o que levar, hor\u00e1rios e instru\u00e7\u00f5es do processo seletivo\" \/>\n<meta property=\"og:description\" content=\"As provas da Coltec 2026 ser\u00e3o aplicadas neste domingo, 30 de novembro. Confira os detalhes e esteja preparado!\" \/>\n<meta property=\"og:url\" content=\"https:\/\/vestibulares.estrategia.com\/portal\/noticias\/prova-coltec-2026-saiba-o-que-levar-horarios-e-instrucoes-do-processo-seletivo\/\" \/>\n<meta property=\"og:site_name\" content=\"Estrat\u00e9gia Vestibulares\" \/>\n<meta property=\"article:publisher\" content=\"https:\/\/facebook.com\/estrategiavestibulares\" \/>\n<meta property=\"article:published_time\" content=\"2025-11-27T03:18:00+00:00\" \/>\n<meta property=\"og:image\" content=\"https:\/\/vestibulares.estrategia.com\/portal\/wp-content\/uploads\/2025\/11\/prova-coltec-2026.webp\" \/>\n\t<meta property=\"og:image:width\" content=\"750\" \/>\n\t<meta property=\"og:image:height\" content=\"417\" \/>\n\t<meta property=\"og:image:type\" content=\"image\/webp\" \/>\n<meta name=\"author\" content=\"Larrani Ferreira\" \/>\n<meta name=\"twitter:card\" content=\"summary_large_image\" \/>\n<meta name=\"twitter:creator\" content=\"@Estrategiavest\" \/>\n<meta name=\"twitter:site\" content=\"@Estrategiavest\" \/>\n<meta name=\"twitter:label1\" content=\"Escrito por\" \/>\n\t<meta name=\"twitter:data1\" content=\"Larrani Ferreira\" \/>\n\t<meta name=\"twitter:label2\" content=\"Est. tempo de leitura\" \/>\n\t<meta name=\"twitter:data2\" content=\"3 minutos\" \/>\n<script type=\"application\/ld+json\" class=\"yoast-schema-graph\">{\"@context\":\"https:\/\/schema.org\",\"@graph\":[{\"@type\":\"NewsArticle\",\"@id\":\"https:\/\/vestibulares.estrategia.com\/portal\/noticias\/prova-coltec-2026-saiba-o-que-levar-horarios-e-instrucoes-do-processo-seletivo\/#article\",\"isPartOf\":{\"@id\":\"https:\/\/vestibulares.estrategia.com\/portal\/noticias\/prova-coltec-2026-saiba-o-que-levar-horarios-e-instrucoes-do-processo-seletivo\/\"},\"author\":{\"name\":\"Larrani Ferreira\",\"@id\":\"https:\/\/vestibulares.estrategia.com\/portal\/#\/schema\/person\/98d0c0e22d6d89b480aa1929f0e64ec5\"},\"headline\":\"Prova Coltec 2026: saiba o que levar, hor\u00e1rios e instru\u00e7\u00f5es do processo seletivo\",\"datePublished\":\"2025-11-27T03:18:00+00:00\",\"mainEntityOfPage\":{\"@id\":\"https:\/\/vestibulares.estrategia.com\/portal\/noticias\/prova-coltec-2026-saiba-o-que-levar-horarios-e-instrucoes-do-processo-seletivo\/\"},\"wordCount\":689,\"publisher\":{\"@id\":\"https:\/\/vestibulares.estrategia.com\/portal\/#organization\"},\"image\":{\"@id\":\"https:\/\/vestibulares.estrategia.com\/portal\/noticias\/prova-coltec-2026-saiba-o-que-levar-horarios-e-instrucoes-do-processo-seletivo\/#primaryimage\"},\"thumbnailUrl\":\"https:\/\/vestibulares.estrategia.com\/portal\/wp-content\/uploads\/2025\/11\/prova-coltec-2026.webp\",\"articleSection\":[\"Not\u00edcias\"],\"inLanguage\":\"pt-BR\"},{\"@type\":\"WebPage\",\"@id\":\"https:\/\/vestibulares.estrategia.com\/portal\/noticias\/prova-coltec-2026-saiba-o-que-levar-horarios-e-instrucoes-do-processo-seletivo\/\",\"url\":\"https:\/\/vestibulares.estrategia.com\/portal\/noticias\/prova-coltec-2026-saiba-o-que-levar-horarios-e-instrucoes-do-processo-seletivo\/\",\"name\":\"Prova Coltec 2026: saiba o que levar, hor\u00e1rios e instru\u00e7\u00f5es do processo seletivo\",\"isPartOf\":{\"@id\":\"https:\/\/vestibulares.estrategia.com\/portal\/#website\"},\"primaryImageOfPage\":{\"@id\":\"https:\/\/vestibulares.estrategia.com\/portal\/noticias\/prova-coltec-2026-saiba-o-que-levar-horarios-e-instrucoes-do-processo-seletivo\/#primaryimage\"},\"image\":{\"@id\":\"https:\/\/vestibulares.estrategia.com\/portal\/noticias\/prova-coltec-2026-saiba-o-que-levar-horarios-e-instrucoes-do-processo-seletivo\/#primaryimage\"},\"thumbnailUrl\":\"https:\/\/vestibulares.estrategia.com\/portal\/wp-content\/uploads\/2025\/11\/prova-coltec-2026.webp\",\"datePublished\":\"2025-11-27T03:18:00+00:00\",\"description\":\"As provas da Coltec 2026 ser\u00e3o aplicadas neste domingo, 30 de novembro. Confira os detalhes e esteja preparado!\",\"breadcrumb\":{\"@id\":\"https:\/\/vestibulares.estrategia.com\/portal\/noticias\/prova-coltec-2026-saiba-o-que-levar-horarios-e-instrucoes-do-processo-seletivo\/#breadcrumb\"},\"inLanguage\":\"pt-BR\",\"potentialAction\":[{\"@type\":\"ReadAction\",\"target\":[\"https:\/\/vestibulares.estrategia.com\/portal\/noticias\/prova-coltec-2026-saiba-o-que-levar-horarios-e-instrucoes-do-processo-seletivo\/\"]}]},{\"@type\":\"ImageObject\",\"inLanguage\":\"pt-BR\",\"@id\":\"https:\/\/vestibulares.estrategia.com\/portal\/noticias\/prova-coltec-2026-saiba-o-que-levar-horarios-e-instrucoes-do-processo-seletivo\/#primaryimage\",\"url\":\"https:\/\/vestibulares.estrategia.com\/portal\/wp-content\/uploads\/2025\/11\/prova-coltec-2026.webp\",\"contentUrl\":\"https:\/\/vestibulares.estrategia.com\/portal\/wp-content\/uploads\/2025\/11\/prova-coltec-2026.webp\",\"width\":750,\"height\":417,\"caption\":\"Foto: Coltec\/Copeve\/Divulga\u00e7\u00e3o\"},{\"@type\":\"BreadcrumbList\",\"@id\":\"https:\/\/vestibulares.estrategia.com\/portal\/noticias\/prova-coltec-2026-saiba-o-que-levar-horarios-e-instrucoes-do-processo-seletivo\/#breadcrumb\",\"itemListElement\":[{\"@type\":\"ListItem\",\"position\":1,\"name\":\"Home\",\"item\":\"https:\/\/vestibulares.estrategia.com\/portal\/\"},{\"@type\":\"ListItem\",\"position\":2,\"name\":\"Not\u00edcias\",\"item\":\"https:\/\/vestibulares.estrategia.com\/portal\/noticias\/\"},{\"@type\":\"ListItem\",\"position\":3,\"name\":\"Prova Coltec 2026: saiba o que levar, hor\u00e1rios e instru\u00e7\u00f5es do processo seletivo\"}]},{\"@type\":\"WebSite\",\"@id\":\"https:\/\/vestibulares.estrategia.com\/portal\/#website\",\"url\":\"https:\/\/vestibulares.estrategia.com\/portal\/\",\"name\":\"Estrat\u00e9gia Vestibulares\",\"description\":\"\",\"publisher\":{\"@id\":\"https:\/\/vestibulares.estrategia.com\/portal\/#organization\"},\"potentialAction\":[{\"@type\":\"SearchAction\",\"target\":{\"@type\":\"EntryPoint\",\"urlTemplate\":\"https:\/\/vestibulares.estrategia.com\/portal\/?s={search_term_string}\"},\"query-input\":{\"@type\":\"PropertyValueSpecification\",\"valueRequired\":true,\"valueName\":\"search_term_string\"}}],\"inLanguage\":\"pt-BR\"},{\"@type\":\"Organization\",\"@id\":\"https:\/\/vestibulares.estrategia.com\/portal\/#organization\",\"name\":\"Estrat\u00e9gia Vestibulares\",\"url\":\"https:\/\/vestibulares.estrategia.com\/portal\/\",\"logo\":{\"@type\":\"ImageObject\",\"inLanguage\":\"pt-BR\",\"@id\":\"https:\/\/vestibulares.estrategia.com\/portal\/#\/schema\/logo\/image\/\",\"url\":\"https:\/\/vestibulares.estrategia.com\/portal\/wp-content\/uploads\/2021\/06\/Logo-Vestibulares@4x.png\",\"contentUrl\":\"https:\/\/vestibulares.estrategia.com\/portal\/wp-content\/uploads\/2021\/06\/Logo-Vestibulares@4x.png\",\"width\":250,\"height\":66,\"caption\":\"Estrat\u00e9gia Vestibulares\"},\"image\":{\"@id\":\"https:\/\/vestibulares.estrategia.com\/portal\/#\/schema\/logo\/image\/\"},\"sameAs\":[\"https:\/\/facebook.com\/estrategiavestibulares\",\"https:\/\/x.com\/Estrategiavest\",\"https:\/\/www.instagram.com\/estrategiavestibulares\",\"https:\/\/www.youtube.com\/channel\/UCGWdZy8ULI-7_5GrABa4vNA\"]},{\"@type\":\"Person\",\"@id\":\"https:\/\/vestibulares.estrategia.com\/portal\/#\/schema\/person\/98d0c0e22d6d89b480aa1929f0e64ec5\",\"name\":\"Larrani Ferreira\",\"image\":{\"@type\":\"ImageObject\",\"inLanguage\":\"pt-BR\",\"@id\":\"https:\/\/vestibulares.estrategia.com\/portal\/#\/schema\/person\/image\/\",\"url\":\"https:\/\/vestibulares.estrategia.com\/portal\/wp-content\/uploads\/2026\/02\/WhatsApp-Image-2026-02-05-at-14.26.13-150x150.jpeg\",\"contentUrl\":\"https:\/\/vestibulares.estrategia.com\/portal\/wp-content\/uploads\/2026\/02\/WhatsApp-Image-2026-02-05-at-14.26.13-150x150.jpeg\",\"caption\":\"Larrani Ferreira\"},\"description\":\"Jornalista e Mestranda em Comunica\u00e7\u00e3o Intercultural nas Organiza\u00e7\u00f5es\",\"url\":\"https:\/\/vestibulares.estrategia.com\/portal\/author\/larranioliveira\/\"}]}<\/script>\n<!-- \/ Yoast SEO Premium plugin. -->","yoast_head_json":{"title":"Prova Coltec 2026: saiba o que levar, hor\u00e1rios e instru\u00e7\u00f5es do processo seletivo","description":"As provas da Coltec 2026 ser\u00e3o aplicadas neste domingo, 30 de novembro. Confira os detalhes e esteja preparado!","robots":{"index":"index","follow":"follow","max-snippet":"max-snippet:-1","max-image-preview":"max-image-preview:large","max-video-preview":"max-video-preview:-1"},"canonical":"https:\/\/vestibulares.estrategia.com\/portal\/noticias\/prova-coltec-2026-saiba-o-que-levar-horarios-e-instrucoes-do-processo-seletivo\/","og_locale":"pt_BR","og_type":"article","og_title":"Prova Coltec 2026: saiba o que levar, hor\u00e1rios e instru\u00e7\u00f5es do processo seletivo","og_description":"As provas da Coltec 2026 ser\u00e3o aplicadas neste domingo, 30 de novembro. Confira os detalhes e esteja preparado!","og_url":"https:\/\/vestibulares.estrategia.com\/portal\/noticias\/prova-coltec-2026-saiba-o-que-levar-horarios-e-instrucoes-do-processo-seletivo\/","og_site_name":"Estrat\u00e9gia Vestibulares","article_publisher":"https:\/\/facebook.com\/estrategiavestibulares","article_published_time":"2025-11-27T03:18:00+00:00","og_image":[{"width":750,"height":417,"url":"https:\/\/vestibulares.estrategia.com\/portal\/wp-content\/uploads\/2025\/11\/prova-coltec-2026.webp","type":"image\/webp"}],"author":"Larrani Ferreira","twitter_card":"summary_large_image","twitter_creator":"@Estrategiavest","twitter_site":"@Estrategiavest","twitter_misc":{"Escrito por":"Larrani Ferreira","Est. tempo de leitura":"3 minutos"},"schema":{"@context":"https:\/\/schema.org","@graph":[{"@type":"NewsArticle","@id":"https:\/\/vestibulares.estrategia.com\/portal\/noticias\/prova-coltec-2026-saiba-o-que-levar-horarios-e-instrucoes-do-processo-seletivo\/#article","isPartOf":{"@id":"https:\/\/vestibulares.estrategia.com\/portal\/noticias\/prova-coltec-2026-saiba-o-que-levar-horarios-e-instrucoes-do-processo-seletivo\/"},"author":{"name":"Larrani Ferreira","@id":"https:\/\/vestibulares.estrategia.com\/portal\/#\/schema\/person\/98d0c0e22d6d89b480aa1929f0e64ec5"},"headline":"Prova Coltec 2026: saiba o que levar, hor\u00e1rios e instru\u00e7\u00f5es do processo seletivo","datePublished":"2025-11-27T03:18:00+00:00","mainEntityOfPage":{"@id":"https:\/\/vestibulares.estrategia.com\/portal\/noticias\/prova-coltec-2026-saiba-o-que-levar-horarios-e-instrucoes-do-processo-seletivo\/"},"wordCount":689,"publisher":{"@id":"https:\/\/vestibulares.estrategia.com\/portal\/#organization"},"image":{"@id":"https:\/\/vestibulares.estrategia.com\/portal\/noticias\/prova-coltec-2026-saiba-o-que-levar-horarios-e-instrucoes-do-processo-seletivo\/#primaryimage"},"thumbnailUrl":"https:\/\/vestibulares.estrategia.com\/portal\/wp-content\/uploads\/2025\/11\/prova-coltec-2026.webp","articleSection":["Not\u00edcias"],"inLanguage":"pt-BR"},{"@type":"WebPage","@id":"https:\/\/vestibulares.estrategia.com\/portal\/noticias\/prova-coltec-2026-saiba-o-que-levar-horarios-e-instrucoes-do-processo-seletivo\/","url":"https:\/\/vestibulares.estrategia.com\/portal\/noticias\/prova-coltec-2026-saiba-o-que-levar-horarios-e-instrucoes-do-processo-seletivo\/","name":"Prova Coltec 2026: saiba o que levar, hor\u00e1rios e instru\u00e7\u00f5es do processo seletivo","isPartOf":{"@id":"https:\/\/vestibulares.estrategia.com\/portal\/#website"},"primaryImageOfPage":{"@id":"https:\/\/vestibulares.estrategia.com\/portal\/noticias\/prova-coltec-2026-saiba-o-que-levar-horarios-e-instrucoes-do-processo-seletivo\/#primaryimage"},"image":{"@id":"https:\/\/vestibulares.estrategia.com\/portal\/noticias\/prova-coltec-2026-saiba-o-que-levar-horarios-e-instrucoes-do-processo-seletivo\/#primaryimage"},"thumbnailUrl":"https:\/\/vestibulares.estrategia.com\/portal\/wp-content\/uploads\/2025\/11\/prova-coltec-2026.webp","datePublished":"2025-11-27T03:18:00+00:00","description":"As provas da Coltec 2026 ser\u00e3o aplicadas neste domingo, 30 de novembro. Confira os detalhes e esteja preparado!","breadcrumb":{"@id":"https:\/\/vestibulares.estrategia.com\/portal\/noticias\/prova-coltec-2026-saiba-o-que-levar-horarios-e-instrucoes-do-processo-seletivo\/#breadcrumb"},"inLanguage":"pt-BR","potentialAction":[{"@type":"ReadAction","target":["https:\/\/vestibulares.estrategia.com\/portal\/noticias\/prova-coltec-2026-saiba-o-que-levar-horarios-e-instrucoes-do-processo-seletivo\/"]}]},{"@type":"ImageObject","inLanguage":"pt-BR","@id":"https:\/\/vestibulares.estrategia.com\/portal\/noticias\/prova-coltec-2026-saiba-o-que-levar-horarios-e-instrucoes-do-processo-seletivo\/#primaryimage","url":"https:\/\/vestibulares.estrategia.com\/portal\/wp-content\/uploads\/2025\/11\/prova-coltec-2026.webp","contentUrl":"https:\/\/vestibulares.estrategia.com\/portal\/wp-content\/uploads\/2025\/11\/prova-coltec-2026.webp","width":750,"height":417,"caption":"Foto: Coltec\/Copeve\/Divulga\u00e7\u00e3o"},{"@type":"BreadcrumbList","@id":"https:\/\/vestibulares.estrategia.com\/portal\/noticias\/prova-coltec-2026-saiba-o-que-levar-horarios-e-instrucoes-do-processo-seletivo\/#breadcrumb","itemListElement":[{"@type":"ListItem","position":1,"name":"Home","item":"https:\/\/vestibulares.estrategia.com\/portal\/"},{"@type":"ListItem","position":2,"name":"Not\u00edcias","item":"https:\/\/vestibulares.estrategia.com\/portal\/noticias\/"},{"@type":"ListItem","position":3,"name":"Prova Coltec 2026: saiba o que levar, hor\u00e1rios e instru\u00e7\u00f5es do processo seletivo"}]},{"@type":"WebSite","@id":"https:\/\/vestibulares.estrategia.com\/portal\/#website","url":"https:\/\/vestibulares.estrategia.com\/portal\/","name":"Estrat\u00e9gia Vestibulares","description":"","publisher":{"@id":"https:\/\/vestibulares.estrategia.com\/portal\/#organization"},"potentialAction":[{"@type":"SearchAction","target":{"@type":"EntryPoint","urlTemplate":"https:\/\/vestibulares.estrategia.com\/portal\/?s={search_term_string}"},"query-input":{"@type":"PropertyValueSpecification","valueRequired":true,"valueName":"search_term_string"}}],"inLanguage":"pt-BR"},{"@type":"Organization","@id":"https:\/\/vestibulares.estrategia.com\/portal\/#organization","name":"Estrat\u00e9gia Vestibulares","url":"https:\/\/vestibulares.estrategia.com\/portal\/","logo":{"@type":"ImageObject","inLanguage":"pt-BR","@id":"https:\/\/vestibulares.estrategia.com\/portal\/#\/schema\/logo\/image\/","url":"https:\/\/vestibulares.estrategia.com\/portal\/wp-content\/uploads\/2021\/06\/Logo-Vestibulares@4x.png","contentUrl":"https:\/\/vestibulares.estrategia.com\/portal\/wp-content\/uploads\/2021\/06\/Logo-Vestibulares@4x.png","width":250,"height":66,"caption":"Estrat\u00e9gia Vestibulares"},"image":{"@id":"https:\/\/vestibulares.estrategia.com\/portal\/#\/schema\/logo\/image\/"},"sameAs":["https:\/\/facebook.com\/estrategiavestibulares","https:\/\/x.com\/Estrategiavest","https:\/\/www.instagram.com\/estrategiavestibulares","https:\/\/www.youtube.com\/channel\/UCGWdZy8ULI-7_5GrABa4vNA"]},{"@type":"Person","@id":"https:\/\/vestibulares.estrategia.com\/portal\/#\/schema\/person\/98d0c0e22d6d89b480aa1929f0e64ec5","name":"Larrani Ferreira","image":{"@type":"ImageObject","inLanguage":"pt-BR","@id":"https:\/\/vestibulares.estrategia.com\/portal\/#\/schema\/person\/image\/","url":"https:\/\/vestibulares.estrategia.com\/portal\/wp-content\/uploads\/2026\/02\/WhatsApp-Image-2026-02-05-at-14.26.13-150x150.jpeg","contentUrl":"https:\/\/vestibulares.estrategia.com\/portal\/wp-content\/uploads\/2026\/02\/WhatsApp-Image-2026-02-05-at-14.26.13-150x150.jpeg","caption":"Larrani Ferreira"},"description":"Jornalista e Mestranda em Comunica\u00e7\u00e3o Intercultural nas Organiza\u00e7\u00f5es","url":"https:\/\/vestibulares.estrategia.com\/portal\/author\/larranioliveira\/"}]}},"_wl_alt_label":[],"wl:entity_url":"https:\/\/data.wordlift.io\/wl110249\/post\/prova-coltec-2026-saiba-o-que-levar-horarios-e-instrucoes-do-processo-seletivo-150157","_links":{"self":[{"href":"https:\/\/vestibulares.estrategia.com\/portal\/wp-json\/wp\/v2\/posts\/150157","targetHints":{"allow":["GET"]}}],"collection":[{"href":"https:\/\/vestibulares.estrategia.com\/portal\/wp-json\/wp\/v2\/posts"}],"about":[{"href":"https:\/\/vestibulares.estrategia.com\/portal\/wp-json\/wp\/v2\/types\/post"}],"author":[{"embeddable":true,"href":"https:\/\/vestibulares.estrategia.com\/portal\/wp-json\/wp\/v2\/users\/51"}],"replies":[{"embeddable":true,"href":"https:\/\/vestibulares.estrategia.com\/portal\/wp-json\/wp\/v2\/comments?post=150157"}],"version-history":[{"count":2,"href":"https:\/\/vestibulares.estrategia.com\/portal\/wp-json\/wp\/v2\/posts\/150157\/revisions"}],"predecessor-version":[{"id":150160,"href":"https:\/\/vestibulares.estrategia.com\/portal\/wp-json\/wp\/v2\/posts\/150157\/revisions\/150160"}],"wp:featuredmedia":[{"embeddable":true,"href":"https:\/\/vestibulares.estrategia.com\/portal\/wp-json\/wp\/v2\/media\/150158"}],"wp:attachment":[{"href":"https:\/\/vestibulares.estrategia.com\/portal\/wp-json\/wp\/v2\/media?parent=150157"}],"wp:term":[{"taxonomy":"category","embeddable":true,"href":"https:\/\/vestibulares.estrategia.com\/portal\/wp-json\/wp\/v2\/categories?post=150157"},{"taxonomy":"post_tag","embeddable":true,"href":"https:\/\/vestibulares.estrategia.com\/portal\/wp-json\/wp\/v2\/tags?post=150157"},{"taxonomy":"wl_entity_type","embeddable":true,"href":"https:\/\/vestibulares.estrategia.com\/portal\/wp-json\/wp\/v2\/wl_entity_type?post=150157"}],"curies":[{"name":"wp","href":"https:\/\/api.w.org\/{rel}","templated":true}]}}