{"id":156926,"date":"2026-04-29T15:02:46","date_gmt":"2026-04-29T18:02:46","guid":{"rendered":"https:\/\/vestibulares.estrategia.com\/portal\/?p=156926"},"modified":"2026-04-29T15:08:31","modified_gmt":"2026-04-29T18:08:31","slug":"mec-anuncia-o-sisu-etapa-adicional-do-programa-para-preencher-vagas-nao-ocupadas","status":"publish","type":"post","link":"https:\/\/vestibulares.estrategia.com\/portal\/noticias\/mec-anuncia-o-sisu-etapa-adicional-do-programa-para-preencher-vagas-nao-ocupadas\/","title":{"rendered":"MEC anuncia o Sisu+, etapa adicional do programa para preencher vagas n\u00e3o ocupadas"},"content":{"rendered":"<p>O Minist&eacute;rio da Educa&ccedil;&atilde;o (MEC) divulgou nesta quarta-feira, 29 de abril, que haver&aacute; uma etapa adicional do Sistema de Sele&ccedil;&atilde;o Unificada (<a href=\"https:\/\/vestibulares.estrategia.com\/portal\/enem-e-vestibulares\/sisu\/sisu-o-que-e\/\" target=\"_blank\">Sisu<\/a>)&nbsp;2026, chamado de Sisu+. O complemento oferece vagas n&atilde;o ocupadas no processo regular para ingresso em institui&ccedil;&otilde;es superiores p&uacute;blicas federais e estaduais usando as notas do&nbsp;Exame Nacional do Ensino M&eacute;dio (<a href=\"https:\/\/vestibulares.estrategia.com\/portal\/vestibulares\/enem\/\" target=\"_blank\">Enem<\/a>).<p>Para isso, as institui&ccedil;&otilde;es que desejam participar assinar&atilde;o um termo aditivo ao Sisu 2026, com per&iacute;odo de ades&atilde;o entre os dias 4 e 29 de maio. Apenas institui&ccedil;&otilde;es que participaram da edi&ccedil;&atilde;o regular do Sisu 2026 e conclu&iacute;ram o processo de ocupa&ccedil;&atilde;o das vagas iniciais poder&atilde;o participar.<\/p><p>Confira o edital de ades&atilde;o ao Sisu+ 2026, publicado no Di&aacute;rio Oficial da Uni&atilde;o, sobre a etapa de formaliza&ccedil;&atilde;o das institui&ccedil;&otilde;es p&uacute;blicas e gratuitas que participar&atilde;o do programa de vagas n&atilde;o ocupadas no Sisu regular:<\/p><div class=\"wp-block-buttons is-content-justification-center is-layout-flex wp-container-core-buttons-is-layout-1 wp-block-buttons-is-layout-flex\">\n<div class=\"wp-block-button\"><a class=\"wp-block-button__link wp-element-button\" href=\"https:\/\/www.in.gov.br\/web\/dou\/-\/edital-n-29-de-28-de-abril-de-2026-702296804\" target=\"_blank\" rel=\"noopener noreferrer\">Edital de ades&atilde;o ao Sisu+ 2026<\/a><\/div>\n<\/div><p>\n\n\n\n<div class=\"cta-medio\" style=\"background-image: url(https:\/\/vestibulares.estrategia.com\/portal\/wp-content\/uploads\/2024\/08\/curso-enem-1-estrategia-vestibulares-ctamedio.jpg);\"><h3>Pacote Enem TOP <\/h3> <p>Estude com o Estrat\u00e9gia Vestibulares<\/p><div class=\"cta-botao\"><a id=\"cta-medio\" href=\"https:\/\/vestibulares.estrategia.com\/curso\/enem-top\/\" target=\"_blank\" style=\"background:rgb(255,150,0)\">Saiba mais<\/a><\/div><\/div>\n\n\n\n<\/p><div id=\"ez-toc-container\" class=\"ez-toc-v2_0_76 counter-hierarchy ez-toc-counter ez-toc-transparent ez-toc-container-direction\">\n<div class=\"ez-toc-title-container\"><p class=\"ez-toc-title\" style=\"cursor:inherit\">Navegue pelo conte\u00fado<\/p>\n<\/div><nav><ul class='ez-toc-list ez-toc-list-level-1 ' ><li class='ez-toc-page-1 ez-toc-heading-level-2'><a class=\"ez-toc-link ez-toc-heading-1\" href=\"https:\/\/vestibulares.estrategia.com\/portal\/noticias\/mec-anuncia-o-sisu-etapa-adicional-do-programa-para-preencher-vagas-nao-ocupadas\/#O-que-e-e-como-funciona-o-Sisu-2026\" >O que &eacute; e como funciona o Sisu+ 2026?<\/a><\/li><li class='ez-toc-page-1 ez-toc-heading-level-2'><a class=\"ez-toc-link ez-toc-heading-2\" href=\"https:\/\/vestibulares.estrategia.com\/portal\/noticias\/mec-anuncia-o-sisu-etapa-adicional-do-programa-para-preencher-vagas-nao-ocupadas\/#Confira-os-cursos-Enem-do-Estrategia-Vestibulares\" >Confira os cursos Enem do Estrat&eacute;gia Vestibulares<\/a><\/li><\/ul><\/nav><\/div>\n<h2 class=\"wp-block-heading\" id=\"h-o-que-e-e-como-funciona-o-sisu-2026\"><span class=\"ez-toc-section\" id=\"O-que-e-e-como-funciona-o-Sisu-2026\"><\/span>O que &eacute; e como funciona o Sisu+ 2026?<span class=\"ez-toc-section-end\"><\/span><\/h2><p>O edital explica que o Sisu+ 2026 &eacute; uma &ldquo;etapa complementar de sele&ccedil;&atilde;o destinada &agrave; ocupa&ccedil;&atilde;o de vagas eventualmente dispon&iacute;veis&rdquo;, o que caracteriza uma etapa complementar ao Sisu regular, e n&atilde;o um novo processo seletivo.<\/p><p>A ideia &eacute; ocupar as vagas dispon&iacute;veis ap&oacute;s o encerramento das chamadas regulares e listas de espera e cada institui&ccedil;&atilde;o participante dever&aacute; observar a oferta m&iacute;nima de duas vagas por curso e turno em que desejar participar da edi&ccedil;&atilde;o do Sisu+ 2026.<\/p><p>Somente candidatos que participaram do Sisu 2026 regular poder&atilde;o se inscrever nas vagas ofertadas pelo Sisu+ 2026. O programa seguir&aacute; considerando as notas das &uacute;ltimas tr&ecirc;s edi&ccedil;&otilde;es do Enem: 2023, 2024 e 2025.<\/p><p>Os candidatos poder&atilde;o atualizar as informa&ccedil;&otilde;es do seu question&aacute;rio socioecon&ocirc;mico, alterar modalidades de concorr&ecirc;ncia que desejam concorrer e se inscrever em at&eacute; duas op&ccedil;&otilde;es de curso, independentemente das op&ccedil;&otilde;es indicadas no Sisu 2026 regular.<\/p><p>O processo ser&aacute; o mesmo do Sisu regular, com acesso pelo portal oficial do Sisu e efetuando o cadastro no &ldquo;Login &Uacute;nico&rdquo; da conta gov.br.<\/p><h2 class=\"wp-block-heading\" id=\"h-confira-os-cursos-enem-do-estrategia-vestibulares\"><span class=\"ez-toc-section\" id=\"Confira-os-cursos-Enem-do-Estrategia-Vestibulares\"><\/span>Confira os cursos Enem do Estrat&eacute;gia Vestibulares<span class=\"ez-toc-section-end\"><\/span><\/h2><p>Voc&ecirc; tem o sonho de estudar em uma universidade p&uacute;blica? Se sim, o Estrat&eacute;gia Vestibulares pode te ajudar! Al&eacute;m de oferecer aulas di&aacute;rias gratuitas no Youtube sobre todos os temas que caem no Enem, a plataforma tamb&eacute;m oferece um curso preparat&oacute;rio exclusivo sobre o Enem. Confira os benef&iacute;cios:<\/p><ul class=\"wp-block-list\">\n<li>Curso com livros digitais;<\/li>\n\n\n\n<li>Corre&ccedil;&atilde;o ilimitada de&nbsp;<a href=\"https:\/\/vestibulares.estrategia.com\/portal\/enem-e-vestibulares\/vestibulares\/curso-de-redacao-para-o-vestibular-saiba-mais-detalhes-e-como-escolher-o-seu\/\">reda&ccedil;&otilde;es<\/a>;<\/li>\n\n\n\n<li>F&oacute;rum de d&uacute;vidas;<\/li>\n\n\n\n<li><a href=\"https:\/\/vestibulares.estrategia.com\/portal\/eventos\/simulados-vestibulares\/\">Simulados<\/a>&nbsp;com quest&otilde;es in&eacute;ditas;<\/li>\n\n\n\n<li>Quest&otilde;es comentadas;<\/li>\n\n\n\n<li>Mapas mentais; e<\/li>\n\n\n\n<li>Entre muitas outras vantagens.<\/li>\n<\/ul><p>Ficou interessado, assine o curso preparat&oacute;rio para o Enem do Estrat&eacute;gia Vestibulares!<\/p><p>\n\n\n\n<a id=\"cta\" class=\"cta-imagem\" href=\"https:\/\/vestibulares.estrategia.com\/curso\/pacote-enem\/\" target=\"blank\">\n                <img decoding=\"async\" width=\"100%\" src=\"https:\/\/vestibulares.estrategia.com\/portal\/wp-content\/uploads\/2021\/12\/Enem.jpg\" alt=\"CTA curso Enem\" title=\"CTA curso Enem\">\n        <\/a>\n<\/p><\/p>\n","protected":false},"excerpt":{"rendered":"Institui\u00e7\u00f5es que desejarem participar do programa ter\u00e3o entre os dias 4 a 29 de maio para aderir \u00e0 etapa complementar; confira mais detalhes\n","protected":false},"author":43,"featured_media":111910,"comment_status":"closed","ping_status":"closed","sticky":false,"template":"","format":"standard","meta":{"wl_entities_gutenberg":"","footnotes":""},"categories":[47],"tags":[],"wl_entity_type":[732],"class_list":{"0":"post-156926","1":"post","2":"type-post","3":"status-publish","4":"format-standard","5":"has-post-thumbnail","7":"category-noticias","8":"wl_entity_type-article"},"acf":[],"yoast_head":"<!-- This site is optimized with the Yoast SEO Premium plugin v25.9 (Yoast SEO v25.9) - https:\/\/yoast.com\/wordpress\/plugins\/seo\/ -->\n<title>MEC anuncia o Sisu+, etapa adicional do programa para preencher vagas n\u00e3o ocupadas<\/title>\n<meta name=\"description\" content=\"O Minist\u00e9rio da Educa\u00e7\u00e3o anunciou a cria\u00e7\u00e3o da etapa complementar Sisu+ 2026, que tem como objetivo preencher vagas remanescentes; confira!\" \/>\n<meta name=\"robots\" content=\"index, follow, max-snippet:-1, max-image-preview:large, max-video-preview:-1\" \/>\n<link rel=\"canonical\" href=\"https:\/\/vestibulares.estrategia.com\/portal\/noticias\/mec-anuncia-o-sisu-etapa-adicional-do-programa-para-preencher-vagas-nao-ocupadas\/\" \/>\n<meta property=\"og:locale\" content=\"pt_BR\" \/>\n<meta property=\"og:type\" content=\"article\" \/>\n<meta property=\"og:title\" content=\"MEC anuncia o Sisu+, etapa adicional do programa para preencher vagas n\u00e3o ocupadas\" \/>\n<meta property=\"og:description\" content=\"O Minist\u00e9rio da Educa\u00e7\u00e3o anunciou a cria\u00e7\u00e3o da etapa complementar Sisu+ 2026, que tem como objetivo preencher vagas remanescentes; confira!\" \/>\n<meta property=\"og:url\" content=\"https:\/\/vestibulares.estrategia.com\/portal\/noticias\/mec-anuncia-o-sisu-etapa-adicional-do-programa-para-preencher-vagas-nao-ocupadas\/\" \/>\n<meta property=\"og:site_name\" content=\"Estrat\u00e9gia Vestibulares\" \/>\n<meta property=\"article:publisher\" content=\"https:\/\/facebook.com\/estrategiavestibulares\" \/>\n<meta property=\"article:published_time\" content=\"2026-04-29T18:02:46+00:00\" \/>\n<meta property=\"article:modified_time\" content=\"2026-04-29T18:08:31+00:00\" \/>\n<meta property=\"og:image\" content=\"https:\/\/vestibulares.estrategia.com\/portal\/wp-content\/uploads\/2024\/02\/sisu-ev.jpg\" \/>\n\t<meta property=\"og:image:width\" content=\"1280\" \/>\n\t<meta property=\"og:image:height\" content=\"720\" \/>\n\t<meta property=\"og:image:type\" content=\"image\/jpeg\" \/>\n<meta name=\"author\" content=\"Leonardo Del Sant\" \/>\n<meta name=\"twitter:card\" content=\"summary_large_image\" \/>\n<meta name=\"twitter:creator\" content=\"@Estrategiavest\" \/>\n<meta name=\"twitter:site\" content=\"@Estrategiavest\" \/>\n<meta name=\"twitter:label1\" content=\"Escrito por\" \/>\n\t<meta name=\"twitter:data1\" content=\"Leonardo Del Sant\" \/>\n\t<meta name=\"twitter:label2\" content=\"Est. tempo de leitura\" \/>\n\t<meta name=\"twitter:data2\" content=\"2 minutos\" \/>\n<script type=\"application\/ld+json\" class=\"yoast-schema-graph\">{\"@context\":\"https:\/\/schema.org\",\"@graph\":[{\"@type\":\"NewsArticle\",\"@id\":\"https:\/\/vestibulares.estrategia.com\/portal\/noticias\/mec-anuncia-o-sisu-etapa-adicional-do-programa-para-preencher-vagas-nao-ocupadas\/#article\",\"isPartOf\":{\"@id\":\"https:\/\/vestibulares.estrategia.com\/portal\/noticias\/mec-anuncia-o-sisu-etapa-adicional-do-programa-para-preencher-vagas-nao-ocupadas\/\"},\"author\":{\"name\":\"Leonardo Del Sant\",\"@id\":\"https:\/\/vestibulares.estrategia.com\/portal\/#\/schema\/person\/95532619fccae669187ec84703047908\"},\"headline\":\"MEC anuncia o Sisu+, etapa adicional do programa para preencher vagas n\u00e3o ocupadas\",\"datePublished\":\"2026-04-29T18:02:46+00:00\",\"dateModified\":\"2026-04-29T18:08:31+00:00\",\"mainEntityOfPage\":{\"@id\":\"https:\/\/vestibulares.estrategia.com\/portal\/noticias\/mec-anuncia-o-sisu-etapa-adicional-do-programa-para-preencher-vagas-nao-ocupadas\/\"},\"wordCount\":469,\"publisher\":{\"@id\":\"https:\/\/vestibulares.estrategia.com\/portal\/#organization\"},\"image\":{\"@id\":\"https:\/\/vestibulares.estrategia.com\/portal\/noticias\/mec-anuncia-o-sisu-etapa-adicional-do-programa-para-preencher-vagas-nao-ocupadas\/#primaryimage\"},\"thumbnailUrl\":\"https:\/\/vestibulares.estrategia.com\/portal\/wp-content\/uploads\/2024\/02\/sisu-ev.jpg\",\"articleSection\":[\"Not\u00edcias\"],\"inLanguage\":\"pt-BR\"},{\"@type\":\"WebPage\",\"@id\":\"https:\/\/vestibulares.estrategia.com\/portal\/noticias\/mec-anuncia-o-sisu-etapa-adicional-do-programa-para-preencher-vagas-nao-ocupadas\/\",\"url\":\"https:\/\/vestibulares.estrategia.com\/portal\/noticias\/mec-anuncia-o-sisu-etapa-adicional-do-programa-para-preencher-vagas-nao-ocupadas\/\",\"name\":\"MEC anuncia o Sisu+, etapa adicional do programa para preencher vagas n\u00e3o ocupadas\",\"isPartOf\":{\"@id\":\"https:\/\/vestibulares.estrategia.com\/portal\/#website\"},\"primaryImageOfPage\":{\"@id\":\"https:\/\/vestibulares.estrategia.com\/portal\/noticias\/mec-anuncia-o-sisu-etapa-adicional-do-programa-para-preencher-vagas-nao-ocupadas\/#primaryimage\"},\"image\":{\"@id\":\"https:\/\/vestibulares.estrategia.com\/portal\/noticias\/mec-anuncia-o-sisu-etapa-adicional-do-programa-para-preencher-vagas-nao-ocupadas\/#primaryimage\"},\"thumbnailUrl\":\"https:\/\/vestibulares.estrategia.com\/portal\/wp-content\/uploads\/2024\/02\/sisu-ev.jpg\",\"datePublished\":\"2026-04-29T18:02:46+00:00\",\"dateModified\":\"2026-04-29T18:08:31+00:00\",\"description\":\"O Minist\u00e9rio da Educa\u00e7\u00e3o anunciou a cria\u00e7\u00e3o da etapa complementar Sisu+ 2026, que tem como objetivo preencher vagas remanescentes; confira!\",\"breadcrumb\":{\"@id\":\"https:\/\/vestibulares.estrategia.com\/portal\/noticias\/mec-anuncia-o-sisu-etapa-adicional-do-programa-para-preencher-vagas-nao-ocupadas\/#breadcrumb\"},\"inLanguage\":\"pt-BR\",\"potentialAction\":[{\"@type\":\"ReadAction\",\"target\":[\"https:\/\/vestibulares.estrategia.com\/portal\/noticias\/mec-anuncia-o-sisu-etapa-adicional-do-programa-para-preencher-vagas-nao-ocupadas\/\"]}]},{\"@type\":\"ImageObject\",\"inLanguage\":\"pt-BR\",\"@id\":\"https:\/\/vestibulares.estrategia.com\/portal\/noticias\/mec-anuncia-o-sisu-etapa-adicional-do-programa-para-preencher-vagas-nao-ocupadas\/#primaryimage\",\"url\":\"https:\/\/vestibulares.estrategia.com\/portal\/wp-content\/uploads\/2024\/02\/sisu-ev.jpg\",\"contentUrl\":\"https:\/\/vestibulares.estrategia.com\/portal\/wp-content\/uploads\/2024\/02\/sisu-ev.jpg\",\"width\":1280,\"height\":720,\"caption\":\"Sisu Estrat\u00e9gia Vestibulares\"},{\"@type\":\"BreadcrumbList\",\"@id\":\"https:\/\/vestibulares.estrategia.com\/portal\/noticias\/mec-anuncia-o-sisu-etapa-adicional-do-programa-para-preencher-vagas-nao-ocupadas\/#breadcrumb\",\"itemListElement\":[{\"@type\":\"ListItem\",\"position\":1,\"name\":\"Home\",\"item\":\"https:\/\/vestibulares.estrategia.com\/portal\/\"},{\"@type\":\"ListItem\",\"position\":2,\"name\":\"Not\u00edcias\",\"item\":\"https:\/\/vestibulares.estrategia.com\/portal\/noticias\/\"},{\"@type\":\"ListItem\",\"position\":3,\"name\":\"MEC anuncia o Sisu+, etapa adicional do programa para preencher vagas n\u00e3o ocupadas\"}]},{\"@type\":\"WebSite\",\"@id\":\"https:\/\/vestibulares.estrategia.com\/portal\/#website\",\"url\":\"https:\/\/vestibulares.estrategia.com\/portal\/\",\"name\":\"Estrat\u00e9gia Vestibulares\",\"description\":\"\",\"publisher\":{\"@id\":\"https:\/\/vestibulares.estrategia.com\/portal\/#organization\"},\"potentialAction\":[{\"@type\":\"SearchAction\",\"target\":{\"@type\":\"EntryPoint\",\"urlTemplate\":\"https:\/\/vestibulares.estrategia.com\/portal\/?s={search_term_string}\"},\"query-input\":{\"@type\":\"PropertyValueSpecification\",\"valueRequired\":true,\"valueName\":\"search_term_string\"}}],\"inLanguage\":\"pt-BR\"},{\"@type\":\"Organization\",\"@id\":\"https:\/\/vestibulares.estrategia.com\/portal\/#organization\",\"name\":\"Estrat\u00e9gia Vestibulares\",\"url\":\"https:\/\/vestibulares.estrategia.com\/portal\/\",\"logo\":{\"@type\":\"ImageObject\",\"inLanguage\":\"pt-BR\",\"@id\":\"https:\/\/vestibulares.estrategia.com\/portal\/#\/schema\/logo\/image\/\",\"url\":\"https:\/\/vestibulares.estrategia.com\/portal\/wp-content\/uploads\/2021\/06\/Logo-Vestibulares@4x.png\",\"contentUrl\":\"https:\/\/vestibulares.estrategia.com\/portal\/wp-content\/uploads\/2021\/06\/Logo-Vestibulares@4x.png\",\"width\":250,\"height\":66,\"caption\":\"Estrat\u00e9gia Vestibulares\"},\"image\":{\"@id\":\"https:\/\/vestibulares.estrategia.com\/portal\/#\/schema\/logo\/image\/\"},\"sameAs\":[\"https:\/\/facebook.com\/estrategiavestibulares\",\"https:\/\/x.com\/Estrategiavest\",\"https:\/\/www.instagram.com\/estrategiavestibulares\",\"https:\/\/www.youtube.com\/channel\/UCGWdZy8ULI-7_5GrABa4vNA\"]},{\"@type\":\"Person\",\"@id\":\"https:\/\/vestibulares.estrategia.com\/portal\/#\/schema\/person\/95532619fccae669187ec84703047908\",\"name\":\"Leonardo Del Sant\",\"image\":{\"@type\":\"ImageObject\",\"inLanguage\":\"pt-BR\",\"@id\":\"https:\/\/vestibulares.estrategia.com\/portal\/#\/schema\/person\/image\/\",\"url\":\"https:\/\/vestibulares.estrategia.com\/portal\/wp-content\/uploads\/2026\/02\/1000082484-150x150.jpeg\",\"contentUrl\":\"https:\/\/vestibulares.estrategia.com\/portal\/wp-content\/uploads\/2026\/02\/1000082484-150x150.jpeg\",\"caption\":\"Leonardo Del Sant\"},\"description\":\"Coordenador de Jornalismo do Estrat\u00e9gia Vestibulares. Trabalhou com escrita para SEO em sites das \u00e1reas de economia, varejo, sa\u00fade, tecnologia e alimenta\u00e7\u00e3o. Formado em jornalismo pela Unesp\/Bauru.\",\"url\":\"https:\/\/vestibulares.estrategia.com\/portal\/author\/leonardo-del-sant\/\"}]}<\/script>\n<!-- \/ Yoast SEO Premium plugin. -->","yoast_head_json":{"title":"MEC anuncia o Sisu+, etapa adicional do programa para preencher vagas n\u00e3o ocupadas","description":"O Minist\u00e9rio da Educa\u00e7\u00e3o anunciou a cria\u00e7\u00e3o da etapa complementar Sisu+ 2026, que tem como objetivo preencher vagas remanescentes; confira!","robots":{"index":"index","follow":"follow","max-snippet":"max-snippet:-1","max-image-preview":"max-image-preview:large","max-video-preview":"max-video-preview:-1"},"canonical":"https:\/\/vestibulares.estrategia.com\/portal\/noticias\/mec-anuncia-o-sisu-etapa-adicional-do-programa-para-preencher-vagas-nao-ocupadas\/","og_locale":"pt_BR","og_type":"article","og_title":"MEC anuncia o Sisu+, etapa adicional do programa para preencher vagas n\u00e3o ocupadas","og_description":"O Minist\u00e9rio da Educa\u00e7\u00e3o anunciou a cria\u00e7\u00e3o da etapa complementar Sisu+ 2026, que tem como objetivo preencher vagas remanescentes; confira!","og_url":"https:\/\/vestibulares.estrategia.com\/portal\/noticias\/mec-anuncia-o-sisu-etapa-adicional-do-programa-para-preencher-vagas-nao-ocupadas\/","og_site_name":"Estrat\u00e9gia Vestibulares","article_publisher":"https:\/\/facebook.com\/estrategiavestibulares","article_published_time":"2026-04-29T18:02:46+00:00","article_modified_time":"2026-04-29T18:08:31+00:00","og_image":[{"width":1280,"height":720,"url":"https:\/\/vestibulares.estrategia.com\/portal\/wp-content\/uploads\/2024\/02\/sisu-ev.jpg","type":"image\/jpeg"}],"author":"Leonardo Del Sant","twitter_card":"summary_large_image","twitter_creator":"@Estrategiavest","twitter_site":"@Estrategiavest","twitter_misc":{"Escrito por":"Leonardo Del Sant","Est. tempo de leitura":"2 minutos"},"schema":{"@context":"https:\/\/schema.org","@graph":[{"@type":"NewsArticle","@id":"https:\/\/vestibulares.estrategia.com\/portal\/noticias\/mec-anuncia-o-sisu-etapa-adicional-do-programa-para-preencher-vagas-nao-ocupadas\/#article","isPartOf":{"@id":"https:\/\/vestibulares.estrategia.com\/portal\/noticias\/mec-anuncia-o-sisu-etapa-adicional-do-programa-para-preencher-vagas-nao-ocupadas\/"},"author":{"name":"Leonardo Del Sant","@id":"https:\/\/vestibulares.estrategia.com\/portal\/#\/schema\/person\/95532619fccae669187ec84703047908"},"headline":"MEC anuncia o Sisu+, etapa adicional do programa para preencher vagas n\u00e3o ocupadas","datePublished":"2026-04-29T18:02:46+00:00","dateModified":"2026-04-29T18:08:31+00:00","mainEntityOfPage":{"@id":"https:\/\/vestibulares.estrategia.com\/portal\/noticias\/mec-anuncia-o-sisu-etapa-adicional-do-programa-para-preencher-vagas-nao-ocupadas\/"},"wordCount":469,"publisher":{"@id":"https:\/\/vestibulares.estrategia.com\/portal\/#organization"},"image":{"@id":"https:\/\/vestibulares.estrategia.com\/portal\/noticias\/mec-anuncia-o-sisu-etapa-adicional-do-programa-para-preencher-vagas-nao-ocupadas\/#primaryimage"},"thumbnailUrl":"https:\/\/vestibulares.estrategia.com\/portal\/wp-content\/uploads\/2024\/02\/sisu-ev.jpg","articleSection":["Not\u00edcias"],"inLanguage":"pt-BR"},{"@type":"WebPage","@id":"https:\/\/vestibulares.estrategia.com\/portal\/noticias\/mec-anuncia-o-sisu-etapa-adicional-do-programa-para-preencher-vagas-nao-ocupadas\/","url":"https:\/\/vestibulares.estrategia.com\/portal\/noticias\/mec-anuncia-o-sisu-etapa-adicional-do-programa-para-preencher-vagas-nao-ocupadas\/","name":"MEC anuncia o Sisu+, etapa adicional do programa para preencher vagas n\u00e3o ocupadas","isPartOf":{"@id":"https:\/\/vestibulares.estrategia.com\/portal\/#website"},"primaryImageOfPage":{"@id":"https:\/\/vestibulares.estrategia.com\/portal\/noticias\/mec-anuncia-o-sisu-etapa-adicional-do-programa-para-preencher-vagas-nao-ocupadas\/#primaryimage"},"image":{"@id":"https:\/\/vestibulares.estrategia.com\/portal\/noticias\/mec-anuncia-o-sisu-etapa-adicional-do-programa-para-preencher-vagas-nao-ocupadas\/#primaryimage"},"thumbnailUrl":"https:\/\/vestibulares.estrategia.com\/portal\/wp-content\/uploads\/2024\/02\/sisu-ev.jpg","datePublished":"2026-04-29T18:02:46+00:00","dateModified":"2026-04-29T18:08:31+00:00","description":"O Minist\u00e9rio da Educa\u00e7\u00e3o anunciou a cria\u00e7\u00e3o da etapa complementar Sisu+ 2026, que tem como objetivo preencher vagas remanescentes; confira!","breadcrumb":{"@id":"https:\/\/vestibulares.estrategia.com\/portal\/noticias\/mec-anuncia-o-sisu-etapa-adicional-do-programa-para-preencher-vagas-nao-ocupadas\/#breadcrumb"},"inLanguage":"pt-BR","potentialAction":[{"@type":"ReadAction","target":["https:\/\/vestibulares.estrategia.com\/portal\/noticias\/mec-anuncia-o-sisu-etapa-adicional-do-programa-para-preencher-vagas-nao-ocupadas\/"]}]},{"@type":"ImageObject","inLanguage":"pt-BR","@id":"https:\/\/vestibulares.estrategia.com\/portal\/noticias\/mec-anuncia-o-sisu-etapa-adicional-do-programa-para-preencher-vagas-nao-ocupadas\/#primaryimage","url":"https:\/\/vestibulares.estrategia.com\/portal\/wp-content\/uploads\/2024\/02\/sisu-ev.jpg","contentUrl":"https:\/\/vestibulares.estrategia.com\/portal\/wp-content\/uploads\/2024\/02\/sisu-ev.jpg","width":1280,"height":720,"caption":"Sisu Estrat\u00e9gia Vestibulares"},{"@type":"BreadcrumbList","@id":"https:\/\/vestibulares.estrategia.com\/portal\/noticias\/mec-anuncia-o-sisu-etapa-adicional-do-programa-para-preencher-vagas-nao-ocupadas\/#breadcrumb","itemListElement":[{"@type":"ListItem","position":1,"name":"Home","item":"https:\/\/vestibulares.estrategia.com\/portal\/"},{"@type":"ListItem","position":2,"name":"Not\u00edcias","item":"https:\/\/vestibulares.estrategia.com\/portal\/noticias\/"},{"@type":"ListItem","position":3,"name":"MEC anuncia o Sisu+, etapa adicional do programa para preencher vagas n\u00e3o ocupadas"}]},{"@type":"WebSite","@id":"https:\/\/vestibulares.estrategia.com\/portal\/#website","url":"https:\/\/vestibulares.estrategia.com\/portal\/","name":"Estrat\u00e9gia Vestibulares","description":"","publisher":{"@id":"https:\/\/vestibulares.estrategia.com\/portal\/#organization"},"potentialAction":[{"@type":"SearchAction","target":{"@type":"EntryPoint","urlTemplate":"https:\/\/vestibulares.estrategia.com\/portal\/?s={search_term_string}"},"query-input":{"@type":"PropertyValueSpecification","valueRequired":true,"valueName":"search_term_string"}}],"inLanguage":"pt-BR"},{"@type":"Organization","@id":"https:\/\/vestibulares.estrategia.com\/portal\/#organization","name":"Estrat\u00e9gia Vestibulares","url":"https:\/\/vestibulares.estrategia.com\/portal\/","logo":{"@type":"ImageObject","inLanguage":"pt-BR","@id":"https:\/\/vestibulares.estrategia.com\/portal\/#\/schema\/logo\/image\/","url":"https:\/\/vestibulares.estrategia.com\/portal\/wp-content\/uploads\/2021\/06\/Logo-Vestibulares@4x.png","contentUrl":"https:\/\/vestibulares.estrategia.com\/portal\/wp-content\/uploads\/2021\/06\/Logo-Vestibulares@4x.png","width":250,"height":66,"caption":"Estrat\u00e9gia Vestibulares"},"image":{"@id":"https:\/\/vestibulares.estrategia.com\/portal\/#\/schema\/logo\/image\/"},"sameAs":["https:\/\/facebook.com\/estrategiavestibulares","https:\/\/x.com\/Estrategiavest","https:\/\/www.instagram.com\/estrategiavestibulares","https:\/\/www.youtube.com\/channel\/UCGWdZy8ULI-7_5GrABa4vNA"]},{"@type":"Person","@id":"https:\/\/vestibulares.estrategia.com\/portal\/#\/schema\/person\/95532619fccae669187ec84703047908","name":"Leonardo Del Sant","image":{"@type":"ImageObject","inLanguage":"pt-BR","@id":"https:\/\/vestibulares.estrategia.com\/portal\/#\/schema\/person\/image\/","url":"https:\/\/vestibulares.estrategia.com\/portal\/wp-content\/uploads\/2026\/02\/1000082484-150x150.jpeg","contentUrl":"https:\/\/vestibulares.estrategia.com\/portal\/wp-content\/uploads\/2026\/02\/1000082484-150x150.jpeg","caption":"Leonardo Del Sant"},"description":"Coordenador de Jornalismo do Estrat\u00e9gia Vestibulares. Trabalhou com escrita para SEO em sites das \u00e1reas de economia, varejo, sa\u00fade, tecnologia e alimenta\u00e7\u00e3o. Formado em jornalismo pela Unesp\/Bauru.","url":"https:\/\/vestibulares.estrategia.com\/portal\/author\/leonardo-del-sant\/"}]}},"_wl_alt_label":[],"wl:entity_url":"https:\/\/data.wordlift.io\/wl110249\/post\/me-156926","_links":{"self":[{"href":"https:\/\/vestibulares.estrategia.com\/portal\/wp-json\/wp\/v2\/posts\/156926","targetHints":{"allow":["GET"]}}],"collection":[{"href":"https:\/\/vestibulares.estrategia.com\/portal\/wp-json\/wp\/v2\/posts"}],"about":[{"href":"https:\/\/vestibulares.estrategia.com\/portal\/wp-json\/wp\/v2\/types\/post"}],"author":[{"embeddable":true,"href":"https:\/\/vestibulares.estrategia.com\/portal\/wp-json\/wp\/v2\/users\/43"}],"replies":[{"embeddable":true,"href":"https:\/\/vestibulares.estrategia.com\/portal\/wp-json\/wp\/v2\/comments?post=156926"}],"version-history":[{"count":4,"href":"https:\/\/vestibulares.estrategia.com\/portal\/wp-json\/wp\/v2\/posts\/156926\/revisions"}],"predecessor-version":[{"id":156932,"href":"https:\/\/vestibulares.estrategia.com\/portal\/wp-json\/wp\/v2\/posts\/156926\/revisions\/156932"}],"wp:featuredmedia":[{"embeddable":true,"href":"https:\/\/vestibulares.estrategia.com\/portal\/wp-json\/wp\/v2\/media\/111910"}],"wp:attachment":[{"href":"https:\/\/vestibulares.estrategia.com\/portal\/wp-json\/wp\/v2\/media?parent=156926"}],"wp:term":[{"taxonomy":"category","embeddable":true,"href":"https:\/\/vestibulares.estrategia.com\/portal\/wp-json\/wp\/v2\/categories?post=156926"},{"taxonomy":"post_tag","embeddable":true,"href":"https:\/\/vestibulares.estrategia.com\/portal\/wp-json\/wp\/v2\/tags?post=156926"},{"taxonomy":"wl_entity_type","embeddable":true,"href":"https:\/\/vestibulares.estrategia.com\/portal\/wp-json\/wp\/v2\/wl_entity_type?post=156926"}],"curies":[{"name":"wp","href":"https:\/\/api.w.org\/{rel}","templated":true}]}}