{"id":156941,"date":"2026-04-29T18:47:47","date_gmt":"2026-04-29T21:47:47","guid":{"rendered":"https:\/\/vestibulares.estrategia.com\/portal\/?p=156941"},"modified":"2026-04-29T18:47:51","modified_gmt":"2026-04-29T21:47:51","slug":"cinema-de-vanguarda-contexto-historico-caracteristicas-e-mais","status":"publish","type":"post","link":"https:\/\/vestibulares.estrategia.com\/portal\/materias\/artes\/cinema-de-vanguarda-contexto-historico-caracteristicas-e-mais\/","title":{"rendered":"Cinema de vanguarda: contexto hist\u00f3rico, caracter\u00edsticas e mais"},"content":{"rendered":"<p>O cinema de vanguarda surgiu em um contexto de p&oacute;s Primeira Guerra Mundial, frente &agrave; devasta&ccedil;&atilde;o deixada pela guerra no continente europeu. Assim, o cinema de vanguarda buscou n&atilde;o apenas contar hist&oacute;rias, como, tamb&eacute;m, provocar experi&ecirc;ncias, estimulando as emo&ccedil;&otilde;es do espectador.<p>Dessa forma, &eacute; importante entender como surgiu o cinema de vanguarda e qual foi a sua fun&ccedil;&atilde;o social e hist&oacute;rica para a sociedade. Leia este artigo para saber mais.<\/p><p>\n\n\n\n<div class=\"cta-medio\" style=\"background-image: url(https:\/\/vestibulares.estrategia.com\/portal\/wp-content\/uploads\/2024\/08\/curso-enem-1-estrategia-vestibulares-ctamedio.jpg);\"><h3>Pacote Enem TOP <\/h3> <p>Estude com o Estrat\u00e9gia Vestibulares<\/p><div class=\"cta-botao\"><a id=\"cta-medio\" href=\"https:\/\/vestibulares.estrategia.com\/curso\/enem-top\/\" target=\"_blank\" style=\"background:rgb(255,150,0)\">Saiba mais<\/a><\/div><\/div>\n\n\n\n<\/p><div id=\"ez-toc-container\" class=\"ez-toc-v2_0_76 counter-hierarchy ez-toc-counter ez-toc-transparent ez-toc-container-direction\">\n<div class=\"ez-toc-title-container\"><p class=\"ez-toc-title\" style=\"cursor:inherit\">Navegue pelo conte\u00fado<\/p>\n<\/div><nav><ul class='ez-toc-list ez-toc-list-level-1 ' ><li class='ez-toc-page-1 ez-toc-heading-level-2'><a class=\"ez-toc-link ez-toc-heading-1\" href=\"https:\/\/vestibulares.estrategia.com\/portal\/materias\/artes\/cinema-de-vanguarda-contexto-historico-caracteristicas-e-mais\/#Contexto-historico-do-cinema-de-vanguarda\" >Contexto hist&oacute;rico do cinema de vanguarda<\/a><\/li><li class='ez-toc-page-1 ez-toc-heading-level-2'><a class=\"ez-toc-link ez-toc-heading-2\" href=\"https:\/\/vestibulares.estrategia.com\/portal\/materias\/artes\/cinema-de-vanguarda-contexto-historico-caracteristicas-e-mais\/#Expressionismo-alemao\" >Expressionismo alem&atilde;o<\/a><\/li><li class='ez-toc-page-1 ez-toc-heading-level-2'><a class=\"ez-toc-link ez-toc-heading-3\" href=\"https:\/\/vestibulares.estrategia.com\/portal\/materias\/artes\/cinema-de-vanguarda-contexto-historico-caracteristicas-e-mais\/#Surrealismo\" >Surrealismo<\/a><\/li><li class='ez-toc-page-1 ez-toc-heading-level-2'><a class=\"ez-toc-link ez-toc-heading-4\" href=\"https:\/\/vestibulares.estrategia.com\/portal\/materias\/artes\/cinema-de-vanguarda-contexto-historico-caracteristicas-e-mais\/#Dadaismo-e-o-cinema-puro-o-elogio-ao-absurdo\" >Dada&iacute;smo e o cinema puro: o elogio ao absurdo<\/a><\/li><li class='ez-toc-page-1 ez-toc-heading-level-2'><a class=\"ez-toc-link ez-toc-heading-5\" href=\"https:\/\/vestibulares.estrategia.com\/portal\/materias\/artes\/cinema-de-vanguarda-contexto-historico-caracteristicas-e-mais\/#Como-o-cinema-de-vanguarda-cai-no-Enem-e-vestibulares\" >Como o cinema de vanguarda cai no Enem e vestibulares?<\/a><\/li><li class='ez-toc-page-1 ez-toc-heading-level-2'><a class=\"ez-toc-link ez-toc-heading-6\" href=\"https:\/\/vestibulares.estrategia.com\/portal\/materias\/artes\/cinema-de-vanguarda-contexto-historico-caracteristicas-e-mais\/#Seja-aluno-do-Estrategia-Vestibulares\" >Seja aluno do Estrat&eacute;gia Vestibulares<\/a><\/li><\/ul><\/nav><\/div>\n<h2 class=\"wp-block-heading\" id=\"h-contexto-historico-do-cinema-de-vanguarda\"><span class=\"ez-toc-section\" id=\"Contexto-historico-do-cinema-de-vanguarda\"><\/span>Contexto hist&oacute;rico do cinema de vanguarda<span class=\"ez-toc-section-end\"><\/span><\/h2><p>Para entender o cinema de <a href=\"https:\/\/vestibulares.estrategia.com\/portal\/materias\/artes\/vanguardas-europeias\/\" target=\"_blank\">vanguarda<\/a>, imagine a Europa logo ap&oacute;s a <a href=\"https:\/\/vestibulares.estrategia.com\/portal\/materias\/historia\/primeira-guerra-mundial\/\" target=\"_blank\">Primeira Guerra Mundial<\/a>. O continente estava destru&iacute;do, traumatizado e com artistas revoltados com a sociedade que havia permitido aquela cat&aacute;strofe.<\/p><p>Nesse cen&aacute;rio, surge uma gera&ccedil;&atilde;o de cineastas que decide se rebelar contra o cinema dominante, especialmente o cinema industrial de Hollywood. Os filmes hollywoodianos j&aacute; tinham um padr&atilde;o bem definido: mocinhos, vil&otilde;es, romances e finais felizes. Era um cinema pensado para entreter e vender.<\/p><p>Os artistas europeus queriam o oposto. Eles rejeitaram o cinema narrativo tradicional e tamb&eacute;m o chamado &ldquo;teatro filmado&rdquo;, em que a c&acirc;mera apenas registrava uma hist&oacute;ria como se fosse uma pe&ccedil;a teatral. Para esses diretores, o cinema n&atilde;o deveria apenas contar hist&oacute;rias, mas deveria, tamb&eacute;m, explorar imagens, ritmo, sensa&ccedil;&otilde;es e emo&ccedil;&otilde;es.<\/p><p>Assim, nasce o cinema de vanguarda, cujo objetivo principal era provocar o p&uacute;blico, chocar a burguesia e experimentar novas formas de linguagem visual.<\/p><h2 class=\"wp-block-heading\" id=\"h-expressionismo-alemao\"><span class=\"ez-toc-section\" id=\"Expressionismo-alemao\"><\/span>Expressionismo alem&atilde;o<span class=\"ez-toc-section-end\"><\/span><\/h2><p>Entre todas as vanguardas cinematogr&aacute;ficas, o <a href=\"https:\/\/vestibulares.estrategia.com\/portal\/materias\/artes\/expressionismo\/\" target=\"_blank\">expressionismo<\/a> alem&atilde;o &eacute; o que mais aparece em vestibulares. Isso porque ele influenciou diretamente o cinema de terror e o g&ecirc;nero noir.<\/p><p>Ap&oacute;s a guerra, a Alemanha vivia uma crise econ&ocirc;mica, pol&iacute;tica e psicol&oacute;gica profunda. O sentimento coletivo era de medo, pessimismo e desconfian&ccedil;a do futuro. Assim, o cinema passou a refletir essa ang&uacute;stia.<\/p><h3 class=\"wp-block-heading\" id=\"h-a-estetica-das-sombras\">A est&eacute;tica das sombras<\/h3><p>Os expressionistas acreditavam que o cinema n&atilde;o deveria mostrar o mundo como ele &eacute;, mas como ele &eacute; sentido. Essa &eacute; a ideia-chave da subjetividade, pois, se o personagem est&aacute; perturbado, o mundo ao redor tamb&eacute;m parece perturbado. Por isso, os cen&aacute;rios s&atilde;o:<\/p><ul class=\"wp-block-list\">\n<li>tortos e pontiagudos;<\/li>\n\n\n\n<li>claustrof&oacute;bicos e opressivos; e<\/li>\n\n\n\n<li>iluminados com forte contraste entre luz e sombra.<\/li>\n<\/ul><p>Dessa maneira, esse uso de sombras gigantes e contrastes violentos influenciou d&eacute;cadas depois o cinema noir e o terror moderno.<\/p><h3 class=\"wp-block-heading\" id=\"h-obras-chave-do-expressionismo\">Obras-chave do expressionismo<\/h3><h4 class=\"wp-block-heading\" id=\"h-o-gabinete-do-dr-caligari\">O Gabinete do Dr. Caligari<\/h4><p>Considerado o marco inicial do expressionismo, o filme conta a hist&oacute;ria de um homem em um hosp&iacute;cio. Nesse sentido, aos poucos, percebemos que os cen&aacute;rios distorcidos representam a mente do protagonista.<\/p><h4 class=\"wp-block-heading\" id=\"h-nosferatu\">Nosferatu<\/h4><p>Essa foi a primeira grande adapta&ccedil;&atilde;o cinematogr&aacute;fica de Dr&aacute;cula. O filme ficou famoso pelas sombras gigantes do vampiro, criando um terror psicol&oacute;gico poderoso. A imagem do vampiro subindo a escada projetado na parede virou um &iacute;cone da hist&oacute;ria do cinema.<\/p><h2 class=\"wp-block-heading\" id=\"h-surrealismo\"><span class=\"ez-toc-section\" id=\"Surrealismo\"><\/span>Surrealismo<span class=\"ez-toc-section-end\"><\/span><\/h2><p>Se o expressionismo mostra a mente perturbada, o <a href=\"https:\/\/vestibulares.estrategia.com\/portal\/materias\/artes\/expressionismo\/\" target=\"_blank\">surrealismo<\/a> mergulha diretamente no inconsciente. Os surrealistas foram profundamente influenciados pela psican&aacute;lise de Sigmund Freud, que defendia que sonhos e desejos reprimidos revelam a verdadeira natureza humana.<\/p><p>Os cineastas surrealistas queriam usar a c&acirc;mera como uma m&aacute;quina de filmar sonhos. Os principais nomes desse movimento foram o diretor Lu&iacute;s Bu&ntilde;uel e o pintor Salvador Dal&iacute;.<\/p><h3 class=\"wp-block-heading\" id=\"h-a-quebra-da-logica\">A quebra da l&oacute;gica<\/h3><p>No surrealismo, a l&oacute;gica n&atilde;o importa. A narrativa pode mudar sem explica&ccedil;&atilde;o. Um personagem pode abrir uma porta em Paris e sair numa praia. Objetos ganham vida e o tempo deixa de seguir ordem cronol&oacute;gica, o objetivo &eacute; provocar estranhamento e acessar o inconsciente do espectador.<\/p><h3 class=\"wp-block-heading\" id=\"h-um-cao-andaluz-a-obra-chave-do-surrealismo\">Um C&atilde;o Andaluz: a obra-chave do surrealismo<\/h3><p>Esse talvez seja o filme mais famoso da vanguarda. Ele n&atilde;o tem hist&oacute;ria tradicional, &eacute; uma sequ&ecirc;ncia de imagens on&iacute;ricas e chocantes pensadas para tirar o p&uacute;blico da zona de conforto. Essa obra se tornou s&iacute;mbolo do cinema surrealista e da liberdade total da linguagem cinematogr&aacute;fica.<\/p><h2 class=\"wp-block-heading\" id=\"h-dadaismo-e-o-cinema-puro-o-elogio-ao-absurdo\"><span class=\"ez-toc-section\" id=\"Dadaismo-e-o-cinema-puro-o-elogio-ao-absurdo\"><\/span>Dada&iacute;smo e o cinema puro: o elogio ao absurdo<span class=\"ez-toc-section-end\"><\/span><\/h2><p>O <a href=\"https:\/\/vestibulares.estrategia.com\/portal\/materias\/artes\/dadaismo-a-rebeliao-do-absurdo-e-a-genese-da-arte-contemporanea\/\">dada&iacute;smo<\/a> nasceu como um movimento art&iacute;stico que queria destruir a arte tradicional. No cinema, essa revolu&ccedil;&atilde;o foi ainda mais radical. Os dada&iacute;stas acreditavam que o cinema n&atilde;o precisava de personagens, hist&oacute;ria ou mensagem moral. Para eles, o cinema era feito de movimento, luz e ritmo.<\/p><h3 class=\"wp-block-heading\" id=\"h-o-ritmo-da-maquina\">O ritmo da m&aacute;quina<\/h3><p>Filmes dada&iacute;stas s&atilde;o montagens fren&eacute;ticas de engrenagens, objetos cotidianos, formas geom&eacute;tricas, rostos e fragmentos de corpos. Tudo se move de forma r&aacute;pida e repetitiva, quase como uma dan&ccedil;a mec&acirc;nica.<\/p><h3 class=\"wp-block-heading\" id=\"h-ballet-mecanique-a-obra-chave-do-dadaismo\">Ballet M&eacute;canique: a obra-chave do dada&iacute;smo<\/h3><p>Dirigido por Fernand L&eacute;ger, o filme mostra objetos e m&aacute;quinas em movimento fren&eacute;tico. N&atilde;o h&aacute; narrativa nem personagens centrais, a ideia principal era libertar o cinema da obriga&ccedil;&atilde;o de &ldquo;significar algo&rdquo;. O filme &eacute; pura experi&ecirc;ncia visual.<\/p><h2 class=\"wp-block-heading\" id=\"h-como-o-cinema-de-vanguarda-cai-no-enem-e-vestibulares\"><span class=\"ez-toc-section\" id=\"Como-o-cinema-de-vanguarda-cai-no-Enem-e-vestibulares\"><\/span>Como o cinema de vanguarda cai no Enem e vestibulares?<span class=\"ez-toc-section-end\"><\/span><\/h2><p>O Enem pode cobrar sobre cinema de vanguarda contextualizando-o com a sociedade da &eacute;poca ou focando nas suas influ&ecirc;ncias sobre a cultura atual.<\/p><h3 class=\"wp-block-heading\" id=\"h-a-influencia-na-linguagem-cinematografica-moderna\">A influ&ecirc;ncia na linguagem cinematogr&aacute;fica moderna<\/h3><p>&Eacute; importante entender que o cinema de vanguarda n&atilde;o ficou preso aos anos 1920. Na verdade, ele moldou profundamente a linguagem audiovisual que usamos at&eacute; hoje.<\/p><p>Um dos desdobramentos mais importantes foi a valoriza&ccedil;&atilde;o da montagem, a forma como as imagens s&atilde;o organizadas e combinadas para gerar significado. Cineastas perceberam que o sentido de uma cena n&atilde;o depende apenas do que &eacute; filmado, mas da forma como as imagens s&atilde;o editadas.<\/p><p>O diretor sovi&eacute;tico Sergei Eisenstein levou essa ideia ao extremo em O Encoura&ccedil;ado Potemkin. Em vez de contar a hist&oacute;ria de maneira tradicional, ele usou cortes r&aacute;pidos e sequ&ecirc;ncias visuais intensas para provocar emo&ccedil;&atilde;o no p&uacute;blico. A famosa cena da escadaria de Odessa &eacute; um exemplo cl&aacute;ssico de como a montagem pode criar tens&atilde;o e impacto psicol&oacute;gico.<\/p><p>Essa ideia de que o cinema pode manipular emo&ccedil;&otilde;es por meio da edi&ccedil;&atilde;o vem diretamente do esp&iacute;rito experimental das vanguardas.<\/p><h3 class=\"wp-block-heading\" id=\"h-subjetividade-do-cinema-de-vanguarda\">Subjetividade do cinema de vanguarda<\/h3><p>Subjetividade &eacute; um conceito que aparece constantemente em provas. O cinema cl&aacute;ssico tenta ser objetivo, mostrando o mundo como ele &eacute;. J&aacute; o cinema de vanguarda &eacute; radicalmente subjetivo, a c&acirc;mera n&atilde;o mostra a realidade, mas mostra a percep&ccedil;&atilde;o do personagem.<\/p><h2 class=\"wp-block-heading\" id=\"h-seja-aluno-do-estrategia-vestibulares\"><span class=\"ez-toc-section\" id=\"Seja-aluno-do-Estrategia-Vestibulares\"><\/span>Seja aluno do Estrat&eacute;gia Vestibulares<span class=\"ez-toc-section-end\"><\/span><\/h2><p>Assine os cursos do EV e tenha acesso aos melhores materiais para a sua prepara&ccedil;&atilde;o, com conte&uacute;do em v&iacute;deo e texto, al&eacute;m de um banco de quest&otilde;es completo, contendo resolu&ccedil;&otilde;es feitas pelos nossos professores.&nbsp;<\/p><p>Fa&ccedil;a como muitos outros aprovados e estude para os vestibulares e para o Enem conosco. Clique no banner e estude com a Coruja!<\/p><p>\n\n\n\n\n\n<a id=\"cta\" class=\"cta-imagem\" href=\"https:\/\/vestibulares.estrategia.com\/cursos\/\" target=\"blank\">\n                <img decoding=\"async\" width=\"100%\" src=\"https:\/\/vestibulares.estrategia.com\/portal\/wp-content\/uploads\/2021\/12\/EV4.jpg\" alt=\"CTA - Estrat\u00e9gia Vestibulares 4\" title=\"CTA - Estrat\u00e9gia Vestibulares 4\">\n        <\/a>\n<\/p><\/p>\n","protected":false},"excerpt":{"rendered":"Aprenda o contexto hist\u00f3rico, as caracter\u00edsticas, e a import\u00e2ncia cultural e social do cinema de vanguarda\n","protected":false},"author":58,"featured_media":156944,"comment_status":"closed","ping_status":"closed","sticky":false,"template":"","format":"standard","meta":{"wl_entities_gutenberg":"","footnotes":""},"categories":[41],"tags":[],"wl_entity_type":[732],"class_list":{"0":"post-156941","1":"post","2":"type-post","3":"status-publish","4":"format-standard","5":"has-post-thumbnail","7":"category-artes","8":"wl_entity_type-article"},"acf":[],"yoast_head":"<!-- This site is optimized with the Yoast SEO Premium plugin v25.9 (Yoast SEO v25.9) - https:\/\/yoast.com\/wordpress\/plugins\/seo\/ -->\n<title>Cinema de vanguarda: contexto hist\u00f3rico, caracter\u00edsticas e mais<\/title>\n<meta name=\"description\" content=\"Aprenda o contexto hist\u00f3rico, as caracter\u00edsticas, e a import\u00e2ncia cultural e social do cinema de vanguarda.\" \/>\n<meta name=\"robots\" content=\"index, follow, max-snippet:-1, max-image-preview:large, max-video-preview:-1\" \/>\n<link rel=\"canonical\" href=\"https:\/\/vestibulares.estrategia.com\/portal\/materias\/artes\/cinema-de-vanguarda-contexto-historico-caracteristicas-e-mais\/\" \/>\n<meta property=\"og:locale\" content=\"pt_BR\" \/>\n<meta property=\"og:type\" content=\"article\" \/>\n<meta property=\"og:title\" content=\"Cinema de vanguarda: contexto hist\u00f3rico, caracter\u00edsticas e mais\" \/>\n<meta property=\"og:description\" content=\"Aprenda o contexto hist\u00f3rico, as caracter\u00edsticas, e a import\u00e2ncia cultural e social do cinema de vanguarda.\" \/>\n<meta property=\"og:url\" content=\"https:\/\/vestibulares.estrategia.com\/portal\/materias\/artes\/cinema-de-vanguarda-contexto-historico-caracteristicas-e-mais\/\" \/>\n<meta property=\"og:site_name\" content=\"Estrat\u00e9gia Vestibulares\" \/>\n<meta property=\"article:publisher\" content=\"https:\/\/facebook.com\/estrategiavestibulares\" \/>\n<meta property=\"article:published_time\" content=\"2026-04-29T21:47:47+00:00\" \/>\n<meta property=\"article:modified_time\" content=\"2026-04-29T21:47:51+00:00\" \/>\n<meta property=\"og:image\" content=\"https:\/\/vestibulares.estrategia.com\/portal\/wp-content\/uploads\/2026\/04\/cinema-de-vanguarda.jpg\" \/>\n\t<meta property=\"og:image:width\" content=\"1280\" \/>\n\t<meta property=\"og:image:height\" content=\"825\" \/>\n\t<meta property=\"og:image:type\" content=\"image\/jpeg\" \/>\n<meta name=\"author\" content=\"Gabriella da Mata\" \/>\n<meta name=\"twitter:card\" content=\"summary_large_image\" \/>\n<meta name=\"twitter:creator\" content=\"@Estrategiavest\" \/>\n<meta name=\"twitter:site\" content=\"@Estrategiavest\" \/>\n<meta name=\"twitter:label1\" content=\"Escrito por\" \/>\n\t<meta name=\"twitter:data1\" content=\"Gabriella da Mata\" \/>\n\t<meta name=\"twitter:label2\" content=\"Est. tempo de leitura\" \/>\n\t<meta name=\"twitter:data2\" content=\"6 minutos\" \/>\n<script type=\"application\/ld+json\" class=\"yoast-schema-graph\">{\"@context\":\"https:\/\/schema.org\",\"@graph\":[{\"@type\":\"Article\",\"@id\":\"https:\/\/vestibulares.estrategia.com\/portal\/materias\/artes\/cinema-de-vanguarda-contexto-historico-caracteristicas-e-mais\/#article\",\"isPartOf\":{\"@id\":\"https:\/\/vestibulares.estrategia.com\/portal\/materias\/artes\/cinema-de-vanguarda-contexto-historico-caracteristicas-e-mais\/\"},\"author\":{\"name\":\"Gabriella da Mata\",\"@id\":\"https:\/\/vestibulares.estrategia.com\/portal\/#\/schema\/person\/845eb1f998dff44176ef30f0d3675415\"},\"headline\":\"Cinema de vanguarda: contexto hist\u00f3rico, caracter\u00edsticas e mais\",\"datePublished\":\"2026-04-29T21:47:47+00:00\",\"dateModified\":\"2026-04-29T21:47:51+00:00\",\"mainEntityOfPage\":{\"@id\":\"https:\/\/vestibulares.estrategia.com\/portal\/materias\/artes\/cinema-de-vanguarda-contexto-historico-caracteristicas-e-mais\/\"},\"wordCount\":1167,\"publisher\":{\"@id\":\"https:\/\/vestibulares.estrategia.com\/portal\/#organization\"},\"image\":{\"@id\":\"https:\/\/vestibulares.estrategia.com\/portal\/materias\/artes\/cinema-de-vanguarda-contexto-historico-caracteristicas-e-mais\/#primaryimage\"},\"thumbnailUrl\":\"https:\/\/vestibulares.estrategia.com\/portal\/wp-content\/uploads\/2026\/04\/cinema-de-vanguarda.jpg\",\"articleSection\":[\"Artes\"],\"inLanguage\":\"pt-BR\"},{\"@type\":\"WebPage\",\"@id\":\"https:\/\/vestibulares.estrategia.com\/portal\/materias\/artes\/cinema-de-vanguarda-contexto-historico-caracteristicas-e-mais\/\",\"url\":\"https:\/\/vestibulares.estrategia.com\/portal\/materias\/artes\/cinema-de-vanguarda-contexto-historico-caracteristicas-e-mais\/\",\"name\":\"Cinema de vanguarda: contexto hist\u00f3rico, caracter\u00edsticas e mais\",\"isPartOf\":{\"@id\":\"https:\/\/vestibulares.estrategia.com\/portal\/#website\"},\"primaryImageOfPage\":{\"@id\":\"https:\/\/vestibulares.estrategia.com\/portal\/materias\/artes\/cinema-de-vanguarda-contexto-historico-caracteristicas-e-mais\/#primaryimage\"},\"image\":{\"@id\":\"https:\/\/vestibulares.estrategia.com\/portal\/materias\/artes\/cinema-de-vanguarda-contexto-historico-caracteristicas-e-mais\/#primaryimage\"},\"thumbnailUrl\":\"https:\/\/vestibulares.estrategia.com\/portal\/wp-content\/uploads\/2026\/04\/cinema-de-vanguarda.jpg\",\"datePublished\":\"2026-04-29T21:47:47+00:00\",\"dateModified\":\"2026-04-29T21:47:51+00:00\",\"description\":\"Aprenda o contexto hist\u00f3rico, as caracter\u00edsticas, e a import\u00e2ncia cultural e social do cinema de vanguarda.\",\"breadcrumb\":{\"@id\":\"https:\/\/vestibulares.estrategia.com\/portal\/materias\/artes\/cinema-de-vanguarda-contexto-historico-caracteristicas-e-mais\/#breadcrumb\"},\"inLanguage\":\"pt-BR\",\"potentialAction\":[{\"@type\":\"ReadAction\",\"target\":[\"https:\/\/vestibulares.estrategia.com\/portal\/materias\/artes\/cinema-de-vanguarda-contexto-historico-caracteristicas-e-mais\/\"]}]},{\"@type\":\"ImageObject\",\"inLanguage\":\"pt-BR\",\"@id\":\"https:\/\/vestibulares.estrategia.com\/portal\/materias\/artes\/cinema-de-vanguarda-contexto-historico-caracteristicas-e-mais\/#primaryimage\",\"url\":\"https:\/\/vestibulares.estrategia.com\/portal\/wp-content\/uploads\/2026\/04\/cinema-de-vanguarda.jpg\",\"contentUrl\":\"https:\/\/vestibulares.estrategia.com\/portal\/wp-content\/uploads\/2026\/04\/cinema-de-vanguarda.jpg\",\"width\":1280,\"height\":825,\"caption\":\"cinema-de-vanguarda\"},{\"@type\":\"BreadcrumbList\",\"@id\":\"https:\/\/vestibulares.estrategia.com\/portal\/materias\/artes\/cinema-de-vanguarda-contexto-historico-caracteristicas-e-mais\/#breadcrumb\",\"itemListElement\":[{\"@type\":\"ListItem\",\"position\":1,\"name\":\"Home\",\"item\":\"https:\/\/vestibulares.estrategia.com\/portal\/\"},{\"@type\":\"ListItem\",\"position\":2,\"name\":\"Mat\u00e9rias\",\"item\":\"https:\/\/vestibulares.estrategia.com\/portal\/materias\/\"},{\"@type\":\"ListItem\",\"position\":3,\"name\":\"Artes\",\"item\":\"https:\/\/vestibulares.estrategia.com\/portal\/materias\/artes\/\"},{\"@type\":\"ListItem\",\"position\":4,\"name\":\"Cinema de vanguarda: contexto hist\u00f3rico, caracter\u00edsticas e mais\"}]},{\"@type\":\"WebSite\",\"@id\":\"https:\/\/vestibulares.estrategia.com\/portal\/#website\",\"url\":\"https:\/\/vestibulares.estrategia.com\/portal\/\",\"name\":\"Estrat\u00e9gia Vestibulares\",\"description\":\"\",\"publisher\":{\"@id\":\"https:\/\/vestibulares.estrategia.com\/portal\/#organization\"},\"potentialAction\":[{\"@type\":\"SearchAction\",\"target\":{\"@type\":\"EntryPoint\",\"urlTemplate\":\"https:\/\/vestibulares.estrategia.com\/portal\/?s={search_term_string}\"},\"query-input\":{\"@type\":\"PropertyValueSpecification\",\"valueRequired\":true,\"valueName\":\"search_term_string\"}}],\"inLanguage\":\"pt-BR\"},{\"@type\":\"Organization\",\"@id\":\"https:\/\/vestibulares.estrategia.com\/portal\/#organization\",\"name\":\"Estrat\u00e9gia Vestibulares\",\"url\":\"https:\/\/vestibulares.estrategia.com\/portal\/\",\"logo\":{\"@type\":\"ImageObject\",\"inLanguage\":\"pt-BR\",\"@id\":\"https:\/\/vestibulares.estrategia.com\/portal\/#\/schema\/logo\/image\/\",\"url\":\"https:\/\/vestibulares.estrategia.com\/portal\/wp-content\/uploads\/2021\/06\/Logo-Vestibulares@4x.png\",\"contentUrl\":\"https:\/\/vestibulares.estrategia.com\/portal\/wp-content\/uploads\/2021\/06\/Logo-Vestibulares@4x.png\",\"width\":250,\"height\":66,\"caption\":\"Estrat\u00e9gia Vestibulares\"},\"image\":{\"@id\":\"https:\/\/vestibulares.estrategia.com\/portal\/#\/schema\/logo\/image\/\"},\"sameAs\":[\"https:\/\/facebook.com\/estrategiavestibulares\",\"https:\/\/x.com\/Estrategiavest\",\"https:\/\/www.instagram.com\/estrategiavestibulares\",\"https:\/\/www.youtube.com\/channel\/UCGWdZy8ULI-7_5GrABa4vNA\"]},{\"@type\":\"Person\",\"@id\":\"https:\/\/vestibulares.estrategia.com\/portal\/#\/schema\/person\/845eb1f998dff44176ef30f0d3675415\",\"name\":\"Gabriella da Mata\",\"image\":{\"@type\":\"ImageObject\",\"inLanguage\":\"pt-BR\",\"@id\":\"https:\/\/vestibulares.estrategia.com\/portal\/#\/schema\/person\/image\/\",\"url\":\"https:\/\/secure.gravatar.com\/avatar\/b257a7dd7fbafa3e59a9a2c2a4696d69?s=96&d=mm&r=g\",\"contentUrl\":\"https:\/\/secure.gravatar.com\/avatar\/b257a7dd7fbafa3e59a9a2c2a4696d69?s=96&d=mm&r=g\",\"caption\":\"Gabriella da Mata\"},\"description\":\"Acad\u00eamica de medicina da UFRJ\",\"url\":\"https:\/\/vestibulares.estrategia.com\/portal\/author\/gabriella-da-mata\/\"}]}<\/script>\n<!-- \/ Yoast SEO Premium plugin. -->","yoast_head_json":{"title":"Cinema de vanguarda: contexto hist\u00f3rico, caracter\u00edsticas e mais","description":"Aprenda o contexto hist\u00f3rico, as caracter\u00edsticas, e a import\u00e2ncia cultural e social do cinema de vanguarda.","robots":{"index":"index","follow":"follow","max-snippet":"max-snippet:-1","max-image-preview":"max-image-preview:large","max-video-preview":"max-video-preview:-1"},"canonical":"https:\/\/vestibulares.estrategia.com\/portal\/materias\/artes\/cinema-de-vanguarda-contexto-historico-caracteristicas-e-mais\/","og_locale":"pt_BR","og_type":"article","og_title":"Cinema de vanguarda: contexto hist\u00f3rico, caracter\u00edsticas e mais","og_description":"Aprenda o contexto hist\u00f3rico, as caracter\u00edsticas, e a import\u00e2ncia cultural e social do cinema de vanguarda.","og_url":"https:\/\/vestibulares.estrategia.com\/portal\/materias\/artes\/cinema-de-vanguarda-contexto-historico-caracteristicas-e-mais\/","og_site_name":"Estrat\u00e9gia Vestibulares","article_publisher":"https:\/\/facebook.com\/estrategiavestibulares","article_published_time":"2026-04-29T21:47:47+00:00","article_modified_time":"2026-04-29T21:47:51+00:00","og_image":[{"width":1280,"height":825,"url":"https:\/\/vestibulares.estrategia.com\/portal\/wp-content\/uploads\/2026\/04\/cinema-de-vanguarda.jpg","type":"image\/jpeg"}],"author":"Gabriella da Mata","twitter_card":"summary_large_image","twitter_creator":"@Estrategiavest","twitter_site":"@Estrategiavest","twitter_misc":{"Escrito por":"Gabriella da Mata","Est. tempo de leitura":"6 minutos"},"schema":{"@context":"https:\/\/schema.org","@graph":[{"@type":"Article","@id":"https:\/\/vestibulares.estrategia.com\/portal\/materias\/artes\/cinema-de-vanguarda-contexto-historico-caracteristicas-e-mais\/#article","isPartOf":{"@id":"https:\/\/vestibulares.estrategia.com\/portal\/materias\/artes\/cinema-de-vanguarda-contexto-historico-caracteristicas-e-mais\/"},"author":{"name":"Gabriella da Mata","@id":"https:\/\/vestibulares.estrategia.com\/portal\/#\/schema\/person\/845eb1f998dff44176ef30f0d3675415"},"headline":"Cinema de vanguarda: contexto hist\u00f3rico, caracter\u00edsticas e mais","datePublished":"2026-04-29T21:47:47+00:00","dateModified":"2026-04-29T21:47:51+00:00","mainEntityOfPage":{"@id":"https:\/\/vestibulares.estrategia.com\/portal\/materias\/artes\/cinema-de-vanguarda-contexto-historico-caracteristicas-e-mais\/"},"wordCount":1167,"publisher":{"@id":"https:\/\/vestibulares.estrategia.com\/portal\/#organization"},"image":{"@id":"https:\/\/vestibulares.estrategia.com\/portal\/materias\/artes\/cinema-de-vanguarda-contexto-historico-caracteristicas-e-mais\/#primaryimage"},"thumbnailUrl":"https:\/\/vestibulares.estrategia.com\/portal\/wp-content\/uploads\/2026\/04\/cinema-de-vanguarda.jpg","articleSection":["Artes"],"inLanguage":"pt-BR"},{"@type":"WebPage","@id":"https:\/\/vestibulares.estrategia.com\/portal\/materias\/artes\/cinema-de-vanguarda-contexto-historico-caracteristicas-e-mais\/","url":"https:\/\/vestibulares.estrategia.com\/portal\/materias\/artes\/cinema-de-vanguarda-contexto-historico-caracteristicas-e-mais\/","name":"Cinema de vanguarda: contexto hist\u00f3rico, caracter\u00edsticas e mais","isPartOf":{"@id":"https:\/\/vestibulares.estrategia.com\/portal\/#website"},"primaryImageOfPage":{"@id":"https:\/\/vestibulares.estrategia.com\/portal\/materias\/artes\/cinema-de-vanguarda-contexto-historico-caracteristicas-e-mais\/#primaryimage"},"image":{"@id":"https:\/\/vestibulares.estrategia.com\/portal\/materias\/artes\/cinema-de-vanguarda-contexto-historico-caracteristicas-e-mais\/#primaryimage"},"thumbnailUrl":"https:\/\/vestibulares.estrategia.com\/portal\/wp-content\/uploads\/2026\/04\/cinema-de-vanguarda.jpg","datePublished":"2026-04-29T21:47:47+00:00","dateModified":"2026-04-29T21:47:51+00:00","description":"Aprenda o contexto hist\u00f3rico, as caracter\u00edsticas, e a import\u00e2ncia cultural e social do cinema de vanguarda.","breadcrumb":{"@id":"https:\/\/vestibulares.estrategia.com\/portal\/materias\/artes\/cinema-de-vanguarda-contexto-historico-caracteristicas-e-mais\/#breadcrumb"},"inLanguage":"pt-BR","potentialAction":[{"@type":"ReadAction","target":["https:\/\/vestibulares.estrategia.com\/portal\/materias\/artes\/cinema-de-vanguarda-contexto-historico-caracteristicas-e-mais\/"]}]},{"@type":"ImageObject","inLanguage":"pt-BR","@id":"https:\/\/vestibulares.estrategia.com\/portal\/materias\/artes\/cinema-de-vanguarda-contexto-historico-caracteristicas-e-mais\/#primaryimage","url":"https:\/\/vestibulares.estrategia.com\/portal\/wp-content\/uploads\/2026\/04\/cinema-de-vanguarda.jpg","contentUrl":"https:\/\/vestibulares.estrategia.com\/portal\/wp-content\/uploads\/2026\/04\/cinema-de-vanguarda.jpg","width":1280,"height":825,"caption":"cinema-de-vanguarda"},{"@type":"BreadcrumbList","@id":"https:\/\/vestibulares.estrategia.com\/portal\/materias\/artes\/cinema-de-vanguarda-contexto-historico-caracteristicas-e-mais\/#breadcrumb","itemListElement":[{"@type":"ListItem","position":1,"name":"Home","item":"https:\/\/vestibulares.estrategia.com\/portal\/"},{"@type":"ListItem","position":2,"name":"Mat\u00e9rias","item":"https:\/\/vestibulares.estrategia.com\/portal\/materias\/"},{"@type":"ListItem","position":3,"name":"Artes","item":"https:\/\/vestibulares.estrategia.com\/portal\/materias\/artes\/"},{"@type":"ListItem","position":4,"name":"Cinema de vanguarda: contexto hist\u00f3rico, caracter\u00edsticas e mais"}]},{"@type":"WebSite","@id":"https:\/\/vestibulares.estrategia.com\/portal\/#website","url":"https:\/\/vestibulares.estrategia.com\/portal\/","name":"Estrat\u00e9gia Vestibulares","description":"","publisher":{"@id":"https:\/\/vestibulares.estrategia.com\/portal\/#organization"},"potentialAction":[{"@type":"SearchAction","target":{"@type":"EntryPoint","urlTemplate":"https:\/\/vestibulares.estrategia.com\/portal\/?s={search_term_string}"},"query-input":{"@type":"PropertyValueSpecification","valueRequired":true,"valueName":"search_term_string"}}],"inLanguage":"pt-BR"},{"@type":"Organization","@id":"https:\/\/vestibulares.estrategia.com\/portal\/#organization","name":"Estrat\u00e9gia Vestibulares","url":"https:\/\/vestibulares.estrategia.com\/portal\/","logo":{"@type":"ImageObject","inLanguage":"pt-BR","@id":"https:\/\/vestibulares.estrategia.com\/portal\/#\/schema\/logo\/image\/","url":"https:\/\/vestibulares.estrategia.com\/portal\/wp-content\/uploads\/2021\/06\/Logo-Vestibulares@4x.png","contentUrl":"https:\/\/vestibulares.estrategia.com\/portal\/wp-content\/uploads\/2021\/06\/Logo-Vestibulares@4x.png","width":250,"height":66,"caption":"Estrat\u00e9gia Vestibulares"},"image":{"@id":"https:\/\/vestibulares.estrategia.com\/portal\/#\/schema\/logo\/image\/"},"sameAs":["https:\/\/facebook.com\/estrategiavestibulares","https:\/\/x.com\/Estrategiavest","https:\/\/www.instagram.com\/estrategiavestibulares","https:\/\/www.youtube.com\/channel\/UCGWdZy8ULI-7_5GrABa4vNA"]},{"@type":"Person","@id":"https:\/\/vestibulares.estrategia.com\/portal\/#\/schema\/person\/845eb1f998dff44176ef30f0d3675415","name":"Gabriella da Mata","image":{"@type":"ImageObject","inLanguage":"pt-BR","@id":"https:\/\/vestibulares.estrategia.com\/portal\/#\/schema\/person\/image\/","url":"https:\/\/secure.gravatar.com\/avatar\/b257a7dd7fbafa3e59a9a2c2a4696d69?s=96&d=mm&r=g","contentUrl":"https:\/\/secure.gravatar.com\/avatar\/b257a7dd7fbafa3e59a9a2c2a4696d69?s=96&d=mm&r=g","caption":"Gabriella da Mata"},"description":"Acad\u00eamica de medicina da UFRJ","url":"https:\/\/vestibulares.estrategia.com\/portal\/author\/gabriella-da-mata\/"}]}},"_wl_alt_label":[],"wl:entity_url":"https:\/\/data.wordlift.io\/wl110249\/post\/cinema-de-vanguarda-contexto-historico-caracteristicas-e-mais-156941","_links":{"self":[{"href":"https:\/\/vestibulares.estrategia.com\/portal\/wp-json\/wp\/v2\/posts\/156941","targetHints":{"allow":["GET"]}}],"collection":[{"href":"https:\/\/vestibulares.estrategia.com\/portal\/wp-json\/wp\/v2\/posts"}],"about":[{"href":"https:\/\/vestibulares.estrategia.com\/portal\/wp-json\/wp\/v2\/types\/post"}],"author":[{"embeddable":true,"href":"https:\/\/vestibulares.estrategia.com\/portal\/wp-json\/wp\/v2\/users\/58"}],"replies":[{"embeddable":true,"href":"https:\/\/vestibulares.estrategia.com\/portal\/wp-json\/wp\/v2\/comments?post=156941"}],"version-history":[{"count":2,"href":"https:\/\/vestibulares.estrategia.com\/portal\/wp-json\/wp\/v2\/posts\/156941\/revisions"}],"predecessor-version":[{"id":156946,"href":"https:\/\/vestibulares.estrategia.com\/portal\/wp-json\/wp\/v2\/posts\/156941\/revisions\/156946"}],"wp:featuredmedia":[{"embeddable":true,"href":"https:\/\/vestibulares.estrategia.com\/portal\/wp-json\/wp\/v2\/media\/156944"}],"wp:attachment":[{"href":"https:\/\/vestibulares.estrategia.com\/portal\/wp-json\/wp\/v2\/media?parent=156941"}],"wp:term":[{"taxonomy":"category","embeddable":true,"href":"https:\/\/vestibulares.estrategia.com\/portal\/wp-json\/wp\/v2\/categories?post=156941"},{"taxonomy":"post_tag","embeddable":true,"href":"https:\/\/vestibulares.estrategia.com\/portal\/wp-json\/wp\/v2\/tags?post=156941"},{"taxonomy":"wl_entity_type","embeddable":true,"href":"https:\/\/vestibulares.estrategia.com\/portal\/wp-json\/wp\/v2\/wl_entity_type?post=156941"}],"curies":[{"name":"wp","href":"https:\/\/api.w.org\/{rel}","templated":true}]}}