{"id":159190,"date":"2026-08-12T12:34:37","date_gmt":"2026-08-12T15:34:37","guid":{"rendered":"https:\/\/vestibulares.estrategia.com\/portal\/?p=159190"},"modified":"2026-08-12T12:38:13","modified_gmt":"2026-08-12T15:38:13","slug":"vestibular-unificado-ufsc-e-ifc-2027-edital-esta-disponivel","status":"publish","type":"post","link":"https:\/\/vestibulares.estrategia.com\/portal\/noticias\/vestibular-unificado-ufsc-e-ifc-2027-edital-esta-disponivel\/","title":{"rendered":"Vestibular Unificado UFSC e IFC 2027: edital est\u00e1 dispon\u00edvel"},"content":{"rendered":"<p class=\"wp-block-paragraph\">A Universidade Federal de Santa Catarina (<a href=\"https:\/\/vestibulares.estrategia.com\/portal\/vestibulares\/vestibular-ufsc\/\" target=\"_blank\">UFSC<\/a>) divulgou nesta quarta-feira, 12 de agosto, o edital do vestibular 2027. Como nos &uacute;ltimos anos, a sele&ccedil;&atilde;o ser&aacute; unificada com o Instituto Federal de Santa Catarina (IFSC) e com o Instituto Federal Catarinense (IFC).<p class=\"wp-block-paragraph\">S&atilde;o ofertadas 4.553 vagas para ingresso em cursos de gradua&ccedil;&atilde;o na UFSC, e mais 1.073 oportunidades para ingresso no IFC.<\/p><div class=\"wp-block-buttons is-content-justification-center is-layout-flex wp-container-core-buttons-is-layout-fe48e5de wp-block-buttons-is-layout-flex\">\n<div class=\"wp-block-button\"><a class=\"wp-block-button__link wp-element-button\" rel=\"nofollow noopener noreferrer\" href=\"https:\/\/vestibulares.estrategia.com\/portal\/wp-content\/uploads\/2026\/08\/Edital-Vestibular-2027-ufsc-ifc.pdf\" target=\"_blank\">edital ufsc e ifc 2027<\/a><\/div>\n<\/div><p class=\"wp-block-paragraph\"><div class=\"cta-medio\" style=\"background-image: url(https:\/\/vestibulares.estrategia.com\/portal\/wp-content\/uploads\/2024\/08\/curso-ufsc-estrategia-vestibulares-ctamedio.jpg);\"><h3>Pacote UFSC<\/h3> <p>Conhe\u00e7a nosso curso<\/p><div class=\"cta-botao\"><a id=\"cta-medio\" href=\"https:\/\/vestibulares.estrategia.com\/curso\/pacote-ufsc\/\" target=\"_blank\" style=\"background:rgb(255,150,0)\">Saiba mais<\/a><\/div><\/div>\n\n\n\n<\/p><div id=\"ez-toc-container\" class=\"ez-toc-v2_0_86 counter-hierarchy ez-toc-counter ez-toc-transparent ez-toc-container-direction\">\n<div class=\"ez-toc-title-container\"><p class=\"ez-toc-title\" style=\"cursor:inherit\">Navegue pelo conte\u00fado<\/p>\n<\/div><nav><ul class='ez-toc-list ez-toc-list-level-1 ' ><li class='ez-toc-page-1 ez-toc-heading-level-2'><a class=\"ez-toc-link ez-toc-heading-1\" href=\"https:\/\/vestibulares.estrategia.com\/portal\/noticias\/vestibular-unificado-ufsc-e-ifc-2027-edital-esta-disponivel\/#Inscricoes\" >Inscri&ccedil;&otilde;es<\/a><\/li><li class='ez-toc-page-1 ez-toc-heading-level-2'><a class=\"ez-toc-link ez-toc-heading-2\" href=\"https:\/\/vestibulares.estrategia.com\/portal\/noticias\/vestibular-unificado-ufsc-e-ifc-2027-edital-esta-disponivel\/#Taxa-de-inscricao\" >Taxa de inscri&ccedil;&atilde;o<\/a><\/li><li class='ez-toc-page-1 ez-toc-heading-level-2'><a class=\"ez-toc-link ez-toc-heading-3\" href=\"https:\/\/vestibulares.estrategia.com\/portal\/noticias\/vestibular-unificado-ufsc-e-ifc-2027-edital-esta-disponivel\/#Provas\" >Provas<\/a><\/li><li class='ez-toc-page-1 ez-toc-heading-level-2'><a class=\"ez-toc-link ez-toc-heading-4\" href=\"https:\/\/vestibulares.estrategia.com\/portal\/noticias\/vestibular-unificado-ufsc-e-ifc-2027-edital-esta-disponivel\/#Calendario-Vestibular-Unificado-UFSC-e-IFC-2027\" >Calend&aacute;rio Vestibular Unificado UFSC e IFC 2027<\/a><\/li><li class='ez-toc-page-1 ez-toc-heading-level-2'><a class=\"ez-toc-link ez-toc-heading-5\" href=\"https:\/\/vestibulares.estrategia.com\/portal\/noticias\/vestibular-unificado-ufsc-e-ifc-2027-edital-esta-disponivel\/#Como-garantir-sua-vaga-no-Vestibular-Unificado-UFSC-e-IFC\" >Como garantir sua vaga no Vestibular Unificado UFSC e IFC?<\/a><\/li><\/ul><\/nav><\/div>\n<h2 id=\"h-inscricoes\" class=\"wp-block-heading\"><span class=\"ez-toc-section\" id=\"Inscricoes\"><\/span>Inscri&ccedil;&otilde;es<span class=\"ez-toc-section-end\"><\/span><\/h2><p class=\"wp-block-paragraph\">O per&iacute;odo de inscri&ccedil;&otilde;es fica aberto de 12 de agosto a 17 de setembro de 2026, e os interessados dever&atilde;o participar pelas p&aacute;ginas do Vestibular Unificado, dispon&iacute;veis nos sites das duas institui&ccedil;&otilde;es.<\/p><div class=\"wp-block-buttons is-content-justification-center is-layout-flex wp-container-core-buttons-is-layout-fe48e5de wp-block-buttons-is-layout-flex\">\n<div class=\"wp-block-button\"><a class=\"wp-block-button__link wp-element-button\" href=\"https:\/\/vestibularunificado2027.ufsc.br\/inscricao\/\" target=\"_blank\" rel=\"noopener noreferrer\">inscreva-se<\/a><\/div>\n<\/div><h2 id=\"h-taxa-de-inscricao\" class=\"wp-block-heading\"><span class=\"ez-toc-section\" id=\"Taxa-de-inscricao\"><\/span>Taxa de inscri&ccedil;&atilde;o<span class=\"ez-toc-section-end\"><\/span><\/h2><p class=\"wp-block-paragraph\">O valor da taxa para ter a inscri&ccedil;&atilde;o confirmada &eacute; de R$192,00 e deve ser paga at&eacute; o dia 18 de setembro de 2026. O edital do Vestibular Unificado ainda oferece isen&ccedil;&atilde;o do pagamento para os candidatos que se enquadrarem nos seguintes requisitos:<\/p><ul class=\"wp-block-list\">\n<li>Ser inscrito no Cad&Uacute;nico; ou<\/li>\n\n\n\n<li>Possuir renda familiar bruta mensal igual ou inferior a 1,5 sal&aacute;rio m&iacute;nimo per<br>capita; e<\/li>\n\n\n\n<li>Ter cursado o Ensino M&eacute;dio integralmente em escola da rede p&uacute;blica brasileira ou ter recebido bolsa total em escola da rede privada brasileira.<\/li>\n<\/ul><p class=\"wp-block-paragraph\">De acordo com o&nbsp;edital de isen&ccedil;&atilde;o, os pedidos devem ser feitos entre os dias 12 de agosto a 03 de setembro, pela&nbsp;<a href=\"https:\/\/vestibularunificado2027.ufsc.br\/\" target=\"_blank\">p&aacute;gina do processo seletivo<\/a>.<\/p><h2 id=\"h-provas\" class=\"wp-block-heading\"><span class=\"ez-toc-section\" id=\"Provas\"><\/span>Provas<span class=\"ez-toc-section-end\"><\/span><\/h2><p class=\"wp-block-paragraph\">O vestibular ser&aacute; realizado em fase &uacute;nica, nos dias 06 e 07 de dezembro de 2025. Na primeira prova, ser&atilde;o 40 quest&otilde;es de proposi&ccedil;&otilde;es m&uacute;ltiplas ou abertas e mais duas quest&otilde;es discursivas. E no segundo dia de exame haver&atilde;o 40 quest&otilde;es de proposi&ccedil;&otilde;es m&uacute;ltiplas ou abertas e uma reda&ccedil;&atilde;o<\/p><h2 id=\"h-calendario-vestibular-unificado-ufsc-e-ifc-2027\" class=\"wp-block-heading\"><span class=\"ez-toc-section\" id=\"Calendario-Vestibular-Unificado-UFSC-e-IFC-2027\"><\/span>Calend&aacute;rio Vestibular Unificado UFSC e IFC 2027<span class=\"ez-toc-section-end\"><\/span><\/h2><ul class=\"wp-block-list\">\n<li><strong>Publica&ccedil;&atilde;o do edital:<\/strong>&nbsp;12\/08\/2026;<\/li>\n\n\n\n<li><strong>Solicita&ccedil;&atilde;o de isen&ccedil;&atilde;o da taxa de inscri&ccedil;&atilde;o:<\/strong>&nbsp;12\/08 a 03\/09\/2026;<\/li>\n\n\n\n<li><strong>Resultado das isen&ccedil;&otilde;es:<\/strong>&nbsp;at&eacute; 09\/09\/2026;<\/li>\n\n\n\n<li><strong>Inscri&ccedil;&otilde;es:<\/strong> 12\/08 a 17\/09\/2026;<\/li>\n\n\n\n<li><strong>Pagamento da taxa de inscri&ccedil;&atilde;o:<\/strong>&nbsp;at&eacute; 18\/09\/2026;<\/li>\n\n\n\n<li><strong>Locais de prova:<\/strong>&nbsp;18\/11\/2026;<\/li>\n\n\n\n<li><strong>Realiza&ccedil;&atilde;o das provas:<\/strong>&nbsp;05 e 06\/12\/2026;<\/li>\n\n\n\n<li><strong>Gabarito preliminar:<\/strong>&nbsp;a partir das 20h de 06\/12\/2026;<\/li>\n\n\n\n<li><strong>Resultado:&nbsp;<\/strong>n&atilde;o foi divulgado.<\/li>\n<\/ul><h2 id=\"h-como-garantir-sua-vaga-no-vestibular-unificado-ufsc-e-ifc\" class=\"wp-block-heading\"><span class=\"ez-toc-section\" id=\"Como-garantir-sua-vaga-no-Vestibular-Unificado-UFSC-e-IFC\"><\/span>Como garantir sua vaga no Vestibular Unificado UFSC e IFC?<span class=\"ez-toc-section-end\"><\/span><\/h2><p class=\"wp-block-paragraph\">Al&eacute;m de&nbsp;<strong>oferecer diariamente aulas gratuitas no&nbsp;<a href=\"https:\/\/www.youtube.com\/channel\/UCGWdZy8ULI-7_5GrABa4vNA\" target=\"_blank\">YouTube<\/a><\/strong>&nbsp;sobre todas as mat&eacute;rias que caem no Vestibular Unificado, para aqueles que querem investir nos estudos, a plataforma tamb&eacute;m oferece um curso preparat&oacute;rio exclusivo sobre esse processo seletivo, com professores especialistas na prova e com diversos benef&iacute;cios. D&aacute; s&oacute; uma olhada:&nbsp;<\/p><ul id=\"block-87838c4b-aeb6-4565-9c0d-edf714fb4481\" class=\"wp-block-list\">\n<li>Curso com livros digitais;<\/li>\n\n\n\n<li>Corre&ccedil;&atilde;o ilimitada de<a href=\"https:\/\/vestibulares.estrategia.com\/portal\/enem-e-vestibulares\/vestibulares\/curso-de-redacao-para-o-vestibular-saiba-mais-detalhes-e-como-escolher-o-seu\/\" target=\"_blank\">&nbsp;reda&ccedil;&otilde;es<\/a>;<\/li>\n\n\n\n<li>F&oacute;rum de d&uacute;vidas;<\/li>\n\n\n\n<li><a href=\"https:\/\/vestibulares.estrategia.com\/portal\/eventos\/simulados-vestibulares\/\" target=\"_blank\">Simulados<\/a>&nbsp;com quest&otilde;es in&eacute;ditas;<\/li>\n\n\n\n<li>Quest&otilde;es comentadas;<\/li>\n\n\n\n<li>Mapas mentais; e<\/li>\n\n\n\n<li>Entre muitas outras vantagens.<\/li>\n<\/ul><p class=\"wp-block-paragraph\">Ficou interessado? Ent&atilde;o, clique no banner e veja tudo sobre os cursos oferecidos pelo Estrat&eacute;gia Vestibulares!<\/p><p class=\"wp-block-paragraph\"><br><\/p><\/p>\n","protected":false},"excerpt":{"rendered":"S\u00e3o mais de 5,5 mil vagas entre as duas institui\u00e7\u00f5es, representando 70% das vagas da UFSC e 52% das vagas do IFC\n","protected":false},"author":43,"featured_media":144781,"comment_status":"closed","ping_status":"closed","sticky":false,"template":"","format":"standard","meta":{"wl_entities_gutenberg":"","footnotes":""},"categories":[47],"tags":[],"wl_entity_type":[732],"class_list":["post-159190","post","type-post","status-publish","format-standard","has-post-thumbnail","category-noticias","wl_entity_type-article"],"acf":[],"yoast_head":"<!-- This site is optimized with the Yoast SEO Premium plugin v25.9 (Yoast SEO v28.2) - https:\/\/yoast.com\/product\/yoast-seo-premium-wordpress\/ -->\n<title>Vestibular Unificado UFSC e IFC 2027: edital est\u00e1 dispon\u00edvel<\/title>\n<meta name=\"description\" content=\"Confira todos os detalhes e o documento completo do edital do vestibular unificado UFSC e IFC 2027.\" \/>\n<meta name=\"robots\" content=\"index, follow, max-snippet:-1, max-image-preview:large, max-video-preview:-1\" \/>\n<link rel=\"canonical\" href=\"https:\/\/vestibulares.estrategia.com\/portal\/noticias\/vestibular-unificado-ufsc-e-ifc-2027-edital-esta-disponivel\/\" \/>\n<meta property=\"og:locale\" content=\"pt_BR\" \/>\n<meta property=\"og:type\" content=\"article\" \/>\n<meta property=\"og:title\" content=\"Vestibular Unificado UFSC e IFC 2027: edital est\u00e1 dispon\u00edvel\" \/>\n<meta property=\"og:description\" content=\"Confira todos os detalhes e o documento completo do edital do vestibular unificado UFSC e IFC 2027.\" \/>\n<meta property=\"og:url\" content=\"https:\/\/vestibulares.estrategia.com\/portal\/noticias\/vestibular-unificado-ufsc-e-ifc-2027-edital-esta-disponivel\/\" \/>\n<meta property=\"og:site_name\" content=\"Estrat\u00e9gia Vestibulares\" \/>\n<meta property=\"article:publisher\" content=\"https:\/\/facebook.com\/estrategiavestibulares\" \/>\n<meta property=\"article:published_time\" content=\"2026-08-12T15:34:37+00:00\" \/>\n<meta property=\"article:modified_time\" content=\"2026-08-12T15:38:13+00:00\" \/>\n<meta property=\"og:image\" content=\"https:\/\/vestibulares.estrategia.com\/portal\/wp-content\/uploads\/2025\/09\/vestibular-ufsc-ev.jpg.webp\" \/>\n\t<meta property=\"og:image:width\" content=\"1280\" \/>\n\t<meta property=\"og:image:height\" content=\"720\" \/>\n\t<meta property=\"og:image:type\" content=\"image\/webp\" \/>\n<meta name=\"author\" content=\"Leonardo Del Sant\" \/>\n<meta name=\"twitter:card\" content=\"summary_large_image\" \/>\n<meta name=\"twitter:creator\" content=\"@Estrategiavest\" \/>\n<meta name=\"twitter:site\" content=\"@Estrategiavest\" \/>\n<meta name=\"twitter:label1\" content=\"Escrito por\" \/>\n\t<meta name=\"twitter:data1\" content=\"Leonardo Del Sant\" \/>\n\t<meta name=\"twitter:label2\" content=\"Est. tempo de leitura\" \/>\n\t<meta name=\"twitter:data2\" content=\"2 minutos\" \/>\n<script type=\"application\/ld+json\" class=\"yoast-schema-graph\">{\"@context\":\"https:\\\/\\\/schema.org\",\"@graph\":[{\"@type\":\"NewsArticle\",\"@id\":\"https:\\\/\\\/vestibulares.estrategia.com\\\/portal\\\/noticias\\\/vestibular-unificado-ufsc-e-ifc-2027-edital-esta-disponivel\\\/#article\",\"isPartOf\":{\"@id\":\"https:\\\/\\\/vestibulares.estrategia.com\\\/portal\\\/noticias\\\/vestibular-unificado-ufsc-e-ifc-2027-edital-esta-disponivel\\\/\"},\"author\":{\"name\":\"Leonardo Del Sant\",\"@id\":\"https:\\\/\\\/vestibulares.estrategia.com\\\/portal\\\/#\\\/schema\\\/person\\\/95532619fccae669187ec84703047908\"},\"headline\":\"Vestibular Unificado UFSC e IFC 2027: edital est\u00e1 dispon\u00edvel\",\"datePublished\":\"2026-08-12T15:34:37+00:00\",\"dateModified\":\"2026-08-12T15:38:13+00:00\",\"mainEntityOfPage\":{\"@id\":\"https:\\\/\\\/vestibulares.estrategia.com\\\/portal\\\/noticias\\\/vestibular-unificado-ufsc-e-ifc-2027-edital-esta-disponivel\\\/\"},\"wordCount\":468,\"publisher\":{\"@id\":\"https:\\\/\\\/vestibulares.estrategia.com\\\/portal\\\/#organization\"},\"image\":{\"@id\":\"https:\\\/\\\/vestibulares.estrategia.com\\\/portal\\\/noticias\\\/vestibular-unificado-ufsc-e-ifc-2027-edital-esta-disponivel\\\/#primaryimage\"},\"thumbnailUrl\":\"https:\\\/\\\/vestibulares.estrategia.com\\\/portal\\\/wp-content\\\/uploads\\\/2025\\\/09\\\/vestibular-ufsc-ev.jpg.webp\",\"articleSection\":[\"Not\u00edcias\"],\"inLanguage\":\"pt-BR\"},{\"@type\":\"WebPage\",\"@id\":\"https:\\\/\\\/vestibulares.estrategia.com\\\/portal\\\/noticias\\\/vestibular-unificado-ufsc-e-ifc-2027-edital-esta-disponivel\\\/\",\"url\":\"https:\\\/\\\/vestibulares.estrategia.com\\\/portal\\\/noticias\\\/vestibular-unificado-ufsc-e-ifc-2027-edital-esta-disponivel\\\/\",\"name\":\"Vestibular Unificado UFSC e IFC 2027: edital est\u00e1 dispon\u00edvel\",\"isPartOf\":{\"@id\":\"https:\\\/\\\/vestibulares.estrategia.com\\\/portal\\\/#website\"},\"primaryImageOfPage\":{\"@id\":\"https:\\\/\\\/vestibulares.estrategia.com\\\/portal\\\/noticias\\\/vestibular-unificado-ufsc-e-ifc-2027-edital-esta-disponivel\\\/#primaryimage\"},\"image\":{\"@id\":\"https:\\\/\\\/vestibulares.estrategia.com\\\/portal\\\/noticias\\\/vestibular-unificado-ufsc-e-ifc-2027-edital-esta-disponivel\\\/#primaryimage\"},\"thumbnailUrl\":\"https:\\\/\\\/vestibulares.estrategia.com\\\/portal\\\/wp-content\\\/uploads\\\/2025\\\/09\\\/vestibular-ufsc-ev.jpg.webp\",\"datePublished\":\"2026-08-12T15:34:37+00:00\",\"dateModified\":\"2026-08-12T15:38:13+00:00\",\"description\":\"Confira todos os detalhes e o documento completo do edital do vestibular unificado UFSC e IFC 2027.\",\"breadcrumb\":{\"@id\":\"https:\\\/\\\/vestibulares.estrategia.com\\\/portal\\\/noticias\\\/vestibular-unificado-ufsc-e-ifc-2027-edital-esta-disponivel\\\/#breadcrumb\"},\"inLanguage\":\"pt-BR\",\"potentialAction\":[{\"@type\":\"ReadAction\",\"target\":[\"https:\\\/\\\/vestibulares.estrategia.com\\\/portal\\\/noticias\\\/vestibular-unificado-ufsc-e-ifc-2027-edital-esta-disponivel\\\/\"]}]},{\"@type\":\"ImageObject\",\"inLanguage\":\"pt-BR\",\"@id\":\"https:\\\/\\\/vestibulares.estrategia.com\\\/portal\\\/noticias\\\/vestibular-unificado-ufsc-e-ifc-2027-edital-esta-disponivel\\\/#primaryimage\",\"url\":\"https:\\\/\\\/vestibulares.estrategia.com\\\/portal\\\/wp-content\\\/uploads\\\/2025\\\/09\\\/vestibular-ufsc-ev.jpg.webp\",\"contentUrl\":\"https:\\\/\\\/vestibulares.estrategia.com\\\/portal\\\/wp-content\\\/uploads\\\/2025\\\/09\\\/vestibular-ufsc-ev.jpg.webp\",\"width\":1280,\"height\":720,\"caption\":\"Vestibular UFSC\"},{\"@type\":\"BreadcrumbList\",\"@id\":\"https:\\\/\\\/vestibulares.estrategia.com\\\/portal\\\/noticias\\\/vestibular-unificado-ufsc-e-ifc-2027-edital-esta-disponivel\\\/#breadcrumb\",\"itemListElement\":[{\"@type\":\"ListItem\",\"position\":1,\"name\":\"Home\",\"item\":\"https:\\\/\\\/vestibulares.estrategia.com\\\/portal\\\/\"},{\"@type\":\"ListItem\",\"position\":2,\"name\":\"Not\u00edcias\",\"item\":\"https:\\\/\\\/vestibulares.estrategia.com\\\/portal\\\/noticias\\\/\"},{\"@type\":\"ListItem\",\"position\":3,\"name\":\"Vestibular Unificado UFSC e IFC 2027: edital est\u00e1 dispon\u00edvel\"}]},{\"@type\":\"WebSite\",\"@id\":\"https:\\\/\\\/vestibulares.estrategia.com\\\/portal\\\/#website\",\"url\":\"https:\\\/\\\/vestibulares.estrategia.com\\\/portal\\\/\",\"name\":\"Estrat\u00e9gia Vestibulares\",\"description\":\"\",\"publisher\":{\"@id\":\"https:\\\/\\\/vestibulares.estrategia.com\\\/portal\\\/#organization\"},\"potentialAction\":[{\"@type\":\"SearchAction\",\"target\":{\"@type\":\"EntryPoint\",\"urlTemplate\":\"https:\\\/\\\/vestibulares.estrategia.com\\\/portal\\\/?s={search_term_string}\"},\"query-input\":{\"@type\":\"PropertyValueSpecification\",\"valueRequired\":true,\"valueName\":\"search_term_string\"}}],\"inLanguage\":\"pt-BR\"},{\"@type\":\"Organization\",\"@id\":\"https:\\\/\\\/vestibulares.estrategia.com\\\/portal\\\/#organization\",\"name\":\"Estrat\u00e9gia Vestibulares\",\"url\":\"https:\\\/\\\/vestibulares.estrategia.com\\\/portal\\\/\",\"logo\":{\"@type\":\"ImageObject\",\"inLanguage\":\"pt-BR\",\"@id\":\"https:\\\/\\\/vestibulares.estrategia.com\\\/portal\\\/#\\\/schema\\\/logo\\\/image\\\/\",\"url\":\"https:\\\/\\\/vestibulares.estrategia.com\\\/portal\\\/wp-content\\\/uploads\\\/2021\\\/06\\\/Logo-Vestibulares@4x.png\",\"contentUrl\":\"https:\\\/\\\/vestibulares.estrategia.com\\\/portal\\\/wp-content\\\/uploads\\\/2021\\\/06\\\/Logo-Vestibulares@4x.png\",\"width\":250,\"height\":66,\"caption\":\"Estrat\u00e9gia Vestibulares\"},\"image\":{\"@id\":\"https:\\\/\\\/vestibulares.estrategia.com\\\/portal\\\/#\\\/schema\\\/logo\\\/image\\\/\"},\"sameAs\":[\"https:\\\/\\\/facebook.com\\\/estrategiavestibulares\",\"https:\\\/\\\/x.com\\\/Estrategiavest\",\"https:\\\/\\\/www.instagram.com\\\/estrategiavestibulares\",\"https:\\\/\\\/www.youtube.com\\\/channel\\\/UCGWdZy8ULI-7_5GrABa4vNA\"]},{\"@type\":\"Person\",\"@id\":\"https:\\\/\\\/vestibulares.estrategia.com\\\/portal\\\/#\\\/schema\\\/person\\\/95532619fccae669187ec84703047908\",\"name\":\"Leonardo Del Sant\",\"image\":{\"@type\":\"ImageObject\",\"inLanguage\":\"pt-BR\",\"@id\":\"https:\\\/\\\/vestibulares.estrategia.com\\\/portal\\\/wp-content\\\/uploads\\\/2026\\\/02\\\/1000082484-150x150.jpeg\",\"url\":\"https:\\\/\\\/vestibulares.estrategia.com\\\/portal\\\/wp-content\\\/uploads\\\/2026\\\/02\\\/1000082484-150x150.jpeg\",\"contentUrl\":\"https:\\\/\\\/vestibulares.estrategia.com\\\/portal\\\/wp-content\\\/uploads\\\/2026\\\/02\\\/1000082484-150x150.jpeg\",\"caption\":\"Leonardo Del Sant\"},\"description\":\"Coordenador de Jornalismo do Estrat\u00e9gia Vestibulares. Trabalhou com escrita para SEO em sites das \u00e1reas de economia, varejo, sa\u00fade, tecnologia e alimenta\u00e7\u00e3o. Formado em jornalismo pela Unesp\\\/Bauru.\",\"url\":\"https:\\\/\\\/vestibulares.estrategia.com\\\/portal\\\/author\\\/leonardo-del-sant\\\/\"}]}<\/script>\n<!-- \/ Yoast SEO Premium plugin. -->","yoast_head_json":{"title":"Vestibular Unificado UFSC e IFC 2027: edital est\u00e1 dispon\u00edvel","description":"Confira todos os detalhes e o documento completo do edital do vestibular unificado UFSC e IFC 2027.","robots":{"index":"index","follow":"follow","max-snippet":"max-snippet:-1","max-image-preview":"max-image-preview:large","max-video-preview":"max-video-preview:-1"},"canonical":"https:\/\/vestibulares.estrategia.com\/portal\/noticias\/vestibular-unificado-ufsc-e-ifc-2027-edital-esta-disponivel\/","og_locale":"pt_BR","og_type":"article","og_title":"Vestibular Unificado UFSC e IFC 2027: edital est\u00e1 dispon\u00edvel","og_description":"Confira todos os detalhes e o documento completo do edital do vestibular unificado UFSC e IFC 2027.","og_url":"https:\/\/vestibulares.estrategia.com\/portal\/noticias\/vestibular-unificado-ufsc-e-ifc-2027-edital-esta-disponivel\/","og_site_name":"Estrat\u00e9gia Vestibulares","article_publisher":"https:\/\/facebook.com\/estrategiavestibulares","article_published_time":"2026-08-12T15:34:37+00:00","article_modified_time":"2026-08-12T15:38:13+00:00","og_image":[{"width":1280,"height":720,"url":"https:\/\/vestibulares.estrategia.com\/portal\/wp-content\/uploads\/2025\/09\/vestibular-ufsc-ev.jpg.webp","type":"image\/webp"}],"author":"Leonardo Del Sant","twitter_card":"summary_large_image","twitter_creator":"@Estrategiavest","twitter_site":"@Estrategiavest","twitter_misc":{"Escrito por":"Leonardo Del Sant","Est. tempo de leitura":"2 minutos"},"schema":{"@context":"https:\/\/schema.org","@graph":[{"@type":"NewsArticle","@id":"https:\/\/vestibulares.estrategia.com\/portal\/noticias\/vestibular-unificado-ufsc-e-ifc-2027-edital-esta-disponivel\/#article","isPartOf":{"@id":"https:\/\/vestibulares.estrategia.com\/portal\/noticias\/vestibular-unificado-ufsc-e-ifc-2027-edital-esta-disponivel\/"},"author":{"name":"Leonardo Del Sant","@id":"https:\/\/vestibulares.estrategia.com\/portal\/#\/schema\/person\/95532619fccae669187ec84703047908"},"headline":"Vestibular Unificado UFSC e IFC 2027: edital est\u00e1 dispon\u00edvel","datePublished":"2026-08-12T15:34:37+00:00","dateModified":"2026-08-12T15:38:13+00:00","mainEntityOfPage":{"@id":"https:\/\/vestibulares.estrategia.com\/portal\/noticias\/vestibular-unificado-ufsc-e-ifc-2027-edital-esta-disponivel\/"},"wordCount":468,"publisher":{"@id":"https:\/\/vestibulares.estrategia.com\/portal\/#organization"},"image":{"@id":"https:\/\/vestibulares.estrategia.com\/portal\/noticias\/vestibular-unificado-ufsc-e-ifc-2027-edital-esta-disponivel\/#primaryimage"},"thumbnailUrl":"https:\/\/vestibulares.estrategia.com\/portal\/wp-content\/uploads\/2025\/09\/vestibular-ufsc-ev.jpg.webp","articleSection":["Not\u00edcias"],"inLanguage":"pt-BR"},{"@type":"WebPage","@id":"https:\/\/vestibulares.estrategia.com\/portal\/noticias\/vestibular-unificado-ufsc-e-ifc-2027-edital-esta-disponivel\/","url":"https:\/\/vestibulares.estrategia.com\/portal\/noticias\/vestibular-unificado-ufsc-e-ifc-2027-edital-esta-disponivel\/","name":"Vestibular Unificado UFSC e IFC 2027: edital est\u00e1 dispon\u00edvel","isPartOf":{"@id":"https:\/\/vestibulares.estrategia.com\/portal\/#website"},"primaryImageOfPage":{"@id":"https:\/\/vestibulares.estrategia.com\/portal\/noticias\/vestibular-unificado-ufsc-e-ifc-2027-edital-esta-disponivel\/#primaryimage"},"image":{"@id":"https:\/\/vestibulares.estrategia.com\/portal\/noticias\/vestibular-unificado-ufsc-e-ifc-2027-edital-esta-disponivel\/#primaryimage"},"thumbnailUrl":"https:\/\/vestibulares.estrategia.com\/portal\/wp-content\/uploads\/2025\/09\/vestibular-ufsc-ev.jpg.webp","datePublished":"2026-08-12T15:34:37+00:00","dateModified":"2026-08-12T15:38:13+00:00","description":"Confira todos os detalhes e o documento completo do edital do vestibular unificado UFSC e IFC 2027.","breadcrumb":{"@id":"https:\/\/vestibulares.estrategia.com\/portal\/noticias\/vestibular-unificado-ufsc-e-ifc-2027-edital-esta-disponivel\/#breadcrumb"},"inLanguage":"pt-BR","potentialAction":[{"@type":"ReadAction","target":["https:\/\/vestibulares.estrategia.com\/portal\/noticias\/vestibular-unificado-ufsc-e-ifc-2027-edital-esta-disponivel\/"]}]},{"@type":"ImageObject","inLanguage":"pt-BR","@id":"https:\/\/vestibulares.estrategia.com\/portal\/noticias\/vestibular-unificado-ufsc-e-ifc-2027-edital-esta-disponivel\/#primaryimage","url":"https:\/\/vestibulares.estrategia.com\/portal\/wp-content\/uploads\/2025\/09\/vestibular-ufsc-ev.jpg.webp","contentUrl":"https:\/\/vestibulares.estrategia.com\/portal\/wp-content\/uploads\/2025\/09\/vestibular-ufsc-ev.jpg.webp","width":1280,"height":720,"caption":"Vestibular UFSC"},{"@type":"BreadcrumbList","@id":"https:\/\/vestibulares.estrategia.com\/portal\/noticias\/vestibular-unificado-ufsc-e-ifc-2027-edital-esta-disponivel\/#breadcrumb","itemListElement":[{"@type":"ListItem","position":1,"name":"Home","item":"https:\/\/vestibulares.estrategia.com\/portal\/"},{"@type":"ListItem","position":2,"name":"Not\u00edcias","item":"https:\/\/vestibulares.estrategia.com\/portal\/noticias\/"},{"@type":"ListItem","position":3,"name":"Vestibular Unificado UFSC e IFC 2027: edital est\u00e1 dispon\u00edvel"}]},{"@type":"WebSite","@id":"https:\/\/vestibulares.estrategia.com\/portal\/#website","url":"https:\/\/vestibulares.estrategia.com\/portal\/","name":"Estrat\u00e9gia Vestibulares","description":"","publisher":{"@id":"https:\/\/vestibulares.estrategia.com\/portal\/#organization"},"potentialAction":[{"@type":"SearchAction","target":{"@type":"EntryPoint","urlTemplate":"https:\/\/vestibulares.estrategia.com\/portal\/?s={search_term_string}"},"query-input":{"@type":"PropertyValueSpecification","valueRequired":true,"valueName":"search_term_string"}}],"inLanguage":"pt-BR"},{"@type":"Organization","@id":"https:\/\/vestibulares.estrategia.com\/portal\/#organization","name":"Estrat\u00e9gia Vestibulares","url":"https:\/\/vestibulares.estrategia.com\/portal\/","logo":{"@type":"ImageObject","inLanguage":"pt-BR","@id":"https:\/\/vestibulares.estrategia.com\/portal\/#\/schema\/logo\/image\/","url":"https:\/\/vestibulares.estrategia.com\/portal\/wp-content\/uploads\/2021\/06\/Logo-Vestibulares@4x.png","contentUrl":"https:\/\/vestibulares.estrategia.com\/portal\/wp-content\/uploads\/2021\/06\/Logo-Vestibulares@4x.png","width":250,"height":66,"caption":"Estrat\u00e9gia Vestibulares"},"image":{"@id":"https:\/\/vestibulares.estrategia.com\/portal\/#\/schema\/logo\/image\/"},"sameAs":["https:\/\/facebook.com\/estrategiavestibulares","https:\/\/x.com\/Estrategiavest","https:\/\/www.instagram.com\/estrategiavestibulares","https:\/\/www.youtube.com\/channel\/UCGWdZy8ULI-7_5GrABa4vNA"]},{"@type":"Person","@id":"https:\/\/vestibulares.estrategia.com\/portal\/#\/schema\/person\/95532619fccae669187ec84703047908","name":"Leonardo Del Sant","image":{"@type":"ImageObject","inLanguage":"pt-BR","@id":"https:\/\/vestibulares.estrategia.com\/portal\/wp-content\/uploads\/2026\/02\/1000082484-150x150.jpeg","url":"https:\/\/vestibulares.estrategia.com\/portal\/wp-content\/uploads\/2026\/02\/1000082484-150x150.jpeg","contentUrl":"https:\/\/vestibulares.estrategia.com\/portal\/wp-content\/uploads\/2026\/02\/1000082484-150x150.jpeg","caption":"Leonardo Del Sant"},"description":"Coordenador de Jornalismo do Estrat\u00e9gia Vestibulares. Trabalhou com escrita para SEO em sites das \u00e1reas de economia, varejo, sa\u00fade, tecnologia e alimenta\u00e7\u00e3o. Formado em jornalismo pela Unesp\/Bauru.","url":"https:\/\/vestibulares.estrategia.com\/portal\/author\/leonardo-del-sant\/"}]}},"_wl_alt_label":[],"wl:entity_url":"https:\/\/data.wordlift.io\/wl110249\/post\/vestibular-unificado-ufsc-e-ifc-2026-edital-esta-disponivel-159190","_links":{"self":[{"href":"https:\/\/vestibulares.estrategia.com\/portal\/wp-json\/wp\/v2\/posts\/159190","targetHints":{"allow":["GET"]}}],"collection":[{"href":"https:\/\/vestibulares.estrategia.com\/portal\/wp-json\/wp\/v2\/posts"}],"about":[{"href":"https:\/\/vestibulares.estrategia.com\/portal\/wp-json\/wp\/v2\/types\/post"}],"author":[{"embeddable":true,"href":"https:\/\/vestibulares.estrategia.com\/portal\/wp-json\/wp\/v2\/users\/43"}],"replies":[{"embeddable":true,"href":"https:\/\/vestibulares.estrategia.com\/portal\/wp-json\/wp\/v2\/comments?post=159190"}],"version-history":[{"count":5,"href":"https:\/\/vestibulares.estrategia.com\/portal\/wp-json\/wp\/v2\/posts\/159190\/revisions"}],"predecessor-version":[{"id":159197,"href":"https:\/\/vestibulares.estrategia.com\/portal\/wp-json\/wp\/v2\/posts\/159190\/revisions\/159197"}],"wp:featuredmedia":[{"embeddable":true,"href":"https:\/\/vestibulares.estrategia.com\/portal\/wp-json\/wp\/v2\/media\/144781"}],"wp:attachment":[{"href":"https:\/\/vestibulares.estrategia.com\/portal\/wp-json\/wp\/v2\/media?parent=159190"}],"wp:term":[{"taxonomy":"category","embeddable":true,"href":"https:\/\/vestibulares.estrategia.com\/portal\/wp-json\/wp\/v2\/categories?post=159190"},{"taxonomy":"post_tag","embeddable":true,"href":"https:\/\/vestibulares.estrategia.com\/portal\/wp-json\/wp\/v2\/tags?post=159190"},{"taxonomy":"wl_entity_type","embeddable":true,"href":"https:\/\/vestibulares.estrategia.com\/portal\/wp-json\/wp\/v2\/wl_entity_type?post=159190"}],"curies":[{"name":"wp","href":"https:\/\/api.w.org\/{rel}","templated":true}]}}