{"id":159685,"date":"2026-08-31T00:30:00","date_gmt":"2026-08-31T03:30:00","guid":{"rendered":"https:\/\/vestibulares.estrategia.com\/portal\/?p=159685"},"modified":"2026-08-28T18:56:22","modified_gmt":"2026-08-28T21:56:22","slug":"vestibular-famerp-2027-reducao-da-taxa-de-inscricao","status":"publish","type":"post","link":"https:\/\/vestibulares.estrategia.com\/portal\/noticias\/vestibular-famerp-2027-reducao-da-taxa-de-inscricao\/","title":{"rendered":"Vestibular Famerp 2027: pedidos de redu\u00e7\u00e3o da taxa come\u00e7am hoje (31)"},"content":{"rendered":"<p class=\"wp-block-paragraph\">Come&ccedil;a nesta segunda-feira, 31 de agosto, o per&iacute;odo para solicitar redu&ccedil;&atilde;o de 50% no valor da taxa de inscri&ccedil;&atilde;o do vestibular 2027 da Faculdade de Medicina de S&atilde;o Jos&eacute; do Rio Preto (<a href=\"https:\/\/vestibulares.estrategia.com\/portal\/enem-e-vestibulares\/vestibulares\/vestibular-famerp\/\" target=\"_blank\">Famerp<\/a>). Nesta edi&ccedil;&atilde;o do processo seletivo, o valor integral para participar das provas &eacute; de R$ 194,00. Veja como solicitar o benef&iacute;cio:<p class=\"wp-block-verse wp-block-paragraph\"><strong>Acesse tamb&eacute;m:<br><\/strong>+ <a href=\"https:\/\/vestibulares.estrategia.com\/portal\/noticias\/vestibular-famerp-2027-edital\/\">Vestibular Famerp 2027: edital est&aacute; dispon&iacute;vel<\/a><\/p><p class=\"wp-block-paragraph\"><div class=\"cta-medio\" style=\"background-image: url(https:\/\/vestibulares.estrategia.com\/portal\/wp-content\/uploads\/2024\/09\/curso-famerp-estrategia-vestibulares-ctamedio.jpg);\"><h3>Pacote Famerp<\/h3> <p>Conhe\u00e7a nosso curso<\/p><div class=\"cta-botao\"><a id=\"cta-medio\" href=\"https:\/\/vestibulares.estrategia.com\/curso\/pacote-famerp\/\" target=\"_blank\" style=\"background:rgb(255,150,0)\">Saiba mais<\/a><\/div><\/div>\n\n\n\n<\/p><div id=\"ez-toc-container\" class=\"ez-toc-v2_0_86 counter-hierarchy ez-toc-counter ez-toc-transparent ez-toc-container-direction\">\n<div class=\"ez-toc-title-container\"><p class=\"ez-toc-title\" style=\"cursor:inherit\">Navegue pelo conte\u00fado<\/p>\n<\/div><nav><ul class='ez-toc-list ez-toc-list-level-1 ' ><li class='ez-toc-page-1 ez-toc-heading-level-2'><a class=\"ez-toc-link ez-toc-heading-1\" href=\"https:\/\/vestibulares.estrategia.com\/portal\/noticias\/vestibular-famerp-2027-reducao-da-taxa-de-inscricao\/#Quem-tem-direito-a-reducao-da-taxa\" >Quem tem direito &agrave; redu&ccedil;&atilde;o da taxa?<\/a><\/li><li class='ez-toc-page-1 ez-toc-heading-level-2'><a class=\"ez-toc-link ez-toc-heading-2\" href=\"https:\/\/vestibulares.estrategia.com\/portal\/noticias\/vestibular-famerp-2027-reducao-da-taxa-de-inscricao\/#Como-pedir-a-reducao\" >Como pedir a redu&ccedil;&atilde;o?<\/a><\/li><li class='ez-toc-page-1 ez-toc-heading-level-2'><a class=\"ez-toc-link ez-toc-heading-3\" href=\"https:\/\/vestibulares.estrategia.com\/portal\/noticias\/vestibular-famerp-2027-reducao-da-taxa-de-inscricao\/#Calendario-Vestibular-Famerp-2027\" >Calend&aacute;rio Vestibular Famerp 2027<\/a><\/li><li class='ez-toc-page-1 ez-toc-heading-level-2'><a class=\"ez-toc-link ez-toc-heading-4\" href=\"https:\/\/vestibulares.estrategia.com\/portal\/noticias\/vestibular-famerp-2027-reducao-da-taxa-de-inscricao\/#Como-estudar-para-a-Famerp\" >Como estudar para a Famerp?<\/a><\/li><\/ul><\/nav><\/div>\n<h2 id=\"h-quem-tem-direito-a-reducao-da-taxa\" class=\"wp-block-heading\"><span class=\"ez-toc-section\" id=\"Quem-tem-direito-a-reducao-da-taxa\"><\/span>Quem tem direito &agrave; redu&ccedil;&atilde;o da taxa?<span class=\"ez-toc-section-end\"><\/span><\/h2><p class=\"wp-block-paragraph\">A Famerp oferece o benef&iacute;cio de redu&ccedil;&atilde;o de 50% do valor da taxa para os candidatos que se enquadrarem nos seguintes requisitos:<\/p><ul class=\"wp-block-list\">\n<li>ser estudante regularmente matriculado no ensino p&uacute;blico brasileiro ou equivalente ou em curso pr&eacute;-vestibular; e<\/li>\n\n\n\n<li>receber remunera&ccedil;&atilde;o mensal inferior a 2 (dois) sal&aacute;rios m&iacute;nimos ou esteja desempregado.<\/li>\n<\/ul><p class=\"wp-block-paragraph\">Vale destacar que ser&aacute; considerado desempregado apenas os candidatos que estiverem sem trabalho no momento e no per&iacute;odo de at&eacute; 12 meses anteriores &agrave;<\/p><h2 id=\"h-como-pedir-a-reducao\" class=\"wp-block-heading\"><span class=\"ez-toc-section\" id=\"Como-pedir-a-reducao\"><\/span>Como pedir a redu&ccedil;&atilde;o?<span class=\"ez-toc-section-end\"><\/span><\/h2><p class=\"wp-block-paragraph\">As solicita&ccedil;&otilde;es devem ser feitas entre os dias 31 de agosto a 10 de setembro de 2026, pelo site da Vunesp.<\/p><div class=\"wp-block-buttons is-content-justification-center is-layout-flex wp-container-core-buttons-is-layout-fe48e5de wp-block-buttons-is-layout-flex\">\n<div class=\"wp-block-button\"><a class=\"wp-block-button__link wp-element-button\" href=\"https:\/\/www.vunesp.com.br\/FMRP2601\" target=\"_blank\" rel=\"noopener noreferrer\">pe&ccedil;a redu&ccedil;&atilde;o<\/a><\/div>\n<\/div><h2 id=\"h-calendario-vestibular-famerp-2027\" class=\"wp-block-heading\"><span class=\"ez-toc-section\" id=\"Calendario-Vestibular-Famerp-2027\"><\/span>Calend&aacute;rio Vestibular Famerp 2027<span class=\"ez-toc-section-end\"><\/span><\/h2><ul class=\"wp-block-list\">\n<li><strong>Divulga&ccedil;&atilde;o do edital:<\/strong>&nbsp;28\/08\/2026;<\/li>\n\n\n\n<li><strong>Inscri&ccedil;&otilde;es:<\/strong> 31\/08 a 05\/11\/2026;<\/li>\n\n\n\n<li><strong>Pedidos de redu&ccedil;&atilde;o da taxa:&nbsp;<\/strong>31\/08 a 10\/09\/2026;<\/li>\n\n\n\n<li><strong>Resultado isen&ccedil;&atilde;o\/redu&ccedil;&atilde;o:<\/strong>&nbsp;13\/10\/2026;<\/li>\n\n\n\n<li><strong>Pagamento taxa de inscri&ccedil;&atilde;o:<\/strong>&nbsp;at&eacute; 06\/11\/2026;<\/li>\n\n\n\n<li><strong>Divulga&ccedil;&atilde;o dos locais de prova:&nbsp;<\/strong>01\/12\/2026;<\/li>\n\n\n\n<li><strong>Provas:&nbsp;<\/strong>10 e 11\/12\/2026;<\/li>\n\n\n\n<li><strong>Resultado:&nbsp;<\/strong>29\/01\/2027;<\/li>\n\n\n\n<li><strong>Pr&eacute;-matr&iacute;cula on-line:&nbsp;<\/strong>01\/02\/2027.<\/li>\n<\/ul><h2 id=\"block-221f918e-e9ad-4ce1-9e49-b14dffa6c4ad\" class=\"wp-block-heading\"><span class=\"ez-toc-section\" id=\"Como-estudar-para-a-Famerp\"><\/span>Como estudar para a Famerp?<span class=\"ez-toc-section-end\"><\/span><\/h2><p class=\"wp-block-paragraph\" id=\"block-23602d74-66e8-4ea5-9f59-8c4c00291b02\">Se voc&ecirc; quer focar nos estudos e garantir uma vaga na&nbsp;<strong>Famerp,&nbsp;<\/strong>o Estrat&eacute;gia Vestibulares pode te ajudar!<\/p><p class=\"wp-block-paragraph\" id=\"block-4aca11ce-84fd-40e2-aae9-c333a1fcb01b\">Al&eacute;m de&nbsp;<strong>oferecer diariamente aulas gratuitas no&nbsp;<a href=\"https:\/\/www.youtube.com\/channel\/UCGWdZy8ULI-7_5GrABa4vNA\" target=\"_blank\">YouTube<\/a><\/strong>&nbsp;sobre todas as mat&eacute;rias que caem no vestibular da Famerp, para aqueles que querem investir nos estudos, a plataforma tamb&eacute;m oferece um curso preparat&oacute;rio exclusivo sobre o Vestibular Famerp, com professores especialistas na prova e com diversos benef&iacute;cios. D&aacute; s&oacute; uma olhada:&nbsp;<\/p><ul id=\"block-31f14a47-1cb5-4241-9c90-b686b9ac39b3\" class=\"wp-block-list\">\n<li>Curso com livros digitais;<\/li>\n\n\n\n<li>Corre&ccedil;&atilde;o ilimitada de&nbsp;<a href=\"https:\/\/vestibulares.estrategia.com\/portal\/enem-e-vestibulares\/vestibulares\/curso-de-redacao-para-o-vestibular-saiba-mais-detalhes-e-como-escolher-o-seu\/\" target=\"_blank\">reda&ccedil;&otilde;es<\/a>;<\/li>\n\n\n\n<li>F&oacute;rum de d&uacute;vidas;<\/li>\n\n\n\n<li><a href=\"https:\/\/vestibulares.estrategia.com\/portal\/eventos\/simulados-vestibulares\/\">Simulados<\/a>&nbsp;com quest&otilde;es in&eacute;ditas;<\/li>\n\n\n\n<li>Quest&otilde;es comentadas;<\/li>\n\n\n\n<li>Mapas mentais; e<\/li>\n\n\n\n<li>Entre muitas outras vantagens.<\/li>\n<\/ul><p class=\"wp-block-paragraph\" id=\"block-c4fa8bb6-2d76-4492-a368-afeaeb3038d5\">Ficou interessado? Ent&atilde;o, clique no bot&atilde;o e veja tudo sobre os cursos oferecidos pelo Estrat&eacute;gia Vestibulares!<\/p><p class=\"wp-block-paragraph\"><a id=\"cta\" class=\"cta-imagem\" href=\"https:\/\/vestibulares.estrategia.com\/curso\/pacote-famerp\/\" target=\"blank\">\n                <img decoding=\"async\" width=\"100%\" src=\"https:\/\/vestibulares.estrategia.com\/portal\/wp-content\/uploads\/2021\/12\/EV1.jpg\" alt=\"CTA - Estrat\u00e9gia Vestibulares 1\" title=\"CTA - Estrat\u00e9gia Vestibulares 1\">\n        <\/a><br><\/p><\/p>\n","protected":false},"excerpt":{"rendered":"Nesta edi\u00e7\u00e3o do processo seletivo, o valor integral para participar das provas \u00e9 de R$ 194,00\n","protected":false},"author":48,"featured_media":159679,"comment_status":"closed","ping_status":"closed","sticky":false,"template":"","format":"standard","meta":{"wl_entities_gutenberg":"","footnotes":""},"categories":[47],"tags":[],"wl_entity_type":[732],"class_list":["post-159685","post","type-post","status-publish","format-standard","has-post-thumbnail","category-noticias","wl_entity_type-article"],"acf":[],"yoast_head":"<!-- This site is optimized with the Yoast SEO Premium plugin v25.9 (Yoast SEO v28.2) - https:\/\/yoast.com\/product\/yoast-seo-premium-wordpress\/ -->\n<title>Vestibular Famerp 2027: pedidos de redu\u00e7\u00e3o da taxa come\u00e7am hoje (31)<\/title>\n<meta name=\"description\" content=\"Nesta edi\u00e7\u00e3o do processo seletivo, o valor integral para participar das provas \u00e9 de R$ 194,00; pe\u00e7a o benef\u00edcio\" \/>\n<meta name=\"robots\" content=\"index, follow, max-snippet:-1, max-image-preview:large, max-video-preview:-1\" \/>\n<link rel=\"canonical\" href=\"https:\/\/vestibulares.estrategia.com\/portal\/noticias\/vestibular-famerp-2027-reducao-da-taxa-de-inscricao\/\" \/>\n<meta property=\"og:locale\" content=\"pt_BR\" \/>\n<meta property=\"og:type\" content=\"article\" \/>\n<meta property=\"og:title\" content=\"Vestibular Famerp 2027: pedidos de redu\u00e7\u00e3o da taxa come\u00e7am hoje (31)\" \/>\n<meta property=\"og:description\" content=\"Nesta edi\u00e7\u00e3o do processo seletivo, o valor integral para participar das provas \u00e9 de R$ 194,00; pe\u00e7a o benef\u00edcio\" \/>\n<meta property=\"og:url\" content=\"https:\/\/vestibulares.estrategia.com\/portal\/noticias\/vestibular-famerp-2027-reducao-da-taxa-de-inscricao\/\" \/>\n<meta property=\"og:site_name\" content=\"Estrat\u00e9gia Vestibulares\" \/>\n<meta property=\"article:publisher\" content=\"https:\/\/facebook.com\/estrategiavestibulares\" \/>\n<meta property=\"article:published_time\" content=\"2026-08-31T03:30:00+00:00\" \/>\n<meta property=\"og:image\" content=\"https:\/\/vestibulares.estrategia.com\/portal\/wp-content\/uploads\/2026\/08\/vestibular-famerp-ev-960x540-1.jpg\" \/>\n\t<meta property=\"og:image:width\" content=\"960\" \/>\n\t<meta property=\"og:image:height\" content=\"540\" \/>\n\t<meta property=\"og:image:type\" content=\"image\/jpeg\" \/>\n<meta name=\"author\" content=\"Beatriz Santana\" \/>\n<meta name=\"twitter:card\" content=\"summary_large_image\" \/>\n<meta name=\"twitter:creator\" content=\"@Estrategiavest\" \/>\n<meta name=\"twitter:site\" content=\"@Estrategiavest\" \/>\n<meta name=\"twitter:label1\" content=\"Escrito por\" \/>\n\t<meta name=\"twitter:data1\" content=\"Beatriz Santana\" \/>\n\t<meta name=\"twitter:label2\" content=\"Est. tempo de leitura\" \/>\n\t<meta name=\"twitter:data2\" content=\"2 minutos\" \/>\n<script type=\"application\/ld+json\" class=\"yoast-schema-graph\">{\"@context\":\"https:\\\/\\\/schema.org\",\"@graph\":[{\"@type\":\"NewsArticle\",\"@id\":\"https:\\\/\\\/vestibulares.estrategia.com\\\/portal\\\/noticias\\\/vestibular-famerp-2027-reducao-da-taxa-de-inscricao\\\/#article\",\"isPartOf\":{\"@id\":\"https:\\\/\\\/vestibulares.estrategia.com\\\/portal\\\/noticias\\\/vestibular-famerp-2027-reducao-da-taxa-de-inscricao\\\/\"},\"author\":{\"name\":\"Beatriz Santana\",\"@id\":\"https:\\\/\\\/vestibulares.estrategia.com\\\/portal\\\/#\\\/schema\\\/person\\\/cdd941dcf53839374c0bc8d39bb0230f\"},\"headline\":\"Vestibular Famerp 2027: pedidos de redu\u00e7\u00e3o da taxa come\u00e7am hoje (31)\",\"datePublished\":\"2026-08-31T03:30:00+00:00\",\"mainEntityOfPage\":{\"@id\":\"https:\\\/\\\/vestibulares.estrategia.com\\\/portal\\\/noticias\\\/vestibular-famerp-2027-reducao-da-taxa-de-inscricao\\\/\"},\"wordCount\":381,\"publisher\":{\"@id\":\"https:\\\/\\\/vestibulares.estrategia.com\\\/portal\\\/#organization\"},\"image\":{\"@id\":\"https:\\\/\\\/vestibulares.estrategia.com\\\/portal\\\/noticias\\\/vestibular-famerp-2027-reducao-da-taxa-de-inscricao\\\/#primaryimage\"},\"thumbnailUrl\":\"https:\\\/\\\/vestibulares.estrategia.com\\\/portal\\\/wp-content\\\/uploads\\\/2026\\\/08\\\/vestibular-famerp-ev-960x540-1.jpg\",\"articleSection\":[\"Not\u00edcias\"],\"inLanguage\":\"pt-BR\"},{\"@type\":\"WebPage\",\"@id\":\"https:\\\/\\\/vestibulares.estrategia.com\\\/portal\\\/noticias\\\/vestibular-famerp-2027-reducao-da-taxa-de-inscricao\\\/\",\"url\":\"https:\\\/\\\/vestibulares.estrategia.com\\\/portal\\\/noticias\\\/vestibular-famerp-2027-reducao-da-taxa-de-inscricao\\\/\",\"name\":\"Vestibular Famerp 2027: pedidos de redu\u00e7\u00e3o da taxa come\u00e7am hoje (31)\",\"isPartOf\":{\"@id\":\"https:\\\/\\\/vestibulares.estrategia.com\\\/portal\\\/#website\"},\"primaryImageOfPage\":{\"@id\":\"https:\\\/\\\/vestibulares.estrategia.com\\\/portal\\\/noticias\\\/vestibular-famerp-2027-reducao-da-taxa-de-inscricao\\\/#primaryimage\"},\"image\":{\"@id\":\"https:\\\/\\\/vestibulares.estrategia.com\\\/portal\\\/noticias\\\/vestibular-famerp-2027-reducao-da-taxa-de-inscricao\\\/#primaryimage\"},\"thumbnailUrl\":\"https:\\\/\\\/vestibulares.estrategia.com\\\/portal\\\/wp-content\\\/uploads\\\/2026\\\/08\\\/vestibular-famerp-ev-960x540-1.jpg\",\"datePublished\":\"2026-08-31T03:30:00+00:00\",\"description\":\"Nesta edi\u00e7\u00e3o do processo seletivo, o valor integral para participar das provas \u00e9 de R$ 194,00; pe\u00e7a o benef\u00edcio\",\"breadcrumb\":{\"@id\":\"https:\\\/\\\/vestibulares.estrategia.com\\\/portal\\\/noticias\\\/vestibular-famerp-2027-reducao-da-taxa-de-inscricao\\\/#breadcrumb\"},\"inLanguage\":\"pt-BR\",\"potentialAction\":[{\"@type\":\"ReadAction\",\"target\":[\"https:\\\/\\\/vestibulares.estrategia.com\\\/portal\\\/noticias\\\/vestibular-famerp-2027-reducao-da-taxa-de-inscricao\\\/\"]}]},{\"@type\":\"ImageObject\",\"inLanguage\":\"pt-BR\",\"@id\":\"https:\\\/\\\/vestibulares.estrategia.com\\\/portal\\\/noticias\\\/vestibular-famerp-2027-reducao-da-taxa-de-inscricao\\\/#primaryimage\",\"url\":\"https:\\\/\\\/vestibulares.estrategia.com\\\/portal\\\/wp-content\\\/uploads\\\/2026\\\/08\\\/vestibular-famerp-ev-960x540-1.jpg\",\"contentUrl\":\"https:\\\/\\\/vestibulares.estrategia.com\\\/portal\\\/wp-content\\\/uploads\\\/2026\\\/08\\\/vestibular-famerp-ev-960x540-1.jpg\",\"width\":960,\"height\":540,\"caption\":\"Famerp EV\"},{\"@type\":\"BreadcrumbList\",\"@id\":\"https:\\\/\\\/vestibulares.estrategia.com\\\/portal\\\/noticias\\\/vestibular-famerp-2027-reducao-da-taxa-de-inscricao\\\/#breadcrumb\",\"itemListElement\":[{\"@type\":\"ListItem\",\"position\":1,\"name\":\"Home\",\"item\":\"https:\\\/\\\/vestibulares.estrategia.com\\\/portal\\\/\"},{\"@type\":\"ListItem\",\"position\":2,\"name\":\"Not\u00edcias\",\"item\":\"https:\\\/\\\/vestibulares.estrategia.com\\\/portal\\\/noticias\\\/\"},{\"@type\":\"ListItem\",\"position\":3,\"name\":\"Vestibular Famerp 2027: pedidos de redu\u00e7\u00e3o da taxa come\u00e7am hoje (31)\"}]},{\"@type\":\"WebSite\",\"@id\":\"https:\\\/\\\/vestibulares.estrategia.com\\\/portal\\\/#website\",\"url\":\"https:\\\/\\\/vestibulares.estrategia.com\\\/portal\\\/\",\"name\":\"Estrat\u00e9gia Vestibulares\",\"description\":\"\",\"publisher\":{\"@id\":\"https:\\\/\\\/vestibulares.estrategia.com\\\/portal\\\/#organization\"},\"potentialAction\":[{\"@type\":\"SearchAction\",\"target\":{\"@type\":\"EntryPoint\",\"urlTemplate\":\"https:\\\/\\\/vestibulares.estrategia.com\\\/portal\\\/?s={search_term_string}\"},\"query-input\":{\"@type\":\"PropertyValueSpecification\",\"valueRequired\":true,\"valueName\":\"search_term_string\"}}],\"inLanguage\":\"pt-BR\"},{\"@type\":\"Organization\",\"@id\":\"https:\\\/\\\/vestibulares.estrategia.com\\\/portal\\\/#organization\",\"name\":\"Estrat\u00e9gia Vestibulares\",\"url\":\"https:\\\/\\\/vestibulares.estrategia.com\\\/portal\\\/\",\"logo\":{\"@type\":\"ImageObject\",\"inLanguage\":\"pt-BR\",\"@id\":\"https:\\\/\\\/vestibulares.estrategia.com\\\/portal\\\/#\\\/schema\\\/logo\\\/image\\\/\",\"url\":\"https:\\\/\\\/vestibulares.estrategia.com\\\/portal\\\/wp-content\\\/uploads\\\/2021\\\/06\\\/Logo-Vestibulares@4x.png\",\"contentUrl\":\"https:\\\/\\\/vestibulares.estrategia.com\\\/portal\\\/wp-content\\\/uploads\\\/2021\\\/06\\\/Logo-Vestibulares@4x.png\",\"width\":250,\"height\":66,\"caption\":\"Estrat\u00e9gia Vestibulares\"},\"image\":{\"@id\":\"https:\\\/\\\/vestibulares.estrategia.com\\\/portal\\\/#\\\/schema\\\/logo\\\/image\\\/\"},\"sameAs\":[\"https:\\\/\\\/facebook.com\\\/estrategiavestibulares\",\"https:\\\/\\\/x.com\\\/Estrategiavest\",\"https:\\\/\\\/www.instagram.com\\\/estrategiavestibulares\",\"https:\\\/\\\/www.youtube.com\\\/channel\\\/UCGWdZy8ULI-7_5GrABa4vNA\"]},{\"@type\":\"Person\",\"@id\":\"https:\\\/\\\/vestibulares.estrategia.com\\\/portal\\\/#\\\/schema\\\/person\\\/cdd941dcf53839374c0bc8d39bb0230f\",\"name\":\"Beatriz Santana\",\"image\":{\"@type\":\"ImageObject\",\"inLanguage\":\"pt-BR\",\"@id\":\"https:\\\/\\\/vestibulares.estrategia.com\\\/portal\\\/wp-content\\\/uploads\\\/2022\\\/01\\\/WhatsApp-Image-2021-10-21-at-10.19.09-1-150x150.webp\",\"url\":\"https:\\\/\\\/vestibulares.estrategia.com\\\/portal\\\/wp-content\\\/uploads\\\/2022\\\/01\\\/WhatsApp-Image-2021-10-21-at-10.19.09-1-150x150.webp\",\"contentUrl\":\"https:\\\/\\\/vestibulares.estrategia.com\\\/portal\\\/wp-content\\\/uploads\\\/2022\\\/01\\\/WhatsApp-Image-2021-10-21-at-10.19.09-1-150x150.webp\",\"caption\":\"Beatriz Santana\"},\"description\":\"Jornalista formada pela Unesp\",\"url\":\"https:\\\/\\\/vestibulares.estrategia.com\\\/portal\\\/author\\\/beatriz-santana\\\/\"}]}<\/script>\n<!-- \/ Yoast SEO Premium plugin. -->","yoast_head_json":{"title":"Vestibular Famerp 2027: pedidos de redu\u00e7\u00e3o da taxa come\u00e7am hoje (31)","description":"Nesta edi\u00e7\u00e3o do processo seletivo, o valor integral para participar das provas \u00e9 de R$ 194,00; pe\u00e7a o benef\u00edcio","robots":{"index":"index","follow":"follow","max-snippet":"max-snippet:-1","max-image-preview":"max-image-preview:large","max-video-preview":"max-video-preview:-1"},"canonical":"https:\/\/vestibulares.estrategia.com\/portal\/noticias\/vestibular-famerp-2027-reducao-da-taxa-de-inscricao\/","og_locale":"pt_BR","og_type":"article","og_title":"Vestibular Famerp 2027: pedidos de redu\u00e7\u00e3o da taxa come\u00e7am hoje (31)","og_description":"Nesta edi\u00e7\u00e3o do processo seletivo, o valor integral para participar das provas \u00e9 de R$ 194,00; pe\u00e7a o benef\u00edcio","og_url":"https:\/\/vestibulares.estrategia.com\/portal\/noticias\/vestibular-famerp-2027-reducao-da-taxa-de-inscricao\/","og_site_name":"Estrat\u00e9gia Vestibulares","article_publisher":"https:\/\/facebook.com\/estrategiavestibulares","article_published_time":"2026-08-31T03:30:00+00:00","og_image":[{"width":960,"height":540,"url":"https:\/\/vestibulares.estrategia.com\/portal\/wp-content\/uploads\/2026\/08\/vestibular-famerp-ev-960x540-1.jpg","type":"image\/jpeg"}],"author":"Beatriz Santana","twitter_card":"summary_large_image","twitter_creator":"@Estrategiavest","twitter_site":"@Estrategiavest","twitter_misc":{"Escrito por":"Beatriz Santana","Est. tempo de leitura":"2 minutos"},"schema":{"@context":"https:\/\/schema.org","@graph":[{"@type":"NewsArticle","@id":"https:\/\/vestibulares.estrategia.com\/portal\/noticias\/vestibular-famerp-2027-reducao-da-taxa-de-inscricao\/#article","isPartOf":{"@id":"https:\/\/vestibulares.estrategia.com\/portal\/noticias\/vestibular-famerp-2027-reducao-da-taxa-de-inscricao\/"},"author":{"name":"Beatriz Santana","@id":"https:\/\/vestibulares.estrategia.com\/portal\/#\/schema\/person\/cdd941dcf53839374c0bc8d39bb0230f"},"headline":"Vestibular Famerp 2027: pedidos de redu\u00e7\u00e3o da taxa come\u00e7am hoje (31)","datePublished":"2026-08-31T03:30:00+00:00","mainEntityOfPage":{"@id":"https:\/\/vestibulares.estrategia.com\/portal\/noticias\/vestibular-famerp-2027-reducao-da-taxa-de-inscricao\/"},"wordCount":381,"publisher":{"@id":"https:\/\/vestibulares.estrategia.com\/portal\/#organization"},"image":{"@id":"https:\/\/vestibulares.estrategia.com\/portal\/noticias\/vestibular-famerp-2027-reducao-da-taxa-de-inscricao\/#primaryimage"},"thumbnailUrl":"https:\/\/vestibulares.estrategia.com\/portal\/wp-content\/uploads\/2026\/08\/vestibular-famerp-ev-960x540-1.jpg","articleSection":["Not\u00edcias"],"inLanguage":"pt-BR"},{"@type":"WebPage","@id":"https:\/\/vestibulares.estrategia.com\/portal\/noticias\/vestibular-famerp-2027-reducao-da-taxa-de-inscricao\/","url":"https:\/\/vestibulares.estrategia.com\/portal\/noticias\/vestibular-famerp-2027-reducao-da-taxa-de-inscricao\/","name":"Vestibular Famerp 2027: pedidos de redu\u00e7\u00e3o da taxa come\u00e7am hoje (31)","isPartOf":{"@id":"https:\/\/vestibulares.estrategia.com\/portal\/#website"},"primaryImageOfPage":{"@id":"https:\/\/vestibulares.estrategia.com\/portal\/noticias\/vestibular-famerp-2027-reducao-da-taxa-de-inscricao\/#primaryimage"},"image":{"@id":"https:\/\/vestibulares.estrategia.com\/portal\/noticias\/vestibular-famerp-2027-reducao-da-taxa-de-inscricao\/#primaryimage"},"thumbnailUrl":"https:\/\/vestibulares.estrategia.com\/portal\/wp-content\/uploads\/2026\/08\/vestibular-famerp-ev-960x540-1.jpg","datePublished":"2026-08-31T03:30:00+00:00","description":"Nesta edi\u00e7\u00e3o do processo seletivo, o valor integral para participar das provas \u00e9 de R$ 194,00; pe\u00e7a o benef\u00edcio","breadcrumb":{"@id":"https:\/\/vestibulares.estrategia.com\/portal\/noticias\/vestibular-famerp-2027-reducao-da-taxa-de-inscricao\/#breadcrumb"},"inLanguage":"pt-BR","potentialAction":[{"@type":"ReadAction","target":["https:\/\/vestibulares.estrategia.com\/portal\/noticias\/vestibular-famerp-2027-reducao-da-taxa-de-inscricao\/"]}]},{"@type":"ImageObject","inLanguage":"pt-BR","@id":"https:\/\/vestibulares.estrategia.com\/portal\/noticias\/vestibular-famerp-2027-reducao-da-taxa-de-inscricao\/#primaryimage","url":"https:\/\/vestibulares.estrategia.com\/portal\/wp-content\/uploads\/2026\/08\/vestibular-famerp-ev-960x540-1.jpg","contentUrl":"https:\/\/vestibulares.estrategia.com\/portal\/wp-content\/uploads\/2026\/08\/vestibular-famerp-ev-960x540-1.jpg","width":960,"height":540,"caption":"Famerp EV"},{"@type":"BreadcrumbList","@id":"https:\/\/vestibulares.estrategia.com\/portal\/noticias\/vestibular-famerp-2027-reducao-da-taxa-de-inscricao\/#breadcrumb","itemListElement":[{"@type":"ListItem","position":1,"name":"Home","item":"https:\/\/vestibulares.estrategia.com\/portal\/"},{"@type":"ListItem","position":2,"name":"Not\u00edcias","item":"https:\/\/vestibulares.estrategia.com\/portal\/noticias\/"},{"@type":"ListItem","position":3,"name":"Vestibular Famerp 2027: pedidos de redu\u00e7\u00e3o da taxa come\u00e7am hoje (31)"}]},{"@type":"WebSite","@id":"https:\/\/vestibulares.estrategia.com\/portal\/#website","url":"https:\/\/vestibulares.estrategia.com\/portal\/","name":"Estrat\u00e9gia Vestibulares","description":"","publisher":{"@id":"https:\/\/vestibulares.estrategia.com\/portal\/#organization"},"potentialAction":[{"@type":"SearchAction","target":{"@type":"EntryPoint","urlTemplate":"https:\/\/vestibulares.estrategia.com\/portal\/?s={search_term_string}"},"query-input":{"@type":"PropertyValueSpecification","valueRequired":true,"valueName":"search_term_string"}}],"inLanguage":"pt-BR"},{"@type":"Organization","@id":"https:\/\/vestibulares.estrategia.com\/portal\/#organization","name":"Estrat\u00e9gia Vestibulares","url":"https:\/\/vestibulares.estrategia.com\/portal\/","logo":{"@type":"ImageObject","inLanguage":"pt-BR","@id":"https:\/\/vestibulares.estrategia.com\/portal\/#\/schema\/logo\/image\/","url":"https:\/\/vestibulares.estrategia.com\/portal\/wp-content\/uploads\/2021\/06\/Logo-Vestibulares@4x.png","contentUrl":"https:\/\/vestibulares.estrategia.com\/portal\/wp-content\/uploads\/2021\/06\/Logo-Vestibulares@4x.png","width":250,"height":66,"caption":"Estrat\u00e9gia Vestibulares"},"image":{"@id":"https:\/\/vestibulares.estrategia.com\/portal\/#\/schema\/logo\/image\/"},"sameAs":["https:\/\/facebook.com\/estrategiavestibulares","https:\/\/x.com\/Estrategiavest","https:\/\/www.instagram.com\/estrategiavestibulares","https:\/\/www.youtube.com\/channel\/UCGWdZy8ULI-7_5GrABa4vNA"]},{"@type":"Person","@id":"https:\/\/vestibulares.estrategia.com\/portal\/#\/schema\/person\/cdd941dcf53839374c0bc8d39bb0230f","name":"Beatriz Santana","image":{"@type":"ImageObject","inLanguage":"pt-BR","@id":"https:\/\/vestibulares.estrategia.com\/portal\/wp-content\/uploads\/2022\/01\/WhatsApp-Image-2021-10-21-at-10.19.09-1-150x150.webp","url":"https:\/\/vestibulares.estrategia.com\/portal\/wp-content\/uploads\/2022\/01\/WhatsApp-Image-2021-10-21-at-10.19.09-1-150x150.webp","contentUrl":"https:\/\/vestibulares.estrategia.com\/portal\/wp-content\/uploads\/2022\/01\/WhatsApp-Image-2021-10-21-at-10.19.09-1-150x150.webp","caption":"Beatriz Santana"},"description":"Jornalista formada pela Unesp","url":"https:\/\/vestibulares.estrategia.com\/portal\/author\/beatriz-santana\/"}]}},"_wl_alt_label":[],"wl:entity_url":"https:\/\/data.wordlift.io\/wl110249\/post\/vestibular-famerp-2027-pedidos-de-reducao-da-taxa-comecam-hoje-31-159685","_links":{"self":[{"href":"https:\/\/vestibulares.estrategia.com\/portal\/wp-json\/wp\/v2\/posts\/159685","targetHints":{"allow":["GET"]}}],"collection":[{"href":"https:\/\/vestibulares.estrategia.com\/portal\/wp-json\/wp\/v2\/posts"}],"about":[{"href":"https:\/\/vestibulares.estrategia.com\/portal\/wp-json\/wp\/v2\/types\/post"}],"author":[{"embeddable":true,"href":"https:\/\/vestibulares.estrategia.com\/portal\/wp-json\/wp\/v2\/users\/48"}],"replies":[{"embeddable":true,"href":"https:\/\/vestibulares.estrategia.com\/portal\/wp-json\/wp\/v2\/comments?post=159685"}],"version-history":[{"count":2,"href":"https:\/\/vestibulares.estrategia.com\/portal\/wp-json\/wp\/v2\/posts\/159685\/revisions"}],"predecessor-version":[{"id":159687,"href":"https:\/\/vestibulares.estrategia.com\/portal\/wp-json\/wp\/v2\/posts\/159685\/revisions\/159687"}],"wp:featuredmedia":[{"embeddable":true,"href":"https:\/\/vestibulares.estrategia.com\/portal\/wp-json\/wp\/v2\/media\/159679"}],"wp:attachment":[{"href":"https:\/\/vestibulares.estrategia.com\/portal\/wp-json\/wp\/v2\/media?parent=159685"}],"wp:term":[{"taxonomy":"category","embeddable":true,"href":"https:\/\/vestibulares.estrategia.com\/portal\/wp-json\/wp\/v2\/categories?post=159685"},{"taxonomy":"post_tag","embeddable":true,"href":"https:\/\/vestibulares.estrategia.com\/portal\/wp-json\/wp\/v2\/tags?post=159685"},{"taxonomy":"wl_entity_type","embeddable":true,"href":"https:\/\/vestibulares.estrategia.com\/portal\/wp-json\/wp\/v2\/wl_entity_type?post=159685"}],"curies":[{"name":"wp","href":"https:\/\/api.w.org\/{rel}","templated":true}]}}