{"id":159775,"date":"2026-08-31T09:36:00","date_gmt":"2026-08-31T12:36:00","guid":{"rendered":"https:\/\/vestibulares.estrategia.com\/portal\/?p=159775"},"modified":"2026-08-31T09:36:59","modified_gmt":"2026-08-31T12:36:59","slug":"lei-de-wien-comportamento-termico-da-radiacao","status":"publish","type":"post","link":"https:\/\/vestibulares.estrategia.com\/portal\/materias\/fisica\/lei-de-wien-comportamento-termico-da-radiacao\/","title":{"rendered":"Lei de Wien: comportamento t\u00e9rmico da radia\u00e7\u00e3o"},"content":{"rendered":"<p class=\"wp-block-paragraph\">Ao observar uma barra de metal sendo altamente aquecida, nota-se uma transforma&ccedil;&atilde;o visual progressiva. Inicialmente, o objeto libera apenas calor, depois come&ccedil;a a emitir luz avermelhada, evolui para o laranja, alcan&ccedil;a o amarelo brilhante e, em temperaturas extremas, pode assumir uma colora&ccedil;&atilde;o esbranqui&ccedil;ada\/azulada.<p class=\"wp-block-paragraph\">Essa mudan&ccedil;a de cor conforme a temperatura n&atilde;o &eacute; s&oacute; visual, &eacute; uma manifesta&ccedil;&atilde;o direta de um fen&ocirc;meno da termodin&acirc;mica e da f&iacute;sica moderna que &eacute; a <strong>Lei de Wien<\/strong>.<\/p><p class=\"wp-block-paragraph\">Formulada pelo f&iacute;sico alem&atilde;o Wilhelm Wien no final do s&eacute;culo XIX. Essa formula&ccedil;&atilde;o rendeu a ele o <strong>Pr&ecirc;mio Nobel de F&iacute;sica em 1911<\/strong>, consolidando-se como um dos pilares que demonstraram as limita&ccedil;&otilde;es da f&iacute;sica cl&aacute;ssica. Entenda mais sobre no artigo do EV a seguir:<\/p><p class=\"wp-block-paragraph\"><div class=\"cta-medio\" style=\"background-image: url(https:\/\/vestibulares.estrategia.com\/portal\/wp-content\/uploads\/2024\/08\/curso-enem-1-estrategia-vestibulares-ctamedio.jpg);\"><h3>Pacote Enem TOP <\/h3> <p>Estude com o Estrat\u00e9gia Vestibulares<\/p><div class=\"cta-botao\"><a id=\"cta-medio\" href=\"https:\/\/vestibulares.estrategia.com\/curso\/enem-top\/\" target=\"_blank\" style=\"background:rgb(255,150,0)\">Saiba mais<\/a><\/div><\/div>\n\n\n\n<\/p><div id=\"ez-toc-container\" class=\"ez-toc-v2_0_86 counter-hierarchy ez-toc-counter ez-toc-transparent ez-toc-container-direction\">\n<div class=\"ez-toc-title-container\"><p class=\"ez-toc-title\" style=\"cursor:inherit\">Navegue pelo conte\u00fado<\/p>\n<\/div><nav><ul class='ez-toc-list ez-toc-list-level-1 ' ><li class='ez-toc-page-1 ez-toc-heading-level-2'><a class=\"ez-toc-link ez-toc-heading-1\" href=\"https:\/\/vestibulares.estrategia.com\/portal\/materias\/fisica\/lei-de-wien-comportamento-termico-da-radiacao\/#Conceito-da-Lei-de-Wien\" >Conceito da Lei de Wien<\/a><\/li><li class='ez-toc-page-1 ez-toc-heading-level-2'><a class=\"ez-toc-link ez-toc-heading-2\" href=\"https:\/\/vestibulares.estrategia.com\/portal\/materias\/fisica\/lei-de-wien-comportamento-termico-da-radiacao\/#Formula-e-calculo-da-Lei-de-Wien\" >F&oacute;rmula e c&aacute;lculo da Lei de Wien&nbsp;<\/a><\/li><li class='ez-toc-page-1 ez-toc-heading-level-2'><a class=\"ez-toc-link ez-toc-heading-3\" href=\"https:\/\/vestibulares.estrategia.com\/portal\/materias\/fisica\/lei-de-wien-comportamento-termico-da-radiacao\/#Aplicacoes-da-Lei-de-Wien-na-astrofisica\" >Aplica&ccedil;&otilde;es da Lei de Wien na astrof&iacute;sica&nbsp;<\/a><\/li><li class='ez-toc-page-1 ez-toc-heading-level-2'><a class=\"ez-toc-link ez-toc-heading-4\" href=\"https:\/\/vestibulares.estrategia.com\/portal\/materias\/fisica\/lei-de-wien-comportamento-termico-da-radiacao\/#Principais-abordagens-sobre-Lei-de-Wien\" >Principais abordagens sobre Lei de Wien<\/a><\/li><li class='ez-toc-page-1 ez-toc-heading-level-2'><a class=\"ez-toc-link ez-toc-heading-5\" href=\"https:\/\/vestibulares.estrategia.com\/portal\/materias\/fisica\/lei-de-wien-comportamento-termico-da-radiacao\/#Estude-para-o-vestibular-com-o-Estrategia\" >Estude para o vestibular com o Estrat&eacute;gia!<\/a><\/li><\/ul><\/nav><\/div>\n<h2 id=\"h-conceito-da-lei-de-wien\" class=\"wp-block-heading\"><span class=\"ez-toc-section\" id=\"Conceito-da-Lei-de-Wien\"><\/span>Conceito da Lei de Wien<span class=\"ez-toc-section-end\"><\/span><\/h2><p class=\"wp-block-paragraph\">A <em>Lei do Deslocamento de Wien descreve<\/em> a rela&ccedil;&atilde;o matem&aacute;tica e f&iacute;sica entre a temperatura absoluta de um corpo aquecido e a distribui&ccedil;&atilde;o espectral da radia&ccedil;&atilde;o eletromagn&eacute;tica emitida por ele. Em outras palavras, permite compreender como a temperatura influencia o comportamento da radia&ccedil;&atilde;o t&eacute;rmica.&nbsp;<\/p><p class=\"wp-block-paragraph\">O princ&iacute;pio fundamental da lei afirma que, quanto maior for a <strong>temperatura termodin&acirc;mica<\/strong> de um corpo, que &eacute; medida do grau de agita&ccedil;&atilde;o das part&iacute;culas, menor ser&aacute; o comprimento de onda correspondente ao pico de emiss&atilde;o de radia&ccedil;&atilde;o eletromagn&eacute;tica.&nbsp;<\/p><p class=\"wp-block-paragraph\">Em termos pr&aacute;ticos, &agrave; medida que a temperatura de um objeto se eleva, a maior parte da energia irradiada desloca-se progressivamente das regi&otilde;es de menor frequ&ecirc;ncia, como o <strong>infravermelho<\/strong>, para regi&otilde;es de maior frequ&ecirc;ncia e menor comprimento de onda, como a <strong>luz vis&iacute;vel e o ultravioleta<\/strong>.&nbsp;<\/p><figure class=\"wp-block-image size-full is-resized\"><img decoding=\"async\" width=\"640\" height=\"427\" src=\"https:\/\/vestibulares.estrategia.com\/portal\/wp-content\/uploads\/2026\/08\/pexels-tima-miroshnichenko-5845943.jpg\" alt=\"\" class=\"wp-image-159780\" style=\"width:393px;height:auto\"><\/figure><p class=\"wp-block-paragraph\">Para enteder esse fen&ocirc;meno, a f&iacute;sica utiliza o modelo te&oacute;rico do <strong>corpo negro<\/strong>, um objeto idealizado que absorve por completo a radia&ccedil;&atilde;o eletromagn&eacute;tica que incide sobre ele.&nbsp;<\/p><p class=\"wp-block-paragraph\">Por estar em equil&iacute;brio t&eacute;rmico, ele tamb&eacute;m se torna o emissor perfeito, cuja radia&ccedil;&atilde;o depende unicamente da sua temperatura absoluta, e n&atilde;o do material de que &eacute; feito.<\/p><p class=\"wp-block-paragraph\">Ao analisar a energia emitida por esse corpo em cada comprimento de onda, formam-se curvas cont&iacute;nuas (curvas de Planck), que apresentam um ponto mais alto evidente, o pico de emiss&atilde;o, que varia de acordo com a temperatura.&nbsp;<\/p><p class=\"wp-block-paragraph\">Na tentativa de explicar o espectro cont&iacute;nuo da radia&ccedil;&atilde;o pelas leis eletromagn&eacute;ticas tradicionais, os f&iacute;sicos chegaram &agrave; <strong>&ldquo;cat&aacute;strofe do ultravioleta&rdquo;<\/strong>, uma contradi&ccedil;&atilde;o te&oacute;rica insol&uacute;vel que previa uma emiss&atilde;o infinita de energia em frequ&ecirc;ncias mais altas e comprimentos de onda curtos.&nbsp;<\/p><p class=\"wp-block-paragraph\">Diante desse problema, <strong>Max Planck<\/strong> fez uma proposi&ccedil;&atilde;o sobre a energia ser emitida em pequenos pacotes chamados <em>quanta<\/em>. A ideia permitiu explicar o comportamento da radia&ccedil;&atilde;o t&eacute;rmica e inaugurou a <strong>f&iacute;sica qu&acirc;ntica<\/strong>, transformando a compreens&atilde;o da radia&ccedil;&atilde;o e da estrutura da mat&eacute;ria no s&eacute;culo XX.<\/p><h2 id=\"h-formula-e-calculo-da-lei-de-wien-nbsp\" class=\"wp-block-heading\"><span class=\"ez-toc-section\" id=\"Formula-e-calculo-da-Lei-de-Wien\"><\/span>F&oacute;rmula e c&aacute;lculo da Lei de Wien&nbsp;<span class=\"ez-toc-section-end\"><\/span><\/h2><p class=\"wp-block-paragraph\">A formula&ccedil;&atilde;o matem&aacute;tica desta lei expressa uma rela&ccedil;&atilde;o de proporcionalidade inversa entre o comprimento de onda correspondente ao pico de emiss&atilde;o e a temperatura absoluta do emissor. Assim, quando a temperatura aumenta, o comprimento de onda de maior emiss&atilde;o diminui.&nbsp;<\/p><p class=\"wp-block-paragraph\">A equa&ccedil;&atilde;o fundamental pode ser expressa da seguinte forma:&nbsp;<\/p><figure class=\"wp-block-image size-full\"><img decoding=\"async\" width=\"165\" height=\"56\" src=\"https:\/\/vestibulares.estrategia.com\/portal\/wp-content\/uploads\/2026\/08\/image-30.png\" alt=\"\" class=\"wp-image-159777\"><\/figure><p class=\"wp-block-paragraph\">Onde:&nbsp;<\/p><ul class=\"wp-block-list\">\n<li>&lambda;: comprimento de onda no qual a intensidade da emiss&atilde;o de radia&ccedil;&atilde;o atinge o seu valor m&aacute;ximo, medido em metros (m);<\/li>\n\n\n\n<li>T: temperatura absoluta do corpo emissor na escala termodin&acirc;mica, mensurada em Kelvin (K); e&nbsp;<\/li>\n\n\n\n<li>b: constante de proporcionalidade de Wien, cujo valor experimental padr&atilde;o no SI &eacute; aproximadamente (2,898 * 10&#8315;&sup3;*m*K).<\/li>\n<\/ul><p class=\"wp-block-paragraph\">Isolando a vari&aacute;vel do comprimento de onda de pico na equa&ccedil;&atilde;o principal, obtemos a f&oacute;rmula pr&aacute;tica mais utilizada na f&iacute;sica:<\/p><figure class=\"wp-block-image size-full\"><img decoding=\"async\" width=\"131\" height=\"96\" src=\"https:\/\/vestibulares.estrategia.com\/portal\/wp-content\/uploads\/2026\/08\/image-32.png\" alt=\"\" class=\"wp-image-159779\"><\/figure><h3 id=\"h-relacao-entre-comprimento-de-onda-maximo-e-temperatura\" class=\"wp-block-heading\">Rela&ccedil;&atilde;o entre comprimento de onda m&aacute;ximo e temperatura<\/h3><p class=\"wp-block-paragraph\">A rela&ccedil;&atilde;o fundamental da <strong>Lei de Wien<\/strong> &eacute; uma proporcionalidade inversa. Portanto, quando uma grandeza aumenta, a outra diminui na mesma propor&ccedil;&atilde;o.<\/p><p class=\"wp-block-paragraph\">Isso implica que, se a temperatura absoluta de uma estrela ou de um filamento aquecido for duplicada (2T), o comprimento de onda do pico de emiss&atilde;o ser&aacute; reduzido pela metade. Essa rela&ccedil;&atilde;o inversa &eacute; uma das principais aplica&ccedil;&otilde;es dessa lei em problemas de radia&ccedil;&atilde;o t&eacute;rmica.&nbsp;<\/p><p class=\"wp-block-paragraph\">&Eacute; importante n&atilde;o confundir &lambda; com o comprimento de onda de maior magnitude f&iacute;sica. Ele representa, especificamente, o comprimento de onda <strong>mais emitido<\/strong>, ou seja, a regi&atilde;o em que a densidade espectral de energia atinge seu valor m&aacute;ximo.&nbsp;<\/p><h3 id=\"h-deslocamento-do-pico-de-emissao-termica-nbsp\" class=\"wp-block-heading\">Deslocamento do pico de emiss&atilde;o t&eacute;rmica&nbsp;<\/h3><p class=\"wp-block-paragraph\">O termo &ldquo;deslocamento&rdquo; no nome da lei decorre do comportamento visual observado nas curvas de emiss&atilde;o cont&iacute;nua de radia&ccedil;&atilde;o t&eacute;rmica conforme a temperatura do corpo se altera.&nbsp;<\/p><p class=\"wp-block-paragraph\">Em temperaturas moderadas, como as da superf&iacute;cie da Terra (por volta de 300K), o pico de emiss&atilde;o fica em torno de 10 &micro;m, localizado na faixa do <strong>infravermelho termal<\/strong>. Por isso, essa radia&ccedil;&atilde;o n&atilde;o &eacute; percebida pela vis&atilde;o humana.&nbsp;<\/p><p class=\"wp-block-paragraph\">Quando o corpo &eacute; aquecido para a faixa de 1000K a 3000K, o pico desloca-se em dire&ccedil;&atilde;o ao espectro vis&iacute;vel, come&ccedil;ando pelos tons de vermelho de menor energia. J&aacute; em temperaturas estelares elevadas, entre 6000K e 10000K, o pico atinge a regi&atilde;o central do espectro vis&iacute;vel e passa a adentrar a faixa do <strong>ultravioleta<\/strong>, fazendo com que o objeto seja visto com tons azulados ou brancos intensos.&nbsp;&nbsp;<\/p><p class=\"wp-block-paragraph\">Junto ao deslocamento do pico, a &aacute;rea total sob a curva espectral cresce com a quarta pot&ecirc;ncia da temperatura, isto &eacute;, (T&#8308;), conforme a <strong>Lei de Stefan-Boltzmann,<\/strong> indicando que corpos mais quentes emitem exponencialmente mais energia total.&nbsp;<\/p><h2 id=\"h-aplicacoes-da-lei-de-wien-na-astrofisica-nbsp\" class=\"wp-block-heading\"><span class=\"ez-toc-section\" id=\"Aplicacoes-da-Lei-de-Wien-na-astrofisica\"><\/span>Aplica&ccedil;&otilde;es da Lei de Wien na astrof&iacute;sica&nbsp;<span class=\"ez-toc-section-end\"><\/span><\/h2><p class=\"wp-block-paragraph\">A astrof&iacute;sica e a cosmologia moderna est&atilde;o entre as &aacute;reas cient&iacute;ficas que mais se beneficiam da aplica&ccedil;&atilde;o direta da Lei de Wien para decodificar a natureza do universo observ&aacute;vel.<\/p><p class=\"wp-block-paragraph\">Uma das principais aplica&ccedil;&otilde;es est&aacute; na <strong>determina&ccedil;&atilde;o da temperatura superficial das estrelas<\/strong>, j&aacute; que &eacute; fisicamente imposs&iacute;vel enviar sondas para realizar medi&ccedil;&otilde;es em astros localizados a anos-luz de dist&acirc;ncia.<\/p><p class=\"wp-block-paragraph\">Ao captar o espectro eletromagn&eacute;tico de uma estrela com telesc&oacute;pios e espectr&ocirc;metros, os astr&ocirc;nomos identificam o comprimento de onda&nbsp; &lambda; de sua emiss&atilde;o e calculam sua temperatura com exatid&atilde;o por meio da raz&atilde;o&nbsp; b\/&lambda;.<\/p><p class=\"wp-block-paragraph\">Essa rela&ccedil;&atilde;o tamb&eacute;m ajuda na <strong>classifica&ccedil;&atilde;o espectral das estrelas<\/strong>. Estrelas avermelhadas, s&atilde;o relativamente frias (cerca de 3500K), estrelas amareladas como o Sol possuem temperatura intermedi&aacute;ria (cerca de 5800K), enquanto estrelas azuladas s&atilde;o extremamente quentes (acima de 12000K).&nbsp;<\/p><p class=\"wp-block-paragraph\">Outra aplica&ccedil;&atilde;o cosmol&oacute;gica monumental da Lei de Wien foi a an&aacute;lise da <strong>Radia&ccedil;&atilde;o C&oacute;smica de Fundo em Micro-ondas<\/strong> (CMBR), o resqu&iacute;cio t&eacute;rmico deixado pelos primeiros instantes do Big Bang. Sua observa&ccedil;&atilde;o fornece informa&ccedil;&otilde;es fundamentais sobre a hist&oacute;ria e a evolu&ccedil;&atilde;o do universo.&nbsp;<\/p><p class=\"wp-block-paragraph\">Medi&ccedil;&otilde;es realizadas por sat&eacute;lites como <strong>COBE <\/strong>e<strong> Planck<\/strong> mostraram que o universo apresenta um espectro extremamente pr&oacute;ximo ao de um corpo negro perfeito. Seu pico de emiss&atilde;o encontra-se em aproximadamente &lambda;~1,06mm, permitindo determinar a temperatura m&eacute;dia atual do cosmos &eacute; de aproximadamente 2,7K.&nbsp;<\/p><p class=\"wp-block-paragraph\">Al&eacute;m disso, a Lei de Wien &eacute; amplamente empregada na ind&uacute;stria e na medicina por meio de c&acirc;meras termogr&aacute;ficas de infravermelho, term&ocirc;metros &oacute;pticos de perimetria industrial e sensores de vis&atilde;o noturna.<\/p><h2 id=\"h-principais-abordagens-sobre-lei-de-wien\" class=\"wp-block-heading\"><span class=\"ez-toc-section\" id=\"Principais-abordagens-sobre-Lei-de-Wien\"><\/span>Principais abordagens sobre Lei de Wien<span class=\"ez-toc-section-end\"><\/span><\/h2><p class=\"wp-block-paragraph\">A Lei de Wien costuma ser explorada por meio da interpreta&ccedil;&atilde;o de gr&aacute;ficos, da an&aacute;lise dimensional e de conceitos de f&iacute;sica t&eacute;rmica.&nbsp;<\/p><p class=\"wp-block-paragraph\">O formato mais comum traz as <strong>curvas de emiss&atilde;o<\/strong> <strong>de corpo negro<\/strong> para diferentes temperaturas. Nelas, deve-se reconhecer que a curva mais alta e com o pico mais &agrave; esquerda (menor comprimento de onda) representa sempre o corpo mais quente.<\/p><p class=\"wp-block-paragraph\">Tamb&eacute;m s&atilde;o frequentes as quest&otilde;es sobre as <strong>cores das estrelas<\/strong>, em que astros azulados indicam <strong>temperaturas <\/strong>elevadas e frequ&ecirc;ncias mais altas, enquanto astros avermelhados indicam superf&iacute;cies mais frias.<\/p><p class=\"wp-block-paragraph\">Outro ponto importante &eacute; a <strong>convers&atilde;o de escalas e a nota&ccedil;&atilde;o cient&iacute;fica<\/strong>. Al&eacute;m disso, costumam articular a Lei de Wien com a Lei de Stefan-Boltzmann, mostrando que corpos mais quentes emitem mais energia total&nbsp;T&#8308;.<\/p><p class=\"wp-block-paragraph\">A Lei de Wien tamb&eacute;m aparece em quest&otilde;es sobre <strong>radia&ccedil;&atilde;o de objetos terrestres e efeito estufa<\/strong>. A Terra absorve radia&ccedil;&atilde;o solar de onda curta e a devolve ao espa&ccedil;o na forma de ondas mais longas, sobretudo no infravermelho.<\/p><h2 id=\"h-estude-para-o-vestibular-com-o-estrategia\" class=\"wp-block-heading\"><span class=\"ez-toc-section\" id=\"Estude-para-o-vestibular-com-o-Estrategia\"><\/span>Estude para o vestibular com o Estrat&eacute;gia!<span class=\"ez-toc-section-end\"><\/span><\/h2><p class=\"wp-block-paragraph\">Para ter acesso completo a conte&uacute;dos e explica&ccedil;&otilde;es sobre os mais diversos temas de vestibular e se preparar de forma organizada e eficaz para sua prova, acesse aqui no banner abaixo!<\/p><p class=\"wp-block-paragraph\"><a id=\"cta\" class=\"cta-imagem\" href=\"https:\/\/vestibulares.estrategia.com\/cursos\/\" target=\"blank\">\n                <img decoding=\"async\" width=\"100%\" src=\"https:\/\/vestibulares.estrategia.com\/portal\/wp-content\/uploads\/2021\/12\/EV1.jpg\" alt=\"CTA - Estrat\u00e9gia Vestibulares 1\" title=\"CTA - Estrat\u00e9gia Vestibulares 1\">\n        <\/a>\n\n\n\n<\/p><p class=\"wp-block-paragraph\"><\/p><\/p>\n","protected":false},"excerpt":{"rendered":"Aprenda mais sobre o comportamento da radia\u00e7\u00e3o t\u00e9rmica e sobre como ela influenciou na f\u00edsica moderna permitindo novas descobertas.\n","protected":false},"author":61,"featured_media":159781,"comment_status":"closed","ping_status":"closed","sticky":false,"template":"","format":"standard","meta":{"wl_entities_gutenberg":"","footnotes":""},"categories":[28],"tags":[],"wl_entity_type":[732],"class_list":["post-159775","post","type-post","status-publish","format-standard","has-post-thumbnail","category-fisica","wl_entity_type-article"],"acf":[],"yoast_head":"<!-- This site is optimized with the Yoast SEO Premium plugin v25.9 (Yoast SEO v28.2) - https:\/\/yoast.com\/product\/yoast-seo-premium-wordpress\/ -->\n<title>Lei de Wien: comportamento t\u00e9rmico da radia\u00e7\u00e3o<\/title>\n<meta name=\"description\" content=\"Aprenda mais sobre o comportamento da radia\u00e7\u00e3o t\u00e9rmica e sobre como ela influenciou na f\u00edsica moderna permitindo novas descobertas.\" \/>\n<meta name=\"robots\" content=\"index, follow, max-snippet:-1, max-image-preview:large, max-video-preview:-1\" \/>\n<link rel=\"canonical\" href=\"https:\/\/vestibulares.estrategia.com\/portal\/materias\/fisica\/lei-de-wien-comportamento-termico-da-radiacao\/\" \/>\n<meta property=\"og:locale\" content=\"pt_BR\" \/>\n<meta property=\"og:type\" content=\"article\" \/>\n<meta property=\"og:title\" content=\"Lei de Wien: comportamento t\u00e9rmico da radia\u00e7\u00e3o\" \/>\n<meta property=\"og:description\" content=\"Aprenda mais sobre o comportamento da radia\u00e7\u00e3o t\u00e9rmica e sobre como ela influenciou na f\u00edsica moderna permitindo novas descobertas.\" \/>\n<meta property=\"og:url\" content=\"https:\/\/vestibulares.estrategia.com\/portal\/materias\/fisica\/lei-de-wien-comportamento-termico-da-radiacao\/\" \/>\n<meta property=\"og:site_name\" content=\"Estrat\u00e9gia Vestibulares\" \/>\n<meta property=\"article:publisher\" content=\"https:\/\/facebook.com\/estrategiavestibulares\" \/>\n<meta property=\"article:published_time\" content=\"2026-08-31T12:36:00+00:00\" \/>\n<meta property=\"article:modified_time\" content=\"2026-08-31T12:36:59+00:00\" \/>\n<meta property=\"og:image\" content=\"https:\/\/vestibulares.estrategia.com\/portal\/wp-content\/uploads\/2026\/08\/pexels-cheyenne-olander-188976496-39281476.jpg\" \/>\n\t<meta property=\"og:image:width\" content=\"1280\" \/>\n\t<meta property=\"og:image:height\" content=\"853\" \/>\n\t<meta property=\"og:image:type\" content=\"image\/jpeg\" \/>\n<meta name=\"author\" content=\"Caiky Pinheiro\" \/>\n<meta name=\"twitter:card\" content=\"summary_large_image\" \/>\n<meta name=\"twitter:creator\" content=\"@Estrategiavest\" \/>\n<meta name=\"twitter:site\" content=\"@Estrategiavest\" \/>\n<meta name=\"twitter:label1\" content=\"Escrito por\" \/>\n\t<meta name=\"twitter:data1\" content=\"Caiky Pinheiro\" \/>\n\t<meta name=\"twitter:label2\" content=\"Est. tempo de leitura\" \/>\n\t<meta name=\"twitter:data2\" content=\"8 minutos\" \/>\n<script type=\"application\/ld+json\" class=\"yoast-schema-graph\">{\"@context\":\"https:\\\/\\\/schema.org\",\"@graph\":[{\"@type\":\"Article\",\"@id\":\"https:\\\/\\\/vestibulares.estrategia.com\\\/portal\\\/materias\\\/fisica\\\/lei-de-wien-comportamento-termico-da-radiacao\\\/#article\",\"isPartOf\":{\"@id\":\"https:\\\/\\\/vestibulares.estrategia.com\\\/portal\\\/materias\\\/fisica\\\/lei-de-wien-comportamento-termico-da-radiacao\\\/\"},\"author\":{\"name\":\"Caiky Pinheiro\",\"@id\":\"https:\\\/\\\/vestibulares.estrategia.com\\\/portal\\\/#\\\/schema\\\/person\\\/c7f508351071581779a499fb483e23ed\"},\"headline\":\"Lei de Wien: comportamento t\u00e9rmico da radia\u00e7\u00e3o\",\"datePublished\":\"2026-08-31T12:36:00+00:00\",\"dateModified\":\"2026-08-31T12:36:59+00:00\",\"mainEntityOfPage\":{\"@id\":\"https:\\\/\\\/vestibulares.estrategia.com\\\/portal\\\/materias\\\/fisica\\\/lei-de-wien-comportamento-termico-da-radiacao\\\/\"},\"wordCount\":1513,\"publisher\":{\"@id\":\"https:\\\/\\\/vestibulares.estrategia.com\\\/portal\\\/#organization\"},\"image\":{\"@id\":\"https:\\\/\\\/vestibulares.estrategia.com\\\/portal\\\/materias\\\/fisica\\\/lei-de-wien-comportamento-termico-da-radiacao\\\/#primaryimage\"},\"thumbnailUrl\":\"https:\\\/\\\/vestibulares.estrategia.com\\\/portal\\\/wp-content\\\/uploads\\\/2026\\\/08\\\/pexels-cheyenne-olander-188976496-39281476.jpg\",\"articleSection\":[\"F\u00edsica\"],\"inLanguage\":\"pt-BR\"},{\"@type\":\"WebPage\",\"@id\":\"https:\\\/\\\/vestibulares.estrategia.com\\\/portal\\\/materias\\\/fisica\\\/lei-de-wien-comportamento-termico-da-radiacao\\\/\",\"url\":\"https:\\\/\\\/vestibulares.estrategia.com\\\/portal\\\/materias\\\/fisica\\\/lei-de-wien-comportamento-termico-da-radiacao\\\/\",\"name\":\"Lei de Wien: comportamento t\u00e9rmico da radia\u00e7\u00e3o\",\"isPartOf\":{\"@id\":\"https:\\\/\\\/vestibulares.estrategia.com\\\/portal\\\/#website\"},\"primaryImageOfPage\":{\"@id\":\"https:\\\/\\\/vestibulares.estrategia.com\\\/portal\\\/materias\\\/fisica\\\/lei-de-wien-comportamento-termico-da-radiacao\\\/#primaryimage\"},\"image\":{\"@id\":\"https:\\\/\\\/vestibulares.estrategia.com\\\/portal\\\/materias\\\/fisica\\\/lei-de-wien-comportamento-termico-da-radiacao\\\/#primaryimage\"},\"thumbnailUrl\":\"https:\\\/\\\/vestibulares.estrategia.com\\\/portal\\\/wp-content\\\/uploads\\\/2026\\\/08\\\/pexels-cheyenne-olander-188976496-39281476.jpg\",\"datePublished\":\"2026-08-31T12:36:00+00:00\",\"dateModified\":\"2026-08-31T12:36:59+00:00\",\"description\":\"Aprenda mais sobre o comportamento da radia\u00e7\u00e3o t\u00e9rmica e sobre como ela influenciou na f\u00edsica moderna permitindo novas descobertas.\",\"breadcrumb\":{\"@id\":\"https:\\\/\\\/vestibulares.estrategia.com\\\/portal\\\/materias\\\/fisica\\\/lei-de-wien-comportamento-termico-da-radiacao\\\/#breadcrumb\"},\"inLanguage\":\"pt-BR\",\"potentialAction\":[{\"@type\":\"ReadAction\",\"target\":[\"https:\\\/\\\/vestibulares.estrategia.com\\\/portal\\\/materias\\\/fisica\\\/lei-de-wien-comportamento-termico-da-radiacao\\\/\"]}]},{\"@type\":\"ImageObject\",\"inLanguage\":\"pt-BR\",\"@id\":\"https:\\\/\\\/vestibulares.estrategia.com\\\/portal\\\/materias\\\/fisica\\\/lei-de-wien-comportamento-termico-da-radiacao\\\/#primaryimage\",\"url\":\"https:\\\/\\\/vestibulares.estrategia.com\\\/portal\\\/wp-content\\\/uploads\\\/2026\\\/08\\\/pexels-cheyenne-olander-188976496-39281476.jpg\",\"contentUrl\":\"https:\\\/\\\/vestibulares.estrategia.com\\\/portal\\\/wp-content\\\/uploads\\\/2026\\\/08\\\/pexels-cheyenne-olander-188976496-39281476.jpg\",\"width\":1280,\"height\":853,\"caption\":\"lei-de-wien-comportamento-termico-radia\u00e7\u00e3o-vestibulares\"},{\"@type\":\"BreadcrumbList\",\"@id\":\"https:\\\/\\\/vestibulares.estrategia.com\\\/portal\\\/materias\\\/fisica\\\/lei-de-wien-comportamento-termico-da-radiacao\\\/#breadcrumb\",\"itemListElement\":[{\"@type\":\"ListItem\",\"position\":1,\"name\":\"Home\",\"item\":\"https:\\\/\\\/vestibulares.estrategia.com\\\/portal\\\/\"},{\"@type\":\"ListItem\",\"position\":2,\"name\":\"Mat\u00e9rias\",\"item\":\"https:\\\/\\\/vestibulares.estrategia.com\\\/portal\\\/materias\\\/\"},{\"@type\":\"ListItem\",\"position\":3,\"name\":\"F\u00edsica\",\"item\":\"https:\\\/\\\/vestibulares.estrategia.com\\\/portal\\\/materias\\\/fisica\\\/\"},{\"@type\":\"ListItem\",\"position\":4,\"name\":\"Lei de Wien: comportamento t\u00e9rmico da radia\u00e7\u00e3o\"}]},{\"@type\":\"WebSite\",\"@id\":\"https:\\\/\\\/vestibulares.estrategia.com\\\/portal\\\/#website\",\"url\":\"https:\\\/\\\/vestibulares.estrategia.com\\\/portal\\\/\",\"name\":\"Estrat\u00e9gia Vestibulares\",\"description\":\"\",\"publisher\":{\"@id\":\"https:\\\/\\\/vestibulares.estrategia.com\\\/portal\\\/#organization\"},\"potentialAction\":[{\"@type\":\"SearchAction\",\"target\":{\"@type\":\"EntryPoint\",\"urlTemplate\":\"https:\\\/\\\/vestibulares.estrategia.com\\\/portal\\\/?s={search_term_string}\"},\"query-input\":{\"@type\":\"PropertyValueSpecification\",\"valueRequired\":true,\"valueName\":\"search_term_string\"}}],\"inLanguage\":\"pt-BR\"},{\"@type\":\"Organization\",\"@id\":\"https:\\\/\\\/vestibulares.estrategia.com\\\/portal\\\/#organization\",\"name\":\"Estrat\u00e9gia Vestibulares\",\"url\":\"https:\\\/\\\/vestibulares.estrategia.com\\\/portal\\\/\",\"logo\":{\"@type\":\"ImageObject\",\"inLanguage\":\"pt-BR\",\"@id\":\"https:\\\/\\\/vestibulares.estrategia.com\\\/portal\\\/#\\\/schema\\\/logo\\\/image\\\/\",\"url\":\"https:\\\/\\\/vestibulares.estrategia.com\\\/portal\\\/wp-content\\\/uploads\\\/2021\\\/06\\\/Logo-Vestibulares@4x.png\",\"contentUrl\":\"https:\\\/\\\/vestibulares.estrategia.com\\\/portal\\\/wp-content\\\/uploads\\\/2021\\\/06\\\/Logo-Vestibulares@4x.png\",\"width\":250,\"height\":66,\"caption\":\"Estrat\u00e9gia Vestibulares\"},\"image\":{\"@id\":\"https:\\\/\\\/vestibulares.estrategia.com\\\/portal\\\/#\\\/schema\\\/logo\\\/image\\\/\"},\"sameAs\":[\"https:\\\/\\\/facebook.com\\\/estrategiavestibulares\",\"https:\\\/\\\/x.com\\\/Estrategiavest\",\"https:\\\/\\\/www.instagram.com\\\/estrategiavestibulares\",\"https:\\\/\\\/www.youtube.com\\\/channel\\\/UCGWdZy8ULI-7_5GrABa4vNA\"]},{\"@type\":\"Person\",\"@id\":\"https:\\\/\\\/vestibulares.estrategia.com\\\/portal\\\/#\\\/schema\\\/person\\\/c7f508351071581779a499fb483e23ed\",\"name\":\"Caiky Pinheiro\",\"image\":{\"@type\":\"ImageObject\",\"inLanguage\":\"pt-BR\",\"@id\":\"https:\\\/\\\/secure.gravatar.com\\\/avatar\\\/581b7703750b5199213f75080312fb21d4d9c345c3b6da1512bfca922df89180?s=96&d=mm&r=g\",\"url\":\"https:\\\/\\\/secure.gravatar.com\\\/avatar\\\/581b7703750b5199213f75080312fb21d4d9c345c3b6da1512bfca922df89180?s=96&d=mm&r=g\",\"contentUrl\":\"https:\\\/\\\/secure.gravatar.com\\\/avatar\\\/581b7703750b5199213f75080312fb21d4d9c345c3b6da1512bfca922df89180?s=96&d=mm&r=g\",\"caption\":\"Caiky Pinheiro\"},\"description\":\"Redator do Portal Estrat\u00e9gia Vestibulares e estudante de Matem\u00e1tica Aplicada na Unicamp.\",\"url\":\"https:\\\/\\\/vestibulares.estrategia.com\\\/portal\\\/author\\\/caiky-pinheiro\\\/\"}]}<\/script>\n<!-- \/ Yoast SEO Premium plugin. -->","yoast_head_json":{"title":"Lei de Wien: comportamento t\u00e9rmico da radia\u00e7\u00e3o","description":"Aprenda mais sobre o comportamento da radia\u00e7\u00e3o t\u00e9rmica e sobre como ela influenciou na f\u00edsica moderna permitindo novas descobertas.","robots":{"index":"index","follow":"follow","max-snippet":"max-snippet:-1","max-image-preview":"max-image-preview:large","max-video-preview":"max-video-preview:-1"},"canonical":"https:\/\/vestibulares.estrategia.com\/portal\/materias\/fisica\/lei-de-wien-comportamento-termico-da-radiacao\/","og_locale":"pt_BR","og_type":"article","og_title":"Lei de Wien: comportamento t\u00e9rmico da radia\u00e7\u00e3o","og_description":"Aprenda mais sobre o comportamento da radia\u00e7\u00e3o t\u00e9rmica e sobre como ela influenciou na f\u00edsica moderna permitindo novas descobertas.","og_url":"https:\/\/vestibulares.estrategia.com\/portal\/materias\/fisica\/lei-de-wien-comportamento-termico-da-radiacao\/","og_site_name":"Estrat\u00e9gia Vestibulares","article_publisher":"https:\/\/facebook.com\/estrategiavestibulares","article_published_time":"2026-08-31T12:36:00+00:00","article_modified_time":"2026-08-31T12:36:59+00:00","og_image":[{"width":1280,"height":853,"url":"https:\/\/vestibulares.estrategia.com\/portal\/wp-content\/uploads\/2026\/08\/pexels-cheyenne-olander-188976496-39281476.jpg","type":"image\/jpeg"}],"author":"Caiky Pinheiro","twitter_card":"summary_large_image","twitter_creator":"@Estrategiavest","twitter_site":"@Estrategiavest","twitter_misc":{"Escrito por":"Caiky Pinheiro","Est. tempo de leitura":"8 minutos"},"schema":{"@context":"https:\/\/schema.org","@graph":[{"@type":"Article","@id":"https:\/\/vestibulares.estrategia.com\/portal\/materias\/fisica\/lei-de-wien-comportamento-termico-da-radiacao\/#article","isPartOf":{"@id":"https:\/\/vestibulares.estrategia.com\/portal\/materias\/fisica\/lei-de-wien-comportamento-termico-da-radiacao\/"},"author":{"name":"Caiky Pinheiro","@id":"https:\/\/vestibulares.estrategia.com\/portal\/#\/schema\/person\/c7f508351071581779a499fb483e23ed"},"headline":"Lei de Wien: comportamento t\u00e9rmico da radia\u00e7\u00e3o","datePublished":"2026-08-31T12:36:00+00:00","dateModified":"2026-08-31T12:36:59+00:00","mainEntityOfPage":{"@id":"https:\/\/vestibulares.estrategia.com\/portal\/materias\/fisica\/lei-de-wien-comportamento-termico-da-radiacao\/"},"wordCount":1513,"publisher":{"@id":"https:\/\/vestibulares.estrategia.com\/portal\/#organization"},"image":{"@id":"https:\/\/vestibulares.estrategia.com\/portal\/materias\/fisica\/lei-de-wien-comportamento-termico-da-radiacao\/#primaryimage"},"thumbnailUrl":"https:\/\/vestibulares.estrategia.com\/portal\/wp-content\/uploads\/2026\/08\/pexels-cheyenne-olander-188976496-39281476.jpg","articleSection":["F\u00edsica"],"inLanguage":"pt-BR"},{"@type":"WebPage","@id":"https:\/\/vestibulares.estrategia.com\/portal\/materias\/fisica\/lei-de-wien-comportamento-termico-da-radiacao\/","url":"https:\/\/vestibulares.estrategia.com\/portal\/materias\/fisica\/lei-de-wien-comportamento-termico-da-radiacao\/","name":"Lei de Wien: comportamento t\u00e9rmico da radia\u00e7\u00e3o","isPartOf":{"@id":"https:\/\/vestibulares.estrategia.com\/portal\/#website"},"primaryImageOfPage":{"@id":"https:\/\/vestibulares.estrategia.com\/portal\/materias\/fisica\/lei-de-wien-comportamento-termico-da-radiacao\/#primaryimage"},"image":{"@id":"https:\/\/vestibulares.estrategia.com\/portal\/materias\/fisica\/lei-de-wien-comportamento-termico-da-radiacao\/#primaryimage"},"thumbnailUrl":"https:\/\/vestibulares.estrategia.com\/portal\/wp-content\/uploads\/2026\/08\/pexels-cheyenne-olander-188976496-39281476.jpg","datePublished":"2026-08-31T12:36:00+00:00","dateModified":"2026-08-31T12:36:59+00:00","description":"Aprenda mais sobre o comportamento da radia\u00e7\u00e3o t\u00e9rmica e sobre como ela influenciou na f\u00edsica moderna permitindo novas descobertas.","breadcrumb":{"@id":"https:\/\/vestibulares.estrategia.com\/portal\/materias\/fisica\/lei-de-wien-comportamento-termico-da-radiacao\/#breadcrumb"},"inLanguage":"pt-BR","potentialAction":[{"@type":"ReadAction","target":["https:\/\/vestibulares.estrategia.com\/portal\/materias\/fisica\/lei-de-wien-comportamento-termico-da-radiacao\/"]}]},{"@type":"ImageObject","inLanguage":"pt-BR","@id":"https:\/\/vestibulares.estrategia.com\/portal\/materias\/fisica\/lei-de-wien-comportamento-termico-da-radiacao\/#primaryimage","url":"https:\/\/vestibulares.estrategia.com\/portal\/wp-content\/uploads\/2026\/08\/pexels-cheyenne-olander-188976496-39281476.jpg","contentUrl":"https:\/\/vestibulares.estrategia.com\/portal\/wp-content\/uploads\/2026\/08\/pexels-cheyenne-olander-188976496-39281476.jpg","width":1280,"height":853,"caption":"lei-de-wien-comportamento-termico-radia\u00e7\u00e3o-vestibulares"},{"@type":"BreadcrumbList","@id":"https:\/\/vestibulares.estrategia.com\/portal\/materias\/fisica\/lei-de-wien-comportamento-termico-da-radiacao\/#breadcrumb","itemListElement":[{"@type":"ListItem","position":1,"name":"Home","item":"https:\/\/vestibulares.estrategia.com\/portal\/"},{"@type":"ListItem","position":2,"name":"Mat\u00e9rias","item":"https:\/\/vestibulares.estrategia.com\/portal\/materias\/"},{"@type":"ListItem","position":3,"name":"F\u00edsica","item":"https:\/\/vestibulares.estrategia.com\/portal\/materias\/fisica\/"},{"@type":"ListItem","position":4,"name":"Lei de Wien: comportamento t\u00e9rmico da radia\u00e7\u00e3o"}]},{"@type":"WebSite","@id":"https:\/\/vestibulares.estrategia.com\/portal\/#website","url":"https:\/\/vestibulares.estrategia.com\/portal\/","name":"Estrat\u00e9gia Vestibulares","description":"","publisher":{"@id":"https:\/\/vestibulares.estrategia.com\/portal\/#organization"},"potentialAction":[{"@type":"SearchAction","target":{"@type":"EntryPoint","urlTemplate":"https:\/\/vestibulares.estrategia.com\/portal\/?s={search_term_string}"},"query-input":{"@type":"PropertyValueSpecification","valueRequired":true,"valueName":"search_term_string"}}],"inLanguage":"pt-BR"},{"@type":"Organization","@id":"https:\/\/vestibulares.estrategia.com\/portal\/#organization","name":"Estrat\u00e9gia Vestibulares","url":"https:\/\/vestibulares.estrategia.com\/portal\/","logo":{"@type":"ImageObject","inLanguage":"pt-BR","@id":"https:\/\/vestibulares.estrategia.com\/portal\/#\/schema\/logo\/image\/","url":"https:\/\/vestibulares.estrategia.com\/portal\/wp-content\/uploads\/2021\/06\/Logo-Vestibulares@4x.png","contentUrl":"https:\/\/vestibulares.estrategia.com\/portal\/wp-content\/uploads\/2021\/06\/Logo-Vestibulares@4x.png","width":250,"height":66,"caption":"Estrat\u00e9gia Vestibulares"},"image":{"@id":"https:\/\/vestibulares.estrategia.com\/portal\/#\/schema\/logo\/image\/"},"sameAs":["https:\/\/facebook.com\/estrategiavestibulares","https:\/\/x.com\/Estrategiavest","https:\/\/www.instagram.com\/estrategiavestibulares","https:\/\/www.youtube.com\/channel\/UCGWdZy8ULI-7_5GrABa4vNA"]},{"@type":"Person","@id":"https:\/\/vestibulares.estrategia.com\/portal\/#\/schema\/person\/c7f508351071581779a499fb483e23ed","name":"Caiky Pinheiro","image":{"@type":"ImageObject","inLanguage":"pt-BR","@id":"https:\/\/secure.gravatar.com\/avatar\/581b7703750b5199213f75080312fb21d4d9c345c3b6da1512bfca922df89180?s=96&d=mm&r=g","url":"https:\/\/secure.gravatar.com\/avatar\/581b7703750b5199213f75080312fb21d4d9c345c3b6da1512bfca922df89180?s=96&d=mm&r=g","contentUrl":"https:\/\/secure.gravatar.com\/avatar\/581b7703750b5199213f75080312fb21d4d9c345c3b6da1512bfca922df89180?s=96&d=mm&r=g","caption":"Caiky Pinheiro"},"description":"Redator do Portal Estrat\u00e9gia Vestibulares e estudante de Matem\u00e1tica Aplicada na Unicamp.","url":"https:\/\/vestibulares.estrategia.com\/portal\/author\/caiky-pinheiro\/"}]}},"_wl_alt_label":[],"wl:entity_url":"https:\/\/data.wordlift.io\/wl110249\/post\/lei-de-wien-o-comportamento-termico-da-radiacao-e-a-fisica-moderna-159775","_links":{"self":[{"href":"https:\/\/vestibulares.estrategia.com\/portal\/wp-json\/wp\/v2\/posts\/159775","targetHints":{"allow":["GET"]}}],"collection":[{"href":"https:\/\/vestibulares.estrategia.com\/portal\/wp-json\/wp\/v2\/posts"}],"about":[{"href":"https:\/\/vestibulares.estrategia.com\/portal\/wp-json\/wp\/v2\/types\/post"}],"author":[{"embeddable":true,"href":"https:\/\/vestibulares.estrategia.com\/portal\/wp-json\/wp\/v2\/users\/61"}],"replies":[{"embeddable":true,"href":"https:\/\/vestibulares.estrategia.com\/portal\/wp-json\/wp\/v2\/comments?post=159775"}],"version-history":[{"count":3,"href":"https:\/\/vestibulares.estrategia.com\/portal\/wp-json\/wp\/v2\/posts\/159775\/revisions"}],"predecessor-version":[{"id":159784,"href":"https:\/\/vestibulares.estrategia.com\/portal\/wp-json\/wp\/v2\/posts\/159775\/revisions\/159784"}],"wp:featuredmedia":[{"embeddable":true,"href":"https:\/\/vestibulares.estrategia.com\/portal\/wp-json\/wp\/v2\/media\/159781"}],"wp:attachment":[{"href":"https:\/\/vestibulares.estrategia.com\/portal\/wp-json\/wp\/v2\/media?parent=159775"}],"wp:term":[{"taxonomy":"category","embeddable":true,"href":"https:\/\/vestibulares.estrategia.com\/portal\/wp-json\/wp\/v2\/categories?post=159775"},{"taxonomy":"post_tag","embeddable":true,"href":"https:\/\/vestibulares.estrategia.com\/portal\/wp-json\/wp\/v2\/tags?post=159775"},{"taxonomy":"wl_entity_type","embeddable":true,"href":"https:\/\/vestibulares.estrategia.com\/portal\/wp-json\/wp\/v2\/wl_entity_type?post=159775"}],"curies":[{"name":"wp","href":"https:\/\/api.w.org\/{rel}","templated":true}]}}