{"id":159849,"date":"2026-09-03T18:34:03","date_gmt":"2026-09-03T21:34:03","guid":{"rendered":"https:\/\/vestibulares.estrategia.com\/portal\/?p=159849"},"modified":"2026-09-03T18:43:18","modified_gmt":"2026-09-03T21:43:18","slug":"encceja-2026-gabaritos-estao-disponiveis-acesse","status":"publish","type":"post","link":"https:\/\/vestibulares.estrategia.com\/portal\/noticias\/encceja-2026-gabaritos-estao-disponiveis-acesse\/","title":{"rendered":"Encceja 2026: gabaritos est\u00e3o dispon\u00edveis; acesse"},"content":{"rendered":"<p class=\"wp-block-paragraph\">O Instituto Nacional de Estudos e Pesquisas Educacionais An&iacute;sio Teixeira (Inep) divulgou nesta quinta-feira (03) os gabaritos do Exame Nacional para Certifica&ccedil;&atilde;o de Compet&ecirc;ncias de Jovens e Adultos (<a href=\"https:\/\/vestibulares.estrategia.com\/portal\/guias\/encceja-o-que-e\/\" target=\"_blank\">Encceja<\/a>) 2026. As provas dos n&iacute;veis fundamental e m&eacute;dio da aplica&ccedil;&atilde;o regular ocorreram no &uacute;ltimo dia 23 de agosto, em todo o Brasil.<p class=\"wp-block-paragraph\">O Encceja &eacute; destinado a jovens e adultos que n&atilde;o conclu&iacute;ram seus estudos na idade apropriada para cada n&iacute;vel de ensino, desde que tenham, no m&iacute;nimo, 15 anos completos para realizar a prova do Ensino Fundamental e, no m&iacute;nimo, 18 anos completos para a prova do Ensino M&eacute;dio, na data de realiza&ccedil;&atilde;o do Exame.<\/p><p class=\"wp-block-paragraph\"><a href=\"https:\/\/vestibulares.estrategia.com\/portal\/enem-e-vestibulares\/fazer-enem-encceja-mesmo-ano\/\">+ Posso fazer o Enem e o Encceja no mesmo ano?<\/a><br><a href=\"https:\/\/vestibulares.estrategia.com\/portal\/noticias\/tema-de-redacao-encceja-2026-veja-quais-temas-foram-escolhidos-para-a-prova\/\">+ Tema de reda&ccedil;&atilde;o Encceja 2026: veja quais temas foram escolhidos para a prova<\/a><\/p><p class=\"wp-block-paragraph\"><div class=\"cta-medio\" style=\"background-image: url(https:\/\/vestibulares.estrategia.com\/portal\/wp-content\/uploads\/2024\/08\/curso-encceja-estrategia-vestibulares-ctamedio.jpg);\"><h3>Pacote Encceja<\/h3> <p>Conhe\u00e7a nosso curso<\/p><div class=\"cta-botao\"><a id=\"cta-medio\" href=\"https:\/\/vestibulares.estrategia.com\/curso\/pacote-encceja\/\" target=\"_blank\" style=\"background:rgb(255,150,0)\">Saiba mais<\/a><\/div><\/div>\n\n\n\n<\/p><div id=\"ez-toc-container\" class=\"ez-toc-v2_0_86 counter-hierarchy ez-toc-counter ez-toc-transparent ez-toc-container-direction\">\n<div class=\"ez-toc-title-container\"><p class=\"ez-toc-title\" style=\"cursor:inherit\">Navegue pelo conte\u00fado<\/p>\n<\/div><nav><ul class='ez-toc-list ez-toc-list-level-1 ' ><li class='ez-toc-page-1 ez-toc-heading-level-2'><a class=\"ez-toc-link ez-toc-heading-1\" href=\"https:\/\/vestibulares.estrategia.com\/portal\/noticias\/encceja-2026-gabaritos-estao-disponiveis-acesse\/#Gabaritos-Encceja-2026\" >Gabaritos Encceja 2026<\/a><\/li><li class='ez-toc-page-1 ez-toc-heading-level-2'><a class=\"ez-toc-link ez-toc-heading-2\" href=\"https:\/\/vestibulares.estrategia.com\/portal\/noticias\/encceja-2026-gabaritos-estao-disponiveis-acesse\/#Calendario-Encceja-2026\" >Calend&aacute;rio Encceja 2026<\/a><\/li><li class='ez-toc-page-1 ez-toc-heading-level-2'><a class=\"ez-toc-link ez-toc-heading-3\" href=\"https:\/\/vestibulares.estrategia.com\/portal\/noticias\/encceja-2026-gabaritos-estao-disponiveis-acesse\/#Como-estudar-para-o-Encceja\" >Como estudar para o Encceja?<\/a><\/li><\/ul><\/nav><\/div>\n<h2 id=\"h-gabaritos-encceja-2026\" class=\"wp-block-heading\"><span class=\"ez-toc-section\" id=\"Gabaritos-Encceja-2026\"><\/span>Gabaritos Encceja 2026<span class=\"ez-toc-section-end\"><\/span><\/h2><p class=\"wp-block-paragraph\">Confira, a seguir, os gabaritos da aplica&ccedil;&atilde;o regular do Encceja 2026:<\/p><h3 id=\"h-ensino-fundamental\" class=\"wp-block-heading\">Ensino Fundamental<\/h3><ul class=\"wp-block-list\">\n<li><a rel=\"nofollow noopener noreferrer\" href=\"https:\/\/vestibulares.estrategia.com\/portal\/wp-content\/uploads\/2026\/09\/2026_GB_EF_ciencias_naturais.pdf\" target=\"_blank\">Gabarito Ci&ecirc;ncias Naturais<\/a>;<\/li>\n\n\n\n<li><a rel=\"nofollow noopener noreferrer\" href=\"https:\/\/vestibulares.estrategia.com\/portal\/wp-content\/uploads\/2026\/09\/2026_GB_EF_matematica.pdf\" target=\"_blank\">Gabarito Matem&aacute;tica<\/a>;<\/li>\n\n\n\n<li><a rel=\"nofollow noopener noreferrer\" href=\"https:\/\/vestibulares.estrategia.com\/portal\/wp-content\/uploads\/2026\/09\/2026_GB_EF_lingua_portuguesa.pdf\" target=\"_blank\">Gabarito L&iacute;ngua Portuguesa, L&iacute;ngua Estrangeira Moderna, Artes e Educa&ccedil;&atilde;o F&iacute;sica<\/a>;<\/li>\n\n\n\n<li><a rel=\"nofollow noopener noreferrer\" href=\"https:\/\/vestibulares.estrategia.com\/portal\/wp-content\/uploads\/2026\/09\/2026_GB_EF_historia_geografia.pdf\" target=\"_blank\">Gabarito Hist&oacute;ria e Geografia<\/a>.<\/li>\n<\/ul><h3 id=\"h-ensino-medio\" class=\"wp-block-heading\">Ensino M&eacute;dio<\/h3><ul class=\"wp-block-list\">\n<li><a rel=\"nofollow noopener noreferrer\" href=\"https:\/\/vestibulares.estrategia.com\/portal\/wp-content\/uploads\/2026\/09\/2026_GB_EM_ciencias_natureza.pdf\" target=\"_blank\">Gabarito Ci&ecirc;ncias da Natureza e suas Tecnologias<\/a>;<\/li>\n\n\n\n<li><a rel=\"nofollow noopener noreferrer\" href=\"https:\/\/vestibulares.estrategia.com\/portal\/wp-content\/uploads\/2026\/09\/2026_GB_EM_matematica.pdf\" target=\"_blank\">Gabarito Matem&aacute;tica e suas Tecnologias<\/a>;<\/li>\n\n\n\n<li><a rel=\"nofollow noopener noreferrer\" href=\"https:\/\/vestibulares.estrategia.com\/portal\/wp-content\/uploads\/2026\/09\/2026_GB_EM_linguagens.pdf\" target=\"_blank\">Gabarito Linguagens, C&oacute;digos e suas Tecnologias<\/a>;<\/li>\n\n\n\n<li><a rel=\"nofollow noopener noreferrer\" href=\"https:\/\/vestibulares.estrategia.com\/portal\/wp-content\/uploads\/2026\/09\/2026_GB_EM_ciencias_humanas.pdf\" target=\"_blank\">Gabarito Ci&ecirc;ncias Humanas e suas Tecnologias<\/a>.<\/li>\n<\/ul><p class=\"wp-block-paragraph\"><div id=\"new-form\">\n\t<form id=\"forms_layout\">\n\t<input type=\"hidden\" id=\"chave_de\" name=\"chave_de\" value=\"01_EVEST_LEADS_TOTAIS\" \/>\n\t\t<input type=\"hidden\" id=\"mid\" name=\"mid\" value=\"515008983\" \/>\n\t\t<input type=\"hidden\" id=\"Objetivo\" name=\"Objetivo\" value=\"Vestibulares\" \/>\n\t\t<input type=\"hidden\" id=\"Estado_de_Origem_do_IP\" name=\"Estado_de_Origem_do_IP\"  value=\"\" \/>\n\t\t<input type=\"hidden\" id=\"Cidade_de_Origem_do_IP\" name=\"Cidade_de_Origem_do_IP\" value=\"\" \/>\n\t\t<input type=\"hidden\" id=\"Modo_de_entrada\" name=\"Modo_de_entrada\" value=\"Portal\" \/>\n\t\t<input type=\"hidden\" id=\"Pagina_Origem\" name=\"Pagina_Origem\" value=\"\" \/>\n\n\t\t<div class=\"texto\">\n\t\t\t<h3 class=\"news\">Inscreva-se em nossa newsletter\ud83e\udd89<\/h3>\n\t\t\t<p>Receba dicas de estudo gratuitas e saiba em primeira m\u00e3o as novidades sobre o Enem, Sisu, Encceja, Fuvest e outros vestibulares!<\/p>\n\t\t<\/div>\n\t\t<div class=\"campos\">\n\t\t\t<div class=\"first_name labels\">\n\t\t\t\t<input type=\"text\" class=\"input_labels\" id=\"first_name\" name=\"Nome_Completo\" placeholder=\"Nome\" required \/>\n\t\t\t<\/div>\n\t\t\t<div class=\"email labels\">\n\t\t\t\t<input type=\"email\" class=\"input_labels\" id=\"email\" name=\"Email\" placeholder=\"E-mail\" required \/>\n\t\t\t<\/div>\n\t\t\t<button type=\"submit\" class=\"button_layout\">\n\t\t\t\t<div id=\"lblBotao\">Inscreva-se<\/div>\n\t\t\t\t<span id=\"divSpiner\" class=\"loader\" role=\"status\" style=\"display: none;\"><\/span>\t\n\t\t\t<\/button>\n\t\t<\/div><!-- \/campos -->\n\t\t\n\t\t<label class=\"container_checkbox\">Voc\u00ea concorda com a nossa\n\t\t\t<a class=\"politics_privacy_ahref\" target=\"_blank\" href=\"https:\/\/gratis.estrategiaconcursos.com.br\/politica-de-privacidade\/\">Pol\u00edtica de Privacidade<\/a> e aceita receber informa\u00e7\u00f5es adicionais do Estrat\u00e9gia Educacional.\n\t\t\t<input id=\"checkbox_layout\" type=\"checkbox\" checked=\"checked\" required \/>\n\t\t\t<span class=\"checkbox\"><\/span>\n\t\t<\/label>\n\t\t<div id=\"msg\"><\/div>\n\t\t<div id=\"error\" class=\"error\">\n\t\t<\/div>\n\t<\/form>\n<\/div><!-- \/new-form -->\n\n\n\n<\/p><h2 id=\"h-calendario-encceja-2026\" class=\"wp-block-heading\"><span class=\"ez-toc-section\" id=\"Calendario-Encceja-2026\"><\/span>Calend&aacute;rio Encceja 2026<span class=\"ez-toc-section-end\"><\/span><\/h2><ul class=\"wp-block-list\">\n<li><strong>Justificativa de aus&ecirc;ncia no Encceja 2026<\/strong><br>Per&iacute;odo de justificativa: 06 a 17\/04\/2026;<br>Resultado: 24\/04\/2026;<br>Recurso: 27\/04 a 01\/05\/2026;<br>Resultado do recurso: 03\/05\/2026;<\/li>\n\n\n\n<li><strong>Inscri&ccedil;&otilde;es:<\/strong>&nbsp;04 a 15\/05\/2026;<\/li>\n\n\n\n<li><strong>Ressarcimento:<\/strong>&nbsp;04 a 20\/05\/2026;<\/li>\n\n\n\n<li><strong>Atendimento Especializado e Tratamento pelo Nome Social<\/strong><br>Solicita&ccedil;&atilde;o:04 a 15\/05\/2026;<br>Resultado: 22\/05\/2026;<br>Recurso: 25 a 29\/05\/2026;<br>Resultado do recurso: 01\/06\/2026;<\/li>\n\n\n\n<li><strong>Aplica&ccedil;&atilde;o:<\/strong>&nbsp;23\/08\/2026;<\/li>\n\n\n\n<li><strong>Gabaritos:<\/strong>&nbsp;at&eacute; o 10&ordm; dia &uacute;til ap&oacute;s a aplica&ccedil;&atilde;o;<\/li>\n\n\n\n<li><strong>Resultado:<\/strong>&nbsp;14\/12\/2026.<\/li>\n<\/ul><h2 id=\"h-como-estudar-para-o-encceja\" class=\"wp-block-heading\"><span class=\"ez-toc-section\" id=\"Como-estudar-para-o-Encceja\"><\/span>Como estudar para o Encceja?<span class=\"ez-toc-section-end\"><\/span><\/h2><p class=\"wp-block-paragraph\">Para te ajudar, o<strong>&nbsp;Estrat&eacute;gia Vestibulares oferece diariamente aulas gratuitas no&nbsp;<a href=\"https:\/\/www.youtube.com\/channel\/UCGWdZy8ULI-7_5GrABa4vNA\" target=\"_blank\">YouTube<\/a><\/strong>&nbsp;sobre todas as mat&eacute;rias que caem no Enem e em diversos vestibulares brasileiros.<\/p><p class=\"wp-block-paragraph\">Al&eacute;m disso, para aqueles que querem investir nos estudos, a plataforma tamb&eacute;m oferece cursos preparat&oacute;rios para diversos vestibulares e para o Enem, com professores especialistas na prova e com diversos benef&iacute;cios. D&aacute; s&oacute; uma olhada:&nbsp;<\/p><ul class=\"wp-block-list\">\n<li>Curso com livros digitais;<\/li>\n\n\n\n<li>Corre&ccedil;&atilde;o ilimitada de&nbsp;<a href=\"https:\/\/vestibulares.estrategia.com\/portal\/enem-e-vestibulares\/vestibulares\/curso-de-redacao-para-o-vestibular-saiba-mais-detalhes-e-como-escolher-o-seu\/\" target=\"_blank\">reda&ccedil;&otilde;es<\/a>;<\/li>\n\n\n\n<li>F&oacute;rum de d&uacute;vidas;<\/li>\n\n\n\n<li><a href=\"https:\/\/vestibulares.estrategia.com\/portal\/eventos\/simulados-vestibulares\/\">Simulados&nbsp;<\/a>com quest&otilde;es in&eacute;ditas;<\/li>\n\n\n\n<li>Quest&otilde;es comentadas;<\/li>\n\n\n\n<li>Mapas mentais; e<\/li>\n\n\n\n<li>Entre muitas outras vantagens.<\/li>\n<\/ul><p class=\"wp-block-paragraph\">Ficou interessado? Assine o curso preparat&oacute;rio para o Encceja do Estrat&eacute;gia Vestibulares!<\/p><p class=\"wp-block-paragraph\"><a id=\"cta\" class=\"cta-imagem\" href=\"https:\/\/vestibulares.estrategia.com\/curso\/pacote-encceja\/\" target=\"blank\">\n                <img decoding=\"async\" width=\"100%\" src=\"https:\/\/vestibulares.estrategia.com\/portal\/wp-content\/uploads\/2021\/12\/Encceja.jpg\" alt=\"ENCCEJA - CTA\" title=\"Encceja\">\n        <\/a>\n\n\n\n<\/p><p class=\"wp-block-paragraph\"><\/p><p class=\"wp-block-paragraph\"><\/p><\/p>\n","protected":false},"excerpt":{"rendered":"As provas dos n\u00edveis fundamental e m\u00e9dio da aplica\u00e7\u00e3o regular ocorreram no \u00faltimo dia 23 de agosto\n","protected":false},"author":43,"featured_media":116540,"comment_status":"closed","ping_status":"closed","sticky":false,"template":"","format":"standard","meta":{"wl_entities_gutenberg":"","footnotes":""},"categories":[47],"tags":[],"wl_entity_type":[732],"class_list":["post-159849","post","type-post","status-publish","format-standard","has-post-thumbnail","category-noticias","wl_entity_type-article"],"acf":[],"yoast_head":"<!-- This site is optimized with the Yoast SEO Premium plugin v25.9 (Yoast SEO v28.2) - https:\/\/yoast.com\/product\/yoast-seo-premium-wordpress\/ -->\n<title>Encceja 2026: gabaritos est\u00e3o dispon\u00edveis; acesse<\/title>\n<meta name=\"description\" content=\"Confira os gabaritos das provas de Ensino M\u00e9dio e Ensino Fundamental do Encceja 2026, que foi realizado no final de agosto.\" \/>\n<meta name=\"robots\" content=\"index, follow, max-snippet:-1, max-image-preview:large, max-video-preview:-1\" \/>\n<link rel=\"canonical\" href=\"https:\/\/vestibulares.estrategia.com\/portal\/noticias\/encceja-2026-gabaritos-estao-disponiveis-acesse\/\" \/>\n<meta property=\"og:locale\" content=\"pt_BR\" \/>\n<meta property=\"og:type\" content=\"article\" \/>\n<meta property=\"og:title\" content=\"Encceja 2026: gabaritos est\u00e3o dispon\u00edveis; acesse\" \/>\n<meta property=\"og:description\" content=\"Confira os gabaritos das provas de Ensino M\u00e9dio e Ensino Fundamental do Encceja 2026, que foi realizado no final de agosto.\" \/>\n<meta property=\"og:url\" content=\"https:\/\/vestibulares.estrategia.com\/portal\/noticias\/encceja-2026-gabaritos-estao-disponiveis-acesse\/\" \/>\n<meta property=\"og:site_name\" content=\"Estrat\u00e9gia Vestibulares\" \/>\n<meta property=\"article:publisher\" content=\"https:\/\/facebook.com\/estrategiavestibulares\" \/>\n<meta property=\"article:published_time\" content=\"2026-09-03T21:34:03+00:00\" \/>\n<meta property=\"article:modified_time\" content=\"2026-09-03T21:43:18+00:00\" \/>\n<meta property=\"og:image\" content=\"https:\/\/vestibulares.estrategia.com\/portal\/wp-content\/uploads\/2024\/04\/encceja-ev.jpg\" \/>\n\t<meta property=\"og:image:width\" content=\"1280\" \/>\n\t<meta property=\"og:image:height\" content=\"720\" \/>\n\t<meta property=\"og:image:type\" content=\"image\/jpeg\" \/>\n<meta name=\"author\" content=\"Leonardo Del Sant\" \/>\n<meta name=\"twitter:card\" content=\"summary_large_image\" \/>\n<meta name=\"twitter:creator\" content=\"@Estrategiavest\" \/>\n<meta name=\"twitter:site\" content=\"@Estrategiavest\" \/>\n<meta name=\"twitter:label1\" content=\"Escrito por\" \/>\n\t<meta name=\"twitter:data1\" content=\"Leonardo Del Sant\" \/>\n\t<meta name=\"twitter:label2\" content=\"Est. tempo de leitura\" \/>\n\t<meta name=\"twitter:data2\" content=\"2 minutos\" \/>\n<script type=\"application\/ld+json\" class=\"yoast-schema-graph\">{\"@context\":\"https:\\\/\\\/schema.org\",\"@graph\":[{\"@type\":\"NewsArticle\",\"@id\":\"https:\\\/\\\/vestibulares.estrategia.com\\\/portal\\\/noticias\\\/encceja-2026-gabaritos-estao-disponiveis-acesse\\\/#article\",\"isPartOf\":{\"@id\":\"https:\\\/\\\/vestibulares.estrategia.com\\\/portal\\\/noticias\\\/encceja-2026-gabaritos-estao-disponiveis-acesse\\\/\"},\"author\":{\"name\":\"Leonardo Del Sant\",\"@id\":\"https:\\\/\\\/vestibulares.estrategia.com\\\/portal\\\/#\\\/schema\\\/person\\\/95532619fccae669187ec84703047908\"},\"headline\":\"Encceja 2026: gabaritos est\u00e3o dispon\u00edveis; acesse\",\"datePublished\":\"2026-09-03T21:34:03+00:00\",\"dateModified\":\"2026-09-03T21:43:18+00:00\",\"mainEntityOfPage\":{\"@id\":\"https:\\\/\\\/vestibulares.estrategia.com\\\/portal\\\/noticias\\\/encceja-2026-gabaritos-estao-disponiveis-acesse\\\/\"},\"wordCount\":403,\"publisher\":{\"@id\":\"https:\\\/\\\/vestibulares.estrategia.com\\\/portal\\\/#organization\"},\"image\":{\"@id\":\"https:\\\/\\\/vestibulares.estrategia.com\\\/portal\\\/noticias\\\/encceja-2026-gabaritos-estao-disponiveis-acesse\\\/#primaryimage\"},\"thumbnailUrl\":\"https:\\\/\\\/vestibulares.estrategia.com\\\/portal\\\/wp-content\\\/uploads\\\/2024\\\/04\\\/encceja-ev.jpg\",\"articleSection\":[\"Not\u00edcias\"],\"inLanguage\":\"pt-BR\"},{\"@type\":\"WebPage\",\"@id\":\"https:\\\/\\\/vestibulares.estrategia.com\\\/portal\\\/noticias\\\/encceja-2026-gabaritos-estao-disponiveis-acesse\\\/\",\"url\":\"https:\\\/\\\/vestibulares.estrategia.com\\\/portal\\\/noticias\\\/encceja-2026-gabaritos-estao-disponiveis-acesse\\\/\",\"name\":\"Encceja 2026: gabaritos est\u00e3o dispon\u00edveis; acesse\",\"isPartOf\":{\"@id\":\"https:\\\/\\\/vestibulares.estrategia.com\\\/portal\\\/#website\"},\"primaryImageOfPage\":{\"@id\":\"https:\\\/\\\/vestibulares.estrategia.com\\\/portal\\\/noticias\\\/encceja-2026-gabaritos-estao-disponiveis-acesse\\\/#primaryimage\"},\"image\":{\"@id\":\"https:\\\/\\\/vestibulares.estrategia.com\\\/portal\\\/noticias\\\/encceja-2026-gabaritos-estao-disponiveis-acesse\\\/#primaryimage\"},\"thumbnailUrl\":\"https:\\\/\\\/vestibulares.estrategia.com\\\/portal\\\/wp-content\\\/uploads\\\/2024\\\/04\\\/encceja-ev.jpg\",\"datePublished\":\"2026-09-03T21:34:03+00:00\",\"dateModified\":\"2026-09-03T21:43:18+00:00\",\"description\":\"Confira os gabaritos das provas de Ensino M\u00e9dio e Ensino Fundamental do Encceja 2026, que foi realizado no final de agosto.\",\"breadcrumb\":{\"@id\":\"https:\\\/\\\/vestibulares.estrategia.com\\\/portal\\\/noticias\\\/encceja-2026-gabaritos-estao-disponiveis-acesse\\\/#breadcrumb\"},\"inLanguage\":\"pt-BR\",\"potentialAction\":[{\"@type\":\"ReadAction\",\"target\":[\"https:\\\/\\\/vestibulares.estrategia.com\\\/portal\\\/noticias\\\/encceja-2026-gabaritos-estao-disponiveis-acesse\\\/\"]}]},{\"@type\":\"ImageObject\",\"inLanguage\":\"pt-BR\",\"@id\":\"https:\\\/\\\/vestibulares.estrategia.com\\\/portal\\\/noticias\\\/encceja-2026-gabaritos-estao-disponiveis-acesse\\\/#primaryimage\",\"url\":\"https:\\\/\\\/vestibulares.estrategia.com\\\/portal\\\/wp-content\\\/uploads\\\/2024\\\/04\\\/encceja-ev.jpg\",\"contentUrl\":\"https:\\\/\\\/vestibulares.estrategia.com\\\/portal\\\/wp-content\\\/uploads\\\/2024\\\/04\\\/encceja-ev.jpg\",\"width\":1280,\"height\":720,\"caption\":\"Encceja Estrat\u00e9gia Vestibulares\"},{\"@type\":\"BreadcrumbList\",\"@id\":\"https:\\\/\\\/vestibulares.estrategia.com\\\/portal\\\/noticias\\\/encceja-2026-gabaritos-estao-disponiveis-acesse\\\/#breadcrumb\",\"itemListElement\":[{\"@type\":\"ListItem\",\"position\":1,\"name\":\"Home\",\"item\":\"https:\\\/\\\/vestibulares.estrategia.com\\\/portal\\\/\"},{\"@type\":\"ListItem\",\"position\":2,\"name\":\"Not\u00edcias\",\"item\":\"https:\\\/\\\/vestibulares.estrategia.com\\\/portal\\\/noticias\\\/\"},{\"@type\":\"ListItem\",\"position\":3,\"name\":\"Encceja 2026: gabaritos est\u00e3o dispon\u00edveis; acesse\"}]},{\"@type\":\"WebSite\",\"@id\":\"https:\\\/\\\/vestibulares.estrategia.com\\\/portal\\\/#website\",\"url\":\"https:\\\/\\\/vestibulares.estrategia.com\\\/portal\\\/\",\"name\":\"Estrat\u00e9gia Vestibulares\",\"description\":\"\",\"publisher\":{\"@id\":\"https:\\\/\\\/vestibulares.estrategia.com\\\/portal\\\/#organization\"},\"potentialAction\":[{\"@type\":\"SearchAction\",\"target\":{\"@type\":\"EntryPoint\",\"urlTemplate\":\"https:\\\/\\\/vestibulares.estrategia.com\\\/portal\\\/?s={search_term_string}\"},\"query-input\":{\"@type\":\"PropertyValueSpecification\",\"valueRequired\":true,\"valueName\":\"search_term_string\"}}],\"inLanguage\":\"pt-BR\"},{\"@type\":\"Organization\",\"@id\":\"https:\\\/\\\/vestibulares.estrategia.com\\\/portal\\\/#organization\",\"name\":\"Estrat\u00e9gia Vestibulares\",\"url\":\"https:\\\/\\\/vestibulares.estrategia.com\\\/portal\\\/\",\"logo\":{\"@type\":\"ImageObject\",\"inLanguage\":\"pt-BR\",\"@id\":\"https:\\\/\\\/vestibulares.estrategia.com\\\/portal\\\/#\\\/schema\\\/logo\\\/image\\\/\",\"url\":\"https:\\\/\\\/vestibulares.estrategia.com\\\/portal\\\/wp-content\\\/uploads\\\/2021\\\/06\\\/Logo-Vestibulares@4x.png\",\"contentUrl\":\"https:\\\/\\\/vestibulares.estrategia.com\\\/portal\\\/wp-content\\\/uploads\\\/2021\\\/06\\\/Logo-Vestibulares@4x.png\",\"width\":250,\"height\":66,\"caption\":\"Estrat\u00e9gia Vestibulares\"},\"image\":{\"@id\":\"https:\\\/\\\/vestibulares.estrategia.com\\\/portal\\\/#\\\/schema\\\/logo\\\/image\\\/\"},\"sameAs\":[\"https:\\\/\\\/facebook.com\\\/estrategiavestibulares\",\"https:\\\/\\\/x.com\\\/Estrategiavest\",\"https:\\\/\\\/www.instagram.com\\\/estrategiavestibulares\",\"https:\\\/\\\/www.youtube.com\\\/channel\\\/UCGWdZy8ULI-7_5GrABa4vNA\"]},{\"@type\":\"Person\",\"@id\":\"https:\\\/\\\/vestibulares.estrategia.com\\\/portal\\\/#\\\/schema\\\/person\\\/95532619fccae669187ec84703047908\",\"name\":\"Leonardo Del Sant\",\"image\":{\"@type\":\"ImageObject\",\"inLanguage\":\"pt-BR\",\"@id\":\"https:\\\/\\\/vestibulares.estrategia.com\\\/portal\\\/wp-content\\\/uploads\\\/2026\\\/02\\\/1000082484-150x150.jpeg\",\"url\":\"https:\\\/\\\/vestibulares.estrategia.com\\\/portal\\\/wp-content\\\/uploads\\\/2026\\\/02\\\/1000082484-150x150.jpeg\",\"contentUrl\":\"https:\\\/\\\/vestibulares.estrategia.com\\\/portal\\\/wp-content\\\/uploads\\\/2026\\\/02\\\/1000082484-150x150.jpeg\",\"caption\":\"Leonardo Del Sant\"},\"description\":\"Coordenador de Jornalismo do Estrat\u00e9gia Vestibulares. Trabalhou com escrita para SEO em sites das \u00e1reas de economia, varejo, sa\u00fade, tecnologia e alimenta\u00e7\u00e3o. Formado em jornalismo pela Unesp\\\/Bauru.\",\"url\":\"https:\\\/\\\/vestibulares.estrategia.com\\\/portal\\\/author\\\/leonardo-del-sant\\\/\"}]}<\/script>\n<!-- \/ Yoast SEO Premium plugin. -->","yoast_head_json":{"title":"Encceja 2026: gabaritos est\u00e3o dispon\u00edveis; acesse","description":"Confira os gabaritos das provas de Ensino M\u00e9dio e Ensino Fundamental do Encceja 2026, que foi realizado no final de agosto.","robots":{"index":"index","follow":"follow","max-snippet":"max-snippet:-1","max-image-preview":"max-image-preview:large","max-video-preview":"max-video-preview:-1"},"canonical":"https:\/\/vestibulares.estrategia.com\/portal\/noticias\/encceja-2026-gabaritos-estao-disponiveis-acesse\/","og_locale":"pt_BR","og_type":"article","og_title":"Encceja 2026: gabaritos est\u00e3o dispon\u00edveis; acesse","og_description":"Confira os gabaritos das provas de Ensino M\u00e9dio e Ensino Fundamental do Encceja 2026, que foi realizado no final de agosto.","og_url":"https:\/\/vestibulares.estrategia.com\/portal\/noticias\/encceja-2026-gabaritos-estao-disponiveis-acesse\/","og_site_name":"Estrat\u00e9gia Vestibulares","article_publisher":"https:\/\/facebook.com\/estrategiavestibulares","article_published_time":"2026-09-03T21:34:03+00:00","article_modified_time":"2026-09-03T21:43:18+00:00","og_image":[{"width":1280,"height":720,"url":"https:\/\/vestibulares.estrategia.com\/portal\/wp-content\/uploads\/2024\/04\/encceja-ev.jpg","type":"image\/jpeg"}],"author":"Leonardo Del Sant","twitter_card":"summary_large_image","twitter_creator":"@Estrategiavest","twitter_site":"@Estrategiavest","twitter_misc":{"Escrito por":"Leonardo Del Sant","Est. tempo de leitura":"2 minutos"},"schema":{"@context":"https:\/\/schema.org","@graph":[{"@type":"NewsArticle","@id":"https:\/\/vestibulares.estrategia.com\/portal\/noticias\/encceja-2026-gabaritos-estao-disponiveis-acesse\/#article","isPartOf":{"@id":"https:\/\/vestibulares.estrategia.com\/portal\/noticias\/encceja-2026-gabaritos-estao-disponiveis-acesse\/"},"author":{"name":"Leonardo Del Sant","@id":"https:\/\/vestibulares.estrategia.com\/portal\/#\/schema\/person\/95532619fccae669187ec84703047908"},"headline":"Encceja 2026: gabaritos est\u00e3o dispon\u00edveis; acesse","datePublished":"2026-09-03T21:34:03+00:00","dateModified":"2026-09-03T21:43:18+00:00","mainEntityOfPage":{"@id":"https:\/\/vestibulares.estrategia.com\/portal\/noticias\/encceja-2026-gabaritos-estao-disponiveis-acesse\/"},"wordCount":403,"publisher":{"@id":"https:\/\/vestibulares.estrategia.com\/portal\/#organization"},"image":{"@id":"https:\/\/vestibulares.estrategia.com\/portal\/noticias\/encceja-2026-gabaritos-estao-disponiveis-acesse\/#primaryimage"},"thumbnailUrl":"https:\/\/vestibulares.estrategia.com\/portal\/wp-content\/uploads\/2024\/04\/encceja-ev.jpg","articleSection":["Not\u00edcias"],"inLanguage":"pt-BR"},{"@type":"WebPage","@id":"https:\/\/vestibulares.estrategia.com\/portal\/noticias\/encceja-2026-gabaritos-estao-disponiveis-acesse\/","url":"https:\/\/vestibulares.estrategia.com\/portal\/noticias\/encceja-2026-gabaritos-estao-disponiveis-acesse\/","name":"Encceja 2026: gabaritos est\u00e3o dispon\u00edveis; acesse","isPartOf":{"@id":"https:\/\/vestibulares.estrategia.com\/portal\/#website"},"primaryImageOfPage":{"@id":"https:\/\/vestibulares.estrategia.com\/portal\/noticias\/encceja-2026-gabaritos-estao-disponiveis-acesse\/#primaryimage"},"image":{"@id":"https:\/\/vestibulares.estrategia.com\/portal\/noticias\/encceja-2026-gabaritos-estao-disponiveis-acesse\/#primaryimage"},"thumbnailUrl":"https:\/\/vestibulares.estrategia.com\/portal\/wp-content\/uploads\/2024\/04\/encceja-ev.jpg","datePublished":"2026-09-03T21:34:03+00:00","dateModified":"2026-09-03T21:43:18+00:00","description":"Confira os gabaritos das provas de Ensino M\u00e9dio e Ensino Fundamental do Encceja 2026, que foi realizado no final de agosto.","breadcrumb":{"@id":"https:\/\/vestibulares.estrategia.com\/portal\/noticias\/encceja-2026-gabaritos-estao-disponiveis-acesse\/#breadcrumb"},"inLanguage":"pt-BR","potentialAction":[{"@type":"ReadAction","target":["https:\/\/vestibulares.estrategia.com\/portal\/noticias\/encceja-2026-gabaritos-estao-disponiveis-acesse\/"]}]},{"@type":"ImageObject","inLanguage":"pt-BR","@id":"https:\/\/vestibulares.estrategia.com\/portal\/noticias\/encceja-2026-gabaritos-estao-disponiveis-acesse\/#primaryimage","url":"https:\/\/vestibulares.estrategia.com\/portal\/wp-content\/uploads\/2024\/04\/encceja-ev.jpg","contentUrl":"https:\/\/vestibulares.estrategia.com\/portal\/wp-content\/uploads\/2024\/04\/encceja-ev.jpg","width":1280,"height":720,"caption":"Encceja Estrat\u00e9gia Vestibulares"},{"@type":"BreadcrumbList","@id":"https:\/\/vestibulares.estrategia.com\/portal\/noticias\/encceja-2026-gabaritos-estao-disponiveis-acesse\/#breadcrumb","itemListElement":[{"@type":"ListItem","position":1,"name":"Home","item":"https:\/\/vestibulares.estrategia.com\/portal\/"},{"@type":"ListItem","position":2,"name":"Not\u00edcias","item":"https:\/\/vestibulares.estrategia.com\/portal\/noticias\/"},{"@type":"ListItem","position":3,"name":"Encceja 2026: gabaritos est\u00e3o dispon\u00edveis; acesse"}]},{"@type":"WebSite","@id":"https:\/\/vestibulares.estrategia.com\/portal\/#website","url":"https:\/\/vestibulares.estrategia.com\/portal\/","name":"Estrat\u00e9gia Vestibulares","description":"","publisher":{"@id":"https:\/\/vestibulares.estrategia.com\/portal\/#organization"},"potentialAction":[{"@type":"SearchAction","target":{"@type":"EntryPoint","urlTemplate":"https:\/\/vestibulares.estrategia.com\/portal\/?s={search_term_string}"},"query-input":{"@type":"PropertyValueSpecification","valueRequired":true,"valueName":"search_term_string"}}],"inLanguage":"pt-BR"},{"@type":"Organization","@id":"https:\/\/vestibulares.estrategia.com\/portal\/#organization","name":"Estrat\u00e9gia Vestibulares","url":"https:\/\/vestibulares.estrategia.com\/portal\/","logo":{"@type":"ImageObject","inLanguage":"pt-BR","@id":"https:\/\/vestibulares.estrategia.com\/portal\/#\/schema\/logo\/image\/","url":"https:\/\/vestibulares.estrategia.com\/portal\/wp-content\/uploads\/2021\/06\/Logo-Vestibulares@4x.png","contentUrl":"https:\/\/vestibulares.estrategia.com\/portal\/wp-content\/uploads\/2021\/06\/Logo-Vestibulares@4x.png","width":250,"height":66,"caption":"Estrat\u00e9gia Vestibulares"},"image":{"@id":"https:\/\/vestibulares.estrategia.com\/portal\/#\/schema\/logo\/image\/"},"sameAs":["https:\/\/facebook.com\/estrategiavestibulares","https:\/\/x.com\/Estrategiavest","https:\/\/www.instagram.com\/estrategiavestibulares","https:\/\/www.youtube.com\/channel\/UCGWdZy8ULI-7_5GrABa4vNA"]},{"@type":"Person","@id":"https:\/\/vestibulares.estrategia.com\/portal\/#\/schema\/person\/95532619fccae669187ec84703047908","name":"Leonardo Del Sant","image":{"@type":"ImageObject","inLanguage":"pt-BR","@id":"https:\/\/vestibulares.estrategia.com\/portal\/wp-content\/uploads\/2026\/02\/1000082484-150x150.jpeg","url":"https:\/\/vestibulares.estrategia.com\/portal\/wp-content\/uploads\/2026\/02\/1000082484-150x150.jpeg","contentUrl":"https:\/\/vestibulares.estrategia.com\/portal\/wp-content\/uploads\/2026\/02\/1000082484-150x150.jpeg","caption":"Leonardo Del Sant"},"description":"Coordenador de Jornalismo do Estrat\u00e9gia Vestibulares. Trabalhou com escrita para SEO em sites das \u00e1reas de economia, varejo, sa\u00fade, tecnologia e alimenta\u00e7\u00e3o. Formado em jornalismo pela Unesp\/Bauru.","url":"https:\/\/vestibulares.estrategia.com\/portal\/author\/leonardo-del-sant\/"}]}},"_wl_alt_label":[],"wl:entity_url":"https:\/\/data.wordlift.io\/wl110249\/post\/encceja-2025-gabaritos-estao-disponiveis-acesse-159849","_links":{"self":[{"href":"https:\/\/vestibulares.estrategia.com\/portal\/wp-json\/wp\/v2\/posts\/159849","targetHints":{"allow":["GET"]}}],"collection":[{"href":"https:\/\/vestibulares.estrategia.com\/portal\/wp-json\/wp\/v2\/posts"}],"about":[{"href":"https:\/\/vestibulares.estrategia.com\/portal\/wp-json\/wp\/v2\/types\/post"}],"author":[{"embeddable":true,"href":"https:\/\/vestibulares.estrategia.com\/portal\/wp-json\/wp\/v2\/users\/43"}],"replies":[{"embeddable":true,"href":"https:\/\/vestibulares.estrategia.com\/portal\/wp-json\/wp\/v2\/comments?post=159849"}],"version-history":[{"count":3,"href":"https:\/\/vestibulares.estrategia.com\/portal\/wp-json\/wp\/v2\/posts\/159849\/revisions"}],"predecessor-version":[{"id":159863,"href":"https:\/\/vestibulares.estrategia.com\/portal\/wp-json\/wp\/v2\/posts\/159849\/revisions\/159863"}],"wp:featuredmedia":[{"embeddable":true,"href":"https:\/\/vestibulares.estrategia.com\/portal\/wp-json\/wp\/v2\/media\/116540"}],"wp:attachment":[{"href":"https:\/\/vestibulares.estrategia.com\/portal\/wp-json\/wp\/v2\/media?parent=159849"}],"wp:term":[{"taxonomy":"category","embeddable":true,"href":"https:\/\/vestibulares.estrategia.com\/portal\/wp-json\/wp\/v2\/categories?post=159849"},{"taxonomy":"post_tag","embeddable":true,"href":"https:\/\/vestibulares.estrategia.com\/portal\/wp-json\/wp\/v2\/tags?post=159849"},{"taxonomy":"wl_entity_type","embeddable":true,"href":"https:\/\/vestibulares.estrategia.com\/portal\/wp-json\/wp\/v2\/wl_entity_type?post=159849"}],"curies":[{"name":"wp","href":"https:\/\/api.w.org\/{rel}","templated":true}]}}