{"id":159881,"date":"2026-09-04T11:07:22","date_gmt":"2026-09-04T14:07:22","guid":{"rendered":"https:\/\/vestibulares.estrategia.com\/portal\/?p=159881"},"modified":"2026-09-04T11:07:25","modified_gmt":"2026-09-04T14:07:25","slug":"rascunho-unifor-edital-vestibular-2027-1","status":"publish","type":"post","link":"https:\/\/vestibulares.estrategia.com\/portal\/noticias\/rascunho-unifor-edital-vestibular-2027-1\/","title":{"rendered":"Unifor divulga edital do vestibular 2027\/1"},"content":{"rendered":"<p class=\"wp-block-paragraph\">A Universidade de Fortaleza (<a href=\"https:\/\/vestibulares.estrategia.com\/portal\/vestibulares\/vestibular-unifor\/\" target=\"_blank\">Unifor<\/a>)&nbsp;divulgou&nbsp;o edital do vestibular 2027\/1. Nesta edi&ccedil;&atilde;o do processo seletivo, s&atilde;o ofertadas 3.701 vagas em cursos de gradua&ccedil;&atilde;o, e os interessados poder&atilde;o concorrer por prova, usando as notas do Exame Nacional do Ensino M&eacute;dio (<a href=\"https:\/\/vestibulares.estrategia.com\/portal\/enem\/enem\/\" target=\"_blank\">Enem<\/a>) ou o Escore Unifor.<p class=\"wp-block-paragraph\"><div class=\"cta-medio\" style=\"background-image: url(https:\/\/vestibulares.estrategia.com\/portal\/wp-content\/uploads\/2024\/08\/curso-enem-e-vestibulares-2-estrategia-vestibulares-ctamedio.png.jpg);\"><h3>Pacote Vestibulares Platinum<\/h3><p>Conhe\u00e7a nosso curso<\/p><div class=\"cta-botao\"><a id=\"cta-medio\" href=\"https:\/\/vestibulares.estrategia.com\/curso\/vestibulares-platinum\/\" target=\"_blank\" style=\"background:rgb(255,150,0)\">Compre agora<\/a><\/div><\/div>\n\n\n\n<\/p><div id=\"ez-toc-container\" class=\"ez-toc-v2_0_86 counter-hierarchy ez-toc-counter ez-toc-transparent ez-toc-container-direction\">\n<div class=\"ez-toc-title-container\"><p class=\"ez-toc-title\" style=\"cursor:inherit\">Navegue pelo conte\u00fado<\/p>\n<\/div><nav><ul class='ez-toc-list ez-toc-list-level-1 ' ><li class='ez-toc-page-1 ez-toc-heading-level-2'><a class=\"ez-toc-link ez-toc-heading-1\" href=\"https:\/\/vestibulares.estrategia.com\/portal\/noticias\/rascunho-unifor-edital-vestibular-2027-1\/#Inscricoes\" >Inscri&ccedil;&otilde;es<\/a><\/li><li class='ez-toc-page-1 ez-toc-heading-level-2'><a class=\"ez-toc-link ez-toc-heading-2\" href=\"https:\/\/vestibulares.estrategia.com\/portal\/noticias\/rascunho-unifor-edital-vestibular-2027-1\/#Taxa-de-inscricao\" >Taxa de inscri&ccedil;&atilde;o<\/a><\/li><li class='ez-toc-page-1 ez-toc-heading-level-2'><a class=\"ez-toc-link ez-toc-heading-3\" href=\"https:\/\/vestibulares.estrategia.com\/portal\/noticias\/rascunho-unifor-edital-vestibular-2027-1\/#Formas-de-ingresso\" >Formas de ingresso<\/a><\/li><li class='ez-toc-page-1 ez-toc-heading-level-2'><a class=\"ez-toc-link ez-toc-heading-4\" href=\"https:\/\/vestibulares.estrategia.com\/portal\/noticias\/rascunho-unifor-edital-vestibular-2027-1\/#Calendario-Vestibular-Unifor-20271\" >Calend&aacute;rio Vestibular Unifor 2027\/1<\/a><\/li><\/ul><\/nav><\/div>\n<h2 id=\"h-inscricoes\" class=\"wp-block-heading\"><span class=\"ez-toc-section\" id=\"Inscricoes\"><\/span>Inscri&ccedil;&otilde;es<span class=\"ez-toc-section-end\"><\/span><\/h2><p class=\"wp-block-paragraph\">Para concorrer <strong>por prova<\/strong>, os candidatos poder&atilde;o realizar a inscri&ccedil;&atilde;o entre <strong>11 e 23 de setembro de 2026<\/strong>, at&eacute; as 23h59, exclusivamente pela internet, no site da Unifor.<\/p><p class=\"wp-block-paragraph\">J&aacute; as inscri&ccedil;&otilde;es para ingresso por <strong>nota do Enem ou Escore Unifor<\/strong> come&ccedil;am em <strong>21 de setembro de 2026<\/strong> e seguem enquanto houver vagas dispon&iacute;veis.<\/p><h2 id=\"h-taxa-de-inscricao\" class=\"wp-block-heading\"><span class=\"ez-toc-section\" id=\"Taxa-de-inscricao\"><\/span>Taxa de inscri&ccedil;&atilde;o<span class=\"ez-toc-section-end\"><\/span><\/h2><p class=\"wp-block-paragraph\">A inscri&ccedil;&atilde;o para concorrer pelas notas do <strong>Enem ou pelo Escore Unifor &eacute; gratuita<\/strong>. <\/p><p class=\"wp-block-paragraph\">Para quem optar pela modalidade de prova, a taxa &eacute; de <strong>R$ 54,00<\/strong> para os demais cursos de gradua&ccedil;&atilde;o e <strong>R$ 321,00<\/strong> para o curso de Medicina.<\/p><p class=\"wp-block-paragraph\">O valor pago pela inscri&ccedil;&atilde;o na prova ser&aacute; descontado da primeira mensalidade do primeiro semestre para os candidatos aprovados e matriculados.<\/p><h2 class=\"wp-block-heading\"><span class=\"ez-toc-section\" id=\"Formas-de-ingresso\"><\/span>Formas de ingresso<span class=\"ez-toc-section-end\"><\/span><\/h2><h3 class=\"wp-block-heading\">Prova<\/h3><p class=\"wp-block-paragraph\">A prova do Vestibular Unifor 2027\/1 ser&aacute; aplicada no dia <strong>27 de setembro de 2026, &agrave;s 8h<\/strong>, no campus da Universidade de Fortaleza.<\/p><p class=\"wp-block-paragraph\">A avalia&ccedil;&atilde;o ter&aacute; dura&ccedil;&atilde;o m&aacute;xima de <strong>4 horas e 30 minutos<\/strong> e ser&aacute; composta por <strong>60 quest&otilde;es objetivas e uma reda&ccedil;&atilde;o<\/strong>.<\/p><h3 class=\"wp-block-heading\">Nota do Enem<\/h3><p class=\"wp-block-paragraph\">Os candidatos poder&atilde;o utilizar notas das edi&ccedil;&otilde;es do <strong>Enem de 2009 a 2025<\/strong>, desde que tenham obtido pontua&ccedil;&atilde;o diferente de zero nas quatro &aacute;reas objetivas e na reda&ccedil;&atilde;o, al&eacute;m de <strong>m&eacute;dia m&iacute;nima de 350 pontos<\/strong>. N&atilde;o &eacute; poss&iacute;vel concorrer &agrave;s vagas de Medicina nesta modalidade.<\/p><h3 class=\"wp-block-heading\">Escore Unifor<\/h3><p class=\"wp-block-paragraph\">Tamb&eacute;m ser&aacute; poss&iacute;vel utilizar o desempenho obtido em processos seletivos anteriores da Unifor, realizados entre <strong>2017 e 2026<\/strong>.<\/p><p class=\"wp-block-paragraph\">Para isso, o candidato dever&aacute; ter sido classificado ou classific&aacute;vel e n&atilde;o ter realizado a matr&iacute;cula. A modalidade tamb&eacute;m n&atilde;o pode ser utilizada para concorrer &agrave;s vagas de Medicina.<\/p><h2 id=\"h-calendario-vestibular-unifor-2027-1\" class=\"wp-block-heading\"><span class=\"ez-toc-section\" id=\"Calendario-Vestibular-Unifor-20271\"><\/span>Calend&aacute;rio Vestibular Unifor 2027\/1<span class=\"ez-toc-section-end\"><\/span><\/h2><ul class=\"wp-block-list\">\n<li><strong>Inscri&ccedil;&otilde;es para prova:<\/strong> 11 a 23\/09\/2026;<\/li>\n\n\n\n<li><strong>Inscri&ccedil;&otilde;es por Enem\/Escore Unifor:<\/strong> a partir de 21\/09\/2026;<\/li>\n\n\n\n<li><strong>Solicita&ccedil;&atilde;o de atendimento especial:<\/strong> at&eacute; 21\/09\/2026, &agrave;s 20h;<\/li>\n\n\n\n<li><strong>Prova:<\/strong> 27\/09\/2026, &agrave;s 8h;<\/li>\n\n\n\n<li><strong>Resultado:<\/strong> <em>ainda sem data definida<\/em>.<\/li>\n<\/ul><p class=\"wp-block-paragraph\"><a id=\"cta\" class=\"cta-imagem\" href=\"https:\/\/vestibulares.estrategia.com\/cursos\/\" target=\"blank\">\n                <img decoding=\"async\" width=\"100%\" src=\"https:\/\/vestibulares.estrategia.com\/portal\/wp-content\/uploads\/2021\/12\/EV1.jpg\" alt=\"CTA - Estrat\u00e9gia Vestibulares 1\" title=\"CTA - Estrat\u00e9gia Vestibulares 1\">\n        <\/a>\n<\/p><\/p>\n","protected":false},"excerpt":{"rendered":"S\u00e3o ofertadas 3.701 vagas em cursos de gradua\u00e7\u00e3o, e os interessados poder\u00e3o concorrer por prova, usando as notas do Enem ou o Escore Unifor\n","protected":false},"author":69,"featured_media":106415,"comment_status":"closed","ping_status":"closed","sticky":false,"template":"","format":"standard","meta":{"footnotes":""},"categories":[47],"tags":[],"class_list":["post-159881","post","type-post","status-publish","format-standard","has-post-thumbnail","category-noticias"],"acf":[],"yoast_head":"<!-- This site is optimized with the Yoast SEO Premium plugin v25.9 (Yoast SEO v28.2) - https:\/\/yoast.com\/product\/yoast-seo-premium-wordpress\/ -->\n<title>Unifor divulga edital do vestibular 2027\/1<\/title>\n<meta name=\"description\" content=\"S\u00e3o ofertadas 3.701 vagas em cursos de gradua\u00e7\u00e3o, e os interessados poder\u00e3o concorrer por prova, usando as notas do Enem ou o Escore Unifor\" \/>\n<meta name=\"robots\" content=\"index, follow, max-snippet:-1, max-image-preview:large, max-video-preview:-1\" \/>\n<link rel=\"canonical\" href=\"https:\/\/vestibulares.estrategia.com\/portal\/noticias\/rascunho-unifor-edital-vestibular-2027-1\/\" \/>\n<meta property=\"og:locale\" content=\"pt_BR\" \/>\n<meta property=\"og:type\" content=\"article\" \/>\n<meta property=\"og:title\" content=\"Unifor divulga edital do vestibular 2027\/1\" \/>\n<meta property=\"og:description\" content=\"S\u00e3o ofertadas 3.701 vagas em cursos de gradua\u00e7\u00e3o, e os interessados poder\u00e3o concorrer por prova, usando as notas do Enem ou o Escore Unifor\" \/>\n<meta property=\"og:url\" content=\"https:\/\/vestibulares.estrategia.com\/portal\/noticias\/rascunho-unifor-edital-vestibular-2027-1\/\" \/>\n<meta property=\"og:site_name\" content=\"Estrat\u00e9gia Vestibulares\" \/>\n<meta property=\"article:publisher\" content=\"https:\/\/facebook.com\/estrategiavestibulares\" \/>\n<meta property=\"article:published_time\" content=\"2026-09-04T14:07:22+00:00\" \/>\n<meta property=\"article:modified_time\" content=\"2026-09-04T14:07:25+00:00\" \/>\n<meta property=\"og:image\" content=\"https:\/\/vestibulares.estrategia.com\/portal\/wp-content\/uploads\/2023\/11\/vestibular-unifor-ev.jpg\" \/>\n\t<meta property=\"og:image:width\" content=\"1280\" \/>\n\t<meta property=\"og:image:height\" content=\"720\" \/>\n\t<meta property=\"og:image:type\" content=\"image\/jpeg\" \/>\n<meta name=\"author\" content=\"Mariana Ornellas\" \/>\n<meta name=\"twitter:card\" content=\"summary_large_image\" \/>\n<meta name=\"twitter:creator\" content=\"@Estrategiavest\" \/>\n<meta name=\"twitter:site\" content=\"@Estrategiavest\" \/>\n<meta name=\"twitter:label1\" content=\"Escrito por\" \/>\n\t<meta name=\"twitter:data1\" content=\"Mariana Ornellas\" \/>\n\t<meta name=\"twitter:label2\" content=\"Est. tempo de leitura\" \/>\n\t<meta name=\"twitter:data2\" content=\"2 minutos\" \/>\n<script type=\"application\/ld+json\" class=\"yoast-schema-graph\">{\"@context\":\"https:\\\/\\\/schema.org\",\"@graph\":[{\"@type\":\"Article\",\"@id\":\"https:\\\/\\\/vestibulares.estrategia.com\\\/portal\\\/noticias\\\/rascunho-unifor-edital-vestibular-2027-1\\\/#article\",\"isPartOf\":{\"@id\":\"https:\\\/\\\/vestibulares.estrategia.com\\\/portal\\\/noticias\\\/rascunho-unifor-edital-vestibular-2027-1\\\/\"},\"author\":{\"name\":\"Mariana Ornellas\",\"@id\":\"https:\\\/\\\/vestibulares.estrategia.com\\\/portal\\\/#\\\/schema\\\/person\\\/e38e4703a3b534568f57ae35f4fd56c3\"},\"headline\":\"Unifor divulga edital do vestibular 2027\\\/1\",\"datePublished\":\"2026-09-04T14:07:22+00:00\",\"dateModified\":\"2026-09-04T14:07:25+00:00\",\"mainEntityOfPage\":{\"@id\":\"https:\\\/\\\/vestibulares.estrategia.com\\\/portal\\\/noticias\\\/rascunho-unifor-edital-vestibular-2027-1\\\/\"},\"wordCount\":367,\"publisher\":{\"@id\":\"https:\\\/\\\/vestibulares.estrategia.com\\\/portal\\\/#organization\"},\"image\":{\"@id\":\"https:\\\/\\\/vestibulares.estrategia.com\\\/portal\\\/noticias\\\/rascunho-unifor-edital-vestibular-2027-1\\\/#primaryimage\"},\"thumbnailUrl\":\"https:\\\/\\\/vestibulares.estrategia.com\\\/portal\\\/wp-content\\\/uploads\\\/2023\\\/11\\\/vestibular-unifor-ev.jpg\",\"articleSection\":[\"Not\u00edcias\"],\"inLanguage\":\"pt-BR\"},{\"@type\":\"WebPage\",\"@id\":\"https:\\\/\\\/vestibulares.estrategia.com\\\/portal\\\/noticias\\\/rascunho-unifor-edital-vestibular-2027-1\\\/\",\"url\":\"https:\\\/\\\/vestibulares.estrategia.com\\\/portal\\\/noticias\\\/rascunho-unifor-edital-vestibular-2027-1\\\/\",\"name\":\"Unifor divulga edital do vestibular 2027\\\/1\",\"isPartOf\":{\"@id\":\"https:\\\/\\\/vestibulares.estrategia.com\\\/portal\\\/#website\"},\"primaryImageOfPage\":{\"@id\":\"https:\\\/\\\/vestibulares.estrategia.com\\\/portal\\\/noticias\\\/rascunho-unifor-edital-vestibular-2027-1\\\/#primaryimage\"},\"image\":{\"@id\":\"https:\\\/\\\/vestibulares.estrategia.com\\\/portal\\\/noticias\\\/rascunho-unifor-edital-vestibular-2027-1\\\/#primaryimage\"},\"thumbnailUrl\":\"https:\\\/\\\/vestibulares.estrategia.com\\\/portal\\\/wp-content\\\/uploads\\\/2023\\\/11\\\/vestibular-unifor-ev.jpg\",\"datePublished\":\"2026-09-04T14:07:22+00:00\",\"dateModified\":\"2026-09-04T14:07:25+00:00\",\"description\":\"S\u00e3o ofertadas 3.701 vagas em cursos de gradua\u00e7\u00e3o, e os interessados poder\u00e3o concorrer por prova, usando as notas do Enem ou o Escore Unifor\",\"breadcrumb\":{\"@id\":\"https:\\\/\\\/vestibulares.estrategia.com\\\/portal\\\/noticias\\\/rascunho-unifor-edital-vestibular-2027-1\\\/#breadcrumb\"},\"inLanguage\":\"pt-BR\",\"potentialAction\":[{\"@type\":\"ReadAction\",\"target\":[\"https:\\\/\\\/vestibulares.estrategia.com\\\/portal\\\/noticias\\\/rascunho-unifor-edital-vestibular-2027-1\\\/\"]}]},{\"@type\":\"ImageObject\",\"inLanguage\":\"pt-BR\",\"@id\":\"https:\\\/\\\/vestibulares.estrategia.com\\\/portal\\\/noticias\\\/rascunho-unifor-edital-vestibular-2027-1\\\/#primaryimage\",\"url\":\"https:\\\/\\\/vestibulares.estrategia.com\\\/portal\\\/wp-content\\\/uploads\\\/2023\\\/11\\\/vestibular-unifor-ev.jpg\",\"contentUrl\":\"https:\\\/\\\/vestibulares.estrategia.com\\\/portal\\\/wp-content\\\/uploads\\\/2023\\\/11\\\/vestibular-unifor-ev.jpg\",\"width\":1280,\"height\":720,\"caption\":\"vestibular unifor\"},{\"@type\":\"BreadcrumbList\",\"@id\":\"https:\\\/\\\/vestibulares.estrategia.com\\\/portal\\\/noticias\\\/rascunho-unifor-edital-vestibular-2027-1\\\/#breadcrumb\",\"itemListElement\":[{\"@type\":\"ListItem\",\"position\":1,\"name\":\"Home\",\"item\":\"https:\\\/\\\/vestibulares.estrategia.com\\\/portal\\\/\"},{\"@type\":\"ListItem\",\"position\":2,\"name\":\"Not\u00edcias\",\"item\":\"https:\\\/\\\/vestibulares.estrategia.com\\\/portal\\\/noticias\\\/\"},{\"@type\":\"ListItem\",\"position\":3,\"name\":\"Unifor divulga edital do vestibular 2027\\\/1\"}]},{\"@type\":\"WebSite\",\"@id\":\"https:\\\/\\\/vestibulares.estrategia.com\\\/portal\\\/#website\",\"url\":\"https:\\\/\\\/vestibulares.estrategia.com\\\/portal\\\/\",\"name\":\"Estrat\u00e9gia Vestibulares\",\"description\":\"\",\"publisher\":{\"@id\":\"https:\\\/\\\/vestibulares.estrategia.com\\\/portal\\\/#organization\"},\"potentialAction\":[{\"@type\":\"SearchAction\",\"target\":{\"@type\":\"EntryPoint\",\"urlTemplate\":\"https:\\\/\\\/vestibulares.estrategia.com\\\/portal\\\/?s={search_term_string}\"},\"query-input\":{\"@type\":\"PropertyValueSpecification\",\"valueRequired\":true,\"valueName\":\"search_term_string\"}}],\"inLanguage\":\"pt-BR\"},{\"@type\":\"Organization\",\"@id\":\"https:\\\/\\\/vestibulares.estrategia.com\\\/portal\\\/#organization\",\"name\":\"Estrat\u00e9gia Vestibulares\",\"url\":\"https:\\\/\\\/vestibulares.estrategia.com\\\/portal\\\/\",\"logo\":{\"@type\":\"ImageObject\",\"inLanguage\":\"pt-BR\",\"@id\":\"https:\\\/\\\/vestibulares.estrategia.com\\\/portal\\\/#\\\/schema\\\/logo\\\/image\\\/\",\"url\":\"https:\\\/\\\/vestibulares.estrategia.com\\\/portal\\\/wp-content\\\/uploads\\\/2021\\\/06\\\/Logo-Vestibulares@4x.png\",\"contentUrl\":\"https:\\\/\\\/vestibulares.estrategia.com\\\/portal\\\/wp-content\\\/uploads\\\/2021\\\/06\\\/Logo-Vestibulares@4x.png\",\"width\":250,\"height\":66,\"caption\":\"Estrat\u00e9gia Vestibulares\"},\"image\":{\"@id\":\"https:\\\/\\\/vestibulares.estrategia.com\\\/portal\\\/#\\\/schema\\\/logo\\\/image\\\/\"},\"sameAs\":[\"https:\\\/\\\/facebook.com\\\/estrategiavestibulares\",\"https:\\\/\\\/x.com\\\/Estrategiavest\",\"https:\\\/\\\/www.instagram.com\\\/estrategiavestibulares\",\"https:\\\/\\\/www.youtube.com\\\/channel\\\/UCGWdZy8ULI-7_5GrABa4vNA\"]},{\"@type\":\"Person\",\"@id\":\"https:\\\/\\\/vestibulares.estrategia.com\\\/portal\\\/#\\\/schema\\\/person\\\/e38e4703a3b534568f57ae35f4fd56c3\",\"name\":\"Mariana Ornellas\",\"image\":{\"@type\":\"ImageObject\",\"inLanguage\":\"pt-BR\",\"@id\":\"https:\\\/\\\/vestibulares.estrategia.com\\\/portal\\\/wp-content\\\/uploads\\\/2026\\\/08\\\/foto-perfil-mariana-150x150.jpg\",\"url\":\"https:\\\/\\\/vestibulares.estrategia.com\\\/portal\\\/wp-content\\\/uploads\\\/2026\\\/08\\\/foto-perfil-mariana-150x150.jpg\",\"contentUrl\":\"https:\\\/\\\/vestibulares.estrategia.com\\\/portal\\\/wp-content\\\/uploads\\\/2026\\\/08\\\/foto-perfil-mariana-150x150.jpg\",\"caption\":\"Mariana Ornellas\"},\"url\":\"https:\\\/\\\/vestibulares.estrategia.com\\\/portal\\\/author\\\/mariana-ornellas\\\/\"}]}<\/script>\n<!-- \/ Yoast SEO Premium plugin. -->","yoast_head_json":{"title":"Unifor divulga edital do vestibular 2027\/1","description":"S\u00e3o ofertadas 3.701 vagas em cursos de gradua\u00e7\u00e3o, e os interessados poder\u00e3o concorrer por prova, usando as notas do Enem ou o Escore Unifor","robots":{"index":"index","follow":"follow","max-snippet":"max-snippet:-1","max-image-preview":"max-image-preview:large","max-video-preview":"max-video-preview:-1"},"canonical":"https:\/\/vestibulares.estrategia.com\/portal\/noticias\/rascunho-unifor-edital-vestibular-2027-1\/","og_locale":"pt_BR","og_type":"article","og_title":"Unifor divulga edital do vestibular 2027\/1","og_description":"S\u00e3o ofertadas 3.701 vagas em cursos de gradua\u00e7\u00e3o, e os interessados poder\u00e3o concorrer por prova, usando as notas do Enem ou o Escore Unifor","og_url":"https:\/\/vestibulares.estrategia.com\/portal\/noticias\/rascunho-unifor-edital-vestibular-2027-1\/","og_site_name":"Estrat\u00e9gia Vestibulares","article_publisher":"https:\/\/facebook.com\/estrategiavestibulares","article_published_time":"2026-09-04T14:07:22+00:00","article_modified_time":"2026-09-04T14:07:25+00:00","og_image":[{"width":1280,"height":720,"url":"https:\/\/vestibulares.estrategia.com\/portal\/wp-content\/uploads\/2023\/11\/vestibular-unifor-ev.jpg","type":"image\/jpeg"}],"author":"Mariana Ornellas","twitter_card":"summary_large_image","twitter_creator":"@Estrategiavest","twitter_site":"@Estrategiavest","twitter_misc":{"Escrito por":"Mariana Ornellas","Est. tempo de leitura":"2 minutos"},"schema":{"@context":"https:\/\/schema.org","@graph":[{"@type":"Article","@id":"https:\/\/vestibulares.estrategia.com\/portal\/noticias\/rascunho-unifor-edital-vestibular-2027-1\/#article","isPartOf":{"@id":"https:\/\/vestibulares.estrategia.com\/portal\/noticias\/rascunho-unifor-edital-vestibular-2027-1\/"},"author":{"name":"Mariana Ornellas","@id":"https:\/\/vestibulares.estrategia.com\/portal\/#\/schema\/person\/e38e4703a3b534568f57ae35f4fd56c3"},"headline":"Unifor divulga edital do vestibular 2027\/1","datePublished":"2026-09-04T14:07:22+00:00","dateModified":"2026-09-04T14:07:25+00:00","mainEntityOfPage":{"@id":"https:\/\/vestibulares.estrategia.com\/portal\/noticias\/rascunho-unifor-edital-vestibular-2027-1\/"},"wordCount":367,"publisher":{"@id":"https:\/\/vestibulares.estrategia.com\/portal\/#organization"},"image":{"@id":"https:\/\/vestibulares.estrategia.com\/portal\/noticias\/rascunho-unifor-edital-vestibular-2027-1\/#primaryimage"},"thumbnailUrl":"https:\/\/vestibulares.estrategia.com\/portal\/wp-content\/uploads\/2023\/11\/vestibular-unifor-ev.jpg","articleSection":["Not\u00edcias"],"inLanguage":"pt-BR"},{"@type":"WebPage","@id":"https:\/\/vestibulares.estrategia.com\/portal\/noticias\/rascunho-unifor-edital-vestibular-2027-1\/","url":"https:\/\/vestibulares.estrategia.com\/portal\/noticias\/rascunho-unifor-edital-vestibular-2027-1\/","name":"Unifor divulga edital do vestibular 2027\/1","isPartOf":{"@id":"https:\/\/vestibulares.estrategia.com\/portal\/#website"},"primaryImageOfPage":{"@id":"https:\/\/vestibulares.estrategia.com\/portal\/noticias\/rascunho-unifor-edital-vestibular-2027-1\/#primaryimage"},"image":{"@id":"https:\/\/vestibulares.estrategia.com\/portal\/noticias\/rascunho-unifor-edital-vestibular-2027-1\/#primaryimage"},"thumbnailUrl":"https:\/\/vestibulares.estrategia.com\/portal\/wp-content\/uploads\/2023\/11\/vestibular-unifor-ev.jpg","datePublished":"2026-09-04T14:07:22+00:00","dateModified":"2026-09-04T14:07:25+00:00","description":"S\u00e3o ofertadas 3.701 vagas em cursos de gradua\u00e7\u00e3o, e os interessados poder\u00e3o concorrer por prova, usando as notas do Enem ou o Escore Unifor","breadcrumb":{"@id":"https:\/\/vestibulares.estrategia.com\/portal\/noticias\/rascunho-unifor-edital-vestibular-2027-1\/#breadcrumb"},"inLanguage":"pt-BR","potentialAction":[{"@type":"ReadAction","target":["https:\/\/vestibulares.estrategia.com\/portal\/noticias\/rascunho-unifor-edital-vestibular-2027-1\/"]}]},{"@type":"ImageObject","inLanguage":"pt-BR","@id":"https:\/\/vestibulares.estrategia.com\/portal\/noticias\/rascunho-unifor-edital-vestibular-2027-1\/#primaryimage","url":"https:\/\/vestibulares.estrategia.com\/portal\/wp-content\/uploads\/2023\/11\/vestibular-unifor-ev.jpg","contentUrl":"https:\/\/vestibulares.estrategia.com\/portal\/wp-content\/uploads\/2023\/11\/vestibular-unifor-ev.jpg","width":1280,"height":720,"caption":"vestibular unifor"},{"@type":"BreadcrumbList","@id":"https:\/\/vestibulares.estrategia.com\/portal\/noticias\/rascunho-unifor-edital-vestibular-2027-1\/#breadcrumb","itemListElement":[{"@type":"ListItem","position":1,"name":"Home","item":"https:\/\/vestibulares.estrategia.com\/portal\/"},{"@type":"ListItem","position":2,"name":"Not\u00edcias","item":"https:\/\/vestibulares.estrategia.com\/portal\/noticias\/"},{"@type":"ListItem","position":3,"name":"Unifor divulga edital do vestibular 2027\/1"}]},{"@type":"WebSite","@id":"https:\/\/vestibulares.estrategia.com\/portal\/#website","url":"https:\/\/vestibulares.estrategia.com\/portal\/","name":"Estrat\u00e9gia Vestibulares","description":"","publisher":{"@id":"https:\/\/vestibulares.estrategia.com\/portal\/#organization"},"potentialAction":[{"@type":"SearchAction","target":{"@type":"EntryPoint","urlTemplate":"https:\/\/vestibulares.estrategia.com\/portal\/?s={search_term_string}"},"query-input":{"@type":"PropertyValueSpecification","valueRequired":true,"valueName":"search_term_string"}}],"inLanguage":"pt-BR"},{"@type":"Organization","@id":"https:\/\/vestibulares.estrategia.com\/portal\/#organization","name":"Estrat\u00e9gia Vestibulares","url":"https:\/\/vestibulares.estrategia.com\/portal\/","logo":{"@type":"ImageObject","inLanguage":"pt-BR","@id":"https:\/\/vestibulares.estrategia.com\/portal\/#\/schema\/logo\/image\/","url":"https:\/\/vestibulares.estrategia.com\/portal\/wp-content\/uploads\/2021\/06\/Logo-Vestibulares@4x.png","contentUrl":"https:\/\/vestibulares.estrategia.com\/portal\/wp-content\/uploads\/2021\/06\/Logo-Vestibulares@4x.png","width":250,"height":66,"caption":"Estrat\u00e9gia Vestibulares"},"image":{"@id":"https:\/\/vestibulares.estrategia.com\/portal\/#\/schema\/logo\/image\/"},"sameAs":["https:\/\/facebook.com\/estrategiavestibulares","https:\/\/x.com\/Estrategiavest","https:\/\/www.instagram.com\/estrategiavestibulares","https:\/\/www.youtube.com\/channel\/UCGWdZy8ULI-7_5GrABa4vNA"]},{"@type":"Person","@id":"https:\/\/vestibulares.estrategia.com\/portal\/#\/schema\/person\/e38e4703a3b534568f57ae35f4fd56c3","name":"Mariana Ornellas","image":{"@type":"ImageObject","inLanguage":"pt-BR","@id":"https:\/\/vestibulares.estrategia.com\/portal\/wp-content\/uploads\/2026\/08\/foto-perfil-mariana-150x150.jpg","url":"https:\/\/vestibulares.estrategia.com\/portal\/wp-content\/uploads\/2026\/08\/foto-perfil-mariana-150x150.jpg","contentUrl":"https:\/\/vestibulares.estrategia.com\/portal\/wp-content\/uploads\/2026\/08\/foto-perfil-mariana-150x150.jpg","caption":"Mariana Ornellas"},"url":"https:\/\/vestibulares.estrategia.com\/portal\/author\/mariana-ornellas\/"}]}},"_links":{"self":[{"href":"https:\/\/vestibulares.estrategia.com\/portal\/wp-json\/wp\/v2\/posts\/159881","targetHints":{"allow":["GET"]}}],"collection":[{"href":"https:\/\/vestibulares.estrategia.com\/portal\/wp-json\/wp\/v2\/posts"}],"about":[{"href":"https:\/\/vestibulares.estrategia.com\/portal\/wp-json\/wp\/v2\/types\/post"}],"author":[{"embeddable":true,"href":"https:\/\/vestibulares.estrategia.com\/portal\/wp-json\/wp\/v2\/users\/69"}],"replies":[{"embeddable":true,"href":"https:\/\/vestibulares.estrategia.com\/portal\/wp-json\/wp\/v2\/comments?post=159881"}],"version-history":[{"count":1,"href":"https:\/\/vestibulares.estrategia.com\/portal\/wp-json\/wp\/v2\/posts\/159881\/revisions"}],"predecessor-version":[{"id":159882,"href":"https:\/\/vestibulares.estrategia.com\/portal\/wp-json\/wp\/v2\/posts\/159881\/revisions\/159882"}],"wp:featuredmedia":[{"embeddable":true,"href":"https:\/\/vestibulares.estrategia.com\/portal\/wp-json\/wp\/v2\/media\/106415"}],"wp:attachment":[{"href":"https:\/\/vestibulares.estrategia.com\/portal\/wp-json\/wp\/v2\/media?parent=159881"}],"wp:term":[{"taxonomy":"category","embeddable":true,"href":"https:\/\/vestibulares.estrategia.com\/portal\/wp-json\/wp\/v2\/categories?post=159881"},{"taxonomy":"post_tag","embeddable":true,"href":"https:\/\/vestibulares.estrategia.com\/portal\/wp-json\/wp\/v2\/tags?post=159881"}],"curies":[{"name":"wp","href":"https:\/\/api.w.org\/{rel}","templated":true}]}}