{"id":159885,"date":"2026-09-05T09:53:19","date_gmt":"2026-09-05T12:53:19","guid":{"rendered":"https:\/\/vestibulares.estrategia.com\/portal\/?p=159885"},"modified":"2026-09-05T09:53:22","modified_gmt":"2026-09-05T12:53:22","slug":"dia-da-amazonia-11-citacoes-para-usar-na-redacao","status":"publish","type":"post","link":"https:\/\/vestibulares.estrategia.com\/portal\/enem-e-vestibulares\/dia-da-amazonia-11-citacoes-para-usar-na-redacao\/","title":{"rendered":"Dia da Amaz\u00f4nia: 11 cita\u00e7\u00f5es para usar na reda\u00e7\u00e3o\u00a0"},"content":{"rendered":"<p class=\"wp-block-paragraph\">Em 5 de setembro, &eacute; celebrado o Dia da Amaz&ocirc;nia. A data chama a aten&ccedil;&atilde;o para a import&acirc;ncia ambiental, social, econ&ocirc;mica e cultural da regi&atilde;o, al&eacute;m de estimular o debate sobre problemas como desmatamento, queimadas, garimpo ilegal e mudan&ccedil;as clim&aacute;ticas.<p class=\"wp-block-paragraph\">O assunto tamb&eacute;m pode aparecer no Enem e nos vestibulares. Em 2008, a reda&ccedil;&atilde;o do Enem abordou alternativas para preservar a Floresta Amaz&ocirc;nica. Em 2023, uma quest&atilde;o da prova utilizou um trecho do discurso da ativista ind&iacute;gena Txai Suru&iacute; na Confer&ecirc;ncia das Na&ccedil;&otilde;es Unidas sobre Mudan&ccedil;as Clim&aacute;ticas, a COP26.<\/p><p class=\"wp-block-paragraph\">Para ajudar na constru&ccedil;&atilde;o do repert&oacute;rio sociocultural, o <strong>Portal Estrat&eacute;gia Vestibulares<\/strong> reuniu 11 cita&ccedil;&otilde;es sobre a Amaz&ocirc;nia. As frases podem ser relacionadas a temas ambientais, direitos dos povos ind&iacute;genas, biodiversidade, justi&ccedil;a social e desenvolvimento sustent&aacute;vel. Confira!<\/p><p class=\"wp-block-paragraph\"><div class=\"cta-medio\" style=\"background-image: url(https:\/\/vestibulares.estrategia.com\/portal\/wp-content\/uploads\/2024\/08\/curso-enem-e-vestibulares-2-estrategia-vestibulares-ctamedio.png.jpg);\"><h3>Pacote Vestibulares Platinum<\/h3><p>Conhe\u00e7a nosso curso<\/p><div class=\"cta-botao\"><a id=\"cta-medio\" href=\"https:\/\/vestibulares.estrategia.com\/curso\/vestibulares-platinum\/\" target=\"_blank\" style=\"background:rgb(255,150,0)\">Compre agora<\/a><\/div><\/div>&nbsp;<\/p><div id=\"ez-toc-container\" class=\"ez-toc-v2_0_86 counter-hierarchy ez-toc-counter ez-toc-transparent ez-toc-container-direction\">\n<div class=\"ez-toc-title-container\"><p class=\"ez-toc-title\" style=\"cursor:inherit\">Navegue pelo conte\u00fado<\/p>\n<\/div><nav><ul class='ez-toc-list ez-toc-list-level-1 ' ><li class='ez-toc-page-1 ez-toc-heading-level-2'><a class=\"ez-toc-link ez-toc-heading-1\" href=\"https:\/\/vestibulares.estrategia.com\/portal\/enem-e-vestibulares\/dia-da-amazonia-11-citacoes-para-usar-na-redacao\/#Por-que-o-Dia-da-Amazonia-e-celebrado-em-5-de-setembro\" >Por que o Dia da Amaz&ocirc;nia &eacute; celebrado em 5 de setembro?&nbsp;<\/a><\/li><li class='ez-toc-page-1 ez-toc-heading-level-2'><a class=\"ez-toc-link ez-toc-heading-2\" href=\"https:\/\/vestibulares.estrategia.com\/portal\/enem-e-vestibulares\/dia-da-amazonia-11-citacoes-para-usar-na-redacao\/#1-%E2%80%94-%E2%80%9CDepois-pensei-que-estava-lutando-para-salvar-a-Floresta-Amazonica-Agora-percebo-que-estou-lutando-pela-humanidade%E2%80%9D-%E2%80%94-Chico-Mendes\" >1 &mdash; &ldquo;Depois pensei que estava lutando para salvar a Floresta Amaz&ocirc;nica. Agora, percebo que estou lutando pela humanidade.&rdquo; &mdash; Chico Mendes&nbsp;<\/a><\/li><li class='ez-toc-page-1 ez-toc-heading-level-2'><a class=\"ez-toc-link ez-toc-heading-3\" href=\"https:\/\/vestibulares.estrategia.com\/portal\/enem-e-vestibulares\/dia-da-amazonia-11-citacoes-para-usar-na-redacao\/#2-%E2%80%94-A-terra-floresta-so-pode-morrer-se-for-destruida-pelos-brancos%E2%80%9D-%E2%80%94-Davi-Kopenawa\" >2 &mdash; A terra-floresta s&oacute; pode morrer se for destru&iacute;da pelos brancos.&rdquo; &mdash; Davi Kopenawa&nbsp;&nbsp;<\/a><\/li><li class='ez-toc-page-1 ez-toc-heading-level-2'><a class=\"ez-toc-link ez-toc-heading-4\" href=\"https:\/\/vestibulares.estrategia.com\/portal\/enem-e-vestibulares\/dia-da-amazonia-11-citacoes-para-usar-na-redacao\/#3-%E2%80%94-%E2%80%9CFomos-nos-alienando-desse-organismo-de-que-somos-parte-a-Terra-%E2%80%A6%E2%80%9D-%E2%80%94-Ailton-Krenak\" >3 &mdash; &ldquo;Fomos nos alienando desse organismo de que somos parte, a Terra [&hellip;]&rdquo; &mdash; Ailton Krenak&nbsp;<\/a><\/li><li class='ez-toc-page-1 ez-toc-heading-level-2'><a class=\"ez-toc-link ez-toc-heading-5\" href=\"https:\/\/vestibulares.estrategia.com\/portal\/enem-e-vestibulares\/dia-da-amazonia-11-citacoes-para-usar-na-redacao\/#4-%E2%80%94-%E2%80%9CA-Terra-esta-falando-ela-nos-diz-que-nao-temos-mais-tempo%E2%80%9D-%E2%80%94-Txai-Surui\" >4 &mdash; &ldquo;A Terra est&aacute; falando: ela nos diz que n&atilde;o temos mais tempo.&rdquo; &mdash; Txai Suru&iacute;&nbsp;&nbsp;<\/a><\/li><li class='ez-toc-page-1 ez-toc-heading-level-2'><a class=\"ez-toc-link ez-toc-heading-6\" href=\"https:\/\/vestibulares.estrategia.com\/portal\/enem-e-vestibulares\/dia-da-amazonia-11-citacoes-para-usar-na-redacao\/#5-%E2%80%94-%E2%80%9CA-luta-pela-Mae-Terra-e-a-mae-de-todas-as-lutas%E2%80%9D-%E2%80%94-Sonia-Guajajara\" >5 &mdash; &ldquo;A luta pela M&atilde;e Terra &eacute; a m&atilde;e de todas as lutas!&rdquo; &mdash; S&ocirc;nia Guajajara<\/a><\/li><li class='ez-toc-page-1 ez-toc-heading-level-2'><a class=\"ez-toc-link ez-toc-heading-7\" href=\"https:\/\/vestibulares.estrategia.com\/portal\/enem-e-vestibulares\/dia-da-amazonia-11-citacoes-para-usar-na-redacao\/#6-%E2%80%94-%E2%80%9CO-desafio-para-o-desenvolvimento-da-Amazonia-e-conceber-e-implementar-um-modelo-que-utilize-o-patrimonio-natural-sem-destrui-lo%E2%80%9D-%E2%80%94-Bertha-Becker\" >6 &mdash; &ldquo;O desafio para o desenvolvimento da Amaz&ocirc;nia &eacute; conceber e implementar um modelo que utilize o patrim&ocirc;nio natural sem destru&iacute;-lo.&rdquo; &mdash; Bertha Becker<\/a><\/li><li class='ez-toc-page-1 ez-toc-heading-level-2'><a class=\"ez-toc-link ez-toc-heading-8\" href=\"https:\/\/vestibulares.estrategia.com\/portal\/enem-e-vestibulares\/dia-da-amazonia-11-citacoes-para-usar-na-redacao\/#7-%E2%80%94-%E2%80%9CTemos-projecoes-recentes-que-nao-deixam-nenhuma-duvida-de-que-a-Amazonia-esta-a-beira-do-precipicio%E2%80%9D-%E2%80%94-Carlos-Nobre\" >7 &mdash; &ldquo;Temos proje&ccedil;&otilde;es recentes que n&atilde;o deixam nenhuma d&uacute;vida de que a Amaz&ocirc;nia est&aacute; &agrave; beira do precip&iacute;cio.&rdquo; &mdash; Carlos Nobre<\/a><\/li><li class='ez-toc-page-1 ez-toc-heading-level-2'><a class=\"ez-toc-link ez-toc-heading-9\" href=\"https:\/\/vestibulares.estrategia.com\/portal\/enem-e-vestibulares\/dia-da-amazonia-11-citacoes-para-usar-na-redacao\/#8-%E2%80%94-%E2%80%9CA-biodiversidade-do-mundo-e-mais-ou-menos-igual-a-uma-grande-biblioteca%E2%80%9D-%E2%80%94-Thomas-Lovejoy\" >8 &mdash; &ldquo;A biodiversidade do mundo &eacute; mais ou menos igual a uma grande biblioteca.&rdquo; &mdash; Thomas Lovejoy<\/a><\/li><li class='ez-toc-page-1 ez-toc-heading-level-2'><a class=\"ez-toc-link ez-toc-heading-10\" href=\"https:\/\/vestibulares.estrategia.com\/portal\/enem-e-vestibulares\/dia-da-amazonia-11-citacoes-para-usar-na-redacao\/#9-%E2%80%94-%E2%80%9CA-Amazonia-e-a-ultima-pagina-ainda-a-escrever-se-do-Genese%E2%80%9D-%E2%80%94-Euclides-da-Cunha\" >9 &mdash; &ldquo;A Amaz&ocirc;nia &eacute; a &uacute;ltima p&aacute;gina, ainda a escrever-se, do G&ecirc;nese.&rdquo; &mdash; Euclides da Cunha<\/a><\/li><li class='ez-toc-page-1 ez-toc-heading-level-2'><a class=\"ez-toc-link ez-toc-heading-11\" href=\"https:\/\/vestibulares.estrategia.com\/portal\/enem-e-vestibulares\/dia-da-amazonia-11-citacoes-para-usar-na-redacao\/#10-%E2%80%94-%E2%80%9CO-equilibrio-da-Terra-depende-tambem-da-saude-da-Amazonia%E2%80%9D-%E2%80%94-papa-Francisco\" >10 &mdash; &ldquo;O equil&iacute;brio da Terra depende tamb&eacute;m da sa&uacute;de da Amaz&ocirc;nia.&rdquo; &mdash; papa Francisco<\/a><\/li><li class='ez-toc-page-1 ez-toc-heading-level-2'><a class=\"ez-toc-link ez-toc-heading-12\" href=\"https:\/\/vestibulares.estrategia.com\/portal\/enem-e-vestibulares\/dia-da-amazonia-11-citacoes-para-usar-na-redacao\/#11-%E2%80%94-%E2%80%9CTodos-tem-direito-ao-meio-ambiente-ecologicamente-equilibrado%E2%80%9D-%E2%80%94-Constituicao-Federal-de-1988\" >11 &mdash; &ldquo;Todos t&ecirc;m direito ao meio ambiente ecologicamente equilibrado.&rdquo; &mdash; Constitui&ccedil;&atilde;o Federal de 1988<\/a><\/li><li class='ez-toc-page-1 ez-toc-heading-level-2'><a class=\"ez-toc-link ez-toc-heading-13\" href=\"https:\/\/vestibulares.estrategia.com\/portal\/enem-e-vestibulares\/dia-da-amazonia-11-citacoes-para-usar-na-redacao\/#Como-utilizar-as-citacoes-sobre-a-Amazonia-na-redacao\" >Como utilizar as cita&ccedil;&otilde;es sobre a Amaz&ocirc;nia na reda&ccedil;&atilde;o?<\/a><\/li><li class='ez-toc-page-1 ez-toc-heading-level-2'><a class=\"ez-toc-link ez-toc-heading-14\" href=\"https:\/\/vestibulares.estrategia.com\/portal\/enem-e-vestibulares\/dia-da-amazonia-11-citacoes-para-usar-na-redacao\/#Prepare-se-para-a-redacao-com-o-Estrategia-Vestibulares\" >Prepare-se para a reda&ccedil;&atilde;o com o Estrat&eacute;gia Vestibulares!<\/a><\/li><\/ul><\/nav><\/div>\n<h2 id=\"h-por-que-o-dia-da-amazonia-e-celebrado-em-5-de-setembro-nbsp\" class=\"wp-block-heading\"><span class=\"ez-toc-section\" id=\"Por-que-o-Dia-da-Amazonia-e-celebrado-em-5-de-setembro\"><\/span>Por que o Dia da Amaz&ocirc;nia &eacute; celebrado em 5 de setembro?&nbsp;<span class=\"ez-toc-section-end\"><\/span><\/h2><p class=\"wp-block-paragraph\">O <a href=\"https:\/\/vestibulares.estrategia.com\/portal\/atualidades-e-dicas\/amazonia-como-cai-no-vestibular\/,\">Dia da Amaz&ocirc;nia<\/a> foi institu&iacute;do pela<a href=\"https:\/\/www.planalto.gov.br\/ccivil_03\/_ato2007-2010\/2007\/lei\/l11621.htm\" target=\"_blank\" rel=\"noopener noreferrer\"> Lei n&ordm; 11.621, de 2007<\/a>. A escolha de 5 de setembro faz refer&ecirc;ncia &agrave; cria&ccedil;&atilde;o da Prov&iacute;ncia do Amazonas, em 1850, durante o reinado de D. Pedro II. O territ&oacute;rio corresponde ao atual estado do Amazonas.<\/p><p class=\"wp-block-paragraph\">A Amaz&ocirc;nia se estende por nove pa&iacute;ses da Am&eacute;rica do Sul e re&uacute;ne a maior floresta tropical e a maior bacia hidrogr&aacute;fica do mundo. Al&eacute;m da biodiversidade, a regi&atilde;o abriga cidades, povos ind&iacute;genas, quilombolas, ribeirinhos e outras comunidades tradicionais.<\/p><h2 id=\"h-1-depois-pensei-que-estava-lutando-para-salvar-a-floresta-amazonica-agora-percebo-que-estou-lutando-pela-humanidade-chico-mendes-nbsp\" class=\"wp-block-heading\"><span class=\"ez-toc-section\" id=\"1-%E2%80%94-%E2%80%9CDepois-pensei-que-estava-lutando-para-salvar-a-Floresta-Amazonica-Agora-percebo-que-estou-lutando-pela-humanidade%E2%80%9D-%E2%80%94-Chico-Mendes\"><\/span>1 &mdash; &ldquo;Depois pensei que estava lutando para salvar a Floresta Amaz&ocirc;nica. Agora, percebo que estou lutando pela humanidade.&rdquo; &mdash; Chico Mendes&nbsp;<span class=\"ez-toc-section-end\"><\/span><\/h2><p class=\"wp-block-paragraph\">Chico Mendes foi seringueiro, sindicalista e ativista ambiental. Nascido no Acre, organizou trabalhadores contra a derrubada da floresta e defendeu a cria&ccedil;&atilde;o de reservas extrativistas, &aacute;reas nas quais as comunidades tradicionais podem utilizar os recursos naturais sem destruir o ecossistema.<\/p><p class=\"wp-block-paragraph\">Na frase reproduzida pelo<a href=\"https:\/\/www.gov.br\/icmbio\/pt-br\/acesso-a-informacao\/institucional\/quem-foi-chico-mendes\" target=\"_blank\" rel=\"noopener noreferrer\"> Instituto Chico Mendes de Conserva&ccedil;&atilde;o da Biodiversidade<\/a>, o ativista relaciona a prote&ccedil;&atilde;o da Amaz&ocirc;nia &agrave; sobreviv&ecirc;ncia humana. A cita&ccedil;&atilde;o pode ser usada em discuss&otilde;es sobre justi&ccedil;a ambiental, movimentos sociais, desenvolvimento sustent&aacute;vel e defesa dos povos da floresta.<\/p><h2 id=\"h-2-a-terra-floresta-so-pode-morrer-se-for-destruida-pelos-brancos-davi-kopenawa-nbsp-nbsp\" class=\"wp-block-heading\"><span class=\"ez-toc-section\" id=\"2-%E2%80%94-A-terra-floresta-so-pode-morrer-se-for-destruida-pelos-brancos%E2%80%9D-%E2%80%94-Davi-Kopenawa\"><\/span>2 &mdash; A terra-floresta s&oacute; pode morrer se for destru&iacute;da pelos brancos.&rdquo; &mdash; Davi Kopenawa&nbsp;&nbsp;<span class=\"ez-toc-section-end\"><\/span><\/h2><p class=\"wp-block-paragraph\">Davi Kopenawa &eacute; xam&atilde;, escritor e lideran&ccedil;a do povo Yanomami. Em suas falas e obras, ele apresenta a floresta como um organismo vivo, do qual seres humanos, animais, rios, &aacute;rvores e esp&iacute;ritos fazem parte.<\/p><p class=\"wp-block-paragraph\">A frase aparece em um material da<a rel=\"nofollow noopener noreferrer\" href=\"https:\/\/www.hutukara.org\/files\/pdf\/historia-dos-yanomami.pdf\" target=\"_blank\"> Hutukara Associa&ccedil;&atilde;o Yanomami<\/a> e contrap&otilde;e a rela&ccedil;&atilde;o dos Yanomami com o territ&oacute;rio &agrave; explora&ccedil;&atilde;o predat&oacute;ria dos recursos naturais. Na reda&ccedil;&atilde;o, pode fundamentar argumentos sobre garimpo ilegal, cosmovis&otilde;es ind&iacute;genas, preserva&ccedil;&atilde;o ambiental e consequ&ecirc;ncias da interven&ccedil;&atilde;o humana na natureza.<\/p><h2 id=\"h-3-fomos-nos-alienando-desse-organismo-de-que-somos-parte-a-terra-ailton-krenak-nbsp\" class=\"wp-block-heading\"><span class=\"ez-toc-section\" id=\"3-%E2%80%94-%E2%80%9CFomos-nos-alienando-desse-organismo-de-que-somos-parte-a-Terra-%E2%80%A6%E2%80%9D-%E2%80%94-Ailton-Krenak\"><\/span>3 &mdash; &ldquo;Fomos nos alienando desse organismo de que somos parte, a Terra [&hellip;]&rdquo; &mdash; Ailton Krenak&nbsp;<span class=\"ez-toc-section-end\"><\/span><\/h2><p class=\"wp-block-paragraph\">Ailton Krenak &eacute; escritor, fil&oacute;sofo, ambientalista e integrante da Academia Brasileira de Letras. O autor critica a separa&ccedil;&atilde;o criada pela sociedade contempor&acirc;nea entre a humanidade e a natureza.<\/p><p class=\"wp-block-paragraph\">A cita&ccedil;&atilde;o, retirada do livro &lsquo;A vida n&atilde;o &eacute; &uacute;til&rsquo;, permite questionar a ideia de que a natureza existe apenas para atender &agrave;s necessidades econ&ocirc;micas humanas. Ela pode ser relacionada ao consumismo, &agrave; explora&ccedil;&atilde;o dos recursos naturais, ao antropocentrismo e &agrave; crise clim&aacute;tica.<\/p><p class=\"wp-block-verse wp-block-paragraph\"><a href=\"https:\/\/vestibulares.estrategia.com\/portal\/materias\/redacao\/citacoes-ailton-krenak-para-usar-na-redacao\/\">+ 9 cita&ccedil;&otilde;es de Ailton Krenak para usar na reda&ccedil;&atilde;o<\/a><\/p><h2 id=\"h-4-a-terra-esta-falando-ela-nos-diz-que-nao-temos-mais-tempo-txai-surui-nbsp-nbsp\" class=\"wp-block-heading\"><span class=\"ez-toc-section\" id=\"4-%E2%80%94-%E2%80%9CA-Terra-esta-falando-ela-nos-diz-que-nao-temos-mais-tempo%E2%80%9D-%E2%80%94-Txai-Surui\"><\/span>4 &mdash; &ldquo;A Terra est&aacute; falando: ela nos diz que n&atilde;o temos mais tempo.&rdquo; &mdash; Txai Suru&iacute;&nbsp;&nbsp;<span class=\"ez-toc-section-end\"><\/span><\/h2><p class=\"wp-block-paragraph\">Txai Suru&iacute; &eacute; uma ativista ind&iacute;gena do povo Paiter Suru&iacute;, de Rond&ocirc;nia. A frase foi dita na abertura da COP26, realizada em Glasgow, na Esc&oacute;cia, em 2021. Na ocasi&atilde;o, ela abordou as mudan&ccedil;as percebidas pelas comunidades ind&iacute;genas, como o aumento das temperaturas, o desaparecimento de animais e as altera&ccedil;&otilde;es nos rios e nas planta&ccedil;&otilde;es.<\/p><p class=\"wp-block-paragraph\">A fala integrou uma<a href=\"https:\/\/vestibulares.estrategia.com\/portal\/materias\/geografia\/padroes-climaticos-no-mundo-conceitos-transformacoes-e-impactos\/\"> quest&atilde;o do Enem de 2023<\/a>, o que demonstra como as vozes ind&iacute;genas podem aparecer nas provas. A cita&ccedil;&atilde;o ajuda a discutir emerg&ecirc;ncia clim&aacute;tica, participa&ccedil;&atilde;o da juventude e conhecimento tradicional.<\/p><h2 id=\"h-5-a-luta-pela-mae-terra-e-a-mae-de-todas-as-lutas-sonia-guajajara\" class=\"wp-block-heading\"><span class=\"ez-toc-section\" id=\"5-%E2%80%94-%E2%80%9CA-luta-pela-Mae-Terra-e-a-mae-de-todas-as-lutas%E2%80%9D-%E2%80%94-Sonia-Guajajara\"><\/span>5 &mdash; &ldquo;A luta pela M&atilde;e Terra &eacute; a m&atilde;e de todas as lutas!&rdquo; &mdash; S&ocirc;nia Guajajara<span class=\"ez-toc-section-end\"><\/span><\/h2><p class=\"wp-block-paragraph\">A frase foi utilizada por S&ocirc;nia Guajajara durante um discurso na C&uacute;pula do Clima da Organiza&ccedil;&atilde;o das Na&ccedil;&otilde;es Unidas, em 2019. A lideran&ccedil;a ind&iacute;gena destacou que a destrui&ccedil;&atilde;o da natureza tamb&eacute;m amea&ccedil;a os povos, as culturas e as formas de vida ligadas aos territ&oacute;rios.<\/p><p class=\"wp-block-paragraph\">A cita&ccedil;&atilde;o relaciona prote&ccedil;&atilde;o ambiental e direitos humanos. Por isso, pode ser empregada em temas sobre demarca&ccedil;&atilde;o de terras, justi&ccedil;a clim&aacute;tica, participa&ccedil;&atilde;o pol&iacute;tica dos povos ind&iacute;genas e conflitos provocados pelo avan&ccedil;o de atividades econ&ocirc;micas sobre &aacute;reas protegidas.<\/p><p class=\"wp-block-verse wp-block-paragraph\"><a href=\"https:\/\/vestibulares.estrategia.com\/portal\/materias\/redacao\/citacoes-de-pensadores-indigenas-para-usar-na-redacao\/\">+ Dia dos Povos Ind&iacute;genas: conhe&ccedil;a 9 cita&ccedil;&otilde;es de pensadores ind&iacute;genas para usar na reda&ccedil;&atilde;o<\/a><\/p><h2 id=\"h-6-o-desafio-para-o-desenvolvimento-da-amazonia-e-conceber-e-implementar-um-modelo-que-utilize-o-patrimonio-natural-sem-destrui-lo-bertha-becker\" class=\"wp-block-heading\"><span class=\"ez-toc-section\" id=\"6-%E2%80%94-%E2%80%9CO-desafio-para-o-desenvolvimento-da-Amazonia-e-conceber-e-implementar-um-modelo-que-utilize-o-patrimonio-natural-sem-destrui-lo%E2%80%9D-%E2%80%94-Bertha-Becker\"><\/span>6 &mdash; &ldquo;O desafio para o desenvolvimento da Amaz&ocirc;nia &eacute; conceber e implementar um modelo que utilize o patrim&ocirc;nio natural sem destru&iacute;-lo.&rdquo; &mdash; Bertha Becker<span class=\"ez-toc-section-end\"><\/span><\/h2><p class=\"wp-block-paragraph\">Bertha Becker foi uma ge&oacute;grafa brasileira que dedicou parte de sua produ&ccedil;&atilde;o acad&ecirc;mica ao estudo da Amaz&ocirc;nia. A pesquisadora defendia a supera&ccedil;&atilde;o da oposi&ccedil;&atilde;o entre desenvolvimento econ&ocirc;mico e preserva&ccedil;&atilde;o ambiental.<\/p><p class=\"wp-block-paragraph\">Em<a href=\"https:\/\/cienciahoje.org.br\/artigo\/entrevista-bertha-becker-revolucao-para-a-amazonia\/\" target=\"_blank\" rel=\"noopener noreferrer\"> entrevista &agrave; revista Ci&ecirc;ncia Hoje<\/a>, Becker afirmou que ci&ecirc;ncia, tecnologia e inova&ccedil;&atilde;o poderiam contribuir para gerar trabalho e renda a partir da floresta preservada. A cita&ccedil;&atilde;o pode ser usada em debates sobre bioeconomia, pol&iacute;ticas p&uacute;blicas, desigualdade regional e explora&ccedil;&atilde;o sustent&aacute;vel da biodiversidade.<\/p><h2 id=\"h-7-temos-projecoes-recentes-que-nao-deixam-nenhuma-duvida-de-que-a-amazonia-esta-a-beira-do-precipicio-carlos-nobre\" class=\"wp-block-heading\"><span class=\"ez-toc-section\" id=\"7-%E2%80%94-%E2%80%9CTemos-projecoes-recentes-que-nao-deixam-nenhuma-duvida-de-que-a-Amazonia-esta-a-beira-do-precipicio%E2%80%9D-%E2%80%94-Carlos-Nobre\"><\/span>7 &mdash; &ldquo;Temos proje&ccedil;&otilde;es recentes que n&atilde;o deixam nenhuma d&uacute;vida de que a Amaz&ocirc;nia est&aacute; &agrave; beira do precip&iacute;cio.&rdquo; &mdash; Carlos Nobre<span class=\"ez-toc-section-end\"><\/span><\/h2><p class=\"wp-block-paragraph\">Carlos Nobre &eacute; climatologista e um dos pesquisadores respons&aacute;veis por alertar sobre o chamado ponto de n&atilde;o retorno da Amaz&ocirc;nia. Esse processo pode ocorrer quando as mudan&ccedil;as clim&aacute;ticas e a destrui&ccedil;&atilde;o da vegeta&ccedil;&atilde;o reduzem a capacidade de regenera&ccedil;&atilde;o da floresta.<\/p><p class=\"wp-block-paragraph\">A frase foi dita em uma<a href=\"https:\/\/sumauma.com\/carlos-nobre-um-cientista-apavorado-mas-otimista-na-cop-da-biodiversidade\/\" target=\"_blank\" rel=\"noopener noreferrer\"> entrevista sobre os riscos enfrentados pela Amaz&ocirc;nia<\/a>. Na reda&ccedil;&atilde;o, pode introduzir argumentos sobre desmatamento, redu&ccedil;&atilde;o das chuvas, aquecimento global, perda de esp&eacute;cies e necessidade de pol&iacute;ticas de preven&ccedil;&atilde;o e recupera&ccedil;&atilde;o ambiental.<\/p><h2 id=\"h-8-a-biodiversidade-do-mundo-e-mais-ou-menos-igual-a-uma-grande-biblioteca-thomas-lovejoy\" class=\"wp-block-heading\"><span class=\"ez-toc-section\" id=\"8-%E2%80%94-%E2%80%9CA-biodiversidade-do-mundo-e-mais-ou-menos-igual-a-uma-grande-biblioteca%E2%80%9D-%E2%80%94-Thomas-Lovejoy\"><\/span>8 &mdash; &ldquo;A biodiversidade do mundo &eacute; mais ou menos igual a uma grande biblioteca.&rdquo; &mdash; Thomas Lovejoy<span class=\"ez-toc-section-end\"><\/span><\/h2><p class=\"wp-block-paragraph\">O bi&oacute;logo norte-americano Thomas Lovejoy dedicou d&eacute;cadas ao estudo da Amaz&ocirc;nia e ajudou a divulgar o conceito de diversidade biol&oacute;gica. Ao comparar a biodiversidade a uma biblioteca, o pesquisador mostra que cada esp&eacute;cie re&uacute;ne informa&ccedil;&otilde;es constru&iacute;das ao longo da evolu&ccedil;&atilde;o.<\/p><p class=\"wp-block-paragraph\">A perda de uma esp&eacute;cie pode ser entendida, nessa compara&ccedil;&atilde;o, como a destrui&ccedil;&atilde;o de um livro antes que seu conte&uacute;do seja conhecido. A frase pode ser relacionada &agrave; extin&ccedil;&atilde;o de animais e plantas, &agrave; produ&ccedil;&atilde;o de medicamentos e &agrave; import&acirc;ncia da pesquisa cient&iacute;fica.<\/p><p class=\"wp-block-verse wp-block-paragraph\"><a href=\"https:\/\/vestibulares.estrategia.com\/portal\/materias\/redacao\/7-citacoes-sobre-meio-ambiente-para-usar-na-redacao\/\">+ 7 cita&ccedil;&otilde;es sobre meio ambiente para usar na reda&ccedil;&atilde;o<\/a><\/p><h2 id=\"h-9-a-amazonia-e-a-ultima-pagina-ainda-a-escrever-se-do-genese-euclides-da-cunha\" class=\"wp-block-heading\"><span class=\"ez-toc-section\" id=\"9-%E2%80%94-%E2%80%9CA-Amazonia-e-a-ultima-pagina-ainda-a-escrever-se-do-Genese%E2%80%9D-%E2%80%94-Euclides-da-Cunha\"><\/span>9 &mdash; &ldquo;A Amaz&ocirc;nia &eacute; a &uacute;ltima p&aacute;gina, ainda a escrever-se, do G&ecirc;nese.&rdquo; &mdash; Euclides da Cunha<span class=\"ez-toc-section-end\"><\/span><\/h2><p class=\"wp-block-paragraph\">Euclides da Cunha esteve na Amaz&ocirc;nia no in&iacute;cio do s&eacute;culo XX, quando participou de uma expedi&ccedil;&atilde;o brasileira respons&aacute;vel por reconhecer a regi&atilde;o do Alto Purus. As observa&ccedil;&otilde;es feitas durante a viagem foram reunidas em textos publicados posteriormente.<\/p><p class=\"wp-block-paragraph\">Na frase, analisada em um<a href=\"https:\/\/revistas.usp.br\/revusp\/article\/download\/13442\/15260\/16416\" target=\"_blank\" rel=\"noopener noreferrer\"> estudo da Revista USP<\/a>, o escritor compara a Amaz&ocirc;nia a uma parte da cria&ccedil;&atilde;o do mundo que ainda estaria em forma&ccedil;&atilde;o. A cita&ccedil;&atilde;o pode ser usada em quest&otilde;es de Literatura e Hist&oacute;ria, al&eacute;m de reda&ccedil;&otilde;es sobre representa&ccedil;&otilde;es da natureza, ocupa&ccedil;&atilde;o territorial e constru&ccedil;&atilde;o da identidade nacional.<\/p><h2 id=\"h-10-o-equilibrio-da-terra-depende-tambem-da-saude-da-amazonia-papa-francisco\" class=\"wp-block-heading\"><span class=\"ez-toc-section\" id=\"10-%E2%80%94-%E2%80%9CO-equilibrio-da-Terra-depende-tambem-da-saude-da-Amazonia%E2%80%9D-%E2%80%94-papa-Francisco\"><\/span>10 &mdash; &ldquo;O equil&iacute;brio da Terra depende tamb&eacute;m da sa&uacute;de da Amaz&ocirc;nia.&rdquo; &mdash; papa Francisco<span class=\"ez-toc-section-end\"><\/span><\/h2><p class=\"wp-block-paragraph\">A frase integra a exorta&ccedil;&atilde;o apost&oacute;lica<a href=\"https:\/\/www.vatican.va\/content\/francesco\/pt\/apost_exhortations\/documents\/papa-francesco_esortazione-ap_20200202_querida-amazonia.html\" target=\"_blank\" rel=\"noopener noreferrer\"> <em>Querida Amaz&ocirc;nia<\/em><\/a>, publicada em 2020 ap&oacute;s o S&iacute;nodo para a Amaz&ocirc;nia.<\/p><p class=\"wp-block-paragraph\">No documento, o papa Francisco relaciona a preserva&ccedil;&atilde;o da floresta aos ciclos de chuva, ao equil&iacute;brio clim&aacute;tico e &agrave; diversidade de seres vivos. Ele tamb&eacute;m afirma que a prote&ccedil;&atilde;o ambiental n&atilde;o pode ignorar as condi&ccedil;&otilde;es de vida dos povos amaz&ocirc;nicos. A cita&ccedil;&atilde;o pode ser aplicada a temas sobre responsabilidade coletiva, &eacute;tica ambiental e ecologia integral.<\/p><h2 id=\"h-11-todos-tem-direito-ao-meio-ambiente-ecologicamente-equilibrado-constituicao-federal-de-1988\" class=\"wp-block-heading\"><span class=\"ez-toc-section\" id=\"11-%E2%80%94-%E2%80%9CTodos-tem-direito-ao-meio-ambiente-ecologicamente-equilibrado%E2%80%9D-%E2%80%94-Constituicao-Federal-de-1988\"><\/span>11 &mdash; &ldquo;Todos t&ecirc;m direito ao meio ambiente ecologicamente equilibrado.&rdquo; &mdash; Constitui&ccedil;&atilde;o Federal de 1988<span class=\"ez-toc-section-end\"><\/span><\/h2><p class=\"wp-block-paragraph\">O trecho faz parte do artigo 225 da <a href=\"https:\/\/vestibulares.estrategia.com\/portal\/materias\/redacao\/como-citar-a-constituicao-federal-de-1988-na-redacao\/\">Constitui&ccedil;&atilde;o Federal<\/a>. O dispositivo determina que a defesa e a preserva&ccedil;&atilde;o do meio ambiente s&atilde;o deveres do poder p&uacute;blico e da coletividade, considerando as gera&ccedil;&otilde;es presentes e futuras.<\/p><p class=\"wp-block-paragraph\">A cita&ccedil;&atilde;o oferece uma base jur&iacute;dica para argumentar que a prote&ccedil;&atilde;o da Amaz&ocirc;nia n&atilde;o depende apenas de iniciativas individuais. Ela tamb&eacute;m exige fiscaliza&ccedil;&atilde;o, pol&iacute;ticas p&uacute;blicas, responsabiliza&ccedil;&atilde;o por crimes ambientais e recupera&ccedil;&atilde;o de &aacute;reas degradadas.<\/p><h2 id=\"h-como-utilizar-as-citacoes-sobre-a-amazonia-na-redacao\" class=\"wp-block-heading\"><span class=\"ez-toc-section\" id=\"Como-utilizar-as-citacoes-sobre-a-Amazonia-na-redacao\"><\/span>Como utilizar as cita&ccedil;&otilde;es sobre a Amaz&ocirc;nia na reda&ccedil;&atilde;o?<span class=\"ez-toc-section-end\"><\/span><\/h2><p class=\"wp-block-paragraph\">Uma cita&ccedil;&atilde;o n&atilde;o deve aparecer isolada no texto. Depois de apresentar a frase, o candidato precisa explicar sua rela&ccedil;&atilde;o com o argumento desenvolvido. Tamb&eacute;m &eacute; importante identificar corretamente o autor e evitar atribuir a ele ideias que n&atilde;o est&atilde;o presentes na declara&ccedil;&atilde;o.<\/p><p class=\"wp-block-paragraph\">A frase de Chico Mendes, por exemplo, pode sustentar a ideia de que a preserva&ccedil;&atilde;o da Amaz&ocirc;nia ultrapassa os limites da regi&atilde;o. Em seguida, o estudante pode explicar que o desmatamento interfere na biodiversidade, no regime de chuvas e no clima de outras partes do pa&iacute;s.<\/p><p class=\"wp-block-paragraph\">J&aacute; as cita&ccedil;&otilde;es de Davi Kopenawa, Txai Suru&iacute; e S&ocirc;nia Guajajara permitem destacar os povos ind&iacute;genas como produtores de conhecimento e agentes da preserva&ccedil;&atilde;o ambiental. Bertha Becker pode fundamentar uma proposta de desenvolvimento baseada em ci&ecirc;ncia, tecnologia e uso sustent&aacute;vel da floresta.<\/p><p class=\"wp-block-verse wp-block-paragraph\"><a href=\"https:\/\/vestibulares.estrategia.com\/portal\/materias\/redacao\/11-temas-de-redacao-sobre-meio-ambiente-para-vestibulares-e-enem\/\">+ 11 temas de reda&ccedil;&atilde;o sobre meio ambiente para vestibulares e Enem<\/a><\/p><h2 id=\"h-prepare-se-para-a-redacao-com-o-estrategia-vestibulares\" class=\"wp-block-heading\"><span class=\"ez-toc-section\" id=\"Prepare-se-para-a-redacao-com-o-Estrategia-Vestibulares\"><\/span>Prepare-se para a reda&ccedil;&atilde;o com o Estrat&eacute;gia Vestibulares!<span class=\"ez-toc-section-end\"><\/span><\/h2><p class=\"wp-block-paragraph\">A Amaz&ocirc;nia pode ser abordada nas provas a partir de diferentes &aacute;reas, como Geografia, Biologia, Hist&oacute;ria, Literatura, Sociologia e atualidades. As cita&ccedil;&otilde;es ajudam a relacionar esses conhecimentos e a construir argumentos fundamentados.<\/p><p class=\"wp-block-paragraph\">Com os cursos do <strong>Estrat&eacute;gia Vestibulares<\/strong>, voc&ecirc; encontra aulas, simulados, banco de quest&otilde;es e corre&ccedil;&otilde;es de reda&ccedil;&atilde;o para se preparar para o Enem e os principais vestibulares do pa&iacute;s. Clique no banner e conhe&ccedil;a nossos pacotes!<\/p><p class=\"wp-block-paragraph\"><a id=\"cta\" class=\"cta-imagem\" href=\"https:\/\/vestibulares.estrategia.com\/cursos\/\" target=\"blank\">\n                <img decoding=\"async\" width=\"100%\" src=\"https:\/\/vestibulares.estrategia.com\/portal\/wp-content\/uploads\/2021\/12\/EV2.jpg\" alt=\"CTA - Estrat\u00e9gia Vestibulares 2\" title=\"CTA - Estrat\u00e9gia Vestibulares 2\">\n        <\/a>\n<\/p><\/p>\n","protected":false},"excerpt":{"rendered":"Frases de Chico Mendes, Davi Kopenawa, Ailton Krenak e outros nomes ajudam a discutir preserva\u00e7\u00e3o ambiental, mudan\u00e7as clim\u00e1ticas e povos ind\u00edgenas\u00a0\n","protected":false},"author":68,"featured_media":159886,"comment_status":"closed","ping_status":"closed","sticky":false,"template":"","format":"standard","meta":{"footnotes":""},"categories":[816],"tags":[],"class_list":["post-159885","post","type-post","status-publish","format-standard","has-post-thumbnail","category-enem-e-vestibulares"],"acf":[],"yoast_head":"<!-- This site is optimized with the Yoast SEO Premium plugin v25.9 (Yoast SEO v28.2) - https:\/\/yoast.com\/product\/yoast-seo-premium-wordpress\/ -->\n<title>Dia da Amaz\u00f4nia: 11 cita\u00e7\u00f5es para usar na reda\u00e7\u00e3o\u00a0<\/title>\n<meta name=\"description\" content=\"Confira 11 cita\u00e7\u00f5es sobre a Amaz\u00f4nia para usar na reda\u00e7\u00e3o e amplie seu repert\u00f3rio sobre preserva\u00e7\u00e3o, povos ind\u00edgenas e mudan\u00e7as clim\u00e1ticas.\" \/>\n<meta name=\"robots\" content=\"index, follow, max-snippet:-1, max-image-preview:large, max-video-preview:-1\" \/>\n<link rel=\"canonical\" href=\"https:\/\/vestibulares.estrategia.com\/portal\/enem-e-vestibulares\/dia-da-amazonia-11-citacoes-para-usar-na-redacao\/\" \/>\n<meta property=\"og:locale\" content=\"pt_BR\" \/>\n<meta property=\"og:type\" content=\"article\" \/>\n<meta property=\"og:title\" content=\"Dia da Amaz\u00f4nia: 11 cita\u00e7\u00f5es para usar na reda\u00e7\u00e3o\u00a0\" \/>\n<meta property=\"og:description\" content=\"Confira 11 cita\u00e7\u00f5es sobre a Amaz\u00f4nia para usar na reda\u00e7\u00e3o e amplie seu repert\u00f3rio sobre preserva\u00e7\u00e3o, povos ind\u00edgenas e mudan\u00e7as clim\u00e1ticas.\" \/>\n<meta property=\"og:url\" content=\"https:\/\/vestibulares.estrategia.com\/portal\/enem-e-vestibulares\/dia-da-amazonia-11-citacoes-para-usar-na-redacao\/\" \/>\n<meta property=\"og:site_name\" content=\"Estrat\u00e9gia Vestibulares\" \/>\n<meta property=\"article:publisher\" content=\"https:\/\/facebook.com\/estrategiavestibulares\" \/>\n<meta property=\"article:published_time\" content=\"2026-09-05T12:53:19+00:00\" \/>\n<meta property=\"article:modified_time\" content=\"2026-09-05T12:53:22+00:00\" \/>\n<meta property=\"og:image\" content=\"https:\/\/vestibulares.estrategia.com\/portal\/wp-content\/uploads\/2026\/09\/amazonia_citacoes_vestibular.jpg\" \/>\n\t<meta property=\"og:image:width\" content=\"1920\" \/>\n\t<meta property=\"og:image:height\" content=\"1439\" \/>\n\t<meta property=\"og:image:type\" content=\"image\/jpeg\" \/>\n<meta name=\"author\" content=\"Isabella Capuzzo\" \/>\n<meta name=\"twitter:card\" content=\"summary_large_image\" \/>\n<meta name=\"twitter:creator\" content=\"@Estrategiavest\" \/>\n<meta name=\"twitter:site\" content=\"@Estrategiavest\" \/>\n<meta name=\"twitter:label1\" content=\"Escrito por\" \/>\n\t<meta name=\"twitter:data1\" content=\"Isabella Capuzzo\" \/>\n\t<meta name=\"twitter:label2\" content=\"Est. tempo de leitura\" \/>\n\t<meta name=\"twitter:data2\" content=\"9 minutos\" \/>\n<script type=\"application\/ld+json\" class=\"yoast-schema-graph\">{\"@context\":\"https:\\\/\\\/schema.org\",\"@graph\":[{\"@type\":\"NewsArticle\",\"@id\":\"https:\\\/\\\/vestibulares.estrategia.com\\\/portal\\\/enem-e-vestibulares\\\/dia-da-amazonia-11-citacoes-para-usar-na-redacao\\\/#article\",\"isPartOf\":{\"@id\":\"https:\\\/\\\/vestibulares.estrategia.com\\\/portal\\\/enem-e-vestibulares\\\/dia-da-amazonia-11-citacoes-para-usar-na-redacao\\\/\"},\"author\":{\"name\":\"Isabella Capuzzo\",\"@id\":\"https:\\\/\\\/vestibulares.estrategia.com\\\/portal\\\/#\\\/schema\\\/person\\\/8fe9a20b7c7ef2bbbacff85e3553f0ec\"},\"headline\":\"Dia da Amaz\u00f4nia: 11 cita\u00e7\u00f5es para usar na reda\u00e7\u00e3o\u00a0\",\"datePublished\":\"2026-09-05T12:53:19+00:00\",\"dateModified\":\"2026-09-05T12:53:22+00:00\",\"mainEntityOfPage\":{\"@id\":\"https:\\\/\\\/vestibulares.estrategia.com\\\/portal\\\/enem-e-vestibulares\\\/dia-da-amazonia-11-citacoes-para-usar-na-redacao\\\/\"},\"wordCount\":1753,\"publisher\":{\"@id\":\"https:\\\/\\\/vestibulares.estrategia.com\\\/portal\\\/#organization\"},\"image\":{\"@id\":\"https:\\\/\\\/vestibulares.estrategia.com\\\/portal\\\/enem-e-vestibulares\\\/dia-da-amazonia-11-citacoes-para-usar-na-redacao\\\/#primaryimage\"},\"thumbnailUrl\":\"https:\\\/\\\/vestibulares.estrategia.com\\\/portal\\\/wp-content\\\/uploads\\\/2026\\\/09\\\/amazonia_citacoes_vestibular.jpg\",\"articleSection\":[\"Enem e Vestibulares\"],\"inLanguage\":\"pt-BR\"},{\"@type\":\"WebPage\",\"@id\":\"https:\\\/\\\/vestibulares.estrategia.com\\\/portal\\\/enem-e-vestibulares\\\/dia-da-amazonia-11-citacoes-para-usar-na-redacao\\\/\",\"url\":\"https:\\\/\\\/vestibulares.estrategia.com\\\/portal\\\/enem-e-vestibulares\\\/dia-da-amazonia-11-citacoes-para-usar-na-redacao\\\/\",\"name\":\"Dia da Amaz\u00f4nia: 11 cita\u00e7\u00f5es para usar na reda\u00e7\u00e3o\u00a0\",\"isPartOf\":{\"@id\":\"https:\\\/\\\/vestibulares.estrategia.com\\\/portal\\\/#website\"},\"primaryImageOfPage\":{\"@id\":\"https:\\\/\\\/vestibulares.estrategia.com\\\/portal\\\/enem-e-vestibulares\\\/dia-da-amazonia-11-citacoes-para-usar-na-redacao\\\/#primaryimage\"},\"image\":{\"@id\":\"https:\\\/\\\/vestibulares.estrategia.com\\\/portal\\\/enem-e-vestibulares\\\/dia-da-amazonia-11-citacoes-para-usar-na-redacao\\\/#primaryimage\"},\"thumbnailUrl\":\"https:\\\/\\\/vestibulares.estrategia.com\\\/portal\\\/wp-content\\\/uploads\\\/2026\\\/09\\\/amazonia_citacoes_vestibular.jpg\",\"datePublished\":\"2026-09-05T12:53:19+00:00\",\"dateModified\":\"2026-09-05T12:53:22+00:00\",\"description\":\"Confira 11 cita\u00e7\u00f5es sobre a Amaz\u00f4nia para usar na reda\u00e7\u00e3o e amplie seu repert\u00f3rio sobre preserva\u00e7\u00e3o, povos ind\u00edgenas e mudan\u00e7as clim\u00e1ticas.\",\"breadcrumb\":{\"@id\":\"https:\\\/\\\/vestibulares.estrategia.com\\\/portal\\\/enem-e-vestibulares\\\/dia-da-amazonia-11-citacoes-para-usar-na-redacao\\\/#breadcrumb\"},\"inLanguage\":\"pt-BR\",\"potentialAction\":[{\"@type\":\"ReadAction\",\"target\":[\"https:\\\/\\\/vestibulares.estrategia.com\\\/portal\\\/enem-e-vestibulares\\\/dia-da-amazonia-11-citacoes-para-usar-na-redacao\\\/\"]}]},{\"@type\":\"ImageObject\",\"inLanguage\":\"pt-BR\",\"@id\":\"https:\\\/\\\/vestibulares.estrategia.com\\\/portal\\\/enem-e-vestibulares\\\/dia-da-amazonia-11-citacoes-para-usar-na-redacao\\\/#primaryimage\",\"url\":\"https:\\\/\\\/vestibulares.estrategia.com\\\/portal\\\/wp-content\\\/uploads\\\/2026\\\/09\\\/amazonia_citacoes_vestibular.jpg\",\"contentUrl\":\"https:\\\/\\\/vestibulares.estrategia.com\\\/portal\\\/wp-content\\\/uploads\\\/2026\\\/09\\\/amazonia_citacoes_vestibular.jpg\",\"width\":1920,\"height\":1439,\"caption\":\"Magnific\"},{\"@type\":\"BreadcrumbList\",\"@id\":\"https:\\\/\\\/vestibulares.estrategia.com\\\/portal\\\/enem-e-vestibulares\\\/dia-da-amazonia-11-citacoes-para-usar-na-redacao\\\/#breadcrumb\",\"itemListElement\":[{\"@type\":\"ListItem\",\"position\":1,\"name\":\"Home\",\"item\":\"https:\\\/\\\/vestibulares.estrategia.com\\\/portal\\\/\"},{\"@type\":\"ListItem\",\"position\":2,\"name\":\"Enem e Vestibulares\",\"item\":\"https:\\\/\\\/vestibulares.estrategia.com\\\/portal\\\/enem-e-vestibulares\\\/\"},{\"@type\":\"ListItem\",\"position\":3,\"name\":\"Dia da Amaz\u00f4nia: 11 cita\u00e7\u00f5es para usar na reda\u00e7\u00e3o\u00a0\"}]},{\"@type\":\"WebSite\",\"@id\":\"https:\\\/\\\/vestibulares.estrategia.com\\\/portal\\\/#website\",\"url\":\"https:\\\/\\\/vestibulares.estrategia.com\\\/portal\\\/\",\"name\":\"Estrat\u00e9gia Vestibulares\",\"description\":\"\",\"publisher\":{\"@id\":\"https:\\\/\\\/vestibulares.estrategia.com\\\/portal\\\/#organization\"},\"potentialAction\":[{\"@type\":\"SearchAction\",\"target\":{\"@type\":\"EntryPoint\",\"urlTemplate\":\"https:\\\/\\\/vestibulares.estrategia.com\\\/portal\\\/?s={search_term_string}\"},\"query-input\":{\"@type\":\"PropertyValueSpecification\",\"valueRequired\":true,\"valueName\":\"search_term_string\"}}],\"inLanguage\":\"pt-BR\"},{\"@type\":\"Organization\",\"@id\":\"https:\\\/\\\/vestibulares.estrategia.com\\\/portal\\\/#organization\",\"name\":\"Estrat\u00e9gia Vestibulares\",\"url\":\"https:\\\/\\\/vestibulares.estrategia.com\\\/portal\\\/\",\"logo\":{\"@type\":\"ImageObject\",\"inLanguage\":\"pt-BR\",\"@id\":\"https:\\\/\\\/vestibulares.estrategia.com\\\/portal\\\/#\\\/schema\\\/logo\\\/image\\\/\",\"url\":\"https:\\\/\\\/vestibulares.estrategia.com\\\/portal\\\/wp-content\\\/uploads\\\/2021\\\/06\\\/Logo-Vestibulares@4x.png\",\"contentUrl\":\"https:\\\/\\\/vestibulares.estrategia.com\\\/portal\\\/wp-content\\\/uploads\\\/2021\\\/06\\\/Logo-Vestibulares@4x.png\",\"width\":250,\"height\":66,\"caption\":\"Estrat\u00e9gia Vestibulares\"},\"image\":{\"@id\":\"https:\\\/\\\/vestibulares.estrategia.com\\\/portal\\\/#\\\/schema\\\/logo\\\/image\\\/\"},\"sameAs\":[\"https:\\\/\\\/facebook.com\\\/estrategiavestibulares\",\"https:\\\/\\\/x.com\\\/Estrategiavest\",\"https:\\\/\\\/www.instagram.com\\\/estrategiavestibulares\",\"https:\\\/\\\/www.youtube.com\\\/channel\\\/UCGWdZy8ULI-7_5GrABa4vNA\"]},{\"@type\":\"Person\",\"@id\":\"https:\\\/\\\/vestibulares.estrategia.com\\\/portal\\\/#\\\/schema\\\/person\\\/8fe9a20b7c7ef2bbbacff85e3553f0ec\",\"name\":\"Isabella Capuzzo\",\"image\":{\"@type\":\"ImageObject\",\"inLanguage\":\"pt-BR\",\"@id\":\"https:\\\/\\\/secure.gravatar.com\\\/avatar\\\/3fbcbcd2aa61df33f419e9097c12670da4f19a630e5a49cd83be7a239357d4d3?s=96&d=mm&r=g\",\"url\":\"https:\\\/\\\/secure.gravatar.com\\\/avatar\\\/3fbcbcd2aa61df33f419e9097c12670da4f19a630e5a49cd83be7a239357d4d3?s=96&d=mm&r=g\",\"contentUrl\":\"https:\\\/\\\/secure.gravatar.com\\\/avatar\\\/3fbcbcd2aa61df33f419e9097c12670da4f19a630e5a49cd83be7a239357d4d3?s=96&d=mm&r=g\",\"caption\":\"Isabella Capuzzo\"},\"description\":\"Redatora do Portal Estrat\u00e9gia Vestibulares e estudante de Jornalismo no Centro Universit\u00e1rio Bar\u00e3o de Mau\u00e1, em Ribeir\u00e3o Preto (SP).\",\"url\":\"https:\\\/\\\/vestibulares.estrategia.com\\\/portal\\\/author\\\/isabella-capuzzo\\\/\"}]}<\/script>\n<!-- \/ Yoast SEO Premium plugin. -->","yoast_head_json":{"title":"Dia da Amaz\u00f4nia: 11 cita\u00e7\u00f5es para usar na reda\u00e7\u00e3o\u00a0","description":"Confira 11 cita\u00e7\u00f5es sobre a Amaz\u00f4nia para usar na reda\u00e7\u00e3o e amplie seu repert\u00f3rio sobre preserva\u00e7\u00e3o, povos ind\u00edgenas e mudan\u00e7as clim\u00e1ticas.","robots":{"index":"index","follow":"follow","max-snippet":"max-snippet:-1","max-image-preview":"max-image-preview:large","max-video-preview":"max-video-preview:-1"},"canonical":"https:\/\/vestibulares.estrategia.com\/portal\/enem-e-vestibulares\/dia-da-amazonia-11-citacoes-para-usar-na-redacao\/","og_locale":"pt_BR","og_type":"article","og_title":"Dia da Amaz\u00f4nia: 11 cita\u00e7\u00f5es para usar na reda\u00e7\u00e3o\u00a0","og_description":"Confira 11 cita\u00e7\u00f5es sobre a Amaz\u00f4nia para usar na reda\u00e7\u00e3o e amplie seu repert\u00f3rio sobre preserva\u00e7\u00e3o, povos ind\u00edgenas e mudan\u00e7as clim\u00e1ticas.","og_url":"https:\/\/vestibulares.estrategia.com\/portal\/enem-e-vestibulares\/dia-da-amazonia-11-citacoes-para-usar-na-redacao\/","og_site_name":"Estrat\u00e9gia Vestibulares","article_publisher":"https:\/\/facebook.com\/estrategiavestibulares","article_published_time":"2026-09-05T12:53:19+00:00","article_modified_time":"2026-09-05T12:53:22+00:00","og_image":[{"width":1920,"height":1439,"url":"https:\/\/vestibulares.estrategia.com\/portal\/wp-content\/uploads\/2026\/09\/amazonia_citacoes_vestibular.jpg","type":"image\/jpeg"}],"author":"Isabella Capuzzo","twitter_card":"summary_large_image","twitter_creator":"@Estrategiavest","twitter_site":"@Estrategiavest","twitter_misc":{"Escrito por":"Isabella Capuzzo","Est. tempo de leitura":"9 minutos"},"schema":{"@context":"https:\/\/schema.org","@graph":[{"@type":"NewsArticle","@id":"https:\/\/vestibulares.estrategia.com\/portal\/enem-e-vestibulares\/dia-da-amazonia-11-citacoes-para-usar-na-redacao\/#article","isPartOf":{"@id":"https:\/\/vestibulares.estrategia.com\/portal\/enem-e-vestibulares\/dia-da-amazonia-11-citacoes-para-usar-na-redacao\/"},"author":{"name":"Isabella Capuzzo","@id":"https:\/\/vestibulares.estrategia.com\/portal\/#\/schema\/person\/8fe9a20b7c7ef2bbbacff85e3553f0ec"},"headline":"Dia da Amaz\u00f4nia: 11 cita\u00e7\u00f5es para usar na reda\u00e7\u00e3o\u00a0","datePublished":"2026-09-05T12:53:19+00:00","dateModified":"2026-09-05T12:53:22+00:00","mainEntityOfPage":{"@id":"https:\/\/vestibulares.estrategia.com\/portal\/enem-e-vestibulares\/dia-da-amazonia-11-citacoes-para-usar-na-redacao\/"},"wordCount":1753,"publisher":{"@id":"https:\/\/vestibulares.estrategia.com\/portal\/#organization"},"image":{"@id":"https:\/\/vestibulares.estrategia.com\/portal\/enem-e-vestibulares\/dia-da-amazonia-11-citacoes-para-usar-na-redacao\/#primaryimage"},"thumbnailUrl":"https:\/\/vestibulares.estrategia.com\/portal\/wp-content\/uploads\/2026\/09\/amazonia_citacoes_vestibular.jpg","articleSection":["Enem e Vestibulares"],"inLanguage":"pt-BR"},{"@type":"WebPage","@id":"https:\/\/vestibulares.estrategia.com\/portal\/enem-e-vestibulares\/dia-da-amazonia-11-citacoes-para-usar-na-redacao\/","url":"https:\/\/vestibulares.estrategia.com\/portal\/enem-e-vestibulares\/dia-da-amazonia-11-citacoes-para-usar-na-redacao\/","name":"Dia da Amaz\u00f4nia: 11 cita\u00e7\u00f5es para usar na reda\u00e7\u00e3o\u00a0","isPartOf":{"@id":"https:\/\/vestibulares.estrategia.com\/portal\/#website"},"primaryImageOfPage":{"@id":"https:\/\/vestibulares.estrategia.com\/portal\/enem-e-vestibulares\/dia-da-amazonia-11-citacoes-para-usar-na-redacao\/#primaryimage"},"image":{"@id":"https:\/\/vestibulares.estrategia.com\/portal\/enem-e-vestibulares\/dia-da-amazonia-11-citacoes-para-usar-na-redacao\/#primaryimage"},"thumbnailUrl":"https:\/\/vestibulares.estrategia.com\/portal\/wp-content\/uploads\/2026\/09\/amazonia_citacoes_vestibular.jpg","datePublished":"2026-09-05T12:53:19+00:00","dateModified":"2026-09-05T12:53:22+00:00","description":"Confira 11 cita\u00e7\u00f5es sobre a Amaz\u00f4nia para usar na reda\u00e7\u00e3o e amplie seu repert\u00f3rio sobre preserva\u00e7\u00e3o, povos ind\u00edgenas e mudan\u00e7as clim\u00e1ticas.","breadcrumb":{"@id":"https:\/\/vestibulares.estrategia.com\/portal\/enem-e-vestibulares\/dia-da-amazonia-11-citacoes-para-usar-na-redacao\/#breadcrumb"},"inLanguage":"pt-BR","potentialAction":[{"@type":"ReadAction","target":["https:\/\/vestibulares.estrategia.com\/portal\/enem-e-vestibulares\/dia-da-amazonia-11-citacoes-para-usar-na-redacao\/"]}]},{"@type":"ImageObject","inLanguage":"pt-BR","@id":"https:\/\/vestibulares.estrategia.com\/portal\/enem-e-vestibulares\/dia-da-amazonia-11-citacoes-para-usar-na-redacao\/#primaryimage","url":"https:\/\/vestibulares.estrategia.com\/portal\/wp-content\/uploads\/2026\/09\/amazonia_citacoes_vestibular.jpg","contentUrl":"https:\/\/vestibulares.estrategia.com\/portal\/wp-content\/uploads\/2026\/09\/amazonia_citacoes_vestibular.jpg","width":1920,"height":1439,"caption":"Magnific"},{"@type":"BreadcrumbList","@id":"https:\/\/vestibulares.estrategia.com\/portal\/enem-e-vestibulares\/dia-da-amazonia-11-citacoes-para-usar-na-redacao\/#breadcrumb","itemListElement":[{"@type":"ListItem","position":1,"name":"Home","item":"https:\/\/vestibulares.estrategia.com\/portal\/"},{"@type":"ListItem","position":2,"name":"Enem e Vestibulares","item":"https:\/\/vestibulares.estrategia.com\/portal\/enem-e-vestibulares\/"},{"@type":"ListItem","position":3,"name":"Dia da Amaz\u00f4nia: 11 cita\u00e7\u00f5es para usar na reda\u00e7\u00e3o\u00a0"}]},{"@type":"WebSite","@id":"https:\/\/vestibulares.estrategia.com\/portal\/#website","url":"https:\/\/vestibulares.estrategia.com\/portal\/","name":"Estrat\u00e9gia Vestibulares","description":"","publisher":{"@id":"https:\/\/vestibulares.estrategia.com\/portal\/#organization"},"potentialAction":[{"@type":"SearchAction","target":{"@type":"EntryPoint","urlTemplate":"https:\/\/vestibulares.estrategia.com\/portal\/?s={search_term_string}"},"query-input":{"@type":"PropertyValueSpecification","valueRequired":true,"valueName":"search_term_string"}}],"inLanguage":"pt-BR"},{"@type":"Organization","@id":"https:\/\/vestibulares.estrategia.com\/portal\/#organization","name":"Estrat\u00e9gia Vestibulares","url":"https:\/\/vestibulares.estrategia.com\/portal\/","logo":{"@type":"ImageObject","inLanguage":"pt-BR","@id":"https:\/\/vestibulares.estrategia.com\/portal\/#\/schema\/logo\/image\/","url":"https:\/\/vestibulares.estrategia.com\/portal\/wp-content\/uploads\/2021\/06\/Logo-Vestibulares@4x.png","contentUrl":"https:\/\/vestibulares.estrategia.com\/portal\/wp-content\/uploads\/2021\/06\/Logo-Vestibulares@4x.png","width":250,"height":66,"caption":"Estrat\u00e9gia Vestibulares"},"image":{"@id":"https:\/\/vestibulares.estrategia.com\/portal\/#\/schema\/logo\/image\/"},"sameAs":["https:\/\/facebook.com\/estrategiavestibulares","https:\/\/x.com\/Estrategiavest","https:\/\/www.instagram.com\/estrategiavestibulares","https:\/\/www.youtube.com\/channel\/UCGWdZy8ULI-7_5GrABa4vNA"]},{"@type":"Person","@id":"https:\/\/vestibulares.estrategia.com\/portal\/#\/schema\/person\/8fe9a20b7c7ef2bbbacff85e3553f0ec","name":"Isabella Capuzzo","image":{"@type":"ImageObject","inLanguage":"pt-BR","@id":"https:\/\/secure.gravatar.com\/avatar\/3fbcbcd2aa61df33f419e9097c12670da4f19a630e5a49cd83be7a239357d4d3?s=96&d=mm&r=g","url":"https:\/\/secure.gravatar.com\/avatar\/3fbcbcd2aa61df33f419e9097c12670da4f19a630e5a49cd83be7a239357d4d3?s=96&d=mm&r=g","contentUrl":"https:\/\/secure.gravatar.com\/avatar\/3fbcbcd2aa61df33f419e9097c12670da4f19a630e5a49cd83be7a239357d4d3?s=96&d=mm&r=g","caption":"Isabella Capuzzo"},"description":"Redatora do Portal Estrat\u00e9gia Vestibulares e estudante de Jornalismo no Centro Universit\u00e1rio Bar\u00e3o de Mau\u00e1, em Ribeir\u00e3o Preto (SP).","url":"https:\/\/vestibulares.estrategia.com\/portal\/author\/isabella-capuzzo\/"}]}},"_links":{"self":[{"href":"https:\/\/vestibulares.estrategia.com\/portal\/wp-json\/wp\/v2\/posts\/159885","targetHints":{"allow":["GET"]}}],"collection":[{"href":"https:\/\/vestibulares.estrategia.com\/portal\/wp-json\/wp\/v2\/posts"}],"about":[{"href":"https:\/\/vestibulares.estrategia.com\/portal\/wp-json\/wp\/v2\/types\/post"}],"author":[{"embeddable":true,"href":"https:\/\/vestibulares.estrategia.com\/portal\/wp-json\/wp\/v2\/users\/68"}],"replies":[{"embeddable":true,"href":"https:\/\/vestibulares.estrategia.com\/portal\/wp-json\/wp\/v2\/comments?post=159885"}],"version-history":[{"count":1,"href":"https:\/\/vestibulares.estrategia.com\/portal\/wp-json\/wp\/v2\/posts\/159885\/revisions"}],"predecessor-version":[{"id":159887,"href":"https:\/\/vestibulares.estrategia.com\/portal\/wp-json\/wp\/v2\/posts\/159885\/revisions\/159887"}],"wp:featuredmedia":[{"embeddable":true,"href":"https:\/\/vestibulares.estrategia.com\/portal\/wp-json\/wp\/v2\/media\/159886"}],"wp:attachment":[{"href":"https:\/\/vestibulares.estrategia.com\/portal\/wp-json\/wp\/v2\/media?parent=159885"}],"wp:term":[{"taxonomy":"category","embeddable":true,"href":"https:\/\/vestibulares.estrategia.com\/portal\/wp-json\/wp\/v2\/categories?post=159885"},{"taxonomy":"post_tag","embeddable":true,"href":"https:\/\/vestibulares.estrategia.com\/portal\/wp-json\/wp\/v2\/tags?post=159885"}],"curies":[{"name":"wp","href":"https:\/\/api.w.org\/{rel}","templated":true}]}}