{"id":31640,"date":"2019-10-23T16:30:51","date_gmt":"2019-10-23T19:30:51","guid":{"rendered":"https:\/\/blog.estrategiavestibulares.com.br\/?p=31640"},"modified":"2022-02-14T15:38:21","modified_gmt":"2022-02-14T18:38:21","slug":"gabarito-uel-2020-artes","status":"publish","type":"post","link":"https:\/\/vestibulares.estrategia.com\/portal\/materias\/artes\/gabarito-uel-2020-artes\/","title":{"rendered":"Gabarito UEL 2020 \u2013 Artes \u2013 Resolu\u00e7\u00e3o Comentada"},"content":{"rendered":"<p>Ol&aacute;, pessoal&hellip; Tudo bem? Sou o prof. Celina, do Estrat&eacute;gia Vestibulares, e escrevo este artigo para lan&ccedil;ar o Gabarito UEL 2020, da disciplina de Artes. Nesta p&aacute;gina, voc&ecirc; vai conferir a resolu&ccedil;&atilde;o comentada completa. Vamos nessa??<pre class=\"wp-block-verse\">Veja tamb&eacute;m: <a href=\"https:\/\/vestibulares.estrategia.com\/portal\/vestibulares\/uel-2022-relacao-candidato-vaga\/\" target=\"_blank\">UEL <\/a><a href=\"https:\/\/vestibulares.estrategia.com\/portal\/vestibulares\/uel-2022-relacao-candidato-vaga\/\">2022: r<\/a><a href=\"https:\/\/vestibulares.estrategia.com\/portal\/vestibulares\/uel-2022-relacao-candidato-vaga\/\" target=\"_blank\">ela&ccedil;&atilde;o <\/a><a href=\"https:\/\/vestibulares.estrategia.com\/portal\/vestibulares\/uel-2022-relacao-candidato-vaga\/\">candidato\/vaga<\/a><\/pre><div class=\"wp-block-file\"><a rel=\"nofollow noopener noreferrer\" href=\"https:\/\/estrategia-blogs.s3.amazonaws.com\/vestibulares\/wp-content\/uploads\/2019\/10\/Prova-de-Artes-Vestibular-UEL1-1.pdf\" target=\"_blank\">Resolu&ccedil;&atilde;o &ndash; Artes &ndash; Vestibular UEL 2020<\/a><a rel=\"nofollow noopener noreferrer\" href=\"https:\/\/cdn.blog.estrategiavestibulares.com.br\/vestibulares\/wp-content\/uploads\/2019\/10\/Prova-de-Artes-Vestibular-UEL1-1.pdf\" class=\"wp-block-file__button\" download target=\"_blank\">Baixar<\/a><\/div><div id=\"ez-toc-container\" class=\"ez-toc-v2_0_76 counter-hierarchy ez-toc-counter ez-toc-transparent ez-toc-container-direction\">\n<div class=\"ez-toc-title-container\"><p class=\"ez-toc-title\" style=\"cursor:inherit\">Navegue pelo conte\u00fado<\/p>\n<\/div><nav><ul class='ez-toc-list ez-toc-list-level-1 ' ><li class='ez-toc-page-1 ez-toc-heading-level-2'><a class=\"ez-toc-link ez-toc-heading-1\" href=\"https:\/\/vestibulares.estrategia.com\/portal\/materias\/artes\/gabarito-uel-2020-artes\/#UEL-2020\" >UEL 2020<\/a><\/li><li class='ez-toc-page-1 ez-toc-heading-level-2'><a class=\"ez-toc-link ez-toc-heading-2\" href=\"https:\/\/vestibulares.estrategia.com\/portal\/materias\/artes\/gabarito-uel-2020-artes\/#Leia-mais%E2%80%A6\" >Leia mais&hellip;<\/a><\/li><\/ul><\/nav><\/div>\n<h2 class=\"wp-block-heading\" id=\"h-uel-2020\"><span class=\"ez-toc-section\" id=\"UEL-2020\"><\/span>UEL 2020<span class=\"ez-toc-section-end\"><\/span><\/h2><h3 class=\"wp-block-heading\" id=\"h-questao-01\"><strong>Quest&atilde;o 01<\/strong><\/h3><p>Museus s&atilde;o espa&ccedil;os de produ&ccedil;&atilde;o e difus&atilde;o de\nconhecimento. Em suas diversas manifesta&ccedil;&otilde;es, promovem exposi&ccedil;&atilde;o, documenta&ccedil;&atilde;o\ne preserva&ccedil;&atilde;o dos patrim&ocirc;nios naturais, culturais e cient&iacute;ficos, os quais, ao\nlongo do tempo, se transformaram em institui&ccedil;&otilde;es sociais e educativas. S&atilde;o\nespa&ccedil;os de conhecimento e se destacam pela arquitetura executada em determinado\ncontexto hist&oacute;rico, social e geogr&aacute;fico.<\/p><p>Com base nos conhecimentos sobre arte arquitet&ocirc;nica, relacione as figuras a seguir com suas respectivas caracter&iacute;sticas arquitet&ocirc;nicas.<\/p><figure class=\"wp-block-image\"><img decoding=\"async\" src=\"https:\/\/cdn.blog.estrategiavestibulares.com.br\/vestibulares\/wp-content\/uploads\/2019\/10\/image136.png\" alt=\"\" class=\"wp-image-31641\"><\/figure><p>(A) Retomada dos modelos cl&aacute;ssicos, buscava a\nperfei&ccedil;&atilde;o e a beleza por meio do uso de formas equilibradas, proporcionais e\nharmoniosas, que visavam &agrave; simetria e &agrave; ordem. Uso de arcos, ab&oacute;badas, c&uacute;pulas\ne colunas.<\/p><p>(B) Valoriza&ccedil;&atilde;o do passado hist&oacute;rico e baseada nos\nideais iluministas, busca o racionalismo e o academicismo. Uso da propor&ccedil;&atilde;o e\nda clareza, da simplicidade e do equil&iacute;brio das formas, visando &agrave; harmonia e &agrave;\nbeleza est&eacute;tica.<\/p><p>(C) Uso de materiais de alta tecnologia, valoriza&ccedil;&atilde;o\nda popula&ccedil;&atilde;o usu&aacute;ria na elabora&ccedil;&atilde;o dos projetos, contribuindo para uma\narquitetura mais humana e ambiental, preocupada com a preserva&ccedil;&atilde;o de recursos\nnaturais.<\/p><p>(D) Mistura de v&aacute;rias tend&ecirc;ncias, utilizando formato\nirregular, incomum, pisos abertos, grandes dimens&otilde;es e diversidade de\nmateriais, privilegiando a funcionalidade, o conforto, o design org&acirc;nico e a\neconomia verde.<\/p><p>Assinale a alternativa que cont&eacute;m, de cima para\nbaixo, a sequ&ecirc;ncia correta.<\/p><p>a) I-A, II-C, III-B, IV-D<\/p><p>b) I-A, II-D, III-B, IV-C<\/p><p>c) I-B, II-D, III-A, IV-C<\/p><p>d) I-B, II-C, III-A, IV-D<\/p><p>e) I-D, II-C, III-A, IV-B<\/p><h3 class=\"wp-block-heading\" id=\"h-resolucao-comentada\"><strong>Resolu&ccedil;&atilde;o Comentada<\/strong><\/h3><ul class=\"wp-block-list\"><li>A imagem I refere-se &agrave; descri&ccedil;&atilde;o (A). &Eacute; poss&iacute;vel identificar na imagem as seguintes caracter&iacute;sticas elencadas: os arcos, na parte inferior do pr&eacute;dio; a c&uacute;pula no topo do pr&eacute;dio, possivelmente abrigando uma ab&oacute;bada na parte interna; e as colunas, tanto junto aos arcos quanto junto &agrave;s janelas.<\/li><li>A imagem II refere-se &agrave; descri&ccedil;&atilde;o (C). &Eacute; poss&iacute;vel identificar na imagem as seguintes caracter&iacute;sticas elencadas: os materiais tecnol&oacute;gicos, como os metais e a ilumina&ccedil;&atilde;o. Seria preciso que o aluno tivesse algum conhecimento sobre o Museu do Amanh&atilde; &ndash; representado na figura &ndash; e soubesse que o museu utiliza energia solar captada em pain&eacute;is fotovoltaicos instalados na cobertura do edif&iacute;cio. Um dos pilares desse museu &eacute; a sustentabilidade.<\/li><li>A imagem III refere-se &agrave; descri&ccedil;&atilde;o (B). &Eacute; poss&iacute;vel identificar na imagem as seguintes caracter&iacute;sticas elencadas: a propor&ccedil;&atilde;o, uma vez que o pr&eacute;dio possui constru&ccedil;&atilde;o sim&eacute;trica dos dois lados a partir do &acirc;ngulo da foto; e simplicidade e equil&iacute;brio de formas. Comparando-se a imagem com as outras, fica mais f&aacute;cil perceber como este pr&eacute;dio &eacute; o que possui formas mais claras e menos rebuscamento.<\/li><li>A imagem IV refere-se &agrave; descri&ccedil;&atilde;o (D). &Eacute; poss&iacute;vel identificar na imagem as seguintes caracter&iacute;sticas elencadas: formato irregular, incomum, o que se percebe na constru&ccedil;&atilde;o em branco que corta a imagem ao meio; grandes dimens&otilde;es, o que se comprova pela foto a&eacute;rea que indica o tamanho do espa&ccedil;o; design org&acirc;nico, pela tentativa de adequar-se ao espa&ccedil;o dado pela natureza. <\/li><\/ul><p class=\"has-light-green-cyan-background-color has-background\"><strong>Gabarito: A<\/strong><\/p><p>Leia a charge (figura 2) e o texto I a seguir e responda &agrave;s quest&otilde;es 11 e 12.<\/p><figure class=\"wp-block-image\"><img decoding=\"async\" src=\"https:\/\/cdn.blog.estrategiavestibulares.com.br\/vestibulares\/wp-content\/uploads\/2019\/10\/image137.png\" alt=\"\" class=\"wp-image-31642\"><\/figure><p><strong>Texto I<\/strong><\/p><p>Assim como [&hellip;] [M&aacute;rio de Andrade] reconhece e\nafirma que h&aacute; uma gota de sangue em cada poema, assim tamb&eacute;m, parafraseando o\npoeta, queremos reconhecer e sustentar que h&aacute; uma gota de sangue em cada museu.\n[&hellip;] Admitir a presen&ccedil;a de sangue no museu significa tamb&eacute;m aceit&aacute;-lo como\narena, como espa&ccedil;o de conflito, como campo de tradi&ccedil;&atilde;o e contradi&ccedil;&atilde;o. Toda a\ninstitui&ccedil;&atilde;o museal apresenta um determinado discurso sobre a realidade. Este\ndiscurso, como &eacute; natural, n&atilde;o &eacute; natural e comp&otilde;e-se de som e de sil&ecirc;ncio, de\ncheio e de vazio, de presen&ccedil;a e de aus&ecirc;ncia, de lembran&ccedil;a e de esquecimento.<\/p><p>CHAGAS, Mario Souza. H&aacute; uma gota de sangue em cada museu: a &oacute;tica museol&oacute;gica de Mario de Andrade. 2. ed. Chapec&oacute;: Argos, 2015. v. 1.<\/p><h3 class=\"wp-block-heading\" id=\"h-questao-11\"><strong>Quest&atilde;o 11<\/strong><\/h3><p>Com base na charge (figura 2), no texto I e nos\nconhecimentos sobre hist&oacute;ria e mem&oacute;ria, considere as afirmativas a seguir.<\/p><p>I. Os museus s&atilde;o institui&ccedil;&otilde;es com dimens&otilde;es\npol&iacute;ticas, pois a preserva&ccedil;&atilde;o, a organiza&ccedil;&atilde;o e a disposi&ccedil;&atilde;o de documentos\nimplicam a cria&ccedil;&atilde;o e a manuten&ccedil;&atilde;o de uma mem&oacute;ria em detrimento de narrativas\nsilenciadas.<\/p><p>II. Os museus s&atilde;o institui&ccedil;&otilde;es importantes por\npreservarem o patrim&ocirc;nio do passado remoto de uma cultura em detrimento da\nsociedade contempor&acirc;nea.<\/p><p>III. A cria&ccedil;&atilde;o e a preserva&ccedil;&atilde;o da mem&oacute;ria coletiva\nrealizada pelos museus s&atilde;o inclusivas em rela&ccedil;&atilde;o a outras narrativas,\npermitindo abordar a hist&oacute;ria de forma objetiva.<\/p><p>IV. O inc&ecirc;ndio do Museu Nacional destruiu parte do patrim&ocirc;nio\nmaterial brasileiro, acarretando implica&ccedil;&otilde;es sobre o patrim&ocirc;nio imaterial, a\nmem&oacute;ria e as identidades p&uacute;blicas.<\/p><p>Assinale a alternativa correta.<\/p><p>a) Somente as afirmativas I e II s&atilde;o corretas.<\/p><p>b) Somente as afirmativas I e IV s&atilde;o corretas.<\/p><p>c) Somente as afirmativas III e IV s&atilde;o corretas.<\/p><p>d) Somente as afirmativas I, II e III s&atilde;o corretas.<\/p><p>e) Somente as afirmativas II, III e IV s&atilde;o corretas.<\/p><h3 class=\"wp-block-heading\" id=\"h-resolucao-comentada-1\"><strong>Resolu&ccedil;&atilde;o Comentada<\/strong><\/h3><ul class=\"wp-block-list\"><li>O item I est&aacute; correto, pois o que o texto indica &eacute; que qualquer processo de arquivamento ou preserva&ccedil;&atilde;o envolve <strong>sele&ccedil;&atilde;o<\/strong>. Selecionamos baseados em algum crit&eacute;rio ou com algum objetivo. Toda sele&ccedil;&atilde;o implica tamb&eacute;m em exclus&atilde;o. N&atilde;o &eacute; poss&iacute;vel preservar toda a mem&oacute;ria ou todas as narrativas de determinado assunto em um museu.<\/li><li>O item II est&aacute; incorreto, pois em nenhum momento se afirma que devemos olhar apenas para o passado. Tanto &eacute; assim, que as obras mais antigas &ndash; a saber, a Monalisa, de Leonardo Da Vinci, e O Pensador, de Auguste Rodin &ndash; dialogam sobre o absurdo de vetar uma exposi&ccedil;&atilde;o nos dias de hoje.<\/li><li>O item III est&aacute; incorreto, pois o que o texto afirma &eacute; que n&atilde;o &eacute; poss&iacute;vel ser completamente inclusivo, pois ao decidir o que iremos ou n&atilde;o colocar num museu, j&aacute; estamos decidindo o que vale a pena ou n&atilde;o ser preservado ou exposto.<\/li><li>O item IV est&aacute; correto, pois com o inc&ecirc;ndio do Museu Nacional, perdemos tamb&eacute;m pesquisas e experi&ecirc;ncias. Al&eacute;m disso, os objetos ali expostos e guardados tamb&eacute;m traziam uma hist&oacute;ria ligada &agrave; constru&ccedil;&atilde;o da nossa mem&oacute;ria. <\/li><\/ul><p class=\"has-light-green-cyan-background-color has-background\"><strong>Gabarito: B<\/strong><\/p><h3 class=\"wp-block-heading\" id=\"h-questao-14\"><strong>Quest&atilde;o 14<\/strong><\/h3><p>Escultura &eacute; a arte da tridimensionalidade, pois transforma a forma em volume e faz a rela&ccedil;&atilde;o entre o espa&ccedil;o f&iacute;sico e a forma com volume, altura e profundidade.<\/p><figure class=\"wp-block-image\"><img decoding=\"async\" src=\"https:\/\/cdn.blog.estrategiavestibulares.com.br\/vestibulares\/wp-content\/uploads\/2019\/10\/image138.png\" alt=\"\" class=\"wp-image-31643\"><\/figure><p>Com base nos conhecimentos sobre as caracter&iacute;sticas\ngerais da escultura, atribua V (verdadeiro) ou F (falso) &agrave;s afirmativas a\nseguir.<\/p><p>( ) As esculturas gregas s&atilde;o est&aacute;ticas e t&ecirc;m fun&ccedil;&atilde;o\ndecorativa; baseiam-se em c&acirc;nones religiosos, na valoriza&ccedil;&atilde;o da nobreza,\ndespreocupadas com a beleza f&iacute;sica e com o realismo em suas representa&ccedil;&otilde;es.<\/p><p>( ) As esculturas renascentistas apresentam a beleza\nabsoluta, caracter&iacute;sticas da escultura cl&aacute;ssica, expressando o pensamento\nhumanista e a tridimensionalidade profunda.<\/p><p>( ) As esculturas impressionistas rompem com os\npadr&otilde;es estabelecidos, desvalorizam o aspecto externo de acabamento e deixam as\nobras em estado bruto dando a impress&atilde;o de figuras surgindo naquele momento.<\/p><p>( ) As esculturas concretas rompem com as propostas\ndas vanguardas art&iacute;sticas, trazendo uma tridimensionalidade est&aacute;tica, sem\nmovimento ou interfer&ecirc;ncia do espectador.<\/p><p>( ) As esculturas contempor&acirc;neas possibilitam o\nabandono de suportes tradicionais, liberdade e subjetividade na produ&ccedil;&atilde;o,\nefemeridade das obras e mesclam diferentes estilos e materiais.<\/p><p>Assinale a alternativa que cont&eacute;m, de cima para\nbaixo, a sequ&ecirc;ncia correta.<\/p><p>a)\nV, V, F, F, V.<\/p><p>b)\nV, F, V, F, F.<\/p><p>c)\nF, V, V, V, F.<\/p><p>d)\nF, V, V, F, V.<\/p><p>e) F, F, F, V, V.<\/p><h3 class=\"wp-block-heading\" id=\"h-resolucao-comentada-2\"><strong>Resolu&ccedil;&atilde;o Comentada<\/strong><\/h3><p>As alternativas s&atilde;o, respectivamente:<\/p><ul class=\"wp-block-list\"><li>( F ) &ldquo;As esculturas gregas (&hellip;)&rdquo;- Falsa, pois a estatu&aacute;ria grega apresenta muita no&ccedil;&atilde;o de movimento, al&eacute;m de uma busca pela beleza ideal e perfei&ccedil;&atilde;o nos detalhes, com o objetivo de representar de maneira realista.<\/li><li>( V ) &ldquo;As esculturas renascentistas (&hellip;)&rdquo; &ndash; Verdadeira, pois a escultura renascentista se inspira na tradi&ccedil;&atilde;o da antiguidade cl&aacute;ssica, buscando uma representa&ccedil;&atilde;o da beleza ideal, priorizando o homem &ndash; que &eacute; o centro da arte.<\/li><li>( V ) &ldquo;As esculturas impressionistas (&hellip;)&rdquo; &ndash; Verdadeira, pois o impressionismo trabalha com contornos menos n&iacute;tidos, produzindo esculturas que deveriam poder ser vistas de qualquer &acirc;ngulo. Al&eacute;m disso, a ideia de &ldquo;obra inacabada&rdquo; norteava a estatu&aacute;ria, pois era vista como express&atilde;o do processo criativo do artista.<\/li><li>( F ) &ldquo;As esculturas concretas (&hellip;)&rdquo; &ndash; Falsa, pois a escultura concreta, principalmente a obra de H&eacute;lio Oiticica, coloca o espectador no papel de participador, podendo caminhar por dentro das obras e interferir nelas. <\/li><li>( V ) &ldquo;As esculturas contempor&acirc;neas (&hellip;)&rdquo; &ndash; Verdadeira, pois a arte contempor&acirc;nea se caracteriza tamb&eacute;m pelas possibilidades de experimentar formas e conte&uacute;dos menos tradicionais, garantindo maior liberdade de produ&ccedil;&atilde;o ao artista. <\/li><\/ul><p class=\"has-light-green-cyan-background-color has-background\"><strong>Gabarito: D<\/strong><\/p><p>Analise a figura 3 a seguir e responda &agrave;s quest&otilde;es 20 e 21. <\/p><figure class=\"wp-block-image\"><img decoding=\"async\" src=\"https:\/\/cdn.blog.estrategiavestibulares.com.br\/vestibulares\/wp-content\/uploads\/2019\/10\/image139.png\" alt=\"\" class=\"wp-image-31644\"><\/figure><h3 class=\"wp-block-heading\" id=\"h-questao-20\"><strong>Quest&atilde;o 20<\/strong><\/h3><p>A obra &ldquo;Lama L&acirc;mina&rdquo; (figura 3) apresenta uma\nleitura de intera&ccedil;&atilde;o entre ecologia ambiental e arte, resultando na\nescultura\/instala&ccedil;&atilde;o, em que os planos interior e exterior s&atilde;o elementos\nfundamentais.<\/p><p>Com base na obra e nos conhecimentos sobre arte\ncontempor&acirc;nea, considere as afirmativas a seguir.<\/p><p>I. Utiliza a especificidade de rela&ccedil;&atilde;o entre o\nobjeto art&iacute;stico e o espa&ccedil;o arquitet&ocirc;nico, preservando a mensagem est&eacute;tica da\nescultura\/instala&ccedil;&atilde;o em que o objeto e o espa&ccedil;o s&atilde;o fundidos numa realidade\nsignificativa.<\/p><p>II. Apresenta uma escultura\/instala&ccedil;&atilde;o complexa que\nagrega procedimentos t&eacute;cnicos e manifesta&ccedil;&otilde;es art&iacute;sticas no espa&ccedil;o. O trabalho\n&eacute; a ess&ecirc;ncia da pr&oacute;pria obra e a inten&ccedil;&atilde;o do artista passa pelo contexto da\narte conceitual.<\/p><p>III. Traz o espa&ccedil;o e seus elementos, como a m&aacute;quina\ne a &aacute;rvore, na composi&ccedil;&atilde;o escult&oacute;rica, congelando um instante de instabilidade\ndo movimento, de modo a relacionar espa&ccedil;o e forma com a ideia.<\/p><p>IV. Transmite no&ccedil;&atilde;o de realismo, busca aproximar-se\nao m&aacute;ximo da natureza e cont&eacute;m recursos e detalhes hiper-realistas, como a\nmaterialidade, cen&aacute;rios, objetos e a bidimensionalidade da mat&eacute;ria no espa&ccedil;o.<\/p><p>Assinale a alternativa correta.<\/p><p>a) Somente as afirmativas I e II s&atilde;o corretas.<\/p><p>b) Somente as afirmativas I e IV s&atilde;o corretas.<\/p><p>c) Somente as afirmativas III e IV s&atilde;o corretas.<\/p><p>d) Somente as afirmativas I, II e III s&atilde;o corretas.<\/p><p>e) Somente as afirmativas II, III e IV s&atilde;o corretas.<\/p><h3 class=\"wp-block-heading\" id=\"h-resolucao-comentada-3\"><strong>Resolu&ccedil;&atilde;o Comentada<\/strong><\/h3><ul class=\"wp-block-list\"><li>A afirmativa I est&aacute; correta, pois a obra consiste em um domo de vidro e metal, no meio da mata. Dentro dessa constru&ccedil;&atilde;o, h&aacute; um trator segurando uma &aacute;rvore branca. O contraste entre a mata &ndash; acessada visualmente atrav&eacute;s do vidro do domo &ndash; e do trator, indicam a a&ccedil;&atilde;o humana sobre a natureza e o dualismo entre preserva&ccedil;&atilde;o e destrui&ccedil;&atilde;o. <\/li><li>A afirmativa II est&aacute; correta, pois a arte conceitual pressup&otilde;e a ideia de que a arte deve se pautar em conceitos e reflex&otilde;es, suscitando a atitude mental. A obra em quest&atilde;o tamb&eacute;m sugere a reflex&atilde;o visual, principalmente a partir do contraste entre o espa&ccedil;o da obra e sua pr&oacute;pria constru&ccedil;&atilde;o. <\/li><li>A afirmativa III est&aacute; correta, pois vemos o trator como uma imagem est&aacute;tica: ele n&atilde;o est&aacute; trabalhando, mas sim segurando no ar uma &aacute;rvore, como se tivesse havido o congelamento do momento da atividade da m&aacute;quina. <\/li><li>A afirmativa IV est&aacute; incorreta, pois a bidimensionalidade, ou seja, a explora&ccedil;&atilde;o apenas de duas dimens&otilde;es, n&atilde;o &eacute; caracter&iacute;stica da instala&ccedil;&atilde;o. Aqui, principalmente, &eacute; um ambiente que o espectador pode entrar e explorar. Al&eacute;m disso, os detalhes n&atilde;o s&atilde;o hiper-realistas, basta ver a &aacute;rvore de cor branca. <\/li><\/ul><p class=\"has-light-green-cyan-background-color has-background\"><strong>Gabarito: D<\/strong><\/p><h3 class=\"wp-block-heading\" id=\"h-questao-37\"><strong>Quest&atilde;o 37<\/strong><\/h3><p>Nos museus est&atilde;o presentes obras de arte que nos\nconvidam ao &ldquo;olhar&rdquo;. Um dos elementos que comp&otilde;em a obra e que s&atilde;o captados\npelo olhar s&atilde;o as cores. A palavra &ldquo;cor&rdquo; vem do latim color e significa cobrir,\nocultando a superf&iacute;cie e definindo a forma.<\/p><p>Sobre as manifesta&ccedil;&otilde;es art&iacute;sticas, no que se refere\nao elemento visual &ldquo;cor&rdquo;, assinale a alternativa correta.<\/p><p>a) A arte eg&iacute;pcia antiga possui como principais\ncaracter&iacute;sticas as paisagens de fundo, as figuras humanas e o uso de cores\npr&oacute;ximas da realidade, por meio da tinta a &oacute;leo, a centraliza&ccedil;&atilde;o das imagens e\na ilus&atilde;o de profundidade.<\/p><p>b) A arte contempor&acirc;nea surgiu na Fran&ccedil;a e nela a\ncor reflete a qualidade e a intensidade da luz, sem a utiliza&ccedil;&atilde;o do\ncontorno-linha. As sombras s&atilde;o luminosas e coloridas e as misturas, feitas\ndiretamente na pintura.<\/p><p>c) A arte medieval foi marcada por uma forte\ninflu&ecirc;ncia da Igreja Cat&oacute;lica. As pinturas s&atilde;o plenas em luminosidade e em\ncores puras, al&eacute;m do ouro, da prata e do branco.<\/p><p>d) A arte impressionista surgiu no p&oacute;s-primeira\nguerra e, neste contexto, a cor remete as express&otilde;es art&iacute;sticas originais a\npartir de t&eacute;cnicas inovadoras, priorizando acima do objeto art&iacute;stico a ideia e\no conceito.<\/p><p>e) A arte renascentista caracterizava-se pelo\nracionalismo na qual a maior parte das suas esculturas e pinturas eram\ncoloridas e presentes no interior dos templos. Nela as cores apresentavam n&atilde;o\napenas uma fun&ccedil;&atilde;o decorativa, mas eram carregadas de simbolismo.<\/p><h3 class=\"wp-block-heading\" id=\"h-resolucao-comentada-4\"><strong>Resolu&ccedil;&atilde;o Comentada<\/strong><\/h3><ul class=\"wp-block-list\"><li>A arte produzida na idade m&eacute;dia &eacute; fortemente influenciada pela religi&atilde;o Cat&oacute;lica. Os temas s&atilde;o sempre religiosos, retratando principalmente santos e passagens b&iacute;blicas. As pinturas possuem cores puras e detalhes em ouro e prata principalmente. Assim, a alternativa correta &eacute; alternativa C. <\/li><li>A alternativa A est&aacute; incorreta, pois a pintura eg&iacute;pcia tem como principais caracter&iacute;sticas a aus&ecirc;ncia de tridimensionalidade e sombras, al&eacute;m de ser bastante est&aacute;tica, marcada pela lei da frontalidade. <\/li><li>A alternativa B est&aacute; incorreta, pois essa descri&ccedil;&atilde;o se aproxima mais do <strong>impressionismo<\/strong> do que da arte contempor&acirc;nea. <\/li><li>A alternativa D est&aacute; incorreta, pois o impressionismo surge na segunda metade do s&eacute;culo XIX e busca registar momentos cotidianos e as impress&otilde;es sobre a realidade. <\/li><li>A alternativa E est&aacute; incorreta, pois a escultura renascentista n&atilde;o era colorida, mas sim majoritariamente produzida em m&aacute;rmore. Tanto pintura quanto escultura detalhavam constru&ccedil;&otilde;es arquitet&ocirc;nicas de modo geral, n&atilde;o apenas templos. <\/li><\/ul><p class=\"has-light-green-cyan-background-color has-background\"><strong>Gabarito: C<\/strong><\/p><h3 class=\"wp-block-heading\" id=\"h-questao-44\"><strong>Quest&atilde;o 44<\/strong><\/h3><p>Algumas vanguardas art&iacute;sticas europeias criadas na\nprimeira metade do s&eacute;culo XX foram manifesta&ccedil;&otilde;es art&iacute;stico-liter&aacute;rias que\ncriticavam uma concep&ccedil;&atilde;o tradicional de museu, introduzindo uma est&eacute;tica\nmarcada pela experimenta&ccedil;&atilde;o e pela subjetividade, que influenciaria fortemente\ndiversas manifesta&ccedil;&otilde;es culturais em todo o mundo.<\/p><p>Sobre as principais correntes vanguardistas e suas\nrespectivas caracter&iacute;sticas, assinale a alternativa correta.<\/p><p>a) O Surrealismo apresentava a exalta&ccedil;&atilde;o da\ntecnologia, das m&aacute;quinas, da velocidade e do progresso.<\/p><p>b) O Expressionismo evidenciava a decomposi&ccedil;&atilde;o e a\nfragmenta&ccedil;&atilde;o das formas geom&eacute;tricas, afirmando que um mesmo objeto poderia ser\nvisto de v&aacute;rios &acirc;ngulos.<\/p><p>c) O Cubismo valorizava a subjetividade e buscava\ntransmitir ao mundo a situa&ccedil;&atilde;o do homem, com seus v&iacute;cios e horrores.<\/p><p>d) O Futurismo defendia a cria&ccedil;&atilde;o por meio das\nexperi&ecirc;ncias nascidas no imagin&aacute;rio e na atmosfera on&iacute;rica, sem interfer&ecirc;ncias\nda raz&atilde;o.<\/p><p>e) O Dada&iacute;smo surgiu como oposi&ccedil;&atilde;o &agrave; guerra e\nressaltava a espontaneidade da arte pautada na liberdade de express&atilde;o, no\nabsurdo e na irracionalidade.<\/p><h3 class=\"wp-block-heading\" id=\"h-resolucao-comentada-5\"><strong>Resolu&ccedil;&atilde;o Comentada<\/strong><\/h3><ul class=\"wp-block-list\"><li>A alternativa A est&aacute; incorreta, pois o Surrealismo se liga ao sonho e ao on&iacute;rico, n&atilde;o &agrave; tecnologia. A descri&ccedil;&atilde;o da alternativa se aproxima mais do <strong>Futurismo<\/strong>.<\/li><li>A alternativa B est&aacute; incorreta, pois o Expressionismo se caracteriza por tratar de temas tr&aacute;gicos ou dram&aacute;ticos, produzindo obras de gestos violentos e abruptos. A descri&ccedil;&atilde;o da alternativa se aproxima mais do <strong>Cubismo<\/strong>.<\/li><li>A alternativa C est&aacute; incorreta, pois o Cubismo evidencia a decomposi&ccedil;&atilde;o e a fragmenta&ccedil;&atilde;o das formas geom&eacute;tricas. A descri&ccedil;&atilde;o da alternativa se aproxima mais do <strong>Expressionismo<\/strong>.<\/li><li>A alternativa D est&aacute; incorreta, pois o Futurismo exalta a tecnologia, as m&aacute;quinas, a velocidade e o progresso. A descri&ccedil;&atilde;o da alternativa se aproxima mais do <strong>Surrealismo<\/strong>.<\/li><\/ul><p class=\"has-light-green-cyan-background-color has-background\"><strong>Gabarito: E<\/strong><\/p><p>&Eacute; isso, pessoal! Espero que tenham curtido a resolu&ccedil;&atilde;o da prova de Artes do vestibular UEL 2020.&nbsp;Sigam-me nas redes sociais. T&ecirc;m muitas dicas l&aacute;. Mande uma mensagem, caso tenha tido alguma d&uacute;vida. Qualquer d&uacute;vida, entre em contato conosco atrav&eacute;s do nosso F&oacute;rum de D&uacute;vidas ou das redes sociais.<\/p><p><strong>Instagram:<\/strong>&nbsp;<a aria-label=\" (abre numa nova aba)\" href=\"https:\/\/www.instagram.com\/professoracelinagil\/\" target=\"_blank\">@professoracelinagil<\/a><\/p><h2 class=\"wp-block-heading\" id=\"h-leia-mais\"><span class=\"ez-toc-section\" id=\"Leia-mais%E2%80%A6\"><\/span>Leia mais&hellip;<span class=\"ez-toc-section-end\"><\/span><\/h2><ul class=\"wp-block-list\"><li><em>Tudo sobre&nbsp;<a href=\"https:\/\/vestibulares.estrategia.com\/portal\/portugues\/variacao-linguistica\/\" target=\"_blank\">Varia&ccedil;&atilde;o Lingu&iacute;stica<\/a>.<\/em><\/li><li><em>Baixe gr&aacute;tis &ndash;&nbsp;<a href=\"https:\/\/vestibulares.estrategia.com\/portal\/portugues\/portugues-para-ime\/\" target=\"_blank\">Classes de Palavras<\/a><\/em>.<\/li><li><em>Baixe gr&aacute;tis &ndash;&nbsp;<a href=\"https:\/\/vestibulares.estrategia.com\/portal\/portugues\/portugues-para-fuvest\/\" target=\"_blank\">T&oacute;pico de Literatura: Obra Liter&aacute;ria<\/a><\/em>.<\/li><li><em>Aprenda tudo sobre<\/em>&nbsp;<em><a href=\"https:\/\/vestibulares.estrategia.com\/portal\/portugues\/periodo-composto\/\" target=\"_blank\">Per&iacute;odo Composto<\/a>.<\/em><\/li><li><em>Confira quest&otilde;es sobre<\/em>&nbsp;<em><a href=\"https:\/\/vestibulares.estrategia.com\/portal\/portugues\/variacao-linguistica\/\" target=\"_blank\">Varia&ccedil;&atilde;o Lingu&iacute;stica, Exerc&iacute;cios<\/a><\/em>.<\/li><li><em><a href=\"https:\/\/vestibulares.estrategia.com\/portal\/portugues\/efeitos-de-sentido\/\" target=\"_blank\">Efeitos de Sentido<\/a><\/em>: ambiguidade, duplo sentido, humor e ironia<\/li><li><em><a href=\"https:\/\/vestibulares.estrategia.com\/portal\/portugues\/ambiguidade\/\" target=\"_blank\">Ambiguidade<\/a><\/em>: o que &eacute;, quais os tipos e como &eacute; cobrada no vestibular<\/li><li><em><a href=\"https:\/\/vestibulares.estrategia.com\/portal\/portugues\/duplo-sentido\/\" target=\"_blank\">Duplo Sentido<\/a><\/em>: conceito, classifica&ccedil;&atilde;o e como pode cair no vestibular<\/li><\/ul><\/p>\n","protected":false},"excerpt":{"rendered":"Ol&aacute;, pessoal&hellip; Tudo bem? Sou o prof. Celina, do Estrat&eacute;gia Vestibulares, e escrevo este artigo para lan&ccedil;ar o&hellip;\n","protected":false},"author":18,"featured_media":31647,"comment_status":"open","ping_status":"open","sticky":false,"template":"","format":"standard","meta":{"wl_entities_gutenberg":"","footnotes":""},"categories":[41],"tags":[],"wl_entity_type":[732],"class_list":{"0":"post-31640","1":"post","2":"type-post","3":"status-publish","4":"format-standard","5":"has-post-thumbnail","7":"category-artes","8":"wl_entity_type-article"},"acf":[],"yoast_head":"<!-- This site is optimized with the Yoast SEO Premium plugin v25.9 (Yoast SEO v25.9) - https:\/\/yoast.com\/wordpress\/plugins\/seo\/ -->\n<title>Gabarito UEL 2020 \u2013 Artes \u2013 Resolu\u00e7\u00e3o Comentada<\/title>\n<meta name=\"description\" content=\"O Estrat\u00e9gia Vestibulares traz para voc\u00ea o gabarito e a resolu\u00e7\u00e3 comentada da prova de artes do vestibular UEL 2020! Confira!\" \/>\n<meta name=\"robots\" content=\"index, follow, max-snippet:-1, max-image-preview:large, max-video-preview:-1\" \/>\n<link rel=\"canonical\" href=\"https:\/\/vestibulares.estrategia.com\/portal\/materias\/artes\/gabarito-uel-2020-artes\/\" \/>\n<meta property=\"og:locale\" content=\"pt_BR\" \/>\n<meta property=\"og:type\" content=\"article\" \/>\n<meta property=\"og:title\" content=\"Gabarito UEL 2020 \u2013 Artes \u2013 Resolu\u00e7\u00e3o Comentada\" \/>\n<meta property=\"og:description\" content=\"O Estrat\u00e9gia Vestibulares traz para voc\u00ea o gabarito e a resolu\u00e7\u00e3 comentada da prova de artes do vestibular UEL 2020! Confira!\" \/>\n<meta property=\"og:url\" content=\"https:\/\/vestibulares.estrategia.com\/portal\/materias\/artes\/gabarito-uel-2020-artes\/\" \/>\n<meta property=\"og:site_name\" content=\"Estrat\u00e9gia Vestibulares\" \/>\n<meta property=\"article:publisher\" content=\"https:\/\/facebook.com\/estrategiavestibulares\" \/>\n<meta property=\"article:published_time\" content=\"2019-10-23T19:30:51+00:00\" \/>\n<meta property=\"article:modified_time\" content=\"2022-02-14T18:38:21+00:00\" \/>\n<meta property=\"og:image\" content=\"https:\/\/cdn.blog.estrategiavestibulares.com.br\/vestibulares\/wp-content\/uploads\/2019\/10\/23162754\/gabarito-uel-artes.png\" \/>\n\t<meta property=\"og:image:width\" content=\"500\" \/>\n\t<meta property=\"og:image:height\" content=\"334\" \/>\n\t<meta property=\"og:image:type\" content=\"image\/png\" \/>\n<meta name=\"author\" content=\"Raquel Oshio\" \/>\n<meta name=\"twitter:card\" content=\"summary_large_image\" \/>\n<meta name=\"twitter:creator\" content=\"@Estrategiavest\" \/>\n<meta name=\"twitter:site\" content=\"@Estrategiavest\" \/>\n<meta name=\"twitter:label1\" content=\"Escrito por\" \/>\n\t<meta name=\"twitter:data1\" content=\"Raquel Oshio\" \/>\n\t<meta name=\"twitter:label2\" content=\"Est. tempo de leitura\" \/>\n\t<meta name=\"twitter:data2\" content=\"16 minutos\" \/>\n<script type=\"application\/ld+json\" class=\"yoast-schema-graph\">{\"@context\":\"https:\/\/schema.org\",\"@graph\":[{\"@type\":\"Article\",\"@id\":\"https:\/\/vestibulares.estrategia.com\/portal\/materias\/artes\/gabarito-uel-2020-artes\/#article\",\"isPartOf\":{\"@id\":\"https:\/\/vestibulares.estrategia.com\/portal\/materias\/artes\/gabarito-uel-2020-artes\/\"},\"author\":{\"name\":\"Raquel Oshio\",\"@id\":\"https:\/\/vestibulares.estrategia.com\/portal\/#\/schema\/person\/04682fc62e7ab3b51a4f9434ae8844da\"},\"headline\":\"Gabarito UEL 2020 \u2013 Artes \u2013 Resolu\u00e7\u00e3o Comentada\",\"datePublished\":\"2019-10-23T19:30:51+00:00\",\"dateModified\":\"2022-02-14T18:38:21+00:00\",\"mainEntityOfPage\":{\"@id\":\"https:\/\/vestibulares.estrategia.com\/portal\/materias\/artes\/gabarito-uel-2020-artes\/\"},\"wordCount\":2956,\"commentCount\":0,\"publisher\":{\"@id\":\"https:\/\/vestibulares.estrategia.com\/portal\/#organization\"},\"image\":{\"@id\":\"https:\/\/vestibulares.estrategia.com\/portal\/materias\/artes\/gabarito-uel-2020-artes\/#primaryimage\"},\"thumbnailUrl\":\"https:\/\/vestibulares.estrategia.com\/portal\/wp-content\/uploads\/2019\/10\/gabarito-uel-artes.png\",\"articleSection\":[\"Artes\"],\"inLanguage\":\"pt-BR\",\"potentialAction\":[{\"@type\":\"CommentAction\",\"name\":\"Comment\",\"target\":[\"https:\/\/vestibulares.estrategia.com\/portal\/materias\/artes\/gabarito-uel-2020-artes\/#respond\"]}]},{\"@type\":\"WebPage\",\"@id\":\"https:\/\/vestibulares.estrategia.com\/portal\/materias\/artes\/gabarito-uel-2020-artes\/\",\"url\":\"https:\/\/vestibulares.estrategia.com\/portal\/materias\/artes\/gabarito-uel-2020-artes\/\",\"name\":\"Gabarito UEL 2020 \u2013 Artes \u2013 Resolu\u00e7\u00e3o Comentada\",\"isPartOf\":{\"@id\":\"https:\/\/vestibulares.estrategia.com\/portal\/#website\"},\"primaryImageOfPage\":{\"@id\":\"https:\/\/vestibulares.estrategia.com\/portal\/materias\/artes\/gabarito-uel-2020-artes\/#primaryimage\"},\"image\":{\"@id\":\"https:\/\/vestibulares.estrategia.com\/portal\/materias\/artes\/gabarito-uel-2020-artes\/#primaryimage\"},\"thumbnailUrl\":\"https:\/\/vestibulares.estrategia.com\/portal\/wp-content\/uploads\/2019\/10\/gabarito-uel-artes.png\",\"datePublished\":\"2019-10-23T19:30:51+00:00\",\"dateModified\":\"2022-02-14T18:38:21+00:00\",\"description\":\"O Estrat\u00e9gia Vestibulares traz para voc\u00ea o gabarito e a resolu\u00e7\u00e3 comentada da prova de artes do vestibular UEL 2020! Confira!\",\"breadcrumb\":{\"@id\":\"https:\/\/vestibulares.estrategia.com\/portal\/materias\/artes\/gabarito-uel-2020-artes\/#breadcrumb\"},\"inLanguage\":\"pt-BR\",\"potentialAction\":[{\"@type\":\"ReadAction\",\"target\":[\"https:\/\/vestibulares.estrategia.com\/portal\/materias\/artes\/gabarito-uel-2020-artes\/\"]}]},{\"@type\":\"ImageObject\",\"inLanguage\":\"pt-BR\",\"@id\":\"https:\/\/vestibulares.estrategia.com\/portal\/materias\/artes\/gabarito-uel-2020-artes\/#primaryimage\",\"url\":\"https:\/\/vestibulares.estrategia.com\/portal\/wp-content\/uploads\/2019\/10\/gabarito-uel-artes.png\",\"contentUrl\":\"https:\/\/vestibulares.estrategia.com\/portal\/wp-content\/uploads\/2019\/10\/gabarito-uel-artes.png\",\"width\":500,\"height\":334,\"caption\":\"gabarito uel artes\"},{\"@type\":\"BreadcrumbList\",\"@id\":\"https:\/\/vestibulares.estrategia.com\/portal\/materias\/artes\/gabarito-uel-2020-artes\/#breadcrumb\",\"itemListElement\":[{\"@type\":\"ListItem\",\"position\":1,\"name\":\"Home\",\"item\":\"https:\/\/vestibulares.estrategia.com\/portal\/\"},{\"@type\":\"ListItem\",\"position\":2,\"name\":\"Mat\u00e9rias\",\"item\":\"https:\/\/vestibulares.estrategia.com\/portal\/materias\/\"},{\"@type\":\"ListItem\",\"position\":3,\"name\":\"Artes\",\"item\":\"https:\/\/vestibulares.estrategia.com\/portal\/materias\/artes\/\"},{\"@type\":\"ListItem\",\"position\":4,\"name\":\"Gabarito UEL 2020 \u2013 Artes \u2013 Resolu\u00e7\u00e3o Comentada\"}]},{\"@type\":\"WebSite\",\"@id\":\"https:\/\/vestibulares.estrategia.com\/portal\/#website\",\"url\":\"https:\/\/vestibulares.estrategia.com\/portal\/\",\"name\":\"Estrat\u00e9gia Vestibulares\",\"description\":\"\",\"publisher\":{\"@id\":\"https:\/\/vestibulares.estrategia.com\/portal\/#organization\"},\"potentialAction\":[{\"@type\":\"SearchAction\",\"target\":{\"@type\":\"EntryPoint\",\"urlTemplate\":\"https:\/\/vestibulares.estrategia.com\/portal\/?s={search_term_string}\"},\"query-input\":{\"@type\":\"PropertyValueSpecification\",\"valueRequired\":true,\"valueName\":\"search_term_string\"}}],\"inLanguage\":\"pt-BR\"},{\"@type\":\"Organization\",\"@id\":\"https:\/\/vestibulares.estrategia.com\/portal\/#organization\",\"name\":\"Estrat\u00e9gia Vestibulares\",\"url\":\"https:\/\/vestibulares.estrategia.com\/portal\/\",\"logo\":{\"@type\":\"ImageObject\",\"inLanguage\":\"pt-BR\",\"@id\":\"https:\/\/vestibulares.estrategia.com\/portal\/#\/schema\/logo\/image\/\",\"url\":\"https:\/\/vestibulares.estrategia.com\/portal\/wp-content\/uploads\/2021\/06\/Logo-Vestibulares@4x.png\",\"contentUrl\":\"https:\/\/vestibulares.estrategia.com\/portal\/wp-content\/uploads\/2021\/06\/Logo-Vestibulares@4x.png\",\"width\":250,\"height\":66,\"caption\":\"Estrat\u00e9gia Vestibulares\"},\"image\":{\"@id\":\"https:\/\/vestibulares.estrategia.com\/portal\/#\/schema\/logo\/image\/\"},\"sameAs\":[\"https:\/\/facebook.com\/estrategiavestibulares\",\"https:\/\/x.com\/Estrategiavest\",\"https:\/\/www.instagram.com\/estrategiavestibulares\",\"https:\/\/www.youtube.com\/channel\/UCGWdZy8ULI-7_5GrABa4vNA\"]},{\"@type\":\"Person\",\"@id\":\"https:\/\/vestibulares.estrategia.com\/portal\/#\/schema\/person\/04682fc62e7ab3b51a4f9434ae8844da\",\"name\":\"Raquel Oshio\",\"image\":{\"@type\":\"ImageObject\",\"inLanguage\":\"pt-BR\",\"@id\":\"https:\/\/vestibulares.estrategia.com\/portal\/#\/schema\/person\/image\/\",\"url\":\"https:\/\/secure.gravatar.com\/avatar\/fa4e62d5e59d9cf9995ea9c715a78807?s=96&d=mm&r=g\",\"contentUrl\":\"https:\/\/secure.gravatar.com\/avatar\/fa4e62d5e59d9cf9995ea9c715a78807?s=96&d=mm&r=g\",\"caption\":\"Raquel Oshio\"},\"description\":\"Amante de hist\u00f3rias e ca\u00e7adora de belezas escondidas. Jornalista de profiss\u00e3o e cora\u00e7\u00e3o. Desenhista e escritora de fic\u00e7\u00e3o nas horas vagas. Acredito no potencial transformador de todo trabalho feito com dedica\u00e7\u00e3o.\",\"url\":\"https:\/\/vestibulares.estrategia.com\/portal\/author\/raquel-oshio\/\"}]}<\/script>\n<!-- \/ Yoast SEO Premium plugin. -->","yoast_head_json":{"title":"Gabarito UEL 2020 \u2013 Artes \u2013 Resolu\u00e7\u00e3o Comentada","description":"O Estrat\u00e9gia Vestibulares traz para voc\u00ea o gabarito e a resolu\u00e7\u00e3 comentada da prova de artes do vestibular UEL 2020! Confira!","robots":{"index":"index","follow":"follow","max-snippet":"max-snippet:-1","max-image-preview":"max-image-preview:large","max-video-preview":"max-video-preview:-1"},"canonical":"https:\/\/vestibulares.estrategia.com\/portal\/materias\/artes\/gabarito-uel-2020-artes\/","og_locale":"pt_BR","og_type":"article","og_title":"Gabarito UEL 2020 \u2013 Artes \u2013 Resolu\u00e7\u00e3o Comentada","og_description":"O Estrat\u00e9gia Vestibulares traz para voc\u00ea o gabarito e a resolu\u00e7\u00e3 comentada da prova de artes do vestibular UEL 2020! Confira!","og_url":"https:\/\/vestibulares.estrategia.com\/portal\/materias\/artes\/gabarito-uel-2020-artes\/","og_site_name":"Estrat\u00e9gia Vestibulares","article_publisher":"https:\/\/facebook.com\/estrategiavestibulares","article_published_time":"2019-10-23T19:30:51+00:00","article_modified_time":"2022-02-14T18:38:21+00:00","og_image":[{"width":500,"height":334,"url":"https:\/\/cdn.blog.estrategiavestibulares.com.br\/vestibulares\/wp-content\/uploads\/2019\/10\/23162754\/gabarito-uel-artes.png","type":"image\/png"}],"author":"Raquel Oshio","twitter_card":"summary_large_image","twitter_creator":"@Estrategiavest","twitter_site":"@Estrategiavest","twitter_misc":{"Escrito por":"Raquel Oshio","Est. tempo de leitura":"16 minutos"},"schema":{"@context":"https:\/\/schema.org","@graph":[{"@type":"Article","@id":"https:\/\/vestibulares.estrategia.com\/portal\/materias\/artes\/gabarito-uel-2020-artes\/#article","isPartOf":{"@id":"https:\/\/vestibulares.estrategia.com\/portal\/materias\/artes\/gabarito-uel-2020-artes\/"},"author":{"name":"Raquel Oshio","@id":"https:\/\/vestibulares.estrategia.com\/portal\/#\/schema\/person\/04682fc62e7ab3b51a4f9434ae8844da"},"headline":"Gabarito UEL 2020 \u2013 Artes \u2013 Resolu\u00e7\u00e3o Comentada","datePublished":"2019-10-23T19:30:51+00:00","dateModified":"2022-02-14T18:38:21+00:00","mainEntityOfPage":{"@id":"https:\/\/vestibulares.estrategia.com\/portal\/materias\/artes\/gabarito-uel-2020-artes\/"},"wordCount":2956,"commentCount":0,"publisher":{"@id":"https:\/\/vestibulares.estrategia.com\/portal\/#organization"},"image":{"@id":"https:\/\/vestibulares.estrategia.com\/portal\/materias\/artes\/gabarito-uel-2020-artes\/#primaryimage"},"thumbnailUrl":"https:\/\/vestibulares.estrategia.com\/portal\/wp-content\/uploads\/2019\/10\/gabarito-uel-artes.png","articleSection":["Artes"],"inLanguage":"pt-BR","potentialAction":[{"@type":"CommentAction","name":"Comment","target":["https:\/\/vestibulares.estrategia.com\/portal\/materias\/artes\/gabarito-uel-2020-artes\/#respond"]}]},{"@type":"WebPage","@id":"https:\/\/vestibulares.estrategia.com\/portal\/materias\/artes\/gabarito-uel-2020-artes\/","url":"https:\/\/vestibulares.estrategia.com\/portal\/materias\/artes\/gabarito-uel-2020-artes\/","name":"Gabarito UEL 2020 \u2013 Artes \u2013 Resolu\u00e7\u00e3o Comentada","isPartOf":{"@id":"https:\/\/vestibulares.estrategia.com\/portal\/#website"},"primaryImageOfPage":{"@id":"https:\/\/vestibulares.estrategia.com\/portal\/materias\/artes\/gabarito-uel-2020-artes\/#primaryimage"},"image":{"@id":"https:\/\/vestibulares.estrategia.com\/portal\/materias\/artes\/gabarito-uel-2020-artes\/#primaryimage"},"thumbnailUrl":"https:\/\/vestibulares.estrategia.com\/portal\/wp-content\/uploads\/2019\/10\/gabarito-uel-artes.png","datePublished":"2019-10-23T19:30:51+00:00","dateModified":"2022-02-14T18:38:21+00:00","description":"O Estrat\u00e9gia Vestibulares traz para voc\u00ea o gabarito e a resolu\u00e7\u00e3 comentada da prova de artes do vestibular UEL 2020! Confira!","breadcrumb":{"@id":"https:\/\/vestibulares.estrategia.com\/portal\/materias\/artes\/gabarito-uel-2020-artes\/#breadcrumb"},"inLanguage":"pt-BR","potentialAction":[{"@type":"ReadAction","target":["https:\/\/vestibulares.estrategia.com\/portal\/materias\/artes\/gabarito-uel-2020-artes\/"]}]},{"@type":"ImageObject","inLanguage":"pt-BR","@id":"https:\/\/vestibulares.estrategia.com\/portal\/materias\/artes\/gabarito-uel-2020-artes\/#primaryimage","url":"https:\/\/vestibulares.estrategia.com\/portal\/wp-content\/uploads\/2019\/10\/gabarito-uel-artes.png","contentUrl":"https:\/\/vestibulares.estrategia.com\/portal\/wp-content\/uploads\/2019\/10\/gabarito-uel-artes.png","width":500,"height":334,"caption":"gabarito uel artes"},{"@type":"BreadcrumbList","@id":"https:\/\/vestibulares.estrategia.com\/portal\/materias\/artes\/gabarito-uel-2020-artes\/#breadcrumb","itemListElement":[{"@type":"ListItem","position":1,"name":"Home","item":"https:\/\/vestibulares.estrategia.com\/portal\/"},{"@type":"ListItem","position":2,"name":"Mat\u00e9rias","item":"https:\/\/vestibulares.estrategia.com\/portal\/materias\/"},{"@type":"ListItem","position":3,"name":"Artes","item":"https:\/\/vestibulares.estrategia.com\/portal\/materias\/artes\/"},{"@type":"ListItem","position":4,"name":"Gabarito UEL 2020 \u2013 Artes \u2013 Resolu\u00e7\u00e3o Comentada"}]},{"@type":"WebSite","@id":"https:\/\/vestibulares.estrategia.com\/portal\/#website","url":"https:\/\/vestibulares.estrategia.com\/portal\/","name":"Estrat\u00e9gia Vestibulares","description":"","publisher":{"@id":"https:\/\/vestibulares.estrategia.com\/portal\/#organization"},"potentialAction":[{"@type":"SearchAction","target":{"@type":"EntryPoint","urlTemplate":"https:\/\/vestibulares.estrategia.com\/portal\/?s={search_term_string}"},"query-input":{"@type":"PropertyValueSpecification","valueRequired":true,"valueName":"search_term_string"}}],"inLanguage":"pt-BR"},{"@type":"Organization","@id":"https:\/\/vestibulares.estrategia.com\/portal\/#organization","name":"Estrat\u00e9gia Vestibulares","url":"https:\/\/vestibulares.estrategia.com\/portal\/","logo":{"@type":"ImageObject","inLanguage":"pt-BR","@id":"https:\/\/vestibulares.estrategia.com\/portal\/#\/schema\/logo\/image\/","url":"https:\/\/vestibulares.estrategia.com\/portal\/wp-content\/uploads\/2021\/06\/Logo-Vestibulares@4x.png","contentUrl":"https:\/\/vestibulares.estrategia.com\/portal\/wp-content\/uploads\/2021\/06\/Logo-Vestibulares@4x.png","width":250,"height":66,"caption":"Estrat\u00e9gia Vestibulares"},"image":{"@id":"https:\/\/vestibulares.estrategia.com\/portal\/#\/schema\/logo\/image\/"},"sameAs":["https:\/\/facebook.com\/estrategiavestibulares","https:\/\/x.com\/Estrategiavest","https:\/\/www.instagram.com\/estrategiavestibulares","https:\/\/www.youtube.com\/channel\/UCGWdZy8ULI-7_5GrABa4vNA"]},{"@type":"Person","@id":"https:\/\/vestibulares.estrategia.com\/portal\/#\/schema\/person\/04682fc62e7ab3b51a4f9434ae8844da","name":"Raquel Oshio","image":{"@type":"ImageObject","inLanguage":"pt-BR","@id":"https:\/\/vestibulares.estrategia.com\/portal\/#\/schema\/person\/image\/","url":"https:\/\/secure.gravatar.com\/avatar\/fa4e62d5e59d9cf9995ea9c715a78807?s=96&d=mm&r=g","contentUrl":"https:\/\/secure.gravatar.com\/avatar\/fa4e62d5e59d9cf9995ea9c715a78807?s=96&d=mm&r=g","caption":"Raquel Oshio"},"description":"Amante de hist\u00f3rias e ca\u00e7adora de belezas escondidas. Jornalista de profiss\u00e3o e cora\u00e7\u00e3o. Desenhista e escritora de fic\u00e7\u00e3o nas horas vagas. Acredito no potencial transformador de todo trabalho feito com dedica\u00e7\u00e3o.","url":"https:\/\/vestibulares.estrategia.com\/portal\/author\/raquel-oshio\/"}]}},"_wl_alt_label":[],"wl:entity_url":"https:\/\/data.wordlift.io\/wl110249\/post\/gabarito-uel-2020-artes","_links":{"self":[{"href":"https:\/\/vestibulares.estrategia.com\/portal\/wp-json\/wp\/v2\/posts\/31640","targetHints":{"allow":["GET"]}}],"collection":[{"href":"https:\/\/vestibulares.estrategia.com\/portal\/wp-json\/wp\/v2\/posts"}],"about":[{"href":"https:\/\/vestibulares.estrategia.com\/portal\/wp-json\/wp\/v2\/types\/post"}],"author":[{"embeddable":true,"href":"https:\/\/vestibulares.estrategia.com\/portal\/wp-json\/wp\/v2\/users\/18"}],"replies":[{"embeddable":true,"href":"https:\/\/vestibulares.estrategia.com\/portal\/wp-json\/wp\/v2\/comments?post=31640"}],"version-history":[{"count":4,"href":"https:\/\/vestibulares.estrategia.com\/portal\/wp-json\/wp\/v2\/posts\/31640\/revisions"}],"predecessor-version":[{"id":63202,"href":"https:\/\/vestibulares.estrategia.com\/portal\/wp-json\/wp\/v2\/posts\/31640\/revisions\/63202"}],"wp:featuredmedia":[{"embeddable":true,"href":"https:\/\/vestibulares.estrategia.com\/portal\/wp-json\/wp\/v2\/media\/31647"}],"wp:attachment":[{"href":"https:\/\/vestibulares.estrategia.com\/portal\/wp-json\/wp\/v2\/media?parent=31640"}],"wp:term":[{"taxonomy":"category","embeddable":true,"href":"https:\/\/vestibulares.estrategia.com\/portal\/wp-json\/wp\/v2\/categories?post=31640"},{"taxonomy":"post_tag","embeddable":true,"href":"https:\/\/vestibulares.estrategia.com\/portal\/wp-json\/wp\/v2\/tags?post=31640"},{"taxonomy":"wl_entity_type","embeddable":true,"href":"https:\/\/vestibulares.estrategia.com\/portal\/wp-json\/wp\/v2\/wl_entity_type?post=31640"}],"curies":[{"name":"wp","href":"https:\/\/api.w.org\/{rel}","templated":true}]}}