{"id":31824,"date":"2019-10-29T10:08:09","date_gmt":"2019-10-29T13:08:09","guid":{"rendered":"https:\/\/blog.estrategiavestibulares.com.br\/?p=31824"},"modified":"2021-06-30T07:48:40","modified_gmt":"2021-06-30T10:48:40","slug":"gabarito-ufpr-geografia","status":"publish","type":"post","link":"https:\/\/vestibulares.estrategia.com\/portal\/materias\/geografia\/gabarito-ufpr-geografia\/","title":{"rendered":"Gabarito UFPR 2020 \u2013 Geografia \u2013 Resolu\u00e7\u00e3o Comentada"},"content":{"rendered":"<p>Ol&aacute;, pessoal&hellip; Tudo bem? Sou o prof. Saulo, do <a href=\"http:\/\/estrategiavestibulares.com.br\" target=\"_blank\">Estrat&eacute;gia Vestibulares<\/a>, e escrevo este artigo para lan&ccedil;ar o Gabarito UFPR 2020, da disciplina de Geografia. Nesta p&aacute;gina, voc&ecirc; vai conferir a resolu&ccedil;&atilde;o comentada da prova de Geografia. Vamos nessa??<div class=\"wp-block-file\">\"&gt;Resolu&ccedil;&atilde;o Geografia &ndash; Vestibular UFPR 2020\" class=\"wp-block-file__button\" download&gt;Baixar<\/div><h2 class=\"wp-block-heading\"><a href=\"https:\/\/vestibulares.estrategia.com\/portal\/vestibulares\/vestibular-ufpr\/\" target=\"_blank\">UFPR 2020<\/a><\/h2><h3 class=\"wp-block-heading\"><strong>Quest&atilde;o 19<\/strong><\/h3><p>Com o fim da Segunda Guerra Mundial, foram constitu&iacute;das zonas de influ&ecirc;ncia geopol&iacute;tica caracterizadas pela hegemonia ostentada por duas superpot&ecirc;ncias econ&ocirc;micas e militares que emergiram do conflito: Estados Unidos e Uni&atilde;o Sovi&eacute;tica. Sobre o per&iacute;odo que se convencionou denominar como &ldquo;Guerra Fria&rdquo;, &eacute; correto afirmar:<\/p><p>a) &Iacute;ndia, Egito e &Aacute;frica do Sul permaneceram neutros durante a Guerra Fria, n&atilde;o se alinhando ao sistema bipolar.<\/p><p>b) Acordos econ&ocirc;micos eram efetivados entre o Jap&atilde;o e a China, que se mantiveram neutros em rela&ccedil;&atilde;o aos conflitos do Ocidente.<\/p><p>c) Nos anos cinquenta do s&eacute;culo XX, os Estados Unidos e a Uni&atilde;o Sovi&eacute;tica assinaram um pacto para evitar a prolifera&ccedil;&atilde;o de armas nucleares.<\/p><p>d) O macarthismo, movimento pol&iacute;tico desenvolvido nos Estados Unidos durante a d&eacute;cada de 1950, manifestou-se pelo fim das hostilidades entre sovi&eacute;ticos e estadunidenses.<\/p><p>e) Com a morte do l&iacute;der sovi&eacute;tico St&aacute;lin, ocorrida no ano de 1953, o sistema mundial de domina&ccedil;&atilde;o bipolar foi dissolvido, sendo criada no ano seguinte a Liga das Na&ccedil;&otilde;es.<\/p><h3 class=\"wp-block-heading\"><strong>Resolu&ccedil;&atilde;o Comentada<\/strong><\/h3><ul class=\"wp-block-list\"><li>LETRA A &ndash; Correto. Apesar de que esses 3 pa&iacute;ses eram mais inclinados a apoiar os EUA dos que a URSS.<\/li><li>LETRA B &ndash; Incorreto. O Jap&atilde;o foi influenciado pelos EUA e a China pela URSS.<\/li><li>LETRA C &ndash; Incorreto. Pelo contr&aacute;rio, foi justamente na d&eacute;cada de 1950 que a URSS conseguiu fabricar a bomba nuclear, dando in&iacute;cio a corrida armamentista.<\/li><li>LETRA D &ndash; Incorreto. Pelo contr&aacute;rio, o macarthismo era uma pol&iacute;tica anticomunista.<\/li><li>LETRA E &ndash; Incorreto. O Bipolaridade se encerrou com o fim da URSS em 1991. Ademais, a Liga das Na&ccedil;&otilde;es foi um evento ocorrido ap&oacute;s a I Guerra Mundial para decidir a divis&atilde;o de terras.<\/li><\/ul><p class=\"has-light-green-cyan-background-color has-background\"><strong>Gabarito: A<\/strong><\/p><h3 class=\"wp-block-heading\"><strong>Quest&atilde;o 69<\/strong><\/h3><p>A respeito das proje&ccedil;&otilde;es\ncartogr&aacute;ficas, considere as seguintes afirmativas:<\/p><ol class=\"wp-block-list\"><li>O emblema da Organiza&ccedil;&atilde;o das Na&ccedil;&otilde;es Unidas (ONU) consiste numa proje&ccedil;&atilde;o azimutal equidistante centrada no Polo Norte.<\/li><li>&Eacute; imposs&iacute;vel transferir a superf&iacute;cie curva da Terra para um plano sem desfigur&aacute;-la ou alter&aacute;-la, motivo pelo qual a representa&ccedil;&atilde;o que mais se aproxima da realidade permanece sendo o globo.<\/li><li>Na proje&ccedil;&atilde;o de Mercator, as dist&acirc;ncias entre os paralelos aumentam &agrave; medida que se afastam da linha equatorial, inviabilizando seu uso para a navega&ccedil;&atilde;o.<\/li><li>As proje&ccedil;&otilde;es polares s&atilde;o apropriadas para representar regi&otilde;es de altas latitudes, al&eacute;m de terem grande utilidade na navega&ccedil;&atilde;o a&eacute;rea e na an&aacute;lise geopol&iacute;tica.<\/li><\/ol><p>Assinale a alternativa correta.<\/p><p>a) Somente a afirmativa 3 &eacute;\nverdadeira.<\/p><p>b) Somente as afirmativas 1 e 2 s&atilde;o\nverdadeiras.<\/p><p>c) Somente as afirmativas 3 e 4 s&atilde;o\nverdadeiras.<\/p><p>d) Somente as afirmativas 1, 2 e 4\ns&atilde;o verdadeiras.<\/p><p>e) As afirmativas 1, 2, 3 e 4 s&atilde;o verdadeiras.<\/p><h3 class=\"wp-block-heading\"><strong>Resolu&ccedil;&atilde;o Comentada<\/strong><\/h3><ul class=\"wp-block-list\"><li>1. Correto. O objetivo &eacute; mostrar toda superf&iacute;cie terrestre sem valorizar o hemisf&eacute;rio norte ou sul, isto &eacute;, dando a ideia de igualdade.<\/li><li>2. Correto. N&atilde;o d&aacute; para transferir 3D para 2D. Por isso, n&atilde;o existe proje&ccedil;&atilde;o perfeita.<\/li><li>3. Incorreto. &ldquo;inviabilizando&rdquo; ficou de forma exagerada.<\/li><li>4. Correto. As proje&ccedil;&otilde;es planas (azimutais) possuem um car&aacute;ter mais geopol&iacute;tico, como a bandeira da ONU.<\/li><\/ul><p class=\"has-light-green-cyan-background-color has-background\"><strong>Gabarito: D<\/strong><\/p><h3 class=\"wp-block-heading\"><strong>Quest&atilde;o 70<\/strong><\/h3><p>Em 1&ordm; de julho de 1997, Hong Kong, uma ex-col&ocirc;nia brit&acirc;nica, passou a fazer parte da China, sob o acordo &ldquo;um pa&iacute;s, dois sistemas&rdquo;, que assegura certa autonomia ao territ&oacute;rio de cerca de 7,4 milh&otilde;es de habitantes. Considerada uma Regi&atilde;o Administrativa Especial, Hong Kong possui seu pr&oacute;prio sistema de leis, diversos partidos pol&iacute;ticos e direitos essenciais garantidos. A respeito do assunto, considere as seguintes afirmativas:<br><\/p><ol class=\"wp-block-list\"><li>Hong Kong foi cedida ao Reino Unido em 1842, ap&oacute;s a Primeira Guerra do &Oacute;pio, quando se tornou uma col&ocirc;nia brit&acirc;nica.<\/li><li>Pelo acordo, ficou assegurado que nenhuma altera&ccedil;&atilde;o poder&aacute; ser feita no sistema de governo de Hong Kong e em seu estilo de vida at&eacute; o ano de 2047.<\/li><li>O governo central chin&ecirc;s tem afirmado de maneira recorrente sua jurisdi&ccedil;&atilde;o sobre Hong Kong, mas evitando atritos pol&iacute;ticos entre os dois sistemas.<\/li><li>O passaporte utilizado pelos habitantes das duas regi&otilde;es &eacute; o mesmo, por&eacute;m o cidad&atilde;o honcongu&ecirc;s possui visto livre em v&aacute;rios pa&iacute;ses.<\/li><\/ol><p>Assinale a alternativa correta.<\/p><p>a) Somente a afirmativa 3 &eacute; verdadeira.<\/p><p>b) Somente as afirmativas 1 e 2 s&atilde;o\nverdadeiras.<\/p><p>c) Somente as afirmativas 1 e 4 s&atilde;o\nverdadeiras.<\/p><p>d) Somente as afirmativas 2, 3 e 4\ns&atilde;o verdadeiras.<\/p><p>e) As afirmativas 1, 2, 3 e 4 s&atilde;o verdadeiras.<\/p><h3 class=\"wp-block-heading\"><strong>Resolu&ccedil;&atilde;o Comentada<\/strong><\/h3><ul class=\"wp-block-list\"><li>1. Correto. Por meio do Tratado de Nanquim.<\/li><li>2. Correto. Ap&oacute;s essa data, Hong Kong passar&aacute; a ser totalmente controlada pela China.<\/li><li>3. Incorreto. Pelo contr&aacute;rio, as manifesta&ccedil;&otilde;es em Hong Kong s&atilde;o um reflexo da interven&ccedil;&atilde;o chinesa.<\/li><li>4. Incorreto. Quem nasceu em Hong Kong possui passaporte diferenciado, permitindo viajar para os pa&iacute;ses ocidentais, inclusive Estados Unidos.<\/li><\/ul><p class=\"has-light-green-cyan-background-color has-background\"><strong>Gabarito<\/strong>: B<\/p><h3 class=\"wp-block-heading\"><strong>Quest&atilde;o 71<\/strong><\/h3><p>No dia 26 de abril de 1986, &agrave;\n1h23min58s, uma s&eacute;rie de explos&otilde;es destruiu o reator e o pr&eacute;dio do quarto bloco\nda Central El&eacute;trica At&ocirc;mica de Tchern&oacute;bil, na fronteira de Belarus. A\ncat&aacute;strofe de Tchern&oacute;bil se converteu no mais grave acidente tecnol&oacute;gico do\ns&eacute;culo XX. Para a pequena Belarus, o acidente representou uma desgra&ccedil;a\nnacional, levando-se em conta que ali n&atilde;o havia nenhuma central at&ocirc;mica.<\/p><p>(Adaptado de Svetlana Aleksi&eacute;vitch, <em>Vozes de Tchern&oacute;bil<\/em>, p. 9-10.)<\/p><p>O evento ocorrido em Tchern&oacute;bil atesta e refor&ccedil;a incertezas, problemas e incongru&ecirc;ncias acerca do uso da energia nuclear. A esse respeito, assinale a alternativa correta.<\/p><p>a) Dado seu uso recente no Brasil, n&atilde;o h&aacute; registro de acidentes com subst&acirc;ncias radiativas no pa&iacute;s, seja no &acirc;mbito da produ&ccedil;&atilde;o de energia, seja no uso em equipamentos radiol&oacute;gicos.<\/p><p>b) O dom&iacute;nio tecnol&oacute;gico para a gera&ccedil;&atilde;o de energia nuclear pode possibilitar a produ&ccedil;&atilde;o de armas nucleares, raz&atilde;o pela qual os Estados Unidos exercem uma forte press&atilde;o sobre o projeto nuclear do Ir&atilde;.<\/p><p>c) A constru&ccedil;&atilde;o de novas usinas nucleares no Brasil encontra-se restrita, dada sua depend&ecirc;ncia tecnol&oacute;gica em rela&ccedil;&atilde;o ao enriquecimento do ur&acirc;nio.<\/p><p>d) A reduzida participa&ccedil;&atilde;o da energia nuclear na matriz energ&eacute;tica japonesa &eacute; decorrente da preocupa&ccedil;&atilde;o quanto &agrave; capacidade de as usinas suportarem atividades s&iacute;smicas no pa&iacute;s.<\/p><p>e) O acidente de Tchern&oacute;bil influenciou a opini&atilde;o p&uacute;blica acerca da aceita&ccedil;&atilde;o da energia nuclear, repercutindo na queda de sua produ&ccedil;&atilde;o nos pa&iacute;ses industrializados.<\/p><h3 class=\"wp-block-heading\"><strong>Resolu&ccedil;&atilde;o Comentada<\/strong><\/h3><ul class=\"wp-block-list\"><li>LETRA A &ndash; Incorreto. No final da d&eacute;cada de 1980 teve um acidente com c&eacute;sio 137 em Goi&acirc;nia.<\/li><li>LETRA B &ndash; Correto. O ur&acirc;nio utilizado para gerar energia pode ser utilizado para gerar uma arma nuclear, &eacute; uma quest&atilde;o tecnol&oacute;gica.<\/li><li>LETRA C &ndash; Incorreto. A constru&ccedil;&atilde;o n&atilde;o &eacute; restrita, mas, talvez, arriscada e invi&aacute;vel.<\/li><li>LETRA D &ndash; Incorreto. Pelo contr&aacute;rio, o Jap&atilde;o &eacute; um dos pa&iacute;ses que mais utiliza energia nuclear.<\/li><li>LETRA E &ndash; Incorreto. Estados Unidos, R&uacute;ssia, Fran&ccedil;a e Jap&atilde;o s&atilde;o os pa&iacute;ses que mais utilizam energia nuclear.<\/li><\/ul><p class=\"has-light-green-cyan-background-color has-background\"><strong>Gabarito<\/strong>: B<\/p><h3 class=\"wp-block-heading\"><strong>Quest&atilde;o 72<\/strong><\/h3><p>&ldquo;Vou construir um grande muro &ndash; e\nningu&eacute;m constr&oacute;i muros melhor que eu, acreditem. Para al&eacute;m disso, vou fazer com\nque o M&eacute;xico pague esta constru&ccedil;&atilde;o&rdquo;. Esta frase de Donald Trump revelou-se como\numa medida que chocou milhares de pessoas e agradou a outras tantas.<\/p><p>(Dispon&iacute;vel em:\nhttps:\/\/sol.sapo.pt\/artigo\/617127\/como-surgiu-o-problema-das-fronteiras-entre-os-eua-e-o-mexico-)<\/p><p>Essa fala do presidente dos Estados Unidos remete a uma regi&atilde;o de conflito. A respeito do assunto, assinale a alternativa correta.<\/p><p>a) O Rio Grande limita os EUA e o M&eacute;xico e se configura num tipo de fronteira, a natural, com uma significativa carga simb&oacute;lica, por servir de passagem entre a cidade mais violenta do mundo &ndash; Ciudad Ju&aacute;rez &ndash; e a segura cidade de El Paso.<\/p><p>b) Embora o maior controle da fronteira dos Estados Unidos com o M&eacute;xico reforce tens&otilde;es pol&iacute;ticas e humanit&aacute;rias na regi&atilde;o, n&atilde;o reflete na capacidade de intera&ccedil;&atilde;o regional do NAFTA.<\/p><p>c) O controle da fronteira com o M&eacute;xico teve in&iacute;cio na d&eacute;cada de 1980, na tentativa de se combater o tr&aacute;fico de drogas proveniente da Col&ocirc;mbia.<\/p><p>d) A pol&iacute;tica migrat&oacute;ria dos Estados Unidos &eacute; paradoxal, visto que, a um s&oacute; tempo, incentiva a &ldquo;importa&ccedil;&atilde;o de c&eacute;rebros&rdquo; e &eacute; rigorosa com os refugiados pol&iacute;ticos provenientes da Am&eacute;rica Latina.<\/p><p>e) Embora seja crescente o n&uacute;mero de cidad&atilde;os da Guatemala, Honduras e El Salvador na fronteira, ainda persiste um maior n&uacute;mero de cidad&atilde;os mexicanos a serem detidos.<\/p><h3 class=\"wp-block-heading\"><strong>Resolu&ccedil;&atilde;o Comentada<\/strong><\/h3><ul class=\"wp-block-list\"><li>LETRA A &ndash; Correto. El Paso localiza-se no estado do Texas.<\/li><li>LETRA B &ndash; Incorreto. &ldquo;n&atilde;o reflete&rdquo; ficou exagerado. O muro pode trazer mudan&ccedil;as para esse bloco econ&ocirc;mico.<\/li><li>LETRA C &ndash; Incorreto. O controle de fronteiras iniciou-se logo ap&oacute;s a independ&ecirc;ncia dos EUA.<\/li><li>LETRA D &ndash; Incorreto. Os Estados Unidos n&atilde;o incentivam a importa&ccedil;&atilde;o de c&eacute;rebros, uma vez que o pa&iacute;s concentra m&atilde;o de obra altamente qualificada.<\/li><li>LETRA E &ndash; Incorreto. A imigra&ccedil;&atilde;o ilegal diminuiu nos EUA depois de 1 d&eacute;cada.<\/li><\/ul><p class=\"has-light-green-cyan-background-color has-background\"><strong>Gabarito<\/strong>: A<\/p><h3 class=\"wp-block-heading\"><strong>Quest&atilde;o 73<\/strong><\/h3><p>&nbsp;A problem&aacute;tica da polui&ccedil;&atilde;o diz respeito &agrave;\nqualidade de vida das aglomera&ccedil;&otilde;es humanas, visto que a degrada&ccedil;&atilde;o ambiental\ncausa uma deteriora&ccedil;&atilde;o dessa qualidade. A esse respeito, assinale a alternativa\ncorreta.<\/p><p>a) A degrada&ccedil;&atilde;o ambiental passou a\nse constituir como um problema para a humanidade a partir do lan&ccedil;amento das\nbombas at&ocirc;micas de Hiroshima e Nagasaki, em agosto de 1945.<\/p><p>b) A Terra reclama uma estrat&eacute;gia\nambiental que atribua responsabilidades individuais, para cada na&ccedil;&atilde;o, no\nsentido de desenvolver pesquisas e estudos acerca das implica&ccedil;&otilde;es das\natividades humanas sobre o sistema natural e vice-versa.<\/p><p>c) As quest&otilde;es ambientais se\ncircunscrevem aos pa&iacute;ses de alto grau de desenvolvimento econ&ocirc;mico e elevado\nconsumo, em que os problemas s&atilde;o mais graves e complexos.<\/p><p>d) A resist&ecirc;ncia &agrave; manuten&ccedil;&atilde;o do\nmaior n&uacute;mero de esp&eacute;cies para assegurar o futuro do ser humano se d&aacute; pelo fato\nde ela se constituir em proposi&ccedil;&atilde;o que contraria o desenvolvimento econ&ocirc;mico.<\/p><p>e) A problem&aacute;tica ambiental n&atilde;o se\nlimita ao mundo f&iacute;sico, integrando, em escalas diversas, as quest&otilde;es\nsocioespaciais.<\/p><h3 class=\"wp-block-heading\"><strong>Resolu&ccedil;&atilde;o Comentada<\/strong><\/h3><ul class=\"wp-block-list\"><li>LETRA A &ndash; Incorreto. A degrada&ccedil;&atilde;o ambiental iniciou-se a partir da I Revolu&ccedil;&atilde;o Industrial.<\/li><li>LETRA B &ndash; Incorreto. Essas responsabilidades dependem de cada um e n&atilde;o s&atilde;o delegadas pela Terra.<\/li><li>LETRA C &ndash; Incorreto. Os pa&iacute;ses emergentes e subdesenvolvidos tamb&eacute;m poluem.<\/li><li>LETRA D &ndash; Incorreto. A manuten&ccedil;&atilde;o do maior n&uacute;mero de esp&eacute;cies n&atilde;o contraria o desenvolvimento econ&ocirc;mico.<\/li><li>LETRA E &ndash; Correto. A problem&aacute;tica ambiental reflete no nosso comportamento, especialmente no que diz respeito &agrave; conscientiza&ccedil;&atilde;o.<\/li><\/ul><p class=\"has-light-green-cyan-background-color has-background\"><strong>Gabarito<\/strong>: E<\/p><h3 class=\"wp-block-heading\"><strong>Quest&atilde;o 74<\/strong><\/h3><p>A compra da remota Ilha da\nGroenl&acirc;ndia proposta pelo presidente dos EUA, Donald Trump, pode soar estranha.\nAfinal, trata-se do territ&oacute;rio menos povoado da Terra, com mais de 2 milh&otilde;es de\nquil&ocirc;metros quadrados &ndash; mais ou menos um quarto da &aacute;rea do Brasil &ndash; e apenas 57\nmil habitantes.<\/p><p>(Dispon&iacute;vel em:\nnoticias.uol.com.br\/ultimas-noticias\/bbc\/2019\/08\/22\/por-que-remota-groenlandia-interessa-tanto-aos-eua-e-a-china.htm.)<\/p><p>Ponderando a dimens&atilde;o e o alcance\ngeopol&iacute;tico do tema, considere as seguintes afirmativas:<\/p><ol class=\"wp-block-list\"><li>A regi&atilde;o &aacute;rtica inclui territ&oacute;rios pertencentes ao Canad&aacute;, Finl&acirc;ndia, Groenl&acirc;ndia, Isl&acirc;ndia, Noruega, R&uacute;ssia, Su&eacute;cia e Estados Unidos.<\/li><li>Os Estados Unidos possuem uma estrat&eacute;gia j&aacute; consagrada de atua&ccedil;&atilde;o na regi&atilde;o &aacute;rtica, constru&iacute;da a partir da aquisi&ccedil;&atilde;o do Alasca junto ao Imp&eacute;rio Russo em 1867.<\/li><li>A R&uacute;ssia &eacute; o pa&iacute;s com maior presen&ccedil;a no &Aacute;rtico e o melhor preparado para enfrentar as severidades da regi&atilde;o.<\/li><li>Os efeitos do aquecimento global se manifestam no &Aacute;rtico e o derretimento do gelo est&aacute; permitindo um acesso mais f&aacute;cil &agrave; regi&atilde;o, chamando a aten&ccedil;&atilde;o das na&ccedil;&otilde;es &aacute;rticas sobre ganhos e perdas potenciais a alcan&ccedil;ar.<\/li><\/ol><p>Assinale a alternativa correta.<\/p><p>a) Somente a afirmativa 2 &eacute;\nverdadeira.<\/p><p>b) Somente as afirmativas 1 e 3 s&atilde;o\nverdadeiras.<\/p><p>c) Somente as afirmativas 1 e 4 s&atilde;o\nverdadeiras.<\/p><p>d) Somente as afirmativas 2, 3 e 4\ns&atilde;o verdadeiras.<\/p><p>e) As afirmativas 1, 2, 3 e 4 s&atilde;o\nverdadeiras.<\/p><h3 class=\"wp-block-heading\"><strong>Resolu&ccedil;&atilde;o Comentada<\/strong><\/h3><ul class=\"wp-block-list\"><li>1. Correto. O Polo Norte &eacute; um conjunto de por&ccedil;&otilde;es de pa&iacute;ses.<\/li><li>2. Incorreto. A venda do Alasca deve-se &agrave;s dificuldades financeiras do Imp&eacute;rio Russo.<\/li><li>3. Incorreto. Estados Unidos possuem maior presen&ccedil;a no &Aacute;rtico.<\/li><li>4. Correto. Se o acesso est&aacute; mais f&aacute;cil, significa que precisa ser mais bem vigiado pelos militares.<\/li><\/ul><p class=\"has-light-green-cyan-background-color has-background\"><strong>Gabarito<\/strong>: C<\/p><h3 class=\"wp-block-heading\"><strong>Quest&atilde;o 75<\/strong><\/h3><p>A organiza&ccedil;&atilde;o do espa&ccedil;o diz respeito\n&agrave; divis&atilde;o espacial do trabalho, &agrave; disposi&ccedil;&atilde;o e distribui&ccedil;&atilde;o espacial da\ninfraestrutura t&eacute;cnica e social, bem como ao padr&atilde;o de segrega&ccedil;&atilde;o e\nautossegrega&ccedil;&atilde;o residencial, entre outros aspectos. A respeito da organiza&ccedil;&atilde;o\ndo espa&ccedil;o geogr&aacute;fico brasileiro, assinale a alternativa correta.<\/p><p>a) As adapta&ccedil;&otilde;es e transforma&ccedil;&otilde;es do\nespa&ccedil;o geogr&aacute;fico s&atilde;o dependentes do planejamento urbano e regional e resultam\nnuma organiza&ccedil;&atilde;o espacial menos injusta, menos desigual, menos assim&eacute;trica.<\/p><p>b) O processo de organiza&ccedil;&atilde;o\nespacial resultou em dois brasis: um novo e moderno, constitu&iacute;do por Sul e\nSudeste, e outro velho e arcaico, representado pelo Norte, Nordeste e Centro\nOeste.<\/p><p>c) A rede urbana da Amaz&ocirc;nia obedece\na uma orienta&ccedil;&atilde;o dada pela rede hidrogr&aacute;fica da regi&atilde;o.<\/p><p>d) A forma&ccedil;&atilde;o territorial brasileira\nobedeceu &agrave; sucess&atilde;o de ciclos econ&ocirc;micos, iniciando pela explora&ccedil;&atilde;o do\npau-brasil e culminando na atividade industrial, promotora de desenvolvimento e\nequanimidade regionais.<\/p><p>e) A divis&atilde;o territorial do trabalho\nvigente no Brasil apresenta um centro din&acirc;mico e industrializado &ndash; eixo Rio-S&atilde;o\nPaulo &ndash; e v&aacute;rias periferias especializadas no fornecimento de mat&eacute;rias-primas e\nm&atilde;o de obra barata.<\/p><h3 class=\"wp-block-heading\"><strong>Resolu&ccedil;&atilde;o Comentada<\/strong><\/h3><ul class=\"wp-block-list\"><li>LETRA A &ndash; Incorreto. Nem sempre as adapta&ccedil;&otilde;es do espa&ccedil;o urbano s&atilde;o mais justas ou mais igualit&aacute;rias.<\/li><li>LETRA B &ndash; Incorreto. Segundo a regionaliza&ccedil;&atilde;o do Santos e da Silveira, existem 4 brasis. Ademais, o Centro-Oeste n&atilde;o pode ser considerado uma regi&atilde;o arcaica.<\/li><li>LETRA C &ndash; Correto. A expans&atilde;o urbana teve que se adaptar &agrave;s condi&ccedil;&otilde;es fisiogr&aacute;ficas da regi&atilde;o.<\/li><li>LETRA D &ndash; Incorreto. A Regi&atilde;o Sudeste, especialmente por causa de S&atilde;o Paulo, possui um desenvolvimento econ&ocirc;mico muito superior &agrave;s outras regi&otilde;es.<\/li><li>LETRA E &ndash; Incorreto. A express&atilde;o &ldquo;v&aacute;rias periferias especializadas&rdquo; ficou exagerada. Ademais, &ldquo;especializadas&rdquo; d&aacute; a ideia de m&atilde;o de obra qualificada.<\/li><\/ul><p class=\"has-light-green-cyan-background-color has-background\"><strong>Gabarito<\/strong>: C<\/p><h3 class=\"wp-block-heading\"><strong>Quest&atilde;o 76<\/strong><\/h3><p>Do M&eacute;xico ao Chile, a &aacute;reas da\n&Aacute;frica e a pontos tur&iacute;sticos no sul da Europa e no Mediterr&acirc;neo, o n&iacute;vel de\n&lsquo;estresse h&iacute;drico&rsquo; &ndash; a quantidade de &aacute;gua extra&iacute;da de fontes terrestres e\nsuperficiais em compara&ccedil;&atilde;o com o total dispon&iacute;vel &ndash; est&aacute; atingindo n&iacute;veis preocupantes.<\/p><p>(Dispon&iacute;vel em: bbc.com\/portuguese\/amp\/geral-49243195.)<\/p><p>Sobre estresse h&iacute;drico, assinale a\nalternativa correta.<\/p><p>a) Regi&otilde;es de grande concentra&ccedil;&atilde;o\npopulacional na &Aacute;sia, como o Sudeste asi&aacute;tico, apresentam maior estresse\nh&iacute;drico do que as &aacute;reas do continente de baixa densidade populacional.<\/p><p>b) O Brasil possui, segundo a\nAg&ecirc;ncia Nacional de &Aacute;guas, aproximadamente 12% da disponibilidade de &aacute;gua doce\ndo planeta e, &agrave; exce&ccedil;&atilde;o do semi&aacute;rido nordestino, as demais &aacute;reas do pa&iacute;s\napresentam baixo risco de estresse h&iacute;drico.<\/p><p>c) O estresse h&iacute;drico no continente\nafricano &eacute; uma decorr&ecirc;ncia do excessivo uso de suas &aacute;guas subterr&acirc;neas.<\/p><p>d) No sul da Europa, onde predominam\nver&otilde;es quentes e secos, o turismo representa uma press&atilde;o adicional sobre os sistemas\nde &aacute;guas.<\/p><p>e) Nos pa&iacute;ses andinos, a atividade\nindustrial &eacute; respons&aacute;vel pela maior parte do consumo h&iacute;drico, superando o\nconsumo agr&iacute;cola e o residencial.<\/p><h3 class=\"wp-block-heading\"><strong>Resolu&ccedil;&atilde;o Comentada<\/strong><\/h3><ul class=\"wp-block-list\"><li>LETRA A &ndash; Incorreto. Pelo fato de o Sudeste Asi&aacute;tico ser cortado pela Linha do Equador, ele apresenta abund&acirc;ncia h&iacute;drica.<\/li><li>LETRA B &ndash; Incorreto. Mesmo o Acre apresenta estresse h&iacute;drico. Assim, &eacute; uma quest&atilde;o de m&aacute; administra&ccedil;&atilde;o e n&atilde;o de condi&ccedil;&otilde;es clim&aacute;ticas.<\/li><li>LETRA C &ndash; Incorreto. Deve-se a falta de infraestrutura para redistribuir a &aacute;gua.<\/li><li>LETRA D &ndash; Correto. O turismo aumenta a popula&ccedil;&atilde;o local, contribuindo com o estresse h&iacute;drico.<\/li><li>LETRA E &ndash; Incorreto. Nos pa&iacute;ses andinos, a agropecu&aacute;ria &eacute; a atividade econ&ocirc;mica que mais consome &aacute;gua.<\/li><\/ul><p class=\"has-light-green-cyan-background-color has-background\"><strong>Gabarito<\/strong>: D<\/p><p>&Eacute; isso, pessoal! Espero que tenham curtido a resolu&ccedil;&atilde;o da prova de <a href=\"https:\/\/vestibulares.estrategia.com\/portal\/category\/geografia\/\" target=\"_blank\">Geografia<\/a> do vestibular UFPR 2020.&nbsp;Sigam-me nas redes sociais. T&ecirc;m muitas dicas l&aacute;. Mande uma mensagem, caso tenha tido alguma d&uacute;vida. Abra&ccedil;os!<\/p><p><strong>Instagram:<\/strong>&nbsp;<a href=\"https:\/\/instagram.com\/prof.sauloteruotakami\/\" target=\"_blank\">@prof.sauloteruotakami<\/a><\/p><p class=\"has-text-align-center has-luminous-vivid-amber-background-color has-background has-medium-font-size\"><span style=\"text-decoration: underline;\"><a href=\"https:\/\/www.estrategiavestibulares.com.br\/pacotes\/\" target=\"_blank\" rel=\"noopener noreferrer\">CURSOS PARA VESTIBULAR<\/a><\/span><\/p><\/p>\n","protected":false},"excerpt":{"rendered":"Ol&aacute;, pessoal&hellip; Tudo bem? Sou o prof. Saulo, do Estrat&eacute;gia Vestibulares, e escrevo este artigo para lan&ccedil;ar o&hellip;\n","protected":false},"author":18,"featured_media":40415,"comment_status":"open","ping_status":"open","sticky":false,"template":"","format":"standard","meta":{"wl_entities_gutenberg":"","footnotes":""},"categories":[40],"tags":[],"wl_entity_type":[732],"class_list":{"0":"post-31824","1":"post","2":"type-post","3":"status-publish","4":"format-standard","5":"has-post-thumbnail","7":"category-geografia","8":"wl_entity_type-article"},"acf":[],"yoast_head":"<!-- This site is optimized with the Yoast SEO Premium plugin v25.9 (Yoast SEO v25.9) - https:\/\/yoast.com\/wordpress\/plugins\/seo\/ -->\n<title>Gabarito UFPR 2020 \u2013 Geografia \u2013 Resolu\u00e7\u00e3o Comentada<\/title>\n<meta name=\"description\" content=\"Voc\u00ea participou do Vestibular UFPR 2020? Confira o gabarito das quest\u00f5es de Geografia no blog do Estrat\u00e9gia Vestibulares!\" \/>\n<meta name=\"robots\" content=\"index, follow, max-snippet:-1, max-image-preview:large, max-video-preview:-1\" \/>\n<link rel=\"canonical\" href=\"https:\/\/vestibulares.estrategia.com\/portal\/materias\/geografia\/gabarito-ufpr-geografia\/\" \/>\n<meta property=\"og:locale\" content=\"pt_BR\" \/>\n<meta property=\"og:type\" content=\"article\" \/>\n<meta property=\"og:title\" content=\"Gabarito UFPR 2020 \u2013 Geografia \u2013 Resolu\u00e7\u00e3o Comentada\" \/>\n<meta property=\"og:description\" content=\"Voc\u00ea participou do Vestibular UFPR 2020? Confira o gabarito das quest\u00f5es de Geografia no blog do Estrat\u00e9gia Vestibulares!\" \/>\n<meta property=\"og:url\" content=\"https:\/\/vestibulares.estrategia.com\/portal\/materias\/geografia\/gabarito-ufpr-geografia\/\" \/>\n<meta property=\"og:site_name\" content=\"Estrat\u00e9gia Vestibulares\" \/>\n<meta property=\"article:publisher\" content=\"https:\/\/facebook.com\/estrategiavestibulares\" \/>\n<meta property=\"article:published_time\" content=\"2019-10-29T13:08:09+00:00\" \/>\n<meta property=\"article:modified_time\" content=\"2021-06-30T10:48:40+00:00\" \/>\n<meta property=\"og:image\" content=\"https:\/\/cdn.blog.estrategiavestibulares.com.br\/vestibulares\/wp-content\/uploads\/2019\/10\/29100652\/gabarito-ufpr-geografia-1.png\" \/>\n\t<meta property=\"og:image:width\" content=\"500\" \/>\n\t<meta property=\"og:image:height\" content=\"334\" \/>\n\t<meta property=\"og:image:type\" content=\"image\/png\" \/>\n<meta name=\"author\" content=\"Raquel Oshio\" \/>\n<meta name=\"twitter:card\" content=\"summary_large_image\" \/>\n<meta name=\"twitter:creator\" content=\"@Estrategiavest\" \/>\n<meta name=\"twitter:site\" content=\"@Estrategiavest\" \/>\n<meta name=\"twitter:label1\" content=\"Escrito por\" \/>\n\t<meta name=\"twitter:data1\" content=\"Raquel Oshio\" \/>\n\t<meta name=\"twitter:label2\" content=\"Est. tempo de leitura\" \/>\n\t<meta name=\"twitter:data2\" content=\"12 minutos\" \/>\n<script type=\"application\/ld+json\" class=\"yoast-schema-graph\">{\"@context\":\"https:\/\/schema.org\",\"@graph\":[{\"@type\":\"Article\",\"@id\":\"https:\/\/vestibulares.estrategia.com\/portal\/materias\/geografia\/gabarito-ufpr-geografia\/#article\",\"isPartOf\":{\"@id\":\"https:\/\/vestibulares.estrategia.com\/portal\/materias\/geografia\/gabarito-ufpr-geografia\/\"},\"author\":{\"name\":\"Raquel Oshio\",\"@id\":\"https:\/\/vestibulares.estrategia.com\/portal\/#\/schema\/person\/04682fc62e7ab3b51a4f9434ae8844da\"},\"headline\":\"Gabarito UFPR 2020 \u2013 Geografia \u2013 Resolu\u00e7\u00e3o Comentada\",\"datePublished\":\"2019-10-29T13:08:09+00:00\",\"dateModified\":\"2021-06-30T10:48:40+00:00\",\"mainEntityOfPage\":{\"@id\":\"https:\/\/vestibulares.estrategia.com\/portal\/materias\/geografia\/gabarito-ufpr-geografia\/\"},\"wordCount\":2874,\"commentCount\":0,\"publisher\":{\"@id\":\"https:\/\/vestibulares.estrategia.com\/portal\/#organization\"},\"image\":{\"@id\":\"https:\/\/vestibulares.estrategia.com\/portal\/materias\/geografia\/gabarito-ufpr-geografia\/#primaryimage\"},\"thumbnailUrl\":\"https:\/\/vestibulares.estrategia.com\/portal\/wp-content\/uploads\/2019\/10\/gabarito-ufpr-geografia-1.png\",\"articleSection\":[\"Geografia\"],\"inLanguage\":\"pt-BR\",\"potentialAction\":[{\"@type\":\"CommentAction\",\"name\":\"Comment\",\"target\":[\"https:\/\/vestibulares.estrategia.com\/portal\/materias\/geografia\/gabarito-ufpr-geografia\/#respond\"]}]},{\"@type\":\"WebPage\",\"@id\":\"https:\/\/vestibulares.estrategia.com\/portal\/materias\/geografia\/gabarito-ufpr-geografia\/\",\"url\":\"https:\/\/vestibulares.estrategia.com\/portal\/materias\/geografia\/gabarito-ufpr-geografia\/\",\"name\":\"Gabarito UFPR 2020 \u2013 Geografia \u2013 Resolu\u00e7\u00e3o Comentada\",\"isPartOf\":{\"@id\":\"https:\/\/vestibulares.estrategia.com\/portal\/#website\"},\"primaryImageOfPage\":{\"@id\":\"https:\/\/vestibulares.estrategia.com\/portal\/materias\/geografia\/gabarito-ufpr-geografia\/#primaryimage\"},\"image\":{\"@id\":\"https:\/\/vestibulares.estrategia.com\/portal\/materias\/geografia\/gabarito-ufpr-geografia\/#primaryimage\"},\"thumbnailUrl\":\"https:\/\/vestibulares.estrategia.com\/portal\/wp-content\/uploads\/2019\/10\/gabarito-ufpr-geografia-1.png\",\"datePublished\":\"2019-10-29T13:08:09+00:00\",\"dateModified\":\"2021-06-30T10:48:40+00:00\",\"description\":\"Voc\u00ea participou do Vestibular UFPR 2020? Confira o gabarito das quest\u00f5es de Geografia no blog do Estrat\u00e9gia Vestibulares!\",\"breadcrumb\":{\"@id\":\"https:\/\/vestibulares.estrategia.com\/portal\/materias\/geografia\/gabarito-ufpr-geografia\/#breadcrumb\"},\"inLanguage\":\"pt-BR\",\"potentialAction\":[{\"@type\":\"ReadAction\",\"target\":[\"https:\/\/vestibulares.estrategia.com\/portal\/materias\/geografia\/gabarito-ufpr-geografia\/\"]}]},{\"@type\":\"ImageObject\",\"inLanguage\":\"pt-BR\",\"@id\":\"https:\/\/vestibulares.estrategia.com\/portal\/materias\/geografia\/gabarito-ufpr-geografia\/#primaryimage\",\"url\":\"https:\/\/vestibulares.estrategia.com\/portal\/wp-content\/uploads\/2019\/10\/gabarito-ufpr-geografia-1.png\",\"contentUrl\":\"https:\/\/vestibulares.estrategia.com\/portal\/wp-content\/uploads\/2019\/10\/gabarito-ufpr-geografia-1.png\",\"width\":500,\"height\":334,\"caption\":\"gabarito ufpr geografia\"},{\"@type\":\"BreadcrumbList\",\"@id\":\"https:\/\/vestibulares.estrategia.com\/portal\/materias\/geografia\/gabarito-ufpr-geografia\/#breadcrumb\",\"itemListElement\":[{\"@type\":\"ListItem\",\"position\":1,\"name\":\"Home\",\"item\":\"https:\/\/vestibulares.estrategia.com\/portal\/\"},{\"@type\":\"ListItem\",\"position\":2,\"name\":\"Mat\u00e9rias\",\"item\":\"https:\/\/vestibulares.estrategia.com\/portal\/materias\/\"},{\"@type\":\"ListItem\",\"position\":3,\"name\":\"Geografia\",\"item\":\"https:\/\/vestibulares.estrategia.com\/portal\/materias\/geografia\/\"},{\"@type\":\"ListItem\",\"position\":4,\"name\":\"Gabarito UFPR 2020 \u2013 Geografia \u2013 Resolu\u00e7\u00e3o Comentada\"}]},{\"@type\":\"WebSite\",\"@id\":\"https:\/\/vestibulares.estrategia.com\/portal\/#website\",\"url\":\"https:\/\/vestibulares.estrategia.com\/portal\/\",\"name\":\"Estrat\u00e9gia Vestibulares\",\"description\":\"\",\"publisher\":{\"@id\":\"https:\/\/vestibulares.estrategia.com\/portal\/#organization\"},\"potentialAction\":[{\"@type\":\"SearchAction\",\"target\":{\"@type\":\"EntryPoint\",\"urlTemplate\":\"https:\/\/vestibulares.estrategia.com\/portal\/?s={search_term_string}\"},\"query-input\":{\"@type\":\"PropertyValueSpecification\",\"valueRequired\":true,\"valueName\":\"search_term_string\"}}],\"inLanguage\":\"pt-BR\"},{\"@type\":\"Organization\",\"@id\":\"https:\/\/vestibulares.estrategia.com\/portal\/#organization\",\"name\":\"Estrat\u00e9gia Vestibulares\",\"url\":\"https:\/\/vestibulares.estrategia.com\/portal\/\",\"logo\":{\"@type\":\"ImageObject\",\"inLanguage\":\"pt-BR\",\"@id\":\"https:\/\/vestibulares.estrategia.com\/portal\/#\/schema\/logo\/image\/\",\"url\":\"https:\/\/vestibulares.estrategia.com\/portal\/wp-content\/uploads\/2021\/06\/Logo-Vestibulares@4x.png\",\"contentUrl\":\"https:\/\/vestibulares.estrategia.com\/portal\/wp-content\/uploads\/2021\/06\/Logo-Vestibulares@4x.png\",\"width\":250,\"height\":66,\"caption\":\"Estrat\u00e9gia Vestibulares\"},\"image\":{\"@id\":\"https:\/\/vestibulares.estrategia.com\/portal\/#\/schema\/logo\/image\/\"},\"sameAs\":[\"https:\/\/facebook.com\/estrategiavestibulares\",\"https:\/\/x.com\/Estrategiavest\",\"https:\/\/www.instagram.com\/estrategiavestibulares\",\"https:\/\/www.youtube.com\/channel\/UCGWdZy8ULI-7_5GrABa4vNA\"]},{\"@type\":\"Person\",\"@id\":\"https:\/\/vestibulares.estrategia.com\/portal\/#\/schema\/person\/04682fc62e7ab3b51a4f9434ae8844da\",\"name\":\"Raquel Oshio\",\"image\":{\"@type\":\"ImageObject\",\"inLanguage\":\"pt-BR\",\"@id\":\"https:\/\/vestibulares.estrategia.com\/portal\/#\/schema\/person\/image\/\",\"url\":\"https:\/\/secure.gravatar.com\/avatar\/fa4e62d5e59d9cf9995ea9c715a78807?s=96&d=mm&r=g\",\"contentUrl\":\"https:\/\/secure.gravatar.com\/avatar\/fa4e62d5e59d9cf9995ea9c715a78807?s=96&d=mm&r=g\",\"caption\":\"Raquel Oshio\"},\"description\":\"Amante de hist\u00f3rias e ca\u00e7adora de belezas escondidas. Jornalista de profiss\u00e3o e cora\u00e7\u00e3o. Desenhista e escritora de fic\u00e7\u00e3o nas horas vagas. Acredito no potencial transformador de todo trabalho feito com dedica\u00e7\u00e3o.\",\"url\":\"https:\/\/vestibulares.estrategia.com\/portal\/author\/raquel-oshio\/\"}]}<\/script>\n<!-- \/ Yoast SEO Premium plugin. -->","yoast_head_json":{"title":"Gabarito UFPR 2020 \u2013 Geografia \u2013 Resolu\u00e7\u00e3o Comentada","description":"Voc\u00ea participou do Vestibular UFPR 2020? Confira o gabarito das quest\u00f5es de Geografia no blog do Estrat\u00e9gia Vestibulares!","robots":{"index":"index","follow":"follow","max-snippet":"max-snippet:-1","max-image-preview":"max-image-preview:large","max-video-preview":"max-video-preview:-1"},"canonical":"https:\/\/vestibulares.estrategia.com\/portal\/materias\/geografia\/gabarito-ufpr-geografia\/","og_locale":"pt_BR","og_type":"article","og_title":"Gabarito UFPR 2020 \u2013 Geografia \u2013 Resolu\u00e7\u00e3o Comentada","og_description":"Voc\u00ea participou do Vestibular UFPR 2020? Confira o gabarito das quest\u00f5es de Geografia no blog do Estrat\u00e9gia Vestibulares!","og_url":"https:\/\/vestibulares.estrategia.com\/portal\/materias\/geografia\/gabarito-ufpr-geografia\/","og_site_name":"Estrat\u00e9gia Vestibulares","article_publisher":"https:\/\/facebook.com\/estrategiavestibulares","article_published_time":"2019-10-29T13:08:09+00:00","article_modified_time":"2021-06-30T10:48:40+00:00","og_image":[{"width":500,"height":334,"url":"https:\/\/cdn.blog.estrategiavestibulares.com.br\/vestibulares\/wp-content\/uploads\/2019\/10\/29100652\/gabarito-ufpr-geografia-1.png","type":"image\/png"}],"author":"Raquel Oshio","twitter_card":"summary_large_image","twitter_creator":"@Estrategiavest","twitter_site":"@Estrategiavest","twitter_misc":{"Escrito por":"Raquel Oshio","Est. tempo de leitura":"12 minutos"},"schema":{"@context":"https:\/\/schema.org","@graph":[{"@type":"Article","@id":"https:\/\/vestibulares.estrategia.com\/portal\/materias\/geografia\/gabarito-ufpr-geografia\/#article","isPartOf":{"@id":"https:\/\/vestibulares.estrategia.com\/portal\/materias\/geografia\/gabarito-ufpr-geografia\/"},"author":{"name":"Raquel Oshio","@id":"https:\/\/vestibulares.estrategia.com\/portal\/#\/schema\/person\/04682fc62e7ab3b51a4f9434ae8844da"},"headline":"Gabarito UFPR 2020 \u2013 Geografia \u2013 Resolu\u00e7\u00e3o Comentada","datePublished":"2019-10-29T13:08:09+00:00","dateModified":"2021-06-30T10:48:40+00:00","mainEntityOfPage":{"@id":"https:\/\/vestibulares.estrategia.com\/portal\/materias\/geografia\/gabarito-ufpr-geografia\/"},"wordCount":2874,"commentCount":0,"publisher":{"@id":"https:\/\/vestibulares.estrategia.com\/portal\/#organization"},"image":{"@id":"https:\/\/vestibulares.estrategia.com\/portal\/materias\/geografia\/gabarito-ufpr-geografia\/#primaryimage"},"thumbnailUrl":"https:\/\/vestibulares.estrategia.com\/portal\/wp-content\/uploads\/2019\/10\/gabarito-ufpr-geografia-1.png","articleSection":["Geografia"],"inLanguage":"pt-BR","potentialAction":[{"@type":"CommentAction","name":"Comment","target":["https:\/\/vestibulares.estrategia.com\/portal\/materias\/geografia\/gabarito-ufpr-geografia\/#respond"]}]},{"@type":"WebPage","@id":"https:\/\/vestibulares.estrategia.com\/portal\/materias\/geografia\/gabarito-ufpr-geografia\/","url":"https:\/\/vestibulares.estrategia.com\/portal\/materias\/geografia\/gabarito-ufpr-geografia\/","name":"Gabarito UFPR 2020 \u2013 Geografia \u2013 Resolu\u00e7\u00e3o Comentada","isPartOf":{"@id":"https:\/\/vestibulares.estrategia.com\/portal\/#website"},"primaryImageOfPage":{"@id":"https:\/\/vestibulares.estrategia.com\/portal\/materias\/geografia\/gabarito-ufpr-geografia\/#primaryimage"},"image":{"@id":"https:\/\/vestibulares.estrategia.com\/portal\/materias\/geografia\/gabarito-ufpr-geografia\/#primaryimage"},"thumbnailUrl":"https:\/\/vestibulares.estrategia.com\/portal\/wp-content\/uploads\/2019\/10\/gabarito-ufpr-geografia-1.png","datePublished":"2019-10-29T13:08:09+00:00","dateModified":"2021-06-30T10:48:40+00:00","description":"Voc\u00ea participou do Vestibular UFPR 2020? Confira o gabarito das quest\u00f5es de Geografia no blog do Estrat\u00e9gia Vestibulares!","breadcrumb":{"@id":"https:\/\/vestibulares.estrategia.com\/portal\/materias\/geografia\/gabarito-ufpr-geografia\/#breadcrumb"},"inLanguage":"pt-BR","potentialAction":[{"@type":"ReadAction","target":["https:\/\/vestibulares.estrategia.com\/portal\/materias\/geografia\/gabarito-ufpr-geografia\/"]}]},{"@type":"ImageObject","inLanguage":"pt-BR","@id":"https:\/\/vestibulares.estrategia.com\/portal\/materias\/geografia\/gabarito-ufpr-geografia\/#primaryimage","url":"https:\/\/vestibulares.estrategia.com\/portal\/wp-content\/uploads\/2019\/10\/gabarito-ufpr-geografia-1.png","contentUrl":"https:\/\/vestibulares.estrategia.com\/portal\/wp-content\/uploads\/2019\/10\/gabarito-ufpr-geografia-1.png","width":500,"height":334,"caption":"gabarito ufpr geografia"},{"@type":"BreadcrumbList","@id":"https:\/\/vestibulares.estrategia.com\/portal\/materias\/geografia\/gabarito-ufpr-geografia\/#breadcrumb","itemListElement":[{"@type":"ListItem","position":1,"name":"Home","item":"https:\/\/vestibulares.estrategia.com\/portal\/"},{"@type":"ListItem","position":2,"name":"Mat\u00e9rias","item":"https:\/\/vestibulares.estrategia.com\/portal\/materias\/"},{"@type":"ListItem","position":3,"name":"Geografia","item":"https:\/\/vestibulares.estrategia.com\/portal\/materias\/geografia\/"},{"@type":"ListItem","position":4,"name":"Gabarito UFPR 2020 \u2013 Geografia \u2013 Resolu\u00e7\u00e3o Comentada"}]},{"@type":"WebSite","@id":"https:\/\/vestibulares.estrategia.com\/portal\/#website","url":"https:\/\/vestibulares.estrategia.com\/portal\/","name":"Estrat\u00e9gia Vestibulares","description":"","publisher":{"@id":"https:\/\/vestibulares.estrategia.com\/portal\/#organization"},"potentialAction":[{"@type":"SearchAction","target":{"@type":"EntryPoint","urlTemplate":"https:\/\/vestibulares.estrategia.com\/portal\/?s={search_term_string}"},"query-input":{"@type":"PropertyValueSpecification","valueRequired":true,"valueName":"search_term_string"}}],"inLanguage":"pt-BR"},{"@type":"Organization","@id":"https:\/\/vestibulares.estrategia.com\/portal\/#organization","name":"Estrat\u00e9gia Vestibulares","url":"https:\/\/vestibulares.estrategia.com\/portal\/","logo":{"@type":"ImageObject","inLanguage":"pt-BR","@id":"https:\/\/vestibulares.estrategia.com\/portal\/#\/schema\/logo\/image\/","url":"https:\/\/vestibulares.estrategia.com\/portal\/wp-content\/uploads\/2021\/06\/Logo-Vestibulares@4x.png","contentUrl":"https:\/\/vestibulares.estrategia.com\/portal\/wp-content\/uploads\/2021\/06\/Logo-Vestibulares@4x.png","width":250,"height":66,"caption":"Estrat\u00e9gia Vestibulares"},"image":{"@id":"https:\/\/vestibulares.estrategia.com\/portal\/#\/schema\/logo\/image\/"},"sameAs":["https:\/\/facebook.com\/estrategiavestibulares","https:\/\/x.com\/Estrategiavest","https:\/\/www.instagram.com\/estrategiavestibulares","https:\/\/www.youtube.com\/channel\/UCGWdZy8ULI-7_5GrABa4vNA"]},{"@type":"Person","@id":"https:\/\/vestibulares.estrategia.com\/portal\/#\/schema\/person\/04682fc62e7ab3b51a4f9434ae8844da","name":"Raquel Oshio","image":{"@type":"ImageObject","inLanguage":"pt-BR","@id":"https:\/\/vestibulares.estrategia.com\/portal\/#\/schema\/person\/image\/","url":"https:\/\/secure.gravatar.com\/avatar\/fa4e62d5e59d9cf9995ea9c715a78807?s=96&d=mm&r=g","contentUrl":"https:\/\/secure.gravatar.com\/avatar\/fa4e62d5e59d9cf9995ea9c715a78807?s=96&d=mm&r=g","caption":"Raquel Oshio"},"description":"Amante de hist\u00f3rias e ca\u00e7adora de belezas escondidas. Jornalista de profiss\u00e3o e cora\u00e7\u00e3o. Desenhista e escritora de fic\u00e7\u00e3o nas horas vagas. Acredito no potencial transformador de todo trabalho feito com dedica\u00e7\u00e3o.","url":"https:\/\/vestibulares.estrategia.com\/portal\/author\/raquel-oshio\/"}]}},"_wl_alt_label":[],"wl:entity_url":"https:\/\/data.wordlift.io\/wl110249\/post\/gabarito-ufpr-geografia","_links":{"self":[{"href":"https:\/\/vestibulares.estrategia.com\/portal\/wp-json\/wp\/v2\/posts\/31824","targetHints":{"allow":["GET"]}}],"collection":[{"href":"https:\/\/vestibulares.estrategia.com\/portal\/wp-json\/wp\/v2\/posts"}],"about":[{"href":"https:\/\/vestibulares.estrategia.com\/portal\/wp-json\/wp\/v2\/types\/post"}],"author":[{"embeddable":true,"href":"https:\/\/vestibulares.estrategia.com\/portal\/wp-json\/wp\/v2\/users\/18"}],"replies":[{"embeddable":true,"href":"https:\/\/vestibulares.estrategia.com\/portal\/wp-json\/wp\/v2\/comments?post=31824"}],"version-history":[{"count":2,"href":"https:\/\/vestibulares.estrategia.com\/portal\/wp-json\/wp\/v2\/posts\/31824\/revisions"}],"predecessor-version":[{"id":51771,"href":"https:\/\/vestibulares.estrategia.com\/portal\/wp-json\/wp\/v2\/posts\/31824\/revisions\/51771"}],"wp:featuredmedia":[{"embeddable":true,"href":"https:\/\/vestibulares.estrategia.com\/portal\/wp-json\/wp\/v2\/media\/40415"}],"wp:attachment":[{"href":"https:\/\/vestibulares.estrategia.com\/portal\/wp-json\/wp\/v2\/media?parent=31824"}],"wp:term":[{"taxonomy":"category","embeddable":true,"href":"https:\/\/vestibulares.estrategia.com\/portal\/wp-json\/wp\/v2\/categories?post=31824"},{"taxonomy":"post_tag","embeddable":true,"href":"https:\/\/vestibulares.estrategia.com\/portal\/wp-json\/wp\/v2\/tags?post=31824"},{"taxonomy":"wl_entity_type","embeddable":true,"href":"https:\/\/vestibulares.estrategia.com\/portal\/wp-json\/wp\/v2\/wl_entity_type?post=31824"}],"curies":[{"name":"wp","href":"https:\/\/api.w.org\/{rel}","templated":true}]}}