{"id":31859,"date":"2019-10-29T10:44:30","date_gmt":"2019-10-29T13:44:30","guid":{"rendered":"https:\/\/blog.estrategiavestibulares.com.br\/?p=31859"},"modified":"2022-02-14T15:57:08","modified_gmt":"2022-02-14T18:57:08","slug":"gabarito-ufpr-2020-biologia","status":"publish","type":"post","link":"https:\/\/vestibulares.estrategia.com\/portal\/materias\/biologia\/gabarito-ufpr-2020-biologia\/","title":{"rendered":"Gabarito UFPR 2020 \u2013 Biologia \u2013 Resolu\u00e7\u00e3o Comentada"},"content":{"rendered":"<p>Ol&aacute;, vestibulando(a)! Tudo bem com voc&ecirc;? Espero que sim.  Estamos passando aqui para comentar a prova de Biologia da Universidade Federal do Paran&aacute;, que aconteceu no domingo dia 27 de outubro de 2019.<p>A prova contou com 9 quest&otilde;es, tratando os assuntos de Ecologia, Gen&eacute;tica, Fisiologia, Evolu&ccedil;&atilde;o, Bot&acirc;nica e Imunologia. As quest&otilde;es apresentaram n&iacute;vel m&eacute;dio, sem cobrar detalhes de rodap&eacute;, e avaliando de fato a capacidade de racioc&iacute;nio do aluno. Uma prova boa!<\/p><p>Veja a seguir a nossa resolu&ccedil;&atilde;o comentada.<\/p><div class=\"wp-block-file\">\"&gt;Resolu&ccedil;&atilde;o Biologia &ndash; Vestibular UFPR 2020\" class=\"wp-block-file__button\" download&gt;Baixar<\/div><h2 class=\"wp-block-heading\" id=\"h-ufpr-2020\">UFPR 2020<\/h2><h3 class=\"wp-block-heading\" id=\"h-questao-01\"><strong>Quest&atilde;o 01<\/strong><\/h3><p>Considere\no cruzamento parental entre dois indiv&iacute;duos de linhagens puras e contrastantes\npara duas caracter&iacute;sticas: pelos pretos e longos x pelos brancos e curtos. A\ngera&ccedil;&atilde;o F1 era constitu&iacute;da por 100% de indiv&iacute;duos com pelos pretos e longos.\nConsiderando que as caracter&iacute;sticas de cor e comprimento dos pelos s&atilde;o\ncondicionadas cada uma por um gene e que esses genes t&ecirc;m segrega&ccedil;&atilde;o\nindependente, a propor&ccedil;&atilde;o esperada entre 240 indiv&iacute;duos da F2 &eacute;:<\/p><p>a) 135 pelos pretos e longos\n&ndash; 45 pelos pretos e curtos &ndash; 45 pelos brancos e curtos &ndash; 15 pelos brancos e\nlongos.<\/p><p>b) 180 pelos pretos e longos\n&ndash; 60 pelos brancos e curtos.<\/p><p>c) 135 pelos pretos e longos\n&ndash; 45 pelos pretos e curtos &ndash; 45 pelos brancos e longos &ndash; 15 pelos brancos e\ncurtos.<\/p><p>d) 180 pelos pretos e curtos\n&ndash; 60 pelos pretos e longos.<\/p><p>e) 135 pelos pretos e curtos\n&ndash; 105 pelos brancos e longos.<\/p><h3 class=\"wp-block-heading\" id=\"h-resolucao-comentada\"><strong>Resolu&ccedil;&atilde;o Comentada<\/strong><\/h3><p>O enunciado afirma que as caracter&iacute;sticas s&atilde;o dadas por genes\ndiferentes e de segrega&ccedil;&atilde;o independente. Portanto, podemos assumir que:<\/p><p>BB: pelos\npretos<\/p><p>bb: pelos\nbrancos<\/p><p>CC: pelos\nlongos<\/p><p>cc: pelos\ncurtos<\/p><p>Temos, ent&atilde;o, que:<\/p><p>Gera&ccedil;&atilde;o Parental: BB x bb (pretos) e CC x cc: indiv&iacute;duos 100% BbCc (pretos de pelo longo)<\/p><figure class=\"wp-block-image\"><img decoding=\"async\" src=\"https:\/\/cdn.blog.estrategiavestibulares.com.br\/vestibulares\/wp-content\/uploads\/2019\/10\/image154.png\" alt=\"\" class=\"wp-image-31860\"><\/figure><p>Gera&ccedil;&atilde;o F1:<\/p><figure class=\"wp-block-image\"><img decoding=\"async\" src=\"https:\/\/cdn.blog.estrategiavestibulares.com.br\/vestibulares\/wp-content\/uploads\/2019\/10\/image155.png\" alt=\"\" class=\"wp-image-31861\"><\/figure><p>Gera&ccedil;&atilde;o F2:<\/p><p>Pelos pretos: &frac34;<\/p><p>Pelos\nbrancos: &frac14; <\/p><p>Pelos longos:\n&frac34;<\/p><p>Pelos curtos:\n&frac14; <\/p><p>Logo,<\/p><p>Pelos pretos e longos: 240 .  &frac34; . &frac34; = 135 indiv&iacute;duos.<\/p><p>Pelos pretos e curtos: 240 .  &frac34; .  &frac14; = 45 indiv&iacute;duos.<\/p><p>Pelos brancos e longos: 240 . &frac14; .  &frac34; = 45 indiv&iacute;duos.<\/p><p>Pelos brancos e curtos: 240 .  &frac14; .  &frac14; = 15 indiv&iacute;duos.<\/p><p>Assim, a alternativa C est&aacute; certa e &eacute; o nosso gabarito.<\/p><p class=\"has-light-green-cyan-background-color has-background\"><strong>Gabarito: C<\/strong><\/p><h3 class=\"wp-block-heading\" id=\"h-questao-02\"><strong>Quest&atilde;o 02<\/strong><\/h3><p>Uma\ngrande popula&ccedil;&atilde;o de insetos de uma determinada esp&eacute;cie &eacute; submetida a um dado\ninseticida por um per&iacute;odo prolongado de tempo. Como consequ&ecirc;ncia, os indiv&iacute;duos\nsens&iacute;veis ao inseticida morrem e os resistentes a ele sobrevivem. A respeito da\nsele&ccedil;&atilde;o natural atuante nessa popula&ccedil;&atilde;o, considere as seguintes afirmativas:<\/p><p>1. Por promover o aumento da\nocorr&ecirc;ncia de muta&ccedil;&otilde;es de resist&ecirc;ncia ao inseticida, a sele&ccedil;&atilde;o natural direcional\najustou a frequ&ecirc;ncia dos insetos resistentes.<\/p><p>2. Gera&ccedil;&atilde;o ap&oacute;s gera&ccedil;&atilde;o, a\nsele&ccedil;&atilde;o natural estabilizadora promove o aumento da ocorr&ecirc;ncia de muta&ccedil;&otilde;es de\nresist&ecirc;ncia ao inseticida.<\/p><p>3. Insetos resistentes ao\ninseticida aumentam de frequ&ecirc;ncia, gera&ccedil;&atilde;o ap&oacute;s gera&ccedil;&atilde;o, pela a&ccedil;&atilde;o da sele&ccedil;&atilde;o\nnatural estabilizadora.<\/p><p>4. A sele&ccedil;&atilde;o natural\ndirecional favorece os insetos resistentes ao inseticida, que ir&atilde;o aumentar de\nfrequ&ecirc;ncia gera&ccedil;&atilde;o ap&oacute;s gera&ccedil;&atilde;o.<\/p><p>Assinale\na alternativa correta.<\/p><p>a) Somente a afirmativa 4 &eacute;\nverdadeira.<\/p><p>b) Somente as afirmativas 1\ne 4 s&atilde;o verdadeiras.<\/p><p>c) Somente as afirmativas 2\ne 3 s&atilde;o verdadeiras.<\/p><p>d) Somente as afirmativas 1,\n2 e 3 s&atilde;o verdadeiras.<\/p><p>e) As afirmativas 1, 2, 3 e\n4 s&atilde;o verdadeiras.<\/p><h3 class=\"wp-block-heading\" id=\"h-resolucao-comentada-1\"><strong>Resolu&ccedil;&atilde;o Comentada<\/strong><\/h3><ul class=\"wp-block-list\"><li>A afirmativa 1 &eacute; falsa. A sele&ccedil;&atilde;o direcional seleciona um dos fen&oacute;tipos extremos&nbsp;e &eacute; respons&aacute;vel pela maioria das mudan&ccedil;as fenot&iacute;picas que ocorrem durante o&nbsp;processo evolutivo. Como as muta&ccedil;&otilde;es surgem ao acaso, os indiv&iacute;duos resistentes garantem prote&ccedil;&atilde;o &agrave; esp&eacute;cie contra o inseticida e acabam fazendo com que sejam selecionados. Logo, a sele&ccedil;&atilde;o n&atilde;o promove um aumento de muta&ccedil;&otilde;es.<\/li><li>A afirmativa 2 &eacute; falsa. A sele&ccedil;&atilde;o estabilizadora seleciona os indiv&iacute;duos com&nbsp;fen&oacute;tipo intermedi&aacute;rio, ou seja, mais pr&oacute;ximo da m&eacute;dia. Os extremos, nesse caso, apresentam desvantagem sobre os outros, n&atilde;o sendo selecionados. Ela n&atilde;o promove o aumento da ocorr&ecirc;ncia de muta&ccedil;&otilde;es de resist&ecirc;ncia.<\/li><li>A afirmativa 3 &eacute; falsa. Os insetos resistentes aumentam de frequ&ecirc;ncia a cada nova gera&ccedil;&atilde;o por a&ccedil;&atilde;o da sele&ccedil;&atilde;o direcional, e n&atilde;o da estabilizadora.<\/li><li>A afirmativa 4 &eacute; verdadeira.<\/li><\/ul><p>Assim, a alternativa A est&aacute; certa e &eacute; o nosso gabarito.<\/p><p class=\"has-light-green-cyan-background-color has-background\"><strong>Gabarito: A<\/strong><\/p><h3 class=\"wp-block-heading\" id=\"h-questao-03\"><strong>Quest&atilde;o 03<\/strong><\/h3><p>Assinale a alternativa que relaciona corretamente os n&iacute;veis tr&oacute;ficos dos organismos constituintes da teia alimentar representada ao lado.<\/p><figure class=\"wp-block-image\"><img decoding=\"async\" src=\"https:\/\/cdn.blog.estrategiavestibulares.com.br\/vestibulares\/wp-content\/uploads\/2019\/10\/image156.png\" alt=\"\" class=\"wp-image-31863\"><\/figure><p>a) Plantas s&atilde;o produtores e\n&aacute;guias e corujas s&atilde;o simultaneamente consumidores\nde 1&ordf;, 2&ordf; e 3&ordf; ordens.<\/p><p>b) Coelhos, ratos e morcegos\ns&atilde;o consumidores de 1&ordf; ordem, enquanto raposas\ns&atilde;o simultaneamente consumidores de 2&ordf;, 3&ordf; e 4&ordf; ordens.<\/p><p>c) Ratos e morcegos s&atilde;o\nconsumidores de 1&ordf; ordem, enquanto a coruja atua simultaneamente como consumidor de 2&ordf;, 3&ordf; e 4&ordf; ordens.\n<\/p><p>d) Cobras e corujas s&atilde;o\nsimultaneamente consumidores de 2&ordf; e 3&ordf; ordens, enquanto\n&aacute;guias atuam simultaneamente como consumidores de 2&ordf;, 3&ordf;, 4&ordf; e 5&ordf; ordens. <\/p><p>e) Plantas s&atilde;o produtores, enquanto raposas e &aacute;guias s&atilde;o simultaneamente consumidores de 2&ordf;, 3&ordf;, 4&ordf; e 5&ordf; ordens.<\/p><h3 class=\"wp-block-heading\" id=\"h-resolucao-comentada-2\"><strong>Resolu&ccedil;&atilde;o Comentada<\/strong><\/h3><figure class=\"wp-block-image\"><img decoding=\"async\" src=\"https:\/\/cdn.blog.estrategiavestibulares.com.br\/vestibulares\/wp-content\/uploads\/2019\/10\/image157.png\" alt=\"\" class=\"wp-image-31864\"><\/figure><ul class=\"wp-block-list\"><li>A alternativa A est&aacute; errada, porque &aacute;guias nunca ser&atilde;o consumidores de 1&ordf; ordem (2&ordm; n&iacute;vel tr&oacute;fico).<\/li><li>A alternativa B est&aacute; certa e &eacute; o nosso gabarito. Na cadeia planta &agrave; coelho &agrave; raposa, a raposa &eacute; um consumidor de segunda ordem. Na cadeia planta &agrave; morcego &agrave; coruja &agrave; raposa, a raposa &eacute; um consumidor de terceira ordem. E na cadeia planta &agrave; rato &agrave; cobra &agrave; coruja &agrave; raposa, a raposa &eacute; um consumidor quarta ordem.<\/li><li>A alternativa C est&aacute; errada, porque a coruja n&atilde;o pode ser um consumidor de quinta ordem.<\/li><li>A alternativa D est&aacute; errada, porque a &aacute;guia n&atilde;o atua como consumidor de quinta ordem.<\/li><li>A alternativa E est&aacute; errada, porque nem raposas nem &aacute;guias s&atilde;o consumidores de quinta ordem.<\/li><\/ul><p class=\"has-light-green-cyan-background-color has-background\"><strong>Gabarito: B<\/strong><\/p><h3 class=\"wp-block-heading\" id=\"h-questao-04\"><strong>Quest&atilde;o 04<\/strong><\/h3><p>O\nsarampo &eacute; uma doen&ccedil;a infecciosa grave que foi erradicada no Brasil em 2016,\ngra&ccedil;as a bem-sucedidas campanhas de vacina&ccedil;&atilde;o massiva da popula&ccedil;&atilde;o. A primeira\ndose da vacina do sarampo deve ser aplicada &agrave;s crian&ccedil;as com 1 ano de idade, e aos 15 meses as crian&ccedil;as recebem uma dose de\nrefor&ccedil;o. Segundo dados do Programa Nacional de Imuniza&ccedil;&otilde;es do Minist&eacute;rio da Sa&uacute;de,\nnos &uacute;ltimos dois anos a meta de ter 95% da popula&ccedil;&atilde;o-alvo vacinada n&atilde;o foi\nalcan&ccedil;ada. <\/p><p>Em\n2018 ocorreram novos casos de sarampo em 11 estados brasileiros. Atualmente, o Brasil\nn&atilde;o &eacute; mais considerado um pa&iacute;s livre do v&iacute;rus do sarampo. A respeito da vacina do\nsarampo, &eacute; correto afirmar:<\/p><p>a)\nA vacina do sarampo promove uma imuniza&ccedil;&atilde;o passiva artificial nas pessoas que\nreceberam as duas doses.<\/p><p>b)\nAs taxas de incid&ecirc;ncia e de transmiss&atilde;o do sarampo diminuem juntamente com a\nimunidade de grupo.<\/p><p>c)\nA vacina&ccedil;&atilde;o contra o sarampo, que n&atilde;o era mais necess&aacute;ria a partir de 2016,\ntorna-se novamente importante com os novos casos identificados a partir de\n2018.<\/p><p>d)\nA queda na cobertura vacinal diminui a imunidade de grupo, o que aumenta a incid&ecirc;ncia\ne a taxa de transmiss&atilde;o do sarampo na popula&ccedil;&atilde;o.<\/p><p>e)\nA primeira dose da vacina de sarampo introduz anticorpos espec&iacute;ficos, e a\nsegunda dose, ant&iacute;genos, caracterizando a imuniza&ccedil;&atilde;o ativa.<\/p><h3 class=\"wp-block-heading\" id=\"h-resolucao-comentada-3\"><strong>Resolu&ccedil;&atilde;o Comentada<\/strong><\/h3><ul class=\"wp-block-list\"><li>A alternativa A est&aacute; errada, porque a imuniza&ccedil;&atilde;o passiva consiste na transfer&ecirc;ncia de anticorpos prontos para um indiv&iacute;duo, podendo ser natural (de m&atilde;e para filho) ou artificial, como ocorre nos soros. As vacinas s&atilde;o um m&eacute;todo de imuniza&ccedil;&atilde;o ativa artificial.<\/li><li>A alternativa B est&aacute; errada, porque as taxas de incid&ecirc;ncia e de transmiss&atilde;o do sarampo aumentam conforme diminui a imunidade de grupo.<\/li><li>A alternativa C est&aacute; errada, porque a vacina&ccedil;&atilde;o contra o sarampo nunca deixou de ser necess&aacute;ria. <\/li><li>A alternativa D est&aacute; certa e &eacute; o nosso gabarito.<\/li><li>A alternativa E est&aacute; errada, porque ambas as doses exp&otilde;em o indiv&iacute;duo aos ant&iacute;genos transmissores do sarampo, sendo a segunda dose um refor&ccedil;o &agrave; primeira. <\/li><\/ul><p class=\"has-light-green-cyan-background-color has-background\"><strong>Gabarito: D<\/strong><\/p><h3 class=\"wp-block-heading\" id=\"h-questao-05\"><strong>Quest&atilde;o 05<\/strong><\/h3><p>Os\nsistemas de classifica&ccedil;&atilde;o dos seres vivos mudaram ao longo do tempo. Partindo\nde uma situa&ccedil;&atilde;o em que os seres vivos eram imut&aacute;veis, como pensava Lineu, para\noutra em que se percebem as altera&ccedil;&otilde;es ao longo do tempo, o conceito de esp&eacute;cie\nfoi sendo alterado. Os crit&eacute;rios utilizados nos sistemas de classifica&ccedil;&atilde;o, em\nordem cronol&oacute;gica, s&atilde;o: <\/p><p>a) nomenclatura binomial,\nfisiologia celular e isolamento reprodutivo.<\/p><p>b) semelhan&ccedil;as anat&ocirc;micas,\nbiologia molecular e homologia de &oacute;rg&atilde;os.<\/p><p>c) fisiologia celular,\nhomologia de &oacute;rg&atilde;os e nomenclatura binomial.<\/p><p>d) homologia de &oacute;rg&atilde;os,\nsemelhan&ccedil;as anat&ocirc;micas e biologia molecular.<\/p><p>e) semelhan&ccedil;as anat&ocirc;micas,\nisolamento reprodutivo e biologia molecular.<\/p><h3 class=\"wp-block-heading\" id=\"h-resolucao-comentada-4\"><strong>Resolu&ccedil;&atilde;o Comentada<\/strong><\/h3><p>O primeiro crit&eacute;rio utilizado para a classifica&ccedil;&atilde;o dos organismos foi a semelhan&ccedil;a f&iacute;sica (anat&ocirc;mica) entre eles. Depois, passou-se a perceber que organismos diferentes poderiam pertencer a um mesmo grupo, se gerassem descendentes f&eacute;rteis. O crit&eacute;rio de classifica&ccedil;&atilde;o passou a ser o isolamento reprodutivo, a fim de diferenciar as esp&eacute;cies.<\/p><p>Por fim, atualmente utilizam-se an&aacute;lises de biologia molecular para estabelecer semelhan&ccedil;as gen&eacute;ticas e moleculares entre os organismos, agrupando-os conforme a quantidade de caracter&iacute;sticas compartilhadas que apresentam.<\/p><ul class=\"wp-block-list\"><li>A alternativa A est&aacute; errada, porque a nomenclatura binominal n&atilde;o &eacute; um m&eacute;todo de classifica&ccedil;&atilde;o, e sim um c&oacute;digo de nomenclatura que d&aacute; nome &agrave;s esp&eacute;cies.<\/li><li>A alternativa B est&aacute; errada, porque a biologia molecular foi um recurso utilizado posteriormente ao reconhecimento de homologias.<\/li><li>A alternativa C est&aacute; errada, porque a nomenclatura binominal n&atilde;o &eacute; um m&eacute;todo de classifica&ccedil;&atilde;o e a fisiologia celular foi um recurso utilizado posteriormente para a classifica&ccedil;&atilde;o dos organismos.<\/li><li>A alternativa D est&aacute; errada, porque as semelhan&ccedil;as anat&ocirc;micas precedem a busca por homologias na classifica&ccedil;&atilde;o dos organismos.<\/li><\/ul><p>Assim, a alternativa E est&aacute; certa e &eacute; o nosso gabarito.<\/p><p class=\"has-light-green-cyan-background-color has-background\"><strong>Gabarito: E<\/strong><\/p><h3 class=\"wp-block-heading\" id=\"h-questao-06\"><strong>Quest&atilde;o 06<\/strong><\/h3><p>O hipot&aacute;lamo &eacute; uma importante regi&atilde;o encef&aacute;lica, respons&aacute;vel pela homeostase corporal, a qual desencadeia mudan&ccedil;as fisiol&oacute;gicas como parte do processo de controle da temperatura corporal em humanos quando est&aacute; abaixo do normal. Assinale a alternativa na qual est&atilde;o apresentadas as mudan&ccedil;as desencadeadas nessa situa&ccedil;&atilde;o.<\/p><figure class=\"wp-block-image\"><img decoding=\"async\" src=\"https:\/\/cdn.blog.estrategiavestibulares.com.br\/vestibulares\/wp-content\/uploads\/2019\/10\/image158.png\" alt=\"\" class=\"wp-image-31868\"><\/figure><h3 class=\"wp-block-heading\" id=\"h-resolucao-comentada-5\"><strong>Resolu&ccedil;&atilde;o Comentada<\/strong><\/h3><p>Se a temperatura do corpo est&aacute; abaixo da temperatura ideal, os mecanismos de regula&ccedil;&atilde;o comandados pelo hipot&aacute;lamo agem no sentido de diminuir o calibre dos vasos sangu&iacute;neos (vasoconstri&ccedil;&atilde;o), evitando a perda de calor durante a circula&ccedil;&atilde;o.<\/p><p>Ocorre ainda a diminui&ccedil;&atilde;o na atividade das gl&acirc;ndulas sudor&iacute;paras, a fim de evitar a transpira&ccedil;&atilde;o e a perda de calor, e o aumento do n&uacute;mero de espasmos musculares, conhecidos como tremores, a fim de gerar calor.<\/p><p>Assim, a alternativa A est&aacute; certa e &eacute; o nosso gabarito.<\/p><p class=\"has-light-green-cyan-background-color has-background\"><strong>Gabarito: A<\/strong><\/p><h3 class=\"wp-block-heading\" id=\"h-questao-07\"><strong>Quest&atilde;o 07<\/strong><\/h3><p>A grama-missioneira-gigante (um h&iacute;brido de <em>Axonopus jesuiticus<\/em> &times; <em>A. scoparius<\/em>) &eacute; utilizada para alimenta&ccedil;&atilde;o animal em pastagens da regi&atilde;o Sul do Brasil. Para estudar formas de melhorar sua digestibilidade, foi aplicado dejeto l&iacute;quido su&iacute;no (DLS), em diferentes concentra&ccedil;&otilde;es, sobre &aacute;reas com a grama, por dois anos. Os demais par&acirc;metros do experimento foram controlados. Os resultados observados est&atilde;o apresentados nas figuras abaixo:<\/p><figure class=\"wp-block-image\"><img decoding=\"async\" src=\"https:\/\/cdn.blog.estrategiavestibulares.com.br\/vestibulares\/wp-content\/uploads\/2019\/10\/image159.png\" alt=\"\" class=\"wp-image-31870\"><\/figure><p>O\ncomponente que teve relev&acirc;ncia para o aumento da digestibilidade em fun&ccedil;&atilde;o do\naumento da concentra&ccedil;&atilde;o de DLS foi:<\/p><p>a) o par&ecirc;nquima.<\/p><p>b) a mat&eacute;ria seca.<\/p><p>c) a hemicelulose.<\/p><p>d) a prote&iacute;na total.<\/p><p>e) o escler&ecirc;nquima.<\/p><h3 class=\"wp-block-heading\" id=\"h-resolucao-comentada-6\"><strong>Resolu&ccedil;&atilde;o Comentada<\/strong><\/h3><p>A an&aacute;lise dos gr&aacute;ficos permite estabelecer que somente o tecido escler&ecirc;nquima teve sua produ&ccedil;&atilde;o bastante diminu&iacute;da. Os demais mantiveram-se em n&iacute;veis relativamente constantes, com ligeiro aumento.<\/p><p>A queda de produ&ccedil;&atilde;o do escler&ecirc;nquima permitiu maior digestibilidade, uma vez que esse tecido &eacute; composto por c&eacute;lulas mortas, com parede celular espessa. Assim, quanto menos escler&ecirc;nquima, melhor a digest&atilde;o da grama.<\/p><p>A alternativa E est&aacute; certa e &eacute; o nosso gabarito.<\/p><p class=\"has-light-green-cyan-background-color has-background\"><strong>Gabarito: E<\/strong><\/p><h3 class=\"wp-block-heading\" id=\"h-questao-08\"><strong>Quest&atilde;o 08<\/strong><\/h3><p>O cultivo de c&eacute;lulas tem sido utilizado como uma poss&iacute;vel alternativa para a produ&ccedil;&atilde;o de mol&eacute;culas &uacute;teis na medicina, como a produ&ccedil;&atilde;o de horm&ocirc;nios naturais. Com a inten&ccedil;&atilde;o de produzir horm&ocirc;nios como a testosterona e a progesterona, que s&atilde;o derivados do colesterol, pesquisadores tiveram que selecionar uma linhagem de c&eacute;lulas a partir da caracteriza&ccedil;&atilde;o morfol&oacute;gica delas. Na figura abaixo est&atilde;o apresentadas essas caracter&iacute;sticas.<\/p><figure class=\"wp-block-image\"><img decoding=\"async\" src=\"https:\/\/cdn.blog.estrategiavestibulares.com.br\/vestibulares\/wp-content\/uploads\/2019\/10\/image160.png\" alt=\"\" class=\"wp-image-31872\"><\/figure><p>A\npartir da observa&ccedil;&atilde;o, qual &eacute; o n&uacute;mero da linhagem selecionada para atingir o objetivo\npretendido?<\/p><p>a) 1.<\/p><p>b) 2.<\/p><p>c) 3.<\/p><p>d) 4.<\/p><p>e) 5.<\/p><h3 class=\"wp-block-heading\" id=\"h-resolucao-comentada-7\"><strong>Resolu&ccedil;&atilde;o Comentada<\/strong><\/h3><p>Como o enunciado j&aacute; nos informa, a testosterona e a progesterona s&atilde;o horm&ocirc;nios derivados do colesterol. Assim, para sua produ&ccedil;&atilde;o, n&atilde;o necess&aacute;rias c&eacute;lulas de uma linhagem que contenha grande quantidade de ret&iacute;culo endoplasm&aacute;tico liso, onde os lip&iacute;dios s&atilde;o sintetizados.<\/p><p>A alternativa C est&aacute; certa e &eacute; o nosso gabarito.<\/p><p class=\"has-light-green-cyan-background-color has-background\"><strong>Gabarito: C<\/strong><\/p><h3 class=\"wp-block-heading\" id=\"h-questao-09\"><strong>Quest&atilde;o 09<\/strong><\/h3><p>Para aumentar a produ&ccedil;&atilde;o\nagr&iacute;cola em uma regi&atilde;o marcada por forte sazonalidade clim&aacute;tica, com per&iacute;odos\nde seca prolongados, foram constru&iacute;das barragens para melhorar a irriga&ccedil;&atilde;o. A\nprodu&ccedil;&atilde;o de alimentos aumentou, de fato. Por&eacute;m, dadas as condi&ccedil;&otilde;es ruins de\nsaneamento b&aacute;sico, tamb&eacute;m houve aumento de uma parasitose comum em pa&iacute;ses subdesenvolvidos.\nQual foi a parasitose que aumentou como consequ&ecirc;ncia dessa altera&ccedil;&atilde;o feita pelo\nhomem?<\/p><p>a) Difteria.<\/p><p>b) Ten&iacute;ase.<\/p><p>c) Hansen&iacute;ase.<\/p><p>d) Esquistossomose.<\/p><p>e) Doen&ccedil;a de Chagas.<\/p><h3 class=\"wp-block-heading\" id=\"h-resolucao-comentada-8\"><strong>Resolu&ccedil;&atilde;o Comentada<\/strong><\/h3><p>A difteria &eacute; uma doen&ccedil;a bacteriana que ataca a via respirat&oacute;ria e a pele, causando dor de garganta, g&acirc;nglios inchados, dificuldade em respirar, entre outros sintomas. Ela &eacute; transmitida por meio da tosse, espirro ou por les&otilde;es na pele, ou seja, a bact&eacute;ria da difteria &eacute; transmitida&nbsp;pelo contato direto da pessoa doente ou portadores com pessoa suscet&iacute;vel, por meio de got&iacute;culas&nbsp;eliminadas por tosse, espirro ou ao falar.<\/p><p>A ten&iacute;ase &eacute; uma verminose causada por um platelminto parasita intestinal e transmitida pela alimenta&ccedil;&atilde;o de carne crua ou malpassada do animal (su&iacute;no ou bovino) contaminado.<\/p><p>A hansen&iacute;ase &eacute; uma doen&ccedil;a bacteriana transmitida pelas secre&ccedil;&otilde;es das vias a&eacute;reas superiores e por got&iacute;culas de saliva de uma pessoa contaminada.<\/p><p>A esquistossomose &eacute; uma verminose causada por um platelminto parasita que necessita de caramujos de &aacute;gua doce como hospedeiros intermedi&aacute;rios para desenvolver seu ciclo evolutivo. A transmiss&atilde;o desse parasita se d&aacute; pela libera&ccedil;&atilde;o de seus ovos atrav&eacute;s das fezes do homem infectado. Em contato com a &aacute;gua, os ovos eclodem e libertam larvas que morrem se n&atilde;o encontrarem os caramujos para se alojar.&nbsp;<\/p><p>A doen&ccedil;a de Chagas &eacute; uma doen&ccedil;a causada por protozo&aacute;rio e transmitida via picada de triatom&iacute;neos (inseto conhecido como barbeiro).<\/p><p>Assim, a &uacute;nica doen&ccedil;a que poderia se beneficiar da constru&ccedil;&atilde;o de barragens &eacute; a esquistossomose. A alternativa D est&aacute; certa e &eacute; o nosso gabarito. <\/p><p class=\"has-light-green-cyan-background-color has-background\"><strong>Gabarito: D<\/strong><\/p><p>&Eacute; isso, pessoal! Espero que tenham curtido a resolu&ccedil;&atilde;o da prova de Biologia do vestibular UFPR 2020.&nbsp;Sigam-me nas redes sociais. T&ecirc;m muitas dicas l&aacute;. Mande uma mensagem, caso tenha tido alguma d&uacute;vida. Qualquer d&uacute;vida, entre em contato conosco atrav&eacute;s do nosso F&oacute;rum de D&uacute;vidas ou das redes sociais.<\/p><p>Abra&ccedil;os, Professora Bruna Klassa e Professora Carol Negrin.<\/p><p><strong>Instagram:<\/strong>&nbsp;<a href=\"https:\/\/www.instagram.com\/profbrunaklassa\/\" target=\"_blank\" rel=\"noopener noreferrer\">@profbrunaklassa<\/a><\/p><p><strong>Instagram:<\/strong>&nbsp;<a href=\"https:\/\/www.instagram.com\/carolnegrin\/\" target=\"_blank\">@carolnegrin<\/a><\/p><p class=\"has-text-align-center has-luminous-vivid-amber-background-color has-background has-medium-font-size\"><a href=\"https:\/\/www.estrategiavestibulares.com.br\/pacotes\/\" target=\"_blank\" rel=\"noopener noreferrer\">CURSOS PARA VESTIBULAR<\/a><\/p><\/p>\n","protected":false},"excerpt":{"rendered":"Ol&aacute;, vestibulando(a)! Tudo bem com voc&ecirc;? Espero que sim. Estamos passando aqui para comentar a prova de Biologia&hellip;\n","protected":false},"author":18,"featured_media":31876,"comment_status":"open","ping_status":"open","sticky":false,"template":"","format":"standard","meta":{"wl_entities_gutenberg":"","footnotes":""},"categories":[31],"tags":[],"wl_entity_type":[732],"class_list":{"0":"post-31859","1":"post","2":"type-post","3":"status-publish","4":"format-standard","5":"has-post-thumbnail","7":"category-biologia","8":"wl_entity_type-article"},"acf":[],"yoast_head":"<!-- This site is optimized with the Yoast SEO Premium plugin v25.9 (Yoast SEO v25.9) - https:\/\/yoast.com\/wordpress\/plugins\/seo\/ -->\n<title>Gabarito UFPR 2020 \u2013 Biologia \u2013 Resolu\u00e7\u00e3o Comentada<\/title>\n<meta name=\"description\" content=\"Participou do seletivo da UFPR 2020? Confira aqui a resolu\u00e7\u00e3o comentada da prova de Biologia feita pelo Estrat\u00e9gia Vestibulares!\" \/>\n<meta name=\"robots\" content=\"index, follow, max-snippet:-1, max-image-preview:large, max-video-preview:-1\" \/>\n<link rel=\"canonical\" href=\"https:\/\/vestibulares.estrategia.com\/portal\/materias\/biologia\/gabarito-ufpr-2020-biologia\/\" \/>\n<meta property=\"og:locale\" content=\"pt_BR\" \/>\n<meta property=\"og:type\" content=\"article\" \/>\n<meta property=\"og:title\" content=\"Gabarito UFPR 2020 \u2013 Biologia \u2013 Resolu\u00e7\u00e3o Comentada\" \/>\n<meta property=\"og:description\" content=\"Participou do seletivo da UFPR 2020? Confira aqui a resolu\u00e7\u00e3o comentada da prova de Biologia feita pelo Estrat\u00e9gia Vestibulares!\" \/>\n<meta property=\"og:url\" content=\"https:\/\/vestibulares.estrategia.com\/portal\/materias\/biologia\/gabarito-ufpr-2020-biologia\/\" \/>\n<meta property=\"og:site_name\" content=\"Estrat\u00e9gia Vestibulares\" \/>\n<meta property=\"article:publisher\" content=\"https:\/\/facebook.com\/estrategiavestibulares\" \/>\n<meta property=\"article:published_time\" content=\"2019-10-29T13:44:30+00:00\" \/>\n<meta property=\"article:modified_time\" content=\"2022-02-14T18:57:08+00:00\" \/>\n<meta property=\"og:image\" content=\"https:\/\/cdn.blog.estrategiavestibulares.com.br\/vestibulares\/wp-content\/uploads\/2019\/10\/29104417\/gabarito-ufpr-biologia.png\" \/>\n\t<meta property=\"og:image:width\" content=\"500\" \/>\n\t<meta property=\"og:image:height\" content=\"334\" \/>\n\t<meta property=\"og:image:type\" content=\"image\/png\" \/>\n<meta name=\"author\" content=\"Raquel Oshio\" \/>\n<meta name=\"twitter:card\" content=\"summary_large_image\" \/>\n<meta name=\"twitter:creator\" content=\"@Estrategiavest\" \/>\n<meta name=\"twitter:site\" content=\"@Estrategiavest\" \/>\n<meta name=\"twitter:label1\" content=\"Escrito por\" \/>\n\t<meta name=\"twitter:data1\" content=\"Raquel Oshio\" \/>\n\t<meta name=\"twitter:label2\" content=\"Est. tempo de leitura\" \/>\n\t<meta name=\"twitter:data2\" content=\"15 minutos\" \/>\n<script type=\"application\/ld+json\" class=\"yoast-schema-graph\">{\"@context\":\"https:\/\/schema.org\",\"@graph\":[{\"@type\":\"Article\",\"@id\":\"https:\/\/vestibulares.estrategia.com\/portal\/materias\/biologia\/gabarito-ufpr-2020-biologia\/#article\",\"isPartOf\":{\"@id\":\"https:\/\/vestibulares.estrategia.com\/portal\/materias\/biologia\/gabarito-ufpr-2020-biologia\/\"},\"author\":{\"name\":\"Raquel Oshio\",\"@id\":\"https:\/\/vestibulares.estrategia.com\/portal\/#\/schema\/person\/04682fc62e7ab3b51a4f9434ae8844da\"},\"headline\":\"Gabarito UFPR 2020 \u2013 Biologia \u2013 Resolu\u00e7\u00e3o Comentada\",\"datePublished\":\"2019-10-29T13:44:30+00:00\",\"dateModified\":\"2022-02-14T18:57:08+00:00\",\"mainEntityOfPage\":{\"@id\":\"https:\/\/vestibulares.estrategia.com\/portal\/materias\/biologia\/gabarito-ufpr-2020-biologia\/\"},\"wordCount\":2562,\"commentCount\":0,\"publisher\":{\"@id\":\"https:\/\/vestibulares.estrategia.com\/portal\/#organization\"},\"image\":{\"@id\":\"https:\/\/vestibulares.estrategia.com\/portal\/materias\/biologia\/gabarito-ufpr-2020-biologia\/#primaryimage\"},\"thumbnailUrl\":\"https:\/\/vestibulares.estrategia.com\/portal\/wp-content\/uploads\/2019\/10\/gabarito-ufpr-biologia.png\",\"articleSection\":[\"Biologia\"],\"inLanguage\":\"pt-BR\",\"potentialAction\":[{\"@type\":\"CommentAction\",\"name\":\"Comment\",\"target\":[\"https:\/\/vestibulares.estrategia.com\/portal\/materias\/biologia\/gabarito-ufpr-2020-biologia\/#respond\"]}]},{\"@type\":\"WebPage\",\"@id\":\"https:\/\/vestibulares.estrategia.com\/portal\/materias\/biologia\/gabarito-ufpr-2020-biologia\/\",\"url\":\"https:\/\/vestibulares.estrategia.com\/portal\/materias\/biologia\/gabarito-ufpr-2020-biologia\/\",\"name\":\"Gabarito UFPR 2020 \u2013 Biologia \u2013 Resolu\u00e7\u00e3o Comentada\",\"isPartOf\":{\"@id\":\"https:\/\/vestibulares.estrategia.com\/portal\/#website\"},\"primaryImageOfPage\":{\"@id\":\"https:\/\/vestibulares.estrategia.com\/portal\/materias\/biologia\/gabarito-ufpr-2020-biologia\/#primaryimage\"},\"image\":{\"@id\":\"https:\/\/vestibulares.estrategia.com\/portal\/materias\/biologia\/gabarito-ufpr-2020-biologia\/#primaryimage\"},\"thumbnailUrl\":\"https:\/\/vestibulares.estrategia.com\/portal\/wp-content\/uploads\/2019\/10\/gabarito-ufpr-biologia.png\",\"datePublished\":\"2019-10-29T13:44:30+00:00\",\"dateModified\":\"2022-02-14T18:57:08+00:00\",\"description\":\"Participou do seletivo da UFPR 2020? Confira aqui a resolu\u00e7\u00e3o comentada da prova de Biologia feita pelo Estrat\u00e9gia Vestibulares!\",\"breadcrumb\":{\"@id\":\"https:\/\/vestibulares.estrategia.com\/portal\/materias\/biologia\/gabarito-ufpr-2020-biologia\/#breadcrumb\"},\"inLanguage\":\"pt-BR\",\"potentialAction\":[{\"@type\":\"ReadAction\",\"target\":[\"https:\/\/vestibulares.estrategia.com\/portal\/materias\/biologia\/gabarito-ufpr-2020-biologia\/\"]}]},{\"@type\":\"ImageObject\",\"inLanguage\":\"pt-BR\",\"@id\":\"https:\/\/vestibulares.estrategia.com\/portal\/materias\/biologia\/gabarito-ufpr-2020-biologia\/#primaryimage\",\"url\":\"https:\/\/vestibulares.estrategia.com\/portal\/wp-content\/uploads\/2019\/10\/gabarito-ufpr-biologia.png\",\"contentUrl\":\"https:\/\/vestibulares.estrategia.com\/portal\/wp-content\/uploads\/2019\/10\/gabarito-ufpr-biologia.png\",\"width\":500,\"height\":334,\"caption\":\"gabarito ufpr biologia\"},{\"@type\":\"BreadcrumbList\",\"@id\":\"https:\/\/vestibulares.estrategia.com\/portal\/materias\/biologia\/gabarito-ufpr-2020-biologia\/#breadcrumb\",\"itemListElement\":[{\"@type\":\"ListItem\",\"position\":1,\"name\":\"Home\",\"item\":\"https:\/\/vestibulares.estrategia.com\/portal\/\"},{\"@type\":\"ListItem\",\"position\":2,\"name\":\"Mat\u00e9rias\",\"item\":\"https:\/\/vestibulares.estrategia.com\/portal\/materias\/\"},{\"@type\":\"ListItem\",\"position\":3,\"name\":\"Biologia\",\"item\":\"https:\/\/vestibulares.estrategia.com\/portal\/materias\/biologia\/\"},{\"@type\":\"ListItem\",\"position\":4,\"name\":\"Gabarito UFPR 2020 \u2013 Biologia \u2013 Resolu\u00e7\u00e3o Comentada\"}]},{\"@type\":\"WebSite\",\"@id\":\"https:\/\/vestibulares.estrategia.com\/portal\/#website\",\"url\":\"https:\/\/vestibulares.estrategia.com\/portal\/\",\"name\":\"Estrat\u00e9gia Vestibulares\",\"description\":\"\",\"publisher\":{\"@id\":\"https:\/\/vestibulares.estrategia.com\/portal\/#organization\"},\"potentialAction\":[{\"@type\":\"SearchAction\",\"target\":{\"@type\":\"EntryPoint\",\"urlTemplate\":\"https:\/\/vestibulares.estrategia.com\/portal\/?s={search_term_string}\"},\"query-input\":{\"@type\":\"PropertyValueSpecification\",\"valueRequired\":true,\"valueName\":\"search_term_string\"}}],\"inLanguage\":\"pt-BR\"},{\"@type\":\"Organization\",\"@id\":\"https:\/\/vestibulares.estrategia.com\/portal\/#organization\",\"name\":\"Estrat\u00e9gia Vestibulares\",\"url\":\"https:\/\/vestibulares.estrategia.com\/portal\/\",\"logo\":{\"@type\":\"ImageObject\",\"inLanguage\":\"pt-BR\",\"@id\":\"https:\/\/vestibulares.estrategia.com\/portal\/#\/schema\/logo\/image\/\",\"url\":\"https:\/\/vestibulares.estrategia.com\/portal\/wp-content\/uploads\/2021\/06\/Logo-Vestibulares@4x.png\",\"contentUrl\":\"https:\/\/vestibulares.estrategia.com\/portal\/wp-content\/uploads\/2021\/06\/Logo-Vestibulares@4x.png\",\"width\":250,\"height\":66,\"caption\":\"Estrat\u00e9gia Vestibulares\"},\"image\":{\"@id\":\"https:\/\/vestibulares.estrategia.com\/portal\/#\/schema\/logo\/image\/\"},\"sameAs\":[\"https:\/\/facebook.com\/estrategiavestibulares\",\"https:\/\/x.com\/Estrategiavest\",\"https:\/\/www.instagram.com\/estrategiavestibulares\",\"https:\/\/www.youtube.com\/channel\/UCGWdZy8ULI-7_5GrABa4vNA\"]},{\"@type\":\"Person\",\"@id\":\"https:\/\/vestibulares.estrategia.com\/portal\/#\/schema\/person\/04682fc62e7ab3b51a4f9434ae8844da\",\"name\":\"Raquel Oshio\",\"image\":{\"@type\":\"ImageObject\",\"inLanguage\":\"pt-BR\",\"@id\":\"https:\/\/vestibulares.estrategia.com\/portal\/#\/schema\/person\/image\/\",\"url\":\"https:\/\/secure.gravatar.com\/avatar\/fa4e62d5e59d9cf9995ea9c715a78807?s=96&d=mm&r=g\",\"contentUrl\":\"https:\/\/secure.gravatar.com\/avatar\/fa4e62d5e59d9cf9995ea9c715a78807?s=96&d=mm&r=g\",\"caption\":\"Raquel Oshio\"},\"description\":\"Amante de hist\u00f3rias e ca\u00e7adora de belezas escondidas. Jornalista de profiss\u00e3o e cora\u00e7\u00e3o. Desenhista e escritora de fic\u00e7\u00e3o nas horas vagas. Acredito no potencial transformador de todo trabalho feito com dedica\u00e7\u00e3o.\",\"url\":\"https:\/\/vestibulares.estrategia.com\/portal\/author\/raquel-oshio\/\"}]}<\/script>\n<!-- \/ Yoast SEO Premium plugin. -->","yoast_head_json":{"title":"Gabarito UFPR 2020 \u2013 Biologia \u2013 Resolu\u00e7\u00e3o Comentada","description":"Participou do seletivo da UFPR 2020? Confira aqui a resolu\u00e7\u00e3o comentada da prova de Biologia feita pelo Estrat\u00e9gia Vestibulares!","robots":{"index":"index","follow":"follow","max-snippet":"max-snippet:-1","max-image-preview":"max-image-preview:large","max-video-preview":"max-video-preview:-1"},"canonical":"https:\/\/vestibulares.estrategia.com\/portal\/materias\/biologia\/gabarito-ufpr-2020-biologia\/","og_locale":"pt_BR","og_type":"article","og_title":"Gabarito UFPR 2020 \u2013 Biologia \u2013 Resolu\u00e7\u00e3o Comentada","og_description":"Participou do seletivo da UFPR 2020? Confira aqui a resolu\u00e7\u00e3o comentada da prova de Biologia feita pelo Estrat\u00e9gia Vestibulares!","og_url":"https:\/\/vestibulares.estrategia.com\/portal\/materias\/biologia\/gabarito-ufpr-2020-biologia\/","og_site_name":"Estrat\u00e9gia Vestibulares","article_publisher":"https:\/\/facebook.com\/estrategiavestibulares","article_published_time":"2019-10-29T13:44:30+00:00","article_modified_time":"2022-02-14T18:57:08+00:00","og_image":[{"width":500,"height":334,"url":"https:\/\/cdn.blog.estrategiavestibulares.com.br\/vestibulares\/wp-content\/uploads\/2019\/10\/29104417\/gabarito-ufpr-biologia.png","type":"image\/png"}],"author":"Raquel Oshio","twitter_card":"summary_large_image","twitter_creator":"@Estrategiavest","twitter_site":"@Estrategiavest","twitter_misc":{"Escrito por":"Raquel Oshio","Est. tempo de leitura":"15 minutos"},"schema":{"@context":"https:\/\/schema.org","@graph":[{"@type":"Article","@id":"https:\/\/vestibulares.estrategia.com\/portal\/materias\/biologia\/gabarito-ufpr-2020-biologia\/#article","isPartOf":{"@id":"https:\/\/vestibulares.estrategia.com\/portal\/materias\/biologia\/gabarito-ufpr-2020-biologia\/"},"author":{"name":"Raquel Oshio","@id":"https:\/\/vestibulares.estrategia.com\/portal\/#\/schema\/person\/04682fc62e7ab3b51a4f9434ae8844da"},"headline":"Gabarito UFPR 2020 \u2013 Biologia \u2013 Resolu\u00e7\u00e3o Comentada","datePublished":"2019-10-29T13:44:30+00:00","dateModified":"2022-02-14T18:57:08+00:00","mainEntityOfPage":{"@id":"https:\/\/vestibulares.estrategia.com\/portal\/materias\/biologia\/gabarito-ufpr-2020-biologia\/"},"wordCount":2562,"commentCount":0,"publisher":{"@id":"https:\/\/vestibulares.estrategia.com\/portal\/#organization"},"image":{"@id":"https:\/\/vestibulares.estrategia.com\/portal\/materias\/biologia\/gabarito-ufpr-2020-biologia\/#primaryimage"},"thumbnailUrl":"https:\/\/vestibulares.estrategia.com\/portal\/wp-content\/uploads\/2019\/10\/gabarito-ufpr-biologia.png","articleSection":["Biologia"],"inLanguage":"pt-BR","potentialAction":[{"@type":"CommentAction","name":"Comment","target":["https:\/\/vestibulares.estrategia.com\/portal\/materias\/biologia\/gabarito-ufpr-2020-biologia\/#respond"]}]},{"@type":"WebPage","@id":"https:\/\/vestibulares.estrategia.com\/portal\/materias\/biologia\/gabarito-ufpr-2020-biologia\/","url":"https:\/\/vestibulares.estrategia.com\/portal\/materias\/biologia\/gabarito-ufpr-2020-biologia\/","name":"Gabarito UFPR 2020 \u2013 Biologia \u2013 Resolu\u00e7\u00e3o Comentada","isPartOf":{"@id":"https:\/\/vestibulares.estrategia.com\/portal\/#website"},"primaryImageOfPage":{"@id":"https:\/\/vestibulares.estrategia.com\/portal\/materias\/biologia\/gabarito-ufpr-2020-biologia\/#primaryimage"},"image":{"@id":"https:\/\/vestibulares.estrategia.com\/portal\/materias\/biologia\/gabarito-ufpr-2020-biologia\/#primaryimage"},"thumbnailUrl":"https:\/\/vestibulares.estrategia.com\/portal\/wp-content\/uploads\/2019\/10\/gabarito-ufpr-biologia.png","datePublished":"2019-10-29T13:44:30+00:00","dateModified":"2022-02-14T18:57:08+00:00","description":"Participou do seletivo da UFPR 2020? Confira aqui a resolu\u00e7\u00e3o comentada da prova de Biologia feita pelo Estrat\u00e9gia Vestibulares!","breadcrumb":{"@id":"https:\/\/vestibulares.estrategia.com\/portal\/materias\/biologia\/gabarito-ufpr-2020-biologia\/#breadcrumb"},"inLanguage":"pt-BR","potentialAction":[{"@type":"ReadAction","target":["https:\/\/vestibulares.estrategia.com\/portal\/materias\/biologia\/gabarito-ufpr-2020-biologia\/"]}]},{"@type":"ImageObject","inLanguage":"pt-BR","@id":"https:\/\/vestibulares.estrategia.com\/portal\/materias\/biologia\/gabarito-ufpr-2020-biologia\/#primaryimage","url":"https:\/\/vestibulares.estrategia.com\/portal\/wp-content\/uploads\/2019\/10\/gabarito-ufpr-biologia.png","contentUrl":"https:\/\/vestibulares.estrategia.com\/portal\/wp-content\/uploads\/2019\/10\/gabarito-ufpr-biologia.png","width":500,"height":334,"caption":"gabarito ufpr biologia"},{"@type":"BreadcrumbList","@id":"https:\/\/vestibulares.estrategia.com\/portal\/materias\/biologia\/gabarito-ufpr-2020-biologia\/#breadcrumb","itemListElement":[{"@type":"ListItem","position":1,"name":"Home","item":"https:\/\/vestibulares.estrategia.com\/portal\/"},{"@type":"ListItem","position":2,"name":"Mat\u00e9rias","item":"https:\/\/vestibulares.estrategia.com\/portal\/materias\/"},{"@type":"ListItem","position":3,"name":"Biologia","item":"https:\/\/vestibulares.estrategia.com\/portal\/materias\/biologia\/"},{"@type":"ListItem","position":4,"name":"Gabarito UFPR 2020 \u2013 Biologia \u2013 Resolu\u00e7\u00e3o Comentada"}]},{"@type":"WebSite","@id":"https:\/\/vestibulares.estrategia.com\/portal\/#website","url":"https:\/\/vestibulares.estrategia.com\/portal\/","name":"Estrat\u00e9gia Vestibulares","description":"","publisher":{"@id":"https:\/\/vestibulares.estrategia.com\/portal\/#organization"},"potentialAction":[{"@type":"SearchAction","target":{"@type":"EntryPoint","urlTemplate":"https:\/\/vestibulares.estrategia.com\/portal\/?s={search_term_string}"},"query-input":{"@type":"PropertyValueSpecification","valueRequired":true,"valueName":"search_term_string"}}],"inLanguage":"pt-BR"},{"@type":"Organization","@id":"https:\/\/vestibulares.estrategia.com\/portal\/#organization","name":"Estrat\u00e9gia Vestibulares","url":"https:\/\/vestibulares.estrategia.com\/portal\/","logo":{"@type":"ImageObject","inLanguage":"pt-BR","@id":"https:\/\/vestibulares.estrategia.com\/portal\/#\/schema\/logo\/image\/","url":"https:\/\/vestibulares.estrategia.com\/portal\/wp-content\/uploads\/2021\/06\/Logo-Vestibulares@4x.png","contentUrl":"https:\/\/vestibulares.estrategia.com\/portal\/wp-content\/uploads\/2021\/06\/Logo-Vestibulares@4x.png","width":250,"height":66,"caption":"Estrat\u00e9gia Vestibulares"},"image":{"@id":"https:\/\/vestibulares.estrategia.com\/portal\/#\/schema\/logo\/image\/"},"sameAs":["https:\/\/facebook.com\/estrategiavestibulares","https:\/\/x.com\/Estrategiavest","https:\/\/www.instagram.com\/estrategiavestibulares","https:\/\/www.youtube.com\/channel\/UCGWdZy8ULI-7_5GrABa4vNA"]},{"@type":"Person","@id":"https:\/\/vestibulares.estrategia.com\/portal\/#\/schema\/person\/04682fc62e7ab3b51a4f9434ae8844da","name":"Raquel Oshio","image":{"@type":"ImageObject","inLanguage":"pt-BR","@id":"https:\/\/vestibulares.estrategia.com\/portal\/#\/schema\/person\/image\/","url":"https:\/\/secure.gravatar.com\/avatar\/fa4e62d5e59d9cf9995ea9c715a78807?s=96&d=mm&r=g","contentUrl":"https:\/\/secure.gravatar.com\/avatar\/fa4e62d5e59d9cf9995ea9c715a78807?s=96&d=mm&r=g","caption":"Raquel Oshio"},"description":"Amante de hist\u00f3rias e ca\u00e7adora de belezas escondidas. Jornalista de profiss\u00e3o e cora\u00e7\u00e3o. Desenhista e escritora de fic\u00e7\u00e3o nas horas vagas. Acredito no potencial transformador de todo trabalho feito com dedica\u00e7\u00e3o.","url":"https:\/\/vestibulares.estrategia.com\/portal\/author\/raquel-oshio\/"}]}},"_wl_alt_label":[],"wl:entity_url":"https:\/\/data.wordlift.io\/wl110249\/post\/gabarito-ufpr-2020-biologia","_links":{"self":[{"href":"https:\/\/vestibulares.estrategia.com\/portal\/wp-json\/wp\/v2\/posts\/31859","targetHints":{"allow":["GET"]}}],"collection":[{"href":"https:\/\/vestibulares.estrategia.com\/portal\/wp-json\/wp\/v2\/posts"}],"about":[{"href":"https:\/\/vestibulares.estrategia.com\/portal\/wp-json\/wp\/v2\/types\/post"}],"author":[{"embeddable":true,"href":"https:\/\/vestibulares.estrategia.com\/portal\/wp-json\/wp\/v2\/users\/18"}],"replies":[{"embeddable":true,"href":"https:\/\/vestibulares.estrategia.com\/portal\/wp-json\/wp\/v2\/comments?post=31859"}],"version-history":[{"count":3,"href":"https:\/\/vestibulares.estrategia.com\/portal\/wp-json\/wp\/v2\/posts\/31859\/revisions"}],"predecessor-version":[{"id":63223,"href":"https:\/\/vestibulares.estrategia.com\/portal\/wp-json\/wp\/v2\/posts\/31859\/revisions\/63223"}],"wp:featuredmedia":[{"embeddable":true,"href":"https:\/\/vestibulares.estrategia.com\/portal\/wp-json\/wp\/v2\/media\/31876"}],"wp:attachment":[{"href":"https:\/\/vestibulares.estrategia.com\/portal\/wp-json\/wp\/v2\/media?parent=31859"}],"wp:term":[{"taxonomy":"category","embeddable":true,"href":"https:\/\/vestibulares.estrategia.com\/portal\/wp-json\/wp\/v2\/categories?post=31859"},{"taxonomy":"post_tag","embeddable":true,"href":"https:\/\/vestibulares.estrategia.com\/portal\/wp-json\/wp\/v2\/tags?post=31859"},{"taxonomy":"wl_entity_type","embeddable":true,"href":"https:\/\/vestibulares.estrategia.com\/portal\/wp-json\/wp\/v2\/wl_entity_type?post=31859"}],"curies":[{"name":"wp","href":"https:\/\/api.w.org\/{rel}","templated":true}]}}