{"id":32830,"date":"2019-11-08T18:53:43","date_gmt":"2019-11-08T21:53:43","guid":{"rendered":"https:\/\/blog.estrategiavestibulares.com.br\/?p=32830"},"modified":"2024-04-16T16:23:02","modified_gmt":"2024-04-16T19:23:02","slug":"expressionismo","status":"publish","type":"post","link":"https:\/\/vestibulares.estrategia.com\/portal\/materias\/artes\/expressionismo\/","title":{"rendered":"Expressionismo: o que \u00e9, caracter\u00edsticas e principais artistas"},"content":{"rendered":"<p>O que foi o <strong><em>Expressionismo<\/em><\/strong>? Para falar dessa <a href=\"https:\/\/vestibulares.estrategia.com\/portal\/artes\/vanguardas-europeias\/\" target=\"_blank\">Vanguarda europeia<\/a>,&nbsp;novamente, poder&iacute;amos come&ccedil;ar pela palavra. O termo que denomina o movimento deriva de &ldquo;express&atilde;o&rdquo;.&nbsp;Ou seja, tendo percebido a realidade a partir das impress&otilde;es emotivas, o artista procura expressar&nbsp; sua forma singular de ver o mundo. O <a href=\"https:\/\/vestibulares.estrategia.com\/portal\/\" target=\"_blank\">Estrat&eacute;gia Vestibulares <\/a>traz tudo para voc&ecirc;!<div class=\"wp-block-image\">\n<figure class=\"aligncenter is-resized\"><img decoding=\"async\" src=\"https:\/\/cdn.blog.estrategiavestibulares.com.br\/vestibulares\/wp-content\/uploads\/2019\/11\/expressionismo-quadro-o-grito.jpg\" alt=\"Expressionismo - quadro o grito\" class=\"wp-image-32833\" style=\"width:243px;height:339px\"><figcaption class=\"wp-element-caption\">O Grito (1893)<\/figcaption><\/figure><\/div><p>Considere a mais famosa imagem desse movimento, &ldquo;O Grito&rdquo; (1893). A pintura apresenta&nbsp;uma figura humana sem sexo definido num momento de profundo desespero.&nbsp;A ang&uacute;stia n&atilde;o est&aacute; s&oacute; no personagem, mas em todas as figuras representadas na tela.<\/p><p>As pinceladas fortes e deformadoras parecem imprimir a cada&nbsp; objeto&nbsp; representado o efeito de&nbsp; um grito de desespero. As cores fortes utilizadas aumentam a sensa&ccedil;&atilde;o de intensa emo&ccedil;&atilde;o que se manifesta&nbsp; e contamina a natureza. <\/p><p>Embora esse seja o exemplo mais t&iacute;pico para fixar as caracter&iacute;sticas desse movimento, o pintor dessa obra n&atilde;o era exatamente expressionista. Edvard Munch (1864-1944) foi precursor do movimento que teve in&iacute;cio na&nbsp; Alemanha por volta de 1905.<\/p><p>Est&aacute; associado &agrave; cria&ccedil;&atilde;o da Die Br&uuml;cke (1909), um grupo de artistas que se opunham ao positivismo&nbsp; do movimento impressionista e davam vaz&atilde;o ao mal-estar t&iacute;pico de uma Europa que caminhava para a Primeira Guerra Mundial.<\/p><p>A realidade horr&iacute;vel que se desenhava no horizonte n&atilde;o poderia ser expressa de forma tranquila. O conceito de belo deveria ser revisto, pois a beleza nesse caso flerta com o tr&aacute;gico.<\/p><p>Quer estudar sobre outros movimentos? Confira nossa categoria de <a href=\"https:\/\/vestibulares.estrategia.com\/portal\/category\/literatura\/\" target=\"_blank\">Literatura no Blog do Estrat&eacute;gia Vestibulares<\/a><\/p><div id=\"ez-toc-container\" class=\"ez-toc-v2_0_76 counter-hierarchy ez-toc-counter ez-toc-transparent ez-toc-container-direction\">\n<div class=\"ez-toc-title-container\"><p class=\"ez-toc-title\" style=\"cursor:inherit\">Navegue pelo conte\u00fado<\/p>\n<\/div><nav><ul class='ez-toc-list ez-toc-list-level-1 ' ><li class='ez-toc-page-1 ez-toc-heading-level-2'><a class=\"ez-toc-link ez-toc-heading-1\" href=\"https:\/\/vestibulares.estrategia.com\/portal\/materias\/artes\/expressionismo\/#Caracteristicas-do-Expressionismo\" >Caracter&iacute;sticas do Expressionismo<\/a><\/li><li class='ez-toc-page-1 ez-toc-heading-level-2'><a class=\"ez-toc-link ez-toc-heading-2\" href=\"https:\/\/vestibulares.estrategia.com\/portal\/materias\/artes\/expressionismo\/#O-Manifesto-Expressionista\" >O Manifesto Expressionista<\/a><\/li><li class='ez-toc-page-1 ez-toc-heading-level-2'><a class=\"ez-toc-link ez-toc-heading-3\" href=\"https:\/\/vestibulares.estrategia.com\/portal\/materias\/artes\/expressionismo\/#O-Expressionismo-nas-artes-visuais\" >O Expressionismo nas artes visuais<\/a><\/li><li class='ez-toc-page-1 ez-toc-heading-level-2'><a class=\"ez-toc-link ez-toc-heading-4\" href=\"https:\/\/vestibulares.estrategia.com\/portal\/materias\/artes\/expressionismo\/#O-Expressionismo-na-literatura\" >O Expressionismo na literatura<\/a><\/li><\/ul><\/nav><\/div>\n<h2 class=\"wp-block-heading\" id=\"h-caracteristicas-do-expressionismo\"><span class=\"ez-toc-section\" id=\"Caracteristicas-do-Expressionismo\"><\/span>Caracter&iacute;sticas do Expressionismo<span class=\"ez-toc-section-end\"><\/span><\/h2><p>Podem-se destacar as seguintes caracter&iacute;sticas da pintura do movimento expressionismo:<\/p><ul class=\"wp-block-list\">\n<li><em>Uso de cores fortes e contrastantes; <\/em><\/li>\n\n\n\n<li><em>Deforma&ccedil;&atilde;o da figura,&nbsp; contornos deformados<\/em><\/li>\n\n\n\n<li><em>Uso de pinceladas marcantes, como se&nbsp; o gesto fosse determinante da imagem <\/em><\/li>\n\n\n\n<li><em>Grossas camadas de tinta<\/em><\/li>\n\n\n\n<li><em>Temas sombrios como forma de deixar clara a rela&ccedil;&atilde;o entre imagem e percep&ccedil;&atilde;o subjetiva.<\/em><\/li>\n<\/ul><h3 class=\"wp-block-heading\" id=\"h-palavras-chave\"><strong>Palavras-chave<\/strong><\/h3><p><em>Irracionalismo, deforma&ccedil;&atilde;o do objeto representado, imagem mediada pelos sentimentos do artista.<\/em><\/p><h2 class=\"wp-block-heading\" id=\"h-o-manifesto-expressionista\"><span class=\"ez-toc-section\" id=\"O-Manifesto-Expressionista\"><\/span>O Manifesto Expressionista<span class=\"ez-toc-section-end\"><\/span><\/h2><p>O Manifesto&nbsp;Expressionista foi escrito em 1918 por Kasimir Edshmid (1890-1966).<\/p><h3 class=\"wp-block-heading\" id=\"h-trecho-do-manifesto-expressionista\"><strong>Trecho do Manifesto Expressionista<\/strong><\/h3><p><em>[O expressionismo] luta, ao mesmo tempo, contra a decalcomania burguesa do naturalismo e contra o objetivo mesquinho que este persegue: fotografar a natureza ou a vida cotidiana. O mundo a&iacute; est&aacute;, seria absurdo reproduzi-lo tal qual, pura e simplesmente.<br>(&hellip;) A realidade tem que ser criada por n&oacute;s. A significa&ccedil;&atilde;o do assunto deve ser sentida. Os fatos acreditados, imaginados, anotados n&atilde;o s&atilde;o o suficiente; pelo contr&aacute;rio, a imagem do mundo tem de ser espelhada puramente e n&atilde;o falsificada. Mas isso est&aacute; apenas dentro de n&oacute;s mesmos. <\/em><\/p><h2 class=\"wp-block-heading\" id=\"h-o-expressionismo-nas-artes-visuais\"><span class=\"ez-toc-section\" id=\"O-Expressionismo-nas-artes-visuais\"><\/span>O Expressionismo nas artes visuais<span class=\"ez-toc-section-end\"><\/span><\/h2><p>O Expressionismo foi bastante influente nas artes pl&aacute;sticas&nbsp; e deixou marcas profundas na cultura. A&nbsp;classifica&ccedil;&atilde;o de uma obra como expressionista n&atilde;o deve representar grande dificuldade para voc&ecirc;. A palavra-chave &eacute; deforma&ccedil;&atilde;o.<\/p><div class=\"wp-block-image\">\n<figure class=\"aligncenter is-resized\"><img decoding=\"async\" src=\"https:\/\/cdn.blog.estrategiavestibulares.com.br\/vestibulares\/wp-content\/uploads\/2019\/11\/o-expressionismo-nas-artes-visuais.jpg\" alt=\"\" class=\"wp-image-32841\" style=\"width:390px;height:259px\"><figcaption class=\"wp-element-caption\">O gabinete do Dr. Caligaris<\/figcaption><\/figure><\/div><p>Essa cena &eacute; de um filme&nbsp; expressionista de 1920, <em>&nbsp;O gabinete do Dr. Caligaris<\/em> (figura 14). Era um filme em preto e branco. Observa-se, nas imagens, o gosto pelo exagero e pela imagem desfigurada.<\/p><p>Nessa cena, o teto&nbsp;e as paredes est&atilde;o distorcidos&nbsp;o que lembra os tra&ccedil;os de Van Gogh (1853-1890).&nbsp; Os personagens vivem num ambiente opressor, bem percebido pelo espectador.&nbsp;A maquiagem mais carregada do que de costume d&aacute; um car&aacute;ter dram&aacute;tico.<\/p><p>Pode-se&nbsp;sentir a cat&aacute;strofe da sociedade europeia observando essas cenas. N&atilde;o foi &agrave; toa que&nbsp; Hitler condenava tal tipo de arte. Em 1937, ele organizou, em Munique, uma exposi&ccedil;&atilde;o de arte expressionista a qual chamou de Exposi&ccedil;&atilde;o de Arte Degenerada.<\/p><h2 class=\"wp-block-heading\" id=\"h-o-expressionismo-na-literatura\"><span class=\"ez-toc-section\" id=\"O-Expressionismo-na-literatura\"><\/span>O Expressionismo na <a href=\"https:\/\/vestibulares.estrategia.com\/portal\/category\/literatura\/\" target=\"_blank\">literatura<\/a><span class=\"ez-toc-section-end\"><\/span><\/h2><p>Houve na Europa uma Literatura Expressionista de renova&ccedil;&atilde;o tem&aacute;tica e estil&iacute;stica. Os autores n&atilde;o obedeciam ao encadeamento argumentativo baseado em causa-consequ&ecirc;ncia, nem&nbsp;na sucess&atilde;o clara temporal.&nbsp; Introduziram a simultaneidade num estilo&nbsp; que procurava mostrar mais do que explicar.<\/p><p>Um grande exemplo de autor do Expressionismo na literatura que se aproxima dessa postura &eacute; Franz Kafka (1883-1924). O autor cria enredos aleg&oacute;ricos absurdos. Em <em>&nbsp;A Metamorfose<\/em>, por exemplo, ele parte de uma situa&ccedil;&atilde;o inicial em que o protagonista, sem explica&ccedil;&atilde;o, transforma-se em um inseto.<\/p><p>No Brasil, n&atilde;o h&aacute; grandes expoentes de prosa expressionista. Contudo, costuma-se a atribuir tra&ccedil;os dessa escola a Raul Pompeia&nbsp; (1893-1895), escritor realista\/naturalista, em <em>O Ateneu<\/em>. Ele apresenta quadros exagerados devido&nbsp;&agrave; grande carga emocional do narrador ao descrev&ecirc;-los. Acaba reduzindo os personagens a caricaturas grotescas<\/p><h3 class=\"wp-block-heading\" id=\"h-trecho-de-o-ateneu\"><strong>Trecho de &ldquo;O Ateneu&rdquo;<\/strong><\/h3><p><em>&ldquo;Os companheiros de classe eram cerca de vinte; uma variedade de tipos que me divertia, O Gualt&eacute;rio, mi&uacute;do, redondo de costas, cabelos revoltos, motilidade brusca e caretas de s&iacute;mio &ndash; palha&ccedil;o dos outros, como dizia o professor; o Nascimento, o bican&ccedil;a, alongado por um modelo geral de pelicano, nariz esbelto, curvo e largo como uma foice; (&hellip;) o Negr&atilde;o, de ventas acesas, l&aacute;bios inquietos, fisionomia agreste de cabra, canhoto e anguloso&hellip;&rdquo; (Raul Pomp&eacute;ia, O Ateneu)<\/em><\/p><figure class=\"wp-block-image size-large\"><a href=\"https:\/\/www.estrategiavestibulares.com.br\/\" target=\"_blank\" rel=\"noopener noreferrer\"><img decoding=\"async\" width=\"1024\" height=\"256\" src=\"https:\/\/vestibulares.estrategia.com\/portal\/wp-content\/uploads\/2020\/11\/BANNER_EV_eletr_part1-4-1024x256.jpg\" alt=\"Banner Estrat&eacute;gia Vestibulares\" class=\"wp-image-44863\" srcset=\"https:\/\/vestibulares.estrategia.com\/portal\/wp-content\/uploads\/2020\/11\/BANNER_EV_eletr_part1-4-1024x256.jpg 1024w, https:\/\/vestibulares.estrategia.com\/portal\/wp-content\/uploads\/2020\/11\/BANNER_EV_eletr_part1-4-300x75.jpg 300w, https:\/\/vestibulares.estrategia.com\/portal\/wp-content\/uploads\/2020\/11\/BANNER_EV_eletr_part1-4-768x192.jpg 768w, https:\/\/vestibulares.estrategia.com\/portal\/wp-content\/uploads\/2020\/11\/BANNER_EV_eletr_part1-4-1536x384.jpg 1536w, https:\/\/vestibulares.estrategia.com\/portal\/wp-content\/uploads\/2020\/11\/BANNER_EV_eletr_part1-4-380x95.jpg 380w, https:\/\/vestibulares.estrategia.com\/portal\/wp-content\/uploads\/2020\/11\/BANNER_EV_eletr_part1-4-800x200.jpg 800w, https:\/\/vestibulares.estrategia.com\/portal\/wp-content\/uploads\/2020\/11\/BANNER_EV_eletr_part1-4-1160x290.jpg 1160w, https:\/\/vestibulares.estrategia.com\/portal\/wp-content\/uploads\/2020\/11\/BANNER_EV_eletr_part1-4.jpg 1920w\" sizes=\"(max-width: 1024px) 100vw, 1024px\" \/><\/a><\/figure><\/p>\n","protected":false},"excerpt":{"rendered":"O que foi o Expressionismo? Para falar dessa Vanguarda europeia,&nbsp;novamente, poder&iacute;amos come&ccedil;ar pela palavra. O termo que denomina&hellip;\n","protected":false},"author":18,"featured_media":32847,"comment_status":"open","ping_status":"open","sticky":false,"template":"","format":"standard","meta":{"wl_entities_gutenberg":"","footnotes":""},"categories":[41],"tags":[],"wl_entity_type":[732],"class_list":{"0":"post-32830","1":"post","2":"type-post","3":"status-publish","4":"format-standard","5":"has-post-thumbnail","7":"category-artes","8":"wl_entity_type-article"},"acf":[],"yoast_head":"<!-- This site is optimized with the Yoast SEO Premium plugin v25.9 (Yoast SEO v25.9) - https:\/\/yoast.com\/wordpress\/plugins\/seo\/ -->\n<title>Expressionismo: o que \u00e9, caracter\u00edsticas e principais artistas<\/title>\n<meta name=\"description\" content=\"Voc\u00ea conhece o Expressionismo? Entenda o que foi esse movimento e quais foram as suas principais caracter\u00edsticas. Confira!\" \/>\n<meta name=\"robots\" content=\"index, follow, max-snippet:-1, max-image-preview:large, max-video-preview:-1\" \/>\n<link rel=\"canonical\" href=\"https:\/\/vestibulares.estrategia.com\/portal\/materias\/artes\/expressionismo\/\" \/>\n<meta property=\"og:locale\" content=\"pt_BR\" \/>\n<meta property=\"og:type\" content=\"article\" \/>\n<meta property=\"og:title\" content=\"Expressionismo: o que \u00e9, caracter\u00edsticas e principais artistas\" \/>\n<meta property=\"og:description\" content=\"Voc\u00ea conhece o Expressionismo? Entenda o que foi esse movimento e quais foram as suas principais caracter\u00edsticas. Confira!\" \/>\n<meta property=\"og:url\" content=\"https:\/\/vestibulares.estrategia.com\/portal\/materias\/artes\/expressionismo\/\" \/>\n<meta property=\"og:site_name\" content=\"Estrat\u00e9gia Vestibulares\" \/>\n<meta property=\"article:publisher\" content=\"https:\/\/facebook.com\/estrategiavestibulares\" \/>\n<meta property=\"article:published_time\" content=\"2019-11-08T21:53:43+00:00\" \/>\n<meta property=\"article:modified_time\" content=\"2024-04-16T19:23:02+00:00\" \/>\n<meta property=\"og:image\" content=\"https:\/\/vestibulares.estrategia.com\/portal\/wp-content\/uploads\/2019\/11\/expressionismo.png\" \/>\n\t<meta property=\"og:image:width\" content=\"500\" \/>\n\t<meta property=\"og:image:height\" content=\"334\" \/>\n\t<meta property=\"og:image:type\" content=\"image\/png\" \/>\n<meta name=\"author\" content=\"Raquel Oshio\" \/>\n<meta name=\"twitter:card\" content=\"summary_large_image\" \/>\n<meta name=\"twitter:creator\" content=\"@Estrategiavest\" \/>\n<meta name=\"twitter:site\" content=\"@Estrategiavest\" \/>\n<meta name=\"twitter:label1\" content=\"Escrito por\" \/>\n\t<meta name=\"twitter:data1\" content=\"Raquel Oshio\" \/>\n\t<meta name=\"twitter:label2\" content=\"Est. tempo de leitura\" \/>\n\t<meta name=\"twitter:data2\" content=\"4 minutos\" \/>\n<script type=\"application\/ld+json\" class=\"yoast-schema-graph\">{\"@context\":\"https:\/\/schema.org\",\"@graph\":[{\"@type\":\"Article\",\"@id\":\"https:\/\/vestibulares.estrategia.com\/portal\/materias\/artes\/expressionismo\/#article\",\"isPartOf\":{\"@id\":\"https:\/\/vestibulares.estrategia.com\/portal\/materias\/artes\/expressionismo\/\"},\"author\":{\"name\":\"Raquel Oshio\",\"@id\":\"https:\/\/vestibulares.estrategia.com\/portal\/#\/schema\/person\/04682fc62e7ab3b51a4f9434ae8844da\"},\"headline\":\"Expressionismo: o que \u00e9, caracter\u00edsticas e principais artistas\",\"datePublished\":\"2019-11-08T21:53:43+00:00\",\"dateModified\":\"2024-04-16T19:23:02+00:00\",\"mainEntityOfPage\":{\"@id\":\"https:\/\/vestibulares.estrategia.com\/portal\/materias\/artes\/expressionismo\/\"},\"wordCount\":875,\"commentCount\":0,\"publisher\":{\"@id\":\"https:\/\/vestibulares.estrategia.com\/portal\/#organization\"},\"image\":{\"@id\":\"https:\/\/vestibulares.estrategia.com\/portal\/materias\/artes\/expressionismo\/#primaryimage\"},\"thumbnailUrl\":\"https:\/\/vestibulares.estrategia.com\/portal\/wp-content\/uploads\/2019\/11\/expressionismo.png\",\"articleSection\":[\"Artes\"],\"inLanguage\":\"pt-BR\",\"potentialAction\":[{\"@type\":\"CommentAction\",\"name\":\"Comment\",\"target\":[\"https:\/\/vestibulares.estrategia.com\/portal\/materias\/artes\/expressionismo\/#respond\"]}]},{\"@type\":\"WebPage\",\"@id\":\"https:\/\/vestibulares.estrategia.com\/portal\/materias\/artes\/expressionismo\/\",\"url\":\"https:\/\/vestibulares.estrategia.com\/portal\/materias\/artes\/expressionismo\/\",\"name\":\"Expressionismo: o que \u00e9, caracter\u00edsticas e principais artistas\",\"isPartOf\":{\"@id\":\"https:\/\/vestibulares.estrategia.com\/portal\/#website\"},\"primaryImageOfPage\":{\"@id\":\"https:\/\/vestibulares.estrategia.com\/portal\/materias\/artes\/expressionismo\/#primaryimage\"},\"image\":{\"@id\":\"https:\/\/vestibulares.estrategia.com\/portal\/materias\/artes\/expressionismo\/#primaryimage\"},\"thumbnailUrl\":\"https:\/\/vestibulares.estrategia.com\/portal\/wp-content\/uploads\/2019\/11\/expressionismo.png\",\"datePublished\":\"2019-11-08T21:53:43+00:00\",\"dateModified\":\"2024-04-16T19:23:02+00:00\",\"description\":\"Voc\u00ea conhece o Expressionismo? Entenda o que foi esse movimento e quais foram as suas principais caracter\u00edsticas. Confira!\",\"breadcrumb\":{\"@id\":\"https:\/\/vestibulares.estrategia.com\/portal\/materias\/artes\/expressionismo\/#breadcrumb\"},\"inLanguage\":\"pt-BR\",\"potentialAction\":[{\"@type\":\"ReadAction\",\"target\":[\"https:\/\/vestibulares.estrategia.com\/portal\/materias\/artes\/expressionismo\/\"]}]},{\"@type\":\"ImageObject\",\"inLanguage\":\"pt-BR\",\"@id\":\"https:\/\/vestibulares.estrategia.com\/portal\/materias\/artes\/expressionismo\/#primaryimage\",\"url\":\"https:\/\/vestibulares.estrategia.com\/portal\/wp-content\/uploads\/2019\/11\/expressionismo.png\",\"contentUrl\":\"https:\/\/vestibulares.estrategia.com\/portal\/wp-content\/uploads\/2019\/11\/expressionismo.png\",\"width\":500,\"height\":334,\"caption\":\"expressionismo\"},{\"@type\":\"BreadcrumbList\",\"@id\":\"https:\/\/vestibulares.estrategia.com\/portal\/materias\/artes\/expressionismo\/#breadcrumb\",\"itemListElement\":[{\"@type\":\"ListItem\",\"position\":1,\"name\":\"Home\",\"item\":\"https:\/\/vestibulares.estrategia.com\/portal\/\"},{\"@type\":\"ListItem\",\"position\":2,\"name\":\"Mat\u00e9rias\",\"item\":\"https:\/\/vestibulares.estrategia.com\/portal\/materias\/\"},{\"@type\":\"ListItem\",\"position\":3,\"name\":\"Artes\",\"item\":\"https:\/\/vestibulares.estrategia.com\/portal\/materias\/artes\/\"},{\"@type\":\"ListItem\",\"position\":4,\"name\":\"Expressionismo: o que \u00e9, caracter\u00edsticas e principais artistas\"}]},{\"@type\":\"WebSite\",\"@id\":\"https:\/\/vestibulares.estrategia.com\/portal\/#website\",\"url\":\"https:\/\/vestibulares.estrategia.com\/portal\/\",\"name\":\"Estrat\u00e9gia Vestibulares\",\"description\":\"\",\"publisher\":{\"@id\":\"https:\/\/vestibulares.estrategia.com\/portal\/#organization\"},\"potentialAction\":[{\"@type\":\"SearchAction\",\"target\":{\"@type\":\"EntryPoint\",\"urlTemplate\":\"https:\/\/vestibulares.estrategia.com\/portal\/?s={search_term_string}\"},\"query-input\":{\"@type\":\"PropertyValueSpecification\",\"valueRequired\":true,\"valueName\":\"search_term_string\"}}],\"inLanguage\":\"pt-BR\"},{\"@type\":\"Organization\",\"@id\":\"https:\/\/vestibulares.estrategia.com\/portal\/#organization\",\"name\":\"Estrat\u00e9gia Vestibulares\",\"url\":\"https:\/\/vestibulares.estrategia.com\/portal\/\",\"logo\":{\"@type\":\"ImageObject\",\"inLanguage\":\"pt-BR\",\"@id\":\"https:\/\/vestibulares.estrategia.com\/portal\/#\/schema\/logo\/image\/\",\"url\":\"https:\/\/vestibulares.estrategia.com\/portal\/wp-content\/uploads\/2021\/06\/Logo-Vestibulares@4x.png\",\"contentUrl\":\"https:\/\/vestibulares.estrategia.com\/portal\/wp-content\/uploads\/2021\/06\/Logo-Vestibulares@4x.png\",\"width\":250,\"height\":66,\"caption\":\"Estrat\u00e9gia Vestibulares\"},\"image\":{\"@id\":\"https:\/\/vestibulares.estrategia.com\/portal\/#\/schema\/logo\/image\/\"},\"sameAs\":[\"https:\/\/facebook.com\/estrategiavestibulares\",\"https:\/\/x.com\/Estrategiavest\",\"https:\/\/www.instagram.com\/estrategiavestibulares\",\"https:\/\/www.youtube.com\/channel\/UCGWdZy8ULI-7_5GrABa4vNA\"]},{\"@type\":\"Person\",\"@id\":\"https:\/\/vestibulares.estrategia.com\/portal\/#\/schema\/person\/04682fc62e7ab3b51a4f9434ae8844da\",\"name\":\"Raquel Oshio\",\"image\":{\"@type\":\"ImageObject\",\"inLanguage\":\"pt-BR\",\"@id\":\"https:\/\/vestibulares.estrategia.com\/portal\/#\/schema\/person\/image\/\",\"url\":\"https:\/\/secure.gravatar.com\/avatar\/fa4e62d5e59d9cf9995ea9c715a78807?s=96&d=mm&r=g\",\"contentUrl\":\"https:\/\/secure.gravatar.com\/avatar\/fa4e62d5e59d9cf9995ea9c715a78807?s=96&d=mm&r=g\",\"caption\":\"Raquel Oshio\"},\"description\":\"Amante de hist\u00f3rias e ca\u00e7adora de belezas escondidas. Jornalista de profiss\u00e3o e cora\u00e7\u00e3o. Desenhista e escritora de fic\u00e7\u00e3o nas horas vagas. Acredito no potencial transformador de todo trabalho feito com dedica\u00e7\u00e3o.\",\"url\":\"https:\/\/vestibulares.estrategia.com\/portal\/author\/raquel-oshio\/\"}]}<\/script>\n<!-- \/ Yoast SEO Premium plugin. -->","yoast_head_json":{"title":"Expressionismo: o que \u00e9, caracter\u00edsticas e principais artistas","description":"Voc\u00ea conhece o Expressionismo? Entenda o que foi esse movimento e quais foram as suas principais caracter\u00edsticas. Confira!","robots":{"index":"index","follow":"follow","max-snippet":"max-snippet:-1","max-image-preview":"max-image-preview:large","max-video-preview":"max-video-preview:-1"},"canonical":"https:\/\/vestibulares.estrategia.com\/portal\/materias\/artes\/expressionismo\/","og_locale":"pt_BR","og_type":"article","og_title":"Expressionismo: o que \u00e9, caracter\u00edsticas e principais artistas","og_description":"Voc\u00ea conhece o Expressionismo? Entenda o que foi esse movimento e quais foram as suas principais caracter\u00edsticas. Confira!","og_url":"https:\/\/vestibulares.estrategia.com\/portal\/materias\/artes\/expressionismo\/","og_site_name":"Estrat\u00e9gia Vestibulares","article_publisher":"https:\/\/facebook.com\/estrategiavestibulares","article_published_time":"2019-11-08T21:53:43+00:00","article_modified_time":"2024-04-16T19:23:02+00:00","og_image":[{"width":500,"height":334,"url":"https:\/\/vestibulares.estrategia.com\/portal\/wp-content\/uploads\/2019\/11\/expressionismo.png","type":"image\/png"}],"author":"Raquel Oshio","twitter_card":"summary_large_image","twitter_creator":"@Estrategiavest","twitter_site":"@Estrategiavest","twitter_misc":{"Escrito por":"Raquel Oshio","Est. tempo de leitura":"4 minutos"},"schema":{"@context":"https:\/\/schema.org","@graph":[{"@type":"Article","@id":"https:\/\/vestibulares.estrategia.com\/portal\/materias\/artes\/expressionismo\/#article","isPartOf":{"@id":"https:\/\/vestibulares.estrategia.com\/portal\/materias\/artes\/expressionismo\/"},"author":{"name":"Raquel Oshio","@id":"https:\/\/vestibulares.estrategia.com\/portal\/#\/schema\/person\/04682fc62e7ab3b51a4f9434ae8844da"},"headline":"Expressionismo: o que \u00e9, caracter\u00edsticas e principais artistas","datePublished":"2019-11-08T21:53:43+00:00","dateModified":"2024-04-16T19:23:02+00:00","mainEntityOfPage":{"@id":"https:\/\/vestibulares.estrategia.com\/portal\/materias\/artes\/expressionismo\/"},"wordCount":875,"commentCount":0,"publisher":{"@id":"https:\/\/vestibulares.estrategia.com\/portal\/#organization"},"image":{"@id":"https:\/\/vestibulares.estrategia.com\/portal\/materias\/artes\/expressionismo\/#primaryimage"},"thumbnailUrl":"https:\/\/vestibulares.estrategia.com\/portal\/wp-content\/uploads\/2019\/11\/expressionismo.png","articleSection":["Artes"],"inLanguage":"pt-BR","potentialAction":[{"@type":"CommentAction","name":"Comment","target":["https:\/\/vestibulares.estrategia.com\/portal\/materias\/artes\/expressionismo\/#respond"]}]},{"@type":"WebPage","@id":"https:\/\/vestibulares.estrategia.com\/portal\/materias\/artes\/expressionismo\/","url":"https:\/\/vestibulares.estrategia.com\/portal\/materias\/artes\/expressionismo\/","name":"Expressionismo: o que \u00e9, caracter\u00edsticas e principais artistas","isPartOf":{"@id":"https:\/\/vestibulares.estrategia.com\/portal\/#website"},"primaryImageOfPage":{"@id":"https:\/\/vestibulares.estrategia.com\/portal\/materias\/artes\/expressionismo\/#primaryimage"},"image":{"@id":"https:\/\/vestibulares.estrategia.com\/portal\/materias\/artes\/expressionismo\/#primaryimage"},"thumbnailUrl":"https:\/\/vestibulares.estrategia.com\/portal\/wp-content\/uploads\/2019\/11\/expressionismo.png","datePublished":"2019-11-08T21:53:43+00:00","dateModified":"2024-04-16T19:23:02+00:00","description":"Voc\u00ea conhece o Expressionismo? Entenda o que foi esse movimento e quais foram as suas principais caracter\u00edsticas. Confira!","breadcrumb":{"@id":"https:\/\/vestibulares.estrategia.com\/portal\/materias\/artes\/expressionismo\/#breadcrumb"},"inLanguage":"pt-BR","potentialAction":[{"@type":"ReadAction","target":["https:\/\/vestibulares.estrategia.com\/portal\/materias\/artes\/expressionismo\/"]}]},{"@type":"ImageObject","inLanguage":"pt-BR","@id":"https:\/\/vestibulares.estrategia.com\/portal\/materias\/artes\/expressionismo\/#primaryimage","url":"https:\/\/vestibulares.estrategia.com\/portal\/wp-content\/uploads\/2019\/11\/expressionismo.png","contentUrl":"https:\/\/vestibulares.estrategia.com\/portal\/wp-content\/uploads\/2019\/11\/expressionismo.png","width":500,"height":334,"caption":"expressionismo"},{"@type":"BreadcrumbList","@id":"https:\/\/vestibulares.estrategia.com\/portal\/materias\/artes\/expressionismo\/#breadcrumb","itemListElement":[{"@type":"ListItem","position":1,"name":"Home","item":"https:\/\/vestibulares.estrategia.com\/portal\/"},{"@type":"ListItem","position":2,"name":"Mat\u00e9rias","item":"https:\/\/vestibulares.estrategia.com\/portal\/materias\/"},{"@type":"ListItem","position":3,"name":"Artes","item":"https:\/\/vestibulares.estrategia.com\/portal\/materias\/artes\/"},{"@type":"ListItem","position":4,"name":"Expressionismo: o que \u00e9, caracter\u00edsticas e principais artistas"}]},{"@type":"WebSite","@id":"https:\/\/vestibulares.estrategia.com\/portal\/#website","url":"https:\/\/vestibulares.estrategia.com\/portal\/","name":"Estrat\u00e9gia Vestibulares","description":"","publisher":{"@id":"https:\/\/vestibulares.estrategia.com\/portal\/#organization"},"potentialAction":[{"@type":"SearchAction","target":{"@type":"EntryPoint","urlTemplate":"https:\/\/vestibulares.estrategia.com\/portal\/?s={search_term_string}"},"query-input":{"@type":"PropertyValueSpecification","valueRequired":true,"valueName":"search_term_string"}}],"inLanguage":"pt-BR"},{"@type":"Organization","@id":"https:\/\/vestibulares.estrategia.com\/portal\/#organization","name":"Estrat\u00e9gia Vestibulares","url":"https:\/\/vestibulares.estrategia.com\/portal\/","logo":{"@type":"ImageObject","inLanguage":"pt-BR","@id":"https:\/\/vestibulares.estrategia.com\/portal\/#\/schema\/logo\/image\/","url":"https:\/\/vestibulares.estrategia.com\/portal\/wp-content\/uploads\/2021\/06\/Logo-Vestibulares@4x.png","contentUrl":"https:\/\/vestibulares.estrategia.com\/portal\/wp-content\/uploads\/2021\/06\/Logo-Vestibulares@4x.png","width":250,"height":66,"caption":"Estrat\u00e9gia Vestibulares"},"image":{"@id":"https:\/\/vestibulares.estrategia.com\/portal\/#\/schema\/logo\/image\/"},"sameAs":["https:\/\/facebook.com\/estrategiavestibulares","https:\/\/x.com\/Estrategiavest","https:\/\/www.instagram.com\/estrategiavestibulares","https:\/\/www.youtube.com\/channel\/UCGWdZy8ULI-7_5GrABa4vNA"]},{"@type":"Person","@id":"https:\/\/vestibulares.estrategia.com\/portal\/#\/schema\/person\/04682fc62e7ab3b51a4f9434ae8844da","name":"Raquel Oshio","image":{"@type":"ImageObject","inLanguage":"pt-BR","@id":"https:\/\/vestibulares.estrategia.com\/portal\/#\/schema\/person\/image\/","url":"https:\/\/secure.gravatar.com\/avatar\/fa4e62d5e59d9cf9995ea9c715a78807?s=96&d=mm&r=g","contentUrl":"https:\/\/secure.gravatar.com\/avatar\/fa4e62d5e59d9cf9995ea9c715a78807?s=96&d=mm&r=g","caption":"Raquel Oshio"},"description":"Amante de hist\u00f3rias e ca\u00e7adora de belezas escondidas. Jornalista de profiss\u00e3o e cora\u00e7\u00e3o. Desenhista e escritora de fic\u00e7\u00e3o nas horas vagas. Acredito no potencial transformador de todo trabalho feito com dedica\u00e7\u00e3o.","url":"https:\/\/vestibulares.estrategia.com\/portal\/author\/raquel-oshio\/"}]}},"_wl_alt_label":[],"wl:entity_url":"https:\/\/data.wordlift.io\/wl110249\/post\/expressionismo","_links":{"self":[{"href":"https:\/\/vestibulares.estrategia.com\/portal\/wp-json\/wp\/v2\/posts\/32830","targetHints":{"allow":["GET"]}}],"collection":[{"href":"https:\/\/vestibulares.estrategia.com\/portal\/wp-json\/wp\/v2\/posts"}],"about":[{"href":"https:\/\/vestibulares.estrategia.com\/portal\/wp-json\/wp\/v2\/types\/post"}],"author":[{"embeddable":true,"href":"https:\/\/vestibulares.estrategia.com\/portal\/wp-json\/wp\/v2\/users\/18"}],"replies":[{"embeddable":true,"href":"https:\/\/vestibulares.estrategia.com\/portal\/wp-json\/wp\/v2\/comments?post=32830"}],"version-history":[{"count":9,"href":"https:\/\/vestibulares.estrategia.com\/portal\/wp-json\/wp\/v2\/posts\/32830\/revisions"}],"predecessor-version":[{"id":115826,"href":"https:\/\/vestibulares.estrategia.com\/portal\/wp-json\/wp\/v2\/posts\/32830\/revisions\/115826"}],"wp:featuredmedia":[{"embeddable":true,"href":"https:\/\/vestibulares.estrategia.com\/portal\/wp-json\/wp\/v2\/media\/32847"}],"wp:attachment":[{"href":"https:\/\/vestibulares.estrategia.com\/portal\/wp-json\/wp\/v2\/media?parent=32830"}],"wp:term":[{"taxonomy":"category","embeddable":true,"href":"https:\/\/vestibulares.estrategia.com\/portal\/wp-json\/wp\/v2\/categories?post=32830"},{"taxonomy":"post_tag","embeddable":true,"href":"https:\/\/vestibulares.estrategia.com\/portal\/wp-json\/wp\/v2\/tags?post=32830"},{"taxonomy":"wl_entity_type","embeddable":true,"href":"https:\/\/vestibulares.estrategia.com\/portal\/wp-json\/wp\/v2\/wl_entity_type?post=32830"}],"curies":[{"name":"wp","href":"https:\/\/api.w.org\/{rel}","templated":true}]}}