{"id":33530,"date":"2019-11-17T21:25:16","date_gmt":"2019-11-18T00:25:16","guid":{"rendered":"https:\/\/blog.estrategiavestibulares.com.br\/?p=33530"},"modified":"2022-02-14T15:57:03","modified_gmt":"2022-02-14T18:57:03","slug":"gabarito-unicamp-2020-biologia","status":"publish","type":"post","link":"https:\/\/vestibulares.estrategia.com\/portal\/materias\/biologia\/gabarito-unicamp-2020-biologia\/","title":{"rendered":"Gabarito Unicamp 2020 \u2013 Biologia \u2013 Resolu\u00e7\u00e3o Comentada"},"content":{"rendered":"<p>A prova da UNICAMP 2020 contou com nove quest&otilde;es de Biologia, al&eacute;m de uma quest&atilde;o interdisciplinar com Ingl&ecirc;s (quest&atilde;o 10).<p>Dentre as quest&otilde;es apenas de Biologia, tivemos uma de Programa de Sa&uacute;de, uma de Ecologia, uma de Bot&acirc;nica, uma de Zoologia, duas de Citologia, uma de Histologia (com an&aacute;lise de elementos &ndash; gr&aacute;ficos, e figuras), uma com elementos de Bot&acirc;nica e Ecologia e uma de Metabolismo Energ&eacute;tico.<\/p><p>Assim, foi uma prova bem interessante, que contemplou\ndiversos temas dentro da disciplina. No entanto, n&atilde;o foi uma prova dif&iacute;cil.<\/p><p>Abaixo, segue a resolu&ccedil;&atilde;o das quest&otilde;es de Biologia da prova. ? <\/p><div class=\"wp-block-file\">\"&gt;Prova UNICAMP 2020 &ndash; Biologia &ndash; Resolu&ccedil;&atilde;o\" class=\"wp-block-file__button\" download&gt;Baixar<\/div><h2 class=\"wp-block-heading\" id=\"h-prova-unicamp-2020\">Prova Unicamp 2020<\/h2><h3 class=\"wp-block-heading\" id=\"h-questao-10\"><strong>Quest&atilde;o 10<\/strong><\/h3><p>Antibiotic resistance is possible because bacteria are able to exchange genetic material through a process known as bacterial conjugation. In one experiment, resistance to tetracycline (a commonly used antibiotic) was studied in Escherichia coli by introducing a tetracycline-resistant bacterium to a tetracycline-sensitive strain. The resistant bacterium&rsquo;s genome contained a protein called an &ldquo;efflux pump&rdquo;, a polypeptide that localizes to the cell membrane and expels certain small molecules from the cell.<\/p><p>Using\nfluorescent marking, researchers observed the DNA encoding one specific efflux\npump in between a resistant bacterium and a sensitive bacterium. With live-cell\nmicroscopy, they tracked the fluorescence to see how the DNA migrated from one\ncell to another and how it was incorporated and expressed in the recipient\nbacterium.<\/p><p><em>(Fonte: Sophie Nolivos e outros, Science, Washington,\nv. 364, n. 6442, p. 778-782, maio 2019.)<\/em><\/p><p>Com base no texto e em seus conhecimentos, assinale a alternativa correta.<\/p><p>a) A fus&atilde;o transmembrana do genoma que confere resist&ecirc;ncia\nantibi&oacute;tica &eacute; facilitada pela presen&ccedil;a da tetraciclina.<\/p><p>b) A prote&iacute;na envolvida na resist&ecirc;ncia antibi&oacute;tica &agrave;\ntetraciclina &eacute; transferida diretamente por conjuga&ccedil;&atilde;o bacteriana.<\/p><p>c) O gene da prote&iacute;na de resist&ecirc;ncia antibi&oacute;tica &eacute; transferido\natrav&eacute;s da fus&atilde;o transmembrana na presen&ccedil;a de tetraciclina.<\/p><p>d) O DNA codificador da prote&iacute;na que confere\nresist&ecirc;ncia antibi&oacute;tica &agrave; tetraciclina &eacute; transferido por conjuga&ccedil;&atilde;o bacteriana.<\/p><h3 class=\"wp-block-heading\" id=\"h-resolucao-comentada\"><strong>Resolu&ccedil;&atilde;o Comentada<\/strong><\/h3><ul class=\"wp-block-list\"><li><em>A alternativa correta &eacute; a letra D.<\/em><\/li><li><em>A alternativa A est&aacute; errada, porque a tetraciclina &eacute; o antibi&oacute;tico a que a bact&eacute;ria resistente n&atilde;o &eacute; sens&iacute;vel. <\/em><\/li><li><em>A alternativa B est&aacute; errada, porque caso somente a prote&iacute;na fosse transferida, a resist&ecirc;ncia seria moment&acirc;nea, uma vez que, degradada a prote&iacute;na, a bact&eacute;ria voltaria a ser sens&iacute;vel. Apenas com a transfer&ecirc;ncia o gene que codifica a prote&iacute;na &eacute; que a resist&ecirc;ncia ser&aacute; permanente. <\/em><\/li><li><em>A alternativa C est&aacute; errada, porque a tetraciclina &eacute; o antibi&oacute;tico. <\/em><\/li><\/ul><p class=\"has-light-green-cyan-background-color has-background\"><strong>Gabarito: D<\/strong><\/p><h3 class=\"wp-block-heading\" id=\"h-questao-11\"><strong>Quest&atilde;o 11<\/strong><\/h3><p>Gra&ccedil;as &agrave;s campanhas de\nvacina&ccedil;&atilde;o, a poliomielite foi considerada erradicada no Brasil: o &uacute;ltimo caso\nfoi registrado em 1989. Contudo, o Minist&eacute;rio da Sa&uacute;de constatou cobertura\nvacinal alarmante, (abaixo de 50%) em 312 munic&iacute;pios brasileiros em 2018. A\nvacina&ccedil;&atilde;o &eacute; a &uacute;nica forma de preven&ccedil;&atilde;o da poliomielite; &eacute; uma quest&atilde;o de responsabilidade\nsocial contemplada no Programa Nacional de Imuniza&ccedil;&otilde;es do Minist&eacute;rio da Sa&uacute;de.<\/p><p><em>(Fonte:\nportalms.saude.gov.br\/noticias\/agencia-saude\/43797-ministerio-da-saude-alerta\nparabaixas-coberturas-vacinais-para-polio.)<\/em><\/p><p>Assinale a alternativa que caracteriza corretamente\na poliomielite. <\/p><p>a) &Eacute; uma doen&ccedil;a viral contagiosa, que pode ser transmitida\natrav&eacute;s da ingest&atilde;o de &aacute;gua ou alimentos contaminados por fezes de doentes. <\/p><p>b) A transmiss&atilde;o do v&iacute;rus ocorre por meio de vetores\nhemat&oacute;fagos que tenham picado uma pessoa contaminada na fase aguda da doen&ccedil;a. <\/p><p>c) &Eacute; uma doen&ccedil;a bacteriana transmitida por got&iacute;culas\nde saliva ou de sangue de pessoas contaminadas, com alto risco de cont&aacute;gio. <\/p><p>d) A transmiss&atilde;o da bact&eacute;ria ocorre por meio de\nvetores artr&oacute;podes que tenham picado uma pessoa contaminada na fase cr&ocirc;nica da\ndoen&ccedil;a.<\/p><h3 class=\"wp-block-heading\" id=\"h-resolucao-comentada-1\"><strong>Resolu&ccedil;&atilde;o Comentada<\/strong><\/h3><ul class=\"wp-block-list\"><li><em>A alternativa correta &eacute; a letra A.<\/em><\/li><li><em>A alternativa B est&aacute; errada, porque a poliomielite &eacute; transmitida atrav&eacute;s da ingest&atilde;o de &aacute;gua ou alimentos contaminados por fezes de doentes. <\/em><\/li><li><em>A alternativa C est&aacute; errada, porque a poliomielite &eacute; uma doen&ccedil;a viral.<\/em><\/li><li><em>A alternativa D est&aacute; errada, porque a poliomielite &eacute; uma doen&ccedil;a viral transmitida atrav&eacute;s da ingest&atilde;o de &aacute;gua ou alimentos contaminados por fezes de doentes. <\/em><\/li><\/ul><p class=\"has-light-green-cyan-background-color has-background\"><strong>Gabarito: A<\/strong><\/p><h3 class=\"wp-block-heading\" id=\"h-questao-12\"><strong>Quest&atilde;o 12<\/strong><\/h3><p>Em um estudo, foram avaliadas quatro amostras encontradas em diferentes locais, representados na figura abaixo.<\/p><figure class=\"wp-block-image\"><img decoding=\"async\" src=\"https:\/\/cdn.blog.estrategiavestibulares.com.br\/vestibulares\/wp-content\/uploads\/2019\/11\/image105.png\" alt=\"\" class=\"wp-image-33532\"><figcaption>(Adaptado de http:\/\/wiki.aapg.org\/Temporal_and_environmental_distribution_of_microfossils.<br> Acessado em 15\/05\/2019.)<\/figcaption><\/figure><p><strong>Amostra\nA<\/strong>: h&aacute;\nforamin&iacute;feros, algas e dinoflagelados.<\/p><p><strong>Amostra\nB<\/strong>: h&aacute; p&oacute;len e n&atilde;o\nexistem seres marinhos.<\/p><p><strong>Amostra\nC<\/strong>: h&aacute; grande\nconcentra&ccedil;&atilde;o de pl&acirc;ncton.<\/p><p><strong>Amostra\nD<\/strong>: h&aacute; grande\nconcentra&ccedil;&atilde;o de bentos.<\/p><p>Assinale a alternativa que associa corretamente o local de coleta\ncom a caracter&iacute;stica da amostra.<\/p><p>a) A <strong>amostra\nA <\/strong>cont&eacute;m seres t&iacute;picos da plataforma abissal, onde h&aacute; menor concentra&ccedil;&atilde;o de\nsal e n&atilde;o h&aacute; luz solar.<\/p><p>b) A <strong>amostra\nB <\/strong>foi encontrada em plataforma abissal, sendo que ventos teriam levado\np&oacute;len at&eacute; essa &aacute;rea, onde n&atilde;o h&aacute; seres vivos.<\/p><p>c) A <strong>amostra\nC <\/strong>foi retirada da plataforma continental, j&aacute; que cont&eacute;m seres que se\nmovimentam ativamente e vivem entre ambientes terrestre e marinho.<\/p><p>d) A <strong>amostra\nD <\/strong>cont&eacute;m esp&eacute;cies encontradas no declive continental, que se fixam no\nsubstrato dos ecossistemas aqu&aacute;ticos.<\/p><h3 class=\"wp-block-heading\" id=\"h-resolucao-comentada-2\"><strong>Resolu&ccedil;&atilde;o Comentada<\/strong><\/h3><ul class=\"wp-block-list\"><li><em>A alternativa correta &eacute; a letra D.<\/em><\/li><li><em>A alternativa A est&aacute; errada, porque foramin&iacute;feros, algas e dinoflagelados est&atilde;o presentes na plataforma continental.<\/em><\/li><li><em>A alternativa B est&aacute; errada, porque p&oacute;len e aus&ecirc;ncia de seres marinhos ocorrem no ambiente terrestre.<\/em><\/li><li><em>A alternativa C est&aacute; errada, porque os pl&acirc;nctons s&atilde;o organismos que vivem em suspens&atilde;o na coluna d&rsquo;&aacute;gua, portanto na plataforma abissal.<\/em><\/li><\/ul><p class=\"has-light-green-cyan-background-color has-background\"><strong>Gabarito: D<\/strong><\/p><h3 class=\"wp-block-heading\" id=\"h-questao-13\"><strong>Quest&atilde;o 13<\/strong><\/h3><p>Um grande inc&ecirc;ndio\nconsumiu uma floresta inteira e deixou apenas os troncos das &aacute;rvores em p&eacute;.\nAlgumas plantas conseguiram rebrotar e produzir uma folhagem exuberante ap&oacute;s\nalguns meses. Considerando a rela&ccedil;&atilde;o entre estrutura e fun&ccedil;&atilde;o dos tecidos\nvegetais, as plantas mencionadas tiveram um bom desempenho logo ap&oacute;s a queimada\npor serem dotadas de<\/p><p>a) tecido esclerenquim&aacute;tico desenvolvido, capaz de\npromover alta atividade fotossint&eacute;tica.<\/p><p>b) periderme pluriestratificada, capaz de isolar\ntermicamente os feixes vasculares. <\/p><p>c) aer&ecirc;nquimas, capazes de promover a difus&atilde;o\ninterna de gases e o metabolismo das ra&iacute;zes.<\/p><p>d) epiderme foliar espessa, com cut&iacute;cula rica em\nceras capazes de reduzir a temperatura da planta.<\/p><h3 class=\"wp-block-heading\" id=\"h-resolucao-comentada-3\"><strong>Resolu&ccedil;&atilde;o Comentada<\/strong><\/h3><ul class=\"wp-block-list\"><li><em>A alternativa correta &eacute; a letra B. A periderme &eacute; composta pelo s&uacute;ber e pelo felog&ecirc;nio, constituindo uma s&eacute;rie de camadas celulares que envolvem os tecidos vasculares, permitindo-os permanecerem funcionais.<\/em><\/li><li><em>A alternativa A est&aacute; errada, porque o tecido esclerenquim&aacute;tico &eacute; composto por c&eacute;lulas mortas, que n&atilde;o possui capacidade fotossint&eacute;tica.<\/em><\/li><li><em>A alternativa C est&aacute; errada, porque o aer&ecirc;nquima &eacute; um tecido de reserva de ar (tipo de par&ecirc;nquima) que ocorre no mesofilo foliar e em caules jovens. Como essas partes das &aacute;rvores foram queimadas com o inc&ecirc;ndio, n&atilde;o foram as respons&aacute;veis pela regenera&ccedil;&atilde;o da floresta.<\/em><\/li><li><em>A alternativa D est&aacute; errada, porque a epiderme foliar foi queimada pelo inc&ecirc;ndio, n&atilde;o sendo respons&aacute;vel, portanto, pela regenera&ccedil;&atilde;o da floresta.<\/em><\/li><\/ul><p class=\"has-light-green-cyan-background-color has-background\"><strong>Gabarito: B<\/strong><\/p><h3 class=\"wp-block-heading\" id=\"h-questao-14\"><strong>Quest&atilde;o 14<\/strong><\/h3><p>Durante uma visita ao Museu de Zoologia do Instituto de Biologia da UNICAMP, alunos do ensino m&eacute;dio puderam observar a diversidade de formas de vida e a classifica&ccedil;&atilde;o dos vertebrados.<\/p><div class=\"wp-block-image\"><figure class=\"aligncenter\"><img decoding=\"async\" src=\"https:\/\/cdn.blog.estrategiavestibulares.com.br\/vestibulares\/wp-content\/uploads\/2019\/11\/image106.png\" alt=\"\" class=\"wp-image-33534\"><\/figure><\/div><p>Assinale a alternativa que indica corretamente as\ncaracter&iacute;sticas (i), (ii), (iii) e (iv) apresentadas no cladograma acima.<\/p><p>a) (i) fase larval e adulta no meio terrestre; (ii)\nc&oacute;rio e alantoide; (iii) quatro c&acirc;maras card&iacute;acas; (iv) presen&ccedil;a de pelos.<\/p><p>b) (i) respira&ccedil;&atilde;o cut&acirc;nea; (ii) quatro c&acirc;maras\ncard&iacute;acas; (iii) aus&ecirc;ncia de dentes; (iv) presen&ccedil;a de gl&acirc;ndulas mam&aacute;rias.<\/p><p>c) (i) fase larval e adulta no meio aqu&aacute;tico; (ii)\nrespira&ccedil;&atilde;o pulmonar; (iii) aus&ecirc;ncia de dentes; (iv) presen&ccedil;a de pelos.<\/p><p>d) (i) respira&ccedil;&atilde;o cut&acirc;nea; (ii) c&oacute;rio e alantoide;\n(iii) tr&ecirc;s c&acirc;maras card&iacute;acas; (iv) presen&ccedil;a de gl&acirc;ndulas mam&aacute;rias.<\/p><h3 class=\"wp-block-heading\" id=\"h-resolucao-comentada-4\"><strong>Resolu&ccedil;&atilde;o Comentada<\/strong><\/h3><p>A correspond&ecirc;ncia &eacute;:<\/p><p>i: anf&iacute;bios<\/p><p>ii: amniotas<\/p><p>iii: aves<\/p><p>iv: mam&iacute;feros<\/p><ul class=\"wp-block-list\"><li><em>A alternativa correta &eacute; a letra B.<\/em><\/li><li><em>A alternativa A est&aacute; errada, porque em i somente a fase larval &eacute; aqu&aacute;tica.<\/em><\/li><li><em>A alternativa C est&aacute; errada, porque em i a fase adulta &eacute; terrestre, por&eacute;m dependente de &aacute;gua.<\/em><\/li><li><em>A alternativa D est&aacute; errada, porque as aves (iii) apresentam quatro c&acirc;maras card&iacute;acas. <\/em><\/li><\/ul><p class=\"has-light-green-cyan-background-color has-background\"><strong>Gabarito: B<\/strong><\/p><h3 class=\"wp-block-heading\" id=\"h-questao-15\"><strong>Quest&atilde;o 15<\/strong><\/h3><p>A descoberta do processo\ncelular de interfer&ecirc;ncia por RNA (RNAi) rendeu aos cientistas Andrew Fire e\nCraig Mello o pr&ecirc;mio Nobel de Fisiologia ou Medicina em 2006. O RNAi intercepta\ne destr&oacute;i as informa&ccedil;&otilde;es celulares conduzidas pelo RNA dentro da c&eacute;lula antes\nque sejam processadas em prote&iacute;nas. Com os avan&ccedil;os da biotecnologia, foram\ndesenvolvidas mol&eacute;culas sint&eacute;ticas de RNAi de aplica&ccedil;&atilde;o t&oacute;pica, que,\npulverizadas nas lavouras, conferem prote&ccedil;&atilde;o agr&iacute;cola, reduzindo perdas.\nAssinale a alternativa que preenche corretamente as<br>\nlacunas nas frases a seguir.<\/p><p>O (i) __________ entra em contato com o RNAi\npulverizado, que atua em seu processo celular, impedindo que o (ii) __________\nseja traduzido como prote&iacute;na. Como o (iii) __________ est&aacute; associado a uma\nfun&ccedil;&atilde;o essencial, ao ser silenciado, ocasiona a morte do organismo.<\/p><p>a) (i) fungo; (ii) c&oacute;don; (iii) RNAm. <\/p><p>b) (i) inseto; (ii) RNAt; (iii) DNA.<\/p><p>c) (i) inseto; (ii) RNAm; (iii) gene.<\/p><p>d) (i) fungo; (ii) RNAr; (iii) c&oacute;digo gen&eacute;tico.<\/p><h3 class=\"wp-block-heading\" id=\"h-resolucao-comentada-5\"><strong>Resolu&ccedil;&atilde;o Comentada<\/strong><\/h3><p>O texto deve ser completado da seguinte maneira:<\/p><p>O <strong>inseto<\/strong> entra em contato com o RNAm pulverizado, que atua em seu processo celular, impedindo que o <strong>RNAm<\/strong> seja traduzido como prote&iacute;na. Como o gene est&aacute; associado a uma fun&ccedil;&atilde;o essencial, ao ser silenciado, ocasiona a morte do organismo.<\/p><p>Portanto, a alternativa correta &eacute; a letra C.<\/p><p>Essa quest&atilde;o poderia ser resolvida por exclus&atilde;o, sabendo-se\nque o RNAm &eacute; a fita que &eacute; traduzida em prote&iacute;na, enquanto o gene &eacute; a fonte da\ninforma&ccedil;&atilde;o gen&eacute;tica, que determina, portanto as fun&ccedil;&otilde;es das prote&iacute;nas.<\/p><p class=\"has-light-green-cyan-background-color has-background\"><strong>Gabarito: C<\/strong><\/p><h3 class=\"wp-block-heading\" id=\"h-questao-16\"><strong>Quest&atilde;o 16<\/strong><\/h3><p>O uso de cigarros\neletr&ocirc;nicos &eacute; crescente entre jovens. Na composi&ccedil;&atilde;o desses cigarros encontramos\npropilenoglicol, glicerol, &aacute;gua, nicotina e flavorizantes, que s&atilde;o aquecidos e\nvaporizados para inala&ccedil;&atilde;o. Um estudo foi desenvolvido com animais experimentais\nexpostos a tr&ecirc;s fatores distintos: ar ambiente, nicotina e cigarro eletr&ocirc;nico.\nConstatou-se que a exposi&ccedil;&atilde;o &agrave; nicotina e ao cigarro eletr&ocirc;nico causa aumento\nda &aacute;rea de espa&ccedil;o a&eacute;reo alveolar e redu&ccedil;&atilde;o das paredes alveolares, em\ncompara&ccedil;&atilde;o com o grupo exposto ao ar ambiente. Adicionalmente, o grupo exposto\nao cigarro eletr&ocirc;nico apresentou maior redu&ccedil;&atilde;o no n&uacute;mero de capilares\nalveolares, mesmo quando comparado ao grupo exposto &agrave; nicotina. A conclus&atilde;o\nindicou um preju&iacute;zo mais significativo para as trocas gasosas e perfus&atilde;o de\nsangue pulmonar no grupo exposto ao cigarro eletr&ocirc;nico. <\/p><p>As imagens a seguir s&atilde;o fotomicrografias que representam, em mesma escala, os alv&eacute;olos pulmonares dos animais dos grupos estudados, mostrando o espa&ccedil;o a&eacute;reo alveolar; as setas representam o n&uacute;mero de capilares alveolares.<\/p><div class=\"wp-block-image\"><figure class=\"aligncenter\"><img decoding=\"async\" src=\"https:\/\/cdn.blog.estrategiavestibulares.com.br\/vestibulares\/wp-content\/uploads\/2019\/11\/image107.png\" alt=\"\" class=\"wp-image-33536\"><\/figure><\/div><p>O gr&aacute;fico abaixo mostra dados quantitativos referentes &agrave; &aacute;rea de espa&ccedil;o a&eacute;reo alveolar e &agrave; contagem de capilar.<\/p><div class=\"wp-block-image\"><figure class=\"aligncenter\"><img decoding=\"async\" src=\"https:\/\/cdn.blog.estrategiavestibulares.com.br\/vestibulares\/wp-content\/uploads\/2019\/11\/image108.png\" alt=\"\" class=\"wp-image-33537\"><figcaption>(Fonte: Viktorija Reinikovaite e outros, European Respiratory Journal, Sheffield, v. 51, n. 4, p.1701661, abr. 2018.)<\/figcaption><\/figure><\/div><p>Considerando os\nresultados mencionados acima, assinale a alternativa que relaciona corretamente\no painel da fotomicrografia e os dados gr&aacute;ficos do grupo exposto ao cigarro\neletr&ocirc;nico.<\/p><p>a) II-B.<\/p><p>b) II-C.<\/p><p>c) III-B.<\/p><p>d) III-C.<\/p><h3 class=\"wp-block-heading\" id=\"h-resolucao-comentada-6\"><strong>Resolu&ccedil;&atilde;o Comentada<\/strong><\/h3><p>Analisando as figuras e as informa&ccedil;&otilde;es contidas no enunciado, chegamos &agrave; conclus&atilde;o de que I corresponde aos alv&eacute;olos de animais expostos ao ar ambiente, II corresponde aos alv&eacute;olos de animais expostos ao cigarro eletr&ocirc;nico (com grande quantidade de espa&ccedil;os a&eacute;reos alveolares e menor quantidade de setas, que indicam menor n&uacute;mero de capilares alveolares) e III, &agrave; nicotina (com grande quantidade de espa&ccedil;os a&eacute;reos alveolares, mas sem tanta redu&ccedil;&atilde;o no n&uacute;mero de capilares).<\/p><p>Agora, analisando o gr&aacute;fico, conclu&iacute;mos que A corresponde &agrave; figura\nI, B corresponde &agrave; figura III e C corresponde &agrave; figura II.<\/p><p>Portanto, a alternativa correta &eacute; a letra B, j&aacute; que a quest&atilde;o pede\na alternativa que correlaciona corretamente o grupo exposto ao cigarro\neletr&ocirc;nico.&nbsp; <\/p><p class=\"has-light-green-cyan-background-color has-background\"><strong>Gabarito: B<\/strong><\/p><h3 class=\"wp-block-heading\" id=\"h-questao-17\"><strong>Quest&atilde;o 17<\/strong><\/h3><p>Na constru&ccedil;&atilde;o de tecidos\nbiol&oacute;gicos, as c&eacute;lulas se ancoram em uma rede de microfibras tridimensional\n(3D), em uma matriz extracelular. Interessados em recriar tecidos biol&oacute;gicos em\nlaborat&oacute;rio utilizando t&eacute;cnicas de engenharia gen&eacute;tica e de tecidos, cientistas\nconfirmaram divis&otilde;es e liga&ccedil;&otilde;es celulares nas constru&ccedil;&otilde;es 3D obtidas a partir\nde prote&iacute;nas de seda recombinantes. Ao observarem c&eacute;lulas interf&aacute;sicas e em\ndivis&atilde;o, forma&ccedil;&atilde;o de actina filamentosa e pontos de ades&atilde;o focal, os cientistas\nverificaram que o conjunto de c&eacute;lulas e matriz extracelular apresentou\nviabilidade e for&ccedil;a biomec&acirc;nica muito semelhantes &agrave;s da parede arterial humana.<\/p><p><em>(Fonte: https:\/\/phys.org\/news\/2019-04-ecm-like-fibers-bioactive-silk-d.html.\nAcessado em 20\/05\/ 2019.)<\/em><\/p><p>Considerando as\ninforma&ccedil;&otilde;es referentes ao estudo mencionado, e as rela&ccedil;&otilde;es entre c&eacute;lula e seu\nambiente, &eacute; correto afirmar que as condi&ccedil;&otilde;es experimentais permitiram <\/p><p>a) a respira&ccedil;&atilde;o aer&oacute;bica e anaer&oacute;bica para conservar\nas trocas gasosas e as fases do ciclo celular durante a forma&ccedil;&atilde;o da parede\narterial humana.<\/p><p>b) a s&iacute;ntese, o transporte e o armazenamento de\nmacromol&eacute;culas no citoplasma para fortalecer a estrutura celular, como na\nparede arterial humana.<\/p><p>c) a presen&ccedil;a de cromossomos alinhados na placa\nequatorial das c&eacute;lulas estacionadas na fase interf&aacute;sica, tal como na parede\narterial humana.<\/p><p>d) a ades&atilde;o e a prolifera&ccedil;&atilde;o celular para sustentar\no metabolismo e a funcionalidade semelhantes aos das art&eacute;rias humanas. <\/p><h3 class=\"wp-block-heading\" id=\"h-resolucao-comentada-7\"><strong>Resolu&ccedil;&atilde;o Comentada<\/strong><\/h3><ul class=\"wp-block-list\"><li><em>A alternativa correta &eacute; a letra D.<\/em><\/li><li><em>A alternativa A est&aacute; errada, porque o texto n&atilde;o faz refer&ecirc;ncia &agrave; respira&ccedil;&atilde;o aer&oacute;bica e anaer&oacute;bica.<\/em><\/li><li><em>A alternativa B est&aacute; errada, porque estamos falando em estrutura tecidual, matriz extracelular, ou seja, em arquitetura da c&eacute;lula, n&atilde;o &agrave; fun&ccedil;&atilde;o de s&iacute;ntese, transporte e armazenamento de macromol&eacute;culas. <\/em><\/li><li><em>A alternativa C est&aacute; errada, porque os cromossomos ficam localizados na placa equatorial durante a divis&atilde;o celular, e os filamentos que participam da forma&ccedil;&atilde;o das fibras do fuso s&atilde;o os microt&uacute;bulos, n&atilde;o os filamentos intermedi&aacute;rios, como o texto traz.<\/em><\/li><\/ul><p class=\"has-light-green-cyan-background-color has-background\"><strong>Gabarito: D<\/strong><\/p><h3 class=\"wp-block-heading\" id=\"h-questao-18\"><strong>Quest&atilde;o 18<\/strong><\/h3><p><strong>&nbsp;&nbsp;&nbsp;&nbsp;&nbsp;&nbsp; <\/strong>Relat&oacute;rio\npublicado em 2019 alertou que um n&uacute;mero crescente de esp&eacute;cies de animais\npolinizadores est&aacute; amea&ccedil;ado de extin&ccedil;&atilde;o em todo o mundo em decorr&ecirc;ncia de\nfatores como desmatamento, uso indiscriminado de agrot&oacute;xicos e altera&ccedil;&otilde;es\nclim&aacute;ticas. Importantes medidas devem ser adotadas para prevenir as\nconsequ&ecirc;ncias econ&ocirc;micas, a redu&ccedil;&atilde;o na produ&ccedil;&atilde;o de alimentos e o desequil&iacute;brio\ndos ecossistemas. Entre as esp&eacute;cies cultivadas no Brasil que dependem de\npoliniza&ccedil;&atilde;o animal, destacam-se o maracuj&aacute;, a ma&ccedil;&atilde;, a acerola e a castanha-do-brasil.<\/p><p><em>(Fonte: Marina Wolowski e outros, Relat&oacute;rio tem&aacute;tico\nsobre poliniza&ccedil;&atilde;o, polinizadores e produ&ccedil;&atilde;o de alimentos no Brasil. BPBES e\nREBIPP, 2019. Acessado em 23\/05\/2019.)<br>\n<br>\n<\/em><\/p><p>Considerando as\ninforma&ccedil;&otilde;es fornecidas no texto e os conhecimentos sobre bot&acirc;nica e ecologia, &eacute;\ncorreto afirmar que a poliniza&ccedil;&atilde;o pode ser beneficiada<\/p><p>a) por insetos que transportam o p&oacute;len da antera\npara o estigma nas eudicotiled&ocirc;neas mencionadas.<\/p><p>b) por pequenos vertebrados que transferem p&oacute;len do\nestigma para o estame nas monocotiled&ocirc;neas mencionadas.<\/p><p>c) por insetos que transferem p&oacute;len do estigma para\no estame nas eudicotiled&ocirc;neas mencionadas.<\/p><p>d) por pequenos mam&iacute;feros que transportam o p&oacute;len da\nantera para o estigma nas monocotiled&ocirc;neas mencionadas.<\/p><h3 class=\"wp-block-heading\" id=\"h-resolucao-comentada-8\"><strong>Resolu&ccedil;&atilde;o Comentada<\/strong><\/h3><ul class=\"wp-block-list\"><li><em>A alternativa correta &eacute; a letra A.<\/em><\/li><li><em>A alternativa B est&aacute; errada, porque o p&oacute;len &eacute; transferido do estame para o estigma e as plantas mencionadas s&atilde;o eudicotiled&ocirc;neas.<\/em><\/li><li><em>A alternativa C est&aacute; errada, porque o p&oacute;len &eacute; transferido do estame para o estigma.<\/em><\/li><li><em>A alternativa D est&aacute; errada, porque as plantas mencionadas s&atilde;o eudicotiled&ocirc;neas.<\/em><\/li><\/ul><p class=\"has-light-green-cyan-background-color has-background\"><strong>Gabarito: A<\/strong><\/p><h3 class=\"wp-block-heading\" id=\"h-questao-20\"><strong>Quest&atilde;o 20<\/strong><\/h3><p>As concentra&ccedil;&otilde;es de ars&ecirc;nio no oceano se alteraram ao longo do tempo geol&oacute;gico. No per&iacute;odo Pr&eacute;-Cambriano, os oceanos receberam grandes quantidades de ars&ecirc;nio, em consequ&ecirc;ncia do intemperismo de minerais continentais de sulfeto de ars&ecirc;nio. Recentemente foram identificados micro-organismos com express&atilde;o proteica das enzimas arsenito oxidase e arsenato redutase no Oceano Pac&iacute;fico Norte Oriental, nas zonas deficientes de oxig&ecirc;nio em regi&otilde;es pel&aacute;gicas, sugerindo que a comunidade microbiol&oacute;gica &eacute; capaz de utilizar ars&ecirc;nio para respira&ccedil;&atilde;o celular.<\/p><p><em>(Fonte: Jaclyn Saunders e outros, PNAS, Washington, v.\n116, n. 20, p. 9925-9930, maio 2019.)<\/em><\/p><p>Assinale a alternativa que preenche corretamente as lacunas nas frases a seguir. <\/p><p>Assim como as formas oxidadas de nitrog&ecirc;nio e\nenxofre, o ars&ecirc;nio pode ser utilizado como aceptor (i) __________ na respira&ccedil;&atilde;o\ncelular desses micro-organismos nas zonas deficientes de oxig&ecirc;nio. No per&iacute;odo\n(ii) __________, surgiram as cianobact&eacute;rias, os primeiros seres\nfotossintetizantes.<\/p><p>a) (i) final de el&eacute;trons; (ii) arqueano.<\/p><p>b) (i) intermedi&aacute;rio de el&eacute;trons; (ii) arqueano.<\/p><p>c) (i) final de el&eacute;trons; (ii) fanerozoico.<\/p><p>d) (i) intermedi&aacute;rio de el&eacute;trons; (ii) fanerozoico.<\/p><h3 class=\"wp-block-heading\" id=\"h-resolucao-comentada-9\"><strong>Resolu&ccedil;&atilde;o Comentada<\/strong><\/h3><p>Temos a informa&ccedil;&atilde;o de que est&aacute; ocorrendo respira&ccedil;&atilde;o celular em um ambiente com defici&ecirc;ncia de oxig&ecirc;nio e que o ars&ecirc;nio est&aacute; realizando esse processo metab&oacute;lico. Isso nos mostra que o ars&ecirc;nio est&aacute; substituindo o oxig&ecirc;nio, que &eacute; o aceptor final de el&eacute;trons na cadeia respirat&oacute;ria.<\/p><p>Al&eacute;m disso, o enunciado cita a grande quantidade desse elemento no per&iacute;odo Pr&eacute;-Cambriano, o qual se encontra dividido em Hadeano, Arqueano e Proterozoico. O Fanerozoico &eacute; o &eacute;on seguinte ao Pr&eacute;-Cambriano. <\/p><p>Portanto, diante das alternativas, a correta &eacute; a letra A. <\/p><p class=\"has-light-green-cyan-background-color has-background\"><strong>Gabarito: A<\/strong><\/p><p>Qualquer\nd&uacute;vida, entre em contato atrav&eacute;s do F&oacute;rum de D&uacute;vidas ou das redes sociais. <\/p><p>Abra&ccedil;o,<\/p><p>Professora Carol Negrin.<\/p><p><strong>Instagram:<\/strong>&nbsp;<a href=\"https:\/\/www.instagram.com\/carolnegrin\/\" target=\"_blank\">@carolnegrin<\/a><\/p><p class=\"has-text-align-center has-luminous-vivid-amber-background-color has-background has-medium-font-size\"><span style=\"text-decoration: underline;\"><a href=\"https:\/\/estrategiavestibulares.com.br\/vestibulares\/unicamp\/\" target=\"_blank\" aria-label=\"CURSOS PARA UNICAMP (abre numa nova aba)\">CURSOS PARA UNICAMP<\/a><\/span><\/p><\/p>\n","protected":false},"excerpt":{"rendered":"A prova da UNICAMP 2020 contou com nove quest&otilde;es de Biologia, al&eacute;m de uma quest&atilde;o interdisciplinar com Ingl&ecirc;s&hellip;\n","protected":false},"author":18,"featured_media":33539,"comment_status":"open","ping_status":"open","sticky":false,"template":"","format":"standard","meta":{"wl_entities_gutenberg":"","footnotes":""},"categories":[31],"tags":[],"wl_entity_type":[732],"class_list":{"0":"post-33530","1":"post","2":"type-post","3":"status-publish","4":"format-standard","5":"has-post-thumbnail","7":"category-biologia","8":"wl_entity_type-article"},"acf":[],"yoast_head":"<!-- This site is optimized with the Yoast SEO Premium plugin v25.9 (Yoast SEO v25.9) - https:\/\/yoast.com\/wordpress\/plugins\/seo\/ -->\n<title>Gabarito Unicamp 2020 \u2013 Biologia \u2013 Resolu\u00e7\u00e3o Comentada<\/title>\n<meta name=\"description\" content=\"Fez a prova da Unicamp 2020? O Estrat\u00e9gia Vestibulares preparou uma resolu\u00e7\u00e3o comentada sobre Biologia para voc\u00ea!\" \/>\n<meta name=\"robots\" content=\"index, follow, max-snippet:-1, max-image-preview:large, max-video-preview:-1\" \/>\n<link rel=\"canonical\" href=\"https:\/\/vestibulares.estrategia.com\/portal\/materias\/biologia\/gabarito-unicamp-2020-biologia\/\" \/>\n<meta property=\"og:locale\" content=\"pt_BR\" \/>\n<meta property=\"og:type\" content=\"article\" \/>\n<meta property=\"og:title\" content=\"Gabarito Unicamp 2020 \u2013 Biologia \u2013 Resolu\u00e7\u00e3o Comentada\" \/>\n<meta property=\"og:description\" content=\"Fez a prova da Unicamp 2020? O Estrat\u00e9gia Vestibulares preparou uma resolu\u00e7\u00e3o comentada sobre Biologia para voc\u00ea!\" \/>\n<meta property=\"og:url\" content=\"https:\/\/vestibulares.estrategia.com\/portal\/materias\/biologia\/gabarito-unicamp-2020-biologia\/\" \/>\n<meta property=\"og:site_name\" content=\"Estrat\u00e9gia Vestibulares\" \/>\n<meta property=\"article:publisher\" content=\"https:\/\/facebook.com\/estrategiavestibulares\" \/>\n<meta property=\"article:published_time\" content=\"2019-11-18T00:25:16+00:00\" \/>\n<meta property=\"article:modified_time\" content=\"2022-02-14T18:57:03+00:00\" \/>\n<meta property=\"og:image\" content=\"https:\/\/cdn.blog.estrategiavestibulares.com.br\/vestibulares\/wp-content\/uploads\/2019\/11\/17212455\/gabarito-UNICAMP-2020-biologia.png\" \/>\n\t<meta property=\"og:image:width\" content=\"500\" \/>\n\t<meta property=\"og:image:height\" content=\"334\" \/>\n\t<meta property=\"og:image:type\" content=\"image\/png\" \/>\n<meta name=\"author\" content=\"Raquel Oshio\" \/>\n<meta name=\"twitter:card\" content=\"summary_large_image\" \/>\n<meta name=\"twitter:creator\" content=\"@Estrategiavest\" \/>\n<meta name=\"twitter:site\" content=\"@Estrategiavest\" \/>\n<meta name=\"twitter:label1\" content=\"Escrito por\" \/>\n\t<meta name=\"twitter:data1\" content=\"Raquel Oshio\" \/>\n\t<meta name=\"twitter:label2\" content=\"Est. tempo de leitura\" \/>\n\t<meta name=\"twitter:data2\" content=\"16 minutos\" \/>\n<script type=\"application\/ld+json\" class=\"yoast-schema-graph\">{\"@context\":\"https:\/\/schema.org\",\"@graph\":[{\"@type\":\"Article\",\"@id\":\"https:\/\/vestibulares.estrategia.com\/portal\/materias\/biologia\/gabarito-unicamp-2020-biologia\/#article\",\"isPartOf\":{\"@id\":\"https:\/\/vestibulares.estrategia.com\/portal\/materias\/biologia\/gabarito-unicamp-2020-biologia\/\"},\"author\":{\"name\":\"Raquel Oshio\",\"@id\":\"https:\/\/vestibulares.estrategia.com\/portal\/#\/schema\/person\/04682fc62e7ab3b51a4f9434ae8844da\"},\"headline\":\"Gabarito Unicamp 2020 \u2013 Biologia \u2013 Resolu\u00e7\u00e3o Comentada\",\"datePublished\":\"2019-11-18T00:25:16+00:00\",\"dateModified\":\"2022-02-14T18:57:03+00:00\",\"mainEntityOfPage\":{\"@id\":\"https:\/\/vestibulares.estrategia.com\/portal\/materias\/biologia\/gabarito-unicamp-2020-biologia\/\"},\"wordCount\":3035,\"commentCount\":0,\"publisher\":{\"@id\":\"https:\/\/vestibulares.estrategia.com\/portal\/#organization\"},\"image\":{\"@id\":\"https:\/\/vestibulares.estrategia.com\/portal\/materias\/biologia\/gabarito-unicamp-2020-biologia\/#primaryimage\"},\"thumbnailUrl\":\"https:\/\/vestibulares.estrategia.com\/portal\/wp-content\/uploads\/2019\/11\/gabarito-UNICAMP-2020-biologia.png\",\"articleSection\":[\"Biologia\"],\"inLanguage\":\"pt-BR\",\"potentialAction\":[{\"@type\":\"CommentAction\",\"name\":\"Comment\",\"target\":[\"https:\/\/vestibulares.estrategia.com\/portal\/materias\/biologia\/gabarito-unicamp-2020-biologia\/#respond\"]}]},{\"@type\":\"WebPage\",\"@id\":\"https:\/\/vestibulares.estrategia.com\/portal\/materias\/biologia\/gabarito-unicamp-2020-biologia\/\",\"url\":\"https:\/\/vestibulares.estrategia.com\/portal\/materias\/biologia\/gabarito-unicamp-2020-biologia\/\",\"name\":\"Gabarito Unicamp 2020 \u2013 Biologia \u2013 Resolu\u00e7\u00e3o Comentada\",\"isPartOf\":{\"@id\":\"https:\/\/vestibulares.estrategia.com\/portal\/#website\"},\"primaryImageOfPage\":{\"@id\":\"https:\/\/vestibulares.estrategia.com\/portal\/materias\/biologia\/gabarito-unicamp-2020-biologia\/#primaryimage\"},\"image\":{\"@id\":\"https:\/\/vestibulares.estrategia.com\/portal\/materias\/biologia\/gabarito-unicamp-2020-biologia\/#primaryimage\"},\"thumbnailUrl\":\"https:\/\/vestibulares.estrategia.com\/portal\/wp-content\/uploads\/2019\/11\/gabarito-UNICAMP-2020-biologia.png\",\"datePublished\":\"2019-11-18T00:25:16+00:00\",\"dateModified\":\"2022-02-14T18:57:03+00:00\",\"description\":\"Fez a prova da Unicamp 2020? O Estrat\u00e9gia Vestibulares preparou uma resolu\u00e7\u00e3o comentada sobre Biologia para voc\u00ea!\",\"breadcrumb\":{\"@id\":\"https:\/\/vestibulares.estrategia.com\/portal\/materias\/biologia\/gabarito-unicamp-2020-biologia\/#breadcrumb\"},\"inLanguage\":\"pt-BR\",\"potentialAction\":[{\"@type\":\"ReadAction\",\"target\":[\"https:\/\/vestibulares.estrategia.com\/portal\/materias\/biologia\/gabarito-unicamp-2020-biologia\/\"]}]},{\"@type\":\"ImageObject\",\"inLanguage\":\"pt-BR\",\"@id\":\"https:\/\/vestibulares.estrategia.com\/portal\/materias\/biologia\/gabarito-unicamp-2020-biologia\/#primaryimage\",\"url\":\"https:\/\/vestibulares.estrategia.com\/portal\/wp-content\/uploads\/2019\/11\/gabarito-UNICAMP-2020-biologia.png\",\"contentUrl\":\"https:\/\/vestibulares.estrategia.com\/portal\/wp-content\/uploads\/2019\/11\/gabarito-UNICAMP-2020-biologia.png\",\"width\":500,\"height\":334,\"caption\":\"gabarito UNICAMP 2020 biologia\"},{\"@type\":\"BreadcrumbList\",\"@id\":\"https:\/\/vestibulares.estrategia.com\/portal\/materias\/biologia\/gabarito-unicamp-2020-biologia\/#breadcrumb\",\"itemListElement\":[{\"@type\":\"ListItem\",\"position\":1,\"name\":\"Home\",\"item\":\"https:\/\/vestibulares.estrategia.com\/portal\/\"},{\"@type\":\"ListItem\",\"position\":2,\"name\":\"Mat\u00e9rias\",\"item\":\"https:\/\/vestibulares.estrategia.com\/portal\/materias\/\"},{\"@type\":\"ListItem\",\"position\":3,\"name\":\"Biologia\",\"item\":\"https:\/\/vestibulares.estrategia.com\/portal\/materias\/biologia\/\"},{\"@type\":\"ListItem\",\"position\":4,\"name\":\"Gabarito Unicamp 2020 \u2013 Biologia \u2013 Resolu\u00e7\u00e3o Comentada\"}]},{\"@type\":\"WebSite\",\"@id\":\"https:\/\/vestibulares.estrategia.com\/portal\/#website\",\"url\":\"https:\/\/vestibulares.estrategia.com\/portal\/\",\"name\":\"Estrat\u00e9gia Vestibulares\",\"description\":\"\",\"publisher\":{\"@id\":\"https:\/\/vestibulares.estrategia.com\/portal\/#organization\"},\"potentialAction\":[{\"@type\":\"SearchAction\",\"target\":{\"@type\":\"EntryPoint\",\"urlTemplate\":\"https:\/\/vestibulares.estrategia.com\/portal\/?s={search_term_string}\"},\"query-input\":{\"@type\":\"PropertyValueSpecification\",\"valueRequired\":true,\"valueName\":\"search_term_string\"}}],\"inLanguage\":\"pt-BR\"},{\"@type\":\"Organization\",\"@id\":\"https:\/\/vestibulares.estrategia.com\/portal\/#organization\",\"name\":\"Estrat\u00e9gia Vestibulares\",\"url\":\"https:\/\/vestibulares.estrategia.com\/portal\/\",\"logo\":{\"@type\":\"ImageObject\",\"inLanguage\":\"pt-BR\",\"@id\":\"https:\/\/vestibulares.estrategia.com\/portal\/#\/schema\/logo\/image\/\",\"url\":\"https:\/\/vestibulares.estrategia.com\/portal\/wp-content\/uploads\/2021\/06\/Logo-Vestibulares@4x.png\",\"contentUrl\":\"https:\/\/vestibulares.estrategia.com\/portal\/wp-content\/uploads\/2021\/06\/Logo-Vestibulares@4x.png\",\"width\":250,\"height\":66,\"caption\":\"Estrat\u00e9gia Vestibulares\"},\"image\":{\"@id\":\"https:\/\/vestibulares.estrategia.com\/portal\/#\/schema\/logo\/image\/\"},\"sameAs\":[\"https:\/\/facebook.com\/estrategiavestibulares\",\"https:\/\/x.com\/Estrategiavest\",\"https:\/\/www.instagram.com\/estrategiavestibulares\",\"https:\/\/www.youtube.com\/channel\/UCGWdZy8ULI-7_5GrABa4vNA\"]},{\"@type\":\"Person\",\"@id\":\"https:\/\/vestibulares.estrategia.com\/portal\/#\/schema\/person\/04682fc62e7ab3b51a4f9434ae8844da\",\"name\":\"Raquel Oshio\",\"image\":{\"@type\":\"ImageObject\",\"inLanguage\":\"pt-BR\",\"@id\":\"https:\/\/vestibulares.estrategia.com\/portal\/#\/schema\/person\/image\/\",\"url\":\"https:\/\/secure.gravatar.com\/avatar\/fa4e62d5e59d9cf9995ea9c715a78807?s=96&d=mm&r=g\",\"contentUrl\":\"https:\/\/secure.gravatar.com\/avatar\/fa4e62d5e59d9cf9995ea9c715a78807?s=96&d=mm&r=g\",\"caption\":\"Raquel Oshio\"},\"description\":\"Amante de hist\u00f3rias e ca\u00e7adora de belezas escondidas. Jornalista de profiss\u00e3o e cora\u00e7\u00e3o. Desenhista e escritora de fic\u00e7\u00e3o nas horas vagas. Acredito no potencial transformador de todo trabalho feito com dedica\u00e7\u00e3o.\",\"url\":\"https:\/\/vestibulares.estrategia.com\/portal\/author\/raquel-oshio\/\"}]}<\/script>\n<!-- \/ Yoast SEO Premium plugin. -->","yoast_head_json":{"title":"Gabarito Unicamp 2020 \u2013 Biologia \u2013 Resolu\u00e7\u00e3o Comentada","description":"Fez a prova da Unicamp 2020? O Estrat\u00e9gia Vestibulares preparou uma resolu\u00e7\u00e3o comentada sobre Biologia para voc\u00ea!","robots":{"index":"index","follow":"follow","max-snippet":"max-snippet:-1","max-image-preview":"max-image-preview:large","max-video-preview":"max-video-preview:-1"},"canonical":"https:\/\/vestibulares.estrategia.com\/portal\/materias\/biologia\/gabarito-unicamp-2020-biologia\/","og_locale":"pt_BR","og_type":"article","og_title":"Gabarito Unicamp 2020 \u2013 Biologia \u2013 Resolu\u00e7\u00e3o Comentada","og_description":"Fez a prova da Unicamp 2020? O Estrat\u00e9gia Vestibulares preparou uma resolu\u00e7\u00e3o comentada sobre Biologia para voc\u00ea!","og_url":"https:\/\/vestibulares.estrategia.com\/portal\/materias\/biologia\/gabarito-unicamp-2020-biologia\/","og_site_name":"Estrat\u00e9gia Vestibulares","article_publisher":"https:\/\/facebook.com\/estrategiavestibulares","article_published_time":"2019-11-18T00:25:16+00:00","article_modified_time":"2022-02-14T18:57:03+00:00","og_image":[{"width":500,"height":334,"url":"https:\/\/cdn.blog.estrategiavestibulares.com.br\/vestibulares\/wp-content\/uploads\/2019\/11\/17212455\/gabarito-UNICAMP-2020-biologia.png","type":"image\/png"}],"author":"Raquel Oshio","twitter_card":"summary_large_image","twitter_creator":"@Estrategiavest","twitter_site":"@Estrategiavest","twitter_misc":{"Escrito por":"Raquel Oshio","Est. tempo de leitura":"16 minutos"},"schema":{"@context":"https:\/\/schema.org","@graph":[{"@type":"Article","@id":"https:\/\/vestibulares.estrategia.com\/portal\/materias\/biologia\/gabarito-unicamp-2020-biologia\/#article","isPartOf":{"@id":"https:\/\/vestibulares.estrategia.com\/portal\/materias\/biologia\/gabarito-unicamp-2020-biologia\/"},"author":{"name":"Raquel Oshio","@id":"https:\/\/vestibulares.estrategia.com\/portal\/#\/schema\/person\/04682fc62e7ab3b51a4f9434ae8844da"},"headline":"Gabarito Unicamp 2020 \u2013 Biologia \u2013 Resolu\u00e7\u00e3o Comentada","datePublished":"2019-11-18T00:25:16+00:00","dateModified":"2022-02-14T18:57:03+00:00","mainEntityOfPage":{"@id":"https:\/\/vestibulares.estrategia.com\/portal\/materias\/biologia\/gabarito-unicamp-2020-biologia\/"},"wordCount":3035,"commentCount":0,"publisher":{"@id":"https:\/\/vestibulares.estrategia.com\/portal\/#organization"},"image":{"@id":"https:\/\/vestibulares.estrategia.com\/portal\/materias\/biologia\/gabarito-unicamp-2020-biologia\/#primaryimage"},"thumbnailUrl":"https:\/\/vestibulares.estrategia.com\/portal\/wp-content\/uploads\/2019\/11\/gabarito-UNICAMP-2020-biologia.png","articleSection":["Biologia"],"inLanguage":"pt-BR","potentialAction":[{"@type":"CommentAction","name":"Comment","target":["https:\/\/vestibulares.estrategia.com\/portal\/materias\/biologia\/gabarito-unicamp-2020-biologia\/#respond"]}]},{"@type":"WebPage","@id":"https:\/\/vestibulares.estrategia.com\/portal\/materias\/biologia\/gabarito-unicamp-2020-biologia\/","url":"https:\/\/vestibulares.estrategia.com\/portal\/materias\/biologia\/gabarito-unicamp-2020-biologia\/","name":"Gabarito Unicamp 2020 \u2013 Biologia \u2013 Resolu\u00e7\u00e3o Comentada","isPartOf":{"@id":"https:\/\/vestibulares.estrategia.com\/portal\/#website"},"primaryImageOfPage":{"@id":"https:\/\/vestibulares.estrategia.com\/portal\/materias\/biologia\/gabarito-unicamp-2020-biologia\/#primaryimage"},"image":{"@id":"https:\/\/vestibulares.estrategia.com\/portal\/materias\/biologia\/gabarito-unicamp-2020-biologia\/#primaryimage"},"thumbnailUrl":"https:\/\/vestibulares.estrategia.com\/portal\/wp-content\/uploads\/2019\/11\/gabarito-UNICAMP-2020-biologia.png","datePublished":"2019-11-18T00:25:16+00:00","dateModified":"2022-02-14T18:57:03+00:00","description":"Fez a prova da Unicamp 2020? O Estrat\u00e9gia Vestibulares preparou uma resolu\u00e7\u00e3o comentada sobre Biologia para voc\u00ea!","breadcrumb":{"@id":"https:\/\/vestibulares.estrategia.com\/portal\/materias\/biologia\/gabarito-unicamp-2020-biologia\/#breadcrumb"},"inLanguage":"pt-BR","potentialAction":[{"@type":"ReadAction","target":["https:\/\/vestibulares.estrategia.com\/portal\/materias\/biologia\/gabarito-unicamp-2020-biologia\/"]}]},{"@type":"ImageObject","inLanguage":"pt-BR","@id":"https:\/\/vestibulares.estrategia.com\/portal\/materias\/biologia\/gabarito-unicamp-2020-biologia\/#primaryimage","url":"https:\/\/vestibulares.estrategia.com\/portal\/wp-content\/uploads\/2019\/11\/gabarito-UNICAMP-2020-biologia.png","contentUrl":"https:\/\/vestibulares.estrategia.com\/portal\/wp-content\/uploads\/2019\/11\/gabarito-UNICAMP-2020-biologia.png","width":500,"height":334,"caption":"gabarito UNICAMP 2020 biologia"},{"@type":"BreadcrumbList","@id":"https:\/\/vestibulares.estrategia.com\/portal\/materias\/biologia\/gabarito-unicamp-2020-biologia\/#breadcrumb","itemListElement":[{"@type":"ListItem","position":1,"name":"Home","item":"https:\/\/vestibulares.estrategia.com\/portal\/"},{"@type":"ListItem","position":2,"name":"Mat\u00e9rias","item":"https:\/\/vestibulares.estrategia.com\/portal\/materias\/"},{"@type":"ListItem","position":3,"name":"Biologia","item":"https:\/\/vestibulares.estrategia.com\/portal\/materias\/biologia\/"},{"@type":"ListItem","position":4,"name":"Gabarito Unicamp 2020 \u2013 Biologia \u2013 Resolu\u00e7\u00e3o Comentada"}]},{"@type":"WebSite","@id":"https:\/\/vestibulares.estrategia.com\/portal\/#website","url":"https:\/\/vestibulares.estrategia.com\/portal\/","name":"Estrat\u00e9gia Vestibulares","description":"","publisher":{"@id":"https:\/\/vestibulares.estrategia.com\/portal\/#organization"},"potentialAction":[{"@type":"SearchAction","target":{"@type":"EntryPoint","urlTemplate":"https:\/\/vestibulares.estrategia.com\/portal\/?s={search_term_string}"},"query-input":{"@type":"PropertyValueSpecification","valueRequired":true,"valueName":"search_term_string"}}],"inLanguage":"pt-BR"},{"@type":"Organization","@id":"https:\/\/vestibulares.estrategia.com\/portal\/#organization","name":"Estrat\u00e9gia Vestibulares","url":"https:\/\/vestibulares.estrategia.com\/portal\/","logo":{"@type":"ImageObject","inLanguage":"pt-BR","@id":"https:\/\/vestibulares.estrategia.com\/portal\/#\/schema\/logo\/image\/","url":"https:\/\/vestibulares.estrategia.com\/portal\/wp-content\/uploads\/2021\/06\/Logo-Vestibulares@4x.png","contentUrl":"https:\/\/vestibulares.estrategia.com\/portal\/wp-content\/uploads\/2021\/06\/Logo-Vestibulares@4x.png","width":250,"height":66,"caption":"Estrat\u00e9gia Vestibulares"},"image":{"@id":"https:\/\/vestibulares.estrategia.com\/portal\/#\/schema\/logo\/image\/"},"sameAs":["https:\/\/facebook.com\/estrategiavestibulares","https:\/\/x.com\/Estrategiavest","https:\/\/www.instagram.com\/estrategiavestibulares","https:\/\/www.youtube.com\/channel\/UCGWdZy8ULI-7_5GrABa4vNA"]},{"@type":"Person","@id":"https:\/\/vestibulares.estrategia.com\/portal\/#\/schema\/person\/04682fc62e7ab3b51a4f9434ae8844da","name":"Raquel Oshio","image":{"@type":"ImageObject","inLanguage":"pt-BR","@id":"https:\/\/vestibulares.estrategia.com\/portal\/#\/schema\/person\/image\/","url":"https:\/\/secure.gravatar.com\/avatar\/fa4e62d5e59d9cf9995ea9c715a78807?s=96&d=mm&r=g","contentUrl":"https:\/\/secure.gravatar.com\/avatar\/fa4e62d5e59d9cf9995ea9c715a78807?s=96&d=mm&r=g","caption":"Raquel Oshio"},"description":"Amante de hist\u00f3rias e ca\u00e7adora de belezas escondidas. Jornalista de profiss\u00e3o e cora\u00e7\u00e3o. Desenhista e escritora de fic\u00e7\u00e3o nas horas vagas. Acredito no potencial transformador de todo trabalho feito com dedica\u00e7\u00e3o.","url":"https:\/\/vestibulares.estrategia.com\/portal\/author\/raquel-oshio\/"}]}},"_wl_alt_label":[],"wl:entity_url":"https:\/\/data.wordlift.io\/wl110249\/post\/gabarito-unicamp-2020-biologia","_links":{"self":[{"href":"https:\/\/vestibulares.estrategia.com\/portal\/wp-json\/wp\/v2\/posts\/33530","targetHints":{"allow":["GET"]}}],"collection":[{"href":"https:\/\/vestibulares.estrategia.com\/portal\/wp-json\/wp\/v2\/posts"}],"about":[{"href":"https:\/\/vestibulares.estrategia.com\/portal\/wp-json\/wp\/v2\/types\/post"}],"author":[{"embeddable":true,"href":"https:\/\/vestibulares.estrategia.com\/portal\/wp-json\/wp\/v2\/users\/18"}],"replies":[{"embeddable":true,"href":"https:\/\/vestibulares.estrategia.com\/portal\/wp-json\/wp\/v2\/comments?post=33530"}],"version-history":[{"count":4,"href":"https:\/\/vestibulares.estrategia.com\/portal\/wp-json\/wp\/v2\/posts\/33530\/revisions"}],"predecessor-version":[{"id":63226,"href":"https:\/\/vestibulares.estrategia.com\/portal\/wp-json\/wp\/v2\/posts\/33530\/revisions\/63226"}],"wp:featuredmedia":[{"embeddable":true,"href":"https:\/\/vestibulares.estrategia.com\/portal\/wp-json\/wp\/v2\/media\/33539"}],"wp:attachment":[{"href":"https:\/\/vestibulares.estrategia.com\/portal\/wp-json\/wp\/v2\/media?parent=33530"}],"wp:term":[{"taxonomy":"category","embeddable":true,"href":"https:\/\/vestibulares.estrategia.com\/portal\/wp-json\/wp\/v2\/categories?post=33530"},{"taxonomy":"post_tag","embeddable":true,"href":"https:\/\/vestibulares.estrategia.com\/portal\/wp-json\/wp\/v2\/tags?post=33530"},{"taxonomy":"wl_entity_type","embeddable":true,"href":"https:\/\/vestibulares.estrategia.com\/portal\/wp-json\/wp\/v2\/wl_entity_type?post=33530"}],"curies":[{"name":"wp","href":"https:\/\/api.w.org\/{rel}","templated":true}]}}