{"id":36372,"date":"2019-12-16T17:03:06","date_gmt":"2019-12-16T20:03:06","guid":{"rendered":"https:\/\/blog.estrategiavestibulares.com.br\/?p=36372"},"modified":"2022-02-14T15:54:32","modified_gmt":"2022-02-14T18:54:32","slug":"gabarito-biologia-2a-fase-uece-2020","status":"publish","type":"post","link":"https:\/\/vestibulares.estrategia.com\/portal\/materias\/biologia\/gabarito-biologia-2a-fase-uece-2020\/","title":{"rendered":"Gabarito comentado da prova de Biologia da 2\u00aa Fase UECE 2020"},"content":{"rendered":"<p>Ol&aacute;, vestibulando(a)! Tudo bem com voc&ecirc;? Espero que sim.<p>Estou passando aqui para comentar a prova de Biologia da Universidade Estadual do Cear&aacute; &ndash; UECE, 2&ordf; fase, que aconteceu no dia 15 de dezembro de 2019.<\/p><p>A prova contou com 20 quest&otilde;es, tratando os assuntos variados da Biologia. As quest&otilde;es apresentaram n&iacute;vel m&eacute;dio a f&aacute;cil, sem cobrar detalhes de rodap&eacute; e contemplando grandes temas dentro das disciplinas. <\/p><p>Veja a seguir a resolu&ccedil;&atilde;o comentada.<\/p><h2 class=\"wp-block-heading\" id=\"h-2&ordf;-fase-uece-biologia\">2&ordf; Fase UECE &ndash; Biologia<\/h2><h3 class=\"wp-block-heading\" id=\"h-questao-01\">Quest&atilde;o 01<\/h3><p>S&atilde;o exemplos de estruturas do sistema respirat&oacute;rio\nhumano:<\/p><p>A) faringe, p&acirc;ncreas e alv&eacute;olos. <\/p><p>B) traqueia, rins e br&ocirc;nquios. <\/p><p>C) laringe, pulm&otilde;es e faringe.<\/p><p>D) pulm&otilde;es, es&ocirc;fago e fossas nasais.<\/p><h3 class=\"wp-block-heading\" id=\"h-resolucao-comentada\">Resolu&ccedil;&atilde;o Comentada<\/h3><ul class=\"wp-block-list\"><li><em>A alternativa A est&aacute; errada, porque a faringe e o p&acirc;ncreas s&atilde;o &oacute;rg&atilde;os do sistema digest&oacute;rio.<\/em><\/li><li><em>A alternativa B est&aacute; errada, porque os rins s&atilde;o &oacute;rg&atilde;os do sistema urin&aacute;rio.<\/em><\/li><li><em>A alternativa C est&aacute; certa.<\/em><\/li><li><em>A alternativa D est&aacute; errada, porque o es&ocirc;fago &eacute; um &oacute;rg&atilde;o do sistema digest&oacute;rio.<\/em><\/li><\/ul><p class=\"has-light-green-cyan-background-color has-background\"><strong>Gabarito: C.<\/strong><\/p><h3 class=\"wp-block-heading\" id=\"h-questao-02\">Quest&atilde;o 02<\/h3><p>Em rela&ccedil;&atilde;o ao sistema\nexcretor, escreva V ou F conforme seja verdadeiro ou falso o que se afirma nos\nitens abaixo.<\/p><p>(    ) A bexiga &eacute; o &oacute;rg&atilde;o respons&aacute;vel por armazenar e conduzir a urina.<\/p><p>(    ) A fun&ccedil;&atilde;o da uretra &eacute; transportar a urina rec&eacute;m-produzida at&eacute; a bexiga.<\/p><p>(    ) A uretra masculina difere da feminina por ter, al&eacute;m da fun&ccedil;&atilde;o excretora, a fun&ccedil;&atilde;o reprodutora.<\/p><p>(    ) Dentre as fun&ccedil;&otilde;es dos rins est&atilde;o: produzir urina e alguns tipos de horm&ocirc;nios, e possibilitar a homeostase.<\/p><p>Est&aacute; correta, de cima para\nbaixo, a seguinte sequ&ecirc;ncia:<\/p><p>A) F, F, V, V.<\/p><p>B) V, V, F, F.<\/p><p>C) V, F, V, F.<\/p><p>D) F, V, F, V.<\/p><h3 class=\"wp-block-heading\" id=\"h-resolucao-comentada-1\">Resolu&ccedil;&atilde;o Comentada<\/h3><ul class=\"wp-block-list\"><li><em>A primeira afirma&ccedil;&atilde;o &eacute; falsa (F), porque a bexiga &eacute; respons&aacute;vel somente pelo armazenamento da urina, n&atilde;o pela sua condu&ccedil;&atilde;o.<\/em><\/li><li><em>A segunda afirma&ccedil;&atilde;o &eacute; falsa (F), porque fun&ccedil;&atilde;o da uretra &eacute; transportar a urina da bexiga para o exterior.<\/em><\/li><li><em>A terceira afirma&ccedil;&atilde;o &eacute; verdadeira (V).<\/em><\/li><li><em>A quarta afirma&ccedil;&atilde;o &eacute; verdadeira (V).<\/em><\/li><\/ul><p class=\"has-light-green-cyan-background-color has-background\"><strong>Gabarito: A.<\/strong><\/p><h3 class=\"wp-block-heading\" id=\"h-questao-03\">Quest&atilde;o 03<\/h3><p>Quanto &agrave; partenog&ecirc;nese, &eacute;\ncorreto afirmar que<\/p><p>A) ocorre quando o &oacute;vulo &eacute; fecundado pelo espermatozoide.<\/p><p>B) o embri&atilde;o se desenvolve de um &oacute;vulo sem ocorrer\na fecunda&ccedil;&atilde;o.<\/p><p>C) &eacute; a reprodu&ccedil;&atilde;o sexuada que ocorre com maior\nfrequ&ecirc;ncia em insetos.<\/p><p>D) &eacute; um tipo de reprodu&ccedil;&atilde;o assexuada em que o &oacute;vulo\n&eacute; fecundado.<\/p><h3 class=\"wp-block-heading\" id=\"h-resolucao-comentada-2\">Resolu&ccedil;&atilde;o Comentada<\/h3><ul class=\"wp-block-list\"><li><em>A alternativa A est&aacute; errada, porque a partenog&ecirc;nese &eacute; um tipo de reprodu&ccedil;&atilde;o que n&atilde;o envolve a uni&atilde;o de dois gametas.<\/em><\/li><li><em>A alternativa B est&aacute; certa.<\/em><\/li><li><em>A alternativa C est&aacute; errada, porque a partenog&ecirc;nese &eacute; comum apenas nas abelhas. Os demais insetos reproduzem-se preferencialmente de maneira sexuada.<\/em><\/li><li><em>A alternativa D est&aacute; errada, porque o &oacute;vulo do qual se desenvolve o embri&atilde;o n&atilde;o &eacute; fecundado.<\/em><\/li><\/ul><p class=\"has-light-green-cyan-background-color has-background\"><strong>Gabarito: B.<\/strong><\/p><h3 class=\"wp-block-heading\" id=\"h-questao-05\">Quest&atilde;o 05<\/h3><p>Os representantes do filo\nAnnelida s&atilde;o organismos<\/p><p>A) protost&ocirc;mios e assegmentados.<\/p><p>B) deuterost&ocirc;mios e segmentados.<\/p><p>C) deuterost&ocirc;mios e assegmentados.<\/p><p>D) protost&ocirc;mios e segmentados.<\/p><h3 class=\"wp-block-heading\" id=\"h-resolucao-comentada-3\">Resolu&ccedil;&atilde;o Comentada<\/h3><p>Os representantes do filo Annelida, representados pelas minhocas e sanguessugas, s&atilde;o organismos protost&ocirc;mios, isto &eacute;, cujo blast&oacute;poro d&aacute; origem primariamente &agrave; boca, e segmentados (a metameria &eacute; uma caracter&iacute;stica deste filo.<\/p><p class=\"has-light-green-cyan-background-color has-background\"><strong>Gabarito: D.<\/strong><\/p><h3 class=\"wp-block-heading\" id=\"h-questao-05-1\">Quest&atilde;o 05<\/h3><p>No que diz respeito a\npeixes, escreva V ou F conforme seja verdadeiro ou falso o que se afirma a seguir:<\/p><p>( ) Peixes podem ser\nclassificados como &oacute;sseos, cartilaginosos e agnatos.<\/p><p>( ) Peixes cartilaginosos\napresentam br&acirc;nquias protegidas pelo op&eacute;rculo.<\/p><p>( ) Lampreias e feiticeiras\ns&atilde;o exemplos de peixes agnatos.<\/p><p>( ) Nos peixes &oacute;sseos, a\n&aacute;gua entra pelo espir&aacute;culo para banhar as br&acirc;nquias.<\/p><p>A sequ&ecirc;ncia correta, de cima\npara baixo, &eacute;:<\/p><p>A) V, V, V, V.<\/p><p>B) F, F, F, F.<\/p><p>C) V, F, V, F.<\/p><p>D) F, V, F, V.<\/p><h3 class=\"wp-block-heading\" id=\"h-resolucao-comentada-4\">Resolu&ccedil;&atilde;o Comentada<\/h3><ul class=\"wp-block-list\"><li><em>A primeira afirma&ccedil;&atilde;o &eacute; verdadeira (V).<\/em><\/li><li><em>A segunda afirma&ccedil;&atilde;o &eacute; falsa (F), porque br&acirc;nquias protegidas por op&eacute;rculo &eacute; uma caracter&iacute;stica de peixes &oacute;sseos.<\/em><\/li><li><em>A terceira afirma&ccedil;&atilde;o verdadeira (V).<\/em><\/li><li><em>A quarta afirma&ccedil;&atilde;o &eacute; falsa (F). Espir&aacute;culo &eacute; caracter&iacute;stico dos peixes cartilaginosos.<\/em><\/li><\/ul><p class=\"has-light-green-cyan-background-color has-background\"><strong>Gabarito: C.<\/strong><\/p><h3 class=\"wp-block-heading\" id=\"h-questao-06\">Quest&atilde;o 06<\/h3><p>Quanto &agrave;s micoses, &eacute; correto afirmar que<strong><\/strong><\/p><p>A) s&atilde;o infec&ccedil;&otilde;es causadas por fungos, que podem\nocorrer na pele, nas unhas, nas mucosas e no cabelo.<\/p><p>B) s&atilde;o infec&ccedil;&otilde;es causadas por bact&eacute;rias, que podem\nocorrer em todo o corpo.<\/p><p>C) s&atilde;o tratadas com antibi&oacute;ticos e prevenidas com\nh&aacute;bitos de higiene adequados.<\/p><p>D) ocorrem frequentemente nas regi&otilde;es polares em\nfun&ccedil;&atilde;o das condi&ccedil;&otilde;es ideais de calor e<\/p><p>umidade.<\/p><h3 class=\"wp-block-heading\" id=\"h-resolucao-comentada-5\">Resolu&ccedil;&atilde;o Comentada<\/h3><ul class=\"wp-block-list\"><li><em>A afirmativa A est&aacute; certa.<\/em><\/li><li><em>A afirma&ccedil;&atilde;o B est&aacute; errada, porque micoses s&atilde;o infec&ccedil;&otilde;es f&uacute;ngicas.<\/em><\/li><li><em>A afirma&ccedil;&atilde;o C est&aacute; errada, porque antibi&oacute;ticos tratam infec&ccedil;&otilde;es bacterianas apenas.<\/em><\/li><li><em>A afirma&ccedil;&atilde;o D est&aacute; errada, porque regi&otilde;es polares s&atilde;o frias e menos propensas para o desenvolvimento de micoses.<\/em><\/li><\/ul><p class=\"has-light-green-cyan-background-color has-background\"><strong>Gabarito: A.<\/strong><\/p><h3 class=\"wp-block-heading\" id=\"h-questao-07\">Quest&atilde;o 07<\/h3><p>Em rela&ccedil;&atilde;o ao filo\nEchinodermata, escreva V ou F conforme seja verdadeiro ou falso o que se afirma\nnos itens abaixo.<\/p><p>( ) Estrelas-do-mar, ouri&ccedil;os-do-mar e\nbolachas-da-praia s&atilde;o exemplos de representantes desse filo.<\/p><p>( ) Apresentam simetria radial e endoesqueleto\ncomposto por oss&iacute;culos calc&aacute;rios.<\/p><p>( ) As proje&ccedil;&otilde;es para fora do esqueleto, na forma\nde espinhos ou tub&eacute;rculos, definiram o nome do filo.<\/p><p>( ) A maioria dos seus representantes consegue\nregenerar partes do corpo.<\/p><p>A sequ&ecirc;ncia correta, de cima para baixo, &eacute;:<\/p><p>A) V, F, V, F.<\/p><p>B) F, V, F, V.<\/p><p>C) V, V, V, V.<\/p><p>D) F, F, F, F.<\/p><h3 class=\"wp-block-heading\" id=\"h-resolucao-comentada-6\">Resolu&ccedil;&atilde;o Comentada<\/h3><ul class=\"wp-block-list\"><li><em>A primeira afirma&ccedil;&atilde;o &eacute; verdadeira (V).<\/em><\/li><li><em>A segunda afirma&ccedil;&atilde;o &eacute; verdadeira (V). Esses organismos possuem simetria bilateral quando larvas e simetria radial quando adultos, al&eacute;m de v&aacute;rios oss&iacute;culos calc&aacute;rios.<\/em><\/li><li><em>A terceira afirma&ccedil;&atilde;o &eacute; verdadeira (V). Echino significa espinho e derma significa pele.<\/em><\/li><li><em>A quarta afirma&ccedil;&atilde;o &eacute; verdadeira (V). Essa &eacute; uma caracter&iacute;stica dos equinodermos.<\/em><\/li><\/ul><p class=\"has-light-green-cyan-background-color has-background\"><strong>Gabarito: C.<\/strong><\/p><h3 class=\"wp-block-heading\" id=\"h-questao-08\">Quest&atilde;o 08<\/h3><p>As angiospermas s&atilde;o plantas<\/p><p>A) avasculares com\nfertiliza&ccedil;&atilde;o dupla e sementes no interior de frutos.<\/p><p>B) vasculares com\nautofertiliza&ccedil;&atilde;o e sem sementes.<\/p><p>C) vasculares com\nfertiliza&ccedil;&atilde;o dupla e sementes no interior de folhas modificadas.<\/p><p>D) avasculares com\nautofertiliza&ccedil;&atilde;o e sementes no interior de vagens.<\/p><h3 class=\"wp-block-heading\" id=\"h-resolucao-comentada-7\">Resolu&ccedil;&atilde;o Comentada<\/h3><p>Angiospermas s&atilde;o plantas vasculares, com dupla fecunda&ccedil;&atilde;o, flores e frutos. O mais correto de se dizer &eacute; que as sementes est&atilde;o no interior dos frutos, que por sua vez derivam da modifica&ccedil;&atilde;o do ov&aacute;rio, que &eacute; uma estrutura do aparelho reprodutivo da planta.<\/p><p>Assim, a alternativa C est&aacute; certa.<\/p><p class=\"has-light-green-cyan-background-color has-background\"><strong>Gabarito: C.<\/strong><\/p><h3 class=\"wp-block-heading\" id=\"h-questao-09\">Quest&atilde;o 09<\/h3><p>Plantas avasculares\napresentam as seguintes caracter&iacute;sticas adaptativas:<\/p><p>A) cut&iacute;cula, gamet&acirc;ngios e paredes de esporos grossas.<\/p><p>B) est&ocirc;matos, gamet&acirc;ngios e sementes.<\/p><p>C) sementes, cut&iacute;cula e paredes de esporos grossas.<\/p><p>D) xilema, floema e gamet&acirc;ngios.<\/p><h3 class=\"wp-block-heading\" id=\"h-resolucao-comentada-8\">Resolu&ccedil;&atilde;o Comentada<\/h3><p>As plantas avasculares s&atilde;o as bri&oacute;fitas. Os tecidos condutores de seiva, bruta e elaborada, aparecem a partir das pterid&oacute;fitas. Assim, as caracter&iacute;sticas presentes nas bri&oacute;fitas s&atilde;o cut&iacute;cula, para evitar a perda de &aacute;gua, gamet&acirc;ngios como fase predominante, e paredes de esporos grossas.<\/p><p>A alternativa A est&aacute; certa.<\/p><p class=\"has-light-green-cyan-background-color has-background\"><strong>Gabarito: A.<\/strong><\/p><h3 class=\"wp-block-heading\" id=\"h-questao-10\">Quest&atilde;o 10<\/h3><p>No que concerne &agrave;s\ngimnospermas, escreva V ou F conforme sejam verdadeiras ou falsas as seguintes\nafirma&ccedil;&otilde;es:<\/p><p>( ) As principais divis&otilde;es\ndas gimnospermas s&atilde;o c&iacute;cadas, ginkgos, gnet&oacute;fitas e con&iacute;feras.<\/p><p>( ) Os ginkgos representam a\ndivis&atilde;o mais abundante das gimnospermas.<\/p><p>( ) As gnet&oacute;fitas\ncompartilham algumas caracter&iacute;sticas com as angiospermas.<\/p><p>( ) As con&iacute;feras s&atilde;o\nrepresentadas atualmente por um &uacute;nico g&ecirc;nero.<\/p><p>A sequ&ecirc;ncia correta, de cima para baixo, &eacute;:<\/p><p>A) V, V, V, V.<\/p><p>B) V, F, V, F.<\/p><p>C) F, V, F, V.<\/p><p>D) F, F, F, F.<\/p><h3 class=\"wp-block-heading\" id=\"h-resolucao-comentada-9\">Resolu&ccedil;&atilde;o Comentada<\/h3><ul class=\"wp-block-list\"><li><em>A primeira afirma&ccedil;&atilde;o &eacute; verdadeira (V).<\/em><\/li><li><em>A segunda afirma&ccedil;&atilde;o &eacute; falsa (F), porque s&atilde;o as con&iacute;feras s&atilde;o as esp&eacute;cies mais abundantes.<\/em><\/li><li><em>A terceira afirma&ccedil;&atilde;o &eacute; verdadeira (V). Como gnet&oacute;fitas s&atilde;o gimnospermas e compartilham a presen&ccedil;a de sementes com as angiospermas.<\/em><\/li><li><em>A quarta afirma&ccedil;&atilde;o &eacute; falsa (F), porque as con&iacute;feras compreendem os pinheiros, os abetos, os cedros, as sequoias, os ciprestes, as arauc&aacute;rias e outras.<\/em><\/li><\/ul><p class=\"has-light-green-cyan-background-color has-background\"><strong>Gabarito: B.<\/strong><\/p><h3 class=\"wp-block-heading\" id=\"h-questao-11\">Quest&atilde;o 11<\/h3><p>Os organismos vivos podem\nestabelecer rela&ccedil;&otilde;es harm&ocirc;nicas e desarm&ocirc;nicas, sejam eles indiv&iacute;duos da mesma\nesp&eacute;cie ou de esp&eacute;cies diferentes. Considerando esse fato, &eacute; correto dizer que\ns&atilde;o tipos de intera&ccedil;&otilde;es desarm&ocirc;nicas interespec&iacute;ficas:<\/p><p>A) competi&ccedil;&atilde;o, canibalismo e col&ocirc;nia.<\/p><p>B) competi&ccedil;&atilde;o, canibalismo e col&ocirc;nia.<\/p><p>C) facilita&ccedil;&atilde;o, parasitismo e preda&ccedil;&atilde;o.<\/p><p>D) facilita&ccedil;&atilde;o, canibalismo e herbivoria.<\/p><h3 class=\"wp-block-heading\" id=\"h-resolucao-comentada-10\">Resolu&ccedil;&atilde;o Comentada<\/h3><p>Intera&ccedil;&otilde;es desarm&ocirc;nicas s&atilde;o aquelas que trazem preju&iacute;zo para uma ou ambas as esp&eacute;cies envolvidas. Assim, s&atilde;o exemplos de intera&ccedil;&otilde;es desarm&ocirc;nicas a competi&ccedil;&atilde;o, o canibalismo, o parasitismo, a preda&ccedil;&atilde;o e a herbivoria.<\/p><p>A alternativa B est&aacute; certa.<\/p><p class=\"has-light-green-cyan-background-color has-background\"><strong>Gabarito: B.<\/strong><\/p><h3 class=\"wp-block-heading\" id=\"h-questao-12\">Quest&atilde;o 12<\/h3><p>Evid&ecirc;ncias cient&iacute;ficas\napontam que a Terra se originou h&aacute; 4.5 bilh&otilde;es de anos. Em rela&ccedil;&atilde;o &agrave;s teorias\nsobre a origem da vida na Terra, &eacute; correto afirmar que<\/p><p>A) Arist&oacute;teles, fil&oacute;sofo da antiguidade, acreditava\nque alguns seres vivos apareciam por gera&ccedil;&atilde;o espont&acirc;nea, seguindo o princ&iacute;pio\nda biog&ecirc;nese.<\/p><p>B) Francesco Redi (1926-1697), bi&oacute;logo italiano,\ndemonstrou que larvas de moscas que surgiam em peda&ccedil;os de carne em decomposi&ccedil;&atilde;o\nnasciam de ovos colocados por organismos j&aacute; existentes, corroborando a\nabiog&ecirc;nese.<\/p><p>C) Louis Pasteur (1822-1895), m&eacute;dico franc&ecirc;s,\nrealizou experimentos em frascos de vidro, do tipo pesco&ccedil;o de cisne, para\ndemonstrar que a abiog&ecirc;nese era uma teoria equivocada.<\/p><p>D) Jean Baptist van Helmont (1577-1644), m&eacute;dico e\nqu&iacute;mico belga, produziu uma receita para o nascimento de camundongos por\nbiog&ecirc;nese, misturando camisas sujas e gr&atilde;os de trigo.<\/p><h3 class=\"wp-block-heading\" id=\"h-resolucao-comentada-11\">Resolu&ccedil;&atilde;o Comentada<\/h3><ul class=\"wp-block-list\"><li><em>A afirma&ccedil;&atilde;o A est&aacute; errada, porque a gera&ccedil;&atilde;o espont&acirc;nea segue o princ&iacute;pio da abiog&ecirc;nese.<\/em><\/li><li><em>A afirma&ccedil;&atilde;o B est&aacute; errada, porque o experimento de Redi, conforme descrito, corroborava a teoria da biog&ecirc;nese.<\/em><\/li><li><em>A afirma&ccedil;&atilde;o C est&aacute; certa.<\/em><\/li><li><em>A afirma&ccedil;&atilde;o D est&aacute; errada, porque a receita para cria&ccedil;&atilde;o de camundongos baseava-se na abiog&ecirc;nese.<\/em><\/li><\/ul><p class=\"has-light-green-cyan-background-color has-background\"><strong>Gabarito: C.<\/strong><\/p><h3 class=\"wp-block-heading\" id=\"h-questao-13\">Quest&atilde;o 13<\/h3><p>Considerando as propriedades\nda &aacute;gua, assinale a afirma&ccedil;&atilde;o verdadeira.<\/p><p>A) Ades&atilde;o &eacute; a forte atra&ccedil;&atilde;o m&uacute;tua das mol&eacute;culas de\n&aacute;gua entre si, que &eacute; resultante das liga&ccedil;&otilde;es de hidrog&ecirc;nio. <\/p><p>B) Coes&atilde;o &eacute; for&ccedil;a que atrai as mol&eacute;culas de &aacute;gua\npara superf&iacute;cies s&oacute;lidas, devido &agrave; grande ader&ecirc;ncia da &aacute;gua por outras\nsubst&acirc;ncias que t&ecirc;m, em sua mol&eacute;cula, grande quantidade de &aacute;tomos de oxig&ecirc;nio e\nnitrog&ecirc;nio, tais como vidro, celulose, argila e prote&iacute;nas.<\/p><p>C) Tens&atilde;o superficial &eacute; a caracter&iacute;stica que\nconfere &agrave; camada superficial da &aacute;gua o comportamento el&aacute;stico, propriedade\ncausada pelas for&ccedil;as de ades&atilde;o entre as mol&eacute;culas de &aacute;gua, cuja resultante &eacute;\ndiferente na interface com o ar.<\/p><p>D) Coes&atilde;o, ades&atilde;o e tens&atilde;o superficial originam o fen&ocirc;meno\nda capilaridade, que &eacute; o movimento ascendente da &aacute;gua por dist&acirc;ncias pequenas em\num tubo de vidro ou em uma parede celular. <\/p><h3 class=\"wp-block-heading\" id=\"h-resolucao-comentada-12\">Resolu&ccedil;&atilde;o Comentada<\/h3><ul class=\"wp-block-list\"><li><em>A afirma&ccedil;&atilde;o A est&aacute; errada, porque descreve a propriedade da coes&atilde;o, n&atilde;o da ades&atilde;o.<\/em><\/li><li><em>A afirma&ccedil;&atilde;o B est&aacute; errada, porque descreve a propriedade da ades&atilde;o, n&atilde;o da coes&atilde;o.<\/em><\/li><li><em>A afirma&ccedil;&atilde;o C est&aacute; errada, porque a tens&atilde;o superficial resulta da coes&atilde;o entre as mol&eacute;culas de &aacute;gua.<\/em><\/li><li><em>A afirma&ccedil;&atilde;o D est&aacute; certa.<\/em><\/li><\/ul><p class=\"has-light-green-cyan-background-color has-background\"><strong>Gabarito: D.<\/strong><\/p><h3 class=\"wp-block-heading\" id=\"h-questao-14\">Quest&atilde;o 14<\/h3><p>As organelas presentes em\nc&eacute;lulas eucari&oacute;ticas que cont&ecirc;m enzimas oxidases, respons&aacute;veis por decompor\namino&aacute;cidos e lip&iacute;dios; e enzima catalase, respons&aacute;vel por livrar a c&eacute;lula de res&iacute;duos\nt&oacute;xicos, s&atilde;o denominadas de<\/p><p>A) peroxissomos.<\/p><p>B) ribossomos.<\/p><p>C) centrossomos.<\/p><p>D) ret&iacute;culos endoplasm&aacute;ticos.<\/p><h3 class=\"wp-block-heading\" id=\"h-resolucao-comentada-13\">Resolu&ccedil;&atilde;o Comentada<\/h3><p>A organela que cont&eacute;m as enzimas oxidase e catalase &eacute; o peroxissomo.<\/p><p>A alternativa A est&aacute; certa.<\/p><p class=\"has-light-green-cyan-background-color has-background\"><strong>Gabarito: A.<\/strong><\/p><h3 class=\"wp-block-heading\" id=\"h-questao-15\">Quest&atilde;o 15<\/h3><p>A osmose reversa, que &eacute;\nutilizada na fabrica&ccedil;&atilde;o de bebidas, como em alguns tipos de &aacute;gua mineral, &eacute; um\nprocesso em que<\/p><p>A) o deslocamento do solvente (&aacute;gua), mediante a\naplica&ccedil;&atilde;o de uma press&atilde;o menor do que a press&atilde;o osm&oacute;tica natural, transforma\n&aacute;gua salgada em &aacute;gua doce.<\/p><p>B) a membrana &eacute; imperme&aacute;vel ao soluto, mas\nperme&aacute;vel ao solvente (&aacute;gua) que passa de uma regi&atilde;o hipot&ocirc;nica para uma\nhipert&ocirc;nica.<\/p><p>C) o solvente (&aacute;gua) flui de um compartimento com\nmaior concentra&ccedil;&atilde;o de sais para um compartimento com menor concentra&ccedil;&atilde;o.<\/p><p>D) o solvente (&aacute;gua) passa de uma regi&atilde;o menos\nconcentrada para a mais concentrada, caracterizando um transporte passivo.<\/p><h3 class=\"wp-block-heading\" id=\"h-resolucao-comentada-14\">Resolu&ccedil;&atilde;o Comentada<\/h3><p>A osmose reversa &eacute; um processo em que um solvente &eacute; separado de um soluto de baixa massa molecular por uma membrana perme&aacute;vel ao solvente e imperme&aacute;vel ao soluto. Isso ocorre quando se aplica uma grande press&atilde;o sobre este meio aquoso, o que contraria o fluxo natural da osmose.<\/p><ul class=\"wp-block-list\"><li><em>A alternativa A est&aacute; errada, porque o deslocamento de solvente acontece mediante aplica&ccedil;&atilde;o de uma press&atilde;o maior que a osm&oacute;tica natural.<\/em><\/li><li><em>A alternativa B est&aacute; errada, porque o solvente passa de uma regi&atilde;o hipert&ocirc;nica para uma hipot&ocirc;nica, contrariando o fluxo natural da osmose.<\/em><\/li><li><em>A alternativa C est&aacute; certa.<\/em><\/li><li><em>A alternativa D est&aacute; errada, porque o solvente passa de uma regi&atilde;o mais concentrada (hipert&ocirc;nica) para uma menos concentrada (hipot&ocirc;nica).<\/em><\/li><\/ul><p class=\"has-light-green-cyan-background-color has-background\"><strong>Gabarito: C.<\/strong><\/p><h3 class=\"wp-block-heading\" id=\"h-questao-16\">Quest&atilde;o 16<\/h3><p>No que diz respeito &agrave;\nrespira&ccedil;&atilde;o celular, escreva V ou F conforme seja verdadeiro ou falso o que se\nafirma a seguir:<\/p><p>( ) Glic&oacute;lise, ciclo de\nKrebs e cadeia respirat&oacute;ria s&atilde;o fases da respira&ccedil;&atilde;o celular. Dessas fases, a\nglic&oacute;lise ocorre no citoplasma da c&eacute;lula e, em termos evolucion&aacute;rios, &eacute; a fase\nmais antiga.<\/p><p>( ) Considerando as fases da\nrespira&ccedil;&atilde;o celular, &eacute; correto dizer que a glic&oacute;lise &eacute; a fase aer&oacute;bica; j&aacute; a\nfase anaer&oacute;bica &eacute; dividida em ciclo de Krebs e cadeia respirat&oacute;ria.<\/p><p>( ) Nos organismos\neucariontes, o ciclo de Krebs ocorre nas cristas mitocondriais e a cadeia\nrespirat&oacute;ria ocorre na matriz mitocondrial.<\/p><p>( ) O n&uacute;mero de\nmitoc&ocirc;ndrias, nos organismos eucariontes, varia muito: &eacute; maior nas c&eacute;lulas que\napresentam intensa atividade de libera&ccedil;&atilde;o de energia, como as c&eacute;lulas\nmusculares e nervosas. <\/p><p>( ) Cianeto, subst&acirc;ncia que\nbloqueia a cadeia respirat&oacute;ria, &eacute; liberado pela queima de materiais. Durante o\ninc&ecirc;ndio da boate Kiss, em 2013, no Rio Grande do Sul, essa subst&acirc;ncia foi uma\ndas causas de v&aacute;rias mortes que ocorreram.<\/p><p>Est&aacute; correta, de cima para\nbaixo, a seguinte sequ&ecirc;ncia:<\/p><p>A) V, V, F, V, F.<\/p><p>B) V, F, F, V, V.<\/p><p>C) F, F, V, F, V.<\/p><p>D) F, V, V, F, F.<\/p><h3 class=\"wp-block-heading\" id=\"h-resolucao-comentada-15\">Resolu&ccedil;&atilde;o Comentada<\/h3><ul class=\"wp-block-list\"><li><em>A primeira afirma&ccedil;&atilde;o &eacute; verdadeira (V).<\/em><\/li><li><em>A segunda afirma&ccedil;&atilde;o &eacute; falsa (F), porque a glic&oacute;lise &eacute; anaer&oacute;bica. A cadeia respirat&oacute;ria &eacute; aer&oacute;bica.<\/em><\/li><li><em>A terceira afirma&ccedil;&atilde;o &eacute; falsa (F), porque o ciclo de Krebs ocorre na matriz mitocondrial e a cadeia respirat&oacute;ria ocorre nas cristas mitocondriais.<\/em><\/li><li><em>A quarta afirma&ccedil;&atilde;o &eacute; verdadeira (V). <\/em><\/li><li><em>A quinta afirma&ccedil;&atilde;o &eacute; verdadeira (V).<\/em><\/li><\/ul><p class=\"has-light-green-cyan-background-color has-background\"><strong>Gabarito: B.<\/strong><\/p><h3 class=\"wp-block-heading\" id=\"h-questao-17\">Quest&atilde;o 17<\/h3><p>O desastre ambiental causado pelo recente\nderramamento de petr&oacute;leo nas praias do Nordeste brasileiro preocupa, pois, de\nacordo com cientistas, os danos causados v&atilde;o durar d&eacute;cadas. Considerando os\nprov&aacute;veis danos causados por esse derramamento de petr&oacute;leo e utilizando seus\nconhecimentos de cadeias e teias alimentares, atente para o que se diz a seguir\ne assinale a proposi&ccedil;&atilde;o verdadeira.<\/p><p>A) Um peixe (consumidor prim&aacute;rio) pode comer uma\nalga contaminada (produtor prim&aacute;rio), e se o homem (consumidor secund&aacute;rio) se\nalimentar desse peixe, n&atilde;o ser&aacute; contaminado.<\/p><p>B) O peixe &eacute; inteligente e desvia-se do petr&oacute;leo:\npor isso, o consumo de peixes provenientes dos locais contaminados n&atilde;o oferece\nrisco de contamina&ccedil;&atilde;o para o homem.<\/p><p>C) Apesar de um grupo de ocean&oacute;grafos, pesquisadores\nda vida marinha em locais afetados, ter encontrado &oacute;leo nos aparelhos\ndigestivos de peixes, moluscos e crust&aacute;ceos por eles analisados,\nconsiderando-se a cadeia alimentar, o homem est&aacute; livre dos riscos de\ncontamina&ccedil;&atilde;o.<\/p><p>D) Um peixe (consumidor secund&aacute;rio) pode comer um\ncrust&aacute;ceo contaminado (consumidor prim&aacute;rio) e se o homem (consumidor terci&aacute;rio)\nse alimentar desse peixe, pode tamb&eacute;m se contaminar.<\/p><h3 class=\"wp-block-heading\" id=\"h-resolucao-comentada-16\"><strong>Resolu&ccedil;&atilde;o Comentada<\/strong><\/h3><ul class=\"wp-block-list\"><li><em>A alternativa A est&aacute; errada, porque o homem seria contaminado devido &agrave; bioacumula&ccedil;&atilde;o dos res&iacute;duos t&oacute;xicos.<\/em><\/li><li><em>A alternativa B est&aacute; errada, pois os peixes s&atilde;o atingidos pelo derramamento e oferecem riscos para alimenta&ccedil;&atilde;o humana.<\/em><\/li><li><em>A alternativa C est&aacute; errada, porque o homem n&atilde;o est&aacute; livre da contamina&ccedil;&atilde;o devido &agrave; bioacumula&ccedil;&atilde;o dos res&iacute;duos t&oacute;xicos.<\/em><\/li><li><em>A alternativa D est&aacute; certa.<\/em><\/li><\/ul><p class=\"has-light-green-cyan-background-color has-background\"><strong>Gabarito: D.<\/strong><\/p><h3 class=\"wp-block-heading\" id=\"h-questao-18\">Quest&atilde;o 18<\/h3><p>Atente &agrave;s seguintes afirma&ccedil;&otilde;es sobre v&iacute;rus: <\/p><p>I. V&iacute;rus s&atilde;o acelulares, n&atilde;o produzem ATP nem\nrealizam fermenta&ccedil;&atilde;o, respira&ccedil;&atilde;o celular ou fotoss&iacute;ntese.<\/p><p>II. V&iacute;rus bacteri&oacute;fagos s&atilde;o v&iacute;rus que cont&ecirc;m uma\nmol&eacute;cula de DNA e RNA e infectam c&eacute;lulas eucariontes.<\/p><p>III. Ap&oacute;s invadir a c&eacute;lula, os bacteri&oacute;fagos podem\nseguir um ciclo de vida l&iacute;tico ou lisog&ecirc;nico: no ciclo lisog&ecirc;nico, a c&eacute;lula hospedeira\nsofre lise e os novos v&iacute;rus saem levando um peda&ccedil;o da membrana para fazer o\nenvelope viral.<\/p><p>IV. Herpes, Hepatite B, S&iacute;filis, Papiloma v&iacute;rus Humano\ne S&iacute;ndrome da Imunodefici&ecirc;ncia Humana, s&atilde;o infec&ccedil;&otilde;es sexualmente transmiss&iacute;veis\n(ISTs) causadas por v&iacute;rus.<strong><\/strong><\/p><p>&Eacute; correto somente o que se afirma em<\/p><p>A) III.<\/p><p>B) I, II e IV.<\/p><p>C) I.<\/p><p>D) II, III e IV.<\/p><h3 class=\"wp-block-heading\" id=\"h-resolucao-comentada-17\">Resolu&ccedil;&atilde;o Comentada<\/h3><ul class=\"wp-block-list\"><li><em>A afirma&ccedil;&atilde;o I est&aacute; certa.<\/em><\/li><li><em>A afirma&ccedil;&atilde;o II est&aacute; errada, porque os v&iacute;rus cont&ecirc;m ou uma mol&eacute;cula de DNA ou uma mol&eacute;cula de RNA, n&atilde;o as duas.<\/em><\/li><li><em>A afirma&ccedil;&atilde;o III est&aacute; errada, porque &eacute; no ciclo de vida l&iacute;tico que a c&eacute;lula hospedeira se rompe.<\/em><\/li><li><em>A afirma&ccedil;&atilde;o IV est&aacute; errada, porque a s&iacute;filis &eacute; uma infec&ccedil;&atilde;o bacteriana.<\/em><\/li><\/ul><p class=\"has-light-green-cyan-background-color has-background\"><strong>Gabarito: C.<\/strong><\/p><h3 class=\"wp-block-heading\" id=\"h-questao-19\">Quest&atilde;o 19<\/h3><p>No que concerne &agrave; deriva\ngen&eacute;tica, assinale a afirma&ccedil;&atilde;o verdadeira.<\/p><p>A) A deriva gen&eacute;tica pode\nser entendida como uma mudan&ccedil;a nas frequ&ecirc;ncias g&ecirc;nicas que se d&aacute; ao acaso, onde\nos alelos de um gene presentes em uma gera&ccedil;&atilde;o podem n&atilde;o estar presentes na mesma\npropor&ccedil;&atilde;o na gera&ccedil;&atilde;o seguinte.<\/p><p>B) A longo prazo, a deriva\ngen&eacute;tica aumenta a variabilidade gen&eacute;tica, favorecendo a homozigosidade e, em\npopula&ccedil;&otilde;es pequenas, esse aumento ocorre mais rapidamente.<\/p><p>C) A deriva gen&eacute;tica ocorre\nem todas as popula&ccedil;&otilde;es de tamanho n&atilde;o infinito, mas seus efeitos s&atilde;o mais fortes\nem popula&ccedil;&otilde;es grandes. <\/p><p>D) A deriva gen&eacute;tica pode\ncausar pequenos efeitos quando uma popula&ccedil;&atilde;o tem o tamanho drasticamente\nreduzido por um desastre natural, efeito fundador, ou quando um pequeno grupo\nse separa da popula&ccedil;&atilde;o principal para originar uma nova col&ocirc;nia, efeito gargalo.<\/p><h3 class=\"wp-block-heading\" id=\"h-resolucao-comentada-18\">Resolu&ccedil;&atilde;o Comentada<\/h3><ul class=\"wp-block-list\"><li><em>A alternativa A est&aacute; certa.<\/em><\/li><li><em>A alternativa B est&aacute; errada, porque a deriva gen&eacute;tica tende diminuir a variabilidade gen&eacute;tica, favorecendo a homozigosidade, especialmente em popula&ccedil;&otilde;es pequenas.<\/em><\/li><li><em>A alternativa C est&aacute; errada, porque os efeitos da deriva s&atilde;o mais fortes em popula&ccedil;&otilde;es pequenas.<\/em><\/li><li><em>A alternativa D est&aacute; errada, porque as defini&ccedil;&otilde;es de efeito fundador e efeito gargalo est&atilde;o trocadas. Al&eacute;m disso, a deriva pode causar grandes efeitos em ambas as condi&ccedil;&otilde;es.<\/em><\/li><\/ul><p class=\"has-light-green-cyan-background-color has-background\"><strong>Gabarito: A.<\/strong><\/p><h3 class=\"wp-block-heading\" id=\"h-questao-20\">Quest&atilde;o 20<\/h3><p>O princ&iacute;pio da exclus&atilde;o competitiva, formulado pelo\nbi&oacute;logo russo Georgyi Frantsevich Gause, estabelece que uma esp&eacute;cie exclui\ncompetitivamente a outra quando<\/p><p>A) h&aacute; forte reparti&ccedil;&atilde;o de nichos.<\/p><p>B) h&aacute; forte sobreposi&ccedil;&atilde;o de nichos.<\/p><p>C) elas possuem diferentes requerimentos de\nrecursos.<\/p><p>D) elas toleram diferentes condi&ccedil;&otilde;es.<\/p><h3 class=\"wp-block-heading\" id=\"h-resolucao-comentada-19\">Resolu&ccedil;&atilde;o Comentada<\/h3><p>O princ&iacute;pio de Gause afirma que quando h&aacute; forte sobreposi&ccedil;&atilde;o de nichos ecol&oacute;gicos, uma esp&eacute;cie tende a excluir a outra pela competi&ccedil;&atilde;o dos recursos. Assim, a alternativa B est&aacute; certa.<\/p><p class=\"has-light-green-cyan-background-color has-background\"><strong>Gabarito: B.<\/strong><\/p><p>&Eacute; isso. Essa foi a resolu&ccedil;&atilde;o da prova de Biologia da UECE 2020. Qualquer d&uacute;vida entre em contato comigo atrav&eacute;s do F&oacute;rum de D&uacute;vidas ou das redes sociais. Terei o maior prazer em lhe ajudar! Voc&ecirc; pode baixar essa resolu&ccedil;&atilde;o em PDF gratuitamente. Deixe o arquivo para download a seguir.<\/p><div class=\"wp-block-file\">\"&gt;Resolu&ccedil;&atilde;o UECE 2020 &ndash; 2&ordf; fase\" class=\"wp-block-file__button\" download&gt;Baixar<\/div><p><strong>Instagram:<\/strong>&nbsp;<a href=\"https:\/\/www.instagram.com\/profbrunaklassa\/\" target=\"_blank\" rel=\"noopener noreferrer\">@profbrunaklassa<\/a><\/p><p class=\"has-text-align-center has-pale-cyan-blue-background-color has-background has-medium-font-size\"><a href=\"https:\/\/estrategiavestibulares.com.br\/pacotes\/pacote-completo-para-uece-20202-vestibular-de-inverno\/\" target=\"_blank\" aria-label=\"CURSOS PARA UECE (abre numa nova aba)\">CURSOS PARA UECE<\/a><\/p><\/p>\n","protected":false},"excerpt":{"rendered":"Ol&aacute;, vestibulando(a)! Tudo bem com voc&ecirc;? Espero que sim. Estou passando aqui para comentar a prova de Biologia&hellip;\n","protected":false},"author":18,"featured_media":36400,"comment_status":"open","ping_status":"open","sticky":false,"template":"","format":"standard","meta":{"wl_entities_gutenberg":"","footnotes":""},"categories":[31],"tags":[],"wl_entity_type":[732],"class_list":{"0":"post-36372","1":"post","2":"type-post","3":"status-publish","4":"format-standard","5":"has-post-thumbnail","7":"category-biologia","8":"wl_entity_type-article"},"acf":[],"yoast_head":"<!-- This site is optimized with the Yoast SEO Premium plugin v25.9 (Yoast SEO v25.9) - https:\/\/yoast.com\/wordpress\/plugins\/seo\/ -->\n<title>Gabarito comentado da prova de Biologia da 2\u00aa Fase UECE 2020<\/title>\n<meta name=\"description\" content=\"J\u00e1 conferiu as quest\u00f5es de Biologia da 2\u00aa Fase da Uece 2020? Veja o gabarito comentado pelos professores do Estrat\u00e9gia Vestibulares!\" \/>\n<meta name=\"robots\" content=\"index, follow, max-snippet:-1, max-image-preview:large, max-video-preview:-1\" \/>\n<link rel=\"canonical\" href=\"https:\/\/vestibulares.estrategia.com\/portal\/materias\/biologia\/gabarito-biologia-2a-fase-uece-2020\/\" \/>\n<meta property=\"og:locale\" content=\"pt_BR\" \/>\n<meta property=\"og:type\" content=\"article\" \/>\n<meta property=\"og:title\" content=\"Gabarito comentado da prova de Biologia da 2\u00aa Fase UECE 2020\" \/>\n<meta property=\"og:description\" content=\"J\u00e1 conferiu as quest\u00f5es de Biologia da 2\u00aa Fase da Uece 2020? Veja o gabarito comentado pelos professores do Estrat\u00e9gia Vestibulares!\" \/>\n<meta property=\"og:url\" content=\"https:\/\/vestibulares.estrategia.com\/portal\/materias\/biologia\/gabarito-biologia-2a-fase-uece-2020\/\" \/>\n<meta property=\"og:site_name\" content=\"Estrat\u00e9gia Vestibulares\" \/>\n<meta property=\"article:publisher\" content=\"https:\/\/facebook.com\/estrategiavestibulares\" \/>\n<meta property=\"article:published_time\" content=\"2019-12-16T20:03:06+00:00\" \/>\n<meta property=\"article:modified_time\" content=\"2022-02-14T18:54:32+00:00\" \/>\n<meta property=\"og:image\" content=\"https:\/\/cdn.blog.estrategiavestibulares.com.br\/vestibulares\/wp-content\/uploads\/2019\/12\/16170247\/prova-UECE-biologia-2C2AA-Fase.png\" \/>\n\t<meta property=\"og:image:width\" content=\"500\" \/>\n\t<meta property=\"og:image:height\" content=\"334\" \/>\n\t<meta property=\"og:image:type\" content=\"image\/png\" \/>\n<meta name=\"author\" content=\"Raquel Oshio\" \/>\n<meta name=\"twitter:card\" content=\"summary_large_image\" \/>\n<meta name=\"twitter:creator\" content=\"@Estrategiavest\" \/>\n<meta name=\"twitter:site\" content=\"@Estrategiavest\" \/>\n<meta name=\"twitter:label1\" content=\"Escrito por\" \/>\n\t<meta name=\"twitter:data1\" content=\"Raquel Oshio\" \/>\n\t<meta name=\"twitter:label2\" content=\"Est. tempo de leitura\" \/>\n\t<meta name=\"twitter:data2\" content=\"17 minutos\" \/>\n<script type=\"application\/ld+json\" class=\"yoast-schema-graph\">{\"@context\":\"https:\/\/schema.org\",\"@graph\":[{\"@type\":\"Article\",\"@id\":\"https:\/\/vestibulares.estrategia.com\/portal\/materias\/biologia\/gabarito-biologia-2a-fase-uece-2020\/#article\",\"isPartOf\":{\"@id\":\"https:\/\/vestibulares.estrategia.com\/portal\/materias\/biologia\/gabarito-biologia-2a-fase-uece-2020\/\"},\"author\":{\"name\":\"Raquel Oshio\",\"@id\":\"https:\/\/vestibulares.estrategia.com\/portal\/#\/schema\/person\/04682fc62e7ab3b51a4f9434ae8844da\"},\"headline\":\"Gabarito comentado da prova de Biologia da 2\u00aa Fase UECE 2020\",\"datePublished\":\"2019-12-16T20:03:06+00:00\",\"dateModified\":\"2022-02-14T18:54:32+00:00\",\"mainEntityOfPage\":{\"@id\":\"https:\/\/vestibulares.estrategia.com\/portal\/materias\/biologia\/gabarito-biologia-2a-fase-uece-2020\/\"},\"wordCount\":3458,\"commentCount\":0,\"publisher\":{\"@id\":\"https:\/\/vestibulares.estrategia.com\/portal\/#organization\"},\"image\":{\"@id\":\"https:\/\/vestibulares.estrategia.com\/portal\/materias\/biologia\/gabarito-biologia-2a-fase-uece-2020\/#primaryimage\"},\"thumbnailUrl\":\"https:\/\/vestibulares.estrategia.com\/portal\/wp-content\/uploads\/2019\/12\/prova-UECE-biologia-2C2AA-Fase.png\",\"articleSection\":[\"Biologia\"],\"inLanguage\":\"pt-BR\",\"potentialAction\":[{\"@type\":\"CommentAction\",\"name\":\"Comment\",\"target\":[\"https:\/\/vestibulares.estrategia.com\/portal\/materias\/biologia\/gabarito-biologia-2a-fase-uece-2020\/#respond\"]}]},{\"@type\":\"WebPage\",\"@id\":\"https:\/\/vestibulares.estrategia.com\/portal\/materias\/biologia\/gabarito-biologia-2a-fase-uece-2020\/\",\"url\":\"https:\/\/vestibulares.estrategia.com\/portal\/materias\/biologia\/gabarito-biologia-2a-fase-uece-2020\/\",\"name\":\"Gabarito comentado da prova de Biologia da 2\u00aa Fase UECE 2020\",\"isPartOf\":{\"@id\":\"https:\/\/vestibulares.estrategia.com\/portal\/#website\"},\"primaryImageOfPage\":{\"@id\":\"https:\/\/vestibulares.estrategia.com\/portal\/materias\/biologia\/gabarito-biologia-2a-fase-uece-2020\/#primaryimage\"},\"image\":{\"@id\":\"https:\/\/vestibulares.estrategia.com\/portal\/materias\/biologia\/gabarito-biologia-2a-fase-uece-2020\/#primaryimage\"},\"thumbnailUrl\":\"https:\/\/vestibulares.estrategia.com\/portal\/wp-content\/uploads\/2019\/12\/prova-UECE-biologia-2C2AA-Fase.png\",\"datePublished\":\"2019-12-16T20:03:06+00:00\",\"dateModified\":\"2022-02-14T18:54:32+00:00\",\"description\":\"J\u00e1 conferiu as quest\u00f5es de Biologia da 2\u00aa Fase da Uece 2020? Veja o gabarito comentado pelos professores do Estrat\u00e9gia Vestibulares!\",\"breadcrumb\":{\"@id\":\"https:\/\/vestibulares.estrategia.com\/portal\/materias\/biologia\/gabarito-biologia-2a-fase-uece-2020\/#breadcrumb\"},\"inLanguage\":\"pt-BR\",\"potentialAction\":[{\"@type\":\"ReadAction\",\"target\":[\"https:\/\/vestibulares.estrategia.com\/portal\/materias\/biologia\/gabarito-biologia-2a-fase-uece-2020\/\"]}]},{\"@type\":\"ImageObject\",\"inLanguage\":\"pt-BR\",\"@id\":\"https:\/\/vestibulares.estrategia.com\/portal\/materias\/biologia\/gabarito-biologia-2a-fase-uece-2020\/#primaryimage\",\"url\":\"https:\/\/vestibulares.estrategia.com\/portal\/wp-content\/uploads\/2019\/12\/prova-UECE-biologia-2C2AA-Fase.png\",\"contentUrl\":\"https:\/\/vestibulares.estrategia.com\/portal\/wp-content\/uploads\/2019\/12\/prova-UECE-biologia-2C2AA-Fase.png\",\"width\":500,\"height\":334,\"caption\":\"prova UECE biologia 2\u00aa Fase\"},{\"@type\":\"BreadcrumbList\",\"@id\":\"https:\/\/vestibulares.estrategia.com\/portal\/materias\/biologia\/gabarito-biologia-2a-fase-uece-2020\/#breadcrumb\",\"itemListElement\":[{\"@type\":\"ListItem\",\"position\":1,\"name\":\"Home\",\"item\":\"https:\/\/vestibulares.estrategia.com\/portal\/\"},{\"@type\":\"ListItem\",\"position\":2,\"name\":\"Mat\u00e9rias\",\"item\":\"https:\/\/vestibulares.estrategia.com\/portal\/materias\/\"},{\"@type\":\"ListItem\",\"position\":3,\"name\":\"Biologia\",\"item\":\"https:\/\/vestibulares.estrategia.com\/portal\/materias\/biologia\/\"},{\"@type\":\"ListItem\",\"position\":4,\"name\":\"Gabarito comentado da prova de Biologia da 2\u00aa Fase UECE 2020\"}]},{\"@type\":\"WebSite\",\"@id\":\"https:\/\/vestibulares.estrategia.com\/portal\/#website\",\"url\":\"https:\/\/vestibulares.estrategia.com\/portal\/\",\"name\":\"Estrat\u00e9gia Vestibulares\",\"description\":\"\",\"publisher\":{\"@id\":\"https:\/\/vestibulares.estrategia.com\/portal\/#organization\"},\"potentialAction\":[{\"@type\":\"SearchAction\",\"target\":{\"@type\":\"EntryPoint\",\"urlTemplate\":\"https:\/\/vestibulares.estrategia.com\/portal\/?s={search_term_string}\"},\"query-input\":{\"@type\":\"PropertyValueSpecification\",\"valueRequired\":true,\"valueName\":\"search_term_string\"}}],\"inLanguage\":\"pt-BR\"},{\"@type\":\"Organization\",\"@id\":\"https:\/\/vestibulares.estrategia.com\/portal\/#organization\",\"name\":\"Estrat\u00e9gia Vestibulares\",\"url\":\"https:\/\/vestibulares.estrategia.com\/portal\/\",\"logo\":{\"@type\":\"ImageObject\",\"inLanguage\":\"pt-BR\",\"@id\":\"https:\/\/vestibulares.estrategia.com\/portal\/#\/schema\/logo\/image\/\",\"url\":\"https:\/\/vestibulares.estrategia.com\/portal\/wp-content\/uploads\/2021\/06\/Logo-Vestibulares@4x.png\",\"contentUrl\":\"https:\/\/vestibulares.estrategia.com\/portal\/wp-content\/uploads\/2021\/06\/Logo-Vestibulares@4x.png\",\"width\":250,\"height\":66,\"caption\":\"Estrat\u00e9gia Vestibulares\"},\"image\":{\"@id\":\"https:\/\/vestibulares.estrategia.com\/portal\/#\/schema\/logo\/image\/\"},\"sameAs\":[\"https:\/\/facebook.com\/estrategiavestibulares\",\"https:\/\/x.com\/Estrategiavest\",\"https:\/\/www.instagram.com\/estrategiavestibulares\",\"https:\/\/www.youtube.com\/channel\/UCGWdZy8ULI-7_5GrABa4vNA\"]},{\"@type\":\"Person\",\"@id\":\"https:\/\/vestibulares.estrategia.com\/portal\/#\/schema\/person\/04682fc62e7ab3b51a4f9434ae8844da\",\"name\":\"Raquel Oshio\",\"image\":{\"@type\":\"ImageObject\",\"inLanguage\":\"pt-BR\",\"@id\":\"https:\/\/vestibulares.estrategia.com\/portal\/#\/schema\/person\/image\/\",\"url\":\"https:\/\/secure.gravatar.com\/avatar\/fa4e62d5e59d9cf9995ea9c715a78807?s=96&d=mm&r=g\",\"contentUrl\":\"https:\/\/secure.gravatar.com\/avatar\/fa4e62d5e59d9cf9995ea9c715a78807?s=96&d=mm&r=g\",\"caption\":\"Raquel Oshio\"},\"description\":\"Amante de hist\u00f3rias e ca\u00e7adora de belezas escondidas. Jornalista de profiss\u00e3o e cora\u00e7\u00e3o. Desenhista e escritora de fic\u00e7\u00e3o nas horas vagas. Acredito no potencial transformador de todo trabalho feito com dedica\u00e7\u00e3o.\",\"url\":\"https:\/\/vestibulares.estrategia.com\/portal\/author\/raquel-oshio\/\"}]}<\/script>\n<!-- \/ Yoast SEO Premium plugin. -->","yoast_head_json":{"title":"Gabarito comentado da prova de Biologia da 2\u00aa Fase UECE 2020","description":"J\u00e1 conferiu as quest\u00f5es de Biologia da 2\u00aa Fase da Uece 2020? Veja o gabarito comentado pelos professores do Estrat\u00e9gia Vestibulares!","robots":{"index":"index","follow":"follow","max-snippet":"max-snippet:-1","max-image-preview":"max-image-preview:large","max-video-preview":"max-video-preview:-1"},"canonical":"https:\/\/vestibulares.estrategia.com\/portal\/materias\/biologia\/gabarito-biologia-2a-fase-uece-2020\/","og_locale":"pt_BR","og_type":"article","og_title":"Gabarito comentado da prova de Biologia da 2\u00aa Fase UECE 2020","og_description":"J\u00e1 conferiu as quest\u00f5es de Biologia da 2\u00aa Fase da Uece 2020? Veja o gabarito comentado pelos professores do Estrat\u00e9gia Vestibulares!","og_url":"https:\/\/vestibulares.estrategia.com\/portal\/materias\/biologia\/gabarito-biologia-2a-fase-uece-2020\/","og_site_name":"Estrat\u00e9gia Vestibulares","article_publisher":"https:\/\/facebook.com\/estrategiavestibulares","article_published_time":"2019-12-16T20:03:06+00:00","article_modified_time":"2022-02-14T18:54:32+00:00","og_image":[{"width":500,"height":334,"url":"https:\/\/cdn.blog.estrategiavestibulares.com.br\/vestibulares\/wp-content\/uploads\/2019\/12\/16170247\/prova-UECE-biologia-2C2AA-Fase.png","type":"image\/png"}],"author":"Raquel Oshio","twitter_card":"summary_large_image","twitter_creator":"@Estrategiavest","twitter_site":"@Estrategiavest","twitter_misc":{"Escrito por":"Raquel Oshio","Est. tempo de leitura":"17 minutos"},"schema":{"@context":"https:\/\/schema.org","@graph":[{"@type":"Article","@id":"https:\/\/vestibulares.estrategia.com\/portal\/materias\/biologia\/gabarito-biologia-2a-fase-uece-2020\/#article","isPartOf":{"@id":"https:\/\/vestibulares.estrategia.com\/portal\/materias\/biologia\/gabarito-biologia-2a-fase-uece-2020\/"},"author":{"name":"Raquel Oshio","@id":"https:\/\/vestibulares.estrategia.com\/portal\/#\/schema\/person\/04682fc62e7ab3b51a4f9434ae8844da"},"headline":"Gabarito comentado da prova de Biologia da 2\u00aa Fase UECE 2020","datePublished":"2019-12-16T20:03:06+00:00","dateModified":"2022-02-14T18:54:32+00:00","mainEntityOfPage":{"@id":"https:\/\/vestibulares.estrategia.com\/portal\/materias\/biologia\/gabarito-biologia-2a-fase-uece-2020\/"},"wordCount":3458,"commentCount":0,"publisher":{"@id":"https:\/\/vestibulares.estrategia.com\/portal\/#organization"},"image":{"@id":"https:\/\/vestibulares.estrategia.com\/portal\/materias\/biologia\/gabarito-biologia-2a-fase-uece-2020\/#primaryimage"},"thumbnailUrl":"https:\/\/vestibulares.estrategia.com\/portal\/wp-content\/uploads\/2019\/12\/prova-UECE-biologia-2C2AA-Fase.png","articleSection":["Biologia"],"inLanguage":"pt-BR","potentialAction":[{"@type":"CommentAction","name":"Comment","target":["https:\/\/vestibulares.estrategia.com\/portal\/materias\/biologia\/gabarito-biologia-2a-fase-uece-2020\/#respond"]}]},{"@type":"WebPage","@id":"https:\/\/vestibulares.estrategia.com\/portal\/materias\/biologia\/gabarito-biologia-2a-fase-uece-2020\/","url":"https:\/\/vestibulares.estrategia.com\/portal\/materias\/biologia\/gabarito-biologia-2a-fase-uece-2020\/","name":"Gabarito comentado da prova de Biologia da 2\u00aa Fase UECE 2020","isPartOf":{"@id":"https:\/\/vestibulares.estrategia.com\/portal\/#website"},"primaryImageOfPage":{"@id":"https:\/\/vestibulares.estrategia.com\/portal\/materias\/biologia\/gabarito-biologia-2a-fase-uece-2020\/#primaryimage"},"image":{"@id":"https:\/\/vestibulares.estrategia.com\/portal\/materias\/biologia\/gabarito-biologia-2a-fase-uece-2020\/#primaryimage"},"thumbnailUrl":"https:\/\/vestibulares.estrategia.com\/portal\/wp-content\/uploads\/2019\/12\/prova-UECE-biologia-2C2AA-Fase.png","datePublished":"2019-12-16T20:03:06+00:00","dateModified":"2022-02-14T18:54:32+00:00","description":"J\u00e1 conferiu as quest\u00f5es de Biologia da 2\u00aa Fase da Uece 2020? Veja o gabarito comentado pelos professores do Estrat\u00e9gia Vestibulares!","breadcrumb":{"@id":"https:\/\/vestibulares.estrategia.com\/portal\/materias\/biologia\/gabarito-biologia-2a-fase-uece-2020\/#breadcrumb"},"inLanguage":"pt-BR","potentialAction":[{"@type":"ReadAction","target":["https:\/\/vestibulares.estrategia.com\/portal\/materias\/biologia\/gabarito-biologia-2a-fase-uece-2020\/"]}]},{"@type":"ImageObject","inLanguage":"pt-BR","@id":"https:\/\/vestibulares.estrategia.com\/portal\/materias\/biologia\/gabarito-biologia-2a-fase-uece-2020\/#primaryimage","url":"https:\/\/vestibulares.estrategia.com\/portal\/wp-content\/uploads\/2019\/12\/prova-UECE-biologia-2C2AA-Fase.png","contentUrl":"https:\/\/vestibulares.estrategia.com\/portal\/wp-content\/uploads\/2019\/12\/prova-UECE-biologia-2C2AA-Fase.png","width":500,"height":334,"caption":"prova UECE biologia 2\u00aa Fase"},{"@type":"BreadcrumbList","@id":"https:\/\/vestibulares.estrategia.com\/portal\/materias\/biologia\/gabarito-biologia-2a-fase-uece-2020\/#breadcrumb","itemListElement":[{"@type":"ListItem","position":1,"name":"Home","item":"https:\/\/vestibulares.estrategia.com\/portal\/"},{"@type":"ListItem","position":2,"name":"Mat\u00e9rias","item":"https:\/\/vestibulares.estrategia.com\/portal\/materias\/"},{"@type":"ListItem","position":3,"name":"Biologia","item":"https:\/\/vestibulares.estrategia.com\/portal\/materias\/biologia\/"},{"@type":"ListItem","position":4,"name":"Gabarito comentado da prova de Biologia da 2\u00aa Fase UECE 2020"}]},{"@type":"WebSite","@id":"https:\/\/vestibulares.estrategia.com\/portal\/#website","url":"https:\/\/vestibulares.estrategia.com\/portal\/","name":"Estrat\u00e9gia Vestibulares","description":"","publisher":{"@id":"https:\/\/vestibulares.estrategia.com\/portal\/#organization"},"potentialAction":[{"@type":"SearchAction","target":{"@type":"EntryPoint","urlTemplate":"https:\/\/vestibulares.estrategia.com\/portal\/?s={search_term_string}"},"query-input":{"@type":"PropertyValueSpecification","valueRequired":true,"valueName":"search_term_string"}}],"inLanguage":"pt-BR"},{"@type":"Organization","@id":"https:\/\/vestibulares.estrategia.com\/portal\/#organization","name":"Estrat\u00e9gia Vestibulares","url":"https:\/\/vestibulares.estrategia.com\/portal\/","logo":{"@type":"ImageObject","inLanguage":"pt-BR","@id":"https:\/\/vestibulares.estrategia.com\/portal\/#\/schema\/logo\/image\/","url":"https:\/\/vestibulares.estrategia.com\/portal\/wp-content\/uploads\/2021\/06\/Logo-Vestibulares@4x.png","contentUrl":"https:\/\/vestibulares.estrategia.com\/portal\/wp-content\/uploads\/2021\/06\/Logo-Vestibulares@4x.png","width":250,"height":66,"caption":"Estrat\u00e9gia Vestibulares"},"image":{"@id":"https:\/\/vestibulares.estrategia.com\/portal\/#\/schema\/logo\/image\/"},"sameAs":["https:\/\/facebook.com\/estrategiavestibulares","https:\/\/x.com\/Estrategiavest","https:\/\/www.instagram.com\/estrategiavestibulares","https:\/\/www.youtube.com\/channel\/UCGWdZy8ULI-7_5GrABa4vNA"]},{"@type":"Person","@id":"https:\/\/vestibulares.estrategia.com\/portal\/#\/schema\/person\/04682fc62e7ab3b51a4f9434ae8844da","name":"Raquel Oshio","image":{"@type":"ImageObject","inLanguage":"pt-BR","@id":"https:\/\/vestibulares.estrategia.com\/portal\/#\/schema\/person\/image\/","url":"https:\/\/secure.gravatar.com\/avatar\/fa4e62d5e59d9cf9995ea9c715a78807?s=96&d=mm&r=g","contentUrl":"https:\/\/secure.gravatar.com\/avatar\/fa4e62d5e59d9cf9995ea9c715a78807?s=96&d=mm&r=g","caption":"Raquel Oshio"},"description":"Amante de hist\u00f3rias e ca\u00e7adora de belezas escondidas. Jornalista de profiss\u00e3o e cora\u00e7\u00e3o. Desenhista e escritora de fic\u00e7\u00e3o nas horas vagas. Acredito no potencial transformador de todo trabalho feito com dedica\u00e7\u00e3o.","url":"https:\/\/vestibulares.estrategia.com\/portal\/author\/raquel-oshio\/"}]}},"_wl_alt_label":[],"wl:entity_url":"https:\/\/data.wordlift.io\/wl110249\/post\/gabarito-biologia-2a-fase-uece-2020","_links":{"self":[{"href":"https:\/\/vestibulares.estrategia.com\/portal\/wp-json\/wp\/v2\/posts\/36372","targetHints":{"allow":["GET"]}}],"collection":[{"href":"https:\/\/vestibulares.estrategia.com\/portal\/wp-json\/wp\/v2\/posts"}],"about":[{"href":"https:\/\/vestibulares.estrategia.com\/portal\/wp-json\/wp\/v2\/types\/post"}],"author":[{"embeddable":true,"href":"https:\/\/vestibulares.estrategia.com\/portal\/wp-json\/wp\/v2\/users\/18"}],"replies":[{"embeddable":true,"href":"https:\/\/vestibulares.estrategia.com\/portal\/wp-json\/wp\/v2\/comments?post=36372"}],"version-history":[{"count":3,"href":"https:\/\/vestibulares.estrategia.com\/portal\/wp-json\/wp\/v2\/posts\/36372\/revisions"}],"predecessor-version":[{"id":63219,"href":"https:\/\/vestibulares.estrategia.com\/portal\/wp-json\/wp\/v2\/posts\/36372\/revisions\/63219"}],"wp:featuredmedia":[{"embeddable":true,"href":"https:\/\/vestibulares.estrategia.com\/portal\/wp-json\/wp\/v2\/media\/36400"}],"wp:attachment":[{"href":"https:\/\/vestibulares.estrategia.com\/portal\/wp-json\/wp\/v2\/media?parent=36372"}],"wp:term":[{"taxonomy":"category","embeddable":true,"href":"https:\/\/vestibulares.estrategia.com\/portal\/wp-json\/wp\/v2\/categories?post=36372"},{"taxonomy":"post_tag","embeddable":true,"href":"https:\/\/vestibulares.estrategia.com\/portal\/wp-json\/wp\/v2\/tags?post=36372"},{"taxonomy":"wl_entity_type","embeddable":true,"href":"https:\/\/vestibulares.estrategia.com\/portal\/wp-json\/wp\/v2\/wl_entity_type?post=36372"}],"curies":[{"name":"wp","href":"https:\/\/api.w.org\/{rel}","templated":true}]}}