{"id":36401,"date":"2019-12-16T17:27:34","date_gmt":"2019-12-16T20:27:34","guid":{"rendered":"https:\/\/blog.estrategiavestibulares.com.br\/?p=36401"},"modified":"2021-06-30T08:01:07","modified_gmt":"2021-06-30T11:01:07","slug":"prova-famerp-2020-historia","status":"publish","type":"post","link":"https:\/\/vestibulares.estrategia.com\/portal\/materias\/historia\/prova-famerp-2020-historia\/","title":{"rendered":"Prova FAMERP 2020 \u2013 Hist\u00f3ria \u2013 Resolu\u00e7\u00e3o Comentada"},"content":{"rendered":"<p>Ol&aacute;, pessoal&hellip; Tudo bem? Sou o prof. Marco T&uacute;lio, do Estrat&eacute;gia Vestibulares, e escrevo este artigo para resolver as quest&otilde;es de <a href=\"https:\/\/vestibulares.estrategia.com\/portal\/category\/historia\/\" target=\"_blank\">Hist&oacute;ria<\/a> da prova da FAMERP 2020. Nesta p&aacute;gina, voc&ecirc; vai conferir a resolu&ccedil;&atilde;o comentada completa inclusive pode baix&aacute;-la em PDF.<h2 class=\"wp-block-heading\">Prova F<a href=\"https:\/\/vestibulares.estrategia.com\/portal\/vestibulares\/vestibular-famerp\/\" target=\"_blank\">AMERP 2020<\/a> &ndash; Hist&oacute;ria<\/h2><h3 class=\"wp-block-heading\">Quest&atilde;o 21<\/h3><p>Observe as tr&ecirc;s ordens da arquitetura grega cl&aacute;ssica.<\/p><div class=\"wp-block-image\"><figure class=\"aligncenter\"><img decoding=\"async\" src=\"https:\/\/cdn.blog.estrategiavestibulares.com.br\/vestibulares\/wp-content\/uploads\/2019\/12\/image111.png\" alt=\"\" class=\"wp-image-36415\"><\/figure><\/div><p>As tr&ecirc;s colunas correspondem, respectivamente, aos\nestilos:<\/p><p>(A) d&oacute;rico, j&ocirc;nico e cor&iacute;ntio.<\/p><p>(B) j&ocirc;nico, g&oacute;tico e rom&acirc;nico.<\/p><p>(C) rom&acirc;nico, cor&iacute;ntio e d&oacute;rico.<\/p><p>(D) g&oacute;tico, d&oacute;rico e barroco.<\/p><p>(E) cor&iacute;ntio, barroco e g&oacute;tico.<\/p><h3 class=\"wp-block-heading\">Resolu&ccedil;&atilde;o Comentada<\/h3><p>A alternativa A &eacute; a correta. Vale relembrar as tr&ecirc;s ordens\narquitet&ocirc;nicas criadas durante a Gr&eacute;cia Antiga:<\/p><p><strong>&ndash; <\/strong>Ordem d&oacute;rica <strong>&rarr; <\/strong>criada durante a domina&ccedil;&atilde;o do povo de mesmo\nnome da pen&iacute;nsula it&aacute;lica, este estilo &eacute; marcado por colunas robustas,\nutilizadas principalmente em templos de deuses masculinos. <\/p><p><strong>&ndash; <\/strong>Ordem j&ocirc;nica <strong>&rarr; <\/strong>Com apar&ecirc;ncia mais fluida que o estilo\nanterior, o j&ocirc;nico permitiu maior ornamenta&ccedil;&atilde;o de suas colunas com as volutas,\nque se assemelham a rolos.<\/p><p><strong>&ndash;<\/strong> Ordem cor&iacute;ntia <strong>&rarr;<\/strong> Mais ornamentada que as demais, a ordem\ncor&iacute;ntia se utiliza de v&aacute;rias folhas e brotos em seu capitel. <\/p><p>Para concluir, cabe destacar que os estilos g&oacute;tico e barroco foram desenvolvidos na Idade M&eacute;dia e na Idade Moderna, respectivamente.<\/p><p class=\"has-light-green-cyan-background-color has-background\"><strong>Gabarito: A<\/strong><\/p><h3 class=\"wp-block-heading\">Quest&atilde;o 22<\/h3><p>\n\n\n\n[&hellip;] o senhor faz-se homem de um senhor mais\npoderoso cuja for&ccedil;a, neste caso, j&aacute; n&atilde;o reside nos vest&iacute;gios de uma fun&ccedil;&atilde;o\np&uacute;blica, mas t&atilde;o s&oacute; na extens&atilde;o das terras e no n&uacute;mero de vassalos que o\nreconhecem como suserano. <\/p><p>(Charles Parain et al. Sobre o feudalismo, 1973. Apud\nHamilton M. Monteiro. O feudalismo: economia e sociedade, 1987.) <\/p><p>No &acirc;mbito da Idade M&eacute;dia ocidental, o texto\ncaracteriza <\/p><p>(A) os conflitos socioecon&ocirc;micos nos campos e a\nvaloriza&ccedil;&atilde;o da hegemonia mon&aacute;rquica. <\/p><p>(B) as rela&ccedil;&otilde;es baseadas na propriedade rural e o\ncontrole do poder pelos funcion&aacute;rios p&uacute;blicos. <\/p><p>(C) as concorr&ecirc;ncias entre donos de manufaturas e a\nrigidez da hierarquia social. <\/p><p>(D) as rela&ccedil;&otilde;es entre classes sociais distintas e o\nprinc&iacute;pio da soberania pol&iacute;tica. <\/p><p>(E) as rela&ccedil;&otilde;es internas &agrave; nobreza e a no&ccedil;&atilde;o de\nriqueza como posse de terras.<\/p><h3 class=\"wp-block-heading\">Resolu&ccedil;&atilde;o Comentada<\/h3><p>&ndash; A alternativa A est&aacute; incorreta, pois o Medievo Ocidental\nfoi marcado pela descentraliza&ccedil;&atilde;o pol&iacute;tica, que lega aos monarcas um papel\nquase figurativo.<\/p><p>&ndash; A alternativa B est&aacute; incorreta, pois a constru&ccedil;&atilde;o da ideia\nde burocracia remete &agrave; Idade Moderna, momento em que se verifica o\nfortalecimento das figuras dos monarcas.<\/p><p>&ndash; A alternativa C est&aacute; incorreta, pois o texto n&atilde;o faz\nmen&ccedil;&atilde;o &agrave; produ&ccedil;&atilde;o manufatureira no per&iacute;odo medieval. Al&eacute;m disso, a atividade\nartesanal em alguns centros urbanos foi organizada pelas corpora&ccedil;&otilde;es de of&iacute;cio,\nassocia&ccedil;&otilde;es que buscavam eliminar a concorr&ecirc;ncia entre artes&atilde;os, dentre outros\nobjetivos. <\/p><p>&ndash;&nbsp; A alternativa D\nest&aacute; incorreta, pois a ideia de soberania pol&iacute;tica foi desenvolvida a partir da\nIdade Moderna. <\/p><p>&ndash; A alternativa E &eacute; a resposta. <\/p><p class=\"has-light-green-cyan-background-color has-background\"><strong>Gabarito: A<\/strong><\/p><h3 class=\"wp-block-heading\">Quest&atilde;o 23<\/h3><p>\n\n\n\n[Maquiavel] elogia a <a href=\"https:\/\/vestibulares.estrategia.com\/portal\/historia\/republica-no-brasil\/\" target=\"_blank\">Rep&uacute;blica<\/a> romana como tendo sido a mais perfeita forma de governo e um verdadeiro Estado unido pelo esp&iacute;rito p&uacute;blico de seus cidad&atilde;os; no entanto, numa &eacute;poca como a sua, seria necess&aacute;rio um l&iacute;der que utilizasse a for&ccedil;a como princ&iacute;pio, tese que desenvolve em O Pr&iacute;ncipe. <\/p><p>(Teresa Aline Pereira de Queiroz. O Renascimento,\n1995.) <\/p><p>A obra O Pr&iacute;ncipe foi escrita por Maquiavel em 1513\ne publicada em 1532. Nela, o pensador florentino <\/p><p>(A) rejeita a no&ccedil;&atilde;o de rep&uacute;blica, valorizando o\nprinc&iacute;pio de participa&ccedil;&atilde;o pol&iacute;tica direta de todos os cidad&atilde;os. <\/p><p>(B) defende a submiss&atilde;o do poder secular ao poder\natemporal, reconhecendo a Igreja como o centro da vida pol&iacute;tica. <\/p><p>(C) analisa experi&ecirc;ncias pol&iacute;ticas do passado e do\npresente, propondo um modelo de atua&ccedil;&atilde;o do governante. <\/p><p>(D) celebra o princ&iacute;pio da experi&ecirc;ncia do indiv&iacute;duo,\nidentificando os conselhos dos anci&atilde;os como origem de todo poder. <\/p><p>(E) questiona o militarismo da Roma Antiga,\nsugerindo aos governantes abandonar projetos imperiais e expansionistas.<\/p><h3 class=\"wp-block-heading\">Resolu&ccedil;&atilde;o Comentada<\/h3><p>A alternativa A &eacute; a correta. Vale relembrar as tr&ecirc;s ordens\narquitet&ocirc;nicas criadas durante a Gr&eacute;cia <\/p><p class=\"has-light-green-cyan-background-color has-background\"><strong>Gabarito: A<\/strong><\/p><h3 class=\"wp-block-heading\">Quest&atilde;o 24<\/h3><p>A camada intermedi&aacute;ria abrangia, nas Minas,\nindiv&iacute;duos entregues a uma gama variada de atividades profissionais. Creio ser\nposs&iacute;vel arriscar a hip&oacute;tese de que poucos viviam com certo conforto e\ndespreocupa&ccedil;&atilde;o, a grande maioria sendo constitu&iacute;da pelos que tinham de lutar\ndiariamente pela subsist&ecirc;ncia, numa capitania inteiramente voltada para a faina\naur&iacute;fera e para a minera&ccedil;&atilde;o de diamantes. <\/p><p>(Laura Vergueiro. Opul&ecirc;ncia e mis&eacute;ria das Minas\nGerais, 1983.) <\/p><p>Entre os membros do grupo social apresentado no\ntexto, viviam nas Minas Gerais do s&eacute;culo XVIII: <\/p><p>(A) pecuaristas, alfaiates e escravos. <\/p><p>(B) vendeiros, bandeirantes e grandes produtores\nrurais. <\/p><p>(C) pintores, altos dignit&aacute;rios da Igreja e\nprostitutas. <\/p><p>(D) tropeiros, contratadores de diamante e romeiros.\n<\/p><p>(E) carpinteiros, padres e faiscadores.<\/p><h3 class=\"wp-block-heading\">Resolu&ccedil;&atilde;o Comentada<\/h3><p>Essa &eacute; uma quest&atilde;o em que o aluno poderia alcan&ccedil;ar a resposta por meio de elimina&ccedil;&atilde;o, bastando apenas desconsiderar as alternativas em que encontramos men&ccedil;&otilde;es a grupos privilegiados da Col&ocirc;nia. Dessa maneira, podemos desconsiderar as alternativas A, B, C e D, pois s&atilde;o indicados os pecuaristas, grandes produtores rurais, altos dignat&aacute;rios da Igreja e contratadores de diamantes.<\/p><p>Resta a alternativa E, que &eacute; a resposta correta. A sociedade do ouro inclu&iacute;a diversos homens livres e que n&atilde;o participavam diretamente da extra&ccedil;&atilde;o de metais preciosos, tais como carpinteiros, padres e faiscadores. Tamb&eacute;m poder&iacute;amos mencionar outros of&iacute;cios, como biscateiros, advogados, comerciantes e pr&aacute;ticos. <\/p><p class=\"has-light-green-cyan-background-color has-background\"><strong>Gabarito: E<\/strong><\/p><p><strong>Leia o texto para responder &agrave;s quest&otilde;es 25 e 26. <\/strong><\/p><p><em>Todo processo de industrializa&ccedil;&atilde;o &eacute; necessariamente doloroso, porque envolve a eros&atilde;o de padr&otilde;es de vida tradicionais. Contudo, na Gr&atilde;-Bretanha, ele ocorreu com uma viol&ecirc;ncia excepcional, e nunca foi acompanhado por um sentimento de participa&ccedil;&atilde;o nacional num esfor&ccedil;o comum, ao contr&aacute;rio do que se pode observar em pa&iacute;ses que atravessam uma revolu&ccedil;&atilde;o nacional. Sua &uacute;nica ideologia foi a dos patr&otilde;es. <\/em><\/p><p>(E.P. Thompson. A forma&ccedil;&atilde;o da classe oper&aacute;ria inglesa,\nvol. II, 1987.)<\/p><h3 class=\"wp-block-heading\">Quest&atilde;o 25<\/h3><p>O texto caracteriza o surgimento e a expans&atilde;o das\nf&aacute;bricas, na Gr&atilde;-Bretanha dos s&eacute;culos XVIII e XIX, como <\/p><p>(A) supera&ccedil;&atilde;o\ndo arca&iacute;smo da produ&ccedil;&atilde;o artesanal e manufatureira.<\/p><p>(B) vit&oacute;ria de um projeto coletivo de hegemonia\necon&ocirc;mica. <\/p><p>(C) resultado de forte avan&ccedil;o tecnol&oacute;gico. <\/p><p>(D) exemplo do eterno sofrimento das sociedades. <\/p><p>(E) afirma&ccedil;&atilde;o de um controle de classe.<\/p><h3 class=\"wp-block-heading\">Resolu&ccedil;&atilde;o Comentada<\/h3><p>Essa &eacute; uma quest&atilde;o de interpreta&ccedil;&atilde;o de texto. Vejamos as\nalternativas:<\/p><p>&ndash; A alternativa A est&aacute; incorreta.\nEmbora o texto sugira a supera&ccedil;&atilde;o da produ&ccedil;&atilde;o artesanal pelo modelo industrial,\npara aqueles indiv&iacute;duos que foram alijados de suas formas tradicionais de\norganiza&ccedil;&atilde;o econ&ocirc;mica, sua conserva&ccedil;&atilde;o n&atilde;o era encarada como um arca&iacute;smo.<\/p><p>&ndash;&nbsp;\nA alternativa B est&aacute; incorreta, pois conforme destaca o pr&oacute;prio texto, a\nRevolu&ccedil;&atilde;o Industrial n&atilde;o foi um processo resultante de um &ldquo;esfor&ccedil;o comum&rdquo; de\ntoda a na&ccedil;&atilde;o, mas apenas de uma determinada classe social.<\/p><p>&ndash; A alternativa C est&aacute; incorreta.\nSe indiscutivelmente a implanta&ccedil;&atilde;o do modelo industrial foi resultante de\ntransforma&ccedil;&otilde;es tecnol&oacute;gicas, o texto destaca a analisa por meio dos grupos\nsociais envolvidos no processo. <\/p><p>&ndash; A alternativa D est&aacute; incorreta,\npois a Revolu&ccedil;&atilde;o Industrial &eacute; apontada como uma ruptura que beneficiou os\nsetores que a acamparam.<\/p><p>&ndash; A alternativa E &eacute; a resposta.\nConforme destaca o historiador E.P. Thompson, a Revolu&ccedil;&atilde;o Industrial foi um processo\nacompanhado da reafirma&ccedil;&atilde;o da ideologia dos patr&otilde;es, varrendo formas\ntradicionais de organiza&ccedil;&atilde;o socioecon&ocirc;mica e enquadrando trabalhadores em um\nnovo modelo de produ&ccedil;&atilde;o.<\/p><p class=\"has-light-green-cyan-background-color has-background\"><strong>Gabarito: E<\/strong><\/p><h3 class=\"wp-block-heading\">Quest&atilde;o 26<\/h3><p>A associa&ccedil;&atilde;o das f&aacute;bricas com &ldquo;a eros&atilde;o de padr&otilde;es\nde vida tradicionais&rdquo; pode ser explicada pelo fato de que a industrializa&ccedil;&atilde;o\ngerou <\/p><p>(A) o primeiro movimento de &ecirc;xodo rural da hist&oacute;ria\ne o surgimento das grandes metr&oacute;poles europeias. <\/p><p>(B) a mudan&ccedil;a de comportamentos sociais e o avan&ccedil;o\ndo processo de disciplinariza&ccedil;&atilde;o do trabalho. <\/p><p>(C) a moderniza&ccedil;&atilde;o tecnol&oacute;gica e a valoriza&ccedil;&atilde;o do\nconhecimento da totalidade do processo produtivo pelos trabalhadores fabris. <\/p><p>(D) a constitui&ccedil;&atilde;o de um novo cotidiano dos\ntrabalhadores rurais e o imediato surgimento de leis de prote&ccedil;&atilde;o ao trabalho\nfabril. <\/p><p>(E) o fim do poder pol&iacute;tico e econ&ocirc;mico dos senhores\nfeudais e o desest&iacute;mulo &agrave;s pr&aacute;ticas m&iacute;sticas e religiosas.<\/p><h3 class=\"wp-block-heading\">Resolu&ccedil;&atilde;o Comentada<\/h3><p>&ndash; A alternativa A est&aacute; incorreta, afinal outros movimentos\nde &ecirc;xodo rural foram verificados ao longo da Hist&oacute;ria europeia. Como exemplo\ndisso, podemos citar o florescimento de cidades do continente durante a Baixa\nIdade M&eacute;dia.<\/p><p>&ndash; A alternativa B &eacute; a resposta. O modelo industrial\ndificultou a continuidade de formas tradicionais de organiza&ccedil;&atilde;o socioecon&ocirc;mica,\ncausando transforma&ccedil;&otilde;es em comportamentos sociais na Europa Ocidental. Neste\nprocesso verificou-se a transforma&ccedil;&atilde;o dos trabalhadores rurais e urbanos em\nprolet&aacute;rios, cuja m&atilde;o de obra passa a ser rigorosamente controlada nos espa&ccedil;os\nfabris. <\/p><p>&ndash; A alternativa C est&aacute; incorreta, pois diferentemente da\nprodu&ccedil;&atilde;o e de determinadas manufaturas, no modelo industrial os trabalhadores\nn&atilde;o se envolvem em todas as etapas de produ&ccedil;&atilde;o.<\/p><p>&ndash; A alternativa D est&aacute; incorreta. Embora a revolu&ccedil;&atilde;o\nindustrial tenha impactado no cotidiano dos trabalhadores, a Revolu&ccedil;&atilde;o\nIndustrial n&atilde;o foi imediatamente acompanhada por conquistas sociais.<\/p><p>&ndash; A alternativa E est&aacute; incorreta, afinal o modelo industrial\nn&atilde;o buscou a perturba&ccedil;&atilde;o de cren&ccedil;as religiosas conservadas pelos trabalhadores,\nmas o enquadramento de sua for&ccedil;a de trabalho &agrave;s demandas dos propriet&aacute;rios dos\nmeios de produ&ccedil;&atilde;o. <\/p><p class=\"has-light-green-cyan-background-color has-background\"><strong>Gabarito: B<\/strong><\/p><h3 class=\"wp-block-heading\">Quest&atilde;o 27<\/h3><p>A independ&ecirc;ncia foi, desse modo, ruptura e\ncontinuidade. <\/p><p>(Miriam Dolhnikoff. Hist&oacute;ria do Brasil Imp&eacute;rio, 2019.)\n<\/p><p>Na independ&ecirc;ncia brasileira, uma ruptura e uma\ncontinuidade podem ser exemplificadas, respectivamente, <\/p><p>(A) pelo esfor&ccedil;o de unifica&ccedil;&atilde;o nacional e pelo\nrespeito aos direitos trabalhistas. <\/p><p>(B) pelo afastamento da Gr&atilde;-Bretanha e pela\naproxima&ccedil;&atilde;o com os Estados Unidos. <\/p><p>(C) pela fragmenta&ccedil;&atilde;o pol&iacute;tica do territ&oacute;rio e pela\nhegemonia pol&iacute;tica das elites rurais. <\/p><p>(D) pelo rompimento em rela&ccedil;&atilde;o ao imp&eacute;rio portugu&ecirc;s\ne pela preserva&ccedil;&atilde;o da escravid&atilde;o. <\/p><p>(E) pela implanta&ccedil;&atilde;o do sistema republicano e pelo\nest&iacute;mulo &agrave; produ&ccedil;&atilde;o agr&iacute;cola.<\/p><h3 class=\"wp-block-heading\">Resolu&ccedil;&atilde;o Comentada<\/h3><p>&ndash; A alternativa A est&aacute; incorreta, pois o reconhecimento de\ndireitos sociais no Brasil se deu principalmente durante a Era Vargas. <\/p><p>&ndash; A alternativa B est&aacute; incorreta, pois a Gr&atilde;-Bretanha\npermaneceu pr&oacute;xima ao Brasil independente.<\/p><p>&ndash; A alternativa C est&aacute; incorreta, pois o territ&oacute;rio que\ncorrespondia &agrave; Col&ocirc;nia e Portugal na Am&eacute;rica foi conservado ao longo do\nprocesso de independ&ecirc;ncia do Brasil. <\/p><p>&ndash; A alternativa D &eacute; a resposta. Embora o processo de\nindepend&ecirc;ncia tenha culminado na emancipa&ccedil;&atilde;o do Brasil de sua antiga metr&oacute;pole,\nela conservou diversos elementos estruturais, incluindo a escravid&atilde;o. <\/p><p>&ndash; A alternativa E est&aacute; incorreta, pois a emancipa&ccedil;&atilde;o\npol&iacute;tica do Brasil conservou a monarquia como forma de governo do novo pa&iacute;s.<\/p><p class=\"has-light-green-cyan-background-color has-background\"><strong>Gabarito: B<\/strong><\/p><h3 class=\"wp-block-heading\">Quest&atilde;o 28<\/h3><p>Observe a charge de Storni, publicada na revista Careta em 19.02.1927. <\/p><div class=\"wp-block-image\"><figure class=\"aligncenter is-resized\"><img decoding=\"async\" src=\"https:\/\/cdn.blog.estrategiavestibulares.com.br\/vestibulares\/wp-content\/uploads\/2019\/12\/image112.png\" alt=\"\" class=\"wp-image-36423\" width=\"419\" height=\"349\"><figcaption>(Apud Renato Lemos (org.). Uma hist&oacute;ria do Brasil atrav&eacute;s da caricatura: 1840-2006, 2006.)<\/figcaption><\/figure><\/div><p>Divulgada durante a Primeira Rep&uacute;blica brasileira, a\ncharge faz refer&ecirc;ncia a uma <\/p><p>(A) a&ccedil;&atilde;o corrupta que permitia o desvio de verbas\np&uacute;blicas. <\/p><p>(B) pr&aacute;tica pol&iacute;tica que facilitava a continuidade\ndo dom&iacute;nio olig&aacute;rquico. <\/p><p>(C) proposi&ccedil;&atilde;o constitucional que determinava a\nobrigatoriedade do voto. <\/p><p>(D) experi&ecirc;ncia pol&iacute;tica que favorecia a soberania\ndo voto popular. <\/p><p>(E) lei eleitoral que visava garantir a fidelidade\ndo eleitor.<\/p><h3 class=\"wp-block-heading\">Resolu&ccedil;&atilde;o Comentada<\/h3><p>Essa era uma quest&atilde;o f&aacute;cil,\nafinal &eacute; bem prov&aacute;vel que voc&ecirc; j&aacute; tenha se deparado com essa charge antes. Ela\nrepresenta o coronelismo, fen&ocirc;meno pol&iacute;tico ocorrido na Primeira Rep&uacute;blica e\nque se caracteriza pelo peso exercido pelos grandes propriet&aacute;rios rurais,\nchamados de &ldquo;coron&eacute;is&rdquo;, nos processos eleitorais. Por meio do uso da viol&ecirc;ncia,\nfraudes e manipula&ccedil;&otilde;es de toda ordem, as elites agr&aacute;rias faziam com que nomes\nligados aos seus interesses privados fossem eleitos pelas urnas, sendo, por\nisso, a base local para arranjos pol&iacute;ticos que conservavam uma restrita camada\nsocial no poder &ndash; os oligarcas. A alternativa B, portanto, &eacute; a correta.<\/p><p>Quanto &agrave;s demais alternativas,<\/p><ul class=\"wp-block-list\"><li><em>&ndash; a alternativa A est&aacute; incorreta, pois a corrup&ccedil;&atilde;o denunciada pela charge n&atilde;o era praticada no er&aacute;rio p&uacute;blico, mas nos processos eleitorais.<\/em><\/li><li><em>&ndash; a alternativa C est&aacute; incorreta, pois o voto n&atilde;o era obrigat&oacute;rio durante a Primeira Rep&uacute;blica. Vale destacar que o per&iacute;odo foi marcado por altos &iacute;ndices de absten&ccedil;&atilde;o eleitoral.<\/em><\/li><li><em>&ndash; a alternativa D est&aacute; incorreta, afinal o voto do eleitor estava sujeito a fraudes cometidas a mando dos chefes pol&iacute;ticos locais.<\/em><\/li><li><em>&ndash; a alternativa E est&aacute; incorreta, pois a manipula&ccedil;&atilde;o eleitoral e os elevados &iacute;ndices de absten&ccedil;&atilde;o impediam a fideliza&ccedil;&atilde;o do eleitorado. Al&eacute;m disso, os partidos da Primeira Rep&uacute;blica n&atilde;o estimulam o engajamento dos cidad&atilde;os.<\/em><\/li><\/ul><p class=\"has-light-green-cyan-background-color has-background\"><strong>Gabarito: B<\/strong><\/p><h3 class=\"wp-block-heading\">Quest&atilde;o 29<\/h3><p>Dentro e fora dos campos [de concentra&ccedil;&atilde;o], as SS\nlevaram at&eacute; as &uacute;ltimas consequ&ecirc;ncias a pol&iacute;tica racista e expansionista do\nnazismo. A princ&iacute;pio, os presos pol&iacute;ticos eram os mais visados para serem\nenviados aos campos. Esse tratamento era tamb&eacute;m dispensado aos grevistas,\nsabotadores e adeptos da resist&ecirc;ncia, mesmo nos territ&oacute;rios estrangeiros. O\nleque de perseguidos abriu-se na dire&ccedil;&atilde;o de judeus, ciganos, presos comuns,\ndoentes mentais, padres e cl&eacute;rigos, homossexuais. <\/p><p>(Alcir Lenharo. Nazismo, o triunfo da vontade, 1986.) <\/p><p>O trecho analisa a atua&ccedil;&atilde;o das SS, tropas nazistas,\ne estabelece um v&iacute;nculo entre sua <\/p><p>(A) concep&ccedil;&atilde;o de militariza&ccedil;&atilde;o da sociedade alem&atilde; e\na disposi&ccedil;&atilde;o de aliar-se a grupos pol&iacute;ticos de esquerda. <\/p><p>(B) a&ccedil;&atilde;o de controle pol&iacute;tico e social e o conjunto\nde valores e princ&iacute;pios excludentes que movia o nazismo. <\/p><p>(C) proposta de disciplinariza&ccedil;&atilde;o da sociedade alem&atilde;\ne o respeito &agrave;s pr&aacute;ticas econ&ocirc;micas e pol&iacute;ticas liberais. <\/p><p>(D) inten&ccedil;&atilde;o de implantar uma ditadura na Alemanha e\na ideologia marxista que servia de base ao pensamento nazista. <\/p><p>(E) articula&ccedil;&atilde;o com sindicatos de trabalhadores e o\nposicionamento pol&iacute;tico direitista que caracterizava o nazismo.<\/p><h3 class=\"wp-block-heading\">Resolu&ccedil;&atilde;o Comentada<\/h3><p>&ndash; As alternativas A e D est&atilde;o incorretas, afinal os produ&ccedil;&otilde;es e grupos de esquerda foram perseguidos pelo Terceiro Reich. O pr&oacute;prio Hitler teria dito em entrevista que o <a href=\"https:\/\/vestibulares.estrategia.com\/portal\/sociologia\/marxismo\/\" target=\"_blank\">marxismo<\/a> n&atilde;o tinha o direito de se disfar&ccedil;ar de socialismo, e que este seria retirado dos socialistas.<\/p><p>&ndash; A alternativa B &eacute; a resposta. Dentre as principais\ncaracter&iacute;sticas do nazismo, pode ser destacado o racismo, que defendia a\nsuperioridade da &ldquo;ra&ccedil;a ariana&rdquo; em rela&ccedil;&atilde;o &agrave;s demais. Dessa maneira, o Terceiro\nReich buscou combater todos os grupos sociais que considerava amea&ccedil;adores &agrave;\npureza e aos valores alem&atilde;es, como judeus, ciganos e doentes mentais. <\/p><p>&ndash; A alternativa C est&aacute; incorreta, afinal o nazismo foi uma\nideologia de vi&eacute;s anti-liberal, ou seja, defendiam a disciplinariza&ccedil;&atilde;o da\neconomia e da pol&iacute;tica pelo Estado.<\/p><p>&ndash; A alternativa E est&aacute; incorreta, afinal os sindicatos foram\naglutinados pelo Terceiro Reich a partir do corporativismo, sendo perseguidas\nlideran&ccedil;as que se opusessem &agrave; presen&ccedil;a do Estado na media&ccedil;&atilde;o das rela&ccedil;&otilde;es entre\npatr&otilde;es e empregados. <\/p><p class=\"has-light-green-cyan-background-color has-background\"><strong>Gabarito: B<\/strong><\/p><h3 class=\"wp-block-heading\">Quest&atilde;o 30<\/h3><p>Observe a charge de Lan, publicada no Jornal do Brasil em 13.06.1963.<\/p><div class=\"wp-block-image\"><figure class=\"aligncenter\"><img decoding=\"async\" src=\"https:\/\/cdn.blog.estrategiavestibulares.com.br\/vestibulares\/wp-content\/uploads\/2019\/12\/image113.png\" alt=\"\" class=\"wp-image-36426\"><\/figure><\/div><p>A charge representa o ent&atilde;o presidente Jo&atilde;o Goulart,\n<\/p><p>(A) ironizando sua indefini&ccedil;&atilde;o pol&iacute;tico-ideol&oacute;gica. <\/p><p>(B) destacando sua f&eacute; e sua religiosidade. <\/p><p>(C) satirizando sua complicada vida familiar. <\/p><p>(D) valorizando sua capacidade de media&ccedil;&atilde;o pol&iacute;tica.\n<\/p><p>(E) enfatizando a neutralidade de sua posi&ccedil;&atilde;o\npartid&aacute;ria.<\/p><p>caracterizava o nazismo.<\/p><h3 class=\"wp-block-heading\">Resolu&ccedil;&atilde;o Comentada<\/h3><p>Essa &eacute; uma quest&atilde;o que requer a interpreta&ccedil;&atilde;o da caricatura. Ao sugerir que Jo&atilde;o Goulart rezava para se casar com a esquerda, o centro e a direita, o autor critica sua pusilanimidade ideol&oacute;gica, ou seja, sua flexibilidade para aliar-se junto a qualquer campo ideol&oacute;gico. Dito isso, a alternativa A [e a resposta.<\/p><ul class=\"wp-block-list\"><li><em>&ndash; A alternativa B est&aacute; incorreta, pois Jango n&atilde;o aparece rezando para Deus, mas para mulheres que representam grupos do cen&aacute;rio pol&iacute;tico brasileiro.<\/em><\/li><li><em>&ndash; A alternativa C est&aacute; incorreta, pois a caricatura faz refer&ecirc;ncia a aspectos da vida p&uacute;blica de Jango.<\/em><\/li><li><em>&ndash; A alternativa D est&aacute; incorreta, afinal o personagem foi retratado como indeciso diante das possibilidades de alian&ccedil;as pol&iacute;ticas.<\/em><\/li><li><em>&ndash; A alternativa E est&aacute; incorreta, afinal a caricatura critica justamente sua incapacidade de tomar uma posi&ccedil;&atilde;o no campo pol&iacute;tico-partid&aacute;rio do per&iacute;odo.<\/em> <\/li><\/ul><p class=\"has-light-green-cyan-background-color has-background\"><strong>Gabarito: A<\/strong><\/p><p>&Eacute; isso, pessoal! Espero que tenham curtido a resolu&ccedil;&atilde;o da prova de Hist&oacute;ria do vestibular FAMERP 2020.&nbsp;Sigam-me nas redes sociais. T&ecirc;m muitas dicas l&aacute;. Mande uma mensagem, caso tenha tido alguma d&uacute;vida.<\/p><div class=\"wp-block-file\">\"&gt;Prova FAMERP 2020 &ndash; Hist&oacute;ria\" class=\"wp-block-file__button\" download&gt;Baixar<\/div><p>Abra&ccedil;os!<\/p><p><strong>Instagram:<\/strong>&nbsp;<a href=\"https:\/\/www.instagram.com\/profmarco.tulio\/\" target=\"_blank\" rel=\"noopener noreferrer\">@profmarco.tulio<\/a><\/p><p class=\"has-text-align-center has-pale-cyan-blue-background-color has-background has-medium-font-size\"><a href=\"https:\/\/estrategiavestibulares.com.br\/pacotes\/\" target=\"_blank\" aria-label=\"CURSOS PARA VESTIBULAR (abre numa nova aba)\">CURSOS PARA VESTIBULAR<\/a><\/p><\/p>\n","protected":false},"excerpt":{"rendered":"Ol&aacute;, pessoal&hellip; Tudo bem? Sou o prof. Marco T&uacute;lio, do Estrat&eacute;gia Vestibulares, e escrevo este artigo para resolver&hellip;\n","protected":false},"author":18,"featured_media":36432,"comment_status":"open","ping_status":"open","sticky":false,"template":"","format":"standard","meta":{"wl_entities_gutenberg":"","footnotes":""},"categories":[32],"tags":[],"wl_entity_type":[732],"class_list":{"0":"post-36401","1":"post","2":"type-post","3":"status-publish","4":"format-standard","5":"has-post-thumbnail","7":"category-historia","8":"wl_entity_type-article"},"acf":[],"yoast_head":"<!-- This site is optimized with the Yoast SEO Premium plugin v25.9 (Yoast SEO v25.9) - https:\/\/yoast.com\/wordpress\/plugins\/seo\/ -->\n<title>Prova FAMERP 2020 \u2013 Hist\u00f3ria \u2013 Resolu\u00e7\u00e3o Comentada<\/title>\n<meta name=\"description\" content=\"Voc\u00ea participou do Vestibular Famerp 2020? Confira a resolu\u00e7\u00e3o comentada das quest\u00f5es de Hist\u00f3ria do processo seletivo!\" \/>\n<meta name=\"robots\" content=\"index, follow, max-snippet:-1, max-image-preview:large, max-video-preview:-1\" \/>\n<link rel=\"canonical\" href=\"https:\/\/vestibulares.estrategia.com\/portal\/materias\/historia\/prova-famerp-2020-historia\/\" \/>\n<meta property=\"og:locale\" content=\"pt_BR\" \/>\n<meta property=\"og:type\" content=\"article\" \/>\n<meta property=\"og:title\" content=\"Prova FAMERP 2020 \u2013 Hist\u00f3ria \u2013 Resolu\u00e7\u00e3o Comentada\" \/>\n<meta property=\"og:description\" content=\"Voc\u00ea participou do Vestibular Famerp 2020? Confira a resolu\u00e7\u00e3o comentada das quest\u00f5es de Hist\u00f3ria do processo seletivo!\" \/>\n<meta property=\"og:url\" content=\"https:\/\/vestibulares.estrategia.com\/portal\/materias\/historia\/prova-famerp-2020-historia\/\" \/>\n<meta property=\"og:site_name\" content=\"Estrat\u00e9gia Vestibulares\" \/>\n<meta property=\"article:publisher\" content=\"https:\/\/facebook.com\/estrategiavestibulares\" \/>\n<meta property=\"article:published_time\" content=\"2019-12-16T20:27:34+00:00\" \/>\n<meta property=\"article:modified_time\" content=\"2021-06-30T11:01:07+00:00\" \/>\n<meta property=\"og:image\" content=\"https:\/\/cdn.blog.estrategiavestibulares.com.br\/vestibulares\/wp-content\/uploads\/2019\/12\/16172723\/prova-famerp-2020-histC3B3ria.png\" \/>\n\t<meta property=\"og:image:width\" content=\"500\" \/>\n\t<meta property=\"og:image:height\" content=\"334\" \/>\n\t<meta property=\"og:image:type\" content=\"image\/png\" \/>\n<meta name=\"author\" content=\"Raquel Oshio\" \/>\n<meta name=\"twitter:card\" content=\"summary_large_image\" \/>\n<meta name=\"twitter:creator\" content=\"@Estrategiavest\" \/>\n<meta name=\"twitter:site\" content=\"@Estrategiavest\" \/>\n<meta name=\"twitter:label1\" content=\"Escrito por\" \/>\n\t<meta name=\"twitter:data1\" content=\"Raquel Oshio\" \/>\n\t<meta name=\"twitter:label2\" content=\"Est. tempo de leitura\" \/>\n\t<meta name=\"twitter:data2\" content=\"12 minutos\" \/>\n<script type=\"application\/ld+json\" class=\"yoast-schema-graph\">{\"@context\":\"https:\/\/schema.org\",\"@graph\":[{\"@type\":\"Article\",\"@id\":\"https:\/\/vestibulares.estrategia.com\/portal\/materias\/historia\/prova-famerp-2020-historia\/#article\",\"isPartOf\":{\"@id\":\"https:\/\/vestibulares.estrategia.com\/portal\/materias\/historia\/prova-famerp-2020-historia\/\"},\"author\":{\"name\":\"Raquel Oshio\",\"@id\":\"https:\/\/vestibulares.estrategia.com\/portal\/#\/schema\/person\/04682fc62e7ab3b51a4f9434ae8844da\"},\"headline\":\"Prova FAMERP 2020 \u2013 Hist\u00f3ria \u2013 Resolu\u00e7\u00e3o Comentada\",\"datePublished\":\"2019-12-16T20:27:34+00:00\",\"dateModified\":\"2021-06-30T11:01:07+00:00\",\"mainEntityOfPage\":{\"@id\":\"https:\/\/vestibulares.estrategia.com\/portal\/materias\/historia\/prova-famerp-2020-historia\/\"},\"wordCount\":2937,\"commentCount\":0,\"publisher\":{\"@id\":\"https:\/\/vestibulares.estrategia.com\/portal\/#organization\"},\"image\":{\"@id\":\"https:\/\/vestibulares.estrategia.com\/portal\/materias\/historia\/prova-famerp-2020-historia\/#primaryimage\"},\"thumbnailUrl\":\"https:\/\/vestibulares.estrategia.com\/portal\/wp-content\/uploads\/2019\/12\/prova-famerp-2020-histC3B3ria.png\",\"articleSection\":[\"Hist\u00f3ria\"],\"inLanguage\":\"pt-BR\",\"potentialAction\":[{\"@type\":\"CommentAction\",\"name\":\"Comment\",\"target\":[\"https:\/\/vestibulares.estrategia.com\/portal\/materias\/historia\/prova-famerp-2020-historia\/#respond\"]}]},{\"@type\":\"WebPage\",\"@id\":\"https:\/\/vestibulares.estrategia.com\/portal\/materias\/historia\/prova-famerp-2020-historia\/\",\"url\":\"https:\/\/vestibulares.estrategia.com\/portal\/materias\/historia\/prova-famerp-2020-historia\/\",\"name\":\"Prova FAMERP 2020 \u2013 Hist\u00f3ria \u2013 Resolu\u00e7\u00e3o Comentada\",\"isPartOf\":{\"@id\":\"https:\/\/vestibulares.estrategia.com\/portal\/#website\"},\"primaryImageOfPage\":{\"@id\":\"https:\/\/vestibulares.estrategia.com\/portal\/materias\/historia\/prova-famerp-2020-historia\/#primaryimage\"},\"image\":{\"@id\":\"https:\/\/vestibulares.estrategia.com\/portal\/materias\/historia\/prova-famerp-2020-historia\/#primaryimage\"},\"thumbnailUrl\":\"https:\/\/vestibulares.estrategia.com\/portal\/wp-content\/uploads\/2019\/12\/prova-famerp-2020-histC3B3ria.png\",\"datePublished\":\"2019-12-16T20:27:34+00:00\",\"dateModified\":\"2021-06-30T11:01:07+00:00\",\"description\":\"Voc\u00ea participou do Vestibular Famerp 2020? Confira a resolu\u00e7\u00e3o comentada das quest\u00f5es de Hist\u00f3ria do processo seletivo!\",\"breadcrumb\":{\"@id\":\"https:\/\/vestibulares.estrategia.com\/portal\/materias\/historia\/prova-famerp-2020-historia\/#breadcrumb\"},\"inLanguage\":\"pt-BR\",\"potentialAction\":[{\"@type\":\"ReadAction\",\"target\":[\"https:\/\/vestibulares.estrategia.com\/portal\/materias\/historia\/prova-famerp-2020-historia\/\"]}]},{\"@type\":\"ImageObject\",\"inLanguage\":\"pt-BR\",\"@id\":\"https:\/\/vestibulares.estrategia.com\/portal\/materias\/historia\/prova-famerp-2020-historia\/#primaryimage\",\"url\":\"https:\/\/vestibulares.estrategia.com\/portal\/wp-content\/uploads\/2019\/12\/prova-famerp-2020-histC3B3ria.png\",\"contentUrl\":\"https:\/\/vestibulares.estrategia.com\/portal\/wp-content\/uploads\/2019\/12\/prova-famerp-2020-histC3B3ria.png\",\"width\":500,\"height\":334,\"caption\":\"prova famerp 2020 hist\u00f3ria\"},{\"@type\":\"BreadcrumbList\",\"@id\":\"https:\/\/vestibulares.estrategia.com\/portal\/materias\/historia\/prova-famerp-2020-historia\/#breadcrumb\",\"itemListElement\":[{\"@type\":\"ListItem\",\"position\":1,\"name\":\"Home\",\"item\":\"https:\/\/vestibulares.estrategia.com\/portal\/\"},{\"@type\":\"ListItem\",\"position\":2,\"name\":\"Mat\u00e9rias\",\"item\":\"https:\/\/vestibulares.estrategia.com\/portal\/materias\/\"},{\"@type\":\"ListItem\",\"position\":3,\"name\":\"Hist\u00f3ria\",\"item\":\"https:\/\/vestibulares.estrategia.com\/portal\/materias\/historia\/\"},{\"@type\":\"ListItem\",\"position\":4,\"name\":\"Prova FAMERP 2020 \u2013 Hist\u00f3ria \u2013 Resolu\u00e7\u00e3o Comentada\"}]},{\"@type\":\"WebSite\",\"@id\":\"https:\/\/vestibulares.estrategia.com\/portal\/#website\",\"url\":\"https:\/\/vestibulares.estrategia.com\/portal\/\",\"name\":\"Estrat\u00e9gia Vestibulares\",\"description\":\"\",\"publisher\":{\"@id\":\"https:\/\/vestibulares.estrategia.com\/portal\/#organization\"},\"potentialAction\":[{\"@type\":\"SearchAction\",\"target\":{\"@type\":\"EntryPoint\",\"urlTemplate\":\"https:\/\/vestibulares.estrategia.com\/portal\/?s={search_term_string}\"},\"query-input\":{\"@type\":\"PropertyValueSpecification\",\"valueRequired\":true,\"valueName\":\"search_term_string\"}}],\"inLanguage\":\"pt-BR\"},{\"@type\":\"Organization\",\"@id\":\"https:\/\/vestibulares.estrategia.com\/portal\/#organization\",\"name\":\"Estrat\u00e9gia Vestibulares\",\"url\":\"https:\/\/vestibulares.estrategia.com\/portal\/\",\"logo\":{\"@type\":\"ImageObject\",\"inLanguage\":\"pt-BR\",\"@id\":\"https:\/\/vestibulares.estrategia.com\/portal\/#\/schema\/logo\/image\/\",\"url\":\"https:\/\/vestibulares.estrategia.com\/portal\/wp-content\/uploads\/2021\/06\/Logo-Vestibulares@4x.png\",\"contentUrl\":\"https:\/\/vestibulares.estrategia.com\/portal\/wp-content\/uploads\/2021\/06\/Logo-Vestibulares@4x.png\",\"width\":250,\"height\":66,\"caption\":\"Estrat\u00e9gia Vestibulares\"},\"image\":{\"@id\":\"https:\/\/vestibulares.estrategia.com\/portal\/#\/schema\/logo\/image\/\"},\"sameAs\":[\"https:\/\/facebook.com\/estrategiavestibulares\",\"https:\/\/x.com\/Estrategiavest\",\"https:\/\/www.instagram.com\/estrategiavestibulares\",\"https:\/\/www.youtube.com\/channel\/UCGWdZy8ULI-7_5GrABa4vNA\"]},{\"@type\":\"Person\",\"@id\":\"https:\/\/vestibulares.estrategia.com\/portal\/#\/schema\/person\/04682fc62e7ab3b51a4f9434ae8844da\",\"name\":\"Raquel Oshio\",\"image\":{\"@type\":\"ImageObject\",\"inLanguage\":\"pt-BR\",\"@id\":\"https:\/\/vestibulares.estrategia.com\/portal\/#\/schema\/person\/image\/\",\"url\":\"https:\/\/secure.gravatar.com\/avatar\/fa4e62d5e59d9cf9995ea9c715a78807?s=96&d=mm&r=g\",\"contentUrl\":\"https:\/\/secure.gravatar.com\/avatar\/fa4e62d5e59d9cf9995ea9c715a78807?s=96&d=mm&r=g\",\"caption\":\"Raquel Oshio\"},\"description\":\"Amante de hist\u00f3rias e ca\u00e7adora de belezas escondidas. Jornalista de profiss\u00e3o e cora\u00e7\u00e3o. Desenhista e escritora de fic\u00e7\u00e3o nas horas vagas. Acredito no potencial transformador de todo trabalho feito com dedica\u00e7\u00e3o.\",\"url\":\"https:\/\/vestibulares.estrategia.com\/portal\/author\/raquel-oshio\/\"}]}<\/script>\n<!-- \/ Yoast SEO Premium plugin. -->","yoast_head_json":{"title":"Prova FAMERP 2020 \u2013 Hist\u00f3ria \u2013 Resolu\u00e7\u00e3o Comentada","description":"Voc\u00ea participou do Vestibular Famerp 2020? Confira a resolu\u00e7\u00e3o comentada das quest\u00f5es de Hist\u00f3ria do processo seletivo!","robots":{"index":"index","follow":"follow","max-snippet":"max-snippet:-1","max-image-preview":"max-image-preview:large","max-video-preview":"max-video-preview:-1"},"canonical":"https:\/\/vestibulares.estrategia.com\/portal\/materias\/historia\/prova-famerp-2020-historia\/","og_locale":"pt_BR","og_type":"article","og_title":"Prova FAMERP 2020 \u2013 Hist\u00f3ria \u2013 Resolu\u00e7\u00e3o Comentada","og_description":"Voc\u00ea participou do Vestibular Famerp 2020? Confira a resolu\u00e7\u00e3o comentada das quest\u00f5es de Hist\u00f3ria do processo seletivo!","og_url":"https:\/\/vestibulares.estrategia.com\/portal\/materias\/historia\/prova-famerp-2020-historia\/","og_site_name":"Estrat\u00e9gia Vestibulares","article_publisher":"https:\/\/facebook.com\/estrategiavestibulares","article_published_time":"2019-12-16T20:27:34+00:00","article_modified_time":"2021-06-30T11:01:07+00:00","og_image":[{"width":500,"height":334,"url":"https:\/\/cdn.blog.estrategiavestibulares.com.br\/vestibulares\/wp-content\/uploads\/2019\/12\/16172723\/prova-famerp-2020-histC3B3ria.png","type":"image\/png"}],"author":"Raquel Oshio","twitter_card":"summary_large_image","twitter_creator":"@Estrategiavest","twitter_site":"@Estrategiavest","twitter_misc":{"Escrito por":"Raquel Oshio","Est. tempo de leitura":"12 minutos"},"schema":{"@context":"https:\/\/schema.org","@graph":[{"@type":"Article","@id":"https:\/\/vestibulares.estrategia.com\/portal\/materias\/historia\/prova-famerp-2020-historia\/#article","isPartOf":{"@id":"https:\/\/vestibulares.estrategia.com\/portal\/materias\/historia\/prova-famerp-2020-historia\/"},"author":{"name":"Raquel Oshio","@id":"https:\/\/vestibulares.estrategia.com\/portal\/#\/schema\/person\/04682fc62e7ab3b51a4f9434ae8844da"},"headline":"Prova FAMERP 2020 \u2013 Hist\u00f3ria \u2013 Resolu\u00e7\u00e3o Comentada","datePublished":"2019-12-16T20:27:34+00:00","dateModified":"2021-06-30T11:01:07+00:00","mainEntityOfPage":{"@id":"https:\/\/vestibulares.estrategia.com\/portal\/materias\/historia\/prova-famerp-2020-historia\/"},"wordCount":2937,"commentCount":0,"publisher":{"@id":"https:\/\/vestibulares.estrategia.com\/portal\/#organization"},"image":{"@id":"https:\/\/vestibulares.estrategia.com\/portal\/materias\/historia\/prova-famerp-2020-historia\/#primaryimage"},"thumbnailUrl":"https:\/\/vestibulares.estrategia.com\/portal\/wp-content\/uploads\/2019\/12\/prova-famerp-2020-histC3B3ria.png","articleSection":["Hist\u00f3ria"],"inLanguage":"pt-BR","potentialAction":[{"@type":"CommentAction","name":"Comment","target":["https:\/\/vestibulares.estrategia.com\/portal\/materias\/historia\/prova-famerp-2020-historia\/#respond"]}]},{"@type":"WebPage","@id":"https:\/\/vestibulares.estrategia.com\/portal\/materias\/historia\/prova-famerp-2020-historia\/","url":"https:\/\/vestibulares.estrategia.com\/portal\/materias\/historia\/prova-famerp-2020-historia\/","name":"Prova FAMERP 2020 \u2013 Hist\u00f3ria \u2013 Resolu\u00e7\u00e3o Comentada","isPartOf":{"@id":"https:\/\/vestibulares.estrategia.com\/portal\/#website"},"primaryImageOfPage":{"@id":"https:\/\/vestibulares.estrategia.com\/portal\/materias\/historia\/prova-famerp-2020-historia\/#primaryimage"},"image":{"@id":"https:\/\/vestibulares.estrategia.com\/portal\/materias\/historia\/prova-famerp-2020-historia\/#primaryimage"},"thumbnailUrl":"https:\/\/vestibulares.estrategia.com\/portal\/wp-content\/uploads\/2019\/12\/prova-famerp-2020-histC3B3ria.png","datePublished":"2019-12-16T20:27:34+00:00","dateModified":"2021-06-30T11:01:07+00:00","description":"Voc\u00ea participou do Vestibular Famerp 2020? Confira a resolu\u00e7\u00e3o comentada das quest\u00f5es de Hist\u00f3ria do processo seletivo!","breadcrumb":{"@id":"https:\/\/vestibulares.estrategia.com\/portal\/materias\/historia\/prova-famerp-2020-historia\/#breadcrumb"},"inLanguage":"pt-BR","potentialAction":[{"@type":"ReadAction","target":["https:\/\/vestibulares.estrategia.com\/portal\/materias\/historia\/prova-famerp-2020-historia\/"]}]},{"@type":"ImageObject","inLanguage":"pt-BR","@id":"https:\/\/vestibulares.estrategia.com\/portal\/materias\/historia\/prova-famerp-2020-historia\/#primaryimage","url":"https:\/\/vestibulares.estrategia.com\/portal\/wp-content\/uploads\/2019\/12\/prova-famerp-2020-histC3B3ria.png","contentUrl":"https:\/\/vestibulares.estrategia.com\/portal\/wp-content\/uploads\/2019\/12\/prova-famerp-2020-histC3B3ria.png","width":500,"height":334,"caption":"prova famerp 2020 hist\u00f3ria"},{"@type":"BreadcrumbList","@id":"https:\/\/vestibulares.estrategia.com\/portal\/materias\/historia\/prova-famerp-2020-historia\/#breadcrumb","itemListElement":[{"@type":"ListItem","position":1,"name":"Home","item":"https:\/\/vestibulares.estrategia.com\/portal\/"},{"@type":"ListItem","position":2,"name":"Mat\u00e9rias","item":"https:\/\/vestibulares.estrategia.com\/portal\/materias\/"},{"@type":"ListItem","position":3,"name":"Hist\u00f3ria","item":"https:\/\/vestibulares.estrategia.com\/portal\/materias\/historia\/"},{"@type":"ListItem","position":4,"name":"Prova FAMERP 2020 \u2013 Hist\u00f3ria \u2013 Resolu\u00e7\u00e3o Comentada"}]},{"@type":"WebSite","@id":"https:\/\/vestibulares.estrategia.com\/portal\/#website","url":"https:\/\/vestibulares.estrategia.com\/portal\/","name":"Estrat\u00e9gia Vestibulares","description":"","publisher":{"@id":"https:\/\/vestibulares.estrategia.com\/portal\/#organization"},"potentialAction":[{"@type":"SearchAction","target":{"@type":"EntryPoint","urlTemplate":"https:\/\/vestibulares.estrategia.com\/portal\/?s={search_term_string}"},"query-input":{"@type":"PropertyValueSpecification","valueRequired":true,"valueName":"search_term_string"}}],"inLanguage":"pt-BR"},{"@type":"Organization","@id":"https:\/\/vestibulares.estrategia.com\/portal\/#organization","name":"Estrat\u00e9gia Vestibulares","url":"https:\/\/vestibulares.estrategia.com\/portal\/","logo":{"@type":"ImageObject","inLanguage":"pt-BR","@id":"https:\/\/vestibulares.estrategia.com\/portal\/#\/schema\/logo\/image\/","url":"https:\/\/vestibulares.estrategia.com\/portal\/wp-content\/uploads\/2021\/06\/Logo-Vestibulares@4x.png","contentUrl":"https:\/\/vestibulares.estrategia.com\/portal\/wp-content\/uploads\/2021\/06\/Logo-Vestibulares@4x.png","width":250,"height":66,"caption":"Estrat\u00e9gia Vestibulares"},"image":{"@id":"https:\/\/vestibulares.estrategia.com\/portal\/#\/schema\/logo\/image\/"},"sameAs":["https:\/\/facebook.com\/estrategiavestibulares","https:\/\/x.com\/Estrategiavest","https:\/\/www.instagram.com\/estrategiavestibulares","https:\/\/www.youtube.com\/channel\/UCGWdZy8ULI-7_5GrABa4vNA"]},{"@type":"Person","@id":"https:\/\/vestibulares.estrategia.com\/portal\/#\/schema\/person\/04682fc62e7ab3b51a4f9434ae8844da","name":"Raquel Oshio","image":{"@type":"ImageObject","inLanguage":"pt-BR","@id":"https:\/\/vestibulares.estrategia.com\/portal\/#\/schema\/person\/image\/","url":"https:\/\/secure.gravatar.com\/avatar\/fa4e62d5e59d9cf9995ea9c715a78807?s=96&d=mm&r=g","contentUrl":"https:\/\/secure.gravatar.com\/avatar\/fa4e62d5e59d9cf9995ea9c715a78807?s=96&d=mm&r=g","caption":"Raquel Oshio"},"description":"Amante de hist\u00f3rias e ca\u00e7adora de belezas escondidas. Jornalista de profiss\u00e3o e cora\u00e7\u00e3o. Desenhista e escritora de fic\u00e7\u00e3o nas horas vagas. Acredito no potencial transformador de todo trabalho feito com dedica\u00e7\u00e3o.","url":"https:\/\/vestibulares.estrategia.com\/portal\/author\/raquel-oshio\/"}]}},"_wl_alt_label":[],"wl:entity_url":"https:\/\/data.wordlift.io\/wl110249\/post\/prova-famerp-2020-historia","_links":{"self":[{"href":"https:\/\/vestibulares.estrategia.com\/portal\/wp-json\/wp\/v2\/posts\/36401","targetHints":{"allow":["GET"]}}],"collection":[{"href":"https:\/\/vestibulares.estrategia.com\/portal\/wp-json\/wp\/v2\/posts"}],"about":[{"href":"https:\/\/vestibulares.estrategia.com\/portal\/wp-json\/wp\/v2\/types\/post"}],"author":[{"embeddable":true,"href":"https:\/\/vestibulares.estrategia.com\/portal\/wp-json\/wp\/v2\/users\/18"}],"replies":[{"embeddable":true,"href":"https:\/\/vestibulares.estrategia.com\/portal\/wp-json\/wp\/v2\/comments?post=36401"}],"version-history":[{"count":5,"href":"https:\/\/vestibulares.estrategia.com\/portal\/wp-json\/wp\/v2\/posts\/36401\/revisions"}],"predecessor-version":[{"id":51777,"href":"https:\/\/vestibulares.estrategia.com\/portal\/wp-json\/wp\/v2\/posts\/36401\/revisions\/51777"}],"wp:featuredmedia":[{"embeddable":true,"href":"https:\/\/vestibulares.estrategia.com\/portal\/wp-json\/wp\/v2\/media\/36432"}],"wp:attachment":[{"href":"https:\/\/vestibulares.estrategia.com\/portal\/wp-json\/wp\/v2\/media?parent=36401"}],"wp:term":[{"taxonomy":"category","embeddable":true,"href":"https:\/\/vestibulares.estrategia.com\/portal\/wp-json\/wp\/v2\/categories?post=36401"},{"taxonomy":"post_tag","embeddable":true,"href":"https:\/\/vestibulares.estrategia.com\/portal\/wp-json\/wp\/v2\/tags?post=36401"},{"taxonomy":"wl_entity_type","embeddable":true,"href":"https:\/\/vestibulares.estrategia.com\/portal\/wp-json\/wp\/v2\/wl_entity_type?post=36401"}],"curies":[{"name":"wp","href":"https:\/\/api.w.org\/{rel}","templated":true}]}}