{"id":41253,"date":"2020-10-07T17:59:22","date_gmt":"2020-10-07T20:59:22","guid":{"rendered":"https:\/\/blog.estrategiavestibulares.com.br\/?p=41253"},"modified":"2023-11-05T15:26:03","modified_gmt":"2023-11-05T18:26:03","slug":"enem-datas","status":"publish","type":"post","link":"https:\/\/vestibulares.estrategia.com\/portal\/enem-e-vestibulares\/enem\/enem-datas\/","title":{"rendered":"Datas do Enem 2023: veja as datas do exame"},"content":{"rendered":"<p>Interessado em se inscrever em um dos tr&ecirc;s programas do MEC de acesso ao ensino superior? Ent&atilde;o, fique ligado nas datas do <a href=\"https:\/\/vestibulares.estrategia.com\/portal\/enem\/preparacao-enem\/\" target=\"_blank\">Enem<\/a>, <a href=\"https:\/\/vestibulares.estrategia.com\/portal\/enem\/sisu\/\" target=\"_blank\">Sisu<\/a>, Prouni e Fies que o Estrat&eacute;gia Vestibulares reuniu para voc&ecirc;!<p>&#128226;<strong><em> <\/em>Saiba mais<em><br><\/em><\/strong><a href=\"https:\/\/vestibulares.estrategia.com\/portal\/enem-e-vestibulares\/enem\/gabarito-enem-2023-correcao-1-dia\/\">&gt; Gabarito Enem 2023: corre&ccedil;&atilde;o do 1&ordm; dia de prova<\/a><br><a href=\"https:\/\/vestibulares.estrategia.com\/portal\/noticias\/tema-de-redacao-enem-2023\/\">&gt; Tema de reda&ccedil;&atilde;o Enem 2023: invisibilidade do trabalho de cuidados realizados pela mulher no Brasil<\/a><\/p><p>\n\n\n\n<div id=\"new-form\">\n\t<form id=\"forms_layout\">\n\t<input type=\"hidden\" id=\"chave_de\" name=\"chave_de\" value=\"01_EVEST_LEADS_TOTAIS\" \/>\n\t\t<input type=\"hidden\" id=\"mid\" name=\"mid\" value=\"515008983\" \/>\n\t\t<input type=\"hidden\" id=\"Objetivo\" name=\"Objetivo\" value=\"Vestibulares\" \/>\n\t\t<input type=\"hidden\" id=\"Estado_de_Origem_do_IP\" name=\"Estado_de_Origem_do_IP\"  value=\"\" \/>\n\t\t<input type=\"hidden\" id=\"Cidade_de_Origem_do_IP\" name=\"Cidade_de_Origem_do_IP\" value=\"\" \/>\n\t\t<input type=\"hidden\" id=\"Modo_de_entrada\" name=\"Modo_de_entrada\" value=\"Portal\" \/>\n\t\t<input type=\"hidden\" id=\"Pagina_Origem\" name=\"Pagina_Origem\" value=\"\" \/>\n\n\t\t<div class=\"texto\">\n\t\t\t<h3 class=\"news\">Inscreva-se em nossa newsletter\ud83e\udd89<\/h3>\n\t\t\t<p>Receba dicas de estudo gratuitas e saiba em primeira m\u00e3o as novidades sobre o Enem, Sisu, Encceja, Fuvest e outros vestibulares!<\/p>\n\t\t<\/div>\n\t\t<div class=\"campos\">\n\t\t\t<div class=\"first_name labels\">\n\t\t\t\t<input type=\"text\" class=\"input_labels\" id=\"first_name\" name=\"Nome_Completo\" placeholder=\"Nome\" required \/>\n\t\t\t<\/div>\n\t\t\t<div class=\"email labels\">\n\t\t\t\t<input type=\"email\" class=\"input_labels\" id=\"email\" name=\"Email\" placeholder=\"E-mail\" required \/>\n\t\t\t<\/div>\n\t\t\t<button type=\"submit\" class=\"button_layout\">\n\t\t\t\t<div id=\"lblBotao\">Inscreva-se<\/div>\n\t\t\t\t<span id=\"divSpiner\" class=\"loader\" role=\"status\" style=\"display: none;\"><\/span>\t\n\t\t\t<\/button>\n\t\t<\/div><!-- \/campos -->\n\t\t\n\t\t<label class=\"container_checkbox\">Voc\u00ea concorda com a nossa\n\t\t\t<a class=\"politics_privacy_ahref\" target=\"_blank\" href=\"https:\/\/gratis.estrategiaconcursos.com.br\/politica-de-privacidade\/\">Pol\u00edtica de Privacidade<\/a> e aceita receber informa\u00e7\u00f5es adicionais do Estrat\u00e9gia Educacional.\n\t\t\t<input id=\"checkbox_layout\" type=\"checkbox\" checked=\"checked\" required \/>\n\t\t\t<span class=\"checkbox\"><\/span>\n\t\t<\/label>\n\t\t<div id=\"msg\"><\/div>\n\t\t<div id=\"error\" class=\"error\">\n\t\t<\/div>\n\t<\/form>\n<\/div><!-- \/new-form -->\n\n\n\n<\/p><div id=\"ez-toc-container\" class=\"ez-toc-v2_0_76 counter-hierarchy ez-toc-counter ez-toc-transparent ez-toc-container-direction\">\n<div class=\"ez-toc-title-container\"><p class=\"ez-toc-title\" style=\"cursor:inherit\">Navegue pelo conte\u00fado<\/p>\n<\/div><nav><ul class='ez-toc-list ez-toc-list-level-1 ' ><li class='ez-toc-page-1 ez-toc-heading-level-2'><a class=\"ez-toc-link ez-toc-heading-1\" href=\"https:\/\/vestibulares.estrategia.com\/portal\/enem-e-vestibulares\/enem\/enem-datas\/#Cronograma-Enem-2023\" >Cronograma Enem 2023<\/a><\/li><li class='ez-toc-page-1 ez-toc-heading-level-2'><a class=\"ez-toc-link ez-toc-heading-2\" href=\"https:\/\/vestibulares.estrategia.com\/portal\/enem-e-vestibulares\/enem\/enem-datas\/#Como-funciona-o-Enem\" >Como funciona o Enem?<\/a><\/li><li class='ez-toc-page-1 ez-toc-heading-level-2'><a class=\"ez-toc-link ez-toc-heading-3\" href=\"https:\/\/vestibulares.estrategia.com\/portal\/enem-e-vestibulares\/enem\/enem-datas\/#Cronograma-Fies-20231\" >Cronograma Fies 2023\/1<\/a><\/li><li class='ez-toc-page-1 ez-toc-heading-level-2'><a class=\"ez-toc-link ez-toc-heading-4\" href=\"https:\/\/vestibulares.estrategia.com\/portal\/enem-e-vestibulares\/enem\/enem-datas\/#Cronograma-Fies-20232\" >Cronograma Fies 2023\/2<\/a><\/li><li class='ez-toc-page-1 ez-toc-heading-level-2'><a class=\"ez-toc-link ez-toc-heading-5\" href=\"https:\/\/vestibulares.estrategia.com\/portal\/enem-e-vestibulares\/enem\/enem-datas\/#Cronograma-Prouni-20232\" >Cronograma Prouni 2023\/2<\/a><\/li><li class='ez-toc-page-1 ez-toc-heading-level-2'><a class=\"ez-toc-link ez-toc-heading-6\" href=\"https:\/\/vestibulares.estrategia.com\/portal\/enem-e-vestibulares\/enem\/enem-datas\/#Veja-tambem\" >Veja tamb&eacute;m:<\/a><\/li><\/ul><\/nav><\/div>\n<h2 class=\"wp-block-heading\" id=\"h-cronograma-enem-2023\"><span class=\"ez-toc-section\" id=\"Cronograma-Enem-2023\"><\/span>Cronograma Enem 2023<span class=\"ez-toc-section-end\"><\/span><\/h2><ul class=\"wp-block-list\">\n<li><strong>Solicita&ccedil;&atilde;o de isen&ccedil;&atilde;o e justificativa de aus&ecirc;ncia:&nbsp;<\/strong>17 a 28\/04\/2023;<\/li>\n\n\n\n<li><strong>Resultado da justificativa e isen&ccedil;&atilde;o:<\/strong>&nbsp;08\/05\/2023;<\/li>\n\n\n\n<li><strong>Recurso da justificativa e isen&ccedil;&atilde;o:<\/strong>&nbsp;12\/05\/2023;<\/li>\n\n\n\n<li><strong>Resultado do recurso:&nbsp;<\/strong>19\/05\/2023;<\/li>\n\n\n\n<li><strong>Inscri&ccedil;&otilde;es:<\/strong>&nbsp;05\/06\/2023 a 16\/06\/2023<\/li>\n\n\n\n<li><strong>Pagamento da taxa de inscri&ccedil;&atilde;o:&nbsp;<\/strong>at&eacute; 21\/06\/2023;<\/li>\n\n\n\n<li><strong>Atendimento especial e tratamento por nome social:<\/strong>&nbsp;05 a 16\/06\/2023;<\/li>\n\n\n\n<li><strong>Aplica&ccedil;&atilde;o do exame em:<\/strong>&nbsp;05 e 12\/11\/2023;<\/li>\n\n\n\n<li><strong>Divulga&ccedil;&atilde;o do gabarito em:&nbsp;<\/strong>24\/11\/2023; e<\/li>\n\n\n\n<li><strong>Divulga&ccedil;&atilde;o dos resultados em:<\/strong>&nbsp;16\/01\/2024.<\/li>\n<\/ul><figure class=\"wp-block-image size-large\"><img decoding=\"async\" width=\"750\" height=\"420\" src=\"https:\/\/vestibulares.estrategia.com\/portal\/wp-content\/uploads\/2021\/06\/datas-enem-2021-sisu-prouni-fies.jpg\" alt=\"\" class=\"wp-image-50707\" srcset=\"https:\/\/vestibulares.estrategia.com\/portal\/wp-content\/uploads\/2021\/06\/datas-enem-2021-sisu-prouni-fies.jpg 750w, https:\/\/vestibulares.estrategia.com\/portal\/wp-content\/uploads\/2021\/06\/datas-enem-2021-sisu-prouni-fies-300x168.jpg 300w, https:\/\/vestibulares.estrategia.com\/portal\/wp-content\/uploads\/2021\/06\/datas-enem-2021-sisu-prouni-fies-380x213.jpg 380w\" sizes=\"(max-width: 750px) 100vw, 750px\" \/><\/figure><h2 class=\"wp-block-heading\" id=\"h-como-funciona-o-enem\"><span class=\"ez-toc-section\" id=\"Como-funciona-o-Enem\"><\/span>Como funciona o Enem?<span class=\"ez-toc-section-end\"><\/span><\/h2><p>O Exame Nacional do Ensino m&eacute;dio (Enem) &eacute; uma prova que avalia o desempenho do aluno com o objetivo de ajudar o candidato ao ingresso: No ensino Superior ( Sisu e <a href=\"https:\/\/vestibulares.estrategia.com\/portal\/guias\/prouni\/\" target=\"_blank\">Prouni<\/a>)  e no financiamento estudantil (<a href=\"https:\/\/vestibulares.estrategia.com\/portal\/guias\/fies\/\" target=\"_blank\">Fies<\/a> e Prouni).<\/p><p>S&atilde;o 4 provas objetivas com 45 quest&otilde;es cada, mais uma reda&ccedil;&atilde;o de no m&aacute;ximo, 30 linhas:<\/p><ul class=\"wp-block-list\">\n<li><strong>Linguagens, c&oacute;digos e suas tecnologias<\/strong>;<\/li>\n\n\n\n<li><strong>Ci&ecirc;ncias humanas e suas tecnologias<\/strong>;<\/li>\n\n\n\n<li><strong>Ci&ecirc;ncias da natureza e suas tecnologias<\/strong>;<\/li>\n\n\n\n<li><strong>Matem&aacute;tica e suas tecnologias<\/strong> <strong>e <\/strong><\/li>\n\n\n\n<li><strong>Reda&ccedil;&atilde;o, de no m&aacute;ximo 30 linhas<\/strong>.<\/li>\n<\/ul><p>Ap&oacute;s o resultado do Enem, o aluno consegue aplicar sua nota, para ingresso em universidades p&uacute;blicas e para bolsas de estudos em institui&ccedil;&otilde;es particulares.<\/p><p>Confira abaixo as datas do Enem dos tr&ecirc;s programas de acesso do MEC para o ensino superior!<\/p><h3 class=\"wp-block-heading\">Sisu 2023\/1<\/h3><ul class=\"wp-block-list\">\n<li><strong>Inscri&ccedil;&otilde;es:&nbsp;<em>&nbsp;<\/em><\/strong><em>16\/02 a 24\/02\/2023<\/em><\/li>\n\n\n\n<li><strong>Resultado da &uacute;nica chamada:&nbsp;<\/strong>28\/02\/2023<\/li>\n\n\n\n<li><strong>Matr&iacute;cula dos convocados da 1&ordf; chamada:&nbsp;<\/strong>02 a 08\/03\/2023<\/li>\n\n\n\n<li><strong>Prazo para participar da lista de espera:&nbsp;<\/strong>28\/02 a 08\/03\/2023<\/li>\n\n\n\n<li><strong>Comprova&ccedil;&atilde;o de informa&ccedil;&otilde;es dos pr&eacute;-selecionados:&nbsp;<\/strong>divulgado pelas pr&oacute;prias universidades<\/li>\n\n\n\n<li><strong>Resultado da lista de espera:&nbsp;<\/strong>divulgado pelas pr&oacute;prias universidades.<\/li>\n<\/ul><h3 class=\"wp-block-heading\">Sisu 2023\/2<\/h3><ul class=\"wp-block-list\">\n<li><strong>Inscri&ccedil;&otilde;es:&nbsp;<\/strong>19 a 22\/06\/2023<\/li>\n\n\n\n<li><strong>Resultado da chamada regular:<\/strong>&nbsp;27\/06\/2023<\/li>\n\n\n\n<li><strong>Matr&iacute;cula da chamada regular:<\/strong>&nbsp;29\/06 a 04\/07\/2023<\/li>\n\n\n\n<li><strong>Prazo para participar da lista de espera:&nbsp;<\/strong>27\/06 a 04\/07\/2023<\/li>\n\n\n\n<li><strong>Convoca&ccedil;&atilde;o dos candidatos em lista de espera pelas institui&ccedil;&otilde;es:<\/strong>&nbsp;a partir de 10\/07\/2023<\/li>\n<\/ul><p>Confira o&nbsp;<a href=\"https:\/\/vestibulares.estrategia.com\/portal\/vestibulares\/calendario-sisu\/\" target=\"_blank\">texto completo do calend&aacute;rio Sisu<\/a>.<\/p><h2 class=\"wp-block-heading\"><span class=\"ez-toc-section\" id=\"Cronograma-Fies-20231\"><\/span>Cronograma Fies 2023\/1<span class=\"ez-toc-section-end\"><\/span><\/h2><ul class=\"wp-block-list\">\n<li><strong>Inscri&ccedil;&atilde;o:&nbsp;<\/strong><em>07\/03 a 10\/03\/2023<\/em><\/li>\n\n\n\n<li><strong>Resultado:&nbsp;<\/strong><em>14\/03\/2023<\/em><\/li>\n\n\n\n<li><strong>Complementa&ccedil;&atilde;o da inscri&ccedil;&atilde;o &ndash; pr&eacute;-selecionados em chamada &uacute;nica:&nbsp;<\/strong>ainda n&atilde;o foi divulgado<\/li>\n\n\n\n<li><strong>Convoca&ccedil;&atilde;o por meio de lista de espera:&nbsp;<\/strong>21\/03 a 18\/05\/23<\/li>\n<\/ul><h2 class=\"wp-block-heading\"><span class=\"ez-toc-section\" id=\"Cronograma-Fies-20232\"><\/span>Cronograma Fies 2023\/2<span class=\"ez-toc-section-end\"><\/span><\/h2><ul class=\"wp-block-list\">\n<li><strong>Divulga&ccedil;&atilde;o do edital:&nbsp;<\/strong>07\/06\/2023;<\/li>\n\n\n\n<li><strong>Per&iacute;odo de inscri&ccedil;&atilde;o:&nbsp;<\/strong>04 a 07\/07\/2023<\/li>\n\n\n\n<li><strong>Resultado da lista &uacute;nica:&nbsp;<\/strong>11\/07\/2023<\/li>\n\n\n\n<li><strong>Per&iacute;odo para participar da lista de espera:<\/strong>&nbsp;18\/07 a 29\/08\/2023<\/li>\n<\/ul><h2 class=\"wp-block-heading\"><span class=\"ez-toc-section\" id=\"Cronograma-Prouni-20232\"><\/span>Cronograma Prouni 2023\/2<span class=\"ez-toc-section-end\"><\/span><\/h2><ul class=\"wp-block-list\">\n<li><strong>Inscri&ccedil;&atilde;o:<\/strong>&nbsp;<em>27\/06 a 30\/06\/2023<\/em><\/li>\n\n\n\n<li><strong>Resultado da 1&ordf; chamada:<\/strong>&nbsp;<em>04\/07\/2023<\/em><\/li>\n\n\n\n<li><strong>Resultado da 2&ordf; chamada:&nbsp;<\/strong><em>24\/07\/2023<\/em><\/li>\n\n\n\n<li><strong>Comprova&ccedil;&atilde;o de informa&ccedil;&otilde;es dos pr&eacute;-selecionados:<\/strong>\n<ul class=\"wp-block-list\">\n<li><em>4 a 14\/07\/2023 para os convocados na 1&ordf; chamada<\/em><\/li>\n\n\n\n<li><em>24\/07 a 03\/08\/2023 para os convocados na 2&ordf; chamada<\/em><\/li>\n<\/ul>\n<\/li>\n\n\n\n<li><strong>Inscri&ccedil;&atilde;o na lista de espera:<\/strong>&nbsp;<em>14 e 15\/08\/2023<\/em><\/li>\n\n\n\n<li><strong>Resultado da lista de espera:&nbsp;<\/strong><em>18\/08\/2023<\/em><\/li>\n\n\n\n<li><strong>Comprova&ccedil;&atilde;o da documenta&ccedil;&atilde;o por parte dos candidatos pr&eacute;-selecionados por meio da lista de espera:<\/strong>&nbsp;<em>21 a 28\/08\/2023<\/em><\/li>\n<\/ul><p><\/p><p>\n\n\n\n\n\n<a id=\"cta\" class=\"cta-imagem\" href=\"https:\/\/vestibulares.estrategia.com\/curso\/pacote-enem\/\" target=\"blank\">\n                <img decoding=\"async\" width=\"100%\" src=\"https:\/\/vestibulares.estrategia.com\/portal\/wp-content\/uploads\/2021\/12\/Enem.jpg\" alt=\"CTA curso Enem\" title=\"CTA curso Enem\">\n        <\/a>\n\n\n\n<\/p><h2 class=\"wp-block-heading\"><span class=\"ez-toc-section\" id=\"Veja-tambem\"><\/span>Veja tamb&eacute;m:<span class=\"ez-toc-section-end\"><\/span><\/h2><ul class=\"wp-block-list\">\n<li><a href=\"https:\/\/vestibulares.estrategia.com\/portal\/enem\/guia-do-enem\/\">Guia do Enem: baixe o e-book gratuito sobre a prova<\/a><\/li>\n\n\n\n<li><a href=\"https:\/\/vestibulares.estrategia.com\/portal\/enem\/calendario-enem\/\">Calend&aacute;rio Enem 2023: datas, inscri&ccedil;&otilde;es, provas e resultado<\/a><\/li>\n\n\n\n<li><a href=\"https:\/\/vestibulares.estrategia.com\/portal\/enem\/isencao-enem\/\">Isen&ccedil;&atilde;o Enem 2023: veja como solicitar<\/a><\/li>\n\n\n\n<li><a href=\"https:\/\/vestibulares.estrategia.com\/portal\/enem\/enem\/\">Enem 2023: cronograma, edital, provas, nota, reda&ccedil;&atilde;o e mais!<\/a><\/li>\n\n\n\n<li><a href=\"https:\/\/vestibulares.estrategia.com\/portal\/enem\/tudo-sobre-resultado-enem\/\">Resultado do Enem: quando sai, como acessar, onde usar a nota e mais!<\/a><\/li>\n\n\n\n<li><a href=\"https:\/\/vestibulares.estrategia.com\/portal\/enem\/como-calcular-nota-enem\/\">Como calcular a nota do Enem?<\/a><\/li>\n\n\n\n<li><a href=\"https:\/\/vestibulares.estrategia.com\/portal\/enem\/nota-do-enem-pontuacao-cada-curso\/\">Nota do Enem: saiba qual &eacute; a pontua&ccedil;&atilde;o necess&aacute;ria para cada curso<\/a><\/li>\n<\/ul><\/p>\n","protected":false},"excerpt":{"rendered":"Confira as datas das pr\u00f3ximas edi\u00e7\u00f5es do Enem, Sisu, Prouni e Fies que foram divulgadas pelo Minist\u00e9rio da Educa\u00e7\u00e3o!\n","protected":false},"author":11,"featured_media":50706,"comment_status":"closed","ping_status":"open","sticky":false,"template":"","format":"standard","meta":{"wl_entities_gutenberg":"","footnotes":""},"categories":[43],"tags":[79,85,48,52],"wl_entity_type":[732],"class_list":{"0":"post-41253","1":"post","2":"type-post","3":"status-publish","4":"format-standard","5":"has-post-thumbnail","7":"category-enem","8":"tag-calendario-enem-2021","9":"tag-datas-enem","10":"tag-enem","11":"tag-enem-2021","12":"wl_entity_type-article"},"acf":[],"yoast_head":"<!-- This site is optimized with the Yoast SEO Premium plugin v25.9 (Yoast SEO v25.9) - https:\/\/yoast.com\/wordpress\/plugins\/seo\/ -->\n<title>Datas do Enem 2023: veja o cronograma da prova<\/title>\n<meta name=\"description\" content=\"Confira as datas das pr\u00f3ximas edi\u00e7\u00f5es do Enem, Sisu, Prouni e Fies que foram divulgadas pelo Minist\u00e9rio da Educa\u00e7\u00e3o!\" \/>\n<meta name=\"robots\" content=\"index, follow, max-snippet:-1, max-image-preview:large, max-video-preview:-1\" \/>\n<link rel=\"canonical\" href=\"https:\/\/vestibulares.estrategia.com\/portal\/enem-e-vestibulares\/enem\/enem-datas\/\" \/>\n<meta property=\"og:locale\" content=\"pt_BR\" \/>\n<meta property=\"og:type\" content=\"article\" \/>\n<meta property=\"og:title\" content=\"Datas do Enem 2023: veja as datas do exame\" \/>\n<meta property=\"og:description\" content=\"Confira as datas das pr\u00f3ximas edi\u00e7\u00f5es do Enem, Sisu, Prouni e Fies que foram divulgadas pelo Minist\u00e9rio da Educa\u00e7\u00e3o!\" \/>\n<meta property=\"og:url\" content=\"https:\/\/vestibulares.estrategia.com\/portal\/enem-e-vestibulares\/enem\/enem-datas\/\" \/>\n<meta property=\"og:site_name\" content=\"Estrat\u00e9gia Vestibulares\" \/>\n<meta property=\"article:publisher\" content=\"https:\/\/facebook.com\/estrategiavestibulares\" \/>\n<meta property=\"article:published_time\" content=\"2020-10-07T20:59:22+00:00\" \/>\n<meta property=\"article:modified_time\" content=\"2023-11-05T18:26:03+00:00\" \/>\n<meta property=\"og:image\" content=\"https:\/\/vestibulares.estrategia.com\/portal\/wp-content\/uploads\/2020\/10\/datas-enem-2021-sisu-prouni-fies.jpg\" \/>\n\t<meta property=\"og:image:width\" content=\"750\" \/>\n\t<meta property=\"og:image:height\" content=\"420\" \/>\n\t<meta property=\"og:image:type\" content=\"image\/jpeg\" \/>\n<meta name=\"author\" content=\"Lucas Tozeti\" \/>\n<meta name=\"twitter:card\" content=\"summary_large_image\" \/>\n<meta name=\"twitter:creator\" content=\"@Estrategiavest\" \/>\n<meta name=\"twitter:site\" content=\"@Estrategiavest\" \/>\n<meta name=\"twitter:label1\" content=\"Escrito por\" \/>\n\t<meta name=\"twitter:data1\" content=\"Lucas Tozeti\" \/>\n\t<meta name=\"twitter:label2\" content=\"Est. tempo de leitura\" \/>\n\t<meta name=\"twitter:data2\" content=\"3 minutos\" \/>\n<script type=\"application\/ld+json\" class=\"yoast-schema-graph\">{\"@context\":\"https:\/\/schema.org\",\"@graph\":[{\"@type\":\"Article\",\"@id\":\"https:\/\/vestibulares.estrategia.com\/portal\/enem-e-vestibulares\/enem\/enem-datas\/#article\",\"isPartOf\":{\"@id\":\"https:\/\/vestibulares.estrategia.com\/portal\/enem-e-vestibulares\/enem\/enem-datas\/\"},\"author\":{\"name\":\"Lucas Tozeti\",\"@id\":\"https:\/\/vestibulares.estrategia.com\/portal\/#\/schema\/person\/3b9455fc894a50b53e00a26211574256\"},\"headline\":\"Datas do Enem 2023: veja as datas do exame\",\"datePublished\":\"2020-10-07T20:59:22+00:00\",\"dateModified\":\"2023-11-05T18:26:03+00:00\",\"mainEntityOfPage\":{\"@id\":\"https:\/\/vestibulares.estrategia.com\/portal\/enem-e-vestibulares\/enem\/enem-datas\/\"},\"wordCount\":582,\"publisher\":{\"@id\":\"https:\/\/vestibulares.estrategia.com\/portal\/#organization\"},\"image\":{\"@id\":\"https:\/\/vestibulares.estrategia.com\/portal\/enem-e-vestibulares\/enem\/enem-datas\/#primaryimage\"},\"thumbnailUrl\":\"https:\/\/vestibulares.estrategia.com\/portal\/wp-content\/uploads\/2020\/10\/datas-enem-2021-sisu-prouni-fies.jpg\",\"keywords\":[\"calend\u00e1rio enem 2021\",\"datas enem\",\"enem\",\"enem 2021\"],\"articleSection\":[\"Enem\"],\"inLanguage\":\"pt-BR\"},{\"@type\":\"WebPage\",\"@id\":\"https:\/\/vestibulares.estrategia.com\/portal\/enem-e-vestibulares\/enem\/enem-datas\/\",\"url\":\"https:\/\/vestibulares.estrategia.com\/portal\/enem-e-vestibulares\/enem\/enem-datas\/\",\"name\":\"Datas do Enem 2023: veja o cronograma da prova\",\"isPartOf\":{\"@id\":\"https:\/\/vestibulares.estrategia.com\/portal\/#website\"},\"primaryImageOfPage\":{\"@id\":\"https:\/\/vestibulares.estrategia.com\/portal\/enem-e-vestibulares\/enem\/enem-datas\/#primaryimage\"},\"image\":{\"@id\":\"https:\/\/vestibulares.estrategia.com\/portal\/enem-e-vestibulares\/enem\/enem-datas\/#primaryimage\"},\"thumbnailUrl\":\"https:\/\/vestibulares.estrategia.com\/portal\/wp-content\/uploads\/2020\/10\/datas-enem-2021-sisu-prouni-fies.jpg\",\"datePublished\":\"2020-10-07T20:59:22+00:00\",\"dateModified\":\"2023-11-05T18:26:03+00:00\",\"description\":\"Confira as datas das pr\u00f3ximas edi\u00e7\u00f5es do Enem, Sisu, Prouni e Fies que foram divulgadas pelo Minist\u00e9rio da Educa\u00e7\u00e3o!\",\"breadcrumb\":{\"@id\":\"https:\/\/vestibulares.estrategia.com\/portal\/enem-e-vestibulares\/enem\/enem-datas\/#breadcrumb\"},\"inLanguage\":\"pt-BR\",\"potentialAction\":[{\"@type\":\"ReadAction\",\"target\":[\"https:\/\/vestibulares.estrategia.com\/portal\/enem-e-vestibulares\/enem\/enem-datas\/\"]}]},{\"@type\":\"ImageObject\",\"inLanguage\":\"pt-BR\",\"@id\":\"https:\/\/vestibulares.estrategia.com\/portal\/enem-e-vestibulares\/enem\/enem-datas\/#primaryimage\",\"url\":\"https:\/\/vestibulares.estrategia.com\/portal\/wp-content\/uploads\/2020\/10\/datas-enem-2021-sisu-prouni-fies.jpg\",\"contentUrl\":\"https:\/\/vestibulares.estrategia.com\/portal\/wp-content\/uploads\/2020\/10\/datas-enem-2021-sisu-prouni-fies.jpg\",\"width\":750,\"height\":420,\"caption\":\"datas enem 2021\"},{\"@type\":\"BreadcrumbList\",\"@id\":\"https:\/\/vestibulares.estrategia.com\/portal\/enem-e-vestibulares\/enem\/enem-datas\/#breadcrumb\",\"itemListElement\":[{\"@type\":\"ListItem\",\"position\":1,\"name\":\"Home\",\"item\":\"https:\/\/vestibulares.estrategia.com\/portal\/\"},{\"@type\":\"ListItem\",\"position\":2,\"name\":\"Enem e Vestibulares\",\"item\":\"https:\/\/vestibulares.estrategia.com\/portal\/enem-e-vestibulares\/\"},{\"@type\":\"ListItem\",\"position\":3,\"name\":\"Enem\",\"item\":\"https:\/\/vestibulares.estrategia.com\/portal\/enem-e-vestibulares\/enem\/\"},{\"@type\":\"ListItem\",\"position\":4,\"name\":\"Datas do Enem 2023: veja as datas do exame\"}]},{\"@type\":\"WebSite\",\"@id\":\"https:\/\/vestibulares.estrategia.com\/portal\/#website\",\"url\":\"https:\/\/vestibulares.estrategia.com\/portal\/\",\"name\":\"Estrat\u00e9gia Vestibulares\",\"description\":\"\",\"publisher\":{\"@id\":\"https:\/\/vestibulares.estrategia.com\/portal\/#organization\"},\"potentialAction\":[{\"@type\":\"SearchAction\",\"target\":{\"@type\":\"EntryPoint\",\"urlTemplate\":\"https:\/\/vestibulares.estrategia.com\/portal\/?s={search_term_string}\"},\"query-input\":{\"@type\":\"PropertyValueSpecification\",\"valueRequired\":true,\"valueName\":\"search_term_string\"}}],\"inLanguage\":\"pt-BR\"},{\"@type\":\"Organization\",\"@id\":\"https:\/\/vestibulares.estrategia.com\/portal\/#organization\",\"name\":\"Estrat\u00e9gia Vestibulares\",\"url\":\"https:\/\/vestibulares.estrategia.com\/portal\/\",\"logo\":{\"@type\":\"ImageObject\",\"inLanguage\":\"pt-BR\",\"@id\":\"https:\/\/vestibulares.estrategia.com\/portal\/#\/schema\/logo\/image\/\",\"url\":\"https:\/\/vestibulares.estrategia.com\/portal\/wp-content\/uploads\/2021\/06\/Logo-Vestibulares@4x.png\",\"contentUrl\":\"https:\/\/vestibulares.estrategia.com\/portal\/wp-content\/uploads\/2021\/06\/Logo-Vestibulares@4x.png\",\"width\":250,\"height\":66,\"caption\":\"Estrat\u00e9gia Vestibulares\"},\"image\":{\"@id\":\"https:\/\/vestibulares.estrategia.com\/portal\/#\/schema\/logo\/image\/\"},\"sameAs\":[\"https:\/\/facebook.com\/estrategiavestibulares\",\"https:\/\/x.com\/Estrategiavest\",\"https:\/\/www.instagram.com\/estrategiavestibulares\",\"https:\/\/www.youtube.com\/channel\/UCGWdZy8ULI-7_5GrABa4vNA\"]},{\"@type\":\"Person\",\"@id\":\"https:\/\/vestibulares.estrategia.com\/portal\/#\/schema\/person\/3b9455fc894a50b53e00a26211574256\",\"name\":\"Lucas Tozeti\",\"image\":{\"@type\":\"ImageObject\",\"inLanguage\":\"pt-BR\",\"@id\":\"https:\/\/vestibulares.estrategia.com\/portal\/#\/schema\/person\/image\/\",\"url\":\"https:\/\/secure.gravatar.com\/avatar\/f63d32dce239d89a2bbbe8d87a15c417?s=96&d=mm&r=g\",\"contentUrl\":\"https:\/\/secure.gravatar.com\/avatar\/f63d32dce239d89a2bbbe8d87a15c417?s=96&d=mm&r=g\",\"caption\":\"Lucas Tozeti\"},\"description\":\"Lucas Tozeti cursa Rela\u00e7\u00f5es P\u00fablicas no centro-sul de S\u00e3o Paulo. Apaixonado por esportes e pela cultura pop, e principalmente, um amante de boas hist\u00f3rias. Sem elas, a vida perde a gra\u00e7a.\",\"url\":\"https:\/\/vestibulares.estrategia.com\/portal\/author\/lucas-lima\/\"}]}<\/script>\n<!-- \/ Yoast SEO Premium plugin. -->","yoast_head_json":{"title":"Datas do Enem 2023: veja o cronograma da prova","description":"Confira as datas das pr\u00f3ximas edi\u00e7\u00f5es do Enem, Sisu, Prouni e Fies que foram divulgadas pelo Minist\u00e9rio da Educa\u00e7\u00e3o!","robots":{"index":"index","follow":"follow","max-snippet":"max-snippet:-1","max-image-preview":"max-image-preview:large","max-video-preview":"max-video-preview:-1"},"canonical":"https:\/\/vestibulares.estrategia.com\/portal\/enem-e-vestibulares\/enem\/enem-datas\/","og_locale":"pt_BR","og_type":"article","og_title":"Datas do Enem 2023: veja as datas do exame","og_description":"Confira as datas das pr\u00f3ximas edi\u00e7\u00f5es do Enem, Sisu, Prouni e Fies que foram divulgadas pelo Minist\u00e9rio da Educa\u00e7\u00e3o!","og_url":"https:\/\/vestibulares.estrategia.com\/portal\/enem-e-vestibulares\/enem\/enem-datas\/","og_site_name":"Estrat\u00e9gia Vestibulares","article_publisher":"https:\/\/facebook.com\/estrategiavestibulares","article_published_time":"2020-10-07T20:59:22+00:00","article_modified_time":"2023-11-05T18:26:03+00:00","og_image":[{"width":750,"height":420,"url":"https:\/\/vestibulares.estrategia.com\/portal\/wp-content\/uploads\/2020\/10\/datas-enem-2021-sisu-prouni-fies.jpg","type":"image\/jpeg"}],"author":"Lucas Tozeti","twitter_card":"summary_large_image","twitter_creator":"@Estrategiavest","twitter_site":"@Estrategiavest","twitter_misc":{"Escrito por":"Lucas Tozeti","Est. tempo de leitura":"3 minutos"},"schema":{"@context":"https:\/\/schema.org","@graph":[{"@type":"Article","@id":"https:\/\/vestibulares.estrategia.com\/portal\/enem-e-vestibulares\/enem\/enem-datas\/#article","isPartOf":{"@id":"https:\/\/vestibulares.estrategia.com\/portal\/enem-e-vestibulares\/enem\/enem-datas\/"},"author":{"name":"Lucas Tozeti","@id":"https:\/\/vestibulares.estrategia.com\/portal\/#\/schema\/person\/3b9455fc894a50b53e00a26211574256"},"headline":"Datas do Enem 2023: veja as datas do exame","datePublished":"2020-10-07T20:59:22+00:00","dateModified":"2023-11-05T18:26:03+00:00","mainEntityOfPage":{"@id":"https:\/\/vestibulares.estrategia.com\/portal\/enem-e-vestibulares\/enem\/enem-datas\/"},"wordCount":582,"publisher":{"@id":"https:\/\/vestibulares.estrategia.com\/portal\/#organization"},"image":{"@id":"https:\/\/vestibulares.estrategia.com\/portal\/enem-e-vestibulares\/enem\/enem-datas\/#primaryimage"},"thumbnailUrl":"https:\/\/vestibulares.estrategia.com\/portal\/wp-content\/uploads\/2020\/10\/datas-enem-2021-sisu-prouni-fies.jpg","keywords":["calend\u00e1rio enem 2021","datas enem","enem","enem 2021"],"articleSection":["Enem"],"inLanguage":"pt-BR"},{"@type":"WebPage","@id":"https:\/\/vestibulares.estrategia.com\/portal\/enem-e-vestibulares\/enem\/enem-datas\/","url":"https:\/\/vestibulares.estrategia.com\/portal\/enem-e-vestibulares\/enem\/enem-datas\/","name":"Datas do Enem 2023: veja o cronograma da prova","isPartOf":{"@id":"https:\/\/vestibulares.estrategia.com\/portal\/#website"},"primaryImageOfPage":{"@id":"https:\/\/vestibulares.estrategia.com\/portal\/enem-e-vestibulares\/enem\/enem-datas\/#primaryimage"},"image":{"@id":"https:\/\/vestibulares.estrategia.com\/portal\/enem-e-vestibulares\/enem\/enem-datas\/#primaryimage"},"thumbnailUrl":"https:\/\/vestibulares.estrategia.com\/portal\/wp-content\/uploads\/2020\/10\/datas-enem-2021-sisu-prouni-fies.jpg","datePublished":"2020-10-07T20:59:22+00:00","dateModified":"2023-11-05T18:26:03+00:00","description":"Confira as datas das pr\u00f3ximas edi\u00e7\u00f5es do Enem, Sisu, Prouni e Fies que foram divulgadas pelo Minist\u00e9rio da Educa\u00e7\u00e3o!","breadcrumb":{"@id":"https:\/\/vestibulares.estrategia.com\/portal\/enem-e-vestibulares\/enem\/enem-datas\/#breadcrumb"},"inLanguage":"pt-BR","potentialAction":[{"@type":"ReadAction","target":["https:\/\/vestibulares.estrategia.com\/portal\/enem-e-vestibulares\/enem\/enem-datas\/"]}]},{"@type":"ImageObject","inLanguage":"pt-BR","@id":"https:\/\/vestibulares.estrategia.com\/portal\/enem-e-vestibulares\/enem\/enem-datas\/#primaryimage","url":"https:\/\/vestibulares.estrategia.com\/portal\/wp-content\/uploads\/2020\/10\/datas-enem-2021-sisu-prouni-fies.jpg","contentUrl":"https:\/\/vestibulares.estrategia.com\/portal\/wp-content\/uploads\/2020\/10\/datas-enem-2021-sisu-prouni-fies.jpg","width":750,"height":420,"caption":"datas enem 2021"},{"@type":"BreadcrumbList","@id":"https:\/\/vestibulares.estrategia.com\/portal\/enem-e-vestibulares\/enem\/enem-datas\/#breadcrumb","itemListElement":[{"@type":"ListItem","position":1,"name":"Home","item":"https:\/\/vestibulares.estrategia.com\/portal\/"},{"@type":"ListItem","position":2,"name":"Enem e Vestibulares","item":"https:\/\/vestibulares.estrategia.com\/portal\/enem-e-vestibulares\/"},{"@type":"ListItem","position":3,"name":"Enem","item":"https:\/\/vestibulares.estrategia.com\/portal\/enem-e-vestibulares\/enem\/"},{"@type":"ListItem","position":4,"name":"Datas do Enem 2023: veja as datas do exame"}]},{"@type":"WebSite","@id":"https:\/\/vestibulares.estrategia.com\/portal\/#website","url":"https:\/\/vestibulares.estrategia.com\/portal\/","name":"Estrat\u00e9gia Vestibulares","description":"","publisher":{"@id":"https:\/\/vestibulares.estrategia.com\/portal\/#organization"},"potentialAction":[{"@type":"SearchAction","target":{"@type":"EntryPoint","urlTemplate":"https:\/\/vestibulares.estrategia.com\/portal\/?s={search_term_string}"},"query-input":{"@type":"PropertyValueSpecification","valueRequired":true,"valueName":"search_term_string"}}],"inLanguage":"pt-BR"},{"@type":"Organization","@id":"https:\/\/vestibulares.estrategia.com\/portal\/#organization","name":"Estrat\u00e9gia Vestibulares","url":"https:\/\/vestibulares.estrategia.com\/portal\/","logo":{"@type":"ImageObject","inLanguage":"pt-BR","@id":"https:\/\/vestibulares.estrategia.com\/portal\/#\/schema\/logo\/image\/","url":"https:\/\/vestibulares.estrategia.com\/portal\/wp-content\/uploads\/2021\/06\/Logo-Vestibulares@4x.png","contentUrl":"https:\/\/vestibulares.estrategia.com\/portal\/wp-content\/uploads\/2021\/06\/Logo-Vestibulares@4x.png","width":250,"height":66,"caption":"Estrat\u00e9gia Vestibulares"},"image":{"@id":"https:\/\/vestibulares.estrategia.com\/portal\/#\/schema\/logo\/image\/"},"sameAs":["https:\/\/facebook.com\/estrategiavestibulares","https:\/\/x.com\/Estrategiavest","https:\/\/www.instagram.com\/estrategiavestibulares","https:\/\/www.youtube.com\/channel\/UCGWdZy8ULI-7_5GrABa4vNA"]},{"@type":"Person","@id":"https:\/\/vestibulares.estrategia.com\/portal\/#\/schema\/person\/3b9455fc894a50b53e00a26211574256","name":"Lucas Tozeti","image":{"@type":"ImageObject","inLanguage":"pt-BR","@id":"https:\/\/vestibulares.estrategia.com\/portal\/#\/schema\/person\/image\/","url":"https:\/\/secure.gravatar.com\/avatar\/f63d32dce239d89a2bbbe8d87a15c417?s=96&d=mm&r=g","contentUrl":"https:\/\/secure.gravatar.com\/avatar\/f63d32dce239d89a2bbbe8d87a15c417?s=96&d=mm&r=g","caption":"Lucas Tozeti"},"description":"Lucas Tozeti cursa Rela\u00e7\u00f5es P\u00fablicas no centro-sul de S\u00e3o Paulo. Apaixonado por esportes e pela cultura pop, e principalmente, um amante de boas hist\u00f3rias. Sem elas, a vida perde a gra\u00e7a.","url":"https:\/\/vestibulares.estrategia.com\/portal\/author\/lucas-lima\/"}]}},"_wl_alt_label":[],"wl:entity_url":"https:\/\/data.wordlift.io\/wl110249\/post\/enem-datas","_links":{"self":[{"href":"https:\/\/vestibulares.estrategia.com\/portal\/wp-json\/wp\/v2\/posts\/41253","targetHints":{"allow":["GET"]}}],"collection":[{"href":"https:\/\/vestibulares.estrategia.com\/portal\/wp-json\/wp\/v2\/posts"}],"about":[{"href":"https:\/\/vestibulares.estrategia.com\/portal\/wp-json\/wp\/v2\/types\/post"}],"author":[{"embeddable":true,"href":"https:\/\/vestibulares.estrategia.com\/portal\/wp-json\/wp\/v2\/users\/11"}],"replies":[{"embeddable":true,"href":"https:\/\/vestibulares.estrategia.com\/portal\/wp-json\/wp\/v2\/comments?post=41253"}],"version-history":[{"count":8,"href":"https:\/\/vestibulares.estrategia.com\/portal\/wp-json\/wp\/v2\/posts\/41253\/revisions"}],"predecessor-version":[{"id":104924,"href":"https:\/\/vestibulares.estrategia.com\/portal\/wp-json\/wp\/v2\/posts\/41253\/revisions\/104924"}],"wp:featuredmedia":[{"embeddable":true,"href":"https:\/\/vestibulares.estrategia.com\/portal\/wp-json\/wp\/v2\/media\/50706"}],"wp:attachment":[{"href":"https:\/\/vestibulares.estrategia.com\/portal\/wp-json\/wp\/v2\/media?parent=41253"}],"wp:term":[{"taxonomy":"category","embeddable":true,"href":"https:\/\/vestibulares.estrategia.com\/portal\/wp-json\/wp\/v2\/categories?post=41253"},{"taxonomy":"post_tag","embeddable":true,"href":"https:\/\/vestibulares.estrategia.com\/portal\/wp-json\/wp\/v2\/tags?post=41253"},{"taxonomy":"wl_entity_type","embeddable":true,"href":"https:\/\/vestibulares.estrategia.com\/portal\/wp-json\/wp\/v2\/wl_entity_type?post=41253"}],"curies":[{"name":"wp","href":"https:\/\/api.w.org\/{rel}","templated":true}]}}