{"id":43804,"date":"2020-10-21T08:13:57","date_gmt":"2020-10-21T11:13:57","guid":{"rendered":"https:\/\/blog.estrategiavestibulares.com.br\/?p=43804"},"modified":"2021-05-17T09:48:45","modified_gmt":"2021-05-17T12:48:45","slug":"ufrgs-ultimas-noticias","status":"publish","type":"post","link":"https:\/\/vestibulares.estrategia.com\/portal\/noticias\/ufrgs-ultimas-noticias\/","title":{"rendered":"Vestibular UFRGS: \u00daltimas Not\u00edcias!"},"content":{"rendered":"<p>O <a aria-label=\"Estrat&eacute;gia Vestibulares (abre numa nova aba)\" href=\"https:\/\/www.estrategiavestibulares.com.br\/\" target=\"_blank\">Estrat&eacute;gia Vestibulares<\/a> sabe como &eacute; dif&iacute;cil ficar por dentro das principais not&iacute;cias das provas, n&atilde;o &eacute; mesmo? Por isso, separamos este post com as <strong>principais not&iacute;cias da UFRGS.<\/strong><p>Confira!<\/p><div id=\"ez-toc-container\" class=\"ez-toc-v2_0_76 counter-hierarchy ez-toc-counter ez-toc-transparent ez-toc-container-direction\">\n<div class=\"ez-toc-title-container\"><p class=\"ez-toc-title\" style=\"cursor:inherit\">Navegue pelo conte\u00fado<\/p>\n<\/div><nav><ul class='ez-toc-list ez-toc-list-level-1 ' ><li class='ez-toc-page-1 ez-toc-heading-level-2'><a class=\"ez-toc-link ez-toc-heading-1\" href=\"https:\/\/vestibulares.estrategia.com\/portal\/noticias\/ufrgs-ultimas-noticias\/#As-inscricoes-para-o-vestibular-2021-da-UFRGS-estao-abertas\" >As inscri&ccedil;&otilde;es para o vestibular 2021 da UFRGS est&atilde;o abertas<\/a><\/li><li class='ez-toc-page-1 ez-toc-heading-level-2'><a class=\"ez-toc-link ez-toc-heading-2\" href=\"https:\/\/vestibulares.estrategia.com\/portal\/noticias\/ufrgs-ultimas-noticias\/#Edital-do-Processo-Seletivo-20211-da-UFRGS-e-divulgado\" >Edital do Processo Seletivo 2021.1 da UFRGS &eacute; divulgado<\/a><\/li><li class='ez-toc-page-1 ez-toc-heading-level-2'><a class=\"ez-toc-link ez-toc-heading-3\" href=\"https:\/\/vestibulares.estrategia.com\/portal\/noticias\/ufrgs-ultimas-noticias\/#UFRGS-aprova-nota-do-Enem-ou-seletivos-passados-para-ingresso-em-20211\" >UFRGS aprova nota do Enem ou seletivos passados para ingresso em 2021\/1<\/a><\/li><li class='ez-toc-page-1 ez-toc-heading-level-2'><a class=\"ez-toc-link ez-toc-heading-4\" href=\"https:\/\/vestibulares.estrategia.com\/portal\/noticias\/ufrgs-ultimas-noticias\/#UFRGS-estuda-suspender-Vestibular-2021\" >UFRGS estuda suspender Vestibular 2021<\/a><\/li><li class='ez-toc-page-1 ez-toc-heading-level-2'><a class=\"ez-toc-link ez-toc-heading-5\" href=\"https:\/\/vestibulares.estrategia.com\/portal\/noticias\/ufrgs-ultimas-noticias\/#UFRGS-divulga-retificacao-do-Edital-do-Sisu-20211\" >UFRGS divulga retifica&ccedil;&atilde;o do Edital do Sisu 2021\/1<\/a><\/li><li class='ez-toc-page-1 ez-toc-heading-level-2'><a class=\"ez-toc-link ez-toc-heading-6\" href=\"https:\/\/vestibulares.estrategia.com\/portal\/noticias\/ufrgs-ultimas-noticias\/#UFRGS-anuncia-vagas-para-o-Sisu-20211\" >UFRGS anuncia vagas para o Sisu 2021\/1<\/a><\/li><li class='ez-toc-page-1 ez-toc-heading-level-2'><a class=\"ez-toc-link ez-toc-heading-7\" href=\"https:\/\/vestibulares.estrategia.com\/portal\/noticias\/ufrgs-ultimas-noticias\/#UFRGS-decide-manter-suspensas-as-datas-do-vestibular-2021\" >UFRGS decide manter suspensas as datas do vestibular 2021<\/a><\/li><li class='ez-toc-page-1 ez-toc-heading-level-2'><a class=\"ez-toc-link ez-toc-heading-8\" href=\"https:\/\/vestibulares.estrategia.com\/portal\/noticias\/ufrgs-ultimas-noticias\/#UFRGS-publica-editais-de-confirmacao-de-interesse-em-vagas-do-Sisu-e-do-Vestibular-2020\" >UFRGS publica editais de confirma&ccedil;&atilde;o de interesse em vagas do Sisu e do Vestibular 2020<\/a><\/li><li class='ez-toc-page-1 ez-toc-heading-level-2'><a class=\"ez-toc-link ez-toc-heading-9\" href=\"https:\/\/vestibulares.estrategia.com\/portal\/noticias\/ufrgs-ultimas-noticias\/#UFRGS-encerra-prazo-de-solicitacao-de-isencao-no-dia-3-de-fevereiro\" >UFRGS encerra prazo de solicita&ccedil;&atilde;o de isen&ccedil;&atilde;o no dia 3 de fevereiro<\/a><\/li><li class='ez-toc-page-1 ez-toc-heading-level-2'><a class=\"ez-toc-link ez-toc-heading-10\" href=\"https:\/\/vestibulares.estrategia.com\/portal\/noticias\/ufrgs-ultimas-noticias\/#UFRGS-abre-periodo-para-pedidos-de-isencao-do-Vestibular-2021\" >UFRGS abre per&iacute;odo para pedidos de isen&ccedil;&atilde;o do Vestibular 2021<\/a><\/li><li class='ez-toc-page-1 ez-toc-heading-level-2'><a class=\"ez-toc-link ez-toc-heading-11\" href=\"https:\/\/vestibulares.estrategia.com\/portal\/noticias\/ufrgs-ultimas-noticias\/#UFRGS-aprova-mudancas-no-Vestibular-2021\" >UFRGS aprova mudan&ccedil;as no Vestibular 2021<\/a><\/li><li class='ez-toc-page-1 ez-toc-heading-level-2'><a class=\"ez-toc-link ez-toc-heading-12\" href=\"https:\/\/vestibulares.estrategia.com\/portal\/noticias\/ufrgs-ultimas-noticias\/#Inscricao-vestibular-de-Biblioteconomia-EAD-20202\" >Inscri&ccedil;&atilde;o vestibular de Biblioteconomia EAD 2020.2<\/a><\/li><li class='ez-toc-page-1 ez-toc-heading-level-2'><a class=\"ez-toc-link ez-toc-heading-13\" href=\"https:\/\/vestibulares.estrategia.com\/portal\/noticias\/ufrgs-ultimas-noticias\/#Adiantamento-das-provas\" >Adiantamento das provas<\/a><\/li><li class='ez-toc-page-1 ez-toc-heading-level-2'><a class=\"ez-toc-link ez-toc-heading-14\" href=\"https:\/\/vestibulares.estrategia.com\/portal\/noticias\/ufrgs-ultimas-noticias\/#Obras-Literarias-UFRGS-2021\" >Obras Liter&aacute;rias UFRGS 2021<\/a><\/li><\/ul><\/nav><\/div>\n<h2 class=\"wp-block-heading\"><span class=\"ez-toc-section\" id=\"As-inscricoes-para-o-vestibular-2021-da-UFRGS-estao-abertas\"><\/span><strong>As inscri&ccedil;&otilde;es para o vestibular 2021 da UFRGS est&atilde;o abertas<\/strong><span class=\"ez-toc-section-end\"><\/span><\/h2><p><strong>A Universidade Federal do Rio Grande do Sul abriu no dia 17 de maio as inscri&ccedil;&otilde;es para o vestibular 2021<\/strong>. Os candidatos podem<strong> fazer a inscri&ccedil;&atilde;o at&eacute; dia 30 de maio<\/strong> e realizar o pagamento da taxa de R$ 40.&nbsp;<\/p><p>De acordo com o edital, os candidatos poder&atilde;o usar <strong>notas do Exame Nacional do Ensino M&eacute;dio (Enem) de 2017, 2018, 2019 e 2020<\/strong>, e <strong>notas das edi&ccedil;&otilde;es anteriores do Concurso Vestibular.<\/strong><\/p><h2 class=\"wp-block-heading\"><span class=\"ez-toc-section\" id=\"Edital-do-Processo-Seletivo-20211-da-UFRGS-e-divulgado\"><\/span><strong>Edital do Processo Seletivo 2021.1 da UFRGS &eacute; divulgado<\/strong><span class=\"ez-toc-section-end\"><\/span><\/h2><p>A Universidade Federal do Rio Grande do Sul (UFRGS) divulgou nesta sexta-feira, 14 de maio, o edital do processo seletivo 2021.1. O <strong>per&iacute;odo de inscri&ccedil;&otilde;es ocorre entre os dias 17 e 30 de maio<\/strong>, com taxa de inscri&ccedil;&atilde;o de R$40.&nbsp;<\/p><p>Neste processo seletivo, ser&atilde;o ofertadas <strong>2.562 vagas para 82 cursos<\/strong>. Al&eacute;m disso, no edital consta que a divulga&ccedil;&atilde;o da lista preliminar ocorrer&aacute; no dia 19 de junho e classifica&ccedil;&atilde;o final em 23 de junho. Para mais informa&ccedil;&otilde;es, acesse o <a rel=\"nofollow\" href=\"https:\/\/vestibulares.estrategia.com\/portal\/wp-content\/uploads\/2021\/05\/Edital-PS-2021-1.pdf\" target=\"_blank\">edital<\/a>.<\/p><h2 class=\"wp-block-heading\"><span class=\"ez-toc-section\" id=\"UFRGS-aprova-nota-do-Enem-ou-seletivos-passados-para-ingresso-em-20211\"><\/span>UFRGS aprova nota do Enem ou seletivos passados para ingresso em 2021\/1<span class=\"ez-toc-section-end\"><\/span><\/h2><p>A <strong>Universidade Federal do Rio Grande do Sul (UFRGS)<\/strong> aprovou nesta sexta-feira, dia 23 de abril, a utiliza&ccedil;&atilde;o da <strong>nota do Exame Nacional do Ensino M&eacute;dio (Enem) e\/ou a classifica&ccedil;&atilde;o de seletivos passados<\/strong> como<strong> forma de ingresso<\/strong> para cursos de gradua&ccedil;&atilde;o no <strong>1&ordm; semestre de 2021<\/strong>.  Os candidatos poder&atilde;o utilizar as notas dos anos de <strong>2017 at&eacute; 2020<\/strong>.<\/p><p>Para o <strong>2&ordm; semestre de 2021<\/strong>, a institui&ccedil;&atilde;o <strong>planeja realizar o exame de vestibular<\/strong> normalmente, caso as condi&ccedil;&otilde;es da crise sanit&aacute;ria de Covid-19 melhorem. Mais informa&ccedil;&otilde;es sobre o processo seletivo do 1&ordm; semestre de 2021 ser&atilde;o publicadas em breve, de acordo com a universidade. <\/p><h2 class=\"wp-block-heading\"><span class=\"ez-toc-section\" id=\"UFRGS-estuda-suspender-Vestibular-2021\"><\/span>UFRGS estuda suspender Vestibular 2021<span class=\"ez-toc-section-end\"><\/span><\/h2><p>A <strong>Universidade Federal do Rio Grande do Sul (UFRGS)<\/strong> estuda a <strong>possibilidade de<\/strong> <strong>suspender o vestibular 2021<\/strong> e <strong>utilizar nota do Enem e\/ou seletivos passados<\/strong> como forma de ingresso para o ano de 2021. A decis&atilde;o &eacute; em virtude do <strong>agravamento da crise sanit&aacute;ria de Covid-19<\/strong> no estado. <\/p><p>Uma ideia averiguada &eacute; partir o vestibular em dois semestre, para que, caso h&aacute; melhora dos casos na pandemia, o vestibular possa ser aplicado de forma regular para segundo semestre. <\/p><h2 class=\"wp-block-heading\"><span class=\"ez-toc-section\" id=\"UFRGS-divulga-retificacao-do-Edital-do-Sisu-20211\"><\/span>UFRGS divulga retifica&ccedil;&atilde;o do Edital do Sisu 2021\/1<span class=\"ez-toc-section-end\"><\/span><\/h2><p>As inscri&ccedil;&otilde;es no <strong>Sisu 2021<\/strong> foram prorrogadas at&eacute; o dia 14 de abril. Em consequ&ecirc;ncia disso, a <strong>Universidade Federal do Rio Grande do Sul (UFRGS)<\/strong> divulgou a retifica&ccedil;&atilde;o do Edital desse seletivo. <\/p><p>A previs&atilde;o &eacute; que o resultado seja divulgado no dia <strong>16 de abril<\/strong>. Para acessar o Edital retificado, clique no bot&atilde;o abaixo!<\/p><div class=\"wp-block-buttons is-content-justification-center is-layout-flex wp-block-buttons-is-layout-flex\">\n<div class=\"wp-block-button\"><a class=\"wp-block-button__link has-luminous-vivid-amber-to-luminous-vivid-orange-gradient-background has-background\" rel=\"nofollow\" href=\"https:\/\/vestibulares.estrategia.com\/portal\/wp-content\/uploads\/2021\/04\/SEI_UFRGS-2796153-Retificac%CC%A7a%CC%83o-Edital-01-2021-SiSU.pdf\" style=\"border-radius:41px\" target=\"_blank\">Confira o edital<\/a><\/div>\n<\/div><h2 class=\"wp-block-heading\"><span class=\"ez-toc-section\" id=\"UFRGS-anuncia-vagas-para-o-Sisu-20211\"><\/span>UFRGS anuncia vagas para o Sisu 2021\/1<span class=\"ez-toc-section-end\"><\/span><\/h2><p>A <strong>Universidade Federal do Rio Grande do Sul (UFRGS)<\/strong> liberou o<strong> termo de ades&atilde;o <\/strong>para o <strong>Sisu 2021\/1 <\/strong>com vagas, cotas, pesos e notas m&iacute;nimas.<\/p><p>De acordo com o termo, a universidade oferece <strong>1.691 vagas<\/strong> em <strong>93 cursos de gradua&ccedil;&atilde;o<\/strong>. Dessas oportunidades, <strong>823 s&atilde;o para ampla concorr&ecirc;ncia<\/strong> e <strong>868 para estudantes que se enquadram na Lei de Cotas.<\/strong>&nbsp;<\/p><h2 class=\"wp-block-heading\"><span class=\"ez-toc-section\" id=\"UFRGS-decide-manter-suspensas-as-datas-do-vestibular-2021\"><\/span>UFRGS decide manter suspensas as datas do vestibular 2021<span class=\"ez-toc-section-end\"><\/span><\/h2><p>O Conselho de Ensino, Pesquisa e Extens&atilde;o (CEPE)  decidiu nesta quarta-feira, dia 24 de fevereiro, <strong>manter a decis&atilde;o de n&atilde;o defini&ccedil;&atilde;o de datas para o vestibular 2021.<\/strong> A escolha foi feita tendo em par&acirc;metro o momento atual da crise sanit&aacute;ria que o estado do Rio Grande do Sul, e o pa&iacute;s est&aacute; passando.<\/p><h2 class=\"wp-block-heading\"><span class=\"ez-toc-section\" id=\"UFRGS-publica-editais-de-confirmacao-de-interesse-em-vagas-do-Sisu-e-do-Vestibular-2020\"><\/span>UFRGS publica editais de confirma&ccedil;&atilde;o de interesse em vagas do Sisu e do Vestibular 2020<span class=\"ez-toc-section-end\"><\/span><\/h2><p>A UFRGS divulgou nesta segunda-feira, 8 de fevereiro, os <strong>editais de confirma&ccedil;&atilde;o de interesse em vagas do Sisu e do Vestibular 2020<\/strong>. Os candidatos que est&atilde;o aguardando as <strong>vagas remanescentes<\/strong> devem confirmar o interesse atrav&eacute;s do <a href=\"https:\/\/www1.ufrgs.br\/PortalExterno\/site\/login\/candidato?\" target=\"_blank\" rel=\"noreferrer noopener nofollow\">Portal do Candidato<\/a>.&nbsp;<\/p><p>A confirma&ccedil;&atilde;o pode ser feita das <strong>09h do dia 18 de fevereiro at&eacute; &agrave;s 23h59 do dia 24 de fevereiro<\/strong>. Confira \" target=\"_blank\" rel=\"noreferrer noopener nofollow\"&gt;aqui o edital para as vagas do <strong>Sisu<\/strong> e \" target=\"_blank\" rel=\"noreferrer noopener nofollow\"&gt;aqui o edital para as vagas do <strong>Vestibular<\/strong>!<\/p><h2 class=\"wp-block-heading\"><span class=\"ez-toc-section\" id=\"UFRGS-encerra-prazo-de-solicitacao-de-isencao-no-dia-3-de-fevereiro\"><\/span>UFRGS encerra prazo de solicita&ccedil;&atilde;o de isen&ccedil;&atilde;o no dia 3 de fevereiro<span class=\"ez-toc-section-end\"><\/span><\/h2><p>A <strong>Universidade Federal do Rio Grande do Sul (UFRGS)<\/strong> encerra na quarta-feira, 3 de fevereiro, o<strong> prazo de solicita&ccedil;&atilde;o de isen&ccedil;&atilde;o<\/strong> para o Vestibular 2021. Os candidatos podem realizar o processo no<a href=\"http:\/\/www.ufrgs.br\/coperse\/concurso-vestibular\/vestibular-2021\" target=\"_blank\"> site da institui&ccedil;&atilde;o<\/a>.<\/p><p>Apenas pessoas com renda familiar per capita igual ou inferior a um sal&aacute;rio m&iacute;nimo e meio e estar cursando, ou ter conclu&iacute;do, o Ensino M&eacute;dio em escola p&uacute;blica ou com bolsa integral em escola particular podem solicitar o benef&iacute;cio.<\/p><h2 class=\"wp-block-heading\"><span class=\"ez-toc-section\" id=\"UFRGS-abre-periodo-para-pedidos-de-isencao-do-Vestibular-2021\"><\/span>UFRGS abre per&iacute;odo para pedidos de isen&ccedil;&atilde;o do Vestibular 2021<span class=\"ez-toc-section-end\"><\/span><\/h2><p>A <strong>Universidade Federal do Rio Grande do Sul (UFRGS) <\/strong>come&ccedil;ou o seu prazo para pedidos de<strong> isen&ccedil;&atilde;o do Vestibular 2021<\/strong>. Os candidatos interessados devem realizar o processo at&eacute; o dia<strong> 3 de fevereiro<\/strong>.<\/p><p>Apenas inscritos com renda de at&eacute; um sal&aacute;rio m&iacute;nimo e meio por pessoa da fam&iacute;lia, com ensino m&eacute;dio completo em escola p&uacute;blica ou com bolsa integral em particular.<\/p><p>Os<strong> resultados dos pedidos de isen&ccedil;&atilde;o<\/strong> ser&atilde;o divulgados no dia <strong>23 de fevereiro de 2021<\/strong>.<\/p><h2 class=\"wp-block-heading\"><span class=\"ez-toc-section\" id=\"UFRGS-aprova-mudancas-no-Vestibular-2021\"><\/span>UFRGS aprova mudan&ccedil;as no Vestibular 2021<span class=\"ez-toc-section-end\"><\/span><\/h2><p>A <strong>Universidade Federal do Rio Grande do Sul (UFRGS)<\/strong> aprovou mudan&ccedil;as no formato do <strong>Vestibular 2021<\/strong>. As provas ser&atilde;o aplicadas em dois dias e o n&uacute;mero de quest&otilde;es cair&aacute; para 15.<\/p><p>Estas mudan&ccedil;as ser&atilde;o<strong> exclusivas para a edi&ccedil;&atilde;o de 2021<\/strong>, por conta da pandemia do novo coronav&iacute;rus. Al&eacute;m disso, cada avalia&ccedil;&atilde;o ter&aacute;<strong> 5 horas e meia de dura&ccedil;&atilde;o<\/strong> e os locais de prova ficar&atilde;o com <strong>50% de sua lota&ccedil;&atilde;o m&aacute;xima<\/strong>.<\/p><p>A <strong>Comiss&atilde;o Permanente de Sele&ccedil;&atilde;o (Coperse) <\/strong>apresentar&aacute; futuramente mais informa&ccedil;&otilde;es sobre o processo seletivo.<\/p><h2 class=\"wp-block-heading\"><span class=\"ez-toc-section\" id=\"Inscricao-vestibular-de-Biblioteconomia-EAD-20202\"><\/span><strong>Inscri&ccedil;&atilde;o vestibular de Biblioteconomia EAD 2020.2<\/strong><span class=\"ez-toc-section-end\"><\/span><\/h2><p>A <strong>Universidade Federal do Rio Grande do Sul<\/strong> abriu as inscri&ccedil;&otilde;es para o V<strong>estibular do curso de Biblioteconomia<\/strong>, com ingresso ainda em 2020. S&atilde;o ofertadas 320 vagas espalhadas por sete polos presenciais, das cidades: Santa Maria, Porto Alegre, Tr&ecirc;s de Maio, Tio Hugo, Imb&eacute;, Seberi e Gramado.<\/p><p>\tA sele&ccedil;&atilde;o dos candidatos ser&aacute; feita pela examina&ccedil;&atilde;o das notas do ENEM, entre as edi&ccedil;&otilde;es de 2015 a 2019. Os interessados t&ecirc;m at&eacute; o dia 9 de novembro de 2020 para garantir a inscri&ccedil;&atilde;o, lembrando que ela &eacute; totalmente gratuita.&nbsp;<br><\/p><h2 class=\"wp-block-heading\"><span class=\"ez-toc-section\" id=\"Adiantamento-das-provas\"><\/span>Adiantamento das provas <span class=\"ez-toc-section-end\"><\/span><\/h2><p>A <strong>Universidade Federal do Rio Grande do Sul<\/strong>, ou simplesmente UFRGS, divulgou na quinta-feira, dia 21 de maio, o adiamento indefinido das provas do Vestibular UFRGS 2021. A medida foi tomada por conta do risco de dissemina&ccedil;&atilde;o do coronav&iacute;rus. <\/p><p>As provas estavam marcadas para acontecer em dois fins de semanas, nos dias 28 e 29 de novembro e 5 e 6 de dezembro. <strong>Ainda, n&atilde;o h&aacute; previs&atilde;o de um novo calend&aacute;rio de avalia&ccedil;&otilde;es. <\/strong><\/p><h2 class=\"wp-block-heading\"><span class=\"ez-toc-section\" id=\"Obras-Literarias-UFRGS-2021\"><\/span>Obras Liter&aacute;rias UFRGS 2021<span class=\"ez-toc-section-end\"><\/span><\/h2><p>Apesar das incertezas, a <strong>Lista de Obras Liter&aacute;rias<\/strong> que ser&atilde;o cobradas no Vestibular UFRGS, j&aacute; est&aacute; dispon&iacute;vel. Este ano, ser&atilde;o cobradas 12 obras obrigat&oacute;rias. <\/p><p>As Obras Liter&aacute;rias do seletivo deste ano s&atilde;o: <\/p><figure class=\"wp-block-table is-style-stripes\"><table class=\"has-subtle-pale-blue-background-color has-background\"><tbody><tr><td> ISABELA FIGUEIREDO <\/td><td><em> Caderno de mem&oacute;rias coloniais <\/em><\/td><\/tr><tr><td>  CHICO BUARQUE <\/td><td><em> Constru&ccedil;&atilde;o <\/em>(&aacute;lbum) <\/td><\/tr><tr><td> CONCEI&Ccedil;&Atilde;O EVARISTO <\/td><td> <em>Ponci&aacute; Vic&ecirc;ncio <\/em><\/td><\/tr><tr><td> AM&Iacute;LCAR BETTEGA <\/td><td><em> Deixa o quarto&nbsp;como est&aacute; <\/em><\/td><\/tr><tr><td> AD&Eacute;LIA PRADO <\/td><td><em> Bagagem <\/em><\/td><\/tr><tr><td> GRACILIANO RAMOS <\/td><td> <em>S&atilde;o Bernardo <\/em><\/td><\/tr><tr><td> LYGIA FAGUNDES TELLES <\/td><td><em> As Meninas <\/em><\/td><\/tr><tr><td> MARCELO RUBENS PAIVA <\/td><td> <em>Feliz Ano Velho <\/em><\/td><\/tr><tr><td> FLORBELA ESPANCA <\/td><td><em>1. Fanatismo; <br>2. Horas rubras; <br>3. Eu; <br>4. Vaidade; <br>5.  L&aacute;grimas ocultas;  <br>6. A minha dor; <br>7. Suavidade; <br>8. Se tu viesses ver-me;  <br>9. Ser poeta;  <br>10. Fumo; <br>11. Fr&ecirc;mito do meu corpo; <br>12. Realidade; <br>13.  S&uacute;plica; <br>14.  Doce certeza; <br>15. Quem sabe?!&hellip;; <br>16. A Mulher I; <br>17. A  Mulher II; <br>18.  Amiga; <br>19. &Oacute;dio; <br>20. Amar!; <br>21. O maior bem; <br>22.  Neurastenia. <\/em><\/td><\/tr><tr><td> MACHADO DE ASSIS <\/td><td><em> Papeis avulsos <\/em><\/td><\/tr><tr><td> MARIA FIRMINA DOS REIS <\/td><td> <em>&Uacute;rsula <\/em><\/td><\/tr><tr><td> WILLIAM SHAKESPEARE <\/td><td><em> Hamlet<\/em> <\/td><\/tr><\/tbody><\/table><\/figure><\/p>\n","protected":false},"excerpt":{"rendered":"O Estrat&eacute;gia Vestibulares sabe como &eacute; dif&iacute;cil ficar por dentro das principais not&iacute;cias das provas, n&atilde;o &eacute; mesmo?&hellip;\n","protected":false},"author":18,"featured_media":43805,"comment_status":"closed","ping_status":"open","sticky":false,"template":"","format":"standard","meta":{"wl_entities_gutenberg":"","footnotes":""},"categories":[47],"tags":[],"wl_entity_type":[732],"class_list":{"0":"post-43804","1":"post","2":"type-post","3":"status-publish","4":"format-standard","5":"has-post-thumbnail","7":"category-noticias","8":"wl_entity_type-article"},"acf":[],"yoast_head":"<!-- This site is optimized with the Yoast SEO Premium plugin v25.9 (Yoast SEO v25.9) - https:\/\/yoast.com\/wordpress\/plugins\/seo\/ -->\n<title>Vestibular UFRGS: \u00daltimas Not\u00edcias!<\/title>\n<meta name=\"description\" content=\"O Estrat\u00e9gia Vestibulares reuni para voc\u00ea as \u00faltimas not\u00edcias sobre o vestibular da UFRGS! N\u00e3o perca tempo e confira j\u00e1!\" \/>\n<meta name=\"robots\" content=\"index, follow, max-snippet:-1, max-image-preview:large, max-video-preview:-1\" \/>\n<link rel=\"canonical\" href=\"https:\/\/vestibulares.estrategia.com\/portal\/noticias\/ufrgs-ultimas-noticias\/\" \/>\n<meta property=\"og:locale\" content=\"pt_BR\" \/>\n<meta property=\"og:type\" content=\"article\" \/>\n<meta property=\"og:title\" content=\"Vestibular UFRGS: \u00daltimas Not\u00edcias!\" \/>\n<meta property=\"og:description\" content=\"O Estrat\u00e9gia Vestibulares reuni para voc\u00ea as \u00faltimas not\u00edcias sobre o vestibular da UFRGS! N\u00e3o perca tempo e confira j\u00e1!\" \/>\n<meta property=\"og:url\" content=\"https:\/\/vestibulares.estrategia.com\/portal\/noticias\/ufrgs-ultimas-noticias\/\" \/>\n<meta property=\"og:site_name\" content=\"Estrat\u00e9gia Vestibulares\" \/>\n<meta property=\"article:publisher\" content=\"https:\/\/facebook.com\/estrategiavestibulares\" \/>\n<meta property=\"article:published_time\" content=\"2020-10-21T11:13:57+00:00\" \/>\n<meta property=\"article:modified_time\" content=\"2021-05-17T12:48:45+00:00\" \/>\n<meta property=\"og:image\" content=\"https:\/\/vestibulares.estrategia.com\/portal\/wp-content\/uploads\/2020\/10\/img_vest_UFRGS.jpg\" \/>\n\t<meta property=\"og:image:width\" content=\"1\" \/>\n\t<meta property=\"og:image:height\" content=\"1\" \/>\n\t<meta property=\"og:image:type\" content=\"image\/jpeg\" \/>\n<meta name=\"author\" content=\"Raquel Oshio\" \/>\n<meta name=\"twitter:card\" content=\"summary_large_image\" \/>\n<meta name=\"twitter:creator\" content=\"@Estrategiavest\" \/>\n<meta name=\"twitter:site\" content=\"@Estrategiavest\" \/>\n<meta name=\"twitter:label1\" content=\"Escrito por\" \/>\n\t<meta name=\"twitter:data1\" content=\"Raquel Oshio\" \/>\n\t<meta name=\"twitter:label2\" content=\"Est. tempo de leitura\" \/>\n\t<meta name=\"twitter:data2\" content=\"6 minutos\" \/>\n<script type=\"application\/ld+json\" class=\"yoast-schema-graph\">{\"@context\":\"https:\/\/schema.org\",\"@graph\":[{\"@type\":\"Article\",\"@id\":\"https:\/\/vestibulares.estrategia.com\/portal\/noticias\/ufrgs-ultimas-noticias\/#article\",\"isPartOf\":{\"@id\":\"https:\/\/vestibulares.estrategia.com\/portal\/noticias\/ufrgs-ultimas-noticias\/\"},\"author\":{\"name\":\"Raquel Oshio\",\"@id\":\"https:\/\/vestibulares.estrategia.com\/portal\/#\/schema\/person\/04682fc62e7ab3b51a4f9434ae8844da\"},\"headline\":\"Vestibular UFRGS: \u00daltimas Not\u00edcias!\",\"datePublished\":\"2020-10-21T11:13:57+00:00\",\"dateModified\":\"2021-05-17T12:48:45+00:00\",\"mainEntityOfPage\":{\"@id\":\"https:\/\/vestibulares.estrategia.com\/portal\/noticias\/ufrgs-ultimas-noticias\/\"},\"wordCount\":1298,\"publisher\":{\"@id\":\"https:\/\/vestibulares.estrategia.com\/portal\/#organization\"},\"image\":{\"@id\":\"https:\/\/vestibulares.estrategia.com\/portal\/noticias\/ufrgs-ultimas-noticias\/#primaryimage\"},\"thumbnailUrl\":\"https:\/\/vestibulares.estrategia.com\/portal\/wp-content\/uploads\/2020\/10\/img_vest_UFRGS.jpg\",\"articleSection\":[\"Not\u00edcias\"],\"inLanguage\":\"pt-BR\"},{\"@type\":\"WebPage\",\"@id\":\"https:\/\/vestibulares.estrategia.com\/portal\/noticias\/ufrgs-ultimas-noticias\/\",\"url\":\"https:\/\/vestibulares.estrategia.com\/portal\/noticias\/ufrgs-ultimas-noticias\/\",\"name\":\"Vestibular UFRGS: \u00daltimas Not\u00edcias!\",\"isPartOf\":{\"@id\":\"https:\/\/vestibulares.estrategia.com\/portal\/#website\"},\"primaryImageOfPage\":{\"@id\":\"https:\/\/vestibulares.estrategia.com\/portal\/noticias\/ufrgs-ultimas-noticias\/#primaryimage\"},\"image\":{\"@id\":\"https:\/\/vestibulares.estrategia.com\/portal\/noticias\/ufrgs-ultimas-noticias\/#primaryimage\"},\"thumbnailUrl\":\"https:\/\/vestibulares.estrategia.com\/portal\/wp-content\/uploads\/2020\/10\/img_vest_UFRGS.jpg\",\"datePublished\":\"2020-10-21T11:13:57+00:00\",\"dateModified\":\"2021-05-17T12:48:45+00:00\",\"description\":\"O Estrat\u00e9gia Vestibulares reuni para voc\u00ea as \u00faltimas not\u00edcias sobre o vestibular da UFRGS! N\u00e3o perca tempo e confira j\u00e1!\",\"breadcrumb\":{\"@id\":\"https:\/\/vestibulares.estrategia.com\/portal\/noticias\/ufrgs-ultimas-noticias\/#breadcrumb\"},\"inLanguage\":\"pt-BR\",\"potentialAction\":[{\"@type\":\"ReadAction\",\"target\":[\"https:\/\/vestibulares.estrategia.com\/portal\/noticias\/ufrgs-ultimas-noticias\/\"]}]},{\"@type\":\"ImageObject\",\"inLanguage\":\"pt-BR\",\"@id\":\"https:\/\/vestibulares.estrategia.com\/portal\/noticias\/ufrgs-ultimas-noticias\/#primaryimage\",\"url\":\"https:\/\/vestibulares.estrategia.com\/portal\/wp-content\/uploads\/2020\/10\/img_vest_UFRGS.jpg\",\"contentUrl\":\"https:\/\/vestibulares.estrategia.com\/portal\/wp-content\/uploads\/2020\/10\/img_vest_UFRGS.jpg\",\"caption\":\"ufrgs\"},{\"@type\":\"BreadcrumbList\",\"@id\":\"https:\/\/vestibulares.estrategia.com\/portal\/noticias\/ufrgs-ultimas-noticias\/#breadcrumb\",\"itemListElement\":[{\"@type\":\"ListItem\",\"position\":1,\"name\":\"Home\",\"item\":\"https:\/\/vestibulares.estrategia.com\/portal\/\"},{\"@type\":\"ListItem\",\"position\":2,\"name\":\"Not\u00edcias\",\"item\":\"https:\/\/vestibulares.estrategia.com\/portal\/noticias\/\"},{\"@type\":\"ListItem\",\"position\":3,\"name\":\"Vestibular UFRGS: \u00daltimas Not\u00edcias!\"}]},{\"@type\":\"WebSite\",\"@id\":\"https:\/\/vestibulares.estrategia.com\/portal\/#website\",\"url\":\"https:\/\/vestibulares.estrategia.com\/portal\/\",\"name\":\"Estrat\u00e9gia Vestibulares\",\"description\":\"\",\"publisher\":{\"@id\":\"https:\/\/vestibulares.estrategia.com\/portal\/#organization\"},\"potentialAction\":[{\"@type\":\"SearchAction\",\"target\":{\"@type\":\"EntryPoint\",\"urlTemplate\":\"https:\/\/vestibulares.estrategia.com\/portal\/?s={search_term_string}\"},\"query-input\":{\"@type\":\"PropertyValueSpecification\",\"valueRequired\":true,\"valueName\":\"search_term_string\"}}],\"inLanguage\":\"pt-BR\"},{\"@type\":\"Organization\",\"@id\":\"https:\/\/vestibulares.estrategia.com\/portal\/#organization\",\"name\":\"Estrat\u00e9gia Vestibulares\",\"url\":\"https:\/\/vestibulares.estrategia.com\/portal\/\",\"logo\":{\"@type\":\"ImageObject\",\"inLanguage\":\"pt-BR\",\"@id\":\"https:\/\/vestibulares.estrategia.com\/portal\/#\/schema\/logo\/image\/\",\"url\":\"https:\/\/vestibulares.estrategia.com\/portal\/wp-content\/uploads\/2021\/06\/Logo-Vestibulares@4x.png\",\"contentUrl\":\"https:\/\/vestibulares.estrategia.com\/portal\/wp-content\/uploads\/2021\/06\/Logo-Vestibulares@4x.png\",\"width\":250,\"height\":66,\"caption\":\"Estrat\u00e9gia Vestibulares\"},\"image\":{\"@id\":\"https:\/\/vestibulares.estrategia.com\/portal\/#\/schema\/logo\/image\/\"},\"sameAs\":[\"https:\/\/facebook.com\/estrategiavestibulares\",\"https:\/\/x.com\/Estrategiavest\",\"https:\/\/www.instagram.com\/estrategiavestibulares\",\"https:\/\/www.youtube.com\/channel\/UCGWdZy8ULI-7_5GrABa4vNA\"]},{\"@type\":\"Person\",\"@id\":\"https:\/\/vestibulares.estrategia.com\/portal\/#\/schema\/person\/04682fc62e7ab3b51a4f9434ae8844da\",\"name\":\"Raquel Oshio\",\"image\":{\"@type\":\"ImageObject\",\"inLanguage\":\"pt-BR\",\"@id\":\"https:\/\/vestibulares.estrategia.com\/portal\/#\/schema\/person\/image\/\",\"url\":\"https:\/\/secure.gravatar.com\/avatar\/fa4e62d5e59d9cf9995ea9c715a78807?s=96&d=mm&r=g\",\"contentUrl\":\"https:\/\/secure.gravatar.com\/avatar\/fa4e62d5e59d9cf9995ea9c715a78807?s=96&d=mm&r=g\",\"caption\":\"Raquel Oshio\"},\"description\":\"Amante de hist\u00f3rias e ca\u00e7adora de belezas escondidas. Jornalista de profiss\u00e3o e cora\u00e7\u00e3o. Desenhista e escritora de fic\u00e7\u00e3o nas horas vagas. Acredito no potencial transformador de todo trabalho feito com dedica\u00e7\u00e3o.\",\"url\":\"https:\/\/vestibulares.estrategia.com\/portal\/author\/raquel-oshio\/\"}]}<\/script>\n<!-- \/ Yoast SEO Premium plugin. -->","yoast_head_json":{"title":"Vestibular UFRGS: \u00daltimas Not\u00edcias!","description":"O Estrat\u00e9gia Vestibulares reuni para voc\u00ea as \u00faltimas not\u00edcias sobre o vestibular da UFRGS! N\u00e3o perca tempo e confira j\u00e1!","robots":{"index":"index","follow":"follow","max-snippet":"max-snippet:-1","max-image-preview":"max-image-preview:large","max-video-preview":"max-video-preview:-1"},"canonical":"https:\/\/vestibulares.estrategia.com\/portal\/noticias\/ufrgs-ultimas-noticias\/","og_locale":"pt_BR","og_type":"article","og_title":"Vestibular UFRGS: \u00daltimas Not\u00edcias!","og_description":"O Estrat\u00e9gia Vestibulares reuni para voc\u00ea as \u00faltimas not\u00edcias sobre o vestibular da UFRGS! N\u00e3o perca tempo e confira j\u00e1!","og_url":"https:\/\/vestibulares.estrategia.com\/portal\/noticias\/ufrgs-ultimas-noticias\/","og_site_name":"Estrat\u00e9gia Vestibulares","article_publisher":"https:\/\/facebook.com\/estrategiavestibulares","article_published_time":"2020-10-21T11:13:57+00:00","article_modified_time":"2021-05-17T12:48:45+00:00","og_image":[{"url":"https:\/\/vestibulares.estrategia.com\/portal\/wp-content\/uploads\/2020\/10\/img_vest_UFRGS.jpg","width":1,"height":1,"type":"image\/jpeg"}],"author":"Raquel Oshio","twitter_card":"summary_large_image","twitter_creator":"@Estrategiavest","twitter_site":"@Estrategiavest","twitter_misc":{"Escrito por":"Raquel Oshio","Est. tempo de leitura":"6 minutos"},"schema":{"@context":"https:\/\/schema.org","@graph":[{"@type":"Article","@id":"https:\/\/vestibulares.estrategia.com\/portal\/noticias\/ufrgs-ultimas-noticias\/#article","isPartOf":{"@id":"https:\/\/vestibulares.estrategia.com\/portal\/noticias\/ufrgs-ultimas-noticias\/"},"author":{"name":"Raquel Oshio","@id":"https:\/\/vestibulares.estrategia.com\/portal\/#\/schema\/person\/04682fc62e7ab3b51a4f9434ae8844da"},"headline":"Vestibular UFRGS: \u00daltimas Not\u00edcias!","datePublished":"2020-10-21T11:13:57+00:00","dateModified":"2021-05-17T12:48:45+00:00","mainEntityOfPage":{"@id":"https:\/\/vestibulares.estrategia.com\/portal\/noticias\/ufrgs-ultimas-noticias\/"},"wordCount":1298,"publisher":{"@id":"https:\/\/vestibulares.estrategia.com\/portal\/#organization"},"image":{"@id":"https:\/\/vestibulares.estrategia.com\/portal\/noticias\/ufrgs-ultimas-noticias\/#primaryimage"},"thumbnailUrl":"https:\/\/vestibulares.estrategia.com\/portal\/wp-content\/uploads\/2020\/10\/img_vest_UFRGS.jpg","articleSection":["Not\u00edcias"],"inLanguage":"pt-BR"},{"@type":"WebPage","@id":"https:\/\/vestibulares.estrategia.com\/portal\/noticias\/ufrgs-ultimas-noticias\/","url":"https:\/\/vestibulares.estrategia.com\/portal\/noticias\/ufrgs-ultimas-noticias\/","name":"Vestibular UFRGS: \u00daltimas Not\u00edcias!","isPartOf":{"@id":"https:\/\/vestibulares.estrategia.com\/portal\/#website"},"primaryImageOfPage":{"@id":"https:\/\/vestibulares.estrategia.com\/portal\/noticias\/ufrgs-ultimas-noticias\/#primaryimage"},"image":{"@id":"https:\/\/vestibulares.estrategia.com\/portal\/noticias\/ufrgs-ultimas-noticias\/#primaryimage"},"thumbnailUrl":"https:\/\/vestibulares.estrategia.com\/portal\/wp-content\/uploads\/2020\/10\/img_vest_UFRGS.jpg","datePublished":"2020-10-21T11:13:57+00:00","dateModified":"2021-05-17T12:48:45+00:00","description":"O Estrat\u00e9gia Vestibulares reuni para voc\u00ea as \u00faltimas not\u00edcias sobre o vestibular da UFRGS! N\u00e3o perca tempo e confira j\u00e1!","breadcrumb":{"@id":"https:\/\/vestibulares.estrategia.com\/portal\/noticias\/ufrgs-ultimas-noticias\/#breadcrumb"},"inLanguage":"pt-BR","potentialAction":[{"@type":"ReadAction","target":["https:\/\/vestibulares.estrategia.com\/portal\/noticias\/ufrgs-ultimas-noticias\/"]}]},{"@type":"ImageObject","inLanguage":"pt-BR","@id":"https:\/\/vestibulares.estrategia.com\/portal\/noticias\/ufrgs-ultimas-noticias\/#primaryimage","url":"https:\/\/vestibulares.estrategia.com\/portal\/wp-content\/uploads\/2020\/10\/img_vest_UFRGS.jpg","contentUrl":"https:\/\/vestibulares.estrategia.com\/portal\/wp-content\/uploads\/2020\/10\/img_vest_UFRGS.jpg","caption":"ufrgs"},{"@type":"BreadcrumbList","@id":"https:\/\/vestibulares.estrategia.com\/portal\/noticias\/ufrgs-ultimas-noticias\/#breadcrumb","itemListElement":[{"@type":"ListItem","position":1,"name":"Home","item":"https:\/\/vestibulares.estrategia.com\/portal\/"},{"@type":"ListItem","position":2,"name":"Not\u00edcias","item":"https:\/\/vestibulares.estrategia.com\/portal\/noticias\/"},{"@type":"ListItem","position":3,"name":"Vestibular UFRGS: \u00daltimas Not\u00edcias!"}]},{"@type":"WebSite","@id":"https:\/\/vestibulares.estrategia.com\/portal\/#website","url":"https:\/\/vestibulares.estrategia.com\/portal\/","name":"Estrat\u00e9gia Vestibulares","description":"","publisher":{"@id":"https:\/\/vestibulares.estrategia.com\/portal\/#organization"},"potentialAction":[{"@type":"SearchAction","target":{"@type":"EntryPoint","urlTemplate":"https:\/\/vestibulares.estrategia.com\/portal\/?s={search_term_string}"},"query-input":{"@type":"PropertyValueSpecification","valueRequired":true,"valueName":"search_term_string"}}],"inLanguage":"pt-BR"},{"@type":"Organization","@id":"https:\/\/vestibulares.estrategia.com\/portal\/#organization","name":"Estrat\u00e9gia Vestibulares","url":"https:\/\/vestibulares.estrategia.com\/portal\/","logo":{"@type":"ImageObject","inLanguage":"pt-BR","@id":"https:\/\/vestibulares.estrategia.com\/portal\/#\/schema\/logo\/image\/","url":"https:\/\/vestibulares.estrategia.com\/portal\/wp-content\/uploads\/2021\/06\/Logo-Vestibulares@4x.png","contentUrl":"https:\/\/vestibulares.estrategia.com\/portal\/wp-content\/uploads\/2021\/06\/Logo-Vestibulares@4x.png","width":250,"height":66,"caption":"Estrat\u00e9gia Vestibulares"},"image":{"@id":"https:\/\/vestibulares.estrategia.com\/portal\/#\/schema\/logo\/image\/"},"sameAs":["https:\/\/facebook.com\/estrategiavestibulares","https:\/\/x.com\/Estrategiavest","https:\/\/www.instagram.com\/estrategiavestibulares","https:\/\/www.youtube.com\/channel\/UCGWdZy8ULI-7_5GrABa4vNA"]},{"@type":"Person","@id":"https:\/\/vestibulares.estrategia.com\/portal\/#\/schema\/person\/04682fc62e7ab3b51a4f9434ae8844da","name":"Raquel Oshio","image":{"@type":"ImageObject","inLanguage":"pt-BR","@id":"https:\/\/vestibulares.estrategia.com\/portal\/#\/schema\/person\/image\/","url":"https:\/\/secure.gravatar.com\/avatar\/fa4e62d5e59d9cf9995ea9c715a78807?s=96&d=mm&r=g","contentUrl":"https:\/\/secure.gravatar.com\/avatar\/fa4e62d5e59d9cf9995ea9c715a78807?s=96&d=mm&r=g","caption":"Raquel Oshio"},"description":"Amante de hist\u00f3rias e ca\u00e7adora de belezas escondidas. Jornalista de profiss\u00e3o e cora\u00e7\u00e3o. Desenhista e escritora de fic\u00e7\u00e3o nas horas vagas. Acredito no potencial transformador de todo trabalho feito com dedica\u00e7\u00e3o.","url":"https:\/\/vestibulares.estrategia.com\/portal\/author\/raquel-oshio\/"}]}},"_wl_alt_label":[],"wl:entity_url":"https:\/\/data.wordlift.io\/wl110249\/post\/ufrgs-ultimas-noticias","_links":{"self":[{"href":"https:\/\/vestibulares.estrategia.com\/portal\/wp-json\/wp\/v2\/posts\/43804","targetHints":{"allow":["GET"]}}],"collection":[{"href":"https:\/\/vestibulares.estrategia.com\/portal\/wp-json\/wp\/v2\/posts"}],"about":[{"href":"https:\/\/vestibulares.estrategia.com\/portal\/wp-json\/wp\/v2\/types\/post"}],"author":[{"embeddable":true,"href":"https:\/\/vestibulares.estrategia.com\/portal\/wp-json\/wp\/v2\/users\/18"}],"replies":[{"embeddable":true,"href":"https:\/\/vestibulares.estrategia.com\/portal\/wp-json\/wp\/v2\/comments?post=43804"}],"version-history":[{"count":15,"href":"https:\/\/vestibulares.estrategia.com\/portal\/wp-json\/wp\/v2\/posts\/43804\/revisions"}],"predecessor-version":[{"id":49881,"href":"https:\/\/vestibulares.estrategia.com\/portal\/wp-json\/wp\/v2\/posts\/43804\/revisions\/49881"}],"wp:featuredmedia":[{"embeddable":true,"href":"https:\/\/vestibulares.estrategia.com\/portal\/wp-json\/wp\/v2\/media\/43805"}],"wp:attachment":[{"href":"https:\/\/vestibulares.estrategia.com\/portal\/wp-json\/wp\/v2\/media?parent=43804"}],"wp:term":[{"taxonomy":"category","embeddable":true,"href":"https:\/\/vestibulares.estrategia.com\/portal\/wp-json\/wp\/v2\/categories?post=43804"},{"taxonomy":"post_tag","embeddable":true,"href":"https:\/\/vestibulares.estrategia.com\/portal\/wp-json\/wp\/v2\/tags?post=43804"},{"taxonomy":"wl_entity_type","embeddable":true,"href":"https:\/\/vestibulares.estrategia.com\/portal\/wp-json\/wp\/v2\/wl_entity_type?post=43804"}],"curies":[{"name":"wp","href":"https:\/\/api.w.org\/{rel}","templated":true}]}}