{"id":44525,"date":"2020-11-10T09:28:11","date_gmt":"2020-11-10T12:28:11","guid":{"rendered":"https:\/\/blog.estrategiavestibulares.com.br\/?p=44525"},"modified":"2021-06-18T10:39:39","modified_gmt":"2021-06-18T13:39:39","slug":"ufrr-ultimas-noticias","status":"publish","type":"post","link":"https:\/\/vestibulares.estrategia.com\/portal\/noticias\/ufrr-ultimas-noticias\/","title":{"rendered":"Vestibular UFRR: \u00daltimas Not\u00edcias!"},"content":{"rendered":"<p>Est&aacute; interessado em saber mais sobre as &uacute;ltimas not&iacute;cias do <a href=\"https:\/\/vestibulares.estrategia.com\/portal\/vestibulares\/vestibular-ufrr\/\" target=\"_blank\">Vestibular UFRR<\/a>? O <a href=\"https:\/\/www.estrategiavestibulares.com.br\/\" target=\"_blank\">Estrat&eacute;gia Vestibulares<\/a> te conta tudo de novo que saiu sobre a prova!<div id=\"ez-toc-container\" class=\"ez-toc-v2_0_76 counter-hierarchy ez-toc-counter ez-toc-transparent ez-toc-container-direction\">\n<div class=\"ez-toc-title-container\"><p class=\"ez-toc-title\" style=\"cursor:inherit\">Navegue pelo conte\u00fado<\/p>\n<\/div><nav><ul class='ez-toc-list ez-toc-list-level-1 ' ><li class='ez-toc-page-1 ez-toc-heading-level-2'><a class=\"ez-toc-link ez-toc-heading-1\" href=\"https:\/\/vestibulares.estrategia.com\/portal\/noticias\/ufrr-ultimas-noticias\/#UFRR-disponibiliza-notas-do-Vestibular-e-PSS-2021-e-convocados-para-correcao-da-redacao\" >UFRR disponibiliza notas do Vestibular e PSS 2021 e convocados para corre&ccedil;&atilde;o da reda&ccedil;&atilde;o&nbsp;<\/a><\/li><li class='ez-toc-page-1 ez-toc-heading-level-2'><a class=\"ez-toc-link ez-toc-heading-2\" href=\"https:\/\/vestibulares.estrategia.com\/portal\/noticias\/ufrr-ultimas-noticias\/#UFRR-disponibiliza-locais-de-prova-do-Vestibular-2021\" >UFRR disponibiliza locais de prova do Vestibular 2021<\/a><\/li><li class='ez-toc-page-1 ez-toc-heading-level-2'><a class=\"ez-toc-link ez-toc-heading-3\" href=\"https:\/\/vestibulares.estrategia.com\/portal\/noticias\/ufrr-ultimas-noticias\/#UFRR-abre-inscricoes-para-Vestibular-Indigena\" >UFRR abre inscri&ccedil;&otilde;es para Vestibular Ind&iacute;gena<\/a><\/li><li class='ez-toc-page-1 ez-toc-heading-level-2'><a class=\"ez-toc-link ez-toc-heading-4\" href=\"https:\/\/vestibulares.estrategia.com\/portal\/noticias\/ufrr-ultimas-noticias\/#UFRR-divulga-edital-do-Sisu-2021\" >UFRR divulga edital do Sisu 2021<\/a><\/li><li class='ez-toc-page-1 ez-toc-heading-level-2'><a class=\"ez-toc-link ez-toc-heading-5\" href=\"https:\/\/vestibulares.estrategia.com\/portal\/noticias\/ufrr-ultimas-noticias\/#UFRR-adia-data-do-vestibular-2021\" >UFRR adia data do vestibular 2021<\/a><\/li><li class='ez-toc-page-1 ez-toc-heading-level-2'><a class=\"ez-toc-link ez-toc-heading-6\" href=\"https:\/\/vestibulares.estrategia.com\/portal\/noticias\/ufrr-ultimas-noticias\/#UFRR-divulga-concorrencia-do-Vestibular-2021\" >UFRR divulga concorr&ecirc;ncia do Vestibular 2021<\/a><\/li><li class='ez-toc-page-1 ez-toc-heading-level-2'><a class=\"ez-toc-link ez-toc-heading-7\" href=\"https:\/\/vestibulares.estrategia.com\/portal\/noticias\/ufrr-ultimas-noticias\/#Periodo-de-inscricoes-para-o-Vestibular-UFRR-2021-terminam-hoje-dia-13-de-novembro\" >Per&iacute;odo de inscri&ccedil;&otilde;es para o Vestibular UFRR 2021 terminam hoje, dia 13 de novembro<\/a><\/li><li class='ez-toc-page-1 ez-toc-heading-level-2'><a class=\"ez-toc-link ez-toc-heading-8\" href=\"https:\/\/vestibulares.estrategia.com\/portal\/noticias\/ufrr-ultimas-noticias\/#Inscricoes-UFRR\" >Inscri&ccedil;&otilde;es UFRR<\/a><\/li><li class='ez-toc-page-1 ez-toc-heading-level-2'><a class=\"ez-toc-link ez-toc-heading-9\" href=\"https:\/\/vestibulares.estrategia.com\/portal\/noticias\/ufrr-ultimas-noticias\/#Provas-da-UFRR\" >Provas da UFRR<\/a><\/li><li class='ez-toc-page-1 ez-toc-heading-level-2'><a class=\"ez-toc-link ez-toc-heading-10\" href=\"https:\/\/vestibulares.estrategia.com\/portal\/noticias\/ufrr-ultimas-noticias\/#Conte-com-o-Estrategia-Vestibulares\" >Conte com o Estrat&eacute;gia Vestibulares!<\/a><\/li><\/ul><\/nav><\/div>\n<h2 class=\"wp-block-heading\"><span class=\"ez-toc-section\" id=\"UFRR-disponibiliza-notas-do-Vestibular-e-PSS-2021-e-convocados-para-correcao-da-redacao\"><\/span><strong>UFRR disponibiliza notas do Vestibular e PSS 2021 e convocados para corre&ccedil;&atilde;o da reda&ccedil;&atilde;o&nbsp;<\/strong><span class=\"ez-toc-section-end\"><\/span><\/h2><p>A Universidade Federal de Roraima (UFRR) disponibilizou as <strong>notas do Vestibular e da 3&deg; etapa do Processo Seletivo Seriado (PSS)<\/strong>. Al&eacute;m disso, os candidatos convocados para a corre&ccedil;&atilde;o da reda&ccedil;&atilde;o e o desempenho nas fases anteriores do PSS tamb&eacute;m j&aacute; est&atilde;o dispon&iacute;veis.&nbsp;&nbsp;<\/p><p>Os candidatos que queiram r<strong>ealizar o requerimento, tem at&eacute; as 17:30 desta sexta-feira<\/strong>, 21 de maio. <strong>A classifica&ccedil;&atilde;o provis&oacute;ria ser&aacute; divulgada no dia 14 de junho<\/strong>! Para mais informa&ccedil;&otilde;es <a rel=\"nofollow noopener noreferrer\" href=\"https:\/\/s4.static.brasilescola.uol.com.br\/vestibular\/2021\/05\/pontuacao-preliminar-e-convocados-correcao-redacao-ufrr-2021.pdf\" target=\"_blank\">acesse o site<\/a>!<\/p><h2 class=\"wp-block-heading\"><span class=\"ez-toc-section\" id=\"UFRR-disponibiliza-locais-de-prova-do-Vestibular-2021\"><\/span>UFRR disponibiliza locais de prova do Vestibular 2021<span class=\"ez-toc-section-end\"><\/span><\/h2><p>No dia 9 de abril, a <strong>Universidade Federal de Roraima (UFRR)<\/strong> divulgou os locais de prova do Vestibular 2021. O seletivo acontecer&aacute; no dia <strong>2 de maio<\/strong>, na cidade de Boa Vista, Roraima. <\/p><p>Para saber o local em que ser&aacute; realizada a prova, os candidatos dever&atilde;o <strong>efetuar o login<\/strong> no <a href=\"https:\/\/cpv.ufrr.br\/seletivo\/login\" target=\"_blank\">site<\/a> da Comiss&atilde;o Permanente de Vestibular (CPV). <\/p><h2 class=\"wp-block-heading\"><span class=\"ez-toc-section\" id=\"UFRR-abre-inscricoes-para-Vestibular-Indigena\"><\/span>UFRR abre inscri&ccedil;&otilde;es para Vestibular Ind&iacute;gena  <span class=\"ez-toc-section-end\"><\/span><\/h2><p>A <strong>Universidade Federal de Roraima (UFRR)<\/strong> abriu nesta segunda-feira, dia 05 de abril, o per&iacute;odo de <strong>inscri&ccedil;&otilde;es para o Processo Seletivo Espec&iacute;fico Ind&iacute;gena (PSEI)<\/strong>. As inscri&ccedil;&otilde;es v&atilde;o <strong>at&eacute; dia 7 de maio<\/strong> e devem ser feitas <strong>via on-line<\/strong>, atrav&eacute;s do <a href=\"https:\/\/cpv.ufrr.br\/seletivo\/\" target=\"_blank\" rel=\"noreferrer noopener nofollow\">site<\/a> da institui&ccedil;&atilde;o.  <\/p><p>A <strong>taxa de inscri&ccedil;&atilde;o<\/strong> tem o valor de <strong>R$ 70,00<\/strong> para todos os cursos e a <strong>1&ordf; fase<\/strong> do seletivo est&aacute; prevista para <strong>dia 20 de junho<\/strong>. <\/p><h2 class=\"wp-block-heading\"><span class=\"ez-toc-section\" id=\"UFRR-divulga-edital-do-Sisu-2021\"><\/span>UFRR divulga edital do Sisu 2021<span class=\"ez-toc-section-end\"><\/span><\/h2><p>No dia 31 de mar&ccedil;o, a <strong>Universidade Federal de Roraima (UFRR)<\/strong> divulgou o edital do seletivo<strong> do Sisu 2021<\/strong>. Os candidatos interessados em ingressar na institui&ccedil;&atilde;o poder&atilde;o <strong>utilizar a nota do Enem 2020<\/strong>, que foi divulgada no dia 29 de mar&ccedil;o. <\/p><p>A Universidade oferece <strong>718 vagas, divididas entre os 37 cursos<\/strong> de gradua&ccedil;&atilde;o. Para mais informa&ccedil;&otilde;es, clique no bot&atilde;o abaixo e confira o edital!<\/p><div class=\"wp-block-buttons is-content-justification-center is-layout-flex wp-block-buttons-is-layout-flex\">\n<div class=\"wp-block-button\"><a class=\"wp-block-button__link has-luminous-vivid-amber-to-luminous-vivid-orange-gradient-background has-background\" rel=\"nofollow\" href=\"https:\/\/vestibulares.estrategia.com\/portal\/wp-content\/uploads\/2021\/04\/Edital-N-11-21-ENEM-SISU-2021.pdf\" style=\"border-radius:50px\" target=\"_blank\">BAIXE O EDITAL AQUI!<\/a><\/div>\n<\/div><h2 class=\"wp-block-heading\"><span class=\"ez-toc-section\" id=\"UFRR-adia-data-do-vestibular-2021\"><\/span>UFRR adia data do vestibular 2021<span class=\"ez-toc-section-end\"><\/span><\/h2><p>A <strong>Universidade Federal de Roraima (UFRR) <\/strong>decidiu adiar as provas do <strong>vestibular 2021<\/strong> para o dia <strong>2 de maio<\/strong>. Anteriormente, as avalia&ccedil;&otilde;es seriam aplicadas no dia 21 de fevereiro.<\/p><p>Segundo a institui&ccedil;&atilde;o, a decis&atilde;o foi tomada por conta da situa&ccedil;&atilde;o epidemiol&oacute;gica vivida no estado. Um novo edital ser&aacute; publicado com orienta&ccedil;&otilde;es.<\/p><h2 class=\"wp-block-heading\"><span class=\"ez-toc-section\" id=\"UFRR-divulga-concorrencia-do-Vestibular-2021\"><\/span>UFRR divulga concorr&ecirc;ncia do Vestibular 2021<span class=\"ez-toc-section-end\"><\/span><\/h2><p>A <strong>Universidade Federal de Roraima (UFRR)<\/strong> divulgou a concorr&ecirc;ncia para dos cursos do seu <strong>Vestibular 2021<\/strong>. Os candidatos podem conferir a lista no<a href=\"http:\/\/ufrr.br\/cpv\/index.php?option=com_content&amp;view=article&amp;id=559:concorrencia-vestibular-2021&amp;catid=18&amp;Itemid=102\" target=\"_blank\"> site da institui&ccedil;&atilde;o<\/a>.&nbsp;<\/p><p>Os cursos mais concorridos s&atilde;o<strong> Medicina,<\/strong> com 34,3 candidatos por vaga, e<strong> Direito<\/strong>, com 20,6 candidatos por vaga.<\/p><h2 class=\"wp-block-heading\"><span class=\"ez-toc-section\" id=\"Periodo-de-inscricoes-para-o-Vestibular-UFRR-2021-terminam-hoje-dia-13-de-novembro\"><\/span>Per&iacute;odo de inscri&ccedil;&otilde;es para o Vestibular UFRR 2021 terminam hoje, dia 13 de novembro<span class=\"ez-toc-section-end\"><\/span><\/h2><p>Conforme divulgado na ter&ccedil;a-feira, <strong>a Universidade Federal de Roraima (UFRR)<\/strong> encerra nesta <strong>sexta-feira, dia 13 de novembro<\/strong>, o per&iacute;odo de inscri&ccedil;&otilde;es para o Vestibular&nbsp; e o Processo Seletivo Seriado (PSS) 2021. Foram ofertadas <strong>786 vagas para 38 cursos<\/strong>, com ingresso nos dois semestres de 2021.<\/p><p>As taxas de inscri&ccedil;&atilde;o para o PSS tem o valor de: primeira etapa R$ 70,00, segunda etapa R$ 80,00 e terceira etapa R$ 100,00. J&aacute; para a prova integral do Vestibular UFRR, &eacute; cobrado R$ 100,00 para se candidatar.<\/p><p>A Universidade divulgou em seu site, no<strong> dia 9 de novembro<\/strong>, a rela&ccedil;&atilde;o dos candidatos que receberam o benef&iacute;cio da isen&ccedil;&atilde;o.<\/p><p>As avalia&ccedil;&otilde;es ser&atilde;o aplicadas no dia <strong>21 de fevereiro de 2021<\/strong>. As duas primeiras etapas do PSS, acontecer&atilde;o das 8h &agrave;s 11h. J&aacute; a prova integral e a terceira etapa, ocorrer&atilde;o das 8h &agrave;s 13h.<\/p><h2 class=\"wp-block-heading\"><span class=\"ez-toc-section\" id=\"Inscricoes-UFRR\"><\/span>Inscri&ccedil;&otilde;es UFRR<span class=\"ez-toc-section-end\"><\/span><\/h2><p>A UFRR iniciou as<strong> inscri&ccedil;&otilde;es em seu Vestibular e no seu Processo Seletivo Seriado (PSS) UFRR 2021<\/strong> &agrave;s 8h, desta ter&ccedil;a, <strong>dia 13 de outubro<\/strong>. Os pedidos de <strong>isen&ccedil;&atilde;o <\/strong>podem ser feitos<strong> at&eacute; &agrave;s 17h30 do dia 19 do mesmo m&ecirc;s<\/strong>. J&aacute; as <strong>inscri&ccedil;&otilde;es s&atilde;o encerradas no dia 13 de novembro<\/strong>. <\/p><p>O <strong>Edital e o Manual do Candidato<\/strong> do <strong>Vestibular <\/strong>e do <strong>PSS UFRR 2021<\/strong> foram divulgados na p&aacute;gina do seletivo na internet, na ter&ccedil;a-feira, dia 6 de outubro. Ser&atilde;o ofertadas<strong> 786 vagas<\/strong> distribu&iacute;das entre <strong>38 cursos de gradua&ccedil;&atilde;o<\/strong>. <\/p><p>O candidato precisa assinalar no momento da inscri&ccedil;&atilde;o em qual dos <strong>crit&eacute;rios de isen&ccedil;&atilde;o<\/strong> se encaixa e fazer o upload dos documentos solicitados. Confira os crit&eacute;rios abaixo: <\/p><ul class=\"wp-block-list\"><li><strong>Crit&eacute;rio I:<\/strong> candidatos que cursaram o Ensino M&eacute;dio inteiro em escolas da rede p&uacute;blica ou como bolsistas integrais em escolas particulares e que tem renda familiar bruta <em>per capita<\/em> igual ou inferior 1,5 sal&aacute;rio m&iacute;nimo.<\/li><li><strong>Crit&eacute;rio II:<\/strong> Candidatos inscritos no Cad&Uacute;nico dos Programas Sociais do Governo Federal e membros de fam&iacute;lia de baixa renda.<\/li><\/ul><h2 class=\"wp-block-heading\"><span class=\"ez-toc-section\" id=\"Provas-da-UFRR\"><\/span>Provas da UFRR<span class=\"ez-toc-section-end\"><\/span><\/h2><p>As <strong>provas do Vestibular e do PSS <\/strong>est&atilde;o marcadas para acontecer no dia<strong> 21 de fevereiro de 2021<\/strong>. Inicialmente, elas estavam previstas para serem aplicadas em novembro, mas foram adiadas por conta da pandemia de COVID-19. <\/p><p>Outro motivo para o adiamento da prova, segundo a UFRR, &eacute; para n&atilde;o prejudicar os alunos da rede p&uacute;blica de ensino, que tiveram dificuldades de continuar seus estudos no isolamento. <\/p><h2 class=\"wp-block-heading\"><span class=\"ez-toc-section\" id=\"Conte-com-o-Estrategia-Vestibulares\"><\/span>Conte com o Estrat&eacute;gia Vestibulares! <span class=\"ez-toc-section-end\"><\/span><\/h2><p>Quer saber mais sobre a Universidade Federal de Roraima e seu seletivo? Ent&atilde;o confira o Guia do Vestibular UFRR que montamos para voc&ecirc;! <\/p><p>Al&eacute;m disso, n&atilde;o deixe de conferir as nossos pacotes de cursos personalizados para cada vestibular em nosso site! <\/p><div class=\"wp-block-buttons is-content-justification-center is-layout-flex wp-block-buttons-is-layout-flex\">\n<div class=\"wp-block-button\"><a class=\"wp-block-button__link has-luminous-vivid-amber-to-luminous-vivid-orange-gradient-background has-background\" href=\"\" style=\"border-radius:23px\" target=\"_blank\">Adquira o pacote vestibular ufrr<\/a><\/div>\n<\/div><p><em>Texto: Thiago Bayer<\/em><\/p><\/p>\n","protected":false},"excerpt":{"rendered":"Est&aacute; interessado em saber mais sobre as &uacute;ltimas not&iacute;cias do Vestibular UFRR? O Estrat&eacute;gia Vestibulares te conta tudo&hellip;\n","protected":false},"author":32,"featured_media":44527,"comment_status":"open","ping_status":"open","sticky":false,"template":"","format":"standard","meta":{"wl_entities_gutenberg":"","footnotes":""},"categories":[47],"tags":[],"wl_entity_type":[732],"class_list":{"0":"post-44525","1":"post","2":"type-post","3":"status-publish","4":"format-standard","5":"has-post-thumbnail","7":"category-noticias","8":"wl_entity_type-article"},"acf":[],"yoast_head":"<!-- This site is optimized with the Yoast SEO Premium plugin v25.9 (Yoast SEO v25.9) - https:\/\/yoast.com\/wordpress\/plugins\/seo\/ -->\n<title>Vestibular UFRR: \u00daltimas Not\u00edcias!\u2502Estrat\u00e9gia Vestibulares<\/title>\n<meta name=\"description\" content=\"Quer saber mais sobre a UFRR? Ent\u00e3o n\u00e3o deixe de conferir as \u00faltimas not\u00edcias sobre o vestibular, al\u00e9m de entender como funciona a prova!\" \/>\n<meta name=\"robots\" content=\"index, follow, max-snippet:-1, max-image-preview:large, max-video-preview:-1\" \/>\n<link rel=\"canonical\" href=\"https:\/\/vestibulares.estrategia.com\/portal\/noticias\/ufrr-ultimas-noticias\/\" \/>\n<meta property=\"og:locale\" content=\"pt_BR\" \/>\n<meta property=\"og:type\" content=\"article\" \/>\n<meta property=\"og:title\" content=\"Vestibular UFRR: \u00daltimas Not\u00edcias!\" \/>\n<meta property=\"og:description\" content=\"Quer saber mais sobre a UFRR? Ent\u00e3o n\u00e3o deixe de conferir as \u00faltimas not\u00edcias sobre o vestibular, al\u00e9m de entender como funciona a prova!\" \/>\n<meta property=\"og:url\" content=\"https:\/\/vestibulares.estrategia.com\/portal\/noticias\/ufrr-ultimas-noticias\/\" \/>\n<meta property=\"og:site_name\" content=\"Estrat\u00e9gia Vestibulares\" \/>\n<meta property=\"article:publisher\" content=\"https:\/\/facebook.com\/estrategiavestibulares\" \/>\n<meta property=\"article:published_time\" content=\"2020-11-10T12:28:11+00:00\" \/>\n<meta property=\"article:modified_time\" content=\"2021-06-18T13:39:39+00:00\" \/>\n<meta property=\"og:image\" content=\"https:\/\/cdn.blog.estrategiavestibulares.com.br\/vestibulares\/wp-content\/uploads\/2020\/11\/10090535\/img_vesr_ufrr.jpg\" \/>\n\t<meta property=\"og:image:width\" content=\"300\" \/>\n\t<meta property=\"og:image:height\" content=\"200\" \/>\n\t<meta property=\"og:image:type\" content=\"image\/jpeg\" \/>\n<meta name=\"author\" content=\"Reda\u00e7\u00e3o - Estrat\u00e9gia Vestibulares\" \/>\n<meta name=\"twitter:card\" content=\"summary_large_image\" \/>\n<meta name=\"twitter:creator\" content=\"@Estrategiavest\" \/>\n<meta name=\"twitter:site\" content=\"@Estrategiavest\" \/>\n<meta name=\"twitter:label1\" content=\"Escrito por\" \/>\n\t<meta name=\"twitter:data1\" content=\"Reda\u00e7\u00e3o - Estrat\u00e9gia Vestibulares\" \/>\n\t<meta name=\"twitter:label2\" content=\"Est. tempo de leitura\" \/>\n\t<meta name=\"twitter:data2\" content=\"4 minutos\" \/>\n<script type=\"application\/ld+json\" class=\"yoast-schema-graph\">{\"@context\":\"https:\/\/schema.org\",\"@graph\":[{\"@type\":\"Article\",\"@id\":\"https:\/\/vestibulares.estrategia.com\/portal\/noticias\/ufrr-ultimas-noticias\/#article\",\"isPartOf\":{\"@id\":\"https:\/\/vestibulares.estrategia.com\/portal\/noticias\/ufrr-ultimas-noticias\/\"},\"author\":{\"name\":\"Reda\u00e7\u00e3o - Estrat\u00e9gia Vestibulares\",\"@id\":\"https:\/\/vestibulares.estrategia.com\/portal\/#\/schema\/person\/e61c2f82615bdf9a383afcebe00de04f\"},\"headline\":\"Vestibular UFRR: \u00daltimas Not\u00edcias!\",\"datePublished\":\"2020-11-10T12:28:11+00:00\",\"dateModified\":\"2021-06-18T13:39:39+00:00\",\"mainEntityOfPage\":{\"@id\":\"https:\/\/vestibulares.estrategia.com\/portal\/noticias\/ufrr-ultimas-noticias\/\"},\"wordCount\":925,\"commentCount\":0,\"publisher\":{\"@id\":\"https:\/\/vestibulares.estrategia.com\/portal\/#organization\"},\"image\":{\"@id\":\"https:\/\/vestibulares.estrategia.com\/portal\/noticias\/ufrr-ultimas-noticias\/#primaryimage\"},\"thumbnailUrl\":\"https:\/\/vestibulares.estrategia.com\/portal\/wp-content\/uploads\/2020\/11\/img_vesr_ufrr.jpg\",\"articleSection\":[\"Not\u00edcias\"],\"inLanguage\":\"pt-BR\",\"potentialAction\":[{\"@type\":\"CommentAction\",\"name\":\"Comment\",\"target\":[\"https:\/\/vestibulares.estrategia.com\/portal\/noticias\/ufrr-ultimas-noticias\/#respond\"]}]},{\"@type\":\"WebPage\",\"@id\":\"https:\/\/vestibulares.estrategia.com\/portal\/noticias\/ufrr-ultimas-noticias\/\",\"url\":\"https:\/\/vestibulares.estrategia.com\/portal\/noticias\/ufrr-ultimas-noticias\/\",\"name\":\"Vestibular UFRR: \u00daltimas Not\u00edcias!\u2502Estrat\u00e9gia Vestibulares\",\"isPartOf\":{\"@id\":\"https:\/\/vestibulares.estrategia.com\/portal\/#website\"},\"primaryImageOfPage\":{\"@id\":\"https:\/\/vestibulares.estrategia.com\/portal\/noticias\/ufrr-ultimas-noticias\/#primaryimage\"},\"image\":{\"@id\":\"https:\/\/vestibulares.estrategia.com\/portal\/noticias\/ufrr-ultimas-noticias\/#primaryimage\"},\"thumbnailUrl\":\"https:\/\/vestibulares.estrategia.com\/portal\/wp-content\/uploads\/2020\/11\/img_vesr_ufrr.jpg\",\"datePublished\":\"2020-11-10T12:28:11+00:00\",\"dateModified\":\"2021-06-18T13:39:39+00:00\",\"description\":\"Quer saber mais sobre a UFRR? Ent\u00e3o n\u00e3o deixe de conferir as \u00faltimas not\u00edcias sobre o vestibular, al\u00e9m de entender como funciona a prova!\",\"breadcrumb\":{\"@id\":\"https:\/\/vestibulares.estrategia.com\/portal\/noticias\/ufrr-ultimas-noticias\/#breadcrumb\"},\"inLanguage\":\"pt-BR\",\"potentialAction\":[{\"@type\":\"ReadAction\",\"target\":[\"https:\/\/vestibulares.estrategia.com\/portal\/noticias\/ufrr-ultimas-noticias\/\"]}]},{\"@type\":\"ImageObject\",\"inLanguage\":\"pt-BR\",\"@id\":\"https:\/\/vestibulares.estrategia.com\/portal\/noticias\/ufrr-ultimas-noticias\/#primaryimage\",\"url\":\"https:\/\/vestibulares.estrategia.com\/portal\/wp-content\/uploads\/2020\/11\/img_vesr_ufrr.jpg\",\"contentUrl\":\"https:\/\/vestibulares.estrategia.com\/portal\/wp-content\/uploads\/2020\/11\/img_vesr_ufrr.jpg\",\"width\":300,\"height\":200,\"caption\":\"ufrr.jpg\"},{\"@type\":\"BreadcrumbList\",\"@id\":\"https:\/\/vestibulares.estrategia.com\/portal\/noticias\/ufrr-ultimas-noticias\/#breadcrumb\",\"itemListElement\":[{\"@type\":\"ListItem\",\"position\":1,\"name\":\"Home\",\"item\":\"https:\/\/vestibulares.estrategia.com\/portal\/\"},{\"@type\":\"ListItem\",\"position\":2,\"name\":\"Not\u00edcias\",\"item\":\"https:\/\/vestibulares.estrategia.com\/portal\/noticias\/\"},{\"@type\":\"ListItem\",\"position\":3,\"name\":\"Vestibular UFRR: \u00daltimas Not\u00edcias!\"}]},{\"@type\":\"WebSite\",\"@id\":\"https:\/\/vestibulares.estrategia.com\/portal\/#website\",\"url\":\"https:\/\/vestibulares.estrategia.com\/portal\/\",\"name\":\"Estrat\u00e9gia Vestibulares\",\"description\":\"\",\"publisher\":{\"@id\":\"https:\/\/vestibulares.estrategia.com\/portal\/#organization\"},\"potentialAction\":[{\"@type\":\"SearchAction\",\"target\":{\"@type\":\"EntryPoint\",\"urlTemplate\":\"https:\/\/vestibulares.estrategia.com\/portal\/?s={search_term_string}\"},\"query-input\":{\"@type\":\"PropertyValueSpecification\",\"valueRequired\":true,\"valueName\":\"search_term_string\"}}],\"inLanguage\":\"pt-BR\"},{\"@type\":\"Organization\",\"@id\":\"https:\/\/vestibulares.estrategia.com\/portal\/#organization\",\"name\":\"Estrat\u00e9gia Vestibulares\",\"url\":\"https:\/\/vestibulares.estrategia.com\/portal\/\",\"logo\":{\"@type\":\"ImageObject\",\"inLanguage\":\"pt-BR\",\"@id\":\"https:\/\/vestibulares.estrategia.com\/portal\/#\/schema\/logo\/image\/\",\"url\":\"https:\/\/vestibulares.estrategia.com\/portal\/wp-content\/uploads\/2021\/06\/Logo-Vestibulares@4x.png\",\"contentUrl\":\"https:\/\/vestibulares.estrategia.com\/portal\/wp-content\/uploads\/2021\/06\/Logo-Vestibulares@4x.png\",\"width\":250,\"height\":66,\"caption\":\"Estrat\u00e9gia Vestibulares\"},\"image\":{\"@id\":\"https:\/\/vestibulares.estrategia.com\/portal\/#\/schema\/logo\/image\/\"},\"sameAs\":[\"https:\/\/facebook.com\/estrategiavestibulares\",\"https:\/\/x.com\/Estrategiavest\",\"https:\/\/www.instagram.com\/estrategiavestibulares\",\"https:\/\/www.youtube.com\/channel\/UCGWdZy8ULI-7_5GrABa4vNA\"]},{\"@type\":\"Person\",\"@id\":\"https:\/\/vestibulares.estrategia.com\/portal\/#\/schema\/person\/e61c2f82615bdf9a383afcebe00de04f\",\"name\":\"Reda\u00e7\u00e3o - Estrat\u00e9gia Vestibulares\",\"image\":{\"@type\":\"ImageObject\",\"inLanguage\":\"pt-BR\",\"@id\":\"https:\/\/vestibulares.estrategia.com\/portal\/#\/schema\/person\/image\/\",\"url\":\"https:\/\/vestibulares.estrategia.com\/portal\/wp-content\/uploads\/2021\/09\/coruja_laranja-150x150.webp\",\"contentUrl\":\"https:\/\/vestibulares.estrategia.com\/portal\/wp-content\/uploads\/2021\/09\/coruja_laranja-150x150.webp\",\"caption\":\"Reda\u00e7\u00e3o - Estrat\u00e9gia Vestibulares\"},\"description\":\"Not\u00edcias di\u00e1rias sobre universidades, vestibulares, Enem, programas do governo de acesso ao Ensino Superior e educa\u00e7\u00e3o.\",\"url\":\"https:\/\/vestibulares.estrategia.com\/portal\/author\/redacaoev\/\"}]}<\/script>\n<!-- \/ Yoast SEO Premium plugin. -->","yoast_head_json":{"title":"Vestibular UFRR: \u00daltimas Not\u00edcias!\u2502Estrat\u00e9gia Vestibulares","description":"Quer saber mais sobre a UFRR? Ent\u00e3o n\u00e3o deixe de conferir as \u00faltimas not\u00edcias sobre o vestibular, al\u00e9m de entender como funciona a prova!","robots":{"index":"index","follow":"follow","max-snippet":"max-snippet:-1","max-image-preview":"max-image-preview:large","max-video-preview":"max-video-preview:-1"},"canonical":"https:\/\/vestibulares.estrategia.com\/portal\/noticias\/ufrr-ultimas-noticias\/","og_locale":"pt_BR","og_type":"article","og_title":"Vestibular UFRR: \u00daltimas Not\u00edcias!","og_description":"Quer saber mais sobre a UFRR? Ent\u00e3o n\u00e3o deixe de conferir as \u00faltimas not\u00edcias sobre o vestibular, al\u00e9m de entender como funciona a prova!","og_url":"https:\/\/vestibulares.estrategia.com\/portal\/noticias\/ufrr-ultimas-noticias\/","og_site_name":"Estrat\u00e9gia Vestibulares","article_publisher":"https:\/\/facebook.com\/estrategiavestibulares","article_published_time":"2020-11-10T12:28:11+00:00","article_modified_time":"2021-06-18T13:39:39+00:00","og_image":[{"width":300,"height":200,"url":"https:\/\/cdn.blog.estrategiavestibulares.com.br\/vestibulares\/wp-content\/uploads\/2020\/11\/10090535\/img_vesr_ufrr.jpg","type":"image\/jpeg"}],"author":"Reda\u00e7\u00e3o - Estrat\u00e9gia Vestibulares","twitter_card":"summary_large_image","twitter_creator":"@Estrategiavest","twitter_site":"@Estrategiavest","twitter_misc":{"Escrito por":"Reda\u00e7\u00e3o - Estrat\u00e9gia Vestibulares","Est. tempo de leitura":"4 minutos"},"schema":{"@context":"https:\/\/schema.org","@graph":[{"@type":"Article","@id":"https:\/\/vestibulares.estrategia.com\/portal\/noticias\/ufrr-ultimas-noticias\/#article","isPartOf":{"@id":"https:\/\/vestibulares.estrategia.com\/portal\/noticias\/ufrr-ultimas-noticias\/"},"author":{"name":"Reda\u00e7\u00e3o - Estrat\u00e9gia Vestibulares","@id":"https:\/\/vestibulares.estrategia.com\/portal\/#\/schema\/person\/e61c2f82615bdf9a383afcebe00de04f"},"headline":"Vestibular UFRR: \u00daltimas Not\u00edcias!","datePublished":"2020-11-10T12:28:11+00:00","dateModified":"2021-06-18T13:39:39+00:00","mainEntityOfPage":{"@id":"https:\/\/vestibulares.estrategia.com\/portal\/noticias\/ufrr-ultimas-noticias\/"},"wordCount":925,"commentCount":0,"publisher":{"@id":"https:\/\/vestibulares.estrategia.com\/portal\/#organization"},"image":{"@id":"https:\/\/vestibulares.estrategia.com\/portal\/noticias\/ufrr-ultimas-noticias\/#primaryimage"},"thumbnailUrl":"https:\/\/vestibulares.estrategia.com\/portal\/wp-content\/uploads\/2020\/11\/img_vesr_ufrr.jpg","articleSection":["Not\u00edcias"],"inLanguage":"pt-BR","potentialAction":[{"@type":"CommentAction","name":"Comment","target":["https:\/\/vestibulares.estrategia.com\/portal\/noticias\/ufrr-ultimas-noticias\/#respond"]}]},{"@type":"WebPage","@id":"https:\/\/vestibulares.estrategia.com\/portal\/noticias\/ufrr-ultimas-noticias\/","url":"https:\/\/vestibulares.estrategia.com\/portal\/noticias\/ufrr-ultimas-noticias\/","name":"Vestibular UFRR: \u00daltimas Not\u00edcias!\u2502Estrat\u00e9gia Vestibulares","isPartOf":{"@id":"https:\/\/vestibulares.estrategia.com\/portal\/#website"},"primaryImageOfPage":{"@id":"https:\/\/vestibulares.estrategia.com\/portal\/noticias\/ufrr-ultimas-noticias\/#primaryimage"},"image":{"@id":"https:\/\/vestibulares.estrategia.com\/portal\/noticias\/ufrr-ultimas-noticias\/#primaryimage"},"thumbnailUrl":"https:\/\/vestibulares.estrategia.com\/portal\/wp-content\/uploads\/2020\/11\/img_vesr_ufrr.jpg","datePublished":"2020-11-10T12:28:11+00:00","dateModified":"2021-06-18T13:39:39+00:00","description":"Quer saber mais sobre a UFRR? Ent\u00e3o n\u00e3o deixe de conferir as \u00faltimas not\u00edcias sobre o vestibular, al\u00e9m de entender como funciona a prova!","breadcrumb":{"@id":"https:\/\/vestibulares.estrategia.com\/portal\/noticias\/ufrr-ultimas-noticias\/#breadcrumb"},"inLanguage":"pt-BR","potentialAction":[{"@type":"ReadAction","target":["https:\/\/vestibulares.estrategia.com\/portal\/noticias\/ufrr-ultimas-noticias\/"]}]},{"@type":"ImageObject","inLanguage":"pt-BR","@id":"https:\/\/vestibulares.estrategia.com\/portal\/noticias\/ufrr-ultimas-noticias\/#primaryimage","url":"https:\/\/vestibulares.estrategia.com\/portal\/wp-content\/uploads\/2020\/11\/img_vesr_ufrr.jpg","contentUrl":"https:\/\/vestibulares.estrategia.com\/portal\/wp-content\/uploads\/2020\/11\/img_vesr_ufrr.jpg","width":300,"height":200,"caption":"ufrr.jpg"},{"@type":"BreadcrumbList","@id":"https:\/\/vestibulares.estrategia.com\/portal\/noticias\/ufrr-ultimas-noticias\/#breadcrumb","itemListElement":[{"@type":"ListItem","position":1,"name":"Home","item":"https:\/\/vestibulares.estrategia.com\/portal\/"},{"@type":"ListItem","position":2,"name":"Not\u00edcias","item":"https:\/\/vestibulares.estrategia.com\/portal\/noticias\/"},{"@type":"ListItem","position":3,"name":"Vestibular UFRR: \u00daltimas Not\u00edcias!"}]},{"@type":"WebSite","@id":"https:\/\/vestibulares.estrategia.com\/portal\/#website","url":"https:\/\/vestibulares.estrategia.com\/portal\/","name":"Estrat\u00e9gia Vestibulares","description":"","publisher":{"@id":"https:\/\/vestibulares.estrategia.com\/portal\/#organization"},"potentialAction":[{"@type":"SearchAction","target":{"@type":"EntryPoint","urlTemplate":"https:\/\/vestibulares.estrategia.com\/portal\/?s={search_term_string}"},"query-input":{"@type":"PropertyValueSpecification","valueRequired":true,"valueName":"search_term_string"}}],"inLanguage":"pt-BR"},{"@type":"Organization","@id":"https:\/\/vestibulares.estrategia.com\/portal\/#organization","name":"Estrat\u00e9gia Vestibulares","url":"https:\/\/vestibulares.estrategia.com\/portal\/","logo":{"@type":"ImageObject","inLanguage":"pt-BR","@id":"https:\/\/vestibulares.estrategia.com\/portal\/#\/schema\/logo\/image\/","url":"https:\/\/vestibulares.estrategia.com\/portal\/wp-content\/uploads\/2021\/06\/Logo-Vestibulares@4x.png","contentUrl":"https:\/\/vestibulares.estrategia.com\/portal\/wp-content\/uploads\/2021\/06\/Logo-Vestibulares@4x.png","width":250,"height":66,"caption":"Estrat\u00e9gia Vestibulares"},"image":{"@id":"https:\/\/vestibulares.estrategia.com\/portal\/#\/schema\/logo\/image\/"},"sameAs":["https:\/\/facebook.com\/estrategiavestibulares","https:\/\/x.com\/Estrategiavest","https:\/\/www.instagram.com\/estrategiavestibulares","https:\/\/www.youtube.com\/channel\/UCGWdZy8ULI-7_5GrABa4vNA"]},{"@type":"Person","@id":"https:\/\/vestibulares.estrategia.com\/portal\/#\/schema\/person\/e61c2f82615bdf9a383afcebe00de04f","name":"Reda\u00e7\u00e3o - Estrat\u00e9gia Vestibulares","image":{"@type":"ImageObject","inLanguage":"pt-BR","@id":"https:\/\/vestibulares.estrategia.com\/portal\/#\/schema\/person\/image\/","url":"https:\/\/vestibulares.estrategia.com\/portal\/wp-content\/uploads\/2021\/09\/coruja_laranja-150x150.webp","contentUrl":"https:\/\/vestibulares.estrategia.com\/portal\/wp-content\/uploads\/2021\/09\/coruja_laranja-150x150.webp","caption":"Reda\u00e7\u00e3o - Estrat\u00e9gia Vestibulares"},"description":"Not\u00edcias di\u00e1rias sobre universidades, vestibulares, Enem, programas do governo de acesso ao Ensino Superior e educa\u00e7\u00e3o.","url":"https:\/\/vestibulares.estrategia.com\/portal\/author\/redacaoev\/"}]}},"_wl_alt_label":[],"wl:entity_url":"https:\/\/data.wordlift.io\/wl110249\/post\/ufrr-ultimas-noticias","_links":{"self":[{"href":"https:\/\/vestibulares.estrategia.com\/portal\/wp-json\/wp\/v2\/posts\/44525","targetHints":{"allow":["GET"]}}],"collection":[{"href":"https:\/\/vestibulares.estrategia.com\/portal\/wp-json\/wp\/v2\/posts"}],"about":[{"href":"https:\/\/vestibulares.estrategia.com\/portal\/wp-json\/wp\/v2\/types\/post"}],"author":[{"embeddable":true,"href":"https:\/\/vestibulares.estrategia.com\/portal\/wp-json\/wp\/v2\/users\/32"}],"replies":[{"embeddable":true,"href":"https:\/\/vestibulares.estrategia.com\/portal\/wp-json\/wp\/v2\/comments?post=44525"}],"version-history":[{"count":11,"href":"https:\/\/vestibulares.estrategia.com\/portal\/wp-json\/wp\/v2\/posts\/44525\/revisions"}],"predecessor-version":[{"id":51353,"href":"https:\/\/vestibulares.estrategia.com\/portal\/wp-json\/wp\/v2\/posts\/44525\/revisions\/51353"}],"wp:featuredmedia":[{"embeddable":true,"href":"https:\/\/vestibulares.estrategia.com\/portal\/wp-json\/wp\/v2\/media\/44527"}],"wp:attachment":[{"href":"https:\/\/vestibulares.estrategia.com\/portal\/wp-json\/wp\/v2\/media?parent=44525"}],"wp:term":[{"taxonomy":"category","embeddable":true,"href":"https:\/\/vestibulares.estrategia.com\/portal\/wp-json\/wp\/v2\/categories?post=44525"},{"taxonomy":"post_tag","embeddable":true,"href":"https:\/\/vestibulares.estrategia.com\/portal\/wp-json\/wp\/v2\/tags?post=44525"},{"taxonomy":"wl_entity_type","embeddable":true,"href":"https:\/\/vestibulares.estrategia.com\/portal\/wp-json\/wp\/v2\/wl_entity_type?post=44525"}],"curies":[{"name":"wp","href":"https:\/\/api.w.org\/{rel}","templated":true}]}}