{"id":44698,"date":"2020-11-18T08:46:27","date_gmt":"2020-11-18T11:46:27","guid":{"rendered":"https:\/\/blog.estrategiavestibulares.com.br\/?p=44698"},"modified":"2021-06-18T10:35:50","modified_gmt":"2021-06-18T13:35:50","slug":"fatec-ultimas-noticias","status":"publish","type":"post","link":"https:\/\/vestibulares.estrategia.com\/portal\/noticias\/fatec-ultimas-noticias\/","title":{"rendered":"Vestibular Fatec: \u00daltimas Not\u00edcias"},"content":{"rendered":"<p>Est&aacute; procurando as &uacute;ltimas not&iacute;cias sobre o <a href=\"https:\/\/vestibulares.estrategia.com\/portal\/vestibulares\/vestibular-fatec\/\" target=\"_blank\">Vestibular Fatec<\/a>? Leia nosso artigo e veja informa&ccedil;&otilde;es atualizadas sobre o seletivo!<div id=\"ez-toc-container\" class=\"ez-toc-v2_0_76 counter-hierarchy ez-toc-counter ez-toc-transparent ez-toc-container-direction\">\n<div class=\"ez-toc-title-container\"><p class=\"ez-toc-title\" style=\"cursor:inherit\">Navegue pelo conte\u00fado<\/p>\n<\/div><nav><ul class='ez-toc-list ez-toc-list-level-1 ' ><li class='ez-toc-page-1 ez-toc-heading-level-2'><a class=\"ez-toc-link ez-toc-heading-1\" href=\"https:\/\/vestibulares.estrategia.com\/portal\/noticias\/fatec-ultimas-noticias\/#Inscricoes-abertas-para-Vestibular-Fatec-20212\" >Inscri&ccedil;&otilde;es abertas para Vestibular Fatec 2021\/2<\/a><\/li><li class='ez-toc-page-1 ez-toc-heading-level-2'><a class=\"ez-toc-link ez-toc-heading-2\" href=\"https:\/\/vestibulares.estrategia.com\/portal\/noticias\/fatec-ultimas-noticias\/#Fatecs-divulgam-calendario-do-Vestibular-20212\" >Fatecs divulgam calend&aacute;rio do Vestibular 2021\/2<\/a><\/li><li class='ez-toc-page-1 ez-toc-heading-level-2'><a class=\"ez-toc-link ez-toc-heading-3\" href=\"https:\/\/vestibulares.estrategia.com\/portal\/noticias\/fatec-ultimas-noticias\/#Fatecs-divulgam-segunda-chamada-do-Vestibular-20211\" >Fatecs divulgam segunda chamada do Vestibular 2021\/1<\/a><\/li><li class='ez-toc-page-1 ez-toc-heading-level-2'><a class=\"ez-toc-link ez-toc-heading-4\" href=\"https:\/\/vestibulares.estrategia.com\/portal\/noticias\/fatec-ultimas-noticias\/#Fatecs-divulgam-resultado-do-Vestibular-20211\" >Fatecs divulgam resultado do Vestibular 2021\/1<\/a><\/li><li class='ez-toc-page-1 ez-toc-heading-level-2'><a class=\"ez-toc-link ez-toc-heading-5\" href=\"https:\/\/vestibulares.estrategia.com\/portal\/noticias\/fatec-ultimas-noticias\/#Fatecs-divulgam-concorrencia-dos-cursos-do-Vestibular-20211\" >Fatecs divulgam concorr&ecirc;ncia dos cursos do Vestibular 2021\/1<\/a><\/li><li class='ez-toc-page-1 ez-toc-heading-level-2'><a class=\"ez-toc-link ez-toc-heading-6\" href=\"https:\/\/vestibulares.estrategia.com\/portal\/noticias\/fatec-ultimas-noticias\/#Fatecs-abrem-periodo-de-recursos-para-o-Vestibular-20211\" >Fatecs abrem per&iacute;odo de recursos para o Vestibular 2021\/1<\/a><\/li><li class='ez-toc-page-1 ez-toc-heading-level-2'><a class=\"ez-toc-link ez-toc-heading-7\" href=\"https:\/\/vestibulares.estrategia.com\/portal\/noticias\/fatec-ultimas-noticias\/#Fatecs-disponibilizam-lista-preliminar-de-inscricoes-deferidas-e-indeferidas-nos-proximos-dias\" >Fatecs disponibilizam lista preliminar de inscri&ccedil;&otilde;es deferidas e indeferidas nos pr&oacute;ximos dias<\/a><\/li><li class='ez-toc-page-1 ez-toc-heading-level-2'><a class=\"ez-toc-link ez-toc-heading-8\" href=\"https:\/\/vestibulares.estrategia.com\/portal\/noticias\/fatec-ultimas-noticias\/#Ultimos-dias-para-se-inscrever-no-Vestibular-2021-das-Fatecs\" >&Uacute;ltimos dias para se inscrever no Vestibular 2021 das Fatecs<\/a><\/li><li class='ez-toc-page-1 ez-toc-heading-level-2'><a class=\"ez-toc-link ez-toc-heading-9\" href=\"https:\/\/vestibulares.estrategia.com\/portal\/noticias\/fatec-ultimas-noticias\/#Resultados-de-isencao-e-reducao-do-Vestibular-Fatec-20211-sao-divulgados\" >Resultados de isen&ccedil;&atilde;o e redu&ccedil;&atilde;o do Vestibular Fatec 2021\/1 s&atilde;o divulgados<\/a><\/li><li class='ez-toc-page-1 ez-toc-heading-level-2'><a class=\"ez-toc-link ez-toc-heading-10\" href=\"https:\/\/vestibulares.estrategia.com\/portal\/noticias\/fatec-ultimas-noticias\/#Vestibular-Fatec-esta-ofertando-600-vagas-na-regiao-do-Alto-Tiete\" >Vestibular Fatec est&aacute; ofertando 600 vagas na regi&atilde;o do Alto Tiet&ecirc;<\/a><\/li><li class='ez-toc-page-1 ez-toc-heading-level-2'><a class=\"ez-toc-link ez-toc-heading-11\" href=\"https:\/\/vestibulares.estrategia.com\/portal\/noticias\/fatec-ultimas-noticias\/#Inscricoes-para-o-Vestibular-Fatec-2021-estao-abertas\" >Inscri&ccedil;&otilde;es para o Vestibular Fatec 2021 est&atilde;o abertas<\/a><\/li><li class='ez-toc-page-1 ez-toc-heading-level-2'><a class=\"ez-toc-link ez-toc-heading-12\" href=\"https:\/\/vestibulares.estrategia.com\/portal\/noticias\/fatec-ultimas-noticias\/#Fatec-Sumare-abre-seu-periodo-para-pedir-isencao-do-Vestibular-2021-na-quinta-feira19-de-novembro\" >Fatec Sumar&eacute; abre seu per&iacute;odo para pedir isen&ccedil;&atilde;o do Vestibular 2021 na quinta feira,19 de novembro<\/a><\/li><li class='ez-toc-page-1 ez-toc-heading-level-2'><a class=\"ez-toc-link ez-toc-heading-13\" href=\"https:\/\/vestibulares.estrategia.com\/portal\/noticias\/fatec-ultimas-noticias\/#Fatec-divulga-calendario-para-o-Vestibular-2021-1%C2%B0-semestre\" >Fatec divulga calend&aacute;rio para o Vestibular 2021 1&deg; semestre<\/a><\/li><li class='ez-toc-page-1 ez-toc-heading-level-2'><a class=\"ez-toc-link ez-toc-heading-14\" href=\"https:\/\/vestibulares.estrategia.com\/portal\/noticias\/fatec-ultimas-noticias\/#Fatec-divulga-2%C2%B0-Lista-de-Chamada-do-vestibular-Fatec-20202\" >Fatec divulga 2&deg; Lista de Chamada do vestibular Fatec 2020\/2<\/a><\/li><\/ul><\/nav><\/div>\n<h2 class=\"wp-block-heading\"><span class=\"ez-toc-section\" id=\"Inscricoes-abertas-para-Vestibular-Fatec-20212\"><\/span>Inscri&ccedil;&otilde;es abertas para Vestibular Fatec 2021\/2 <span class=\"ez-toc-section-end\"><\/span><\/h2><p>As <strong>Faculdades de Tecnologia do Estado (Fatecs)<\/strong> abriram nesta segunda-feira, dia 10 de maio, o <strong>processo de inscri&ccedil;&atilde;o para o Vestibular 2021\/2<\/strong>. As inscri&ccedil;&otilde;es ir&atilde;o <strong>at&eacute; o dia 7 de junho<\/strong> e a <strong>taxa<\/strong> de pagamento &eacute; de <strong>R$ 39,00<\/strong>. O processo deve ser feito atrav&eacute;s do <a href=\"https:\/\/www.vestibularfatec.com.br\/candidato\/dados-acesso.asp?t=IN\" target=\"_blank\" rel=\"noreferrer noopener nofollow\">site<\/a> da institui&ccedil;&atilde;o. <\/p><h2 class=\"wp-block-heading\"><span class=\"ez-toc-section\" id=\"Fatecs-divulgam-calendario-do-Vestibular-20212\"><\/span>Fatecs divulgam calend&aacute;rio do Vestibular 2021\/2<span class=\"ez-toc-section-end\"><\/span><\/h2><p>As <strong>Faculdades de Tecnologia do Estado (Fatecs)<\/strong> divulgaram o <strong>calend&aacute;rio do Vestibular do segundo semestre de 2021.<\/strong> De acordo com o Centro Paulo Souza (CPS), as <strong>inscri&ccedil;&otilde;es<\/strong> para o processo seletivo come&ccedil;am <strong>dia 10 de maio e v&atilde;o at&eacute; &agrave;s 15h do dia 7 de junho<\/strong>. As inscri&ccedil;&otilde;es devem ser realizadas atrav&eacute;s do <a href=\"https:\/\/www.vestibularfatec.com.br\/home\/\" target=\"_blank\" rel=\"noreferrer noopener nofollow\">site<\/a> da institui&ccedil;&atilde;o. <\/p><h2 class=\"wp-block-heading\"><span class=\"ez-toc-section\" id=\"Fatecs-divulgam-segunda-chamada-do-Vestibular-20211\"><\/span>Fatecs divulgam segunda chamada do Vestibular 2021\/1<span class=\"ez-toc-section-end\"><\/span><\/h2><p>As <strong>Faculdades de Tecnologia do Estado (Fatecs)<\/strong> divulgaram a segunda chamada de aprovados no processo seletivo do <strong>primeiro semestre de 2021<\/strong>. Os candidatos recebem a convoca&ccedil;&atilde;o pelo e-mail.<\/p><p>Os convocados devem realizar a<strong> matr&iacute;cula na quarta-feira, dia 3 de fevereiro<\/strong>, de forma on-line.<\/p><h2 class=\"wp-block-heading\"><span class=\"ez-toc-section\" id=\"Fatecs-divulgam-resultado-do-Vestibular-20211\"><\/span>Fatecs divulgam resultado do Vestibular 2021\/1<span class=\"ez-toc-section-end\"><\/span><\/h2><p>As <strong>Faculdades de Tecnologia do Estado de S&atilde;o Paulo (Fatecs)<\/strong> publicaram a <strong>lista de classifica&ccedil;&atilde;o geral <\/strong>do <strong>Vestibular 2021\/1<\/strong>.&nbsp; Os candidatos podem acessar o resultado no <a href=\"https:\/\/www.vestibularfatec.com.br\/classificacao\/fatec.asp\" target=\"_blank\">site do Vestibular Fatec<\/a>.<\/p><p>Os documentos dos aprovados precisam ser entregues entre <strong>21 e 22 de janeiro<\/strong>. O per&iacute;odo de <strong>matr&iacute;culas<\/strong> acontece entre<strong> 28 e 29 do mesmo m&ecirc;s<\/strong>.<\/p><p>As Fatecs v&atilde;o disponibilizar uma<strong> segunda chamada no dia 1 de fevereiro<\/strong>.<\/p><h2 class=\"wp-block-heading\"><span class=\"ez-toc-section\" id=\"Fatecs-divulgam-concorrencia-dos-cursos-do-Vestibular-20211\"><\/span>Fatecs divulgam concorr&ecirc;ncia dos cursos do Vestibular 2021\/1<span class=\"ez-toc-section-end\"><\/span><\/h2><p>As <strong>Faculdades de Tecnologia do Estado de S&atilde;o Paulo (Fatecs) <\/strong>divulgam a rela&ccedil;&atilde;o de candidatos por vaga do <strong>Vestibular 2021\/1<\/strong>. Os candidatos podem consultar a informa&ccedil;&atilde;o pelo <a href=\"https:\/\/www.vestibularfatec.com.br\/demanda\/\" target=\"_blank\">site do processo seletivo<\/a>.<\/p><p>Os cursos de <strong>Gest&atilde;o Empresarial<\/strong> <strong>(EaD)<\/strong> e <strong>An&aacute;lise de Desenvolvimento de Sistemas<\/strong>, na Fatec Zona Leste e Fatec S&atilde;o Paulo, s&atilde;o os mais concorridos,<\/p><p>O <strong>Vestibular 2021\/1<\/strong> est&aacute; ofertando mais de <strong>17 mil vagas<\/strong> em <strong>84 cursos tecnol&oacute;gicos<\/strong>. S&atilde;o <strong>1.144 estudantes <\/strong>concorrendo por <strong>40 oportunidades<\/strong>, essa conta resulta em <strong>28 candidatos por vaga<\/strong>.<\/p><h2 class=\"wp-block-heading\"><span class=\"ez-toc-section\" id=\"Fatecs-abrem-periodo-de-recursos-para-o-Vestibular-20211\"><\/span>Fatecs abrem per&iacute;odo de recursos para o Vestibular 2021\/1<span class=\"ez-toc-section-end\"><\/span><\/h2><p>As <strong>Faculdades de Tecnologia do Estado de&nbsp; S&atilde;o Paulo (Fatecs)<\/strong> abrem o per&iacute;odo de <strong>solicita&ccedil;&atilde;o de recursos <\/strong>para inscri&ccedil;&otilde;es indeferidas no<strong> Vestibular 202<\/strong>1<strong>\/1<\/strong>. Est&atilde;o dispon&iacute;veis no site, as listas dos candidatos que tiveram suas notas de <strong>Portugu&ecirc;s e Matem&aacute;tica<\/strong> aceitas ou rejeitadas.<\/p><p>Os vestibulandos devem realizar a <strong>solicita&ccedil;&atilde;o do recurso <\/strong>entre os dias <strong>4 e 5 de janeiro de 2021\/1<\/strong>. O processo acontece no site do <strong>Vestibular Fatec<\/strong>.<\/p><h2 class=\"wp-block-heading\"><span class=\"ez-toc-section\" id=\"Fatecs-disponibilizam-lista-preliminar-de-inscricoes-deferidas-e-indeferidas-nos-proximos-dias\"><\/span>Fatecs disponibilizam lista preliminar de inscri&ccedil;&otilde;es deferidas e indeferidas nos pr&oacute;ximos dias<span class=\"ez-toc-section-end\"><\/span><\/h2><p>As <strong>Faculdades de Tecnologia do Estado de S&atilde;o Paulo (Fatecs) <\/strong>divulgam, no dia <strong>30 e 31 de dezembro<\/strong>, a lista preliminar de inscri&ccedil;&otilde;es deferidas e indeferidas para o <strong>Vestibular 2021.<\/strong> A rela&ccedil;&atilde;o inclui as notas de <strong>Portugu&ecirc;s e Matem&aacute;tica <\/strong>inseridas pelos candidatos.<\/p><p>Este procedimento d&aacute; a oportunidade de corrigir alguma informa&ccedil;&atilde;o errada dentro da inscri&ccedil;&atilde;o. Para realizar essa revis&atilde;o, &eacute; necess&aacute;rio entrar com o<strong> pedido de recurso <\/strong>entre os dias <strong>4 e 5 de janeiro<\/strong>.<\/p><p>Os candidatos podem acessar a lista pelo site do <strong>Vestibular Fatec<\/strong>. Os resultados do pedido de recurso ser&atilde;o disponibilizados no dia<strong> 14 de janeiro<\/strong>.<\/p><h2 class=\"wp-block-heading\"><span class=\"ez-toc-section\" id=\"Ultimos-dias-para-se-inscrever-no-Vestibular-2021-das-Fatecs\"><\/span>&Uacute;ltimos dias para se inscrever no Vestibular 2021 das Fatecs<span class=\"ez-toc-section-end\"><\/span><\/h2><p>As <strong>Faculdades de Tecnologia do Estado (Fatecs)<\/strong> encerram na ter&ccedil;a-feira, <strong>dia 15 de dezembro<\/strong>, o per&iacute;odo de inscri&ccedil;&otilde;es para o <strong>Vestibular 2021<\/strong>. A taxa de inscri&ccedil;&atilde;o tem o valor de <strong>R$ 39,00<\/strong>.&nbsp;<\/p><p>N&atilde;o ser&atilde;o aplicadas provas para este processo seletivo. Os candidatos ser&atilde;o selecionados por meio de suas notas de <strong>L&iacute;ngua Portuguesa e Matem&aacute;tica <\/strong>no Ensino M&eacute;dio.<\/p><p>As<strong> Fatecs<\/strong> est&atilde;o ofertando <strong>17.960 vagas<\/strong> para<strong> 84 cursos de gradua&ccedil;&atilde;o<\/strong>. As inscri&ccedil;&otilde;es podem ser realizadas pelo <strong>site da institui&ccedil;&atilde;o<\/strong>.<\/p><h2 class=\"wp-block-heading\"><span class=\"ez-toc-section\" id=\"Resultados-de-isencao-e-reducao-do-Vestibular-Fatec-20211-sao-divulgados\"><\/span>Resultados de isen&ccedil;&atilde;o e redu&ccedil;&atilde;o do Vestibular Fatec 2021\/1 s&atilde;o divulgados<span class=\"ez-toc-section-end\"><\/span><\/h2><p>As <strong>Faculdades de Tecnologia do Estado de S&atilde;o Paulo (Fatecs)<\/strong> divulgaram na ter&ccedil;a-feira, <strong>1 de dezembro<\/strong>, os<strong> resultados dos pedidos de isen&ccedil;&atilde;o e redu&ccedil;&atilde;o <\/strong>da taxa no Vestibular 2021\/1.&nbsp;<\/p><p>Apenas candidatos com renda familiar de no m&aacute;ximo dois sal&aacute;rios m&iacute;nimos por pessoa e que tenham conclu&iacute;do o ensino m&eacute;dio, pela Educa&ccedil;&atilde;o de Jovens Adultos (EJA) ou Centro Estadual de Jovens Adultos (CEEJA), puderam solicitar a isen&ccedil;&atilde;o. Ao todo, foram concedidas <strong>6.000 isen&ccedil;&otilde;es da taxa de inscri&ccedil;&atilde;o.<\/strong><\/p><p>Al&eacute;m disso, os vestibulandos que est&atilde;o matriculados em algum n&iacute;vel de ensino, desempregados ou que tenham renda total inferior a dois sal&aacute;rios m&iacute;nimos puderam solicitar a <strong>redu&ccedil;&atilde;o da taxa.<\/strong><\/p><p>O resultado foi disponibilizado no <strong>site da Fatec<\/strong>.<\/p><h2 class=\"wp-block-heading\"><span class=\"ez-toc-section\" id=\"Vestibular-Fatec-esta-ofertando-600-vagas-na-regiao-do-Alto-Tiete\"><\/span>Vestibular Fatec est&aacute; ofertando 600 vagas na regi&atilde;o do Alto Tiet&ecirc;<span class=\"ez-toc-section-end\"><\/span><\/h2><p>As <strong>Faculdades de Tecnologias do Estado de S&atilde;o Paulo (Fatecs)<\/strong> est&atilde;o ofertando <strong>600 vagas em cursos de gradua&ccedil;&atilde;o<\/strong> na regi&atilde;o do Alto Tiet&ecirc;, por meio do seu<strong> Vestibular 2021<\/strong>. As inscri&ccedil;&otilde;es podem ser feitas at&eacute; o dia <strong>15 de dezembro<\/strong> no site da institui&ccedil;&atilde;o. Al&eacute;m disso, os candidatos precisam pagar uma<strong> taxa no valor de R$ 39,00.<\/strong><\/p><p>A distribui&ccedil;&atilde;o ficou da seguinte forma: <strong>80 vagas<\/strong> em Ferraz de Vasconcelos,<strong> 240 vagas<\/strong> em Itaquaquecetuba e <strong>280 vagas<\/strong> em Mogi das Cruzes.<\/p><p>O processo seletivo ser&aacute; feito por meio da <strong>an&aacute;lise do hist&oacute;rico escolar<\/strong> dos candidatos. Ser&atilde;o avaliadas as notas de<strong> L&iacute;ngua Portuguesa e Matem&aacute;tica<\/strong>.<\/p><h2 class=\"wp-block-heading\"><span class=\"ez-toc-section\" id=\"Inscricoes-para-o-Vestibular-Fatec-2021-estao-abertas\"><\/span>Inscri&ccedil;&otilde;es para o Vestibular Fatec 2021 est&atilde;o abertas<span class=\"ez-toc-section-end\"><\/span><\/h2><p>As <strong>Faculdades de Tecnologia do Estado de S&atilde;o Paulo (Fatecs)<\/strong> come&ccedil;aram seu per&iacute;odo de inscri&ccedil;&otilde;es para o <strong>Vestibular 2021 <\/strong>na quarta-feira, 25 de novembro. Est&atilde;o sendo oferecidas <strong>17.960 vagas<\/strong>, para<strong> 84 cursos gratuitos.<\/strong><\/p><p>Os candidatos interessados t&ecirc;m at&eacute; o dia <strong>15 de dezembro<\/strong> para se inscrever. Al&eacute;m disso, &eacute; necess&aacute;rio pagar uma<strong> taxa de R$ 39,00.<\/strong><\/p><p>Foi poss&iacute;vel solicitar a <strong>isen&ccedil;&atilde;o e a redu&ccedil;&atilde;o <\/strong>do valor de inscri&ccedil;&atilde;o at&eacute; o dia <strong>23 de novembro.<\/strong> A rela&ccedil;&atilde;o dos vestibulandos contemplados com o benef&iacute;cio ser&aacute; divulgada na ter&ccedil;a-feira, <strong>1 de dezembro.<\/strong><\/p><p>Assim como o Vestibular 2020\/2, a Fatec utilizar&aacute; um sistema de <strong>an&aacute;lise de hist&oacute;rico escolar <\/strong>para avaliar seus candidatos. Ser&atilde;o observadas as notas de <strong>Portugu&ecirc;s e Matem&aacute;tica<\/strong>, obtidas no 3&deg; ano do Ensino M&eacute;dio.<\/p><p>A rela&ccedil;&atilde;o dos vestibulandos inscritos ser&aacute; disponibilizada no <strong>dia 30 de dezembro<\/strong>. A <strong>primeira chamada <\/strong>de aprovados est&aacute; marcada para o dia <strong>30 de janeiro<\/strong>, j&aacute; a segunda, s&oacute; vai acontecer no dia <strong>1 de fevereiro.<\/strong><\/p><h2 class=\"wp-block-heading\"><span class=\"ez-toc-section\" id=\"Fatec-Sumare-abre-seu-periodo-para-pedir-isencao-do-Vestibular-2021-na-quinta-feira19-de-novembro\"><\/span>Fatec Sumar&eacute; abre seu per&iacute;odo para pedir isen&ccedil;&atilde;o do Vestibular 2021 na quinta feira,19 de novembro<span class=\"ez-toc-section-end\"><\/span><\/h2><p><strong>A Faculdade de Tecnologia (Fatec) de Sumar&eacute;<\/strong> abre na quinta-feira, dia 19 de novembro, seu prazo para os candidatos que desejam solicitar a isen&ccedil;&atilde;o da taxa do Vestibular 2021.<\/p><p>Os vestibulandos que desejam o benef&iacute;cio precisam ter completado o Ensino M&eacute;dio; Educa&ccedil;&atilde;o de Jovens Adultos (EJA) em escolas p&uacute;blicas ou com bolsa integral em particulares. O candidato precisa, necessariamente, mostrar seu <strong>comprovante de escolaridade e renda.<\/strong><\/p><p>O processo vai at&eacute; o <strong>dia 23 de novembro<\/strong>, exclusivamente, pelo <strong>site da Fatec.<\/strong> A rela&ccedil;&atilde;o dos candidatos contemplados com o benef&iacute;cio ser&aacute; disponibilizada no dia <strong>1 de dezembro.<\/strong><\/p><h2 class=\"wp-block-heading\"><span class=\"ez-toc-section\" id=\"Fatec-divulga-calendario-para-o-Vestibular-2021-1%C2%B0-semestre\"><\/span>Fatec divulga calend&aacute;rio para o Vestibular 2021 1&deg; semestre<span class=\"ez-toc-section-end\"><\/span><\/h2><p><strong>A Faculdade de Tecnologia do Estado de S&atilde;o Paulo (Fatec)<\/strong> divulgou o <strong>calend&aacute;rio para o Vestibular 2021<\/strong>, com ingresso no 1&deg; semestre. A publica&ccedil;&atilde;o foi feita no site da institui&ccedil;&atilde;o.<\/p><p>Os prazo de<strong> inscri&ccedil;&otilde;es<\/strong> ficou entre os dias<strong> 25 de novembro e 15 de dezembro de 2020<\/strong>. Os candidatos que precisam preencher as informa&ccedil;&otilde;es no site do Vestibular Fatec, al&eacute;m de pagar uma taxa no valor de <strong>R$39,00.<\/strong><\/p><p>Na quinta-feira, dia <strong>19 de novembro<\/strong>, come&ccedil;a o per&iacute;odo de solicita&ccedil;&atilde;o de isen&ccedil;&atilde;o da taxa de inscri&ccedil;&atilde;o.&nbsp; A rela&ccedil;&atilde;o dos vestibulandos contemplados com o benef&iacute;cio, ser&aacute; divulgada no dia<strong> 1 de dezembro<\/strong>.<\/p><p>N&atilde;o ser&atilde;o aplicadas provas presenciais para este seletivo, por conta da pandemia do novo coronav&iacute;rus. Assim como no Vestibular 2020\/2, ser&atilde;o utilizadas as m&eacute;dias aritm&eacute;ticas, apenas de portugu&ecirc;s e matem&aacute;tica, dos 3&deg; anos de Ensino M&eacute;dio.&nbsp;<\/p><p>O <strong>resultado final<\/strong>, com a lista de classifica&ccedil;&atilde;o geral dos alunos, ser&aacute; divulgado no <strong>dia 20 de janeiro de 2021.<\/strong><\/p><h2 class=\"wp-block-heading\"><span class=\"ez-toc-section\" id=\"Fatec-divulga-2%C2%B0-Lista-de-Chamada-do-vestibular-Fatec-20202\"><\/span>Fatec divulga 2&deg; Lista de Chamada do vestibular Fatec 2020\/2<span class=\"ez-toc-section-end\"><\/span><\/h2><p>As Faculdades de Tecnologia do Estado de S&atilde;o Paulo divulgaram a 2&ordf; Lista de Chamada do <strong>Vestibular Fatec 2020\/2 <\/strong>nesta quinta, dia 13 de agosto. Aqueles que foram convocados podem realizar a matr&iacute;cula apenas nesta sexta, dia 14 de agosto. A primeira chamada do seletivo aconteceu no dia 10 de agosto. <\/p><p>Para ver a classifica&ccedil;&atilde;o dos candidatos, acesse <strong><a aria-label=\" (abre numa nova aba)\" href=\"https:\/\/www.vestibularfatec.com.br\/classificacao\/fatec.asp\" target=\"_blank\">aqui.<\/a><\/strong><\/p><p>O <strong>Vestibular Fatec 2020\/2 <\/strong>aconteceu em um formato excepcional neste semestre e encerrou as inscri&ccedil;&otilde;es no dia 24 de julho. Por conta da pandemia de Covid-19, n&atilde;o foram realizadas provas presenciais, de forma que a sele&ccedil;&atilde;o de candidatos foi feita por meio da an&aacute;lise do Hist&oacute;rico Escolar. Os alunos aprovados precisam acessar a p&aacute;gina do seletivo e fazer o <em>upload<\/em> dos documentos solicitados no Manual do Candidato.  <\/p><p>Quer saber mais sobre a Fatec? Ent&atilde;o veja nosso <a href=\"https:\/\/vestibulares.estrategia.com\/portal\/vestibulares\/vestibular-fatec\/\" target=\"_blank\">Guia do Vestibular Fatec<\/a>! L&aacute; voc&ecirc; vai encontrar as principais informa&ccedil;&otilde;es sobre a Universidade.<\/p><p>Al&eacute;m disso, veja nossa p&aacute;gina de pacotes no site do<a href=\"https:\/\/www.estrategiavestibulares.com.br\/\" target=\"_blank\"> Estrat&eacute;gia Vestibulares<\/a>! Cursos personalizados para cada Vestibular!<\/p><div class=\"wp-block-buttons is-content-justification-center is-layout-flex wp-block-buttons-is-layout-flex\">\n<div class=\"wp-block-button\"><a class=\"wp-block-button__link has-luminous-vivid-amber-to-luminous-vivid-orange-gradient-background has-background\" href=\"https:\/\/www.estrategiavestibulares.com.br\/pacotes\/intensivo-pacote-completo-para-fatec-2021\/\" style=\"border-radius:17px\" target=\"_blank\">Adquira Curso Vestibular Fatec<\/a><\/div>\n<\/div><p><em>Texto: Thiago Bayer<\/em><\/p><\/p>\n","protected":false},"excerpt":{"rendered":"Est&aacute; procurando as &uacute;ltimas not&iacute;cias sobre o Vestibular Fatec? Leia nosso artigo e veja informa&ccedil;&otilde;es atualizadas sobre o&hellip;\n","protected":false},"author":32,"featured_media":44700,"comment_status":"open","ping_status":"open","sticky":false,"template":"","format":"standard","meta":{"wl_entities_gutenberg":"","footnotes":""},"categories":[47],"tags":[],"wl_entity_type":[732],"class_list":{"0":"post-44698","1":"post","2":"type-post","3":"status-publish","4":"format-standard","5":"has-post-thumbnail","7":"category-noticias","8":"wl_entity_type-article"},"acf":[],"yoast_head":"<!-- This site is optimized with the Yoast SEO Premium plugin v25.9 (Yoast SEO v25.9) - https:\/\/yoast.com\/wordpress\/plugins\/seo\/ -->\n<title>Vestibular Fatec: \u00daltimas Not\u00edcias!\u2502Blog do Estrat\u00e9gia Vestibulares<\/title>\n<meta name=\"description\" content=\"Quer ver as \u00fatilmas not\u00edcias sobre o Vestibular Fatec? Acesse esse artivo e veja informa\u00e7\u00f5es atualizadas sobre esse seletivo!\" \/>\n<meta name=\"robots\" content=\"index, follow, max-snippet:-1, max-image-preview:large, max-video-preview:-1\" \/>\n<link rel=\"canonical\" href=\"https:\/\/vestibulares.estrategia.com\/portal\/noticias\/fatec-ultimas-noticias\/\" \/>\n<meta property=\"og:locale\" content=\"pt_BR\" \/>\n<meta property=\"og:type\" content=\"article\" \/>\n<meta property=\"og:title\" content=\"Vestibular Fatec: \u00daltimas Not\u00edcias\" \/>\n<meta property=\"og:description\" content=\"Quer ver as \u00fatilmas not\u00edcias sobre o Vestibular Fatec? Acesse esse artivo e veja informa\u00e7\u00f5es atualizadas sobre esse seletivo!\" \/>\n<meta property=\"og:url\" content=\"https:\/\/vestibulares.estrategia.com\/portal\/noticias\/fatec-ultimas-noticias\/\" \/>\n<meta property=\"og:site_name\" content=\"Estrat\u00e9gia Vestibulares\" \/>\n<meta property=\"article:publisher\" content=\"https:\/\/facebook.com\/estrategiavestibulares\" \/>\n<meta property=\"article:published_time\" content=\"2020-11-18T11:46:27+00:00\" \/>\n<meta property=\"article:modified_time\" content=\"2021-06-18T13:35:50+00:00\" \/>\n<meta property=\"og:image\" content=\"https:\/\/cdn.blog.estrategiavestibulares.com.br\/vestibulares\/wp-content\/uploads\/2020\/11\/img_vestibular_fatec.jpg\" \/>\n\t<meta property=\"og:image:width\" content=\"300\" \/>\n\t<meta property=\"og:image:height\" content=\"200\" \/>\n\t<meta property=\"og:image:type\" content=\"image\/jpeg\" \/>\n<meta name=\"author\" content=\"Reda\u00e7\u00e3o - Estrat\u00e9gia Vestibulares\" \/>\n<meta name=\"twitter:card\" content=\"summary_large_image\" \/>\n<meta name=\"twitter:creator\" content=\"@Estrategiavest\" \/>\n<meta name=\"twitter:site\" content=\"@Estrategiavest\" \/>\n<meta name=\"twitter:label1\" content=\"Escrito por\" \/>\n\t<meta name=\"twitter:data1\" content=\"Reda\u00e7\u00e3o - Estrat\u00e9gia Vestibulares\" \/>\n\t<meta name=\"twitter:label2\" content=\"Est. tempo de leitura\" \/>\n\t<meta name=\"twitter:data2\" content=\"7 minutos\" \/>\n<script type=\"application\/ld+json\" class=\"yoast-schema-graph\">{\"@context\":\"https:\/\/schema.org\",\"@graph\":[{\"@type\":\"Article\",\"@id\":\"https:\/\/vestibulares.estrategia.com\/portal\/noticias\/fatec-ultimas-noticias\/#article\",\"isPartOf\":{\"@id\":\"https:\/\/vestibulares.estrategia.com\/portal\/noticias\/fatec-ultimas-noticias\/\"},\"author\":{\"name\":\"Reda\u00e7\u00e3o - Estrat\u00e9gia Vestibulares\",\"@id\":\"https:\/\/vestibulares.estrategia.com\/portal\/#\/schema\/person\/e61c2f82615bdf9a383afcebe00de04f\"},\"headline\":\"Vestibular Fatec: \u00daltimas Not\u00edcias\",\"datePublished\":\"2020-11-18T11:46:27+00:00\",\"dateModified\":\"2021-06-18T13:35:50+00:00\",\"mainEntityOfPage\":{\"@id\":\"https:\/\/vestibulares.estrategia.com\/portal\/noticias\/fatec-ultimas-noticias\/\"},\"wordCount\":1580,\"commentCount\":0,\"publisher\":{\"@id\":\"https:\/\/vestibulares.estrategia.com\/portal\/#organization\"},\"image\":{\"@id\":\"https:\/\/vestibulares.estrategia.com\/portal\/noticias\/fatec-ultimas-noticias\/#primaryimage\"},\"thumbnailUrl\":\"https:\/\/vestibulares.estrategia.com\/portal\/wp-content\/uploads\/2020\/11\/img_vestibular_fatec.jpg\",\"articleSection\":[\"Not\u00edcias\"],\"inLanguage\":\"pt-BR\",\"potentialAction\":[{\"@type\":\"CommentAction\",\"name\":\"Comment\",\"target\":[\"https:\/\/vestibulares.estrategia.com\/portal\/noticias\/fatec-ultimas-noticias\/#respond\"]}]},{\"@type\":\"WebPage\",\"@id\":\"https:\/\/vestibulares.estrategia.com\/portal\/noticias\/fatec-ultimas-noticias\/\",\"url\":\"https:\/\/vestibulares.estrategia.com\/portal\/noticias\/fatec-ultimas-noticias\/\",\"name\":\"Vestibular Fatec: \u00daltimas Not\u00edcias!\u2502Blog do Estrat\u00e9gia Vestibulares\",\"isPartOf\":{\"@id\":\"https:\/\/vestibulares.estrategia.com\/portal\/#website\"},\"primaryImageOfPage\":{\"@id\":\"https:\/\/vestibulares.estrategia.com\/portal\/noticias\/fatec-ultimas-noticias\/#primaryimage\"},\"image\":{\"@id\":\"https:\/\/vestibulares.estrategia.com\/portal\/noticias\/fatec-ultimas-noticias\/#primaryimage\"},\"thumbnailUrl\":\"https:\/\/vestibulares.estrategia.com\/portal\/wp-content\/uploads\/2020\/11\/img_vestibular_fatec.jpg\",\"datePublished\":\"2020-11-18T11:46:27+00:00\",\"dateModified\":\"2021-06-18T13:35:50+00:00\",\"description\":\"Quer ver as \u00fatilmas not\u00edcias sobre o Vestibular Fatec? Acesse esse artivo e veja informa\u00e7\u00f5es atualizadas sobre esse seletivo!\",\"breadcrumb\":{\"@id\":\"https:\/\/vestibulares.estrategia.com\/portal\/noticias\/fatec-ultimas-noticias\/#breadcrumb\"},\"inLanguage\":\"pt-BR\",\"potentialAction\":[{\"@type\":\"ReadAction\",\"target\":[\"https:\/\/vestibulares.estrategia.com\/portal\/noticias\/fatec-ultimas-noticias\/\"]}]},{\"@type\":\"ImageObject\",\"inLanguage\":\"pt-BR\",\"@id\":\"https:\/\/vestibulares.estrategia.com\/portal\/noticias\/fatec-ultimas-noticias\/#primaryimage\",\"url\":\"https:\/\/vestibulares.estrategia.com\/portal\/wp-content\/uploads\/2020\/11\/img_vestibular_fatec.jpg\",\"contentUrl\":\"https:\/\/vestibulares.estrategia.com\/portal\/wp-content\/uploads\/2020\/11\/img_vestibular_fatec.jpg\",\"width\":300,\"height\":200,\"caption\":\"Vestibular Fatec\"},{\"@type\":\"BreadcrumbList\",\"@id\":\"https:\/\/vestibulares.estrategia.com\/portal\/noticias\/fatec-ultimas-noticias\/#breadcrumb\",\"itemListElement\":[{\"@type\":\"ListItem\",\"position\":1,\"name\":\"Home\",\"item\":\"https:\/\/vestibulares.estrategia.com\/portal\/\"},{\"@type\":\"ListItem\",\"position\":2,\"name\":\"Not\u00edcias\",\"item\":\"https:\/\/vestibulares.estrategia.com\/portal\/noticias\/\"},{\"@type\":\"ListItem\",\"position\":3,\"name\":\"Vestibular Fatec: \u00daltimas Not\u00edcias\"}]},{\"@type\":\"WebSite\",\"@id\":\"https:\/\/vestibulares.estrategia.com\/portal\/#website\",\"url\":\"https:\/\/vestibulares.estrategia.com\/portal\/\",\"name\":\"Estrat\u00e9gia Vestibulares\",\"description\":\"\",\"publisher\":{\"@id\":\"https:\/\/vestibulares.estrategia.com\/portal\/#organization\"},\"potentialAction\":[{\"@type\":\"SearchAction\",\"target\":{\"@type\":\"EntryPoint\",\"urlTemplate\":\"https:\/\/vestibulares.estrategia.com\/portal\/?s={search_term_string}\"},\"query-input\":{\"@type\":\"PropertyValueSpecification\",\"valueRequired\":true,\"valueName\":\"search_term_string\"}}],\"inLanguage\":\"pt-BR\"},{\"@type\":\"Organization\",\"@id\":\"https:\/\/vestibulares.estrategia.com\/portal\/#organization\",\"name\":\"Estrat\u00e9gia Vestibulares\",\"url\":\"https:\/\/vestibulares.estrategia.com\/portal\/\",\"logo\":{\"@type\":\"ImageObject\",\"inLanguage\":\"pt-BR\",\"@id\":\"https:\/\/vestibulares.estrategia.com\/portal\/#\/schema\/logo\/image\/\",\"url\":\"https:\/\/vestibulares.estrategia.com\/portal\/wp-content\/uploads\/2021\/06\/Logo-Vestibulares@4x.png\",\"contentUrl\":\"https:\/\/vestibulares.estrategia.com\/portal\/wp-content\/uploads\/2021\/06\/Logo-Vestibulares@4x.png\",\"width\":250,\"height\":66,\"caption\":\"Estrat\u00e9gia Vestibulares\"},\"image\":{\"@id\":\"https:\/\/vestibulares.estrategia.com\/portal\/#\/schema\/logo\/image\/\"},\"sameAs\":[\"https:\/\/facebook.com\/estrategiavestibulares\",\"https:\/\/x.com\/Estrategiavest\",\"https:\/\/www.instagram.com\/estrategiavestibulares\",\"https:\/\/www.youtube.com\/channel\/UCGWdZy8ULI-7_5GrABa4vNA\"]},{\"@type\":\"Person\",\"@id\":\"https:\/\/vestibulares.estrategia.com\/portal\/#\/schema\/person\/e61c2f82615bdf9a383afcebe00de04f\",\"name\":\"Reda\u00e7\u00e3o - Estrat\u00e9gia Vestibulares\",\"image\":{\"@type\":\"ImageObject\",\"inLanguage\":\"pt-BR\",\"@id\":\"https:\/\/vestibulares.estrategia.com\/portal\/#\/schema\/person\/image\/\",\"url\":\"https:\/\/vestibulares.estrategia.com\/portal\/wp-content\/uploads\/2021\/09\/coruja_laranja-150x150.webp\",\"contentUrl\":\"https:\/\/vestibulares.estrategia.com\/portal\/wp-content\/uploads\/2021\/09\/coruja_laranja-150x150.webp\",\"caption\":\"Reda\u00e7\u00e3o - Estrat\u00e9gia Vestibulares\"},\"description\":\"Not\u00edcias di\u00e1rias sobre universidades, vestibulares, Enem, programas do governo de acesso ao Ensino Superior e educa\u00e7\u00e3o.\",\"url\":\"https:\/\/vestibulares.estrategia.com\/portal\/author\/redacaoev\/\"}]}<\/script>\n<!-- \/ Yoast SEO Premium plugin. -->","yoast_head_json":{"title":"Vestibular Fatec: \u00daltimas Not\u00edcias!\u2502Blog do Estrat\u00e9gia Vestibulares","description":"Quer ver as \u00fatilmas not\u00edcias sobre o Vestibular Fatec? Acesse esse artivo e veja informa\u00e7\u00f5es atualizadas sobre esse seletivo!","robots":{"index":"index","follow":"follow","max-snippet":"max-snippet:-1","max-image-preview":"max-image-preview:large","max-video-preview":"max-video-preview:-1"},"canonical":"https:\/\/vestibulares.estrategia.com\/portal\/noticias\/fatec-ultimas-noticias\/","og_locale":"pt_BR","og_type":"article","og_title":"Vestibular Fatec: \u00daltimas Not\u00edcias","og_description":"Quer ver as \u00fatilmas not\u00edcias sobre o Vestibular Fatec? Acesse esse artivo e veja informa\u00e7\u00f5es atualizadas sobre esse seletivo!","og_url":"https:\/\/vestibulares.estrategia.com\/portal\/noticias\/fatec-ultimas-noticias\/","og_site_name":"Estrat\u00e9gia Vestibulares","article_publisher":"https:\/\/facebook.com\/estrategiavestibulares","article_published_time":"2020-11-18T11:46:27+00:00","article_modified_time":"2021-06-18T13:35:50+00:00","og_image":[{"width":300,"height":200,"url":"https:\/\/cdn.blog.estrategiavestibulares.com.br\/vestibulares\/wp-content\/uploads\/2020\/11\/img_vestibular_fatec.jpg","type":"image\/jpeg"}],"author":"Reda\u00e7\u00e3o - Estrat\u00e9gia Vestibulares","twitter_card":"summary_large_image","twitter_creator":"@Estrategiavest","twitter_site":"@Estrategiavest","twitter_misc":{"Escrito por":"Reda\u00e7\u00e3o - Estrat\u00e9gia Vestibulares","Est. tempo de leitura":"7 minutos"},"schema":{"@context":"https:\/\/schema.org","@graph":[{"@type":"Article","@id":"https:\/\/vestibulares.estrategia.com\/portal\/noticias\/fatec-ultimas-noticias\/#article","isPartOf":{"@id":"https:\/\/vestibulares.estrategia.com\/portal\/noticias\/fatec-ultimas-noticias\/"},"author":{"name":"Reda\u00e7\u00e3o - Estrat\u00e9gia Vestibulares","@id":"https:\/\/vestibulares.estrategia.com\/portal\/#\/schema\/person\/e61c2f82615bdf9a383afcebe00de04f"},"headline":"Vestibular Fatec: \u00daltimas Not\u00edcias","datePublished":"2020-11-18T11:46:27+00:00","dateModified":"2021-06-18T13:35:50+00:00","mainEntityOfPage":{"@id":"https:\/\/vestibulares.estrategia.com\/portal\/noticias\/fatec-ultimas-noticias\/"},"wordCount":1580,"commentCount":0,"publisher":{"@id":"https:\/\/vestibulares.estrategia.com\/portal\/#organization"},"image":{"@id":"https:\/\/vestibulares.estrategia.com\/portal\/noticias\/fatec-ultimas-noticias\/#primaryimage"},"thumbnailUrl":"https:\/\/vestibulares.estrategia.com\/portal\/wp-content\/uploads\/2020\/11\/img_vestibular_fatec.jpg","articleSection":["Not\u00edcias"],"inLanguage":"pt-BR","potentialAction":[{"@type":"CommentAction","name":"Comment","target":["https:\/\/vestibulares.estrategia.com\/portal\/noticias\/fatec-ultimas-noticias\/#respond"]}]},{"@type":"WebPage","@id":"https:\/\/vestibulares.estrategia.com\/portal\/noticias\/fatec-ultimas-noticias\/","url":"https:\/\/vestibulares.estrategia.com\/portal\/noticias\/fatec-ultimas-noticias\/","name":"Vestibular Fatec: \u00daltimas Not\u00edcias!\u2502Blog do Estrat\u00e9gia Vestibulares","isPartOf":{"@id":"https:\/\/vestibulares.estrategia.com\/portal\/#website"},"primaryImageOfPage":{"@id":"https:\/\/vestibulares.estrategia.com\/portal\/noticias\/fatec-ultimas-noticias\/#primaryimage"},"image":{"@id":"https:\/\/vestibulares.estrategia.com\/portal\/noticias\/fatec-ultimas-noticias\/#primaryimage"},"thumbnailUrl":"https:\/\/vestibulares.estrategia.com\/portal\/wp-content\/uploads\/2020\/11\/img_vestibular_fatec.jpg","datePublished":"2020-11-18T11:46:27+00:00","dateModified":"2021-06-18T13:35:50+00:00","description":"Quer ver as \u00fatilmas not\u00edcias sobre o Vestibular Fatec? Acesse esse artivo e veja informa\u00e7\u00f5es atualizadas sobre esse seletivo!","breadcrumb":{"@id":"https:\/\/vestibulares.estrategia.com\/portal\/noticias\/fatec-ultimas-noticias\/#breadcrumb"},"inLanguage":"pt-BR","potentialAction":[{"@type":"ReadAction","target":["https:\/\/vestibulares.estrategia.com\/portal\/noticias\/fatec-ultimas-noticias\/"]}]},{"@type":"ImageObject","inLanguage":"pt-BR","@id":"https:\/\/vestibulares.estrategia.com\/portal\/noticias\/fatec-ultimas-noticias\/#primaryimage","url":"https:\/\/vestibulares.estrategia.com\/portal\/wp-content\/uploads\/2020\/11\/img_vestibular_fatec.jpg","contentUrl":"https:\/\/vestibulares.estrategia.com\/portal\/wp-content\/uploads\/2020\/11\/img_vestibular_fatec.jpg","width":300,"height":200,"caption":"Vestibular Fatec"},{"@type":"BreadcrumbList","@id":"https:\/\/vestibulares.estrategia.com\/portal\/noticias\/fatec-ultimas-noticias\/#breadcrumb","itemListElement":[{"@type":"ListItem","position":1,"name":"Home","item":"https:\/\/vestibulares.estrategia.com\/portal\/"},{"@type":"ListItem","position":2,"name":"Not\u00edcias","item":"https:\/\/vestibulares.estrategia.com\/portal\/noticias\/"},{"@type":"ListItem","position":3,"name":"Vestibular Fatec: \u00daltimas Not\u00edcias"}]},{"@type":"WebSite","@id":"https:\/\/vestibulares.estrategia.com\/portal\/#website","url":"https:\/\/vestibulares.estrategia.com\/portal\/","name":"Estrat\u00e9gia Vestibulares","description":"","publisher":{"@id":"https:\/\/vestibulares.estrategia.com\/portal\/#organization"},"potentialAction":[{"@type":"SearchAction","target":{"@type":"EntryPoint","urlTemplate":"https:\/\/vestibulares.estrategia.com\/portal\/?s={search_term_string}"},"query-input":{"@type":"PropertyValueSpecification","valueRequired":true,"valueName":"search_term_string"}}],"inLanguage":"pt-BR"},{"@type":"Organization","@id":"https:\/\/vestibulares.estrategia.com\/portal\/#organization","name":"Estrat\u00e9gia Vestibulares","url":"https:\/\/vestibulares.estrategia.com\/portal\/","logo":{"@type":"ImageObject","inLanguage":"pt-BR","@id":"https:\/\/vestibulares.estrategia.com\/portal\/#\/schema\/logo\/image\/","url":"https:\/\/vestibulares.estrategia.com\/portal\/wp-content\/uploads\/2021\/06\/Logo-Vestibulares@4x.png","contentUrl":"https:\/\/vestibulares.estrategia.com\/portal\/wp-content\/uploads\/2021\/06\/Logo-Vestibulares@4x.png","width":250,"height":66,"caption":"Estrat\u00e9gia Vestibulares"},"image":{"@id":"https:\/\/vestibulares.estrategia.com\/portal\/#\/schema\/logo\/image\/"},"sameAs":["https:\/\/facebook.com\/estrategiavestibulares","https:\/\/x.com\/Estrategiavest","https:\/\/www.instagram.com\/estrategiavestibulares","https:\/\/www.youtube.com\/channel\/UCGWdZy8ULI-7_5GrABa4vNA"]},{"@type":"Person","@id":"https:\/\/vestibulares.estrategia.com\/portal\/#\/schema\/person\/e61c2f82615bdf9a383afcebe00de04f","name":"Reda\u00e7\u00e3o - Estrat\u00e9gia Vestibulares","image":{"@type":"ImageObject","inLanguage":"pt-BR","@id":"https:\/\/vestibulares.estrategia.com\/portal\/#\/schema\/person\/image\/","url":"https:\/\/vestibulares.estrategia.com\/portal\/wp-content\/uploads\/2021\/09\/coruja_laranja-150x150.webp","contentUrl":"https:\/\/vestibulares.estrategia.com\/portal\/wp-content\/uploads\/2021\/09\/coruja_laranja-150x150.webp","caption":"Reda\u00e7\u00e3o - Estrat\u00e9gia Vestibulares"},"description":"Not\u00edcias di\u00e1rias sobre universidades, vestibulares, Enem, programas do governo de acesso ao Ensino Superior e educa\u00e7\u00e3o.","url":"https:\/\/vestibulares.estrategia.com\/portal\/author\/redacaoev\/"}]}},"_wl_alt_label":[],"wl:entity_url":"https:\/\/data.wordlift.io\/wl110249\/post\/fatec-ultimas-noticias","_links":{"self":[{"href":"https:\/\/vestibulares.estrategia.com\/portal\/wp-json\/wp\/v2\/posts\/44698","targetHints":{"allow":["GET"]}}],"collection":[{"href":"https:\/\/vestibulares.estrategia.com\/portal\/wp-json\/wp\/v2\/posts"}],"about":[{"href":"https:\/\/vestibulares.estrategia.com\/portal\/wp-json\/wp\/v2\/types\/post"}],"author":[{"embeddable":true,"href":"https:\/\/vestibulares.estrategia.com\/portal\/wp-json\/wp\/v2\/users\/32"}],"replies":[{"embeddable":true,"href":"https:\/\/vestibulares.estrategia.com\/portal\/wp-json\/wp\/v2\/comments?post=44698"}],"version-history":[{"count":17,"href":"https:\/\/vestibulares.estrategia.com\/portal\/wp-json\/wp\/v2\/posts\/44698\/revisions"}],"predecessor-version":[{"id":51343,"href":"https:\/\/vestibulares.estrategia.com\/portal\/wp-json\/wp\/v2\/posts\/44698\/revisions\/51343"}],"wp:featuredmedia":[{"embeddable":true,"href":"https:\/\/vestibulares.estrategia.com\/portal\/wp-json\/wp\/v2\/media\/44700"}],"wp:attachment":[{"href":"https:\/\/vestibulares.estrategia.com\/portal\/wp-json\/wp\/v2\/media?parent=44698"}],"wp:term":[{"taxonomy":"category","embeddable":true,"href":"https:\/\/vestibulares.estrategia.com\/portal\/wp-json\/wp\/v2\/categories?post=44698"},{"taxonomy":"post_tag","embeddable":true,"href":"https:\/\/vestibulares.estrategia.com\/portal\/wp-json\/wp\/v2\/tags?post=44698"},{"taxonomy":"wl_entity_type","embeddable":true,"href":"https:\/\/vestibulares.estrategia.com\/portal\/wp-json\/wp\/v2\/wl_entity_type?post=44698"}],"curies":[{"name":"wp","href":"https:\/\/api.w.org\/{rel}","templated":true}]}}