{"id":50143,"date":"2021-05-24T17:59:29","date_gmt":"2021-05-24T20:59:29","guid":{"rendered":"https:\/\/blog.estrategiavestibulares.com.br\/?p=50143"},"modified":"2022-11-07T16:49:24","modified_gmt":"2022-11-07T19:49:24","slug":"filosofia","status":"publish","type":"post","link":"https:\/\/vestibulares.estrategia.com\/portal\/materias\/filosofia\/filosofia\/","title":{"rendered":"Filosofia: o que \u00e9, per\u00edodos e muito mais!"},"content":{"rendered":"<p>A Filosofia &eacute; uma importante &aacute;rea da ci&ecirc;ncia que est&aacute; ligada &agrave;<strong> busca pelo conhecimento<\/strong> e sua origem remonta &agrave; <a href=\"https:\/\/vestibulares.estrategia.com\/portal\/historia\/antiguidade-classica\/\" target=\"_blank\">antiguidade cl&aacute;ssica<\/a>. Essa mat&eacute;ria &eacute; abordada nas provas do <a href=\"https:\/\/vestibulares.estrategia.com\/portal\/noticias\/enem-ultimas-noticias\/\">Enem<\/a> e de diversos vestibulares do pa&iacute;s, al&eacute;m de ser uma aliada no estudo da Hist&oacute;ria. Ent&atilde;o, n&atilde;o perca esse conte&uacute;do que o Estrat&eacute;gia Vestibulares preparou para voc&ecirc;!<div id=\"ez-toc-container\" class=\"ez-toc-v2_0_76 counter-hierarchy ez-toc-counter ez-toc-transparent ez-toc-container-direction\">\n<div class=\"ez-toc-title-container\"><p class=\"ez-toc-title\" style=\"cursor:inherit\">Navegue pelo conte\u00fado<\/p>\n<\/div><nav><ul class='ez-toc-list ez-toc-list-level-1 ' ><li class='ez-toc-page-1 ez-toc-heading-level-2'><a class=\"ez-toc-link ez-toc-heading-1\" href=\"https:\/\/vestibulares.estrategia.com\/portal\/materias\/filosofia\/filosofia\/#O-que-e-a-Filosofia\" >O que &eacute; a Filosofia?<\/a><\/li><li class='ez-toc-page-1 ez-toc-heading-level-2'><a class=\"ez-toc-link ez-toc-heading-2\" href=\"https:\/\/vestibulares.estrategia.com\/portal\/materias\/filosofia\/filosofia\/#O-que-significa-Filosofia\" >O que significa Filosofia?<\/a><\/li><li class='ez-toc-page-1 ez-toc-heading-level-2'><a class=\"ez-toc-link ez-toc-heading-3\" href=\"https:\/\/vestibulares.estrategia.com\/portal\/materias\/filosofia\/filosofia\/#Para-que-serve\" >Para que serve?<\/a><\/li><li class='ez-toc-page-1 ez-toc-heading-level-2'><a class=\"ez-toc-link ez-toc-heading-4\" href=\"https:\/\/vestibulares.estrategia.com\/portal\/materias\/filosofia\/filosofia\/#Quais-sao-os-periodos\" >Quais s&atilde;o os per&iacute;odos?<\/a><\/li><li class='ez-toc-page-1 ez-toc-heading-level-2'><a class=\"ez-toc-link ez-toc-heading-5\" href=\"https:\/\/vestibulares.estrategia.com\/portal\/materias\/filosofia\/filosofia\/#Veja-tambem\" >Veja tamb&eacute;m:<\/a><\/li><\/ul><\/nav><\/div>\n<h2 class=\"wp-block-heading\" id=\"h-o-que-e-a-filosofia\"><span class=\"ez-toc-section\" id=\"O-que-e-a-Filosofia\"><\/span>O que &eacute; a Filosofia?<span class=\"ez-toc-section-end\"><\/span><\/h2><p>A Filosofia &eacute; uma ci&ecirc;ncia englobada pelo campo das humanidades e pode ser compreendida como <strong>o estudo e a busca pelo conhecimento e pelas verdades, estimulando o questionamento e a reflex&atilde;o acerca de tudo.<\/strong><\/p><h3 class=\"wp-block-heading\" id=\"h-qual-e-a-origem-da-filosofia\">Qual &eacute; a origem da filosofia?<\/h3><p>O surgimento e a cria&ccedil;&atilde;o dessa ci&ecirc;ncia s&atilde;o atribu&iacute;dos aos <strong>gregos da antiguidade cl&aacute;ssica<\/strong>, com destaque para um pensador chamado Tales de Mileto (625 a.C &mdash; 546 a.C) que &ndash; al&eacute;m de contribuir para a Matem&aacute;tica &ndash; &eacute; reconhecido como o <strong>primeiro fil&oacute;sofo<\/strong> de quem se h&aacute; registro.<\/p><p>Contudo, muitos historiadores defendem que as civiliza&ccedil;&otilde;es anteriores &agrave; grega j&aacute; praticavam a Filosofia, visto que consideram a capacidade de refletir e de questionar, inerente ao ser humano.<\/p><h2 class=\"wp-block-heading\" id=\"h-o-que-significa-filosofia\"><span class=\"ez-toc-section\" id=\"O-que-significa-Filosofia\"><\/span>O que significa Filosofia?<span class=\"ez-toc-section-end\"><\/span><\/h2><p>O termo &ldquo;Filosofia&rdquo; deriva do grego, em que &ldquo;filo&rdquo; significa &ldquo;amor&rdquo;, enquanto &ldquo;sofia&rdquo; significa &ldquo;sabedoria&rdquo;. Portanto o conceito da Filosofia pode ser entendido como o <strong>amor ao conhecimento e aos saberes.<\/strong>&nbsp;<\/p><h2 class=\"wp-block-heading\" id=\"h-para-que-serve\"><span class=\"ez-toc-section\" id=\"Para-que-serve\"><\/span>Para que serve?<span class=\"ez-toc-section-end\"><\/span><\/h2><p>A Filosofia, antes de mais nada, <strong>auxilia o ser humano a refletir e a repensar o seu modo de viver, bem como de analisar e de criticar o mundo &agrave; sua volta<\/strong>, pois &eacute; a partir de uma atitude filos&oacute;fica que s&atilde;o levantados debates e questionamentos acerca de algo.<\/p><p>Uma boa refer&ecirc;ncia &agrave; import&acirc;ncia da Filosofia no cotidiano da popula&ccedil;&atilde;o &eacute; a crescente luta pela igualdade e pelos direitos das diversas classes da sociedade, como a conquista do <a href=\"https:\/\/vestibulares.estrategia.com\/portal\/atualidades\/voto-feminino\/\">voto feminino<\/a> e a criminaliza&ccedil;&atilde;o do racismo, por exemplo.<\/p><p>Dessa forma, a Filosofia foi primordial para incentivar que esses e muitos outros grupos refletissem sobre o seu papel na sociedade e reivindicassem o cumprimento de seus direitos.<\/p><p>Al&eacute;m disso, a Filosofia tamb&eacute;m <strong>auxilia no estudo da Hist&oacute;ria<\/strong>, uma vez que mostra a mentalidade dos indiv&iacute;duos de determinada civiliza&ccedil;&atilde;o, e, a partir disso, &eacute; poss&iacute;vel ter um conhecimento mais profundo sobre as din&acirc;micas e organiza&ccedil;&atilde;o da vida naquela &eacute;poca, bem como as rela&ccedil;&otilde;es sociais entre os indiv&iacute;duos.<\/p><div class=\"wp-block-image\"><figure class=\"aligncenter size-large is-resized\"><img decoding=\"async\" src=\"https:\/\/vestibulares.estrategia.com\/portal\/wp-content\/uploads\/2021\/05\/filosofia-1.jpg\" alt=\"Para que serve a Filosofia?\" class=\"wp-image-50144\" width=\"684\" height=\"474\" srcset=\"https:\/\/vestibulares.estrategia.com\/portal\/wp-content\/uploads\/2021\/05\/filosofia-1.jpg 640w, https:\/\/vestibulares.estrategia.com\/portal\/wp-content\/uploads\/2021\/05\/filosofia-1-300x208.jpg 300w, https:\/\/vestibulares.estrategia.com\/portal\/wp-content\/uploads\/2021\/05\/filosofia-1-200x140.jpg 200w, https:\/\/vestibulares.estrategia.com\/portal\/wp-content\/uploads\/2021\/05\/filosofia-1-380x264.jpg 380w\" sizes=\"(max-width: 684px) 100vw, 684px\" \/><\/figure><\/div><h2 class=\"wp-block-heading\" id=\"h-quais-sao-os-periodos\"><span class=\"ez-toc-section\" id=\"Quais-sao-os-periodos\"><\/span>Quais s&atilde;o os per&iacute;odos?<span class=\"ez-toc-section-end\"><\/span><\/h2><p>Por ser uma ci&ecirc;ncia milenar, a Filosofia &eacute; dividida entre vertentes de acordo com seu per&iacute;odo e suas caracter&iacute;sticas para facilitar o estudo e a compreens&atilde;o dessa &aacute;rea. Veja alguns per&iacute;odos da Filosofia e fil&oacute;sofos importantes, listados em ordem cronol&oacute;gica da antiguidade at&eacute; os dias atuais, abaixo:<\/p><ul class=\"wp-block-list\"><li><strong>Pr&eacute;-Socr&aacute;ticos:<\/strong> buscavam pela origem da natureza e do universo, e alguns dos principais pensadores dessa &eacute;poca foram Tales de Mileto (624 a.C. &ndash; 546 a.C.), Pit&aacute;goras (570 a.C. &ndash; 596 a.C.), <a href=\"https:\/\/vestibulares.estrategia.com\/portal\/filosofia\/parmenides\/\">Parm&ecirc;nides<\/a> (515 a.C. &ndash; 460 a.C.) e Her&aacute;clito (540 a.C. &ndash; 470 a.C.);<\/li><\/ul><ul class=\"wp-block-list\"><li><strong>Socr&aacute;ticos:<\/strong> questionavam todas as coisas em busca da verdade, pois acreditavam que o caminho para o conhecimento era duvidar das verdades j&aacute; existentes, o que gerou a famosa frase de S&oacute;crates (470 a.C. &ndash; 399 a.C.) : &ldquo;S&oacute; sei que nada sei&rdquo;, que pode ser entendida como o reconhecimento da ignor&acirc;ncia humana como forma de buscar os saberes;<\/li><\/ul><ul class=\"wp-block-list\"><li><strong>Plat&atilde;o<\/strong> (427 a.C. &ndash; 347 a.C.) : esse fil&oacute;sofo defendia a exist&ecirc;ncia do mundo sens&iacute;vel, ou seja, o mundo em que vivemos e podemos perceber atrav&eacute;s dos sentidos, e do mundo intelig&iacute;vel, que seria o mundo das id&eacute;ias e estaria relacionado &agrave; raz&atilde;o;&nbsp;<\/li><\/ul><ul class=\"wp-block-list\"><li><strong>Arist&oacute;teles<\/strong> (384 a.C. &ndash; 322 a.C.) : para esse pensador, o conhecimento era algo adquirido por meio dos sentidos, contrariando assim, as ideias de Plat&atilde;o &ndash; seu antecessor. Al&eacute;m disso, um fato interessante sobre Arist&oacute;teles, &eacute; que ele foi professor de <a href=\"https:\/\/vestibulares.estrategia.com\/portal\/historia\/alexandre-magno\/\">Alexandre, o Grande<\/a>, rei da Maced&ocirc;nia;<\/li><\/ul><ul class=\"wp-block-list\"><li><strong>Patr&iacute;stica:<\/strong> Santo Agostinho (354 d.C. &ndash; 430 d.C.) &eacute; o principal fil&oacute;sofo dessa vertente e defende que a raz&atilde;o e a f&eacute; se complementam na busca pela verdade, e &eacute; importante lembrar que a Patr&iacute;stica acaba por dialogar com a filosofia de Plat&atilde;o em alguns pontos;<\/li><\/ul><ul class=\"wp-block-list\"><li><strong>Escol&aacute;stica:<\/strong> a filosofia Escol&aacute;stica &eacute; representada, principalmente, por S&atilde;o Tom&aacute;s de Aquino (1225 d.C. &ndash; 1274 d.C.), que tamb&eacute;m reconhecia a import&acirc;ncia da f&eacute; atrelada &agrave; raz&atilde;o, entretanto, dialogando com a filosofia proposta por Arist&oacute;teles;<\/li><\/ul><ul class=\"wp-block-list\"><li><strong>Racionalismo:<\/strong> o principal pensador da vertente racionalista &eacute; Ren&eacute; Descartes (1596 d.C &ndash; 1650 d.C.), que defende a obten&ccedil;&atilde;o do conhecimento e das verdades por meio da raz&atilde;o;<\/li><\/ul><ul class=\"wp-block-list\"><li><strong><a href=\"https:\/\/vestibulares.estrategia.com\/portal\/filosofia\/o-que-e-empirismo\/\" target=\"_blank\">Empirismo<\/a>:<\/strong> para a filosofia empirista, o conhecimento &eacute; fruto do ac&uacute;mulo de experi&ecirc;ncias vivenciadas no cotidiano, e os principais pensadores s&atilde;o David Hume (1711 d.C. &ndash; 1776 d.C.), Thomas Hobbes (1588 d.C. &ndash; 1679 d.C.), John Locke (1632 d.C. &ndash; 1704 d.C.) e Francis Bacon (1561 d.C. &ndash; 1626 d.C.); e&nbsp;<\/li><\/ul><ul class=\"wp-block-list\"><li><strong>Bauman <\/strong>(1925 d.C &ndash; 2017 d.C.): &eacute; um fil&oacute;sofo mais atual e &eacute; bastante mencionado em repert&oacute;rios de reda&ccedil;&atilde;o pelos vestibulandos por suas diversas obras acerca das rela&ccedil;&otilde;es e do conv&iacute;vio entre os membros da sociedade. Por exemplo, um conceito bastante famoso desse pensador &eacute; o de &ldquo;modernidade l&iacute;quida&rdquo;, que define a fragilidade das rela&ccedil;&otilde;es contempor&acirc;neas.&nbsp;<\/li><\/ul><p class=\"wp-block-verse\">Veja tamb&eacute;m: <a href=\"https:\/\/vestibulares.estrategia.com\/portal\/profissoes\/graduacoes\/50-melhores-cursos-de-filosofia-segundo-o-mec\/\" target=\"_blank\">50 melhores cursos de Filosofia, segundo o MEC<\/a><\/p><p>Gostou do conte&uacute;do que o Estrat&eacute;gia Vestibulares preparou para voc&ecirc; ir bem na prova de Filosofia do Enem e do seu vestibular? Ent&atilde;o n&atilde;o perca os pr&oacute;ximos artigos! Aproveite para conhecer os nossos cursos, que s&atilde;o pensados para voc&ecirc; alcan&ccedil;ar seu sonho de entrar na universidade. Clique no banner abaixo e confira!<\/p><p>\n\n\n\n\n\n<a id=\"cta\" class=\"cta-imagem\" href=\"https:\/\/vestibulares.estrategia.com\/cursos\/\" target=\"blank\">\n                <img decoding=\"async\" width=\"100%\" src=\"https:\/\/vestibulares.estrategia.com\/portal\/wp-content\/uploads\/2021\/12\/EV4.jpg\" alt=\"CTA - Estrat\u00e9gia Vestibulares 4\" title=\"CTA - Estrat\u00e9gia Vestibulares 4\">\n        <\/a>\n\n\n\n\n\n<\/p><h2 class=\"wp-block-heading\"><span class=\"ez-toc-section\" id=\"Veja-tambem\"><\/span>Veja tamb&eacute;m:<span class=\"ez-toc-section-end\"><\/span><\/h2><ul class=\"wp-block-list\"><li><a style='font-family: -apple-system, BlinkMacSystemFont, \"Segoe UI\", Roboto, Oxygen-Sans, Ubuntu, Cantarell, \"Helvetica Neue\", sans-serif;' href=\"https:\/\/vestibulares.estrategia.com\/portal\/materias\/filosofia\/filosofia-medieval\/\">Filosofia medieval: resumo, principais pensadores e conceitos<\/a><span style='color: initial; font-family: -apple-system, BlinkMacSystemFont, \"Segoe UI\", Roboto, Oxygen-Sans, Ubuntu, Cantarell, \"Helvetica Neue\", sans-serif;'>&nbsp;<\/span><\/li><li><a href=\"https:\/\/vestibulares.estrategia.com\/portal\/filosofia\/filosofia-moderna\/\">Filosofia Moderna: conhe&ccedil;a os principais pensadores e desdobramentos<\/a>&nbsp;<\/li><li><a href=\"https:\/\/vestibulares.estrategia.com\/portal\/filosofia\/racionalismo-moderno\/\">Racionalismo Moderno: principais pensadores e conceitos<\/a>&nbsp;<\/li><li><a href=\"https:\/\/vestibulares.estrategia.com\/portal\/filosofia\/caverna-de-platao\/\">Caverna de Plat&atilde;o: o que &eacute;?<\/a><\/li><li><a href=\"https:\/\/vestibulares.estrategia.com\/portal\/filosofia\/parmenides\/\">Parm&ecirc;nides: quem foi e quais s&atilde;o suas teorias!<\/a>&nbsp;<\/li><li><a href=\"https:\/\/vestibulares.estrategia.com\/portal\/filosofia\/etica-e-moral\/\">&Eacute;tica e Moral: quais as diferen&ccedil;as entre os conceitos?<\/a>&nbsp;<\/li><li><a href=\"https:\/\/vestibulares.estrategia.com\/portal\/filosofia\/o-que-e-empirismo\/\">O que &eacute; empirismo: pensadores e caracter&iacute;sticas<\/a>&nbsp;<\/li><li><a href=\"https:\/\/vestibulares.estrategia.com\/portal\/filosofia\/razao\/\">Raz&atilde;o: o que &eacute;, conceitos e caracter&iacute;sticas do discurso racional<\/a>&nbsp;<\/li><li><a href=\"https:\/\/vestibulares.estrategia.com\/portal\/filosofia\/modernidade\/\">A modernidade e o sujeito moderno: conceito e como cai em prova<\/a><\/li><li><a href=\"https:\/\/vestibulares.estrategia.com\/portal\/filosofia\/falacia\/\">Fal&aacute;cia: o que s&atilde;o, tipos e muito mais!<\/a>&nbsp;<\/li><li><a href=\"https:\/\/vestibulares.estrategia.com\/portal\/filosofia\/filosofia-ocidental-versus-filosofia-de-outras-civilizacoes-2\/\">Filosofia Ocidental versus Filosofia de outras civiliza&ccedil;&otilde;es<\/a><\/li><\/ul><\/p>\n","protected":false},"excerpt":{"rendered":"A Filosofia &eacute; uma importante &aacute;rea da ci&ecirc;ncia que est&aacute; ligada &agrave; busca pelo conhecimento e sua origem&hellip;\n","protected":false},"author":22,"featured_media":50145,"comment_status":"open","ping_status":"open","sticky":false,"template":"","format":"standard","meta":{"wl_entities_gutenberg":"","footnotes":""},"categories":[34],"tags":[70,71],"wl_entity_type":[732],"class_list":{"0":"post-50143","1":"post","2":"type-post","3":"status-publish","4":"format-standard","5":"has-post-thumbnail","7":"category-filosofia","8":"tag-filosofia","9":"tag-filosofos","10":"wl_entity_type-article"},"acf":[],"yoast_head":"<!-- This site is optimized with the Yoast SEO Premium plugin v25.9 (Yoast SEO v25.9) - https:\/\/yoast.com\/wordpress\/plugins\/seo\/ -->\n<title>Filosofia: o que \u00e9, per\u00edodos e muito mais!<\/title>\n<meta name=\"description\" content=\"Aprenda sobre o que a Filosofia, o surgimento dessa ci\u00eancia e as principais correntes e pensadores para a sua prova de humanidades!\" \/>\n<meta name=\"robots\" content=\"index, follow, max-snippet:-1, max-image-preview:large, max-video-preview:-1\" \/>\n<link rel=\"canonical\" href=\"https:\/\/vestibulares.estrategia.com\/portal\/materias\/filosofia\/filosofia\/\" \/>\n<meta property=\"og:locale\" content=\"pt_BR\" \/>\n<meta property=\"og:type\" content=\"article\" \/>\n<meta property=\"og:title\" content=\"Filosofia: o que \u00e9, per\u00edodos e muito mais!\" \/>\n<meta property=\"og:description\" content=\"Aprenda sobre o que a Filosofia, o surgimento dessa ci\u00eancia e as principais correntes e pensadores para a sua prova de humanidades!\" \/>\n<meta property=\"og:url\" content=\"https:\/\/vestibulares.estrategia.com\/portal\/materias\/filosofia\/filosofia\/\" \/>\n<meta property=\"og:site_name\" content=\"Estrat\u00e9gia Vestibulares\" \/>\n<meta property=\"article:publisher\" content=\"https:\/\/facebook.com\/estrategiavestibulares\" \/>\n<meta property=\"article:published_time\" content=\"2021-05-24T20:59:29+00:00\" \/>\n<meta property=\"article:modified_time\" content=\"2022-11-07T19:49:24+00:00\" \/>\n<meta property=\"og:image\" content=\"https:\/\/cdn.blog.estrategiavestibulares.com.br\/vestibulares\/wp-content\/uploads\/2021\/05\/fiosofiacapa-1.jpg\" \/>\n\t<meta property=\"og:image:width\" content=\"640\" \/>\n\t<meta property=\"og:image:height\" content=\"591\" \/>\n\t<meta property=\"og:image:type\" content=\"image\/jpeg\" \/>\n<meta name=\"author\" content=\"Gabriela Cavalcanti\" \/>\n<meta name=\"twitter:card\" content=\"summary_large_image\" \/>\n<meta name=\"twitter:creator\" content=\"@Estrategiavest\" \/>\n<meta name=\"twitter:site\" content=\"@Estrategiavest\" \/>\n<meta name=\"twitter:label1\" content=\"Escrito por\" \/>\n\t<meta name=\"twitter:data1\" content=\"Gabriela Cavalcanti\" \/>\n\t<meta name=\"twitter:label2\" content=\"Est. tempo de leitura\" \/>\n\t<meta name=\"twitter:data2\" content=\"6 minutos\" \/>\n<script type=\"application\/ld+json\" class=\"yoast-schema-graph\">{\"@context\":\"https:\/\/schema.org\",\"@graph\":[{\"@type\":\"Article\",\"@id\":\"https:\/\/vestibulares.estrategia.com\/portal\/materias\/filosofia\/filosofia\/#article\",\"isPartOf\":{\"@id\":\"https:\/\/vestibulares.estrategia.com\/portal\/materias\/filosofia\/filosofia\/\"},\"author\":{\"name\":\"Gabriela Cavalcanti\",\"@id\":\"https:\/\/vestibulares.estrategia.com\/portal\/#\/schema\/person\/b8162c2eae1d14cfe0e870f05e779bcb\"},\"headline\":\"Filosofia: o que \u00e9, per\u00edodos e muito mais!\",\"datePublished\":\"2021-05-24T20:59:29+00:00\",\"dateModified\":\"2022-11-07T19:49:24+00:00\",\"mainEntityOfPage\":{\"@id\":\"https:\/\/vestibulares.estrategia.com\/portal\/materias\/filosofia\/filosofia\/\"},\"wordCount\":1082,\"commentCount\":0,\"publisher\":{\"@id\":\"https:\/\/vestibulares.estrategia.com\/portal\/#organization\"},\"image\":{\"@id\":\"https:\/\/vestibulares.estrategia.com\/portal\/materias\/filosofia\/filosofia\/#primaryimage\"},\"thumbnailUrl\":\"https:\/\/vestibulares.estrategia.com\/portal\/wp-content\/uploads\/2021\/05\/fiosofiacapa-1.jpg\",\"keywords\":[\"filosofia\",\"fil\u00f3sofos\"],\"articleSection\":[\"Filosofia\"],\"inLanguage\":\"pt-BR\",\"potentialAction\":[{\"@type\":\"CommentAction\",\"name\":\"Comment\",\"target\":[\"https:\/\/vestibulares.estrategia.com\/portal\/materias\/filosofia\/filosofia\/#respond\"]}]},{\"@type\":\"WebPage\",\"@id\":\"https:\/\/vestibulares.estrategia.com\/portal\/materias\/filosofia\/filosofia\/\",\"url\":\"https:\/\/vestibulares.estrategia.com\/portal\/materias\/filosofia\/filosofia\/\",\"name\":\"Filosofia: o que \u00e9, per\u00edodos e muito mais!\",\"isPartOf\":{\"@id\":\"https:\/\/vestibulares.estrategia.com\/portal\/#website\"},\"primaryImageOfPage\":{\"@id\":\"https:\/\/vestibulares.estrategia.com\/portal\/materias\/filosofia\/filosofia\/#primaryimage\"},\"image\":{\"@id\":\"https:\/\/vestibulares.estrategia.com\/portal\/materias\/filosofia\/filosofia\/#primaryimage\"},\"thumbnailUrl\":\"https:\/\/vestibulares.estrategia.com\/portal\/wp-content\/uploads\/2021\/05\/fiosofiacapa-1.jpg\",\"datePublished\":\"2021-05-24T20:59:29+00:00\",\"dateModified\":\"2022-11-07T19:49:24+00:00\",\"description\":\"Aprenda sobre o que a Filosofia, o surgimento dessa ci\u00eancia e as principais correntes e pensadores para a sua prova de humanidades!\",\"breadcrumb\":{\"@id\":\"https:\/\/vestibulares.estrategia.com\/portal\/materias\/filosofia\/filosofia\/#breadcrumb\"},\"inLanguage\":\"pt-BR\",\"potentialAction\":[{\"@type\":\"ReadAction\",\"target\":[\"https:\/\/vestibulares.estrategia.com\/portal\/materias\/filosofia\/filosofia\/\"]}]},{\"@type\":\"ImageObject\",\"inLanguage\":\"pt-BR\",\"@id\":\"https:\/\/vestibulares.estrategia.com\/portal\/materias\/filosofia\/filosofia\/#primaryimage\",\"url\":\"https:\/\/vestibulares.estrategia.com\/portal\/wp-content\/uploads\/2021\/05\/fiosofiacapa-1.jpg\",\"contentUrl\":\"https:\/\/vestibulares.estrategia.com\/portal\/wp-content\/uploads\/2021\/05\/fiosofiacapa-1.jpg\",\"width\":640,\"height\":591,\"caption\":\"Filosofia: o que \u00e9, per\u00edodos e muito mais!\"},{\"@type\":\"BreadcrumbList\",\"@id\":\"https:\/\/vestibulares.estrategia.com\/portal\/materias\/filosofia\/filosofia\/#breadcrumb\",\"itemListElement\":[{\"@type\":\"ListItem\",\"position\":1,\"name\":\"Home\",\"item\":\"https:\/\/vestibulares.estrategia.com\/portal\/\"},{\"@type\":\"ListItem\",\"position\":2,\"name\":\"Mat\u00e9rias\",\"item\":\"https:\/\/vestibulares.estrategia.com\/portal\/materias\/\"},{\"@type\":\"ListItem\",\"position\":3,\"name\":\"Filosofia\",\"item\":\"https:\/\/vestibulares.estrategia.com\/portal\/materias\/filosofia\/\"},{\"@type\":\"ListItem\",\"position\":4,\"name\":\"Filosofia: o que \u00e9, per\u00edodos e muito mais!\"}]},{\"@type\":\"WebSite\",\"@id\":\"https:\/\/vestibulares.estrategia.com\/portal\/#website\",\"url\":\"https:\/\/vestibulares.estrategia.com\/portal\/\",\"name\":\"Estrat\u00e9gia Vestibulares\",\"description\":\"\",\"publisher\":{\"@id\":\"https:\/\/vestibulares.estrategia.com\/portal\/#organization\"},\"potentialAction\":[{\"@type\":\"SearchAction\",\"target\":{\"@type\":\"EntryPoint\",\"urlTemplate\":\"https:\/\/vestibulares.estrategia.com\/portal\/?s={search_term_string}\"},\"query-input\":{\"@type\":\"PropertyValueSpecification\",\"valueRequired\":true,\"valueName\":\"search_term_string\"}}],\"inLanguage\":\"pt-BR\"},{\"@type\":\"Organization\",\"@id\":\"https:\/\/vestibulares.estrategia.com\/portal\/#organization\",\"name\":\"Estrat\u00e9gia Vestibulares\",\"url\":\"https:\/\/vestibulares.estrategia.com\/portal\/\",\"logo\":{\"@type\":\"ImageObject\",\"inLanguage\":\"pt-BR\",\"@id\":\"https:\/\/vestibulares.estrategia.com\/portal\/#\/schema\/logo\/image\/\",\"url\":\"https:\/\/vestibulares.estrategia.com\/portal\/wp-content\/uploads\/2021\/06\/Logo-Vestibulares@4x.png\",\"contentUrl\":\"https:\/\/vestibulares.estrategia.com\/portal\/wp-content\/uploads\/2021\/06\/Logo-Vestibulares@4x.png\",\"width\":250,\"height\":66,\"caption\":\"Estrat\u00e9gia Vestibulares\"},\"image\":{\"@id\":\"https:\/\/vestibulares.estrategia.com\/portal\/#\/schema\/logo\/image\/\"},\"sameAs\":[\"https:\/\/facebook.com\/estrategiavestibulares\",\"https:\/\/x.com\/Estrategiavest\",\"https:\/\/www.instagram.com\/estrategiavestibulares\",\"https:\/\/www.youtube.com\/channel\/UCGWdZy8ULI-7_5GrABa4vNA\"]},{\"@type\":\"Person\",\"@id\":\"https:\/\/vestibulares.estrategia.com\/portal\/#\/schema\/person\/b8162c2eae1d14cfe0e870f05e779bcb\",\"name\":\"Gabriela Cavalcanti\",\"image\":{\"@type\":\"ImageObject\",\"inLanguage\":\"pt-BR\",\"@id\":\"https:\/\/vestibulares.estrategia.com\/portal\/#\/schema\/person\/image\/\",\"url\":\"https:\/\/secure.gravatar.com\/avatar\/0d047faa628af950211fe370cc879af3?s=96&d=mm&r=g\",\"contentUrl\":\"https:\/\/secure.gravatar.com\/avatar\/0d047faa628af950211fe370cc879af3?s=96&d=mm&r=g\",\"caption\":\"Gabriela Cavalcanti\"},\"url\":\"https:\/\/vestibulares.estrategia.com\/portal\/author\/gabriela-cavalcanti\/\"}]}<\/script>\n<!-- \/ Yoast SEO Premium plugin. -->","yoast_head_json":{"title":"Filosofia: o que \u00e9, per\u00edodos e muito mais!","description":"Aprenda sobre o que a Filosofia, o surgimento dessa ci\u00eancia e as principais correntes e pensadores para a sua prova de humanidades!","robots":{"index":"index","follow":"follow","max-snippet":"max-snippet:-1","max-image-preview":"max-image-preview:large","max-video-preview":"max-video-preview:-1"},"canonical":"https:\/\/vestibulares.estrategia.com\/portal\/materias\/filosofia\/filosofia\/","og_locale":"pt_BR","og_type":"article","og_title":"Filosofia: o que \u00e9, per\u00edodos e muito mais!","og_description":"Aprenda sobre o que a Filosofia, o surgimento dessa ci\u00eancia e as principais correntes e pensadores para a sua prova de humanidades!","og_url":"https:\/\/vestibulares.estrategia.com\/portal\/materias\/filosofia\/filosofia\/","og_site_name":"Estrat\u00e9gia Vestibulares","article_publisher":"https:\/\/facebook.com\/estrategiavestibulares","article_published_time":"2021-05-24T20:59:29+00:00","article_modified_time":"2022-11-07T19:49:24+00:00","og_image":[{"width":640,"height":591,"url":"https:\/\/cdn.blog.estrategiavestibulares.com.br\/vestibulares\/wp-content\/uploads\/2021\/05\/fiosofiacapa-1.jpg","type":"image\/jpeg"}],"author":"Gabriela Cavalcanti","twitter_card":"summary_large_image","twitter_creator":"@Estrategiavest","twitter_site":"@Estrategiavest","twitter_misc":{"Escrito por":"Gabriela Cavalcanti","Est. tempo de leitura":"6 minutos"},"schema":{"@context":"https:\/\/schema.org","@graph":[{"@type":"Article","@id":"https:\/\/vestibulares.estrategia.com\/portal\/materias\/filosofia\/filosofia\/#article","isPartOf":{"@id":"https:\/\/vestibulares.estrategia.com\/portal\/materias\/filosofia\/filosofia\/"},"author":{"name":"Gabriela Cavalcanti","@id":"https:\/\/vestibulares.estrategia.com\/portal\/#\/schema\/person\/b8162c2eae1d14cfe0e870f05e779bcb"},"headline":"Filosofia: o que \u00e9, per\u00edodos e muito mais!","datePublished":"2021-05-24T20:59:29+00:00","dateModified":"2022-11-07T19:49:24+00:00","mainEntityOfPage":{"@id":"https:\/\/vestibulares.estrategia.com\/portal\/materias\/filosofia\/filosofia\/"},"wordCount":1082,"commentCount":0,"publisher":{"@id":"https:\/\/vestibulares.estrategia.com\/portal\/#organization"},"image":{"@id":"https:\/\/vestibulares.estrategia.com\/portal\/materias\/filosofia\/filosofia\/#primaryimage"},"thumbnailUrl":"https:\/\/vestibulares.estrategia.com\/portal\/wp-content\/uploads\/2021\/05\/fiosofiacapa-1.jpg","keywords":["filosofia","fil\u00f3sofos"],"articleSection":["Filosofia"],"inLanguage":"pt-BR","potentialAction":[{"@type":"CommentAction","name":"Comment","target":["https:\/\/vestibulares.estrategia.com\/portal\/materias\/filosofia\/filosofia\/#respond"]}]},{"@type":"WebPage","@id":"https:\/\/vestibulares.estrategia.com\/portal\/materias\/filosofia\/filosofia\/","url":"https:\/\/vestibulares.estrategia.com\/portal\/materias\/filosofia\/filosofia\/","name":"Filosofia: o que \u00e9, per\u00edodos e muito mais!","isPartOf":{"@id":"https:\/\/vestibulares.estrategia.com\/portal\/#website"},"primaryImageOfPage":{"@id":"https:\/\/vestibulares.estrategia.com\/portal\/materias\/filosofia\/filosofia\/#primaryimage"},"image":{"@id":"https:\/\/vestibulares.estrategia.com\/portal\/materias\/filosofia\/filosofia\/#primaryimage"},"thumbnailUrl":"https:\/\/vestibulares.estrategia.com\/portal\/wp-content\/uploads\/2021\/05\/fiosofiacapa-1.jpg","datePublished":"2021-05-24T20:59:29+00:00","dateModified":"2022-11-07T19:49:24+00:00","description":"Aprenda sobre o que a Filosofia, o surgimento dessa ci\u00eancia e as principais correntes e pensadores para a sua prova de humanidades!","breadcrumb":{"@id":"https:\/\/vestibulares.estrategia.com\/portal\/materias\/filosofia\/filosofia\/#breadcrumb"},"inLanguage":"pt-BR","potentialAction":[{"@type":"ReadAction","target":["https:\/\/vestibulares.estrategia.com\/portal\/materias\/filosofia\/filosofia\/"]}]},{"@type":"ImageObject","inLanguage":"pt-BR","@id":"https:\/\/vestibulares.estrategia.com\/portal\/materias\/filosofia\/filosofia\/#primaryimage","url":"https:\/\/vestibulares.estrategia.com\/portal\/wp-content\/uploads\/2021\/05\/fiosofiacapa-1.jpg","contentUrl":"https:\/\/vestibulares.estrategia.com\/portal\/wp-content\/uploads\/2021\/05\/fiosofiacapa-1.jpg","width":640,"height":591,"caption":"Filosofia: o que \u00e9, per\u00edodos e muito mais!"},{"@type":"BreadcrumbList","@id":"https:\/\/vestibulares.estrategia.com\/portal\/materias\/filosofia\/filosofia\/#breadcrumb","itemListElement":[{"@type":"ListItem","position":1,"name":"Home","item":"https:\/\/vestibulares.estrategia.com\/portal\/"},{"@type":"ListItem","position":2,"name":"Mat\u00e9rias","item":"https:\/\/vestibulares.estrategia.com\/portal\/materias\/"},{"@type":"ListItem","position":3,"name":"Filosofia","item":"https:\/\/vestibulares.estrategia.com\/portal\/materias\/filosofia\/"},{"@type":"ListItem","position":4,"name":"Filosofia: o que \u00e9, per\u00edodos e muito mais!"}]},{"@type":"WebSite","@id":"https:\/\/vestibulares.estrategia.com\/portal\/#website","url":"https:\/\/vestibulares.estrategia.com\/portal\/","name":"Estrat\u00e9gia Vestibulares","description":"","publisher":{"@id":"https:\/\/vestibulares.estrategia.com\/portal\/#organization"},"potentialAction":[{"@type":"SearchAction","target":{"@type":"EntryPoint","urlTemplate":"https:\/\/vestibulares.estrategia.com\/portal\/?s={search_term_string}"},"query-input":{"@type":"PropertyValueSpecification","valueRequired":true,"valueName":"search_term_string"}}],"inLanguage":"pt-BR"},{"@type":"Organization","@id":"https:\/\/vestibulares.estrategia.com\/portal\/#organization","name":"Estrat\u00e9gia Vestibulares","url":"https:\/\/vestibulares.estrategia.com\/portal\/","logo":{"@type":"ImageObject","inLanguage":"pt-BR","@id":"https:\/\/vestibulares.estrategia.com\/portal\/#\/schema\/logo\/image\/","url":"https:\/\/vestibulares.estrategia.com\/portal\/wp-content\/uploads\/2021\/06\/Logo-Vestibulares@4x.png","contentUrl":"https:\/\/vestibulares.estrategia.com\/portal\/wp-content\/uploads\/2021\/06\/Logo-Vestibulares@4x.png","width":250,"height":66,"caption":"Estrat\u00e9gia Vestibulares"},"image":{"@id":"https:\/\/vestibulares.estrategia.com\/portal\/#\/schema\/logo\/image\/"},"sameAs":["https:\/\/facebook.com\/estrategiavestibulares","https:\/\/x.com\/Estrategiavest","https:\/\/www.instagram.com\/estrategiavestibulares","https:\/\/www.youtube.com\/channel\/UCGWdZy8ULI-7_5GrABa4vNA"]},{"@type":"Person","@id":"https:\/\/vestibulares.estrategia.com\/portal\/#\/schema\/person\/b8162c2eae1d14cfe0e870f05e779bcb","name":"Gabriela Cavalcanti","image":{"@type":"ImageObject","inLanguage":"pt-BR","@id":"https:\/\/vestibulares.estrategia.com\/portal\/#\/schema\/person\/image\/","url":"https:\/\/secure.gravatar.com\/avatar\/0d047faa628af950211fe370cc879af3?s=96&d=mm&r=g","contentUrl":"https:\/\/secure.gravatar.com\/avatar\/0d047faa628af950211fe370cc879af3?s=96&d=mm&r=g","caption":"Gabriela Cavalcanti"},"url":"https:\/\/vestibulares.estrategia.com\/portal\/author\/gabriela-cavalcanti\/"}]}},"_wl_alt_label":[],"wl:entity_url":"https:\/\/data.wordlift.io\/wl110249\/post\/filosofia","_links":{"self":[{"href":"https:\/\/vestibulares.estrategia.com\/portal\/wp-json\/wp\/v2\/posts\/50143","targetHints":{"allow":["GET"]}}],"collection":[{"href":"https:\/\/vestibulares.estrategia.com\/portal\/wp-json\/wp\/v2\/posts"}],"about":[{"href":"https:\/\/vestibulares.estrategia.com\/portal\/wp-json\/wp\/v2\/types\/post"}],"author":[{"embeddable":true,"href":"https:\/\/vestibulares.estrategia.com\/portal\/wp-json\/wp\/v2\/users\/22"}],"replies":[{"embeddable":true,"href":"https:\/\/vestibulares.estrategia.com\/portal\/wp-json\/wp\/v2\/comments?post=50143"}],"version-history":[{"count":11,"href":"https:\/\/vestibulares.estrategia.com\/portal\/wp-json\/wp\/v2\/posts\/50143\/revisions"}],"predecessor-version":[{"id":80474,"href":"https:\/\/vestibulares.estrategia.com\/portal\/wp-json\/wp\/v2\/posts\/50143\/revisions\/80474"}],"wp:featuredmedia":[{"embeddable":true,"href":"https:\/\/vestibulares.estrategia.com\/portal\/wp-json\/wp\/v2\/media\/50145"}],"wp:attachment":[{"href":"https:\/\/vestibulares.estrategia.com\/portal\/wp-json\/wp\/v2\/media?parent=50143"}],"wp:term":[{"taxonomy":"category","embeddable":true,"href":"https:\/\/vestibulares.estrategia.com\/portal\/wp-json\/wp\/v2\/categories?post=50143"},{"taxonomy":"post_tag","embeddable":true,"href":"https:\/\/vestibulares.estrategia.com\/portal\/wp-json\/wp\/v2\/tags?post=50143"},{"taxonomy":"wl_entity_type","embeddable":true,"href":"https:\/\/vestibulares.estrategia.com\/portal\/wp-json\/wp\/v2\/wl_entity_type?post=50143"}],"curies":[{"name":"wp","href":"https:\/\/api.w.org\/{rel}","templated":true}]}}