{"id":50937,"date":"2021-06-11T07:53:41","date_gmt":"2021-06-11T10:53:41","guid":{"rendered":"https:\/\/blog.estrategiavestibulares.com.br\/?p=50937"},"modified":"2023-06-02T15:16:42","modified_gmt":"2023-06-02T18:16:42","slug":"5-filmes-repertorio-sociocultural-saude","status":"publish","type":"post","link":"https:\/\/vestibulares.estrategia.com\/portal\/atualidades-e-dicas\/5-filmes-repertorio-sociocultural-saude\/","title":{"rendered":"5 filmes sobre o tema de sa\u00fade para aumentar o seu repert\u00f3rio sociocultural"},"content":{"rendered":"<p>J&aacute; pensou em tornar sua reda&ccedil;&atilde;o ainda melhor? Confira esse artigo que o <a href=\"https:\/\/www.estrategiavestibulares.com.br\/\" target=\"_blank\">Estrat&eacute;gia Vestibulares<\/a> preparou com repert&oacute;rios culturais para fortalecer, justificar e sustentar sua opini&atilde;o e argumenta&ccedil;&atilde;o no texto!<pre class=\"wp-block-verse\">Saiba mais: <a href=\"https:\/\/vestibulares.estrategia.com\/portal\/enem\/gabarito-enem\/\" target=\"_blank\">Gabarito Enem 2021 - corre&ccedil;&atilde;o em tempo real da prova<\/a><\/pre><div class=\"wp-block-image\">\n<figure class=\"aligncenter size-large is-resized\"><img decoding=\"async\" src=\"https:\/\/vestibulares.estrategia.com\/portal\/wp-content\/uploads\/2021\/06\/dilemadasredes.jpg\" alt=\"Est&aacute; estudando para o vestibular? Veja 5 op&ccedil;&otilde;es de filmes sobre sa&uacute;de para aumentar o seu repert&oacute;rio sociocultural sobre o tema!\" class=\"wp-image-50980\" width=\"660\" height=\"370\" srcset=\"https:\/\/vestibulares.estrategia.com\/portal\/wp-content\/uploads\/2021\/06\/dilemadasredes.jpg 320w, https:\/\/vestibulares.estrategia.com\/portal\/wp-content\/uploads\/2021\/06\/dilemadasredes-300x169.jpg 300w\" sizes=\"(max-width: 660px) 100vw, 660px\" \/><\/figure><\/div><div id=\"ez-toc-container\" class=\"ez-toc-v2_0_76 counter-hierarchy ez-toc-counter ez-toc-transparent ez-toc-container-direction\">\n<div class=\"ez-toc-title-container\"><p class=\"ez-toc-title\" style=\"cursor:inherit\">Navegue pelo conte\u00fado<\/p>\n<\/div><nav><ul class='ez-toc-list ez-toc-list-level-1 ' ><li class='ez-toc-page-1 ez-toc-heading-level-2'><a class=\"ez-toc-link ez-toc-heading-1\" href=\"https:\/\/vestibulares.estrategia.com\/portal\/atualidades-e-dicas\/5-filmes-repertorio-sociocultural-saude\/#O-que-e-Repertorio-Sociocultural\" >O que &eacute; Repert&oacute;rio Sociocultural?<\/a><\/li><li class='ez-toc-page-1 ez-toc-heading-level-2'><a class=\"ez-toc-link ez-toc-heading-2\" href=\"https:\/\/vestibulares.estrategia.com\/portal\/atualidades-e-dicas\/5-filmes-repertorio-sociocultural-saude\/#5-filmes-e-series-para-aumentar-o-seu-repertorio-sociocultural-sobre-o-tema-de-Saude\" >5 filmes e s&eacute;ries para aumentar o seu repert&oacute;rio sociocultural sobre o tema de&nbsp; Sa&uacute;de<\/a><\/li><\/ul><\/nav><\/div>\n<h2 class=\"wp-block-heading\" id=\"h-o-que-e-repertorio-sociocultural\"><span class=\"ez-toc-section\" id=\"O-que-e-Repertorio-Sociocultural\"><\/span>O que &eacute; Repert&oacute;rio Sociocultural?<span class=\"ez-toc-section-end\"><\/span><\/h2><p>Repert&oacute;rio sociocultural &eacute; o <strong>conjunto de conhecimentos e refer&ecirc;ncias adquiridos por meio de livros, filmes, s&eacute;ries, mat&eacute;rias, jornais, pesquisas e muito mais.<\/strong> Os repert&oacute;rios s&atilde;o usados, principalmente, nas argumenta&ccedil;&otilde;es de <a href=\"https:\/\/vestibulares.estrategia.com\/portal\/category\/redacao\/\" target=\"_blank\">reda&ccedil;&otilde;es,<\/a> em que os participantes utilizam refer&ecirc;ncias para apoiar suas opini&otilde;es em fontes de autoridade.&nbsp;<\/p><p>Dessa maneira, <strong>o repert&oacute;rio &eacute;<\/strong> <strong>usado para fundamentar, argumentar e fortalecer aquilo que est&aacute; sendo dito no texto.<\/strong> Os repert&oacute;rios socioculturais s&atilde;o avaliados pelas bancas de corre&ccedil;&atilde;o de diversos vestibulares, diversas reda&ccedil;&otilde;es, como no <a href=\"https:\/\/vestibulares.estrategia.com\/portal\/redacao\/redacao-todas-as-edicoes-do-enem\/\" target=\"_blank\">Enem<\/a>, por exemplo, em que <a href=\"https:\/\/vestibulares.estrategia.com\/portal\/redacao\/competencias-redacao-enem\/\" target=\"_blank\">Compet&ecirc;ncia 3<\/a> avalia a capacidade do estudante de juntar informa&ccedil;&otilde;es externas ao defender seu ponto de vista.<\/p><p>A seguir, confira <strong>filmes e s&eacute;ries que podem ser usados como repert&oacute;rio cultural ao argumentar sobre o tema de Sa&uacute;de.<\/strong> Com essas indica&ccedil;&otilde;es, &eacute; poss&iacute;vel desenvolver argumenta&ccedil;&otilde;es com temas relacionados a doen&ccedil;as como, por exemplo, obesidade, pandemias, depress&atilde;o, transtornos alimentares e muito mais.<\/p><h2 class=\"wp-block-heading\" id=\"h-5-filmes-e-series-para-aumentar-o-seu-repertorio-sociocultural-sobre-o-tema-de-saude\"><span class=\"ez-toc-section\" id=\"5-filmes-e-series-para-aumentar-o-seu-repertorio-sociocultural-sobre-o-tema-de-Saude\"><\/span>5 filmes e s&eacute;ries para aumentar o seu repert&oacute;rio sociocultural sobre o tema de&nbsp; Sa&uacute;de<span class=\"ez-toc-section-end\"><\/span><\/h2><h3 class=\"wp-block-heading\" id=\"h-1-divertida-mente-2015\">1 &ndash; Divertida Mente (2015)<\/h3><figure class=\"wp-block-embed aligncenter is-type-video is-provider-youtube wp-block-embed-youtube wp-embed-aspect-16-9 wp-has-aspect-ratio\"><div class=\"wp-block-embed__wrapper\">\n<div class=\"cs-embed cs-embed-responsive\"><iframe title=\"Divertida Mente Trailer Oficial Dublado\" width=\"1200\" height=\"675\" src=\"https:\/\/www.youtube.com\/embed\/ukQeR3zYncw?feature=oembed\" frameborder=\"0\" allow=\"accelerometer; autoplay; clipboard-write; encrypted-media; gyroscope; picture-in-picture; web-share\" allowfullscreen><\/iframe><\/div>\n<\/div><\/figure><p>O filme &ldquo;Divertida Mente&rdquo; conta a hist&oacute;ria de Rilley, uma garota de 11 anos, que enfrenta diversas mudan&ccedil;as na vida e, consequentemente, em seus sentimentos e emo&ccedil;&otilde;es. Dessa maneira, a <strong>depress&atilde;o na adolesc&ecirc;ncia<\/strong> &eacute; desenvolvida ao longo do filme, ao passo que Rilley tem dificuldades para lidar com as emo&ccedil;&otilde;es, perdendo muitas delas e n&atilde;o sendo compreendida pelos pais.<\/p><p><strong>A produ&ccedil;&atilde;o da Disney poderia ser utilizada para argumenta&ccedil;&atilde;o ou contextualiza&ccedil;&atilde;o do tema da reda&ccedil;&atilde;o do Enem 2020, em que a tem&aacute;tica escolhida foi &ldquo;O estigma associado &agrave;s doen&ccedil;as mentais na sociedade brasileira&rdquo;.<\/strong> Outras propostas para usar o filme como repert&oacute;rio s&atilde;o em temas como <strong>depress&atilde;o, os impactos das emo&ccedil;&otilde;es e o aumento das doen&ccedil;as mentais na atualidade.<\/strong><\/p><h3 class=\"wp-block-heading\" id=\"h-2-os-13-porques-4-temporadas\">2 &ndash; Os 13 Porqu&ecirc;s (4 temporadas)<\/h3><figure class=\"wp-block-embed aligncenter is-type-video is-provider-youtube wp-block-embed-youtube wp-embed-aspect-16-9 wp-has-aspect-ratio\"><div class=\"wp-block-embed__wrapper\">\n<div class=\"cs-embed cs-embed-responsive\"><iframe title=\"13 Reasons Why | Season 1 Recap | Netflix\" width=\"1200\" height=\"675\" src=\"https:\/\/www.youtube.com\/embed\/HC765gMqmew?feature=oembed\" frameborder=\"0\" allow=\"accelerometer; autoplay; clipboard-write; encrypted-media; gyroscope; picture-in-picture; web-share\" allowfullscreen><\/iframe><\/div>\n<\/div><\/figure><p>A s&eacute;rie &ldquo;Os 13 Porqu&ecirc;s&rdquo; (13 Reasons Why), original da Netflix, conta a hist&oacute;ria de Hannah Backer, uma estudante que comete suic&iacute;dio e deixa 13 fitas cassetes gravadas, em que relata os motivos pelos quais ela tirou a pr&oacute;pria vida. <\/p><p><strong>A s&eacute;rie foi usada como cita&ccedil;&atilde;o em diversas reda&ccedil;&otilde;es do Enem 2020, que abordava o tema de sa&uacute;de mental. Ainda assim, a tem&aacute;tica poderia ser usada para reda&ccedil;&otilde;es como da Unicamp 2015, que abordou a tem&aacute;tica &ldquo;Solu&ccedil;&otilde;es para resolver conflitos violentos na escola&rdquo;, outro tema presente na s&eacute;rie.&nbsp;<\/strong><\/p><h3 class=\"wp-block-heading\" id=\"h-3-o-minimo-para-viver-2017\">3 &ndash; O m&iacute;nimo para viver (2017)<\/h3><figure class=\"wp-block-embed aligncenter is-type-video is-provider-youtube wp-block-embed-youtube wp-embed-aspect-16-9 wp-has-aspect-ratio\"><div class=\"wp-block-embed__wrapper\">\n<div class=\"cs-embed cs-embed-responsive\"><iframe title=\"O M&iacute;nimo para Viver | Trailer principal | Netflix\" width=\"1200\" height=\"675\" src=\"https:\/\/www.youtube.com\/embed\/aXS2taIXXQA?feature=oembed\" frameborder=\"0\" allow=\"accelerometer; autoplay; clipboard-write; encrypted-media; gyroscope; picture-in-picture; web-share\" allowfullscreen><\/iframe><\/div>\n<\/div><\/figure><p>O filme &ldquo;O m&iacute;nimo para viver&rdquo; descreve a hist&oacute;ria de Ellen, uma jovem de 20 anos, que enfrenta a anorexia ao buscar o corpo perfeito. <strong>O contexto traz cenas fortes e apresenta uma s&eacute;rie de riscos decorrentes das doen&ccedil;as alimentares<\/strong>, que, em contraposto, mostra o desejo de Ellen em se enquadrar no padr&atilde;o que a sociedade imp&otilde;e.&nbsp;<\/p><p>Desse modo, <strong>o filme pode ser utilizado como repert&oacute;rio para reda&ccedil;&otilde;es que abordam temas como, por exemplo, busca pelo padr&atilde;o idealizado, transtornos alimentares, os efeitos dos padr&otilde;es est&eacute;ticos e at&eacute; mesmo no tema da reda&ccedil;&atilde;o do Enem 2007, que discutiu&nbsp; &ldquo;O desafio de viver com a diferen&ccedil;a&rdquo;.<\/strong><\/p><h3 class=\"wp-block-heading\" id=\"h-4-grey-s-anatomy-17-temporadas\">4 &ndash; Grey&acute;s Anatomy (17 temporadas)<\/h3><figure class=\"wp-block-embed aligncenter is-type-video is-provider-youtube wp-block-embed-youtube wp-embed-aspect-16-9 wp-has-aspect-ratio\"><div class=\"wp-block-embed__wrapper\">\n<div class=\"cs-embed cs-embed-responsive\"><iframe title=\"Grey&rsquo;s Anatomy | Temporadas 1 e 16 dispon&iacute;veis\" width=\"1200\" height=\"675\" src=\"https:\/\/www.youtube.com\/embed\/x5U8-dzA4rI?feature=oembed\" frameborder=\"0\" allow=\"accelerometer; autoplay; clipboard-write; encrypted-media; gyroscope; picture-in-picture; web-share\" allowfullscreen><\/iframe><\/div>\n<\/div><\/figure><p><strong>A 17&deg; temporada da s&eacute;rie &ldquo;Grey&acute;s Anatomy&rdquo; trouxe a tem&aacute;tica da pandemia de Covid-19<\/strong>, mostrando a&nbsp; vida pessoal e profissional dos m&eacute;dicos durante essa crise sanit&aacute;ria. A s&eacute;rie j&aacute; foi usada como repert&oacute;rio para diversas reda&ccedil;&otilde;es, pois <strong>aborda temas atuais e reais da sociedade, como <a href=\"https:\/\/vestibulares.estrategia.com\/portal\/redacao\/redacao-enem-2015\/\" target=\"_blank\">viol&ecirc;ncia contra a mulher<\/a>, cren&ccedil;a e ci&ecirc;ncia, dificuldades no sistema de sa&uacute;de e tramas pessoais que afetam o trabalho. <\/strong><\/p><p>Com a pandemia, <strong>estudantes apostam que os pr&oacute;ximos vestibulares cobrem nas reda&ccedil;&otilde;es temas que envolvem a situa&ccedil;&atilde;o atual do mundo<\/strong>, como pandemias, epidemias, doen&ccedil;as, colapsos e crises da sa&uacute;de global. Al&eacute;m disso, <strong>a s&eacute;rie poderia ainda ser refer&ecirc;ncia para a proposta de reda&ccedil;&atilde;o da Unicamp 2015: &ldquo;A humaniza&ccedil;&atilde;o do atendimento &agrave; sa&uacute;de&rdquo; .<\/strong><\/p><h3 class=\"wp-block-heading\" id=\"h-5-o-dilema-das-redes-2020\">5 &ndash; O Dilema das Redes (2020)<\/h3><figure class=\"wp-block-embed aligncenter is-type-video is-provider-youtube wp-block-embed-youtube wp-embed-aspect-16-9 wp-has-aspect-ratio\"><div class=\"wp-block-embed__wrapper\">\n<div class=\"cs-embed cs-embed-responsive\"><iframe title=\"The Social Dilemma | Official Trailer | Netflix\" width=\"1200\" height=\"675\" src=\"https:\/\/www.youtube.com\/embed\/uaaC57tcci0?feature=oembed\" frameborder=\"0\" allow=\"accelerometer; autoplay; clipboard-write; encrypted-media; gyroscope; picture-in-picture; web-share\" allowfullscreen><\/iframe><\/div>\n<\/div><\/figure><p>O document&aacute;rio &ldquo;O Dilema das Redes&rdquo; relata os <strong>problemas que as redes sociais, sites e aplicativos podem causar &agrave; sa&uacute;de mental das pessoas.<\/strong> Por meio de ex-funcion&aacute;rios da &aacute;rea de tecnologia, &eacute; explicado como funcionam os algoritmos e como isso influencia nas suas redes.&nbsp;<\/p><p>Assim, especialistas confirmam que a depend&ecirc;ncia tecnol&oacute;gica prejudica a sa&uacute;de mental, ao passo que os usu&aacute;rios s&atilde;o moldados pelas plataformas que acessam. O uso excessivo da tecnologia pode resultar em problemas ainda maiores, como depend&ecirc;ncia e doen&ccedil;as cr&ocirc;nicas.<\/p><p><strong>Temas que envolvem tecnologia e sa&uacute;de mental est&atilde;o extremamente presentes na sociedade atual, sendo cobrados, por exemplo, na proposta de reda&ccedil;&atilde;o &ldquo;Manipula&ccedil;&atilde;o do comportamento do usu&aacute;rio pelo controle de dados na internet&rdquo;, tema do <a href=\"https:\/\/vestibulares.estrategia.com\/portal\/redacao\/redacao-enem-2018\/\" target=\"_blank\">Enem 2018<\/a>.&nbsp;<\/strong><\/p><p>Agora que voc&ecirc; j&aacute; sabe o que s&atilde;o repert&oacute;rios culturais e como us&aacute;-los nas <a href=\"https:\/\/vestibulares.estrategia.com\/portal\/category\/redacao\/\" target=\"_blank\">reda&ccedil;&otilde;es<\/a>, confira nossos cursos e simulados para arrasar nas reda&ccedil;&otilde;es e vestibulares. Confira tamb&eacute;m os artigos sobre reda&ccedil;&atilde;o do Estrat&eacute;gia Vestibulares!<\/p><div class=\"wp-block-buttons is-horizontal is-content-justification-center is-layout-flex wp-container-core-buttons-is-layout-1 wp-block-buttons-is-layout-flex\">\n<div class=\"wp-block-button\"><a class=\"wp-block-button__link has-luminous-vivid-amber-to-luminous-vivid-orange-gradient-background has-background wp-element-button\" href=\"http:\/\/estrategiavestibulares.com.br\/?utm_source=blog&amp;utm_medium=organic&amp;utm_campaign=blog-to-product\" style=\"border-radius:50px\" target=\"_blank\">ACESSE O ESTRAT&Eacute;GIA VESTIBULARES<\/a><\/div>\n<\/div><\/p>\n","protected":false},"excerpt":{"rendered":"Est\u00e1 estudando para o vestibular? Veja 5 op\u00e7\u00f5es de filmes sobre sa\u00fade para aumentar o seu repert\u00f3rio sociocultural sobre o tema!\n","protected":false},"author":29,"featured_media":70173,"comment_status":"open","ping_status":"open","sticky":false,"template":"","format":"standard","meta":{"wl_entities_gutenberg":"","footnotes":""},"categories":[46],"tags":[118,120,121,119],"wl_entity_type":[732],"class_list":{"0":"post-50937","1":"post","2":"type-post","3":"status-publish","4":"format-standard","5":"has-post-thumbnail","7":"category-atualidades-e-dicas","8":"tag-filmes","9":"tag-filmes-sobre-saude","10":"tag-repertorio-sociocultural","11":"tag-series","12":"wl_entity_type-article"},"acf":[],"yoast_head":"<!-- This site is optimized with the Yoast SEO Premium plugin v25.9 (Yoast SEO v25.9) - https:\/\/yoast.com\/wordpress\/plugins\/seo\/ -->\n<title>5 filmes sobre o tema de sa\u00fade para aumentar o seu repert\u00f3rio sociocultural<\/title>\n<meta name=\"description\" content=\"Est\u00e1 estudando para o vestibular? Veja 5 op\u00e7\u00f5es de filmes sobre sa\u00fade para aumentar o seu repert\u00f3rio sociocultural sobre o tema!\" \/>\n<meta name=\"robots\" content=\"index, follow, max-snippet:-1, max-image-preview:large, max-video-preview:-1\" \/>\n<link rel=\"canonical\" href=\"https:\/\/vestibulares.estrategia.com\/portal\/atualidades-e-dicas\/5-filmes-repertorio-sociocultural-saude\/\" \/>\n<meta property=\"og:locale\" content=\"pt_BR\" \/>\n<meta property=\"og:type\" content=\"article\" \/>\n<meta property=\"og:title\" content=\"5 filmes sobre o tema de sa\u00fade para aumentar o seu repert\u00f3rio sociocultural\" \/>\n<meta property=\"og:description\" content=\"Est\u00e1 estudando para o vestibular? Veja 5 op\u00e7\u00f5es de filmes sobre sa\u00fade para aumentar o seu repert\u00f3rio sociocultural sobre o tema!\" \/>\n<meta property=\"og:url\" content=\"https:\/\/vestibulares.estrategia.com\/portal\/atualidades-e-dicas\/5-filmes-repertorio-sociocultural-saude\/\" \/>\n<meta property=\"og:site_name\" content=\"Estrat\u00e9gia Vestibulares\" \/>\n<meta property=\"article:publisher\" content=\"https:\/\/facebook.com\/estrategiavestibulares\" \/>\n<meta property=\"article:published_time\" content=\"2021-06-11T10:53:41+00:00\" \/>\n<meta property=\"article:modified_time\" content=\"2023-06-02T18:16:42+00:00\" \/>\n<meta property=\"og:image\" content=\"https:\/\/cdn.blog.estrategiavestibulares.com.br\/vestibulares\/wp-content\/uploads\/2021\/06\/5-filmes-sobre-o-tema-de-saude-para-aumentar-o-seu-repertorio-sociocultural-1.jpg\" \/>\n\t<meta property=\"og:image:width\" content=\"1584\" \/>\n\t<meta property=\"og:image:height\" content=\"700\" \/>\n\t<meta property=\"og:image:type\" content=\"image\/jpeg\" \/>\n<meta name=\"author\" content=\"J\u00falia Wasko\" \/>\n<meta name=\"twitter:card\" content=\"summary_large_image\" \/>\n<meta name=\"twitter:creator\" content=\"@Estrategiavest\" \/>\n<meta name=\"twitter:site\" content=\"@Estrategiavest\" \/>\n<meta name=\"twitter:label1\" content=\"Escrito por\" \/>\n\t<meta name=\"twitter:data1\" content=\"J\u00falia Wasko\" \/>\n\t<meta name=\"twitter:label2\" content=\"Est. tempo de leitura\" \/>\n\t<meta name=\"twitter:data2\" content=\"5 minutos\" \/>\n<script type=\"application\/ld+json\" class=\"yoast-schema-graph\">{\"@context\":\"https:\/\/schema.org\",\"@graph\":[{\"@type\":\"Article\",\"@id\":\"https:\/\/vestibulares.estrategia.com\/portal\/atualidades-e-dicas\/5-filmes-repertorio-sociocultural-saude\/#article\",\"isPartOf\":{\"@id\":\"https:\/\/vestibulares.estrategia.com\/portal\/atualidades-e-dicas\/5-filmes-repertorio-sociocultural-saude\/\"},\"author\":{\"name\":\"J\u00falia Wasko\",\"@id\":\"https:\/\/vestibulares.estrategia.com\/portal\/#\/schema\/person\/83d5c517a965e3fd3fc7016a981cb8fe\"},\"headline\":\"5 filmes sobre o tema de sa\u00fade para aumentar o seu repert\u00f3rio sociocultural\",\"datePublished\":\"2021-06-11T10:53:41+00:00\",\"dateModified\":\"2023-06-02T18:16:42+00:00\",\"mainEntityOfPage\":{\"@id\":\"https:\/\/vestibulares.estrategia.com\/portal\/atualidades-e-dicas\/5-filmes-repertorio-sociocultural-saude\/\"},\"wordCount\":969,\"commentCount\":0,\"publisher\":{\"@id\":\"https:\/\/vestibulares.estrategia.com\/portal\/#organization\"},\"image\":{\"@id\":\"https:\/\/vestibulares.estrategia.com\/portal\/atualidades-e-dicas\/5-filmes-repertorio-sociocultural-saude\/#primaryimage\"},\"thumbnailUrl\":\"https:\/\/vestibulares.estrategia.com\/portal\/wp-content\/uploads\/2021\/06\/5-filmes-sobre-o-tema-de-saude-para-aumentar-o-seu-repertorio-sociocultural-1.jpg\",\"keywords\":[\"filmes\",\"filmes sobre sa\u00fade\",\"repert\u00f3rio sociocultural\",\"s\u00e9ries\"],\"articleSection\":[\"Atualidades e Dicas\"],\"inLanguage\":\"pt-BR\",\"potentialAction\":[{\"@type\":\"CommentAction\",\"name\":\"Comment\",\"target\":[\"https:\/\/vestibulares.estrategia.com\/portal\/atualidades-e-dicas\/5-filmes-repertorio-sociocultural-saude\/#respond\"]}]},{\"@type\":\"WebPage\",\"@id\":\"https:\/\/vestibulares.estrategia.com\/portal\/atualidades-e-dicas\/5-filmes-repertorio-sociocultural-saude\/\",\"url\":\"https:\/\/vestibulares.estrategia.com\/portal\/atualidades-e-dicas\/5-filmes-repertorio-sociocultural-saude\/\",\"name\":\"5 filmes sobre o tema de sa\u00fade para aumentar o seu repert\u00f3rio sociocultural\",\"isPartOf\":{\"@id\":\"https:\/\/vestibulares.estrategia.com\/portal\/#website\"},\"primaryImageOfPage\":{\"@id\":\"https:\/\/vestibulares.estrategia.com\/portal\/atualidades-e-dicas\/5-filmes-repertorio-sociocultural-saude\/#primaryimage\"},\"image\":{\"@id\":\"https:\/\/vestibulares.estrategia.com\/portal\/atualidades-e-dicas\/5-filmes-repertorio-sociocultural-saude\/#primaryimage\"},\"thumbnailUrl\":\"https:\/\/vestibulares.estrategia.com\/portal\/wp-content\/uploads\/2021\/06\/5-filmes-sobre-o-tema-de-saude-para-aumentar-o-seu-repertorio-sociocultural-1.jpg\",\"datePublished\":\"2021-06-11T10:53:41+00:00\",\"dateModified\":\"2023-06-02T18:16:42+00:00\",\"description\":\"Est\u00e1 estudando para o vestibular? Veja 5 op\u00e7\u00f5es de filmes sobre sa\u00fade para aumentar o seu repert\u00f3rio sociocultural sobre o tema!\",\"breadcrumb\":{\"@id\":\"https:\/\/vestibulares.estrategia.com\/portal\/atualidades-e-dicas\/5-filmes-repertorio-sociocultural-saude\/#breadcrumb\"},\"inLanguage\":\"pt-BR\",\"potentialAction\":[{\"@type\":\"ReadAction\",\"target\":[\"https:\/\/vestibulares.estrategia.com\/portal\/atualidades-e-dicas\/5-filmes-repertorio-sociocultural-saude\/\"]}]},{\"@type\":\"ImageObject\",\"inLanguage\":\"pt-BR\",\"@id\":\"https:\/\/vestibulares.estrategia.com\/portal\/atualidades-e-dicas\/5-filmes-repertorio-sociocultural-saude\/#primaryimage\",\"url\":\"https:\/\/vestibulares.estrategia.com\/portal\/wp-content\/uploads\/2021\/06\/5-filmes-sobre-o-tema-de-saude-para-aumentar-o-seu-repertorio-sociocultural-1.jpg\",\"contentUrl\":\"https:\/\/vestibulares.estrategia.com\/portal\/wp-content\/uploads\/2021\/06\/5-filmes-sobre-o-tema-de-saude-para-aumentar-o-seu-repertorio-sociocultural-1.jpg\",\"width\":1584,\"height\":700},{\"@type\":\"BreadcrumbList\",\"@id\":\"https:\/\/vestibulares.estrategia.com\/portal\/atualidades-e-dicas\/5-filmes-repertorio-sociocultural-saude\/#breadcrumb\",\"itemListElement\":[{\"@type\":\"ListItem\",\"position\":1,\"name\":\"Home\",\"item\":\"https:\/\/vestibulares.estrategia.com\/portal\/\"},{\"@type\":\"ListItem\",\"position\":2,\"name\":\"Atualidades e Dicas\",\"item\":\"https:\/\/vestibulares.estrategia.com\/portal\/atualidades-e-dicas\/\"},{\"@type\":\"ListItem\",\"position\":3,\"name\":\"5 filmes sobre o tema de sa\u00fade para aumentar o seu repert\u00f3rio sociocultural\"}]},{\"@type\":\"WebSite\",\"@id\":\"https:\/\/vestibulares.estrategia.com\/portal\/#website\",\"url\":\"https:\/\/vestibulares.estrategia.com\/portal\/\",\"name\":\"Estrat\u00e9gia Vestibulares\",\"description\":\"\",\"publisher\":{\"@id\":\"https:\/\/vestibulares.estrategia.com\/portal\/#organization\"},\"potentialAction\":[{\"@type\":\"SearchAction\",\"target\":{\"@type\":\"EntryPoint\",\"urlTemplate\":\"https:\/\/vestibulares.estrategia.com\/portal\/?s={search_term_string}\"},\"query-input\":{\"@type\":\"PropertyValueSpecification\",\"valueRequired\":true,\"valueName\":\"search_term_string\"}}],\"inLanguage\":\"pt-BR\"},{\"@type\":\"Organization\",\"@id\":\"https:\/\/vestibulares.estrategia.com\/portal\/#organization\",\"name\":\"Estrat\u00e9gia Vestibulares\",\"url\":\"https:\/\/vestibulares.estrategia.com\/portal\/\",\"logo\":{\"@type\":\"ImageObject\",\"inLanguage\":\"pt-BR\",\"@id\":\"https:\/\/vestibulares.estrategia.com\/portal\/#\/schema\/logo\/image\/\",\"url\":\"https:\/\/vestibulares.estrategia.com\/portal\/wp-content\/uploads\/2021\/06\/Logo-Vestibulares@4x.png\",\"contentUrl\":\"https:\/\/vestibulares.estrategia.com\/portal\/wp-content\/uploads\/2021\/06\/Logo-Vestibulares@4x.png\",\"width\":250,\"height\":66,\"caption\":\"Estrat\u00e9gia Vestibulares\"},\"image\":{\"@id\":\"https:\/\/vestibulares.estrategia.com\/portal\/#\/schema\/logo\/image\/\"},\"sameAs\":[\"https:\/\/facebook.com\/estrategiavestibulares\",\"https:\/\/x.com\/Estrategiavest\",\"https:\/\/www.instagram.com\/estrategiavestibulares\",\"https:\/\/www.youtube.com\/channel\/UCGWdZy8ULI-7_5GrABa4vNA\"]},{\"@type\":\"Person\",\"@id\":\"https:\/\/vestibulares.estrategia.com\/portal\/#\/schema\/person\/83d5c517a965e3fd3fc7016a981cb8fe\",\"name\":\"J\u00falia Wasko\",\"image\":{\"@type\":\"ImageObject\",\"inLanguage\":\"pt-BR\",\"@id\":\"https:\/\/vestibulares.estrategia.com\/portal\/#\/schema\/person\/image\/\",\"url\":\"https:\/\/secure.gravatar.com\/avatar\/dab6fb308a491eea989a46ec58d3714d?s=96&d=mm&r=g\",\"contentUrl\":\"https:\/\/secure.gravatar.com\/avatar\/dab6fb308a491eea989a46ec58d3714d?s=96&d=mm&r=g\",\"caption\":\"J\u00falia Wasko\"},\"description\":\"Curso Jornalismo e sou apaixonada por entretenimento, comunica\u00e7\u00e3o e not\u00edcia! Adoro ler e curtir momentos com fam\u00edlia e amigos!\",\"url\":\"https:\/\/vestibulares.estrategia.com\/portal\/author\/julia-martins\/\"}]}<\/script>\n<!-- \/ Yoast SEO Premium plugin. -->","yoast_head_json":{"title":"5 filmes sobre o tema de sa\u00fade para aumentar o seu repert\u00f3rio sociocultural","description":"Est\u00e1 estudando para o vestibular? Veja 5 op\u00e7\u00f5es de filmes sobre sa\u00fade para aumentar o seu repert\u00f3rio sociocultural sobre o tema!","robots":{"index":"index","follow":"follow","max-snippet":"max-snippet:-1","max-image-preview":"max-image-preview:large","max-video-preview":"max-video-preview:-1"},"canonical":"https:\/\/vestibulares.estrategia.com\/portal\/atualidades-e-dicas\/5-filmes-repertorio-sociocultural-saude\/","og_locale":"pt_BR","og_type":"article","og_title":"5 filmes sobre o tema de sa\u00fade para aumentar o seu repert\u00f3rio sociocultural","og_description":"Est\u00e1 estudando para o vestibular? Veja 5 op\u00e7\u00f5es de filmes sobre sa\u00fade para aumentar o seu repert\u00f3rio sociocultural sobre o tema!","og_url":"https:\/\/vestibulares.estrategia.com\/portal\/atualidades-e-dicas\/5-filmes-repertorio-sociocultural-saude\/","og_site_name":"Estrat\u00e9gia Vestibulares","article_publisher":"https:\/\/facebook.com\/estrategiavestibulares","article_published_time":"2021-06-11T10:53:41+00:00","article_modified_time":"2023-06-02T18:16:42+00:00","og_image":[{"width":1584,"height":700,"url":"https:\/\/cdn.blog.estrategiavestibulares.com.br\/vestibulares\/wp-content\/uploads\/2021\/06\/5-filmes-sobre-o-tema-de-saude-para-aumentar-o-seu-repertorio-sociocultural-1.jpg","type":"image\/jpeg"}],"author":"J\u00falia Wasko","twitter_card":"summary_large_image","twitter_creator":"@Estrategiavest","twitter_site":"@Estrategiavest","twitter_misc":{"Escrito por":"J\u00falia Wasko","Est. tempo de leitura":"5 minutos"},"schema":{"@context":"https:\/\/schema.org","@graph":[{"@type":"Article","@id":"https:\/\/vestibulares.estrategia.com\/portal\/atualidades-e-dicas\/5-filmes-repertorio-sociocultural-saude\/#article","isPartOf":{"@id":"https:\/\/vestibulares.estrategia.com\/portal\/atualidades-e-dicas\/5-filmes-repertorio-sociocultural-saude\/"},"author":{"name":"J\u00falia Wasko","@id":"https:\/\/vestibulares.estrategia.com\/portal\/#\/schema\/person\/83d5c517a965e3fd3fc7016a981cb8fe"},"headline":"5 filmes sobre o tema de sa\u00fade para aumentar o seu repert\u00f3rio sociocultural","datePublished":"2021-06-11T10:53:41+00:00","dateModified":"2023-06-02T18:16:42+00:00","mainEntityOfPage":{"@id":"https:\/\/vestibulares.estrategia.com\/portal\/atualidades-e-dicas\/5-filmes-repertorio-sociocultural-saude\/"},"wordCount":969,"commentCount":0,"publisher":{"@id":"https:\/\/vestibulares.estrategia.com\/portal\/#organization"},"image":{"@id":"https:\/\/vestibulares.estrategia.com\/portal\/atualidades-e-dicas\/5-filmes-repertorio-sociocultural-saude\/#primaryimage"},"thumbnailUrl":"https:\/\/vestibulares.estrategia.com\/portal\/wp-content\/uploads\/2021\/06\/5-filmes-sobre-o-tema-de-saude-para-aumentar-o-seu-repertorio-sociocultural-1.jpg","keywords":["filmes","filmes sobre sa\u00fade","repert\u00f3rio sociocultural","s\u00e9ries"],"articleSection":["Atualidades e Dicas"],"inLanguage":"pt-BR","potentialAction":[{"@type":"CommentAction","name":"Comment","target":["https:\/\/vestibulares.estrategia.com\/portal\/atualidades-e-dicas\/5-filmes-repertorio-sociocultural-saude\/#respond"]}]},{"@type":"WebPage","@id":"https:\/\/vestibulares.estrategia.com\/portal\/atualidades-e-dicas\/5-filmes-repertorio-sociocultural-saude\/","url":"https:\/\/vestibulares.estrategia.com\/portal\/atualidades-e-dicas\/5-filmes-repertorio-sociocultural-saude\/","name":"5 filmes sobre o tema de sa\u00fade para aumentar o seu repert\u00f3rio sociocultural","isPartOf":{"@id":"https:\/\/vestibulares.estrategia.com\/portal\/#website"},"primaryImageOfPage":{"@id":"https:\/\/vestibulares.estrategia.com\/portal\/atualidades-e-dicas\/5-filmes-repertorio-sociocultural-saude\/#primaryimage"},"image":{"@id":"https:\/\/vestibulares.estrategia.com\/portal\/atualidades-e-dicas\/5-filmes-repertorio-sociocultural-saude\/#primaryimage"},"thumbnailUrl":"https:\/\/vestibulares.estrategia.com\/portal\/wp-content\/uploads\/2021\/06\/5-filmes-sobre-o-tema-de-saude-para-aumentar-o-seu-repertorio-sociocultural-1.jpg","datePublished":"2021-06-11T10:53:41+00:00","dateModified":"2023-06-02T18:16:42+00:00","description":"Est\u00e1 estudando para o vestibular? Veja 5 op\u00e7\u00f5es de filmes sobre sa\u00fade para aumentar o seu repert\u00f3rio sociocultural sobre o tema!","breadcrumb":{"@id":"https:\/\/vestibulares.estrategia.com\/portal\/atualidades-e-dicas\/5-filmes-repertorio-sociocultural-saude\/#breadcrumb"},"inLanguage":"pt-BR","potentialAction":[{"@type":"ReadAction","target":["https:\/\/vestibulares.estrategia.com\/portal\/atualidades-e-dicas\/5-filmes-repertorio-sociocultural-saude\/"]}]},{"@type":"ImageObject","inLanguage":"pt-BR","@id":"https:\/\/vestibulares.estrategia.com\/portal\/atualidades-e-dicas\/5-filmes-repertorio-sociocultural-saude\/#primaryimage","url":"https:\/\/vestibulares.estrategia.com\/portal\/wp-content\/uploads\/2021\/06\/5-filmes-sobre-o-tema-de-saude-para-aumentar-o-seu-repertorio-sociocultural-1.jpg","contentUrl":"https:\/\/vestibulares.estrategia.com\/portal\/wp-content\/uploads\/2021\/06\/5-filmes-sobre-o-tema-de-saude-para-aumentar-o-seu-repertorio-sociocultural-1.jpg","width":1584,"height":700},{"@type":"BreadcrumbList","@id":"https:\/\/vestibulares.estrategia.com\/portal\/atualidades-e-dicas\/5-filmes-repertorio-sociocultural-saude\/#breadcrumb","itemListElement":[{"@type":"ListItem","position":1,"name":"Home","item":"https:\/\/vestibulares.estrategia.com\/portal\/"},{"@type":"ListItem","position":2,"name":"Atualidades e Dicas","item":"https:\/\/vestibulares.estrategia.com\/portal\/atualidades-e-dicas\/"},{"@type":"ListItem","position":3,"name":"5 filmes sobre o tema de sa\u00fade para aumentar o seu repert\u00f3rio sociocultural"}]},{"@type":"WebSite","@id":"https:\/\/vestibulares.estrategia.com\/portal\/#website","url":"https:\/\/vestibulares.estrategia.com\/portal\/","name":"Estrat\u00e9gia Vestibulares","description":"","publisher":{"@id":"https:\/\/vestibulares.estrategia.com\/portal\/#organization"},"potentialAction":[{"@type":"SearchAction","target":{"@type":"EntryPoint","urlTemplate":"https:\/\/vestibulares.estrategia.com\/portal\/?s={search_term_string}"},"query-input":{"@type":"PropertyValueSpecification","valueRequired":true,"valueName":"search_term_string"}}],"inLanguage":"pt-BR"},{"@type":"Organization","@id":"https:\/\/vestibulares.estrategia.com\/portal\/#organization","name":"Estrat\u00e9gia Vestibulares","url":"https:\/\/vestibulares.estrategia.com\/portal\/","logo":{"@type":"ImageObject","inLanguage":"pt-BR","@id":"https:\/\/vestibulares.estrategia.com\/portal\/#\/schema\/logo\/image\/","url":"https:\/\/vestibulares.estrategia.com\/portal\/wp-content\/uploads\/2021\/06\/Logo-Vestibulares@4x.png","contentUrl":"https:\/\/vestibulares.estrategia.com\/portal\/wp-content\/uploads\/2021\/06\/Logo-Vestibulares@4x.png","width":250,"height":66,"caption":"Estrat\u00e9gia Vestibulares"},"image":{"@id":"https:\/\/vestibulares.estrategia.com\/portal\/#\/schema\/logo\/image\/"},"sameAs":["https:\/\/facebook.com\/estrategiavestibulares","https:\/\/x.com\/Estrategiavest","https:\/\/www.instagram.com\/estrategiavestibulares","https:\/\/www.youtube.com\/channel\/UCGWdZy8ULI-7_5GrABa4vNA"]},{"@type":"Person","@id":"https:\/\/vestibulares.estrategia.com\/portal\/#\/schema\/person\/83d5c517a965e3fd3fc7016a981cb8fe","name":"J\u00falia Wasko","image":{"@type":"ImageObject","inLanguage":"pt-BR","@id":"https:\/\/vestibulares.estrategia.com\/portal\/#\/schema\/person\/image\/","url":"https:\/\/secure.gravatar.com\/avatar\/dab6fb308a491eea989a46ec58d3714d?s=96&d=mm&r=g","contentUrl":"https:\/\/secure.gravatar.com\/avatar\/dab6fb308a491eea989a46ec58d3714d?s=96&d=mm&r=g","caption":"J\u00falia Wasko"},"description":"Curso Jornalismo e sou apaixonada por entretenimento, comunica\u00e7\u00e3o e not\u00edcia! Adoro ler e curtir momentos com fam\u00edlia e amigos!","url":"https:\/\/vestibulares.estrategia.com\/portal\/author\/julia-martins\/"}]}},"_wl_alt_label":[],"wl:entity_url":"https:\/\/data.wordlift.io\/wl110249\/post\/5-filmes-repertorio-sociocultural-saude","_links":{"self":[{"href":"https:\/\/vestibulares.estrategia.com\/portal\/wp-json\/wp\/v2\/posts\/50937","targetHints":{"allow":["GET"]}}],"collection":[{"href":"https:\/\/vestibulares.estrategia.com\/portal\/wp-json\/wp\/v2\/posts"}],"about":[{"href":"https:\/\/vestibulares.estrategia.com\/portal\/wp-json\/wp\/v2\/types\/post"}],"author":[{"embeddable":true,"href":"https:\/\/vestibulares.estrategia.com\/portal\/wp-json\/wp\/v2\/users\/29"}],"replies":[{"embeddable":true,"href":"https:\/\/vestibulares.estrategia.com\/portal\/wp-json\/wp\/v2\/comments?post=50937"}],"version-history":[{"count":10,"href":"https:\/\/vestibulares.estrategia.com\/portal\/wp-json\/wp\/v2\/posts\/50937\/revisions"}],"predecessor-version":[{"id":91978,"href":"https:\/\/vestibulares.estrategia.com\/portal\/wp-json\/wp\/v2\/posts\/50937\/revisions\/91978"}],"wp:featuredmedia":[{"embeddable":true,"href":"https:\/\/vestibulares.estrategia.com\/portal\/wp-json\/wp\/v2\/media\/70173"}],"wp:attachment":[{"href":"https:\/\/vestibulares.estrategia.com\/portal\/wp-json\/wp\/v2\/media?parent=50937"}],"wp:term":[{"taxonomy":"category","embeddable":true,"href":"https:\/\/vestibulares.estrategia.com\/portal\/wp-json\/wp\/v2\/categories?post=50937"},{"taxonomy":"post_tag","embeddable":true,"href":"https:\/\/vestibulares.estrategia.com\/portal\/wp-json\/wp\/v2\/tags?post=50937"},{"taxonomy":"wl_entity_type","embeddable":true,"href":"https:\/\/vestibulares.estrategia.com\/portal\/wp-json\/wp\/v2\/wl_entity_type?post=50937"}],"curies":[{"name":"wp","href":"https:\/\/api.w.org\/{rel}","templated":true}]}}