{"id":52109,"date":"2021-07-08T16:57:12","date_gmt":"2021-07-08T19:57:12","guid":{"rendered":"https:\/\/blog.estrategiavestibulares.com.br\/?p=52109"},"modified":"2021-07-08T16:57:15","modified_gmt":"2021-07-08T19:57:15","slug":"uel-vagas-remanescentes-2021-enem","status":"publish","type":"post","link":"https:\/\/vestibulares.estrategia.com\/portal\/noticias\/uel-vagas-remanescentes-2021-enem\/","title":{"rendered":"UEL abre inscri\u00e7\u00f5es para vagas remanescentes de 2021 via Enem"},"content":{"rendered":"<p>A <strong>Universidades Estadual de Londrina (<a href=\"https:\/\/vestibulares.estrategia.com\/portal\/vestibulares\/vestibular-uel\/\" target=\"_blank\">UEL<\/a>)<\/strong> abriu nesta quarta-feira, dia 07 de julho, as <strong>inscri&ccedil;&otilde;es para as vagas remanescentes do vestibular 2021<\/strong>. O per&iacute;odo de inscri&ccedil;&atilde;o, que deve ser feita via <a href=\"https:\/\/www.cops.uel.br\/\" target=\"_blank\" rel=\"noreferrer noopener nofollow\">on-line<\/a>, vai <strong>at&eacute; o dia 14 de julho e a taxa &eacute; de R$ 50,00<\/strong>. <figure class=\"wp-block-image size-large\"><img decoding=\"async\" width=\"750\" height=\"420\" src=\"https:\/\/vestibulares.estrategia.com\/portal\/wp-content\/uploads\/2021\/07\/UEL-EV-1.jpg\" alt=\"UEL inscri&ccedil;&atilde;o enem 2021\" class=\"wp-image-52111\" srcset=\"https:\/\/vestibulares.estrategia.com\/portal\/wp-content\/uploads\/2021\/07\/UEL-EV-1.jpg 750w, https:\/\/vestibulares.estrategia.com\/portal\/wp-content\/uploads\/2021\/07\/UEL-EV-1-300x168.jpg 300w, https:\/\/vestibulares.estrategia.com\/portal\/wp-content\/uploads\/2021\/07\/UEL-EV-1-380x213.jpg 380w\" sizes=\"(max-width: 750px) 100vw, 750px\" \/><\/figure><p>Os candidatos devem participar <strong>via nota do Exame Nacional do Ensino M&eacute;dio (Enem) 2020<\/strong>. A <strong>m&eacute;dia m&iacute;nima<\/strong> para a participa&ccedil;&atilde;o na sele&ccedil;&atilde;o &eacute; de <strong>400 pontos<\/strong>. A universidade oferece <strong>300 vagas para 21 cursos de gradua&ccedil;&atilde;o<\/strong>. O resultado &eacute; previsto para o <strong>dia 22 de julho<\/strong>, com mais duas chamadas nos dias <strong>29 de julho e 05 de agosto<\/strong>. <\/p><p>Confira o <strong>edital<\/strong> do seletivo no bot&atilde;o abaixo: <\/p><div class=\"wp-block-buttons is-content-justification-center is-layout-flex wp-block-buttons-is-layout-flex\">\n<div class=\"wp-block-button\"><a class=\"wp-block-button__link has-luminous-vivid-amber-to-luminous-vivid-orange-gradient-background has-background\" rel=\"nofollow\" href=\"https:\/\/vestibulares.estrategia.com\/portal\/wp-content\/uploads\/2021\/07\/281_edital_prograd_cops_013_2021.pdf\" style=\"border-radius:50px\" target=\"_blank\">Vagas remanescentes do vestibular 2021 &ndash; Enem 2020<\/a><\/div>\n<\/div><h2 class=\"wp-block-heading\">UEL: Vestibular 2021<\/h2><p>A UEL ofereceu 2.564 vagas para o vestibular 2021. A prova foi aplicada em fase &uacute;nica nas cidades de Cascavel, Curitiba e Londrina. Os candidatos fizeram a prova objetiva e redigiram uma Reda&ccedil;&atilde;o. <\/p><p>O resultado do seletivo foi divulgado pela institui&ccedil;&atilde;o no dia 05 de julho e o per&iacute;odo de pr&eacute;-matr&iacute;cula &eacute; encerrado nesta quinta-feira, dia 08 de julho. <\/p><p>Quer estudar na UEL e gostou do conte&uacute;do? O <a href=\"https:\/\/vestibulares.estrategia.com\/portal\/\" target=\"_blank\">Estrat&eacute;gia Vestibulares<\/a> conta com cursos especializados em diversos seletivos do Pa&iacute;s. Confira nossos pacotes atrav&eacute;s do banner! <\/p><figure class=\"wp-block-image size-large\"><a href=\"https:\/\/www.estrategiavestibulares.com.br\/\" target=\"_blank\" rel=\"noopener\"><img decoding=\"async\" width=\"1024\" height=\"256\" src=\"https:\/\/vestibulares.estrategia.com\/portal\/wp-content\/uploads\/2020\/11\/BANNER_EV_eletr_part1-4-1024x256.jpg\" alt=\"isen&ccedil;&atilde;o de taxa ita\" class=\"wp-image-44863\" srcset=\"https:\/\/vestibulares.estrategia.com\/portal\/wp-content\/uploads\/2020\/11\/BANNER_EV_eletr_part1-4-1024x256.jpg 1024w, https:\/\/vestibulares.estrategia.com\/portal\/wp-content\/uploads\/2020\/11\/BANNER_EV_eletr_part1-4-300x75.jpg 300w, https:\/\/vestibulares.estrategia.com\/portal\/wp-content\/uploads\/2020\/11\/BANNER_EV_eletr_part1-4-768x192.jpg 768w, https:\/\/vestibulares.estrategia.com\/portal\/wp-content\/uploads\/2020\/11\/BANNER_EV_eletr_part1-4-1536x384.jpg 1536w, https:\/\/vestibulares.estrategia.com\/portal\/wp-content\/uploads\/2020\/11\/BANNER_EV_eletr_part1-4-380x95.jpg 380w, https:\/\/vestibulares.estrategia.com\/portal\/wp-content\/uploads\/2020\/11\/BANNER_EV_eletr_part1-4-800x200.jpg 800w, https:\/\/vestibulares.estrategia.com\/portal\/wp-content\/uploads\/2020\/11\/BANNER_EV_eletr_part1-4-1160x290.jpg 1160w, https:\/\/vestibulares.estrategia.com\/portal\/wp-content\/uploads\/2020\/11\/BANNER_EV_eletr_part1-4.jpg 1920w\" sizes=\"(max-width: 1024px) 100vw, 1024px\" \/><\/a><\/figure><\/p>\n","protected":false},"excerpt":{"rendered":"A Universidade Estadual de Londrina (UEL) abriu as inscri\u00e7\u00f5es para as vagas remanescentes do vestibular 2021 via Enem 2020, at\u00e9 o dia 14\/07. \n","protected":false},"author":25,"featured_media":52111,"comment_status":"closed","ping_status":"closed","sticky":false,"template":"","format":"standard","meta":{"wl_entities_gutenberg":"","footnotes":""},"categories":[47],"tags":[91,317,329,331,330],"wl_entity_type":[732],"class_list":{"0":"post-52109","1":"post","2":"type-post","3":"status-publish","4":"format-standard","5":"has-post-thumbnail","7":"category-noticias","8":"tag-uel","9":"tag-uel-2021","10":"tag-uel-enem","11":"tag-uel-inscricao","12":"tag-uel-vagas-remanescentes","13":"wl_entity_type-article"},"acf":[],"yoast_head":"<!-- This site is optimized with the Yoast SEO Premium plugin v25.9 (Yoast SEO v25.9) - https:\/\/yoast.com\/wordpress\/plugins\/seo\/ -->\n<title>UEL abre inscri\u00e7\u00f5es para vagas remanescentes de 2021 via Enem<\/title>\n<meta name=\"description\" content=\"A Universidade Estadual de Londrina (UEL) abriu as inscri\u00e7\u00f5es para as vagas remanescentes do vestibular 2021 via Enem 2020, at\u00e9 o dia 14\/07.\" \/>\n<meta name=\"robots\" content=\"index, follow, max-snippet:-1, max-image-preview:large, max-video-preview:-1\" \/>\n<link rel=\"canonical\" href=\"https:\/\/vestibulares.estrategia.com\/portal\/noticias\/uel-vagas-remanescentes-2021-enem\/\" \/>\n<meta property=\"og:locale\" content=\"pt_BR\" \/>\n<meta property=\"og:type\" content=\"article\" \/>\n<meta property=\"og:title\" content=\"UEL abre inscri\u00e7\u00f5es para vagas remanescentes de 2021 via Enem\" \/>\n<meta property=\"og:description\" content=\"A Universidade Estadual de Londrina (UEL) abriu as inscri\u00e7\u00f5es para as vagas remanescentes do vestibular 2021 via Enem 2020, at\u00e9 o dia 14\/07.\" \/>\n<meta property=\"og:url\" content=\"https:\/\/vestibulares.estrategia.com\/portal\/noticias\/uel-vagas-remanescentes-2021-enem\/\" \/>\n<meta property=\"og:site_name\" content=\"Estrat\u00e9gia Vestibulares\" \/>\n<meta property=\"article:publisher\" content=\"https:\/\/facebook.com\/estrategiavestibulares\" \/>\n<meta property=\"article:published_time\" content=\"2021-07-08T19:57:12+00:00\" \/>\n<meta property=\"article:modified_time\" content=\"2021-07-08T19:57:15+00:00\" \/>\n<meta property=\"og:image\" content=\"https:\/\/cdn.blog.estrategiavestibulares.com.br\/vestibulares\/wp-content\/uploads\/2021\/07\/UEL-EV-1.jpg\" \/>\n\t<meta property=\"og:image:width\" content=\"750\" \/>\n\t<meta property=\"og:image:height\" content=\"420\" \/>\n\t<meta property=\"og:image:type\" content=\"image\/jpeg\" \/>\n<meta name=\"author\" content=\"Nathalia Andrade\" \/>\n<meta name=\"twitter:card\" content=\"summary_large_image\" \/>\n<meta name=\"twitter:creator\" content=\"@Estrategiavest\" \/>\n<meta name=\"twitter:site\" content=\"@Estrategiavest\" \/>\n<meta name=\"twitter:label1\" content=\"Escrito por\" \/>\n\t<meta name=\"twitter:data1\" content=\"Nathalia Andrade\" \/>\n\t<meta name=\"twitter:label2\" content=\"Est. tempo de leitura\" \/>\n\t<meta name=\"twitter:data2\" content=\"2 minutos\" \/>\n<script type=\"application\/ld+json\" class=\"yoast-schema-graph\">{\"@context\":\"https:\/\/schema.org\",\"@graph\":[{\"@type\":\"NewsArticle\",\"@id\":\"https:\/\/vestibulares.estrategia.com\/portal\/noticias\/uel-vagas-remanescentes-2021-enem\/#article\",\"isPartOf\":{\"@id\":\"https:\/\/vestibulares.estrategia.com\/portal\/noticias\/uel-vagas-remanescentes-2021-enem\/\"},\"author\":{\"name\":\"Nathalia Andrade\",\"@id\":\"https:\/\/vestibulares.estrategia.com\/portal\/#\/schema\/person\/ccb17737af53e3ecf94d060abae5b950\"},\"headline\":\"UEL abre inscri\u00e7\u00f5es para vagas remanescentes de 2021 via Enem\",\"datePublished\":\"2021-07-08T19:57:12+00:00\",\"dateModified\":\"2021-07-08T19:57:15+00:00\",\"mainEntityOfPage\":{\"@id\":\"https:\/\/vestibulares.estrategia.com\/portal\/noticias\/uel-vagas-remanescentes-2021-enem\/\"},\"wordCount\":216,\"publisher\":{\"@id\":\"https:\/\/vestibulares.estrategia.com\/portal\/#organization\"},\"image\":{\"@id\":\"https:\/\/vestibulares.estrategia.com\/portal\/noticias\/uel-vagas-remanescentes-2021-enem\/#primaryimage\"},\"thumbnailUrl\":\"https:\/\/vestibulares.estrategia.com\/portal\/wp-content\/uploads\/2021\/07\/UEL-EV-1.jpg\",\"keywords\":[\"uel\",\"uel 2021\",\"uel enem\",\"uel inscri\u00e7\u00e3o\",\"uel vagas remanescentes\"],\"articleSection\":[\"Not\u00edcias\"],\"inLanguage\":\"pt-BR\"},{\"@type\":\"WebPage\",\"@id\":\"https:\/\/vestibulares.estrategia.com\/portal\/noticias\/uel-vagas-remanescentes-2021-enem\/\",\"url\":\"https:\/\/vestibulares.estrategia.com\/portal\/noticias\/uel-vagas-remanescentes-2021-enem\/\",\"name\":\"UEL abre inscri\u00e7\u00f5es para vagas remanescentes de 2021 via Enem\",\"isPartOf\":{\"@id\":\"https:\/\/vestibulares.estrategia.com\/portal\/#website\"},\"primaryImageOfPage\":{\"@id\":\"https:\/\/vestibulares.estrategia.com\/portal\/noticias\/uel-vagas-remanescentes-2021-enem\/#primaryimage\"},\"image\":{\"@id\":\"https:\/\/vestibulares.estrategia.com\/portal\/noticias\/uel-vagas-remanescentes-2021-enem\/#primaryimage\"},\"thumbnailUrl\":\"https:\/\/vestibulares.estrategia.com\/portal\/wp-content\/uploads\/2021\/07\/UEL-EV-1.jpg\",\"datePublished\":\"2021-07-08T19:57:12+00:00\",\"dateModified\":\"2021-07-08T19:57:15+00:00\",\"description\":\"A Universidade Estadual de Londrina (UEL) abriu as inscri\u00e7\u00f5es para as vagas remanescentes do vestibular 2021 via Enem 2020, at\u00e9 o dia 14\/07.\",\"breadcrumb\":{\"@id\":\"https:\/\/vestibulares.estrategia.com\/portal\/noticias\/uel-vagas-remanescentes-2021-enem\/#breadcrumb\"},\"inLanguage\":\"pt-BR\",\"potentialAction\":[{\"@type\":\"ReadAction\",\"target\":[\"https:\/\/vestibulares.estrategia.com\/portal\/noticias\/uel-vagas-remanescentes-2021-enem\/\"]}]},{\"@type\":\"ImageObject\",\"inLanguage\":\"pt-BR\",\"@id\":\"https:\/\/vestibulares.estrategia.com\/portal\/noticias\/uel-vagas-remanescentes-2021-enem\/#primaryimage\",\"url\":\"https:\/\/vestibulares.estrategia.com\/portal\/wp-content\/uploads\/2021\/07\/UEL-EV-1.jpg\",\"contentUrl\":\"https:\/\/vestibulares.estrategia.com\/portal\/wp-content\/uploads\/2021\/07\/UEL-EV-1.jpg\",\"width\":750,\"height\":420,\"caption\":\"segunda chamada vestibular uel 2022\"},{\"@type\":\"BreadcrumbList\",\"@id\":\"https:\/\/vestibulares.estrategia.com\/portal\/noticias\/uel-vagas-remanescentes-2021-enem\/#breadcrumb\",\"itemListElement\":[{\"@type\":\"ListItem\",\"position\":1,\"name\":\"Home\",\"item\":\"https:\/\/vestibulares.estrategia.com\/portal\/\"},{\"@type\":\"ListItem\",\"position\":2,\"name\":\"Not\u00edcias\",\"item\":\"https:\/\/vestibulares.estrategia.com\/portal\/noticias\/\"},{\"@type\":\"ListItem\",\"position\":3,\"name\":\"UEL abre inscri\u00e7\u00f5es para vagas remanescentes de 2021 via Enem\"}]},{\"@type\":\"WebSite\",\"@id\":\"https:\/\/vestibulares.estrategia.com\/portal\/#website\",\"url\":\"https:\/\/vestibulares.estrategia.com\/portal\/\",\"name\":\"Estrat\u00e9gia Vestibulares\",\"description\":\"\",\"publisher\":{\"@id\":\"https:\/\/vestibulares.estrategia.com\/portal\/#organization\"},\"potentialAction\":[{\"@type\":\"SearchAction\",\"target\":{\"@type\":\"EntryPoint\",\"urlTemplate\":\"https:\/\/vestibulares.estrategia.com\/portal\/?s={search_term_string}\"},\"query-input\":{\"@type\":\"PropertyValueSpecification\",\"valueRequired\":true,\"valueName\":\"search_term_string\"}}],\"inLanguage\":\"pt-BR\"},{\"@type\":\"Organization\",\"@id\":\"https:\/\/vestibulares.estrategia.com\/portal\/#organization\",\"name\":\"Estrat\u00e9gia Vestibulares\",\"url\":\"https:\/\/vestibulares.estrategia.com\/portal\/\",\"logo\":{\"@type\":\"ImageObject\",\"inLanguage\":\"pt-BR\",\"@id\":\"https:\/\/vestibulares.estrategia.com\/portal\/#\/schema\/logo\/image\/\",\"url\":\"https:\/\/vestibulares.estrategia.com\/portal\/wp-content\/uploads\/2021\/06\/Logo-Vestibulares@4x.png\",\"contentUrl\":\"https:\/\/vestibulares.estrategia.com\/portal\/wp-content\/uploads\/2021\/06\/Logo-Vestibulares@4x.png\",\"width\":250,\"height\":66,\"caption\":\"Estrat\u00e9gia Vestibulares\"},\"image\":{\"@id\":\"https:\/\/vestibulares.estrategia.com\/portal\/#\/schema\/logo\/image\/\"},\"sameAs\":[\"https:\/\/facebook.com\/estrategiavestibulares\",\"https:\/\/x.com\/Estrategiavest\",\"https:\/\/www.instagram.com\/estrategiavestibulares\",\"https:\/\/www.youtube.com\/channel\/UCGWdZy8ULI-7_5GrABa4vNA\"]},{\"@type\":\"Person\",\"@id\":\"https:\/\/vestibulares.estrategia.com\/portal\/#\/schema\/person\/ccb17737af53e3ecf94d060abae5b950\",\"name\":\"Nathalia Andrade\",\"image\":{\"@type\":\"ImageObject\",\"inLanguage\":\"pt-BR\",\"@id\":\"https:\/\/vestibulares.estrategia.com\/portal\/#\/schema\/person\/image\/\",\"url\":\"https:\/\/secure.gravatar.com\/avatar\/7b3d0bcd90c45242833e7fed65a99350?s=96&d=mm&r=g\",\"contentUrl\":\"https:\/\/secure.gravatar.com\/avatar\/7b3d0bcd90c45242833e7fed65a99350?s=96&d=mm&r=g\",\"caption\":\"Nathalia Andrade\"},\"url\":\"https:\/\/vestibulares.estrategia.com\/portal\/author\/nathalia-andrade\/\"}]}<\/script>\n<!-- \/ Yoast SEO Premium plugin. -->","yoast_head_json":{"title":"UEL abre inscri\u00e7\u00f5es para vagas remanescentes de 2021 via Enem","description":"A Universidade Estadual de Londrina (UEL) abriu as inscri\u00e7\u00f5es para as vagas remanescentes do vestibular 2021 via Enem 2020, at\u00e9 o dia 14\/07.","robots":{"index":"index","follow":"follow","max-snippet":"max-snippet:-1","max-image-preview":"max-image-preview:large","max-video-preview":"max-video-preview:-1"},"canonical":"https:\/\/vestibulares.estrategia.com\/portal\/noticias\/uel-vagas-remanescentes-2021-enem\/","og_locale":"pt_BR","og_type":"article","og_title":"UEL abre inscri\u00e7\u00f5es para vagas remanescentes de 2021 via Enem","og_description":"A Universidade Estadual de Londrina (UEL) abriu as inscri\u00e7\u00f5es para as vagas remanescentes do vestibular 2021 via Enem 2020, at\u00e9 o dia 14\/07.","og_url":"https:\/\/vestibulares.estrategia.com\/portal\/noticias\/uel-vagas-remanescentes-2021-enem\/","og_site_name":"Estrat\u00e9gia Vestibulares","article_publisher":"https:\/\/facebook.com\/estrategiavestibulares","article_published_time":"2021-07-08T19:57:12+00:00","article_modified_time":"2021-07-08T19:57:15+00:00","og_image":[{"width":750,"height":420,"url":"https:\/\/cdn.blog.estrategiavestibulares.com.br\/vestibulares\/wp-content\/uploads\/2021\/07\/UEL-EV-1.jpg","type":"image\/jpeg"}],"author":"Nathalia Andrade","twitter_card":"summary_large_image","twitter_creator":"@Estrategiavest","twitter_site":"@Estrategiavest","twitter_misc":{"Escrito por":"Nathalia Andrade","Est. tempo de leitura":"2 minutos"},"schema":{"@context":"https:\/\/schema.org","@graph":[{"@type":"NewsArticle","@id":"https:\/\/vestibulares.estrategia.com\/portal\/noticias\/uel-vagas-remanescentes-2021-enem\/#article","isPartOf":{"@id":"https:\/\/vestibulares.estrategia.com\/portal\/noticias\/uel-vagas-remanescentes-2021-enem\/"},"author":{"name":"Nathalia Andrade","@id":"https:\/\/vestibulares.estrategia.com\/portal\/#\/schema\/person\/ccb17737af53e3ecf94d060abae5b950"},"headline":"UEL abre inscri\u00e7\u00f5es para vagas remanescentes de 2021 via Enem","datePublished":"2021-07-08T19:57:12+00:00","dateModified":"2021-07-08T19:57:15+00:00","mainEntityOfPage":{"@id":"https:\/\/vestibulares.estrategia.com\/portal\/noticias\/uel-vagas-remanescentes-2021-enem\/"},"wordCount":216,"publisher":{"@id":"https:\/\/vestibulares.estrategia.com\/portal\/#organization"},"image":{"@id":"https:\/\/vestibulares.estrategia.com\/portal\/noticias\/uel-vagas-remanescentes-2021-enem\/#primaryimage"},"thumbnailUrl":"https:\/\/vestibulares.estrategia.com\/portal\/wp-content\/uploads\/2021\/07\/UEL-EV-1.jpg","keywords":["uel","uel 2021","uel enem","uel inscri\u00e7\u00e3o","uel vagas remanescentes"],"articleSection":["Not\u00edcias"],"inLanguage":"pt-BR"},{"@type":"WebPage","@id":"https:\/\/vestibulares.estrategia.com\/portal\/noticias\/uel-vagas-remanescentes-2021-enem\/","url":"https:\/\/vestibulares.estrategia.com\/portal\/noticias\/uel-vagas-remanescentes-2021-enem\/","name":"UEL abre inscri\u00e7\u00f5es para vagas remanescentes de 2021 via Enem","isPartOf":{"@id":"https:\/\/vestibulares.estrategia.com\/portal\/#website"},"primaryImageOfPage":{"@id":"https:\/\/vestibulares.estrategia.com\/portal\/noticias\/uel-vagas-remanescentes-2021-enem\/#primaryimage"},"image":{"@id":"https:\/\/vestibulares.estrategia.com\/portal\/noticias\/uel-vagas-remanescentes-2021-enem\/#primaryimage"},"thumbnailUrl":"https:\/\/vestibulares.estrategia.com\/portal\/wp-content\/uploads\/2021\/07\/UEL-EV-1.jpg","datePublished":"2021-07-08T19:57:12+00:00","dateModified":"2021-07-08T19:57:15+00:00","description":"A Universidade Estadual de Londrina (UEL) abriu as inscri\u00e7\u00f5es para as vagas remanescentes do vestibular 2021 via Enem 2020, at\u00e9 o dia 14\/07.","breadcrumb":{"@id":"https:\/\/vestibulares.estrategia.com\/portal\/noticias\/uel-vagas-remanescentes-2021-enem\/#breadcrumb"},"inLanguage":"pt-BR","potentialAction":[{"@type":"ReadAction","target":["https:\/\/vestibulares.estrategia.com\/portal\/noticias\/uel-vagas-remanescentes-2021-enem\/"]}]},{"@type":"ImageObject","inLanguage":"pt-BR","@id":"https:\/\/vestibulares.estrategia.com\/portal\/noticias\/uel-vagas-remanescentes-2021-enem\/#primaryimage","url":"https:\/\/vestibulares.estrategia.com\/portal\/wp-content\/uploads\/2021\/07\/UEL-EV-1.jpg","contentUrl":"https:\/\/vestibulares.estrategia.com\/portal\/wp-content\/uploads\/2021\/07\/UEL-EV-1.jpg","width":750,"height":420,"caption":"segunda chamada vestibular uel 2022"},{"@type":"BreadcrumbList","@id":"https:\/\/vestibulares.estrategia.com\/portal\/noticias\/uel-vagas-remanescentes-2021-enem\/#breadcrumb","itemListElement":[{"@type":"ListItem","position":1,"name":"Home","item":"https:\/\/vestibulares.estrategia.com\/portal\/"},{"@type":"ListItem","position":2,"name":"Not\u00edcias","item":"https:\/\/vestibulares.estrategia.com\/portal\/noticias\/"},{"@type":"ListItem","position":3,"name":"UEL abre inscri\u00e7\u00f5es para vagas remanescentes de 2021 via Enem"}]},{"@type":"WebSite","@id":"https:\/\/vestibulares.estrategia.com\/portal\/#website","url":"https:\/\/vestibulares.estrategia.com\/portal\/","name":"Estrat\u00e9gia Vestibulares","description":"","publisher":{"@id":"https:\/\/vestibulares.estrategia.com\/portal\/#organization"},"potentialAction":[{"@type":"SearchAction","target":{"@type":"EntryPoint","urlTemplate":"https:\/\/vestibulares.estrategia.com\/portal\/?s={search_term_string}"},"query-input":{"@type":"PropertyValueSpecification","valueRequired":true,"valueName":"search_term_string"}}],"inLanguage":"pt-BR"},{"@type":"Organization","@id":"https:\/\/vestibulares.estrategia.com\/portal\/#organization","name":"Estrat\u00e9gia Vestibulares","url":"https:\/\/vestibulares.estrategia.com\/portal\/","logo":{"@type":"ImageObject","inLanguage":"pt-BR","@id":"https:\/\/vestibulares.estrategia.com\/portal\/#\/schema\/logo\/image\/","url":"https:\/\/vestibulares.estrategia.com\/portal\/wp-content\/uploads\/2021\/06\/Logo-Vestibulares@4x.png","contentUrl":"https:\/\/vestibulares.estrategia.com\/portal\/wp-content\/uploads\/2021\/06\/Logo-Vestibulares@4x.png","width":250,"height":66,"caption":"Estrat\u00e9gia Vestibulares"},"image":{"@id":"https:\/\/vestibulares.estrategia.com\/portal\/#\/schema\/logo\/image\/"},"sameAs":["https:\/\/facebook.com\/estrategiavestibulares","https:\/\/x.com\/Estrategiavest","https:\/\/www.instagram.com\/estrategiavestibulares","https:\/\/www.youtube.com\/channel\/UCGWdZy8ULI-7_5GrABa4vNA"]},{"@type":"Person","@id":"https:\/\/vestibulares.estrategia.com\/portal\/#\/schema\/person\/ccb17737af53e3ecf94d060abae5b950","name":"Nathalia Andrade","image":{"@type":"ImageObject","inLanguage":"pt-BR","@id":"https:\/\/vestibulares.estrategia.com\/portal\/#\/schema\/person\/image\/","url":"https:\/\/secure.gravatar.com\/avatar\/7b3d0bcd90c45242833e7fed65a99350?s=96&d=mm&r=g","contentUrl":"https:\/\/secure.gravatar.com\/avatar\/7b3d0bcd90c45242833e7fed65a99350?s=96&d=mm&r=g","caption":"Nathalia Andrade"},"url":"https:\/\/vestibulares.estrategia.com\/portal\/author\/nathalia-andrade\/"}]}},"_wl_alt_label":[],"wl:entity_url":"https:\/\/data.wordlift.io\/wl110249\/post\/uel-vagas-remanescentes-2021-enem","_links":{"self":[{"href":"https:\/\/vestibulares.estrategia.com\/portal\/wp-json\/wp\/v2\/posts\/52109","targetHints":{"allow":["GET"]}}],"collection":[{"href":"https:\/\/vestibulares.estrategia.com\/portal\/wp-json\/wp\/v2\/posts"}],"about":[{"href":"https:\/\/vestibulares.estrategia.com\/portal\/wp-json\/wp\/v2\/types\/post"}],"author":[{"embeddable":true,"href":"https:\/\/vestibulares.estrategia.com\/portal\/wp-json\/wp\/v2\/users\/25"}],"replies":[{"embeddable":true,"href":"https:\/\/vestibulares.estrategia.com\/portal\/wp-json\/wp\/v2\/comments?post=52109"}],"version-history":[{"count":1,"href":"https:\/\/vestibulares.estrategia.com\/portal\/wp-json\/wp\/v2\/posts\/52109\/revisions"}],"predecessor-version":[{"id":52112,"href":"https:\/\/vestibulares.estrategia.com\/portal\/wp-json\/wp\/v2\/posts\/52109\/revisions\/52112"}],"wp:featuredmedia":[{"embeddable":true,"href":"https:\/\/vestibulares.estrategia.com\/portal\/wp-json\/wp\/v2\/media\/52111"}],"wp:attachment":[{"href":"https:\/\/vestibulares.estrategia.com\/portal\/wp-json\/wp\/v2\/media?parent=52109"}],"wp:term":[{"taxonomy":"category","embeddable":true,"href":"https:\/\/vestibulares.estrategia.com\/portal\/wp-json\/wp\/v2\/categories?post=52109"},{"taxonomy":"post_tag","embeddable":true,"href":"https:\/\/vestibulares.estrategia.com\/portal\/wp-json\/wp\/v2\/tags?post=52109"},{"taxonomy":"wl_entity_type","embeddable":true,"href":"https:\/\/vestibulares.estrategia.com\/portal\/wp-json\/wp\/v2\/wl_entity_type?post=52109"}],"curies":[{"name":"wp","href":"https:\/\/api.w.org\/{rel}","templated":true}]}}