{"id":52180,"date":"2021-07-12T16:57:39","date_gmt":"2021-07-12T19:57:39","guid":{"rendered":"https:\/\/blog.estrategiavestibulares.com.br\/?p=52180"},"modified":"2021-07-12T17:32:22","modified_gmt":"2021-07-12T20:32:22","slug":"vestibular-indigena-unicamp","status":"publish","type":"post","link":"https:\/\/vestibulares.estrategia.com\/portal\/noticias\/vestibular-indigena-unicamp\/","title":{"rendered":"Unicamp divulga resultado do Vestibular Ind\u00edgena 2021"},"content":{"rendered":"<p>Nesta segunda-feira, 12 de julho, a Universidade Estadual de Campinas (<strong><a href=\"https:\/\/vestibulares.estrategia.com\/portal\/vestibulares\/vestibular-unicamp\/\" target=\"_blank\">Unicamp<\/a><\/strong>) divulgou a primeira chamada e a lista de espera do Vestibular Ind&iacute;gena 2021. Clique aqui e confira o <a rel=\"nofollow\" href=\"https:\/\/www.comvest.unicamp.br\/wp-content\/uploads\/2021\/07\/vi2021_ch1.pdf\" target=\"_blank\">resultado<\/a><br><figure class=\"wp-block-image size-large\"><img decoding=\"async\" width=\"750\" height=\"420\" src=\"https:\/\/vestibulares.estrategia.com\/portal\/wp-content\/uploads\/2021\/06\/UNICAMP-EV-1.jpg\" alt=\"unicamp obras obrigat&oacute;rias 2023\" class=\"wp-image-51240\" srcset=\"https:\/\/vestibulares.estrategia.com\/portal\/wp-content\/uploads\/2021\/06\/UNICAMP-EV-1.jpg 750w, https:\/\/vestibulares.estrategia.com\/portal\/wp-content\/uploads\/2021\/06\/UNICAMP-EV-1-300x168.jpg 300w, https:\/\/vestibulares.estrategia.com\/portal\/wp-content\/uploads\/2021\/06\/UNICAMP-EV-1-380x213.jpg 380w\" sizes=\"(max-width: 750px) 100vw, 750px\" \/><\/figure><p>A&nbsp;<strong>matr&iacute;cula<\/strong>&nbsp;on-line dos aprovados em primeira chamada ser&aacute; feita no per&iacute;odo das&nbsp;<strong>9h do dia<\/strong>&nbsp;<strong>26 &agrave;s 17h do dia 30 de julho<\/strong>, na&nbsp;p&aacute;gina do Vestibular Ind&iacute;gena 2021. Nas duas cidades com maior demanda de candidatos (S&atilde;o Gabriel e Tabatinga) tamb&eacute;m haver&aacute; um plant&atilde;o para orienta&ccedil;&atilde;o e aux&iacute;lio dos aprovados no momento de realizar a matr&iacute;cula on-line.<\/p><h2 class=\"wp-block-heading\">Vestibular Ind&iacute;gena Unicamp: veja o cronograma<\/h2><ul class=\"wp-block-list\"><li><strong>Segunda chamada:<\/strong>&nbsp;3 de agosto;<\/li><li><strong>Terceira chamada:<\/strong>&nbsp;6 de agosto;<\/li><li><strong>Quarta chamada:<\/strong>&nbsp;11 de agosto; e<\/li><li><strong>Quinta chamada:<\/strong>&nbsp;13 de agosto.<\/li><\/ul><p>Clique no banner abaixo e confira os cursos que o <a href=\"https:\/\/vestibulares.estrategia.com\/portal\/\" target=\"_blank\">Estrat&eacute;gia Vestibulares<\/a> oferece para voc&ecirc;!<\/p><figure class=\"wp-block-image size-large\"><a href=\"https:\/\/www.estrategiavestibulares.com.br\/\" target=\"_blank\" rel=\"noopener\"><img decoding=\"async\" width=\"1024\" height=\"256\" src=\"https:\/\/vestibulares.estrategia.com\/portal\/wp-content\/uploads\/2020\/11\/BANNER_EV_eletr_part1-2-1024x256.jpg\" alt=\"Vestibular Ind&iacute;gena - Estrat&eacute;gia Vestibulares\" class=\"wp-image-44833\" srcset=\"https:\/\/vestibulares.estrategia.com\/portal\/wp-content\/uploads\/2020\/11\/BANNER_EV_eletr_part1-2-1024x256.jpg 1024w, https:\/\/vestibulares.estrategia.com\/portal\/wp-content\/uploads\/2020\/11\/BANNER_EV_eletr_part1-2-300x75.jpg 300w, https:\/\/vestibulares.estrategia.com\/portal\/wp-content\/uploads\/2020\/11\/BANNER_EV_eletr_part1-2-768x192.jpg 768w, https:\/\/vestibulares.estrategia.com\/portal\/wp-content\/uploads\/2020\/11\/BANNER_EV_eletr_part1-2-1536x384.jpg 1536w, https:\/\/vestibulares.estrategia.com\/portal\/wp-content\/uploads\/2020\/11\/BANNER_EV_eletr_part1-2-380x95.jpg 380w, https:\/\/vestibulares.estrategia.com\/portal\/wp-content\/uploads\/2020\/11\/BANNER_EV_eletr_part1-2-800x200.jpg 800w, https:\/\/vestibulares.estrategia.com\/portal\/wp-content\/uploads\/2020\/11\/BANNER_EV_eletr_part1-2-1160x290.jpg 1160w, https:\/\/vestibulares.estrategia.com\/portal\/wp-content\/uploads\/2020\/11\/BANNER_EV_eletr_part1-2.jpg 1920w\" sizes=\"(max-width: 1024px) 100vw, 1024px\" \/><\/a><\/figure><\/p>\n","protected":false},"excerpt":{"rendered":"A Unicamp divulgou hoje, no dia 12 de julho, o resultado do seu vestibular Ind\u00edgena, confira essa nota para saber tudo sobre!\n","protected":false},"author":11,"featured_media":52182,"comment_status":"closed","ping_status":"closed","sticky":false,"template":"","format":"standard","meta":{"wl_entities_gutenberg":"","footnotes":""},"categories":[47],"tags":[60,336],"wl_entity_type":[732],"class_list":{"0":"post-52180","1":"post","2":"type-post","3":"status-publish","4":"format-standard","5":"has-post-thumbnail","7":"category-noticias","8":"tag-unicamp","9":"tag-vestibular-indigena-2","10":"wl_entity_type-article"},"acf":[],"yoast_head":"<!-- This site is optimized with the Yoast SEO Premium plugin v25.9 (Yoast SEO v25.9) - https:\/\/yoast.com\/wordpress\/plugins\/seo\/ -->\n<title>Resultado da prova Ind\u00edgena dispon\u00edvel - Estrat\u00e9gia Vestibulares<\/title>\n<meta name=\"description\" content=\"A Unicamp divulgou hoje, no dia 12 de julho, o resultado do seu vestibular Ind\u00edgena, confira essa nota para saber tudo sobre!\" \/>\n<meta name=\"robots\" content=\"index, follow, max-snippet:-1, max-image-preview:large, max-video-preview:-1\" \/>\n<link rel=\"canonical\" href=\"https:\/\/vestibulares.estrategia.com\/portal\/noticias\/vestibular-indigena-unicamp\/\" \/>\n<meta property=\"og:locale\" content=\"pt_BR\" \/>\n<meta property=\"og:type\" content=\"article\" \/>\n<meta property=\"og:title\" content=\"Unicamp divulga resultado do Vestibular Ind\u00edgena 2021\" \/>\n<meta property=\"og:description\" content=\"A Unicamp divulgou hoje, no dia 12 de julho, o resultado do seu vestibular Ind\u00edgena, confira essa nota para saber tudo sobre!\" \/>\n<meta property=\"og:url\" content=\"https:\/\/vestibulares.estrategia.com\/portal\/noticias\/vestibular-indigena-unicamp\/\" \/>\n<meta property=\"og:site_name\" content=\"Estrat\u00e9gia Vestibulares\" \/>\n<meta property=\"article:publisher\" content=\"https:\/\/facebook.com\/estrategiavestibulares\" \/>\n<meta property=\"article:published_time\" content=\"2021-07-12T19:57:39+00:00\" \/>\n<meta property=\"article:modified_time\" content=\"2021-07-12T20:32:22+00:00\" \/>\n<meta property=\"og:image\" content=\"https:\/\/cdn.blog.estrategiavestibulares.com.br\/vestibulares\/wp-content\/uploads\/2021\/07\/pexels-faris-munandar-2016121.jpg\" \/>\n\t<meta property=\"og:image:width\" content=\"1280\" \/>\n\t<meta property=\"og:image:height\" content=\"810\" \/>\n\t<meta property=\"og:image:type\" content=\"image\/jpeg\" \/>\n<meta name=\"author\" content=\"Lucas Tozeti\" \/>\n<meta name=\"twitter:card\" content=\"summary_large_image\" \/>\n<meta name=\"twitter:creator\" content=\"@Estrategiavest\" \/>\n<meta name=\"twitter:site\" content=\"@Estrategiavest\" \/>\n<meta name=\"twitter:label1\" content=\"Escrito por\" \/>\n\t<meta name=\"twitter:data1\" content=\"Lucas Tozeti\" \/>\n\t<meta name=\"twitter:label2\" content=\"Est. tempo de leitura\" \/>\n\t<meta name=\"twitter:data2\" content=\"1 minuto\" \/>\n<script type=\"application\/ld+json\" class=\"yoast-schema-graph\">{\"@context\":\"https:\/\/schema.org\",\"@graph\":[{\"@type\":\"NewsArticle\",\"@id\":\"https:\/\/vestibulares.estrategia.com\/portal\/noticias\/vestibular-indigena-unicamp\/#article\",\"isPartOf\":{\"@id\":\"https:\/\/vestibulares.estrategia.com\/portal\/noticias\/vestibular-indigena-unicamp\/\"},\"author\":{\"name\":\"Lucas Tozeti\",\"@id\":\"https:\/\/vestibulares.estrategia.com\/portal\/#\/schema\/person\/3b9455fc894a50b53e00a26211574256\"},\"headline\":\"Unicamp divulga resultado do Vestibular Ind\u00edgena 2021\",\"datePublished\":\"2021-07-12T19:57:39+00:00\",\"dateModified\":\"2021-07-12T20:32:22+00:00\",\"mainEntityOfPage\":{\"@id\":\"https:\/\/vestibulares.estrategia.com\/portal\/noticias\/vestibular-indigena-unicamp\/\"},\"wordCount\":146,\"publisher\":{\"@id\":\"https:\/\/vestibulares.estrategia.com\/portal\/#organization\"},\"image\":{\"@id\":\"https:\/\/vestibulares.estrategia.com\/portal\/noticias\/vestibular-indigena-unicamp\/#primaryimage\"},\"thumbnailUrl\":\"https:\/\/vestibulares.estrategia.com\/portal\/wp-content\/uploads\/2021\/07\/pexels-faris-munandar-2016121.jpg\",\"keywords\":[\"unicamp\",\"vestibular ind\u00edgena\"],\"articleSection\":[\"Not\u00edcias\"],\"inLanguage\":\"pt-BR\"},{\"@type\":\"WebPage\",\"@id\":\"https:\/\/vestibulares.estrategia.com\/portal\/noticias\/vestibular-indigena-unicamp\/\",\"url\":\"https:\/\/vestibulares.estrategia.com\/portal\/noticias\/vestibular-indigena-unicamp\/\",\"name\":\"Resultado da prova Ind\u00edgena dispon\u00edvel - Estrat\u00e9gia Vestibulares\",\"isPartOf\":{\"@id\":\"https:\/\/vestibulares.estrategia.com\/portal\/#website\"},\"primaryImageOfPage\":{\"@id\":\"https:\/\/vestibulares.estrategia.com\/portal\/noticias\/vestibular-indigena-unicamp\/#primaryimage\"},\"image\":{\"@id\":\"https:\/\/vestibulares.estrategia.com\/portal\/noticias\/vestibular-indigena-unicamp\/#primaryimage\"},\"thumbnailUrl\":\"https:\/\/vestibulares.estrategia.com\/portal\/wp-content\/uploads\/2021\/07\/pexels-faris-munandar-2016121.jpg\",\"datePublished\":\"2021-07-12T19:57:39+00:00\",\"dateModified\":\"2021-07-12T20:32:22+00:00\",\"description\":\"A Unicamp divulgou hoje, no dia 12 de julho, o resultado do seu vestibular Ind\u00edgena, confira essa nota para saber tudo sobre!\",\"breadcrumb\":{\"@id\":\"https:\/\/vestibulares.estrategia.com\/portal\/noticias\/vestibular-indigena-unicamp\/#breadcrumb\"},\"inLanguage\":\"pt-BR\",\"potentialAction\":[{\"@type\":\"ReadAction\",\"target\":[\"https:\/\/vestibulares.estrategia.com\/portal\/noticias\/vestibular-indigena-unicamp\/\"]}]},{\"@type\":\"ImageObject\",\"inLanguage\":\"pt-BR\",\"@id\":\"https:\/\/vestibulares.estrategia.com\/portal\/noticias\/vestibular-indigena-unicamp\/#primaryimage\",\"url\":\"https:\/\/vestibulares.estrategia.com\/portal\/wp-content\/uploads\/2021\/07\/pexels-faris-munandar-2016121.jpg\",\"contentUrl\":\"https:\/\/vestibulares.estrategia.com\/portal\/wp-content\/uploads\/2021\/07\/pexels-faris-munandar-2016121.jpg\",\"width\":1280,\"height\":810},{\"@type\":\"BreadcrumbList\",\"@id\":\"https:\/\/vestibulares.estrategia.com\/portal\/noticias\/vestibular-indigena-unicamp\/#breadcrumb\",\"itemListElement\":[{\"@type\":\"ListItem\",\"position\":1,\"name\":\"Home\",\"item\":\"https:\/\/vestibulares.estrategia.com\/portal\/\"},{\"@type\":\"ListItem\",\"position\":2,\"name\":\"Not\u00edcias\",\"item\":\"https:\/\/vestibulares.estrategia.com\/portal\/noticias\/\"},{\"@type\":\"ListItem\",\"position\":3,\"name\":\"Unicamp divulga resultado do Vestibular Ind\u00edgena 2021\"}]},{\"@type\":\"WebSite\",\"@id\":\"https:\/\/vestibulares.estrategia.com\/portal\/#website\",\"url\":\"https:\/\/vestibulares.estrategia.com\/portal\/\",\"name\":\"Estrat\u00e9gia Vestibulares\",\"description\":\"\",\"publisher\":{\"@id\":\"https:\/\/vestibulares.estrategia.com\/portal\/#organization\"},\"potentialAction\":[{\"@type\":\"SearchAction\",\"target\":{\"@type\":\"EntryPoint\",\"urlTemplate\":\"https:\/\/vestibulares.estrategia.com\/portal\/?s={search_term_string}\"},\"query-input\":{\"@type\":\"PropertyValueSpecification\",\"valueRequired\":true,\"valueName\":\"search_term_string\"}}],\"inLanguage\":\"pt-BR\"},{\"@type\":\"Organization\",\"@id\":\"https:\/\/vestibulares.estrategia.com\/portal\/#organization\",\"name\":\"Estrat\u00e9gia Vestibulares\",\"url\":\"https:\/\/vestibulares.estrategia.com\/portal\/\",\"logo\":{\"@type\":\"ImageObject\",\"inLanguage\":\"pt-BR\",\"@id\":\"https:\/\/vestibulares.estrategia.com\/portal\/#\/schema\/logo\/image\/\",\"url\":\"https:\/\/vestibulares.estrategia.com\/portal\/wp-content\/uploads\/2021\/06\/Logo-Vestibulares@4x.png\",\"contentUrl\":\"https:\/\/vestibulares.estrategia.com\/portal\/wp-content\/uploads\/2021\/06\/Logo-Vestibulares@4x.png\",\"width\":250,\"height\":66,\"caption\":\"Estrat\u00e9gia Vestibulares\"},\"image\":{\"@id\":\"https:\/\/vestibulares.estrategia.com\/portal\/#\/schema\/logo\/image\/\"},\"sameAs\":[\"https:\/\/facebook.com\/estrategiavestibulares\",\"https:\/\/x.com\/Estrategiavest\",\"https:\/\/www.instagram.com\/estrategiavestibulares\",\"https:\/\/www.youtube.com\/channel\/UCGWdZy8ULI-7_5GrABa4vNA\"]},{\"@type\":\"Person\",\"@id\":\"https:\/\/vestibulares.estrategia.com\/portal\/#\/schema\/person\/3b9455fc894a50b53e00a26211574256\",\"name\":\"Lucas Tozeti\",\"image\":{\"@type\":\"ImageObject\",\"inLanguage\":\"pt-BR\",\"@id\":\"https:\/\/vestibulares.estrategia.com\/portal\/#\/schema\/person\/image\/\",\"url\":\"https:\/\/secure.gravatar.com\/avatar\/f63d32dce239d89a2bbbe8d87a15c417?s=96&d=mm&r=g\",\"contentUrl\":\"https:\/\/secure.gravatar.com\/avatar\/f63d32dce239d89a2bbbe8d87a15c417?s=96&d=mm&r=g\",\"caption\":\"Lucas Tozeti\"},\"description\":\"Lucas Tozeti cursa Rela\u00e7\u00f5es P\u00fablicas no centro-sul de S\u00e3o Paulo. Apaixonado por esportes e pela cultura pop, e principalmente, um amante de boas hist\u00f3rias. Sem elas, a vida perde a gra\u00e7a.\",\"url\":\"https:\/\/vestibulares.estrategia.com\/portal\/author\/lucas-lima\/\"}]}<\/script>\n<!-- \/ Yoast SEO Premium plugin. -->","yoast_head_json":{"title":"Resultado da prova Ind\u00edgena dispon\u00edvel - Estrat\u00e9gia Vestibulares","description":"A Unicamp divulgou hoje, no dia 12 de julho, o resultado do seu vestibular Ind\u00edgena, confira essa nota para saber tudo sobre!","robots":{"index":"index","follow":"follow","max-snippet":"max-snippet:-1","max-image-preview":"max-image-preview:large","max-video-preview":"max-video-preview:-1"},"canonical":"https:\/\/vestibulares.estrategia.com\/portal\/noticias\/vestibular-indigena-unicamp\/","og_locale":"pt_BR","og_type":"article","og_title":"Unicamp divulga resultado do Vestibular Ind\u00edgena 2021","og_description":"A Unicamp divulgou hoje, no dia 12 de julho, o resultado do seu vestibular Ind\u00edgena, confira essa nota para saber tudo sobre!","og_url":"https:\/\/vestibulares.estrategia.com\/portal\/noticias\/vestibular-indigena-unicamp\/","og_site_name":"Estrat\u00e9gia Vestibulares","article_publisher":"https:\/\/facebook.com\/estrategiavestibulares","article_published_time":"2021-07-12T19:57:39+00:00","article_modified_time":"2021-07-12T20:32:22+00:00","og_image":[{"width":1280,"height":810,"url":"https:\/\/cdn.blog.estrategiavestibulares.com.br\/vestibulares\/wp-content\/uploads\/2021\/07\/pexels-faris-munandar-2016121.jpg","type":"image\/jpeg"}],"author":"Lucas Tozeti","twitter_card":"summary_large_image","twitter_creator":"@Estrategiavest","twitter_site":"@Estrategiavest","twitter_misc":{"Escrito por":"Lucas Tozeti","Est. tempo de leitura":"1 minuto"},"schema":{"@context":"https:\/\/schema.org","@graph":[{"@type":"NewsArticle","@id":"https:\/\/vestibulares.estrategia.com\/portal\/noticias\/vestibular-indigena-unicamp\/#article","isPartOf":{"@id":"https:\/\/vestibulares.estrategia.com\/portal\/noticias\/vestibular-indigena-unicamp\/"},"author":{"name":"Lucas Tozeti","@id":"https:\/\/vestibulares.estrategia.com\/portal\/#\/schema\/person\/3b9455fc894a50b53e00a26211574256"},"headline":"Unicamp divulga resultado do Vestibular Ind\u00edgena 2021","datePublished":"2021-07-12T19:57:39+00:00","dateModified":"2021-07-12T20:32:22+00:00","mainEntityOfPage":{"@id":"https:\/\/vestibulares.estrategia.com\/portal\/noticias\/vestibular-indigena-unicamp\/"},"wordCount":146,"publisher":{"@id":"https:\/\/vestibulares.estrategia.com\/portal\/#organization"},"image":{"@id":"https:\/\/vestibulares.estrategia.com\/portal\/noticias\/vestibular-indigena-unicamp\/#primaryimage"},"thumbnailUrl":"https:\/\/vestibulares.estrategia.com\/portal\/wp-content\/uploads\/2021\/07\/pexels-faris-munandar-2016121.jpg","keywords":["unicamp","vestibular ind\u00edgena"],"articleSection":["Not\u00edcias"],"inLanguage":"pt-BR"},{"@type":"WebPage","@id":"https:\/\/vestibulares.estrategia.com\/portal\/noticias\/vestibular-indigena-unicamp\/","url":"https:\/\/vestibulares.estrategia.com\/portal\/noticias\/vestibular-indigena-unicamp\/","name":"Resultado da prova Ind\u00edgena dispon\u00edvel - Estrat\u00e9gia Vestibulares","isPartOf":{"@id":"https:\/\/vestibulares.estrategia.com\/portal\/#website"},"primaryImageOfPage":{"@id":"https:\/\/vestibulares.estrategia.com\/portal\/noticias\/vestibular-indigena-unicamp\/#primaryimage"},"image":{"@id":"https:\/\/vestibulares.estrategia.com\/portal\/noticias\/vestibular-indigena-unicamp\/#primaryimage"},"thumbnailUrl":"https:\/\/vestibulares.estrategia.com\/portal\/wp-content\/uploads\/2021\/07\/pexels-faris-munandar-2016121.jpg","datePublished":"2021-07-12T19:57:39+00:00","dateModified":"2021-07-12T20:32:22+00:00","description":"A Unicamp divulgou hoje, no dia 12 de julho, o resultado do seu vestibular Ind\u00edgena, confira essa nota para saber tudo sobre!","breadcrumb":{"@id":"https:\/\/vestibulares.estrategia.com\/portal\/noticias\/vestibular-indigena-unicamp\/#breadcrumb"},"inLanguage":"pt-BR","potentialAction":[{"@type":"ReadAction","target":["https:\/\/vestibulares.estrategia.com\/portal\/noticias\/vestibular-indigena-unicamp\/"]}]},{"@type":"ImageObject","inLanguage":"pt-BR","@id":"https:\/\/vestibulares.estrategia.com\/portal\/noticias\/vestibular-indigena-unicamp\/#primaryimage","url":"https:\/\/vestibulares.estrategia.com\/portal\/wp-content\/uploads\/2021\/07\/pexels-faris-munandar-2016121.jpg","contentUrl":"https:\/\/vestibulares.estrategia.com\/portal\/wp-content\/uploads\/2021\/07\/pexels-faris-munandar-2016121.jpg","width":1280,"height":810},{"@type":"BreadcrumbList","@id":"https:\/\/vestibulares.estrategia.com\/portal\/noticias\/vestibular-indigena-unicamp\/#breadcrumb","itemListElement":[{"@type":"ListItem","position":1,"name":"Home","item":"https:\/\/vestibulares.estrategia.com\/portal\/"},{"@type":"ListItem","position":2,"name":"Not\u00edcias","item":"https:\/\/vestibulares.estrategia.com\/portal\/noticias\/"},{"@type":"ListItem","position":3,"name":"Unicamp divulga resultado do Vestibular Ind\u00edgena 2021"}]},{"@type":"WebSite","@id":"https:\/\/vestibulares.estrategia.com\/portal\/#website","url":"https:\/\/vestibulares.estrategia.com\/portal\/","name":"Estrat\u00e9gia Vestibulares","description":"","publisher":{"@id":"https:\/\/vestibulares.estrategia.com\/portal\/#organization"},"potentialAction":[{"@type":"SearchAction","target":{"@type":"EntryPoint","urlTemplate":"https:\/\/vestibulares.estrategia.com\/portal\/?s={search_term_string}"},"query-input":{"@type":"PropertyValueSpecification","valueRequired":true,"valueName":"search_term_string"}}],"inLanguage":"pt-BR"},{"@type":"Organization","@id":"https:\/\/vestibulares.estrategia.com\/portal\/#organization","name":"Estrat\u00e9gia Vestibulares","url":"https:\/\/vestibulares.estrategia.com\/portal\/","logo":{"@type":"ImageObject","inLanguage":"pt-BR","@id":"https:\/\/vestibulares.estrategia.com\/portal\/#\/schema\/logo\/image\/","url":"https:\/\/vestibulares.estrategia.com\/portal\/wp-content\/uploads\/2021\/06\/Logo-Vestibulares@4x.png","contentUrl":"https:\/\/vestibulares.estrategia.com\/portal\/wp-content\/uploads\/2021\/06\/Logo-Vestibulares@4x.png","width":250,"height":66,"caption":"Estrat\u00e9gia Vestibulares"},"image":{"@id":"https:\/\/vestibulares.estrategia.com\/portal\/#\/schema\/logo\/image\/"},"sameAs":["https:\/\/facebook.com\/estrategiavestibulares","https:\/\/x.com\/Estrategiavest","https:\/\/www.instagram.com\/estrategiavestibulares","https:\/\/www.youtube.com\/channel\/UCGWdZy8ULI-7_5GrABa4vNA"]},{"@type":"Person","@id":"https:\/\/vestibulares.estrategia.com\/portal\/#\/schema\/person\/3b9455fc894a50b53e00a26211574256","name":"Lucas Tozeti","image":{"@type":"ImageObject","inLanguage":"pt-BR","@id":"https:\/\/vestibulares.estrategia.com\/portal\/#\/schema\/person\/image\/","url":"https:\/\/secure.gravatar.com\/avatar\/f63d32dce239d89a2bbbe8d87a15c417?s=96&d=mm&r=g","contentUrl":"https:\/\/secure.gravatar.com\/avatar\/f63d32dce239d89a2bbbe8d87a15c417?s=96&d=mm&r=g","caption":"Lucas Tozeti"},"description":"Lucas Tozeti cursa Rela\u00e7\u00f5es P\u00fablicas no centro-sul de S\u00e3o Paulo. Apaixonado por esportes e pela cultura pop, e principalmente, um amante de boas hist\u00f3rias. Sem elas, a vida perde a gra\u00e7a.","url":"https:\/\/vestibulares.estrategia.com\/portal\/author\/lucas-lima\/"}]}},"_wl_alt_label":[],"wl:entity_url":"https:\/\/data.wordlift.io\/wl110249\/post\/vestibular-indigena-unicamp","_links":{"self":[{"href":"https:\/\/vestibulares.estrategia.com\/portal\/wp-json\/wp\/v2\/posts\/52180","targetHints":{"allow":["GET"]}}],"collection":[{"href":"https:\/\/vestibulares.estrategia.com\/portal\/wp-json\/wp\/v2\/posts"}],"about":[{"href":"https:\/\/vestibulares.estrategia.com\/portal\/wp-json\/wp\/v2\/types\/post"}],"author":[{"embeddable":true,"href":"https:\/\/vestibulares.estrategia.com\/portal\/wp-json\/wp\/v2\/users\/11"}],"replies":[{"embeddable":true,"href":"https:\/\/vestibulares.estrategia.com\/portal\/wp-json\/wp\/v2\/comments?post=52180"}],"version-history":[{"count":3,"href":"https:\/\/vestibulares.estrategia.com\/portal\/wp-json\/wp\/v2\/posts\/52180\/revisions"}],"predecessor-version":[{"id":52194,"href":"https:\/\/vestibulares.estrategia.com\/portal\/wp-json\/wp\/v2\/posts\/52180\/revisions\/52194"}],"wp:featuredmedia":[{"embeddable":true,"href":"https:\/\/vestibulares.estrategia.com\/portal\/wp-json\/wp\/v2\/media\/52182"}],"wp:attachment":[{"href":"https:\/\/vestibulares.estrategia.com\/portal\/wp-json\/wp\/v2\/media?parent=52180"}],"wp:term":[{"taxonomy":"category","embeddable":true,"href":"https:\/\/vestibulares.estrategia.com\/portal\/wp-json\/wp\/v2\/categories?post=52180"},{"taxonomy":"post_tag","embeddable":true,"href":"https:\/\/vestibulares.estrategia.com\/portal\/wp-json\/wp\/v2\/tags?post=52180"},{"taxonomy":"wl_entity_type","embeddable":true,"href":"https:\/\/vestibulares.estrategia.com\/portal\/wp-json\/wp\/v2\/wl_entity_type?post=52180"}],"curies":[{"name":"wp","href":"https:\/\/api.w.org\/{rel}","templated":true}]}}