{"id":52834,"date":"2021-07-29T13:06:29","date_gmt":"2021-07-29T16:06:29","guid":{"rendered":"https:\/\/blog.estrategiavestibulares.com.br\/?p=52834"},"modified":"2021-07-29T16:12:39","modified_gmt":"2021-07-29T19:12:39","slug":"edital-unicamp","status":"publish","type":"post","link":"https:\/\/vestibulares.estrategia.com\/portal\/enem-e-vestibulares\/vestibulares\/edital-unicamp\/","title":{"rendered":"Edital Unicamp 2022: datas, inscri\u00e7\u00f5es e resultado; veja o edital na \u00edntegra"},"content":{"rendered":"<p>A Comiss&atilde;o Permanente para os Vestibulares (Comvest), respons&aacute;vel pela prova de sele&ccedil;&atilde;o da Universidade Estadual de Campinas (<a href=\"https:\/\/vestibulares.estrategia.com\/portal\/vestibulares\/vestibular-unicamp\/\" target=\"_blank\">Unicamp<\/a>), divulgou recentemente o edital da Unicamp 2022, com todas as informa&ccedil;&otilde;es importantes sobre o processo seletivo.<p>Para o pr&oacute;ximo ano, a universidade oferecer&aacute; 3.340 vagas, sendo 2.540 espec&iacute;ficas para o vestibular tradicional. As inscri&ccedil;&otilde;es come&ccedil;am na pr&oacute;xima segunda-feira (02\/08) e v&atilde;o at&eacute; 08 de setembro. <\/p><p>As provas, que tiveram suas datas alteradas duas vezes por conta do Enem e outros vestibulares, ocorrer&atilde;o nos meses de novembro de 2021 (primeira fase) e em janeiro de 2022 (segunda fase). J&aacute; a divulga&ccedil;&atilde;o do resultado est&aacute; marcado para 14 de fevereiro de 2022.<\/p><pre class=\"wp-block-verse\">Saiba mais: <a href=\"https:\/\/vestibulares.estrategia.com\/portal\/vestibulares\/calendario-unicamp-2022\/\" target=\"_blank\">Veja o calend&aacute;rio Unicamp 2022 na &iacute;ntegra <\/a><\/pre><figure class=\"wp-block-embed is-type-video is-provider-youtube wp-block-embed-youtube wp-embed-aspect-16-9 wp-has-aspect-ratio\"><div class=\"wp-block-embed__wrapper\">\n<div class=\"cs-embed cs-embed-responsive\"><iframe title=\"Saiu o EDITAL da UNICAMP - 3.340 vagas para ingresso em 2022\" width=\"1200\" height=\"675\" src=\"https:\/\/www.youtube.com\/embed\/wuzyBCDTkiI?feature=oembed\" frameborder=\"0\" allow=\"accelerometer; autoplay; clipboard-write; encrypted-media; gyroscope; picture-in-picture\" allowfullscreen><\/iframe><\/div>\n<\/div><\/figure><p>Quer ficar por dentro de todos os detalhes do vestibular Unicamp 2022? Confira abaixo o edital da prova na &iacute;ntegra: <\/p><div id=\"ez-toc-container\" class=\"ez-toc-v2_0_76 counter-hierarchy ez-toc-counter ez-toc-transparent ez-toc-container-direction\">\n<div class=\"ez-toc-title-container\"><p class=\"ez-toc-title\" style=\"cursor:inherit\">Navegue pelo conte\u00fado<\/p>\n<\/div><nav><ul class='ez-toc-list ez-toc-list-level-1 ' ><li class='ez-toc-page-1 ez-toc-heading-level-2'><a class=\"ez-toc-link ez-toc-heading-1\" href=\"https:\/\/vestibulares.estrategia.com\/portal\/enem-e-vestibulares\/vestibulares\/edital-unicamp\/#Edital-Unicamp-2022\" >Edital Unicamp 2022<\/a><\/li><li class='ez-toc-page-1 ez-toc-heading-level-2'><a class=\"ez-toc-link ez-toc-heading-2\" href=\"https:\/\/vestibulares.estrategia.com\/portal\/enem-e-vestibulares\/vestibulares\/edital-unicamp\/#Capitulo-III-%E2%80%93-Sobre-vagas-oferecidas-e-as-modalidades-de-classificacao\" >Cap&iacute;tulo III &ndash; Sobre vagas oferecidas e as modalidades de classifica&ccedil;&atilde;o<\/a><\/li><li class='ez-toc-page-1 ez-toc-heading-level-2'><a class=\"ez-toc-link ez-toc-heading-3\" href=\"https:\/\/vestibulares.estrategia.com\/portal\/enem-e-vestibulares\/vestibulares\/edital-unicamp\/#Capitulo-IV-%E2%80%93-Inscricao\" >Cap&iacute;tulo IV &ndash; Inscri&ccedil;&atilde;o<\/a><\/li><li class='ez-toc-page-1 ez-toc-heading-level-2'><a class=\"ez-toc-link ez-toc-heading-4\" href=\"https:\/\/vestibulares.estrategia.com\/portal\/enem-e-vestibulares\/vestibulares\/edital-unicamp\/#Capitulo-V-%E2%80%93-Sobre-as-provas\" >Cap&iacute;tulo V &ndash; Sobre as provas<\/a><\/li><li class='ez-toc-page-1 ez-toc-heading-level-2'><a class=\"ez-toc-link ez-toc-heading-5\" href=\"https:\/\/vestibulares.estrategia.com\/portal\/enem-e-vestibulares\/vestibulares\/edital-unicamp\/#Capitulo-VI-%E2%80%93-Matriculas-Unicamp-2022\" >Cap&iacute;tulo VI &ndash; Matr&iacute;culas Unicamp 2022<\/a><\/li><li class='ez-toc-page-1 ez-toc-heading-level-2'><a class=\"ez-toc-link ez-toc-heading-6\" href=\"https:\/\/vestibulares.estrategia.com\/portal\/enem-e-vestibulares\/vestibulares\/edital-unicamp\/#Capitulo-VII-%E2%80%93-Sobre-as-prioridades-nos-sistemas-de-ingresso-Unicamp\" >Cap&iacute;tulo VII &ndash; Sobre as prioridades nos sistemas de ingresso Unicamp<\/a><\/li><li class='ez-toc-page-1 ez-toc-heading-level-2'><a class=\"ez-toc-link ez-toc-heading-7\" href=\"https:\/\/vestibulares.estrategia.com\/portal\/enem-e-vestibulares\/vestibulares\/edital-unicamp\/#Capitulo-VIII-%E2%80%93-Disposicoes-gerais\" >Cap&iacute;tulo VIII &ndash; Disposi&ccedil;&otilde;es gerais<\/a><\/li><li class='ez-toc-page-1 ez-toc-heading-level-2'><a class=\"ez-toc-link ez-toc-heading-8\" href=\"https:\/\/vestibulares.estrategia.com\/portal\/enem-e-vestibulares\/vestibulares\/edital-unicamp\/#Como-estudar-para-a-Unicamp-2022\" >Como estudar para a Unicamp 2022?<\/a><\/li><\/ul><\/nav><\/div>\n<h2 class=\"has-text-align-center wp-block-heading\"><span class=\"ez-toc-section\" id=\"Edital-Unicamp-2022\"><\/span><strong>Edital Unicamp 2022<\/strong><span class=\"ez-toc-section-end\"><\/span><\/h2><p class=\"has-text-align-center\"><em><strong>Disp&otilde;e sobre o Vestibular Unicamp 2022 para vagas no ensino de Gradua&ccedil;&atilde;o<\/strong><\/em><\/p><p>O Reitor da Universidade Estadual de Campinas, considerando a Delibera&ccedil;&atilde;o CONSU-A032\/2017 de 21 de novembro de 2017, que especifica sobre os sistemas de ingresso aos Cursos de Gradua&ccedil;&atilde;o da Unicamp, torna p&uacute;blica a Resolu&ccedil;&atilde;o Vestibular Unicamp 2022 para vagas no ensino de Gradua&ccedil;&atilde;o.<\/p><h3 class=\"wp-block-heading\">Cap&iacute;tulo I &ndash; Vagas e sistemas de ingresso &agrave; Gradua&ccedil;&atilde;o<\/h3><p><strong>Artigo 1&ordm;<\/strong> &ndash; Para o <strong>ano de<\/strong> <strong>2022 s&atilde;o oferecidas 3340 vagas regulares para ingresso nos Cursos de Gradua&ccedil;&atilde;o da Unicamp<\/strong> distribu&iacute;das nos seguintes sistemas de ingresso:<br><br><em>I &ndash; 2540 vagas oferecidas pelo Vestibular Unicamp (VU) 2022;<br>II &ndash; 639 vagas oferecidas pelo Edital ENEM-Unicamp 2022;<br>III &ndash; 49 vagas oferecidas pelo Vestibular Ind&iacute;gena (VI) 2022. O Vestibular Ind&iacute;gena ter&aacute; ainda 81 vagas adicionais, conforme Edital a ser publicado, respeitando os princ&iacute;pios da<br>Delibera&ccedil;&atilde;o CONSU-A-032\/2017;<br>IV &ndash; 112 vagas oferecidas pelo Edital de olimp&iacute;adas cient&iacute;ficas e competi&ccedil;&otilde;es de<br>conhecimento de &aacute;reas espec&iacute;ficas. Haver&aacute;, ainda, 08 vagas adicionais nesse sistema de ingresso, conforme Edital a ser publicado, respeitando os princ&iacute;pios da Delibera&ccedil;&atilde;o CONSUA-032\/2017.<\/em><\/p><p>&sect;1&ordm; As vagas regulares n&atilde;o preenchidas nos incisos II, III e IV ser&atilde;o transferidas para o VU 2022 para que sejam preenchidas as 3340 vagas oferecidas para o ingresso na gradua&ccedil;&atilde;o.<\/p><p>&sect;2&ordm; As 89 vagas adicionais, indicadas nos incisos III e IV, ter&atilde;o preenchimento facultativo e n&atilde;o ser&atilde;o transferidas para o VU2022, conforme o &sect; 3&ordm; do art. 8&ordm; e &sect;2&ordm; do art. 10 da Delibera&ccedil;&atilde;o CONSU-A-032\/2017.<\/p><p>&sect;3&ordm; Na hip&oacute;tese de cancelamento dos sistemas de ingresso previstos nos incisos II, III e IV, as vagas regulares ser&atilde;o transferidas para o Vestibular Unicamp e, se for o caso, haver&aacute; reserva de vagas e crit&eacute;rios que cumpram as mesmas exig&ecirc;ncias para atender a Delibera&ccedil;&atilde;o CONSU-A-032\/2017, repetidos no &sect;3&ordm; do art. 7&ordm; da presente Resolu&ccedil;&atilde;o.<\/p><p>&sect;4&ordm; No caso de transfer&ecirc;ncia de vagas para o Vestibular Unicamp haver&aacute; a publica&ccedil;&atilde;o de um adendo ao edital, com acr&eacute;scimo de vagas, sem necessidade de reabertura de inscri&ccedil;&otilde;es.<\/p><p><strong>Artigo 2&ordm;<\/strong> &ndash; A presente resolu&ccedil;&atilde;o especifica as regras para o VU 2022.<\/p><h3 class=\"wp-block-heading\">Cap&iacute;tulo II &ndash; Objetivo e caracter&iacute;sticas do Vestibular Unicamp<\/h3><figure class=\"wp-block-image size-large\"><img decoding=\"async\" width=\"750\" height=\"420\" src=\"https:\/\/vestibulares.estrategia.com\/portal\/wp-content\/uploads\/2021\/07\/edital-unicamp-2022-1.jpg\" alt=\"edital unicamp 2022\" class=\"wp-image-52836\" srcset=\"https:\/\/vestibulares.estrategia.com\/portal\/wp-content\/uploads\/2021\/07\/edital-unicamp-2022-1.jpg 750w, https:\/\/vestibulares.estrategia.com\/portal\/wp-content\/uploads\/2021\/07\/edital-unicamp-2022-1-300x168.jpg 300w, https:\/\/vestibulares.estrategia.com\/portal\/wp-content\/uploads\/2021\/07\/edital-unicamp-2022-1-380x213.jpg 380w\" sizes=\"(max-width: 750px) 100vw, 750px\" \/><\/figure><p><strong>Artigo 3&ordm; &ndash;<\/strong> O VU 2022 tem por objetivos:<\/p><p><em>I &ndash; classificar e selecionar candidatos adequados ao perfil de estudantes desejado pela Universidade Estadual de Campinas (Unicamp);<br>II &ndash; verificar o dom&iacute;nio do conhecimento desenvolvido pelos candidatos nas diversas<br>formas de educa&ccedil;&atilde;o do Ensino M&eacute;dio;<br>III &ndash; avaliar a aptid&atilde;o e o potencial dos candidatos para o curso superior em que pretendem ingressar;<br>IV &ndash; interagir com os sistemas de Ensino Fundamental e M&eacute;dio e contribuir para o<br>aprimoramento da educa&ccedil;&atilde;o b&aacute;sica.<\/em><\/p><p>Par&aacute;grafo &uacute;nico. Para alcan&ccedil;ar os objetivos estabelecidos, o<strong> VU 2022 avaliar&aacute; os candidatos nos seguintes aspectos<\/strong>:<\/p><p><em>I &ndash; capacidade de se expressar com clareza;<br>II &ndash; capacidade de organizar suas ideias;<br>III &ndash; capacidade de estabelecer rela&ccedil;&otilde;es;<br>IV &ndash; capacidade de interpretar dados e fatos;<br>V &ndash; capacidade de elaborar hip&oacute;teses;<br>VI &ndash; dom&iacute;nio dos conte&uacute;dos das &aacute;reas de conhecimento desenvolvidas no Ensino M&eacute;dio.<br>VII &ndash; capacidade de relacionar e interpretar informa&ccedil;&otilde;es de car&aacute;ter interdisciplinar, a partir das &aacute;reas de conhecimento presentes no Ensino M&eacute;dio.<\/em><\/p><h3 class=\"wp-block-heading\">Quem pode se inscrever no vestibular Unicamp 2022?<\/h3><p><strong>Artigo 4&ordm; &ndash;<\/strong> Poder&aacute; se inscrever no VU 2022 o candidato que satisfizer a uma das seguintes condi&ccedil;&otilde;es:<\/p><p><em>I &ndash; ser portador de certificado de conclus&atilde;o de Ensino M&eacute;dio ou equivalente;<br>II &ndash; estar cursando o Ensino M&eacute;dio ou equivalente;<br>III &ndash; ser portador de diploma de curso superior.<\/em><\/p><p><strong>Artigo 5&ordm; <\/strong>&ndash; A realiza&ccedil;&atilde;o do VU 2022 fica a cargo da Comiss&atilde;o Permanente para os Vestibulares da Unicamp (Comvest). &Agrave; Comvest cabe a responsabilidade de divulgar, com a necess&aacute;ria anteced&ecirc;ncia, o per&iacute;odo de inscri&ccedil;&atilde;o, as datas e os locais de realiza&ccedil;&atilde;o das provas e todas as informa&ccedil;&otilde;es relacionadas ao VU 2022.<\/p><p><strong>Par&aacute;grafo &uacute;nico.<\/strong> A<strong> divulga&ccedil;&atilde;o das listas de convocados e da lista de espera ser&aacute; feita de acordo com o calend&aacute;rio publicado no Manual do Candidato<\/strong>, dispon&iacute;vel na p&aacute;gina da Comvest (<a href=\"http:\/\/www.comvest.unicamp.br\" target=\"_blank\">www.comvest.unicamp.br<\/a>).<\/p><h2 class=\"wp-block-heading\"><span class=\"ez-toc-section\" id=\"Capitulo-III-%E2%80%93-Sobre-vagas-oferecidas-e-as-modalidades-de-classificacao\"><\/span>Cap&iacute;tulo III &ndash; Sobre vagas oferecidas e as modalidades de classifica&ccedil;&atilde;o<span class=\"ez-toc-section-end\"><\/span><\/h2><p><strong>Artigo 6&ordm; <\/strong>&ndash; O ingresso nos Cursos de Gradua&ccedil;&atilde;o por meio do VU 2022 ser&aacute; feito mediante processo classificat&oacute;rio, com aproveitamento dos candidatos at&eacute; o limite das vagas fixadas para cada curso, obedecidas as normas da presente Resolu&ccedil;&atilde;o e informadas no Anexo I.<\/p><p><strong>Artigo 7&ordm;<\/strong> &ndash; A inscri&ccedil;&atilde;o para o VU 2022 ser&aacute; &uacute;nica e todos os candidatos ser&atilde;o classificados em ordem decrescente.<\/p><p><em>I &ndash; &Eacute; facultada aos inscritos, quando for o caso, a bonifica&ccedil;&atilde;o prevista no Programa de A&ccedil;&atilde;o Afirma&ccedil;&atilde;o e Inclus&atilde;o Social (PAAIS), especificada nos arts. 9&ordm; e 10 desta Resolu&ccedil;&atilde;o.<br>II &ndash; &Eacute; facultada aos inscritos, quando for o caso, reserva de vagas (cotas) para autodeclarados pretos e pardos, conforme art. 12 da Delibera&ccedil;&atilde;o CONSU-A-032\/2017.<br>III &ndash; Os candidatos optantes por reserva de vagas (cotas) poder&atilde;o fazer jus &agrave; bonifica&ccedil;&atilde;o do PAAIS, caso preencham as condi&ccedil;&otilde;es e requisitos do Programa.<\/em><\/p><p>&sect;1&ordm; <strong>Os candidatos autodeclarados pretos e pardos concorrer&atilde;o a uma propor&ccedil;&atilde;o m&iacute;nima de 15% das vagas regulares em cada curso ou, se for o caso, at&eacute; 27,2% das vagas, <\/strong>se houver candidatos de 1&ordf; op&ccedil;&atilde;o que atendam aos crit&eacute;rios de Nota M&iacute;nima de Op&ccedil;&atilde;o (NMO) do respectivo curso, conforme Tabela apresentada no Anexo III.<\/p><p>&sect;2&ordm; A convoca&ccedil;&atilde;o final dos candidatos aprovados respeitar&aacute; o mesmo limite m&iacute;nimo de 15% para autodeclarados pretos e pardos e, havendo, entre os autodeclarados pretos e pardos, candidatos habilitados com nota superior &agrave; nota m&iacute;nima de op&ccedil;&atilde;o (NMO), esses ser&atilde;o convocados adicionalmente at&eacute; atingir 27,2% do total de vagas. Os demais candidatos ser&atilde;o convocados at&eacute; que se complete o total de vagas regulares existentes.<\/p><p>&sect;3&ordm; Os &iacute;ndices de 25% a 37,2% de reserva de vagas (cotas) para autodeclarados pretos e pardos, previstos no inciso I do art. 12 da Delibera&ccedil;&atilde;o CONSU-A-032\/2017, s&atilde;o obtidos com os &iacute;ndices do &sect;1&ordm; deste artigo e com os 10% das vagas regulares, dispostas no Edital ENEM 2022, conforme inciso II art. 12, da Delibera&ccedil;&atilde;o CONSU-A-032\/2017.<\/p><p>&sect;4&ordm; Disputar&atilde;o as vagas pelo programa de reserva de vagas (cotas) apenas os candidatos autodeclarados pretos e pardos que expressamente optarem pelo mesmo.<\/p><p>&sect;5&ordm; As vagas n&atilde;o preenchidas por reserva para autodeclarados pretos e pardos ser&atilde;o ocupadas pelos demais candidatos inscritos.<\/p><p><strong>Artigo 8&ordm;<\/strong> &ndash; Para ter<strong> direito &agrave; a&ccedil;&atilde;o afirmativa por crit&eacute;rio &eacute;tnico-racial, os estudantes selecionados que concorreram &agrave;s vagas reservadas aos autodeclarados pretos ou pardos dever&atilde;o possuir tra&ccedil;os fenot&iacute;picos que os caracterizem como negro<\/strong>, de cor preta ou parda.<\/p><p>&sect;1&ordm; A autodeclara&ccedil;&atilde;o deve ser assinada e inserida mediante upload no Sistema de Gest&atilde;o Acad&ecirc;mica (SIGA), de acordo com o modelo indicado no Anexo V.<\/p><p>&sect;2&ordm; As informa&ccedil;&otilde;es prestadas na autodeclara&ccedil;&atilde;o ser&atilde;o de inteira responsabilidade do candidato, respondendo esse por qualquer falsidade.<\/p><p>&sect;3&ordm; Os<strong> candidatos optantes pelas cotas &eacute;tnico-raciais dever&atilde;o ser submetidos a uma Comiss&atilde;o de Averigua&ccedil;&atilde;o<\/strong>, designada pela Diretoria Executiva de Direitos Humanos, a qualquer momento do processo seletivo ou, caso aprovados, de seu v&iacute;nculo acad&ecirc;mico com a institui&ccedil;&atilde;o, preservando-se o direito a recursos e regras estabelecidas pela Unicamp.<\/p><p>&sect;4&ordm; A valida&ccedil;&atilde;o da autodeclara&ccedil;&atilde;o, apresentada pelos candidatos optantes pelas cotas &eacute;tnico-raciais, somente ocorrer&aacute; ap&oacute;s a avalia&ccedil;&atilde;o de fen&oacute;tipo realizada pela Comiss&atilde;o de Averigua&ccedil;&atilde;o, ficando a matr&iacute;cula condicionada &agrave; aprova&ccedil;&atilde;o nesta avalia&ccedil;&atilde;o, conforme previsto na Resolu&ccedil;&atilde;o GR-74\/2020, que institui a Comiss&atilde;o de Averigua&ccedil;&atilde;o e estabelece procedimento de heteroidentifica&ccedil;&atilde;o complementar &agrave; autodeclara&ccedil;&atilde;o dos candidatos negros (pretos e pardos) selecionados no sistema de cotas &eacute;tnico-raciais para vagas reservadas a negros (pretos e pardos) na Unicamp.<\/p><p><strong>Artigo 9&ordm; &ndash;<\/strong> Os candidatos que tenham cursado o Ensino Fundamental II e\/ou o Ensino M&eacute;dio integralmente em escola p&uacute;blica brasileira poder&atilde;o participar do Programa de A&ccedil;&atilde;o Afirmativa e Inclus&atilde;o Social (PAAIS), recebendo a bonifica&ccedil;&atilde;o especificada na Delibera&ccedil;&atilde;o CONSU-A-32\/2017:<\/p><p><em>I &ndash; 40 (quarenta) pontos somados &agrave; Nota Final da 1&ordf; fase (NF1), de candidatos ao VU 2022 que tenham cursado integralmente o Ensino M&eacute;dio em escolas da rede p&uacute;blica brasileira; <br>II &ndash; 20 (vinte) pontos somados &agrave; Nota Final da 1&ordf; fase (NF1) de candidatos ao VU 2022 que tenham cursado integralmente o Ensino Fundamental II em escolas da rede p&uacute;blica brasileira. <br>III &ndash; As notas previstas nos incisos I e II deste artigo podem ser usadas isoladamente ou de forma cumulativa, quando for o caso, para a composi&ccedil;&atilde;o da Nota Final da 1&ordf;. fase (NF1). <br>IV &ndash; Caso o candidato seja convocado para a 2&ordf; fase, repete-se a mesma bonifica&ccedil;&atilde;o aplicada na 1&ordf; fase &agrave; Nota Padronizada de Reda&ccedil;&atilde;o (NR) e &agrave;s notas padronizadas das provas que comp&otilde;em a nota da 2&ordf; fase (NF2).<\/em><\/p><p><strong>Artigo 10<\/strong> &ndash; As formas de realiza&ccedil;&atilde;o do ciclo escolar aceitas pelo PAAIS s&atilde;o:<\/p><p><em>a) Ensino Fundamental II (5&ordf; a 8&ordf; s&eacute;rie ou 6&ordm; ao 9&ordm; ano do EFII) e\/ou Ensino M&eacute;dio regular (1&ordf; &agrave; 3&ordf; s&eacute;rie do Ensino M&eacute;dio) cumpridos integralmente em estabelecimentos da rede p&uacute;blica brasileira (federal, estadual, municipal); <br>b) Ensino M&eacute;dio Supletivo ou EJA nas modalidades presencial, semipresencial e a dist&acirc;ncia, cumprido integralmente na rede p&uacute;blica brasileira (federal, estadual, municipal), desde que o candidato n&atilde;o tenha cursado nenhum per&iacute;odo do Ensino M&eacute;dio em estabelecimentos privados de ensino mesmo como bolsista; <br>c) Conclus&atilde;o do Ensino M&eacute;dio por meio de Exames Nacionais de Certifica&ccedil;&atilde;o como o ENEM &ndash; at&eacute; o ano de 2016 &ndash; e o Exame Nacional para Certifica&ccedil;&atilde;o de Compet&ecirc;ncias de Jovens e Adultos (<a href=\"https:\/\/vestibulares.estrategia.com\/portal\/guias\/encceja-o-que-e\/\" target=\"_blank\">Encceja<\/a>), desde que o candidato n&atilde;o tenha cursado nenhum per&iacute;odo do Ensino M&eacute;dio em estabelecimentos privados de ensino mesmo como bolsista;<\/em><\/p><pre class=\"wp-block-verse\">Veja tamb&eacute;m: <a href=\"https:\/\/vestibulares.estrategia.com\/portal\/guias\/encceja-o-que-e\/\" target=\"_blank\">Saiba o que &eacute; o Encceja e como conseguir o diploma do Ensino M&eacute;dio<\/a><\/pre><p>&sect;1&ordm; A participa&ccedil;&atilde;o no PAAIS &eacute; facultativa e dever&aacute; ser indicada no Formul&aacute;rio de Inscri&ccedil;&atilde;o.<\/p><p>&sect;2&ordm; A pontua&ccedil;&atilde;o a ser adicionada &eacute; aquela referida no art. 9&ordm;.<\/p><p>&sect;3&ordm; Candidatos que tenham cursado algum per&iacute;odo do ensino fundamental II e\/ou ensino m&eacute;dio em institui&ccedil;&atilde;o privada na condi&ccedil;&atilde;o de bolsista n&atilde;o podem ser contemplados com a bonifica&ccedil;&atilde;o do PAAIS no per&iacute;odo correspondente.<\/p><p><strong>Artigo 11 <\/strong>&ndash; Os candidatos benefici&aacute;rios do PAAIS convocados no VU 2022 dever&atilde;o comprovar, no momento da matr&iacute;cula, atender a um dos tr&ecirc;s casos previstos no art. 10 (al&iacute;neas a, b ou c) mediante o upload no Sistema de Gest&atilde;o Acad&ecirc;mica (SIGA) de:<\/p><p><em>I &ndash; Hist&oacute;rico Escolar completo do Ensino Fundamental II realizado integralmente em estabelecimentos da rede p&uacute;blica brasileira (federal, estadual, municipal), quando for o caso de bonifica&ccedil;&atilde;o parcial prevista no inciso II do art. 9&ordm;. <br>II &ndash; Hist&oacute;rico Escolar completo do Ensino M&eacute;dio realizado integralmente em estabelecimentos da rede p&uacute;blica brasileira (federal, estadual, municipal), quando for o caso de bonifica&ccedil;&atilde;o parcial prevista no inciso I do art. 9&ordm;. <br>III &ndash; Certificado ou declara&ccedil;&atilde;o de conclus&atilde;o do Ensino M&eacute;dio por meio do ENEM (at&eacute; 2016) ou ENCCEJA, ou; <br>IV &ndash; Hist&oacute;rico Escolar do Ensino M&eacute;dio supletivo, EJA, modalidades presencial, semipresencial ou a dist&acirc;ncia, realizado em estabelecimentos da rede p&uacute;blica brasileira, de forma que o documento possua, no original, visto emitido pelas Secretarias Estaduais ou Municipais de Educa&ccedil;&atilde;o. <br>V &ndash; Declara&ccedil;&atilde;o de que n&atilde;o cursou, em nenhum momento, parte do Ensino M&eacute;dio em escola particular, mesmo como bolsista, conforme modelo indicado no Anexo VI, quando fizer jus &agrave; bonifica&ccedil;&atilde;o parcial prevista no inciso I do art. 9&ordm;. <br>VI &ndash; Declara&ccedil;&atilde;o de que n&atilde;o cursou, em nenhum momento, parte do Ensino Fundamental II em escola particular, mesmo como bolsista, conforme modelo indicado no Anexo VI, quando fizer jus &agrave; bonifica&ccedil;&atilde;o parcial prevista no inciso II do art. 9&ordm;.<\/em><\/p><p>&sect;1&ordm; O candidato convocado que n&atilde;o apresentar os documentos comprobat&oacute;rios exigidos neste artigo estar&aacute; eliminado do VU 2022 e ter&aacute; a matr&iacute;cula na Unicamp negada, n&atilde;o sendo poss&iacute;vel abdicar dos pontos do PAAIS de maneira que estes sejam retirados do c&ocirc;mputo da nota.<\/p><p>&sect;2&ordm; Caso se comprove, em qualquer momento ap&oacute;s a matr&iacute;cula efetuada, que os<br>documentos comprobat&oacute;rios exigidos para os candidatos benefici&aacute;rios do PAAIS n&atilde;o s&atilde;o<br>leg&iacute;timos ou id&ocirc;neos, ou est&atilde;o em desacordo com o estabelecido nesta Resolu&ccedil;&atilde;o, a<br>matr&iacute;cula ser&aacute; cancelada. Caso o estudante tenha conclu&iacute;do o curso, seu diploma ser&aacute;<br>considerado inv&aacute;lido pela Unicamp.<\/p><p>&sect;3&ordm; Os documentos mencionados nos itens I, II, III e IV dever&atilde;o conter assinatura e carimbo com identifica&ccedil;&atilde;o do emissor do documento ou c&oacute;digo de autenticidade.<\/p><p><strong>Artigo 12 &ndash;<\/strong> N&atilde;o poder&atilde;o se beneficiar do PAAIS ou de reserva de vagas (cotas) para autodeclarados pretos e pardos candidatos que j&aacute; tenham conclu&iacute;do curso de gradua&ccedil;&atilde;o ou p&oacute;s-gradua&ccedil;&atilde;o em Institui&ccedil;&otilde;es de Ensino Superior p&uacute;blicas brasileiras (municipais, estaduais ou federais).<\/p><p>Par&aacute;grafo &uacute;nico. O candidato que n&atilde;o atender ao caput e tenha participado do vestibular ter&aacute; a matr&iacute;cula na Unicamp negada ou, se estiver cursando, a matr&iacute;cula ser&aacute; cancelada em qualquer momento do curso.<\/p><h2 class=\"wp-block-heading\"><span class=\"ez-toc-section\" id=\"Capitulo-IV-%E2%80%93-Inscricao\"><\/span>Cap&iacute;tulo IV &ndash; Inscri&ccedil;&atilde;o <span class=\"ez-toc-section-end\"><\/span><\/h2><p><strong>Artigo 13 <\/strong>&ndash; O <strong>per&iacute;odo para inscri&ccedil;&otilde;es no VU 2022 ser&aacute; de 02 de agosto a 08 de setembro de 2021<\/strong>. A inscri&ccedil;&atilde;o ser&aacute; feita exclusivamente mediante preenchimento de Formul&aacute;rio de Inscri&ccedil;&atilde;o na p&aacute;gina da Comvest (<a href=\"http:\/\/www.comvest.unicamp.br)\" target=\"_blank\">www.comvest.unicamp.br)<\/a> e recolhimento do valor da Taxa de Inscri&ccedil;&atilde;o, por meio de boleto banc&aacute;rio emitido ao final do preenchimento do Formul&aacute;rio de Inscri&ccedil;&atilde;o.<\/p><p>&sect;1&ordm; As instru&ccedil;&otilde;es necess&aacute;rias para a inscri&ccedil;&atilde;o, o Manual do Candidato e as informa&ccedil;&otilde;es sobre a Unicamp e seus cursos est&atilde;o dispon&iacute;veis na p&aacute;gina da Comvest (<a href=\"http:\/\/www.comvest.unicamp.br\" target=\"_blank\">www.comvest.unicamp.br<\/a>).<\/p><pre class=\"wp-block-verse\">Confira: <a href=\"https:\/\/vestibulares.estrategia.com\/portal\/vestibulares\/inscricao-vestibular-unicamp\/\" target=\"_blank\">Como se inscrever no vestibular da Unicamp 2022?<\/a><\/pre><p>&sect;2&ordm; Os candidatos isentos da Taxa de Inscri&ccedil;&atilde;o ser&atilde;o dispensados do recolhimento dessa taxa.<\/p><p>&sect;3&ordm; O processo de inscri&ccedil;&atilde;o somente ser&aacute; validado com o recolhimento da Taxa de Inscri&ccedil;&atilde;o. A situa&ccedil;&atilde;o da inscri&ccedil;&atilde;o dever&aacute; ser consultada pelo candidato na p&aacute;gina da Comvest (<a href=\"http:\/\/www.comvest.unicamp.br\/\" target=\"_blank\">www.comvest.unicamp.br<\/a>) a partir de 72 horas ap&oacute;s o pagamento da taxa. Qualquer irregularidade dever&aacute; ser comunicada imediatamente &agrave; Comvest.<\/p><p>&sect;4&ordm;<strong> Somente &eacute; poss&iacute;vel realizar uma inscri&ccedil;&atilde;o por CPF<\/strong>, tanto para candidatos pagantes da Taxa de Inscri&ccedil;&atilde;o, como para candidatos isentos do pagamento da Taxa de Inscri&ccedil;&atilde;o. Em caso de necessidade de altera&ccedil;&atilde;o de dados da inscri&ccedil;&atilde;o, os candidatos dever&atilde;o acessar e preencher o formul&aacute;rio eletr&ocirc;nico correspondente. Nesse caso, <strong>ser&aacute; considerado v&aacute;lido apenas o &uacute;ltimo formul&aacute;rio de altera&ccedil;&atilde;o preenchido dentro do prazo determinado no Manual do Candidato<\/strong>.<\/p><p>&sect;5&ordm; Candidatos de nacionalidade brasileira e candidatos estrangeiros, portadores de Carteira de Registro Nacional Migrat&oacute;rio dever&atilde;o informar o n&uacute;mero do CPF ao preencher o Formul&aacute;rio de Inscri&ccedil;&atilde;o. Ser&aacute; aceito exclusivamente o n&uacute;mero do CPF do candidato, n&atilde;o podendo ser utilizado o CPF de respons&aacute;vel. Al&eacute;m do n&uacute;mero do CPF, dever&aacute; ser informado o n&uacute;mero de um documento de identifica&ccedil;&atilde;o com fotografia, podendo ser c&eacute;dula de identidade (RG), passaporte, Carteira de Registro Nacional Migrat&oacute;rio, carteira expedida por Ordens ou Conselhos reconhecidos por lei ou Carteira Nacional de Habilita&ccedil;&atilde;o.<\/p><p>&sect;6&ordm; O candidato dever&aacute;, obrigatoriamente, apresentar o documento de identifica&ccedil;&atilde;o com fotografia indicado no Formul&aacute;rio de Inscri&ccedil;&atilde;o, quando da realiza&ccedil;&atilde;o das provas de 1&ordf; e 2&ordf; fases, bem como das provas de Habilidades Espec&iacute;ficas.<\/p><p>&sect;7&ordm; Durante a realiza&ccedil;&atilde;o das provas da 2&ordf; fase, ser&aacute; adotado o procedimento de identifica&ccedil;&atilde;o civil dos candidatos, mediante verifica&ccedil;&atilde;o do documento de identidade indicado no Formul&aacute;rio de Inscri&ccedil;&atilde;o e da coleta da assinatura, impress&otilde;es digitais e\/ou identifica&ccedil;&atilde;o facial.<\/p><p>&sect;8&ordm; O candidato que, por algum motivo, se recusar a seguir o procedimento do par&aacute;grafo 7&ordm; deste artigo dever&aacute; assinar uma declara&ccedil;&atilde;o em que assume a responsabilidade por essa decis&atilde;o. A recusa a esse procedimento acarretar&aacute; a anula&ccedil;&atilde;o da prova e, portanto, a elimina&ccedil;&atilde;o do candidato do VU 2022.<\/p><p><strong>Artigo 14 <\/strong>&ndash; O candidato com defici&ecirc;ncia ou em condi&ccedil;&otilde;es que exijam recursos espec&iacute;ficos para realizar as provas dever&aacute; informar suas necessidades no campo espec&iacute;fico do Formul&aacute;rio de Inscri&ccedil;&atilde;o e anexar os documentos relacionados nos incisos I e II.<\/p><p>I &ndash; Relat&oacute;rio Oficial, que dever&aacute; seguir obrigatoriamente o formul&aacute;rio dispon&iacute;vel na p&aacute;gina da Comvest. Esse documento dever&aacute;:<br><br><em>a) ser emitido com data de 2020 ou 2021, por um especialista na &aacute;rea;<br>b) conter a descri&ccedil;&atilde;o da defici&ecirc;ncia e o C&oacute;digo Internacional de Doen&ccedil;as (CID) ou<br>Classifica&ccedil;&atilde;o Internacional de Funcionalidades (CIF), referente &agrave; defici&ecirc;ncia ou &agrave; condi&ccedil;&atilde;o espec&iacute;fica devidamente detalhada e justificada pelo profissional;<br>c) conter a indica&ccedil;&atilde;o das condi&ccedil;&otilde;es especiais necess&aacute;rias para a realiza&ccedil;&atilde;o da prova devidamente justificada pelo profissional;<br>d) ser preenchido com letra leg&iacute;vel, pelo especialista na &aacute;rea, e conter sua assinatura e carimbo, com o respectivo registro no CRM e\/ou no conselho de classe, sob pena de ser considerado documento inv&aacute;lido.<\/em><\/p><p>II &ndash; Declara&ccedil;&atilde;o(&otilde;es) da(s) Escola(s) onde o candidato cursou as tr&ecirc;s s&eacute;ries do Ensino M&eacute;dio, atestando que o mesmo usufruiu de recursos espec&iacute;ficos para a realiza&ccedil;&atilde;o de provas. Na(s) declara&ccedil;&atilde;o(&otilde;es), &eacute; preciso constar quais foram esses recursos ou uma justificativa, caso o candidato n&atilde;o os tenha utilizado. Em substitui&ccedil;&atilde;o, uma justificativa por escrito deve ser anexada caso o candidato n&atilde;o tenha utilizado recursos especiais no ensino m&eacute;dio ou n&atilde;o seja capaz de obter a(s) referida(s) declara&ccedil;&atilde;o(&otilde;es).<\/p><p>&sect;1&ordm; A Comvest poder&aacute;, a seu crit&eacute;rio, realizar as dilig&ecirc;ncias necess&aacute;rias &agrave; verifica&ccedil;&atilde;o da veracidade das declara&ccedil;&otilde;es apresentadas. <\/p><p>&sect;2&ordm; As informa&ccedil;&otilde;es sobre as condi&ccedil;&otilde;es que motivam a solicita&ccedil;&atilde;o de atendimento especializado dever&atilde;o ser exatas e fidedignas no sistema de inscri&ccedil;&atilde;o, sob pena de responsabilidade por crime contra a f&eacute; p&uacute;blica e de elimina&ccedil;&atilde;o do candidato do VU 2022. <\/p><p>&sect;3&ordm; A solicita&ccedil;&atilde;o do candidato ser&aacute; analisada e deferida\/indeferida por uma subcomiss&atilde;o especial da Comvest, composta por especialistas. <\/p><p>&sect;4&ordm; O candidato que n&atilde;o anexar os documentos discriminados nos incisos I e II ou que tiver sua solicita&ccedil;&atilde;o de condi&ccedil;&otilde;es especiais indeferida pela Comvest dever&aacute; realizar as provas nas mesmas condi&ccedil;&otilde;es dos demais candidatos. <\/p><p>&sect;5&ordm; As provas para os candidatos com defici&ecirc;ncia ou em condi&ccedil;&otilde;es que exijam recursos espec&iacute;ficos que tiveram a solicita&ccedil;&atilde;o deferida ser&atilde;o realizadas em todas as cidades em que forem aplicadas as provas do Vestibular. <\/p><p>&sect;6&ordm; Nos casos em que a subcomiss&atilde;o considerar necess&aacute;rio, o candidato que for convocado para a 2&ordf; fase dever&aacute; realizar, em Campinas, avalia&ccedil;&atilde;o por equipe multiprofissional e interdisciplinar ap&oacute;s a 2&ordf; fase, antes da divulga&ccedil;&atilde;o do resultado do VU 2022. A crit&eacute;rio da equipe, o candidato poder&aacute; ser desclassificado se os recursos espec&iacute;ficos solicitados n&atilde;o forem considerados pertinentes. <\/p><p>&sect;7&ordm; O Diretor da Comvest indicar&aacute; o presidente para a equipe multiprofissional interdisciplinar, que poder&aacute; comp&ocirc;-la com at&eacute; quatro especialistas. <\/p><p>&sect;8&ordm; O Relat&oacute;rio Oficial ter&aacute; validade somente para as provas do VU 2022. <\/p><p>&sect;9&ordm; Os relat&oacute;rios (do profissional) e a Declara&ccedil;&atilde;o da Escola dever&atilde;o ser enviados, em PDF, atrav&eacute;s do Formul&aacute;rio de Inscri&ccedil;&atilde;o. &sect;10 Poder&atilde;o ser enviados relat&oacute;rios e exames complementares, desde que datados a partir do ano de 2021.<\/p><p>&sect;11 O envio de relat&oacute;rios e exames complementares n&atilde;o substitui o Relat&oacute;rio Oficial, cujo modelo est&aacute; dispon&iacute;vel na p&aacute;gina da Comvest, junto com o Formul&aacute;rio de Inscri&ccedil;&atilde;o.<br><br>&sect;12 O candidato cuja solicita&ccedil;&atilde;o seja considerada inv&aacute;lida ou indeferida poder&aacute; interpor recurso no prazo de at&eacute; 48 horas ap&oacute;s a publica&ccedil;&atilde;o no dia 08 de outubro de 2021, vedada a juntada de documentos.<br><br>&sect;13 Os candidatos com defici&ecirc;ncia ou em condi&ccedil;&otilde;es que exijam recursos espec&iacute;ficos poder&atilde;o ser atendidos, a partir de crit&eacute;rios definidos pela Comvest, das seguintes formas:<br><br><em>I &ndash; atrav&eacute;s de caderno de quest&otilde;es com letra ampliada;<br>II &ndash; com aux&iacute;lio para transcri&ccedil;&atilde;o;<br>III &ndash; com maior tempo para a realiza&ccedil;&atilde;o da prova, tempo este estabelecido de acordo com crit&eacute;rios neuropsicol&oacute;gicos, at&eacute; o limite de 1 hora adicional ao tempo regular;<br>IV &ndash; com direito a ledor para realizar a leitura da prova, transcrever a reda&ccedil;&atilde;o mediante ditado do vestibulando e conferir a transcri&ccedil;&atilde;o para a folha de resposta;<br>V &ndash; atrav&eacute;s de outros recursos, a depender da necessidade comprovada.<\/em><br><br>&sect;14 O candidato que necessitar de tempo adicional de at&eacute; 1 hora ao tempo regulamentar em cada dia de realiza&ccedil;&atilde;o do exame dever&aacute; declarar e comprovar, no processo de inscri&ccedil;&atilde;o, atrav&eacute;s do Relat&oacute;rio Oficial, ser pessoa com defici&ecirc;ncia ou ter outra condi&ccedil;&atilde;o especial. <\/p><p>&sect;15 Os candidatos que tiverem deferidas as solicita&ccedil;&otilde;es dos recursos descritos nos incisos I, II e IV do &sect;13 dever&atilde;o, obrigatoriamente, utiliz&aacute;-los na realiza&ccedil;&atilde;o das provas, n&atilde;o podendo dispens&aacute;-los ou ter acesso ao exame em condi&ccedil;&otilde;es n&atilde;o especiais.<\/p><h3 class=\"wp-block-heading\">Qual &eacute; a taxa de inscri&ccedil;&atilde;o do vestibular Unicamp 2022?<\/h3><p><strong>Artigo 15 &ndash;<\/strong> A <strong>Taxa de Inscri&ccedil;&atilde;o para o VU 2022 ser&aacute; de R$ 180,00<\/strong> (cento e oitenta reais).<\/p><p>&sect;1&ordm; N&atilde;o ser&aacute; aceito pedido de devolu&ccedil;&atilde;o do valor da Taxa de Inscri&ccedil;&atilde;o, ainda que tenha<br>sido pago em valor superior ou em duplicidade<\/p><p>&sect;2&ordm; No per&iacute;odo compreendido entre <strong>9 horas do dia 04 de agosto e 17 horas do dia 06 de agosto de 2021<\/strong>, a Comvest receber&aacute; solicita&ccedil;&otilde;es de redu&ccedil;&atilde;o parcial da Taxa de Inscri&ccedil;&atilde;o do VU 2022, prevista no caput, no valor de 50%, nos termos da Lei estadual n&ordm; 12.782, de 20 de dezembro de 2007. A solicita&ccedil;&atilde;o ser&aacute; efetuada pelos interessados em formul&aacute;rio eletr&ocirc;nico, que estar&aacute; dispon&iacute;vel na p&aacute;gina da Comvest (www.comvest.unicamp.br), desde que preencham, cumulativamente, os seguintes requisitos:<\/p><p>I &ndash; Sejam estudantes, assim considerados os que se encontrem regularmente matriculados em:<br><br>a) uma das s&eacute;ries do Ensino Fundamental ou M&eacute;dio;<br>b) curso pr&eacute;-vestibular;<br>c) curso superior, em n&iacute;vel de gradua&ccedil;&atilde;o ou p&oacute;s&ndash;gradua&ccedil;&atilde;o.<\/p><p>II &ndash; Recebam remunera&ccedil;&atilde;o mensal inferior a dois sal&aacute;rios m&iacute;nimos, ou estejam desempregados.<\/p><p>&sect;3&ordm; os candidatos que solicitaram redu&ccedil;&atilde;o da taxa prevista no par&aacute;grafo anterior dever&atilde;o<br>fazer upload da documenta&ccedil;&atilde;o comprobat&oacute;ria, no momento do preenchimento do<br>formul&aacute;rio eletr&ocirc;nico, na &aacute;rea de inscrito do candidato, conforme especificado a seguir:<br><br><em>I &ndash; Para a comprova&ccedil;&atilde;o da condi&ccedil;&atilde;o de estudante, ser&aacute; aceito um dos seguintes<br>documentos recentes:<br>a) certid&atilde;o ou declara&ccedil;&atilde;o, expedida por institui&ccedil;&atilde;o de ensino, p&uacute;blica ou privada;<br>b) carteira de identidade estudantil ou documento similar, v&aacute;lido, expedido por institui&ccedil;&atilde;o p&uacute;blica ou privada, ou por entidade de representa&ccedil;&atilde;o discente.<\/em><\/p><p><em>II &ndash; Para a comprova&ccedil;&atilde;o de renda, ser&aacute; aceito um dos seguintes documentos recentes: <br>a) contracheque ou recibo de pagamento por servi&ccedil;os prestados ou envelope de pagamento ou declara&ccedil;&atilde;o do empregador; <br>b) extrato de rendimentos fornecido pelo INSS ou outras fontes, referente a aposentadoria, aux&iacute;lio doen&ccedil;a, pens&atilde;o, pec&uacute;lio, aux&iacute;lio reclus&atilde;o e previd&ecirc;ncia privada. Na falta deste, ser&aacute; aceito extrato banc&aacute;rio identificado, com o valor do cr&eacute;dito do benef&iacute;cio; <br>c) recibos de comiss&otilde;es, alugu&eacute;is, pr&oacute;-labores e outros; <br>d) comprovante de recebimento de pens&atilde;o aliment&iacute;cia. Na falta deste, ser&aacute; aceito extrato ou declara&ccedil;&atilde;o de quem a concede, especificando o valor; <br>e) comprovantes de benef&iacute;cios concedidos por Programas Sociais (por exemplo, Bolsa Escola, Bolsa Fam&iacute;lia e Cheque Cidad&atilde;o) ou registro no Cadastro &Uacute;nico para Programas Sociais do Governo Federal (Cad&Uacute;NICO).<\/em><\/p><p><em>III- Para a comprova&ccedil;&atilde;o da condi&ccedil;&atilde;o de desempregado, ser&aacute; aceito um dos seguintes documentos: <br>a) recibos de seguro desemprego e do FGTS; <br>b) documentos de rescis&atilde;o do &uacute;ltimo contrato de trabalho, mesmo que tempor&aacute;rio. No caso de contrato em carteira de trabalho, anexar ainda as c&oacute;pias das p&aacute;ginas de identifica&ccedil;&atilde;o.<\/em><\/p><p>&sect;4&ordm; Ser&atilde;o considerados desempregados os candidatos que, tendo estado empregados em algum momento nos &uacute;ltimos 12 meses, estiverem sem trabalho no per&iacute;odo da inscri&ccedil;&atilde;o.<\/p><p>&sect;5&ordm; A lista dos candidatos beneficiados pela redu&ccedil;&atilde;o parcial de taxa de 50% de que trata o &sect; 2&ordm;. ser&aacute; disponibilizada na p&aacute;gina da Comvest (www.comvest.unicamp.br) no dia 16 de agosto de 2021.<\/p><p>&sect;6&ordm; A inscri&ccedil;&atilde;o no VU 2022, com redu&ccedil;&atilde;o parcial de Taxa de Inscri&ccedil;&atilde;o, somente se efetivar&aacute; com a realiza&ccedil;&atilde;o do pagamento do valor correspondente a 50% da Taxa de Inscri&ccedil;&atilde;o.<\/p><p>&sect;7&ordm; Os candidatos beneficiados pela redu&ccedil;&atilde;o parcial da taxa de que trata o &sect;2&ordm;. dever&atilde;o proceder &agrave; posterior inscri&ccedil;&atilde;o no VU 2022, nos termos do art. 4 desta Resolu&ccedil;&atilde;o, sendo que o boleto banc&aacute;rio emitido ao final do preenchimento do Formul&aacute;rio de Inscri&ccedil;&atilde;o j&aacute; ser&aacute; impresso com o valor da redu&ccedil;&atilde;o.<\/p><h2 class=\"wp-block-heading\"><span class=\"ez-toc-section\" id=\"Capitulo-V-%E2%80%93-Sobre-as-provas\"><\/span>Cap&iacute;tulo V &ndash; Sobre as provas<span class=\"ez-toc-section-end\"><\/span><\/h2><h3 class=\"wp-block-heading\">Como ser&atilde;o as provas do vestibular Unicamp 2022?<\/h3><p><strong>Artigo 16 <\/strong>&ndash; O VU 2022 ser&aacute; realizado em duas fases. Al&eacute;m dessas duas fases, haver&aacute; provas de Habilidades Espec&iacute;ficas para os seguintes cursos: Arquitetura e Urbanismo, Artes C&ecirc;nicas, Artes Visuais, Dan&ccedil;a e Cursos de M&uacute;sica.<\/p><p>&sect;1&ordm; A <strong>1&ordf; fase do VU 2022 ser&aacute; realizada no dia 07 de novembro de 2021<\/strong>. A <strong>2&ordf; fase do VU 2022 ser&aacute; realizada nos dias 09 e 10 de janeiro de 2022<\/strong>.<\/p><p>&sect;2&ordm; As<strong> provas de Habilidades Espec&iacute;ficas para os cursos de M&uacute;sica ser&atilde;o realizadas antes da 1&ordf; fase do VU 2022<\/strong> e ser&atilde;o divididas em duas etapas:<br><br><em>Etapa I: dias 15 a 24 de setembro de 2021 &ndash; envio de arquivo digital para a p&aacute;gina eletr&ocirc;nica da Comvest (www.comvest.unicamp.br). Mais informa&ccedil;&otilde;es est&atilde;o dispon&iacute;veis no Manual do Candidato e na p&aacute;gina da Comvest. A lista de convocados para a Etapa II ser&aacute; divulgada na p&aacute;gina da Comvest, no dia 21 de outubro de 2021. <br>Etapa II: dias 22 a 28 de outubro de 2021 &ndash; envio de arquivo digital para a p&aacute;gina eletr&ocirc;nica da Comvest (www.comvest.unicamp.br). Mais informa&ccedil;&otilde;es est&atilde;o dispon&iacute;veis no Manual do Candidato e na p&aacute;gina da Comvest.<\/em><\/p><p>&sect;3&ordm; As <strong>provas de Habilidades Espec&iacute;ficas, exceto para os cursos de M&uacute;sica, ser&atilde;o realizadas de 13 a 15 de janeiro de 2022<\/strong>. Locais e hor&aacute;rios das provas ser&atilde;o divulgados na p&aacute;gina da Comvest (www.comvest.unicamp.br).<\/p><p><strong>Artigo 17 <\/strong>&ndash; No ato da inscri&ccedil;&atilde;o ao VU 2022, <strong>o candidato deve optar pelo curso em que deseja inscrever-se em 1&ordf; op&ccedil;&atilde;o<\/strong>.<\/p><p>&sect;1&ordm; &Eacute; <strong>facultada ao candidato a inscri&ccedil;&atilde;o em cursos em 2&ordf; op&ccedil;&atilde;o<\/strong>, dentre os cursos que estejam agrupados dentro da respectiva &aacute;rea de conhecimento, a saber, Ci&ecirc;ncias Biol&oacute;gicas\/Sa&uacute;de; Ci&ecirc;ncias Exatas\/Tecnol&oacute;gicas e Ci&ecirc;ncias Humanas\/Artes.<\/p><p>&sect;2&ordm; O Anexo VII indica os cursos de gradua&ccedil;&atilde;o dentro de cada &aacute;rea e que s&atilde;o eleg&iacute;veis como 1&ordf; e 2&ordf; op&ccedil;&atilde;o, quando poss&iacute;vel.<\/p><p>&sect;3&ordm; N&atilde;o podem ser escolhidos em 2&ordf; op&ccedil;&atilde;o os cursos que exigem provas de Habilidades Espec&iacute;ficas, listados no art. 16.<\/p><p>&sect;4&ordm; Para o curso de M&uacute;sica a indica&ccedil;&atilde;o de vagas e os crit&eacute;rios para remanejamento est&atilde;o descritos no Anexo IV.<\/p><p>\n\n\n\n\n\n<a id=\"cta\" class=\"cta-imagem\" href=\"https:\/\/vestibulares.estrategia.com\/curso\/pacote-para-unicamp\/\" target=\"blank\">\n                <img decoding=\"async\" width=\"100%\" src=\"https:\/\/vestibulares.estrategia.com\/portal\/wp-content\/uploads\/2021\/12\/Unicamp.jpg\" alt=\"CTA Curso Vestibular Unicamp\" title=\"CTA Curso Vestibular Unicamp\">\n        <\/a>\n\n\n\n<\/p><p><strong>Artigo 18 &ndash;<\/strong> Os programas das provas do VU 2022, que servem de base para as quest&otilde;es das provas de 1&ordf; e de 2&ordf; fases, constam do Anexo II desta Resolu&ccedil;&atilde;o.<\/p><p><strong>Artigo 19 &ndash;<\/strong> A 1&ordf; fase ser&aacute; constitu&iacute;da de uma &uacute;nica prova de Conhecimentos Gerais<br>composta por 72 (setenta e duas) quest&otilde;es objetivas sobre as &aacute;reas do conhecimento<br>desenvolvidas no Ensino M&eacute;dio, incluindo quest&otilde;es interdisciplinares.<\/p><p>&sect;1&ordm; O candidato ter&aacute; no m&aacute;ximo 4 (quatro) horas e no m&iacute;nimo 2 duas horas para a realiza&ccedil;&atilde;o da prova da 1&ordf; fase. Poder&aacute; ser concedido tempo adicional aos candidatos nos casos previstos no art. 14.<\/p><p>&sect;2&ordm; Cada quest&atilde;o da prova de Conhecimentos Gerais valer&aacute; 1 ponto. A nota da prova da 1&ordf; fase (N) ser&aacute; a nota da prova de Conhecimentos Gerais.<\/p><p>&sect;3&ordm; Ser&atilde;o eliminados do VU 2022 os candidatos ausentes ou que obtiverem nota 0 (zero) na prova da 1&ordf; fase.<\/p><p>&sect;4&ordm; A todo candidato presente ser&aacute; atribu&iacute;da uma nota padronizada da 1&ordf; fase (NPF1). A padroniza&ccedil;&atilde;o atribui 500 pontos &agrave; m&eacute;dia e 100 pontos ao desvio padr&atilde;o das notas brutas. A NPF1 do candidato &eacute; dada por:<\/p><p><strong>NPF1 = 500 + (N &ndash; M) x 100\/DP<\/strong>, em que:<\/p><p><em>1.N &eacute; a nota definida no &sect; 2&ordm;; <br>2. M &eacute; a m&eacute;dia de N dos candidatos presentes na 1&ordf; fase, exclu&iacute;das as notas iguais a 0 (zero), e M ser&aacute; arredondada para uma casa decimal com precis&atilde;o de 0,5. <br>3. DP &eacute; o desvio padr&atilde;o de N dos candidatos presentes na 1&ordf; fase, exclu&iacute;das as notas iguais a 0 (zero), e DP ser&aacute; arredondado para uma casa decimal com precis&atilde;o de 0,5. <br>4. A Nota Padronizada da 1&ordf; fase (NPF1) ser&aacute; arredondada para uma casa decimal com precis&atilde;o de 0,1.<\/em><\/p><p>&sect;5&ordm; Ao candidato presente na Etapa II da prova de Habilidades Espec&iacute;ficas de M&uacute;sica, ser&aacute; atribu&iacute;da uma Nota Padronizada da M&uacute;sica (NPM). A padroniza&ccedil;&atilde;o atribui 500 pontos &agrave; m&eacute;dia e 100 pontos ao desvio padr&atilde;o. A NPM do candidato &eacute; dada por:<\/p><ol class=\"wp-block-list\"><li><em>NM &eacute; a nota da prova de Habilidades Espec&iacute;ficas de M&uacute;sica.<\/em><\/li><li><em>MM &eacute; a m&eacute;dia de NM entre todos os candidatos que realizaram a Etapa II da prova de Habilidades Espec&iacute;ficas de M&uacute;sica, e MM ser&aacute; arredondada para uma casa decimal com precis&atilde;o de 0,5. <\/em><\/li><li><em>DPM &eacute; o desvio padr&atilde;o de NM entre todos os candidatos presentes na Etapa II da prova de Habilidades Espec&iacute;ficas de M&uacute;sica, e DPM ser&aacute; arredondado para uma casa decimal com precis&atilde;o de 0,5. <\/em><\/li><li><em>A nota padronizada da prova de Habilidades Espec&iacute;ficas de M&uacute;sica (NPM) ser&aacute; arredondada para uma casa decimal com precis&atilde;o de 0,1.<\/em><\/li><\/ol><p><strong>Artigo 20 <\/strong>&ndash; A Nota Final da 1&ordf; fase (NF1) ser&aacute; calculada da seguinte maneira:<\/p><p><em>I &ndash; A NF1 ser&aacute; a Nota Padronizada da Prova da 1&ordf; fase (NPF1), calculada segundo o &sect; 4&ordm; do art. 19, exceto para os candidatos aos cursos de M&uacute;sica. <br>II &ndash; Para os candidatos aos cursos de M&uacute;sica, a NF1 ser&aacute; a m&eacute;dia aritm&eacute;tica da NPF1, calculada segundo o &sect; 4&ordm; do art. 19, e da NPM, calculada segundo o &sect; 5&ordm; do art. 19. <br>III &ndash; Aos participantes do PAAIS, ser&aacute; acrescida a pontua&ccedil;&atilde;o conforme art. 9&ordm;.<\/em><\/p><p><strong>Artigo 21 <\/strong>&ndash; A convoca&ccedil;&atilde;o dos candidatos para a 2&ordf; fase ser&aacute; realizada por curso, em ordem decrescente de NF1. Em cada curso, ser&atilde;o convocados os candidatos que optaram pelo curso em primeira op&ccedil;&atilde;o e obtiveram 550 (quinhentos e cinquenta) ou mais pontos na nota final da 1&ordf; fase, NF1 calculada segundo o art. 20.<\/p><p>&sect;1&ordm; O n&uacute;mero de convocados para a 2&ordf; fase, para os cursos cuja rela&ccedil;&atilde;o candidato\/vaga seja menor do que 100 (cem), ser&aacute; limitado ao m&aacute;ximo de 6 (seis) vezes o n&uacute;mero de vagas do curso. Para os cursos cuja rela&ccedil;&atilde;o candidato\/vaga seja superior ou igual a 100 (cem) e menor que 200 (duzentos), o limite ser&aacute; o de 8 (oito) vezes o n&uacute;mero de vagas do curso. Para os cursos cuja rela&ccedil;&atilde;o candidato\/vaga seja superior ou igual a 200 (duzentos), o limite ser&aacute; o de 10 (dez) vezes o n&uacute;mero de vagas do curso, segundo o Anexo I, entre candidatos que optaram pelo curso em primeira op&ccedil;&atilde;o.<\/p><p>&sect; 2&ordm; O n&uacute;mero m&iacute;nimo de convocados para a 2&ordf; fase, em cada curso, ser&aacute; de 4 (quatro) vezes o n&uacute;mero de vagas do curso. Quando esse n&uacute;mero n&atilde;o for atingido aplicando-se o crit&eacute;rio do caput, ser&atilde;o convocados candidatos que optaram pelo curso em 1&ordf; op&ccedil;&atilde;o, em ordem decrescente de NFI, desde que cumprido o disposto no &sect; 3&ordm; do art. 19, at&eacute; esse n&uacute;mero ser atingido.<\/p><p>&sect;3&ordm; Para o c&aacute;lculo dos limites de convocados do &sect; 1&ordm; deste artigo, n&atilde;o ser&atilde;o computados os candidatos que n&atilde;o completar&atilde;o o Ensino M&eacute;dio no ano letivo de 2021, segundo declara&ccedil;&atilde;o feita no campo apropriado do Formul&aacute;rio de Inscri&ccedil;&atilde;o ao VU 2022.<\/p><p>&sect;4&ordm; Ocorrendo empate na &uacute;ltima coloca&ccedil;&atilde;o, em qualquer situa&ccedil;&atilde;o, ser&atilde;o convocados para a 2&ordf; fase todos os candidatos nessa condi&ccedil;&atilde;o.<\/p><p><strong>Artigo 22 &ndash;<\/strong> Os crit&eacute;rios de convoca&ccedil;&atilde;o para a 2&ordf; fase descritos no art. 21 ser&atilde;o aplicados igualmente entre os optantes e n&atilde;o optantes por reserva de vagas (cotas) para autodeclarados pretos e pardos.<\/p><p><strong>Artigo 23<\/strong> &ndash; A 2&ordf; fase ser&aacute; constitu&iacute;da de provas com quest&otilde;es dissertativas, distribu&iacute;das em dois dias, sobre as &aacute;reas do conhecimento desenvolvidas no Ensino M&eacute;dio, como estabelecidas nas Orienta&ccedil;&otilde;es Curriculares para o Ensino M&eacute;dio do MEC e na Proposta Curricular do Estado de S&atilde;o Paulo, seguindo os programas constantes do Anexo II a esta Resolu&ccedil;&atilde;o.<\/p><p>&sect;1&ordm; As provas da 2&ordf; fase ter&atilde;o uma parte comum para todos os candidatos e uma parte diversificada, de acordo com a &aacute;rea de conhecimento do curso escolhido em 1&ordf; op&ccedil;&atilde;o (Ci&ecirc;ncias Biol&oacute;gicas\/Sa&uacute;de; Ci&ecirc;ncias Exatas\/Tecnol&oacute;gicas; Ci&ecirc;ncias Humanas\/Artes).<\/p><p>&sect;2&ordm; Cada quest&atilde;o dissertativa valer&aacute; 4 (quatro) pontos, cada uma contendo 2 (dois) itens, valendo 2 (dois) pontos cada item.<\/p><p>&sect;3&ordm; As provas da 2&ordf; fase ser&atilde;o realizadas em dois dias consecutivos, obedecendo &agrave; seguinte distribui&ccedil;&atilde;o:<\/p><p><em>I &ndash; Primeiro dia: provas comuns a todos os candidatos. <br>a) prova de Reda&ccedil;&atilde;o (composta por duas propostas de textos para que o candidato eleja e execute apenas uma proposta); <\/em><br><em>b) prova de L&iacute;ngua Portuguesa e Literaturas de L&iacute;ngua Portuguesa, com 8 (oito) quest&otilde;es; <\/em><br><em>c) prova Interdisciplinar: com 2 (duas) quest&otilde;es interdisciplinares em l&iacute;ngua inglesa.<\/em><\/p><p><em>II &ndash; Segundo dia: provas comuns a todos os candidatos. <br>a) prova de Matem&aacute;tica com 6 (seis) quest&otilde;es; <br>b) prova Interdisciplinar: com 2 (duas) quest&otilde;es interdisciplinares de Ci&ecirc;ncias Humanas e 2 (duas) quest&otilde;es interdisciplinares de Ci&ecirc;ncias da Natureza.<\/em><\/p><p><em>III &ndash; Segundo dia: duas provas de conhecimentos espec&iacute;ficos (PCE), cada uma com 6 (seis) quest&otilde;es, conforme a op&ccedil;&atilde;o de curso. <br>a) candidatos da &aacute;rea de Ci&ecirc;ncias Biol&oacute;gicas\/Sa&uacute;de: prova de Biologia e prova de Qu&iacute;mica; <br>b) candidatos da &aacute;rea de Ci&ecirc;ncias Exatas\/Tecnol&oacute;gicas: prova de F&iacute;sica e prova de Qu&iacute;mica; <br>c) candidatos da &aacute;rea de Ci&ecirc;ncias Humanas\/Artes: prova de Geografia e prova de Hist&oacute;ria, englobando conte&uacute;dos de Filosofia e Sociologia.<\/em><\/p><p>&sect;4&ordm; O <strong>candidato ter&aacute; no m&aacute;ximo 5 (cinco) horas e no m&iacute;nimo 2 (duas) horas para a realiza&ccedil;&atilde;o das provas estabelecidas para cada dia<\/strong>. Poder&aacute; ser concedido tempo adicional aos candidatos nos casos previstos no art. 14.<\/p><p>&sect;5&ordm; A <strong>aus&ecirc;ncia ou a obten&ccedil;&atilde;o de nota 0 (zero) em qualquer uma das provas<\/strong>, exceto nas provas de Habilidades Espec&iacute;ficas, eliminar&aacute; o candidato do VU 2022.<\/p><p>&sect;6&ordm; Para a composi&ccedil;&atilde;o das notas, considera-se a realiza&ccedil;&atilde;o das seguintes provas:<\/p><p><em>a) 4 (quatro) provas comuns a todos os candidatos: prova de Reda&ccedil;&atilde;o; prova de L&iacute;ngua Portuguesa e Literaturas de L&iacute;ngua Portuguesa; prova de Matem&aacute;tica; prova Interdisciplinar (Ingl&ecirc;s, Ci&ecirc;ncias Humanas e Ci&ecirc;ncias da Natureza); <br>b) 2 (duas) provas de conhecimentos espec&iacute;ficos, conforme a &aacute;rea do curso de op&ccedil;&atilde;o: prova de Biologia e prova de Qu&iacute;mica (para Ci&ecirc;ncias Biol&oacute;gicas\/Sa&uacute;de); prova de F&iacute;sica e prova de Qu&iacute;mica (para Exatas\/Tecnol&oacute;gicas); prova de Geografia e prova de Hist&oacute;ria (para Humanas\/Artes); <br>c) prova de Habilidades Espec&iacute;ficas, para os cursos que a exigem.<\/em><\/p><p><strong>Artigo 24 <\/strong>&ndash; As provas de Habilidades Espec&iacute;ficas valem, no m&aacute;ximo, 48 (quarenta e oito) pontos. O formato da prova e os crit&eacute;rios de avalia&ccedil;&atilde;o das provas de Habilidades Espec&iacute;ficas de cada curso est&atilde;o detalhados no Manual do Candidato.<\/p><p>&sect;1&ordm; O candidato que n&atilde;o realizar ou obtiver nota 0 (zero) em qualquer uma das etapas das provas de Habilidades Espec&iacute;ficas no VU 2022 ser&aacute; eliminado do curso de primeira op&ccedil;&atilde;o e continuar&aacute; concorrendo somente em sua segunda op&ccedil;&atilde;o, caso ela exista.<\/p><p>&sect;2&ordm; Ser&atilde;o divulgadas as notas parciais obtidas pelos candidatos nas v&aacute;rias etapas das provas nos cursos que exigem provas de Habilidades Espec&iacute;ficas.<\/p><p>&sect;3&ordm; Para os candidatos aos cursos de M&uacute;sica a NHE &eacute; igual a NPM definida no &sect;5&ordm; do art. 19.<\/p><p><strong>Artigo 25 <\/strong>&ndash; Para o c&aacute;lculo da nota final do candidato e de sua classifica&ccedil;&atilde;o, as notas das provas da 2&ordf; fase, incluindo a prova de Reda&ccedil;&atilde;o e de Habilidades Espec&iacute;ficas, quando houver, ser&atilde;o padronizadas da seguinte maneira:<\/p><p>I &ndash; Ao candidato ser&aacute; atribu&iacute;da uma nota padronizada (NP) em cada prova. A padroniza&ccedil;&atilde;o atribuir&aacute; 500 pontos &agrave; m&eacute;dia e 100 pontos ao desvio padr&atilde;o. A NP do candidato em cada prova ser&aacute; dada por:<\/p><p><em>NP = 500 + (N &ndash; M) x 100\/DP, em que:<\/em><\/p><ol class=\"wp-block-list\"><li><em>N &eacute; a nota bruta obtida pelo candidato na prova; <\/em><\/li><li><em>M &eacute; a m&eacute;dia da prova entre todos os candidatos que a fizeram e obtiveram nota maior do que 0 (zero). M ser&aacute; arredondada para uma casa decimal com precis&atilde;o de 0,5; <\/em><\/li><li><em>DP &eacute; o desvio padr&atilde;o da distribui&ccedil;&atilde;o de notas da prova entre todos os candidatos que a fizeram e obtiveram nota maior do que 0 (zero). DP ser&aacute; arredondado para uma casa decimal com precis&atilde;o de 0,5;<\/em><\/li><li><em>a nota padronizada NP ser&aacute; arredondada uma casa decimal com precis&atilde;o de 0,1; <\/em><\/li><li><em>a nota padronizada da 1&ordf; fase ser&aacute; calculada segundo o art. 19; <\/em><\/li><li><em>&agrave; nota dos participantes do PAAIS ser&aacute; acrescida a pontua&ccedil;&atilde;o conforme o art. 9&ordm;.<\/em><\/li><\/ol><p>II &ndash; Ao candidato ser&aacute; atribu&iacute;da uma Nota Padronizada de Op&ccedil;&atilde;o (NPO), para cada op&ccedil;&atilde;o de curso escolhido, que definir&aacute; a classifica&ccedil;&atilde;o do candidato em suas op&ccedil;&otilde;es, segundo o Anexo III. A NPO ser&aacute; dada por: NPO = 0,15 NF1 + 0,20 NR + 0,65 NF2.<\/p><p><strong>Artigo 26 <\/strong>&ndash; Para cada curso, at&eacute; duas provas s&atilde;o consideradas priorit&aacute;rias. A cada prova priorit&aacute;ria &eacute; atribu&iacute;da a Nota M&iacute;nima de Op&ccedil;&atilde;o (NMO), que &eacute; utilizada, conforme o Anexo III, para classifica&ccedil;&atilde;o e convoca&ccedil;&atilde;o dos candidatos em cada op&ccedil;&atilde;o. Os candidatos ser&atilde;o classificados de acordo com os pesos das provas, as provas priorit&aacute;rias e as NMOs consideradas no VU 2022, de acordo com o Anexo III.<\/p><p><strong>Artigo 27 &ndash;<\/strong> Em caso de anula&ccedil;&atilde;o de alguma quest&atilde;o ou parte de provas, por qualquer que seja a raz&atilde;o, ser&aacute; atribu&iacute;da a pontua&ccedil;&atilde;o m&aacute;xima ao que foi anulado, com os seguintes valores:<\/p><p>I &ndash; Na prova da 1&ordf; fase, cada quest&atilde;o vale 1 (um) ponto; <br>II &ndash; A prova de Reda&ccedil;&atilde;o vale, no m&aacute;ximo, 12 (doze) pontos; <br>III &ndash; Nas provas da 2&ordf; fase, cada quest&atilde;o vale, no m&aacute;ximo, 4 (quatro) pontos.<\/p><p><strong>Artigo 28 &ndash;<\/strong> N&atilde;o ser&aacute; concedida vista ou revis&atilde;o de provas. Eventuais obje&ccedil;&otilde;es a alguma quest&atilde;o do exame, encaminhadas &agrave; Comvest por remetente identificado, apresentadas por correio eletr&ocirc;nico, no prazo de at&eacute; 3 (tr&ecirc;s) dias ap&oacute;s a realiza&ccedil;&atilde;o de cada prova, ser&atilde;o analisadas pelas Bancas Elaboradoras, desde que devidamente embasadas. O resultado do recurso\/impugna&ccedil;&atilde;o ser&aacute; comunicado exclusivamente ao interessado, atrav&eacute;s de correio eletr&ocirc;nico.<\/p><p><strong>Artigo 29<\/strong> &ndash; A guarda da documenta&ccedil;&atilde;o e das provas dos candidatos ao VU 2022 dar-se-&aacute; pelo per&iacute;odo de 06 (seis) meses a contar da data da &uacute;ltima chamada para matr&iacute;cula. Para efeito de guarda da prova da 1&ordf;. fase, consideram-se exclusivamente as folhas de respostas nas quais os candidatos preenchem a alternativa escolhida (ficha de corre&ccedil;&atilde;o com leitura &oacute;tica). Os cadernos de quest&otilde;es ser&atilde;o eliminados imediatamente ap&oacute;s a aplica&ccedil;&atilde;o da prova.<\/p><h2 class=\"wp-block-heading\"><span class=\"ez-toc-section\" id=\"Capitulo-VI-%E2%80%93-Matriculas-Unicamp-2022\"><\/span>Cap&iacute;tulo VI &ndash; Matr&iacute;culas Unicamp 2022<span class=\"ez-toc-section-end\"><\/span><\/h2><p><strong>Artigo 30 &ndash;<\/strong> Os candidatos ser&atilde;o convocados por meio de chamadas para matr&iacute;cula online, de acordo com o calend&aacute;rio estabelecido pela Comvest, obedecendo-se o n&uacute;mero de vagas oferecidas no VU 2022, por curso e por modalidade de inscri&ccedil;&atilde;o (ampla concorr&ecirc;ncia, incluindo-se os convocados pelo PAAIS, e as reservas de vagas para pretos e pardos).<\/p><p>&sect;1&ordm; Durante o per&iacute;odo de chamadas e matr&iacute;culas online, os candidatos poder&atilde;o cancelar a matr&iacute;cula efetivada, conforme o calend&aacute;rio divulgado na p&aacute;gina da Comvest.<\/p><p>&sect;2&ordm; O cancelamento da matr&iacute;cula &eacute; irrevers&iacute;vel e expressa a desist&ecirc;ncia do candidato &agrave; vaga para a qual havia sido convocado, permitindo que a Comvest convoque outros candidatos para essa vaga.<\/p><p><strong>Artigo 31 &ndash;<\/strong> Ocorrer&atilde;o chamadas de convocados para matr&iacute;cula e declara&ccedil;&atilde;o de interesse por vagas em datas, procedimentos e formatos estabelecidos no Manual do Candidato. Ser&aacute; respeitada a reserva de vaga (cotas) indicada no &sect; 1&ordm; do art. 7&ordm; desta Resolu&ccedil;&atilde;o.<\/p><p><strong>Artigo 32 <\/strong>&ndash; Em todas as chamadas, os candidatos ser&atilde;o classificados e convocados segundo os seguintes crit&eacute;rios:<\/p><p><em>I &ndash; em cada curso, ser&atilde;o convocados por ordem decrescente de NPO os candidatos que optaram pelo curso em 1&ordf; op&ccedil;&atilde;o e que obtiveram notas padronizadas nas disciplinas priorit&aacute;rias superiores ou iguais &agrave;s NMOs estabelecidas no art. 26 e cumprido o especificado no art. 7&ordm;;<br>II &ndash; havendo vagas n&atilde;o preenchidas pelo crit&eacute;rio I, ser&atilde;o convocados por ordem decrescente de NPO todos os candidatos que optaram pelo curso, independentemente da ordem da op&ccedil;&atilde;o e das notas nas disciplinas priorit&aacute;rias do curso;<br>III &ndash; havendo vagas n&atilde;o preenchidas pelos crit&eacute;rios I e II para um curso, ser&atilde;o convocados candidatos que optaram por cursos afins que n&atilde;o foram convocados para os cursos de suas op&ccedil;&otilde;es, em ordem decrescente de NPO para o curso onde a vaga estiver dispon&iacute;vel, independentemente das op&ccedil;&otilde;es originais dos candidatos. Os cursos afins s&atilde;o definidos por Portaria Interna da Comvest.<\/em><\/p><p>&sect;1&ordm; Os seguintes grupos de cursos s&atilde;o considerados como op&ccedil;&otilde;es associadas para efeito de classifica&ccedil;&atilde;o e convoca&ccedil;&atilde;o. Os candidatos em 1&ordf; op&ccedil;&atilde;o aos cursos dos seguintes grupos, que solicitarem outro curso do grupo como 2&ordf; op&ccedil;&atilde;o, ser&atilde;o classificados de acordo com o crit&eacute;rio I para o conjunto das suas op&ccedil;&otilde;es, tendo o desempenho do candidato preced&ecirc;ncia sobre a ordem das op&ccedil;&otilde;es<\/p><p><em>a) Engenharia El&eacute;trica (Integral) e Engenharia El&eacute;trica (Noturno); <br>b) Engenharia Qu&iacute;mica (Integral) e Engenharia Qu&iacute;mica (Noturno); <br>c) Engenharia de Manufatura (Integral) e Engenharia de Produ&ccedil;&atilde;o (Integral); <br>d) Geografia (Integral) e Geografia (Noturno); <br>e) Educa&ccedil;&atilde;o F&iacute;sica (Integral); Educa&ccedil;&atilde;o F&iacute;sica (Noturno) e Ci&ecirc;ncias do Esporte (Integral); <br>f) Tecnologia em An&aacute;lise e Desenvolvimento de Sistemas (Noturno) e Sistemas de Informa&ccedil;&atilde;o (Integral).<\/em><\/p><p>&sect;2&ordm; Os candidatos que n&atilde;o estiverem aptos a se matricular por n&atilde;o terem conclu&iacute;do o Ensino M&eacute;dio at&eacute; o final de 2021 n&atilde;o ser&atilde;o inclu&iacute;dos nas listas de convocados.<\/p><p><strong>Artigo 33 <\/strong>&ndash; Ocorrendo empate na &uacute;ltima coloca&ccedil;&atilde;o de algum curso, o crit&eacute;rio de desempate &eacute; a NP das provas das disciplinas priorit&aacute;rias do curso, na ordem em que s&atilde;o apresentadas no Anexo III para cada curso. Persistindo o empate, prevalecer&atilde;o as notas padronizadas das provas na ordem em que s&atilde;o apresentadas no &sect; 3&ordm; do art. 23.<\/p><p><strong>Artigo 34 &ndash; <\/strong>A matr&iacute;cula dos candidatos convocados para os cursos de gradua&ccedil;&atilde;o da Unicamp cabe exclusivamente &agrave; Diretoria Acad&ecirc;mica &ndash; DAC, exigindo-se, neste ato, o upload dos documentos relacionados nos incisos deste artigo no Sistema de Gest&atilde;o Acad&ecirc;mica (SIGA).<\/p><p><em>I- Para todos os candidatos:<br>a) Diploma ou Certificado de Conclus&atilde;o do ensino m&eacute;dio ou equivalente.<\/em><\/p><p><em>II- Para optantes por cotas &eacute;tnico-raciais: <br>a) Autodeclara&ccedil;&atilde;o &eacute;tnico-racial, conforme modelo do Anexo V do Edital, devidamente assinada.<\/em><\/p><p><em>III- Para optantes pelo PAAIS- Ensino Fundamental II: <br>Para quem declarou ter cursado integralmente em escola p&uacute;blica brasileira o Ensino Fundamental II (da 5&ordf; a 8&ordf; s&eacute;rie ou 6&ordm; ao 9&ordm; ano): <br>a) Hist&oacute;rico Escolar Completo do Ensino Fundamental II realizado em estabelecimentos da rede p&uacute;blica brasileira (federal, estadual, municipal). <br>b) Declara&ccedil;&atilde;o de que n&atilde;o cursou, em nenhum momento, parte do Ensino Fundamental II em escola particular, mesmo como bolsista integral, conforme modelo do Anexo VI.<\/em><\/p><p><em>IV- Para optantes pelo PAAIS- Ensino M&eacute;dio: Para quem declarou ter cursado integralmente em escola p&uacute;blica brasileira o Ensino M&eacute;dio (do 1&ordm; ao 3&ordm; ano): <br>a) Hist&oacute;rico Escolar Completo do Ensino M&eacute;dio realizado em estabelecimentos da rede p&uacute;blica brasileira (federal, estadual, municipal). <br>b) Declara&ccedil;&atilde;o de que n&atilde;o cursou, em nenhum momento, parte do Ensino M&eacute;dio em escola particular, mesmo como bolsista integral, conforme modelo do Anexo VI.<\/em><\/p><p><em>V- Para optantes pelo PAAIS Ensino Fundamental II e Ensino M&eacute;dio: <br>Para quem declarou ter cursado integralmente em escola p&uacute;blica brasileira o Ensino Fundamental II (da 5&ordf; a 8&ordf; s&eacute;rie ou 6&ordm; ao 9&ordm; ano) e o Ensino M&eacute;dio (do 1&ordm; ao 3&ordm; ano): <br>a) Hist&oacute;rico Escolar Completo do Ensino Fundamental II realizado em estabelecimentos da rede p&uacute;blica brasileira (federal, estadual, municipal). <br>b) Hist&oacute;rico Escolar Completo do Ensino M&eacute;dio realizado em estabelecimentos da rede p&uacute;blica brasileira (federal, estadual, municipal). <br>c) Declara&ccedil;&atilde;o de que n&atilde;o cursou, em nenhum momento, parte do Ensino Fundamental II e Ensino M&eacute;dio em escola particular, mesmo como bolsista integral, conforme modelo do Anexo VI.<\/em><\/p><p><em>VI &ndash; Para optantes pelo PAAIS com uso de exames de certifica&ccedil;&atilde;o: <br>Para quem possui Certificado de conclus&atilde;o do Ensino M&eacute;dio por meio do ENEM (at&eacute; 2016); Certificado de conclus&atilde;o do ENCCEJA; Certificado ou declara&ccedil;&atilde;o de conclus&atilde;o do Ensino M&eacute;dio por meio do EJA, modalidades presencial, semipresencial ou a dist&acirc;ncia:<br>a) Declara&ccedil;&atilde;o de que n&atilde;o cursou, em nenhum momento, parte do Ensino M&eacute;dio em escola particular, mesmo como bolsista integral, conforme modelo do Anexo VI.<\/em><\/p><p>VII &ndash; Para os candidatos do curso de Medicina &eacute; exigida c&oacute;pia da carteira de vacina&ccedil;&atilde;o atualizada. <\/p><p>&sect;1&ordm; S&atilde;o considerados equivalentes para efeito de comprova&ccedil;&atilde;o da conclus&atilde;o do Ensino M&eacute;dio o Certificado de conclus&atilde;o do Ensino M&eacute;dio por meio do ENEM (at&eacute; 2016); Certificado de conclus&atilde;o do ENCCEJA; Certificado ou declara&ccedil;&atilde;o de conclus&atilde;o do Ensino M&eacute;dio por meio do EJA, modalidades presencial, semipresencial ou a dist&acirc;ncia. <\/p><p>&sect;2&ordm; O candidato que tenha conclu&iacute;do estudos equivalentes ao Ensino M&eacute;dio no exterior deve apresentar parecer de equival&ecirc;ncia de estudos expedido pela Diretoria de Ensino da Jurisdi&ccedil;&atilde;o do endere&ccedil;o domiciliar do interessado ou pela Secretaria da Educa&ccedil;&atilde;o estadual ou municipal, conforme a compet&ecirc;ncia legal. <\/p><p>&sect;3&ordm; Em caso de d&uacute;vidas quanto &agrave; identifica&ccedil;&atilde;o ou &agrave; documenta&ccedil;&atilde;o do candidato, a Unicamp poder&aacute; requerer laudos de especialistas, incluindo exames grafot&eacute;cnicos sobre assinaturas, provas ou outros documentos considerados relevantes.<\/p><p>&sect;4&ordm; A autodeclara&ccedil;&atilde;o &eacute;tnico-racial ser&aacute; submetida &agrave; aprecia&ccedil;&atilde;o da Comiss&atilde;o de Averigua&ccedil;&atilde;o prevista no &sect;3&ordm; do art. 8&ordm;.<\/p><p><strong>Artigo 35<\/strong> &ndash; Uma vez regularmente matriculado, e no prazo de at&eacute; 30 dias, o aluno dever&aacute;, utilizando o seu nome de usu&aacute;rio (username) e senha, recebidos no ato da matr&iacute;cula, fazer o upload no Sistema de Gest&atilde;o Acad&ecirc;mica (SIGA) frente e verso dos documentos a seguir, os quais constar&atilde;o de seu Processo de Vida Acad&ecirc;mica: <br><em>I &ndash; Certid&atilde;o de Nascimento ou Casamento; <br>II &ndash; C&eacute;dula de Identidade Nacional (para brasileiros); CRNM &ndash; Carteira de Registro Nacional Migrat&oacute;rio (para estrangeiros residentes no Brasil); <br>III &ndash; Cadastro de Pessoa F&iacute;sica &ndash; CPF, para os brasileiros e estrangeiros. N&atilde;o ser&aacute; aceito CPF de respons&aacute;vel; <br>IV &ndash; T&iacute;tulo de Eleitor ou e-T&iacute;tulo, para os brasileiros maiores de 18 anos; <br>V &ndash; Certificado de Reservista ou Atestado de Alistamento Militar ou Atestado de Matr&iacute;cula pelo Centro de Prepara&ccedil;&atilde;o de Oficiais da Reserva (CPOR) ou pelo N&uacute;cleo de Prepara&ccedil;&atilde;o de Oficiais da Reserva (NPOR), para os brasileiros maiores de 18 anos, do sexo masculino;<\/em><\/p><p>&sect;1&ordm; O aluno menor de 18 anos deve carregar os documentos mencionados nos incisos IV e V do artigo anterior t&atilde;o logo esteja de posse deles ou at&eacute; o final do segundo semestre letivo do ano de ingresso. <\/p><p>&sect;2&ordm; A n&atilde;o observ&acirc;ncia do disposto neste artigo acarretar&aacute; o bloqueio da matr&iacute;cula no semestre subsequente.<\/p><p><strong>Artigo 36 <\/strong>&ndash; A qualquer momento, os alunos poder&atilde;o ser convocados pela Diretoria Acad&ecirc;mica (DAC) a apresentarem a documenta&ccedil;&atilde;o original constante nos arts. 34 e 35 para confer&ecirc;ncia. Caso se comprove, em qualquer momento ap&oacute;s a matr&iacute;cula efetuada, que os documentos comprobat&oacute;rios exigidos nos arts. 34 e 35 n&atilde;o s&atilde;o leg&iacute;timos ou id&ocirc;neos, ou est&atilde;o em desacordo com o estabelecido nesta Resolu&ccedil;&atilde;o, a matr&iacute;cula ser&aacute; cancelada. Caso o estudante tenha conclu&iacute;do o curso, seu diploma ser&aacute; considerado inv&aacute;lido pela Unicamp.<\/p><p><strong>Artigo 37 <\/strong>&ndash; O aluno que pretenda conseguir aproveitamento de estudos de disciplinas anteriormente cursadas em outra Institui&ccedil;&atilde;o de Ensino Superior (IES) dever&aacute; apresentar, al&eacute;m dos documentos anteriormente mencionados, a seguinte documenta&ccedil;&atilde;o: <br><em>I &ndash; Hist&oacute;rico Escolar completo contendo data de nascimento, RG, notas, unidades de cr&eacute;ditos e\/ou respectivas cargas hor&aacute;rias das disciplinas cursadas; <br>II &ndash; programas pormenorizados das disciplinas cursadas, devidamente autenticados pelas IES de origem; <br>III &ndash; comprovante de autoriza&ccedil;&atilde;o de funcionamento ou reconhecimento do curso, exceto para alunos oriundos de IES estrangeira.<\/em><\/p><p>Par&aacute;grafo &uacute;nico. Os procedimentos para solicita&ccedil;&atilde;o de Aproveitamento de Estudos est&atilde;o contidos no site da DAC (<a href=\"https:\/\/www.dac.unicamp.br\/portal\/\" target=\"_blank\">https:\/\/www.dac.unicamp.br\/portal\/<\/a>).<\/p><p><strong>Artigo 38 &ndash;<\/strong> O candidato convocado para a sua 2&ordf; op&ccedil;&atilde;o, em qualquer chamada do VU 2022, dever&aacute; optar exclusivamente por uma das situa&ccedil;&otilde;es a seguir: <br><br><em>I &ndash; realizar a matr&iacute;cula a que foi convocado, em dia e hor&aacute;rio conforme divulgado, mantendo interesse por futuro remanejamento para o curso em primeira op&ccedil;&atilde;o, que poder&aacute; ocorrer durante as chamadas para matr&iacute;cula do VU 2022. Esse interesse ser&aacute; indicado no ato da matr&iacute;cula; <br>II &ndash; realizar a matr&iacute;cula a que foi convocado, em dia e hor&aacute;rio conforme divulgado, desistindo irrevogavelmente de poss&iacute;vel remanejamento para o curso de sua primeira op&ccedil;&atilde;o, que poderia ocorrer durante as chamadas para matr&iacute;cula do VU 2022. Essa desist&ecirc;ncia ser&aacute; indicada no ato da matr&iacute;cula;<\/em><br><em>III &ndash; n&atilde;o realizar a matr&iacute;cula a que foi convocado, perdendo irrevogavelmente o direito &agrave; vaga no curso de segunda op&ccedil;&atilde;o. O candidato continuar&aacute;, conforme as disposi&ccedil;&otilde;es e normas desta Resolu&ccedil;&atilde;o, a concorrer por uma vaga ao curso de primeira op&ccedil;&atilde;o.<\/em><\/p><p>Par&aacute;grafo &uacute;nico. Qualquer uma das situa&ccedil;&otilde;es previstas neste artigo, realizada no ato da matr&iacute;cula, &eacute; irrevers&iacute;vel e irrevog&aacute;vel. <\/p><p><strong>Artigo 39 <\/strong>&ndash; A matr&iacute;cula s&oacute; poder&aacute; ser efetuada nos dias e hor&aacute;rios estipulados no Manual do Candidato e divulgados na p&aacute;gina da Comvest (www.comvest.unicamp.br). <\/p><p>&sect;1&ordm; O candidato que n&atilde;o realizar o upload da documenta&ccedil;&atilde;o exigida no art. 34 n&atilde;o ter&aacute; sua matr&iacute;cula efetuada. <\/p><p>&sect;2&ordm; N&atilde;o se admite, em hip&oacute;tese alguma, matr&iacute;cula condicional. <\/p><p><strong>Artigo 40<\/strong> &ndash; Constatadas desist&ecirc;ncias ap&oacute;s a matr&iacute;cula da 1&ordf; chamada, novas listas de convocados ser&atilde;o publicadas na p&aacute;gina da Comvest (www.comvest.unicamp.br), seguindose a ordem de classifica&ccedil;&atilde;o estabelecida conforme o art. 26, nas datas constantes do Manual do Candidato e divulgadas na p&aacute;gina da Comvest (www.comvest.unicamp.br)<\/p><h2 class=\"wp-block-heading\"><span class=\"ez-toc-section\" id=\"Capitulo-VII-%E2%80%93-Sobre-as-prioridades-nos-sistemas-de-ingresso-Unicamp\"><\/span>Cap&iacute;tulo VII &ndash; Sobre as prioridades nos sistemas de ingresso Unicamp<span class=\"ez-toc-section-end\"><\/span><\/h2><p><strong>Artigo 41 <\/strong>&ndash; O candidato que participar de mais de um dos sistemas de sele&ccedil;&atilde;o previstos na Delibera&ccedil;&atilde;o CONSU-A-032\/2017 (Vestibular Unicamp, Edital ENEM-Unicamp, Vestibular Ind&iacute;gena, Edital &ldquo;Vagas Ol&iacute;mpicas&rdquo;) ser&aacute; exclu&iacute;do, automaticamente, das vagas em outros sistemas quando efetivar a sua matr&iacute;cula no sistema no qual foi convocado. <\/p><p><strong>Artigo 42 <\/strong>&ndash; Caso um candidato tenha sido convocado no mesmo curso, na mesma chamada, no VU 2022 e em outros sistemas de ingresso, a vaga a ser preenchida ser&aacute; a do VU 2022, permitindo que sejam convocados outros candidatos pelos demais sistemas. <\/p><p><strong>Artigo 43 <\/strong>&ndash; Caso um candidato tenha sido convocado em cursos diferentes, na mesma chamada, no VU 2022 e em outro(s) sistema(s) de ingresso, ser&aacute; considerada como op&ccedil;&atilde;o a matr&iacute;cula que ele tenha efetivado primeiro, como gesto de sua deliberada escolha.<\/p><p><strong>Artigo 44 <\/strong>&ndash; Caso um candidato inscrito no mesmo curso seja convocado em qualquer sistema e n&atilde;o realize sua matr&iacute;cula quando for convocado, seu nome ser&aacute; exclu&iacute;do das chamadas em outros sistemas.<\/p><h2 class=\"wp-block-heading\"><span class=\"ez-toc-section\" id=\"Capitulo-VIII-%E2%80%93-Disposicoes-gerais\"><\/span>Cap&iacute;tulo VIII &ndash; Disposi&ccedil;&otilde;es gerais<span class=\"ez-toc-section-end\"><\/span><\/h2><p><strong>Artigo 45<\/strong> &ndash; &Eacute; vedada, por lei, a matr&iacute;cula simult&acirc;nea em mais de uma institui&ccedil;&atilde;o p&uacute;blica brasileira de ensino superior federal, estadual ou municipal. Em qualquer caso, constatada matr&iacute;cula simult&acirc;nea, a Universidade adotar&aacute; os procedimentos previstos na Lei Federal n&ordm; 12.089, de 11\/11\/2009.<\/p><p><strong>Artigo 46<\/strong> &ndash; O aluno j&aacute; matriculado em um curso da Unicamp e que, em virtude de aprova&ccedil;&atilde;o no VU 2022, efetuar matr&iacute;cula em novo curso, ter&aacute; sua matr&iacute;cula cancelada no curso anterior, prevalecendo a vaga conseguida no VU 2022. <\/p><p><strong>Artigo 47 <\/strong>&ndash; Os resultados do VU 2022 s&atilde;o v&aacute;lidos para a matr&iacute;cula no primeiro per&iacute;odo letivo imediatamente subsequente &agrave; sua realiza&ccedil;&atilde;o. <\/p><p><strong>Artigo 48<\/strong> &ndash; N&atilde;o ser&aacute; permitida a permuta de vagas entre candidatos classificados no VU 2022 ou outros sistemas de ingresso &agrave; Unicamp. <\/p><p><strong>Artigo 49<\/strong> &ndash; Ser&aacute; eliminado do VU 2022 o candidato que desrespeitar as normas desta Resolu&ccedil;&atilde;o e demais instru&ccedil;&otilde;es de realiza&ccedil;&atilde;o das provas contidas no Manual do Candidato e na folha de rosto do caderno de quest&otilde;es das provas de 1&ordf; e 2&ordf; fases. <\/p><p><strong>Artigo 50 <\/strong>&ndash; O candidato convocado e regularmente matriculado ser&aacute; submetido a identifica&ccedil;&atilde;o civil, em datas e hor&aacute;rios a serem definidos pela Comvest. O candidato que, por qualquer motivo, n&atilde;o realizar tal procedimento nos prazos e na forma definidos pela Comvest ter&aacute; sua matr&iacute;cula cancelada. <\/p><p><strong>Artigo 51<\/strong> &ndash; Ser&aacute; eliminado do VU 2022 e ter&aacute; sua matr&iacute;cula na Unicamp cancelada, caso j&aacute; efetuada, o candidato que recorrer a qualquer forma de fraude, independentemente do momento em que for constatada a fraude.<\/p><p><strong>Artigo 52 <\/strong>&ndash; A presta&ccedil;&atilde;o de informa&ccedil;&otilde;es falsas ou a apresenta&ccedil;&atilde;o de documenta&ccedil;&atilde;o inid&ocirc;nea pelo estudante, apurada posteriormente &agrave; matr&iacute;cula, em procedimento que lhe assegure o contradit&oacute;rio e a ampla defesa, ensejar&aacute; o cancelamento de sua matr&iacute;cula junto &agrave; Unicamp, sem preju&iacute;zo das san&ccedil;&otilde;es penais eventualmente cab&iacute;veis. <\/p><p><strong>Artigo 53<\/strong> &ndash; Devido &agrave; excepcionalidade do calend&aacute;rio acad&ecirc;mico em virtude da pandemia do Coronav&iacute;rus (Covid-19), os calend&aacute;rios de inscri&ccedil;&atilde;o e de realiza&ccedil;&atilde;o de provas poder&atilde;o ser alterados, segundo determina&ccedil;&otilde;es das autoridades de sa&uacute;de ou por determina&ccedil;&atilde;o da Unicamp. <\/p><p>&sect;1&ordm; Caso haja qualquer altera&ccedil;&atilde;o de datas, os candidatos ser&atilde;o informados na p&aacute;gina da Comvest (www.comvest.unicamp.br) e\/ou na &aacute;rea de inscrito do candidato. <\/p><p>&sect;2&ordm; As altera&ccedil;&otilde;es de calend&aacute;rio e remarca&ccedil;&atilde;o de provas dever&atilde;o ser comunicadas, no m&iacute;nimo, com 8 (oito) dias de anteced&ecirc;ncia. <\/p><p><strong>Artigo 54<\/strong> &ndash; Caso haja algum impedimento em virtude da pandemia do Coronav&iacute;rus (Covid-19) que impossibilite a realiza&ccedil;&atilde;o da prova em alguma localidade, os candidatos ser&atilde;o transferidos automaticamente para a localidade mais pr&oacute;xima ou para a cidade escolhida pelo candidato, entre as indicadas pela Comvest, quando houver manifesta&ccedil;&atilde;o do interessado na &aacute;rea do inscrito no site da Comvest. <\/p><p>Par&aacute;grafo &uacute;nico. Caso n&atilde;o haja concord&acirc;ncia do inscrito com a nova localidade ser&aacute; feita a devolu&ccedil;&atilde;o da Taxa de Inscri&ccedil;&atilde;o, quando for o caso, desde que a comunica&ccedil;&atilde;o por parte do candidato ocorra at&eacute; 72 (setenta e duas) horas antes do in&iacute;cio da prova. <\/p><p><strong>Artigo 55 <\/strong>&ndash; No ato de realiza&ccedil;&atilde;o das provas ser&atilde;o seguidas as recomenda&ccedil;&otilde;es e protocolos de biosseguran&ccedil;a definidas pelas autoridades de sa&uacute;de p&uacute;blica, em virtude da pandemia do Coronav&iacute;rus (Covid-19). <\/p><p>&sect;1&ordm; Eventualmente, caso haja proibi&ccedil;&atilde;o de atividades presenciais na &aacute;rea de ensino, as provas poder&atilde;o ser suspensas por prazo indefinido ou mesmo cancelado o presente edital. <\/p><p>&sect;2&ordm; Na hip&oacute;tese de cancelamento do Edital, os candidatos inscritos no Vestibular Unicamp ser&atilde;o remanejados automaticamente para outros processos seletivos a serem definidos pela Unicamp.<\/p><p>&sect;3&ordm; O cumprimento das regras de biosseguran&ccedil;a divulgadas pela Comvest &eacute; obrigat&oacute;rio por parte dos candidatos para acesso ao pr&eacute;dio, &agrave;s salas e demais depend&ecirc;ncias do local de prova.<\/p><p>&sect;4&ordm; O desrespeito aos protocolos de biosseguran&ccedil;a por parte do candidato impedir&aacute; a continuidade da prova e sua desclassifica&ccedil;&atilde;o. <\/p><p><strong>Artigo 56<\/strong> &ndash; Os casos omissos nesta Resolu&ccedil;&atilde;o e no Manual do Candidato ser&atilde;o decididos por uma comiss&atilde;o formada pelo Diretor e Diretor Adjunto da Comvest e pelo Pr&oacute;-Reitor de Gradua&ccedil;&atilde;o. <\/p><p><strong>Artigo 57<\/strong> &ndash; Esta Resolu&ccedil;&atilde;o entra em vigor na data de sua publica&ccedil;&atilde;o, ficando revogadas as disposi&ccedil;&otilde;es em contr&aacute;rio.<\/p><p>Acesse os anexos com as informa&ccedil;&otilde;es detalhadas do edital Unicamp 2022: <\/p><ul class=\"wp-block-list\"><li><a rel=\"nofollow\" href=\"https:\/\/vestibulares.estrategia.com\/portal\/wp-content\/uploads\/2021\/07\/Anexo-1-Distribuicao-das-Vagas-Unicamp-2022.pdf\" target=\"_blank\">Anexo 1 &ndash; Distribui&ccedil;&atilde;o das Vagas &ndash; Unicamp 2022<\/a><br><br><\/li><li><a rel=\"nofollow\" href=\"https:\/\/vestibulares.estrategia.com\/portal\/wp-content\/uploads\/2021\/07\/Anexo-2-Conteudo-Programatico-Unicamp-2022.pdf\" target=\"_blank\">Anexo 2 &ndash; Conte&uacute;do Program&aacute;tico &ndash; Unicamp 2022<\/a><br><br><\/li><li><a rel=\"nofollow\" href=\"https:\/\/vestibulares.estrategia.com\/portal\/wp-content\/uploads\/2021\/07\/Anexos-3-a-7-pesos-das-disciplinas-remanejamento-das-vagas-dos-cursos-de-Musica-Declaracao-de-cotas-raciais-Declaracao-PAAIS-area-de-cada-curso-no-vestibular-Unicamp-.pdf\" target=\"_blank\">Anexos 3 a 7 &ndash; pesos das disciplinas, remanejamento das vagas dos cursos de M&uacute;sica, Declara&ccedil;&atilde;o de cotas raciais, Declara&ccedil;&atilde;o PAAIS, &aacute;rea de cada curso no vestibular Unicamp<\/a><\/li><\/ul><p>Al&eacute;m disso, veja as cidades em que as provas do vestibular Unicamp 2022 ser&atilde;o aplicadas:<\/p><figure class=\"wp-block-table is-style-stripes\"><table><tbody><tr><td class=\"has-text-align-center\" data-align=\"center\">Ara&ccedil;atuba (SP)<\/td><td class=\"has-text-align-center\" data-align=\"center\">Mogi Gua&ccedil;u (SP)<\/td><\/tr><tr><td class=\"has-text-align-center\" data-align=\"center\">Barueri (SP)<\/td><td class=\"has-text-align-center\" data-align=\"center\">Osasco (SP)<\/td><\/tr><tr><td class=\"has-text-align-center\" data-align=\"center\">Bauru (SP)<\/td><td class=\"has-text-align-center\" data-align=\"center\">Piracicaba (SP)<\/td><\/tr><tr><td class=\"has-text-align-center\" data-align=\"center\">Belo Horizonte (MG)<\/td><td class=\"has-text-align-center\" data-align=\"center\">Presidente Prudente (SP)<\/td><\/tr><tr><td class=\"has-text-align-center\" data-align=\"center\">Botucatu (SP)<\/td><td class=\"has-text-align-center\" data-align=\"center\">Ribeir&atilde;o Preto (SP)<\/td><\/tr><tr><td class=\"has-text-align-center\" data-align=\"center\">Bragan&ccedil;a Paulista (SP)<\/td><td class=\"has-text-align-center\" data-align=\"center\">Salvador (BA)<\/td><\/tr><tr><td class=\"has-text-align-center\" data-align=\"center\">Bras&iacute;lia (DF)<\/td><td class=\"has-text-align-center\" data-align=\"center\">Santa B&aacute;rbara D&rsquo;Oeste (SP)<\/td><\/tr><tr><td class=\"has-text-align-center\" data-align=\"center\">Campinas (SP)<\/td><td class=\"has-text-align-center\" data-align=\"center\">Santo Andr&eacute; (SP)<\/td><\/tr><tr><td class=\"has-text-align-center\" data-align=\"center\">Curitiba (SP)<\/td><td class=\"has-text-align-center\" data-align=\"center\">Santos (SP)<\/td><\/tr><tr><td class=\"has-text-align-center\" data-align=\"center\">Fortaleza (CE)<\/td><td class=\"has-text-align-center\" data-align=\"center\">S&atilde;o Bernardo do Campo (SP)<\/td><\/tr><tr><td class=\"has-text-align-center\" data-align=\"center\">Franca (SP)<\/td><td class=\"has-text-align-center\" data-align=\"center\">S&atilde;o Carlos (SP)<\/td><\/tr><tr><td class=\"has-text-align-center\" data-align=\"center\">Guarulhos (SP)<\/td><td class=\"has-text-align-center\" data-align=\"center\">S&atilde;o Jo&atilde;o da Boa Vista (SP)<\/td><\/tr><tr><td class=\"has-text-align-center\" data-align=\"center\">Indaiatuba (SP)<\/td><td class=\"has-text-align-center\" data-align=\"center\">S&atilde;o Jos&eacute; do Rio Preto (SP)<\/td><\/tr><tr><td class=\"has-text-align-center\" data-align=\"center\">Jundia&iacute; (SP)<\/td><td class=\"has-text-align-center\" data-align=\"center\">S&atilde;o Jos&eacute; dos Campos (SP)<\/td><\/tr><tr><td class=\"has-text-align-center\" data-align=\"center\">Limeira (SP)<\/td><td class=\"has-text-align-center\" data-align=\"center\">S&atilde;o Paulo (SP)<\/td><\/tr><tr><td class=\"has-text-align-center\" data-align=\"center\">Lorena (SP)<\/td><td class=\"has-text-align-center\" data-align=\"center\">Sorocaba (SP)<\/td><\/tr><tr><td class=\"has-text-align-center\" data-align=\"center\">Mar&iacute;lia (SP)<\/td><td class=\"has-text-align-center\" data-align=\"center\">Sumar&eacute; (SP)<\/td><\/tr><tr><td class=\"has-text-align-center\" data-align=\"center\">Mogi das Cruzes (SP)<\/td><td class=\"has-text-align-center\" data-align=\"center\">Valinhos (SP)<\/td><\/tr><\/tbody><\/table><\/figure><h2 class=\"wp-block-heading\" id=\"como-estudar-para-a-unicamp-2022\"><span class=\"ez-toc-section\" id=\"Como-estudar-para-a-Unicamp-2022\"><\/span>Como estudar para a Unicamp 2022?<span class=\"ez-toc-section-end\"><\/span><\/h2><p>Agora que a largada foi dada, &eacute; a hora de focar nos estudos e, para te ajudar, o<strong>&nbsp;Estrat&eacute;gia Vestibulares oferece diariamente aulas gratuitas no&nbsp;<a href=\"https:\/\/www.youtube.com\/channel\/UCGWdZy8ULI-7_5GrABa4vNA\" target=\"_blank\">YouTube<\/a><\/strong>&nbsp;sobre todas as mat&eacute;rias que caem no vestibular da Unicamp!<\/p><figure class=\"wp-block-embed is-type-video is-provider-youtube wp-block-embed-youtube wp-embed-aspect-16-9 wp-has-aspect-ratio\"><div class=\"wp-block-embed__wrapper\">\n<div class=\"cs-embed cs-embed-responsive\"><iframe title=\"UNICAMP 2022 - Primeiros Passos\" width=\"1200\" height=\"675\" src=\"https:\/\/www.youtube.com\/embed\/9p2k3vsjtMk?feature=oembed\" frameborder=\"0\" allow=\"accelerometer; autoplay; clipboard-write; encrypted-media; gyroscope; picture-in-picture\" allowfullscreen><\/iframe><\/div>\n<\/div><\/figure><p>Al&eacute;m disso, para aqueles que querem investir nos estudos, a plataforma tamb&eacute;m oferece um curso preparat&oacute;rio exclusivo sobre o Enem 2021, com professores especialistas na prova e com diversos benef&iacute;cios. D&aacute; s&oacute; uma olhada:&nbsp;<\/p><ul class=\"wp-block-list\"><li>Curso com livros digitais;<\/li><li>Corre&ccedil;&atilde;o ilimitada de&nbsp;<a href=\"https:\/\/vestibulares.estrategia.com\/portal\/redacao\/enem-redacao\/\" target=\"_blank\">reda&ccedil;&otilde;es<\/a>;<\/li><li>F&oacute;rum de d&uacute;vidas;<\/li><li><a href=\"https:\/\/vestibulares.estrategia.com\/portal\/simulado\/simulado-enem\/\" target=\"_blank\">Simulados<\/a>&nbsp;com quest&otilde;es in&eacute;ditas;<\/li><li>Quest&otilde;es comentadas;<\/li><li>Mapas mentais; e<\/li><li>Entre muitas outras vantagens.<\/li><\/ul><p>Ficou interessado? Ent&atilde;o, clique no banner e veja tudo sobre os cursos oferecidos pelo Estrat&eacute;gia Vestibulares!<\/p><\/p>\n","protected":false},"excerpt":{"rendered":"Confira o edital Unicamp 2022 na \u00edntegra e fique por dentro das informa\u00e7\u00f5es mais importantes de um dos maiores vestibulares brasileiros\n","protected":false},"author":31,"featured_media":52836,"comment_status":"closed","ping_status":"closed","sticky":false,"template":"","format":"standard","meta":{"wl_entities_gutenberg":"","footnotes":""},"categories":[35],"tags":[406,405,60,57],"wl_entity_type":[732],"class_list":{"0":"post-52834","1":"post","2":"type-post","3":"status-publish","4":"format-standard","5":"has-post-thumbnail","7":"category-vestibulares","8":"tag-edital-unicamp","9":"tag-edital-unicamp-2022","10":"tag-unicamp","11":"tag-unicamp-2022","12":"wl_entity_type-article"},"acf":[],"yoast_head":"<!-- This site is optimized with the Yoast SEO Premium plugin v25.9 (Yoast SEO v25.9) - https:\/\/yoast.com\/wordpress\/plugins\/seo\/ -->\n<title>Edital Unicamp 2022: datas, inscri\u00e7\u00f5es e resultado; veja o edital na \u00edntegra<\/title>\n<meta name=\"description\" content=\"Confira o edital Unicamp 2022 na \u00edntegra e fique por dentro das informa\u00e7\u00f5es mais importantes de um dos maiores vestibulares brasileiros\" \/>\n<meta name=\"robots\" content=\"index, follow, max-snippet:-1, max-image-preview:large, max-video-preview:-1\" \/>\n<link rel=\"canonical\" href=\"https:\/\/vestibulares.estrategia.com\/portal\/enem-e-vestibulares\/vestibulares\/edital-unicamp\/\" \/>\n<meta property=\"og:locale\" content=\"pt_BR\" \/>\n<meta property=\"og:type\" content=\"article\" \/>\n<meta property=\"og:title\" content=\"Edital Unicamp 2022: datas, inscri\u00e7\u00f5es e resultado; veja o edital na \u00edntegra\" \/>\n<meta property=\"og:description\" content=\"Confira o edital Unicamp 2022 na \u00edntegra e fique por dentro das informa\u00e7\u00f5es mais importantes de um dos maiores vestibulares brasileiros\" \/>\n<meta property=\"og:url\" content=\"https:\/\/vestibulares.estrategia.com\/portal\/enem-e-vestibulares\/vestibulares\/edital-unicamp\/\" \/>\n<meta property=\"og:site_name\" content=\"Estrat\u00e9gia Vestibulares\" \/>\n<meta property=\"article:publisher\" content=\"https:\/\/facebook.com\/estrategiavestibulares\" \/>\n<meta property=\"article:published_time\" content=\"2021-07-29T16:06:29+00:00\" \/>\n<meta property=\"article:modified_time\" content=\"2021-07-29T19:12:39+00:00\" \/>\n<meta property=\"og:image\" content=\"https:\/\/cdn.blog.estrategiavestibulares.com.br\/vestibulares\/wp-content\/uploads\/2021\/07\/edital-unicamp-2022-1.jpg\" \/>\n\t<meta property=\"og:image:width\" content=\"750\" \/>\n\t<meta property=\"og:image:height\" content=\"420\" \/>\n\t<meta property=\"og:image:type\" content=\"image\/jpeg\" \/>\n<meta name=\"author\" content=\"Isabela Giordan\" \/>\n<meta name=\"twitter:card\" content=\"summary_large_image\" \/>\n<meta name=\"twitter:creator\" content=\"@Estrategiavest\" \/>\n<meta name=\"twitter:site\" content=\"@Estrategiavest\" \/>\n<meta name=\"twitter:label1\" content=\"Escrito por\" \/>\n\t<meta name=\"twitter:data1\" content=\"Isabela Giordan\" \/>\n\t<meta name=\"twitter:label2\" content=\"Est. tempo de leitura\" \/>\n\t<meta name=\"twitter:data2\" content=\"40 minutos\" \/>\n<script type=\"application\/ld+json\" class=\"yoast-schema-graph\">{\"@context\":\"https:\/\/schema.org\",\"@graph\":[{\"@type\":\"Article\",\"@id\":\"https:\/\/vestibulares.estrategia.com\/portal\/enem-e-vestibulares\/vestibulares\/edital-unicamp\/#article\",\"isPartOf\":{\"@id\":\"https:\/\/vestibulares.estrategia.com\/portal\/enem-e-vestibulares\/vestibulares\/edital-unicamp\/\"},\"author\":{\"name\":\"Isabela Giordan\",\"@id\":\"https:\/\/vestibulares.estrategia.com\/portal\/#\/schema\/person\/921258b32670b22cbb1ae385e2fcb501\"},\"headline\":\"Edital Unicamp 2022: datas, inscri\u00e7\u00f5es e resultado; veja o edital na \u00edntegra\",\"datePublished\":\"2021-07-29T16:06:29+00:00\",\"dateModified\":\"2021-07-29T19:12:39+00:00\",\"mainEntityOfPage\":{\"@id\":\"https:\/\/vestibulares.estrategia.com\/portal\/enem-e-vestibulares\/vestibulares\/edital-unicamp\/\"},\"wordCount\":9783,\"publisher\":{\"@id\":\"https:\/\/vestibulares.estrategia.com\/portal\/#organization\"},\"image\":{\"@id\":\"https:\/\/vestibulares.estrategia.com\/portal\/enem-e-vestibulares\/vestibulares\/edital-unicamp\/#primaryimage\"},\"thumbnailUrl\":\"https:\/\/vestibulares.estrategia.com\/portal\/wp-content\/uploads\/2021\/07\/edital-unicamp-2022-1.jpg\",\"keywords\":[\"edital unicamp\",\"edital unicamp 2022\",\"unicamp\",\"unicamp 2022\"],\"articleSection\":[\"Vestibulares\"],\"inLanguage\":\"pt-BR\"},{\"@type\":\"WebPage\",\"@id\":\"https:\/\/vestibulares.estrategia.com\/portal\/enem-e-vestibulares\/vestibulares\/edital-unicamp\/\",\"url\":\"https:\/\/vestibulares.estrategia.com\/portal\/enem-e-vestibulares\/vestibulares\/edital-unicamp\/\",\"name\":\"Edital Unicamp 2022: datas, inscri\u00e7\u00f5es e resultado; veja o edital na \u00edntegra\",\"isPartOf\":{\"@id\":\"https:\/\/vestibulares.estrategia.com\/portal\/#website\"},\"primaryImageOfPage\":{\"@id\":\"https:\/\/vestibulares.estrategia.com\/portal\/enem-e-vestibulares\/vestibulares\/edital-unicamp\/#primaryimage\"},\"image\":{\"@id\":\"https:\/\/vestibulares.estrategia.com\/portal\/enem-e-vestibulares\/vestibulares\/edital-unicamp\/#primaryimage\"},\"thumbnailUrl\":\"https:\/\/vestibulares.estrategia.com\/portal\/wp-content\/uploads\/2021\/07\/edital-unicamp-2022-1.jpg\",\"datePublished\":\"2021-07-29T16:06:29+00:00\",\"dateModified\":\"2021-07-29T19:12:39+00:00\",\"description\":\"Confira o edital Unicamp 2022 na \u00edntegra e fique por dentro das informa\u00e7\u00f5es mais importantes de um dos maiores vestibulares brasileiros\",\"breadcrumb\":{\"@id\":\"https:\/\/vestibulares.estrategia.com\/portal\/enem-e-vestibulares\/vestibulares\/edital-unicamp\/#breadcrumb\"},\"inLanguage\":\"pt-BR\",\"potentialAction\":[{\"@type\":\"ReadAction\",\"target\":[\"https:\/\/vestibulares.estrategia.com\/portal\/enem-e-vestibulares\/vestibulares\/edital-unicamp\/\"]}]},{\"@type\":\"ImageObject\",\"inLanguage\":\"pt-BR\",\"@id\":\"https:\/\/vestibulares.estrategia.com\/portal\/enem-e-vestibulares\/vestibulares\/edital-unicamp\/#primaryimage\",\"url\":\"https:\/\/vestibulares.estrategia.com\/portal\/wp-content\/uploads\/2021\/07\/edital-unicamp-2022-1.jpg\",\"contentUrl\":\"https:\/\/vestibulares.estrategia.com\/portal\/wp-content\/uploads\/2021\/07\/edital-unicamp-2022-1.jpg\",\"width\":750,\"height\":420,\"caption\":\"edital unicamp 2022\"},{\"@type\":\"BreadcrumbList\",\"@id\":\"https:\/\/vestibulares.estrategia.com\/portal\/enem-e-vestibulares\/vestibulares\/edital-unicamp\/#breadcrumb\",\"itemListElement\":[{\"@type\":\"ListItem\",\"position\":1,\"name\":\"Home\",\"item\":\"https:\/\/vestibulares.estrategia.com\/portal\/\"},{\"@type\":\"ListItem\",\"position\":2,\"name\":\"Enem e Vestibulares\",\"item\":\"https:\/\/vestibulares.estrategia.com\/portal\/enem-e-vestibulares\/\"},{\"@type\":\"ListItem\",\"position\":3,\"name\":\"Vestibulares\",\"item\":\"https:\/\/vestibulares.estrategia.com\/portal\/enem-e-vestibulares\/vestibulares\/\"},{\"@type\":\"ListItem\",\"position\":4,\"name\":\"Edital Unicamp 2022: datas, inscri\u00e7\u00f5es e resultado; veja o edital na \u00edntegra\"}]},{\"@type\":\"WebSite\",\"@id\":\"https:\/\/vestibulares.estrategia.com\/portal\/#website\",\"url\":\"https:\/\/vestibulares.estrategia.com\/portal\/\",\"name\":\"Estrat\u00e9gia Vestibulares\",\"description\":\"\",\"publisher\":{\"@id\":\"https:\/\/vestibulares.estrategia.com\/portal\/#organization\"},\"potentialAction\":[{\"@type\":\"SearchAction\",\"target\":{\"@type\":\"EntryPoint\",\"urlTemplate\":\"https:\/\/vestibulares.estrategia.com\/portal\/?s={search_term_string}\"},\"query-input\":{\"@type\":\"PropertyValueSpecification\",\"valueRequired\":true,\"valueName\":\"search_term_string\"}}],\"inLanguage\":\"pt-BR\"},{\"@type\":\"Organization\",\"@id\":\"https:\/\/vestibulares.estrategia.com\/portal\/#organization\",\"name\":\"Estrat\u00e9gia Vestibulares\",\"url\":\"https:\/\/vestibulares.estrategia.com\/portal\/\",\"logo\":{\"@type\":\"ImageObject\",\"inLanguage\":\"pt-BR\",\"@id\":\"https:\/\/vestibulares.estrategia.com\/portal\/#\/schema\/logo\/image\/\",\"url\":\"https:\/\/vestibulares.estrategia.com\/portal\/wp-content\/uploads\/2021\/06\/Logo-Vestibulares@4x.png\",\"contentUrl\":\"https:\/\/vestibulares.estrategia.com\/portal\/wp-content\/uploads\/2021\/06\/Logo-Vestibulares@4x.png\",\"width\":250,\"height\":66,\"caption\":\"Estrat\u00e9gia Vestibulares\"},\"image\":{\"@id\":\"https:\/\/vestibulares.estrategia.com\/portal\/#\/schema\/logo\/image\/\"},\"sameAs\":[\"https:\/\/facebook.com\/estrategiavestibulares\",\"https:\/\/x.com\/Estrategiavest\",\"https:\/\/www.instagram.com\/estrategiavestibulares\",\"https:\/\/www.youtube.com\/channel\/UCGWdZy8ULI-7_5GrABa4vNA\"]},{\"@type\":\"Person\",\"@id\":\"https:\/\/vestibulares.estrategia.com\/portal\/#\/schema\/person\/921258b32670b22cbb1ae385e2fcb501\",\"name\":\"Isabela Giordan\",\"image\":{\"@type\":\"ImageObject\",\"inLanguage\":\"pt-BR\",\"@id\":\"https:\/\/vestibulares.estrategia.com\/portal\/#\/schema\/person\/image\/\",\"url\":\"https:\/\/secure.gravatar.com\/avatar\/474493e24ecabfb752d6ed2de1af8d2f?s=96&d=mm&r=g\",\"contentUrl\":\"https:\/\/secure.gravatar.com\/avatar\/474493e24ecabfb752d6ed2de1af8d2f?s=96&d=mm&r=g\",\"caption\":\"Isabela Giordan\"},\"description\":\"Jornalista de Educa\u00e7\u00e3o e Coordenadora de Jornalismo do Estrat\u00e9gia Vestibulares.\",\"url\":\"https:\/\/vestibulares.estrategia.com\/portal\/author\/isabela\/\"}]}<\/script>\n<!-- \/ Yoast SEO Premium plugin. -->","yoast_head_json":{"title":"Edital Unicamp 2022: datas, inscri\u00e7\u00f5es e resultado; veja o edital na \u00edntegra","description":"Confira o edital Unicamp 2022 na \u00edntegra e fique por dentro das informa\u00e7\u00f5es mais importantes de um dos maiores vestibulares brasileiros","robots":{"index":"index","follow":"follow","max-snippet":"max-snippet:-1","max-image-preview":"max-image-preview:large","max-video-preview":"max-video-preview:-1"},"canonical":"https:\/\/vestibulares.estrategia.com\/portal\/enem-e-vestibulares\/vestibulares\/edital-unicamp\/","og_locale":"pt_BR","og_type":"article","og_title":"Edital Unicamp 2022: datas, inscri\u00e7\u00f5es e resultado; veja o edital na \u00edntegra","og_description":"Confira o edital Unicamp 2022 na \u00edntegra e fique por dentro das informa\u00e7\u00f5es mais importantes de um dos maiores vestibulares brasileiros","og_url":"https:\/\/vestibulares.estrategia.com\/portal\/enem-e-vestibulares\/vestibulares\/edital-unicamp\/","og_site_name":"Estrat\u00e9gia Vestibulares","article_publisher":"https:\/\/facebook.com\/estrategiavestibulares","article_published_time":"2021-07-29T16:06:29+00:00","article_modified_time":"2021-07-29T19:12:39+00:00","og_image":[{"width":750,"height":420,"url":"https:\/\/cdn.blog.estrategiavestibulares.com.br\/vestibulares\/wp-content\/uploads\/2021\/07\/edital-unicamp-2022-1.jpg","type":"image\/jpeg"}],"author":"Isabela Giordan","twitter_card":"summary_large_image","twitter_creator":"@Estrategiavest","twitter_site":"@Estrategiavest","twitter_misc":{"Escrito por":"Isabela Giordan","Est. tempo de leitura":"40 minutos"},"schema":{"@context":"https:\/\/schema.org","@graph":[{"@type":"Article","@id":"https:\/\/vestibulares.estrategia.com\/portal\/enem-e-vestibulares\/vestibulares\/edital-unicamp\/#article","isPartOf":{"@id":"https:\/\/vestibulares.estrategia.com\/portal\/enem-e-vestibulares\/vestibulares\/edital-unicamp\/"},"author":{"name":"Isabela Giordan","@id":"https:\/\/vestibulares.estrategia.com\/portal\/#\/schema\/person\/921258b32670b22cbb1ae385e2fcb501"},"headline":"Edital Unicamp 2022: datas, inscri\u00e7\u00f5es e resultado; veja o edital na \u00edntegra","datePublished":"2021-07-29T16:06:29+00:00","dateModified":"2021-07-29T19:12:39+00:00","mainEntityOfPage":{"@id":"https:\/\/vestibulares.estrategia.com\/portal\/enem-e-vestibulares\/vestibulares\/edital-unicamp\/"},"wordCount":9783,"publisher":{"@id":"https:\/\/vestibulares.estrategia.com\/portal\/#organization"},"image":{"@id":"https:\/\/vestibulares.estrategia.com\/portal\/enem-e-vestibulares\/vestibulares\/edital-unicamp\/#primaryimage"},"thumbnailUrl":"https:\/\/vestibulares.estrategia.com\/portal\/wp-content\/uploads\/2021\/07\/edital-unicamp-2022-1.jpg","keywords":["edital unicamp","edital unicamp 2022","unicamp","unicamp 2022"],"articleSection":["Vestibulares"],"inLanguage":"pt-BR"},{"@type":"WebPage","@id":"https:\/\/vestibulares.estrategia.com\/portal\/enem-e-vestibulares\/vestibulares\/edital-unicamp\/","url":"https:\/\/vestibulares.estrategia.com\/portal\/enem-e-vestibulares\/vestibulares\/edital-unicamp\/","name":"Edital Unicamp 2022: datas, inscri\u00e7\u00f5es e resultado; veja o edital na \u00edntegra","isPartOf":{"@id":"https:\/\/vestibulares.estrategia.com\/portal\/#website"},"primaryImageOfPage":{"@id":"https:\/\/vestibulares.estrategia.com\/portal\/enem-e-vestibulares\/vestibulares\/edital-unicamp\/#primaryimage"},"image":{"@id":"https:\/\/vestibulares.estrategia.com\/portal\/enem-e-vestibulares\/vestibulares\/edital-unicamp\/#primaryimage"},"thumbnailUrl":"https:\/\/vestibulares.estrategia.com\/portal\/wp-content\/uploads\/2021\/07\/edital-unicamp-2022-1.jpg","datePublished":"2021-07-29T16:06:29+00:00","dateModified":"2021-07-29T19:12:39+00:00","description":"Confira o edital Unicamp 2022 na \u00edntegra e fique por dentro das informa\u00e7\u00f5es mais importantes de um dos maiores vestibulares brasileiros","breadcrumb":{"@id":"https:\/\/vestibulares.estrategia.com\/portal\/enem-e-vestibulares\/vestibulares\/edital-unicamp\/#breadcrumb"},"inLanguage":"pt-BR","potentialAction":[{"@type":"ReadAction","target":["https:\/\/vestibulares.estrategia.com\/portal\/enem-e-vestibulares\/vestibulares\/edital-unicamp\/"]}]},{"@type":"ImageObject","inLanguage":"pt-BR","@id":"https:\/\/vestibulares.estrategia.com\/portal\/enem-e-vestibulares\/vestibulares\/edital-unicamp\/#primaryimage","url":"https:\/\/vestibulares.estrategia.com\/portal\/wp-content\/uploads\/2021\/07\/edital-unicamp-2022-1.jpg","contentUrl":"https:\/\/vestibulares.estrategia.com\/portal\/wp-content\/uploads\/2021\/07\/edital-unicamp-2022-1.jpg","width":750,"height":420,"caption":"edital unicamp 2022"},{"@type":"BreadcrumbList","@id":"https:\/\/vestibulares.estrategia.com\/portal\/enem-e-vestibulares\/vestibulares\/edital-unicamp\/#breadcrumb","itemListElement":[{"@type":"ListItem","position":1,"name":"Home","item":"https:\/\/vestibulares.estrategia.com\/portal\/"},{"@type":"ListItem","position":2,"name":"Enem e Vestibulares","item":"https:\/\/vestibulares.estrategia.com\/portal\/enem-e-vestibulares\/"},{"@type":"ListItem","position":3,"name":"Vestibulares","item":"https:\/\/vestibulares.estrategia.com\/portal\/enem-e-vestibulares\/vestibulares\/"},{"@type":"ListItem","position":4,"name":"Edital Unicamp 2022: datas, inscri\u00e7\u00f5es e resultado; veja o edital na \u00edntegra"}]},{"@type":"WebSite","@id":"https:\/\/vestibulares.estrategia.com\/portal\/#website","url":"https:\/\/vestibulares.estrategia.com\/portal\/","name":"Estrat\u00e9gia Vestibulares","description":"","publisher":{"@id":"https:\/\/vestibulares.estrategia.com\/portal\/#organization"},"potentialAction":[{"@type":"SearchAction","target":{"@type":"EntryPoint","urlTemplate":"https:\/\/vestibulares.estrategia.com\/portal\/?s={search_term_string}"},"query-input":{"@type":"PropertyValueSpecification","valueRequired":true,"valueName":"search_term_string"}}],"inLanguage":"pt-BR"},{"@type":"Organization","@id":"https:\/\/vestibulares.estrategia.com\/portal\/#organization","name":"Estrat\u00e9gia Vestibulares","url":"https:\/\/vestibulares.estrategia.com\/portal\/","logo":{"@type":"ImageObject","inLanguage":"pt-BR","@id":"https:\/\/vestibulares.estrategia.com\/portal\/#\/schema\/logo\/image\/","url":"https:\/\/vestibulares.estrategia.com\/portal\/wp-content\/uploads\/2021\/06\/Logo-Vestibulares@4x.png","contentUrl":"https:\/\/vestibulares.estrategia.com\/portal\/wp-content\/uploads\/2021\/06\/Logo-Vestibulares@4x.png","width":250,"height":66,"caption":"Estrat\u00e9gia Vestibulares"},"image":{"@id":"https:\/\/vestibulares.estrategia.com\/portal\/#\/schema\/logo\/image\/"},"sameAs":["https:\/\/facebook.com\/estrategiavestibulares","https:\/\/x.com\/Estrategiavest","https:\/\/www.instagram.com\/estrategiavestibulares","https:\/\/www.youtube.com\/channel\/UCGWdZy8ULI-7_5GrABa4vNA"]},{"@type":"Person","@id":"https:\/\/vestibulares.estrategia.com\/portal\/#\/schema\/person\/921258b32670b22cbb1ae385e2fcb501","name":"Isabela Giordan","image":{"@type":"ImageObject","inLanguage":"pt-BR","@id":"https:\/\/vestibulares.estrategia.com\/portal\/#\/schema\/person\/image\/","url":"https:\/\/secure.gravatar.com\/avatar\/474493e24ecabfb752d6ed2de1af8d2f?s=96&d=mm&r=g","contentUrl":"https:\/\/secure.gravatar.com\/avatar\/474493e24ecabfb752d6ed2de1af8d2f?s=96&d=mm&r=g","caption":"Isabela Giordan"},"description":"Jornalista de Educa\u00e7\u00e3o e Coordenadora de Jornalismo do Estrat\u00e9gia Vestibulares.","url":"https:\/\/vestibulares.estrategia.com\/portal\/author\/isabela\/"}]}},"_wl_alt_label":[],"wl:entity_url":"https:\/\/data.wordlift.io\/wl110249\/post\/edital-unicamp","_links":{"self":[{"href":"https:\/\/vestibulares.estrategia.com\/portal\/wp-json\/wp\/v2\/posts\/52834","targetHints":{"allow":["GET"]}}],"collection":[{"href":"https:\/\/vestibulares.estrategia.com\/portal\/wp-json\/wp\/v2\/posts"}],"about":[{"href":"https:\/\/vestibulares.estrategia.com\/portal\/wp-json\/wp\/v2\/types\/post"}],"author":[{"embeddable":true,"href":"https:\/\/vestibulares.estrategia.com\/portal\/wp-json\/wp\/v2\/users\/31"}],"replies":[{"embeddable":true,"href":"https:\/\/vestibulares.estrategia.com\/portal\/wp-json\/wp\/v2\/comments?post=52834"}],"version-history":[{"count":10,"href":"https:\/\/vestibulares.estrategia.com\/portal\/wp-json\/wp\/v2\/posts\/52834\/revisions"}],"predecessor-version":[{"id":52869,"href":"https:\/\/vestibulares.estrategia.com\/portal\/wp-json\/wp\/v2\/posts\/52834\/revisions\/52869"}],"wp:featuredmedia":[{"embeddable":true,"href":"https:\/\/vestibulares.estrategia.com\/portal\/wp-json\/wp\/v2\/media\/52836"}],"wp:attachment":[{"href":"https:\/\/vestibulares.estrategia.com\/portal\/wp-json\/wp\/v2\/media?parent=52834"}],"wp:term":[{"taxonomy":"category","embeddable":true,"href":"https:\/\/vestibulares.estrategia.com\/portal\/wp-json\/wp\/v2\/categories?post=52834"},{"taxonomy":"post_tag","embeddable":true,"href":"https:\/\/vestibulares.estrategia.com\/portal\/wp-json\/wp\/v2\/tags?post=52834"},{"taxonomy":"wl_entity_type","embeddable":true,"href":"https:\/\/vestibulares.estrategia.com\/portal\/wp-json\/wp\/v2\/wl_entity_type?post=52834"}],"curies":[{"name":"wp","href":"https:\/\/api.w.org\/{rel}","templated":true}]}}