{"id":54102,"date":"2021-08-27T19:18:09","date_gmt":"2021-08-27T22:18:09","guid":{"rendered":"https:\/\/blog.estrategiavestibulares.com.br\/?p=54102"},"modified":"2021-11-23T07:53:04","modified_gmt":"2021-11-23T10:53:04","slug":"covid-19-no-enem","status":"publish","type":"post","link":"https:\/\/vestibulares.estrategia.com\/portal\/enem-e-vestibulares\/vestibulares\/covid-19-no-enem\/","title":{"rendered":"Covid-19 no Enem: veja como o tema pode cair na prova e em outros vestibulares"},"content":{"rendered":"<p>Como em 2020 n&atilde;o houve o <strong>tema Covid-19 no <a href=\"https:\/\/vestibulares.estrategia.com\/portal\/enem\/enem\/\" target=\"_blank\">Enem<\/a><\/strong>, as expectativas de que ele seja abordado esse ano s&atilde;o ainda maiores. Afinal de contas, a pandemia &eacute; certamente o maior assunto deste s&eacute;culo, e seus efeitos ser&atilde;o medidos e questionados ao longo dos pr&oacute;ximos anos e d&eacute;cadas.<p>O tema &eacute; multidisciplinar e pode ser abordado em mat&eacute;rias como biologia, geopol&iacute;tica, qu&iacute;mica, sociologia e, claro, como repert&oacute;rio sociocultural. O <strong>Estrat&eacute;gia Vestibulares<\/strong> preparou um conte&uacute;do com os principais assuntos relacionados que podem cair no Enem e outros exames pelo Brasil.<\/p><div id=\"ez-toc-container\" class=\"ez-toc-v2_0_76 counter-hierarchy ez-toc-counter ez-toc-transparent ez-toc-container-direction\">\n<div class=\"ez-toc-title-container\"><p class=\"ez-toc-title\" style=\"cursor:inherit\">Navegue pelo conte\u00fado<\/p>\n<\/div><nav><ul class='ez-toc-list ez-toc-list-level-1 ' ><li class='ez-toc-page-1 ez-toc-heading-level-2'><a class=\"ez-toc-link ez-toc-heading-1\" href=\"https:\/\/vestibulares.estrategia.com\/portal\/enem-e-vestibulares\/vestibulares\/covid-19-no-enem\/#O-que-e-coronavirus\" >O que &eacute; coronav&iacute;rus?<\/a><\/li><li class='ez-toc-page-1 ez-toc-heading-level-2'><a class=\"ez-toc-link ez-toc-heading-2\" href=\"https:\/\/vestibulares.estrategia.com\/portal\/enem-e-vestibulares\/vestibulares\/covid-19-no-enem\/#Como-funciona-o-Covid-19\" >Como funciona o Covid-19?<\/a><\/li><li class='ez-toc-page-1 ez-toc-heading-level-2'><a class=\"ez-toc-link ez-toc-heading-3\" href=\"https:\/\/vestibulares.estrategia.com\/portal\/enem-e-vestibulares\/vestibulares\/covid-19-no-enem\/#Como-a-Covid-19-pode-cair-no-Enem-e-demais-vestibulares\" >Como a Covid-19 pode cair no Enem e demais vestibulares?<\/a><\/li><li class='ez-toc-page-1 ez-toc-heading-level-2'><a class=\"ez-toc-link ez-toc-heading-4\" href=\"https:\/\/vestibulares.estrategia.com\/portal\/enem-e-vestibulares\/vestibulares\/covid-19-no-enem\/#Covid-19-na-biologia\" >Covid-19 na biologia<\/a><\/li><li class='ez-toc-page-1 ez-toc-heading-level-2'><a class=\"ez-toc-link ez-toc-heading-5\" href=\"https:\/\/vestibulares.estrategia.com\/portal\/enem-e-vestibulares\/vestibulares\/covid-19-no-enem\/#Covid-19-na-redacao\" >Covid-19 na reda&ccedil;&atilde;o<\/a><\/li><li class='ez-toc-page-1 ez-toc-heading-level-2'><a class=\"ez-toc-link ez-toc-heading-6\" href=\"https:\/\/vestibulares.estrategia.com\/portal\/enem-e-vestibulares\/vestibulares\/covid-19-no-enem\/#Covid-19-como-pano-de-fundo-para-outras-questoes\" >Covid-19 como pano de fundo para outras quest&otilde;es<\/a><\/li><li class='ez-toc-page-1 ez-toc-heading-level-2'><a class=\"ez-toc-link ez-toc-heading-7\" href=\"https:\/\/vestibulares.estrategia.com\/portal\/enem-e-vestibulares\/vestibulares\/covid-19-no-enem\/#Veja-alguns-conteudos-sobre-Covid-19\" >Veja alguns conte&uacute;dos sobre Covid-19<\/a><\/li><li class='ez-toc-page-1 ez-toc-heading-level-2'><a class=\"ez-toc-link ez-toc-heading-8\" href=\"https:\/\/vestibulares.estrategia.com\/portal\/enem-e-vestibulares\/vestibulares\/covid-19-no-enem\/#Veja-como-o-Estrategia-Vestibulares-pode-te-ajudar-a-entrar-no-Enem-e-demais-universidades\" >Veja como o Estrat&eacute;gia Vestibulares pode te ajudar a entrar no Enem e demais universidades<\/a><\/li><\/ul><\/nav><\/div>\n<h2 class=\"wp-block-heading\" id=\"h-o-que-coronav-rus\"><span class=\"ez-toc-section\" id=\"O-que-e-coronavirus\"><\/span>O que &eacute; coronav&iacute;rus?<span class=\"ez-toc-section-end\"><\/span><\/h2><p>Bom, estamos h&aacute; mais de um ano discutindo o assunto, mas n&atilde;o custa nada relembrar: o coronav&iacute;rus (CoV) &eacute; uma fam&iacute;lia de v&iacute;rus &mdash; <em>coronaviridae<\/em> &mdash; e a humanidade tem esse conhecimento desde a d&eacute;cada de 60.&nbsp;<\/p><p>Essa fam&iacute;lia &eacute; respons&aacute;vel por outras doen&ccedil;as respirat&oacute;rias como a S&iacute;ndrome Respirat&oacute;ria Aguda Grave (Sars) e S&iacute;ndrome Respirat&oacute;ria do Oriente M&eacute;dio (Mers). A Covid-19 &eacute; uma nova variante, chamada SARS-CoV-2, que foi identificada em humanos no final de 2019, em Wuhan, China.<\/p><h2 class=\"wp-block-heading\" id=\"h-como-funciona-o-covid-19\"><span class=\"ez-toc-section\" id=\"Como-funciona-o-Covid-19\"><\/span>Como funciona o Covid-19?<span class=\"ez-toc-section-end\"><\/span><\/h2><p>A Covid-19 &eacute; uma doen&ccedil;a transmiss&iacute;vel por vias a&eacute;reas, ou seja, pela boca ou nariz. A pessoa infectada expele got&iacute;culas ao falar, tossir, espirrar ou at&eacute; mesmo respirar, e a carga viral pode encontrar outras pessoas pr&oacute;ximas. Vale ressaltar que o contaminado pode passar o v&iacute;rus mesmo sem ter sintomas da doen&ccedil;a.<\/p><p>Os sintomas s&atilde;o, na maioria dos casos, semelhantes ao de uma gripe: tosse, febre e cansa&ccedil;o. Mas, a doen&ccedil;a tamb&eacute;m pode apresentar outros fen&ocirc;menos como perda de paladar e olfato, dor de cabe&ccedil;a, diarreia, n&aacute;useas e v&ocirc;mitos e perda de apetite como exemplos.<\/p><p>Al&eacute;m disso, a Covid-19 afeta de forma mais grave pessoas idosas ou com doen&ccedil;as cr&ocirc;nicas ou respirat&oacute;rias como asma, diabetes, c&acirc;ncer, doen&ccedil;as renais cr&ocirc;nicas e problemas card&iacute;acos.<\/p><h2 class=\"wp-block-heading\" id=\"h-como-a-covid-19-pode-cair-no-enem-e-demais-vestibulares\"><span class=\"ez-toc-section\" id=\"Como-a-Covid-19-pode-cair-no-Enem-e-demais-vestibulares\"><\/span>Como a Covid-19 pode cair no Enem e demais vestibulares?<span class=\"ez-toc-section-end\"><\/span><\/h2><p>A Covid-19 tem dimens&atilde;o e peso para ser abordada de forma multidisciplinar pelas quatro &aacute;reas do conhecimento do Exame Nacional do Ensino M&eacute;dio (Enem), al&eacute;m, claro, dos demais vestibulares, como <a href=\"https:\/\/vestibulares.estrategia.com\/portal\/vestibulares\/vestibular-fuvest\/\" target=\"_blank\">Fuvest<\/a>, por exemplo. Veja abaixo como o tema pode aparecer nos exames neste ano.<\/p><h2 class=\"wp-block-heading\" id=\"h-covid-19-na-biologia\"><span class=\"ez-toc-section\" id=\"Covid-19-na-biologia\"><\/span>Covid-19 na biologia<span class=\"ez-toc-section-end\"><\/span><\/h2><p>No que diz respeito &agrave; biologia, alguns temas podem ser abordados: como funcionam os v&iacute;rus e suas muta&ccedil;&otilde;es, sintomas e como a doen&ccedil;a afeta o corpo do ser humano e <a href=\"https:\/\/vestibulares.estrategia.com\/portal\/atualidades\/vacina\/\">como as vacinas atuam<\/a> no sistema imunol&oacute;gico das pessoas.<\/p><p>Bruna Klassa, professora de biologia do Estrat&eacute;gia Vestibulares, explicou em aula especial sobre a pandemia, alguns temas que podem cair como: funcionamento de um v&iacute;rus, surgimento do Covid-19 e diferen&ccedil;as entre as nomenclaturas, como elaborado por ela abaixo:<\/p><ul class=\"wp-block-list\"><li><strong>Surto: <\/strong>quando h&aacute; aumento localizado do n&uacute;mero de casos de uma doen&ccedil;a;<\/li><li><strong>Endemia:<\/strong> quando a doen&ccedil;a &eacute; recorrente em uma determinada regi&atilde;o, mas n&atilde;o h&aacute; um aumento significativo no n&uacute;mero de casos, com a popula&ccedil;&atilde;o do lugar convivendo com ela. A dengue &eacute; um exemplo no Brasil;<\/li><li><strong>Epidemia:<\/strong> quando h&aacute; um aumento de casos da doen&ccedil;a em diversas regi&otilde;es, cidades ou estados, mas sem atingir n&iacute;veis globais;<\/li><li><strong>Pandemia: <\/strong>quando a doen&ccedil;a atinge n&iacute;veis mundiais, ultrapassando um grande n&uacute;mero de pessoas em diversos pa&iacute;ses ou continentes.<\/li><\/ul><p>Outro <strong>tema que pode ser abordado s&atilde;o as variantes do v&iacute;rus e como elas funcionam<\/strong>. Bruna cita a Delta como um exemplo: &ldquo;sintomas cl&aacute;ssicos da Covid-19 est&atilde;o se mostrando menos comuns com esta variante, como perda do olfato e paladar, tosse e febre&rdquo;.&nbsp;<\/p><p>&ldquo;As brechas no controle de fronteiras e nas medidas de isolamento, al&eacute;m da distribui&ccedil;&atilde;o desigual de vacinas tamb&eacute;m contribuem para essa r&aacute;pida dissemina&ccedil;&atilde;o&rdquo;, completa Bruna sobre o tema.<\/p><figure class=\"wp-block-embed is-type-video is-provider-youtube wp-block-embed-youtube wp-embed-aspect-16-9 wp-has-aspect-ratio\"><div class=\"wp-block-embed__wrapper\">\n<div class=\"cs-embed cs-embed-responsive\"><iframe title=\"Como a PANDEMIA pode aparecer na sua PROVA de BIOLOGIA\" width=\"1200\" height=\"675\" src=\"https:\/\/www.youtube.com\/embed\/u4BcEK6kqjg?feature=oembed\" frameborder=\"0\" allow=\"accelerometer; autoplay; clipboard-write; encrypted-media; gyroscope; picture-in-picture\" allowfullscreen><\/iframe><\/div>\n<\/div><\/figure><h2 class=\"wp-block-heading\" id=\"h-covid-19-na-reda-o\"><span class=\"ez-toc-section\" id=\"Covid-19-na-redacao\"><\/span>Covid-19 na reda&ccedil;&atilde;o<span class=\"ez-toc-section-end\"><\/span><\/h2><p>&ldquo;&Eacute; o tema [mais esperado] porque n&oacute;s estamos vivendo no momento hist&oacute;rico&rdquo;, assim define o professor de reda&ccedil;&atilde;o Fernando Andrade em aula sobre como o Covid-19 pode cair nas reda&ccedil;&otilde;es.&nbsp;<\/p><p>Ainda segundo o professor, alguns temas principais podem ser abordados:<\/p><ul class=\"wp-block-list\"><li>Coronav&iacute;rus entre sa&uacute;de e economia;<\/li><li>Autoritarismo em &eacute;poca de pandemia;<\/li><li>Multilateralismo e pandemia;<\/li><li>O que se pode fazer para evitar as pandemias?;<\/li><li>Ci&ecirc;ncia: alarmismo, pessimismo ou realidade?;<\/li><li>Novo normal: algum aprendizado p&oacute;s-pandemia?; e<\/li><li>Estamos no mesmo barco? Como a pandemia impactou diferentes classes sociais?<\/li><\/ul><p>Ao longo do v&iacute;deo, os temas s&atilde;o dissecados e trazem contextualiza&ccedil;&otilde;es que podem ser exploradas como argumentos na sua reda&ccedil;&atilde;o.&nbsp;<\/p><figure class=\"wp-block-embed is-type-video is-provider-youtube wp-block-embed-youtube wp-embed-aspect-16-9 wp-has-aspect-ratio\"><div class=\"wp-block-embed__wrapper\">\n<div class=\"cs-embed cs-embed-responsive\"><iframe title=\"COVID-19 na Reda&ccedil;&atilde;o\" width=\"1200\" height=\"675\" src=\"https:\/\/www.youtube.com\/embed\/LWVr0yDkR6U?feature=oembed\" frameborder=\"0\" allow=\"accelerometer; autoplay; clipboard-write; encrypted-media; gyroscope; picture-in-picture\" allowfullscreen><\/iframe><\/div>\n<\/div><\/figure><h2 class=\"wp-block-heading\" id=\"h-covid-19-como-pano-de-fundo-para-outras-quest-es\"><span class=\"ez-toc-section\" id=\"Covid-19-como-pano-de-fundo-para-outras-questoes\"><\/span>Covid-19 como pano de fundo para outras quest&otilde;es<span class=\"ez-toc-section-end\"><\/span><\/h2><p>Dentro das quest&otilde;es que j&aacute; abordaram a Covid-19 em outros vestibulares, como a Universidade Estadual de Campinas (<a href=\"https:\/\/vestibulares.estrategia.com\/portal\/vestibulares\/vestibular-unicamp\/\" target=\"_blank\">Unicamp)<\/a> e a Universidade Estadual do Cear&aacute; (<a href=\"https:\/\/vestibulares.estrategia.com\/portal\/vestibulares\/vestibular-uece\/\" target=\"_blank\">Uece<\/a>), muitas usaram como o tema como pano de fundo para falar de mat&eacute;rias b&aacute;sicas, como ressalta Bruna: &ldquo;S&atilde;o quest&otilde;es que trouxeram assuntos relacionados &agrave; Covid, mas que perguntaram sobre o arroz e feij&atilde;o da biologia: sistema imune, vacina, v&iacute;rus e <a href=\"https:\/\/vestibulares.estrategia.com\/portal\/biologia\/sintese-proteica\/\" target=\"_blank\">s&iacute;ntese proteica<\/a>&rdquo;. <\/p><p>Portanto, esse tipo de aplica&ccedil;&atilde;o pode ser visto tamb&eacute;m em mat&eacute;rias de outras &aacute;reas do conhecimento.<\/p><p>Uma situa&ccedil;&atilde;o muito comum no Enem s&atilde;o exerc&iacute;cios com leitura sobre um determinado assunto, mas que aborda aspectos como linguagem, opini&otilde;es divergentes e quest&otilde;es de g&ecirc;neros textuais.<\/p><p>Uma outra possibilidade, quando falamos em ci&ecirc;ncias humanas &eacute; ver o vocabul&aacute;rio de palavras ligadas &agrave; pandemia. Termos como quarentena, intuba&ccedil;&atilde;o ou entuba&ccedil;&atilde;o, Covid-19 e lockdown,  estrangeirismo que se tornou popular nesses tempos, podem ser citados.<\/p><p>O contexto pode ser abordado tamb&eacute;m quando falamos de geografia e hist&oacute;ria. Temas como as outras pandemias e pragas ao longo da humanidade e como a geopol&iacute;tica influencia na pol&iacute;tica de distribui&ccedil;&atilde;o de vacinas, por exemplo.<\/p><p>Al&eacute;m disso, a globaliza&ccedil;&atilde;o e como ela ajudou na r&aacute;pida circula&ccedil;&atilde;o do v&iacute;rus, surgimento de novas variantes e como a desigualdade entre classes sociais ficou mais evidente durante a pandemia, tamb&eacute;m s&atilde;o temas com possibilidades de aparecer nas provas do Enem, Fuvest, Unicamp e federais pelo Pa&iacute;s.<\/p><p>Esses panos de fundo podem ocorrer tamb&eacute;m em quest&otilde;es que envolvam matem&aacute;tica e ci&ecirc;ncias exatas. Porcentagem e progress&atilde;o geom&eacute;trica, por exemplo, com an&aacute;lises de n&uacute;mero de pessoas infectadas, mortas, curadas e compara&ccedil;&otilde;es entre pa&iacute;ses, s&atilde;o assuntos comuns no Enem que podem ter o Covid-19 como abordagem inicial.<\/p><p>Al&eacute;m desses dois temas, outros assuntos muito presentes em vestibulares como probabilidade e estat&iacute;stica, fun&ccedil;&atilde;o exponencial e geometria espacial e anal&iacute;tica s&atilde;o abordagens que podem trazer o tema.<\/p><h2 class=\"wp-block-heading\" id=\"h-veja-alguns-conte-dos-sobre-covid-19\"><span class=\"ez-toc-section\" id=\"Veja-alguns-conteudos-sobre-Covid-19\"><\/span>Veja alguns conte&uacute;dos sobre Covid-19<span class=\"ez-toc-section-end\"><\/span><\/h2><p>Al&eacute;m das lives e conte&uacute;dos j&aacute; citados acima, existem muitos materiais que abordam o tema, at&eacute; mesmo pela import&acirc;ncia hist&oacute;rica do assunto em quest&atilde;o. Separamos algumas obras sobre Covid-19 para voc&ecirc;. Confira!<\/p><h3 class=\"wp-block-heading\" id=\"h-explicando-o-coronav-rus-2020\">Explicando&hellip; O Coronav&iacute;rus (2020)<\/h3><figure class=\"wp-block-embed is-type-video is-provider-youtube wp-block-embed-youtube wp-embed-aspect-16-9 wp-has-aspect-ratio\"><div class=\"wp-block-embed__wrapper\">\n<div class=\"cs-embed cs-embed-responsive\"><iframe title=\"Coronavirus, Explained | Official Trailer | Netflix\" width=\"1200\" height=\"675\" src=\"https:\/\/www.youtube.com\/embed\/sgZ7RKyDrLg?feature=oembed\" frameborder=\"0\" allow=\"accelerometer; autoplay; clipboard-write; encrypted-media; gyroscope; picture-in-picture\" allowfullscreen><\/iframe><\/div>\n<\/div><\/figure><p><strong>Sinopse:<\/strong> <em>Em 2020, o mundo mudou. Esta s&eacute;rie investiga a pandemia do coronav&iacute;rus, os esfor&ccedil;os para combat&ecirc;-la e os impactos na sa&uacute;de mental.<\/em><\/p><h3 class=\"wp-block-heading\" id=\"h-a-corrida-das-vacinas-2021\">A corrida das vacinas (2021)<\/h3><figure class=\"wp-block-embed is-type-video is-provider-youtube wp-block-embed-youtube wp-embed-aspect-16-9 wp-has-aspect-ratio\"><div class=\"wp-block-embed__wrapper\">\n<div class=\"cs-embed cs-embed-responsive\"><iframe title=\"Jornal Nacional - Estreia no Globoplay a s&eacute;rie documental &lsquo;A Corrida das Vacinas&rsquo;\" width=\"1200\" height=\"675\" src=\"https:\/\/www.youtube.com\/embed\/nfXLpDusSuU?feature=oembed\" frameborder=\"0\" allow=\"accelerometer; autoplay; clipboard-write; encrypted-media; gyroscope; picture-in-picture\" allowfullscreen><\/iframe><\/div>\n<\/div><\/figure><p><strong>Sinopse:<\/strong> <em>Em 5 epis&oacute;dios, os bastidores de uma grande conquista da ci&ecirc;ncia: a cria&ccedil;&atilde;o, em tempo recorde, de vacinas contra a Covid-19. Na &Iacute;ndia, na R&uacute;ssia, na China, nos EUA, na Europa e no Brasil.<\/em><\/p><h3 class=\"wp-block-heading\" id=\"h-a-conta-fica-para-a-juventude-2021\">A conta fica para a juventude (2021)<\/h3><figure class=\"wp-block-embed is-type-video is-provider-youtube wp-block-embed-youtube wp-embed-aspect-16-9 wp-has-aspect-ratio\"><div class=\"wp-block-embed__wrapper\">\n<div class=\"cs-embed cs-embed-responsive\"><iframe title=\"Trailer do filme A Conta Fica Para a Juventude\" width=\"1200\" height=\"675\" src=\"https:\/\/www.youtube.com\/embed\/GZNNzwP0pvo?feature=oembed\" frameborder=\"0\" allow=\"accelerometer; autoplay; clipboard-write; encrypted-media; gyroscope; picture-in-picture\" allowfullscreen><\/iframe><\/div>\n<\/div><\/figure><p><strong>Sinopse:<\/strong> <em>Document&aacute;rio de curta-metragem produzido pela TV Cap&atilde;o Doc e Oxfam Brasil sobre o impacto da pandemia de covid-19 na vida de jovens das periferias de S&atilde;o Paulo.&nbsp;<\/em><\/p><h3 class=\"wp-block-heading\" id=\"h-epicentro-24h-em-wuhan-2020\">Epicentro &ndash; 24h em Wuhan (2020)<\/h3><figure class=\"wp-block-embed is-type-video is-provider-youtube wp-block-embed-youtube wp-embed-aspect-16-9 wp-has-aspect-ratio\"><div class=\"wp-block-embed__wrapper\">\n<div class=\"cs-embed cs-embed-responsive\"><iframe title=\"Epicentro - 24h em Wuhan | Document&aacute;rio\" width=\"1200\" height=\"675\" src=\"https:\/\/www.youtube.com\/embed\/riYB5xFRHgg?feature=oembed\" frameborder=\"0\" allow=\"accelerometer; autoplay; clipboard-write; encrypted-media; gyroscope; picture-in-picture\" allowfullscreen><\/iframe><\/div>\n<\/div><\/figure><p><strong>Sinopse:<\/strong> <em>Neste document&aacute;rio produzido pela CGTN &ndash; China Global Television Network, saiba mais sobre o in&iacute;cio da crise de sa&uacute;de p&uacute;blica na China que se transformou numa pandemia: o COVID-19.&nbsp;<\/em><\/p><h2 class=\"wp-block-heading\" id=\"h-veja-como-o-estrat-gia-vestibulares-pode-te-ajudar-a-entrar-no-enem-e-demais-universidades\"><span class=\"ez-toc-section\" id=\"Veja-como-o-Estrategia-Vestibulares-pode-te-ajudar-a-entrar-no-Enem-e-demais-universidades\"><\/span>Veja como o Estrat&eacute;gia Vestibulares pode te ajudar a entrar no Enem e demais universidades<span class=\"ez-toc-section-end\"><\/span><\/h2><p>O <a href=\"https:\/\/www.estrategiavestibulares.com.br\/\" target=\"_blank\" rel=\"noopener noreferrer\">Estrat&eacute;gia Vestibulares<\/a> quer ver voc&ecirc; na faculdade em alto estilo.&nbsp;Alcance seus objetivos com nossos materiais exclusivos: cursos extensivos e intensivos, simulados e banco de quest&otilde;es completo para seus estudos di&aacute;rios. Confira!<\/p><\/p>\n","protected":false},"excerpt":{"rendered":"As chances de vermos o tema Covid-19 no Enem \u00e9 alta. Afinal, estamos falando do grande assunto da d\u00e9cada. Veja como ele pode cair na prova.\n","protected":false},"author":43,"featured_media":54103,"comment_status":"closed","ping_status":"closed","sticky":false,"template":"","format":"standard","meta":{"wl_entities_gutenberg":"","footnotes":""},"categories":[35],"tags":[],"wl_entity_type":[732],"class_list":{"0":"post-54102","1":"post","2":"type-post","3":"status-publish","4":"format-standard","5":"has-post-thumbnail","7":"category-vestibulares","8":"wl_entity_type-article"},"acf":[],"yoast_head":"<!-- This site is optimized with the Yoast SEO Premium plugin v25.9 (Yoast SEO v25.9) - https:\/\/yoast.com\/wordpress\/plugins\/seo\/ -->\n<title>Covid-19 no Enem: veja como o tema pode cair na prova<\/title>\n<meta name=\"description\" content=\"As chances de vermos o tema Covid-19 no Enem \u00e9 alta. Afinal, estamos falando do grande assunto da d\u00e9cada. Veja como ele pode cair na prova. %\" \/>\n<meta name=\"robots\" content=\"index, follow, max-snippet:-1, max-image-preview:large, max-video-preview:-1\" \/>\n<link rel=\"canonical\" href=\"https:\/\/vestibulares.estrategia.com\/portal\/enem-e-vestibulares\/vestibulares\/covid-19-no-enem\/\" \/>\n<meta property=\"og:locale\" content=\"pt_BR\" \/>\n<meta property=\"og:type\" content=\"article\" \/>\n<meta property=\"og:title\" content=\"Covid-19 no Enem: veja como o tema pode cair na prova e em outros vestibulares\" \/>\n<meta property=\"og:description\" content=\"As chances de vermos o tema Covid-19 no Enem \u00e9 alta. Afinal, estamos falando do grande assunto da d\u00e9cada. Veja como ele pode cair na prova. %\" \/>\n<meta property=\"og:url\" content=\"https:\/\/vestibulares.estrategia.com\/portal\/enem-e-vestibulares\/vestibulares\/covid-19-no-enem\/\" \/>\n<meta property=\"og:site_name\" content=\"Estrat\u00e9gia Vestibulares\" \/>\n<meta property=\"article:publisher\" content=\"https:\/\/facebook.com\/estrategiavestibulares\" \/>\n<meta property=\"article:published_time\" content=\"2021-08-27T22:18:09+00:00\" \/>\n<meta property=\"article:modified_time\" content=\"2021-11-23T10:53:04+00:00\" \/>\n<meta property=\"og:image\" content=\"https:\/\/cdn.blog.estrategiavestibulares.com.br\/vestibulares\/wp-content\/uploads\/2021\/08\/medium-shot-elbow-bumping_Easy-Resize.com_.jpg\" \/>\n\t<meta property=\"og:image:width\" content=\"1280\" \/>\n\t<meta property=\"og:image:height\" content=\"854\" \/>\n\t<meta property=\"og:image:type\" content=\"image\/jpeg\" \/>\n<meta name=\"author\" content=\"Leonardo Del Sant\" \/>\n<meta name=\"twitter:card\" content=\"summary_large_image\" \/>\n<meta name=\"twitter:creator\" content=\"@Estrategiavest\" \/>\n<meta name=\"twitter:site\" content=\"@Estrategiavest\" \/>\n<meta name=\"twitter:label1\" content=\"Escrito por\" \/>\n\t<meta name=\"twitter:data1\" content=\"Leonardo Del Sant\" \/>\n\t<meta name=\"twitter:label2\" content=\"Est. tempo de leitura\" \/>\n\t<meta name=\"twitter:data2\" content=\"6 minutos\" \/>\n<script type=\"application\/ld+json\" class=\"yoast-schema-graph\">{\"@context\":\"https:\/\/schema.org\",\"@graph\":[{\"@type\":\"Article\",\"@id\":\"https:\/\/vestibulares.estrategia.com\/portal\/enem-e-vestibulares\/vestibulares\/covid-19-no-enem\/#article\",\"isPartOf\":{\"@id\":\"https:\/\/vestibulares.estrategia.com\/portal\/enem-e-vestibulares\/vestibulares\/covid-19-no-enem\/\"},\"author\":{\"name\":\"Leonardo Del Sant\",\"@id\":\"https:\/\/vestibulares.estrategia.com\/portal\/#\/schema\/person\/95532619fccae669187ec84703047908\"},\"headline\":\"Covid-19 no Enem: veja como o tema pode cair na prova e em outros vestibulares\",\"datePublished\":\"2021-08-27T22:18:09+00:00\",\"dateModified\":\"2021-11-23T10:53:04+00:00\",\"mainEntityOfPage\":{\"@id\":\"https:\/\/vestibulares.estrategia.com\/portal\/enem-e-vestibulares\/vestibulares\/covid-19-no-enem\/\"},\"wordCount\":1450,\"publisher\":{\"@id\":\"https:\/\/vestibulares.estrategia.com\/portal\/#organization\"},\"image\":{\"@id\":\"https:\/\/vestibulares.estrategia.com\/portal\/enem-e-vestibulares\/vestibulares\/covid-19-no-enem\/#primaryimage\"},\"thumbnailUrl\":\"https:\/\/vestibulares.estrategia.com\/portal\/wp-content\/uploads\/2021\/08\/medium-shot-elbow-bumping_Easy-Resize.com_.jpg\",\"articleSection\":[\"Vestibulares\"],\"inLanguage\":\"pt-BR\"},{\"@type\":\"WebPage\",\"@id\":\"https:\/\/vestibulares.estrategia.com\/portal\/enem-e-vestibulares\/vestibulares\/covid-19-no-enem\/\",\"url\":\"https:\/\/vestibulares.estrategia.com\/portal\/enem-e-vestibulares\/vestibulares\/covid-19-no-enem\/\",\"name\":\"Covid-19 no Enem: veja como o tema pode cair na prova\",\"isPartOf\":{\"@id\":\"https:\/\/vestibulares.estrategia.com\/portal\/#website\"},\"primaryImageOfPage\":{\"@id\":\"https:\/\/vestibulares.estrategia.com\/portal\/enem-e-vestibulares\/vestibulares\/covid-19-no-enem\/#primaryimage\"},\"image\":{\"@id\":\"https:\/\/vestibulares.estrategia.com\/portal\/enem-e-vestibulares\/vestibulares\/covid-19-no-enem\/#primaryimage\"},\"thumbnailUrl\":\"https:\/\/vestibulares.estrategia.com\/portal\/wp-content\/uploads\/2021\/08\/medium-shot-elbow-bumping_Easy-Resize.com_.jpg\",\"datePublished\":\"2021-08-27T22:18:09+00:00\",\"dateModified\":\"2021-11-23T10:53:04+00:00\",\"description\":\"As chances de vermos o tema Covid-19 no Enem \u00e9 alta. Afinal, estamos falando do grande assunto da d\u00e9cada. Veja como ele pode cair na prova. %\",\"breadcrumb\":{\"@id\":\"https:\/\/vestibulares.estrategia.com\/portal\/enem-e-vestibulares\/vestibulares\/covid-19-no-enem\/#breadcrumb\"},\"inLanguage\":\"pt-BR\",\"potentialAction\":[{\"@type\":\"ReadAction\",\"target\":[\"https:\/\/vestibulares.estrategia.com\/portal\/enem-e-vestibulares\/vestibulares\/covid-19-no-enem\/\"]}]},{\"@type\":\"ImageObject\",\"inLanguage\":\"pt-BR\",\"@id\":\"https:\/\/vestibulares.estrategia.com\/portal\/enem-e-vestibulares\/vestibulares\/covid-19-no-enem\/#primaryimage\",\"url\":\"https:\/\/vestibulares.estrategia.com\/portal\/wp-content\/uploads\/2021\/08\/medium-shot-elbow-bumping_Easy-Resize.com_.jpg\",\"contentUrl\":\"https:\/\/vestibulares.estrategia.com\/portal\/wp-content\/uploads\/2021\/08\/medium-shot-elbow-bumping_Easy-Resize.com_.jpg\",\"width\":1280,\"height\":854,\"caption\":\"Covid-19 no Enem\"},{\"@type\":\"BreadcrumbList\",\"@id\":\"https:\/\/vestibulares.estrategia.com\/portal\/enem-e-vestibulares\/vestibulares\/covid-19-no-enem\/#breadcrumb\",\"itemListElement\":[{\"@type\":\"ListItem\",\"position\":1,\"name\":\"Home\",\"item\":\"https:\/\/vestibulares.estrategia.com\/portal\/\"},{\"@type\":\"ListItem\",\"position\":2,\"name\":\"Enem e Vestibulares\",\"item\":\"https:\/\/vestibulares.estrategia.com\/portal\/enem-e-vestibulares\/\"},{\"@type\":\"ListItem\",\"position\":3,\"name\":\"Vestibulares\",\"item\":\"https:\/\/vestibulares.estrategia.com\/portal\/enem-e-vestibulares\/vestibulares\/\"},{\"@type\":\"ListItem\",\"position\":4,\"name\":\"Covid-19 no Enem: veja como o tema pode cair na prova e em outros vestibulares\"}]},{\"@type\":\"WebSite\",\"@id\":\"https:\/\/vestibulares.estrategia.com\/portal\/#website\",\"url\":\"https:\/\/vestibulares.estrategia.com\/portal\/\",\"name\":\"Estrat\u00e9gia Vestibulares\",\"description\":\"\",\"publisher\":{\"@id\":\"https:\/\/vestibulares.estrategia.com\/portal\/#organization\"},\"potentialAction\":[{\"@type\":\"SearchAction\",\"target\":{\"@type\":\"EntryPoint\",\"urlTemplate\":\"https:\/\/vestibulares.estrategia.com\/portal\/?s={search_term_string}\"},\"query-input\":{\"@type\":\"PropertyValueSpecification\",\"valueRequired\":true,\"valueName\":\"search_term_string\"}}],\"inLanguage\":\"pt-BR\"},{\"@type\":\"Organization\",\"@id\":\"https:\/\/vestibulares.estrategia.com\/portal\/#organization\",\"name\":\"Estrat\u00e9gia Vestibulares\",\"url\":\"https:\/\/vestibulares.estrategia.com\/portal\/\",\"logo\":{\"@type\":\"ImageObject\",\"inLanguage\":\"pt-BR\",\"@id\":\"https:\/\/vestibulares.estrategia.com\/portal\/#\/schema\/logo\/image\/\",\"url\":\"https:\/\/vestibulares.estrategia.com\/portal\/wp-content\/uploads\/2021\/06\/Logo-Vestibulares@4x.png\",\"contentUrl\":\"https:\/\/vestibulares.estrategia.com\/portal\/wp-content\/uploads\/2021\/06\/Logo-Vestibulares@4x.png\",\"width\":250,\"height\":66,\"caption\":\"Estrat\u00e9gia Vestibulares\"},\"image\":{\"@id\":\"https:\/\/vestibulares.estrategia.com\/portal\/#\/schema\/logo\/image\/\"},\"sameAs\":[\"https:\/\/facebook.com\/estrategiavestibulares\",\"https:\/\/x.com\/Estrategiavest\",\"https:\/\/www.instagram.com\/estrategiavestibulares\",\"https:\/\/www.youtube.com\/channel\/UCGWdZy8ULI-7_5GrABa4vNA\"]},{\"@type\":\"Person\",\"@id\":\"https:\/\/vestibulares.estrategia.com\/portal\/#\/schema\/person\/95532619fccae669187ec84703047908\",\"name\":\"Leonardo Del Sant\",\"image\":{\"@type\":\"ImageObject\",\"inLanguage\":\"pt-BR\",\"@id\":\"https:\/\/vestibulares.estrategia.com\/portal\/#\/schema\/person\/image\/\",\"url\":\"https:\/\/vestibulares.estrategia.com\/portal\/wp-content\/uploads\/2026\/02\/1000082484-150x150.jpeg\",\"contentUrl\":\"https:\/\/vestibulares.estrategia.com\/portal\/wp-content\/uploads\/2026\/02\/1000082484-150x150.jpeg\",\"caption\":\"Leonardo Del Sant\"},\"description\":\"Coordenador de Jornalismo do Estrat\u00e9gia Vestibulares. Trabalhou com escrita para SEO em sites das \u00e1reas de economia, varejo, sa\u00fade, tecnologia e alimenta\u00e7\u00e3o. Formado em jornalismo pela Unesp\/Bauru.\",\"url\":\"https:\/\/vestibulares.estrategia.com\/portal\/author\/leonardo-del-sant\/\"}]}<\/script>\n<!-- \/ Yoast SEO Premium plugin. -->","yoast_head_json":{"title":"Covid-19 no Enem: veja como o tema pode cair na prova","description":"As chances de vermos o tema Covid-19 no Enem \u00e9 alta. Afinal, estamos falando do grande assunto da d\u00e9cada. Veja como ele pode cair na prova. %","robots":{"index":"index","follow":"follow","max-snippet":"max-snippet:-1","max-image-preview":"max-image-preview:large","max-video-preview":"max-video-preview:-1"},"canonical":"https:\/\/vestibulares.estrategia.com\/portal\/enem-e-vestibulares\/vestibulares\/covid-19-no-enem\/","og_locale":"pt_BR","og_type":"article","og_title":"Covid-19 no Enem: veja como o tema pode cair na prova e em outros vestibulares","og_description":"As chances de vermos o tema Covid-19 no Enem \u00e9 alta. Afinal, estamos falando do grande assunto da d\u00e9cada. Veja como ele pode cair na prova. %","og_url":"https:\/\/vestibulares.estrategia.com\/portal\/enem-e-vestibulares\/vestibulares\/covid-19-no-enem\/","og_site_name":"Estrat\u00e9gia Vestibulares","article_publisher":"https:\/\/facebook.com\/estrategiavestibulares","article_published_time":"2021-08-27T22:18:09+00:00","article_modified_time":"2021-11-23T10:53:04+00:00","og_image":[{"width":1280,"height":854,"url":"https:\/\/cdn.blog.estrategiavestibulares.com.br\/vestibulares\/wp-content\/uploads\/2021\/08\/medium-shot-elbow-bumping_Easy-Resize.com_.jpg","type":"image\/jpeg"}],"author":"Leonardo Del Sant","twitter_card":"summary_large_image","twitter_creator":"@Estrategiavest","twitter_site":"@Estrategiavest","twitter_misc":{"Escrito por":"Leonardo Del Sant","Est. tempo de leitura":"6 minutos"},"schema":{"@context":"https:\/\/schema.org","@graph":[{"@type":"Article","@id":"https:\/\/vestibulares.estrategia.com\/portal\/enem-e-vestibulares\/vestibulares\/covid-19-no-enem\/#article","isPartOf":{"@id":"https:\/\/vestibulares.estrategia.com\/portal\/enem-e-vestibulares\/vestibulares\/covid-19-no-enem\/"},"author":{"name":"Leonardo Del Sant","@id":"https:\/\/vestibulares.estrategia.com\/portal\/#\/schema\/person\/95532619fccae669187ec84703047908"},"headline":"Covid-19 no Enem: veja como o tema pode cair na prova e em outros vestibulares","datePublished":"2021-08-27T22:18:09+00:00","dateModified":"2021-11-23T10:53:04+00:00","mainEntityOfPage":{"@id":"https:\/\/vestibulares.estrategia.com\/portal\/enem-e-vestibulares\/vestibulares\/covid-19-no-enem\/"},"wordCount":1450,"publisher":{"@id":"https:\/\/vestibulares.estrategia.com\/portal\/#organization"},"image":{"@id":"https:\/\/vestibulares.estrategia.com\/portal\/enem-e-vestibulares\/vestibulares\/covid-19-no-enem\/#primaryimage"},"thumbnailUrl":"https:\/\/vestibulares.estrategia.com\/portal\/wp-content\/uploads\/2021\/08\/medium-shot-elbow-bumping_Easy-Resize.com_.jpg","articleSection":["Vestibulares"],"inLanguage":"pt-BR"},{"@type":"WebPage","@id":"https:\/\/vestibulares.estrategia.com\/portal\/enem-e-vestibulares\/vestibulares\/covid-19-no-enem\/","url":"https:\/\/vestibulares.estrategia.com\/portal\/enem-e-vestibulares\/vestibulares\/covid-19-no-enem\/","name":"Covid-19 no Enem: veja como o tema pode cair na prova","isPartOf":{"@id":"https:\/\/vestibulares.estrategia.com\/portal\/#website"},"primaryImageOfPage":{"@id":"https:\/\/vestibulares.estrategia.com\/portal\/enem-e-vestibulares\/vestibulares\/covid-19-no-enem\/#primaryimage"},"image":{"@id":"https:\/\/vestibulares.estrategia.com\/portal\/enem-e-vestibulares\/vestibulares\/covid-19-no-enem\/#primaryimage"},"thumbnailUrl":"https:\/\/vestibulares.estrategia.com\/portal\/wp-content\/uploads\/2021\/08\/medium-shot-elbow-bumping_Easy-Resize.com_.jpg","datePublished":"2021-08-27T22:18:09+00:00","dateModified":"2021-11-23T10:53:04+00:00","description":"As chances de vermos o tema Covid-19 no Enem \u00e9 alta. Afinal, estamos falando do grande assunto da d\u00e9cada. Veja como ele pode cair na prova. %","breadcrumb":{"@id":"https:\/\/vestibulares.estrategia.com\/portal\/enem-e-vestibulares\/vestibulares\/covid-19-no-enem\/#breadcrumb"},"inLanguage":"pt-BR","potentialAction":[{"@type":"ReadAction","target":["https:\/\/vestibulares.estrategia.com\/portal\/enem-e-vestibulares\/vestibulares\/covid-19-no-enem\/"]}]},{"@type":"ImageObject","inLanguage":"pt-BR","@id":"https:\/\/vestibulares.estrategia.com\/portal\/enem-e-vestibulares\/vestibulares\/covid-19-no-enem\/#primaryimage","url":"https:\/\/vestibulares.estrategia.com\/portal\/wp-content\/uploads\/2021\/08\/medium-shot-elbow-bumping_Easy-Resize.com_.jpg","contentUrl":"https:\/\/vestibulares.estrategia.com\/portal\/wp-content\/uploads\/2021\/08\/medium-shot-elbow-bumping_Easy-Resize.com_.jpg","width":1280,"height":854,"caption":"Covid-19 no Enem"},{"@type":"BreadcrumbList","@id":"https:\/\/vestibulares.estrategia.com\/portal\/enem-e-vestibulares\/vestibulares\/covid-19-no-enem\/#breadcrumb","itemListElement":[{"@type":"ListItem","position":1,"name":"Home","item":"https:\/\/vestibulares.estrategia.com\/portal\/"},{"@type":"ListItem","position":2,"name":"Enem e Vestibulares","item":"https:\/\/vestibulares.estrategia.com\/portal\/enem-e-vestibulares\/"},{"@type":"ListItem","position":3,"name":"Vestibulares","item":"https:\/\/vestibulares.estrategia.com\/portal\/enem-e-vestibulares\/vestibulares\/"},{"@type":"ListItem","position":4,"name":"Covid-19 no Enem: veja como o tema pode cair na prova e em outros vestibulares"}]},{"@type":"WebSite","@id":"https:\/\/vestibulares.estrategia.com\/portal\/#website","url":"https:\/\/vestibulares.estrategia.com\/portal\/","name":"Estrat\u00e9gia Vestibulares","description":"","publisher":{"@id":"https:\/\/vestibulares.estrategia.com\/portal\/#organization"},"potentialAction":[{"@type":"SearchAction","target":{"@type":"EntryPoint","urlTemplate":"https:\/\/vestibulares.estrategia.com\/portal\/?s={search_term_string}"},"query-input":{"@type":"PropertyValueSpecification","valueRequired":true,"valueName":"search_term_string"}}],"inLanguage":"pt-BR"},{"@type":"Organization","@id":"https:\/\/vestibulares.estrategia.com\/portal\/#organization","name":"Estrat\u00e9gia Vestibulares","url":"https:\/\/vestibulares.estrategia.com\/portal\/","logo":{"@type":"ImageObject","inLanguage":"pt-BR","@id":"https:\/\/vestibulares.estrategia.com\/portal\/#\/schema\/logo\/image\/","url":"https:\/\/vestibulares.estrategia.com\/portal\/wp-content\/uploads\/2021\/06\/Logo-Vestibulares@4x.png","contentUrl":"https:\/\/vestibulares.estrategia.com\/portal\/wp-content\/uploads\/2021\/06\/Logo-Vestibulares@4x.png","width":250,"height":66,"caption":"Estrat\u00e9gia Vestibulares"},"image":{"@id":"https:\/\/vestibulares.estrategia.com\/portal\/#\/schema\/logo\/image\/"},"sameAs":["https:\/\/facebook.com\/estrategiavestibulares","https:\/\/x.com\/Estrategiavest","https:\/\/www.instagram.com\/estrategiavestibulares","https:\/\/www.youtube.com\/channel\/UCGWdZy8ULI-7_5GrABa4vNA"]},{"@type":"Person","@id":"https:\/\/vestibulares.estrategia.com\/portal\/#\/schema\/person\/95532619fccae669187ec84703047908","name":"Leonardo Del Sant","image":{"@type":"ImageObject","inLanguage":"pt-BR","@id":"https:\/\/vestibulares.estrategia.com\/portal\/#\/schema\/person\/image\/","url":"https:\/\/vestibulares.estrategia.com\/portal\/wp-content\/uploads\/2026\/02\/1000082484-150x150.jpeg","contentUrl":"https:\/\/vestibulares.estrategia.com\/portal\/wp-content\/uploads\/2026\/02\/1000082484-150x150.jpeg","caption":"Leonardo Del Sant"},"description":"Coordenador de Jornalismo do Estrat\u00e9gia Vestibulares. Trabalhou com escrita para SEO em sites das \u00e1reas de economia, varejo, sa\u00fade, tecnologia e alimenta\u00e7\u00e3o. Formado em jornalismo pela Unesp\/Bauru.","url":"https:\/\/vestibulares.estrategia.com\/portal\/author\/leonardo-del-sant\/"}]}},"_wl_alt_label":[],"wl:entity_url":"https:\/\/data.wordlift.io\/wl110249\/post\/covid-19-no-enem","_links":{"self":[{"href":"https:\/\/vestibulares.estrategia.com\/portal\/wp-json\/wp\/v2\/posts\/54102","targetHints":{"allow":["GET"]}}],"collection":[{"href":"https:\/\/vestibulares.estrategia.com\/portal\/wp-json\/wp\/v2\/posts"}],"about":[{"href":"https:\/\/vestibulares.estrategia.com\/portal\/wp-json\/wp\/v2\/types\/post"}],"author":[{"embeddable":true,"href":"https:\/\/vestibulares.estrategia.com\/portal\/wp-json\/wp\/v2\/users\/43"}],"replies":[{"embeddable":true,"href":"https:\/\/vestibulares.estrategia.com\/portal\/wp-json\/wp\/v2\/comments?post=54102"}],"version-history":[{"count":5,"href":"https:\/\/vestibulares.estrategia.com\/portal\/wp-json\/wp\/v2\/posts\/54102\/revisions"}],"predecessor-version":[{"id":58706,"href":"https:\/\/vestibulares.estrategia.com\/portal\/wp-json\/wp\/v2\/posts\/54102\/revisions\/58706"}],"wp:featuredmedia":[{"embeddable":true,"href":"https:\/\/vestibulares.estrategia.com\/portal\/wp-json\/wp\/v2\/media\/54103"}],"wp:attachment":[{"href":"https:\/\/vestibulares.estrategia.com\/portal\/wp-json\/wp\/v2\/media?parent=54102"}],"wp:term":[{"taxonomy":"category","embeddable":true,"href":"https:\/\/vestibulares.estrategia.com\/portal\/wp-json\/wp\/v2\/categories?post=54102"},{"taxonomy":"post_tag","embeddable":true,"href":"https:\/\/vestibulares.estrategia.com\/portal\/wp-json\/wp\/v2\/tags?post=54102"},{"taxonomy":"wl_entity_type","embeddable":true,"href":"https:\/\/vestibulares.estrategia.com\/portal\/wp-json\/wp\/v2\/wl_entity_type?post=54102"}],"curies":[{"name":"wp","href":"https:\/\/api.w.org\/{rel}","templated":true}]}}