{"id":55009,"date":"2021-09-14T10:01:24","date_gmt":"2021-09-14T13:01:24","guid":{"rendered":"https:\/\/blog.estrategiavestibulares.com.br\/?p=55009"},"modified":"2021-09-14T10:01:28","modified_gmt":"2021-09-14T13:01:28","slug":"edital-reaplicacao-enem-2021","status":"publish","type":"post","link":"https:\/\/vestibulares.estrategia.com\/portal\/enem-e-vestibulares\/vestibulares\/edital-reaplicacao-enem-2021\/","title":{"rendered":"Edital de reaplica\u00e7\u00e3o Enem 2021: inscri\u00e7\u00f5es, regras e datas"},"content":{"rendered":"<p>O Instituto Nacional de Estudos e Pesquisas An&iacute;sio de Teixeira (Inep) divulgou nesta ter&ccedil;a-feira (14) o edital de reaplica&ccedil;&atilde;o do Exame Nacional do Ensino M&eacute;dio (<a href=\"https:\/\/vestibulares.estrategia.com\/portal\/enem\/enem\/\" target=\"_blank\">Enem<\/a>) para candidatos isentos na &uacute;ltima edi&ccedil;&atilde;o, mas que faltaram no dia da prova. <p>Com isso, esses candidatos recebem o direito &agrave; isen&ccedil;&atilde;o da taxa de inscri&ccedil;&atilde;o. Por&eacute;m, a data da prova &eacute; diferente! Para esses participantes, a prova ser&aacute; nos dias 09 e 16 de janeiro de 2022. Veja abaixo o edital na &iacute;ntegra e outras informa&ccedil;&otilde;es importantes sobre a replica&ccedil;&atilde;o do Enem 2021:<\/p><figure class=\"wp-block-image size-full\"><img decoding=\"async\" width=\"750\" height=\"420\" src=\"https:\/\/vestibulares.estrategia.com\/portal\/wp-content\/uploads\/2021\/09\/edital-enem-2021-reaplicacao.jpg\" alt=\"edital reaplica&ccedil;&atilde;o enem 2021\" class=\"wp-image-55011\" srcset=\"https:\/\/vestibulares.estrategia.com\/portal\/wp-content\/uploads\/2021\/09\/edital-enem-2021-reaplicacao.jpg 750w, https:\/\/vestibulares.estrategia.com\/portal\/wp-content\/uploads\/2021\/09\/edital-enem-2021-reaplicacao-300x168.webp 300w, https:\/\/vestibulares.estrategia.com\/portal\/wp-content\/uploads\/2021\/09\/edital-enem-2021-reaplicacao-380x213.webp 380w\" sizes=\"(max-width: 750px) 100vw, 750px\" \/><figcaption><em>Foto: Isabela Giordan<\/em><\/figcaption><\/figure><div id=\"ez-toc-container\" class=\"ez-toc-v2_0_76 counter-hierarchy ez-toc-counter ez-toc-transparent ez-toc-container-direction\">\n<div class=\"ez-toc-title-container\"><p class=\"ez-toc-title\" style=\"cursor:inherit\">Navegue pelo conte\u00fado<\/p>\n<\/div><nav><ul class='ez-toc-list ez-toc-list-level-1 ' ><li class='ez-toc-page-1 ez-toc-heading-level-2'><a class=\"ez-toc-link ez-toc-heading-1\" href=\"https:\/\/vestibulares.estrategia.com\/portal\/enem-e-vestibulares\/vestibulares\/edital-reaplicacao-enem-2021\/#Edital-de-reaplicacao-do-Enem-2021\" >Edital de reaplica&ccedil;&atilde;o do Enem 2021<\/a><\/li><li class='ez-toc-page-1 ez-toc-heading-level-2'><a class=\"ez-toc-link ez-toc-heading-2\" href=\"https:\/\/vestibulares.estrategia.com\/portal\/enem-e-vestibulares\/vestibulares\/edital-reaplicacao-enem-2021\/#Como-se-inscrever-na-reaplicacao-do-Enem-2021\" >Como se inscrever na reaplica&ccedil;&atilde;o do Enem 2021?<\/a><\/li><li class='ez-toc-page-1 ez-toc-heading-level-2'><a class=\"ez-toc-link ez-toc-heading-3\" href=\"https:\/\/vestibulares.estrategia.com\/portal\/enem-e-vestibulares\/vestibulares\/edital-reaplicacao-enem-2021\/#Calendario-da-reaplicacao-do-Enem-2021\" >Calend&aacute;rio da reaplica&ccedil;&atilde;o do Enem 2021<\/a><\/li><li class='ez-toc-page-1 ez-toc-heading-level-2'><a class=\"ez-toc-link ez-toc-heading-4\" href=\"https:\/\/vestibulares.estrategia.com\/portal\/enem-e-vestibulares\/vestibulares\/edital-reaplicacao-enem-2021\/#Como-estudar-para-o-Enem-2021\" >Como estudar para o Enem 2021?<\/a><\/li><\/ul><\/nav><\/div>\n<h2 class=\"wp-block-heading\"><span class=\"ez-toc-section\" id=\"Edital-de-reaplicacao-do-Enem-2021\"><\/span>Edital de reaplica&ccedil;&atilde;o do Enem 2021<span class=\"ez-toc-section-end\"><\/span><\/h2><p>O PRESIDENTE DO INSTITUTO NACIONAL DE ESTUDOS E PESQUISAS EDUCACIONAIS AN&Iacute;SIO TEIXEIRA &ndash; INEP, no uso das atribui&ccedil;&otilde;es que lhe conferem o Decreto n&ordm; 6.317, de 20 de dezembro de 2007, e a Portaria n&ordm; 986, de 21 de dezembro de 2017, tendo em vista o disposto na Portaria MEC n&ordm; 458, de 5 de maio de 2020 e disciplinado pelo Edital n&ordm; 28, de 1&ordm; de junho de 2021, torna p&uacute;blicas as regras especiais do Exame Nacional do Ensino M&eacute;dio (Enem) 2021 impresso para participantes isentos e ausentes na edi&ccedil;&atilde;o do Enem 2020, em cumprimento &agrave; Argui&ccedil;&atilde;o de Descumprimento de Preceito Fundamental n&ordm; 874.<\/p><h3 class=\"wp-block-heading\">1. DAS DISPOSI&Ccedil;&Otilde;ES PRELIMINARES<\/h3><p>1.1 <strong>Este Edital, complementar ao Edital n&ordm; 28, de 1&ordm; de junho de 2021, disp&otilde;e sobre as diretrizes, os procedimentos e os prazos diferenciados para os participantes isentos e ausentes do Exame Nacional do Ensino M&eacute;dio 2020, que desejam se inscrever na edi&ccedil;&atilde;o do <\/strong>E<strong>nem impresso 2021.<\/strong><\/p><p>1.2 <strong>As inscri&ccedil;&otilde;es s&atilde;o exclusivas para o Enem impresso 2021<\/strong>.<\/p><p>1.3<strong> A aplica&ccedil;&atilde;o das provas para os participantes que se inscreverem na forma deste Edital ocorrer&aacute; nos dias 9 e 16 de janeiro de 2022<\/strong>.<\/p><p>1.3.1 <strong>O participante que optar por se inscrever conforme cronograma deste Edital n&atilde;o poder&aacute; realizar o exame nos dias 21 e 28 de novembro de 2021.<\/strong><\/p><p>1.4 <strong>O participante que n&atilde;o teve a inscri&ccedil;&atilde;o confirmada no Enem 2021 e se enquadra no item 1.1 deste Edital, poder&aacute; efetuar sua inscri&ccedil;&atilde;o com isen&ccedil;&atilde;o da taxa de inscri&ccedil;&atilde;o, conforme item 2 para realizar as provas nos dias 9 e 16 de janeiro de 2022<\/strong>.<\/p><h3 class=\"wp-block-heading\">2. DA REABERTURA DA INSCRI&Ccedil;&Atilde;O<\/h3><p>2.1 A inscri&ccedil;&atilde;o do participante deve ser realizada pelo endere&ccedil;o &lt;enem.inep.gov.br\/participante&gt;, do dia 14 ao dia 26 de setembro de 2021 &agrave;s 23h59 (hor&aacute;rio de Bras&iacute;lia-DF).<\/p><p>2.1.1 N&atilde;o ser&aacute; permitida a inscri&ccedil;&atilde;o fora do prazo e fora do sistema de inscri&ccedil;&atilde;o.<\/p><p>2.2 Na inscri&ccedil;&atilde;o, o participante dever&aacute;:<\/p><p>2.2.1 Informar o n&uacute;mero de seu CPF e a sua data de nascimento.<\/p><p>2.2.1.1 Ser&aacute; aceita apenas uma inscri&ccedil;&atilde;o por n&uacute;mero de CPF.<\/p><p>2.2.1.2 Depois de finalizada, a inscri&ccedil;&atilde;o n&atilde;o poder&aacute; ser cancelada.<\/p><p>2.2.1.3 Os dados pessoais informados devem ser iguais aos dados cadastrados na Receita Federal para n&atilde;o inviabilizar a correspond&ecirc;ncia entre as informa&ccedil;&otilde;es. Antes de realizar a inscri&ccedil;&atilde;o, o participante dever&aacute; verificar a correspond&ecirc;ncia dessas informa&ccedil;&otilde;es pessoais e, se for o caso, atualiz&aacute;-las, na Receita Federal.<\/p><p>2.2.2 Informar endere&ccedil;o de e-mail &uacute;nico e v&aacute;lido, e n&uacute;mero de telefone fixo ou celular v&aacute;lido.<\/p><p>2.2.2.1 O Inep poder&aacute; utilizar o e-mail cadastrado para enviar ao participante informa&ccedil;&otilde;es relativas ao Exame. No entanto, todas as informa&ccedil;&otilde;es referentes &agrave; inscri&ccedil;&atilde;o do participante estar&atilde;o dispon&iacute;veis para consulta na P&aacute;gina do Participante, no endere&ccedil;o &lt;enem.inep.gov.br\/participante&gt;.<\/p><p>2.2.2.2 O Inep n&atilde;o se responsabiliza pelo envio de informa&ccedil;&otilde;es a terceiros decorrente de cadastramento indevido de e-mail e\/ou telefone pelo participante.<\/p><p>2.2.3 Indicar a unidade da Federa&ccedil;&atilde;o e o munic&iacute;pio onde deseja realizar o Exame, conforme o Anexo I do Edital n&ordm; 28, de 1&ordm; de junho de 2021.<\/p><p>2.2.4 Solicitar, se necess&aacute;rio, Atendimento Especializado, de acordo com as op&ccedil;&otilde;es descritas no item 4 do Edital n&ordm; 28, de 1&ordm; de junho de 2021.<\/p><p>2.2.5 <strong>Inserir documento leg&iacute;vel que comprove a condi&ccedil;&atilde;o que motiva a solicita&ccedil;&atilde;o de Atendimento Especializado<\/strong>, se for o caso.<\/p><p>2.2.5.1 N&atilde;o ser&atilde;o aceitos documentos apresentados fora do sistema de inscri&ccedil;&atilde;o e fora do per&iacute;odo do dia 14 ao dia 26 de setembro de 2021 &agrave;s 23h59 (hor&aacute;rio de Bras&iacute;lia-DF), mesmo que estejam em conformidade com o item 4.2.3 Edital n&ordm; 28, de 1&ordm; de junho de 2021.<\/p><p>2.2.5.2 O resultado da an&aacute;lise do documento comprobat&oacute;rio de que trata o item 2.2.5 deste Edital, dever&aacute; ser consultado pelo endere&ccedil;o &lt;enem.inep.gov.br\/participante&gt;, a partir do dia 4 de outubro de 2021.<\/p><p>2.2.5.3 Em caso de reprova&ccedil;&atilde;o da documenta&ccedil;&atilde;o anexada, o participante poder&aacute; solicitar recurso do dia 5 ao dia 9 de outubro de 2021 &agrave;s 23h59 (hor&aacute;rio de Bras&iacute;lia-DF), pelo endere&ccedil;o &lt;enem.inep.gov.br\/participante&gt;. O participante dever&aacute; inserir novo documento que comprove a necessidade do Atendimento Especializado.<\/p><p>2.2.5.4 O resultado do recurso da solicita&ccedil;&atilde;o de Atendimento Especializado dever&aacute; ser consultado no endere&ccedil;o &lt;enem.inep.gov.br\/participante&gt;, a partir do dia 18 de outubro de 2021.<\/p><p>2.2.6 <strong>Selecionar a l&iacute;ngua (ingl&ecirc;s ou espanhol) em que realizar&aacute; a prova de L&iacute;ngua Estrangeira<\/strong>.<\/p><p>2.2.6.1 O participante dever&aacute; responder apenas &agrave;s quest&otilde;es referentes &agrave; l&iacute;ngua estrangeira escolhida no ato da inscri&ccedil;&atilde;o.<\/p><p>2.2.7 Criar cadastro e senha de acesso para a P&aacute;gina do Participante, no endere&ccedil;o &lt;sso.acesso.gov.br&gt;, que dever&aacute; ser memorizada e\/ou anotada em local seguro. Ela ser&aacute; solicitada para:<\/p><p>a) alterar dados cadastrais de munic&iacute;pio de provas e de op&ccedil;&atilde;o de l&iacute;ngua estrangeira, durante o per&iacute;odo de inscri&ccedil;&atilde;o, conforme item 2.1 deste Edital;<\/p><p>b) acompanhar a inscri&ccedil;&atilde;o na P&aacute;gina do Participante ou no aplicativo oficial do Enem;<\/p><p>c) consultar o local de provas;<\/p><p>d) consultar e imprimir o Cart&atilde;o de Confirma&ccedil;&atilde;o da Inscri&ccedil;&atilde;o;<\/p><p>e) obter os resultados individuais via internet;<\/p><p>f) inscrever-se em programas de acesso &agrave; educa&ccedil;&atilde;o superior, programas de bolsa de estudos e\/ou de financiamento estudantil, entre outros programas do Minist&eacute;rio da Educa&ccedil;&atilde;o.<\/p><p>2.2.7.1 A senha &eacute; pessoal, intransfer&iacute;vel e de responsabilidade do participante.<\/p><p>2.2.7.2 O participante que esquecer a senha cadastrada ter&aacute; a op&ccedil;&atilde;o de recuper&aacute;-la pelo endere&ccedil;o &lt;sso.acesso.gov.br&gt;.<\/p><p>2.2.8 <strong>Anexar sua foto atual, n&iacute;tida, individual, colorida, com fundo branco que enquadre desde a cabe&ccedil;a at&eacute; os ombros, de rosto inteiro, sem o uso de &oacute;culos escuros e artigos de chapelaria (bon&eacute;, chap&eacute;u, viseira, gorro ou similares)<\/strong>.<\/p><p>2.2.8.1 O Inep poder&aacute; utilizar a foto anexada no sistema de inscri&ccedil;&atilde;o para procedimento de identifica&ccedil;&atilde;o nos dias de realiza&ccedil;&atilde;o do Exame.<\/p><p>2.3 As altera&ccedil;&otilde;es nos dados provenientes da Receita Federal, ap&oacute;s atualiza&ccedil;&atilde;o realizada pelo participante, devem ser solicitadas ao Inep, por meio da Central de Atendimento 0800 616161. A visualiza&ccedil;&atilde;o da altera&ccedil;&atilde;o estar&aacute; dispon&iacute;vel na divulga&ccedil;&atilde;o dos resultados.<\/p><p>2.4 O participante &eacute; respons&aacute;vel por preencher corretamente as informa&ccedil;&otilde;es prestadas no sistema de inscri&ccedil;&atilde;o, inclusive as relacionadas ao Question&aacute;rio Socioecon&ocirc;mico, inserir os documentos solicitados e verificar se a inscri&ccedil;&atilde;o foi conclu&iacute;da com sucesso.<\/p><p>2.4.1 Os dados informados no Question&aacute;rio Socioecon&ocirc;mico e os referentes &agrave; situa&ccedil;&atilde;o do ensino m&eacute;dio n&atilde;o poder&atilde;o ser alterados.<\/p><p>2.5 <strong>O participante que desejar Tratamento pelo Nome Social poder&aacute; solicit&aacute;-lo, ap&oacute;s sua inscri&ccedil;&atilde;o, na P&aacute;gina do Participante &lt;enem.inep.gov.br\/participante&gt;, do dia 14 ao dia 27 de setembro de 2021 &agrave;s 23h59 (hor&aacute;rio de Bras&iacute;lia-DF)<\/strong>.<\/p><p>2.5.1 O participante que solicitar Tratamento pelo Nome Social dever&aacute; apresentar comprova&ccedil;&atilde;o da condi&ccedil;&atilde;o que o motiva, conforme itens abaixo:<\/p><p>a) foto atual, n&iacute;tida, individual, colorida, com fundo branco que enquadre desde a cabe&ccedil;a at&eacute; os ombros, de rosto inteiro, sem o uso de &oacute;culos escuros e artigos de chapelaria (bon&eacute;, chap&eacute;u, viseira, gorro ou similares); e<\/p><p>b) c&oacute;pia digitalizada, frente e verso, de um dos documentos de identifica&ccedil;&atilde;o oficiais com foto, v&aacute;lido, conforme item 10.2 do Edital n&ordm; 28, de 1&ordm; de junho de 2021.<\/p><p>2.5.2 N&atilde;o ser&atilde;o aceitas solicita&ccedil;&atilde;o e\/ou inser&ccedil;&atilde;o de documenta&ccedil;&atilde;o fora do endere&ccedil;o &lt;enem.inep.gov.br\/participante&gt; e\/ou fora do per&iacute;odo, conforme item 2.5 deste Edital, mesmo que estejam em conformidade com o item 2.5.1 deste Edital.<\/p><p>2.5.3 O resultado da an&aacute;lise da solicita&ccedil;&atilde;o de Tratamento pelo Nome Social dever&aacute; ser consultado no endere&ccedil;o &lt;enem.inep.gov.br\/participante&gt;, a partir do dia 4 de outubro de 2021.<\/p><p>2.5.4 Em caso de reprova&ccedil;&atilde;o da documenta&ccedil;&atilde;o anexada, o participante poder&aacute; solicitar recurso, do dia 5 ao dia 9 de outubro de 2021 &agrave;s 23h59 (hor&aacute;rio de Bras&iacute;lia-DF), pelo endere&ccedil;o &lt;enem.inep.gov.br\/participante&gt; e inserir nova documenta&ccedil;&atilde;o para an&aacute;lise.<\/p><p>2.5.5 O resultado do recurso do Tratamento pelo Nome Social dever&aacute; ser consultado no endere&ccedil;o &lt;enem.inep.gov.br\/participante&gt;, a partir do dia 18 de outubro de 2021.<\/p><p>2.5.6 Caso a documenta&ccedil;&atilde;o enviada n&atilde;o esteja em conformidade com o item 2.5.1 deste Edital, o participante ser&aacute; identificado no Exame pelo Nome Civil.<\/p><p>2.6 O participante que prestar qualquer informa&ccedil;&atilde;o falsa ou inexata durante a inscri&ccedil;&atilde;o ou que n&atilde;o satisfizer todas as condi&ccedil;&otilde;es estabelecidas neste Edital, no edital n&ordm; 28 de 1&ordm; de junho de 2021 e nos demais instrumentos normativos ser&aacute; eliminado do Exame a qualquer tempo.<\/p><p>2.7 O Inep n&atilde;o se responsabiliza por inscri&ccedil;&atilde;o e solicita&ccedil;&atilde;o de Tratamento pelo Nome Social n&atilde;o recebidas por quaisquer motivos de ordem t&eacute;cnica dos aparelhos eletr&ocirc;nicos, falhas de comunica&ccedil;&atilde;o, congestionamento das linhas de comunica&ccedil;&atilde;o, procedimento indevido do participante e\/ou outros fatores que impossibilitem a transfer&ecirc;ncia de dados. &Eacute; de responsabilidade exclusiva do participante acompanhar a situa&ccedil;&atilde;o de sua inscri&ccedil;&atilde;o, assim como conferir o seu local de provas.<\/p><h3 class=\"wp-block-heading\">3. DAS DISPOSI&Ccedil;&Otilde;ES FINAIS<\/h3><p>3.1 A inscri&ccedil;&atilde;o do participante implica a aceita&ccedil;&atilde;o das disposi&ccedil;&otilde;es, das diretrizes e dos procedimentos do Enem 2021 impresso contidos neste e no Edital n&ordm; 28, de 1&ordm; de junho de 2021.<\/p><p>3.1.1 Aos inscritos em conformidade com este Edital n&atilde;o se aplica o disposto no item 15.3 do Edital n&ordm; 28 de 1&ordm; de junho de 2021.<\/p><p>3.2 <strong>O presente Edital poder&aacute; ser alterado, revogado ou anulado, no todo ou em parte, seja por decis&atilde;o unilateral do Inep, por motivo de interesse p&uacute;blico ou exig&ecirc;ncia legal, ou em raz&atilde;o da pandemia de Covid-19, em decis&atilde;o fundamentada, decorrente de fato superveniente, sem que isso implique direito a indeniza&ccedil;&atilde;o ou reclama&ccedil;&atilde;o de qualquer natureza, conforme legisla&ccedil;&atilde;o vigente.<\/strong><\/p><p>3.3 Os casos omissos e as eventuais d&uacute;vidas referentes a este Edital ser&atilde;o resolvidos e esclarecidos pelo Inep.<\/p><p>3.4 Ficam mantidas as demais disposi&ccedil;&otilde;es do Edital n&ordm; 28, de 1&ordm; de junho de 2021.<\/p><h2 class=\"wp-block-heading\"><span class=\"ez-toc-section\" id=\"Como-se-inscrever-na-reaplicacao-do-Enem-2021\"><\/span>Como se inscrever na reaplica&ccedil;&atilde;o do Enem 2021?<span class=\"ez-toc-section-end\"><\/span><\/h2><p>Para se inscrever na nova data do Enem 2021, os interessados devem seguir este passo a passo:<\/p><ul class=\"wp-block-list\"><li>Acessar a P&aacute;gina de Participante do Enem;<\/li><li>Fa&ccedil;a o seu login pelo Gov.br (site de cadastro &uacute;nico do governo federal);<\/li><li>Ap&oacute;s isso, inicie a sua inscri&ccedil;&atilde;o na prova;<\/li><li>Confirme os seus dados pessoais;<\/li><li>Informe caso exista a necessidade de atendimento especial ou especializado;<\/li><li>Indique a op&ccedil;&atilde;o de l&iacute;ngua estrangeira de sua prefer&ecirc;ncia (as op&ccedil;&otilde;es s&atilde;o ingl&ecirc;s ou espanhol);<\/li><li>Informe a sua situa&ccedil;&atilde;o no Ensino M&eacute;dio;<\/li><li>Responda o Question&aacute;rio Socioecon&ocirc;mico;<\/li><li>Informe um telefone fixo e\/ou celular e um e-mail para contato;<\/li><li>Escolha qual ser&aacute; a modalidade do Enem preferida: Impresso ou Digital (lembrando que a op&ccedil;&atilde;o Digital n&atilde;o aceitar&aacute; a inscri&ccedil;&atilde;o de candidatos treineiros);<\/li><li>Envie a foto obrigat&oacute;ria;<\/li><li>Se voc&ecirc; n&atilde;o tiver direito &agrave; isen&ccedil;&atilde;o, confirme seus dados para o pagamento da taxa de inscri&ccedil;&atilde;o;<\/li><li>Confirme sua inscri&ccedil;&atilde;o e pronto!&nbsp;<\/li><\/ul><pre class=\"wp-block-preformatted\"><a href=\"https:\/\/vestibulares.estrategia.com\/portal\/simulado\/simulado-enem\/\" target=\"_blank\">Quer fazer um simulado gratuito do Enem 2021 e testar os seus conhecimentos? Clique aqui e se inscreva na pr&oacute;xima edi&ccedil;&atilde;o! <\/a><\/pre><h2 class=\"wp-block-heading\"><span class=\"ez-toc-section\" id=\"Calendario-da-reaplicacao-do-Enem-2021\"><\/span>Calend&aacute;rio da reaplica&ccedil;&atilde;o do Enem 2021<span class=\"ez-toc-section-end\"><\/span><\/h2><ul class=\"wp-block-list\"><li><strong>Edital:<\/strong> 14\/09\/2021<\/li><li><strong>Inscri&ccedil;&otilde;es do Enem 2021: <\/strong>14 a 26\/09\/2021<\/li><li><strong>Local de prova:<\/strong> ainda sem data<\/li><li><strong>Reaplica&ccedil;&atilde;o Enem Impresso 2021:<\/strong> 09\/01 e 16\/01\/2022<\/li><li><strong>Resultado:<\/strong> ainda sem data<\/li><\/ul><h2 class=\"wp-block-heading\" id=\"como-estudar-para-o-enem-2021\"><span class=\"ez-toc-section\" id=\"Como-estudar-para-o-Enem-2021\"><\/span>Como estudar para o Enem 2021?<span class=\"ez-toc-section-end\"><\/span><\/h2><p>Agora que o Enem 2021 j&aacute; tem data marcada, &eacute; preciso come&ccedil;ar os estudos o quanto antes. Afinal, por ser o maior vestibular do Brasil, a concorr&ecirc;ncia e a dificuldade do exame aumentam a cada ano.&nbsp;<\/p><figure class=\"wp-block-embed is-type-video is-provider-youtube wp-block-embed-youtube wp-embed-aspect-16-9 wp-has-aspect-ratio\"><div class=\"wp-block-embed__wrapper\">\n<div class=\"cs-embed cs-embed-responsive\"><iframe title=\"URGENTE: ENEM 2021 - Reaplica&ccedil;&atilde;o em 9 e 16 de janeiro\" width=\"1200\" height=\"675\" src=\"https:\/\/www.youtube.com\/embed\/C7iIGK2VetU?feature=oembed\" frameborder=\"0\" allow=\"accelerometer; autoplay; clipboard-write; encrypted-media; gyroscope; picture-in-picture\" allowfullscreen><\/iframe><\/div>\n<\/div><\/figure><p>Para te ajudar, o<strong>&nbsp;Estrat&eacute;gia Vestibulares oferece diariamente aulas gratuitas no&nbsp;<a href=\"https:\/\/www.youtube.com\/channel\/UCGWdZy8ULI-7_5GrABa4vNA\" target=\"_blank\">YouTube<\/a><\/strong>&nbsp;sobre todas as mat&eacute;rias que caem no Enem e em diversos vestibulares brasileiros.<\/p><p>Al&eacute;m disso, para aqueles que querem investir nos estudos, a plataforma tamb&eacute;m oferece um curso preparat&oacute;rio exclusivo sobre o Enem 2021, com professores especialistas na prova e com diversos benef&iacute;cios. D&aacute; s&oacute; uma olhada:&nbsp;<\/p><ul class=\"wp-block-list\"><li>Curso com livros digitais;<\/li><li>Corre&ccedil;&atilde;o ilimitada de&nbsp;<a href=\"https:\/\/vestibulares.estrategia.com\/portal\/redacao\/enem-redacao\/\" target=\"_blank\">reda&ccedil;&otilde;es<\/a>;<\/li><li>F&oacute;rum de d&uacute;vidas;<\/li><li><a href=\"https:\/\/vestibulares.estrategia.com\/portal\/simulado\/simulado-enem\/\" target=\"_blank\">Simulados<\/a>&nbsp;com quest&otilde;es in&eacute;ditas;<\/li><li>Quest&otilde;es comentadas;<\/li><li>Mapas mentais; e<\/li><li>Entre muitas outras vantagens.<\/li><\/ul><p>Ficou interessado? Ent&atilde;o, clique no bot&atilde;o e veja tudo sobre os cursos oferecidos pelo Estrat&eacute;gia Vestibulares:<\/p><p>\n\n\n\n<a id=\"cta\" class=\"cta-imagem\" href=\"https:\/\/vestibulares.estrategia.com\/curso\/pacote-enem\/\" target=\"blank\">\n                <img decoding=\"async\" width=\"100%\" src=\"https:\/\/vestibulares.estrategia.com\/portal\/wp-content\/uploads\/2021\/12\/Enem.jpg\" alt=\"CTA curso Enem\" title=\"CTA curso Enem\">\n        <\/a>\n<\/p><\/p>\n","protected":false},"excerpt":{"rendered":"Veja quem pode participar da nova aplica\u00e7\u00e3o e quais s\u00e3o as datas no edital de reaplica\u00e7\u00e3o do Enem 2021\n","protected":false},"author":31,"featured_media":55011,"comment_status":"closed","ping_status":"closed","sticky":false,"template":"","format":"standard","meta":{"wl_entities_gutenberg":"","footnotes":""},"categories":[35],"tags":[],"wl_entity_type":[732],"class_list":{"0":"post-55009","1":"post","2":"type-post","3":"status-publish","4":"format-standard","5":"has-post-thumbnail","7":"category-vestibulares","8":"wl_entity_type-article"},"acf":[],"yoast_head":"<!-- This site is optimized with the Yoast SEO Premium plugin v25.9 (Yoast SEO v25.9) - https:\/\/yoast.com\/wordpress\/plugins\/seo\/ -->\n<title>Edital de reaplica\u00e7\u00e3o Enem 2021: inscri\u00e7\u00f5es, regras e datas<\/title>\n<meta name=\"description\" content=\"Veja quem pode participar da nova aplica\u00e7\u00e3o e quais s\u00e3o as datas no edital de reaplica\u00e7\u00e3o do Enem 2021\" \/>\n<meta name=\"robots\" content=\"index, follow, max-snippet:-1, max-image-preview:large, max-video-preview:-1\" \/>\n<link rel=\"canonical\" href=\"https:\/\/vestibulares.estrategia.com\/portal\/enem-e-vestibulares\/vestibulares\/edital-reaplicacao-enem-2021\/\" \/>\n<meta property=\"og:locale\" content=\"pt_BR\" \/>\n<meta property=\"og:type\" content=\"article\" \/>\n<meta property=\"og:title\" content=\"Edital de reaplica\u00e7\u00e3o Enem 2021: inscri\u00e7\u00f5es, regras e datas\" \/>\n<meta property=\"og:description\" content=\"Veja quem pode participar da nova aplica\u00e7\u00e3o e quais s\u00e3o as datas no edital de reaplica\u00e7\u00e3o do Enem 2021\" \/>\n<meta property=\"og:url\" content=\"https:\/\/vestibulares.estrategia.com\/portal\/enem-e-vestibulares\/vestibulares\/edital-reaplicacao-enem-2021\/\" \/>\n<meta property=\"og:site_name\" content=\"Estrat\u00e9gia Vestibulares\" \/>\n<meta property=\"article:publisher\" content=\"https:\/\/facebook.com\/estrategiavestibulares\" \/>\n<meta property=\"article:published_time\" content=\"2021-09-14T13:01:24+00:00\" \/>\n<meta property=\"article:modified_time\" content=\"2021-09-14T13:01:28+00:00\" \/>\n<meta property=\"og:image\" content=\"https:\/\/cdn.blog.estrategiavestibulares.com.br\/vestibulares\/wp-content\/uploads\/2021\/09\/edital-enem-2021-reaplicacao.jpg\" \/>\n\t<meta property=\"og:image:width\" content=\"750\" \/>\n\t<meta property=\"og:image:height\" content=\"420\" \/>\n\t<meta property=\"og:image:type\" content=\"image\/jpeg\" \/>\n<meta name=\"author\" content=\"Isabela Giordan\" \/>\n<meta name=\"twitter:card\" content=\"summary_large_image\" \/>\n<meta name=\"twitter:creator\" content=\"@Estrategiavest\" \/>\n<meta name=\"twitter:site\" content=\"@Estrategiavest\" \/>\n<meta name=\"twitter:label1\" content=\"Escrito por\" \/>\n\t<meta name=\"twitter:data1\" content=\"Isabela Giordan\" \/>\n\t<meta name=\"twitter:label2\" content=\"Est. tempo de leitura\" \/>\n\t<meta name=\"twitter:data2\" content=\"11 minutos\" \/>\n<script type=\"application\/ld+json\" class=\"yoast-schema-graph\">{\"@context\":\"https:\/\/schema.org\",\"@graph\":[{\"@type\":\"Article\",\"@id\":\"https:\/\/vestibulares.estrategia.com\/portal\/enem-e-vestibulares\/vestibulares\/edital-reaplicacao-enem-2021\/#article\",\"isPartOf\":{\"@id\":\"https:\/\/vestibulares.estrategia.com\/portal\/enem-e-vestibulares\/vestibulares\/edital-reaplicacao-enem-2021\/\"},\"author\":{\"name\":\"Isabela Giordan\",\"@id\":\"https:\/\/vestibulares.estrategia.com\/portal\/#\/schema\/person\/921258b32670b22cbb1ae385e2fcb501\"},\"headline\":\"Edital de reaplica\u00e7\u00e3o Enem 2021: inscri\u00e7\u00f5es, regras e datas\",\"datePublished\":\"2021-09-14T13:01:24+00:00\",\"dateModified\":\"2021-09-14T13:01:28+00:00\",\"mainEntityOfPage\":{\"@id\":\"https:\/\/vestibulares.estrategia.com\/portal\/enem-e-vestibulares\/vestibulares\/edital-reaplicacao-enem-2021\/\"},\"wordCount\":2145,\"publisher\":{\"@id\":\"https:\/\/vestibulares.estrategia.com\/portal\/#organization\"},\"image\":{\"@id\":\"https:\/\/vestibulares.estrategia.com\/portal\/enem-e-vestibulares\/vestibulares\/edital-reaplicacao-enem-2021\/#primaryimage\"},\"thumbnailUrl\":\"https:\/\/vestibulares.estrategia.com\/portal\/wp-content\/uploads\/2021\/09\/edital-enem-2021-reaplicacao.jpg\",\"articleSection\":[\"Vestibulares\"],\"inLanguage\":\"pt-BR\"},{\"@type\":\"WebPage\",\"@id\":\"https:\/\/vestibulares.estrategia.com\/portal\/enem-e-vestibulares\/vestibulares\/edital-reaplicacao-enem-2021\/\",\"url\":\"https:\/\/vestibulares.estrategia.com\/portal\/enem-e-vestibulares\/vestibulares\/edital-reaplicacao-enem-2021\/\",\"name\":\"Edital de reaplica\u00e7\u00e3o Enem 2021: inscri\u00e7\u00f5es, regras e datas\",\"isPartOf\":{\"@id\":\"https:\/\/vestibulares.estrategia.com\/portal\/#website\"},\"primaryImageOfPage\":{\"@id\":\"https:\/\/vestibulares.estrategia.com\/portal\/enem-e-vestibulares\/vestibulares\/edital-reaplicacao-enem-2021\/#primaryimage\"},\"image\":{\"@id\":\"https:\/\/vestibulares.estrategia.com\/portal\/enem-e-vestibulares\/vestibulares\/edital-reaplicacao-enem-2021\/#primaryimage\"},\"thumbnailUrl\":\"https:\/\/vestibulares.estrategia.com\/portal\/wp-content\/uploads\/2021\/09\/edital-enem-2021-reaplicacao.jpg\",\"datePublished\":\"2021-09-14T13:01:24+00:00\",\"dateModified\":\"2021-09-14T13:01:28+00:00\",\"description\":\"Veja quem pode participar da nova aplica\u00e7\u00e3o e quais s\u00e3o as datas no edital de reaplica\u00e7\u00e3o do Enem 2021\",\"breadcrumb\":{\"@id\":\"https:\/\/vestibulares.estrategia.com\/portal\/enem-e-vestibulares\/vestibulares\/edital-reaplicacao-enem-2021\/#breadcrumb\"},\"inLanguage\":\"pt-BR\",\"potentialAction\":[{\"@type\":\"ReadAction\",\"target\":[\"https:\/\/vestibulares.estrategia.com\/portal\/enem-e-vestibulares\/vestibulares\/edital-reaplicacao-enem-2021\/\"]}]},{\"@type\":\"ImageObject\",\"inLanguage\":\"pt-BR\",\"@id\":\"https:\/\/vestibulares.estrategia.com\/portal\/enem-e-vestibulares\/vestibulares\/edital-reaplicacao-enem-2021\/#primaryimage\",\"url\":\"https:\/\/vestibulares.estrategia.com\/portal\/wp-content\/uploads\/2021\/09\/edital-enem-2021-reaplicacao.jpg\",\"contentUrl\":\"https:\/\/vestibulares.estrategia.com\/portal\/wp-content\/uploads\/2021\/09\/edital-enem-2021-reaplicacao.jpg\",\"width\":750,\"height\":420,\"caption\":\"edital reaplica\u00e7\u00e3o enem 2021\"},{\"@type\":\"BreadcrumbList\",\"@id\":\"https:\/\/vestibulares.estrategia.com\/portal\/enem-e-vestibulares\/vestibulares\/edital-reaplicacao-enem-2021\/#breadcrumb\",\"itemListElement\":[{\"@type\":\"ListItem\",\"position\":1,\"name\":\"Home\",\"item\":\"https:\/\/vestibulares.estrategia.com\/portal\/\"},{\"@type\":\"ListItem\",\"position\":2,\"name\":\"Enem e Vestibulares\",\"item\":\"https:\/\/vestibulares.estrategia.com\/portal\/enem-e-vestibulares\/\"},{\"@type\":\"ListItem\",\"position\":3,\"name\":\"Vestibulares\",\"item\":\"https:\/\/vestibulares.estrategia.com\/portal\/enem-e-vestibulares\/vestibulares\/\"},{\"@type\":\"ListItem\",\"position\":4,\"name\":\"Edital de reaplica\u00e7\u00e3o Enem 2021: inscri\u00e7\u00f5es, regras e datas\"}]},{\"@type\":\"WebSite\",\"@id\":\"https:\/\/vestibulares.estrategia.com\/portal\/#website\",\"url\":\"https:\/\/vestibulares.estrategia.com\/portal\/\",\"name\":\"Estrat\u00e9gia Vestibulares\",\"description\":\"\",\"publisher\":{\"@id\":\"https:\/\/vestibulares.estrategia.com\/portal\/#organization\"},\"potentialAction\":[{\"@type\":\"SearchAction\",\"target\":{\"@type\":\"EntryPoint\",\"urlTemplate\":\"https:\/\/vestibulares.estrategia.com\/portal\/?s={search_term_string}\"},\"query-input\":{\"@type\":\"PropertyValueSpecification\",\"valueRequired\":true,\"valueName\":\"search_term_string\"}}],\"inLanguage\":\"pt-BR\"},{\"@type\":\"Organization\",\"@id\":\"https:\/\/vestibulares.estrategia.com\/portal\/#organization\",\"name\":\"Estrat\u00e9gia Vestibulares\",\"url\":\"https:\/\/vestibulares.estrategia.com\/portal\/\",\"logo\":{\"@type\":\"ImageObject\",\"inLanguage\":\"pt-BR\",\"@id\":\"https:\/\/vestibulares.estrategia.com\/portal\/#\/schema\/logo\/image\/\",\"url\":\"https:\/\/vestibulares.estrategia.com\/portal\/wp-content\/uploads\/2021\/06\/Logo-Vestibulares@4x.png\",\"contentUrl\":\"https:\/\/vestibulares.estrategia.com\/portal\/wp-content\/uploads\/2021\/06\/Logo-Vestibulares@4x.png\",\"width\":250,\"height\":66,\"caption\":\"Estrat\u00e9gia Vestibulares\"},\"image\":{\"@id\":\"https:\/\/vestibulares.estrategia.com\/portal\/#\/schema\/logo\/image\/\"},\"sameAs\":[\"https:\/\/facebook.com\/estrategiavestibulares\",\"https:\/\/x.com\/Estrategiavest\",\"https:\/\/www.instagram.com\/estrategiavestibulares\",\"https:\/\/www.youtube.com\/channel\/UCGWdZy8ULI-7_5GrABa4vNA\"]},{\"@type\":\"Person\",\"@id\":\"https:\/\/vestibulares.estrategia.com\/portal\/#\/schema\/person\/921258b32670b22cbb1ae385e2fcb501\",\"name\":\"Isabela Giordan\",\"image\":{\"@type\":\"ImageObject\",\"inLanguage\":\"pt-BR\",\"@id\":\"https:\/\/vestibulares.estrategia.com\/portal\/#\/schema\/person\/image\/\",\"url\":\"https:\/\/secure.gravatar.com\/avatar\/474493e24ecabfb752d6ed2de1af8d2f?s=96&d=mm&r=g\",\"contentUrl\":\"https:\/\/secure.gravatar.com\/avatar\/474493e24ecabfb752d6ed2de1af8d2f?s=96&d=mm&r=g\",\"caption\":\"Isabela Giordan\"},\"description\":\"Jornalista de Educa\u00e7\u00e3o e Coordenadora de Jornalismo do Estrat\u00e9gia Vestibulares.\",\"url\":\"https:\/\/vestibulares.estrategia.com\/portal\/author\/isabela\/\"}]}<\/script>\n<!-- \/ Yoast SEO Premium plugin. -->","yoast_head_json":{"title":"Edital de reaplica\u00e7\u00e3o Enem 2021: inscri\u00e7\u00f5es, regras e datas","description":"Veja quem pode participar da nova aplica\u00e7\u00e3o e quais s\u00e3o as datas no edital de reaplica\u00e7\u00e3o do Enem 2021","robots":{"index":"index","follow":"follow","max-snippet":"max-snippet:-1","max-image-preview":"max-image-preview:large","max-video-preview":"max-video-preview:-1"},"canonical":"https:\/\/vestibulares.estrategia.com\/portal\/enem-e-vestibulares\/vestibulares\/edital-reaplicacao-enem-2021\/","og_locale":"pt_BR","og_type":"article","og_title":"Edital de reaplica\u00e7\u00e3o Enem 2021: inscri\u00e7\u00f5es, regras e datas","og_description":"Veja quem pode participar da nova aplica\u00e7\u00e3o e quais s\u00e3o as datas no edital de reaplica\u00e7\u00e3o do Enem 2021","og_url":"https:\/\/vestibulares.estrategia.com\/portal\/enem-e-vestibulares\/vestibulares\/edital-reaplicacao-enem-2021\/","og_site_name":"Estrat\u00e9gia Vestibulares","article_publisher":"https:\/\/facebook.com\/estrategiavestibulares","article_published_time":"2021-09-14T13:01:24+00:00","article_modified_time":"2021-09-14T13:01:28+00:00","og_image":[{"width":750,"height":420,"url":"https:\/\/cdn.blog.estrategiavestibulares.com.br\/vestibulares\/wp-content\/uploads\/2021\/09\/edital-enem-2021-reaplicacao.jpg","type":"image\/jpeg"}],"author":"Isabela Giordan","twitter_card":"summary_large_image","twitter_creator":"@Estrategiavest","twitter_site":"@Estrategiavest","twitter_misc":{"Escrito por":"Isabela Giordan","Est. tempo de leitura":"11 minutos"},"schema":{"@context":"https:\/\/schema.org","@graph":[{"@type":"Article","@id":"https:\/\/vestibulares.estrategia.com\/portal\/enem-e-vestibulares\/vestibulares\/edital-reaplicacao-enem-2021\/#article","isPartOf":{"@id":"https:\/\/vestibulares.estrategia.com\/portal\/enem-e-vestibulares\/vestibulares\/edital-reaplicacao-enem-2021\/"},"author":{"name":"Isabela Giordan","@id":"https:\/\/vestibulares.estrategia.com\/portal\/#\/schema\/person\/921258b32670b22cbb1ae385e2fcb501"},"headline":"Edital de reaplica\u00e7\u00e3o Enem 2021: inscri\u00e7\u00f5es, regras e datas","datePublished":"2021-09-14T13:01:24+00:00","dateModified":"2021-09-14T13:01:28+00:00","mainEntityOfPage":{"@id":"https:\/\/vestibulares.estrategia.com\/portal\/enem-e-vestibulares\/vestibulares\/edital-reaplicacao-enem-2021\/"},"wordCount":2145,"publisher":{"@id":"https:\/\/vestibulares.estrategia.com\/portal\/#organization"},"image":{"@id":"https:\/\/vestibulares.estrategia.com\/portal\/enem-e-vestibulares\/vestibulares\/edital-reaplicacao-enem-2021\/#primaryimage"},"thumbnailUrl":"https:\/\/vestibulares.estrategia.com\/portal\/wp-content\/uploads\/2021\/09\/edital-enem-2021-reaplicacao.jpg","articleSection":["Vestibulares"],"inLanguage":"pt-BR"},{"@type":"WebPage","@id":"https:\/\/vestibulares.estrategia.com\/portal\/enem-e-vestibulares\/vestibulares\/edital-reaplicacao-enem-2021\/","url":"https:\/\/vestibulares.estrategia.com\/portal\/enem-e-vestibulares\/vestibulares\/edital-reaplicacao-enem-2021\/","name":"Edital de reaplica\u00e7\u00e3o Enem 2021: inscri\u00e7\u00f5es, regras e datas","isPartOf":{"@id":"https:\/\/vestibulares.estrategia.com\/portal\/#website"},"primaryImageOfPage":{"@id":"https:\/\/vestibulares.estrategia.com\/portal\/enem-e-vestibulares\/vestibulares\/edital-reaplicacao-enem-2021\/#primaryimage"},"image":{"@id":"https:\/\/vestibulares.estrategia.com\/portal\/enem-e-vestibulares\/vestibulares\/edital-reaplicacao-enem-2021\/#primaryimage"},"thumbnailUrl":"https:\/\/vestibulares.estrategia.com\/portal\/wp-content\/uploads\/2021\/09\/edital-enem-2021-reaplicacao.jpg","datePublished":"2021-09-14T13:01:24+00:00","dateModified":"2021-09-14T13:01:28+00:00","description":"Veja quem pode participar da nova aplica\u00e7\u00e3o e quais s\u00e3o as datas no edital de reaplica\u00e7\u00e3o do Enem 2021","breadcrumb":{"@id":"https:\/\/vestibulares.estrategia.com\/portal\/enem-e-vestibulares\/vestibulares\/edital-reaplicacao-enem-2021\/#breadcrumb"},"inLanguage":"pt-BR","potentialAction":[{"@type":"ReadAction","target":["https:\/\/vestibulares.estrategia.com\/portal\/enem-e-vestibulares\/vestibulares\/edital-reaplicacao-enem-2021\/"]}]},{"@type":"ImageObject","inLanguage":"pt-BR","@id":"https:\/\/vestibulares.estrategia.com\/portal\/enem-e-vestibulares\/vestibulares\/edital-reaplicacao-enem-2021\/#primaryimage","url":"https:\/\/vestibulares.estrategia.com\/portal\/wp-content\/uploads\/2021\/09\/edital-enem-2021-reaplicacao.jpg","contentUrl":"https:\/\/vestibulares.estrategia.com\/portal\/wp-content\/uploads\/2021\/09\/edital-enem-2021-reaplicacao.jpg","width":750,"height":420,"caption":"edital reaplica\u00e7\u00e3o enem 2021"},{"@type":"BreadcrumbList","@id":"https:\/\/vestibulares.estrategia.com\/portal\/enem-e-vestibulares\/vestibulares\/edital-reaplicacao-enem-2021\/#breadcrumb","itemListElement":[{"@type":"ListItem","position":1,"name":"Home","item":"https:\/\/vestibulares.estrategia.com\/portal\/"},{"@type":"ListItem","position":2,"name":"Enem e Vestibulares","item":"https:\/\/vestibulares.estrategia.com\/portal\/enem-e-vestibulares\/"},{"@type":"ListItem","position":3,"name":"Vestibulares","item":"https:\/\/vestibulares.estrategia.com\/portal\/enem-e-vestibulares\/vestibulares\/"},{"@type":"ListItem","position":4,"name":"Edital de reaplica\u00e7\u00e3o Enem 2021: inscri\u00e7\u00f5es, regras e datas"}]},{"@type":"WebSite","@id":"https:\/\/vestibulares.estrategia.com\/portal\/#website","url":"https:\/\/vestibulares.estrategia.com\/portal\/","name":"Estrat\u00e9gia Vestibulares","description":"","publisher":{"@id":"https:\/\/vestibulares.estrategia.com\/portal\/#organization"},"potentialAction":[{"@type":"SearchAction","target":{"@type":"EntryPoint","urlTemplate":"https:\/\/vestibulares.estrategia.com\/portal\/?s={search_term_string}"},"query-input":{"@type":"PropertyValueSpecification","valueRequired":true,"valueName":"search_term_string"}}],"inLanguage":"pt-BR"},{"@type":"Organization","@id":"https:\/\/vestibulares.estrategia.com\/portal\/#organization","name":"Estrat\u00e9gia Vestibulares","url":"https:\/\/vestibulares.estrategia.com\/portal\/","logo":{"@type":"ImageObject","inLanguage":"pt-BR","@id":"https:\/\/vestibulares.estrategia.com\/portal\/#\/schema\/logo\/image\/","url":"https:\/\/vestibulares.estrategia.com\/portal\/wp-content\/uploads\/2021\/06\/Logo-Vestibulares@4x.png","contentUrl":"https:\/\/vestibulares.estrategia.com\/portal\/wp-content\/uploads\/2021\/06\/Logo-Vestibulares@4x.png","width":250,"height":66,"caption":"Estrat\u00e9gia Vestibulares"},"image":{"@id":"https:\/\/vestibulares.estrategia.com\/portal\/#\/schema\/logo\/image\/"},"sameAs":["https:\/\/facebook.com\/estrategiavestibulares","https:\/\/x.com\/Estrategiavest","https:\/\/www.instagram.com\/estrategiavestibulares","https:\/\/www.youtube.com\/channel\/UCGWdZy8ULI-7_5GrABa4vNA"]},{"@type":"Person","@id":"https:\/\/vestibulares.estrategia.com\/portal\/#\/schema\/person\/921258b32670b22cbb1ae385e2fcb501","name":"Isabela Giordan","image":{"@type":"ImageObject","inLanguage":"pt-BR","@id":"https:\/\/vestibulares.estrategia.com\/portal\/#\/schema\/person\/image\/","url":"https:\/\/secure.gravatar.com\/avatar\/474493e24ecabfb752d6ed2de1af8d2f?s=96&d=mm&r=g","contentUrl":"https:\/\/secure.gravatar.com\/avatar\/474493e24ecabfb752d6ed2de1af8d2f?s=96&d=mm&r=g","caption":"Isabela Giordan"},"description":"Jornalista de Educa\u00e7\u00e3o e Coordenadora de Jornalismo do Estrat\u00e9gia Vestibulares.","url":"https:\/\/vestibulares.estrategia.com\/portal\/author\/isabela\/"}]}},"_wl_alt_label":[],"wl:entity_url":"https:\/\/data.wordlift.io\/wl110249\/post\/edital-reaplicacao-enem-2021","_links":{"self":[{"href":"https:\/\/vestibulares.estrategia.com\/portal\/wp-json\/wp\/v2\/posts\/55009","targetHints":{"allow":["GET"]}}],"collection":[{"href":"https:\/\/vestibulares.estrategia.com\/portal\/wp-json\/wp\/v2\/posts"}],"about":[{"href":"https:\/\/vestibulares.estrategia.com\/portal\/wp-json\/wp\/v2\/types\/post"}],"author":[{"embeddable":true,"href":"https:\/\/vestibulares.estrategia.com\/portal\/wp-json\/wp\/v2\/users\/31"}],"replies":[{"embeddable":true,"href":"https:\/\/vestibulares.estrategia.com\/portal\/wp-json\/wp\/v2\/comments?post=55009"}],"version-history":[{"count":1,"href":"https:\/\/vestibulares.estrategia.com\/portal\/wp-json\/wp\/v2\/posts\/55009\/revisions"}],"predecessor-version":[{"id":55012,"href":"https:\/\/vestibulares.estrategia.com\/portal\/wp-json\/wp\/v2\/posts\/55009\/revisions\/55012"}],"wp:featuredmedia":[{"embeddable":true,"href":"https:\/\/vestibulares.estrategia.com\/portal\/wp-json\/wp\/v2\/media\/55011"}],"wp:attachment":[{"href":"https:\/\/vestibulares.estrategia.com\/portal\/wp-json\/wp\/v2\/media?parent=55009"}],"wp:term":[{"taxonomy":"category","embeddable":true,"href":"https:\/\/vestibulares.estrategia.com\/portal\/wp-json\/wp\/v2\/categories?post=55009"},{"taxonomy":"post_tag","embeddable":true,"href":"https:\/\/vestibulares.estrategia.com\/portal\/wp-json\/wp\/v2\/tags?post=55009"},{"taxonomy":"wl_entity_type","embeddable":true,"href":"https:\/\/vestibulares.estrategia.com\/portal\/wp-json\/wp\/v2\/wl_entity_type?post=55009"}],"curies":[{"name":"wp","href":"https:\/\/api.w.org\/{rel}","templated":true}]}}