{"id":55259,"date":"2021-09-21T12:18:44","date_gmt":"2021-09-21T15:18:44","guid":{"rendered":"https:\/\/blog.estrategiavestibulares.com.br\/?p=55259"},"modified":"2023-06-21T17:40:28","modified_gmt":"2023-06-21T20:40:28","slug":"acessibilidade-na-universidade-como-pessoas-com-deficiencia-sao-incluidas-nesse-espaco","status":"publish","type":"post","link":"https:\/\/vestibulares.estrategia.com\/portal\/atualidades-e-dicas\/acessibilidade-na-universidade-como-pessoas-com-deficiencia-sao-incluidas-nesse-espaco\/","title":{"rendered":"Acessibilidade na universidade: como pessoas com defici\u00eancia s\u00e3o inclu\u00eddas nesse espa\u00e7o"},"content":{"rendered":"<p>Segundo dados de 2019 do Instituto Brasileiro de Geografia e Estat&iacute;stica (IBGE), o Brasil tem mais de 17 milh&otilde;es de pessoas com algum tipo de defici&ecirc;ncia. A porcentagem, pr&oacute;xima a 8,5% da popula&ccedil;&atilde;o nacional, n&atilde;o &eacute; refletida em in&uacute;meros espa&ccedil;os sociais.&nbsp;<p>Quando falamos sobre <strong>acessibilidade na universidade<\/strong> e na educa&ccedil;&atilde;o como um todo, &eacute; necess&aacute;rio pontuar que 67% das pessoas com defici&ecirc;ncia n&atilde;o t&ecirc;m educa&ccedil;&atilde;o formal ou t&ecirc;m apenas o ensino fundamental incompleto. Para efeito comparativo, esse percentual &eacute; de 30% em pessoas sem defici&ecirc;ncia.<\/p><p>A <a href=\"http:\/\/www.planalto.gov.br\/ccivil_03\/_ato2011-2014\/2012\/lei\/l12711.htm\" target=\"_blank\" rel=\"noopener noreferrer\">Lei de Cotas<\/a> passou a abranger pessoas com defici&ecirc;ncia somente em 2016, 11 anos depois da cria&ccedil;&atilde;o do programa Incluir (2005), que tinha como meta desenvolver pol&iacute;ticas institucionais nos Institutos Federais de Ensino Superior (IFES).<\/p><p>De l&aacute; pra c&aacute;, houve um aumento no ingresso de pessoas com defici&ecirc;ncia na universidade, mas as pol&iacute;ticas de perman&ecirc;ncia ainda s&atilde;o uma barreira. Para falar um pouco sobre o assunto, o <a href=\"https:\/\/www.estrategiavestibulares.com.br\/\" target=\"_blank\" rel=\"noopener noreferrer\">Estrat&eacute;gia<\/a> entrevistou algumas personagens que v&atilde;o contar suas experi&ecirc;ncias e as atua&ccedil;&otilde;es de diferentes projetos universit&aacute;rios que envolvem o tema. Confira.<\/p><div id=\"ez-toc-container\" class=\"ez-toc-v2_0_76 counter-hierarchy ez-toc-counter ez-toc-transparent ez-toc-container-direction\">\n<div class=\"ez-toc-title-container\"><p class=\"ez-toc-title\" style=\"cursor:inherit\">Navegue pelo conte\u00fado<\/p>\n<\/div><nav><ul class='ez-toc-list ez-toc-list-level-1 ' ><li class='ez-toc-page-1 ez-toc-heading-level-2'><a class=\"ez-toc-link ez-toc-heading-1\" href=\"https:\/\/vestibulares.estrategia.com\/portal\/atualidades-e-dicas\/acessibilidade-na-universidade-como-pessoas-com-deficiencia-sao-incluidas-nesse-espaco\/#Inclusao-de-pessoas-com-deficiencia-na-universidade\" >Inclus&atilde;o de pessoas com defici&ecirc;ncia na universidade<\/a><\/li><li class='ez-toc-page-1 ez-toc-heading-level-2'><a class=\"ez-toc-link ez-toc-heading-2\" href=\"https:\/\/vestibulares.estrategia.com\/portal\/atualidades-e-dicas\/acessibilidade-na-universidade-como-pessoas-com-deficiencia-sao-incluidas-nesse-espaco\/#Barreiras-invisiveis-dificultam-as-mudancas\" >Barreiras invis&iacute;veis dificultam as mudan&ccedil;as<\/a><\/li><li class='ez-toc-page-1 ez-toc-heading-level-2'><a class=\"ez-toc-link ez-toc-heading-3\" href=\"https:\/\/vestibulares.estrategia.com\/portal\/atualidades-e-dicas\/acessibilidade-na-universidade-como-pessoas-com-deficiencia-sao-incluidas-nesse-espaco\/#Iniciativas-desenvolvidas-nas-universidades\" >Iniciativas desenvolvidas nas universidades<\/a><\/li><li class='ez-toc-page-1 ez-toc-heading-level-2'><a class=\"ez-toc-link ez-toc-heading-4\" href=\"https:\/\/vestibulares.estrategia.com\/portal\/atualidades-e-dicas\/acessibilidade-na-universidade-como-pessoas-com-deficiencia-sao-incluidas-nesse-espaco\/#Atuacao-do-CPIDES-em-numeros\" >Atua&ccedil;&atilde;o do CPIDES em n&uacute;meros<\/a><\/li><li class='ez-toc-page-1 ez-toc-heading-level-2'><a class=\"ez-toc-link ez-toc-heading-5\" href=\"https:\/\/vestibulares.estrategia.com\/portal\/atualidades-e-dicas\/acessibilidade-na-universidade-como-pessoas-com-deficiencia-sao-incluidas-nesse-espaco\/#Programa-Incluir\" >Programa Incluir<\/a><\/li><li class='ez-toc-page-1 ez-toc-heading-level-2'><a class=\"ez-toc-link ez-toc-heading-6\" href=\"https:\/\/vestibulares.estrategia.com\/portal\/atualidades-e-dicas\/acessibilidade-na-universidade-como-pessoas-com-deficiencia-sao-incluidas-nesse-espaco\/#Projeto-InWeb-como-ele-pode-ajudar-pessoas-com-deficiencia\" >Projeto In@Web: como ele pode ajudar pessoas com defici&ecirc;ncia<\/a><\/li><li class='ez-toc-page-1 ez-toc-heading-level-2'><a class=\"ez-toc-link ez-toc-heading-7\" href=\"https:\/\/vestibulares.estrategia.com\/portal\/atualidades-e-dicas\/acessibilidade-na-universidade-como-pessoas-com-deficiencia-sao-incluidas-nesse-espaco\/#Como-a-psicologia-pode-contribuir-com-nucleos-de-acessibilidade\" >Como a psicologia pode contribuir com n&uacute;cleos de acessibilidade<\/a><\/li><li class='ez-toc-page-1 ez-toc-heading-level-2'><a class=\"ez-toc-link ez-toc-heading-8\" href=\"https:\/\/vestibulares.estrategia.com\/portal\/atualidades-e-dicas\/acessibilidade-na-universidade-como-pessoas-com-deficiencia-sao-incluidas-nesse-espaco\/#Como-um-aluno-com-deficiencia-pode-solicitar-apoio-nas-universidades\" >Como um aluno com defici&ecirc;ncia pode solicitar apoio nas universidades<\/a><\/li><li class='ez-toc-page-1 ez-toc-heading-level-2'><a class=\"ez-toc-link ez-toc-heading-9\" href=\"https:\/\/vestibulares.estrategia.com\/portal\/atualidades-e-dicas\/acessibilidade-na-universidade-como-pessoas-com-deficiencia-sao-incluidas-nesse-espaco\/#Decreto-no-10502\" >Decreto n&ordm; 10.502<\/a><\/li><li class='ez-toc-page-1 ez-toc-heading-level-2'><a class=\"ez-toc-link ez-toc-heading-10\" href=\"https:\/\/vestibulares.estrategia.com\/portal\/atualidades-e-dicas\/acessibilidade-na-universidade-como-pessoas-com-deficiencia-sao-incluidas-nesse-espaco\/#Permanencia-estudantil-e-barreira-para-alunos-com-deficiencia\" >Perman&ecirc;ncia estudantil &eacute; barreira para alunos com defici&ecirc;ncia<\/a><\/li><li class='ez-toc-page-1 ez-toc-heading-level-2'><a class=\"ez-toc-link ez-toc-heading-11\" href=\"https:\/\/vestibulares.estrategia.com\/portal\/atualidades-e-dicas\/acessibilidade-na-universidade-como-pessoas-com-deficiencia-sao-incluidas-nesse-espaco\/#Processo-de-construcao-do-ensino-superior\" >Processo de constru&ccedil;&atilde;o do ensino superior<\/a><\/li><\/ul><\/nav><\/div>\n<h2 class=\"wp-block-heading\" id=\"h-inclusao-de-pessoas-com-deficiencia-na-universidade\"><span class=\"ez-toc-section\" id=\"Inclusao-de-pessoas-com-deficiencia-na-universidade\"><\/span>Inclus&atilde;o de pessoas com defici&ecirc;ncia na universidade<span class=\"ez-toc-section-end\"><\/span><\/h2><figure class=\"wp-block-image size-full\"><img decoding=\"async\" width=\"860\" height=\"570\" src=\"https:\/\/vestibulares.estrategia.com\/portal\/wp-content\/uploads\/2021\/09\/deficiente_em_universidade_01.jpg\" alt=\"pessoas-com-deficiencia_em_universidade\" class=\"wp-image-55269\" srcset=\"https:\/\/vestibulares.estrategia.com\/portal\/wp-content\/uploads\/2021\/09\/deficiente_em_universidade_01.jpg 860w, https:\/\/vestibulares.estrategia.com\/portal\/wp-content\/uploads\/2021\/09\/deficiente_em_universidade_01-300x199.webp 300w, https:\/\/vestibulares.estrategia.com\/portal\/wp-content\/uploads\/2021\/09\/deficiente_em_universidade_01-768x509.webp 768w, https:\/\/vestibulares.estrategia.com\/portal\/wp-content\/uploads\/2021\/09\/deficiente_em_universidade_01-380x252.webp 380w, https:\/\/vestibulares.estrategia.com\/portal\/wp-content\/uploads\/2021\/09\/deficiente_em_universidade_01-800x530.webp 800w\" sizes=\"(max-width: 860px) 100vw, 860px\" \/><figcaption class=\"wp-element-caption\">Lei de cotas para pessoas com defici&ecirc;ncia em universidades federais j&aacute; est&aacute; em vigor &mdash; Marcello Casal Jr\/Ag&ecirc;ncia Brasil<\/figcaption><\/figure><p>A lei 10.098, de 19 de dezembro de 2000, traz uma s&eacute;rie de normas voltadas para a promo&ccedil;&atilde;o da acessibilidade a pessoas com defici&ecirc;ncia. Dentre as adequa&ccedil;&otilde;es, est&atilde;o barreiras arquitet&ocirc;nicas urban&iacute;sticas, na edifica&ccedil;&atilde;o, nos transportes e nas comunica&ccedil;&otilde;es.<\/p><p>Ana Raquel P&eacute;rico Mangili foi aluna de jornalismo na Unesp de Bauru e tem distonia generalizada &mdash; dist&uacute;rbio do movimento da mesma categoria do Parkinson &mdash; e surdez bilateral profunda.&nbsp;<\/p><p>Autora do blog <a href=\"http:\/\/www.dyskinesis.com\" target=\"_blank\" rel=\"noopener noreferrer\">Dyskinesis<\/a>, tamb&eacute;m foi Primeira Secret&aacute;ria do Conselho Municipal dos Direitos da Pessoa com Defici&ecirc;ncia (COMUDE) de Bauru\/SP no bi&ecirc;nio 2017-2019. Ela fala sobre as adapta&ccedil;&otilde;es que precisou realizar para estudar na universidade:<\/p><p>&ldquo;No quesito de acessibilidade, para eu poder frequentar a universidade, precisei de v&aacute;rias adapta&ccedil;&otilde;es, como mesa e cadeira maiores, um notebook para escrever com autonomia, uma monitora para me auxiliar durante as atividades das aulas e na hora do intervalo, o uso do Sistema FM dos meus aparelhos auditivos pelos professores e tamb&eacute;m a legendagem dos conte&uacute;dos audiovisuais que eram passados em sala&rdquo;.<\/p><p>Ana Raquel conta que nem todos os recursos foram disponibilizados desde o come&ccedil;o, como a legendagem de conte&uacute;dos audiovisuais e monitoria. &ldquo;No come&ccedil;o, era minha m&atilde;e quem me acompanhava na universidade e houve um per&iacute;odo de adapta&ccedil;&atilde;o, tanto minha quanto da Unesp, em rela&ccedil;&atilde;o ao servi&ccedil;o de monitoria, por n&atilde;o haver precedentes na necessidade desse recurso dentro da pr&oacute;pria Unesp&rdquo;.<\/p><h2 class=\"wp-block-heading\" id=\"h-barreiras-invisiveis-dificultam-as-mudancas\"><span class=\"ez-toc-section\" id=\"Barreiras-invisiveis-dificultam-as-mudancas\"><\/span>Barreiras invis&iacute;veis dificultam as mudan&ccedil;as<span class=\"ez-toc-section-end\"><\/span><\/h2><p>Ana Paula Camilo Ciantelli estudou o tema em seu mestrado no programa de psicologia do desenvolvimento e aprendizagem da Unesp de Bauru, cuja pesquisa foi finalizada em 2015. Ela comenta sobre dificuldades notadas e sinalizadas pelos n&uacute;cleos de acessibilidade das Institui&ccedil;&otilde;es Federais de Ensino Superior, as IFES.<\/p><p>&ldquo;As chamadas &lsquo;barreiras invis&iacute;veis&rsquo; (leis, decretos, portarias, normas, regulamentos internos, pol&iacute;ticas institucionais, afirmativas, etc.) dificultam as mudan&ccedil;as em prol do acesso e perman&ecirc;ncia do estudante com defici&ecirc;ncia no Ensino Superior. Os n&uacute;cleos de acessibilidade, apesar das tentativas, parecem n&atilde;o ter muita voz para interferir em a&ccedil;&otilde;es desse n&iacute;vel&rdquo;.<\/p><p>&ldquo;Em seguida, encontram-se dificuldades para a promo&ccedil;&atilde;o de a&ccedil;&otilde;es de acessibilidade atitudinal, arquitet&ocirc;nica e metodol&oacute;gicas e\/ou pedag&oacute;gicas, havendo menores dificuldades para a promo&ccedil;&atilde;o de a&ccedil;&otilde;es de acessibilidade comunicacional e instrumental&rdquo;, comenta Ana Paula sobre os recortes encontrados em sua pesquisa de mestrado.<\/p><p><\/p><p>Ingressa na Unesp em 2013, Ana Raquel comenta sobre como a universidade se desenvolveu no que tange &agrave; acessibilidade at&eacute; sua sa&iacute;da, em 2019, quando se p&oacute;s-graduou em Linguagem, Cultura e M&iacute;dia.&nbsp;<\/p><p>&ldquo;Em 2013, a universidade at&eacute; ent&atilde;o possu&iacute;a poucas adapta&ccedil;&otilde;es para estudantes com defici&ecirc;ncia. Foi com o passar do tempo e com as demandas que surgiram de mim e de outros alunos que ela foi se tornando mais inclusiva e acolhedora&rdquo;.&nbsp;<\/p><p>&ldquo;Al&eacute;m dos apoios fornecidos para eu poder acompanhar as aulas, a Unesp foi pioneira no pa&iacute;s ao proporcionar custeamento de monitoria durante meu interc&acirc;mbio de um m&ecirc;s na Universidad de Salamanca\/Espanha, em 2015. Acredito que o exemplo da Unesp tenha sido exce&ccedil;&atilde;o, pois a sociedade como um todo avan&ccedil;a bem devagar quando se trata de acessibilidade, infelizmente&rdquo;, afirma Ana Raquel.&nbsp;<\/p><h2 class=\"wp-block-heading\" id=\"h-iniciativas-desenvolvidas-nas-universidades\"><span class=\"ez-toc-section\" id=\"Iniciativas-desenvolvidas-nas-universidades\"><\/span>Iniciativas desenvolvidas nas universidades<span class=\"ez-toc-section-end\"><\/span><\/h2><figure class=\"wp-block-embed is-type-rich is-provider-twitter wp-block-embed-twitter\"><div class=\"wp-block-embed__wrapper\">\n<blockquote class=\"twitter-tweet\" data-width=\"550\" data-dnt=\"true\"><p lang=\"pt\" dir=\"ltr\">Embora muitos paradigmas j&aacute; estejam sendo revistos, a data de hoje, Dia Nacional de Luta da Pessoa com Defici&ecirc;ncia, lembra-nos de que ainda h&aacute; muito a conquistar. Como a UFPA tem atuado pela inclus&atilde;o das pessoas com defici&ecirc;ncia?<br><br>Sabe no <a href=\"https:\/\/twitter.com\/hashtag\/PortalUFPA?src=hash&amp;ref_src=twsrc%5Etfw\" target=\"_blank\" rel=\"noopener noreferrer\">#PortalUFPA<\/a><a href=\"https:\/\/t.co\/cMcFOYPhG4\" target=\"_blank\" rel=\"noopener noreferrer\">https:\/\/t.co\/cMcFOYPhG4<\/a> <a href=\"https:\/\/t.co\/4vEBVUpbjq\" target=\"_blank\" rel=\"noopener noreferrer\">pic.twitter.com\/4vEBVUpbjq<\/a><\/p>&mdash; UFPA (@UFPA_Oficial) <a href=\"https:\/\/twitter.com\/UFPA_Oficial\/status\/1440321899800580102?ref_src=twsrc%5Etfw\" target=\"_blank\" rel=\"noopener noreferrer\">September 21, 2021<\/a><\/blockquote><script async src=\"https:\/\/platform.twitter.com\/widgets.js\" charset=\"utf-8\"><\/script>\n<\/div><\/figure><p>Como afirmou Ana Paula, existem n&uacute;cleos de acessibilidade em IFES. E, assim como nessas institui&ccedil;&otilde;es, existem outras iniciativas que abordam o assunto nas universidades brasileiras.<\/p><p>Projetos como o <a href=\"https:\/\/www.ufmg.br\/nai\/\" target=\"_blank\" rel=\"noopener noreferrer\">N&uacute;cleo de Acessibilidade e Inclus&atilde;o<\/a> (NAI) da Universidade Federal de Minas Gerais (UFMG), o <a href=\"http:\/\/www.sbu.unicamp.br\/sbu\/laboratorio-de-acessibilidade\/\" target=\"_blank\" rel=\"noopener noreferrer\">Laborat&oacute;rio de Acessibilidade da Unicamp<\/a> (LAB) e o <a href=\"https:\/\/cpides.com.br\/portal\/\" target=\"_blank\" rel=\"noopener noreferrer\">Centro de Promo&ccedil;&atilde;o para a Inclus&atilde;o Digital Escolar e Social<\/a> (CPIDES), da Unesp de Presidente Prudente s&atilde;o alguns exemplos.<\/p><p>Elisa Tomoe Moriya Schl&uuml;nzen atualmente &eacute; aposentada pela Unesp e atua como colaboradora no CPIDES, da qual fez parte. Ela tem 33 anos de contribui&ccedil;&atilde;o na &aacute;rea, junto com os membros do grupo de pesquisa Ambientes Potencializadores para Inclus&atilde;o (API).<\/p><p>Ela fala sobre as vertentes em que o projeto atua, que s&atilde;o o desenvolvimento de pesquisas e o atendimento &agrave; comunidade por meio dos projetos de extens&atilde;o.<\/p><p>&ldquo;O Centro propicia um espa&ccedil;o para se discutir, fomentar e refletir sobre Educa&ccedil;&atilde;o Especial na perspectiva da Educa&ccedil;&atilde;o Inclusiva por meio da inicia&ccedil;&atilde;o cient&iacute;fica, grupo de pesquisa e forma&ccedil;&atilde;o inicial e continuada dentro do contexto de cada espa&ccedil;o de desenvolvimento&rdquo;.<\/p><p>&ldquo;J&aacute; para os estudantes e as fam&iacute;lias atendidas, o CPIDES &eacute; um ponto de apoio. Mais do que a oferta de atendimento de car&aacute;ter pedag&oacute;gico e de pesquisa, tudo &eacute; pensado em como atender, auxiliar e colaborar visando sempre as potencialidades dos estudantes e suporte para as fam&iacute;lias&rdquo;, completa a professora.<\/p><h2 class=\"wp-block-heading\" id=\"h-atuacao-do-cpides-em-numeros\"><span class=\"ez-toc-section\" id=\"Atuacao-do-CPIDES-em-numeros\"><\/span>Atua&ccedil;&atilde;o do CPIDES em n&uacute;meros<span class=\"ez-toc-section-end\"><\/span><\/h2><p>Segundo Elisa, &ldquo;o CPIDES j&aacute; prestou atendimento direto a 761 Estudantes P&uacute;blico Alvo da Educa&ccedil;&atilde;o Especial (EPAEE), inseridos em institui&ccedil;&otilde;es educacionais e ao mundo do trabalho&rdquo;.&nbsp;<\/p><p>&ldquo;Formamos cerca de 7.054 professores em diferentes contextos nacionais e internacionais, norteados por um processo educacional inclusivo e inovador no qual as Tecnologias Digitais de Informa&ccedil;&atilde;o e Comunica&ccedil;&atilde;o (TDIC) e Tecnologias Assistivas (TA) s&atilde;o utilizadas como recursos digitais que potencializam as habilidades humanas e provocam mudan&ccedil;as nas escolas e nos demais ambientes de aprendizagem&rdquo;, afirma.&nbsp;<\/p><p>Al&eacute;m disso, o projeto participou da avalia&ccedil;&atilde;o e cataloga&ccedil;&atilde;o de 19.842 objetos educacionais de acesso p&uacute;blico dispon&iacute;veis no reposit&oacute;rio institucional do MEC. Atualmente, tem cinco objetos de aprendizagem premiados, &ldquo;de uso aberto e amplamente empregado em atividades did&aacute;tico-pedag&oacute;gicas&rdquo;, segundo Elisa.<\/p><h2 class=\"wp-block-heading\" id=\"h-programa-incluir\"><span class=\"ez-toc-section\" id=\"Programa-Incluir\"><\/span>Programa Incluir<span class=\"ez-toc-section-end\"><\/span><\/h2><figure class=\"wp-block-image size-full\"><img decoding=\"async\" width=\"750\" height=\"420\" src=\"https:\/\/vestibulares.estrategia.com\/portal\/wp-content\/uploads\/2021\/09\/Dia-da-pessoa-com-deficiencia-1.jpg\" alt=\"acessibilidade-na-universidade\" class=\"wp-image-55266\" srcset=\"https:\/\/vestibulares.estrategia.com\/portal\/wp-content\/uploads\/2021\/09\/Dia-da-pessoa-com-deficiencia-1.jpg 750w, https:\/\/vestibulares.estrategia.com\/portal\/wp-content\/uploads\/2021\/09\/Dia-da-pessoa-com-deficiencia-1-300x168.webp 300w, https:\/\/vestibulares.estrategia.com\/portal\/wp-content\/uploads\/2021\/09\/Dia-da-pessoa-com-deficiencia-1-380x213.webp 380w\" sizes=\"(max-width: 750px) 100vw, 750px\" \/><figcaption class=\"wp-element-caption\">Colagem: Lucas Zanetti<\/figcaption><\/figure><p>Ana Paula Camilo Ciantelli explica que o programa Incluir, criado em 2005 pelo Minist&eacute;rio da Educa&ccedil;&atilde;o (MEC), foi executado desde sua cria&ccedil;&atilde;o at&eacute; 2011 por chamadas p&uacute;blicas concorrenciais. Mas que, a partir de 2012, ele passou a ser universalizado, atendendo todas as IFES, em uma pol&iacute;tica de acessibilidade na universidade de forma ampla e articulada.<\/p><p>Com isso, o MEC criou o &ldquo;Plano Nacional dos Direitos das Pessoas com Defici&ecirc;ncia &mdash; Viver sem Limites&rdquo;, em apoio &agrave; amplia&ccedil;&atilde;o e fortalecimento de 63 N&uacute;cleos de Acessibilidade nas IFES.<\/p><p>Outro ponto importante foi o <a href=\"http:\/\/www.planalto.gov.br\/ccivil_03\/_ato2011-2014\/2011\/decreto\/d7611.htm\" target=\"_blank\" rel=\"noopener noreferrer\">Decreto n&ordm; 7.611\/2011<\/a>, que, dentre os pontos abordados, destaca que a fun&ccedil;&atilde;o dos n&uacute;cleos de acessibilidade das IFES &eacute; &ldquo;eliminar barreiras f&iacute;sicas, de comunica&ccedil;&atilde;o e de informa&ccedil;&atilde;o que restringem a participa&ccedil;&atilde;o e o desenvolvimento acad&ecirc;mico e social de estudantes com defici&ecirc;ncia&rdquo;.<\/p><h2 class=\"wp-block-heading\" id=\"h-projeto-in-web-como-ele-pode-ajudar-pessoas-com-deficiencia\"><span class=\"ez-toc-section\" id=\"Projeto-InWeb-como-ele-pode-ajudar-pessoas-com-deficiencia\"><\/span>Projeto In@Web: como ele pode ajudar pessoas com defici&ecirc;ncia<span class=\"ez-toc-section-end\"><\/span><\/h2><p>O In@Web &eacute; um projeto do CPIDES que visa desenvolver um <em>Content Management System<\/em> (CMS), Sistemas de Gerenciamento de Conte&uacute;do &mdash; o WordPress &eacute; o mais popular atualmente &mdash; com acessibilidade nativa, voltado para a gera&ccedil;&atilde;o de conte&uacute;do e exibi&ccedil;&atilde;o, permitindo que produtores de conte&uacute;do com defici&ecirc;ncia tenham total independ&ecirc;ncia.<\/p><p>Elisa d&aacute; mais detalhes sobre o projeto. &ldquo;No edital de 2020 o CPIDES conseguiu financiamento para o desenvolvimento do In@Web. Atualmente, o projeto encontra-se com cerca de 80% conclu&iacute;do. Temos dois produtos em desenvolvimento, o primeiro &eacute; um site In@web, dispon&iacute;vel no endere&ccedil;o <a href=\"http:\/\/www.inclusaonaweb.com\" target=\"_blank\" rel=\"noopener noreferrer\">www.inclusaonaweb.com<\/a>, que oferece os produtos do In@web&rdquo;.<\/p><p>&ldquo;O segundo produto &eacute; o gerador de conte&uacute;do, dispon&iacute;vel no endere&ccedil;o <a href=\"http:\/\/frida.inclusaonaweb.com\/admin\" target=\"_blank\" rel=\"noopener noreferrer\">frida.inclusaonaweb.com\/admin<\/a>, que oferece ferramentas para a cria&ccedil;&atilde;o e administra&ccedil;&atilde;o de sites com acessibilidade nativa&rdquo;.<\/p><p>O projeto &eacute; visto por Elisa como inovador no pa&iacute;s. &ldquo;Desconhecemos projetos existentes no Brasil que ofere&ccedil;am exatamente o mesmo produto do In@web. Sabemos que existem empresas que oferecem a cria&ccedil;&atilde;o de sites com acessibilidade, entretanto, o cliente contrata a empresa para que ela desenvolva o site, ou seja, o cliente n&atilde;o possui autonomia para que ele mesmo crie e gerencie o projeto, sendo este um diferencial do In@web&rdquo;.<\/p><h2 class=\"wp-block-heading\" id=\"h-como-a-psicologia-pode-contribuir-com-nucleos-de-acessibilidade\"><span class=\"ez-toc-section\" id=\"Como-a-psicologia-pode-contribuir-com-nucleos-de-acessibilidade\"><\/span>Como a psicologia pode contribuir com n&uacute;cleos de acessibilidade<span class=\"ez-toc-section-end\"><\/span><\/h2><p>Durante a pesquisa de mestrado, Ana Paula notou a presen&ccedil;a constante de profissionais psic&oacute;logos nos n&uacute;cleos de acessibilidade das IFES. Ela avaliou a import&acirc;ncia desse acompanhamento e destacou algumas a&ccedil;&otilde;es em prol da inclus&atilde;o dos alunos com defici&ecirc;ncia:<\/p><ul class=\"wp-block-list\">\n<li>Escuta, acolhimento e avalia&ccedil;&atilde;o de suas demandas;&nbsp;<\/li>\n\n\n\n<li>Suporte psicol&oacute;gico, individual ou em grupo, aos estudantes que enfrentam dificuldades em se adaptar e se manter no ensino superior;<\/li>\n\n\n\n<li>Realiza&ccedil;&atilde;o de sensibiliza&ccedil;&otilde;es, conscientiza&ccedil;&otilde;es, palestras e campanhas que visem &agrave; remo&ccedil;&atilde;o de barreiras atitudinais (preconceitos, estigmas, estere&oacute;tipos direcionados &agrave; pessoa com defici&ecirc;ncia) e ao reconhecimento da diversidade no ambiente universit&aacute;rio;<\/li>\n\n\n\n<li>Promo&ccedil;&atilde;o de acessibilidade;<\/li>\n\n\n\n<li>Efetiva&ccedil;&atilde;o de orienta&ccedil;&otilde;es e planejamento de estrat&eacute;gias voltadas ao ensino e aprendizagem;<\/li>\n\n\n\n<li>Discuss&atilde;o e a revis&atilde;o das concep&ccedil;&otilde;es e preconceitos associados &agrave; pessoa com defici&ecirc;ncia;<\/li>\n\n\n\n<li>Contribui&ccedil;&atilde;o para um clima organizacional saud&aacute;vel dentro do n&uacute;cleo e na institui&ccedil;&atilde;o em si;<\/li>\n\n\n\n<li>Favorecimento de intera&ccedil;&otilde;es sociais e redes de apoio;<\/li>\n\n\n\n<li>Media&ccedil;&atilde;o entre o estudante e os outros membros da academia;&nbsp;<\/li>\n\n\n\n<li>Interven&ccedil;&otilde;es visando &agrave; independ&ecirc;ncia, autonomia, autoestima positiva, aceita&ccedil;&atilde;o da defici&ecirc;ncia;<\/li>\n\n\n\n<li>Empoderamento desses estudantes sobre seus direitos.<\/li>\n<\/ul><h2 class=\"wp-block-heading\" id=\"h-como-um-aluno-com-deficiencia-pode-solicitar-apoio-nas-universidades\"><span class=\"ez-toc-section\" id=\"Como-um-aluno-com-deficiencia-pode-solicitar-apoio-nas-universidades\"><\/span>Como um aluno com defici&ecirc;ncia pode solicitar apoio nas universidades<span class=\"ez-toc-section-end\"><\/span><\/h2><p>Uma das dificuldades das universidades p&uacute;blicas &eacute; disponibilizar informa&ccedil;&otilde;es &uacute;teis de forma clara e sintetizada. Ana Raquel Mangili fala sobre como a institui&ccedil;&atilde;o atuou no fornecimento dos materiais que ela necessitava para poder frequentar as aulas.<\/p><p>&ldquo;A Diretoria T&eacute;cnica Acad&ecirc;mica (DTA) da Faculdade de Arquitetura, Artes e Comunica&ccedil;&atilde;o da Unesp de Bauru (FAAC) foi a institui&ccedil;&atilde;o interna que ficou respons&aacute;vel pelo fornecimento dos recursos de acessibilidade que eu requeria&rdquo;.<\/p><p>Ana Raquel tamb&eacute;m destacou um dos projetos da universidade. &ldquo;Outro &oacute;rg&atilde;o interno foi o <a href=\"https:\/\/matavunesp.wordpress.com\/\" target=\"_blank\" rel=\"noopener noreferrer\">Grupo de Pesquisas em M&iacute;dia Acess&iacute;vel e Tradu&ccedil;&atilde;o Audiovisual (MATAV)<\/a>, que produzia a legendagem dos conte&uacute;dos audiovisuais que os professores utilizavam em sala. Eu me reportava diretamente a esses dois &oacute;rg&atilde;os quando necessitava de alguma nova adapta&ccedil;&atilde;o ou ajustes nas j&aacute; existentes&rdquo;, afirmou.<\/p><p>A fala evidencia a import&acirc;ncia de projetos que t&ecirc;m a acessibilidade universal como ponto de partida nas universidades, e como eles s&atilde;o &uacute;teis a quem precisa de suportes ao longo de sua jornada universit&aacute;ria. Vale ressaltar tamb&eacute;m que vestibulares como o Enem, por exemplo, oferecem <a href=\"https:\/\/vestibulares.estrategia.com\/portal\/vestibulares\/como-solicitar-atendimento-especializado-no-enem\/\">atendimento especializado<\/a> &agrave;s pessoas com defici&ecirc;ncia em suas provas.<\/p><h2 class=\"wp-block-heading\" id=\"h-decreto-n&ordm;-10-502\"><span class=\"ez-toc-section\" id=\"Decreto-no-10502\"><\/span>Decreto n&ordm; 10.502<span class=\"ez-toc-section-end\"><\/span><\/h2><p>Ana Paula classificou como um retrocesso o <a href=\"https:\/\/www.in.gov.br\/en\/web\/dou\/-\/decreto-n-10.502-de-30-de-setembro-de-2020-280529948\" target=\"_blank\" rel=\"noopener noreferrer\">Decreto n&ordm; 10.502<\/a>, sancionado pelo presidente Jair Bolsonaro, mas que est&aacute; em discuss&atilde;o no Supremo Tribunal Federal (STF). &ldquo;A nova pol&iacute;tica nacional da educa&ccedil;&atilde;o especial representa um verdadeiro retrocesso e retorno &agrave; segrega&ccedil;&atilde;o, bem como as <a href=\"https:\/\/g1.globo.com\/pe\/pernambuco\/noticia\/2021\/08\/19\/ministro-da-educacao-criancas-impossivel-convivencia.ghtml\" target=\"_blank\" rel=\"noopener noreferrer\">falas capacitistas<\/a> expressas pelo pr&oacute;prio Ministro da Educa&ccedil;&atilde;o &mdash; Milton Ribeiro &mdash; recentemente&rdquo;.<\/p><p>&ldquo;A universidade &eacute; sim para todos, e quando falamos todos, inclu&iacute;mos tamb&eacute;m as pessoas com defici&ecirc;ncia, que s&atilde;o cidad&atilde;os e devem ter seus direitos garantidos e respeitados, como o direito &agrave; educa&ccedil;&atilde;o em seus diferentes n&iacute;veis de ensino&rdquo;, completa Ana Paula.<\/p><p>Elisa Tomoe Moriya Schl&uuml;nzen tamb&eacute;m comenta sobre o discurso do Ministro do Governo: &ldquo;A discuss&atilde;o atual &eacute; um retrocesso para a educa&ccedil;&atilde;o inclusiva, pois a nova pol&iacute;tica definir&aacute; os rumos e os avan&ccedil;os conquistados nas &uacute;ltimas d&eacute;cadas para a inclus&atilde;o da pessoa com defici&ecirc;ncia desde o ensino regular ao ensino superior, dando espa&ccedil;o ao poss&iacute;vel retorno dos atendimentos segregados e excludentes&rdquo;.<\/p><p>&ldquo;Quando o pr&oacute;prio governo infere ou transfere para outro a decis&atilde;o de quem deve ou n&atilde;o frequentar uma escola, implica diretamente em quem deve ou n&atilde;o ingressar no ensino superior, e os poucos que ainda conseguem estar no meio universit&aacute;rio, acabam por enfrentar outras dificuldades, desde quest&otilde;es de acessibilidade e o preconceito ainda existente referente ao que se &eacute; diferente&rdquo;, completa Elisa.<\/p><h2 class=\"wp-block-heading\" id=\"h-permanencia-estudantil-e-barreira-para-alunos-com-deficiencia\"><span class=\"ez-toc-section\" id=\"Permanencia-estudantil-e-barreira-para-alunos-com-deficiencia\"><\/span>Perman&ecirc;ncia estudantil &eacute; barreira para alunos com defici&ecirc;ncia<span class=\"ez-toc-section-end\"><\/span><\/h2><p>Como falamos no in&iacute;cio da mat&eacute;ria, estamos vivenciando um aumento de matr&iacute;cula de pessoas com defici&ecirc;ncia nas universidades. Ainda que atualmente o n&uacute;mero seja menor do que 1%, a expectativa &eacute; que esse n&uacute;mero n&atilde;o pare de crescer.<\/p><figure class=\"wp-block-embed is-type-video is-provider-youtube wp-block-embed-youtube wp-embed-aspect-16-9 wp-has-aspect-ratio\"><div class=\"wp-block-embed__wrapper\">\n<div class=\"cs-embed cs-embed-responsive\"><iframe title='LIVE \"PERMAN&Ecirc;NCIA DAS PESSOAS COM DEFICI&Ecirc;NCIA NO ENSINO SUPERIOR\" - 27 DE AGOSTO' width=\"1200\" height=\"675\" src=\"https:\/\/www.youtube.com\/embed\/0kJRm89FmM4?feature=oembed\" frameborder=\"0\" allow=\"accelerometer; autoplay; clipboard-write; encrypted-media; gyroscope; picture-in-picture; web-share\" allowfullscreen><\/iframe><\/div>\n<\/div><\/figure><p>Ana Paula comenta sobre o assunto destacando o fortalecimento da pauta e a necessidade de perman&ecirc;ncia estudantil. &ldquo;Um dos grandes desafios atuais &eacute; garantir as condi&ccedil;&otilde;es adequadas para que esses jovens permane&ccedil;am na institui&ccedil;&atilde;o e consequentemente concluam seus estudos com sucesso&rdquo;.<\/p><p>Elisa tamb&eacute;m v&ecirc; a perman&ecirc;ncia estudantil como uma barreira. &ldquo;As universidades t&ecirc;m buscado esfor&ccedil;os para cumprir o preconizado na Lei, mas a maioria n&atilde;o sabe como fazer. Abrir vagas para incluir pessoas com defici&ecirc;ncia &eacute; uma das metas que est&aacute; sendo cumprida. Todavia, quando se aborda a quest&atilde;o da perman&ecirc;ncia, o cen&aacute;rio &eacute; outro, pois nos esbarramos em quest&otilde;es que v&atilde;o desde o acesso ao ensino, at&eacute; quest&otilde;es de ordem arquitet&ocirc;nicas&rdquo;.<\/p><h2 class=\"wp-block-heading\" id=\"h-processo-de-construcao-do-ensino-superior\"><span class=\"ez-toc-section\" id=\"Processo-de-construcao-do-ensino-superior\"><\/span>Processo de constru&ccedil;&atilde;o do ensino superior<span class=\"ez-toc-section-end\"><\/span><\/h2><p>Ana Paula fala sobre o processo de constru&ccedil;&atilde;o que o ensino superior est&aacute; passando quando falamos em inclus&atilde;o de pessoas com defici&ecirc;ncia e acessibilidade na universidade. &ldquo;Vejo que esse movimento j&aacute; come&ccedil;ou e que cada vez mais as institui&ccedil;&otilde;es est&atilde;o mais atentas e se preparando para atender essas necessidades educacionais&rdquo;.&nbsp;<\/p><p>&ldquo;H&aacute; maior visibilidade, sensibiliza&ccedil;&atilde;o e conscientiza&ccedil;&atilde;o sobre a tem&aacute;tica, maior cobran&ccedil;a da sociedade, inclusive dos pr&oacute;prios estudantes com defici&ecirc;ncia. Precisamos nos apoiar e continuar nesse caminho para alcan&ccedil;armos um ensino superior que valorize a diferen&ccedil;a e atenda toda a nossa diversidade&rdquo;, conclui Ana Paula.<\/p><p>Elisa Tomoe completa: &ldquo;&Eacute; necess&aacute;rio haver mudan&ccedil;a de paradigmas, concep&ccedil;&otilde;es, m&eacute;todos, estrat&eacute;gias, recursos e pr&aacute;ticas, oferecendo-lhe condi&ccedil;&otilde;es para desenvolver a aprendizagem dos estudantes de acordo com suas habilidades e potencialidades, possibilitando um autoconhecimento e o encantamento pela aprendizagem e o desejo de pertencimento&rdquo;.<\/p><\/p>\n","protected":false},"excerpt":{"rendered":"No Dia Nacional de Luta da Pessoa com Defici\u00eancia, o Estrat\u00e9gia abordou a acessibilidade na universidade, com relatos sobre a inclus\u00e3o nesse espa\u00e7o e alguns projetos que apoiam os estudantes.\n","protected":false},"author":43,"featured_media":55266,"comment_status":"closed","ping_status":"closed","sticky":false,"template":"","format":"standard","meta":{"wl_entities_gutenberg":"","footnotes":""},"categories":[46],"tags":[],"wl_entity_type":[732],"class_list":{"0":"post-55259","1":"post","2":"type-post","3":"status-publish","4":"format-standard","5":"has-post-thumbnail","7":"category-atualidades-e-dicas","8":"wl_entity_type-article"},"acf":[],"yoast_head":"<!-- This site is optimized with the Yoast SEO Premium plugin v25.9 (Yoast SEO v25.9) - https:\/\/yoast.com\/wordpress\/plugins\/seo\/ -->\n<title>Acessibilidade na universidade e inclus\u00e3o de pessoas com defici\u00eancia<\/title>\n<meta name=\"description\" content=\"No Dia Nacional de Luta da Pessoa com Defici\u00eancia, falamos sobre acessibilidade na universidade, inclus\u00e3o e projetos sobre o tema.\" \/>\n<meta name=\"robots\" content=\"index, follow, max-snippet:-1, max-image-preview:large, max-video-preview:-1\" \/>\n<link rel=\"canonical\" href=\"https:\/\/vestibulares.estrategia.com\/portal\/atualidades-e-dicas\/acessibilidade-na-universidade-como-pessoas-com-deficiencia-sao-incluidas-nesse-espaco\/\" \/>\n<meta property=\"og:locale\" content=\"pt_BR\" \/>\n<meta property=\"og:type\" content=\"article\" \/>\n<meta property=\"og:title\" content=\"Acessibilidade na universidade: como pessoas com defici\u00eancia s\u00e3o inclu\u00eddas nesse espa\u00e7o\" \/>\n<meta property=\"og:description\" content=\"No Dia Nacional de Luta da Pessoa com Defici\u00eancia, falamos sobre acessibilidade na universidade, inclus\u00e3o e projetos sobre o tema.\" \/>\n<meta property=\"og:url\" content=\"https:\/\/vestibulares.estrategia.com\/portal\/atualidades-e-dicas\/acessibilidade-na-universidade-como-pessoas-com-deficiencia-sao-incluidas-nesse-espaco\/\" \/>\n<meta property=\"og:site_name\" content=\"Estrat\u00e9gia Vestibulares\" \/>\n<meta property=\"article:publisher\" content=\"https:\/\/facebook.com\/estrategiavestibulares\" \/>\n<meta property=\"article:published_time\" content=\"2021-09-21T15:18:44+00:00\" \/>\n<meta property=\"article:modified_time\" content=\"2023-06-21T20:40:28+00:00\" \/>\n<meta property=\"og:image\" content=\"https:\/\/cdn.blog.estrategiavestibulares.com.br\/vestibulares\/wp-content\/uploads\/2021\/09\/Dia-da-pessoa-com-deficiencia-1.jpg\" \/>\n\t<meta property=\"og:image:width\" content=\"750\" \/>\n\t<meta property=\"og:image:height\" content=\"420\" \/>\n\t<meta property=\"og:image:type\" content=\"image\/jpeg\" \/>\n<meta name=\"author\" content=\"Leonardo Del Sant\" \/>\n<meta name=\"twitter:card\" content=\"summary_large_image\" \/>\n<meta name=\"twitter:creator\" content=\"@Estrategiavest\" \/>\n<meta name=\"twitter:site\" content=\"@Estrategiavest\" \/>\n<meta name=\"twitter:label1\" content=\"Escrito por\" \/>\n\t<meta name=\"twitter:data1\" content=\"Leonardo Del Sant\" \/>\n\t<meta name=\"twitter:label2\" content=\"Est. tempo de leitura\" \/>\n\t<meta name=\"twitter:data2\" content=\"13 minutos\" \/>\n<script type=\"application\/ld+json\" class=\"yoast-schema-graph\">{\"@context\":\"https:\/\/schema.org\",\"@graph\":[{\"@type\":\"Article\",\"@id\":\"https:\/\/vestibulares.estrategia.com\/portal\/atualidades-e-dicas\/acessibilidade-na-universidade-como-pessoas-com-deficiencia-sao-incluidas-nesse-espaco\/#article\",\"isPartOf\":{\"@id\":\"https:\/\/vestibulares.estrategia.com\/portal\/atualidades-e-dicas\/acessibilidade-na-universidade-como-pessoas-com-deficiencia-sao-incluidas-nesse-espaco\/\"},\"author\":{\"name\":\"Leonardo Del Sant\",\"@id\":\"https:\/\/vestibulares.estrategia.com\/portal\/#\/schema\/person\/95532619fccae669187ec84703047908\"},\"headline\":\"Acessibilidade na universidade: como pessoas com defici\u00eancia s\u00e3o inclu\u00eddas nesse espa\u00e7o\",\"datePublished\":\"2021-09-21T15:18:44+00:00\",\"dateModified\":\"2023-06-21T20:40:28+00:00\",\"mainEntityOfPage\":{\"@id\":\"https:\/\/vestibulares.estrategia.com\/portal\/atualidades-e-dicas\/acessibilidade-na-universidade-como-pessoas-com-deficiencia-sao-incluidas-nesse-espaco\/\"},\"wordCount\":2585,\"publisher\":{\"@id\":\"https:\/\/vestibulares.estrategia.com\/portal\/#organization\"},\"image\":{\"@id\":\"https:\/\/vestibulares.estrategia.com\/portal\/atualidades-e-dicas\/acessibilidade-na-universidade-como-pessoas-com-deficiencia-sao-incluidas-nesse-espaco\/#primaryimage\"},\"thumbnailUrl\":\"https:\/\/vestibulares.estrategia.com\/portal\/wp-content\/uploads\/2021\/09\/Dia-da-pessoa-com-deficiencia-1.jpg\",\"articleSection\":[\"Atualidades e Dicas\"],\"inLanguage\":\"pt-BR\"},{\"@type\":\"WebPage\",\"@id\":\"https:\/\/vestibulares.estrategia.com\/portal\/atualidades-e-dicas\/acessibilidade-na-universidade-como-pessoas-com-deficiencia-sao-incluidas-nesse-espaco\/\",\"url\":\"https:\/\/vestibulares.estrategia.com\/portal\/atualidades-e-dicas\/acessibilidade-na-universidade-como-pessoas-com-deficiencia-sao-incluidas-nesse-espaco\/\",\"name\":\"Acessibilidade na universidade e inclus\u00e3o de pessoas com defici\u00eancia\",\"isPartOf\":{\"@id\":\"https:\/\/vestibulares.estrategia.com\/portal\/#website\"},\"primaryImageOfPage\":{\"@id\":\"https:\/\/vestibulares.estrategia.com\/portal\/atualidades-e-dicas\/acessibilidade-na-universidade-como-pessoas-com-deficiencia-sao-incluidas-nesse-espaco\/#primaryimage\"},\"image\":{\"@id\":\"https:\/\/vestibulares.estrategia.com\/portal\/atualidades-e-dicas\/acessibilidade-na-universidade-como-pessoas-com-deficiencia-sao-incluidas-nesse-espaco\/#primaryimage\"},\"thumbnailUrl\":\"https:\/\/vestibulares.estrategia.com\/portal\/wp-content\/uploads\/2021\/09\/Dia-da-pessoa-com-deficiencia-1.jpg\",\"datePublished\":\"2021-09-21T15:18:44+00:00\",\"dateModified\":\"2023-06-21T20:40:28+00:00\",\"description\":\"No Dia Nacional de Luta da Pessoa com Defici\u00eancia, falamos sobre acessibilidade na universidade, inclus\u00e3o e projetos sobre o tema.\",\"breadcrumb\":{\"@id\":\"https:\/\/vestibulares.estrategia.com\/portal\/atualidades-e-dicas\/acessibilidade-na-universidade-como-pessoas-com-deficiencia-sao-incluidas-nesse-espaco\/#breadcrumb\"},\"inLanguage\":\"pt-BR\",\"potentialAction\":[{\"@type\":\"ReadAction\",\"target\":[\"https:\/\/vestibulares.estrategia.com\/portal\/atualidades-e-dicas\/acessibilidade-na-universidade-como-pessoas-com-deficiencia-sao-incluidas-nesse-espaco\/\"]}]},{\"@type\":\"ImageObject\",\"inLanguage\":\"pt-BR\",\"@id\":\"https:\/\/vestibulares.estrategia.com\/portal\/atualidades-e-dicas\/acessibilidade-na-universidade-como-pessoas-com-deficiencia-sao-incluidas-nesse-espaco\/#primaryimage\",\"url\":\"https:\/\/vestibulares.estrategia.com\/portal\/wp-content\/uploads\/2021\/09\/Dia-da-pessoa-com-deficiencia-1.jpg\",\"contentUrl\":\"https:\/\/vestibulares.estrategia.com\/portal\/wp-content\/uploads\/2021\/09\/Dia-da-pessoa-com-deficiencia-1.jpg\",\"width\":750,\"height\":420,\"caption\":\"Colagem: Lucas Zanetti\"},{\"@type\":\"BreadcrumbList\",\"@id\":\"https:\/\/vestibulares.estrategia.com\/portal\/atualidades-e-dicas\/acessibilidade-na-universidade-como-pessoas-com-deficiencia-sao-incluidas-nesse-espaco\/#breadcrumb\",\"itemListElement\":[{\"@type\":\"ListItem\",\"position\":1,\"name\":\"Home\",\"item\":\"https:\/\/vestibulares.estrategia.com\/portal\/\"},{\"@type\":\"ListItem\",\"position\":2,\"name\":\"Atualidades e Dicas\",\"item\":\"https:\/\/vestibulares.estrategia.com\/portal\/atualidades-e-dicas\/\"},{\"@type\":\"ListItem\",\"position\":3,\"name\":\"Acessibilidade na universidade: como pessoas com defici\u00eancia s\u00e3o inclu\u00eddas nesse espa\u00e7o\"}]},{\"@type\":\"WebSite\",\"@id\":\"https:\/\/vestibulares.estrategia.com\/portal\/#website\",\"url\":\"https:\/\/vestibulares.estrategia.com\/portal\/\",\"name\":\"Estrat\u00e9gia Vestibulares\",\"description\":\"\",\"publisher\":{\"@id\":\"https:\/\/vestibulares.estrategia.com\/portal\/#organization\"},\"potentialAction\":[{\"@type\":\"SearchAction\",\"target\":{\"@type\":\"EntryPoint\",\"urlTemplate\":\"https:\/\/vestibulares.estrategia.com\/portal\/?s={search_term_string}\"},\"query-input\":{\"@type\":\"PropertyValueSpecification\",\"valueRequired\":true,\"valueName\":\"search_term_string\"}}],\"inLanguage\":\"pt-BR\"},{\"@type\":\"Organization\",\"@id\":\"https:\/\/vestibulares.estrategia.com\/portal\/#organization\",\"name\":\"Estrat\u00e9gia Vestibulares\",\"url\":\"https:\/\/vestibulares.estrategia.com\/portal\/\",\"logo\":{\"@type\":\"ImageObject\",\"inLanguage\":\"pt-BR\",\"@id\":\"https:\/\/vestibulares.estrategia.com\/portal\/#\/schema\/logo\/image\/\",\"url\":\"https:\/\/vestibulares.estrategia.com\/portal\/wp-content\/uploads\/2021\/06\/Logo-Vestibulares@4x.png\",\"contentUrl\":\"https:\/\/vestibulares.estrategia.com\/portal\/wp-content\/uploads\/2021\/06\/Logo-Vestibulares@4x.png\",\"width\":250,\"height\":66,\"caption\":\"Estrat\u00e9gia Vestibulares\"},\"image\":{\"@id\":\"https:\/\/vestibulares.estrategia.com\/portal\/#\/schema\/logo\/image\/\"},\"sameAs\":[\"https:\/\/facebook.com\/estrategiavestibulares\",\"https:\/\/x.com\/Estrategiavest\",\"https:\/\/www.instagram.com\/estrategiavestibulares\",\"https:\/\/www.youtube.com\/channel\/UCGWdZy8ULI-7_5GrABa4vNA\"]},{\"@type\":\"Person\",\"@id\":\"https:\/\/vestibulares.estrategia.com\/portal\/#\/schema\/person\/95532619fccae669187ec84703047908\",\"name\":\"Leonardo Del Sant\",\"image\":{\"@type\":\"ImageObject\",\"inLanguage\":\"pt-BR\",\"@id\":\"https:\/\/vestibulares.estrategia.com\/portal\/#\/schema\/person\/image\/\",\"url\":\"https:\/\/vestibulares.estrategia.com\/portal\/wp-content\/uploads\/2026\/02\/1000082484-150x150.jpeg\",\"contentUrl\":\"https:\/\/vestibulares.estrategia.com\/portal\/wp-content\/uploads\/2026\/02\/1000082484-150x150.jpeg\",\"caption\":\"Leonardo Del Sant\"},\"description\":\"Coordenador de Jornalismo do Estrat\u00e9gia Vestibulares. Trabalhou com escrita para SEO em sites das \u00e1reas de economia, varejo, sa\u00fade, tecnologia e alimenta\u00e7\u00e3o. Formado em jornalismo pela Unesp\/Bauru.\",\"url\":\"https:\/\/vestibulares.estrategia.com\/portal\/author\/leonardo-del-sant\/\"}]}<\/script>\n<!-- \/ Yoast SEO Premium plugin. -->","yoast_head_json":{"title":"Acessibilidade na universidade e inclus\u00e3o de pessoas com defici\u00eancia","description":"No Dia Nacional de Luta da Pessoa com Defici\u00eancia, falamos sobre acessibilidade na universidade, inclus\u00e3o e projetos sobre o tema.","robots":{"index":"index","follow":"follow","max-snippet":"max-snippet:-1","max-image-preview":"max-image-preview:large","max-video-preview":"max-video-preview:-1"},"canonical":"https:\/\/vestibulares.estrategia.com\/portal\/atualidades-e-dicas\/acessibilidade-na-universidade-como-pessoas-com-deficiencia-sao-incluidas-nesse-espaco\/","og_locale":"pt_BR","og_type":"article","og_title":"Acessibilidade na universidade: como pessoas com defici\u00eancia s\u00e3o inclu\u00eddas nesse espa\u00e7o","og_description":"No Dia Nacional de Luta da Pessoa com Defici\u00eancia, falamos sobre acessibilidade na universidade, inclus\u00e3o e projetos sobre o tema.","og_url":"https:\/\/vestibulares.estrategia.com\/portal\/atualidades-e-dicas\/acessibilidade-na-universidade-como-pessoas-com-deficiencia-sao-incluidas-nesse-espaco\/","og_site_name":"Estrat\u00e9gia Vestibulares","article_publisher":"https:\/\/facebook.com\/estrategiavestibulares","article_published_time":"2021-09-21T15:18:44+00:00","article_modified_time":"2023-06-21T20:40:28+00:00","og_image":[{"width":750,"height":420,"url":"https:\/\/cdn.blog.estrategiavestibulares.com.br\/vestibulares\/wp-content\/uploads\/2021\/09\/Dia-da-pessoa-com-deficiencia-1.jpg","type":"image\/jpeg"}],"author":"Leonardo Del Sant","twitter_card":"summary_large_image","twitter_creator":"@Estrategiavest","twitter_site":"@Estrategiavest","twitter_misc":{"Escrito por":"Leonardo Del Sant","Est. tempo de leitura":"13 minutos"},"schema":{"@context":"https:\/\/schema.org","@graph":[{"@type":"Article","@id":"https:\/\/vestibulares.estrategia.com\/portal\/atualidades-e-dicas\/acessibilidade-na-universidade-como-pessoas-com-deficiencia-sao-incluidas-nesse-espaco\/#article","isPartOf":{"@id":"https:\/\/vestibulares.estrategia.com\/portal\/atualidades-e-dicas\/acessibilidade-na-universidade-como-pessoas-com-deficiencia-sao-incluidas-nesse-espaco\/"},"author":{"name":"Leonardo Del Sant","@id":"https:\/\/vestibulares.estrategia.com\/portal\/#\/schema\/person\/95532619fccae669187ec84703047908"},"headline":"Acessibilidade na universidade: como pessoas com defici\u00eancia s\u00e3o inclu\u00eddas nesse espa\u00e7o","datePublished":"2021-09-21T15:18:44+00:00","dateModified":"2023-06-21T20:40:28+00:00","mainEntityOfPage":{"@id":"https:\/\/vestibulares.estrategia.com\/portal\/atualidades-e-dicas\/acessibilidade-na-universidade-como-pessoas-com-deficiencia-sao-incluidas-nesse-espaco\/"},"wordCount":2585,"publisher":{"@id":"https:\/\/vestibulares.estrategia.com\/portal\/#organization"},"image":{"@id":"https:\/\/vestibulares.estrategia.com\/portal\/atualidades-e-dicas\/acessibilidade-na-universidade-como-pessoas-com-deficiencia-sao-incluidas-nesse-espaco\/#primaryimage"},"thumbnailUrl":"https:\/\/vestibulares.estrategia.com\/portal\/wp-content\/uploads\/2021\/09\/Dia-da-pessoa-com-deficiencia-1.jpg","articleSection":["Atualidades e Dicas"],"inLanguage":"pt-BR"},{"@type":"WebPage","@id":"https:\/\/vestibulares.estrategia.com\/portal\/atualidades-e-dicas\/acessibilidade-na-universidade-como-pessoas-com-deficiencia-sao-incluidas-nesse-espaco\/","url":"https:\/\/vestibulares.estrategia.com\/portal\/atualidades-e-dicas\/acessibilidade-na-universidade-como-pessoas-com-deficiencia-sao-incluidas-nesse-espaco\/","name":"Acessibilidade na universidade e inclus\u00e3o de pessoas com defici\u00eancia","isPartOf":{"@id":"https:\/\/vestibulares.estrategia.com\/portal\/#website"},"primaryImageOfPage":{"@id":"https:\/\/vestibulares.estrategia.com\/portal\/atualidades-e-dicas\/acessibilidade-na-universidade-como-pessoas-com-deficiencia-sao-incluidas-nesse-espaco\/#primaryimage"},"image":{"@id":"https:\/\/vestibulares.estrategia.com\/portal\/atualidades-e-dicas\/acessibilidade-na-universidade-como-pessoas-com-deficiencia-sao-incluidas-nesse-espaco\/#primaryimage"},"thumbnailUrl":"https:\/\/vestibulares.estrategia.com\/portal\/wp-content\/uploads\/2021\/09\/Dia-da-pessoa-com-deficiencia-1.jpg","datePublished":"2021-09-21T15:18:44+00:00","dateModified":"2023-06-21T20:40:28+00:00","description":"No Dia Nacional de Luta da Pessoa com Defici\u00eancia, falamos sobre acessibilidade na universidade, inclus\u00e3o e projetos sobre o tema.","breadcrumb":{"@id":"https:\/\/vestibulares.estrategia.com\/portal\/atualidades-e-dicas\/acessibilidade-na-universidade-como-pessoas-com-deficiencia-sao-incluidas-nesse-espaco\/#breadcrumb"},"inLanguage":"pt-BR","potentialAction":[{"@type":"ReadAction","target":["https:\/\/vestibulares.estrategia.com\/portal\/atualidades-e-dicas\/acessibilidade-na-universidade-como-pessoas-com-deficiencia-sao-incluidas-nesse-espaco\/"]}]},{"@type":"ImageObject","inLanguage":"pt-BR","@id":"https:\/\/vestibulares.estrategia.com\/portal\/atualidades-e-dicas\/acessibilidade-na-universidade-como-pessoas-com-deficiencia-sao-incluidas-nesse-espaco\/#primaryimage","url":"https:\/\/vestibulares.estrategia.com\/portal\/wp-content\/uploads\/2021\/09\/Dia-da-pessoa-com-deficiencia-1.jpg","contentUrl":"https:\/\/vestibulares.estrategia.com\/portal\/wp-content\/uploads\/2021\/09\/Dia-da-pessoa-com-deficiencia-1.jpg","width":750,"height":420,"caption":"Colagem: Lucas Zanetti"},{"@type":"BreadcrumbList","@id":"https:\/\/vestibulares.estrategia.com\/portal\/atualidades-e-dicas\/acessibilidade-na-universidade-como-pessoas-com-deficiencia-sao-incluidas-nesse-espaco\/#breadcrumb","itemListElement":[{"@type":"ListItem","position":1,"name":"Home","item":"https:\/\/vestibulares.estrategia.com\/portal\/"},{"@type":"ListItem","position":2,"name":"Atualidades e Dicas","item":"https:\/\/vestibulares.estrategia.com\/portal\/atualidades-e-dicas\/"},{"@type":"ListItem","position":3,"name":"Acessibilidade na universidade: como pessoas com defici\u00eancia s\u00e3o inclu\u00eddas nesse espa\u00e7o"}]},{"@type":"WebSite","@id":"https:\/\/vestibulares.estrategia.com\/portal\/#website","url":"https:\/\/vestibulares.estrategia.com\/portal\/","name":"Estrat\u00e9gia Vestibulares","description":"","publisher":{"@id":"https:\/\/vestibulares.estrategia.com\/portal\/#organization"},"potentialAction":[{"@type":"SearchAction","target":{"@type":"EntryPoint","urlTemplate":"https:\/\/vestibulares.estrategia.com\/portal\/?s={search_term_string}"},"query-input":{"@type":"PropertyValueSpecification","valueRequired":true,"valueName":"search_term_string"}}],"inLanguage":"pt-BR"},{"@type":"Organization","@id":"https:\/\/vestibulares.estrategia.com\/portal\/#organization","name":"Estrat\u00e9gia Vestibulares","url":"https:\/\/vestibulares.estrategia.com\/portal\/","logo":{"@type":"ImageObject","inLanguage":"pt-BR","@id":"https:\/\/vestibulares.estrategia.com\/portal\/#\/schema\/logo\/image\/","url":"https:\/\/vestibulares.estrategia.com\/portal\/wp-content\/uploads\/2021\/06\/Logo-Vestibulares@4x.png","contentUrl":"https:\/\/vestibulares.estrategia.com\/portal\/wp-content\/uploads\/2021\/06\/Logo-Vestibulares@4x.png","width":250,"height":66,"caption":"Estrat\u00e9gia Vestibulares"},"image":{"@id":"https:\/\/vestibulares.estrategia.com\/portal\/#\/schema\/logo\/image\/"},"sameAs":["https:\/\/facebook.com\/estrategiavestibulares","https:\/\/x.com\/Estrategiavest","https:\/\/www.instagram.com\/estrategiavestibulares","https:\/\/www.youtube.com\/channel\/UCGWdZy8ULI-7_5GrABa4vNA"]},{"@type":"Person","@id":"https:\/\/vestibulares.estrategia.com\/portal\/#\/schema\/person\/95532619fccae669187ec84703047908","name":"Leonardo Del Sant","image":{"@type":"ImageObject","inLanguage":"pt-BR","@id":"https:\/\/vestibulares.estrategia.com\/portal\/#\/schema\/person\/image\/","url":"https:\/\/vestibulares.estrategia.com\/portal\/wp-content\/uploads\/2026\/02\/1000082484-150x150.jpeg","contentUrl":"https:\/\/vestibulares.estrategia.com\/portal\/wp-content\/uploads\/2026\/02\/1000082484-150x150.jpeg","caption":"Leonardo Del Sant"},"description":"Coordenador de Jornalismo do Estrat\u00e9gia Vestibulares. Trabalhou com escrita para SEO em sites das \u00e1reas de economia, varejo, sa\u00fade, tecnologia e alimenta\u00e7\u00e3o. Formado em jornalismo pela Unesp\/Bauru.","url":"https:\/\/vestibulares.estrategia.com\/portal\/author\/leonardo-del-sant\/"}]}},"_wl_alt_label":[],"wl:entity_url":"https:\/\/data.wordlift.io\/wl110249\/post\/acessibilidade-na-universidade-como-pessoas-com-deficiencia-sao-incluidas-nesse-espaco","_links":{"self":[{"href":"https:\/\/vestibulares.estrategia.com\/portal\/wp-json\/wp\/v2\/posts\/55259","targetHints":{"allow":["GET"]}}],"collection":[{"href":"https:\/\/vestibulares.estrategia.com\/portal\/wp-json\/wp\/v2\/posts"}],"about":[{"href":"https:\/\/vestibulares.estrategia.com\/portal\/wp-json\/wp\/v2\/types\/post"}],"author":[{"embeddable":true,"href":"https:\/\/vestibulares.estrategia.com\/portal\/wp-json\/wp\/v2\/users\/43"}],"replies":[{"embeddable":true,"href":"https:\/\/vestibulares.estrategia.com\/portal\/wp-json\/wp\/v2\/comments?post=55259"}],"version-history":[{"count":4,"href":"https:\/\/vestibulares.estrategia.com\/portal\/wp-json\/wp\/v2\/posts\/55259\/revisions"}],"predecessor-version":[{"id":93162,"href":"https:\/\/vestibulares.estrategia.com\/portal\/wp-json\/wp\/v2\/posts\/55259\/revisions\/93162"}],"wp:featuredmedia":[{"embeddable":true,"href":"https:\/\/vestibulares.estrategia.com\/portal\/wp-json\/wp\/v2\/media\/55266"}],"wp:attachment":[{"href":"https:\/\/vestibulares.estrategia.com\/portal\/wp-json\/wp\/v2\/media?parent=55259"}],"wp:term":[{"taxonomy":"category","embeddable":true,"href":"https:\/\/vestibulares.estrategia.com\/portal\/wp-json\/wp\/v2\/categories?post=55259"},{"taxonomy":"post_tag","embeddable":true,"href":"https:\/\/vestibulares.estrategia.com\/portal\/wp-json\/wp\/v2\/tags?post=55259"},{"taxonomy":"wl_entity_type","embeddable":true,"href":"https:\/\/vestibulares.estrategia.com\/portal\/wp-json\/wp\/v2\/wl_entity_type?post=55259"}],"curies":[{"name":"wp","href":"https:\/\/api.w.org\/{rel}","templated":true}]}}