{"id":56390,"date":"2021-10-11T19:57:38","date_gmt":"2021-10-11T22:57:38","guid":{"rendered":"https:\/\/blog.estrategiavestibulares.com.br\/?p=56390"},"modified":"2023-05-16T14:17:19","modified_gmt":"2023-05-16T17:17:19","slug":"crise-hidrica","status":"publish","type":"post","link":"https:\/\/vestibulares.estrategia.com\/portal\/atualidades-e-dicas\/crise-hidrica\/","title":{"rendered":"Crise h\u00eddrica: quais seus impactos e como o tema pode cair nos vestibulares"},"content":{"rendered":"<p>Um dos assuntos mais presentes nos jornais &eacute; a crise h&iacute;drica que o Brasil est&aacute; passando. E um dos efeitos &eacute; o aumento do pre&ccedil;o da energia el&eacute;trica. Soma-se a isso, o fato de que nossas reservas est&atilde;o com n&iacute;veis baixos, o que pode resultar em racionamentos constantes de &aacute;gua e energia.<p>O tema &eacute; importante justamente porque afeta diretamente o cotidiano dos brasileiros, comprometendo a qualidade de vida de milh&otilde;es de pessoas. Para tratar sobre o tema, falamos com Priscila Lima, professora de geografia e atualidades do Estrat&eacute;gia Vestibulares.<\/p><div id=\"ez-toc-container\" class=\"ez-toc-v2_0_76 counter-hierarchy ez-toc-counter ez-toc-transparent ez-toc-container-direction\">\n<div class=\"ez-toc-title-container\"><p class=\"ez-toc-title\" style=\"cursor:inherit\">Navegue pelo conte\u00fado<\/p>\n<\/div><nav><ul class='ez-toc-list ez-toc-list-level-1 ' ><li class='ez-toc-page-1 ez-toc-heading-level-2'><a class=\"ez-toc-link ez-toc-heading-1\" href=\"https:\/\/vestibulares.estrategia.com\/portal\/atualidades-e-dicas\/crise-hidrica\/#Como-se-configura-essa-crise-hidrica\" >Como se configura essa crise h&iacute;drica<\/a><\/li><li class='ez-toc-page-1 ez-toc-heading-level-2'><a class=\"ez-toc-link ez-toc-heading-2\" href=\"https:\/\/vestibulares.estrategia.com\/portal\/atualidades-e-dicas\/crise-hidrica\/#Como-o-desperdicio-de-agua-afeta-a-crise-hidrica\" >Como o desperd&iacute;cio de &aacute;gua afeta a crise h&iacute;drica<\/a><\/li><li class='ez-toc-page-1 ez-toc-heading-level-2'><a class=\"ez-toc-link ez-toc-heading-3\" href=\"https:\/\/vestibulares.estrategia.com\/portal\/atualidades-e-dicas\/crise-hidrica\/#Maneiras-de-amenizar-a-crise-hidrica\" >Maneiras de amenizar a crise h&iacute;drica<\/a><\/li><li class='ez-toc-page-1 ez-toc-heading-level-2'><a class=\"ez-toc-link ez-toc-heading-4\" href=\"https:\/\/vestibulares.estrategia.com\/portal\/atualidades-e-dicas\/crise-hidrica\/#E-a-gestao-publica\" >E a gest&atilde;o p&uacute;blica?<\/a><\/li><li class='ez-toc-page-1 ez-toc-heading-level-2'><a class=\"ez-toc-link ez-toc-heading-5\" href=\"https:\/\/vestibulares.estrategia.com\/portal\/atualidades-e-dicas\/crise-hidrica\/#Como-o-tema-pode-cair-nos-vestibulares-de-2022\" >Como o tema pode cair nos vestibulares de 2022?<\/a><\/li><li class='ez-toc-page-1 ez-toc-heading-level-2'><a class=\"ez-toc-link ez-toc-heading-6\" href=\"https:\/\/vestibulares.estrategia.com\/portal\/atualidades-e-dicas\/crise-hidrica\/#Veja-esse-e-mais-temas-no-Estrategia-Vestibulares\" >Veja esse e mais temas no Estrat&eacute;gia Vestibulares<\/a><\/li><\/ul><\/nav><\/div>\n<h2 class=\"wp-block-heading\" id=\"h-como-se-configura-essa-crise-hidrica\"><span class=\"ez-toc-section\" id=\"Como-se-configura-essa-crise-hidrica\"><\/span>Como se configura essa crise h&iacute;drica<span class=\"ez-toc-section-end\"><\/span><\/h2><p>A pior crise h&iacute;drica dos &uacute;ltimos 91 anos &mdash; data em que come&ccedil;ou o monitoramento das bacias hidrogr&aacute;ficas no Brasil &mdash; se d&aacute; pela escassez de chuvas, reservat&oacute;rios em n&iacute;veis baixos e maior demanda de energia. Dentre as principais causas est&atilde;o o uso incorreto do solo, principalmente na regi&atilde;o centro-oeste, ber&ccedil;o de algumas bacias hidrogr&aacute;ficas do pa&iacute;s.<\/p><p>A aus&ecirc;ncia de vegeta&ccedil;&atilde;o nativa em biomas como o cerrado, faz com que haja redu&ccedil;&atilde;o na vaz&atilde;o dos rios. Aliado a isso, o mesmo solo vem sendo usado para a agropecu&aacute;ria, que &eacute; respons&aacute;vel por mais de <a rel=\"nofollow noopener noreferrer\" href=\"https:\/\/www.upf.br\/_uploads\/Conteudo\/cepeac\/textos-discussao\/10-2019.pdf\" target=\"_blank\">70% do consumo de &aacute;gua do Brasil<\/a>.<\/p><p>O <a href=\"https:\/\/vestibulares.estrategia.com\/portal\/atualidades\/amazonia-como-cai-no-vestibular\/\">desmatamento na Amaz&ocirc;nia<\/a> tamb&eacute;m &eacute; um fator que deve ser considerado. A floresta perde a capacidade de manuten&ccedil;&atilde;o da umidade atmosf&eacute;rica, o que interrompe o ciclo de chuvas em regi&otilde;es que s&atilde;o beneficiadas pelas correntes de ar que saem da regi&atilde;o, os chamados &ldquo;rios voadores&rdquo;. &Eacute; o caso das regi&otilde;es sul, sudeste e centro-oeste.<\/p><p>Priscila explica de forma direta como esse &uacute;ltimo fator atua na crise h&iacute;drica. &ldquo;Com o desmatamento, a evapotranspira&ccedil;&atilde;o &eacute; reduzida, menos vapor d&rsquo;&aacute;gua significa menor condensa&ccedil;&atilde;o, consequentemente, o &iacute;ndice pluviom&eacute;trico &eacute; comprometido&rdquo;.&nbsp;<\/p><h3 class=\"wp-block-heading\" id=\"h-la-nina-e-el-nino-de-leste-e-central\">La Ni&ntilde;a e El Ni&ntilde;o de leste e central<\/h3><p>O outro fator que explica a falta de chuvas e, consequentemente, um agravamento da situa&ccedil;&atilde;o h&iacute;drica do pa&iacute;s s&atilde;o os eventos clim&aacute;ticos La Ni&ntilde;a e El Ni&ntilde;o, que ocorrem nas &aacute;guas do Pac&iacute;fico, mas tem interfer&ecirc;ncia direta no territ&oacute;rio brasileiro.<\/p><p>S&atilde;o dois El Ni&ntilde;o existentes: o de leste, que ocorre pr&oacute;ximo &agrave; costa do continente &mdash; pr&oacute;ximo do Peru, Equador e Col&ocirc;mbia &mdash; e aumenta o volume de chuvas da por&ccedil;&atilde;o sul do pa&iacute;s e o central, que ocorre no meio do pac&iacute;fico, e diminui a precipita&ccedil;&atilde;o no Brasil.<\/p><p>J&aacute; o La Ni&ntilde;a &eacute;, segundo defini&ccedil;&atilde;o passada pela professora Priscila Lima, na aula de <a href=\"https:\/\/vestibulares.estrategia.com\/portal\/atualidades\/crise-energetica\/\">crise energ&eacute;tica<\/a>, &ldquo;resfriamento anormal das &aacute;guas superficiais e equatoriais do Oceano Pac&iacute;fico, na Costa Americana&rdquo;.<\/p><p>Segundo Priscila, em 2019 e 2020 o evento que ocorreu foi o El Ni&ntilde;o central, j&aacute; em 2021 tivemos um ano de La Ni&ntilde;a. Com isso, somam-se tr&ecirc;s anos seguidos com redu&ccedil;&atilde;o do volume de chuvas no sul do pa&iacute;s.<\/p><figure class=\"wp-block-embed is-type-video is-provider-youtube wp-block-embed-youtube wp-embed-aspect-16-9 wp-has-aspect-ratio\"><div class=\"wp-block-embed__wrapper\">\n<div class=\"cs-embed cs-embed-responsive\"><iframe title=\"Atualidades 2021: Energia\" width=\"1200\" height=\"675\" src=\"https:\/\/www.youtube.com\/embed\/OQCJqRGGhX0?feature=oembed\" frameborder=\"0\" allow=\"accelerometer; autoplay; clipboard-write; encrypted-media; gyroscope; picture-in-picture\" allowfullscreen><\/iframe><\/div>\n<\/div><\/figure><h2 class=\"wp-block-heading\" id=\"h-como-o-desperdicio-de-agua-afeta-a-crise-hidrica\"><span class=\"ez-toc-section\" id=\"Como-o-desperdicio-de-agua-afeta-a-crise-hidrica\"><\/span>Como o desperd&iacute;cio de &aacute;gua afeta a crise h&iacute;drica<span class=\"ez-toc-section-end\"><\/span><\/h2><p>Segundo o Instituto Trata Brasil, as \"&gt;perdas na distribui&ccedil;&atilde;o de &aacute;gua do Brasil est&atilde;o em 39,2%, o que s&atilde;o 7,5 mil piscinas ol&iacute;mpicas cheias de &aacute;gua tratada desperdi&ccedil;adas diariamente. O n&uacute;mero representa sete vezes o volume do Sistema Cantareira, que &eacute; o maior conjunto de reservat&oacute;rios para abastecimento do estado de S&atilde;o Paulo.<\/p><p>A quantidade citada teria a capacidade de abastecer mais de 63 milh&otilde;es de brasileiros em um ano. Os dados, que s&atilde;o p&uacute;blicos e foram extra&iacute;dos do Sistema Nacional de Informa&ccedil;&otilde;es sobre Saneamento (SNIS), t&ecirc;m como ano base 2019 e o levantamento foi publicado em 2021.<\/p><h2 class=\"wp-block-heading\" id=\"h-maneiras-de-amenizar-a-crise-hidrica\"><span class=\"ez-toc-section\" id=\"Maneiras-de-amenizar-a-crise-hidrica\"><\/span>Maneiras de amenizar a crise h&iacute;drica<span class=\"ez-toc-section-end\"><\/span><\/h2><p>Dentre as a&ccedil;&otilde;es listadas no combate &agrave; crise, &eacute; discutida a constru&ccedil;&atilde;o de infraestrutura h&iacute;drica, que consiste em barragens, reservat&oacute;rios, obras de interliga&ccedil;&atilde;o dos tanques com centros de consumo e dep&oacute;sitos com capacidade de armazenamento de &aacute;gua.<\/p><p>O assunto &eacute; debatido nas comiss&otilde;es de Desenvolvimento Sustent&aacute;vel e Desenvolvimento Urbano e de Meio Ambiente, ambas da C&acirc;mara Federal. Existem tamb&eacute;m projetos que visam tratamento de esgoto, armazenamento de &aacute;gua de reuso e outras alternativas paliativas.<\/p><p>Um exemplo &eacute; o <a href=\"https:\/\/www.al.sp.gov.br\/noticia\/?17\/09\/2021\/projeto-parlamentar-de-reuso-de-agua-agora-e-lei\" target=\"_blank\" rel=\"noopener noreferrer\">projeto de lei 17.394 do estado de S&atilde;o Paulo<\/a>, que prev&ecirc; a instala&ccedil;&atilde;o de reservat&oacute;rios ou cisternas para capta&ccedil;&atilde;o da &aacute;gua de chuva em projetos arquitet&ocirc;nicos para edifica&ccedil;&atilde;o ou reforma de pr&eacute;dios de &oacute;rg&atilde;os p&uacute;blicos estaduais.<\/p><p>O Brasil tem 12% de toda a &aacute;gua doce do mundo, enquanto muitos pa&iacute;ses sofrem com o abastecimento de &aacute;gua para a sua popula&ccedil;&atilde;o de forma cr&iacute;tica. Veja algumas solu&ccedil;&otilde;es mundo afora que podem ser melhor desenvolvidas por aqui.<\/p><h3 class=\"wp-block-heading\" id=\"h-reuso-da-agua\">Reuso da &aacute;gua<\/h3><p>Na Austr&aacute;lia, mais da metade de seu territ&oacute;rio &eacute; des&eacute;rtico, mas apenas 10% de sua popula&ccedil;&atilde;o vive nessas terras. Com per&iacute;odos de seca rigorosos, o pa&iacute;s investiu em tratamento e reuso da &aacute;gua, al&eacute;m de reparar sua infraestrutura para evitar vazamentos e desperd&iacute;cios.<\/p><h3 class=\"wp-block-heading\" id=\"h-selo-de-eficiencia-hidrica\">Selo de efici&ecirc;ncia h&iacute;drica<\/h3><p>Com a maior popula&ccedil;&atilde;o do mundo, a China desenvolveu um selo de efici&ecirc;ncia h&iacute;drica, que funciona de forma parecida com o selo de efici&ecirc;ncia energ&eacute;tica existente no Brasil, com o objetivo de categorizar os equipamentos que melhor poupam o recurso.<\/p><h3 class=\"wp-block-heading\" id=\"h-dessalinizacao-de-agua-salgada\">Dessaliniza&ccedil;&atilde;o de &aacute;gua salgada<\/h3><p>Pa&iacute;ses como Israel, Jap&atilde;o, Cura&ccedil;ao e Aruba dessalinizam &aacute;gua do mar para deix&aacute;-la pot&aacute;vel. O processo antigamente era caro, mas a moderniza&ccedil;&atilde;o dos componentes e das t&eacute;cnicas faz com que isso se torne cada vez mais vi&aacute;vel. Em Fernando de Noronha, por exemplo, mais de <a href=\"https:\/\/www.diariodepernambuco.com.br\/noticia\/vidaurbana\/2021\/02\/fernando-de-noronha-ganhara-novo-sistema-de-dessalinizacao-da-agua-do.html\" target=\"_blank\" rel=\"noopener noreferrer\">30% da &aacute;gua utilizada na ilha &eacute; dessalinizada<\/a>.<\/p><h3 class=\"wp-block-heading\" id=\"h-tratamento-de-esgoto\">Tratamento de esgoto<\/h3><p>O tratamento de esgoto &eacute; um m&eacute;todo usado no Brasil, mas que ainda tem margem para expans&atilde;o. Segundo <a href=\"https:\/\/www.tratabrasil.org.br\/saneamento\/principais-estatisticas\/no-brasil\/esgoto\" target=\"_blank\" rel=\"noopener noreferrer\">dados do Instituto Trata Brasil<\/a>, somente 23 munic&iacute;pios nas 100 maiores cidades do pa&iacute;s tratam mais de 80% do esgoto gerado por sua popula&ccedil;&atilde;o. Quase 100 milh&otilde;es de brasileiros n&atilde;o t&ecirc;m acesso &agrave; coleta de esgoto em suas casas.<\/p><h2 class=\"wp-block-heading\" id=\"h-e-a-gestao-publica\"><span class=\"ez-toc-section\" id=\"E-a-gestao-publica\"><\/span>E a gest&atilde;o p&uacute;blica?<span class=\"ez-toc-section-end\"><\/span><\/h2><p>Pedro Luiz C&ocirc;rtes &eacute; professor da Escola de Comunica&ccedil;&otilde;es e Artes e do Programa de P&oacute;s-Gradua&ccedil;&atilde;o em Ci&ecirc;ncia Ambiental no Instituto de Energia e Ambiente (IEE) da Universidade de S&atilde;o Paulo (<a href=\"https:\/\/vestibulares.estrategia.com\/portal\/vestibulares\/vestibular-fuvest\/\">USP<\/a>). Em <a href=\"https:\/\/jornal.usp.br\/atualidades\/nos-ja-estamos-em-uma-crise-hidrica-diz-pedro-luiz-cortes\/\" target=\"_blank\" rel=\"noopener noreferrer\">entrevista para o jornal da USP<\/a>, o pesquisador comentou que j&aacute; h&aacute; um racionamento em curso na cidade de S&atilde;o Paulo.<\/p><p>&ldquo;Sistematicamente, a Sabesp est&aacute; reduzindo a press&atilde;o de &aacute;gua durante algumas horas do dia, em diversos bairros, divulgando a rela&ccedil;&atilde;o dos afetados no site&rdquo;, afirma Pedro.<\/p><p>Os dados e proje&ccedil;&otilde;es do Centro Nacional de Monitoramento e Alertas de Desastres Naturais (Cemaden), apontam que o Sistema Cantareira estar&aacute; com capacidade pr&oacute;xima a 20% at&eacute; o final do ano. &ldquo;Para a gente ter ideia, hoje n&oacute;s temos 20% menos &aacute;gua do que o mesmo per&iacute;odo em 2013, ano que antecedeu a crise&rdquo;, completa.<\/p><p>Priscila atribui parte da crise ao poder p&uacute;blico, que tem conhecimento sobre o assunto, mas pouco agiu sobre o assunto. &ldquo;Sim, existe responsabilidade por parte deles, pois certamente diversos pesquisadores alertaram sobre a crise h&iacute;drica, ou seja, precisaria ter colocado em pr&aacute;tica um plano de a&ccedil;&atilde;o para, ao menos, amenizar as consequ&ecirc;ncias&rdquo;.<\/p><figure class=\"wp-block-gallery has-nested-images columns-default is-cropped wp-block-gallery-1 is-layout-flex wp-block-gallery-is-layout-flex\">\n<figure class=\"wp-block-image size-full\"><img decoding=\"async\" width=\"750\" height=\"420\" data-id=\"56391\" src=\"https:\/\/vestibulares.estrategia.com\/portal\/wp-content\/uploads\/2021\/10\/Seca.jpg\" alt=\"crise-h&iacute;drica\" class=\"wp-image-56391\"><figcaption class=\"wp-element-caption\">Colagem: Lucas Zanetti<\/figcaption><\/figure>\n<\/figure><h2 class=\"wp-block-heading\" id=\"h-como-o-tema-pode-cair-nos-vestibulares-de-2022\"><span class=\"ez-toc-section\" id=\"Como-o-tema-pode-cair-nos-vestibulares-de-2022\"><\/span>Como o tema pode cair nos vestibulares de 2022?<span class=\"ez-toc-section-end\"><\/span><\/h2><p>Com o assunto em alta, &eacute; muito prov&aacute;vel que vejamos algumas quest&otilde;es sobre crise h&iacute;drica pipocando nos vestibulares. Priscila apontou alguns caminhos poss&iacute;veis na Geografia. &ldquo;Com uma abordagem da Geografia F&iacute;sica, apontando como o desmatamento e a queimada contribuem com a desregula&ccedil;&atilde;o do padr&atilde;o de chuva, impactando a agropecu&aacute;ria, o consumo h&iacute;drico e energ&eacute;tico&rdquo;.&nbsp;<\/p><p>&ldquo;Com abordagem da Geografia Humana, demonstrando o quanto o aumento do pre&ccedil;o da energia el&eacute;trica prejudica a sa&uacute;de financeira dos brasileiros. &Eacute; fundamental ter em mente as causas e as consequ&ecirc;ncias de uma crise h&iacute;drica&rdquo;, finaliza.<\/p><h2 class=\"wp-block-heading\" id=\"h-veja-esse-e-mais-temas-no-estrategia-vestibulares\"><span class=\"ez-toc-section\" id=\"Veja-esse-e-mais-temas-no-Estrategia-Vestibulares\"><\/span>Veja esse e mais temas no Estrat&eacute;gia Vestibulares<span class=\"ez-toc-section-end\"><\/span><\/h2><p>No blog do Estrat&eacute;gia Vestibulares voc&ecirc; tem not&iacute;cias, informa&ccedil;&otilde;es quentes, gabaritos de diversos vestibulares, atualiza&ccedil;&otilde;es de editais e fica sabendo sobre os eventos que fazemos para voc&ecirc;.&nbsp;<\/p><p>Confira nosso material gratuito dispon&iacute;vel em nosso site e <a href=\"https:\/\/www.youtube.com\/c\/Estrat%C3%A9giaVestibulares\" target=\"_blank\" rel=\"noopener noreferrer\">canal no YouTube<\/a> e fique de olho em nossos cursos intensivos e extensivos com conte&uacute;dos exclusivos para a prova que voc&ecirc; quer prestar. Fa&ccedil;a parte do Estrat&eacute;gia voc&ecirc; tamb&eacute;m!<\/p><\/p>\n","protected":false},"excerpt":{"rendered":"A crise h\u00eddrica que atinge o Brasil pode ser ainda maior nos pr\u00f3ximos meses. Veja seus impactos e como o tema pode cair nos vestibulares.\n","protected":false},"author":43,"featured_media":56391,"comment_status":"closed","ping_status":"closed","sticky":false,"template":"","format":"standard","meta":{"wl_entities_gutenberg":"","footnotes":""},"categories":[46],"tags":[],"wl_entity_type":[732],"class_list":{"0":"post-56390","1":"post","2":"type-post","3":"status-publish","4":"format-standard","5":"has-post-thumbnail","7":"category-atualidades-e-dicas","8":"wl_entity_type-article"},"acf":[],"yoast_head":"<!-- This site is optimized with the Yoast SEO Premium plugin v25.9 (Yoast SEO v25.9) - https:\/\/yoast.com\/wordpress\/plugins\/seo\/ -->\n<title>Crise h\u00eddrica: saiba seus impactos e como pode cair nos vestibulares<\/title>\n<meta name=\"description\" content=\"A crise h\u00eddrica que atinge o Brasil pode ser ainda maior nos pr\u00f3ximos meses. Veja seus impactos e como o tema pode cair nos vestibulares.\" \/>\n<meta name=\"robots\" content=\"index, follow, max-snippet:-1, max-image-preview:large, max-video-preview:-1\" \/>\n<link rel=\"canonical\" href=\"https:\/\/vestibulares.estrategia.com\/portal\/atualidades-e-dicas\/crise-hidrica\/\" \/>\n<meta property=\"og:locale\" content=\"pt_BR\" \/>\n<meta property=\"og:type\" content=\"article\" \/>\n<meta property=\"og:title\" content=\"Crise h\u00eddrica: quais seus impactos e como o tema pode cair nos vestibulares\" \/>\n<meta property=\"og:description\" content=\"A crise h\u00eddrica que atinge o Brasil pode ser ainda maior nos pr\u00f3ximos meses. Veja seus impactos e como o tema pode cair nos vestibulares.\" \/>\n<meta property=\"og:url\" content=\"https:\/\/vestibulares.estrategia.com\/portal\/atualidades-e-dicas\/crise-hidrica\/\" \/>\n<meta property=\"og:site_name\" content=\"Estrat\u00e9gia Vestibulares\" \/>\n<meta property=\"article:publisher\" content=\"https:\/\/facebook.com\/estrategiavestibulares\" \/>\n<meta property=\"article:published_time\" content=\"2021-10-11T22:57:38+00:00\" \/>\n<meta property=\"article:modified_time\" content=\"2023-05-16T17:17:19+00:00\" \/>\n<meta property=\"og:image\" content=\"https:\/\/cdn.blog.estrategiavestibulares.com.br\/vestibulares\/wp-content\/uploads\/2021\/10\/Seca.jpg\" \/>\n\t<meta property=\"og:image:width\" content=\"750\" \/>\n\t<meta property=\"og:image:height\" content=\"420\" \/>\n\t<meta property=\"og:image:type\" content=\"image\/jpeg\" \/>\n<meta name=\"author\" content=\"Leonardo Del Sant\" \/>\n<meta name=\"twitter:card\" content=\"summary_large_image\" \/>\n<meta name=\"twitter:creator\" content=\"@Estrategiavest\" \/>\n<meta name=\"twitter:site\" content=\"@Estrategiavest\" \/>\n<meta name=\"twitter:label1\" content=\"Escrito por\" \/>\n\t<meta name=\"twitter:data1\" content=\"Leonardo Del Sant\" \/>\n\t<meta name=\"twitter:label2\" content=\"Est. tempo de leitura\" \/>\n\t<meta name=\"twitter:data2\" content=\"7 minutos\" \/>\n<script type=\"application\/ld+json\" class=\"yoast-schema-graph\">{\"@context\":\"https:\/\/schema.org\",\"@graph\":[{\"@type\":\"Article\",\"@id\":\"https:\/\/vestibulares.estrategia.com\/portal\/atualidades-e-dicas\/crise-hidrica\/#article\",\"isPartOf\":{\"@id\":\"https:\/\/vestibulares.estrategia.com\/portal\/atualidades-e-dicas\/crise-hidrica\/\"},\"author\":{\"name\":\"Leonardo Del Sant\",\"@id\":\"https:\/\/vestibulares.estrategia.com\/portal\/#\/schema\/person\/95532619fccae669187ec84703047908\"},\"headline\":\"Crise h\u00eddrica: quais seus impactos e como o tema pode cair nos vestibulares\",\"datePublished\":\"2021-10-11T22:57:38+00:00\",\"dateModified\":\"2023-05-16T17:17:19+00:00\",\"mainEntityOfPage\":{\"@id\":\"https:\/\/vestibulares.estrategia.com\/portal\/atualidades-e-dicas\/crise-hidrica\/\"},\"wordCount\":1451,\"publisher\":{\"@id\":\"https:\/\/vestibulares.estrategia.com\/portal\/#organization\"},\"image\":{\"@id\":\"https:\/\/vestibulares.estrategia.com\/portal\/atualidades-e-dicas\/crise-hidrica\/#primaryimage\"},\"thumbnailUrl\":\"https:\/\/vestibulares.estrategia.com\/portal\/wp-content\/uploads\/2021\/10\/Seca.jpg\",\"articleSection\":[\"Atualidades e Dicas\"],\"inLanguage\":\"pt-BR\"},{\"@type\":\"WebPage\",\"@id\":\"https:\/\/vestibulares.estrategia.com\/portal\/atualidades-e-dicas\/crise-hidrica\/\",\"url\":\"https:\/\/vestibulares.estrategia.com\/portal\/atualidades-e-dicas\/crise-hidrica\/\",\"name\":\"Crise h\u00eddrica: saiba seus impactos e como pode cair nos vestibulares\",\"isPartOf\":{\"@id\":\"https:\/\/vestibulares.estrategia.com\/portal\/#website\"},\"primaryImageOfPage\":{\"@id\":\"https:\/\/vestibulares.estrategia.com\/portal\/atualidades-e-dicas\/crise-hidrica\/#primaryimage\"},\"image\":{\"@id\":\"https:\/\/vestibulares.estrategia.com\/portal\/atualidades-e-dicas\/crise-hidrica\/#primaryimage\"},\"thumbnailUrl\":\"https:\/\/vestibulares.estrategia.com\/portal\/wp-content\/uploads\/2021\/10\/Seca.jpg\",\"datePublished\":\"2021-10-11T22:57:38+00:00\",\"dateModified\":\"2023-05-16T17:17:19+00:00\",\"description\":\"A crise h\u00eddrica que atinge o Brasil pode ser ainda maior nos pr\u00f3ximos meses. Veja seus impactos e como o tema pode cair nos vestibulares.\",\"breadcrumb\":{\"@id\":\"https:\/\/vestibulares.estrategia.com\/portal\/atualidades-e-dicas\/crise-hidrica\/#breadcrumb\"},\"inLanguage\":\"pt-BR\",\"potentialAction\":[{\"@type\":\"ReadAction\",\"target\":[\"https:\/\/vestibulares.estrategia.com\/portal\/atualidades-e-dicas\/crise-hidrica\/\"]}]},{\"@type\":\"ImageObject\",\"inLanguage\":\"pt-BR\",\"@id\":\"https:\/\/vestibulares.estrategia.com\/portal\/atualidades-e-dicas\/crise-hidrica\/#primaryimage\",\"url\":\"https:\/\/vestibulares.estrategia.com\/portal\/wp-content\/uploads\/2021\/10\/Seca.jpg\",\"contentUrl\":\"https:\/\/vestibulares.estrategia.com\/portal\/wp-content\/uploads\/2021\/10\/Seca.jpg\",\"width\":750,\"height\":420,\"caption\":\"Colagem: Lucas Zanetti\"},{\"@type\":\"BreadcrumbList\",\"@id\":\"https:\/\/vestibulares.estrategia.com\/portal\/atualidades-e-dicas\/crise-hidrica\/#breadcrumb\",\"itemListElement\":[{\"@type\":\"ListItem\",\"position\":1,\"name\":\"Home\",\"item\":\"https:\/\/vestibulares.estrategia.com\/portal\/\"},{\"@type\":\"ListItem\",\"position\":2,\"name\":\"Atualidades e Dicas\",\"item\":\"https:\/\/vestibulares.estrategia.com\/portal\/atualidades-e-dicas\/\"},{\"@type\":\"ListItem\",\"position\":3,\"name\":\"Crise h\u00eddrica: quais seus impactos e como o tema pode cair nos vestibulares\"}]},{\"@type\":\"WebSite\",\"@id\":\"https:\/\/vestibulares.estrategia.com\/portal\/#website\",\"url\":\"https:\/\/vestibulares.estrategia.com\/portal\/\",\"name\":\"Estrat\u00e9gia Vestibulares\",\"description\":\"\",\"publisher\":{\"@id\":\"https:\/\/vestibulares.estrategia.com\/portal\/#organization\"},\"potentialAction\":[{\"@type\":\"SearchAction\",\"target\":{\"@type\":\"EntryPoint\",\"urlTemplate\":\"https:\/\/vestibulares.estrategia.com\/portal\/?s={search_term_string}\"},\"query-input\":{\"@type\":\"PropertyValueSpecification\",\"valueRequired\":true,\"valueName\":\"search_term_string\"}}],\"inLanguage\":\"pt-BR\"},{\"@type\":\"Organization\",\"@id\":\"https:\/\/vestibulares.estrategia.com\/portal\/#organization\",\"name\":\"Estrat\u00e9gia Vestibulares\",\"url\":\"https:\/\/vestibulares.estrategia.com\/portal\/\",\"logo\":{\"@type\":\"ImageObject\",\"inLanguage\":\"pt-BR\",\"@id\":\"https:\/\/vestibulares.estrategia.com\/portal\/#\/schema\/logo\/image\/\",\"url\":\"https:\/\/vestibulares.estrategia.com\/portal\/wp-content\/uploads\/2021\/06\/Logo-Vestibulares@4x.png\",\"contentUrl\":\"https:\/\/vestibulares.estrategia.com\/portal\/wp-content\/uploads\/2021\/06\/Logo-Vestibulares@4x.png\",\"width\":250,\"height\":66,\"caption\":\"Estrat\u00e9gia Vestibulares\"},\"image\":{\"@id\":\"https:\/\/vestibulares.estrategia.com\/portal\/#\/schema\/logo\/image\/\"},\"sameAs\":[\"https:\/\/facebook.com\/estrategiavestibulares\",\"https:\/\/x.com\/Estrategiavest\",\"https:\/\/www.instagram.com\/estrategiavestibulares\",\"https:\/\/www.youtube.com\/channel\/UCGWdZy8ULI-7_5GrABa4vNA\"]},{\"@type\":\"Person\",\"@id\":\"https:\/\/vestibulares.estrategia.com\/portal\/#\/schema\/person\/95532619fccae669187ec84703047908\",\"name\":\"Leonardo Del Sant\",\"image\":{\"@type\":\"ImageObject\",\"inLanguage\":\"pt-BR\",\"@id\":\"https:\/\/vestibulares.estrategia.com\/portal\/#\/schema\/person\/image\/\",\"url\":\"https:\/\/vestibulares.estrategia.com\/portal\/wp-content\/uploads\/2026\/02\/1000082484-150x150.jpeg\",\"contentUrl\":\"https:\/\/vestibulares.estrategia.com\/portal\/wp-content\/uploads\/2026\/02\/1000082484-150x150.jpeg\",\"caption\":\"Leonardo Del Sant\"},\"description\":\"Coordenador de Jornalismo do Estrat\u00e9gia Vestibulares. Trabalhou com escrita para SEO em sites das \u00e1reas de economia, varejo, sa\u00fade, tecnologia e alimenta\u00e7\u00e3o. Formado em jornalismo pela Unesp\/Bauru.\",\"url\":\"https:\/\/vestibulares.estrategia.com\/portal\/author\/leonardo-del-sant\/\"}]}<\/script>\n<!-- \/ Yoast SEO Premium plugin. -->","yoast_head_json":{"title":"Crise h\u00eddrica: saiba seus impactos e como pode cair nos vestibulares","description":"A crise h\u00eddrica que atinge o Brasil pode ser ainda maior nos pr\u00f3ximos meses. Veja seus impactos e como o tema pode cair nos vestibulares.","robots":{"index":"index","follow":"follow","max-snippet":"max-snippet:-1","max-image-preview":"max-image-preview:large","max-video-preview":"max-video-preview:-1"},"canonical":"https:\/\/vestibulares.estrategia.com\/portal\/atualidades-e-dicas\/crise-hidrica\/","og_locale":"pt_BR","og_type":"article","og_title":"Crise h\u00eddrica: quais seus impactos e como o tema pode cair nos vestibulares","og_description":"A crise h\u00eddrica que atinge o Brasil pode ser ainda maior nos pr\u00f3ximos meses. Veja seus impactos e como o tema pode cair nos vestibulares.","og_url":"https:\/\/vestibulares.estrategia.com\/portal\/atualidades-e-dicas\/crise-hidrica\/","og_site_name":"Estrat\u00e9gia Vestibulares","article_publisher":"https:\/\/facebook.com\/estrategiavestibulares","article_published_time":"2021-10-11T22:57:38+00:00","article_modified_time":"2023-05-16T17:17:19+00:00","og_image":[{"width":750,"height":420,"url":"https:\/\/cdn.blog.estrategiavestibulares.com.br\/vestibulares\/wp-content\/uploads\/2021\/10\/Seca.jpg","type":"image\/jpeg"}],"author":"Leonardo Del Sant","twitter_card":"summary_large_image","twitter_creator":"@Estrategiavest","twitter_site":"@Estrategiavest","twitter_misc":{"Escrito por":"Leonardo Del Sant","Est. tempo de leitura":"7 minutos"},"schema":{"@context":"https:\/\/schema.org","@graph":[{"@type":"Article","@id":"https:\/\/vestibulares.estrategia.com\/portal\/atualidades-e-dicas\/crise-hidrica\/#article","isPartOf":{"@id":"https:\/\/vestibulares.estrategia.com\/portal\/atualidades-e-dicas\/crise-hidrica\/"},"author":{"name":"Leonardo Del Sant","@id":"https:\/\/vestibulares.estrategia.com\/portal\/#\/schema\/person\/95532619fccae669187ec84703047908"},"headline":"Crise h\u00eddrica: quais seus impactos e como o tema pode cair nos vestibulares","datePublished":"2021-10-11T22:57:38+00:00","dateModified":"2023-05-16T17:17:19+00:00","mainEntityOfPage":{"@id":"https:\/\/vestibulares.estrategia.com\/portal\/atualidades-e-dicas\/crise-hidrica\/"},"wordCount":1451,"publisher":{"@id":"https:\/\/vestibulares.estrategia.com\/portal\/#organization"},"image":{"@id":"https:\/\/vestibulares.estrategia.com\/portal\/atualidades-e-dicas\/crise-hidrica\/#primaryimage"},"thumbnailUrl":"https:\/\/vestibulares.estrategia.com\/portal\/wp-content\/uploads\/2021\/10\/Seca.jpg","articleSection":["Atualidades e Dicas"],"inLanguage":"pt-BR"},{"@type":"WebPage","@id":"https:\/\/vestibulares.estrategia.com\/portal\/atualidades-e-dicas\/crise-hidrica\/","url":"https:\/\/vestibulares.estrategia.com\/portal\/atualidades-e-dicas\/crise-hidrica\/","name":"Crise h\u00eddrica: saiba seus impactos e como pode cair nos vestibulares","isPartOf":{"@id":"https:\/\/vestibulares.estrategia.com\/portal\/#website"},"primaryImageOfPage":{"@id":"https:\/\/vestibulares.estrategia.com\/portal\/atualidades-e-dicas\/crise-hidrica\/#primaryimage"},"image":{"@id":"https:\/\/vestibulares.estrategia.com\/portal\/atualidades-e-dicas\/crise-hidrica\/#primaryimage"},"thumbnailUrl":"https:\/\/vestibulares.estrategia.com\/portal\/wp-content\/uploads\/2021\/10\/Seca.jpg","datePublished":"2021-10-11T22:57:38+00:00","dateModified":"2023-05-16T17:17:19+00:00","description":"A crise h\u00eddrica que atinge o Brasil pode ser ainda maior nos pr\u00f3ximos meses. Veja seus impactos e como o tema pode cair nos vestibulares.","breadcrumb":{"@id":"https:\/\/vestibulares.estrategia.com\/portal\/atualidades-e-dicas\/crise-hidrica\/#breadcrumb"},"inLanguage":"pt-BR","potentialAction":[{"@type":"ReadAction","target":["https:\/\/vestibulares.estrategia.com\/portal\/atualidades-e-dicas\/crise-hidrica\/"]}]},{"@type":"ImageObject","inLanguage":"pt-BR","@id":"https:\/\/vestibulares.estrategia.com\/portal\/atualidades-e-dicas\/crise-hidrica\/#primaryimage","url":"https:\/\/vestibulares.estrategia.com\/portal\/wp-content\/uploads\/2021\/10\/Seca.jpg","contentUrl":"https:\/\/vestibulares.estrategia.com\/portal\/wp-content\/uploads\/2021\/10\/Seca.jpg","width":750,"height":420,"caption":"Colagem: Lucas Zanetti"},{"@type":"BreadcrumbList","@id":"https:\/\/vestibulares.estrategia.com\/portal\/atualidades-e-dicas\/crise-hidrica\/#breadcrumb","itemListElement":[{"@type":"ListItem","position":1,"name":"Home","item":"https:\/\/vestibulares.estrategia.com\/portal\/"},{"@type":"ListItem","position":2,"name":"Atualidades e Dicas","item":"https:\/\/vestibulares.estrategia.com\/portal\/atualidades-e-dicas\/"},{"@type":"ListItem","position":3,"name":"Crise h\u00eddrica: quais seus impactos e como o tema pode cair nos vestibulares"}]},{"@type":"WebSite","@id":"https:\/\/vestibulares.estrategia.com\/portal\/#website","url":"https:\/\/vestibulares.estrategia.com\/portal\/","name":"Estrat\u00e9gia Vestibulares","description":"","publisher":{"@id":"https:\/\/vestibulares.estrategia.com\/portal\/#organization"},"potentialAction":[{"@type":"SearchAction","target":{"@type":"EntryPoint","urlTemplate":"https:\/\/vestibulares.estrategia.com\/portal\/?s={search_term_string}"},"query-input":{"@type":"PropertyValueSpecification","valueRequired":true,"valueName":"search_term_string"}}],"inLanguage":"pt-BR"},{"@type":"Organization","@id":"https:\/\/vestibulares.estrategia.com\/portal\/#organization","name":"Estrat\u00e9gia Vestibulares","url":"https:\/\/vestibulares.estrategia.com\/portal\/","logo":{"@type":"ImageObject","inLanguage":"pt-BR","@id":"https:\/\/vestibulares.estrategia.com\/portal\/#\/schema\/logo\/image\/","url":"https:\/\/vestibulares.estrategia.com\/portal\/wp-content\/uploads\/2021\/06\/Logo-Vestibulares@4x.png","contentUrl":"https:\/\/vestibulares.estrategia.com\/portal\/wp-content\/uploads\/2021\/06\/Logo-Vestibulares@4x.png","width":250,"height":66,"caption":"Estrat\u00e9gia Vestibulares"},"image":{"@id":"https:\/\/vestibulares.estrategia.com\/portal\/#\/schema\/logo\/image\/"},"sameAs":["https:\/\/facebook.com\/estrategiavestibulares","https:\/\/x.com\/Estrategiavest","https:\/\/www.instagram.com\/estrategiavestibulares","https:\/\/www.youtube.com\/channel\/UCGWdZy8ULI-7_5GrABa4vNA"]},{"@type":"Person","@id":"https:\/\/vestibulares.estrategia.com\/portal\/#\/schema\/person\/95532619fccae669187ec84703047908","name":"Leonardo Del Sant","image":{"@type":"ImageObject","inLanguage":"pt-BR","@id":"https:\/\/vestibulares.estrategia.com\/portal\/#\/schema\/person\/image\/","url":"https:\/\/vestibulares.estrategia.com\/portal\/wp-content\/uploads\/2026\/02\/1000082484-150x150.jpeg","contentUrl":"https:\/\/vestibulares.estrategia.com\/portal\/wp-content\/uploads\/2026\/02\/1000082484-150x150.jpeg","caption":"Leonardo Del Sant"},"description":"Coordenador de Jornalismo do Estrat\u00e9gia Vestibulares. Trabalhou com escrita para SEO em sites das \u00e1reas de economia, varejo, sa\u00fade, tecnologia e alimenta\u00e7\u00e3o. Formado em jornalismo pela Unesp\/Bauru.","url":"https:\/\/vestibulares.estrategia.com\/portal\/author\/leonardo-del-sant\/"}]}},"_wl_alt_label":[],"wl:entity_url":"https:\/\/data.wordlift.io\/wl110249\/post\/crise-hidrica","_links":{"self":[{"href":"https:\/\/vestibulares.estrategia.com\/portal\/wp-json\/wp\/v2\/posts\/56390","targetHints":{"allow":["GET"]}}],"collection":[{"href":"https:\/\/vestibulares.estrategia.com\/portal\/wp-json\/wp\/v2\/posts"}],"about":[{"href":"https:\/\/vestibulares.estrategia.com\/portal\/wp-json\/wp\/v2\/types\/post"}],"author":[{"embeddable":true,"href":"https:\/\/vestibulares.estrategia.com\/portal\/wp-json\/wp\/v2\/users\/43"}],"replies":[{"embeddable":true,"href":"https:\/\/vestibulares.estrategia.com\/portal\/wp-json\/wp\/v2\/comments?post=56390"}],"version-history":[{"count":3,"href":"https:\/\/vestibulares.estrategia.com\/portal\/wp-json\/wp\/v2\/posts\/56390\/revisions"}],"predecessor-version":[{"id":91090,"href":"https:\/\/vestibulares.estrategia.com\/portal\/wp-json\/wp\/v2\/posts\/56390\/revisions\/91090"}],"wp:featuredmedia":[{"embeddable":true,"href":"https:\/\/vestibulares.estrategia.com\/portal\/wp-json\/wp\/v2\/media\/56391"}],"wp:attachment":[{"href":"https:\/\/vestibulares.estrategia.com\/portal\/wp-json\/wp\/v2\/media?parent=56390"}],"wp:term":[{"taxonomy":"category","embeddable":true,"href":"https:\/\/vestibulares.estrategia.com\/portal\/wp-json\/wp\/v2\/categories?post=56390"},{"taxonomy":"post_tag","embeddable":true,"href":"https:\/\/vestibulares.estrategia.com\/portal\/wp-json\/wp\/v2\/tags?post=56390"},{"taxonomy":"wl_entity_type","embeddable":true,"href":"https:\/\/vestibulares.estrategia.com\/portal\/wp-json\/wp\/v2\/wl_entity_type?post=56390"}],"curies":[{"name":"wp","href":"https:\/\/api.w.org\/{rel}","templated":true}]}}