{"id":57416,"date":"2021-11-02T17:00:00","date_gmt":"2021-11-02T20:00:00","guid":{"rendered":"https:\/\/blog.estrategiavestibulares.com.br\/?p=57416"},"modified":"2024-02-21T14:58:15","modified_gmt":"2024-02-21T17:58:15","slug":"demografia","status":"publish","type":"post","link":"https:\/\/vestibulares.estrategia.com\/portal\/materias\/geografia\/demografia\/","title":{"rendered":"Demografia: conceitos, teorias e caracter\u00edsticas"},"content":{"rendered":"<p>A <strong>demografia <\/strong>&eacute; o ramo da geografia que se dedica ao estudo das popula&ccedil;&otilde;es e a rela&ccedil;&atilde;o delas com a sociedade. Por meio dos conceitos demogr&aacute;ficos &eacute; poss&iacute;vel entender a economia, a pol&iacute;tica, a cultura e at&eacute; mesmo o desenvolvimento de uma na&ccedil;&atilde;o.<p>Devido a import&acirc;ncia desse tema para o entendimento do mundo, os vestibulares costumam cobr&aacute;-lo frequentemente. Para te ajudar com esse assunto, a Coruja preparou um resumo que introduz os principais conceitos, caracter&iacute;sticas e teorias demogr&aacute;ficas. Ao final, treine seu conhecimento com quest&otilde;es de provas, vamos l&aacute;?<\/p><div id=\"ez-toc-container\" class=\"ez-toc-v2_0_76 counter-hierarchy ez-toc-counter ez-toc-transparent ez-toc-container-direction\">\n<div class=\"ez-toc-title-container\"><p class=\"ez-toc-title\" style=\"cursor:inherit\">Navegue pelo conte\u00fado<\/p>\n<\/div><nav><ul class='ez-toc-list ez-toc-list-level-1 ' ><li class='ez-toc-page-1 ez-toc-heading-level-2'><a class=\"ez-toc-link ez-toc-heading-1\" href=\"https:\/\/vestibulares.estrategia.com\/portal\/materias\/geografia\/demografia\/#Principais-conceitos-de-demografia\" >Principais conceitos de demografia<\/a><\/li><li class='ez-toc-page-1 ez-toc-heading-level-2'><a class=\"ez-toc-link ez-toc-heading-2\" href=\"https:\/\/vestibulares.estrategia.com\/portal\/materias\/geografia\/demografia\/#Dinamicas-demograficas\" >Din&acirc;micas demogr&aacute;ficas<\/a><\/li><li class='ez-toc-page-1 ez-toc-heading-level-2'><a class=\"ez-toc-link ez-toc-heading-3\" href=\"https:\/\/vestibulares.estrategia.com\/portal\/materias\/geografia\/demografia\/#Teorias-demograficas\" >Teorias demogr&aacute;ficas<\/a><\/li><li class='ez-toc-page-1 ez-toc-heading-level-2'><a class=\"ez-toc-link ez-toc-heading-4\" href=\"https:\/\/vestibulares.estrategia.com\/portal\/materias\/geografia\/demografia\/#Questao-de-Demografia\" >Quest&atilde;o de Demografia<\/a><\/li><li class='ez-toc-page-1 ez-toc-heading-level-2'><a class=\"ez-toc-link ez-toc-heading-5\" href=\"https:\/\/vestibulares.estrategia.com\/portal\/materias\/geografia\/demografia\/#Aprenda-mais-sobre-demografia-com-o-Estrategia\" >Aprenda mais sobre demografia com o Estrat&eacute;gia!<\/a><\/li><li class='ez-toc-page-1 ez-toc-heading-level-2'><a class=\"ez-toc-link ez-toc-heading-6\" href=\"https:\/\/vestibulares.estrategia.com\/portal\/materias\/geografia\/demografia\/#Veja-tambem\" >Veja tamb&eacute;m:<\/a><\/li><\/ul><\/nav><\/div>\n<h2 class=\"wp-block-heading\" id=\"h-principais-conceitos-de-demografia\"><span class=\"ez-toc-section\" id=\"Principais-conceitos-de-demografia\"><\/span>Principais conceitos de demografia<span class=\"ez-toc-section-end\"><\/span><\/h2><p>A demografia adota algumas <strong>vari&aacute;veis <\/strong>importantes como o <strong>tamanho <\/strong>da popula&ccedil;&atilde;o, a forma como ela se <strong>distribui <\/strong>e a <strong>estrutura <\/strong>dos indiv&iacute;duos que a comp&otilde;e. Diante disso, existem conceitos que ajudam no entendimento das estruturas demogr&aacute;ficas, veja:<\/p><h3 class=\"wp-block-heading\" id=\"h-populacao-absoluta\">Popula&ccedil;&atilde;o absoluta<\/h3><p><strong>Popula&ccedil;&atilde;o absoluta <\/strong>&eacute; a quantidade de<strong> habitantes totais <\/strong>em uma determinada &aacute;rea geogr&aacute;fica. Por exemplo, o &uacute;ltimo censo do Instituto Brasileiro de Geografia e Estat&iacute;stica (IBGE) contabiliza 212,6 milh&otilde;es de indiv&iacute;duos.<\/p><h3 class=\"wp-block-heading\" id=\"h-densidade-demografica\">Densidade demogr&aacute;fica<\/h3><p>A densidade demogr&aacute;fica &eacute; a <strong>raz&atilde;o entre a quantidade de habitantes de uma regi&atilde;o pela extens&atilde;o desse territ&oacute;rio<\/strong>. Por exemplo, dois pa&iacute;ses podem possuir 100 mil indiv&iacute;duos, apesar disso a na&ccedil;&atilde;o A tem 30 habitantes por quil&ocirc;metro quadrado, enquanto o pa&iacute;s B tem 52 habitantes por quil&ocirc;metro quadrado &mdash; o pa&iacute;s B &eacute; mais densamente povoado do que o pa&iacute;s A.<\/p><h3 class=\"wp-block-heading\" id=\"h-taxa-de-natalidade\">Taxa de natalidade<\/h3><p>&Eacute; a quantidade total de nascimentos em uma localidade, em um determinado espa&ccedil;o de tempo. No Brasil,<strong> <\/strong>a <strong>taxa de natalidade <\/strong>est&aacute; em queda devido a mudan&ccedil;as no cen&aacute;rio cultural que favoreceram a emancipa&ccedil;&atilde;o da mulher com o mercado de trabalho e os estudos. Isso abriu espa&ccedil;o para que essas pessoas tenham filhos mais tarde e, consequentemente, menos filhos.&nbsp;<\/p><h3 class=\"wp-block-heading\" id=\"h-taxa-de-fecundidade-e-natalidade\">Taxa de fecundidade e natalidade<\/h3><p>A <strong>taxa de fecundidade <\/strong>estima a quantidade de filhos que uma mulher em per&iacute;odo f&eacute;rtil pode gerar em uma determinada localidade. No Brasil, a taxa de fecundidade era de 1,72 filhos por mulher, no censo de 2019.<\/p><h3 class=\"wp-block-heading\" id=\"h-taxa-de-mortalidade\">Taxa de mortalidade<\/h3><p>&Eacute; a taxa que enumera a quantidade de &oacute;bitos em uma regi&atilde;o. Esse indicador pode demonstrar aspectos sobre a qualidade de vida, criminalidade, servi&ccedil;os de sa&uacute;de e outros fatores.<\/p><h3 class=\"wp-block-heading\" id=\"h-expectativa-de-vida\">Expectativa de vida<\/h3><p><strong>&nbsp;<\/strong>A <strong>expectativa de vida <\/strong>estima, de maneira geral, a <strong>quantidade de anos que uma popula&ccedil;&atilde;o vive<\/strong>. No Brasil, por exemplo, a expectativa de vida &eacute; de 75,88 anos, segundo o censo do IBGE em 2019.<\/p><h3 class=\"wp-block-heading\" id=\"h-crescimento-vegetativo\">Crescimento Vegetativo<\/h3><p>Crescimento vegetativo<strong> <\/strong>&eacute; a <strong>diferen&ccedil;a entre o n&uacute;mero de pessoas nascidas com o n&uacute;mero de pessoas que faleceram<\/strong>. Assim, quando um pa&iacute;s est&aacute; em crescimento demogr&aacute;fico, o n&uacute;mero de nascimentos ultrapassa a quantidade de &oacute;bitos; de modo oposto, o n&uacute;mero de falecimentos &eacute; maior que o de nascimentos, o n&uacute;mero de habitantes do pa&iacute;s est&aacute; em decr&eacute;scimo.&nbsp;<\/p><h3 class=\"wp-block-heading\" id=\"h-estrutura-populacional\">Estrutura Populacional<\/h3><p><strong>Estrutura populacional <\/strong>&eacute; a an&aacute;lise <strong>qualitativa <\/strong>dos indiv&iacute;duos de uma popula&ccedil;&atilde;o. Por exemplo, observa-se a idade dos cidad&atilde;os e nota-se uma popula&ccedil;&atilde;o mais idosa ou mais jovem; ou se a popula&ccedil;&atilde;o &eacute; predominantemente masculina ou feminina; se ela est&aacute; em idade h&aacute;bil para o trabalho ou n&atilde;o, entre outros fatores.<\/p><p>Perceba que esses conceitos, quando estudados em conjunto, podem favorecer o desenvolvimento de <strong>pol&iacute;ticas voltadas para cada popula&ccedil;&atilde;o conforme suas necessidades e sua estrutura<\/strong>.&nbsp;<\/p><p>Pa&iacute;ses predominantemente jovens podem aplicar investimentos maci&ccedil;os em tecnologia e educa&ccedil;&atilde;o. J&aacute; os pa&iacute;ses com popula&ccedil;&atilde;o idosa e com baixa taxa de imigra&ccedil;&atilde;o podem optar por pol&iacute;ticas que atraiam pessoas jovens, para ocuparem o mercado de trabalho e fortalecer a economia, al&eacute;m de aplica&ccedil;&otilde;es na &aacute;rea da sa&uacute;de para garantir qualidade de vida para os indiv&iacute;duos da melhor idade.<\/p><h2 class=\"wp-block-heading\" id=\"h-dinamicas-demograficas\"><span class=\"ez-toc-section\" id=\"Dinamicas-demograficas\"><\/span>Din&acirc;micas demogr&aacute;ficas<span class=\"ez-toc-section-end\"><\/span><\/h2><p>Assim como a popula&ccedil;&atilde;o pode ser analisada a partir de seu tamanho, estrutura e distribui&ccedil;&atilde;o, &eacute; poss&iacute;vel entender o <strong>ritmo<\/strong> de mudan&ccedil;as na quantidade de indiv&iacute;duos e suas causas.&nbsp;<\/p><p>Por exemplo, quando ocorre um forte movimento emigrat&oacute;rio, a tend&ecirc;ncia &eacute; uma diminui&ccedil;&atilde;o da popula&ccedil;&atilde;o absoluta. Por outro lado, quando a imigra&ccedil;&atilde;o aumenta, a quantidade de indiv&iacute;duos na popula&ccedil;&atilde;o tende ao crescimento.<\/p><p>A partir do entendimento dessa dinamicidade populacional, existe o <strong>crescimento demogr&aacute;fico &mdash; <\/strong>indicador que relaciona os movimentos imigrat&oacute;rios, emigrat&oacute;rios, nascimentos e mortes para compreender a quantidade de indiv&iacute;duos em uma determinada regi&atilde;o. Nesse caso, pode-se entender que:<\/p><p class=\"has-text-align-center\">IMIGRANTES + NASCIMENTOS &ndash; EMIGRANTES + &Oacute;BITOS = VARIA&Ccedil;&Atilde;O POPULACIONAL<\/p><h2 class=\"wp-block-heading\" id=\"h-teorias-demograficas\"><span class=\"ez-toc-section\" id=\"Teorias-demograficas\"><\/span>Teorias demogr&aacute;ficas<span class=\"ez-toc-section-end\"><\/span><\/h2><p>No estudo e entendimento das popula&ccedil;&otilde;es, alguns pensadores se dedicaram &agrave; cria&ccedil;&atilde;o de teorias demogr&aacute;ficas. As mais famosas s&atilde;o embasadas pelas teorias de Thomas Malthus ou de Karl Marx.<\/p><h3 class=\"wp-block-heading\" id=\"h-teoria-malthusiana\">Teoria Malthusiana<\/h3><p>Criada pelo economista Thomas Malthus, a teoria malthusiana acredita que o <strong>crescimento populacional acontece como uma<\/strong> <strong>progress&atilde;o geom&eacute;trica<\/strong>, ou seja, 2 indiv&iacute;duos geram 4 indiv&iacute;duos, que originam 16 indiv&iacute;duos, depois 32, 64, 128 e assim por diante.&nbsp;<\/p><p>Ao mesmo tempo, <strong>a produ&ccedil;&atilde;o de alimentos s&oacute; conseguiria aumentar sua capacidade a partir de uma <a href=\"https:\/\/vestibulares.estrategia.com\/portal\/materias\/matematica\/progressao-aritmetica\/\" target=\"_blank\">progress&atilde;o aritm&eacute;tica<\/a><\/strong> &mdash; 1,2,3,4,5, e assim sucessivamente. Por isso, Malthus acreditava que n&atilde;o haveria recursos suficientes para a subsist&ecirc;ncia da popula&ccedil;&atilde;o humana, se os indiv&iacute;duos se reproduzissem de maneira desordenada.<\/p><p>Como solu&ccedil;&atilde;o para a quest&atilde;o que levantou, o economista prop&ocirc;s um controle de natalidade populacional. Para isso, sua principal ideia era a <strong>castidade e a absten&ccedil;&atilde;o sexua<\/strong>l como forma de evitar a reprodu&ccedil;&atilde;o.<\/p><h3 class=\"wp-block-heading\" id=\"h-teoria-neomalthusiana\">Teoria Neomalthusiana<\/h3><p>Posteriormente &agrave;s ideias propostas por Malthus, outros estudiosos se debru&ccedil;aram sobre a demografia e criaram a teoria neomalthusiana. Nessa vertente, acreditava-se fortemente que a<strong> quantidade de indiv&iacute;duos em um pa&iacute;s era determinante para a prosperidade ou mis&eacute;ria econ&ocirc;mica<\/strong>: onde a popula&ccedil;&atilde;o crescia demais, a pobreza era certa<\/p><p>Nesse caso, o<strong> controle de natalidade<\/strong> tamb&eacute;m seria a principal sa&iacute;da para o bom desenvolvimento de um pa&iacute;s. Para isso, seria necess&aacute;rio implantar m&eacute;todos <strong>contraceptivos <\/strong>e<strong> projetos pol&iacute;ticos<\/strong> que incentivassem a n&atilde;o reprodu&ccedil;&atilde;o humana.<\/p><h3 class=\"wp-block-heading\" id=\"h-teoria-reformista\">Teoria Reformista<\/h3><p>Por fim, a teoria reformista foi criada com base no pensamento de <strong>Karl Marx.<\/strong> Nesse caso, os indiv&iacute;duos n&atilde;o s&atilde;o os respons&aacute;veis pela mis&eacute;ria e o controle de natalidade n&atilde;o &eacute; um m&eacute;todo de transforma&ccedil;&atilde;o social.<\/p><p>Para os reformistas, a <strong>falta de recursos e de educa&ccedil;&atilde;o sanit&aacute;ria s&atilde;o fatores que estimulam o crescimento desordenado da popula&ccedil;&atilde;o<\/strong>. Assim, a m&aacute; distribui&ccedil;&atilde;o de renda e desigualdade social levam ao aumento da taxa de natalidade.&nbsp;<\/p><p>Nesse caso, a principal interven&ccedil;&atilde;o pol&iacute;tica seriam aplica&ccedil;&otilde;es de <strong>pol&iacute;ticas mais igualit&aacute;rias na distribui&ccedil;&atilde;o de renda, informa&ccedil;&atilde;o e servi&ccedil;os de sa&uacute;de.<\/strong> Com isso, os indiv&iacute;duos n&atilde;o estariam em condi&ccedil;&otilde;es de mis&eacute;ria e a taxa de natalidade diminuiria naturalmente.&nbsp;<\/p><h2 class=\"wp-block-heading\" id=\"h-questao-de-demografia\"><span class=\"ez-toc-section\" id=\"Questao-de-Demografia\"><\/span>Quest&atilde;o de Demografia<span class=\"ez-toc-section-end\"><\/span><\/h2><p>Para treinar seu conhecimento sobre demografia para o Enem e vestibulares, resolva a quest&atilde;o a seguir e, depois, confira a resolu&ccedil;&atilde;o proposta pelo Estrat&eacute;gia.<\/p><p>ENEM 2017<\/p><figure class=\"wp-block-image\"><img decoding=\"async\" src=\"https:\/\/lh5.googleusercontent.com\/0cgQi7UHzT-ShoQXTHSsUXj3dKqrXDoGLn747r272_Gu9v_8sHzZCLFc_bDMougS0Dp1ZarWLvaEFAtmp3JoRJEgiFEzTduFxe3srxU2xxLz_5QvhrSSQfFOAZQd8vjlEo7-OfJx\" alt=\"Pir&acirc;mide et&aacute;ria - Demografia\"><\/figure><p>O padr&atilde;o da pir&acirc;mide et&aacute;ria ilustrada apresenta demanda de investimentos socioecon&ocirc;micos para a<\/p><p>a) redu&ccedil;&atilde;o da mortalidade infantil. <br>b) promo&ccedil;&atilde;o da sa&uacute;de dos idosos. <br>c) resolu&ccedil;&atilde;o do d&eacute;ficit habitacional. <br>d) garantia da seguran&ccedil;a alimentar. <br>e) universaliza&ccedil;&atilde;o da educa&ccedil;&atilde;o b&aacute;sica.<\/p><p>A pir&acirc;mide et&aacute;ria da figura demonstra que uma grande porcentagem da popula&ccedil;&atilde;o est&aacute; concentrada nas faixas et&aacute;rias acima de 65 anos. Isso demonstra que as pol&iacute;ticas p&uacute;blicas devem investir na sa&uacute;de dos idosos, que representam um grande n&uacute;mero da sociedade em quest&atilde;o. Por essa raz&atilde;o, a alternativa correta &eacute; a <strong>letra B.<\/strong><\/p><h2 class=\"wp-block-heading\" id=\"h-aprenda-mais-sobre-demografia-com-o-estrategia\"><span class=\"ez-toc-section\" id=\"Aprenda-mais-sobre-demografia-com-o-Estrategia\"><\/span>Aprenda mais sobre demografia com o Estrat&eacute;gia!<span class=\"ez-toc-section-end\"><\/span><\/h2><p>Quer entender a rela&ccedil;&atilde;o entre a demografia e os acontecimentos mundiais? Veja a aula a seguir, que versa sobre o impacto da pandemia de covid-19 nos estudos demogr&aacute;ficos. A aula &eacute; gratuita e o conte&uacute;do &eacute; essencial para o seu vestibular!<\/p><figure class=\"wp-block-embed is-type-video is-provider-youtube wp-block-embed-youtube wp-embed-aspect-16-9 wp-has-aspect-ratio\"><div class=\"wp-block-embed__wrapper\">\n<div class=\"cs-embed cs-embed-responsive\"><iframe title=\"Atualidades 2021: COVID e Demografia\" width=\"1200\" height=\"675\" src=\"https:\/\/www.youtube.com\/embed\/DsMJaqikBwY?feature=oembed\" frameborder=\"0\" allow=\"accelerometer; autoplay; clipboard-write; encrypted-media; gyroscope; picture-in-picture; web-share\" allowfullscreen><\/iframe><\/div>\n<\/div><\/figure><p>Precisa treinar mais seu conhecimento geogr&aacute;fico? Conhe&ccedil;a o banco de quest&otilde;es do Estrat&eacute;gia Vestibulares: l&aacute; voc&ecirc; encontra diversos exerc&iacute;cios resolvidos que te ajudar&atilde;o nos estudos para a aprova&ccedil;&atilde;o no curso dos sonhos. Clique no banner abaixo e confira.<\/p><p>\n\n\n\n\n\n<a id=\"cta\" class=\"cta-imagem\" href=\"https:\/\/vestibulares.estrategia.com\/curso\/pacote-enem\/\" target=\"blank\">\n                <img decoding=\"async\" width=\"100%\" src=\"https:\/\/vestibulares.estrategia.com\/portal\/wp-content\/uploads\/2021\/12\/Enem.jpg\" alt=\"CTA curso Enem\" title=\"CTA curso Enem\">\n        <\/a>\n\n\n\n<\/p><h2 class=\"wp-block-heading\"><span class=\"ez-toc-section\" id=\"Veja-tambem\"><\/span>Veja tamb&eacute;m:<span class=\"ez-toc-section-end\"><\/span><\/h2><ul class=\"wp-block-list\">\n<li><a href=\"https:\/\/vestibulares.estrategia.com\/portal\/materias\/geografia\/populacao-e-demografia\/\">Popula&ccedil;&atilde;o e demografia: conceito, indicadores demogr&aacute;ficos e import&acirc;ncia<\/a>&nbsp;<\/li>\n\n\n\n<li><a href=\"https:\/\/vestibulares.estrategia.com\/portal\/geografia\/demografia\/\">Demografia: conceitos, teorias e caracter&iacute;sticas<\/a><\/li>\n\n\n\n<li><a href=\"https:\/\/vestibulares.estrategia.com\/portal\/geografia\/teorias-demograficas\/\">Teorias Demogr&aacute;ficas: entenda!<\/a><\/li>\n\n\n\n<li><a href=\"https:\/\/vestibulares.estrategia.com\/portal\/geografia\/teoria-neomalthusiana-caracteristicas-diferenca-da-malthusiana-e-mais\/\">Teoria Neomalthusiana: o que &eacute;, caracter&iacute;sticas e diferen&ccedil;a da Malthusiana&nbsp;<\/a><\/li>\n\n\n\n<li><a href=\"https:\/\/vestibulares.estrategia.com\/portal\/geografia\/urbanizacao-no-enem\/\">Urbaniza&ccedil;&atilde;o: defini&ccedil;&atilde;o, diferen&ccedil;a entre pa&iacute;ses, processos e mais!<\/a><\/li>\n\n\n\n<li><a href=\"https:\/\/vestibulares.estrategia.com\/portal\/geografia\/tipologia-das-cidades\/\">Tipologia das cidades: urbano, megacidade, metr&oacute;pole e distrito<\/a>&nbsp;&nbsp;<\/li>\n<\/ul><p><\/p><\/p>\n","protected":false},"excerpt":{"rendered":"A demografia &eacute; o ramo da geografia que se dedica ao estudo das popula&ccedil;&otilde;es e a rela&ccedil;&atilde;o delas&hellip;\n","protected":false},"author":23,"featured_media":57423,"comment_status":"closed","ping_status":"closed","sticky":false,"template":"","format":"standard","meta":{"wl_entities_gutenberg":"","footnotes":""},"categories":[40],"tags":[],"wl_entity_type":[732],"class_list":{"0":"post-57416","1":"post","2":"type-post","3":"status-publish","4":"format-standard","5":"has-post-thumbnail","7":"category-geografia","8":"wl_entity_type-article"},"acf":[],"yoast_head":"<!-- This site is optimized with the Yoast SEO Premium plugin v25.9 (Yoast SEO v25.9) - https:\/\/yoast.com\/wordpress\/plugins\/seo\/ -->\n<title>Demografia: conceitos, teorias e caracter\u00edsticas<\/title>\n<meta name=\"description\" content=\"Entenda o que \u00e9 demografia e como ela importa na cria\u00e7\u00e3o de pol\u00edticas p\u00fablicas e no entendimento de uma determinada popula\u00e7\u00e3o.\" \/>\n<meta name=\"robots\" content=\"index, follow, max-snippet:-1, max-image-preview:large, max-video-preview:-1\" \/>\n<link rel=\"canonical\" href=\"https:\/\/vestibulares.estrategia.com\/portal\/materias\/geografia\/demografia\/\" \/>\n<meta property=\"og:locale\" content=\"pt_BR\" \/>\n<meta property=\"og:type\" content=\"article\" \/>\n<meta property=\"og:title\" content=\"Demografia: conceitos, teorias e caracter\u00edsticas\" \/>\n<meta property=\"og:description\" content=\"Entenda o que \u00e9 demografia e como ela importa na cria\u00e7\u00e3o de pol\u00edticas p\u00fablicas e no entendimento de uma determinada popula\u00e7\u00e3o.\" \/>\n<meta property=\"og:url\" content=\"https:\/\/vestibulares.estrategia.com\/portal\/materias\/geografia\/demografia\/\" \/>\n<meta property=\"og:site_name\" content=\"Estrat\u00e9gia Vestibulares\" \/>\n<meta property=\"article:publisher\" content=\"https:\/\/facebook.com\/estrategiavestibulares\" \/>\n<meta property=\"article:published_time\" content=\"2021-11-02T20:00:00+00:00\" \/>\n<meta property=\"article:modified_time\" content=\"2024-02-21T17:58:15+00:00\" \/>\n<meta property=\"og:image\" content=\"https:\/\/vestibulares.estrategia.com\/portal\/wp-content\/uploads\/2021\/11\/pexels-oscar-chan-2833373.jpg\" \/>\n\t<meta property=\"og:image:width\" content=\"640\" \/>\n\t<meta property=\"og:image:height\" content=\"480\" \/>\n\t<meta property=\"og:image:type\" content=\"image\/jpeg\" \/>\n<meta name=\"author\" content=\"Kauane Elias\" \/>\n<meta name=\"twitter:card\" content=\"summary_large_image\" \/>\n<meta name=\"twitter:creator\" content=\"@Estrategiavest\" \/>\n<meta name=\"twitter:site\" content=\"@Estrategiavest\" \/>\n<meta name=\"twitter:label1\" content=\"Escrito por\" \/>\n\t<meta name=\"twitter:data1\" content=\"Kauane Elias\" \/>\n\t<meta name=\"twitter:label2\" content=\"Est. tempo de leitura\" \/>\n\t<meta name=\"twitter:data2\" content=\"8 minutos\" \/>\n<script type=\"application\/ld+json\" class=\"yoast-schema-graph\">{\"@context\":\"https:\/\/schema.org\",\"@graph\":[{\"@type\":\"Article\",\"@id\":\"https:\/\/vestibulares.estrategia.com\/portal\/materias\/geografia\/demografia\/#article\",\"isPartOf\":{\"@id\":\"https:\/\/vestibulares.estrategia.com\/portal\/materias\/geografia\/demografia\/\"},\"author\":{\"name\":\"Kauane Elias\",\"@id\":\"https:\/\/vestibulares.estrategia.com\/portal\/#\/schema\/person\/c3c8aff2b0e78cda59fba186b818b7b1\"},\"headline\":\"Demografia: conceitos, teorias e caracter\u00edsticas\",\"datePublished\":\"2021-11-02T20:00:00+00:00\",\"dateModified\":\"2024-02-21T17:58:15+00:00\",\"mainEntityOfPage\":{\"@id\":\"https:\/\/vestibulares.estrategia.com\/portal\/materias\/geografia\/demografia\/\"},\"wordCount\":1491,\"publisher\":{\"@id\":\"https:\/\/vestibulares.estrategia.com\/portal\/#organization\"},\"image\":{\"@id\":\"https:\/\/vestibulares.estrategia.com\/portal\/materias\/geografia\/demografia\/#primaryimage\"},\"thumbnailUrl\":\"https:\/\/vestibulares.estrategia.com\/portal\/wp-content\/uploads\/2021\/11\/pexels-oscar-chan-2833373.jpg\",\"articleSection\":[\"Geografia\"],\"inLanguage\":\"pt-BR\"},{\"@type\":\"WebPage\",\"@id\":\"https:\/\/vestibulares.estrategia.com\/portal\/materias\/geografia\/demografia\/\",\"url\":\"https:\/\/vestibulares.estrategia.com\/portal\/materias\/geografia\/demografia\/\",\"name\":\"Demografia: conceitos, teorias e caracter\u00edsticas\",\"isPartOf\":{\"@id\":\"https:\/\/vestibulares.estrategia.com\/portal\/#website\"},\"primaryImageOfPage\":{\"@id\":\"https:\/\/vestibulares.estrategia.com\/portal\/materias\/geografia\/demografia\/#primaryimage\"},\"image\":{\"@id\":\"https:\/\/vestibulares.estrategia.com\/portal\/materias\/geografia\/demografia\/#primaryimage\"},\"thumbnailUrl\":\"https:\/\/vestibulares.estrategia.com\/portal\/wp-content\/uploads\/2021\/11\/pexels-oscar-chan-2833373.jpg\",\"datePublished\":\"2021-11-02T20:00:00+00:00\",\"dateModified\":\"2024-02-21T17:58:15+00:00\",\"description\":\"Entenda o que \u00e9 demografia e como ela importa na cria\u00e7\u00e3o de pol\u00edticas p\u00fablicas e no entendimento de uma determinada popula\u00e7\u00e3o.\",\"breadcrumb\":{\"@id\":\"https:\/\/vestibulares.estrategia.com\/portal\/materias\/geografia\/demografia\/#breadcrumb\"},\"inLanguage\":\"pt-BR\",\"potentialAction\":[{\"@type\":\"ReadAction\",\"target\":[\"https:\/\/vestibulares.estrategia.com\/portal\/materias\/geografia\/demografia\/\"]}]},{\"@type\":\"ImageObject\",\"inLanguage\":\"pt-BR\",\"@id\":\"https:\/\/vestibulares.estrategia.com\/portal\/materias\/geografia\/demografia\/#primaryimage\",\"url\":\"https:\/\/vestibulares.estrategia.com\/portal\/wp-content\/uploads\/2021\/11\/pexels-oscar-chan-2833373.jpg\",\"contentUrl\":\"https:\/\/vestibulares.estrategia.com\/portal\/wp-content\/uploads\/2021\/11\/pexels-oscar-chan-2833373.jpg\",\"width\":640,\"height\":480,\"caption\":\"pexels-oscar-chan-2833373\"},{\"@type\":\"BreadcrumbList\",\"@id\":\"https:\/\/vestibulares.estrategia.com\/portal\/materias\/geografia\/demografia\/#breadcrumb\",\"itemListElement\":[{\"@type\":\"ListItem\",\"position\":1,\"name\":\"Home\",\"item\":\"https:\/\/vestibulares.estrategia.com\/portal\/\"},{\"@type\":\"ListItem\",\"position\":2,\"name\":\"Mat\u00e9rias\",\"item\":\"https:\/\/vestibulares.estrategia.com\/portal\/materias\/\"},{\"@type\":\"ListItem\",\"position\":3,\"name\":\"Geografia\",\"item\":\"https:\/\/vestibulares.estrategia.com\/portal\/materias\/geografia\/\"},{\"@type\":\"ListItem\",\"position\":4,\"name\":\"Demografia: conceitos, teorias e caracter\u00edsticas\"}]},{\"@type\":\"WebSite\",\"@id\":\"https:\/\/vestibulares.estrategia.com\/portal\/#website\",\"url\":\"https:\/\/vestibulares.estrategia.com\/portal\/\",\"name\":\"Estrat\u00e9gia Vestibulares\",\"description\":\"\",\"publisher\":{\"@id\":\"https:\/\/vestibulares.estrategia.com\/portal\/#organization\"},\"potentialAction\":[{\"@type\":\"SearchAction\",\"target\":{\"@type\":\"EntryPoint\",\"urlTemplate\":\"https:\/\/vestibulares.estrategia.com\/portal\/?s={search_term_string}\"},\"query-input\":{\"@type\":\"PropertyValueSpecification\",\"valueRequired\":true,\"valueName\":\"search_term_string\"}}],\"inLanguage\":\"pt-BR\"},{\"@type\":\"Organization\",\"@id\":\"https:\/\/vestibulares.estrategia.com\/portal\/#organization\",\"name\":\"Estrat\u00e9gia Vestibulares\",\"url\":\"https:\/\/vestibulares.estrategia.com\/portal\/\",\"logo\":{\"@type\":\"ImageObject\",\"inLanguage\":\"pt-BR\",\"@id\":\"https:\/\/vestibulares.estrategia.com\/portal\/#\/schema\/logo\/image\/\",\"url\":\"https:\/\/vestibulares.estrategia.com\/portal\/wp-content\/uploads\/2021\/06\/Logo-Vestibulares@4x.png\",\"contentUrl\":\"https:\/\/vestibulares.estrategia.com\/portal\/wp-content\/uploads\/2021\/06\/Logo-Vestibulares@4x.png\",\"width\":250,\"height\":66,\"caption\":\"Estrat\u00e9gia Vestibulares\"},\"image\":{\"@id\":\"https:\/\/vestibulares.estrategia.com\/portal\/#\/schema\/logo\/image\/\"},\"sameAs\":[\"https:\/\/facebook.com\/estrategiavestibulares\",\"https:\/\/x.com\/Estrategiavest\",\"https:\/\/www.instagram.com\/estrategiavestibulares\",\"https:\/\/www.youtube.com\/channel\/UCGWdZy8ULI-7_5GrABa4vNA\"]},{\"@type\":\"Person\",\"@id\":\"https:\/\/vestibulares.estrategia.com\/portal\/#\/schema\/person\/c3c8aff2b0e78cda59fba186b818b7b1\",\"name\":\"Kauane Elias\",\"image\":{\"@type\":\"ImageObject\",\"inLanguage\":\"pt-BR\",\"@id\":\"https:\/\/vestibulares.estrategia.com\/portal\/#\/schema\/person\/image\/\",\"url\":\"https:\/\/secure.gravatar.com\/avatar\/81836e2e844ccd58ea28aa1cf206f0c2?s=96&d=mm&r=g\",\"contentUrl\":\"https:\/\/secure.gravatar.com\/avatar\/81836e2e844ccd58ea28aa1cf206f0c2?s=96&d=mm&r=g\",\"caption\":\"Kauane Elias\"},\"description\":\"Medicina - Unicamp. F\u00e9. \\\"Um mundo melhor come\u00e7a na transforma\u00e7\u00e3o do pr\u00f3prio mundo!\\\"\",\"url\":\"https:\/\/vestibulares.estrategia.com\/portal\/author\/kauane\/\"}]}<\/script>\n<!-- \/ Yoast SEO Premium plugin. -->","yoast_head_json":{"title":"Demografia: conceitos, teorias e caracter\u00edsticas","description":"Entenda o que \u00e9 demografia e como ela importa na cria\u00e7\u00e3o de pol\u00edticas p\u00fablicas e no entendimento de uma determinada popula\u00e7\u00e3o.","robots":{"index":"index","follow":"follow","max-snippet":"max-snippet:-1","max-image-preview":"max-image-preview:large","max-video-preview":"max-video-preview:-1"},"canonical":"https:\/\/vestibulares.estrategia.com\/portal\/materias\/geografia\/demografia\/","og_locale":"pt_BR","og_type":"article","og_title":"Demografia: conceitos, teorias e caracter\u00edsticas","og_description":"Entenda o que \u00e9 demografia e como ela importa na cria\u00e7\u00e3o de pol\u00edticas p\u00fablicas e no entendimento de uma determinada popula\u00e7\u00e3o.","og_url":"https:\/\/vestibulares.estrategia.com\/portal\/materias\/geografia\/demografia\/","og_site_name":"Estrat\u00e9gia Vestibulares","article_publisher":"https:\/\/facebook.com\/estrategiavestibulares","article_published_time":"2021-11-02T20:00:00+00:00","article_modified_time":"2024-02-21T17:58:15+00:00","og_image":[{"width":640,"height":480,"url":"https:\/\/vestibulares.estrategia.com\/portal\/wp-content\/uploads\/2021\/11\/pexels-oscar-chan-2833373.jpg","type":"image\/jpeg"}],"author":"Kauane Elias","twitter_card":"summary_large_image","twitter_creator":"@Estrategiavest","twitter_site":"@Estrategiavest","twitter_misc":{"Escrito por":"Kauane Elias","Est. tempo de leitura":"8 minutos"},"schema":{"@context":"https:\/\/schema.org","@graph":[{"@type":"Article","@id":"https:\/\/vestibulares.estrategia.com\/portal\/materias\/geografia\/demografia\/#article","isPartOf":{"@id":"https:\/\/vestibulares.estrategia.com\/portal\/materias\/geografia\/demografia\/"},"author":{"name":"Kauane Elias","@id":"https:\/\/vestibulares.estrategia.com\/portal\/#\/schema\/person\/c3c8aff2b0e78cda59fba186b818b7b1"},"headline":"Demografia: conceitos, teorias e caracter\u00edsticas","datePublished":"2021-11-02T20:00:00+00:00","dateModified":"2024-02-21T17:58:15+00:00","mainEntityOfPage":{"@id":"https:\/\/vestibulares.estrategia.com\/portal\/materias\/geografia\/demografia\/"},"wordCount":1491,"publisher":{"@id":"https:\/\/vestibulares.estrategia.com\/portal\/#organization"},"image":{"@id":"https:\/\/vestibulares.estrategia.com\/portal\/materias\/geografia\/demografia\/#primaryimage"},"thumbnailUrl":"https:\/\/vestibulares.estrategia.com\/portal\/wp-content\/uploads\/2021\/11\/pexels-oscar-chan-2833373.jpg","articleSection":["Geografia"],"inLanguage":"pt-BR"},{"@type":"WebPage","@id":"https:\/\/vestibulares.estrategia.com\/portal\/materias\/geografia\/demografia\/","url":"https:\/\/vestibulares.estrategia.com\/portal\/materias\/geografia\/demografia\/","name":"Demografia: conceitos, teorias e caracter\u00edsticas","isPartOf":{"@id":"https:\/\/vestibulares.estrategia.com\/portal\/#website"},"primaryImageOfPage":{"@id":"https:\/\/vestibulares.estrategia.com\/portal\/materias\/geografia\/demografia\/#primaryimage"},"image":{"@id":"https:\/\/vestibulares.estrategia.com\/portal\/materias\/geografia\/demografia\/#primaryimage"},"thumbnailUrl":"https:\/\/vestibulares.estrategia.com\/portal\/wp-content\/uploads\/2021\/11\/pexels-oscar-chan-2833373.jpg","datePublished":"2021-11-02T20:00:00+00:00","dateModified":"2024-02-21T17:58:15+00:00","description":"Entenda o que \u00e9 demografia e como ela importa na cria\u00e7\u00e3o de pol\u00edticas p\u00fablicas e no entendimento de uma determinada popula\u00e7\u00e3o.","breadcrumb":{"@id":"https:\/\/vestibulares.estrategia.com\/portal\/materias\/geografia\/demografia\/#breadcrumb"},"inLanguage":"pt-BR","potentialAction":[{"@type":"ReadAction","target":["https:\/\/vestibulares.estrategia.com\/portal\/materias\/geografia\/demografia\/"]}]},{"@type":"ImageObject","inLanguage":"pt-BR","@id":"https:\/\/vestibulares.estrategia.com\/portal\/materias\/geografia\/demografia\/#primaryimage","url":"https:\/\/vestibulares.estrategia.com\/portal\/wp-content\/uploads\/2021\/11\/pexels-oscar-chan-2833373.jpg","contentUrl":"https:\/\/vestibulares.estrategia.com\/portal\/wp-content\/uploads\/2021\/11\/pexels-oscar-chan-2833373.jpg","width":640,"height":480,"caption":"pexels-oscar-chan-2833373"},{"@type":"BreadcrumbList","@id":"https:\/\/vestibulares.estrategia.com\/portal\/materias\/geografia\/demografia\/#breadcrumb","itemListElement":[{"@type":"ListItem","position":1,"name":"Home","item":"https:\/\/vestibulares.estrategia.com\/portal\/"},{"@type":"ListItem","position":2,"name":"Mat\u00e9rias","item":"https:\/\/vestibulares.estrategia.com\/portal\/materias\/"},{"@type":"ListItem","position":3,"name":"Geografia","item":"https:\/\/vestibulares.estrategia.com\/portal\/materias\/geografia\/"},{"@type":"ListItem","position":4,"name":"Demografia: conceitos, teorias e caracter\u00edsticas"}]},{"@type":"WebSite","@id":"https:\/\/vestibulares.estrategia.com\/portal\/#website","url":"https:\/\/vestibulares.estrategia.com\/portal\/","name":"Estrat\u00e9gia Vestibulares","description":"","publisher":{"@id":"https:\/\/vestibulares.estrategia.com\/portal\/#organization"},"potentialAction":[{"@type":"SearchAction","target":{"@type":"EntryPoint","urlTemplate":"https:\/\/vestibulares.estrategia.com\/portal\/?s={search_term_string}"},"query-input":{"@type":"PropertyValueSpecification","valueRequired":true,"valueName":"search_term_string"}}],"inLanguage":"pt-BR"},{"@type":"Organization","@id":"https:\/\/vestibulares.estrategia.com\/portal\/#organization","name":"Estrat\u00e9gia Vestibulares","url":"https:\/\/vestibulares.estrategia.com\/portal\/","logo":{"@type":"ImageObject","inLanguage":"pt-BR","@id":"https:\/\/vestibulares.estrategia.com\/portal\/#\/schema\/logo\/image\/","url":"https:\/\/vestibulares.estrategia.com\/portal\/wp-content\/uploads\/2021\/06\/Logo-Vestibulares@4x.png","contentUrl":"https:\/\/vestibulares.estrategia.com\/portal\/wp-content\/uploads\/2021\/06\/Logo-Vestibulares@4x.png","width":250,"height":66,"caption":"Estrat\u00e9gia Vestibulares"},"image":{"@id":"https:\/\/vestibulares.estrategia.com\/portal\/#\/schema\/logo\/image\/"},"sameAs":["https:\/\/facebook.com\/estrategiavestibulares","https:\/\/x.com\/Estrategiavest","https:\/\/www.instagram.com\/estrategiavestibulares","https:\/\/www.youtube.com\/channel\/UCGWdZy8ULI-7_5GrABa4vNA"]},{"@type":"Person","@id":"https:\/\/vestibulares.estrategia.com\/portal\/#\/schema\/person\/c3c8aff2b0e78cda59fba186b818b7b1","name":"Kauane Elias","image":{"@type":"ImageObject","inLanguage":"pt-BR","@id":"https:\/\/vestibulares.estrategia.com\/portal\/#\/schema\/person\/image\/","url":"https:\/\/secure.gravatar.com\/avatar\/81836e2e844ccd58ea28aa1cf206f0c2?s=96&d=mm&r=g","contentUrl":"https:\/\/secure.gravatar.com\/avatar\/81836e2e844ccd58ea28aa1cf206f0c2?s=96&d=mm&r=g","caption":"Kauane Elias"},"description":"Medicina - Unicamp. F\u00e9. \"Um mundo melhor come\u00e7a na transforma\u00e7\u00e3o do pr\u00f3prio mundo!\"","url":"https:\/\/vestibulares.estrategia.com\/portal\/author\/kauane\/"}]}},"_wl_alt_label":[],"wl:entity_url":"https:\/\/data.wordlift.io\/wl110249\/post\/demografia","_links":{"self":[{"href":"https:\/\/vestibulares.estrategia.com\/portal\/wp-json\/wp\/v2\/posts\/57416","targetHints":{"allow":["GET"]}}],"collection":[{"href":"https:\/\/vestibulares.estrategia.com\/portal\/wp-json\/wp\/v2\/posts"}],"about":[{"href":"https:\/\/vestibulares.estrategia.com\/portal\/wp-json\/wp\/v2\/types\/post"}],"author":[{"embeddable":true,"href":"https:\/\/vestibulares.estrategia.com\/portal\/wp-json\/wp\/v2\/users\/23"}],"replies":[{"embeddable":true,"href":"https:\/\/vestibulares.estrategia.com\/portal\/wp-json\/wp\/v2\/comments?post=57416"}],"version-history":[{"count":8,"href":"https:\/\/vestibulares.estrategia.com\/portal\/wp-json\/wp\/v2\/posts\/57416\/revisions"}],"predecessor-version":[{"id":112972,"href":"https:\/\/vestibulares.estrategia.com\/portal\/wp-json\/wp\/v2\/posts\/57416\/revisions\/112972"}],"wp:featuredmedia":[{"embeddable":true,"href":"https:\/\/vestibulares.estrategia.com\/portal\/wp-json\/wp\/v2\/media\/57423"}],"wp:attachment":[{"href":"https:\/\/vestibulares.estrategia.com\/portal\/wp-json\/wp\/v2\/media?parent=57416"}],"wp:term":[{"taxonomy":"category","embeddable":true,"href":"https:\/\/vestibulares.estrategia.com\/portal\/wp-json\/wp\/v2\/categories?post=57416"},{"taxonomy":"post_tag","embeddable":true,"href":"https:\/\/vestibulares.estrategia.com\/portal\/wp-json\/wp\/v2\/tags?post=57416"},{"taxonomy":"wl_entity_type","embeddable":true,"href":"https:\/\/vestibulares.estrategia.com\/portal\/wp-json\/wp\/v2\/wl_entity_type?post=57416"}],"curies":[{"name":"wp","href":"https:\/\/api.w.org\/{rel}","templated":true}]}}