{"id":58364,"date":"2021-11-18T10:30:13","date_gmt":"2021-11-18T13:30:13","guid":{"rendered":"https:\/\/blog.estrategiavestibulares.com.br\/?p=58364"},"modified":"2023-07-28T14:28:09","modified_gmt":"2023-07-28T17:28:09","slug":"series-repertorio-sociocultural","status":"publish","type":"post","link":"https:\/\/vestibulares.estrategia.com\/portal\/materias\/redacao\/series-repertorio-sociocultural\/","title":{"rendered":"7 s\u00e9ries para usar como repert\u00f3rio sociocultural na reda\u00e7\u00e3o"},"content":{"rendered":"<p class=\"wp-block-paragraph\">O professor de L&iacute;ngua Portuguesa do <span id=\"urn:enhancement-8a40612f-7269-4a3c-85a1-9e28e12caf2e\" class=\"textannotation disambiguated wl-organization\" itemid=\"https:\/\/data.wordlift.io\/wl110249\/entity\/estrategia_vestibulares\">Estrat&eacute;gia Vestibulares<\/span>, Wagner Santos, preparou uma aula completa com diversas s&eacute;ries que podem ser usadas na <span id=\"urn:enhancement-a23c5d18-a728-427d-b14b-055da8b6878a\" class=\"textannotation disambiguated wl-thing\" itemid=\"https:\/\/data.wordlift.io\/wl110249\/entity\/redacao\">reda&ccedil;&atilde;o<\/span> dos vestibulares e do <span id=\"urn:enhancement-7eb1ffe5-fd36-4912-a0da-25c82bf77d11\" class=\"textannotation disambiguated wl-thing\" itemid=\"https:\/\/data.wordlift.io\/wl110249\/entity\/exame-nacional-do-ensino-medio\">Exame Nacional do Ensino M&eacute;dio<\/span> (<a href=\"https:\/\/vestibulares.estrategia.com\/portal\/enem\/enem\/\" target=\"_blank\">Enem<\/a>).&nbsp;<p class=\"wp-block-paragraph\">Neste artigo reunimos os principais repert&oacute;rios socioculturais citados pelo professor e como eles podem ser aplicados em diversos contextos e problematiza&ccedil;&otilde;es. Fique ligado!<\/p><p class=\"wp-block-verse wp-block-paragraph\">Veja tamb&eacute;m: <a href=\"https:\/\/vestibulares.estrategia.com\/portal\/redacao\/redacao-inventando-anna\/\" target=\"_blank\">Inventando Anma: como usar na reda&ccedil;&atilde;o?<\/a><\/p><div id=\"ez-toc-container\" class=\"ez-toc-v2_0_86 counter-hierarchy ez-toc-counter ez-toc-transparent ez-toc-container-direction\">\n<div class=\"ez-toc-title-container\"><p class=\"ez-toc-title\" style=\"cursor:inherit\">Navegue pelo conte\u00fado<\/p>\n<\/div><nav><ul class='ez-toc-list ez-toc-list-level-1 ' ><li class='ez-toc-page-1 ez-toc-heading-level-2'><a class=\"ez-toc-link ez-toc-heading-1\" href=\"https:\/\/vestibulares.estrategia.com\/portal\/materias\/redacao\/series-repertorio-sociocultural\/#O-que-e-Repertorio-Sociocultural\" >O que &eacute; Repert&oacute;rio Sociocultural?<\/a><\/li><li class='ez-toc-page-1 ez-toc-heading-level-2'><a class=\"ez-toc-link ez-toc-heading-2\" href=\"https:\/\/vestibulares.estrategia.com\/portal\/materias\/redacao\/series-repertorio-sociocultural\/#Como-citar-series\" >Como citar s&eacute;ries?<\/a><\/li><li class='ez-toc-page-1 ez-toc-heading-level-2'><a class=\"ez-toc-link ez-toc-heading-3\" href=\"https:\/\/vestibulares.estrategia.com\/portal\/materias\/redacao\/series-repertorio-sociocultural\/#Maid\" >Maid<\/a><\/li><li class='ez-toc-page-1 ez-toc-heading-level-2'><a class=\"ez-toc-link ez-toc-heading-4\" href=\"https:\/\/vestibulares.estrategia.com\/portal\/materias\/redacao\/series-repertorio-sociocultural\/#You\" >You<\/a><\/li><li class='ez-toc-page-1 ez-toc-heading-level-2'><a class=\"ez-toc-link ez-toc-heading-5\" href=\"https:\/\/vestibulares.estrategia.com\/portal\/materias\/redacao\/series-repertorio-sociocultural\/#Sex-Education\" >Sex Education<\/a><\/li><li class='ez-toc-page-1 ez-toc-heading-level-2'><a class=\"ez-toc-link ez-toc-heading-6\" href=\"https:\/\/vestibulares.estrategia.com\/portal\/materias\/redacao\/series-repertorio-sociocultural\/#Anne-With-an-E\" >Anne With an E<\/a><\/li><li class='ez-toc-page-1 ez-toc-heading-level-2'><a class=\"ez-toc-link ez-toc-heading-7\" href=\"https:\/\/vestibulares.estrategia.com\/portal\/materias\/redacao\/series-repertorio-sociocultural\/#Olhos-que-Condenam\" >Olhos que Condenam<\/a><\/li><li class='ez-toc-page-1 ez-toc-heading-level-2'><a class=\"ez-toc-link ez-toc-heading-8\" href=\"https:\/\/vestibulares.estrategia.com\/portal\/materias\/redacao\/series-repertorio-sociocultural\/#Round-6\" >Round 6<\/a><\/li><li class='ez-toc-page-1 ez-toc-heading-level-2'><a class=\"ez-toc-link ez-toc-heading-9\" href=\"https:\/\/vestibulares.estrategia.com\/portal\/materias\/redacao\/series-repertorio-sociocultural\/#Modern-Family\" >Modern Family<\/a><\/li><li class='ez-toc-page-1 ez-toc-heading-level-2'><a class=\"ez-toc-link ez-toc-heading-10\" href=\"https:\/\/vestibulares.estrategia.com\/portal\/materias\/redacao\/series-repertorio-sociocultural\/#Estude-com-o-Estrategia-Vestibulares\" >Estude com o Estrat&eacute;gia Vestibulares<\/a><\/li><\/ul><\/nav><\/div>\n<h2 class=\"wp-block-heading\"><span class=\"ez-toc-section\" id=\"O-que-e-Repertorio-Sociocultural\"><\/span>O que &eacute; Repert&oacute;rio Sociocultural?<span class=\"ez-toc-section-end\"><\/span><\/h2><p class=\"wp-block-paragraph\">Repert&oacute;rios socioculturais s&atilde;o conhecimentos e refer&ecirc;ncias adquiridos por meio de livros, filmes, s&eacute;ries, mat&eacute;rias, jornais, pesquisas, document&aacute;rios, estudos, alus&otilde;es hist&oacute;ricas e muito mais.&nbsp;<\/p><p class=\"wp-block-paragraph\">Os repert&oacute;rios s&atilde;o usados, principalmente, nas argumenta&ccedil;&otilde;es de reda&ccedil;&otilde;es, em que os participantes utilizam refer&ecirc;ncias para apoiar suas opini&otilde;es e contextualizar as propostas de <span id=\"urn:enhancement-55830216-b777-48d7-b470-5abcf4952c39\" class=\"textannotation disambiguated wl-thing\" itemid=\"https:\/\/data.wordlift.io\/wl110249\/entity\/redacao\">reda&ccedil;&atilde;o<\/span>.<\/p><p class=\"wp-block-paragraph\">Assim, o repert&oacute;rio &eacute; usado para fundamentar, argumentar e fortalecer o ponto de vista que o candidato defende. Os repert&oacute;rios socioculturais s&atilde;o avaliados pelas bancas de corre&ccedil;&atilde;o de diversos vestibulares, como as <a href=\"https:\/\/vestibulares.estrategia.com\/portal\/redacao\/redacao-todas-as-edicoes-do-enem\/\" target=\"_blank\">reda&ccedil;&otilde;es do Enem<\/a>, em que a <a href=\"https:\/\/vestibulares.estrategia.com\/portal\/redacao\/redacao-enem-competencia-3-erros-mais-comuns\/\" target=\"_blank\">Compet&ecirc;ncia 3<\/a> avalia a capacidade do estudante de juntar informa&ccedil;&otilde;es externas ao defender seu ponto de vista.<\/p><p class=\"wp-block-verse wp-block-paragraph\">Saiba mais: <br>&ndash; <a href=\"https:\/\/vestibulares.estrategia.com\/portal\/redacao\/7-citacoes-repertorio-sociocultural-coringa\/\" target=\"_blank\">7 cita&ccedil;&otilde;es coringas para utilizar em qualquer reda&ccedil;&atilde;o<\/a> <br>&ndash; <a href=\"https:\/\/vestibulares.estrategia.com\/portal\/redacao\/5-alusoes-historicas-coringa\/\" target=\"_blank\">5 alus&otilde;es hist&oacute;ricas coringa para usar na reda&ccedil;&atilde;o<\/a> <br>&ndash; <a href=\"https:\/\/vestibulares.estrategia.com\/portal\/redacao\/frases-filosoficas-redacao\/\" target=\"_blank\">9 frases filos&oacute;ficas para usar na reda&ccedil;&atilde;o<\/a><\/p><h2 class=\"wp-block-heading\" id=\"h-como-citar-series\"><span class=\"ez-toc-section\" id=\"Como-citar-series\"><\/span>Como citar s&eacute;ries?<span class=\"ez-toc-section-end\"><\/span><\/h2><p class=\"wp-block-paragraph\">&Eacute; necess&aacute;rio que, ao citar uma s&eacute;rie, o candidato indique o nome da s&eacute;rie entre aspas. Al&eacute;m disso, se o candidato se recordar do nome dos personagens e qual plataforma de streaming a s&eacute;rie pode ser encontrada, &eacute; interessante.<\/p><p class=\"wp-block-paragraph\">O professor exemplifica &ldquo;tal ideia pode ser comprovada pelas rela&ccedil;&otilde;es <span id=\"urn:enhancement-ada356d2-4c99-465e-8f6d-dd9df602793d\" class=\"textannotation disambiguated wl-thing\" itemid=\"https:\/\/data.wordlift.io\/wl110249\/entity\/ciencias-humanas\">humanas<\/span> retratadas na s&eacute;rie &ldquo;Round 6&rdquo;, exibida pelo Netflix&rdquo;.<\/p><p class=\"wp-block-paragraph\">Para usar s&eacute;ries como <span id=\"urn:enhancement-a37bd0df-9367-4430-9d9c-37aa739f033f\" class=\"textannotation disambiguated wl-thing\" itemid=\"https:\/\/data.wordlift.io\/wl110249\/entity\/repertorio-sociocultural\">repert&oacute;rio sociocultural<\/span>, o candidato deve citar cenas espec&iacute;ficas de epis&oacute;dios ou o contexto geral da s&eacute;rie, com foco no tema.<\/p><p class=\"wp-block-paragraph\">A seguir, confira s&eacute;ries que podem ser usadas como repert&oacute;rio cultural para diversos temas de <span id=\"urn:enhancement-2a594be3-e8b3-459d-9bd9-d92b56ce53a8\" class=\"textannotation disambiguated wl-thing\" itemid=\"https:\/\/data.wordlift.io\/wl110249\/entity\/redacao\">reda&ccedil;&atilde;o<\/span>. Com essas indica&ccedil;&otilde;es, &eacute; poss&iacute;vel desenvolver argumenta&ccedil;&otilde;es e contextualiza&ccedil;&atilde;o de temas relacionados a rela&ccedil;&otilde;es t&oacute;xicas, viol&ecirc;ncias, manipula&ccedil;&atilde;o, psicopatia, redes <span id=\"urn:enhancement-0320bede-3985-4dd5-993e-39d2511d114f\" class=\"textannotation disambiguated wl-thing\" itemid=\"https:\/\/data.wordlift.io\/wl110249\/entity\/ciencias-sociais\">sociais<\/span>, racismo, sistema carcer&aacute;rio, rela&ccedil;&otilde;es familiares e ado&ccedil;&atilde;o.<\/p><h2 class=\"wp-block-heading\" id=\"h-maid\"><span class=\"ez-toc-section\" id=\"Maid\"><\/span>Maid<span class=\"ez-toc-section-end\"><\/span><\/h2><p class=\"wp-block-paragraph\">A s&eacute;rie &ldquo;Maid&rdquo; gira em torno de Alex (Margaret Qualley), uma jovem m&atilde;e que vive um relacionamento abusivo com o seu namorado e pai de sua filha. Depois de sofrer diversas viol&ecirc;ncias, ela decide fugir com a filha para lhe dar um futuro melhor.<\/p><p class=\"wp-block-paragraph\">Com isso, a s&eacute;rie poderia ser usada como <span id=\"urn:enhancement-b1723596-3a0e-457f-b61b-659c0430b40b\" class=\"textannotation disambiguated wl-thing\" itemid=\"https:\/\/data.wordlift.io\/wl110249\/entity\/repertorio-sociocultural\">repert&oacute;rio sociocultural<\/span> para propostas de <span id=\"urn:enhancement-c7abaaf4-00b2-4b1e-9743-54b8686a61de\" class=\"textannotation disambiguated wl-thing\" itemid=\"https:\/\/data.wordlift.io\/wl110249\/entity\/redacao\">reda&ccedil;&atilde;o<\/span> que envolvam depend&ecirc;ncia amorosa, rela&ccedil;&otilde;es t&oacute;xicas, bullying, bolhas <span id=\"urn:enhancement-5f4605bc-c23e-4248-aec4-e270d6a0f2d7\" class=\"textannotation disambiguated wl-thing\" itemid=\"https:\/\/data.wordlift.io\/wl110249\/entity\/ciencias-sociais\">sociais<\/span> e viol&ecirc;ncia simb&oacute;lica. Al&eacute;m disso, &ldquo;em reda&ccedil;&otilde;es que envolvam o olhar social, &eacute; poss&iacute;vel realizar uma <span id=\"urn:enhancement-57d7bd9b-3ba7-49b9-95c3-171a7f2172c7\" class=\"textannotation disambiguated wl-thing\" itemid=\"https:\/\/data.wordlift.io\/wl110249\/entity\/argumentacao\">argumenta&ccedil;&atilde;o<\/span> com responsabiliza&ccedil;&atilde;o da sociedade a partir da s&eacute;rie&rdquo;, afirma.<\/p><p class=\"wp-block-paragraph\">N&atilde;o obstante, a escala do processo de viol&ecirc;ncia em uma casal, a ideia de que &eacute; melhor estar em um lar economicamente est&aacute;vel a estar fora dele, a desvaloriza&ccedil;&atilde;o da viol&ecirc;ncia simb&oacute;lica como viol&ecirc;ncia, a valoriza&ccedil;&atilde;o da figura do homem na rela&ccedil;&atilde;o, incluindo na justi&ccedil;a, e a falta de informa&ccedil;&atilde;o para as mulheres abusadas s&atilde;o temas importantes presentes na s&eacute;rie e que podem ser usados na <span id=\"urn:enhancement-0f69b0d1-3bdd-4c19-b50e-5e4f8ceccd14\" class=\"textannotation disambiguated wl-thing\" itemid=\"https:\/\/data.wordlift.io\/wl110249\/entity\/argumentacao\">argumenta&ccedil;&atilde;o<\/span> da sua <span id=\"urn:enhancement-265a0896-ed50-41c4-86da-b91ba8ff09bf\" class=\"textannotation disambiguated wl-thing\" itemid=\"https:\/\/data.wordlift.io\/wl110249\/entity\/redacao\">reda&ccedil;&atilde;o<\/span>.<\/p><figure class=\"wp-block-embed aligncenter is-type-video is-provider-youtube wp-block-embed-youtube wp-embed-aspect-16-9 wp-has-aspect-ratio\"><div class=\"wp-block-embed__wrapper\">\nhttps:\/\/www.youtube.com\/watch?v=M4nrGje_pyc\n<\/div><\/figure><h2 class=\"wp-block-heading\" id=\"h-you\"><span class=\"ez-toc-section\" id=\"You\"><\/span>You<span class=\"ez-toc-section-end\"><\/span><\/h2><p class=\"wp-block-paragraph\">A s&eacute;rie &ldquo;You&rdquo; retrata a vida de Joe Goldberg, interpretado por Penn Badgley, um rapaz bonito, simp&aacute;tico e rom&acirc;ntico, mas que guarda diversos segredos obscuros ao ir em busca do amor.&nbsp;<\/p><p class=\"wp-block-paragraph\">&ldquo;Para citar em <span id=\"urn:enhancement-fd9d3bf9-c8ac-4c47-84c8-5ac73e41759c\" class=\"textannotation disambiguated wl-thing\" itemid=\"https:\/\/data.wordlift.io\/wl110249\/entity\/redacao\">reda&ccedil;&atilde;o<\/span>, a primeira temporada &eacute; a melhor pois o tema central &eacute; o stalkeamento na sociedade atual&rdquo;, explica. Nesta temporada, Joe &eacute; manipulador ao ponto de roubar o celular e invadir a casa de uma mulher com quem ele se identificou, e de cara j&aacute; ficou obcecado.&nbsp;<\/p><p class=\"wp-block-paragraph\">J&aacute; na segunda temporada, ele encontra uma mulher, Love, com gostos semelhantes a ele. Ou seja, os dois s&atilde;o psicopatas e este <span id=\"urn:enhancement-bceb198f-730c-4eb9-aa5b-d4322bb12610\" class=\"textannotation disambiguated wl-thing\" itemid=\"https:\/\/data.wordlift.io\/wl110249\/entity\/ciclo-hidrologico\">ciclo<\/span> de viol&ecirc;ncia permanece por toda a trama. Assim, al&eacute;m de mostrar todo o drama envolvendo sua vida amorosa, a s&eacute;rie apresenta a psicopatia e a sociopatia por parte de Joe e de Love.&nbsp;<\/p><p class=\"wp-block-paragraph\">A produ&ccedil;&atilde;o da Netflix poderia ser utilizada para <span id=\"urn:enhancement-df6e3a27-24b2-4ace-8f85-c03f7e2a6f8a\" class=\"textannotation disambiguated wl-thing\" itemid=\"https:\/\/data.wordlift.io\/wl110249\/entity\/argumentacao\">argumenta&ccedil;&atilde;o<\/span> ou contextualiza&ccedil;&atilde;o de temas que envolvam manipula&ccedil;&atilde;o, stalkeamento, psicopatia, virtualiza&ccedil;&atilde;o dos crimes, vulnerabilidade das pessoas em meio &agrave;s redes <span id=\"urn:enhancement-378b90c5-8b4c-4740-a679-1c1d34bea587\" class=\"textannotation disambiguated wl-thing\" itemid=\"https:\/\/data.wordlift.io\/wl110249\/entity\/ciencias-sociais\">sociais<\/span>, rela&ccedil;&otilde;es t&oacute;xicas, fragilidade, abusadores como pessoas envolventes, idealiza&ccedil;&atilde;o do amor e relacionamos na nova configura&ccedil;&atilde;o de mundo.&nbsp;<\/p><figure class=\"wp-block-embed aligncenter is-type-video is-provider-youtube wp-block-embed-youtube wp-embed-aspect-16-9 wp-has-aspect-ratio\"><div class=\"wp-block-embed__wrapper\">\nhttps:\/\/www.youtube.com\/watch?v=prEl9IHo1aQ\n<\/div><\/figure><h2 class=\"wp-block-heading\" id=\"h-sex-education\"><span class=\"ez-toc-section\" id=\"Sex-Education\"><\/span>Sex Education<span class=\"ez-toc-section-end\"><\/span><\/h2><p class=\"wp-block-paragraph\">A s&eacute;rie &ldquo;Sex Education&rdquo;, produzida pela Netflix, conta a <span id=\"urn:enhancement-0ad84c73-cdf2-4dfb-9305-be2fa9e3b38c\" class=\"textannotation disambiguated wl-thing\" itemid=\"https:\/\/data.wordlift.io\/wl110249\/entity\/historia\">hist&oacute;ria<\/span> de Otis (Asa Butterfield), um garoto socialmente inapto que mora com sua m&atilde;e, uma terapeuta sexual. Assim, mesmo sendo virgem, ele &eacute; especialista em sexo, e com sua colega de classe Maeeve (Emma Mackey), monta sua pr&oacute;pria cl&iacute;nica de sa&uacute;de sexual para ajudar e aconselhar os estudantes.<\/p><p class=\"wp-block-paragraph\">Desse modo, a produ&ccedil;&atilde;o pode ser usada como <span id=\"urn:enhancement-2341d027-c7f0-4634-ae8e-152de033d77e\" class=\"textannotation disambiguated wl-thing\" itemid=\"https:\/\/data.wordlift.io\/wl110249\/entity\/repertorio-sociocultural\">repert&oacute;rio sociocultural<\/span> para reda&ccedil;&otilde;es que abordam temas como educa&ccedil;&atilde;o sexual, sa&uacute;de <span id=\"urn:enhancement-bdf58021-bf55-4c05-97af-3432d7d66fe6\" class=\"textannotation disambiguated wl-thing\" itemid=\"https:\/\/data.wordlift.io\/wl110249\/entity\/universidades-publicas\">p&uacute;blica<\/span>, doen&ccedil;as sexualmente transmiss&iacute;veis, aborto, m&eacute;todos contraceptiveis, diversidade de g&ecirc;nero, sexualidade, afetividade vs sexo, e bullying.<\/p><p class=\"wp-block-paragraph\">Ainda assim, a tem&aacute;tica poderia ser usada para reda&ccedil;&otilde;es envolvendo propostas de <span id=\"urn:enhancement-8ef0b1ed-1579-4454-b019-a911742c4e07\" class=\"textannotation disambiguated wl-thing\" itemid=\"https:\/\/data.wordlift.io\/wl110249\/entity\/redacao\">reda&ccedil;&atilde;o<\/span> como a necessidade de falar-se sobre sexo com adolescentes, a sa&uacute;de mental dos jovens, preconceito e vis&atilde;o ultrapassada, e rela&ccedil;&otilde;es normais para os adolescentes.<\/p><p class=\"wp-block-paragraph\">Segundo o professor, &ldquo;a no&ccedil;&atilde;o de temas relacionados aos g&ecirc;neros &eacute; muito presente no decorrer da s&eacute;rie, demonstrando um combate ao r&oacute;tulo com uma discuss&atilde;o aberta sobre os temas&rdquo;.<\/p><figure class=\"wp-block-embed aligncenter is-type-video is-provider-youtube wp-block-embed-youtube wp-embed-aspect-16-9 wp-has-aspect-ratio\"><div class=\"wp-block-embed__wrapper\">\nhttps:\/\/www.youtube.com\/watch?v=46DLtYfJ6WI\n<\/div><\/figure><h2 class=\"wp-block-heading\" id=\"h-anne-with-an-e\"><span class=\"ez-toc-section\" id=\"Anne-With-an-E\"><\/span>Anne With an E<span class=\"ez-toc-section-end\"><\/span><\/h2><p class=\"wp-block-paragraph\">A s&eacute;rie &ldquo;Anne With an E&rdquo; conta a <span id=\"urn:enhancement-73c4f5ee-1af6-4b56-b26d-03593458af2f\" class=\"textannotation disambiguated wl-thing\" itemid=\"https:\/\/data.wordlift.io\/wl110249\/entity\/historia\">hist&oacute;ria<\/span> de Anne Shirley (Amybeth Mc Nulty), uma jovem &oacute;rf&atilde; que passou por diversos abusos e casas de estranhos durante sua inf&acirc;ncia, e &eacute; enviada por engano a um casal de irm&atilde;os. Assim, tem&aacute;ticas como feminismo, empoderamento, identidade, bullying e preconceito s&atilde;o desenvolvidas ao longo da produ&ccedil;&atilde;o.<\/p><p class=\"wp-block-paragraph\">&ldquo;Essa s&eacute;rie &eacute; sensacional, onde a menina precisa construir uma nova menina, mostrando que ela &eacute; capaz de fazer tudo o que um menino pode fazer&rdquo;, ressalta.<\/p><p class=\"wp-block-paragraph\">Dessa maneira, a s&eacute;rie pode ser utilizada como repert&oacute;rio para propostas de reda&ccedil;&otilde;es que abordam temas como sistema adotivo, amadurecimento, organiza&ccedil;&atilde;o abusiva do sistema de a&ccedil;&atilde;o, perman&ecirc;ncia da esperan&ccedil;a, rela&ccedil;&atilde;o de evas&atilde;o pela imagina&ccedil;&atilde;o incentivada pela literatura e bullying fundamentado na diferen&ccedil;a visual e de vida da menina.<\/p><figure class=\"wp-block-embed aligncenter is-type-video is-provider-youtube wp-block-embed-youtube wp-embed-aspect-16-9 wp-has-aspect-ratio\"><div class=\"wp-block-embed__wrapper\">\n<div class=\"cs-embed cs-embed-responsive\"><iframe title=\"Anne | Trailer principal | Netflix [HD]\" width=\"1200\" height=\"675\" src=\"https:\/\/www.youtube.com\/embed\/bBervTlBurY?feature=oembed\" frameborder=\"0\" allow=\"accelerometer; autoplay; clipboard-write; encrypted-media; gyroscope; picture-in-picture; web-share\" allowfullscreen><\/iframe><\/div>\n<\/div><\/figure><h2 class=\"wp-block-heading\" id=\"h-olhos-que-condenam\"><span class=\"ez-toc-section\" id=\"Olhos-que-Condenam\"><\/span>Olhos que Condenam<span class=\"ez-toc-section-end\"><\/span><\/h2><p class=\"wp-block-paragraph\">&ldquo;A s&eacute;rie &ldquo;Olhos que Condenam&rdquo;, baseada em uma <span id=\"urn:enhancement-5cb0bd61-63b1-42ad-8e9d-6b22e3e84db1\" class=\"textannotation disambiguated wl-thing\" itemid=\"https:\/\/data.wordlift.io\/wl110249\/entity\/historia\">hist&oacute;ria<\/span> real, &eacute; uma das coisas mais absurdas que voc&ecirc;s podem encontrar para assistir e citar na reda&ccedil;a&otilde;&rdquo;, afirma. O contexto da s&eacute;rie se da em cinco jovens negros do Harlem que foram acusados injustamente de estuprar uma mulher no Central Park<\/p><p class=\"wp-block-paragraph\">A produ&ccedil;&atilde;o trata de assuntos s&eacute;rios e conquista os telespectadores com um apelo sentimental, principalmente em meio aos dois &uacute;ltimos anos com o #BLACKLIVESMATTER.&nbsp;<\/p><p class=\"wp-block-paragraph\">Temas relacionados a viol&ecirc;ncia policial, racismo, rela&ccedil;&otilde;es familiares, suspeitos preferenciais, poder institu&iacute;do e sistema carcer&aacute;rio podem ser usados como contextualiza&ccedil;&atilde;o e <span id=\"urn:enhancement-a37e5fe8-4327-42ea-9250-77ec4d2ff3d3\" class=\"textannotation disambiguated wl-thing\" itemid=\"https:\/\/data.wordlift.io\/wl110249\/entity\/argumentacao\">argumenta&ccedil;&atilde;o<\/span> em propostas de <span id=\"urn:enhancement-118e0c1f-6416-417f-8e69-65ca5b60aae2\" class=\"textannotation disambiguated wl-thing\" itemid=\"https:\/\/data.wordlift.io\/wl110249\/entity\/redacao\">reda&ccedil;&atilde;o<\/span> que envolvam as tem&aacute;ticas.<\/p><p class=\"wp-block-paragraph\">Outras propostas para usar a s&eacute;rie como repert&oacute;rio s&atilde;o em temas como constru&ccedil;&atilde;o <span id=\"urn:enhancement-e900b064-7801-496a-a2a7-79cf5a3b45a0\" class=\"textannotation disambiguated wl-thing\" itemid=\"https:\/\/data.wordlift.io\/wl110249\/entity\/narrativo\">narrativa<\/span> conveniente ao sistema opressor, tratamento desumano, confiss&atilde;o por meio de coer&ccedil;&atilde;o policial, racismo estrutural, posicionamento pol&iacute;tico, sistema carcer&aacute;rio como reabilitador e puni&ccedil;&atilde;o exemplar vs reabilita&ccedil;&atilde;o.<\/p><figure class=\"wp-block-embed aligncenter is-type-video is-provider-youtube wp-block-embed-youtube wp-embed-aspect-16-9 wp-has-aspect-ratio\"><div class=\"wp-block-embed__wrapper\">\n<div class=\"cs-embed cs-embed-responsive\"><iframe title=\"OLHOS QUE CONDENAM (2019) Trailer Legendado | S&eacute;rie Netflix\" width=\"1200\" height=\"675\" src=\"https:\/\/www.youtube.com\/embed\/5ktAyxNm2fo?feature=oembed\" frameborder=\"0\" allow=\"accelerometer; autoplay; clipboard-write; encrypted-media; gyroscope; picture-in-picture; web-share\" allowfullscreen><\/iframe><\/div>\n<\/div><\/figure><h2 class=\"wp-block-heading\" id=\"h-round-6\"><span class=\"ez-toc-section\" id=\"Round-6\"><\/span>Round 6<span class=\"ez-toc-section-end\"><\/span><\/h2><p class=\"wp-block-paragraph\">A s&eacute;rie &ldquo;Round 6&rdquo; &eacute; constru&iacute;da para ser uma caricatura de uma s&eacute;rie de pensamentos e formas de organiza&ccedil;&atilde;o e comportamentos <span id=\"urn:enhancement-d08b3f47-8d59-41eb-9f8d-5a35e959c193\" class=\"textannotation disambiguated wl-thing\" itemid=\"https:\/\/data.wordlift.io\/wl110249\/entity\/ciencias-sociais\">sociais<\/span>. A trama gira em torno de um grupo de pessoas com problemas financeiros convidadas a participar de um jogo de sobreviv&ecirc;ncia, mas que ao serem eliminados, s&atilde;o mortos.&nbsp;<\/p><p class=\"wp-block-paragraph\">O contexto traz cenas fortes e apresenta uma s&eacute;rie de temas que s&atilde;o abordados na s&eacute;rie, como o desaparecimento das pessoas, invisibilidade, tr&aacute;fico de &oacute;rg&atilde;os,explora&ccedil;&atilde;o da vulnerabilidade mental, vulnerabilidade social e econ&ocirc;mica que leva &agrave; vulnerabilidade psicol&oacute;gica.<\/p><p class=\"wp-block-paragraph\">Temas que apresentados na s&eacute;rie est&atilde;o extremamente presentes na sociedade atual, sendo cobrados, por exemplo, em propostas que envolvem degrada&ccedil;&atilde;o humana a partir da rela&ccedil;&atilde;o econ&ocirc;mica, explora&ccedil;&atilde;o das fraquezas <span id=\"urn:enhancement-c265eb3a-a7ef-487b-a0af-833d4fbab6c0\" class=\"textannotation disambiguated wl-thing\" itemid=\"https:\/\/data.wordlift.io\/wl110249\/entity\/ciencias-humanas\">humanas<\/span> e vulnerabilidade como sa&uacute;de <span id=\"urn:enhancement-18ad7a14-8a33-4139-82a3-89d7e13384b7\" class=\"textannotation disambiguated wl-thing\" itemid=\"https:\/\/data.wordlift.io\/wl110249\/entity\/universidades-publicas\">p&uacute;blica<\/span>, rela&ccedil;&otilde;es interpessoais, machismo e imigra&ccedil;&atilde;o.<\/p><div class=\"wp-block-buttons is-horizontal is-content-justification-center is-layout-flex wp-container-core-buttons-is-layout-7d812b4c wp-block-buttons-is-layout-flex\">\n<div class=\"wp-block-button\"><a class=\"wp-block-button__link has-luminous-vivid-amber-to-luminous-vivid-orange-gradient-background has-background wp-element-button\" href=\"https:\/\/vestibulares.estrategia.com\/portal\/atualidades\/round-6\/\" target=\"_blank\">COMO USAR ROUND 6 NA REDA&Ccedil;&Atilde;O?<\/a><\/div>\n<\/div><figure class=\"wp-block-embed aligncenter is-type-video is-provider-youtube wp-block-embed-youtube wp-embed-aspect-16-9 wp-has-aspect-ratio\"><div class=\"wp-block-embed__wrapper\">\n<div class=\"cs-embed cs-embed-responsive\"><iframe title=\"Round 6 | Trailer oficial | Netflix\" width=\"1200\" height=\"675\" src=\"https:\/\/www.youtube.com\/embed\/Ncra_hUVtMM?feature=oembed\" frameborder=\"0\" allow=\"accelerometer; autoplay; clipboard-write; encrypted-media; gyroscope; picture-in-picture; web-share\" allowfullscreen><\/iframe><\/div>\n<\/div><\/figure><h2 class=\"wp-block-heading\" id=\"h-modern-family\"><span class=\"ez-toc-section\" id=\"Modern-Family\"><\/span>Modern Family<span class=\"ez-toc-section-end\"><\/span><\/h2><p class=\"wp-block-paragraph\">A s&eacute;rie &ldquo;Modern Family&rdquo; conta a <span id=\"urn:enhancement-d7f0801e-6451-4893-862b-d54b18389b1c\" class=\"textannotation disambiguated wl-thing\" itemid=\"https:\/\/data.wordlift.io\/wl110249\/entity\/historia\">hist&oacute;ria<\/span> da fam&iacute;lia Pritchett, mostrando sua diversidade e louca rela&ccedil;&atilde;o com os outros personagens. Desse modo, a s&eacute;rie apresenta diversos temas contempor&acirc;neos e poderia ser usada como <span id=\"urn:enhancement-c546fc14-600d-46b6-9b53-7e0fb9d9ee18\" class=\"textannotation disambiguated wl-thing\" itemid=\"https:\/\/data.wordlift.io\/wl110249\/entity\/repertorio-sociocultural\">repert&oacute;rio sociocultural<\/span> em reda&ccedil;&otilde;es com tem&aacute;ticas.<\/p><p class=\"wp-block-paragraph\">Alguns exemplos de assuntos abordados e que podem ser usados em sua <span id=\"urn:enhancement-1b08616d-8e98-47cb-be2a-20d8a4e818d8\" class=\"textannotation disambiguated wl-thing\" itemid=\"https:\/\/data.wordlift.io\/wl110249\/entity\/argumentacao\">argumenta&ccedil;&atilde;o<\/span> s&atilde;o as quest&otilde;es de g&ecirc;nero, casamentos entre pares com idades distantes, nacionalismo piegas, ado&ccedil;&atilde;o por casais homossexuais, imigra&ccedil;&atilde;o e rela&ccedil;&atilde;o entre intelig&ecirc;ncia e beleza.<\/p><p class=\"wp-block-paragraph\">Al&eacute;m disso, a s&eacute;rie poderia, ainda, ser refer&ecirc;ncia para propostas de reda&ccedil;&otilde;es que envolvam constru&ccedil;&otilde;es caricaturais, como cr&iacute;ticas por meio do exagero.<\/p><figure class=\"wp-block-embed aligncenter is-type-video is-provider-youtube wp-block-embed-youtube wp-embed-aspect-16-9 wp-has-aspect-ratio\"><div class=\"wp-block-embed__wrapper\">\n<div class=\"cs-embed cs-embed-responsive\"><iframe title=\"Modern Family - Official Trailer (HD)\" width=\"1200\" height=\"675\" src=\"https:\/\/www.youtube.com\/embed\/Ub_lfN2VMIo?feature=oembed\" frameborder=\"0\" allow=\"accelerometer; autoplay; clipboard-write; encrypted-media; gyroscope; picture-in-picture; web-share\" allowfullscreen><\/iframe><\/div>\n<\/div><\/figure><h2 class=\"wp-block-heading\" id=\"h-estude-com-o-estrategia-vestibulares\"><span class=\"ez-toc-section\" id=\"Estude-com-o-Estrategia-Vestibulares\"><\/span>Estude com o Estrat&eacute;gia Vestibulares<span class=\"ez-toc-section-end\"><\/span><\/h2><p class=\"wp-block-paragraph\">Agora voc&ecirc; j&aacute; sabe como usar s&eacute;ries como <span id=\"urn:enhancement-a41b06db-4bc9-4ce4-9f01-08070a796796\" class=\"textannotation disambiguated wl-thing\" itemid=\"https:\/\/data.wordlift.io\/wl110249\/entity\/repertorio-sociocultural\">repert&oacute;rio sociocultural<\/span> para fortalecer sua <span id=\"urn:enhancement-1b3fe638-f106-47b9-9bab-eee5a0f7918e\" class=\"textannotation disambiguated wl-thing\" itemid=\"https:\/\/data.wordlift.io\/wl110249\/entity\/argumentacao\">argumenta&ccedil;&atilde;o<\/span>. Que tal se juntar ao <span id=\"urn:enhancement-a25fd77b-7c74-4f4e-89a7-dd90e4319cd1\" class=\"textannotation disambiguated wl-organization\" itemid=\"https:\/\/data.wordlift.io\/wl110249\/entity\/estrategia_vestibulares\">Estrat&eacute;gia Vestibulares<\/span>? Aqui voc&ecirc; encontra diversos benef&iacute;cios, como cursos, simulados e banco de quest&otilde;es que te ajudar&atilde;o a conquistar a vaga dos seus sonhos!<\/p><div class=\"wp-block-buttons is-horizontal is-content-justification-center is-layout-flex wp-container-core-buttons-is-layout-7d812b4c wp-block-buttons-is-layout-flex\">\n<div class=\"wp-block-button\"><a class=\"wp-block-button__link has-luminous-vivid-amber-to-luminous-vivid-orange-gradient-background has-background wp-element-button\" href=\"http:\/\/estrategiavestibulares.com.br\/?utm_source=blog&amp;utm_medium=organic&amp;utm_campaign=blog-to-product\" target=\"_blank\">ACESSE O ESTRAT&Eacute;GIA VESTIBULARES<\/a><\/div>\n<\/div><p class=\"wp-block-paragraph\"><a id=\"cta\" class=\"cta-imagem\" href=\"https:\/\/vestibulares.estrategia.com\/cursos\/\" target=\"blank\">\n                <img decoding=\"async\" width=\"100%\" src=\"https:\/\/vestibulares.estrategia.com\/portal\/wp-content\/uploads\/2025\/07\/ESTRATEGIA.jpg\" alt=\"\" title=\"ESTRAT\u00c9GIA\">\n        <\/a>\n\n\n<\/p><\/p>\n","protected":false},"excerpt":{"rendered":"O Estrat\u00e9gia Vestibulares preparou este artigo com sete s\u00e9ries que te ajudar\u00e3o na argumenta\u00e7\u00e3o e contextualiza\u00e7\u00e3o da sua reda\u00e7\u00e3o!\n","protected":false},"author":29,"featured_media":70642,"comment_status":"closed","ping_status":"closed","sticky":false,"template":"","format":"standard","meta":{"footnotes":""},"categories":[2],"tags":[101,121,418],"class_list":["post-58364","post","type-post","status-publish","format-standard","has-post-thumbnail","category-redacao","tag-redacao","tag-repertorio-sociocultural","tag-repertorios-socioculturais"],"acf":[],"yoast_head":"<!-- This site is optimized with the Yoast SEO Premium plugin v25.9 (Yoast SEO v28.2) - https:\/\/yoast.com\/product\/yoast-seo-premium-wordpress\/ -->\n<title>7 s\u00e9ries para usar como repert\u00f3rio sociocultural na reda\u00e7\u00e3o | Estrat\u00e9gia Vestibulares<\/title>\n<meta name=\"description\" content=\"O Estrat\u00e9gia Vestibulares preparou este artigo com sete s\u00e9ries que te ajudar\u00e3o na argumenta\u00e7\u00e3o e contextualiza\u00e7\u00e3o da sua reda\u00e7\u00e3o!\" \/>\n<meta name=\"robots\" content=\"index, follow, max-snippet:-1, max-image-preview:large, max-video-preview:-1\" \/>\n<link rel=\"canonical\" href=\"https:\/\/vestibulares.estrategia.com\/portal\/materias\/redacao\/series-repertorio-sociocultural\/\" \/>\n<meta property=\"og:locale\" content=\"pt_BR\" \/>\n<meta property=\"og:type\" content=\"article\" \/>\n<meta property=\"og:title\" content=\"7 s\u00e9ries para usar como repert\u00f3rio sociocultural na reda\u00e7\u00e3o\" \/>\n<meta property=\"og:description\" content=\"O Estrat\u00e9gia Vestibulares preparou este artigo com sete s\u00e9ries que te ajudar\u00e3o na argumenta\u00e7\u00e3o e contextualiza\u00e7\u00e3o da sua reda\u00e7\u00e3o!\" \/>\n<meta property=\"og:url\" content=\"https:\/\/vestibulares.estrategia.com\/portal\/materias\/redacao\/series-repertorio-sociocultural\/\" \/>\n<meta property=\"og:site_name\" content=\"Estrat\u00e9gia Vestibulares\" \/>\n<meta property=\"article:publisher\" content=\"https:\/\/facebook.com\/estrategiavestibulares\" \/>\n<meta property=\"article:published_time\" content=\"2021-11-18T13:30:13+00:00\" \/>\n<meta property=\"article:modified_time\" content=\"2023-07-28T17:28:09+00:00\" \/>\n<meta property=\"og:image\" content=\"https:\/\/cdn.blog.estrategiavestibulares.com.br\/vestibulares\/wp-content\/uploads\/2021\/11\/series-repertorios-socioculturais-1.jpg\" \/>\n\t<meta property=\"og:image:width\" content=\"1280\" \/>\n\t<meta property=\"og:image:height\" content=\"673\" \/>\n\t<meta property=\"og:image:type\" content=\"image\/jpeg\" \/>\n<meta name=\"author\" content=\"J\u00falia Wasko\" \/>\n<meta name=\"twitter:card\" content=\"summary_large_image\" \/>\n<meta name=\"twitter:creator\" content=\"@Estrategiavest\" \/>\n<meta name=\"twitter:site\" content=\"@Estrategiavest\" \/>\n<meta name=\"twitter:label1\" content=\"Escrito por\" \/>\n\t<meta name=\"twitter:data1\" content=\"J\u00falia Wasko\" \/>\n\t<meta name=\"twitter:label2\" content=\"Est. tempo de leitura\" \/>\n\t<meta name=\"twitter:data2\" content=\"8 minutos\" \/>\n<script type=\"application\/ld+json\" class=\"yoast-schema-graph\">{\"@context\":\"https:\\\/\\\/schema.org\",\"@graph\":[{\"@type\":\"Article\",\"@id\":\"https:\\\/\\\/vestibulares.estrategia.com\\\/portal\\\/materias\\\/redacao\\\/series-repertorio-sociocultural\\\/#article\",\"isPartOf\":{\"@id\":\"https:\\\/\\\/vestibulares.estrategia.com\\\/portal\\\/materias\\\/redacao\\\/series-repertorio-sociocultural\\\/\"},\"author\":{\"name\":\"J\u00falia Wasko\",\"@id\":\"https:\\\/\\\/vestibulares.estrategia.com\\\/portal\\\/#\\\/schema\\\/person\\\/83d5c517a965e3fd3fc7016a981cb8fe\"},\"headline\":\"7 s\u00e9ries para usar como repert\u00f3rio sociocultural na reda\u00e7\u00e3o\",\"datePublished\":\"2021-11-18T13:30:13+00:00\",\"dateModified\":\"2023-07-28T17:28:09+00:00\",\"mainEntityOfPage\":{\"@id\":\"https:\\\/\\\/vestibulares.estrategia.com\\\/portal\\\/materias\\\/redacao\\\/series-repertorio-sociocultural\\\/\"},\"wordCount\":1698,\"publisher\":{\"@id\":\"https:\\\/\\\/vestibulares.estrategia.com\\\/portal\\\/#organization\"},\"image\":{\"@id\":\"https:\\\/\\\/vestibulares.estrategia.com\\\/portal\\\/materias\\\/redacao\\\/series-repertorio-sociocultural\\\/#primaryimage\"},\"thumbnailUrl\":\"https:\\\/\\\/vestibulares.estrategia.com\\\/portal\\\/wp-content\\\/uploads\\\/2021\\\/11\\\/series-repertorios-socioculturais-1.jpg\",\"keywords\":[\"reda\u00e7\u00e3o\",\"repert\u00f3rio sociocultural\",\"repert\u00f3rios socioculturais\"],\"articleSection\":[\"Reda\u00e7\u00e3o\"],\"inLanguage\":\"pt-BR\"},{\"@type\":\"WebPage\",\"@id\":\"https:\\\/\\\/vestibulares.estrategia.com\\\/portal\\\/materias\\\/redacao\\\/series-repertorio-sociocultural\\\/\",\"url\":\"https:\\\/\\\/vestibulares.estrategia.com\\\/portal\\\/materias\\\/redacao\\\/series-repertorio-sociocultural\\\/\",\"name\":\"7 s\u00e9ries para usar como repert\u00f3rio sociocultural na reda\u00e7\u00e3o | Estrat\u00e9gia Vestibulares\",\"isPartOf\":{\"@id\":\"https:\\\/\\\/vestibulares.estrategia.com\\\/portal\\\/#website\"},\"primaryImageOfPage\":{\"@id\":\"https:\\\/\\\/vestibulares.estrategia.com\\\/portal\\\/materias\\\/redacao\\\/series-repertorio-sociocultural\\\/#primaryimage\"},\"image\":{\"@id\":\"https:\\\/\\\/vestibulares.estrategia.com\\\/portal\\\/materias\\\/redacao\\\/series-repertorio-sociocultural\\\/#primaryimage\"},\"thumbnailUrl\":\"https:\\\/\\\/vestibulares.estrategia.com\\\/portal\\\/wp-content\\\/uploads\\\/2021\\\/11\\\/series-repertorios-socioculturais-1.jpg\",\"datePublished\":\"2021-11-18T13:30:13+00:00\",\"dateModified\":\"2023-07-28T17:28:09+00:00\",\"description\":\"O Estrat\u00e9gia Vestibulares preparou este artigo com sete s\u00e9ries que te ajudar\u00e3o na argumenta\u00e7\u00e3o e contextualiza\u00e7\u00e3o da sua reda\u00e7\u00e3o!\",\"breadcrumb\":{\"@id\":\"https:\\\/\\\/vestibulares.estrategia.com\\\/portal\\\/materias\\\/redacao\\\/series-repertorio-sociocultural\\\/#breadcrumb\"},\"inLanguage\":\"pt-BR\",\"potentialAction\":[{\"@type\":\"ReadAction\",\"target\":[\"https:\\\/\\\/vestibulares.estrategia.com\\\/portal\\\/materias\\\/redacao\\\/series-repertorio-sociocultural\\\/\"]}]},{\"@type\":\"ImageObject\",\"inLanguage\":\"pt-BR\",\"@id\":\"https:\\\/\\\/vestibulares.estrategia.com\\\/portal\\\/materias\\\/redacao\\\/series-repertorio-sociocultural\\\/#primaryimage\",\"url\":\"https:\\\/\\\/vestibulares.estrategia.com\\\/portal\\\/wp-content\\\/uploads\\\/2021\\\/11\\\/series-repertorios-socioculturais-1.jpg\",\"contentUrl\":\"https:\\\/\\\/vestibulares.estrategia.com\\\/portal\\\/wp-content\\\/uploads\\\/2021\\\/11\\\/series-repertorios-socioculturais-1.jpg\",\"width\":1280,\"height\":673},{\"@type\":\"BreadcrumbList\",\"@id\":\"https:\\\/\\\/vestibulares.estrategia.com\\\/portal\\\/materias\\\/redacao\\\/series-repertorio-sociocultural\\\/#breadcrumb\",\"itemListElement\":[{\"@type\":\"ListItem\",\"position\":1,\"name\":\"Home\",\"item\":\"https:\\\/\\\/vestibulares.estrategia.com\\\/portal\\\/\"},{\"@type\":\"ListItem\",\"position\":2,\"name\":\"Mat\u00e9rias\",\"item\":\"https:\\\/\\\/vestibulares.estrategia.com\\\/portal\\\/materias\\\/\"},{\"@type\":\"ListItem\",\"position\":3,\"name\":\"Reda\u00e7\u00e3o\",\"item\":\"https:\\\/\\\/vestibulares.estrategia.com\\\/portal\\\/materias\\\/redacao\\\/\"},{\"@type\":\"ListItem\",\"position\":4,\"name\":\"7 s\u00e9ries para usar como repert\u00f3rio sociocultural na reda\u00e7\u00e3o\"}]},{\"@type\":\"WebSite\",\"@id\":\"https:\\\/\\\/vestibulares.estrategia.com\\\/portal\\\/#website\",\"url\":\"https:\\\/\\\/vestibulares.estrategia.com\\\/portal\\\/\",\"name\":\"Estrat\u00e9gia Vestibulares\",\"description\":\"\",\"publisher\":{\"@id\":\"https:\\\/\\\/vestibulares.estrategia.com\\\/portal\\\/#organization\"},\"potentialAction\":[{\"@type\":\"SearchAction\",\"target\":{\"@type\":\"EntryPoint\",\"urlTemplate\":\"https:\\\/\\\/vestibulares.estrategia.com\\\/portal\\\/?s={search_term_string}\"},\"query-input\":{\"@type\":\"PropertyValueSpecification\",\"valueRequired\":true,\"valueName\":\"search_term_string\"}}],\"inLanguage\":\"pt-BR\"},{\"@type\":\"Organization\",\"@id\":\"https:\\\/\\\/vestibulares.estrategia.com\\\/portal\\\/#organization\",\"name\":\"Estrat\u00e9gia Vestibulares\",\"url\":\"https:\\\/\\\/vestibulares.estrategia.com\\\/portal\\\/\",\"logo\":{\"@type\":\"ImageObject\",\"inLanguage\":\"pt-BR\",\"@id\":\"https:\\\/\\\/vestibulares.estrategia.com\\\/portal\\\/#\\\/schema\\\/logo\\\/image\\\/\",\"url\":\"https:\\\/\\\/vestibulares.estrategia.com\\\/portal\\\/wp-content\\\/uploads\\\/2021\\\/06\\\/Logo-Vestibulares@4x.png\",\"contentUrl\":\"https:\\\/\\\/vestibulares.estrategia.com\\\/portal\\\/wp-content\\\/uploads\\\/2021\\\/06\\\/Logo-Vestibulares@4x.png\",\"width\":250,\"height\":66,\"caption\":\"Estrat\u00e9gia Vestibulares\"},\"image\":{\"@id\":\"https:\\\/\\\/vestibulares.estrategia.com\\\/portal\\\/#\\\/schema\\\/logo\\\/image\\\/\"},\"sameAs\":[\"https:\\\/\\\/facebook.com\\\/estrategiavestibulares\",\"https:\\\/\\\/x.com\\\/Estrategiavest\",\"https:\\\/\\\/www.instagram.com\\\/estrategiavestibulares\",\"https:\\\/\\\/www.youtube.com\\\/channel\\\/UCGWdZy8ULI-7_5GrABa4vNA\"]},{\"@type\":\"Person\",\"@id\":\"https:\\\/\\\/vestibulares.estrategia.com\\\/portal\\\/#\\\/schema\\\/person\\\/83d5c517a965e3fd3fc7016a981cb8fe\",\"name\":\"J\u00falia Wasko\",\"image\":{\"@type\":\"ImageObject\",\"inLanguage\":\"pt-BR\",\"@id\":\"https:\\\/\\\/secure.gravatar.com\\\/avatar\\\/0e8f76be88c79a7f91e5963616fabab32c40de3ff512a3e96f872fdf2778dc45?s=96&d=mm&r=g\",\"url\":\"https:\\\/\\\/secure.gravatar.com\\\/avatar\\\/0e8f76be88c79a7f91e5963616fabab32c40de3ff512a3e96f872fdf2778dc45?s=96&d=mm&r=g\",\"contentUrl\":\"https:\\\/\\\/secure.gravatar.com\\\/avatar\\\/0e8f76be88c79a7f91e5963616fabab32c40de3ff512a3e96f872fdf2778dc45?s=96&d=mm&r=g\",\"caption\":\"J\u00falia Wasko\"},\"description\":\"Curso Jornalismo e sou apaixonada por entretenimento, comunica\u00e7\u00e3o e not\u00edcia! Adoro ler e curtir momentos com fam\u00edlia e amigos!\",\"url\":\"https:\\\/\\\/vestibulares.estrategia.com\\\/portal\\\/author\\\/julia-martins\\\/\"}]}<\/script>\n<!-- \/ Yoast SEO Premium plugin. -->","yoast_head_json":{"title":"7 s\u00e9ries para usar como repert\u00f3rio sociocultural na reda\u00e7\u00e3o | Estrat\u00e9gia Vestibulares","description":"O Estrat\u00e9gia Vestibulares preparou este artigo com sete s\u00e9ries que te ajudar\u00e3o na argumenta\u00e7\u00e3o e contextualiza\u00e7\u00e3o da sua reda\u00e7\u00e3o!","robots":{"index":"index","follow":"follow","max-snippet":"max-snippet:-1","max-image-preview":"max-image-preview:large","max-video-preview":"max-video-preview:-1"},"canonical":"https:\/\/vestibulares.estrategia.com\/portal\/materias\/redacao\/series-repertorio-sociocultural\/","og_locale":"pt_BR","og_type":"article","og_title":"7 s\u00e9ries para usar como repert\u00f3rio sociocultural na reda\u00e7\u00e3o","og_description":"O Estrat\u00e9gia Vestibulares preparou este artigo com sete s\u00e9ries que te ajudar\u00e3o na argumenta\u00e7\u00e3o e contextualiza\u00e7\u00e3o da sua reda\u00e7\u00e3o!","og_url":"https:\/\/vestibulares.estrategia.com\/portal\/materias\/redacao\/series-repertorio-sociocultural\/","og_site_name":"Estrat\u00e9gia Vestibulares","article_publisher":"https:\/\/facebook.com\/estrategiavestibulares","article_published_time":"2021-11-18T13:30:13+00:00","article_modified_time":"2023-07-28T17:28:09+00:00","og_image":[{"width":1280,"height":673,"url":"https:\/\/cdn.blog.estrategiavestibulares.com.br\/vestibulares\/wp-content\/uploads\/2021\/11\/series-repertorios-socioculturais-1.jpg","type":"image\/jpeg"}],"author":"J\u00falia Wasko","twitter_card":"summary_large_image","twitter_creator":"@Estrategiavest","twitter_site":"@Estrategiavest","twitter_misc":{"Escrito por":"J\u00falia Wasko","Est. tempo de leitura":"8 minutos"},"schema":{"@context":"https:\/\/schema.org","@graph":[{"@type":"Article","@id":"https:\/\/vestibulares.estrategia.com\/portal\/materias\/redacao\/series-repertorio-sociocultural\/#article","isPartOf":{"@id":"https:\/\/vestibulares.estrategia.com\/portal\/materias\/redacao\/series-repertorio-sociocultural\/"},"author":{"name":"J\u00falia Wasko","@id":"https:\/\/vestibulares.estrategia.com\/portal\/#\/schema\/person\/83d5c517a965e3fd3fc7016a981cb8fe"},"headline":"7 s\u00e9ries para usar como repert\u00f3rio sociocultural na reda\u00e7\u00e3o","datePublished":"2021-11-18T13:30:13+00:00","dateModified":"2023-07-28T17:28:09+00:00","mainEntityOfPage":{"@id":"https:\/\/vestibulares.estrategia.com\/portal\/materias\/redacao\/series-repertorio-sociocultural\/"},"wordCount":1698,"publisher":{"@id":"https:\/\/vestibulares.estrategia.com\/portal\/#organization"},"image":{"@id":"https:\/\/vestibulares.estrategia.com\/portal\/materias\/redacao\/series-repertorio-sociocultural\/#primaryimage"},"thumbnailUrl":"https:\/\/vestibulares.estrategia.com\/portal\/wp-content\/uploads\/2021\/11\/series-repertorios-socioculturais-1.jpg","keywords":["reda\u00e7\u00e3o","repert\u00f3rio sociocultural","repert\u00f3rios socioculturais"],"articleSection":["Reda\u00e7\u00e3o"],"inLanguage":"pt-BR"},{"@type":"WebPage","@id":"https:\/\/vestibulares.estrategia.com\/portal\/materias\/redacao\/series-repertorio-sociocultural\/","url":"https:\/\/vestibulares.estrategia.com\/portal\/materias\/redacao\/series-repertorio-sociocultural\/","name":"7 s\u00e9ries para usar como repert\u00f3rio sociocultural na reda\u00e7\u00e3o | Estrat\u00e9gia Vestibulares","isPartOf":{"@id":"https:\/\/vestibulares.estrategia.com\/portal\/#website"},"primaryImageOfPage":{"@id":"https:\/\/vestibulares.estrategia.com\/portal\/materias\/redacao\/series-repertorio-sociocultural\/#primaryimage"},"image":{"@id":"https:\/\/vestibulares.estrategia.com\/portal\/materias\/redacao\/series-repertorio-sociocultural\/#primaryimage"},"thumbnailUrl":"https:\/\/vestibulares.estrategia.com\/portal\/wp-content\/uploads\/2021\/11\/series-repertorios-socioculturais-1.jpg","datePublished":"2021-11-18T13:30:13+00:00","dateModified":"2023-07-28T17:28:09+00:00","description":"O Estrat\u00e9gia Vestibulares preparou este artigo com sete s\u00e9ries que te ajudar\u00e3o na argumenta\u00e7\u00e3o e contextualiza\u00e7\u00e3o da sua reda\u00e7\u00e3o!","breadcrumb":{"@id":"https:\/\/vestibulares.estrategia.com\/portal\/materias\/redacao\/series-repertorio-sociocultural\/#breadcrumb"},"inLanguage":"pt-BR","potentialAction":[{"@type":"ReadAction","target":["https:\/\/vestibulares.estrategia.com\/portal\/materias\/redacao\/series-repertorio-sociocultural\/"]}]},{"@type":"ImageObject","inLanguage":"pt-BR","@id":"https:\/\/vestibulares.estrategia.com\/portal\/materias\/redacao\/series-repertorio-sociocultural\/#primaryimage","url":"https:\/\/vestibulares.estrategia.com\/portal\/wp-content\/uploads\/2021\/11\/series-repertorios-socioculturais-1.jpg","contentUrl":"https:\/\/vestibulares.estrategia.com\/portal\/wp-content\/uploads\/2021\/11\/series-repertorios-socioculturais-1.jpg","width":1280,"height":673},{"@type":"BreadcrumbList","@id":"https:\/\/vestibulares.estrategia.com\/portal\/materias\/redacao\/series-repertorio-sociocultural\/#breadcrumb","itemListElement":[{"@type":"ListItem","position":1,"name":"Home","item":"https:\/\/vestibulares.estrategia.com\/portal\/"},{"@type":"ListItem","position":2,"name":"Mat\u00e9rias","item":"https:\/\/vestibulares.estrategia.com\/portal\/materias\/"},{"@type":"ListItem","position":3,"name":"Reda\u00e7\u00e3o","item":"https:\/\/vestibulares.estrategia.com\/portal\/materias\/redacao\/"},{"@type":"ListItem","position":4,"name":"7 s\u00e9ries para usar como repert\u00f3rio sociocultural na reda\u00e7\u00e3o"}]},{"@type":"WebSite","@id":"https:\/\/vestibulares.estrategia.com\/portal\/#website","url":"https:\/\/vestibulares.estrategia.com\/portal\/","name":"Estrat\u00e9gia Vestibulares","description":"","publisher":{"@id":"https:\/\/vestibulares.estrategia.com\/portal\/#organization"},"potentialAction":[{"@type":"SearchAction","target":{"@type":"EntryPoint","urlTemplate":"https:\/\/vestibulares.estrategia.com\/portal\/?s={search_term_string}"},"query-input":{"@type":"PropertyValueSpecification","valueRequired":true,"valueName":"search_term_string"}}],"inLanguage":"pt-BR"},{"@type":"Organization","@id":"https:\/\/vestibulares.estrategia.com\/portal\/#organization","name":"Estrat\u00e9gia Vestibulares","url":"https:\/\/vestibulares.estrategia.com\/portal\/","logo":{"@type":"ImageObject","inLanguage":"pt-BR","@id":"https:\/\/vestibulares.estrategia.com\/portal\/#\/schema\/logo\/image\/","url":"https:\/\/vestibulares.estrategia.com\/portal\/wp-content\/uploads\/2021\/06\/Logo-Vestibulares@4x.png","contentUrl":"https:\/\/vestibulares.estrategia.com\/portal\/wp-content\/uploads\/2021\/06\/Logo-Vestibulares@4x.png","width":250,"height":66,"caption":"Estrat\u00e9gia Vestibulares"},"image":{"@id":"https:\/\/vestibulares.estrategia.com\/portal\/#\/schema\/logo\/image\/"},"sameAs":["https:\/\/facebook.com\/estrategiavestibulares","https:\/\/x.com\/Estrategiavest","https:\/\/www.instagram.com\/estrategiavestibulares","https:\/\/www.youtube.com\/channel\/UCGWdZy8ULI-7_5GrABa4vNA"]},{"@type":"Person","@id":"https:\/\/vestibulares.estrategia.com\/portal\/#\/schema\/person\/83d5c517a965e3fd3fc7016a981cb8fe","name":"J\u00falia Wasko","image":{"@type":"ImageObject","inLanguage":"pt-BR","@id":"https:\/\/secure.gravatar.com\/avatar\/0e8f76be88c79a7f91e5963616fabab32c40de3ff512a3e96f872fdf2778dc45?s=96&d=mm&r=g","url":"https:\/\/secure.gravatar.com\/avatar\/0e8f76be88c79a7f91e5963616fabab32c40de3ff512a3e96f872fdf2778dc45?s=96&d=mm&r=g","contentUrl":"https:\/\/secure.gravatar.com\/avatar\/0e8f76be88c79a7f91e5963616fabab32c40de3ff512a3e96f872fdf2778dc45?s=96&d=mm&r=g","caption":"J\u00falia Wasko"},"description":"Curso Jornalismo e sou apaixonada por entretenimento, comunica\u00e7\u00e3o e not\u00edcia! Adoro ler e curtir momentos com fam\u00edlia e amigos!","url":"https:\/\/vestibulares.estrategia.com\/portal\/author\/julia-martins\/"}]}},"_links":{"self":[{"href":"https:\/\/vestibulares.estrategia.com\/portal\/wp-json\/wp\/v2\/posts\/58364","targetHints":{"allow":["GET"]}}],"collection":[{"href":"https:\/\/vestibulares.estrategia.com\/portal\/wp-json\/wp\/v2\/posts"}],"about":[{"href":"https:\/\/vestibulares.estrategia.com\/portal\/wp-json\/wp\/v2\/types\/post"}],"author":[{"embeddable":true,"href":"https:\/\/vestibulares.estrategia.com\/portal\/wp-json\/wp\/v2\/users\/29"}],"replies":[{"embeddable":true,"href":"https:\/\/vestibulares.estrategia.com\/portal\/wp-json\/wp\/v2\/comments?post=58364"}],"version-history":[{"count":8,"href":"https:\/\/vestibulares.estrategia.com\/portal\/wp-json\/wp\/v2\/posts\/58364\/revisions"}],"predecessor-version":[{"id":96273,"href":"https:\/\/vestibulares.estrategia.com\/portal\/wp-json\/wp\/v2\/posts\/58364\/revisions\/96273"}],"wp:featuredmedia":[{"embeddable":true,"href":"https:\/\/vestibulares.estrategia.com\/portal\/wp-json\/wp\/v2\/media\/70642"}],"wp:attachment":[{"href":"https:\/\/vestibulares.estrategia.com\/portal\/wp-json\/wp\/v2\/media?parent=58364"}],"wp:term":[{"taxonomy":"category","embeddable":true,"href":"https:\/\/vestibulares.estrategia.com\/portal\/wp-json\/wp\/v2\/categories?post=58364"},{"taxonomy":"post_tag","embeddable":true,"href":"https:\/\/vestibulares.estrategia.com\/portal\/wp-json\/wp\/v2\/tags?post=58364"}],"curies":[{"name":"wp","href":"https:\/\/api.w.org\/{rel}","templated":true}]}}