{"id":59232,"date":"2021-12-01T15:27:35","date_gmt":"2021-12-01T18:27:35","guid":{"rendered":"https:\/\/blog.estrategiavestibulares.com.br\/?p=59232"},"modified":"2021-12-01T15:30:10","modified_gmt":"2021-12-01T18:30:10","slug":"enem-2021-questao-segundo-dia-de-prova-anulada","status":"publish","type":"post","link":"https:\/\/vestibulares.estrategia.com\/portal\/noticias\/enem-2021-questao-segundo-dia-de-prova-anulada\/","title":{"rendered":"Enem 2021 tem quest\u00e3o do segundo dia de prova anulada"},"content":{"rendered":"<p>O Instituto Nacional de Estudos e Pesquisas Educacionais An&iacute;sio Teixeira&nbsp;(Inep) divulgou nesta quarta-feira o <a href=\"https:\/\/vestibulares.estrategia.com\/portal\/noticias\/gabarito-oficial-enem-2021\/\">gabarito oficial<\/a> do Exame Nacional do Ensino M&eacute;dio (<a href=\"https:\/\/vestibulares.estrategia.com\/portal\/enem\/enem\/\">Enem<\/a>). A publica&ccedil;&atilde;o confirmou que a anula&ccedil;&atilde;o de uma quest&atilde;o do segundo dia de prova.<p>Curiosamente a quest&atilde;o anulada &eacute; uma das perguntas que mais viralizou no segundo dia, j&aacute; que ela abordou o futebol brasileiro e times campe&otilde;es da Copa do Brasil. Confira abaixo quais eram os n&uacute;meros da quest&atilde;o em cada cor dos quatro cadernos diferentes abaixo:<\/p><ul class=\"wp-block-list\"><li>Rosa: 157;<\/li><li>Azul: 138;<\/li><li>Cinza: 155; e<\/li><li>Amarelo: 178.<\/li><\/ul><figure class=\"wp-block-image size-full\"><img decoding=\"async\" src=\"https:\/\/vestibulares.estrategia.com\/portal\/wp-content\/uploads\/2021\/11\/image-9-1.jpg\" alt=\"\" class=\"wp-image-59078\"><\/figure><p>Segundo os professores do Estrat&eacute;gia Vestibulares e de outras diversas institui&ccedil;&otilde;es, o c&aacute;lculo e a resolu&ccedil;&atilde;o correta n&atilde;o se encontra nas alternativas e esse seria o motivo de sua anula&ccedil;&atilde;o. O professor de Matem&aacute;tica, Andrew Caz&eacute;, <a href=\"https:\/\/vestibulares.estrategia.com\/portal\/enem\/questao-sem-resposta-enem\/\">pontuou sobre a diverg&ecirc;ncia<\/a> no dia da prova: &ldquo;N&atilde;o d&aacute; certo a primeira alternativa porque ele n&atilde;o considerou o primeiro arranjo&rdquo;.<\/p><div id=\"ez-toc-container\" class=\"ez-toc-v2_0_76 counter-hierarchy ez-toc-counter ez-toc-transparent ez-toc-container-direction\">\n<div class=\"ez-toc-title-container\"><p class=\"ez-toc-title\" style=\"cursor:inherit\">Navegue pelo conte\u00fado<\/p>\n<\/div><nav><ul class='ez-toc-list ez-toc-list-level-1 ' ><li class='ez-toc-page-1 ez-toc-heading-level-2'><a class=\"ez-toc-link ez-toc-heading-1\" href=\"https:\/\/vestibulares.estrategia.com\/portal\/noticias\/enem-2021-questao-segundo-dia-de-prova-anulada\/#Historico-de-questoes-anuladas-no-Enem\" >Hist&oacute;rico de quest&otilde;es anuladas no Enem<\/a><\/li><li class='ez-toc-page-1 ez-toc-heading-level-2'><a class=\"ez-toc-link ez-toc-heading-2\" href=\"https:\/\/vestibulares.estrategia.com\/portal\/noticias\/enem-2021-questao-segundo-dia-de-prova-anulada\/#Calendario-do-Enem-2021\" >Calend&aacute;rio do Enem 2021<\/a><\/li><li class='ez-toc-page-1 ez-toc-heading-level-2'><a class=\"ez-toc-link ez-toc-heading-3\" href=\"https:\/\/vestibulares.estrategia.com\/portal\/noticias\/enem-2021-questao-segundo-dia-de-prova-anulada\/#Como-estudar-para-o-Enem\" >Como estudar para o Enem?<\/a><\/li><\/ul><\/nav><\/div>\n<h2 class=\"wp-block-heading\" id=\"h-hist-rico-de-quest-es-anuladas-no-enem\"><span class=\"ez-toc-section\" id=\"Historico-de-questoes-anuladas-no-Enem\"><\/span>Hist&oacute;rico de quest&otilde;es anuladas no Enem<span class=\"ez-toc-section-end\"><\/span><\/h2><p>Entre 2009 e 2020 o Enem teve seis quest&otilde;es anuladas, o que significa que a pergunta desse ano &eacute; o s&eacute;timo caso desde a reformula&ccedil;&atilde;o da prova.<\/p><h2 class=\"wp-block-heading\"><span class=\"ez-toc-section\" id=\"Calendario-do-Enem-2021\"><\/span>Calend&aacute;rio do Enem 2021<span class=\"ez-toc-section-end\"><\/span><\/h2><ul class=\"wp-block-list\"><li><strong>Divulga&ccedil;&atilde;o do edital:&nbsp;<\/strong>02\/06\/2021<\/li><li><strong>Per&iacute;odo de solicita&ccedil;&atilde;o de isen&ccedil;&atilde;o e justificativa de aus&ecirc;ncia:&nbsp;<\/strong>17 a 28\/05\/2021<\/li><li><strong>Divulga&ccedil;&atilde;o do resultado do pedido de isen&ccedil;&atilde;o:<\/strong>&nbsp;09\/06\/2021<\/li><li><strong>Per&iacute;odo de inscri&ccedil;&otilde;es do Enem 2021:<\/strong>&nbsp;30\/06 a 14\/07\/2021<\/li><li><strong>Per&iacute;odo de inscri&ccedil;&atilde;o para isentos ausentes do Enem 2020:<\/strong>&nbsp;14 a 26\/09\/2021<\/li><li><strong>Pagamento da taxa de inscri&ccedil;&atilde;o:&nbsp;<\/strong>19\/07\/2021<\/li><li><strong>Divulga&ccedil;&atilde;o do local de prova do Enem 2021:&nbsp;<\/strong>03\/11\/2021<\/li><li><strong>Enem Impresso 2021:&nbsp;<\/strong>21\/11\/2021 e 28\/11\/2021<\/li><li><strong>Enem Digital 2021:&nbsp;<\/strong>21\/11\/2021 e 28\/11\/2021<\/li><li><strong>Reaplica&ccedil;&atilde;o para isentos ausentes do Enem 2020 e Enem PPL:&nbsp;<\/strong>09 e 16\/01\/2022<\/li><li><strong>Divulga&ccedil;&atilde;o do resultado:<\/strong>&nbsp;11\/02\/2021<\/li><\/ul><h2 class=\"wp-block-heading\"><span class=\"ez-toc-section\" id=\"Como-estudar-para-o-Enem\"><\/span>Como estudar para o Enem?<span class=\"ez-toc-section-end\"><\/span><\/h2><p>Voc&ecirc; sabia que, para te ajudar, o<strong>&nbsp;Estrat&eacute;gia Vestibulares oferece diariamente aulas gratuitas no&nbsp;<a href=\"https:\/\/www.youtube.com\/channel\/UCGWdZy8ULI-7_5GrABa4vNA\" target=\"_blank\">YouTube<\/a><\/strong>&nbsp;sobre todas as mat&eacute;rias que caem no Enem e em diversos vestibulares brasileiros?<\/p><p>Al&eacute;m disso, para aqueles que querem investir nos estudos, a plataforma tamb&eacute;m oferece um curso preparat&oacute;rio exclusivo para o Enem, com professores especialistas na prova e com diversos benef&iacute;cios. D&aacute; s&oacute; uma olhada:&nbsp;<\/p><ul class=\"wp-block-list\"><li>Curso com livros digitais;<\/li><li>Corre&ccedil;&atilde;o ilimitada de&nbsp;<a href=\"https:\/\/vestibulares.estrategia.com\/portal\/redacao\/enem-redacao\/\" target=\"_blank\">reda&ccedil;&otilde;es<\/a>;<\/li><li>F&oacute;rum de d&uacute;vidas;<\/li><li><a href=\"https:\/\/vestibulares.estrategia.com\/portal\/simulado\/simulado-enem\/\" target=\"_blank\">Simulados<\/a>&nbsp;com quest&otilde;es in&eacute;ditas;<\/li><li>Quest&otilde;es comentadas;<\/li><li>Mapas mentais; e<\/li><li>Entre muitas outras vantagens.<\/li><\/ul><p>Ficou interessado? Ent&atilde;o, clique no bot&atilde;o e veja tudo sobre os cursos oferecidos pelo Estrat&eacute;gia Vestibulares:<\/p><div class=\"wp-block-buttons is-content-justification-center is-layout-flex wp-block-buttons-is-layout-flex\">\n<div class=\"wp-block-button\"><a class=\"wp-block-button__link has-luminous-vivid-amber-background-color has-background\" href=\"https:\/\/www.estrategiavestibulares.com.br\/vestibulares\/enem\/?utm_source=blog&amp;utm_medium=organic&amp;utm_campaign=blog-to-product\" target=\"_blank\" rel=\"noopener noreferrer\">Acesse o curso Enem<\/a><\/div>\n<\/div><\/p>\n","protected":false},"excerpt":{"rendered":"Enem 2021 passa a ter 179 quest\u00f5es ap\u00f3s confirma\u00e7\u00e3o de anula\u00e7\u00e3o. Caso \u00e9 o s\u00e9timo ocorrido desde 2009\n","protected":false},"author":43,"featured_media":52278,"comment_status":"closed","ping_status":"closed","sticky":false,"template":"","format":"standard","meta":{"wl_entities_gutenberg":"","footnotes":""},"categories":[47],"tags":[],"wl_entity_type":[732],"class_list":{"0":"post-59232","1":"post","2":"type-post","3":"status-publish","4":"format-standard","5":"has-post-thumbnail","7":"category-noticias","8":"wl_entity_type-article"},"acf":[],"yoast_head":"<!-- This site is optimized with the Yoast SEO Premium plugin v25.9 (Yoast SEO v25.9) - https:\/\/yoast.com\/wordpress\/plugins\/seo\/ -->\n<title>Enem 2021 tem quest\u00e3o do segundo dia de prova anulada<\/title>\n<meta name=\"description\" content=\"Enem 2021 tem quest\u00e3o anulada pelo Inep ap\u00f3s professores apontarem imprecis\u00f5es na resposta. Confira qual foi a pergunta em nosso blog.\" \/>\n<meta name=\"robots\" content=\"index, follow, max-snippet:-1, max-image-preview:large, max-video-preview:-1\" \/>\n<link rel=\"canonical\" href=\"https:\/\/vestibulares.estrategia.com\/portal\/noticias\/enem-2021-questao-segundo-dia-de-prova-anulada\/\" \/>\n<meta property=\"og:locale\" content=\"pt_BR\" \/>\n<meta property=\"og:type\" content=\"article\" \/>\n<meta property=\"og:title\" content=\"Enem 2021 tem quest\u00e3o do segundo dia de prova anulada\" \/>\n<meta property=\"og:description\" content=\"Enem 2021 tem quest\u00e3o anulada pelo Inep ap\u00f3s professores apontarem imprecis\u00f5es na resposta. Confira qual foi a pergunta em nosso blog.\" \/>\n<meta property=\"og:url\" content=\"https:\/\/vestibulares.estrategia.com\/portal\/noticias\/enem-2021-questao-segundo-dia-de-prova-anulada\/\" \/>\n<meta property=\"og:site_name\" content=\"Estrat\u00e9gia Vestibulares\" \/>\n<meta property=\"article:publisher\" content=\"https:\/\/facebook.com\/estrategiavestibulares\" \/>\n<meta property=\"article:published_time\" content=\"2021-12-01T18:27:35+00:00\" \/>\n<meta property=\"article:modified_time\" content=\"2021-12-01T18:30:10+00:00\" \/>\n<meta property=\"og:image\" content=\"https:\/\/cdn.blog.estrategiavestibulares.com.br\/vestibulares\/wp-content\/uploads\/2021\/07\/ENEM-EV.jpg\" \/>\n\t<meta property=\"og:image:width\" content=\"750\" \/>\n\t<meta property=\"og:image:height\" content=\"420\" \/>\n\t<meta property=\"og:image:type\" content=\"image\/jpeg\" \/>\n<meta name=\"author\" content=\"Leonardo Del Sant\" \/>\n<meta name=\"twitter:card\" content=\"summary_large_image\" \/>\n<meta name=\"twitter:creator\" content=\"@Estrategiavest\" \/>\n<meta name=\"twitter:site\" content=\"@Estrategiavest\" \/>\n<meta name=\"twitter:label1\" content=\"Escrito por\" \/>\n\t<meta name=\"twitter:data1\" content=\"Leonardo Del Sant\" \/>\n\t<meta name=\"twitter:label2\" content=\"Est. tempo de leitura\" \/>\n\t<meta name=\"twitter:data2\" content=\"2 minutos\" \/>\n<script type=\"application\/ld+json\" class=\"yoast-schema-graph\">{\"@context\":\"https:\/\/schema.org\",\"@graph\":[{\"@type\":\"NewsArticle\",\"@id\":\"https:\/\/vestibulares.estrategia.com\/portal\/noticias\/enem-2021-questao-segundo-dia-de-prova-anulada\/#article\",\"isPartOf\":{\"@id\":\"https:\/\/vestibulares.estrategia.com\/portal\/noticias\/enem-2021-questao-segundo-dia-de-prova-anulada\/\"},\"author\":{\"name\":\"Leonardo Del Sant\",\"@id\":\"https:\/\/vestibulares.estrategia.com\/portal\/#\/schema\/person\/95532619fccae669187ec84703047908\"},\"headline\":\"Enem 2021 tem quest\u00e3o do segundo dia de prova anulada\",\"datePublished\":\"2021-12-01T18:27:35+00:00\",\"dateModified\":\"2021-12-01T18:30:10+00:00\",\"mainEntityOfPage\":{\"@id\":\"https:\/\/vestibulares.estrategia.com\/portal\/noticias\/enem-2021-questao-segundo-dia-de-prova-anulada\/\"},\"wordCount\":424,\"publisher\":{\"@id\":\"https:\/\/vestibulares.estrategia.com\/portal\/#organization\"},\"image\":{\"@id\":\"https:\/\/vestibulares.estrategia.com\/portal\/noticias\/enem-2021-questao-segundo-dia-de-prova-anulada\/#primaryimage\"},\"thumbnailUrl\":\"https:\/\/vestibulares.estrategia.com\/portal\/wp-content\/uploads\/2021\/07\/ENEM-EV.jpg\",\"articleSection\":[\"Not\u00edcias\"],\"inLanguage\":\"pt-BR\"},{\"@type\":\"WebPage\",\"@id\":\"https:\/\/vestibulares.estrategia.com\/portal\/noticias\/enem-2021-questao-segundo-dia-de-prova-anulada\/\",\"url\":\"https:\/\/vestibulares.estrategia.com\/portal\/noticias\/enem-2021-questao-segundo-dia-de-prova-anulada\/\",\"name\":\"Enem 2021 tem quest\u00e3o do segundo dia de prova anulada\",\"isPartOf\":{\"@id\":\"https:\/\/vestibulares.estrategia.com\/portal\/#website\"},\"primaryImageOfPage\":{\"@id\":\"https:\/\/vestibulares.estrategia.com\/portal\/noticias\/enem-2021-questao-segundo-dia-de-prova-anulada\/#primaryimage\"},\"image\":{\"@id\":\"https:\/\/vestibulares.estrategia.com\/portal\/noticias\/enem-2021-questao-segundo-dia-de-prova-anulada\/#primaryimage\"},\"thumbnailUrl\":\"https:\/\/vestibulares.estrategia.com\/portal\/wp-content\/uploads\/2021\/07\/ENEM-EV.jpg\",\"datePublished\":\"2021-12-01T18:27:35+00:00\",\"dateModified\":\"2021-12-01T18:30:10+00:00\",\"description\":\"Enem 2021 tem quest\u00e3o anulada pelo Inep ap\u00f3s professores apontarem imprecis\u00f5es na resposta. Confira qual foi a pergunta em nosso blog.\",\"breadcrumb\":{\"@id\":\"https:\/\/vestibulares.estrategia.com\/portal\/noticias\/enem-2021-questao-segundo-dia-de-prova-anulada\/#breadcrumb\"},\"inLanguage\":\"pt-BR\",\"potentialAction\":[{\"@type\":\"ReadAction\",\"target\":[\"https:\/\/vestibulares.estrategia.com\/portal\/noticias\/enem-2021-questao-segundo-dia-de-prova-anulada\/\"]}]},{\"@type\":\"ImageObject\",\"inLanguage\":\"pt-BR\",\"@id\":\"https:\/\/vestibulares.estrategia.com\/portal\/noticias\/enem-2021-questao-segundo-dia-de-prova-anulada\/#primaryimage\",\"url\":\"https:\/\/vestibulares.estrategia.com\/portal\/wp-content\/uploads\/2021\/07\/ENEM-EV.jpg\",\"contentUrl\":\"https:\/\/vestibulares.estrategia.com\/portal\/wp-content\/uploads\/2021\/07\/ENEM-EV.jpg\",\"width\":750,\"height\":420,\"caption\":\"enem 2021\"},{\"@type\":\"BreadcrumbList\",\"@id\":\"https:\/\/vestibulares.estrategia.com\/portal\/noticias\/enem-2021-questao-segundo-dia-de-prova-anulada\/#breadcrumb\",\"itemListElement\":[{\"@type\":\"ListItem\",\"position\":1,\"name\":\"Home\",\"item\":\"https:\/\/vestibulares.estrategia.com\/portal\/\"},{\"@type\":\"ListItem\",\"position\":2,\"name\":\"Not\u00edcias\",\"item\":\"https:\/\/vestibulares.estrategia.com\/portal\/noticias\/\"},{\"@type\":\"ListItem\",\"position\":3,\"name\":\"Enem 2021 tem quest\u00e3o do segundo dia de prova anulada\"}]},{\"@type\":\"WebSite\",\"@id\":\"https:\/\/vestibulares.estrategia.com\/portal\/#website\",\"url\":\"https:\/\/vestibulares.estrategia.com\/portal\/\",\"name\":\"Estrat\u00e9gia Vestibulares\",\"description\":\"\",\"publisher\":{\"@id\":\"https:\/\/vestibulares.estrategia.com\/portal\/#organization\"},\"potentialAction\":[{\"@type\":\"SearchAction\",\"target\":{\"@type\":\"EntryPoint\",\"urlTemplate\":\"https:\/\/vestibulares.estrategia.com\/portal\/?s={search_term_string}\"},\"query-input\":{\"@type\":\"PropertyValueSpecification\",\"valueRequired\":true,\"valueName\":\"search_term_string\"}}],\"inLanguage\":\"pt-BR\"},{\"@type\":\"Organization\",\"@id\":\"https:\/\/vestibulares.estrategia.com\/portal\/#organization\",\"name\":\"Estrat\u00e9gia Vestibulares\",\"url\":\"https:\/\/vestibulares.estrategia.com\/portal\/\",\"logo\":{\"@type\":\"ImageObject\",\"inLanguage\":\"pt-BR\",\"@id\":\"https:\/\/vestibulares.estrategia.com\/portal\/#\/schema\/logo\/image\/\",\"url\":\"https:\/\/vestibulares.estrategia.com\/portal\/wp-content\/uploads\/2021\/06\/Logo-Vestibulares@4x.png\",\"contentUrl\":\"https:\/\/vestibulares.estrategia.com\/portal\/wp-content\/uploads\/2021\/06\/Logo-Vestibulares@4x.png\",\"width\":250,\"height\":66,\"caption\":\"Estrat\u00e9gia Vestibulares\"},\"image\":{\"@id\":\"https:\/\/vestibulares.estrategia.com\/portal\/#\/schema\/logo\/image\/\"},\"sameAs\":[\"https:\/\/facebook.com\/estrategiavestibulares\",\"https:\/\/x.com\/Estrategiavest\",\"https:\/\/www.instagram.com\/estrategiavestibulares\",\"https:\/\/www.youtube.com\/channel\/UCGWdZy8ULI-7_5GrABa4vNA\"]},{\"@type\":\"Person\",\"@id\":\"https:\/\/vestibulares.estrategia.com\/portal\/#\/schema\/person\/95532619fccae669187ec84703047908\",\"name\":\"Leonardo Del Sant\",\"image\":{\"@type\":\"ImageObject\",\"inLanguage\":\"pt-BR\",\"@id\":\"https:\/\/vestibulares.estrategia.com\/portal\/#\/schema\/person\/image\/\",\"url\":\"https:\/\/vestibulares.estrategia.com\/portal\/wp-content\/uploads\/2026\/02\/1000082484-150x150.jpeg\",\"contentUrl\":\"https:\/\/vestibulares.estrategia.com\/portal\/wp-content\/uploads\/2026\/02\/1000082484-150x150.jpeg\",\"caption\":\"Leonardo Del Sant\"},\"description\":\"Coordenador de Jornalismo do Estrat\u00e9gia Vestibulares. Trabalhou com escrita para SEO em sites das \u00e1reas de economia, varejo, sa\u00fade, tecnologia e alimenta\u00e7\u00e3o. Formado em jornalismo pela Unesp\/Bauru.\",\"url\":\"https:\/\/vestibulares.estrategia.com\/portal\/author\/leonardo-del-sant\/\"}]}<\/script>\n<!-- \/ Yoast SEO Premium plugin. -->","yoast_head_json":{"title":"Enem 2021 tem quest\u00e3o do segundo dia de prova anulada","description":"Enem 2021 tem quest\u00e3o anulada pelo Inep ap\u00f3s professores apontarem imprecis\u00f5es na resposta. Confira qual foi a pergunta em nosso blog.","robots":{"index":"index","follow":"follow","max-snippet":"max-snippet:-1","max-image-preview":"max-image-preview:large","max-video-preview":"max-video-preview:-1"},"canonical":"https:\/\/vestibulares.estrategia.com\/portal\/noticias\/enem-2021-questao-segundo-dia-de-prova-anulada\/","og_locale":"pt_BR","og_type":"article","og_title":"Enem 2021 tem quest\u00e3o do segundo dia de prova anulada","og_description":"Enem 2021 tem quest\u00e3o anulada pelo Inep ap\u00f3s professores apontarem imprecis\u00f5es na resposta. Confira qual foi a pergunta em nosso blog.","og_url":"https:\/\/vestibulares.estrategia.com\/portal\/noticias\/enem-2021-questao-segundo-dia-de-prova-anulada\/","og_site_name":"Estrat\u00e9gia Vestibulares","article_publisher":"https:\/\/facebook.com\/estrategiavestibulares","article_published_time":"2021-12-01T18:27:35+00:00","article_modified_time":"2021-12-01T18:30:10+00:00","og_image":[{"width":750,"height":420,"url":"https:\/\/cdn.blog.estrategiavestibulares.com.br\/vestibulares\/wp-content\/uploads\/2021\/07\/ENEM-EV.jpg","type":"image\/jpeg"}],"author":"Leonardo Del Sant","twitter_card":"summary_large_image","twitter_creator":"@Estrategiavest","twitter_site":"@Estrategiavest","twitter_misc":{"Escrito por":"Leonardo Del Sant","Est. tempo de leitura":"2 minutos"},"schema":{"@context":"https:\/\/schema.org","@graph":[{"@type":"NewsArticle","@id":"https:\/\/vestibulares.estrategia.com\/portal\/noticias\/enem-2021-questao-segundo-dia-de-prova-anulada\/#article","isPartOf":{"@id":"https:\/\/vestibulares.estrategia.com\/portal\/noticias\/enem-2021-questao-segundo-dia-de-prova-anulada\/"},"author":{"name":"Leonardo Del Sant","@id":"https:\/\/vestibulares.estrategia.com\/portal\/#\/schema\/person\/95532619fccae669187ec84703047908"},"headline":"Enem 2021 tem quest\u00e3o do segundo dia de prova anulada","datePublished":"2021-12-01T18:27:35+00:00","dateModified":"2021-12-01T18:30:10+00:00","mainEntityOfPage":{"@id":"https:\/\/vestibulares.estrategia.com\/portal\/noticias\/enem-2021-questao-segundo-dia-de-prova-anulada\/"},"wordCount":424,"publisher":{"@id":"https:\/\/vestibulares.estrategia.com\/portal\/#organization"},"image":{"@id":"https:\/\/vestibulares.estrategia.com\/portal\/noticias\/enem-2021-questao-segundo-dia-de-prova-anulada\/#primaryimage"},"thumbnailUrl":"https:\/\/vestibulares.estrategia.com\/portal\/wp-content\/uploads\/2021\/07\/ENEM-EV.jpg","articleSection":["Not\u00edcias"],"inLanguage":"pt-BR"},{"@type":"WebPage","@id":"https:\/\/vestibulares.estrategia.com\/portal\/noticias\/enem-2021-questao-segundo-dia-de-prova-anulada\/","url":"https:\/\/vestibulares.estrategia.com\/portal\/noticias\/enem-2021-questao-segundo-dia-de-prova-anulada\/","name":"Enem 2021 tem quest\u00e3o do segundo dia de prova anulada","isPartOf":{"@id":"https:\/\/vestibulares.estrategia.com\/portal\/#website"},"primaryImageOfPage":{"@id":"https:\/\/vestibulares.estrategia.com\/portal\/noticias\/enem-2021-questao-segundo-dia-de-prova-anulada\/#primaryimage"},"image":{"@id":"https:\/\/vestibulares.estrategia.com\/portal\/noticias\/enem-2021-questao-segundo-dia-de-prova-anulada\/#primaryimage"},"thumbnailUrl":"https:\/\/vestibulares.estrategia.com\/portal\/wp-content\/uploads\/2021\/07\/ENEM-EV.jpg","datePublished":"2021-12-01T18:27:35+00:00","dateModified":"2021-12-01T18:30:10+00:00","description":"Enem 2021 tem quest\u00e3o anulada pelo Inep ap\u00f3s professores apontarem imprecis\u00f5es na resposta. Confira qual foi a pergunta em nosso blog.","breadcrumb":{"@id":"https:\/\/vestibulares.estrategia.com\/portal\/noticias\/enem-2021-questao-segundo-dia-de-prova-anulada\/#breadcrumb"},"inLanguage":"pt-BR","potentialAction":[{"@type":"ReadAction","target":["https:\/\/vestibulares.estrategia.com\/portal\/noticias\/enem-2021-questao-segundo-dia-de-prova-anulada\/"]}]},{"@type":"ImageObject","inLanguage":"pt-BR","@id":"https:\/\/vestibulares.estrategia.com\/portal\/noticias\/enem-2021-questao-segundo-dia-de-prova-anulada\/#primaryimage","url":"https:\/\/vestibulares.estrategia.com\/portal\/wp-content\/uploads\/2021\/07\/ENEM-EV.jpg","contentUrl":"https:\/\/vestibulares.estrategia.com\/portal\/wp-content\/uploads\/2021\/07\/ENEM-EV.jpg","width":750,"height":420,"caption":"enem 2021"},{"@type":"BreadcrumbList","@id":"https:\/\/vestibulares.estrategia.com\/portal\/noticias\/enem-2021-questao-segundo-dia-de-prova-anulada\/#breadcrumb","itemListElement":[{"@type":"ListItem","position":1,"name":"Home","item":"https:\/\/vestibulares.estrategia.com\/portal\/"},{"@type":"ListItem","position":2,"name":"Not\u00edcias","item":"https:\/\/vestibulares.estrategia.com\/portal\/noticias\/"},{"@type":"ListItem","position":3,"name":"Enem 2021 tem quest\u00e3o do segundo dia de prova anulada"}]},{"@type":"WebSite","@id":"https:\/\/vestibulares.estrategia.com\/portal\/#website","url":"https:\/\/vestibulares.estrategia.com\/portal\/","name":"Estrat\u00e9gia Vestibulares","description":"","publisher":{"@id":"https:\/\/vestibulares.estrategia.com\/portal\/#organization"},"potentialAction":[{"@type":"SearchAction","target":{"@type":"EntryPoint","urlTemplate":"https:\/\/vestibulares.estrategia.com\/portal\/?s={search_term_string}"},"query-input":{"@type":"PropertyValueSpecification","valueRequired":true,"valueName":"search_term_string"}}],"inLanguage":"pt-BR"},{"@type":"Organization","@id":"https:\/\/vestibulares.estrategia.com\/portal\/#organization","name":"Estrat\u00e9gia Vestibulares","url":"https:\/\/vestibulares.estrategia.com\/portal\/","logo":{"@type":"ImageObject","inLanguage":"pt-BR","@id":"https:\/\/vestibulares.estrategia.com\/portal\/#\/schema\/logo\/image\/","url":"https:\/\/vestibulares.estrategia.com\/portal\/wp-content\/uploads\/2021\/06\/Logo-Vestibulares@4x.png","contentUrl":"https:\/\/vestibulares.estrategia.com\/portal\/wp-content\/uploads\/2021\/06\/Logo-Vestibulares@4x.png","width":250,"height":66,"caption":"Estrat\u00e9gia Vestibulares"},"image":{"@id":"https:\/\/vestibulares.estrategia.com\/portal\/#\/schema\/logo\/image\/"},"sameAs":["https:\/\/facebook.com\/estrategiavestibulares","https:\/\/x.com\/Estrategiavest","https:\/\/www.instagram.com\/estrategiavestibulares","https:\/\/www.youtube.com\/channel\/UCGWdZy8ULI-7_5GrABa4vNA"]},{"@type":"Person","@id":"https:\/\/vestibulares.estrategia.com\/portal\/#\/schema\/person\/95532619fccae669187ec84703047908","name":"Leonardo Del Sant","image":{"@type":"ImageObject","inLanguage":"pt-BR","@id":"https:\/\/vestibulares.estrategia.com\/portal\/#\/schema\/person\/image\/","url":"https:\/\/vestibulares.estrategia.com\/portal\/wp-content\/uploads\/2026\/02\/1000082484-150x150.jpeg","contentUrl":"https:\/\/vestibulares.estrategia.com\/portal\/wp-content\/uploads\/2026\/02\/1000082484-150x150.jpeg","caption":"Leonardo Del Sant"},"description":"Coordenador de Jornalismo do Estrat\u00e9gia Vestibulares. Trabalhou com escrita para SEO em sites das \u00e1reas de economia, varejo, sa\u00fade, tecnologia e alimenta\u00e7\u00e3o. Formado em jornalismo pela Unesp\/Bauru.","url":"https:\/\/vestibulares.estrategia.com\/portal\/author\/leonardo-del-sant\/"}]}},"_wl_alt_label":[],"wl:entity_url":"https:\/\/data.wordlift.io\/wl110249\/post\/enem-2021-questao-segundo-dia-de-prova-anulada","_links":{"self":[{"href":"https:\/\/vestibulares.estrategia.com\/portal\/wp-json\/wp\/v2\/posts\/59232","targetHints":{"allow":["GET"]}}],"collection":[{"href":"https:\/\/vestibulares.estrategia.com\/portal\/wp-json\/wp\/v2\/posts"}],"about":[{"href":"https:\/\/vestibulares.estrategia.com\/portal\/wp-json\/wp\/v2\/types\/post"}],"author":[{"embeddable":true,"href":"https:\/\/vestibulares.estrategia.com\/portal\/wp-json\/wp\/v2\/users\/43"}],"replies":[{"embeddable":true,"href":"https:\/\/vestibulares.estrategia.com\/portal\/wp-json\/wp\/v2\/comments?post=59232"}],"version-history":[{"count":1,"href":"https:\/\/vestibulares.estrategia.com\/portal\/wp-json\/wp\/v2\/posts\/59232\/revisions"}],"predecessor-version":[{"id":59249,"href":"https:\/\/vestibulares.estrategia.com\/portal\/wp-json\/wp\/v2\/posts\/59232\/revisions\/59249"}],"wp:featuredmedia":[{"embeddable":true,"href":"https:\/\/vestibulares.estrategia.com\/portal\/wp-json\/wp\/v2\/media\/52278"}],"wp:attachment":[{"href":"https:\/\/vestibulares.estrategia.com\/portal\/wp-json\/wp\/v2\/media?parent=59232"}],"wp:term":[{"taxonomy":"category","embeddable":true,"href":"https:\/\/vestibulares.estrategia.com\/portal\/wp-json\/wp\/v2\/categories?post=59232"},{"taxonomy":"post_tag","embeddable":true,"href":"https:\/\/vestibulares.estrategia.com\/portal\/wp-json\/wp\/v2\/tags?post=59232"},{"taxonomy":"wl_entity_type","embeddable":true,"href":"https:\/\/vestibulares.estrategia.com\/portal\/wp-json\/wp\/v2\/wl_entity_type?post=59232"}],"curies":[{"name":"wp","href":"https:\/\/api.w.org\/{rel}","templated":true}]}}