{"id":60994,"date":"2022-01-12T16:29:42","date_gmt":"2022-01-12T19:29:42","guid":{"rendered":"https:\/\/vestibulares.estrategia.com\/portal\/?p=60994"},"modified":"2022-01-12T16:40:56","modified_gmt":"2022-01-12T19:40:56","slug":"ufrgs-tera-vestibular-presencial","status":"publish","type":"post","link":"https:\/\/vestibulares.estrategia.com\/portal\/noticias\/ufrgs-tera-vestibular-presencial\/","title":{"rendered":"UFRGS 2022: provas ser\u00e3o aplicadas presencialmente em fevereiro"},"content":{"rendered":"<p>O vestibular da Universidade Federal do Rio Grande do Sul ser&aacute; aplicado nos dias 12 e 13 de fevereiro de forma presencial. O an&uacute;ncio foi feito pela Comiss&atilde;o Permanente de Sele&ccedil;&atilde;o (Coperse), cumprindo o edital que exigia a confirma&ccedil;&atilde;o da forma de aplica&ccedil;&atilde;o com, no m&iacute;nimo, 30 dias antes do exame.<p>A decis&atilde;o de manter o concurso de forma presencial vem do Comit&ecirc; Covid UFRGS, respons&aacute;vel pelo plano de contingenciamento da doen&ccedil;a. A orienta&ccedil;&atilde;o &eacute; que medidas sanit&aacute;rias previstas nas&nbsp;&ldquo;Diretrizes para retorno restrito das atividades presenciais na UFRGS&rdquo; sejam cumpridas pelos candidatos e equipe de aplica&ccedil;&atilde;o.<\/p><p>A Comiss&atilde;o Permanente de Sele&ccedil;&atilde;o afirma, ainda, que os candidatos receber&atilde;o as informa&ccedil;&otilde;es sobre as medidas sanit&aacute;rias necess&aacute;rias para o comparecimento nos dias de prova. <\/p><div id=\"ez-toc-container\" class=\"ez-toc-v2_0_76 counter-hierarchy ez-toc-counter ez-toc-transparent ez-toc-container-direction\">\n<div class=\"ez-toc-title-container\"><p class=\"ez-toc-title\" style=\"cursor:inherit\">Navegue pelo conte\u00fado<\/p>\n<\/div><nav><ul class='ez-toc-list ez-toc-list-level-1 ' ><li class='ez-toc-page-1 ez-toc-heading-level-2'><a class=\"ez-toc-link ez-toc-heading-1\" href=\"https:\/\/vestibulares.estrategia.com\/portal\/noticias\/ufrgs-tera-vestibular-presencial\/#Vestibular-2022\" >Vestibular 2022<\/a><\/li><li class='ez-toc-page-1 ez-toc-heading-level-2'><a class=\"ez-toc-link ez-toc-heading-2\" href=\"https:\/\/vestibulares.estrategia.com\/portal\/noticias\/ufrgs-tera-vestibular-presencial\/#Calendario-UFRGS-2022\" >Calend&aacute;rio UFRGS 2022<\/a><\/li><li class='ez-toc-page-1 ez-toc-heading-level-2'><a class=\"ez-toc-link ez-toc-heading-3\" href=\"https:\/\/vestibulares.estrategia.com\/portal\/noticias\/ufrgs-tera-vestibular-presencial\/#Conquiste-sua-vaga-na-UFRGS\" >Conquiste sua vaga na UFRGS<\/a><\/li><\/ul><\/nav><\/div>\n<h2 class=\"wp-block-heading\" id=\"h-vestibular-2022\"><span class=\"ez-toc-section\" id=\"Vestibular-2022\"><\/span>Vestibular 2022<span class=\"ez-toc-section-end\"><\/span><\/h2><p>A UFGRS oferece 3.980 vagas divididas entre 89 cursos de gradua&ccedil;&atilde;o, sendo 50% das vagas de cada curso destinadas as A&ccedil;&otilde;es Afirmativas para as modalidades de cotas.<\/p><p>No dia 12 de fevereiro, os vestibulandos far&atilde;o uma prova com quest&otilde;es de Hist&oacute;ria, L&iacute;ngua Portuguesa, Literatura em L&iacute;ngua Portuguesa, Matem&aacute;tica e uma Reda&ccedil;&atilde;o. J&aacute; no dia 13, &eacute; a vez das quest&otilde;es de Biologia, F&iacute;sica, Geografia, L&iacute;ngua Estrangeira Moderna e Qu&iacute;mica. Cada disciplina exigir&aacute; a resposta de 15 quest&otilde;es, e as provas t&ecirc;m dura&ccedil;&atilde;o de 5 horas e 30 minutos em cada dia.<\/p><p>O vestibular ser&aacute; realizado nas cidades de Porto Alegre, Bento Gon&ccedil;alves, Canoas, Gravata&iacute;, Imb&eacute;, Novo Hamburgo e Tramanda&iacute;.<\/p><h2 class=\"wp-block-heading\" id=\"h-calendario-ufrgs-2022\"><span class=\"ez-toc-section\" id=\"Calendario-UFRGS-2022\"><\/span>Calend&aacute;rio UFRGS 2022<span class=\"ez-toc-section-end\"><\/span><\/h2><p><strong>Inscri&ccedil;&otilde;es<\/strong>: 24\/11 a 10\/12\/2021<br><strong>Per&iacute;odo de para isen&ccedil;&atilde;o<\/strong>: at&eacute; 22\/11\/2021<br><strong>Pagamento da taxa at&eacute;<\/strong>: 13\/12\/2021<br><strong>Provas<\/strong>: 12 e 13\/02\/2022<br><strong>Divulga&ccedil;&atilde;o do caderno de quest&otilde;es e gabarito<\/strong>: 13 e 14\/02\/2022<br><strong>Provas de habilidades espec&iacute;ficas<\/strong>: 20\/12\/2021 a 06\/01\/2022<br><strong>Resultado<\/strong>: 25\/02\/2022<\/p><h2 class=\"wp-block-heading\" id=\"h-conquiste-sua-vaga-na-ufrgs\"><span class=\"ez-toc-section\" id=\"Conquiste-sua-vaga-na-UFRGS\"><\/span>Conquiste sua vaga na UFRGS<span class=\"ez-toc-section-end\"><\/span><\/h2><p>Com o Estrat&eacute;gia Vestibulares voc&ecirc; realiza o sonho de estudar em uma grande universidade. Conhe&ccedil;a nosso material did&aacute;tico, professores especializados nas maiores bancas do pa&iacute;s, banco de quest&otilde;es e muito mais. Vem ser Coruja!<\/p><div class=\"wp-block-buttons is-content-justification-center is-layout-flex wp-block-buttons-is-layout-flex\">\n<div class=\"wp-block-button has-custom-font-size\" style=\"font-size:15px\"><a class=\"wp-block-button__link has-white-color has-luminous-vivid-amber-to-luminous-vivid-orange-gradient-background has-text-color has-background\" href=\"https:\/\/www.estrategiavestibulares.com.br\/\" target=\"_blank\">ACESSAR O ESTRAT&Eacute;GIA VESTIBULARES<\/a><\/div>\n<\/div><p> <\/p><p>\n\n\n\n<a id=\"cta\" class=\"cta-imagem\" href=\"https:\/\/vestibulares.estrategia.com\/curso\/pacote-ufrgs\/\" target=\"blank\">\n                <img decoding=\"async\" width=\"100%\" src=\"https:\/\/vestibulares.estrategia.com\/portal\/wp-content\/uploads\/2021\/07\/UFRGS_2.jpg\" alt=\"CTA Curso UFRGS\" title=\"CTA Curso UFRGS\">\n        <\/a>\n<\/p><\/p>\n","protected":false},"excerpt":{"rendered":"Universidade deve enviar aos candidatos instru\u00e7\u00f5es sanit\u00e1rias de seguran\u00e7a para os dias de provas\n","protected":false},"author":48,"featured_media":51440,"comment_status":"closed","ping_status":"closed","sticky":false,"template":"","format":"standard","meta":{"wl_entities_gutenberg":"","footnotes":""},"categories":[47,35],"tags":[130,643,167],"wl_entity_type":[732],"class_list":{"0":"post-60994","1":"post","2":"type-post","3":"status-publish","4":"format-standard","5":"has-post-thumbnail","7":"category-noticias","8":"category-vestibulares","9":"tag-ufrgs","10":"tag-ufrgs-2022","11":"tag-vestibular-ufrgs","12":"wl_entity_type-article"},"acf":[],"yoast_head":"<!-- This site is optimized with the Yoast SEO Premium plugin v25.9 (Yoast SEO v25.9) - https:\/\/yoast.com\/wordpress\/plugins\/seo\/ -->\n<title>UFRGS 2022: provas ser\u00e3o aplicadas presencialmente em fevereiro<\/title>\n<meta name=\"description\" content=\"UFRGS determina que vestibular 2022 ser\u00e1 aplicado de forma presencial e candidatos ter\u00e3o que seguir medidas sanit\u00e1rias de seguran\u00e7a.\" \/>\n<meta name=\"robots\" content=\"index, follow, max-snippet:-1, max-image-preview:large, max-video-preview:-1\" \/>\n<link rel=\"canonical\" href=\"https:\/\/vestibulares.estrategia.com\/portal\/noticias\/ufrgs-tera-vestibular-presencial\/\" \/>\n<meta property=\"og:locale\" content=\"pt_BR\" \/>\n<meta property=\"og:type\" content=\"article\" \/>\n<meta property=\"og:title\" content=\"UFRGS 2022: provas ser\u00e3o aplicadas presencialmente em fevereiro\" \/>\n<meta property=\"og:description\" content=\"UFRGS determina que vestibular 2022 ser\u00e1 aplicado de forma presencial e candidatos ter\u00e3o que seguir medidas sanit\u00e1rias de seguran\u00e7a.\" \/>\n<meta property=\"og:url\" content=\"https:\/\/vestibulares.estrategia.com\/portal\/noticias\/ufrgs-tera-vestibular-presencial\/\" \/>\n<meta property=\"og:site_name\" content=\"Estrat\u00e9gia Vestibulares\" \/>\n<meta property=\"article:publisher\" content=\"https:\/\/facebook.com\/estrategiavestibulares\" \/>\n<meta property=\"article:published_time\" content=\"2022-01-12T19:29:42+00:00\" \/>\n<meta property=\"article:modified_time\" content=\"2022-01-12T19:40:56+00:00\" \/>\n<meta property=\"og:image\" content=\"https:\/\/cdn.blog.estrategiavestibulares.com.br\/vestibulares\/wp-content\/uploads\/2021\/06\/UFRGS-EV.jpg\" \/>\n\t<meta property=\"og:image:width\" content=\"750\" \/>\n\t<meta property=\"og:image:height\" content=\"420\" \/>\n\t<meta property=\"og:image:type\" content=\"image\/jpeg\" \/>\n<meta name=\"author\" content=\"Beatriz Santana\" \/>\n<meta name=\"twitter:card\" content=\"summary_large_image\" \/>\n<meta name=\"twitter:creator\" content=\"@Estrategiavest\" \/>\n<meta name=\"twitter:site\" content=\"@Estrategiavest\" \/>\n<meta name=\"twitter:label1\" content=\"Escrito por\" \/>\n\t<meta name=\"twitter:data1\" content=\"Beatriz Santana\" \/>\n\t<meta name=\"twitter:label2\" content=\"Est. tempo de leitura\" \/>\n\t<meta name=\"twitter:data2\" content=\"2 minutos\" \/>\n<script type=\"application\/ld+json\" class=\"yoast-schema-graph\">{\"@context\":\"https:\/\/schema.org\",\"@graph\":[{\"@type\":\"Article\",\"@id\":\"https:\/\/vestibulares.estrategia.com\/portal\/noticias\/ufrgs-tera-vestibular-presencial\/#article\",\"isPartOf\":{\"@id\":\"https:\/\/vestibulares.estrategia.com\/portal\/noticias\/ufrgs-tera-vestibular-presencial\/\"},\"author\":{\"name\":\"Beatriz Santana\",\"@id\":\"https:\/\/vestibulares.estrategia.com\/portal\/#\/schema\/person\/cdd941dcf53839374c0bc8d39bb0230f\"},\"headline\":\"UFRGS 2022: provas ser\u00e3o aplicadas presencialmente em fevereiro\",\"datePublished\":\"2022-01-12T19:29:42+00:00\",\"dateModified\":\"2022-01-12T19:40:56+00:00\",\"mainEntityOfPage\":{\"@id\":\"https:\/\/vestibulares.estrategia.com\/portal\/noticias\/ufrgs-tera-vestibular-presencial\/\"},\"wordCount\":348,\"publisher\":{\"@id\":\"https:\/\/vestibulares.estrategia.com\/portal\/#organization\"},\"image\":{\"@id\":\"https:\/\/vestibulares.estrategia.com\/portal\/noticias\/ufrgs-tera-vestibular-presencial\/#primaryimage\"},\"thumbnailUrl\":\"https:\/\/vestibulares.estrategia.com\/portal\/wp-content\/uploads\/2021\/06\/UFRGS-EV.jpg\",\"keywords\":[\"ufrgs\",\"ufrgs 2022\",\"vestibular ufrgs\"],\"articleSection\":[\"Not\u00edcias\",\"Vestibulares\"],\"inLanguage\":\"pt-BR\"},{\"@type\":\"WebPage\",\"@id\":\"https:\/\/vestibulares.estrategia.com\/portal\/noticias\/ufrgs-tera-vestibular-presencial\/\",\"url\":\"https:\/\/vestibulares.estrategia.com\/portal\/noticias\/ufrgs-tera-vestibular-presencial\/\",\"name\":\"UFRGS 2022: provas ser\u00e3o aplicadas presencialmente em fevereiro\",\"isPartOf\":{\"@id\":\"https:\/\/vestibulares.estrategia.com\/portal\/#website\"},\"primaryImageOfPage\":{\"@id\":\"https:\/\/vestibulares.estrategia.com\/portal\/noticias\/ufrgs-tera-vestibular-presencial\/#primaryimage\"},\"image\":{\"@id\":\"https:\/\/vestibulares.estrategia.com\/portal\/noticias\/ufrgs-tera-vestibular-presencial\/#primaryimage\"},\"thumbnailUrl\":\"https:\/\/vestibulares.estrategia.com\/portal\/wp-content\/uploads\/2021\/06\/UFRGS-EV.jpg\",\"datePublished\":\"2022-01-12T19:29:42+00:00\",\"dateModified\":\"2022-01-12T19:40:56+00:00\",\"description\":\"UFRGS determina que vestibular 2022 ser\u00e1 aplicado de forma presencial e candidatos ter\u00e3o que seguir medidas sanit\u00e1rias de seguran\u00e7a.\",\"breadcrumb\":{\"@id\":\"https:\/\/vestibulares.estrategia.com\/portal\/noticias\/ufrgs-tera-vestibular-presencial\/#breadcrumb\"},\"inLanguage\":\"pt-BR\",\"potentialAction\":[{\"@type\":\"ReadAction\",\"target\":[\"https:\/\/vestibulares.estrategia.com\/portal\/noticias\/ufrgs-tera-vestibular-presencial\/\"]}]},{\"@type\":\"ImageObject\",\"inLanguage\":\"pt-BR\",\"@id\":\"https:\/\/vestibulares.estrategia.com\/portal\/noticias\/ufrgs-tera-vestibular-presencial\/#primaryimage\",\"url\":\"https:\/\/vestibulares.estrategia.com\/portal\/wp-content\/uploads\/2021\/06\/UFRGS-EV.jpg\",\"contentUrl\":\"https:\/\/vestibulares.estrategia.com\/portal\/wp-content\/uploads\/2021\/06\/UFRGS-EV.jpg\",\"width\":750,\"height\":420,\"caption\":\"vestibular ufrgs\"},{\"@type\":\"BreadcrumbList\",\"@id\":\"https:\/\/vestibulares.estrategia.com\/portal\/noticias\/ufrgs-tera-vestibular-presencial\/#breadcrumb\",\"itemListElement\":[{\"@type\":\"ListItem\",\"position\":1,\"name\":\"Home\",\"item\":\"https:\/\/vestibulares.estrategia.com\/portal\/\"},{\"@type\":\"ListItem\",\"position\":2,\"name\":\"Not\u00edcias\",\"item\":\"https:\/\/vestibulares.estrategia.com\/portal\/noticias\/\"},{\"@type\":\"ListItem\",\"position\":3,\"name\":\"UFRGS 2022: provas ser\u00e3o aplicadas presencialmente em fevereiro\"}]},{\"@type\":\"WebSite\",\"@id\":\"https:\/\/vestibulares.estrategia.com\/portal\/#website\",\"url\":\"https:\/\/vestibulares.estrategia.com\/portal\/\",\"name\":\"Estrat\u00e9gia Vestibulares\",\"description\":\"\",\"publisher\":{\"@id\":\"https:\/\/vestibulares.estrategia.com\/portal\/#organization\"},\"potentialAction\":[{\"@type\":\"SearchAction\",\"target\":{\"@type\":\"EntryPoint\",\"urlTemplate\":\"https:\/\/vestibulares.estrategia.com\/portal\/?s={search_term_string}\"},\"query-input\":{\"@type\":\"PropertyValueSpecification\",\"valueRequired\":true,\"valueName\":\"search_term_string\"}}],\"inLanguage\":\"pt-BR\"},{\"@type\":\"Organization\",\"@id\":\"https:\/\/vestibulares.estrategia.com\/portal\/#organization\",\"name\":\"Estrat\u00e9gia Vestibulares\",\"url\":\"https:\/\/vestibulares.estrategia.com\/portal\/\",\"logo\":{\"@type\":\"ImageObject\",\"inLanguage\":\"pt-BR\",\"@id\":\"https:\/\/vestibulares.estrategia.com\/portal\/#\/schema\/logo\/image\/\",\"url\":\"https:\/\/vestibulares.estrategia.com\/portal\/wp-content\/uploads\/2021\/06\/Logo-Vestibulares@4x.png\",\"contentUrl\":\"https:\/\/vestibulares.estrategia.com\/portal\/wp-content\/uploads\/2021\/06\/Logo-Vestibulares@4x.png\",\"width\":250,\"height\":66,\"caption\":\"Estrat\u00e9gia Vestibulares\"},\"image\":{\"@id\":\"https:\/\/vestibulares.estrategia.com\/portal\/#\/schema\/logo\/image\/\"},\"sameAs\":[\"https:\/\/facebook.com\/estrategiavestibulares\",\"https:\/\/x.com\/Estrategiavest\",\"https:\/\/www.instagram.com\/estrategiavestibulares\",\"https:\/\/www.youtube.com\/channel\/UCGWdZy8ULI-7_5GrABa4vNA\"]},{\"@type\":\"Person\",\"@id\":\"https:\/\/vestibulares.estrategia.com\/portal\/#\/schema\/person\/cdd941dcf53839374c0bc8d39bb0230f\",\"name\":\"Beatriz Santana\",\"image\":{\"@type\":\"ImageObject\",\"inLanguage\":\"pt-BR\",\"@id\":\"https:\/\/vestibulares.estrategia.com\/portal\/#\/schema\/person\/image\/\",\"url\":\"https:\/\/vestibulares.estrategia.com\/portal\/wp-content\/uploads\/2022\/01\/WhatsApp-Image-2021-10-21-at-10.19.09-1-150x150.webp\",\"contentUrl\":\"https:\/\/vestibulares.estrategia.com\/portal\/wp-content\/uploads\/2022\/01\/WhatsApp-Image-2021-10-21-at-10.19.09-1-150x150.webp\",\"caption\":\"Beatriz Santana\"},\"description\":\"Jornalista formada pela Unesp\",\"url\":\"https:\/\/vestibulares.estrategia.com\/portal\/author\/beatriz-santana\/\"}]}<\/script>\n<!-- \/ Yoast SEO Premium plugin. -->","yoast_head_json":{"title":"UFRGS 2022: provas ser\u00e3o aplicadas presencialmente em fevereiro","description":"UFRGS determina que vestibular 2022 ser\u00e1 aplicado de forma presencial e candidatos ter\u00e3o que seguir medidas sanit\u00e1rias de seguran\u00e7a.","robots":{"index":"index","follow":"follow","max-snippet":"max-snippet:-1","max-image-preview":"max-image-preview:large","max-video-preview":"max-video-preview:-1"},"canonical":"https:\/\/vestibulares.estrategia.com\/portal\/noticias\/ufrgs-tera-vestibular-presencial\/","og_locale":"pt_BR","og_type":"article","og_title":"UFRGS 2022: provas ser\u00e3o aplicadas presencialmente em fevereiro","og_description":"UFRGS determina que vestibular 2022 ser\u00e1 aplicado de forma presencial e candidatos ter\u00e3o que seguir medidas sanit\u00e1rias de seguran\u00e7a.","og_url":"https:\/\/vestibulares.estrategia.com\/portal\/noticias\/ufrgs-tera-vestibular-presencial\/","og_site_name":"Estrat\u00e9gia Vestibulares","article_publisher":"https:\/\/facebook.com\/estrategiavestibulares","article_published_time":"2022-01-12T19:29:42+00:00","article_modified_time":"2022-01-12T19:40:56+00:00","og_image":[{"width":750,"height":420,"url":"https:\/\/cdn.blog.estrategiavestibulares.com.br\/vestibulares\/wp-content\/uploads\/2021\/06\/UFRGS-EV.jpg","type":"image\/jpeg"}],"author":"Beatriz Santana","twitter_card":"summary_large_image","twitter_creator":"@Estrategiavest","twitter_site":"@Estrategiavest","twitter_misc":{"Escrito por":"Beatriz Santana","Est. tempo de leitura":"2 minutos"},"schema":{"@context":"https:\/\/schema.org","@graph":[{"@type":"Article","@id":"https:\/\/vestibulares.estrategia.com\/portal\/noticias\/ufrgs-tera-vestibular-presencial\/#article","isPartOf":{"@id":"https:\/\/vestibulares.estrategia.com\/portal\/noticias\/ufrgs-tera-vestibular-presencial\/"},"author":{"name":"Beatriz Santana","@id":"https:\/\/vestibulares.estrategia.com\/portal\/#\/schema\/person\/cdd941dcf53839374c0bc8d39bb0230f"},"headline":"UFRGS 2022: provas ser\u00e3o aplicadas presencialmente em fevereiro","datePublished":"2022-01-12T19:29:42+00:00","dateModified":"2022-01-12T19:40:56+00:00","mainEntityOfPage":{"@id":"https:\/\/vestibulares.estrategia.com\/portal\/noticias\/ufrgs-tera-vestibular-presencial\/"},"wordCount":348,"publisher":{"@id":"https:\/\/vestibulares.estrategia.com\/portal\/#organization"},"image":{"@id":"https:\/\/vestibulares.estrategia.com\/portal\/noticias\/ufrgs-tera-vestibular-presencial\/#primaryimage"},"thumbnailUrl":"https:\/\/vestibulares.estrategia.com\/portal\/wp-content\/uploads\/2021\/06\/UFRGS-EV.jpg","keywords":["ufrgs","ufrgs 2022","vestibular ufrgs"],"articleSection":["Not\u00edcias","Vestibulares"],"inLanguage":"pt-BR"},{"@type":"WebPage","@id":"https:\/\/vestibulares.estrategia.com\/portal\/noticias\/ufrgs-tera-vestibular-presencial\/","url":"https:\/\/vestibulares.estrategia.com\/portal\/noticias\/ufrgs-tera-vestibular-presencial\/","name":"UFRGS 2022: provas ser\u00e3o aplicadas presencialmente em fevereiro","isPartOf":{"@id":"https:\/\/vestibulares.estrategia.com\/portal\/#website"},"primaryImageOfPage":{"@id":"https:\/\/vestibulares.estrategia.com\/portal\/noticias\/ufrgs-tera-vestibular-presencial\/#primaryimage"},"image":{"@id":"https:\/\/vestibulares.estrategia.com\/portal\/noticias\/ufrgs-tera-vestibular-presencial\/#primaryimage"},"thumbnailUrl":"https:\/\/vestibulares.estrategia.com\/portal\/wp-content\/uploads\/2021\/06\/UFRGS-EV.jpg","datePublished":"2022-01-12T19:29:42+00:00","dateModified":"2022-01-12T19:40:56+00:00","description":"UFRGS determina que vestibular 2022 ser\u00e1 aplicado de forma presencial e candidatos ter\u00e3o que seguir medidas sanit\u00e1rias de seguran\u00e7a.","breadcrumb":{"@id":"https:\/\/vestibulares.estrategia.com\/portal\/noticias\/ufrgs-tera-vestibular-presencial\/#breadcrumb"},"inLanguage":"pt-BR","potentialAction":[{"@type":"ReadAction","target":["https:\/\/vestibulares.estrategia.com\/portal\/noticias\/ufrgs-tera-vestibular-presencial\/"]}]},{"@type":"ImageObject","inLanguage":"pt-BR","@id":"https:\/\/vestibulares.estrategia.com\/portal\/noticias\/ufrgs-tera-vestibular-presencial\/#primaryimage","url":"https:\/\/vestibulares.estrategia.com\/portal\/wp-content\/uploads\/2021\/06\/UFRGS-EV.jpg","contentUrl":"https:\/\/vestibulares.estrategia.com\/portal\/wp-content\/uploads\/2021\/06\/UFRGS-EV.jpg","width":750,"height":420,"caption":"vestibular ufrgs"},{"@type":"BreadcrumbList","@id":"https:\/\/vestibulares.estrategia.com\/portal\/noticias\/ufrgs-tera-vestibular-presencial\/#breadcrumb","itemListElement":[{"@type":"ListItem","position":1,"name":"Home","item":"https:\/\/vestibulares.estrategia.com\/portal\/"},{"@type":"ListItem","position":2,"name":"Not\u00edcias","item":"https:\/\/vestibulares.estrategia.com\/portal\/noticias\/"},{"@type":"ListItem","position":3,"name":"UFRGS 2022: provas ser\u00e3o aplicadas presencialmente em fevereiro"}]},{"@type":"WebSite","@id":"https:\/\/vestibulares.estrategia.com\/portal\/#website","url":"https:\/\/vestibulares.estrategia.com\/portal\/","name":"Estrat\u00e9gia Vestibulares","description":"","publisher":{"@id":"https:\/\/vestibulares.estrategia.com\/portal\/#organization"},"potentialAction":[{"@type":"SearchAction","target":{"@type":"EntryPoint","urlTemplate":"https:\/\/vestibulares.estrategia.com\/portal\/?s={search_term_string}"},"query-input":{"@type":"PropertyValueSpecification","valueRequired":true,"valueName":"search_term_string"}}],"inLanguage":"pt-BR"},{"@type":"Organization","@id":"https:\/\/vestibulares.estrategia.com\/portal\/#organization","name":"Estrat\u00e9gia Vestibulares","url":"https:\/\/vestibulares.estrategia.com\/portal\/","logo":{"@type":"ImageObject","inLanguage":"pt-BR","@id":"https:\/\/vestibulares.estrategia.com\/portal\/#\/schema\/logo\/image\/","url":"https:\/\/vestibulares.estrategia.com\/portal\/wp-content\/uploads\/2021\/06\/Logo-Vestibulares@4x.png","contentUrl":"https:\/\/vestibulares.estrategia.com\/portal\/wp-content\/uploads\/2021\/06\/Logo-Vestibulares@4x.png","width":250,"height":66,"caption":"Estrat\u00e9gia Vestibulares"},"image":{"@id":"https:\/\/vestibulares.estrategia.com\/portal\/#\/schema\/logo\/image\/"},"sameAs":["https:\/\/facebook.com\/estrategiavestibulares","https:\/\/x.com\/Estrategiavest","https:\/\/www.instagram.com\/estrategiavestibulares","https:\/\/www.youtube.com\/channel\/UCGWdZy8ULI-7_5GrABa4vNA"]},{"@type":"Person","@id":"https:\/\/vestibulares.estrategia.com\/portal\/#\/schema\/person\/cdd941dcf53839374c0bc8d39bb0230f","name":"Beatriz Santana","image":{"@type":"ImageObject","inLanguage":"pt-BR","@id":"https:\/\/vestibulares.estrategia.com\/portal\/#\/schema\/person\/image\/","url":"https:\/\/vestibulares.estrategia.com\/portal\/wp-content\/uploads\/2022\/01\/WhatsApp-Image-2021-10-21-at-10.19.09-1-150x150.webp","contentUrl":"https:\/\/vestibulares.estrategia.com\/portal\/wp-content\/uploads\/2022\/01\/WhatsApp-Image-2021-10-21-at-10.19.09-1-150x150.webp","caption":"Beatriz Santana"},"description":"Jornalista formada pela Unesp","url":"https:\/\/vestibulares.estrategia.com\/portal\/author\/beatriz-santana\/"}]}},"_wl_alt_label":[],"wl:entity_url":"https:\/\/data.wordlift.io\/wl110249\/post\/ufrgs-tera-vestibular-presencial","_links":{"self":[{"href":"https:\/\/vestibulares.estrategia.com\/portal\/wp-json\/wp\/v2\/posts\/60994","targetHints":{"allow":["GET"]}}],"collection":[{"href":"https:\/\/vestibulares.estrategia.com\/portal\/wp-json\/wp\/v2\/posts"}],"about":[{"href":"https:\/\/vestibulares.estrategia.com\/portal\/wp-json\/wp\/v2\/types\/post"}],"author":[{"embeddable":true,"href":"https:\/\/vestibulares.estrategia.com\/portal\/wp-json\/wp\/v2\/users\/48"}],"replies":[{"embeddable":true,"href":"https:\/\/vestibulares.estrategia.com\/portal\/wp-json\/wp\/v2\/comments?post=60994"}],"version-history":[{"count":6,"href":"https:\/\/vestibulares.estrategia.com\/portal\/wp-json\/wp\/v2\/posts\/60994\/revisions"}],"predecessor-version":[{"id":61029,"href":"https:\/\/vestibulares.estrategia.com\/portal\/wp-json\/wp\/v2\/posts\/60994\/revisions\/61029"}],"wp:featuredmedia":[{"embeddable":true,"href":"https:\/\/vestibulares.estrategia.com\/portal\/wp-json\/wp\/v2\/media\/51440"}],"wp:attachment":[{"href":"https:\/\/vestibulares.estrategia.com\/portal\/wp-json\/wp\/v2\/media?parent=60994"}],"wp:term":[{"taxonomy":"category","embeddable":true,"href":"https:\/\/vestibulares.estrategia.com\/portal\/wp-json\/wp\/v2\/categories?post=60994"},{"taxonomy":"post_tag","embeddable":true,"href":"https:\/\/vestibulares.estrategia.com\/portal\/wp-json\/wp\/v2\/tags?post=60994"},{"taxonomy":"wl_entity_type","embeddable":true,"href":"https:\/\/vestibulares.estrategia.com\/portal\/wp-json\/wp\/v2\/wl_entity_type?post=60994"}],"curies":[{"name":"wp","href":"https:\/\/api.w.org\/{rel}","templated":true}]}}