{"id":62242,"date":"2022-01-31T19:50:42","date_gmt":"2022-01-31T22:50:42","guid":{"rendered":"https:\/\/vestibulares.estrategia.com\/portal\/?p=62242"},"modified":"2023-07-28T14:28:12","modified_gmt":"2023-07-28T17:28:12","slug":"livros-sociedade-brasileira","status":"publish","type":"post","link":"https:\/\/vestibulares.estrategia.com\/portal\/materias\/sociologia\/livros-sociedade-brasileira\/","title":{"rendered":"7 livros para entender a sociedade brasileira"},"content":{"rendered":"<p class=\"wp-block-paragraph\">Muito al&eacute;m de estudar para o <span id=\"urn:enhancement-856de7ca-693a-4b90-9edd-a2a58d674234\" class=\"textannotation disambiguated wl-thing\" itemid=\"https:\/\/data.wordlift.io\/wl110249\/entity\/vestibular\">vestibular<\/span>, compreender a sociedade em que vivemos &eacute; necess&aacute;rio para a nossa pr&oacute;pria <a href=\"https:\/\/vestibulares.estrategia.com\/portal\/sociologia\/cidadania\/\" target=\"_blank\">cidadania<\/a>. Afinal, a &uacute;nica <span id=\"urn:enhancement-78d42502-9ab5-4ab8-b350-3f2945dfad8c\" class=\"textannotation disambiguated wl-thing\" itemid=\"https:\/\/data.wordlift.io\/wl110249\/entity\/geometria\">forma<\/span> de identificar os problemas, suas causas, consequ&ecirc;ncias e formas de transform&aacute;-los &eacute; estudando e compreendendo-os de <span id=\"urn:enhancement-77eca069-0940-42b5-a6f2-151f0ea937b2\" class=\"textannotation disambiguated wl-thing\" itemid=\"https:\/\/data.wordlift.io\/wl110249\/entity\/geometria\">forma<\/span> mais profunda. Para te ajudar a chegar l&aacute;, confira os 9 livros que indicamos para entender a sociedade brasileira.<p class=\"wp-block-verse wp-block-paragraph\">Veja tamb&eacute;m: <a href=\"https:\/\/vestibulares.estrategia.com\/portal\/literatura\/literatura-brasileira\/\">Literatura brasileira: panorama hist&oacute;rico das principais escolas<\/a><\/p><p class=\"wp-block-paragraph\">Como sabemos que voc&ecirc; adora uma lista, separamos livros de autores diversos, com perspectivas e tem&aacute;ticas distintas sobre a sociedade brasileira. Todos os livros tamb&eacute;m te ajudam a ampliar o <span id=\"urn:enhancement-c9eb6dc2-ed7f-4087-a78e-b768b5e8509c\" class=\"textannotation disambiguated wl-thing\" itemid=\"https:\/\/data.wordlift.io\/wl110249\/entity\/repertorio-sociocultural\">repert&oacute;rio sociocultural<\/span> para escrever uma boa <span id=\"urn:enhancement-6810fa8f-f606-4f18-bbf7-86d17f136161\" class=\"textannotation disambiguated wl-thing\" itemid=\"https:\/\/data.wordlift.io\/wl110249\/entity\/redacao\">reda&ccedil;&atilde;o<\/span> e para fortalecer seus conhecimentos em hist&oacute;ria, <span id=\"urn:enhancement-cea5d1f8-ddf3-4b43-9c13-f11e8ba1f3ff\" class=\"textannotation disambiguated wl-thing\" itemid=\"https:\/\/data.wordlift.io\/wl110249\/entity\/geografia\">geografia<\/span>, filosofia e <span id=\"urn:enhancement-4e55ed7b-9404-40e1-89a1-24326cf6fdfc\" class=\"textannotation disambiguated wl-thing\" itemid=\"https:\/\/data.wordlift.io\/wl110249\/entity\/sociologia\">sociologia<\/span>. Vamos l&aacute;?<\/p><pre class=\"wp-block-verse\">Leia tamb&eacute;m: <a href=\"https:\/\/vestibulares.estrategia.com\/portal\/literatura\/9-livros-mudaram-historia-humanidade\/\">9 livros que mudaram a hist&oacute;<\/a><a href=\"https:\/\/vestibulares.estrategia.com\/portal\/literatura\/9-livros-mudaram-historia-humanidade\/\" target=\"_blank\">ria da humanidade<br>9 filmes para compreender a quest&atilde;o racial<br>17 filmes para compreender a hist&oacute;ria do Brasil<\/a><\/pre><figure class=\"wp-block-embed is-type-video is-provider-youtube wp-block-embed-youtube wp-embed-aspect-16-9 wp-has-aspect-ratio\"><div class=\"wp-block-embed__wrapper\">\n<div class=\"cs-embed cs-embed-responsive\"><iframe title=\"Sociologia Do Zero\" width=\"1200\" height=\"675\" src=\"https:\/\/www.youtube.com\/embed\/u4ZREcGwkF4?feature=oembed\" frameborder=\"0\" allow=\"accelerometer; autoplay; clipboard-write; encrypted-media; gyroscope; picture-in-picture; web-share\" allowfullscreen><\/iframe><\/div>\n<\/div><\/figure><div id=\"ez-toc-container\" class=\"ez-toc-v2_0_86 counter-hierarchy ez-toc-counter ez-toc-transparent ez-toc-container-direction\">\n<div class=\"ez-toc-title-container\"><p class=\"ez-toc-title\" style=\"cursor:inherit\">Navegue pelo conte\u00fado<\/p>\n<\/div><nav><ul class='ez-toc-list ez-toc-list-level-1 ' ><li class='ez-toc-page-1 ez-toc-heading-level-2'><a class=\"ez-toc-link ez-toc-heading-1\" href=\"https:\/\/vestibulares.estrategia.com\/portal\/materias\/sociologia\/livros-sociedade-brasileira\/#1-Casa-Grande-e-Senzala-1933-%E2%80%94-Gilberto-Freyre\" >1. Casa-Grande e Senzala (1933) &mdash; Gilberto Freyre<\/a><\/li><li class='ez-toc-page-1 ez-toc-heading-level-2'><a class=\"ez-toc-link ez-toc-heading-2\" href=\"https:\/\/vestibulares.estrategia.com\/portal\/materias\/sociologia\/livros-sociedade-brasileira\/#2-Raizes-do-Brasil-1936-%E2%80%94-Sergio-Buarque-de-Holanda\" >2. Ra&iacute;zes do Brasil (1936) &mdash; S&eacute;rgio Buarque de Holanda<\/a><\/li><li class='ez-toc-page-1 ez-toc-heading-level-2'><a class=\"ez-toc-link ez-toc-heading-3\" href=\"https:\/\/vestibulares.estrategia.com\/portal\/materias\/sociologia\/livros-sociedade-brasileira\/#3-Formacao-do-Brasil-Contemporaneo-1942-%E2%80%94-Caio-Prado-Junior\" >3. Forma&ccedil;&atilde;o do Brasil Contempor&acirc;neo (1942) &mdash; Caio Prado J&uacute;nior&nbsp;<\/a><\/li><li class='ez-toc-page-1 ez-toc-heading-level-2'><a class=\"ez-toc-link ez-toc-heading-4\" href=\"https:\/\/vestibulares.estrategia.com\/portal\/materias\/sociologia\/livros-sociedade-brasileira\/#4-O-negro-no-mundo-dos-brancos-1972-%E2%80%94-Florestan-Fernandes\" >4. O negro no mundo dos brancos (1972) &mdash; Florestan Fernandes<\/a><\/li><li class='ez-toc-page-1 ez-toc-heading-level-2'><a class=\"ez-toc-link ez-toc-heading-5\" href=\"https:\/\/vestibulares.estrategia.com\/portal\/materias\/sociologia\/livros-sociedade-brasileira\/#5-O-Povo-Brasileiro-A-Formacao-e-o-Sentido-do-Brasil-1995-%E2%80%94-Darcy-Ribeiro\" >5. O Povo Brasileiro: A Forma&ccedil;&atilde;o e o Sentido do Brasil (1995) &mdash; Darcy Ribeiro<\/a><\/li><li class='ez-toc-page-1 ez-toc-heading-level-2'><a class=\"ez-toc-link ez-toc-heading-6\" href=\"https:\/\/vestibulares.estrategia.com\/portal\/materias\/sociologia\/livros-sociedade-brasileira\/#6-A-rale-brasileira-quem-e-e-como-vive-2009-%E2%80%94-Jesse-de-Souza\" >6. A ral&eacute; brasileira: quem &eacute; e como vive (2009) &mdash; Jess&eacute; de Souza<\/a><\/li><li class='ez-toc-page-1 ez-toc-heading-level-2'><a class=\"ez-toc-link ez-toc-heading-7\" href=\"https:\/\/vestibulares.estrategia.com\/portal\/materias\/sociologia\/livros-sociedade-brasileira\/#7-Brasil-uma-biografia-2015-%E2%80%94-Lilia-Moritz-Schwarcz-e-Heloisa-Murgel-Starling\" >7.&nbsp; Brasil: uma biografia (2015) &mdash; Lilia Moritz Schwarcz e Heloisa Murgel Starling<\/a><\/li><li class='ez-toc-page-1 ez-toc-heading-level-2'><a class=\"ez-toc-link ez-toc-heading-8\" href=\"https:\/\/vestibulares.estrategia.com\/portal\/materias\/sociologia\/livros-sociedade-brasileira\/#Estude-com-o-Estrategia-Vestibulares\" >Estude com o Estrat&eacute;gia Vestibulares<\/a><\/li><\/ul><\/nav><\/div>\n<h2 class=\"wp-block-heading\" id=\"h-1-casa-grande-e-senzala-1933-gilberto-freyre\"><span class=\"ez-toc-section\" id=\"1-Casa-Grande-e-Senzala-1933-%E2%80%94-Gilberto-Freyre\"><\/span>1. Casa-Grande e Senzala (1933) &mdash; Gilberto Freyre<span class=\"ez-toc-section-end\"><\/span><\/h2><p class=\"wp-block-paragraph\">A obra do soci&oacute;logo Gilberto Freyre &eacute; um <span id=\"urn:enhancement-7032ec02-3317-4e74-a1ce-19fa7fd4e9ad\" class=\"textannotation disambiguated wl-thing\" itemid=\"https:\/\/data.wordlift.io\/wl110249\/entity\/classico\">cl&aacute;ssico<\/span> da <span id=\"urn:enhancement-b6c8652a-d519-4c24-9437-7bc29df6fc3e\" class=\"textannotation disambiguated wl-thing\" itemid=\"https:\/\/data.wordlift.io\/wl110249\/entity\/sociologia\">sociologia<\/span> brasileira, tendo fundamentado ideias que norteiam a identidade nacional at&eacute; os dias atuais, como a de miscigena&ccedil;&atilde;o das ra&ccedil;as que comp&otilde;em a sociedade.&nbsp;<\/p><p class=\"wp-block-paragraph\">A ideia de miscigena&ccedil;&atilde;o entre portugueses, os povos escravizados do continente africano, a <span id=\"urn:enhancement-cdd08741-4eaf-46ac-8797-53772d6cc87f\" class=\"textannotation disambiguated wl-creative-work\" itemid=\"https:\/\/data.wordlift.io\/wl110249\/entity\/populacao\">popula&ccedil;&atilde;o<\/span> ind&iacute;gena e os imigrantes &eacute; o que determina as organiza&ccedil;&otilde;es <span id=\"urn:enhancement-3df6f2a6-e96e-4ae5-aa3e-868f5a18d9c0\" class=\"textannotation disambiguated wl-thing\" itemid=\"https:\/\/data.wordlift.io\/wl110249\/entity\/ciencias-sociais\">sociais<\/span> do <span id=\"urn:enhancement-10390548-4e20-4b50-97e1-a2203a1f157f\" class=\"textannotation disambiguated wl-organization\" itemid=\"https:\/\/data.wordlift.io\/wl110249\/entity\/brasil\">Brasil<\/span>. Elas remontam a organiza&ccedil;&atilde;o entre casa-grande e senzala com forte patriarcalismo e patrimonialismo. O senhor homem, branco, &eacute; o grande dono dos escravos, mulheres, amantes e do que mais pudesse possuir.<\/p><p class=\"wp-block-paragraph\">Apesar da constata&ccedil;&atilde;o sobre o legado colonial para a sociedade, &eacute; otimista em sua an&aacute;lise sobre a miscigena&ccedil;&atilde;o. Ele tamb&eacute;m busca refutar a tese de inferioridade de ra&ccedil;as, alegando que a mistura &eacute; uma vantagem cultural do <span id=\"urn:enhancement-9480e6ff-664c-4a15-8e1b-ead737746504\" class=\"textannotation disambiguated wl-organization\" itemid=\"https:\/\/data.wordlift.io\/wl110249\/entity\/brasil\">Brasil<\/span>.&nbsp;<\/p><h2 class=\"wp-block-heading\" id=\"h-2-raizes-do-brasil-1936-sergio-buarque-de-holanda\"><span class=\"ez-toc-section\" id=\"2-Raizes-do-Brasil-1936-%E2%80%94-Sergio-Buarque-de-Holanda\"><\/span>2. Ra&iacute;zes do Brasil (1936) &mdash; S&eacute;rgio Buarque de Holanda<span class=\"ez-toc-section-end\"><\/span><\/h2><p class=\"wp-block-paragraph\">&Eacute; o primeiro livro do historiador S&eacute;rgio Buarque de Holanda (sim, av&ocirc; do Chico Buarque de Holanda), publicado originalmente em 1936. &Eacute; considerado um dos livros mais importantes da historiografia brasileira e foi traduzido para diversos idiomas, dada a sua import&acirc;ncia.<\/p><p class=\"wp-block-paragraph\">A obra aborda elementos sobre a composi&ccedil;&atilde;o cultural do <span id=\"urn:enhancement-5c886321-0369-4e83-8437-f9fd5374722b\" class=\"textannotation disambiguated wl-organization\" itemid=\"https:\/\/data.wordlift.io\/wl110249\/entity\/brasil\">Brasil<\/span>, e da forma&ccedil;&atilde;o hist&oacute;rica da sociedade brasileira. O esfor&ccedil;o intelectual do livro concentra-se na supera&ccedil;&atilde;o do legado colonial e na composi&ccedil;&atilde;o de uma <span id=\"urn:enhancement-13fd60c5-ef2a-4747-b135-deba016fb964\" class=\"textannotation disambiguated wl-thing\" itemid=\"https:\/\/data.wordlift.io\/wl110249\/entity\/democracia\">democracia<\/span> brasileira. Para o autor, o caminho da <span id=\"urn:enhancement-4279f36b-6397-4d5f-acc5-192fe713f803\" class=\"textannotation disambiguated wl-thing\" itemid=\"https:\/\/data.wordlift.io\/wl110249\/entity\/democracia\">democracia<\/span> &eacute; a supera&ccedil;&atilde;o da <span id=\"urn:enhancement-5dcc6f9b-28c0-4282-bec3-b44068108051\" class=\"textannotation disambiguated wl-thing\" itemid=\"https:\/\/data.wordlift.io\/wl110249\/entity\/economia\">economia<\/span> fraca, a elite antidemocr&aacute;tica e a cultura autorit&aacute;ria.&nbsp;<\/p><h2 class=\"wp-block-heading\" id=\"h-3-formacao-do-brasil-contemporaneo-1942-caio-prado-junior\"><span class=\"ez-toc-section\" id=\"3-Formacao-do-Brasil-Contemporaneo-1942-%E2%80%94-Caio-Prado-Junior\"><\/span>3. Forma&ccedil;&atilde;o do Brasil Contempor&acirc;neo (1942) &mdash; Caio Prado J&uacute;nior&nbsp;<span class=\"ez-toc-section-end\"><\/span><\/h2><p class=\"wp-block-paragraph\">Na lista de livros para compreender a sociedade brasileira, a obra de Caio Prado J&uacute;nior tem um enfoque mais econ&ocirc;mico do que as anteriores durante o per&iacute;odo colonial, explicando com detalhes a rela&ccedil;&atilde;o entre <span id=\"urn:enhancement-234db353-efe1-4694-a48b-891c221e5629\" class=\"textannotation disambiguated wl-thing\" itemid=\"https:\/\/data.wordlift.io\/wl110249\/entity\/colonia\">col&ocirc;nia<\/span> e metr&oacute;pole e o projeto econ&ocirc;mico que foi a coloniza&ccedil;&atilde;o ao longo dos s&eacute;culos. No final, conclui que este per&iacute;odo se tratou de uma extensiva explora&ccedil;&atilde;o, especuladora e inst&aacute;vel.&nbsp;<\/p><p class=\"wp-block-paragraph\">Na obra de Prado J&uacute;nior, entende-se o <span id=\"urn:enhancement-f74e4324-ebd5-471e-9c98-354466cef471\" class=\"textannotation disambiguated wl-organization\" itemid=\"https:\/\/data.wordlift.io\/wl110249\/entity\/brasil\">Brasil<\/span> como uma grande empresa comercial com o objetivo de explora&ccedil;&atilde;o dos recursos naturais e destin&aacute;-los ao com&eacute;rcio europeu. Portanto, &eacute; o com&eacute;rcio e nada al&eacute;m dele, a <span id=\"urn:enhancement-af57bdea-db4a-437c-932a-a856be28027a\" class=\"textannotation disambiguated wl-creative-work\" itemid=\"https:\/\/data.wordlift.io\/wl110249\/entity\/matriz\">matriz<\/span> que configura o Estado Brasileiro.&nbsp;<\/p><h2 class=\"wp-block-heading\" id=\"h-4-o-negro-no-mundo-dos-brancos-1972-florestan-fernandes\"><span class=\"ez-toc-section\" id=\"4-O-negro-no-mundo-dos-brancos-1972-%E2%80%94-Florestan-Fernandes\"><\/span>4. O negro no mundo dos brancos (1972) &mdash; Florestan Fernandes<span class=\"ez-toc-section-end\"><\/span><\/h2><p class=\"wp-block-paragraph\">Dentre a vasta obra do soci&oacute;logo brasileiro Florestan Fernandes, que se prop&ocirc;s a discutir a sociedade brasileira em todos os seus aspectos, especialmente sobre a posi&ccedil;&atilde;o do negro no <span id=\"urn:enhancement-aaaaf0b4-6d6b-4cea-8021-806e76d87256\" class=\"textannotation disambiguated wl-organization\" itemid=\"https:\/\/data.wordlift.io\/wl110249\/entity\/brasil\">Brasil<\/span>. &Eacute; respons&aacute;vel por confrontar a ideia de Gilberto Freyre sobre a miscigena&ccedil;&atilde;o, defendendo que o componente racial &eacute; um <span id=\"urn:enhancement-77bc2657-9443-4bb5-bd30-ed0b9c1d0132\" class=\"textannotation disambiguated wl-thing\" itemid=\"https:\/\/data.wordlift.io\/wl110249\/entity\/fatoracao\">fator<\/span> determinante de exclus&atilde;o.<\/p><p class=\"wp-block-paragraph\">&Eacute; exatamente sobre essa quest&atilde;o que se debru&ccedil;a em sua obra &ldquo;O negro no mundo dos brancos&rdquo;, entendida pelas <span id=\"urn:enhancement-e3077eda-beb5-4829-9124-252aae77b094\" class=\"textannotation disambiguated wl-thing\" itemid=\"https:\/\/data.wordlift.io\/wl110249\/entity\/ciencias-sociais\">Ci&ecirc;ncias Sociais<\/span> brasileiras uma das suas obras mais importantes. Nela fala sobre as barreiras da &ldquo;cor&rdquo;, sobre formas de exclus&atilde;o racial que extrapolam as econ&ocirc;micas de classe, entre pessoas negras e mesti&ccedil;as.&nbsp;<\/p><p class=\"wp-block-paragraph\">Em uma das frases mais emblem&aacute;ticas e elucidativas desta obra, Fernandes afrima: &ldquo;H&aacute; quem pense que o negro luta por privil&eacute;gios, atrav&eacute;s desses movimentos. Mas isso n&atilde;o &eacute; verdade: ele luta contra privil&eacute;gio&rdquo;. &Eacute; a partir dessa premissa que o autor destrincha o sistema de privil&eacute;gios e mecanismos de favorecimento dado &agrave;s pessoas brancas no <span id=\"urn:enhancement-a8048d46-6777-4c5d-8092-7e58271428ff\" class=\"textannotation disambiguated wl-organization\" itemid=\"https:\/\/data.wordlift.io\/wl110249\/entity\/brasil\">Brasil<\/span>.<\/p><h2 class=\"wp-block-heading\" id=\"h-5-o-povo-brasileiro-a-formacao-e-o-sentido-do-brasil-1995-darcy-ribeiro\"><span class=\"ez-toc-section\" id=\"5-O-Povo-Brasileiro-A-Formacao-e-o-Sentido-do-Brasil-1995-%E2%80%94-Darcy-Ribeiro\"><\/span>5. O Povo Brasileiro: A Forma&ccedil;&atilde;o e o Sentido do Brasil (1995) &mdash; Darcy Ribeiro<span class=\"ez-toc-section-end\"><\/span><\/h2><p class=\"wp-block-paragraph\">Trata-se de mais uma obra que se debru&ccedil;a a compreender as ra&iacute;zes hist&oacute;ricas que constituem a forma&ccedil;&atilde;o cultural da sociedade brasileira. Para fins did&aacute;ticos, separa o <span id=\"urn:enhancement-118d64c8-67a6-4b5e-b662-1f0052c5ff48\" class=\"textannotation disambiguated wl-organization\" itemid=\"https:\/\/data.wordlift.io\/wl110249\/entity\/brasil\">Brasil<\/span> em &ldquo;Brasis&rdquo; distintos: sertanejo, crioulo, caboclo, caipira e sulino. Caracterizando cada um desses grupos com suas particularidades.<\/p><p class=\"wp-block-paragraph\">Al&eacute;m disso, o autor divide o pa&iacute;s de acordo com classes, de <span id=\"urn:enhancement-d75de785-e120-4940-8d61-9801f39639fe\" class=\"textannotation disambiguated wl-thing\" itemid=\"https:\/\/data.wordlift.io\/wl110249\/entity\/geometria\">forma<\/span> emp&iacute;rica desde a elite at&eacute; as classes historicamente oprimidas, como classifica os negros. O livro prop&otilde;e uma volta completa aos processos econ&ocirc;micos, <span id=\"urn:enhancement-754b6327-c803-4c1a-b5eb-c40ae4fb7171\" class=\"textannotation disambiguated wl-thing\" itemid=\"https:\/\/data.wordlift.io\/wl110249\/entity\/ciencias-sociais\">sociais<\/span>, pol&iacute;ticos e culturais que constru&iacute;ram os diversos brasis desde a chegada do portugu&ecirc;s at&eacute; o final do s&eacute;culo XX, quando foi lan&ccedil;ado.<\/p><figure class=\"wp-block-image size-full is-resized\"><img decoding=\"async\" src=\"https:\/\/vestibulares.estrategia.com\/portal\/wp-content\/uploads\/2022\/01\/Sociais.jpg\" alt=\"7 livros para compreender a sociedade brasileira \" class=\"wp-image-62243\" width=\"680\" height=\"380\" srcset=\"https:\/\/vestibulares.estrategia.com\/portal\/wp-content\/uploads\/2022\/01\/Sociais.jpg 750w, https:\/\/vestibulares.estrategia.com\/portal\/wp-content\/uploads\/2022\/01\/Sociais-300x168.webp 300w, https:\/\/vestibulares.estrategia.com\/portal\/wp-content\/uploads\/2022\/01\/Sociais-380x213.webp 380w\" sizes=\"(max-width: 680px) 100vw, 680px\" \/><figcaption class=\"wp-element-caption\">Foto: Unsplash Colagem: Lucas Zanetti<\/figcaption><\/figure><h2 class=\"wp-block-heading\" id=\"h-6-a-rale-brasileira-quem-e-e-como-vive-2009-jesse-de-souza\"><span class=\"ez-toc-section\" id=\"6-A-rale-brasileira-quem-e-e-como-vive-2009-%E2%80%94-Jesse-de-Souza\"><\/span>6. A ral&eacute; brasileira: quem &eacute; e como vive (2009) &mdash; Jess&eacute; de Souza<span class=\"ez-toc-section-end\"><\/span><\/h2><p class=\"wp-block-paragraph\">Para o soci&oacute;logo Jess&eacute; de Souza, o problema do que chama de &ldquo;ral&eacute;&rdquo; &eacute; a quest&atilde;o central da sociedade brasileira, associada a quest&otilde;es de seguran&ccedil;a <span id=\"urn:enhancement-8ac1a952-c2a8-4ed0-98e3-34405fa2f0c8\" class=\"textannotation disambiguated wl-thing\" itemid=\"https:\/\/data.wordlift.io\/wl110249\/entity\/universidades-publicas\">p&uacute;blica<\/span>, <span id=\"urn:enhancement-3b4d8818-832e-4652-ab32-359a715a37b1\" class=\"textannotation disambiguated wl-creative-work\" itemid=\"https:\/\/data.wordlift.io\/wl110249\/entity\/direito\">direito<\/span> &agrave; sa&uacute;de, educa&ccedil;&atilde;o, consumo, trabalho. O autor tamb&eacute;m parte da ideia de naturaliza&ccedil;&atilde;o da desigualdade social e dos privil&eacute;gios de classe.&nbsp;<\/p><p class=\"wp-block-paragraph\">Ele defende que os ideais sobre a &ldquo;ral&eacute;&rdquo; &eacute; o que faz naturalizamos situa&ccedil;&otilde;es cotidianas de priva&ccedil;&atilde;o de direitos b&aacute;sicos inclusive entre as pr&oacute;prias classes menos favorecidas. O professor &eacute; o primeiro a considerar outras obras da identidade brasileira como os j&aacute; citados autores &ldquo;Gilberto Freyre&rdquo; e &ldquo;S&eacute;rgio Buarque&rdquo;, como constituintes de um mito da identidade brasileira.&nbsp;<\/p><p class=\"wp-block-paragraph\">Para ele, falta autocr&iacute;tica inclusive na ci&ecirc;ncia social brasileira ao tratar de temas que levaram &agrave; atual desigualdade, como o racismo, o patriarcalismo, o patrimonialismo e um <span id=\"urn:enhancement-b428378b-ab49-480f-9c1d-6cf64e218d65\" class=\"textannotation disambiguated wl-thing\" itemid=\"https:\/\/data.wordlift.io\/wl110249\/entity\/capitalismo\">capitalismo<\/span> que privilegia somente as elites econ&ocirc;micas.<\/p><h2 class=\"wp-block-heading\" id=\"h-7-brasil-uma-biografia-2015-lilia-moritz-schwarcz-e-heloisa-murgel-starling\"><span class=\"ez-toc-section\" id=\"7-Brasil-uma-biografia-2015-%E2%80%94-Lilia-Moritz-Schwarcz-e-Heloisa-Murgel-Starling\"><\/span>7.&nbsp; Brasil: uma biografia (2015) &mdash; Lilia Moritz Schwarcz e Heloisa Murgel Starling<span class=\"ez-toc-section-end\"><\/span><\/h2><p class=\"wp-block-paragraph\">Mais uma obra que se prop&otilde;e a investigar a hist&oacute;ria e a forma&ccedil;&atilde;o do <span id=\"urn:enhancement-c82d1050-baab-43ca-92ff-df1402398076\" class=\"textannotation disambiguated wl-organization\" itemid=\"https:\/\/data.wordlift.io\/wl110249\/entity\/brasil\">Brasil<\/span> de <span id=\"urn:enhancement-9c97ebbc-f6fa-476d-857e-db0af6f1ccb7\" class=\"textannotation disambiguated wl-thing\" itemid=\"https:\/\/data.wordlift.io\/wl110249\/entity\/geometria\">forma<\/span> profunda no espa&ccedil;o-tempo. O resultado &eacute; uma robusta obra de 808 p&aacute;ginas que revelam com impressionante riqueza de detalhes os conflitos <span id=\"urn:enhancement-b3d0bee1-a652-47fb-803a-87f3dc868bad\" class=\"textannotation disambiguated wl-thing\" itemid=\"https:\/\/data.wordlift.io\/wl110249\/entity\/ciencias-sociais\">sociais<\/span>, econ&ocirc;micos, pol&iacute;ticos e as marcas do povo brasileiro.<\/p><p class=\"wp-block-paragraph\">As autoras colocam com marca os processos de embates, constru&ccedil;&otilde;es falhas das no&ccedil;&otilde;es de <span id=\"urn:enhancement-137120b6-2b76-498a-bcc7-49e97c4d35f6\" class=\"textannotation disambiguated wl-thing\" itemid=\"https:\/\/data.wordlift.io\/wl110249\/entity\/cidadania\">cidadania<\/span>, uma heran&ccedil;a colonial e contradit&oacute;ria e a viol&ecirc;ncia como centro constituinte das rela&ccedil;&otilde;es <span id=\"urn:enhancement-279f1c78-ae04-4f91-bac0-c85717a3d0d2\" class=\"textannotation disambiguated wl-thing\" itemid=\"https:\/\/data.wordlift.io\/wl110249\/entity\/ciencias-sociais\">sociais<\/span> no Pa&iacute;s.<\/p><p class=\"wp-block-verse wp-block-paragraph\">Veja tamb&eacute;m: <a href=\"https:\/\/vestibulares.estrategia.com\/portal\/redacao\/redacao-series-sociedade-brasileira\/\" target=\"_blank\">7 s&eacute;ries sobre a sociedade brasileira para aumentar seu repert&oacute;rio sociocultural<\/a><\/p><h2 class=\"wp-block-heading\" id=\"h-estude-com-o-estrategia-vestibulares\"><span class=\"ez-toc-section\" id=\"Estude-com-o-Estrategia-Vestibulares\"><\/span>Estude com o Estrat&eacute;gia Vestibulares<span class=\"ez-toc-section-end\"><\/span><\/h2><p class=\"wp-block-paragraph\">Curtiu a lista de livros para compreender a sociedade brasileira? Para aprofundar as obras e conceitos sociol&oacute;gicos, conhe&ccedil;a nossas aulas exclusivas de <span id=\"urn:enhancement-fea004eb-ce53-491c-b55b-d9faff58a03a\" class=\"textannotation disambiguated wl-thing\" itemid=\"https:\/\/data.wordlift.io\/wl110249\/entity\/sociologia\">sociologia<\/span> pensadas de <span id=\"urn:enhancement-0b17b631-fcf9-4259-a2d1-e8638358246f\" class=\"textannotation disambiguated wl-thing\" itemid=\"https:\/\/data.wordlift.io\/wl110249\/entity\/geometria\">forma<\/span> espec&iacute;fica para cada <span id=\"urn:enhancement-eb098945-997e-4b57-bf5c-5112c73c9fed\" class=\"textannotation disambiguated wl-thing\" itemid=\"https:\/\/data.wordlift.io\/wl110249\/entity\/vestibular\">vestibular<\/span> e prova em todo Pa&iacute;s. Fique por dentro dos materiais, mapas mentais, corre&ccedil;&otilde;es de <span id=\"urn:enhancement-1bd3c019-4150-4706-bc6e-cbd049af715d\" class=\"textannotation disambiguated wl-thing\" itemid=\"https:\/\/data.wordlift.io\/wl110249\/entity\/redacao\">reda&ccedil;&atilde;o<\/span> e muitos outros m&eacute;todos que s&oacute; o <span id=\"urn:enhancement-86eaa71e-20c7-422b-b125-0a3e9206388f\" class=\"textannotation disambiguated wl-organization\" itemid=\"https:\/\/data.wordlift.io\/wl110249\/entity\/estrategia_vestibulares\">Estrat&eacute;gia Vestibulares<\/span> oferece.<\/p><p class=\"wp-block-paragraph\"><a id=\"cta\" class=\"cta-imagem\" href=\"https:\/\/vestibulares.estrategia.com\/cursos\/\" target=\"blank\">\n                <img decoding=\"async\" width=\"100%\" src=\"https:\/\/vestibulares.estrategia.com\/portal\/wp-content\/uploads\/2021\/12\/EV1.jpg\" alt=\"CTA - Estrat\u00e9gia Vestibulares 1\" title=\"CTA - Estrat\u00e9gia Vestibulares 1\">\n        <\/a>\n\n\n\n\n\n<\/p><p class=\"wp-block-paragraph\"><\/p><\/p>\n","protected":false},"excerpt":{"rendered":"Compreender a sociedade brasileira n\u00e3o \u00e9 f\u00e1cil, mas a gente te ajuda! Confira essa lista com livros essenciais\n","protected":false},"author":33,"featured_media":62243,"comment_status":"closed","ping_status":"closed","sticky":false,"template":"","format":"standard","meta":{"footnotes":""},"categories":[30],"tags":[783,784,785],"class_list":["post-62242","post","type-post","status-publish","format-standard","has-post-thumbnail","category-sociologia","tag-dicas-de-livros","tag-livros-sociedade","tag-sociedade-brasileira"],"acf":[],"yoast_head":"<!-- This site is optimized with the Yoast SEO Premium plugin v25.9 (Yoast SEO v28.2) - https:\/\/yoast.com\/product\/yoast-seo-premium-wordpress\/ -->\n<title>7 livros para entender a sociedade brasileira<\/title>\n<meta name=\"description\" content=\"Compreender a sociedade brasileira n\u00e3o \u00e9 f\u00e1cil, mas a gente te ajuda! Confira essa lista com livros essenciais.\" \/>\n<meta name=\"robots\" content=\"index, follow, max-snippet:-1, max-image-preview:large, max-video-preview:-1\" \/>\n<link rel=\"canonical\" href=\"https:\/\/vestibulares.estrategia.com\/portal\/materias\/sociologia\/livros-sociedade-brasileira\/\" \/>\n<meta property=\"og:locale\" content=\"pt_BR\" \/>\n<meta property=\"og:type\" content=\"article\" \/>\n<meta property=\"og:title\" content=\"7 livros para entender a sociedade brasileira\" \/>\n<meta property=\"og:description\" content=\"Compreender a sociedade brasileira n\u00e3o \u00e9 f\u00e1cil, mas a gente te ajuda! Confira essa lista com livros essenciais.\" \/>\n<meta property=\"og:url\" content=\"https:\/\/vestibulares.estrategia.com\/portal\/materias\/sociologia\/livros-sociedade-brasileira\/\" \/>\n<meta property=\"og:site_name\" content=\"Estrat\u00e9gia Vestibulares\" \/>\n<meta property=\"article:publisher\" content=\"https:\/\/facebook.com\/estrategiavestibulares\" \/>\n<meta property=\"article:published_time\" content=\"2022-01-31T22:50:42+00:00\" \/>\n<meta property=\"article:modified_time\" content=\"2023-07-28T17:28:12+00:00\" \/>\n<meta property=\"og:image\" content=\"https:\/\/cdn.blog.estrategiavestibulares.com.br\/vestibulares\/wp-content\/uploads\/2022\/01\/Sociais.jpg\" \/>\n\t<meta property=\"og:image:width\" content=\"750\" \/>\n\t<meta property=\"og:image:height\" content=\"420\" \/>\n\t<meta property=\"og:image:type\" content=\"image\/jpeg\" \/>\n<meta name=\"author\" content=\"Lucas Zanetti\" \/>\n<meta name=\"twitter:card\" content=\"summary_large_image\" \/>\n<meta name=\"twitter:creator\" content=\"@Estrategiavest\" \/>\n<meta name=\"twitter:site\" content=\"@Estrategiavest\" \/>\n<meta name=\"twitter:label1\" content=\"Escrito por\" \/>\n\t<meta name=\"twitter:data1\" content=\"Lucas Zanetti\" \/>\n\t<meta name=\"twitter:label2\" content=\"Est. tempo de leitura\" \/>\n\t<meta name=\"twitter:data2\" content=\"7 minutos\" \/>\n<script type=\"application\/ld+json\" class=\"yoast-schema-graph\">{\"@context\":\"https:\\\/\\\/schema.org\",\"@graph\":[{\"@type\":\"Article\",\"@id\":\"https:\\\/\\\/vestibulares.estrategia.com\\\/portal\\\/materias\\\/sociologia\\\/livros-sociedade-brasileira\\\/#article\",\"isPartOf\":{\"@id\":\"https:\\\/\\\/vestibulares.estrategia.com\\\/portal\\\/materias\\\/sociologia\\\/livros-sociedade-brasileira\\\/\"},\"author\":{\"name\":\"Lucas Zanetti\",\"@id\":\"https:\\\/\\\/vestibulares.estrategia.com\\\/portal\\\/#\\\/schema\\\/person\\\/69745fd335ea5c632de5210df1048272\"},\"headline\":\"7 livros para entender a sociedade brasileira\",\"datePublished\":\"2022-01-31T22:50:42+00:00\",\"dateModified\":\"2023-07-28T17:28:12+00:00\",\"mainEntityOfPage\":{\"@id\":\"https:\\\/\\\/vestibulares.estrategia.com\\\/portal\\\/materias\\\/sociologia\\\/livros-sociedade-brasileira\\\/\"},\"wordCount\":1203,\"publisher\":{\"@id\":\"https:\\\/\\\/vestibulares.estrategia.com\\\/portal\\\/#organization\"},\"image\":{\"@id\":\"https:\\\/\\\/vestibulares.estrategia.com\\\/portal\\\/materias\\\/sociologia\\\/livros-sociedade-brasileira\\\/#primaryimage\"},\"thumbnailUrl\":\"https:\\\/\\\/vestibulares.estrategia.com\\\/portal\\\/wp-content\\\/uploads\\\/2022\\\/01\\\/Sociais.jpg\",\"keywords\":[\"dicas de livros\",\"livros sociedade\",\"sociedade brasileira\"],\"articleSection\":[\"Sociologia\"],\"inLanguage\":\"pt-BR\"},{\"@type\":\"WebPage\",\"@id\":\"https:\\\/\\\/vestibulares.estrategia.com\\\/portal\\\/materias\\\/sociologia\\\/livros-sociedade-brasileira\\\/\",\"url\":\"https:\\\/\\\/vestibulares.estrategia.com\\\/portal\\\/materias\\\/sociologia\\\/livros-sociedade-brasileira\\\/\",\"name\":\"7 livros para entender a sociedade brasileira\",\"isPartOf\":{\"@id\":\"https:\\\/\\\/vestibulares.estrategia.com\\\/portal\\\/#website\"},\"primaryImageOfPage\":{\"@id\":\"https:\\\/\\\/vestibulares.estrategia.com\\\/portal\\\/materias\\\/sociologia\\\/livros-sociedade-brasileira\\\/#primaryimage\"},\"image\":{\"@id\":\"https:\\\/\\\/vestibulares.estrategia.com\\\/portal\\\/materias\\\/sociologia\\\/livros-sociedade-brasileira\\\/#primaryimage\"},\"thumbnailUrl\":\"https:\\\/\\\/vestibulares.estrategia.com\\\/portal\\\/wp-content\\\/uploads\\\/2022\\\/01\\\/Sociais.jpg\",\"datePublished\":\"2022-01-31T22:50:42+00:00\",\"dateModified\":\"2023-07-28T17:28:12+00:00\",\"description\":\"Compreender a sociedade brasileira n\u00e3o \u00e9 f\u00e1cil, mas a gente te ajuda! Confira essa lista com livros essenciais.\",\"breadcrumb\":{\"@id\":\"https:\\\/\\\/vestibulares.estrategia.com\\\/portal\\\/materias\\\/sociologia\\\/livros-sociedade-brasileira\\\/#breadcrumb\"},\"inLanguage\":\"pt-BR\",\"potentialAction\":[{\"@type\":\"ReadAction\",\"target\":[\"https:\\\/\\\/vestibulares.estrategia.com\\\/portal\\\/materias\\\/sociologia\\\/livros-sociedade-brasileira\\\/\"]}]},{\"@type\":\"ImageObject\",\"inLanguage\":\"pt-BR\",\"@id\":\"https:\\\/\\\/vestibulares.estrategia.com\\\/portal\\\/materias\\\/sociologia\\\/livros-sociedade-brasileira\\\/#primaryimage\",\"url\":\"https:\\\/\\\/vestibulares.estrategia.com\\\/portal\\\/wp-content\\\/uploads\\\/2022\\\/01\\\/Sociais.jpg\",\"contentUrl\":\"https:\\\/\\\/vestibulares.estrategia.com\\\/portal\\\/wp-content\\\/uploads\\\/2022\\\/01\\\/Sociais.jpg\",\"width\":750,\"height\":420},{\"@type\":\"BreadcrumbList\",\"@id\":\"https:\\\/\\\/vestibulares.estrategia.com\\\/portal\\\/materias\\\/sociologia\\\/livros-sociedade-brasileira\\\/#breadcrumb\",\"itemListElement\":[{\"@type\":\"ListItem\",\"position\":1,\"name\":\"Home\",\"item\":\"https:\\\/\\\/vestibulares.estrategia.com\\\/portal\\\/\"},{\"@type\":\"ListItem\",\"position\":2,\"name\":\"Mat\u00e9rias\",\"item\":\"https:\\\/\\\/vestibulares.estrategia.com\\\/portal\\\/materias\\\/\"},{\"@type\":\"ListItem\",\"position\":3,\"name\":\"Sociologia\",\"item\":\"https:\\\/\\\/vestibulares.estrategia.com\\\/portal\\\/materias\\\/sociologia\\\/\"},{\"@type\":\"ListItem\",\"position\":4,\"name\":\"7 livros para entender a sociedade brasileira\"}]},{\"@type\":\"WebSite\",\"@id\":\"https:\\\/\\\/vestibulares.estrategia.com\\\/portal\\\/#website\",\"url\":\"https:\\\/\\\/vestibulares.estrategia.com\\\/portal\\\/\",\"name\":\"Estrat\u00e9gia Vestibulares\",\"description\":\"\",\"publisher\":{\"@id\":\"https:\\\/\\\/vestibulares.estrategia.com\\\/portal\\\/#organization\"},\"potentialAction\":[{\"@type\":\"SearchAction\",\"target\":{\"@type\":\"EntryPoint\",\"urlTemplate\":\"https:\\\/\\\/vestibulares.estrategia.com\\\/portal\\\/?s={search_term_string}\"},\"query-input\":{\"@type\":\"PropertyValueSpecification\",\"valueRequired\":true,\"valueName\":\"search_term_string\"}}],\"inLanguage\":\"pt-BR\"},{\"@type\":\"Organization\",\"@id\":\"https:\\\/\\\/vestibulares.estrategia.com\\\/portal\\\/#organization\",\"name\":\"Estrat\u00e9gia Vestibulares\",\"url\":\"https:\\\/\\\/vestibulares.estrategia.com\\\/portal\\\/\",\"logo\":{\"@type\":\"ImageObject\",\"inLanguage\":\"pt-BR\",\"@id\":\"https:\\\/\\\/vestibulares.estrategia.com\\\/portal\\\/#\\\/schema\\\/logo\\\/image\\\/\",\"url\":\"https:\\\/\\\/vestibulares.estrategia.com\\\/portal\\\/wp-content\\\/uploads\\\/2021\\\/06\\\/Logo-Vestibulares@4x.png\",\"contentUrl\":\"https:\\\/\\\/vestibulares.estrategia.com\\\/portal\\\/wp-content\\\/uploads\\\/2021\\\/06\\\/Logo-Vestibulares@4x.png\",\"width\":250,\"height\":66,\"caption\":\"Estrat\u00e9gia Vestibulares\"},\"image\":{\"@id\":\"https:\\\/\\\/vestibulares.estrategia.com\\\/portal\\\/#\\\/schema\\\/logo\\\/image\\\/\"},\"sameAs\":[\"https:\\\/\\\/facebook.com\\\/estrategiavestibulares\",\"https:\\\/\\\/x.com\\\/Estrategiavest\",\"https:\\\/\\\/www.instagram.com\\\/estrategiavestibulares\",\"https:\\\/\\\/www.youtube.com\\\/channel\\\/UCGWdZy8ULI-7_5GrABa4vNA\"]},{\"@type\":\"Person\",\"@id\":\"https:\\\/\\\/vestibulares.estrategia.com\\\/portal\\\/#\\\/schema\\\/person\\\/69745fd335ea5c632de5210df1048272\",\"name\":\"Lucas Zanetti\",\"image\":{\"@type\":\"ImageObject\",\"inLanguage\":\"pt-BR\",\"@id\":\"https:\\\/\\\/secure.gravatar.com\\\/avatar\\\/4746db9e7f8cbf794669db04c3a9292bafc5623a38b9c482ea04ee6fa42abf4d?s=96&d=mm&r=g\",\"url\":\"https:\\\/\\\/secure.gravatar.com\\\/avatar\\\/4746db9e7f8cbf794669db04c3a9292bafc5623a38b9c482ea04ee6fa42abf4d?s=96&d=mm&r=g\",\"contentUrl\":\"https:\\\/\\\/secure.gravatar.com\\\/avatar\\\/4746db9e7f8cbf794669db04c3a9292bafc5623a38b9c482ea04ee6fa42abf4d?s=96&d=mm&r=g\",\"caption\":\"Lucas Zanetti\"},\"description\":\"Jornalista e doutorando em Comunica\u00e7\u00e3o. Apaixonado por educa\u00e7\u00e3o, ci\u00eancia e cultura POP.\",\"url\":\"https:\\\/\\\/vestibulares.estrategia.com\\\/portal\\\/author\\\/lucas-zanetti\\\/\"}]}<\/script>\n<!-- \/ Yoast SEO Premium plugin. -->","yoast_head_json":{"title":"7 livros para entender a sociedade brasileira","description":"Compreender a sociedade brasileira n\u00e3o \u00e9 f\u00e1cil, mas a gente te ajuda! Confira essa lista com livros essenciais.","robots":{"index":"index","follow":"follow","max-snippet":"max-snippet:-1","max-image-preview":"max-image-preview:large","max-video-preview":"max-video-preview:-1"},"canonical":"https:\/\/vestibulares.estrategia.com\/portal\/materias\/sociologia\/livros-sociedade-brasileira\/","og_locale":"pt_BR","og_type":"article","og_title":"7 livros para entender a sociedade brasileira","og_description":"Compreender a sociedade brasileira n\u00e3o \u00e9 f\u00e1cil, mas a gente te ajuda! Confira essa lista com livros essenciais.","og_url":"https:\/\/vestibulares.estrategia.com\/portal\/materias\/sociologia\/livros-sociedade-brasileira\/","og_site_name":"Estrat\u00e9gia Vestibulares","article_publisher":"https:\/\/facebook.com\/estrategiavestibulares","article_published_time":"2022-01-31T22:50:42+00:00","article_modified_time":"2023-07-28T17:28:12+00:00","og_image":[{"width":750,"height":420,"url":"https:\/\/cdn.blog.estrategiavestibulares.com.br\/vestibulares\/wp-content\/uploads\/2022\/01\/Sociais.jpg","type":"image\/jpeg"}],"author":"Lucas Zanetti","twitter_card":"summary_large_image","twitter_creator":"@Estrategiavest","twitter_site":"@Estrategiavest","twitter_misc":{"Escrito por":"Lucas Zanetti","Est. tempo de leitura":"7 minutos"},"schema":{"@context":"https:\/\/schema.org","@graph":[{"@type":"Article","@id":"https:\/\/vestibulares.estrategia.com\/portal\/materias\/sociologia\/livros-sociedade-brasileira\/#article","isPartOf":{"@id":"https:\/\/vestibulares.estrategia.com\/portal\/materias\/sociologia\/livros-sociedade-brasileira\/"},"author":{"name":"Lucas Zanetti","@id":"https:\/\/vestibulares.estrategia.com\/portal\/#\/schema\/person\/69745fd335ea5c632de5210df1048272"},"headline":"7 livros para entender a sociedade brasileira","datePublished":"2022-01-31T22:50:42+00:00","dateModified":"2023-07-28T17:28:12+00:00","mainEntityOfPage":{"@id":"https:\/\/vestibulares.estrategia.com\/portal\/materias\/sociologia\/livros-sociedade-brasileira\/"},"wordCount":1203,"publisher":{"@id":"https:\/\/vestibulares.estrategia.com\/portal\/#organization"},"image":{"@id":"https:\/\/vestibulares.estrategia.com\/portal\/materias\/sociologia\/livros-sociedade-brasileira\/#primaryimage"},"thumbnailUrl":"https:\/\/vestibulares.estrategia.com\/portal\/wp-content\/uploads\/2022\/01\/Sociais.jpg","keywords":["dicas de livros","livros sociedade","sociedade brasileira"],"articleSection":["Sociologia"],"inLanguage":"pt-BR"},{"@type":"WebPage","@id":"https:\/\/vestibulares.estrategia.com\/portal\/materias\/sociologia\/livros-sociedade-brasileira\/","url":"https:\/\/vestibulares.estrategia.com\/portal\/materias\/sociologia\/livros-sociedade-brasileira\/","name":"7 livros para entender a sociedade brasileira","isPartOf":{"@id":"https:\/\/vestibulares.estrategia.com\/portal\/#website"},"primaryImageOfPage":{"@id":"https:\/\/vestibulares.estrategia.com\/portal\/materias\/sociologia\/livros-sociedade-brasileira\/#primaryimage"},"image":{"@id":"https:\/\/vestibulares.estrategia.com\/portal\/materias\/sociologia\/livros-sociedade-brasileira\/#primaryimage"},"thumbnailUrl":"https:\/\/vestibulares.estrategia.com\/portal\/wp-content\/uploads\/2022\/01\/Sociais.jpg","datePublished":"2022-01-31T22:50:42+00:00","dateModified":"2023-07-28T17:28:12+00:00","description":"Compreender a sociedade brasileira n\u00e3o \u00e9 f\u00e1cil, mas a gente te ajuda! Confira essa lista com livros essenciais.","breadcrumb":{"@id":"https:\/\/vestibulares.estrategia.com\/portal\/materias\/sociologia\/livros-sociedade-brasileira\/#breadcrumb"},"inLanguage":"pt-BR","potentialAction":[{"@type":"ReadAction","target":["https:\/\/vestibulares.estrategia.com\/portal\/materias\/sociologia\/livros-sociedade-brasileira\/"]}]},{"@type":"ImageObject","inLanguage":"pt-BR","@id":"https:\/\/vestibulares.estrategia.com\/portal\/materias\/sociologia\/livros-sociedade-brasileira\/#primaryimage","url":"https:\/\/vestibulares.estrategia.com\/portal\/wp-content\/uploads\/2022\/01\/Sociais.jpg","contentUrl":"https:\/\/vestibulares.estrategia.com\/portal\/wp-content\/uploads\/2022\/01\/Sociais.jpg","width":750,"height":420},{"@type":"BreadcrumbList","@id":"https:\/\/vestibulares.estrategia.com\/portal\/materias\/sociologia\/livros-sociedade-brasileira\/#breadcrumb","itemListElement":[{"@type":"ListItem","position":1,"name":"Home","item":"https:\/\/vestibulares.estrategia.com\/portal\/"},{"@type":"ListItem","position":2,"name":"Mat\u00e9rias","item":"https:\/\/vestibulares.estrategia.com\/portal\/materias\/"},{"@type":"ListItem","position":3,"name":"Sociologia","item":"https:\/\/vestibulares.estrategia.com\/portal\/materias\/sociologia\/"},{"@type":"ListItem","position":4,"name":"7 livros para entender a sociedade brasileira"}]},{"@type":"WebSite","@id":"https:\/\/vestibulares.estrategia.com\/portal\/#website","url":"https:\/\/vestibulares.estrategia.com\/portal\/","name":"Estrat\u00e9gia Vestibulares","description":"","publisher":{"@id":"https:\/\/vestibulares.estrategia.com\/portal\/#organization"},"potentialAction":[{"@type":"SearchAction","target":{"@type":"EntryPoint","urlTemplate":"https:\/\/vestibulares.estrategia.com\/portal\/?s={search_term_string}"},"query-input":{"@type":"PropertyValueSpecification","valueRequired":true,"valueName":"search_term_string"}}],"inLanguage":"pt-BR"},{"@type":"Organization","@id":"https:\/\/vestibulares.estrategia.com\/portal\/#organization","name":"Estrat\u00e9gia Vestibulares","url":"https:\/\/vestibulares.estrategia.com\/portal\/","logo":{"@type":"ImageObject","inLanguage":"pt-BR","@id":"https:\/\/vestibulares.estrategia.com\/portal\/#\/schema\/logo\/image\/","url":"https:\/\/vestibulares.estrategia.com\/portal\/wp-content\/uploads\/2021\/06\/Logo-Vestibulares@4x.png","contentUrl":"https:\/\/vestibulares.estrategia.com\/portal\/wp-content\/uploads\/2021\/06\/Logo-Vestibulares@4x.png","width":250,"height":66,"caption":"Estrat\u00e9gia Vestibulares"},"image":{"@id":"https:\/\/vestibulares.estrategia.com\/portal\/#\/schema\/logo\/image\/"},"sameAs":["https:\/\/facebook.com\/estrategiavestibulares","https:\/\/x.com\/Estrategiavest","https:\/\/www.instagram.com\/estrategiavestibulares","https:\/\/www.youtube.com\/channel\/UCGWdZy8ULI-7_5GrABa4vNA"]},{"@type":"Person","@id":"https:\/\/vestibulares.estrategia.com\/portal\/#\/schema\/person\/69745fd335ea5c632de5210df1048272","name":"Lucas Zanetti","image":{"@type":"ImageObject","inLanguage":"pt-BR","@id":"https:\/\/secure.gravatar.com\/avatar\/4746db9e7f8cbf794669db04c3a9292bafc5623a38b9c482ea04ee6fa42abf4d?s=96&d=mm&r=g","url":"https:\/\/secure.gravatar.com\/avatar\/4746db9e7f8cbf794669db04c3a9292bafc5623a38b9c482ea04ee6fa42abf4d?s=96&d=mm&r=g","contentUrl":"https:\/\/secure.gravatar.com\/avatar\/4746db9e7f8cbf794669db04c3a9292bafc5623a38b9c482ea04ee6fa42abf4d?s=96&d=mm&r=g","caption":"Lucas Zanetti"},"description":"Jornalista e doutorando em Comunica\u00e7\u00e3o. Apaixonado por educa\u00e7\u00e3o, ci\u00eancia e cultura POP.","url":"https:\/\/vestibulares.estrategia.com\/portal\/author\/lucas-zanetti\/"}]}},"_links":{"self":[{"href":"https:\/\/vestibulares.estrategia.com\/portal\/wp-json\/wp\/v2\/posts\/62242","targetHints":{"allow":["GET"]}}],"collection":[{"href":"https:\/\/vestibulares.estrategia.com\/portal\/wp-json\/wp\/v2\/posts"}],"about":[{"href":"https:\/\/vestibulares.estrategia.com\/portal\/wp-json\/wp\/v2\/types\/post"}],"author":[{"embeddable":true,"href":"https:\/\/vestibulares.estrategia.com\/portal\/wp-json\/wp\/v2\/users\/33"}],"replies":[{"embeddable":true,"href":"https:\/\/vestibulares.estrategia.com\/portal\/wp-json\/wp\/v2\/comments?post=62242"}],"version-history":[{"count":6,"href":"https:\/\/vestibulares.estrategia.com\/portal\/wp-json\/wp\/v2\/posts\/62242\/revisions"}],"predecessor-version":[{"id":96266,"href":"https:\/\/vestibulares.estrategia.com\/portal\/wp-json\/wp\/v2\/posts\/62242\/revisions\/96266"}],"wp:featuredmedia":[{"embeddable":true,"href":"https:\/\/vestibulares.estrategia.com\/portal\/wp-json\/wp\/v2\/media\/62243"}],"wp:attachment":[{"href":"https:\/\/vestibulares.estrategia.com\/portal\/wp-json\/wp\/v2\/media?parent=62242"}],"wp:term":[{"taxonomy":"category","embeddable":true,"href":"https:\/\/vestibulares.estrategia.com\/portal\/wp-json\/wp\/v2\/categories?post=62242"},{"taxonomy":"post_tag","embeddable":true,"href":"https:\/\/vestibulares.estrategia.com\/portal\/wp-json\/wp\/v2\/tags?post=62242"}],"curies":[{"name":"wp","href":"https:\/\/api.w.org\/{rel}","templated":true}]}}