{"id":62272,"date":"2022-02-01T09:09:38","date_gmt":"2022-02-01T12:09:38","guid":{"rendered":"https:\/\/vestibulares.estrategia.com\/portal\/?p=62272"},"modified":"2022-02-01T09:09:47","modified_gmt":"2022-02-01T12:09:47","slug":"redacao-a-fazenda","status":"publish","type":"post","link":"https:\/\/vestibulares.estrategia.com\/portal\/materias\/redacao\/redacao-a-fazenda\/","title":{"rendered":"A Fazenda: como usar na reda\u00e7\u00e3o?"},"content":{"rendered":"<p>O reality show &ldquo;A Fazenda&rdquo;, produzido pela Record TV, conta com 13 temporadas exibidas anualmente. Com celebridades, como modelos, cantores, atores e personalidades da m&iacute;dia, os confinados enfrentam dificuldade ao lidar com os afazeres na fazenda, provas e conviv&ecirc;ncia com os demais.&nbsp;<p>Sendo um programa com brigas e discuss&otilde;es intensas, e assim tornando-se uma grande marca do programa, apresenta in&uacute;meros assuntos e pautas importantes que acarretaram ensinamentos para os telespectadores.<\/p><p>A seguir, confira diversos acontecimentos e personalidades que ficaram marcados nas edi&ccedil;&otilde;es de A Fazenda e podem ser usados como repert&oacute;rios socioculturais para a reda&ccedil;&atilde;o, desenvolvendo argumentos com temas atuais e reais da sociedade, como ass&eacute;dio, doen&ccedil;as mentais, gordofobia, homofobia e machismo.<\/p><div id=\"ez-toc-container\" class=\"ez-toc-v2_0_76 counter-hierarchy ez-toc-counter ez-toc-transparent ez-toc-container-direction\">\n<div class=\"ez-toc-title-container\"><p class=\"ez-toc-title\" style=\"cursor:inherit\">Navegue pelo conte\u00fado<\/p>\n<\/div><nav><ul class='ez-toc-list ez-toc-list-level-1 ' ><li class='ez-toc-page-1 ez-toc-heading-level-2'><a class=\"ez-toc-link ez-toc-heading-1\" href=\"https:\/\/vestibulares.estrategia.com\/portal\/materias\/redacao\/redacao-a-fazenda\/#Assedio\" >Ass&eacute;dio<\/a><\/li><li class='ez-toc-page-1 ez-toc-heading-level-2'><a class=\"ez-toc-link ez-toc-heading-2\" href=\"https:\/\/vestibulares.estrategia.com\/portal\/materias\/redacao\/redacao-a-fazenda\/#Doencas-mentais\" >Doen&ccedil;as mentais<\/a><\/li><li class='ez-toc-page-1 ez-toc-heading-level-2'><a class=\"ez-toc-link ez-toc-heading-3\" href=\"https:\/\/vestibulares.estrategia.com\/portal\/materias\/redacao\/redacao-a-fazenda\/#Gordofobia\" >Gordofobia<\/a><\/li><li class='ez-toc-page-1 ez-toc-heading-level-2'><a class=\"ez-toc-link ez-toc-heading-4\" href=\"https:\/\/vestibulares.estrategia.com\/portal\/materias\/redacao\/redacao-a-fazenda\/#Homofobia\" >Homofobia<\/a><\/li><li class='ez-toc-page-1 ez-toc-heading-level-2'><a class=\"ez-toc-link ez-toc-heading-5\" href=\"https:\/\/vestibulares.estrategia.com\/portal\/materias\/redacao\/redacao-a-fazenda\/#Machismo\" >Machismo<\/a><\/li><li class='ez-toc-page-1 ez-toc-heading-level-2'><a class=\"ez-toc-link ez-toc-heading-6\" href=\"https:\/\/vestibulares.estrategia.com\/portal\/materias\/redacao\/redacao-a-fazenda\/#Estude-com-o-Estrategia-Vestibulares\" >Estude com o Estrat&eacute;gia Vestibulares<\/a><\/li><\/ul><\/nav><\/div>\n<h2 class=\"wp-block-heading\" id=\"h-assedio\"><span class=\"ez-toc-section\" id=\"Assedio\"><\/span>Ass&eacute;dio<span class=\"ez-toc-section-end\"><\/span><\/h2><p>Na &uacute;ltima edi&ccedil;&atilde;o de &ldquo;A Fazenda&rdquo;, o participante Nego do Borel foi expulso ap&oacute;s acusa&ccedil;&atilde;o de estupro de vulner&aacute;vel contra Dayane Mello. Posteriormente a uma festa, Dayane estava aparentemente embriagada e precisou da ajuda de seus colegas de confinamento para trocar de roupa e se deitar. Mesmo com diversos avisos, e pedidos da mesma para que parasse, Nego do Borel continuou em sua cama.<\/p><p>Causando revolta nos telespectadores e contando com diversos movimentos nas redes sociais, a Record conversou com Dayane, que prontamente respondeu que n&atilde;o se recordava de diversos momentos da noite anterior. Com isso, e ap&oacute;s apurar todas as imagens e fatos, a emissora decidiu expulsar o cantor da 13&deg; edi&ccedil;&atilde;o.<\/p><p>Infelizmente este n&atilde;o foi o &uacute;nico caso que levou &agrave; expuls&atilde;o no reality show &ldquo;A Fazenda&rdquo;, em 2019, durante a 11&deg; edi&ccedil;&atilde;o o pe&atilde;o Phellipe Haagensen roubou um beijo de Hariany Almeida, o que desencadeou uma s&eacute;rie de brigas das mulheres contra ele. Assim como Nego do Borel, Phellipe foi expulso ap&oacute;s apura&ccedil;&atilde;o por parte da Record.<\/p><p>Este contexto poderia ser usado para argumenta&ccedil;&atilde;o ou contextualiza&ccedil;&atilde;o em proposta de reda&ccedil;&atilde;o com os temas de ass&eacute;dio, abuso sexual, traumas, viol&ecirc;ncia, e feminismo.<\/p><h2 class=\"wp-block-heading\" id=\"h-doencas-mentais\"><span class=\"ez-toc-section\" id=\"Doencas-mentais\"><\/span>Doen&ccedil;as mentais<span class=\"ez-toc-section-end\"><\/span><\/h2><p>Em 2020, &ldquo;A Fazenda 12&rdquo; tornou-se o maior sucesso comercial na hist&oacute;ria da Record, al&eacute;m de conquistar um grande engajamento nas redes sociais. Um dos maiores impactos desta edi&ccedil;&atilde;o foi em volta da participante Raissa Barbosa, que sofre do transtorno de boderline e, durante o confinamento, contou e vivenciou diversos momentos em que o p&uacute;blico pode conhecer mais sobre o transtorno de bipolaridade.<\/p><p>Ap&oacute;s falar abertamente sobre seu problema de sa&uacute;de, diversos telespectadores afirmaram que descobriram a s&iacute;ndrome atrav&eacute;s de Ra&iacute;ssa, e as buscas por &ldquo;Borderline&rdquo; na internet cresceram. Al&eacute;m disso, na 13&deg; edi&ccedil;&atilde;o, Guilherme Ara&uacute;jo debochou de Valentina Francavilla por tomar rem&eacute;dio controlados.&nbsp;<\/p><p>Dessa maneira, o tema pode ser abordado em reda&ccedil;&otilde;es sobre transtorno de borderline, transtornos mentais, bipolaridade e doen&ccedil;as mentais. N&atilde;o obstante, Ra&iacute;ssa Barbosa foi citada em milhares de reda&ccedil;&otilde;es do Enem 2020, com a proposta de reda&ccedil;&atilde;o &ldquo;O estigma associado &agrave;s doen&ccedil;as mentais na sociedade brasileira&rdquo;.<\/p><h2 class=\"wp-block-heading\" id=\"h-gordofobia\"><span class=\"ez-toc-section\" id=\"Gordofobia\"><\/span>Gordofobia<span class=\"ez-toc-section-end\"><\/span><\/h2><p>Em &ldquo;A Fazenda 12&rdquo;, Jojo Todynho foi alvo de diversas cr&iacute;ticas a respeito de seu corpo. Durante o confinamento, Cartolouco e Juliano Ceglia conversaram sobre o corpo da mesma e indicaram uma cirurgia bari&aacute;trica. Ainda na mesma edi&ccedil;&atilde;o, Biel afirmou que Jojo n&atilde;o se sentia bem ao ver que Mc Mirella atra&iacute;a os olhos da casa e ela n&atilde;o.<\/p><p>Esses acontecimentos podem ser usados como cita&ccedil;&atilde;o em diversas reda&ccedil;&otilde;es que envolvam temas relacionados a bullying, gordofobia e aceita&ccedil;&atilde;o.<\/p><h2 class=\"wp-block-heading\" id=\"h-homofobia\"><span class=\"ez-toc-section\" id=\"Homofobia\"><\/span>Homofobia<span class=\"ez-toc-section-end\"><\/span><\/h2><p>Ainda na 13&deg; edi&ccedil;&atilde;o de &ldquo;A Fazenda&rdquo;, Tati Quebra Barraco causou pol&ecirc;micas ao fazer um coment&aacute;rio bif&oacute;bico a respeito de Dayane Mello. Al&eacute;m disso, na mesma edi&ccedil;&atilde;o, Guilherme Ara&uacute;jo sugeriu que o vencedor da edi&ccedil;&atilde;o, Rico Melquiades, n&atilde;o seria homem por ser gay.&nbsp;<\/p><p>Por isso, essas falas e momentos podem ser abordados em reda&ccedil;&otilde;es sobre liberdade, movimento LGBTQIA+, e constru&ccedil;&otilde;es sociais de g&ecirc;nero e identit&aacute;rias, como a proposta do Enem 2007 &ldquo;O desafio de viver com a diferen&ccedil;a&rdquo;.<\/p><h2 class=\"wp-block-heading\" id=\"h-machismo\"><span class=\"ez-toc-section\" id=\"Machismo\"><\/span>Machismo<span class=\"ez-toc-section-end\"><\/span><\/h2><p>Em diversas edi&ccedil;&otilde;es de &ldquo;A Fazenda&rdquo; foram notados coment&aacute;rios de cunha machista vindo dos participantes confinados. Dessa maneira, a 13&deg; edi&ccedil;&atilde;o foi marcada por diversos coment&aacute;rios machistas. Um exemplo &eacute; Victor Pecoraro que alertou Aline Mineiro para que a peoa tomasse cuidado com seu comportamento livre. Na mesma edi&ccedil;&atilde;o, Erika Schneider ainda tentou avisar seus colegas de seus comportamentos, que afirmaram que a mesma estava se aproveitando da pol&ecirc;mica.<\/p><p>A tem&aacute;tica por ser usada como repert&oacute;rio sociocultural para propostas de reda&ccedil;&atilde;o que envolvam temas relacionados &agrave; machismo, atitudes machistas e exposi&ccedil;&atilde;o das mulheres.<\/p><h2 class=\"wp-block-heading\" id=\"h-estude-com-o-estrategia-vestibulares\"><span class=\"ez-toc-section\" id=\"Estude-com-o-Estrategia-Vestibulares\"><\/span>Estude com o Estrat&eacute;gia Vestibulares<span class=\"ez-toc-section-end\"><\/span><\/h2><p>Agora que voc&ecirc; j&aacute; sabe como usar o reality show &ldquo;A Fazenda&rdquo; como repert&oacute;rio sociocultural para a sua reda&ccedil;&atilde;o, que tal conferir mais novidades no Estrat&eacute;gia Vestibulares? Aqui voc&ecirc; encontra cursos, simulados e corre&ccedil;&atilde;o de reda&ccedil;&otilde;es que te ajudar&atilde;o a conquistar a vaga dos seus sonhos!<\/p><div class=\"wp-block-buttons is-content-justification-center is-layout-flex wp-block-buttons-is-layout-flex\">\n<div class=\"wp-block-button\"><a class=\"wp-block-button__link has-luminous-vivid-amber-to-luminous-vivid-orange-gradient-background has-background\" href=\"https:\/\/www.estrategiavestibulares.com.br\/\" target=\"_blank\">ACESSE O ESTRAT&Eacute;GIA VESTIBULARES<\/a><\/div>\n<\/div><p>\n\n\n<a id=\"cta\" class=\"cta-imagem\" href=\"https:\/\/vestibulares.estrategia.com\/curso\/curso-interativo-enem-redaco-prof-fernando-andrade\/\" target=\"blank\">\n                <img decoding=\"async\" width=\"100%\" src=\"https:\/\/vestibulares.estrategia.com\/portal\/wp-content\/uploads\/2021\/07\/Redacao.jpg\" alt=\"Cursos de Reda\u00e7\u00e3o Estrat\u00e9gia Vestibulares\" title=\"Curso de Reda\u00e7\u00e3o Estrat\u00e9gia Vestibulares\">\n        <\/a>\n<\/p><\/p>\n","protected":false},"excerpt":{"rendered":"O Estrat\u00e9gia Vestibulares preparou este artigo com com acontecimento do reality show &#8220;A Fazenda&#8221; que podem ser usados como repert\u00f3rios socioculturais na sua reda\u00e7\u00e3o\n","protected":false},"author":29,"featured_media":62273,"comment_status":"closed","ping_status":"closed","sticky":false,"template":"","format":"standard","meta":{"wl_entities_gutenberg":"","footnotes":""},"categories":[2],"tags":[101,121,418],"wl_entity_type":[732],"class_list":{"0":"post-62272","1":"post","2":"type-post","3":"status-publish","4":"format-standard","5":"has-post-thumbnail","7":"category-redacao","8":"tag-redacao","9":"tag-repertorio-sociocultural","10":"tag-repertorios-socioculturais","11":"wl_entity_type-article"},"acf":[],"yoast_head":"<!-- This site is optimized with the Yoast SEO Premium plugin v25.9 (Yoast SEO v25.9) - https:\/\/yoast.com\/wordpress\/plugins\/seo\/ -->\n<title>A Fazenda: como usar na reda\u00e7\u00e3o? | Estrat\u00e9gia Vestibulares<\/title>\n<meta name=\"description\" content=\"O Estrat\u00e9gia Vestibulares preparou este artigo com com acontecimento do reality show &quot;A Fazenda&quot; que podem ser usados como repert\u00f3rios socioculturais na sua reda\u00e7\u00e3o\" \/>\n<meta name=\"robots\" content=\"index, follow, max-snippet:-1, max-image-preview:large, max-video-preview:-1\" \/>\n<link rel=\"canonical\" href=\"https:\/\/vestibulares.estrategia.com\/portal\/materias\/redacao\/redacao-a-fazenda\/\" \/>\n<meta property=\"og:locale\" content=\"pt_BR\" \/>\n<meta property=\"og:type\" content=\"article\" \/>\n<meta property=\"og:title\" content=\"A Fazenda: como usar na reda\u00e7\u00e3o?\" \/>\n<meta property=\"og:description\" content=\"O Estrat\u00e9gia Vestibulares preparou este artigo com com acontecimento do reality show &quot;A Fazenda&quot; que podem ser usados como repert\u00f3rios socioculturais na sua reda\u00e7\u00e3o\" \/>\n<meta property=\"og:url\" content=\"https:\/\/vestibulares.estrategia.com\/portal\/materias\/redacao\/redacao-a-fazenda\/\" \/>\n<meta property=\"og:site_name\" content=\"Estrat\u00e9gia Vestibulares\" \/>\n<meta property=\"article:publisher\" content=\"https:\/\/facebook.com\/estrategiavestibulares\" \/>\n<meta property=\"article:published_time\" content=\"2022-02-01T12:09:38+00:00\" \/>\n<meta property=\"article:modified_time\" content=\"2022-02-01T12:09:47+00:00\" \/>\n<meta property=\"og:image\" content=\"https:\/\/cdn.blog.estrategiavestibulares.com.br\/vestibulares\/wp-content\/uploads\/2022\/02\/a-fazenda.jpg\" \/>\n\t<meta property=\"og:image:width\" content=\"800\" \/>\n\t<meta property=\"og:image:height\" content=\"450\" \/>\n\t<meta property=\"og:image:type\" content=\"image\/jpeg\" \/>\n<meta name=\"author\" content=\"J\u00falia Wasko\" \/>\n<meta name=\"twitter:card\" content=\"summary_large_image\" \/>\n<meta name=\"twitter:creator\" content=\"@Estrategiavest\" \/>\n<meta name=\"twitter:site\" content=\"@Estrategiavest\" \/>\n<meta name=\"twitter:label1\" content=\"Escrito por\" \/>\n\t<meta name=\"twitter:data1\" content=\"J\u00falia Wasko\" \/>\n\t<meta name=\"twitter:label2\" content=\"Est. tempo de leitura\" \/>\n\t<meta name=\"twitter:data2\" content=\"5 minutos\" \/>\n<script type=\"application\/ld+json\" class=\"yoast-schema-graph\">{\"@context\":\"https:\/\/schema.org\",\"@graph\":[{\"@type\":\"Article\",\"@id\":\"https:\/\/vestibulares.estrategia.com\/portal\/materias\/redacao\/redacao-a-fazenda\/#article\",\"isPartOf\":{\"@id\":\"https:\/\/vestibulares.estrategia.com\/portal\/materias\/redacao\/redacao-a-fazenda\/\"},\"author\":{\"name\":\"J\u00falia Wasko\",\"@id\":\"https:\/\/vestibulares.estrategia.com\/portal\/#\/schema\/person\/83d5c517a965e3fd3fc7016a981cb8fe\"},\"headline\":\"A Fazenda: como usar na reda\u00e7\u00e3o?\",\"datePublished\":\"2022-02-01T12:09:38+00:00\",\"dateModified\":\"2022-02-01T12:09:47+00:00\",\"mainEntityOfPage\":{\"@id\":\"https:\/\/vestibulares.estrategia.com\/portal\/materias\/redacao\/redacao-a-fazenda\/\"},\"wordCount\":852,\"publisher\":{\"@id\":\"https:\/\/vestibulares.estrategia.com\/portal\/#organization\"},\"image\":{\"@id\":\"https:\/\/vestibulares.estrategia.com\/portal\/materias\/redacao\/redacao-a-fazenda\/#primaryimage\"},\"thumbnailUrl\":\"https:\/\/vestibulares.estrategia.com\/portal\/wp-content\/uploads\/2022\/02\/a-fazenda.jpg\",\"keywords\":[\"reda\u00e7\u00e3o\",\"repert\u00f3rio sociocultural\",\"repert\u00f3rios socioculturais\"],\"articleSection\":[\"Reda\u00e7\u00e3o\"],\"inLanguage\":\"pt-BR\"},{\"@type\":\"WebPage\",\"@id\":\"https:\/\/vestibulares.estrategia.com\/portal\/materias\/redacao\/redacao-a-fazenda\/\",\"url\":\"https:\/\/vestibulares.estrategia.com\/portal\/materias\/redacao\/redacao-a-fazenda\/\",\"name\":\"A Fazenda: como usar na reda\u00e7\u00e3o? | Estrat\u00e9gia Vestibulares\",\"isPartOf\":{\"@id\":\"https:\/\/vestibulares.estrategia.com\/portal\/#website\"},\"primaryImageOfPage\":{\"@id\":\"https:\/\/vestibulares.estrategia.com\/portal\/materias\/redacao\/redacao-a-fazenda\/#primaryimage\"},\"image\":{\"@id\":\"https:\/\/vestibulares.estrategia.com\/portal\/materias\/redacao\/redacao-a-fazenda\/#primaryimage\"},\"thumbnailUrl\":\"https:\/\/vestibulares.estrategia.com\/portal\/wp-content\/uploads\/2022\/02\/a-fazenda.jpg\",\"datePublished\":\"2022-02-01T12:09:38+00:00\",\"dateModified\":\"2022-02-01T12:09:47+00:00\",\"description\":\"O Estrat\u00e9gia Vestibulares preparou este artigo com com acontecimento do reality show \\\"A Fazenda\\\" que podem ser usados como repert\u00f3rios socioculturais na sua reda\u00e7\u00e3o\",\"breadcrumb\":{\"@id\":\"https:\/\/vestibulares.estrategia.com\/portal\/materias\/redacao\/redacao-a-fazenda\/#breadcrumb\"},\"inLanguage\":\"pt-BR\",\"potentialAction\":[{\"@type\":\"ReadAction\",\"target\":[\"https:\/\/vestibulares.estrategia.com\/portal\/materias\/redacao\/redacao-a-fazenda\/\"]}]},{\"@type\":\"ImageObject\",\"inLanguage\":\"pt-BR\",\"@id\":\"https:\/\/vestibulares.estrategia.com\/portal\/materias\/redacao\/redacao-a-fazenda\/#primaryimage\",\"url\":\"https:\/\/vestibulares.estrategia.com\/portal\/wp-content\/uploads\/2022\/02\/a-fazenda.jpg\",\"contentUrl\":\"https:\/\/vestibulares.estrategia.com\/portal\/wp-content\/uploads\/2022\/02\/a-fazenda.jpg\",\"width\":800,\"height\":450,\"caption\":\"reda\u00e7\u00e3o a fazenda\"},{\"@type\":\"BreadcrumbList\",\"@id\":\"https:\/\/vestibulares.estrategia.com\/portal\/materias\/redacao\/redacao-a-fazenda\/#breadcrumb\",\"itemListElement\":[{\"@type\":\"ListItem\",\"position\":1,\"name\":\"Home\",\"item\":\"https:\/\/vestibulares.estrategia.com\/portal\/\"},{\"@type\":\"ListItem\",\"position\":2,\"name\":\"Mat\u00e9rias\",\"item\":\"https:\/\/vestibulares.estrategia.com\/portal\/materias\/\"},{\"@type\":\"ListItem\",\"position\":3,\"name\":\"Reda\u00e7\u00e3o\",\"item\":\"https:\/\/vestibulares.estrategia.com\/portal\/materias\/redacao\/\"},{\"@type\":\"ListItem\",\"position\":4,\"name\":\"A Fazenda: como usar na reda\u00e7\u00e3o?\"}]},{\"@type\":\"WebSite\",\"@id\":\"https:\/\/vestibulares.estrategia.com\/portal\/#website\",\"url\":\"https:\/\/vestibulares.estrategia.com\/portal\/\",\"name\":\"Estrat\u00e9gia Vestibulares\",\"description\":\"\",\"publisher\":{\"@id\":\"https:\/\/vestibulares.estrategia.com\/portal\/#organization\"},\"potentialAction\":[{\"@type\":\"SearchAction\",\"target\":{\"@type\":\"EntryPoint\",\"urlTemplate\":\"https:\/\/vestibulares.estrategia.com\/portal\/?s={search_term_string}\"},\"query-input\":{\"@type\":\"PropertyValueSpecification\",\"valueRequired\":true,\"valueName\":\"search_term_string\"}}],\"inLanguage\":\"pt-BR\"},{\"@type\":\"Organization\",\"@id\":\"https:\/\/vestibulares.estrategia.com\/portal\/#organization\",\"name\":\"Estrat\u00e9gia Vestibulares\",\"url\":\"https:\/\/vestibulares.estrategia.com\/portal\/\",\"logo\":{\"@type\":\"ImageObject\",\"inLanguage\":\"pt-BR\",\"@id\":\"https:\/\/vestibulares.estrategia.com\/portal\/#\/schema\/logo\/image\/\",\"url\":\"https:\/\/vestibulares.estrategia.com\/portal\/wp-content\/uploads\/2021\/06\/Logo-Vestibulares@4x.png\",\"contentUrl\":\"https:\/\/vestibulares.estrategia.com\/portal\/wp-content\/uploads\/2021\/06\/Logo-Vestibulares@4x.png\",\"width\":250,\"height\":66,\"caption\":\"Estrat\u00e9gia Vestibulares\"},\"image\":{\"@id\":\"https:\/\/vestibulares.estrategia.com\/portal\/#\/schema\/logo\/image\/\"},\"sameAs\":[\"https:\/\/facebook.com\/estrategiavestibulares\",\"https:\/\/x.com\/Estrategiavest\",\"https:\/\/www.instagram.com\/estrategiavestibulares\",\"https:\/\/www.youtube.com\/channel\/UCGWdZy8ULI-7_5GrABa4vNA\"]},{\"@type\":\"Person\",\"@id\":\"https:\/\/vestibulares.estrategia.com\/portal\/#\/schema\/person\/83d5c517a965e3fd3fc7016a981cb8fe\",\"name\":\"J\u00falia Wasko\",\"image\":{\"@type\":\"ImageObject\",\"inLanguage\":\"pt-BR\",\"@id\":\"https:\/\/vestibulares.estrategia.com\/portal\/#\/schema\/person\/image\/\",\"url\":\"https:\/\/secure.gravatar.com\/avatar\/dab6fb308a491eea989a46ec58d3714d?s=96&d=mm&r=g\",\"contentUrl\":\"https:\/\/secure.gravatar.com\/avatar\/dab6fb308a491eea989a46ec58d3714d?s=96&d=mm&r=g\",\"caption\":\"J\u00falia Wasko\"},\"description\":\"Curso Jornalismo e sou apaixonada por entretenimento, comunica\u00e7\u00e3o e not\u00edcia! Adoro ler e curtir momentos com fam\u00edlia e amigos!\",\"url\":\"https:\/\/vestibulares.estrategia.com\/portal\/author\/julia-martins\/\"}]}<\/script>\n<!-- \/ Yoast SEO Premium plugin. -->","yoast_head_json":{"title":"A Fazenda: como usar na reda\u00e7\u00e3o? | Estrat\u00e9gia Vestibulares","description":"O Estrat\u00e9gia Vestibulares preparou este artigo com com acontecimento do reality show \"A Fazenda\" que podem ser usados como repert\u00f3rios socioculturais na sua reda\u00e7\u00e3o","robots":{"index":"index","follow":"follow","max-snippet":"max-snippet:-1","max-image-preview":"max-image-preview:large","max-video-preview":"max-video-preview:-1"},"canonical":"https:\/\/vestibulares.estrategia.com\/portal\/materias\/redacao\/redacao-a-fazenda\/","og_locale":"pt_BR","og_type":"article","og_title":"A Fazenda: como usar na reda\u00e7\u00e3o?","og_description":"O Estrat\u00e9gia Vestibulares preparou este artigo com com acontecimento do reality show \"A Fazenda\" que podem ser usados como repert\u00f3rios socioculturais na sua reda\u00e7\u00e3o","og_url":"https:\/\/vestibulares.estrategia.com\/portal\/materias\/redacao\/redacao-a-fazenda\/","og_site_name":"Estrat\u00e9gia Vestibulares","article_publisher":"https:\/\/facebook.com\/estrategiavestibulares","article_published_time":"2022-02-01T12:09:38+00:00","article_modified_time":"2022-02-01T12:09:47+00:00","og_image":[{"width":800,"height":450,"url":"https:\/\/cdn.blog.estrategiavestibulares.com.br\/vestibulares\/wp-content\/uploads\/2022\/02\/a-fazenda.jpg","type":"image\/jpeg"}],"author":"J\u00falia Wasko","twitter_card":"summary_large_image","twitter_creator":"@Estrategiavest","twitter_site":"@Estrategiavest","twitter_misc":{"Escrito por":"J\u00falia Wasko","Est. tempo de leitura":"5 minutos"},"schema":{"@context":"https:\/\/schema.org","@graph":[{"@type":"Article","@id":"https:\/\/vestibulares.estrategia.com\/portal\/materias\/redacao\/redacao-a-fazenda\/#article","isPartOf":{"@id":"https:\/\/vestibulares.estrategia.com\/portal\/materias\/redacao\/redacao-a-fazenda\/"},"author":{"name":"J\u00falia Wasko","@id":"https:\/\/vestibulares.estrategia.com\/portal\/#\/schema\/person\/83d5c517a965e3fd3fc7016a981cb8fe"},"headline":"A Fazenda: como usar na reda\u00e7\u00e3o?","datePublished":"2022-02-01T12:09:38+00:00","dateModified":"2022-02-01T12:09:47+00:00","mainEntityOfPage":{"@id":"https:\/\/vestibulares.estrategia.com\/portal\/materias\/redacao\/redacao-a-fazenda\/"},"wordCount":852,"publisher":{"@id":"https:\/\/vestibulares.estrategia.com\/portal\/#organization"},"image":{"@id":"https:\/\/vestibulares.estrategia.com\/portal\/materias\/redacao\/redacao-a-fazenda\/#primaryimage"},"thumbnailUrl":"https:\/\/vestibulares.estrategia.com\/portal\/wp-content\/uploads\/2022\/02\/a-fazenda.jpg","keywords":["reda\u00e7\u00e3o","repert\u00f3rio sociocultural","repert\u00f3rios socioculturais"],"articleSection":["Reda\u00e7\u00e3o"],"inLanguage":"pt-BR"},{"@type":"WebPage","@id":"https:\/\/vestibulares.estrategia.com\/portal\/materias\/redacao\/redacao-a-fazenda\/","url":"https:\/\/vestibulares.estrategia.com\/portal\/materias\/redacao\/redacao-a-fazenda\/","name":"A Fazenda: como usar na reda\u00e7\u00e3o? | Estrat\u00e9gia Vestibulares","isPartOf":{"@id":"https:\/\/vestibulares.estrategia.com\/portal\/#website"},"primaryImageOfPage":{"@id":"https:\/\/vestibulares.estrategia.com\/portal\/materias\/redacao\/redacao-a-fazenda\/#primaryimage"},"image":{"@id":"https:\/\/vestibulares.estrategia.com\/portal\/materias\/redacao\/redacao-a-fazenda\/#primaryimage"},"thumbnailUrl":"https:\/\/vestibulares.estrategia.com\/portal\/wp-content\/uploads\/2022\/02\/a-fazenda.jpg","datePublished":"2022-02-01T12:09:38+00:00","dateModified":"2022-02-01T12:09:47+00:00","description":"O Estrat\u00e9gia Vestibulares preparou este artigo com com acontecimento do reality show \"A Fazenda\" que podem ser usados como repert\u00f3rios socioculturais na sua reda\u00e7\u00e3o","breadcrumb":{"@id":"https:\/\/vestibulares.estrategia.com\/portal\/materias\/redacao\/redacao-a-fazenda\/#breadcrumb"},"inLanguage":"pt-BR","potentialAction":[{"@type":"ReadAction","target":["https:\/\/vestibulares.estrategia.com\/portal\/materias\/redacao\/redacao-a-fazenda\/"]}]},{"@type":"ImageObject","inLanguage":"pt-BR","@id":"https:\/\/vestibulares.estrategia.com\/portal\/materias\/redacao\/redacao-a-fazenda\/#primaryimage","url":"https:\/\/vestibulares.estrategia.com\/portal\/wp-content\/uploads\/2022\/02\/a-fazenda.jpg","contentUrl":"https:\/\/vestibulares.estrategia.com\/portal\/wp-content\/uploads\/2022\/02\/a-fazenda.jpg","width":800,"height":450,"caption":"reda\u00e7\u00e3o a fazenda"},{"@type":"BreadcrumbList","@id":"https:\/\/vestibulares.estrategia.com\/portal\/materias\/redacao\/redacao-a-fazenda\/#breadcrumb","itemListElement":[{"@type":"ListItem","position":1,"name":"Home","item":"https:\/\/vestibulares.estrategia.com\/portal\/"},{"@type":"ListItem","position":2,"name":"Mat\u00e9rias","item":"https:\/\/vestibulares.estrategia.com\/portal\/materias\/"},{"@type":"ListItem","position":3,"name":"Reda\u00e7\u00e3o","item":"https:\/\/vestibulares.estrategia.com\/portal\/materias\/redacao\/"},{"@type":"ListItem","position":4,"name":"A Fazenda: como usar na reda\u00e7\u00e3o?"}]},{"@type":"WebSite","@id":"https:\/\/vestibulares.estrategia.com\/portal\/#website","url":"https:\/\/vestibulares.estrategia.com\/portal\/","name":"Estrat\u00e9gia Vestibulares","description":"","publisher":{"@id":"https:\/\/vestibulares.estrategia.com\/portal\/#organization"},"potentialAction":[{"@type":"SearchAction","target":{"@type":"EntryPoint","urlTemplate":"https:\/\/vestibulares.estrategia.com\/portal\/?s={search_term_string}"},"query-input":{"@type":"PropertyValueSpecification","valueRequired":true,"valueName":"search_term_string"}}],"inLanguage":"pt-BR"},{"@type":"Organization","@id":"https:\/\/vestibulares.estrategia.com\/portal\/#organization","name":"Estrat\u00e9gia Vestibulares","url":"https:\/\/vestibulares.estrategia.com\/portal\/","logo":{"@type":"ImageObject","inLanguage":"pt-BR","@id":"https:\/\/vestibulares.estrategia.com\/portal\/#\/schema\/logo\/image\/","url":"https:\/\/vestibulares.estrategia.com\/portal\/wp-content\/uploads\/2021\/06\/Logo-Vestibulares@4x.png","contentUrl":"https:\/\/vestibulares.estrategia.com\/portal\/wp-content\/uploads\/2021\/06\/Logo-Vestibulares@4x.png","width":250,"height":66,"caption":"Estrat\u00e9gia Vestibulares"},"image":{"@id":"https:\/\/vestibulares.estrategia.com\/portal\/#\/schema\/logo\/image\/"},"sameAs":["https:\/\/facebook.com\/estrategiavestibulares","https:\/\/x.com\/Estrategiavest","https:\/\/www.instagram.com\/estrategiavestibulares","https:\/\/www.youtube.com\/channel\/UCGWdZy8ULI-7_5GrABa4vNA"]},{"@type":"Person","@id":"https:\/\/vestibulares.estrategia.com\/portal\/#\/schema\/person\/83d5c517a965e3fd3fc7016a981cb8fe","name":"J\u00falia Wasko","image":{"@type":"ImageObject","inLanguage":"pt-BR","@id":"https:\/\/vestibulares.estrategia.com\/portal\/#\/schema\/person\/image\/","url":"https:\/\/secure.gravatar.com\/avatar\/dab6fb308a491eea989a46ec58d3714d?s=96&d=mm&r=g","contentUrl":"https:\/\/secure.gravatar.com\/avatar\/dab6fb308a491eea989a46ec58d3714d?s=96&d=mm&r=g","caption":"J\u00falia Wasko"},"description":"Curso Jornalismo e sou apaixonada por entretenimento, comunica\u00e7\u00e3o e not\u00edcia! Adoro ler e curtir momentos com fam\u00edlia e amigos!","url":"https:\/\/vestibulares.estrategia.com\/portal\/author\/julia-martins\/"}]}},"_wl_alt_label":[],"wl:entity_url":"https:\/\/data.wordlift.io\/wl110249\/post\/redacao-a-fazenda","_links":{"self":[{"href":"https:\/\/vestibulares.estrategia.com\/portal\/wp-json\/wp\/v2\/posts\/62272","targetHints":{"allow":["GET"]}}],"collection":[{"href":"https:\/\/vestibulares.estrategia.com\/portal\/wp-json\/wp\/v2\/posts"}],"about":[{"href":"https:\/\/vestibulares.estrategia.com\/portal\/wp-json\/wp\/v2\/types\/post"}],"author":[{"embeddable":true,"href":"https:\/\/vestibulares.estrategia.com\/portal\/wp-json\/wp\/v2\/users\/29"}],"replies":[{"embeddable":true,"href":"https:\/\/vestibulares.estrategia.com\/portal\/wp-json\/wp\/v2\/comments?post=62272"}],"version-history":[{"count":2,"href":"https:\/\/vestibulares.estrategia.com\/portal\/wp-json\/wp\/v2\/posts\/62272\/revisions"}],"predecessor-version":[{"id":62275,"href":"https:\/\/vestibulares.estrategia.com\/portal\/wp-json\/wp\/v2\/posts\/62272\/revisions\/62275"}],"wp:featuredmedia":[{"embeddable":true,"href":"https:\/\/vestibulares.estrategia.com\/portal\/wp-json\/wp\/v2\/media\/62273"}],"wp:attachment":[{"href":"https:\/\/vestibulares.estrategia.com\/portal\/wp-json\/wp\/v2\/media?parent=62272"}],"wp:term":[{"taxonomy":"category","embeddable":true,"href":"https:\/\/vestibulares.estrategia.com\/portal\/wp-json\/wp\/v2\/categories?post=62272"},{"taxonomy":"post_tag","embeddable":true,"href":"https:\/\/vestibulares.estrategia.com\/portal\/wp-json\/wp\/v2\/tags?post=62272"},{"taxonomy":"wl_entity_type","embeddable":true,"href":"https:\/\/vestibulares.estrategia.com\/portal\/wp-json\/wp\/v2\/wl_entity_type?post=62272"}],"curies":[{"name":"wp","href":"https:\/\/api.w.org\/{rel}","templated":true}]}}