{"id":65318,"date":"2022-03-25T11:18:35","date_gmt":"2022-03-25T14:18:35","guid":{"rendered":"https:\/\/vestibulares.estrategia.com\/portal\/?p=65318"},"modified":"2022-03-25T11:27:25","modified_gmt":"2022-03-25T14:27:25","slug":"uemg-2022-classifcacao-dos-candidatos-muda-de-data","status":"publish","type":"post","link":"https:\/\/vestibulares.estrategia.com\/portal\/noticias\/uemg-2022-classifcacao-dos-candidatos-muda-de-data\/","title":{"rendered":"Uemg 2022: classifica\u00e7\u00e3o dos candidatos ser\u00e1 divulgada em 8 de abril"},"content":{"rendered":"<p>A Universidade do Estado de Minas Gerais (<a href=\"https:\/\/vestibulares.estrategia.com\/portal\/guias\/universidade-do-estado-de-minas-gerais-uemg-vestibular-prova-calendario-e-mais\/\" target=\"_blank\">Uemg<\/a>) divulgou nesta sexta-feira (25) uma retifica&ccedil;&atilde;o do edital referente ao vestibular 2022. <p>No documento, a universidade adia a data de divulga&ccedil;&atilde;o do resultado de classifica&ccedil;&atilde;o dos candidatos do dia 25 de mar&ccedil;o para 8 de abril.<\/p><p>O resultado ser&aacute; divulgado no site da Uemg, por meio de lista com nomes e notas dos candidatos e utilizar&aacute; a seguinte nomenclatura:<\/p><ul class=\"wp-block-list\"><li><strong>Classificado: <\/strong>refere-se ao candidato que obteve somat&oacute;rio de pontos suficiente para inclu&iacute;-lo no limite das vagas dispon&iacute;veis no curso e no turno para os quais se inscreveu;<\/li><li><strong>Excedente:<\/strong> refere-se ao candidato que n&atilde;o obteve somat&oacute;rio de pontos suficiente para inclu&iacute;-lo nas vagas dispon&iacute;veis no curso e no turno para os quais se inscreveu; e<\/li><li><strong>Desclassificado:<\/strong> refere-se ao candidato que obteve nota zero na prova de reda&ccedil;&atilde;o e ao candidato ao curso de M&uacute;sica que n&atilde;o alcan&ccedil;ou aprova&ccedil;&atilde;o nas provas de Habilidades Espec&iacute;ficas.<\/li><\/ul><div class=\"wp-block-buttons is-content-justification-center is-layout-flex wp-block-buttons-is-layout-flex\">\n<div class=\"wp-block-button\"><a class=\"wp-block-button__link has-luminous-vivid-amber-to-luminous-vivid-orange-gradient-background has-background\" rel=\"nofollow\" href=\"https:\/\/vestibulares.estrategia.com\/portal\/wp-content\/uploads\/2022\/03\/vest-22-retif-05.pdf\" target=\"_blank\"><strong>LEIA TODAS AS RETIFICA&Ccedil;&Otilde;ES<\/strong><\/a><\/div>\n<\/div><h2 class=\"wp-block-heading\" id=\"h-conquiste-sua-vaga-na-uemg-com-o-estrategia\">Conquiste sua vaga na Uemg com o Estrat&eacute;gia<\/h2><p>Quer estudar em uma das melhores universidades estaduais de Minas Gerais? Estude com a Coruja e aproveite os benef&iacute;cios que s&oacute; o Estrat&eacute;gia oferece: banco de quest&otilde;es, simulados, corre&ccedil;&otilde;es ilimitadas de reda&ccedil;&otilde;es, material completo e um time de professores especializados nas maiores bancas de vestibular.<\/p><p>\n\n\n\n<a id=\"cta\" class=\"cta-imagem\" href=\"https:\/\/vestibulares.estrategia.com\/cursos\/\" target=\"blank\">\n                <img decoding=\"async\" width=\"100%\" src=\"https:\/\/vestibulares.estrategia.com\/portal\/wp-content\/uploads\/2021\/12\/EV2.jpg\" alt=\"CTA - Estrat\u00e9gia Vestibulares 2\" title=\"CTA - Estrat\u00e9gia Vestibulares 2\">\n        <\/a>\n\n\n<\/p><\/p>\n","protected":false},"excerpt":{"rendered":"Em documento com retifica\u00e7\u00f5es sobre o vestibular 2022, a universidade adiou a divulga\u00e7\u00e3o da classifica\u00e7\u00e3o, marcada para este dia 25 de mar\u00e7o\n","protected":false},"author":48,"featured_media":62848,"comment_status":"closed","ping_status":"closed","sticky":false,"template":"","format":"standard","meta":{"wl_entities_gutenberg":"","footnotes":""},"categories":[47],"tags":[790,791],"wl_entity_type":[732],"class_list":{"0":"post-65318","1":"post","2":"type-post","3":"status-publish","4":"format-standard","5":"has-post-thumbnail","7":"category-noticias","8":"tag-uemg","9":"tag-uemg-2022","10":"wl_entity_type-article"},"acf":[],"yoast_head":"<!-- This site is optimized with the Yoast SEO Premium plugin v25.9 (Yoast SEO v25.9) - https:\/\/yoast.com\/wordpress\/plugins\/seo\/ -->\n<title>Uemg 2022: classifica\u00e7\u00e3o dos candidatos ser\u00e1 divulgada em 8 de abril<\/title>\n<meta name=\"description\" content=\"A Uemg divulgou nesta sexta-feira (25) uma retifica\u00e7\u00e3o do edital referente ao vestibular 2022. Saiba todos os detalhes!\" \/>\n<meta name=\"robots\" content=\"index, follow, max-snippet:-1, max-image-preview:large, max-video-preview:-1\" \/>\n<link rel=\"canonical\" href=\"https:\/\/vestibulares.estrategia.com\/portal\/noticias\/uemg-2022-classifcacao-dos-candidatos-muda-de-data\/\" \/>\n<meta property=\"og:locale\" content=\"pt_BR\" \/>\n<meta property=\"og:type\" content=\"article\" \/>\n<meta property=\"og:title\" content=\"Uemg 2022: classifica\u00e7\u00e3o dos candidatos ser\u00e1 divulgada em 8 de abril\" \/>\n<meta property=\"og:description\" content=\"A Uemg divulgou nesta sexta-feira (25) uma retifica\u00e7\u00e3o do edital referente ao vestibular 2022. Saiba todos os detalhes!\" \/>\n<meta property=\"og:url\" content=\"https:\/\/vestibulares.estrategia.com\/portal\/noticias\/uemg-2022-classifcacao-dos-candidatos-muda-de-data\/\" \/>\n<meta property=\"og:site_name\" content=\"Estrat\u00e9gia Vestibulares\" \/>\n<meta property=\"article:publisher\" content=\"https:\/\/facebook.com\/estrategiavestibulares\" \/>\n<meta property=\"article:published_time\" content=\"2022-03-25T14:18:35+00:00\" \/>\n<meta property=\"article:modified_time\" content=\"2022-03-25T14:27:25+00:00\" \/>\n<meta property=\"og:image\" content=\"https:\/\/cdn.blog.estrategiavestibulares.com.br\/vestibulares\/wp-content\/uploads\/2022\/02\/UEMG-EV.jpg\" \/>\n\t<meta property=\"og:image:width\" content=\"750\" \/>\n\t<meta property=\"og:image:height\" content=\"420\" \/>\n\t<meta property=\"og:image:type\" content=\"image\/jpeg\" \/>\n<meta name=\"author\" content=\"Beatriz Santana\" \/>\n<meta name=\"twitter:card\" content=\"summary_large_image\" \/>\n<meta name=\"twitter:creator\" content=\"@Estrategiavest\" \/>\n<meta name=\"twitter:site\" content=\"@Estrategiavest\" \/>\n<meta name=\"twitter:label1\" content=\"Escrito por\" \/>\n\t<meta name=\"twitter:data1\" content=\"Beatriz Santana\" \/>\n\t<meta name=\"twitter:label2\" content=\"Est. tempo de leitura\" \/>\n\t<meta name=\"twitter:data2\" content=\"2 minutos\" \/>\n<script type=\"application\/ld+json\" class=\"yoast-schema-graph\">{\"@context\":\"https:\/\/schema.org\",\"@graph\":[{\"@type\":\"NewsArticle\",\"@id\":\"https:\/\/vestibulares.estrategia.com\/portal\/noticias\/uemg-2022-classifcacao-dos-candidatos-muda-de-data\/#article\",\"isPartOf\":{\"@id\":\"https:\/\/vestibulares.estrategia.com\/portal\/noticias\/uemg-2022-classifcacao-dos-candidatos-muda-de-data\/\"},\"author\":{\"name\":\"Beatriz Santana\",\"@id\":\"https:\/\/vestibulares.estrategia.com\/portal\/#\/schema\/person\/cdd941dcf53839374c0bc8d39bb0230f\"},\"headline\":\"Uemg 2022: classifica\u00e7\u00e3o dos candidatos ser\u00e1 divulgada em 8 de abril\",\"datePublished\":\"2022-03-25T14:18:35+00:00\",\"dateModified\":\"2022-03-25T14:27:25+00:00\",\"mainEntityOfPage\":{\"@id\":\"https:\/\/vestibulares.estrategia.com\/portal\/noticias\/uemg-2022-classifcacao-dos-candidatos-muda-de-data\/\"},\"wordCount\":236,\"publisher\":{\"@id\":\"https:\/\/vestibulares.estrategia.com\/portal\/#organization\"},\"image\":{\"@id\":\"https:\/\/vestibulares.estrategia.com\/portal\/noticias\/uemg-2022-classifcacao-dos-candidatos-muda-de-data\/#primaryimage\"},\"thumbnailUrl\":\"https:\/\/vestibulares.estrategia.com\/portal\/wp-content\/uploads\/2022\/02\/UEMG-EV.jpg\",\"keywords\":[\"uemg\",\"uemg 2022\"],\"articleSection\":[\"Not\u00edcias\"],\"inLanguage\":\"pt-BR\"},{\"@type\":\"WebPage\",\"@id\":\"https:\/\/vestibulares.estrategia.com\/portal\/noticias\/uemg-2022-classifcacao-dos-candidatos-muda-de-data\/\",\"url\":\"https:\/\/vestibulares.estrategia.com\/portal\/noticias\/uemg-2022-classifcacao-dos-candidatos-muda-de-data\/\",\"name\":\"Uemg 2022: classifica\u00e7\u00e3o dos candidatos ser\u00e1 divulgada em 8 de abril\",\"isPartOf\":{\"@id\":\"https:\/\/vestibulares.estrategia.com\/portal\/#website\"},\"primaryImageOfPage\":{\"@id\":\"https:\/\/vestibulares.estrategia.com\/portal\/noticias\/uemg-2022-classifcacao-dos-candidatos-muda-de-data\/#primaryimage\"},\"image\":{\"@id\":\"https:\/\/vestibulares.estrategia.com\/portal\/noticias\/uemg-2022-classifcacao-dos-candidatos-muda-de-data\/#primaryimage\"},\"thumbnailUrl\":\"https:\/\/vestibulares.estrategia.com\/portal\/wp-content\/uploads\/2022\/02\/UEMG-EV.jpg\",\"datePublished\":\"2022-03-25T14:18:35+00:00\",\"dateModified\":\"2022-03-25T14:27:25+00:00\",\"description\":\"A Uemg divulgou nesta sexta-feira (25) uma retifica\u00e7\u00e3o do edital referente ao vestibular 2022. Saiba todos os detalhes!\",\"breadcrumb\":{\"@id\":\"https:\/\/vestibulares.estrategia.com\/portal\/noticias\/uemg-2022-classifcacao-dos-candidatos-muda-de-data\/#breadcrumb\"},\"inLanguage\":\"pt-BR\",\"potentialAction\":[{\"@type\":\"ReadAction\",\"target\":[\"https:\/\/vestibulares.estrategia.com\/portal\/noticias\/uemg-2022-classifcacao-dos-candidatos-muda-de-data\/\"]}]},{\"@type\":\"ImageObject\",\"inLanguage\":\"pt-BR\",\"@id\":\"https:\/\/vestibulares.estrategia.com\/portal\/noticias\/uemg-2022-classifcacao-dos-candidatos-muda-de-data\/#primaryimage\",\"url\":\"https:\/\/vestibulares.estrategia.com\/portal\/wp-content\/uploads\/2022\/02\/UEMG-EV.jpg\",\"contentUrl\":\"https:\/\/vestibulares.estrategia.com\/portal\/wp-content\/uploads\/2022\/02\/UEMG-EV.jpg\",\"width\":750,\"height\":420,\"caption\":\"Uemg Estrat\u00e9gia Vestibulares\"},{\"@type\":\"BreadcrumbList\",\"@id\":\"https:\/\/vestibulares.estrategia.com\/portal\/noticias\/uemg-2022-classifcacao-dos-candidatos-muda-de-data\/#breadcrumb\",\"itemListElement\":[{\"@type\":\"ListItem\",\"position\":1,\"name\":\"Home\",\"item\":\"https:\/\/vestibulares.estrategia.com\/portal\/\"},{\"@type\":\"ListItem\",\"position\":2,\"name\":\"Not\u00edcias\",\"item\":\"https:\/\/vestibulares.estrategia.com\/portal\/noticias\/\"},{\"@type\":\"ListItem\",\"position\":3,\"name\":\"Uemg 2022: classifica\u00e7\u00e3o dos candidatos ser\u00e1 divulgada em 8 de abril\"}]},{\"@type\":\"WebSite\",\"@id\":\"https:\/\/vestibulares.estrategia.com\/portal\/#website\",\"url\":\"https:\/\/vestibulares.estrategia.com\/portal\/\",\"name\":\"Estrat\u00e9gia Vestibulares\",\"description\":\"\",\"publisher\":{\"@id\":\"https:\/\/vestibulares.estrategia.com\/portal\/#organization\"},\"potentialAction\":[{\"@type\":\"SearchAction\",\"target\":{\"@type\":\"EntryPoint\",\"urlTemplate\":\"https:\/\/vestibulares.estrategia.com\/portal\/?s={search_term_string}\"},\"query-input\":{\"@type\":\"PropertyValueSpecification\",\"valueRequired\":true,\"valueName\":\"search_term_string\"}}],\"inLanguage\":\"pt-BR\"},{\"@type\":\"Organization\",\"@id\":\"https:\/\/vestibulares.estrategia.com\/portal\/#organization\",\"name\":\"Estrat\u00e9gia Vestibulares\",\"url\":\"https:\/\/vestibulares.estrategia.com\/portal\/\",\"logo\":{\"@type\":\"ImageObject\",\"inLanguage\":\"pt-BR\",\"@id\":\"https:\/\/vestibulares.estrategia.com\/portal\/#\/schema\/logo\/image\/\",\"url\":\"https:\/\/vestibulares.estrategia.com\/portal\/wp-content\/uploads\/2021\/06\/Logo-Vestibulares@4x.png\",\"contentUrl\":\"https:\/\/vestibulares.estrategia.com\/portal\/wp-content\/uploads\/2021\/06\/Logo-Vestibulares@4x.png\",\"width\":250,\"height\":66,\"caption\":\"Estrat\u00e9gia Vestibulares\"},\"image\":{\"@id\":\"https:\/\/vestibulares.estrategia.com\/portal\/#\/schema\/logo\/image\/\"},\"sameAs\":[\"https:\/\/facebook.com\/estrategiavestibulares\",\"https:\/\/x.com\/Estrategiavest\",\"https:\/\/www.instagram.com\/estrategiavestibulares\",\"https:\/\/www.youtube.com\/channel\/UCGWdZy8ULI-7_5GrABa4vNA\"]},{\"@type\":\"Person\",\"@id\":\"https:\/\/vestibulares.estrategia.com\/portal\/#\/schema\/person\/cdd941dcf53839374c0bc8d39bb0230f\",\"name\":\"Beatriz Santana\",\"image\":{\"@type\":\"ImageObject\",\"inLanguage\":\"pt-BR\",\"@id\":\"https:\/\/vestibulares.estrategia.com\/portal\/#\/schema\/person\/image\/\",\"url\":\"https:\/\/vestibulares.estrategia.com\/portal\/wp-content\/uploads\/2022\/01\/WhatsApp-Image-2021-10-21-at-10.19.09-1-150x150.webp\",\"contentUrl\":\"https:\/\/vestibulares.estrategia.com\/portal\/wp-content\/uploads\/2022\/01\/WhatsApp-Image-2021-10-21-at-10.19.09-1-150x150.webp\",\"caption\":\"Beatriz Santana\"},\"description\":\"Jornalista formada pela Unesp\",\"url\":\"https:\/\/vestibulares.estrategia.com\/portal\/author\/beatriz-santana\/\"}]}<\/script>\n<!-- \/ Yoast SEO Premium plugin. -->","yoast_head_json":{"title":"Uemg 2022: classifica\u00e7\u00e3o dos candidatos ser\u00e1 divulgada em 8 de abril","description":"A Uemg divulgou nesta sexta-feira (25) uma retifica\u00e7\u00e3o do edital referente ao vestibular 2022. Saiba todos os detalhes!","robots":{"index":"index","follow":"follow","max-snippet":"max-snippet:-1","max-image-preview":"max-image-preview:large","max-video-preview":"max-video-preview:-1"},"canonical":"https:\/\/vestibulares.estrategia.com\/portal\/noticias\/uemg-2022-classifcacao-dos-candidatos-muda-de-data\/","og_locale":"pt_BR","og_type":"article","og_title":"Uemg 2022: classifica\u00e7\u00e3o dos candidatos ser\u00e1 divulgada em 8 de abril","og_description":"A Uemg divulgou nesta sexta-feira (25) uma retifica\u00e7\u00e3o do edital referente ao vestibular 2022. Saiba todos os detalhes!","og_url":"https:\/\/vestibulares.estrategia.com\/portal\/noticias\/uemg-2022-classifcacao-dos-candidatos-muda-de-data\/","og_site_name":"Estrat\u00e9gia Vestibulares","article_publisher":"https:\/\/facebook.com\/estrategiavestibulares","article_published_time":"2022-03-25T14:18:35+00:00","article_modified_time":"2022-03-25T14:27:25+00:00","og_image":[{"width":750,"height":420,"url":"https:\/\/cdn.blog.estrategiavestibulares.com.br\/vestibulares\/wp-content\/uploads\/2022\/02\/UEMG-EV.jpg","type":"image\/jpeg"}],"author":"Beatriz Santana","twitter_card":"summary_large_image","twitter_creator":"@Estrategiavest","twitter_site":"@Estrategiavest","twitter_misc":{"Escrito por":"Beatriz Santana","Est. tempo de leitura":"2 minutos"},"schema":{"@context":"https:\/\/schema.org","@graph":[{"@type":"NewsArticle","@id":"https:\/\/vestibulares.estrategia.com\/portal\/noticias\/uemg-2022-classifcacao-dos-candidatos-muda-de-data\/#article","isPartOf":{"@id":"https:\/\/vestibulares.estrategia.com\/portal\/noticias\/uemg-2022-classifcacao-dos-candidatos-muda-de-data\/"},"author":{"name":"Beatriz Santana","@id":"https:\/\/vestibulares.estrategia.com\/portal\/#\/schema\/person\/cdd941dcf53839374c0bc8d39bb0230f"},"headline":"Uemg 2022: classifica\u00e7\u00e3o dos candidatos ser\u00e1 divulgada em 8 de abril","datePublished":"2022-03-25T14:18:35+00:00","dateModified":"2022-03-25T14:27:25+00:00","mainEntityOfPage":{"@id":"https:\/\/vestibulares.estrategia.com\/portal\/noticias\/uemg-2022-classifcacao-dos-candidatos-muda-de-data\/"},"wordCount":236,"publisher":{"@id":"https:\/\/vestibulares.estrategia.com\/portal\/#organization"},"image":{"@id":"https:\/\/vestibulares.estrategia.com\/portal\/noticias\/uemg-2022-classifcacao-dos-candidatos-muda-de-data\/#primaryimage"},"thumbnailUrl":"https:\/\/vestibulares.estrategia.com\/portal\/wp-content\/uploads\/2022\/02\/UEMG-EV.jpg","keywords":["uemg","uemg 2022"],"articleSection":["Not\u00edcias"],"inLanguage":"pt-BR"},{"@type":"WebPage","@id":"https:\/\/vestibulares.estrategia.com\/portal\/noticias\/uemg-2022-classifcacao-dos-candidatos-muda-de-data\/","url":"https:\/\/vestibulares.estrategia.com\/portal\/noticias\/uemg-2022-classifcacao-dos-candidatos-muda-de-data\/","name":"Uemg 2022: classifica\u00e7\u00e3o dos candidatos ser\u00e1 divulgada em 8 de abril","isPartOf":{"@id":"https:\/\/vestibulares.estrategia.com\/portal\/#website"},"primaryImageOfPage":{"@id":"https:\/\/vestibulares.estrategia.com\/portal\/noticias\/uemg-2022-classifcacao-dos-candidatos-muda-de-data\/#primaryimage"},"image":{"@id":"https:\/\/vestibulares.estrategia.com\/portal\/noticias\/uemg-2022-classifcacao-dos-candidatos-muda-de-data\/#primaryimage"},"thumbnailUrl":"https:\/\/vestibulares.estrategia.com\/portal\/wp-content\/uploads\/2022\/02\/UEMG-EV.jpg","datePublished":"2022-03-25T14:18:35+00:00","dateModified":"2022-03-25T14:27:25+00:00","description":"A Uemg divulgou nesta sexta-feira (25) uma retifica\u00e7\u00e3o do edital referente ao vestibular 2022. Saiba todos os detalhes!","breadcrumb":{"@id":"https:\/\/vestibulares.estrategia.com\/portal\/noticias\/uemg-2022-classifcacao-dos-candidatos-muda-de-data\/#breadcrumb"},"inLanguage":"pt-BR","potentialAction":[{"@type":"ReadAction","target":["https:\/\/vestibulares.estrategia.com\/portal\/noticias\/uemg-2022-classifcacao-dos-candidatos-muda-de-data\/"]}]},{"@type":"ImageObject","inLanguage":"pt-BR","@id":"https:\/\/vestibulares.estrategia.com\/portal\/noticias\/uemg-2022-classifcacao-dos-candidatos-muda-de-data\/#primaryimage","url":"https:\/\/vestibulares.estrategia.com\/portal\/wp-content\/uploads\/2022\/02\/UEMG-EV.jpg","contentUrl":"https:\/\/vestibulares.estrategia.com\/portal\/wp-content\/uploads\/2022\/02\/UEMG-EV.jpg","width":750,"height":420,"caption":"Uemg Estrat\u00e9gia Vestibulares"},{"@type":"BreadcrumbList","@id":"https:\/\/vestibulares.estrategia.com\/portal\/noticias\/uemg-2022-classifcacao-dos-candidatos-muda-de-data\/#breadcrumb","itemListElement":[{"@type":"ListItem","position":1,"name":"Home","item":"https:\/\/vestibulares.estrategia.com\/portal\/"},{"@type":"ListItem","position":2,"name":"Not\u00edcias","item":"https:\/\/vestibulares.estrategia.com\/portal\/noticias\/"},{"@type":"ListItem","position":3,"name":"Uemg 2022: classifica\u00e7\u00e3o dos candidatos ser\u00e1 divulgada em 8 de abril"}]},{"@type":"WebSite","@id":"https:\/\/vestibulares.estrategia.com\/portal\/#website","url":"https:\/\/vestibulares.estrategia.com\/portal\/","name":"Estrat\u00e9gia Vestibulares","description":"","publisher":{"@id":"https:\/\/vestibulares.estrategia.com\/portal\/#organization"},"potentialAction":[{"@type":"SearchAction","target":{"@type":"EntryPoint","urlTemplate":"https:\/\/vestibulares.estrategia.com\/portal\/?s={search_term_string}"},"query-input":{"@type":"PropertyValueSpecification","valueRequired":true,"valueName":"search_term_string"}}],"inLanguage":"pt-BR"},{"@type":"Organization","@id":"https:\/\/vestibulares.estrategia.com\/portal\/#organization","name":"Estrat\u00e9gia Vestibulares","url":"https:\/\/vestibulares.estrategia.com\/portal\/","logo":{"@type":"ImageObject","inLanguage":"pt-BR","@id":"https:\/\/vestibulares.estrategia.com\/portal\/#\/schema\/logo\/image\/","url":"https:\/\/vestibulares.estrategia.com\/portal\/wp-content\/uploads\/2021\/06\/Logo-Vestibulares@4x.png","contentUrl":"https:\/\/vestibulares.estrategia.com\/portal\/wp-content\/uploads\/2021\/06\/Logo-Vestibulares@4x.png","width":250,"height":66,"caption":"Estrat\u00e9gia Vestibulares"},"image":{"@id":"https:\/\/vestibulares.estrategia.com\/portal\/#\/schema\/logo\/image\/"},"sameAs":["https:\/\/facebook.com\/estrategiavestibulares","https:\/\/x.com\/Estrategiavest","https:\/\/www.instagram.com\/estrategiavestibulares","https:\/\/www.youtube.com\/channel\/UCGWdZy8ULI-7_5GrABa4vNA"]},{"@type":"Person","@id":"https:\/\/vestibulares.estrategia.com\/portal\/#\/schema\/person\/cdd941dcf53839374c0bc8d39bb0230f","name":"Beatriz Santana","image":{"@type":"ImageObject","inLanguage":"pt-BR","@id":"https:\/\/vestibulares.estrategia.com\/portal\/#\/schema\/person\/image\/","url":"https:\/\/vestibulares.estrategia.com\/portal\/wp-content\/uploads\/2022\/01\/WhatsApp-Image-2021-10-21-at-10.19.09-1-150x150.webp","contentUrl":"https:\/\/vestibulares.estrategia.com\/portal\/wp-content\/uploads\/2022\/01\/WhatsApp-Image-2021-10-21-at-10.19.09-1-150x150.webp","caption":"Beatriz Santana"},"description":"Jornalista formada pela Unesp","url":"https:\/\/vestibulares.estrategia.com\/portal\/author\/beatriz-santana\/"}]}},"_wl_alt_label":[],"wl:entity_url":"https:\/\/data.wordlift.io\/wl110249\/post\/uemg-2022-classifcacao-dos-candidatos-muda-de-data","_links":{"self":[{"href":"https:\/\/vestibulares.estrategia.com\/portal\/wp-json\/wp\/v2\/posts\/65318","targetHints":{"allow":["GET"]}}],"collection":[{"href":"https:\/\/vestibulares.estrategia.com\/portal\/wp-json\/wp\/v2\/posts"}],"about":[{"href":"https:\/\/vestibulares.estrategia.com\/portal\/wp-json\/wp\/v2\/types\/post"}],"author":[{"embeddable":true,"href":"https:\/\/vestibulares.estrategia.com\/portal\/wp-json\/wp\/v2\/users\/48"}],"replies":[{"embeddable":true,"href":"https:\/\/vestibulares.estrategia.com\/portal\/wp-json\/wp\/v2\/comments?post=65318"}],"version-history":[{"count":5,"href":"https:\/\/vestibulares.estrategia.com\/portal\/wp-json\/wp\/v2\/posts\/65318\/revisions"}],"predecessor-version":[{"id":65325,"href":"https:\/\/vestibulares.estrategia.com\/portal\/wp-json\/wp\/v2\/posts\/65318\/revisions\/65325"}],"wp:featuredmedia":[{"embeddable":true,"href":"https:\/\/vestibulares.estrategia.com\/portal\/wp-json\/wp\/v2\/media\/62848"}],"wp:attachment":[{"href":"https:\/\/vestibulares.estrategia.com\/portal\/wp-json\/wp\/v2\/media?parent=65318"}],"wp:term":[{"taxonomy":"category","embeddable":true,"href":"https:\/\/vestibulares.estrategia.com\/portal\/wp-json\/wp\/v2\/categories?post=65318"},{"taxonomy":"post_tag","embeddable":true,"href":"https:\/\/vestibulares.estrategia.com\/portal\/wp-json\/wp\/v2\/tags?post=65318"},{"taxonomy":"wl_entity_type","embeddable":true,"href":"https:\/\/vestibulares.estrategia.com\/portal\/wp-json\/wp\/v2\/wl_entity_type?post=65318"}],"curies":[{"name":"wp","href":"https:\/\/api.w.org\/{rel}","templated":true}]}}