{"id":65373,"date":"2022-03-28T16:15:07","date_gmt":"2022-03-28T19:15:07","guid":{"rendered":"https:\/\/vestibulares.estrategia.com\/portal\/?p=65373"},"modified":"2022-03-28T17:12:57","modified_gmt":"2022-03-28T20:12:57","slug":"ministro-da-educacao-pede-exoneracao-do-cargo-afirma-portal-de-noticias","status":"publish","type":"post","link":"https:\/\/vestibulares.estrategia.com\/portal\/noticias\/ministro-da-educacao-pede-exoneracao-do-cargo-afirma-portal-de-noticias\/","title":{"rendered":"Ministro da Educa\u00e7\u00e3o \u00e9  exonerado do cargo"},"content":{"rendered":"<p>Milton Ribeiro n&atilde;o &eacute; mais o ministro da Educa&ccedil;&atilde;o. O agora ex-ministro de uma das maiores pastas do governo federal pediu exonera&ccedil;&atilde;o do cargo nesta segunda-feira (28). Em uma carta que ainda ser&aacute; entregue ao presidente Jair Bolsonaro (PL), Ribeiro afirma &ldquo;N&atilde;o me despedirei, direi at&eacute; breve&rdquo;.<p>A sua exonera&ccedil;&atilde;o foi confirmada em edi&ccedil;&atilde;o extra do Di&aacute;rio Oficial da Uni&atilde;o (DOU) ainda na tarde de hoje:<\/p><pre class=\"wp-block-verse\">MINIST&Eacute;RIO DA EDUCA&Ccedil;&Atilde;O\nDECRETO DE 28 DE MAR&Ccedil;O DE 2022\n\nO PRESIDENTE DA REP&Uacute;BLICA, no uso da atribui&ccedil;&atilde;o que lhe confere o art. 84,caput, inciso I, da Constitui&ccedil;&atilde;o, resolve: EXONERAR, a pedido, MILTON RIBEIRO do cargo de Ministro de Estado da Educa&ccedil;&atilde;o. Bras&iacute;lia, 28 de mar&ccedil;o de 2022; 201&ordm; da Independ&ecirc;ncia e 134&ordm; da Rep&uacute;blica. \n\nJAIR MESSIAS BOLSONARO \nPresidente da Rep&uacute;blica Federativa do Brasil<\/pre><p>\n\n\n\n<div id=\"new-form\">\n\t<form id=\"forms_layout\">\n\t<input type=\"hidden\" id=\"chave_de\" name=\"chave_de\" value=\"01_EVEST_LEADS_TOTAIS\" \/>\n\t\t<input type=\"hidden\" id=\"mid\" name=\"mid\" value=\"515008983\" \/>\n\t\t<input type=\"hidden\" id=\"Objetivo\" name=\"Objetivo\" value=\"Vestibulares\" \/>\n\t\t<input type=\"hidden\" id=\"Estado_de_Origem_do_IP\" name=\"Estado_de_Origem_do_IP\"  value=\"\" \/>\n\t\t<input type=\"hidden\" id=\"Cidade_de_Origem_do_IP\" name=\"Cidade_de_Origem_do_IP\" value=\"\" \/>\n\t\t<input type=\"hidden\" id=\"Modo_de_entrada\" name=\"Modo_de_entrada\" value=\"Portal\" \/>\n\t\t<input type=\"hidden\" id=\"Pagina_Origem\" name=\"Pagina_Origem\" value=\"\" \/>\n\n\t\t<div class=\"texto\">\n\t\t\t<h3 class=\"news\">Inscreva-se em nossa newsletter\ud83e\udd89<\/h3>\n\t\t\t<p>Receba dicas de estudo gratuitas e saiba em primeira m\u00e3o as novidades sobre o Enem, Sisu, Encceja, Fuvest e outros vestibulares!<\/p>\n\t\t<\/div>\n\t\t<div class=\"campos\">\n\t\t\t<div class=\"first_name labels\">\n\t\t\t\t<input type=\"text\" class=\"input_labels\" id=\"first_name\" name=\"Nome_Completo\" placeholder=\"Nome\" required \/>\n\t\t\t<\/div>\n\t\t\t<div class=\"email labels\">\n\t\t\t\t<input type=\"email\" class=\"input_labels\" id=\"email\" name=\"Email\" placeholder=\"E-mail\" required \/>\n\t\t\t<\/div>\n\t\t\t<button type=\"submit\" class=\"button_layout\">\n\t\t\t\t<div id=\"lblBotao\">Inscreva-se<\/div>\n\t\t\t\t<span id=\"divSpiner\" class=\"loader\" role=\"status\" style=\"display: none;\"><\/span>\t\n\t\t\t<\/button>\n\t\t<\/div><!-- \/campos -->\n\t\t\n\t\t<label class=\"container_checkbox\">Voc\u00ea concorda com a nossa\n\t\t\t<a class=\"politics_privacy_ahref\" target=\"_blank\" href=\"https:\/\/gratis.estrategiaconcursos.com.br\/politica-de-privacidade\/\">Pol\u00edtica de Privacidade<\/a> e aceita receber informa\u00e7\u00f5es adicionais do Estrat\u00e9gia Educacional.\n\t\t\t<input id=\"checkbox_layout\" type=\"checkbox\" checked=\"checked\" required \/>\n\t\t\t<span class=\"checkbox\"><\/span>\n\t\t<\/label>\n\t\t<div id=\"msg\"><\/div>\n\t\t<div id=\"error\" class=\"error\">\n\t\t<\/div>\n\t<\/form>\n<\/div><!-- \/new-form -->\n\n\n\n<\/p><p>Milton Ribeiro pediu dispensa do cargo ap&oacute;s uma s&eacute;rie de den&uacute;ncias de que o doutor em Educa&ccedil;&atilde;o teria favorecido pastores na distribui&ccedil;&atilde;o das verbas do Minist&eacute;rio da Educa&ccedil;&atilde;o (MEC). Por conta das den&uacute;ncias, a Pol&iacute;cia Federal (PF) e o Supremo Tribunal Federal (STF) abriram inqu&eacute;ritos para investigar as suspeitas.<\/p><p>No rascunho de sua carta, Ribeiro afirma que pretende retornar ao Minist&eacute;rio da Educa&ccedil;&atilde;o ap&oacute;s comprovar a sua inoc&ecirc;ncia. &ldquo;Depois de demonstrada minha inoc&ecirc;ncia estarei de volta, para ajudar meu pa&iacute;s e o Presidente Bolsonaro na sua dif&iacute;cil mas vitoriosa caminhada&rdquo;, diz trecho da carta divulgada pela CNN Brasil.<\/p><p>Este &eacute; o quarto ministro da Educa&ccedil;&atilde;o a deixar o MEC em menos de quatro anos. J&aacute; passaram pela pasta Ricardo Velez (2019), Abraham Weintraub (2019 a 2020) e Carlos Alberto Dacotelli (2020). <\/p><div id=\"ez-toc-container\" class=\"ez-toc-v2_0_76 counter-hierarchy ez-toc-counter ez-toc-transparent ez-toc-container-direction\">\n<div class=\"ez-toc-title-container\"><p class=\"ez-toc-title\" style=\"cursor:inherit\">Navegue pelo conte\u00fado<\/p>\n<\/div><nav><ul class='ez-toc-list ez-toc-list-level-1 ' ><li class='ez-toc-page-1 ez-toc-heading-level-2'><a class=\"ez-toc-link ez-toc-heading-1\" href=\"https:\/\/vestibulares.estrategia.com\/portal\/noticias\/ministro-da-educacao-pede-exoneracao-do-cargo-afirma-portal-de-noticias\/#A-exoneracao-de-Milton-Ribeiro-pode-prejudicar-o-Enem\" >A exonera&ccedil;&atilde;o de Milton Ribeiro pode prejudicar o Enem?<\/a><\/li><li class='ez-toc-page-1 ez-toc-heading-level-2'><a class=\"ez-toc-link ez-toc-heading-2\" href=\"https:\/\/vestibulares.estrategia.com\/portal\/noticias\/ministro-da-educacao-pede-exoneracao-do-cargo-afirma-portal-de-noticias\/#Quem-e-Milton-Ribeiro\" >Quem &eacute; Milton Ribeiro?<\/a><\/li><li class='ez-toc-page-1 ez-toc-heading-level-2'><a class=\"ez-toc-link ez-toc-heading-3\" href=\"https:\/\/vestibulares.estrategia.com\/portal\/noticias\/ministro-da-educacao-pede-exoneracao-do-cargo-afirma-portal-de-noticias\/#Saiba-mais-sobre-o-Enem-e-os-outros-processos-seletivos\" >Saiba mais sobre o Enem e os outros processos seletivos<\/a><\/li><\/ul><\/nav><\/div>\n<h2 class=\"wp-block-heading\"><span class=\"ez-toc-section\" id=\"A-exoneracao-de-Milton-Ribeiro-pode-prejudicar-o-Enem\"><\/span>A exonera&ccedil;&atilde;o de Milton Ribeiro pode prejudicar o Enem?<span class=\"ez-toc-section-end\"><\/span><\/h2><p>At&eacute; o momento, a exonera&ccedil;&atilde;o de Milton Ribeiro n&atilde;o coloca em risco a aplica&ccedil;&atilde;o do <a href=\"https:\/\/vestibulares.estrategia.com\/portal\/enem\/enem\/\" target=\"_blank\">Enem<\/a> 2022 e do <a href=\"https:\/\/vestibulares.estrategia.com\/portal\/guias\/encceja-o-que-e\/\" target=\"_blank\">Encceja<\/a>, assim como a realiza&ccedil;&atilde;o do <a href=\"https:\/\/vestibulares.estrategia.com\/portal\/guias\/sisu-o-que-e\/\" target=\"_blank\">Sisu<\/a> 2022\/2, <a href=\"https:\/\/vestibulares.estrategia.com\/portal\/guias\/prouni\/\" target=\"_blank\">Prouni<\/a> 2022\/2, <a href=\"https:\/\/vestibulares.estrategia.com\/portal\/guias\/fies\/\" target=\"_blank\">Fies<\/a> 2022\/2, Revalida entre outras provas. <\/p><p>Caso o cronograma seja seguido de acordo com o hist&oacute;rico dos &uacute;ltimos anos, o edital do Enem 2022 ser&aacute; divulgado entre os meses de mar&ccedil;o e maio. <\/p><p>Fique atento ao Portal Estrat&eacute;gia Vestibulares para atualiza&ccedil;&otilde;es sobre a situa&ccedil;&atilde;o do Enem 2022 e dos outros processos seletivos de acesso ao Ensino Superior.<\/p><h2 class=\"wp-block-heading\" id=\"h-quem-e-milton-ribeiro\"><span class=\"ez-toc-section\" id=\"Quem-e-Milton-Ribeiro\"><\/span>Quem &eacute; Milton Ribeiro?<span class=\"ez-toc-section-end\"><\/span><\/h2><p>Ribeiro assumiu o cargo de ministro da Educa&ccedil;&atilde;o ap&oacute;s a passagem rel&acirc;mpago de Carlos Alberto Dacotelli pelo MEC, que ficou menos de uma semana na pasta, ap&oacute;s ser denunciado por inconsist&ecirc;ncias em seu curr&iacute;culo Lattes.<\/p><p>Formado em Direito pelo Instituto Toledo de Ensino (ITE) e em Teologia pelo Semin&aacute;rio Presbiteriano do Sul (SPS), Milton Ribeiro tamb&eacute;m &eacute; mestre em Direito pela Universidade Presbiteriana <a href=\"https:\/\/vestibulares.estrategia.com\/portal\/vestibulares\/vestibular-mackenzie\/\">Mackenzie <\/a>e doutor em Educa&ccedil;&atilde;o pela Universidade de S&atilde;o Paulo (USP).<\/p><p>\n\n\n\n<a id=\"cta\" class=\"cta-imagem\" href=\"https:\/\/vestibulares.estrategia.com\/cursos\/\" target=\"blank\">\n                <img decoding=\"async\" width=\"100%\" src=\"https:\/\/vestibulares.estrategia.com\/portal\/wp-content\/uploads\/2021\/12\/EV2.jpg\" alt=\"CTA - Estrat\u00e9gia Vestibulares 2\" title=\"CTA - Estrat\u00e9gia Vestibulares 2\">\n        <\/a>\n\n\n\n\n\n<\/p><h2 class=\"wp-block-heading\"><span class=\"ez-toc-section\" id=\"Saiba-mais-sobre-o-Enem-e-os-outros-processos-seletivos\"><\/span>Saiba mais sobre o Enem e os outros processos seletivos<span class=\"ez-toc-section-end\"><\/span><\/h2><ul class=\"wp-block-list\"><li><a href=\"https:\/\/vestibulares.estrategia.com\/portal\/noticias\/datas-enem-encceja-revalida-enade\/\">Portaria do MEC confirma datas do Enem, Encceja, Revalida e outras provas<\/a><\/li><li><a href=\"https:\/\/vestibulares.estrategia.com\/portal\/guias\/universidade-faculdade-e-centro-universitario-entenda-a-diferenca\/\">Universidade, faculdade e centro universit&aacute;rio: entenda a diferen&ccedil;a e escolha sem erro<\/a><\/li><li><a href=\"https:\/\/vestibulares.estrategia.com\/portal\/enem\/calendario-enem\/\">Calend&aacute;rio Enem 2022: datas, inscri&ccedil;&otilde;es, provas e resultado<\/a><\/li><li><a href=\"https:\/\/vestibulares.estrategia.com\/portal\/vestibulares\/calendario-sisu\/\">Calend&aacute;rio Sisu 2022: datas, edital, inscri&ccedil;&otilde;es e resultado<\/a><\/li><li><a href=\"https:\/\/vestibulares.estrategia.com\/portal\/vestibulares\/calendario-prouni\/\">Calend&aacute;rio Prouni 2022: datas, edital, inscri&ccedil;&otilde;es e resultado<\/a><\/li><li><a href=\"https:\/\/vestibulares.estrategia.com\/portal\/vestibulares\/calendario-fies\/\">Calend&aacute;rio Fies 2022: datas, edital, inscri&ccedil;&otilde;es e resultado<\/a><\/li><li><a href=\"https:\/\/vestibulares.estrategia.com\/portal\/vestibulares\/calendario-encceja\/\">Calend&aacute;rio Encceja 2021: datas, edital, provas e dicas de estudo<\/a><\/li><\/ul><\/p>\n","protected":false},"excerpt":{"rendered":"Milton Ribeiro pediu desligamento do cargo ap\u00f3s den\u00fancias na distribui\u00e7\u00e3o de verbas do MEC e inqu\u00e9ritos da PF e do STF\n","protected":false},"author":31,"featured_media":50832,"comment_status":"closed","ping_status":"closed","sticky":false,"template":"","format":"standard","meta":{"wl_entities_gutenberg":"","footnotes":""},"categories":[47],"tags":[360],"wl_entity_type":[732],"class_list":{"0":"post-65373","1":"post","2":"type-post","3":"status-publish","4":"format-standard","5":"has-post-thumbnail","7":"category-noticias","8":"tag-mec","9":"wl_entity_type-article"},"acf":[],"yoast_head":"<!-- This site is optimized with the Yoast SEO Premium plugin v25.9 (Yoast SEO v25.9) - https:\/\/yoast.com\/wordpress\/plugins\/seo\/ -->\n<title>Ministro da Educa\u00e7\u00e3o \u00e9 exonerado do cargo<\/title>\n<meta name=\"description\" content=\"Milton Ribeiro pediu desligamento do cargo ap\u00f3s den\u00fancias na distribui\u00e7\u00e3o de verbas do MEC e inqu\u00e9ritos da PF e do STF\" \/>\n<meta name=\"robots\" content=\"index, follow, max-snippet:-1, max-image-preview:large, max-video-preview:-1\" \/>\n<link rel=\"canonical\" href=\"https:\/\/vestibulares.estrategia.com\/portal\/noticias\/ministro-da-educacao-pede-exoneracao-do-cargo-afirma-portal-de-noticias\/\" \/>\n<meta property=\"og:locale\" content=\"pt_BR\" \/>\n<meta property=\"og:type\" content=\"article\" \/>\n<meta property=\"og:title\" content=\"Ministro da Educa\u00e7\u00e3o \u00e9 exonerado do cargo\" \/>\n<meta property=\"og:description\" content=\"Milton Ribeiro pediu desligamento do cargo ap\u00f3s den\u00fancias na distribui\u00e7\u00e3o de verbas do MEC e inqu\u00e9ritos da PF e do STF\" \/>\n<meta property=\"og:url\" content=\"https:\/\/vestibulares.estrategia.com\/portal\/noticias\/ministro-da-educacao-pede-exoneracao-do-cargo-afirma-portal-de-noticias\/\" \/>\n<meta property=\"og:site_name\" content=\"Estrat\u00e9gia Vestibulares\" \/>\n<meta property=\"article:publisher\" content=\"https:\/\/facebook.com\/estrategiavestibulares\" \/>\n<meta property=\"article:published_time\" content=\"2022-03-28T19:15:07+00:00\" \/>\n<meta property=\"article:modified_time\" content=\"2022-03-28T20:12:57+00:00\" \/>\n<meta property=\"og:image\" content=\"https:\/\/cdn.blog.estrategiavestibulares.com.br\/vestibulares\/wp-content\/uploads\/2021\/06\/URGENTE-EV.jpg\" \/>\n\t<meta property=\"og:image:width\" content=\"750\" \/>\n\t<meta property=\"og:image:height\" content=\"420\" \/>\n\t<meta property=\"og:image:type\" content=\"image\/jpeg\" \/>\n<meta name=\"author\" content=\"Isabela Giordan\" \/>\n<meta name=\"twitter:card\" content=\"summary_large_image\" \/>\n<meta name=\"twitter:creator\" content=\"@Estrategiavest\" \/>\n<meta name=\"twitter:site\" content=\"@Estrategiavest\" \/>\n<meta name=\"twitter:label1\" content=\"Escrito por\" \/>\n\t<meta name=\"twitter:data1\" content=\"Isabela Giordan\" \/>\n\t<meta name=\"twitter:label2\" content=\"Est. tempo de leitura\" \/>\n\t<meta name=\"twitter:data2\" content=\"3 minutos\" \/>\n<script type=\"application\/ld+json\" class=\"yoast-schema-graph\">{\"@context\":\"https:\/\/schema.org\",\"@graph\":[{\"@type\":\"NewsArticle\",\"@id\":\"https:\/\/vestibulares.estrategia.com\/portal\/noticias\/ministro-da-educacao-pede-exoneracao-do-cargo-afirma-portal-de-noticias\/#article\",\"isPartOf\":{\"@id\":\"https:\/\/vestibulares.estrategia.com\/portal\/noticias\/ministro-da-educacao-pede-exoneracao-do-cargo-afirma-portal-de-noticias\/\"},\"author\":{\"name\":\"Isabela Giordan\",\"@id\":\"https:\/\/vestibulares.estrategia.com\/portal\/#\/schema\/person\/921258b32670b22cbb1ae385e2fcb501\"},\"headline\":\"Ministro da Educa\u00e7\u00e3o \u00e9 exonerado do cargo\",\"datePublished\":\"2022-03-28T19:15:07+00:00\",\"dateModified\":\"2022-03-28T20:12:57+00:00\",\"mainEntityOfPage\":{\"@id\":\"https:\/\/vestibulares.estrategia.com\/portal\/noticias\/ministro-da-educacao-pede-exoneracao-do-cargo-afirma-portal-de-noticias\/\"},\"wordCount\":492,\"publisher\":{\"@id\":\"https:\/\/vestibulares.estrategia.com\/portal\/#organization\"},\"image\":{\"@id\":\"https:\/\/vestibulares.estrategia.com\/portal\/noticias\/ministro-da-educacao-pede-exoneracao-do-cargo-afirma-portal-de-noticias\/#primaryimage\"},\"thumbnailUrl\":\"https:\/\/vestibulares.estrategia.com\/portal\/wp-content\/uploads\/2021\/06\/URGENTE-EV.jpg\",\"keywords\":[\"mec\"],\"articleSection\":[\"Not\u00edcias\"],\"inLanguage\":\"pt-BR\"},{\"@type\":\"WebPage\",\"@id\":\"https:\/\/vestibulares.estrategia.com\/portal\/noticias\/ministro-da-educacao-pede-exoneracao-do-cargo-afirma-portal-de-noticias\/\",\"url\":\"https:\/\/vestibulares.estrategia.com\/portal\/noticias\/ministro-da-educacao-pede-exoneracao-do-cargo-afirma-portal-de-noticias\/\",\"name\":\"Ministro da Educa\u00e7\u00e3o \u00e9 exonerado do cargo\",\"isPartOf\":{\"@id\":\"https:\/\/vestibulares.estrategia.com\/portal\/#website\"},\"primaryImageOfPage\":{\"@id\":\"https:\/\/vestibulares.estrategia.com\/portal\/noticias\/ministro-da-educacao-pede-exoneracao-do-cargo-afirma-portal-de-noticias\/#primaryimage\"},\"image\":{\"@id\":\"https:\/\/vestibulares.estrategia.com\/portal\/noticias\/ministro-da-educacao-pede-exoneracao-do-cargo-afirma-portal-de-noticias\/#primaryimage\"},\"thumbnailUrl\":\"https:\/\/vestibulares.estrategia.com\/portal\/wp-content\/uploads\/2021\/06\/URGENTE-EV.jpg\",\"datePublished\":\"2022-03-28T19:15:07+00:00\",\"dateModified\":\"2022-03-28T20:12:57+00:00\",\"description\":\"Milton Ribeiro pediu desligamento do cargo ap\u00f3s den\u00fancias na distribui\u00e7\u00e3o de verbas do MEC e inqu\u00e9ritos da PF e do STF\",\"breadcrumb\":{\"@id\":\"https:\/\/vestibulares.estrategia.com\/portal\/noticias\/ministro-da-educacao-pede-exoneracao-do-cargo-afirma-portal-de-noticias\/#breadcrumb\"},\"inLanguage\":\"pt-BR\",\"potentialAction\":[{\"@type\":\"ReadAction\",\"target\":[\"https:\/\/vestibulares.estrategia.com\/portal\/noticias\/ministro-da-educacao-pede-exoneracao-do-cargo-afirma-portal-de-noticias\/\"]}]},{\"@type\":\"ImageObject\",\"inLanguage\":\"pt-BR\",\"@id\":\"https:\/\/vestibulares.estrategia.com\/portal\/noticias\/ministro-da-educacao-pede-exoneracao-do-cargo-afirma-portal-de-noticias\/#primaryimage\",\"url\":\"https:\/\/vestibulares.estrategia.com\/portal\/wp-content\/uploads\/2021\/06\/URGENTE-EV.jpg\",\"contentUrl\":\"https:\/\/vestibulares.estrategia.com\/portal\/wp-content\/uploads\/2021\/06\/URGENTE-EV.jpg\",\"width\":750,\"height\":420},{\"@type\":\"BreadcrumbList\",\"@id\":\"https:\/\/vestibulares.estrategia.com\/portal\/noticias\/ministro-da-educacao-pede-exoneracao-do-cargo-afirma-portal-de-noticias\/#breadcrumb\",\"itemListElement\":[{\"@type\":\"ListItem\",\"position\":1,\"name\":\"Home\",\"item\":\"https:\/\/vestibulares.estrategia.com\/portal\/\"},{\"@type\":\"ListItem\",\"position\":2,\"name\":\"Not\u00edcias\",\"item\":\"https:\/\/vestibulares.estrategia.com\/portal\/noticias\/\"},{\"@type\":\"ListItem\",\"position\":3,\"name\":\"Ministro da Educa\u00e7\u00e3o \u00e9 exonerado do cargo\"}]},{\"@type\":\"WebSite\",\"@id\":\"https:\/\/vestibulares.estrategia.com\/portal\/#website\",\"url\":\"https:\/\/vestibulares.estrategia.com\/portal\/\",\"name\":\"Estrat\u00e9gia Vestibulares\",\"description\":\"\",\"publisher\":{\"@id\":\"https:\/\/vestibulares.estrategia.com\/portal\/#organization\"},\"potentialAction\":[{\"@type\":\"SearchAction\",\"target\":{\"@type\":\"EntryPoint\",\"urlTemplate\":\"https:\/\/vestibulares.estrategia.com\/portal\/?s={search_term_string}\"},\"query-input\":{\"@type\":\"PropertyValueSpecification\",\"valueRequired\":true,\"valueName\":\"search_term_string\"}}],\"inLanguage\":\"pt-BR\"},{\"@type\":\"Organization\",\"@id\":\"https:\/\/vestibulares.estrategia.com\/portal\/#organization\",\"name\":\"Estrat\u00e9gia Vestibulares\",\"url\":\"https:\/\/vestibulares.estrategia.com\/portal\/\",\"logo\":{\"@type\":\"ImageObject\",\"inLanguage\":\"pt-BR\",\"@id\":\"https:\/\/vestibulares.estrategia.com\/portal\/#\/schema\/logo\/image\/\",\"url\":\"https:\/\/vestibulares.estrategia.com\/portal\/wp-content\/uploads\/2021\/06\/Logo-Vestibulares@4x.png\",\"contentUrl\":\"https:\/\/vestibulares.estrategia.com\/portal\/wp-content\/uploads\/2021\/06\/Logo-Vestibulares@4x.png\",\"width\":250,\"height\":66,\"caption\":\"Estrat\u00e9gia Vestibulares\"},\"image\":{\"@id\":\"https:\/\/vestibulares.estrategia.com\/portal\/#\/schema\/logo\/image\/\"},\"sameAs\":[\"https:\/\/facebook.com\/estrategiavestibulares\",\"https:\/\/x.com\/Estrategiavest\",\"https:\/\/www.instagram.com\/estrategiavestibulares\",\"https:\/\/www.youtube.com\/channel\/UCGWdZy8ULI-7_5GrABa4vNA\"]},{\"@type\":\"Person\",\"@id\":\"https:\/\/vestibulares.estrategia.com\/portal\/#\/schema\/person\/921258b32670b22cbb1ae385e2fcb501\",\"name\":\"Isabela Giordan\",\"image\":{\"@type\":\"ImageObject\",\"inLanguage\":\"pt-BR\",\"@id\":\"https:\/\/vestibulares.estrategia.com\/portal\/#\/schema\/person\/image\/\",\"url\":\"https:\/\/secure.gravatar.com\/avatar\/474493e24ecabfb752d6ed2de1af8d2f?s=96&d=mm&r=g\",\"contentUrl\":\"https:\/\/secure.gravatar.com\/avatar\/474493e24ecabfb752d6ed2de1af8d2f?s=96&d=mm&r=g\",\"caption\":\"Isabela Giordan\"},\"description\":\"Jornalista de Educa\u00e7\u00e3o e Coordenadora de Jornalismo do Estrat\u00e9gia Vestibulares.\",\"url\":\"https:\/\/vestibulares.estrategia.com\/portal\/author\/isabela\/\"}]}<\/script>\n<!-- \/ Yoast SEO Premium plugin. -->","yoast_head_json":{"title":"Ministro da Educa\u00e7\u00e3o \u00e9 exonerado do cargo","description":"Milton Ribeiro pediu desligamento do cargo ap\u00f3s den\u00fancias na distribui\u00e7\u00e3o de verbas do MEC e inqu\u00e9ritos da PF e do STF","robots":{"index":"index","follow":"follow","max-snippet":"max-snippet:-1","max-image-preview":"max-image-preview:large","max-video-preview":"max-video-preview:-1"},"canonical":"https:\/\/vestibulares.estrategia.com\/portal\/noticias\/ministro-da-educacao-pede-exoneracao-do-cargo-afirma-portal-de-noticias\/","og_locale":"pt_BR","og_type":"article","og_title":"Ministro da Educa\u00e7\u00e3o \u00e9 exonerado do cargo","og_description":"Milton Ribeiro pediu desligamento do cargo ap\u00f3s den\u00fancias na distribui\u00e7\u00e3o de verbas do MEC e inqu\u00e9ritos da PF e do STF","og_url":"https:\/\/vestibulares.estrategia.com\/portal\/noticias\/ministro-da-educacao-pede-exoneracao-do-cargo-afirma-portal-de-noticias\/","og_site_name":"Estrat\u00e9gia Vestibulares","article_publisher":"https:\/\/facebook.com\/estrategiavestibulares","article_published_time":"2022-03-28T19:15:07+00:00","article_modified_time":"2022-03-28T20:12:57+00:00","og_image":[{"width":750,"height":420,"url":"https:\/\/cdn.blog.estrategiavestibulares.com.br\/vestibulares\/wp-content\/uploads\/2021\/06\/URGENTE-EV.jpg","type":"image\/jpeg"}],"author":"Isabela Giordan","twitter_card":"summary_large_image","twitter_creator":"@Estrategiavest","twitter_site":"@Estrategiavest","twitter_misc":{"Escrito por":"Isabela Giordan","Est. tempo de leitura":"3 minutos"},"schema":{"@context":"https:\/\/schema.org","@graph":[{"@type":"NewsArticle","@id":"https:\/\/vestibulares.estrategia.com\/portal\/noticias\/ministro-da-educacao-pede-exoneracao-do-cargo-afirma-portal-de-noticias\/#article","isPartOf":{"@id":"https:\/\/vestibulares.estrategia.com\/portal\/noticias\/ministro-da-educacao-pede-exoneracao-do-cargo-afirma-portal-de-noticias\/"},"author":{"name":"Isabela Giordan","@id":"https:\/\/vestibulares.estrategia.com\/portal\/#\/schema\/person\/921258b32670b22cbb1ae385e2fcb501"},"headline":"Ministro da Educa\u00e7\u00e3o \u00e9 exonerado do cargo","datePublished":"2022-03-28T19:15:07+00:00","dateModified":"2022-03-28T20:12:57+00:00","mainEntityOfPage":{"@id":"https:\/\/vestibulares.estrategia.com\/portal\/noticias\/ministro-da-educacao-pede-exoneracao-do-cargo-afirma-portal-de-noticias\/"},"wordCount":492,"publisher":{"@id":"https:\/\/vestibulares.estrategia.com\/portal\/#organization"},"image":{"@id":"https:\/\/vestibulares.estrategia.com\/portal\/noticias\/ministro-da-educacao-pede-exoneracao-do-cargo-afirma-portal-de-noticias\/#primaryimage"},"thumbnailUrl":"https:\/\/vestibulares.estrategia.com\/portal\/wp-content\/uploads\/2021\/06\/URGENTE-EV.jpg","keywords":["mec"],"articleSection":["Not\u00edcias"],"inLanguage":"pt-BR"},{"@type":"WebPage","@id":"https:\/\/vestibulares.estrategia.com\/portal\/noticias\/ministro-da-educacao-pede-exoneracao-do-cargo-afirma-portal-de-noticias\/","url":"https:\/\/vestibulares.estrategia.com\/portal\/noticias\/ministro-da-educacao-pede-exoneracao-do-cargo-afirma-portal-de-noticias\/","name":"Ministro da Educa\u00e7\u00e3o \u00e9 exonerado do cargo","isPartOf":{"@id":"https:\/\/vestibulares.estrategia.com\/portal\/#website"},"primaryImageOfPage":{"@id":"https:\/\/vestibulares.estrategia.com\/portal\/noticias\/ministro-da-educacao-pede-exoneracao-do-cargo-afirma-portal-de-noticias\/#primaryimage"},"image":{"@id":"https:\/\/vestibulares.estrategia.com\/portal\/noticias\/ministro-da-educacao-pede-exoneracao-do-cargo-afirma-portal-de-noticias\/#primaryimage"},"thumbnailUrl":"https:\/\/vestibulares.estrategia.com\/portal\/wp-content\/uploads\/2021\/06\/URGENTE-EV.jpg","datePublished":"2022-03-28T19:15:07+00:00","dateModified":"2022-03-28T20:12:57+00:00","description":"Milton Ribeiro pediu desligamento do cargo ap\u00f3s den\u00fancias na distribui\u00e7\u00e3o de verbas do MEC e inqu\u00e9ritos da PF e do STF","breadcrumb":{"@id":"https:\/\/vestibulares.estrategia.com\/portal\/noticias\/ministro-da-educacao-pede-exoneracao-do-cargo-afirma-portal-de-noticias\/#breadcrumb"},"inLanguage":"pt-BR","potentialAction":[{"@type":"ReadAction","target":["https:\/\/vestibulares.estrategia.com\/portal\/noticias\/ministro-da-educacao-pede-exoneracao-do-cargo-afirma-portal-de-noticias\/"]}]},{"@type":"ImageObject","inLanguage":"pt-BR","@id":"https:\/\/vestibulares.estrategia.com\/portal\/noticias\/ministro-da-educacao-pede-exoneracao-do-cargo-afirma-portal-de-noticias\/#primaryimage","url":"https:\/\/vestibulares.estrategia.com\/portal\/wp-content\/uploads\/2021\/06\/URGENTE-EV.jpg","contentUrl":"https:\/\/vestibulares.estrategia.com\/portal\/wp-content\/uploads\/2021\/06\/URGENTE-EV.jpg","width":750,"height":420},{"@type":"BreadcrumbList","@id":"https:\/\/vestibulares.estrategia.com\/portal\/noticias\/ministro-da-educacao-pede-exoneracao-do-cargo-afirma-portal-de-noticias\/#breadcrumb","itemListElement":[{"@type":"ListItem","position":1,"name":"Home","item":"https:\/\/vestibulares.estrategia.com\/portal\/"},{"@type":"ListItem","position":2,"name":"Not\u00edcias","item":"https:\/\/vestibulares.estrategia.com\/portal\/noticias\/"},{"@type":"ListItem","position":3,"name":"Ministro da Educa\u00e7\u00e3o \u00e9 exonerado do cargo"}]},{"@type":"WebSite","@id":"https:\/\/vestibulares.estrategia.com\/portal\/#website","url":"https:\/\/vestibulares.estrategia.com\/portal\/","name":"Estrat\u00e9gia Vestibulares","description":"","publisher":{"@id":"https:\/\/vestibulares.estrategia.com\/portal\/#organization"},"potentialAction":[{"@type":"SearchAction","target":{"@type":"EntryPoint","urlTemplate":"https:\/\/vestibulares.estrategia.com\/portal\/?s={search_term_string}"},"query-input":{"@type":"PropertyValueSpecification","valueRequired":true,"valueName":"search_term_string"}}],"inLanguage":"pt-BR"},{"@type":"Organization","@id":"https:\/\/vestibulares.estrategia.com\/portal\/#organization","name":"Estrat\u00e9gia Vestibulares","url":"https:\/\/vestibulares.estrategia.com\/portal\/","logo":{"@type":"ImageObject","inLanguage":"pt-BR","@id":"https:\/\/vestibulares.estrategia.com\/portal\/#\/schema\/logo\/image\/","url":"https:\/\/vestibulares.estrategia.com\/portal\/wp-content\/uploads\/2021\/06\/Logo-Vestibulares@4x.png","contentUrl":"https:\/\/vestibulares.estrategia.com\/portal\/wp-content\/uploads\/2021\/06\/Logo-Vestibulares@4x.png","width":250,"height":66,"caption":"Estrat\u00e9gia Vestibulares"},"image":{"@id":"https:\/\/vestibulares.estrategia.com\/portal\/#\/schema\/logo\/image\/"},"sameAs":["https:\/\/facebook.com\/estrategiavestibulares","https:\/\/x.com\/Estrategiavest","https:\/\/www.instagram.com\/estrategiavestibulares","https:\/\/www.youtube.com\/channel\/UCGWdZy8ULI-7_5GrABa4vNA"]},{"@type":"Person","@id":"https:\/\/vestibulares.estrategia.com\/portal\/#\/schema\/person\/921258b32670b22cbb1ae385e2fcb501","name":"Isabela Giordan","image":{"@type":"ImageObject","inLanguage":"pt-BR","@id":"https:\/\/vestibulares.estrategia.com\/portal\/#\/schema\/person\/image\/","url":"https:\/\/secure.gravatar.com\/avatar\/474493e24ecabfb752d6ed2de1af8d2f?s=96&d=mm&r=g","contentUrl":"https:\/\/secure.gravatar.com\/avatar\/474493e24ecabfb752d6ed2de1af8d2f?s=96&d=mm&r=g","caption":"Isabela Giordan"},"description":"Jornalista de Educa\u00e7\u00e3o e Coordenadora de Jornalismo do Estrat\u00e9gia Vestibulares.","url":"https:\/\/vestibulares.estrategia.com\/portal\/author\/isabela\/"}]}},"_wl_alt_label":[],"wl:entity_url":"https:\/\/data.wordlift.io\/wl110249\/post\/ministro-da-educacao-pede-exoneracao-do-cargo-afirma-portal-de-noticias","_links":{"self":[{"href":"https:\/\/vestibulares.estrategia.com\/portal\/wp-json\/wp\/v2\/posts\/65373","targetHints":{"allow":["GET"]}}],"collection":[{"href":"https:\/\/vestibulares.estrategia.com\/portal\/wp-json\/wp\/v2\/posts"}],"about":[{"href":"https:\/\/vestibulares.estrategia.com\/portal\/wp-json\/wp\/v2\/types\/post"}],"author":[{"embeddable":true,"href":"https:\/\/vestibulares.estrategia.com\/portal\/wp-json\/wp\/v2\/users\/31"}],"replies":[{"embeddable":true,"href":"https:\/\/vestibulares.estrategia.com\/portal\/wp-json\/wp\/v2\/comments?post=65373"}],"version-history":[{"count":5,"href":"https:\/\/vestibulares.estrategia.com\/portal\/wp-json\/wp\/v2\/posts\/65373\/revisions"}],"predecessor-version":[{"id":65385,"href":"https:\/\/vestibulares.estrategia.com\/portal\/wp-json\/wp\/v2\/posts\/65373\/revisions\/65385"}],"wp:featuredmedia":[{"embeddable":true,"href":"https:\/\/vestibulares.estrategia.com\/portal\/wp-json\/wp\/v2\/media\/50832"}],"wp:attachment":[{"href":"https:\/\/vestibulares.estrategia.com\/portal\/wp-json\/wp\/v2\/media?parent=65373"}],"wp:term":[{"taxonomy":"category","embeddable":true,"href":"https:\/\/vestibulares.estrategia.com\/portal\/wp-json\/wp\/v2\/categories?post=65373"},{"taxonomy":"post_tag","embeddable":true,"href":"https:\/\/vestibulares.estrategia.com\/portal\/wp-json\/wp\/v2\/tags?post=65373"},{"taxonomy":"wl_entity_type","embeddable":true,"href":"https:\/\/vestibulares.estrategia.com\/portal\/wp-json\/wp\/v2\/wl_entity_type?post=65373"}],"curies":[{"name":"wp","href":"https:\/\/api.w.org\/{rel}","templated":true}]}}