{"id":69494,"date":"2022-06-06T09:37:37","date_gmt":"2022-06-06T12:37:37","guid":{"rendered":"https:\/\/vestibulares.estrategia.com\/portal\/?p=69494"},"modified":"2023-07-28T14:20:27","modified_gmt":"2023-07-28T17:20:27","slug":"pedidos-de-isencao-vestibular-uel-2023","status":"publish","type":"post","link":"https:\/\/vestibulares.estrategia.com\/portal\/noticias\/pedidos-de-isencao-vestibular-uel-2023\/","title":{"rendered":"UEL 2023: prazo para pedidos de isen\u00e7\u00e3o da taxa de inscri\u00e7\u00e3o est\u00e1 aberto"},"content":{"rendered":"<p class=\"wp-block-paragraph\">A Universidade Estadual de Londrina (<a href=\"https:\/\/vestibulares.estrategia.com\/portal\/vestibulares\/vestibular-uel\/\" target=\"_blank\">UEL<\/a>)&nbsp;divulgou que nesta segunda-feira, 06 de junho, come&ccedil;a o per&iacute;odo para solicita&ccedil;&atilde;o de isen&ccedil;&atilde;o da taxa de inscri&ccedil;&atilde;o do <span id=\"urn:enhancement-9af68e8e-67a3-4753-8a98-c499d1ac1dad\" class=\"textannotation disambiguated wl-thing\" itemid=\"https:\/\/data.wordlift.io\/wl110249\/entity\/vestibular\">vestibular<\/span> 2023. Os candidatos devem solicitar os benef&iacute;cios pelo NIS\/<span id=\"urn:enhancement-a15de841-f191-449c-b18e-24a6399e78f4\" class=\"textannotation disambiguated wl-thing\" itemid=\"https:\/\/data.wordlift.io\/wl110249\/entity\/cadastro-unico-para-programas-sociais\">Cad&Uacute;nico<\/span> ou An&aacute;lise Socioecon&ocirc;mica (SEBEC). O prazo varia de acordo com a modalidade escolhida, veja a seguir.<p class=\"wp-block-paragraph\">Para solicitar o benef&iacute;cio, os candidatos devem comprovar que frequentaram o Ensino Fundamental (5&ordf; s&eacute;rie\/6&ordm; ano a 8&ordf; s&eacute;rie\/9&ordm; ano) e o Ensino M&eacute;dio completo na rede <span id=\"urn:enhancement-3ae6eab4-3258-462e-925a-c5a0218d42c2\" class=\"textannotation disambiguated wl-thing\" itemid=\"https:\/\/data.wordlift.io\/wl110249\/entity\/universidades-publicas\">p&uacute;blica<\/span>, Educa&ccedil;&atilde;o de Jovens e Adultos (<span id=\"urn:enhancement-f746013a-74b4-4215-82c6-dc751bf50bfa\" class=\"textannotation disambiguated wl-thing\" itemid=\"https:\/\/data.wordlift.io\/wl110249\/entity\/eja-69167\">EJA<\/span>) ou como bolsistas integrais na rede privada.<\/p><p class=\"wp-block-paragraph\">A seguir, confira o cronograma para solicitar isen&ccedil;&atilde;o da taxa de inscri&ccedil;&atilde;o:<\/p><ul class=\"wp-block-list\">\n<li><strong>Solicita&ccedil;&atilde;o de isen&ccedil;&atilde;o da taxa de inscri&ccedil;&atilde;o:<\/strong>\n<ul class=\"wp-block-list\">\n<li>NIS\/Cad&Uacute;nico: 06 a 30\/06\/2022<\/li>\n\n\n\n<li>An&aacute;lise Socioecon&ocirc;mica (SEBES): 11 a 15\/07\/2022<\/li>\n<\/ul>\n<\/li>\n\n\n\n<li><strong>Resultado:&nbsp;<\/strong>\n<ul class=\"wp-block-list\">\n<li>NIS\/Cad&Uacute;nico: 04\/07\/2022<\/li>\n\n\n\n<li>An&aacute;lise Socioecon&ocirc;mica (SEBES): 12\/08\/2022<\/li>\n<\/ul>\n<\/li>\n\n\n\n<li><strong>Pedido de recurso:<\/strong>\n<ul class=\"wp-block-list\">\n<li>NIS\/Cad&Uacute;nico: 04 a 06\/07\/2022<\/li>\n\n\n\n<li>An&aacute;lise Socioecon&ocirc;mica (SEBES): 15 a 16\/08\/2022<\/li>\n<\/ul>\n<\/li>\n\n\n\n<li><strong>Resultado recurso e edital<\/strong><strong>final:&nbsp;<\/strong>\n<ul class=\"wp-block-list\">\n<li>NIS\/Cad&Uacute;nico: 08\/07\/2022<\/li>\n\n\n\n<li>An&aacute;lise Socioecon&ocirc;mica (SEBES):<strong>&nbsp;<\/strong>22\/08\/2022<\/li>\n<\/ul>\n<\/li>\n<\/ul><p class=\"wp-block-paragraph\">J&aacute; pensou em estudar na UEL? Com o <span id=\"urn:enhancement-4199a7df-9833-4a7a-af29-a0b839d6cdca\" class=\"textannotation disambiguated wl-organization\" itemid=\"https:\/\/data.wordlift.io\/wl110249\/entity\/estrategia_vestibulares\">Estrat&eacute;gia Vestibulares<\/span> voc&ecirc; tem acesso a diversos benef&iacute;cios, como cursos, simulados preparat&oacute;rios e corre&ccedil;&atilde;o de reda&ccedil;&otilde;es que te ajudar&atilde;o nesta jornada!<\/p><p class=\"wp-block-paragraph\"><a id=\"cta\" class=\"cta-imagem\" href=\"https:\/\/vestibulares.estrategia.com\/curso\/pacote-uel\/\" target=\"blank\">\n                <img decoding=\"async\" width=\"100%\" src=\"https:\/\/vestibulares.estrategia.com\/portal\/wp-content\/uploads\/2021\/07\/UEL.jpg\" alt=\"CTA Curso UEL\" title=\"CTA Curso UEL\">\n        <\/a>\n\n\n<\/p><\/p>\n","protected":false},"excerpt":{"rendered":"O per\u00edodo para solicitar isen\u00e7\u00e3o da taxa de inscri\u00e7\u00e3o do vestibular 2023 da UEL come\u00e7am nesta segunda-feira, 06 de junho\n","protected":false},"author":29,"featured_media":68506,"comment_status":"closed","ping_status":"closed","sticky":false,"template":"","format":"standard","meta":{"footnotes":""},"categories":[47],"tags":[],"class_list":["post-69494","post","type-post","status-publish","format-standard","has-post-thumbnail","category-noticias"],"acf":[],"yoast_head":"<!-- This site is optimized with the Yoast SEO Premium plugin v25.9 (Yoast SEO v28.2) - https:\/\/yoast.com\/product\/yoast-seo-premium-wordpress\/ -->\n<title>UEL 2023: prazo para pedidos de isen\u00e7\u00e3o da taxa de inscri\u00e7\u00e3o est\u00e1 aberto<\/title>\n<meta name=\"description\" content=\"O per\u00edodo para solicitar isen\u00e7\u00e3o da taxa de inscri\u00e7\u00e3o do vestibular 2023 da UEL come\u00e7am nesta segunda-feira, 06 de junho\" \/>\n<meta name=\"robots\" content=\"index, follow, max-snippet:-1, max-image-preview:large, max-video-preview:-1\" \/>\n<link rel=\"canonical\" href=\"https:\/\/vestibulares.estrategia.com\/portal\/noticias\/pedidos-de-isencao-vestibular-uel-2023\/\" \/>\n<meta property=\"og:locale\" content=\"pt_BR\" \/>\n<meta property=\"og:type\" content=\"article\" \/>\n<meta property=\"og:title\" content=\"UEL 2023: prazo para pedidos de isen\u00e7\u00e3o da taxa de inscri\u00e7\u00e3o est\u00e1 aberto\" \/>\n<meta property=\"og:description\" content=\"O per\u00edodo para solicitar isen\u00e7\u00e3o da taxa de inscri\u00e7\u00e3o do vestibular 2023 da UEL come\u00e7am nesta segunda-feira, 06 de junho\" \/>\n<meta property=\"og:url\" content=\"https:\/\/vestibulares.estrategia.com\/portal\/noticias\/pedidos-de-isencao-vestibular-uel-2023\/\" \/>\n<meta property=\"og:site_name\" content=\"Estrat\u00e9gia Vestibulares\" \/>\n<meta property=\"article:publisher\" content=\"https:\/\/facebook.com\/estrategiavestibulares\" \/>\n<meta property=\"article:published_time\" content=\"2022-06-06T12:37:37+00:00\" \/>\n<meta property=\"article:modified_time\" content=\"2023-07-28T17:20:27+00:00\" \/>\n<meta property=\"og:image\" content=\"https:\/\/cdn.blog.estrategiavestibulares.com.br\/vestibulares\/wp-content\/uploads\/2022\/05\/vestibular-uel-ev.jpg\" \/>\n\t<meta property=\"og:image:width\" content=\"1280\" \/>\n\t<meta property=\"og:image:height\" content=\"720\" \/>\n\t<meta property=\"og:image:type\" content=\"image\/jpeg\" \/>\n<meta name=\"author\" content=\"J\u00falia Wasko\" \/>\n<meta name=\"twitter:card\" content=\"summary_large_image\" \/>\n<meta name=\"twitter:creator\" content=\"@Estrategiavest\" \/>\n<meta name=\"twitter:site\" content=\"@Estrategiavest\" \/>\n<meta name=\"twitter:label1\" content=\"Escrito por\" \/>\n\t<meta name=\"twitter:data1\" content=\"J\u00falia Wasko\" \/>\n\t<meta name=\"twitter:label2\" content=\"Est. tempo de leitura\" \/>\n\t<meta name=\"twitter:data2\" content=\"1 minuto\" \/>\n<script type=\"application\/ld+json\" class=\"yoast-schema-graph\">{\"@context\":\"https:\\\/\\\/schema.org\",\"@graph\":[{\"@type\":\"NewsArticle\",\"@id\":\"https:\\\/\\\/vestibulares.estrategia.com\\\/portal\\\/noticias\\\/pedidos-de-isencao-vestibular-uel-2023\\\/#article\",\"isPartOf\":{\"@id\":\"https:\\\/\\\/vestibulares.estrategia.com\\\/portal\\\/noticias\\\/pedidos-de-isencao-vestibular-uel-2023\\\/\"},\"author\":{\"name\":\"J\u00falia Wasko\",\"@id\":\"https:\\\/\\\/vestibulares.estrategia.com\\\/portal\\\/#\\\/schema\\\/person\\\/83d5c517a965e3fd3fc7016a981cb8fe\"},\"headline\":\"UEL 2023: prazo para pedidos de isen\u00e7\u00e3o da taxa de inscri\u00e7\u00e3o est\u00e1 aberto\",\"datePublished\":\"2022-06-06T12:37:37+00:00\",\"dateModified\":\"2023-07-28T17:20:27+00:00\",\"mainEntityOfPage\":{\"@id\":\"https:\\\/\\\/vestibulares.estrategia.com\\\/portal\\\/noticias\\\/pedidos-de-isencao-vestibular-uel-2023\\\/\"},\"wordCount\":226,\"publisher\":{\"@id\":\"https:\\\/\\\/vestibulares.estrategia.com\\\/portal\\\/#organization\"},\"image\":{\"@id\":\"https:\\\/\\\/vestibulares.estrategia.com\\\/portal\\\/noticias\\\/pedidos-de-isencao-vestibular-uel-2023\\\/#primaryimage\"},\"thumbnailUrl\":\"https:\\\/\\\/vestibulares.estrategia.com\\\/portal\\\/wp-content\\\/uploads\\\/2022\\\/05\\\/vestibular-uel-ev.jpg\",\"articleSection\":[\"Not\u00edcias\"],\"inLanguage\":\"pt-BR\"},{\"@type\":\"WebPage\",\"@id\":\"https:\\\/\\\/vestibulares.estrategia.com\\\/portal\\\/noticias\\\/pedidos-de-isencao-vestibular-uel-2023\\\/\",\"url\":\"https:\\\/\\\/vestibulares.estrategia.com\\\/portal\\\/noticias\\\/pedidos-de-isencao-vestibular-uel-2023\\\/\",\"name\":\"UEL 2023: prazo para pedidos de isen\u00e7\u00e3o da taxa de inscri\u00e7\u00e3o est\u00e1 aberto\",\"isPartOf\":{\"@id\":\"https:\\\/\\\/vestibulares.estrategia.com\\\/portal\\\/#website\"},\"primaryImageOfPage\":{\"@id\":\"https:\\\/\\\/vestibulares.estrategia.com\\\/portal\\\/noticias\\\/pedidos-de-isencao-vestibular-uel-2023\\\/#primaryimage\"},\"image\":{\"@id\":\"https:\\\/\\\/vestibulares.estrategia.com\\\/portal\\\/noticias\\\/pedidos-de-isencao-vestibular-uel-2023\\\/#primaryimage\"},\"thumbnailUrl\":\"https:\\\/\\\/vestibulares.estrategia.com\\\/portal\\\/wp-content\\\/uploads\\\/2022\\\/05\\\/vestibular-uel-ev.jpg\",\"datePublished\":\"2022-06-06T12:37:37+00:00\",\"dateModified\":\"2023-07-28T17:20:27+00:00\",\"description\":\"O per\u00edodo para solicitar isen\u00e7\u00e3o da taxa de inscri\u00e7\u00e3o do vestibular 2023 da UEL come\u00e7am nesta segunda-feira, 06 de junho\",\"breadcrumb\":{\"@id\":\"https:\\\/\\\/vestibulares.estrategia.com\\\/portal\\\/noticias\\\/pedidos-de-isencao-vestibular-uel-2023\\\/#breadcrumb\"},\"inLanguage\":\"pt-BR\",\"potentialAction\":[{\"@type\":\"ReadAction\",\"target\":[\"https:\\\/\\\/vestibulares.estrategia.com\\\/portal\\\/noticias\\\/pedidos-de-isencao-vestibular-uel-2023\\\/\"]}]},{\"@type\":\"ImageObject\",\"inLanguage\":\"pt-BR\",\"@id\":\"https:\\\/\\\/vestibulares.estrategia.com\\\/portal\\\/noticias\\\/pedidos-de-isencao-vestibular-uel-2023\\\/#primaryimage\",\"url\":\"https:\\\/\\\/vestibulares.estrategia.com\\\/portal\\\/wp-content\\\/uploads\\\/2022\\\/05\\\/vestibular-uel-ev.jpg\",\"contentUrl\":\"https:\\\/\\\/vestibulares.estrategia.com\\\/portal\\\/wp-content\\\/uploads\\\/2022\\\/05\\\/vestibular-uel-ev.jpg\",\"width\":1280,\"height\":720,\"caption\":\"UEL Estrat\u00e9gia Vestibulares\"},{\"@type\":\"BreadcrumbList\",\"@id\":\"https:\\\/\\\/vestibulares.estrategia.com\\\/portal\\\/noticias\\\/pedidos-de-isencao-vestibular-uel-2023\\\/#breadcrumb\",\"itemListElement\":[{\"@type\":\"ListItem\",\"position\":1,\"name\":\"Home\",\"item\":\"https:\\\/\\\/vestibulares.estrategia.com\\\/portal\\\/\"},{\"@type\":\"ListItem\",\"position\":2,\"name\":\"Not\u00edcias\",\"item\":\"https:\\\/\\\/vestibulares.estrategia.com\\\/portal\\\/noticias\\\/\"},{\"@type\":\"ListItem\",\"position\":3,\"name\":\"UEL 2023: prazo para pedidos de isen\u00e7\u00e3o da taxa de inscri\u00e7\u00e3o est\u00e1 aberto\"}]},{\"@type\":\"WebSite\",\"@id\":\"https:\\\/\\\/vestibulares.estrategia.com\\\/portal\\\/#website\",\"url\":\"https:\\\/\\\/vestibulares.estrategia.com\\\/portal\\\/\",\"name\":\"Estrat\u00e9gia Vestibulares\",\"description\":\"\",\"publisher\":{\"@id\":\"https:\\\/\\\/vestibulares.estrategia.com\\\/portal\\\/#organization\"},\"potentialAction\":[{\"@type\":\"SearchAction\",\"target\":{\"@type\":\"EntryPoint\",\"urlTemplate\":\"https:\\\/\\\/vestibulares.estrategia.com\\\/portal\\\/?s={search_term_string}\"},\"query-input\":{\"@type\":\"PropertyValueSpecification\",\"valueRequired\":true,\"valueName\":\"search_term_string\"}}],\"inLanguage\":\"pt-BR\"},{\"@type\":\"Organization\",\"@id\":\"https:\\\/\\\/vestibulares.estrategia.com\\\/portal\\\/#organization\",\"name\":\"Estrat\u00e9gia Vestibulares\",\"url\":\"https:\\\/\\\/vestibulares.estrategia.com\\\/portal\\\/\",\"logo\":{\"@type\":\"ImageObject\",\"inLanguage\":\"pt-BR\",\"@id\":\"https:\\\/\\\/vestibulares.estrategia.com\\\/portal\\\/#\\\/schema\\\/logo\\\/image\\\/\",\"url\":\"https:\\\/\\\/vestibulares.estrategia.com\\\/portal\\\/wp-content\\\/uploads\\\/2021\\\/06\\\/Logo-Vestibulares@4x.png\",\"contentUrl\":\"https:\\\/\\\/vestibulares.estrategia.com\\\/portal\\\/wp-content\\\/uploads\\\/2021\\\/06\\\/Logo-Vestibulares@4x.png\",\"width\":250,\"height\":66,\"caption\":\"Estrat\u00e9gia Vestibulares\"},\"image\":{\"@id\":\"https:\\\/\\\/vestibulares.estrategia.com\\\/portal\\\/#\\\/schema\\\/logo\\\/image\\\/\"},\"sameAs\":[\"https:\\\/\\\/facebook.com\\\/estrategiavestibulares\",\"https:\\\/\\\/x.com\\\/Estrategiavest\",\"https:\\\/\\\/www.instagram.com\\\/estrategiavestibulares\",\"https:\\\/\\\/www.youtube.com\\\/channel\\\/UCGWdZy8ULI-7_5GrABa4vNA\"]},{\"@type\":\"Person\",\"@id\":\"https:\\\/\\\/vestibulares.estrategia.com\\\/portal\\\/#\\\/schema\\\/person\\\/83d5c517a965e3fd3fc7016a981cb8fe\",\"name\":\"J\u00falia Wasko\",\"image\":{\"@type\":\"ImageObject\",\"inLanguage\":\"pt-BR\",\"@id\":\"https:\\\/\\\/secure.gravatar.com\\\/avatar\\\/0e8f76be88c79a7f91e5963616fabab32c40de3ff512a3e96f872fdf2778dc45?s=96&d=mm&r=g\",\"url\":\"https:\\\/\\\/secure.gravatar.com\\\/avatar\\\/0e8f76be88c79a7f91e5963616fabab32c40de3ff512a3e96f872fdf2778dc45?s=96&d=mm&r=g\",\"contentUrl\":\"https:\\\/\\\/secure.gravatar.com\\\/avatar\\\/0e8f76be88c79a7f91e5963616fabab32c40de3ff512a3e96f872fdf2778dc45?s=96&d=mm&r=g\",\"caption\":\"J\u00falia Wasko\"},\"description\":\"Curso Jornalismo e sou apaixonada por entretenimento, comunica\u00e7\u00e3o e not\u00edcia! Adoro ler e curtir momentos com fam\u00edlia e amigos!\",\"url\":\"https:\\\/\\\/vestibulares.estrategia.com\\\/portal\\\/author\\\/julia-martins\\\/\"}]}<\/script>\n<!-- \/ Yoast SEO Premium plugin. -->","yoast_head_json":{"title":"UEL 2023: prazo para pedidos de isen\u00e7\u00e3o da taxa de inscri\u00e7\u00e3o est\u00e1 aberto","description":"O per\u00edodo para solicitar isen\u00e7\u00e3o da taxa de inscri\u00e7\u00e3o do vestibular 2023 da UEL come\u00e7am nesta segunda-feira, 06 de junho","robots":{"index":"index","follow":"follow","max-snippet":"max-snippet:-1","max-image-preview":"max-image-preview:large","max-video-preview":"max-video-preview:-1"},"canonical":"https:\/\/vestibulares.estrategia.com\/portal\/noticias\/pedidos-de-isencao-vestibular-uel-2023\/","og_locale":"pt_BR","og_type":"article","og_title":"UEL 2023: prazo para pedidos de isen\u00e7\u00e3o da taxa de inscri\u00e7\u00e3o est\u00e1 aberto","og_description":"O per\u00edodo para solicitar isen\u00e7\u00e3o da taxa de inscri\u00e7\u00e3o do vestibular 2023 da UEL come\u00e7am nesta segunda-feira, 06 de junho","og_url":"https:\/\/vestibulares.estrategia.com\/portal\/noticias\/pedidos-de-isencao-vestibular-uel-2023\/","og_site_name":"Estrat\u00e9gia Vestibulares","article_publisher":"https:\/\/facebook.com\/estrategiavestibulares","article_published_time":"2022-06-06T12:37:37+00:00","article_modified_time":"2023-07-28T17:20:27+00:00","og_image":[{"width":1280,"height":720,"url":"https:\/\/cdn.blog.estrategiavestibulares.com.br\/vestibulares\/wp-content\/uploads\/2022\/05\/vestibular-uel-ev.jpg","type":"image\/jpeg"}],"author":"J\u00falia Wasko","twitter_card":"summary_large_image","twitter_creator":"@Estrategiavest","twitter_site":"@Estrategiavest","twitter_misc":{"Escrito por":"J\u00falia Wasko","Est. tempo de leitura":"1 minuto"},"schema":{"@context":"https:\/\/schema.org","@graph":[{"@type":"NewsArticle","@id":"https:\/\/vestibulares.estrategia.com\/portal\/noticias\/pedidos-de-isencao-vestibular-uel-2023\/#article","isPartOf":{"@id":"https:\/\/vestibulares.estrategia.com\/portal\/noticias\/pedidos-de-isencao-vestibular-uel-2023\/"},"author":{"name":"J\u00falia Wasko","@id":"https:\/\/vestibulares.estrategia.com\/portal\/#\/schema\/person\/83d5c517a965e3fd3fc7016a981cb8fe"},"headline":"UEL 2023: prazo para pedidos de isen\u00e7\u00e3o da taxa de inscri\u00e7\u00e3o est\u00e1 aberto","datePublished":"2022-06-06T12:37:37+00:00","dateModified":"2023-07-28T17:20:27+00:00","mainEntityOfPage":{"@id":"https:\/\/vestibulares.estrategia.com\/portal\/noticias\/pedidos-de-isencao-vestibular-uel-2023\/"},"wordCount":226,"publisher":{"@id":"https:\/\/vestibulares.estrategia.com\/portal\/#organization"},"image":{"@id":"https:\/\/vestibulares.estrategia.com\/portal\/noticias\/pedidos-de-isencao-vestibular-uel-2023\/#primaryimage"},"thumbnailUrl":"https:\/\/vestibulares.estrategia.com\/portal\/wp-content\/uploads\/2022\/05\/vestibular-uel-ev.jpg","articleSection":["Not\u00edcias"],"inLanguage":"pt-BR"},{"@type":"WebPage","@id":"https:\/\/vestibulares.estrategia.com\/portal\/noticias\/pedidos-de-isencao-vestibular-uel-2023\/","url":"https:\/\/vestibulares.estrategia.com\/portal\/noticias\/pedidos-de-isencao-vestibular-uel-2023\/","name":"UEL 2023: prazo para pedidos de isen\u00e7\u00e3o da taxa de inscri\u00e7\u00e3o est\u00e1 aberto","isPartOf":{"@id":"https:\/\/vestibulares.estrategia.com\/portal\/#website"},"primaryImageOfPage":{"@id":"https:\/\/vestibulares.estrategia.com\/portal\/noticias\/pedidos-de-isencao-vestibular-uel-2023\/#primaryimage"},"image":{"@id":"https:\/\/vestibulares.estrategia.com\/portal\/noticias\/pedidos-de-isencao-vestibular-uel-2023\/#primaryimage"},"thumbnailUrl":"https:\/\/vestibulares.estrategia.com\/portal\/wp-content\/uploads\/2022\/05\/vestibular-uel-ev.jpg","datePublished":"2022-06-06T12:37:37+00:00","dateModified":"2023-07-28T17:20:27+00:00","description":"O per\u00edodo para solicitar isen\u00e7\u00e3o da taxa de inscri\u00e7\u00e3o do vestibular 2023 da UEL come\u00e7am nesta segunda-feira, 06 de junho","breadcrumb":{"@id":"https:\/\/vestibulares.estrategia.com\/portal\/noticias\/pedidos-de-isencao-vestibular-uel-2023\/#breadcrumb"},"inLanguage":"pt-BR","potentialAction":[{"@type":"ReadAction","target":["https:\/\/vestibulares.estrategia.com\/portal\/noticias\/pedidos-de-isencao-vestibular-uel-2023\/"]}]},{"@type":"ImageObject","inLanguage":"pt-BR","@id":"https:\/\/vestibulares.estrategia.com\/portal\/noticias\/pedidos-de-isencao-vestibular-uel-2023\/#primaryimage","url":"https:\/\/vestibulares.estrategia.com\/portal\/wp-content\/uploads\/2022\/05\/vestibular-uel-ev.jpg","contentUrl":"https:\/\/vestibulares.estrategia.com\/portal\/wp-content\/uploads\/2022\/05\/vestibular-uel-ev.jpg","width":1280,"height":720,"caption":"UEL Estrat\u00e9gia Vestibulares"},{"@type":"BreadcrumbList","@id":"https:\/\/vestibulares.estrategia.com\/portal\/noticias\/pedidos-de-isencao-vestibular-uel-2023\/#breadcrumb","itemListElement":[{"@type":"ListItem","position":1,"name":"Home","item":"https:\/\/vestibulares.estrategia.com\/portal\/"},{"@type":"ListItem","position":2,"name":"Not\u00edcias","item":"https:\/\/vestibulares.estrategia.com\/portal\/noticias\/"},{"@type":"ListItem","position":3,"name":"UEL 2023: prazo para pedidos de isen\u00e7\u00e3o da taxa de inscri\u00e7\u00e3o est\u00e1 aberto"}]},{"@type":"WebSite","@id":"https:\/\/vestibulares.estrategia.com\/portal\/#website","url":"https:\/\/vestibulares.estrategia.com\/portal\/","name":"Estrat\u00e9gia Vestibulares","description":"","publisher":{"@id":"https:\/\/vestibulares.estrategia.com\/portal\/#organization"},"potentialAction":[{"@type":"SearchAction","target":{"@type":"EntryPoint","urlTemplate":"https:\/\/vestibulares.estrategia.com\/portal\/?s={search_term_string}"},"query-input":{"@type":"PropertyValueSpecification","valueRequired":true,"valueName":"search_term_string"}}],"inLanguage":"pt-BR"},{"@type":"Organization","@id":"https:\/\/vestibulares.estrategia.com\/portal\/#organization","name":"Estrat\u00e9gia Vestibulares","url":"https:\/\/vestibulares.estrategia.com\/portal\/","logo":{"@type":"ImageObject","inLanguage":"pt-BR","@id":"https:\/\/vestibulares.estrategia.com\/portal\/#\/schema\/logo\/image\/","url":"https:\/\/vestibulares.estrategia.com\/portal\/wp-content\/uploads\/2021\/06\/Logo-Vestibulares@4x.png","contentUrl":"https:\/\/vestibulares.estrategia.com\/portal\/wp-content\/uploads\/2021\/06\/Logo-Vestibulares@4x.png","width":250,"height":66,"caption":"Estrat\u00e9gia Vestibulares"},"image":{"@id":"https:\/\/vestibulares.estrategia.com\/portal\/#\/schema\/logo\/image\/"},"sameAs":["https:\/\/facebook.com\/estrategiavestibulares","https:\/\/x.com\/Estrategiavest","https:\/\/www.instagram.com\/estrategiavestibulares","https:\/\/www.youtube.com\/channel\/UCGWdZy8ULI-7_5GrABa4vNA"]},{"@type":"Person","@id":"https:\/\/vestibulares.estrategia.com\/portal\/#\/schema\/person\/83d5c517a965e3fd3fc7016a981cb8fe","name":"J\u00falia Wasko","image":{"@type":"ImageObject","inLanguage":"pt-BR","@id":"https:\/\/secure.gravatar.com\/avatar\/0e8f76be88c79a7f91e5963616fabab32c40de3ff512a3e96f872fdf2778dc45?s=96&d=mm&r=g","url":"https:\/\/secure.gravatar.com\/avatar\/0e8f76be88c79a7f91e5963616fabab32c40de3ff512a3e96f872fdf2778dc45?s=96&d=mm&r=g","contentUrl":"https:\/\/secure.gravatar.com\/avatar\/0e8f76be88c79a7f91e5963616fabab32c40de3ff512a3e96f872fdf2778dc45?s=96&d=mm&r=g","caption":"J\u00falia Wasko"},"description":"Curso Jornalismo e sou apaixonada por entretenimento, comunica\u00e7\u00e3o e not\u00edcia! Adoro ler e curtir momentos com fam\u00edlia e amigos!","url":"https:\/\/vestibulares.estrategia.com\/portal\/author\/julia-martins\/"}]}},"_links":{"self":[{"href":"https:\/\/vestibulares.estrategia.com\/portal\/wp-json\/wp\/v2\/posts\/69494","targetHints":{"allow":["GET"]}}],"collection":[{"href":"https:\/\/vestibulares.estrategia.com\/portal\/wp-json\/wp\/v2\/posts"}],"about":[{"href":"https:\/\/vestibulares.estrategia.com\/portal\/wp-json\/wp\/v2\/types\/post"}],"author":[{"embeddable":true,"href":"https:\/\/vestibulares.estrategia.com\/portal\/wp-json\/wp\/v2\/users\/29"}],"replies":[{"embeddable":true,"href":"https:\/\/vestibulares.estrategia.com\/portal\/wp-json\/wp\/v2\/comments?post=69494"}],"version-history":[{"count":3,"href":"https:\/\/vestibulares.estrategia.com\/portal\/wp-json\/wp\/v2\/posts\/69494\/revisions"}],"predecessor-version":[{"id":96252,"href":"https:\/\/vestibulares.estrategia.com\/portal\/wp-json\/wp\/v2\/posts\/69494\/revisions\/96252"}],"wp:featuredmedia":[{"embeddable":true,"href":"https:\/\/vestibulares.estrategia.com\/portal\/wp-json\/wp\/v2\/media\/68506"}],"wp:attachment":[{"href":"https:\/\/vestibulares.estrategia.com\/portal\/wp-json\/wp\/v2\/media?parent=69494"}],"wp:term":[{"taxonomy":"category","embeddable":true,"href":"https:\/\/vestibulares.estrategia.com\/portal\/wp-json\/wp\/v2\/categories?post=69494"},{"taxonomy":"post_tag","embeddable":true,"href":"https:\/\/vestibulares.estrategia.com\/portal\/wp-json\/wp\/v2\/tags?post=69494"}],"curies":[{"name":"wp","href":"https:\/\/api.w.org\/{rel}","templated":true}]}}