{"id":70143,"date":"2022-06-21T18:49:57","date_gmt":"2022-06-21T21:49:57","guid":{"rendered":"https:\/\/vestibulares.estrategia.com\/portal\/?p=70143"},"modified":"2025-11-04T14:32:55","modified_gmt":"2025-11-04T17:32:55","slug":"6-citacoes-sobre-refugiados-para-usar-na-redacao","status":"publish","type":"post","link":"https:\/\/vestibulares.estrategia.com\/portal\/materias\/redacao\/6-citacoes-sobre-refugiados-para-usar-na-redacao\/","title":{"rendered":"6 cita\u00e7\u00f5es sobre refugiados para usar na reda\u00e7\u00e3o"},"content":{"rendered":"<p>De acordo com a <a href=\"http:\/\/www.planalto.gov.br\/ccivil_03\/leis\/l9474.htm\" target=\"_blank\">Lei n&ordm; 9.474<\/a>, de 1997, ref&uacute;gio &eacute; um direito oferecido no Brasil a todos os estrangeiros que n&atilde;o possam ou n&atilde;o queiram voltar ao seu pa&iacute;s de origem, por persegui&ccedil;&otilde;es de ra&ccedil;a, religi&atilde;o, nacionalidade, grupo social ou opini&otilde;es pol&iacute;ticas, al&eacute;m daqueles que estejam sujeitos a graves viola&ccedil;&otilde;es de direitos humanos. Pensando nisso, a Coruja listou 6 cita&ccedil;&otilde;es sobre refugiados para usar na reda&ccedil;&atilde;o que v&atilde;o trazer mais conte&uacute;do sobre o tema aos seus estudos.<p>Enriquecendo seu repert&oacute;rio sociocultural, as chances de alcan&ccedil;ar a nota m&aacute;xima em temas como da Universidade Federal da Grande Dourados (UFGD) 2019, &ldquo;O&nbsp;Crescimento dos Refugiados no Mundo&rdquo;, ficam cada vez maiores.<\/p><p class=\"wp-block-verse\"><strong><em>Leia tamb&eacute;m:<\/em><\/strong><br><a href=\"https:\/\/vestibulares.estrategia.com\/portal\/atualidades-e-dicas\/conflitos-armados-ao-redor-do-mundo\/\" target=\"_blank\">Outros conflitos armados ao redor do mundo al&eacute;m de Ucr&acirc;nia x R&uacute;ssia e suas motiva&ccedil;&otilde;es<\/a><br><a href=\"https:\/\/vestibulares.estrategia.com\/portal\/atualidades-e-dicas\/primavera-arabe\/\" target=\"_blank\">A Primavera &Aacute;rabe: o que &eacute;, causas e consequ&ecirc;ncias<\/a><br><a href=\"https:\/\/vestibulares.estrategia.com\/portal\/atualidades-e-dicas\/guerra-civil-siria\/\" target=\"_blank\">Guerra Civil na S&iacute;ria: um conflito de 10 anos<\/a><\/p><p>\n\n\n\n<div id=\"new-form\">\n\t<form id=\"forms_layout\">\n\t<input type=\"hidden\" id=\"chave_de\" name=\"chave_de\" value=\"01_EVEST_LEADS_TOTAIS\" \/>\n\t\t<input type=\"hidden\" id=\"mid\" name=\"mid\" value=\"515008983\" \/>\n\t\t<input type=\"hidden\" id=\"Objetivo\" name=\"Objetivo\" value=\"Vestibulares\" \/>\n\t\t<input type=\"hidden\" id=\"Estado_de_Origem_do_IP\" name=\"Estado_de_Origem_do_IP\"  value=\"\" \/>\n\t\t<input type=\"hidden\" id=\"Cidade_de_Origem_do_IP\" name=\"Cidade_de_Origem_do_IP\" value=\"\" \/>\n\t\t<input type=\"hidden\" id=\"Modo_de_entrada\" name=\"Modo_de_entrada\" value=\"Portal\" \/>\n\t\t<input type=\"hidden\" id=\"Pagina_Origem\" name=\"Pagina_Origem\" value=\"\" \/>\n\n\t\t<div class=\"texto\">\n\t\t\t<h3 class=\"news\">Inscreva-se em nossa newsletter\ud83e\udd89<\/h3>\n\t\t\t<p>Receba dicas de estudo gratuitas e saiba em primeira m\u00e3o as novidades sobre o Enem, Sisu, Encceja, Fuvest e outros vestibulares!<\/p>\n\t\t<\/div>\n\t\t<div class=\"campos\">\n\t\t\t<div class=\"first_name labels\">\n\t\t\t\t<input type=\"text\" class=\"input_labels\" id=\"first_name\" name=\"Nome_Completo\" placeholder=\"Nome\" required \/>\n\t\t\t<\/div>\n\t\t\t<div class=\"email labels\">\n\t\t\t\t<input type=\"email\" class=\"input_labels\" id=\"email\" name=\"Email\" placeholder=\"E-mail\" required \/>\n\t\t\t<\/div>\n\t\t\t<button type=\"submit\" class=\"button_layout\">\n\t\t\t\t<div id=\"lblBotao\">Inscreva-se<\/div>\n\t\t\t\t<span id=\"divSpiner\" class=\"loader\" role=\"status\" style=\"display: none;\"><\/span>\t\n\t\t\t<\/button>\n\t\t<\/div><!-- \/campos -->\n\t\t\n\t\t<label class=\"container_checkbox\">Voc\u00ea concorda com a nossa\n\t\t\t<a class=\"politics_privacy_ahref\" target=\"_blank\" href=\"https:\/\/gratis.estrategiaconcursos.com.br\/politica-de-privacidade\/\">Pol\u00edtica de Privacidade<\/a> e aceita receber informa\u00e7\u00f5es adicionais do Estrat\u00e9gia Educacional.\n\t\t\t<input id=\"checkbox_layout\" type=\"checkbox\" checked=\"checked\" required \/>\n\t\t\t<span class=\"checkbox\"><\/span>\n\t\t<\/label>\n\t\t<div id=\"msg\"><\/div>\n\t\t<div id=\"error\" class=\"error\">\n\t\t<\/div>\n\t<\/form>\n<\/div><!-- \/new-form -->\n\n\n\n<\/p><div id=\"ez-toc-container\" class=\"ez-toc-v2_0_76 counter-hierarchy ez-toc-counter ez-toc-transparent ez-toc-container-direction\">\n<div class=\"ez-toc-title-container\"><p class=\"ez-toc-title\" style=\"cursor:inherit\">Navegue pelo conte\u00fado<\/p>\n<\/div><nav><ul class='ez-toc-list ez-toc-list-level-1 ' ><li class='ez-toc-page-1 ez-toc-heading-level-2'><a class=\"ez-toc-link ez-toc-heading-1\" href=\"https:\/\/vestibulares.estrategia.com\/portal\/materias\/redacao\/6-citacoes-sobre-refugiados-para-usar-na-redacao\/#1-%E2%80%9COs-refugiados-simbolizam-personificam-nossos-medos-Ontem-eram-pessoas-poderosas-em-seus-paises-Felizes-Como-nos-somos-aqui-hoje-Mas-veja-o-que-aconteceu-hoje-Eles-perderam-suas-casas-perderam-seus-trabalhos-O-choque-esta-apenas-comecando%E2%80%9D-%E2%80%94-Zygmunt-Bauman\" >1- &ldquo;Os refugiados simbolizam, personificam nossos medos. Ontem, eram pessoas poderosas em seus pa&iacute;ses. Felizes. Como n&oacute;s somos aqui, hoje. Mas, veja o que aconteceu hoje. Eles perderam suas casas, perderam seus trabalhos. O choque est&aacute; apenas come&ccedil;ando.&rdquo; &mdash; Zygmunt Bauman<\/a><\/li><li class='ez-toc-page-1 ez-toc-heading-level-2'><a class=\"ez-toc-link ez-toc-heading-2\" href=\"https:\/\/vestibulares.estrategia.com\/portal\/materias\/redacao\/6-citacoes-sobre-refugiados-para-usar-na-redacao\/#2-%E2%80%9CNinguem-escolhe-ser-refugiado-sao-as-diversas-causas-que-empurram-a-pessoa-para-essa-condicao-%E2%80%A6%E2%80%9D-%E2%80%94-Vanito-Ianium-Vieira-Ca\" >2- &ldquo;Ningu&eacute;m escolhe ser refugiado, s&atilde;o as diversas causas que empurram a pessoa para essa condi&ccedil;&atilde;o [&hellip;]&rdquo; &mdash; Vanito Ianium Vieira C&aacute;<\/a><\/li><li class='ez-toc-page-1 ez-toc-heading-level-2'><a class=\"ez-toc-link ez-toc-heading-3\" href=\"https:\/\/vestibulares.estrategia.com\/portal\/materias\/redacao\/6-citacoes-sobre-refugiados-para-usar-na-redacao\/#3-%E2%80%9CDireito-de-asilo-e-direito-humano%E2%80%9D-%E2%80%94-Jurgen-Habermas\" >3- &ldquo;Direito de asilo &eacute; direito humano.&rdquo; &mdash; J&uuml;rgen Habermas<\/a><\/li><li class='ez-toc-page-1 ez-toc-heading-level-2'><a class=\"ez-toc-link ez-toc-heading-4\" href=\"https:\/\/vestibulares.estrategia.com\/portal\/materias\/redacao\/6-citacoes-sobre-refugiados-para-usar-na-redacao\/#4-%E2%80%9CNao-rejeitamos-realmente-os-estrangeiros-se-sao-turistas-cantores-ou-atletas-famosos-rejeitamos-se-eles-sao-pobres-imigrantes-mendigos-sem-teto-mesmo-que-sejam-da-propria-familia%E2%80%9D-%E2%80%94-Adela-Cortina\" >4- &ldquo;N&atilde;o rejeitamos realmente os estrangeiros se s&atilde;o turistas, cantores ou atletas famosos, rejeitamos se eles s&atilde;o pobres, imigrantes, mendigos, sem-teto, mesmo que sejam da pr&oacute;pria fam&iacute;lia.&rdquo; &mdash; Adela Cortina<\/a><\/li><li class='ez-toc-page-1 ez-toc-heading-level-2'><a class=\"ez-toc-link ez-toc-heading-5\" href=\"https:\/\/vestibulares.estrategia.com\/portal\/materias\/redacao\/6-citacoes-sobre-refugiados-para-usar-na-redacao\/#5-%E2%80%9CRefugiados-sao-pessoas-normais-como-voce-ou-eu-%E2%80%A6-no-entanto-nos-so-nos-importamos-com-o-que-eles-podem-tirar-de-nos-em-nosso-pais%E2%80%9D-%E2%80%94-Maisie-Williams\" >5- &ldquo;Refugiados s&atilde;o pessoas normais, como voc&ecirc; ou eu [&hellip;] no entanto, n&oacute;s s&oacute; nos importamos com o que eles podem tirar de n&oacute;s em nosso pa&iacute;s.&rdquo; &mdash; Maisie Williams<\/a><\/li><li class='ez-toc-page-1 ez-toc-heading-level-2'><a class=\"ez-toc-link ez-toc-heading-6\" href=\"https:\/\/vestibulares.estrategia.com\/portal\/materias\/redacao\/6-citacoes-sobre-refugiados-para-usar-na-redacao\/#6-%E2%80%9CAs-leis-vigentes-sobre-imigracao-sao-obsoletas-o-que-e-bastante-logico-se-considerarmos-que-o-regime-mundial-de-refugiados-foi-estabelecido-em-um-momento-muito-particular-da-historia-no-Holocausto-e-na-Guerra-Fria%E2%80%9D-%E2%80%94-Jornal-ingles-The-Guardian\" >6- &ldquo;As leis vigentes sobre imigra&ccedil;&atilde;o s&atilde;o obsoletas, o que &eacute; bastante l&oacute;gico, se considerarmos que o regime mundial de refugiados foi estabelecido em um momento muito particular da hist&oacute;ria, no Holocausto e na Guerra Fria.&rdquo; &mdash; Jornal ingl&ecirc;s The Guardian<\/a><\/li><li class='ez-toc-page-1 ez-toc-heading-level-2'><a class=\"ez-toc-link ez-toc-heading-7\" href=\"https:\/\/vestibulares.estrategia.com\/portal\/materias\/redacao\/6-citacoes-sobre-refugiados-para-usar-na-redacao\/#Leia-mais-sobre-redacao\" >Leia mais sobre reda&ccedil;&atilde;o:<\/a><\/li><li class='ez-toc-page-1 ez-toc-heading-level-2'><a class=\"ez-toc-link ez-toc-heading-8\" href=\"https:\/\/vestibulares.estrategia.com\/portal\/materias\/redacao\/6-citacoes-sobre-refugiados-para-usar-na-redacao\/#Prepare-se-para-a-redacao-com-o-Estrategia-Vestibulares\" >Prepare-se para a reda&ccedil;&atilde;o com o Estrat&eacute;gia Vestibulares<\/a><\/li><li class='ez-toc-page-1 ez-toc-heading-level-2'><a class=\"ez-toc-link ez-toc-heading-9\" href=\"https:\/\/vestibulares.estrategia.com\/portal\/materias\/redacao\/6-citacoes-sobre-refugiados-para-usar-na-redacao\/#Veja-citacoes-para-usar-na-redacao\" >Veja cita&ccedil;&otilde;es para usar na reda&ccedil;&atilde;o<\/a><\/li><\/ul><\/nav><\/div>\n<h2 class=\"wp-block-heading\" id=\"h-1-os-refugiados-simbolizam-personificam-nossos-medos-ontem-eram-pessoas-poderosas-em-seus-paises-felizes-como-nos-somos-aqui-hoje-mas-veja-o-que-aconteceu-hoje-eles-perderam-suas-casas-perderam-seus-trabalhos-o-choque-esta-apenas-comecando-zygmunt-bauman\"><span class=\"ez-toc-section\" id=\"1-%E2%80%9COs-refugiados-simbolizam-personificam-nossos-medos-Ontem-eram-pessoas-poderosas-em-seus-paises-Felizes-Como-nos-somos-aqui-hoje-Mas-veja-o-que-aconteceu-hoje-Eles-perderam-suas-casas-perderam-seus-trabalhos-O-choque-esta-apenas-comecando%E2%80%9D-%E2%80%94-Zygmunt-Bauman\"><\/span>1- &ldquo;Os refugiados simbolizam, personificam nossos medos. Ontem, eram pessoas poderosas em seus pa&iacute;ses. Felizes. Como n&oacute;s somos aqui, hoje. Mas, veja o que aconteceu hoje. Eles perderam suas casas, perderam seus trabalhos. O choque est&aacute; apenas come&ccedil;ando.&rdquo; &mdash; Zygmunt Bauman<span class=\"ez-toc-section-end\"><\/span><\/h2><p>Zygmunt Bauman foi um fil&oacute;sofo, soci&oacute;logo e escritor polon&ecirc;s muito conhecido por seu livro &ldquo;Modernidade L&iacute;quida&rdquo;, no qual ele trata sobre consumismo e as rela&ccedil;&otilde;es humanas na p&oacute;s-modernidade.<\/p><p>A passagem a respeito dos refugiados foi narrada em um curta-metragem produzido por uma emissora do Catar, a <em>TV Al Jazeera, <\/em>com a tem&aacute;tica voltada aos refugiados dos pa&iacute;ses do Oriente M&eacute;dio e o t&iacute;tulo &ldquo;Why the world fears refugees?&rdquo;, ou &ldquo;Por que o mundo teme os refugiados&rdquo;, em tradu&ccedil;&atilde;o literal.<\/p><p>Autoexplicativa, a ideia de Bauman sobre os refugiados retrata como as pessoas nessa condi&ccedil;&atilde;o tem toda sua hist&oacute;ria e conquistas reduzidas, enquanto soam como uma falsa amea&ccedil;a &agrave;quelas que ainda as mant&eacute;m.&nbsp;<\/p><figure class=\"wp-block-embed is-type-video is-provider-youtube wp-block-embed-youtube wp-embed-aspect-16-9 wp-has-aspect-ratio\"><div class=\"wp-block-embed__wrapper\">\n<div class=\"cs-embed cs-embed-responsive\"><iframe title=\"Why the world fears refugees (Narrated by Zygmunt Bauman)\" width=\"1200\" height=\"675\" src=\"https:\/\/www.youtube.com\/embed\/_Qlv8pqtTss?feature=oembed\" frameborder=\"0\" allow=\"accelerometer; autoplay; clipboard-write; encrypted-media; gyroscope; picture-in-picture; web-share\" referrerpolicy=\"strict-origin-when-cross-origin\" allowfullscreen><\/iframe><\/div>\n<\/div><\/figure><h2 class=\"wp-block-heading\" id=\"h-2-ninguem-escolhe-ser-refugiado-sao-as-diversas-causas-que-empurram-a-pessoa-para-essa-condicao-vanito-ianium-vieira-ca\"><span class=\"ez-toc-section\" id=\"2-%E2%80%9CNinguem-escolhe-ser-refugiado-sao-as-diversas-causas-que-empurram-a-pessoa-para-essa-condicao-%E2%80%A6%E2%80%9D-%E2%80%94-Vanito-Ianium-Vieira-Ca\"><\/span>2- &ldquo;Ningu&eacute;m escolhe ser refugiado, s&atilde;o as diversas causas que empurram a pessoa para essa condi&ccedil;&atilde;o [&hellip;]&rdquo; &mdash; Vanito Ianium Vieira C&aacute;<span class=\"ez-toc-section-end\"><\/span><\/h2><p>A segunda cita&ccedil;&atilde;o &eacute; do cientista social Vanito C&aacute;, formado e p&oacute;s-graduado pela Universidade Federal do Rio Grande do Sul (UFRGS), ele tamb&eacute;m &eacute; membro do Grupo de Assessoria a Imigrantes e a Refugiados (Gaire).<\/p><p>A frase foi extra&iacute;da de um <a href=\"https:\/\/www.ufrgs.br\/epsuas-rs\/2019\/05\/27\/ser-refugiado-nao-e-uma-escolha\/\" target=\"_blank\">texto<\/a> publicado pelo autor no blog Trajet&oacute;rias de Educa&ccedil;&atilde;o Permanente no SUAS (Sistema &Uacute;nico de Assist&ecirc;ncia Social), pertencente a um coletivo da UFRGS que re&uacute;ne pesquisadoras vinculadas ao Grupo de Pesquisa Educa&ccedil;&atilde;o, Trabalho e Pol&iacute;ticas Sociais.<\/p><h2 class=\"wp-block-heading\" id=\"h-3-direito-de-asilo-e-direito-humano-jurgen-habermas\"><span class=\"ez-toc-section\" id=\"3-%E2%80%9CDireito-de-asilo-e-direito-humano%E2%80%9D-%E2%80%94-Jurgen-Habermas\"><\/span>3- &ldquo;Direito de asilo &eacute; direito humano.&rdquo; &mdash; J&uuml;rgen Habermas<span class=\"ez-toc-section-end\"><\/span><\/h2><p>Durante a cerim&ocirc;nia que lhe concedeu o <em>Pr&ecirc;mio John W. Kluge<\/em> &mdash; considerado o &ldquo;Nobel das Ci&ecirc;ncias Humanas&rdquo; &mdash;, em 2015, o fil&oacute;sofo e soci&oacute;logo alem&atilde;o J&uuml;rgen Habermas falou sobre refugiados em entrevista &agrave; emissora de seu pa&iacute;s, <em>Deutsche Welle (DW)<\/em>.<\/p><p>&ldquo;O direito de asilo &eacute; um direito humano, e qualquer pessoa que pedir asilo deve ser tratada de forma justa e, se for o caso, deve ser acolhida com todas as consequ&ecirc;ncias. Essa &eacute; a resposta fundamental, mas n&atilde;o &eacute; particularmente interessante em tal situa&ccedil;&atilde;o&rdquo;, respondeu Habermas ao ser questionado sobre a vis&atilde;o da Filosofia a respeito dos refugiados da regi&atilde;o do Oriente M&eacute;dio na Europa.<\/p><h2 class=\"wp-block-heading\" id=\"h-4-nao-rejeitamos-realmente-os-estrangeiros-se-sao-turistas-cantores-ou-atletas-famosos-rejeitamos-se-eles-sao-pobres-imigrantes-mendigos-sem-teto-mesmo-que-sejam-da-propria-familia-adela-cortina\"><span class=\"ez-toc-section\" id=\"4-%E2%80%9CNao-rejeitamos-realmente-os-estrangeiros-se-sao-turistas-cantores-ou-atletas-famosos-rejeitamos-se-eles-sao-pobres-imigrantes-mendigos-sem-teto-mesmo-que-sejam-da-propria-familia%E2%80%9D-%E2%80%94-Adela-Cortina\"><\/span>4- &ldquo;N&atilde;o rejeitamos realmente os estrangeiros se s&atilde;o turistas, cantores ou atletas famosos, rejeitamos se eles s&atilde;o pobres, imigrantes, mendigos, sem-teto, mesmo que sejam da pr&oacute;pria fam&iacute;lia.&rdquo; &mdash; Adela Cortina<span class=\"ez-toc-section-end\"><\/span><\/h2><p>Criadora do termo &ldquo;<em>aporofobia<\/em>&rdquo; &mdash; que significa rejei&ccedil;&atilde;o ao pobre &mdash; a fil&oacute;sofa espanhola Adela Cortina &eacute; a autora da quarta cita&ccedil;&atilde;o da nossa lista. Em entrevista &agrave; emissora <em>BBC,<\/em> ela explicou que, na sua vis&atilde;o, a avers&atilde;o despertada contra os refugiados n&atilde;o t&ecirc;m rela&ccedil;&atilde;o com seu pa&iacute;s de origem, mas sim contra a condi&ccedil;&atilde;o social na qual essas pessoas se encontram: pobreza e mis&eacute;ria.<\/p><p>&ldquo;Nomear a rejei&ccedil;&atilde;o aos pobres permite-nos tornar vis&iacute;vel esta patologia social, investigar as causas e decidir se concordamos que continue a crescer ou se estamos dispostos a desativ&aacute;-la por nos parecer inadmiss&iacute;vel&rdquo;, afirmou a fil&oacute;sofa na ocasi&atilde;o.<\/p><h2 class=\"wp-block-heading\" id=\"h-5-refugiados-sao-pessoas-normais-como-voce-ou-eu-no-entanto-nos-so-nos-importamos-com-o-que-eles-podem-tirar-de-nos-em-nosso-pais-maisie-williams\"><span class=\"ez-toc-section\" id=\"5-%E2%80%9CRefugiados-sao-pessoas-normais-como-voce-ou-eu-%E2%80%A6-no-entanto-nos-so-nos-importamos-com-o-que-eles-podem-tirar-de-nos-em-nosso-pais%E2%80%9D-%E2%80%94-Maisie-Williams\"><\/span>5- &ldquo;Refugiados s&atilde;o pessoas normais, como voc&ecirc; ou eu [&hellip;] no entanto, n&oacute;s s&oacute; nos importamos com o que eles podem tirar de n&oacute;s em nosso pa&iacute;s.&rdquo; &mdash; Maisie Williams<span class=\"ez-toc-section-end\"><\/span><\/h2><p>Conhecida mundialmente por seu papel como <em>Arya Stark<\/em>, na s&eacute;rie de televis&atilde;o <em>Game Of Thrones<\/em>, da <em>HBO<\/em>, a atriz brit&acirc;nica Maisie Williams &eacute; uma defensora dos direitos dos refugiados em seu continente.<\/p><p>Em junho de 2016, Williams visitou um campo de refugiados s&iacute;rios na Gr&eacute;cia, junto com alguns colegas de elenco da s&eacute;rie, com o objetivo de usar sua visibilidade para chamar a aten&ccedil;&atilde;o e cobrar as autoridades locais sobre os problemas enfrentados pelos refugiados.<\/p><p>&ldquo;Para mim &eacute; sobre as crian&ccedil;as, com tanto potencial, tantas esperan&ccedil;as e sonhos. Onde est&aacute; a humanidade que faz ser aceit&aacute;vel eles sofrerem por tanto tempo em campos de refugiados na Europa?&rdquo; , questionou Maisie na ocasi&atilde;o.<\/p><h2 class=\"wp-block-heading\" id=\"h-6-as-leis-vigentes-sobre-imigracao-sao-obsoletas-o-que-e-bastante-logico-se-considerarmos-que-o-regime-mundial-de-refugiados-foi-estabelecido-em-um-momento-muito-particular-da-historia-no-holocausto-e-na-guerra-fria-jornal-ingles-the-guardian\"><span class=\"ez-toc-section\" id=\"6-%E2%80%9CAs-leis-vigentes-sobre-imigracao-sao-obsoletas-o-que-e-bastante-logico-se-considerarmos-que-o-regime-mundial-de-refugiados-foi-estabelecido-em-um-momento-muito-particular-da-historia-no-Holocausto-e-na-Guerra-Fria%E2%80%9D-%E2%80%94-Jornal-ingles-The-Guardian\"><\/span>6- &ldquo;As leis vigentes sobre imigra&ccedil;&atilde;o s&atilde;o obsoletas, o que &eacute; bastante l&oacute;gico, se considerarmos que o regime mundial de refugiados foi estabelecido em um momento muito particular da hist&oacute;ria, no Holocausto e na Guerra Fria.&rdquo; &mdash; Jornal ingl&ecirc;s The Guardian<span class=\"ez-toc-section-end\"><\/span><\/h2><p>As legisla&ccedil;&otilde;es sobre imigra&ccedil;&atilde;o citadas pelo fragmento do jornal s&atilde;o referentes &agrave; Conven&ccedil;&atilde;o das Na&ccedil;&otilde;es Unidas (ONU) relativa ao Estatuto dos Refugiados. Tamb&eacute;m conhecida como Conven&ccedil;&atilde;o de Genebra de 1951, o evento teve como objetivo regulamentar a situa&ccedil;&atilde;o dos refugiados da Segunda Guerra Mundial por toda a Europa.<\/p><p>No artigo 33 do documento h&aacute; a &ldquo;Proibi&ccedil;&atilde;o de expuls&atilde;o ou de recha&ccedil;o&rdquo; dos refugiados: &ldquo;1. Nenhum dos Estados Contratantes expulsar&aacute; ou recha&ccedil;ar&aacute;, de maneira alguma, um refugiado para as fronteiras dos territ&oacute;rios em que a sua vida ou a sua liberdade seja amea&ccedil;ada em virtude da sua ra&ccedil;a, da sua religi&atilde;o, da sua nacionalidade, do grupo social a que pertence ou das suas opini&otilde;es pol&iacute;ticas&rdquo;.<\/p><h2 class=\"wp-block-heading\" id=\"h-leia-mais-sobre-redacao\"><span class=\"ez-toc-section\" id=\"Leia-mais-sobre-redacao\"><\/span>Leia mais sobre reda&ccedil;&atilde;o:<span class=\"ez-toc-section-end\"><\/span><\/h2><ul class=\"wp-block-list\">\n<li><a href=\"https:\/\/vestibulares.estrategia.com\/portal\/redacao\/11-documentarios-e-filmes-sobre-meio-ambiente\/\" target=\"_blank\"><em>11 document&aacute;rios e filmes sobre meio ambiente para usar na reda&ccedil;&atilde;o e como repert&oacute;rio<\/em><\/a><\/li>\n\n\n\n<li><a href=\"https:\/\/vestibulares.estrategia.com\/portal\/redacao\/series-repertorio-sociocultural\/\" target=\"_blank\"><em>7 s&eacute;ries para usar como repert&oacute;rio sociocultural na reda&ccedil;&atilde;o<\/em><\/a><\/li>\n\n\n\n<li><a href=\"https:\/\/vestibulares.estrategia.com\/portal\/redacao\/5-alusoes-historicas-coringa\/\" target=\"_blank\"><em>5 alus&otilde;es hist&oacute;ricas coringa para usar na reda&ccedil;&atilde;o<\/em><\/a><\/li>\n\n\n\n<li><a href=\"https:\/\/vestibulares.estrategia.com\/portal\/redacao\/frases-filosoficas-redacao\/\" target=\"_blank\"><em>9 frases filos&oacute;ficas para usar na reda&ccedil;&atilde;o<\/em><\/a><\/li>\n\n\n\n<li><a href=\"https:\/\/vestibulares.estrategia.com\/portal\/materias\/redacao\/7-citacoes-sobre-meio-ambiente-para-usar-na-redacao\/\" target=\"_blank\"><em>7 cita&ccedil;&otilde;es sobre meio ambiente para usar na reda&ccedil;&atilde;o<\/em><\/a><\/li>\n\n\n\n<li><a href=\"https:\/\/vestibulares.estrategia.com\/portal\/enem\/o-que-pode-zerar-redacao-enem\/\" target=\"_blank\"><em>O que pode zerar a reda&ccedil;&atilde;o do Enem?<\/em><\/a><\/li>\n<\/ul><h2 class=\"wp-block-heading\" id=\"h-prepare-se-para-a-redacao-com-o-estrategia-vestibulares\"><span class=\"ez-toc-section\" id=\"Prepare-se-para-a-redacao-com-o-Estrategia-Vestibulares\"><\/span>Prepare-se para a reda&ccedil;&atilde;o com o Estrat&eacute;gia Vestibulares<span class=\"ez-toc-section-end\"><\/span><\/h2><p>Voc&ecirc; sabia que o Estrat&eacute;gia Vestibulares oferece corre&ccedil;&otilde;es ilimitadas de reda&ccedil;&otilde;es? Voc&ecirc; estuda com nosso material e treina quantas vezes quiser, sempre recebendo o feedback sobre suas produ&ccedil;&otilde;es. N&atilde;o &eacute; incr&iacute;vel?<\/p><p>Com os cursos da Coruja voc&ecirc; se prepara para o vestibular com um material completo e atualizado, aulas din&acirc;micas e funcionais, al&eacute;m de contar com Banco de Quest&otilde;es, revis&otilde;es de v&eacute;spera, salas VIP, monitorias e muito mais.<\/p><p>\n\n\n\n\n\n<a id=\"cta\" class=\"cta-imagem\" href=\"https:\/\/vestibulares.estrategia.com\/cursos\/\" target=\"blank\">\n                <img decoding=\"async\" width=\"100%\" src=\"https:\/\/vestibulares.estrategia.com\/portal\/wp-content\/uploads\/2025\/07\/ESTRATEGIA-2.jpg\" alt=\"\" title=\"ESTRAT\u00c9GIA 2\">\n        <\/a>\n\n\n\n<\/p><h2 class=\"wp-block-heading\" id=\"h-veja-outras-citacoes-para-usar-na-redacao\"><span class=\"ez-toc-section\" id=\"Veja-citacoes-para-usar-na-redacao\"><\/span>Veja cita&ccedil;&otilde;es para usar na reda&ccedil;&atilde;o<span class=\"ez-toc-section-end\"><\/span><\/h2><ul class=\"wp-block-list\">\n<li><a href=\"https:\/\/vestibulares.estrategia.com\/portal\/materias\/redacao\/7-citacoes-repertorio-sociocultural-coringa\/\" target=\"_blank\">Repert&oacute;rio Sociocultural para reda&ccedil;&atilde;o: 7 cita&ccedil;&otilde;es coringa<\/a><\/li>\n\n\n\n<li><a href=\"https:\/\/vestibulares.estrategia.com\/portal\/materias\/redacao\/9-citacoes-sobre-o-orgulho-lgbtqia-para-usar-como-repertorio-sociocultural\/\" target=\"_blank\">9 cita&ccedil;&otilde;es sobre o Orgulho LGBTQIA+ para usar como repert&oacute;rio sociocultural<\/a><\/li>\n\n\n\n<li><a href=\"https:\/\/vestibulares.estrategia.com\/portal\/atualidades-e-dicas\/6-citacoes-sobre-refugiados-para-usar-na-redacao\/\" target=\"_blank\">6 cita&ccedil;&otilde;es sobre refugiados para usar na reda&ccedil;&atilde;o<\/a><\/li>\n\n\n\n<li><a href=\"https:\/\/vestibulares.estrategia.com\/portal\/materias\/redacao\/7-citacoes-sobre-educacao-para-usar-na-redacao\/\" target=\"_blank\">7 cita&ccedil;&otilde;es sobre educa&ccedil;&atilde;o para usar na reda&ccedil;&atilde;o<\/a><\/li>\n\n\n\n<li><a href=\"https:\/\/vestibulares.estrategia.com\/portal\/materias\/redacao\/11-citacoes-sobre-imprensa-para-usar-na-redacao\/\" target=\"_blank\">11 cita&ccedil;&otilde;es sobre imprensa para usar na reda&ccedil;&atilde;o<\/a><\/li>\n\n\n\n<li><a href=\"https:\/\/vestibulares.estrategia.com\/portal\/materias\/redacao\/7-citacoes-sobre-meio-ambiente-para-usar-na-redacao\/\" target=\"_blank\">7 cita&ccedil;&otilde;es sobre meio ambiente para usar na reda&ccedil;&atilde;o<\/a><\/li>\n\n\n\n<li><a href=\"https:\/\/vestibulares.estrategia.com\/portal\/materias\/redacao\/citacoes-filosoficas-redacao\" target=\"_blank\">9 cita&ccedil;&otilde;es filos&oacute;ficas para usar na reda&ccedil;&atilde;o<\/a><\/li>\n\n\n\n<li><a href=\"https:\/\/vestibulares.estrategia.com\/portal\/materias\/historia\/9-frases-marcantes-da-historia-do-brasil\/\" target=\"_blank\">9 frases marcantes na hist&oacute;ria do Brasil<\/a><\/li>\n\n\n\n<li><a href=\"https:\/\/vestibulares.estrategia.com\/portal\/materias\/redacao\/citacoes-desigualdade-social-redacao\/\" target=\"_blank\">15 cita&ccedil;&otilde;es sobre desigualdade social para usar na reda&ccedil;&atilde;o<\/a><\/li>\n\n\n\n<li><a href=\"https:\/\/vestibulares.estrategia.com\/portal\/materias\/redacao\/11-citacoes-sobre-ciencia-para-usar-na-redacao\/\" target=\"_blank\">11 cita&ccedil;&otilde;es sobre ci&ecirc;ncia para usar na reda&ccedil;&atilde;o<\/a><\/li>\n\n\n\n<li><a href=\"https:\/\/vestibulares.estrategia.com\/portal\/atualidades-e-dicas\/dia-internacional-nelson-mandela-veja-citacoes-e-questoes-sobre-o-lider-sul-africano\/\" target=\"_blank\">Nelson Mandela: veja cita&ccedil;&otilde;es e quest&otilde;es sobre o l&iacute;der sul-africano<\/a><\/li>\n\n\n\n<li><a href=\"https:\/\/vestibulares.estrategia.com\/portal\/materias\/redacao\/11-citacoes-sobre-cultura-para-usar-na-redacao\/\" target=\"_blank\">11 cita&ccedil;&otilde;es sobre cultura para usar na reda&ccedil;&atilde;o<\/a><\/li>\n\n\n\n<li><a href=\"https:\/\/vestibulares.estrategia.com\/portal\/materias\/redacao\/7-citacoes-sobre-politica-para-usar-na-redacao\/\">7 cita&ccedil;&otilde;es sobre pol&iacute;tica para usar na reda&ccedil;&atilde;o<\/a><\/li>\n\n\n\n<li><a href=\"https:\/\/vestibulares.estrategia.com\/portal\/materias\/redacao\/7-citacoes-sobre-violencia-para-usar-na-redacao\/\" target=\"_blank\">7 cita&ccedil;&otilde;es sobre viol&ecirc;ncia para usar na reda&ccedil;&atilde;o<\/a><\/li>\n\n\n\n<li><a href=\"https:\/\/vestibulares.estrategia.com\/portal\/materias\/redacao\/11-citacoes-sobre-tecnologia-para-usar-na-redacao\/\" target=\"_blank\">11 cita&ccedil;&otilde;es sobre tecnologia para usar na reda&ccedil;&atilde;o<\/a><\/li>\n\n\n\n<li><a href=\"https:\/\/vestibulares.estrategia.com\/portal\/materias\/redacao\/7-citacoes-sobre-saude-para-usar-como-repertorio-sociocultural-na-redacao\/\" target=\"_blank\">7 cita&ccedil;&otilde;es sobre sa&uacute;de para usar como repert&oacute;rio sociocultural na reda&ccedil;&atilde;o<\/a><\/li>\n\n\n\n<li><a href=\"https:\/\/vestibulares.estrategia.com\/portal\/materias\/redacao\/11-citacoes-sobre-saude-mental-para-usar-na-redacao\/\">11 cita&ccedil;&otilde;es sobre sa&uacute;de m<\/a><a href=\"https:\/\/vestibulares.estrategia.com\/portal\/materias\/redacao\/11-citacoes-sobre-saude-mental-para-usar-na-redacao\/\" target=\"_blank\">e<\/a><a href=\"https:\/\/vestibulares.estrategia.com\/portal\/materias\/redacao\/11-citacoes-sobre-saude-mental-para-usar-na-redacao\/\">ntal para usar na reda&ccedil;&atilde;o<\/a><\/li>\n\n\n\n<li><a href=\"https:\/\/vestibulares.estrategia.com\/portal\/materias\/redacao\/13-citacoes-sobre-trabalho-para-usar-na-redacao\/\" target=\"_blank\">13 cita&ccedil;&otilde;es sobre trabalho para usar na reda&ccedil;&atilde;o<\/a><\/li>\n\n\n\n<li><a href=\"https:\/\/vestibulares.estrategia.com\/portal\/atualidades-e-dicas\/18-frases-da-rainha-elizabeth-ii-para-usar-na-redacao\/\" target=\"_blank\">18 frases da Rainha Elizabeth II que marcaram o seu reinado<\/a><\/li>\n\n\n\n<li><a href=\"https:\/\/vestibulares.estrategia.com\/portal\/materias\/historia\/9-frases-marcantes-da-historia-do-brasil\/\" target=\"_blank\">9 frases marcantes na hist&oacute;ria do Brasil<\/a><\/li>\n\n\n\n<li><a href=\"https:\/\/vestibulares.estrategia.com\/portal\/materias\/redacao\/9-citacoes-sobre-mudancas-climaticas-para-usar-na-redacao\/\" target=\"_blank\">9 cita&ccedil;&otilde;es sobre mudan&ccedil;as clim&aacute;ticas para usar na reda&ccedil;&atilde;o<\/a><\/li>\n\n\n\n<li><a href=\"https:\/\/vestibulares.estrategia.com\/portal\/atualidades-e-dicas\/24-citacoes-de-paulo-freire-sobre-educacao-para-usar-na-redacao\/\" target=\"_blank\">24 cita&ccedil;&otilde;es de Paulo Freire sobre educa&ccedil;&atilde;o para usar na reda&ccedil;&atilde;o<\/a><\/li>\n\n\n\n<li><a href=\"https:\/\/vestibulares.estrategia.com\/portal\/materias\/redacao\/como-nao-usar-citacoes-nas-redacoes-do-enem-e-vestibulares\/\">Como N&Atilde;O usar cita&ccedil;&otilde;es nas reda&ccedil;&otilde;es do Enem e vestibulares<\/a><\/li>\n<\/ul><\/p>\n","protected":false},"excerpt":{"rendered":"De acordo com a Ag\u00eancia da ONU para Refugiados, desde 1985 o Brasil reconheceu cerca de 60 mil pessoas como sendo refugiadas\n","protected":false},"author":48,"featured_media":70144,"comment_status":"closed","ping_status":"closed","sticky":false,"template":"","format":"standard","meta":{"wl_entities_gutenberg":"","footnotes":""},"categories":[2],"tags":[],"wl_entity_type":[732],"class_list":{"0":"post-70143","1":"post","2":"type-post","3":"status-publish","4":"format-standard","5":"has-post-thumbnail","7":"category-redacao","8":"wl_entity_type-article"},"acf":[],"yoast_head":"<!-- This site is optimized with the Yoast SEO Premium plugin v25.9 (Yoast SEO v25.9) - https:\/\/yoast.com\/wordpress\/plugins\/seo\/ -->\n<title>6 cita\u00e7\u00f5es sobre refugiados para usar na reda\u00e7\u00e3o<\/title>\n<meta name=\"description\" content=\"Enrique\u00e7a seu repert\u00f3rio sociocultural com cita\u00e7\u00f5es sobre refugiados para usar na reda\u00e7\u00e3o e prepare-se para a nota m\u00e1xima no vestibular.\" \/>\n<meta name=\"robots\" content=\"index, follow, max-snippet:-1, max-image-preview:large, max-video-preview:-1\" \/>\n<link rel=\"canonical\" href=\"https:\/\/vestibulares.estrategia.com\/portal\/materias\/redacao\/6-citacoes-sobre-refugiados-para-usar-na-redacao\/\" \/>\n<meta property=\"og:locale\" content=\"pt_BR\" \/>\n<meta property=\"og:type\" content=\"article\" \/>\n<meta property=\"og:title\" content=\"6 cita\u00e7\u00f5es sobre refugiados para usar na reda\u00e7\u00e3o\" \/>\n<meta property=\"og:description\" content=\"Enrique\u00e7a seu repert\u00f3rio sociocultural com cita\u00e7\u00f5es sobre refugiados para usar na reda\u00e7\u00e3o e prepare-se para a nota m\u00e1xima no vestibular.\" \/>\n<meta property=\"og:url\" content=\"https:\/\/vestibulares.estrategia.com\/portal\/materias\/redacao\/6-citacoes-sobre-refugiados-para-usar-na-redacao\/\" \/>\n<meta property=\"og:site_name\" content=\"Estrat\u00e9gia Vestibulares\" \/>\n<meta property=\"article:publisher\" content=\"https:\/\/facebook.com\/estrategiavestibulares\" \/>\n<meta property=\"article:published_time\" content=\"2022-06-21T21:49:57+00:00\" \/>\n<meta property=\"article:modified_time\" content=\"2025-11-04T17:32:55+00:00\" \/>\n<meta property=\"og:image\" content=\"https:\/\/vestibulares.estrategia.com\/portal\/wp-content\/uploads\/2022\/06\/6-citacoes-sobre-refugiados-scaled.webp\" \/>\n\t<meta property=\"og:image:width\" content=\"2560\" \/>\n\t<meta property=\"og:image:height\" content=\"1707\" \/>\n\t<meta property=\"og:image:type\" content=\"image\/jpeg\" \/>\n<meta name=\"author\" content=\"Beatriz Santana\" \/>\n<meta name=\"twitter:card\" content=\"summary_large_image\" \/>\n<meta name=\"twitter:creator\" content=\"@Estrategiavest\" \/>\n<meta name=\"twitter:site\" content=\"@Estrategiavest\" \/>\n<meta name=\"twitter:label1\" content=\"Escrito por\" \/>\n\t<meta name=\"twitter:data1\" content=\"Beatriz Santana\" \/>\n\t<meta name=\"twitter:label2\" content=\"Est. tempo de leitura\" \/>\n\t<meta name=\"twitter:data2\" content=\"6 minutos\" \/>\n<script type=\"application\/ld+json\" class=\"yoast-schema-graph\">{\"@context\":\"https:\/\/schema.org\",\"@graph\":[{\"@type\":\"Article\",\"@id\":\"https:\/\/vestibulares.estrategia.com\/portal\/materias\/redacao\/6-citacoes-sobre-refugiados-para-usar-na-redacao\/#article\",\"isPartOf\":{\"@id\":\"https:\/\/vestibulares.estrategia.com\/portal\/materias\/redacao\/6-citacoes-sobre-refugiados-para-usar-na-redacao\/\"},\"author\":{\"name\":\"Beatriz Santana\",\"@id\":\"https:\/\/vestibulares.estrategia.com\/portal\/#\/schema\/person\/cdd941dcf53839374c0bc8d39bb0230f\"},\"headline\":\"6 cita\u00e7\u00f5es sobre refugiados para usar na reda\u00e7\u00e3o\",\"datePublished\":\"2022-06-21T21:49:57+00:00\",\"dateModified\":\"2025-11-04T17:32:55+00:00\",\"mainEntityOfPage\":{\"@id\":\"https:\/\/vestibulares.estrategia.com\/portal\/materias\/redacao\/6-citacoes-sobre-refugiados-para-usar-na-redacao\/\"},\"wordCount\":1213,\"publisher\":{\"@id\":\"https:\/\/vestibulares.estrategia.com\/portal\/#organization\"},\"image\":{\"@id\":\"https:\/\/vestibulares.estrategia.com\/portal\/materias\/redacao\/6-citacoes-sobre-refugiados-para-usar-na-redacao\/#primaryimage\"},\"thumbnailUrl\":\"https:\/\/vestibulares.estrategia.com\/portal\/wp-content\/uploads\/2022\/06\/6-citacoes-sobre-refugiados-scaled.webp\",\"articleSection\":[\"Reda\u00e7\u00e3o\"],\"inLanguage\":\"pt-BR\"},{\"@type\":\"WebPage\",\"@id\":\"https:\/\/vestibulares.estrategia.com\/portal\/materias\/redacao\/6-citacoes-sobre-refugiados-para-usar-na-redacao\/\",\"url\":\"https:\/\/vestibulares.estrategia.com\/portal\/materias\/redacao\/6-citacoes-sobre-refugiados-para-usar-na-redacao\/\",\"name\":\"6 cita\u00e7\u00f5es sobre refugiados para usar na reda\u00e7\u00e3o\",\"isPartOf\":{\"@id\":\"https:\/\/vestibulares.estrategia.com\/portal\/#website\"},\"primaryImageOfPage\":{\"@id\":\"https:\/\/vestibulares.estrategia.com\/portal\/materias\/redacao\/6-citacoes-sobre-refugiados-para-usar-na-redacao\/#primaryimage\"},\"image\":{\"@id\":\"https:\/\/vestibulares.estrategia.com\/portal\/materias\/redacao\/6-citacoes-sobre-refugiados-para-usar-na-redacao\/#primaryimage\"},\"thumbnailUrl\":\"https:\/\/vestibulares.estrategia.com\/portal\/wp-content\/uploads\/2022\/06\/6-citacoes-sobre-refugiados-scaled.webp\",\"datePublished\":\"2022-06-21T21:49:57+00:00\",\"dateModified\":\"2025-11-04T17:32:55+00:00\",\"description\":\"Enrique\u00e7a seu repert\u00f3rio sociocultural com cita\u00e7\u00f5es sobre refugiados para usar na reda\u00e7\u00e3o e prepare-se para a nota m\u00e1xima no vestibular.\",\"breadcrumb\":{\"@id\":\"https:\/\/vestibulares.estrategia.com\/portal\/materias\/redacao\/6-citacoes-sobre-refugiados-para-usar-na-redacao\/#breadcrumb\"},\"inLanguage\":\"pt-BR\",\"potentialAction\":[{\"@type\":\"ReadAction\",\"target\":[\"https:\/\/vestibulares.estrategia.com\/portal\/materias\/redacao\/6-citacoes-sobre-refugiados-para-usar-na-redacao\/\"]}]},{\"@type\":\"ImageObject\",\"inLanguage\":\"pt-BR\",\"@id\":\"https:\/\/vestibulares.estrategia.com\/portal\/materias\/redacao\/6-citacoes-sobre-refugiados-para-usar-na-redacao\/#primaryimage\",\"url\":\"https:\/\/vestibulares.estrategia.com\/portal\/wp-content\/uploads\/2022\/06\/6-citacoes-sobre-refugiados-scaled.webp\",\"contentUrl\":\"https:\/\/vestibulares.estrategia.com\/portal\/wp-content\/uploads\/2022\/06\/6-citacoes-sobre-refugiados-scaled.webp\",\"width\":2560,\"height\":1707},{\"@type\":\"BreadcrumbList\",\"@id\":\"https:\/\/vestibulares.estrategia.com\/portal\/materias\/redacao\/6-citacoes-sobre-refugiados-para-usar-na-redacao\/#breadcrumb\",\"itemListElement\":[{\"@type\":\"ListItem\",\"position\":1,\"name\":\"Home\",\"item\":\"https:\/\/vestibulares.estrategia.com\/portal\/\"},{\"@type\":\"ListItem\",\"position\":2,\"name\":\"Mat\u00e9rias\",\"item\":\"https:\/\/vestibulares.estrategia.com\/portal\/materias\/\"},{\"@type\":\"ListItem\",\"position\":3,\"name\":\"Reda\u00e7\u00e3o\",\"item\":\"https:\/\/vestibulares.estrategia.com\/portal\/materias\/redacao\/\"},{\"@type\":\"ListItem\",\"position\":4,\"name\":\"6 cita\u00e7\u00f5es sobre refugiados para usar na reda\u00e7\u00e3o\"}]},{\"@type\":\"WebSite\",\"@id\":\"https:\/\/vestibulares.estrategia.com\/portal\/#website\",\"url\":\"https:\/\/vestibulares.estrategia.com\/portal\/\",\"name\":\"Estrat\u00e9gia Vestibulares\",\"description\":\"\",\"publisher\":{\"@id\":\"https:\/\/vestibulares.estrategia.com\/portal\/#organization\"},\"potentialAction\":[{\"@type\":\"SearchAction\",\"target\":{\"@type\":\"EntryPoint\",\"urlTemplate\":\"https:\/\/vestibulares.estrategia.com\/portal\/?s={search_term_string}\"},\"query-input\":{\"@type\":\"PropertyValueSpecification\",\"valueRequired\":true,\"valueName\":\"search_term_string\"}}],\"inLanguage\":\"pt-BR\"},{\"@type\":\"Organization\",\"@id\":\"https:\/\/vestibulares.estrategia.com\/portal\/#organization\",\"name\":\"Estrat\u00e9gia Vestibulares\",\"url\":\"https:\/\/vestibulares.estrategia.com\/portal\/\",\"logo\":{\"@type\":\"ImageObject\",\"inLanguage\":\"pt-BR\",\"@id\":\"https:\/\/vestibulares.estrategia.com\/portal\/#\/schema\/logo\/image\/\",\"url\":\"https:\/\/vestibulares.estrategia.com\/portal\/wp-content\/uploads\/2021\/06\/Logo-Vestibulares@4x.png\",\"contentUrl\":\"https:\/\/vestibulares.estrategia.com\/portal\/wp-content\/uploads\/2021\/06\/Logo-Vestibulares@4x.png\",\"width\":250,\"height\":66,\"caption\":\"Estrat\u00e9gia Vestibulares\"},\"image\":{\"@id\":\"https:\/\/vestibulares.estrategia.com\/portal\/#\/schema\/logo\/image\/\"},\"sameAs\":[\"https:\/\/facebook.com\/estrategiavestibulares\",\"https:\/\/x.com\/Estrategiavest\",\"https:\/\/www.instagram.com\/estrategiavestibulares\",\"https:\/\/www.youtube.com\/channel\/UCGWdZy8ULI-7_5GrABa4vNA\"]},{\"@type\":\"Person\",\"@id\":\"https:\/\/vestibulares.estrategia.com\/portal\/#\/schema\/person\/cdd941dcf53839374c0bc8d39bb0230f\",\"name\":\"Beatriz Santana\",\"image\":{\"@type\":\"ImageObject\",\"inLanguage\":\"pt-BR\",\"@id\":\"https:\/\/vestibulares.estrategia.com\/portal\/#\/schema\/person\/image\/\",\"url\":\"https:\/\/vestibulares.estrategia.com\/portal\/wp-content\/uploads\/2022\/01\/WhatsApp-Image-2021-10-21-at-10.19.09-1-150x150.webp\",\"contentUrl\":\"https:\/\/vestibulares.estrategia.com\/portal\/wp-content\/uploads\/2022\/01\/WhatsApp-Image-2021-10-21-at-10.19.09-1-150x150.webp\",\"caption\":\"Beatriz Santana\"},\"description\":\"Jornalista formada pela Unesp\",\"url\":\"https:\/\/vestibulares.estrategia.com\/portal\/author\/beatriz-santana\/\"}]}<\/script>\n<!-- \/ Yoast SEO Premium plugin. -->","yoast_head_json":{"title":"6 cita\u00e7\u00f5es sobre refugiados para usar na reda\u00e7\u00e3o","description":"Enrique\u00e7a seu repert\u00f3rio sociocultural com cita\u00e7\u00f5es sobre refugiados para usar na reda\u00e7\u00e3o e prepare-se para a nota m\u00e1xima no vestibular.","robots":{"index":"index","follow":"follow","max-snippet":"max-snippet:-1","max-image-preview":"max-image-preview:large","max-video-preview":"max-video-preview:-1"},"canonical":"https:\/\/vestibulares.estrategia.com\/portal\/materias\/redacao\/6-citacoes-sobre-refugiados-para-usar-na-redacao\/","og_locale":"pt_BR","og_type":"article","og_title":"6 cita\u00e7\u00f5es sobre refugiados para usar na reda\u00e7\u00e3o","og_description":"Enrique\u00e7a seu repert\u00f3rio sociocultural com cita\u00e7\u00f5es sobre refugiados para usar na reda\u00e7\u00e3o e prepare-se para a nota m\u00e1xima no vestibular.","og_url":"https:\/\/vestibulares.estrategia.com\/portal\/materias\/redacao\/6-citacoes-sobre-refugiados-para-usar-na-redacao\/","og_site_name":"Estrat\u00e9gia Vestibulares","article_publisher":"https:\/\/facebook.com\/estrategiavestibulares","article_published_time":"2022-06-21T21:49:57+00:00","article_modified_time":"2025-11-04T17:32:55+00:00","og_image":[{"width":2560,"height":1707,"url":"https:\/\/vestibulares.estrategia.com\/portal\/wp-content\/uploads\/2022\/06\/6-citacoes-sobre-refugiados-scaled.webp","type":"image\/jpeg"}],"author":"Beatriz Santana","twitter_card":"summary_large_image","twitter_creator":"@Estrategiavest","twitter_site":"@Estrategiavest","twitter_misc":{"Escrito por":"Beatriz Santana","Est. tempo de leitura":"6 minutos"},"schema":{"@context":"https:\/\/schema.org","@graph":[{"@type":"Article","@id":"https:\/\/vestibulares.estrategia.com\/portal\/materias\/redacao\/6-citacoes-sobre-refugiados-para-usar-na-redacao\/#article","isPartOf":{"@id":"https:\/\/vestibulares.estrategia.com\/portal\/materias\/redacao\/6-citacoes-sobre-refugiados-para-usar-na-redacao\/"},"author":{"name":"Beatriz Santana","@id":"https:\/\/vestibulares.estrategia.com\/portal\/#\/schema\/person\/cdd941dcf53839374c0bc8d39bb0230f"},"headline":"6 cita\u00e7\u00f5es sobre refugiados para usar na reda\u00e7\u00e3o","datePublished":"2022-06-21T21:49:57+00:00","dateModified":"2025-11-04T17:32:55+00:00","mainEntityOfPage":{"@id":"https:\/\/vestibulares.estrategia.com\/portal\/materias\/redacao\/6-citacoes-sobre-refugiados-para-usar-na-redacao\/"},"wordCount":1213,"publisher":{"@id":"https:\/\/vestibulares.estrategia.com\/portal\/#organization"},"image":{"@id":"https:\/\/vestibulares.estrategia.com\/portal\/materias\/redacao\/6-citacoes-sobre-refugiados-para-usar-na-redacao\/#primaryimage"},"thumbnailUrl":"https:\/\/vestibulares.estrategia.com\/portal\/wp-content\/uploads\/2022\/06\/6-citacoes-sobre-refugiados-scaled.webp","articleSection":["Reda\u00e7\u00e3o"],"inLanguage":"pt-BR"},{"@type":"WebPage","@id":"https:\/\/vestibulares.estrategia.com\/portal\/materias\/redacao\/6-citacoes-sobre-refugiados-para-usar-na-redacao\/","url":"https:\/\/vestibulares.estrategia.com\/portal\/materias\/redacao\/6-citacoes-sobre-refugiados-para-usar-na-redacao\/","name":"6 cita\u00e7\u00f5es sobre refugiados para usar na reda\u00e7\u00e3o","isPartOf":{"@id":"https:\/\/vestibulares.estrategia.com\/portal\/#website"},"primaryImageOfPage":{"@id":"https:\/\/vestibulares.estrategia.com\/portal\/materias\/redacao\/6-citacoes-sobre-refugiados-para-usar-na-redacao\/#primaryimage"},"image":{"@id":"https:\/\/vestibulares.estrategia.com\/portal\/materias\/redacao\/6-citacoes-sobre-refugiados-para-usar-na-redacao\/#primaryimage"},"thumbnailUrl":"https:\/\/vestibulares.estrategia.com\/portal\/wp-content\/uploads\/2022\/06\/6-citacoes-sobre-refugiados-scaled.webp","datePublished":"2022-06-21T21:49:57+00:00","dateModified":"2025-11-04T17:32:55+00:00","description":"Enrique\u00e7a seu repert\u00f3rio sociocultural com cita\u00e7\u00f5es sobre refugiados para usar na reda\u00e7\u00e3o e prepare-se para a nota m\u00e1xima no vestibular.","breadcrumb":{"@id":"https:\/\/vestibulares.estrategia.com\/portal\/materias\/redacao\/6-citacoes-sobre-refugiados-para-usar-na-redacao\/#breadcrumb"},"inLanguage":"pt-BR","potentialAction":[{"@type":"ReadAction","target":["https:\/\/vestibulares.estrategia.com\/portal\/materias\/redacao\/6-citacoes-sobre-refugiados-para-usar-na-redacao\/"]}]},{"@type":"ImageObject","inLanguage":"pt-BR","@id":"https:\/\/vestibulares.estrategia.com\/portal\/materias\/redacao\/6-citacoes-sobre-refugiados-para-usar-na-redacao\/#primaryimage","url":"https:\/\/vestibulares.estrategia.com\/portal\/wp-content\/uploads\/2022\/06\/6-citacoes-sobre-refugiados-scaled.webp","contentUrl":"https:\/\/vestibulares.estrategia.com\/portal\/wp-content\/uploads\/2022\/06\/6-citacoes-sobre-refugiados-scaled.webp","width":2560,"height":1707},{"@type":"BreadcrumbList","@id":"https:\/\/vestibulares.estrategia.com\/portal\/materias\/redacao\/6-citacoes-sobre-refugiados-para-usar-na-redacao\/#breadcrumb","itemListElement":[{"@type":"ListItem","position":1,"name":"Home","item":"https:\/\/vestibulares.estrategia.com\/portal\/"},{"@type":"ListItem","position":2,"name":"Mat\u00e9rias","item":"https:\/\/vestibulares.estrategia.com\/portal\/materias\/"},{"@type":"ListItem","position":3,"name":"Reda\u00e7\u00e3o","item":"https:\/\/vestibulares.estrategia.com\/portal\/materias\/redacao\/"},{"@type":"ListItem","position":4,"name":"6 cita\u00e7\u00f5es sobre refugiados para usar na reda\u00e7\u00e3o"}]},{"@type":"WebSite","@id":"https:\/\/vestibulares.estrategia.com\/portal\/#website","url":"https:\/\/vestibulares.estrategia.com\/portal\/","name":"Estrat\u00e9gia Vestibulares","description":"","publisher":{"@id":"https:\/\/vestibulares.estrategia.com\/portal\/#organization"},"potentialAction":[{"@type":"SearchAction","target":{"@type":"EntryPoint","urlTemplate":"https:\/\/vestibulares.estrategia.com\/portal\/?s={search_term_string}"},"query-input":{"@type":"PropertyValueSpecification","valueRequired":true,"valueName":"search_term_string"}}],"inLanguage":"pt-BR"},{"@type":"Organization","@id":"https:\/\/vestibulares.estrategia.com\/portal\/#organization","name":"Estrat\u00e9gia Vestibulares","url":"https:\/\/vestibulares.estrategia.com\/portal\/","logo":{"@type":"ImageObject","inLanguage":"pt-BR","@id":"https:\/\/vestibulares.estrategia.com\/portal\/#\/schema\/logo\/image\/","url":"https:\/\/vestibulares.estrategia.com\/portal\/wp-content\/uploads\/2021\/06\/Logo-Vestibulares@4x.png","contentUrl":"https:\/\/vestibulares.estrategia.com\/portal\/wp-content\/uploads\/2021\/06\/Logo-Vestibulares@4x.png","width":250,"height":66,"caption":"Estrat\u00e9gia Vestibulares"},"image":{"@id":"https:\/\/vestibulares.estrategia.com\/portal\/#\/schema\/logo\/image\/"},"sameAs":["https:\/\/facebook.com\/estrategiavestibulares","https:\/\/x.com\/Estrategiavest","https:\/\/www.instagram.com\/estrategiavestibulares","https:\/\/www.youtube.com\/channel\/UCGWdZy8ULI-7_5GrABa4vNA"]},{"@type":"Person","@id":"https:\/\/vestibulares.estrategia.com\/portal\/#\/schema\/person\/cdd941dcf53839374c0bc8d39bb0230f","name":"Beatriz Santana","image":{"@type":"ImageObject","inLanguage":"pt-BR","@id":"https:\/\/vestibulares.estrategia.com\/portal\/#\/schema\/person\/image\/","url":"https:\/\/vestibulares.estrategia.com\/portal\/wp-content\/uploads\/2022\/01\/WhatsApp-Image-2021-10-21-at-10.19.09-1-150x150.webp","contentUrl":"https:\/\/vestibulares.estrategia.com\/portal\/wp-content\/uploads\/2022\/01\/WhatsApp-Image-2021-10-21-at-10.19.09-1-150x150.webp","caption":"Beatriz Santana"},"description":"Jornalista formada pela Unesp","url":"https:\/\/vestibulares.estrategia.com\/portal\/author\/beatriz-santana\/"}]}},"_wl_alt_label":[],"wl:entity_url":"https:\/\/data.wordlift.io\/wl110249\/post\/6-citacoes-sobre-refugiados-para-usar-na-redacao","_links":{"self":[{"href":"https:\/\/vestibulares.estrategia.com\/portal\/wp-json\/wp\/v2\/posts\/70143","targetHints":{"allow":["GET"]}}],"collection":[{"href":"https:\/\/vestibulares.estrategia.com\/portal\/wp-json\/wp\/v2\/posts"}],"about":[{"href":"https:\/\/vestibulares.estrategia.com\/portal\/wp-json\/wp\/v2\/types\/post"}],"author":[{"embeddable":true,"href":"https:\/\/vestibulares.estrategia.com\/portal\/wp-json\/wp\/v2\/users\/48"}],"replies":[{"embeddable":true,"href":"https:\/\/vestibulares.estrategia.com\/portal\/wp-json\/wp\/v2\/comments?post=70143"}],"version-history":[{"count":5,"href":"https:\/\/vestibulares.estrategia.com\/portal\/wp-json\/wp\/v2\/posts\/70143\/revisions"}],"predecessor-version":[{"id":147830,"href":"https:\/\/vestibulares.estrategia.com\/portal\/wp-json\/wp\/v2\/posts\/70143\/revisions\/147830"}],"wp:featuredmedia":[{"embeddable":true,"href":"https:\/\/vestibulares.estrategia.com\/portal\/wp-json\/wp\/v2\/media\/70144"}],"wp:attachment":[{"href":"https:\/\/vestibulares.estrategia.com\/portal\/wp-json\/wp\/v2\/media?parent=70143"}],"wp:term":[{"taxonomy":"category","embeddable":true,"href":"https:\/\/vestibulares.estrategia.com\/portal\/wp-json\/wp\/v2\/categories?post=70143"},{"taxonomy":"post_tag","embeddable":true,"href":"https:\/\/vestibulares.estrategia.com\/portal\/wp-json\/wp\/v2\/tags?post=70143"},{"taxonomy":"wl_entity_type","embeddable":true,"href":"https:\/\/vestibulares.estrategia.com\/portal\/wp-json\/wp\/v2\/wl_entity_type?post=70143"}],"curies":[{"name":"wp","href":"https:\/\/api.w.org\/{rel}","templated":true}]}}