{"id":71670,"date":"2022-07-13T18:57:26","date_gmt":"2022-07-13T21:57:26","guid":{"rendered":"https:\/\/vestibulares.estrategia.com\/portal\/?p=71670"},"modified":"2025-11-03T16:41:41","modified_gmt":"2025-11-03T19:41:41","slug":"11-citacoes-sobre-ciencia-para-usar-na-redacao","status":"publish","type":"post","link":"https:\/\/vestibulares.estrategia.com\/portal\/materias\/redacao\/11-citacoes-sobre-ciencia-para-usar-na-redacao\/","title":{"rendered":"11 cita\u00e7\u00f5es sobre ci\u00eancia para usar na reda\u00e7\u00e3o"},"content":{"rendered":"<p>T&aacute; precisando enriquecer seu repert&oacute;rio de cita&ccedil;&otilde;es? Ent&atilde;o hoje &eacute; seu dia de sorte! O Portal do Estrat&eacute;gia Vestibulares listou 11 cita&ccedil;&otilde;es sobre ci&ecirc;ncia para usar na reda&ccedil;&atilde;o. As frases s&atilde;o de grandes nomes do ramo e voc&ecirc; ainda pode conhecer melhor os feitos de cada um deles.<p>Mas antes de dar uma olhada nas cita&ccedil;&otilde;es, aqui vai uma dica sobre a defini&ccedil;&atilde;o de &ldquo;ci&ecirc;ncia&rdquo;, mesmo parecendo um conceito abstrato, o significado &eacute; bem concreto, viu? A palavra ci&ecirc;ncia vem do Latim <em>scientia<\/em>, que significa &ldquo;conhecimento&rdquo; ou &ldquo;saber&rdquo;. Ela diz respeito a todo o conhecimento adquirido a partir de um estudo ou pr&aacute;tica, respeitando o <a href=\"https:\/\/vestibulares.estrategia.com\/portal\/materias\/quimica\/metodo-cientifico\/\" target=\"_blank\">m&eacute;todo cient&iacute;fico<\/a>.&nbsp;<\/p><p>Reda&ccedil;&otilde;es como a que foi tema do vestibular da Fuvest em 2020, &ldquo;O papel da ci&ecirc;ncia no mundo contempor&acirc;neo&rdquo;, ou a da reaplica&ccedil;&atilde;o do Exame Nacional do Ensino M&eacute;dio (Enem) 2021, &ldquo;Reconhecimento da Contribui&ccedil;&atilde;o das Mulheres nas Ci&ecirc;ncias da Sa&uacute;de no Brasil&rdquo;, podem exigir um repert&oacute;rio bem completo sobre o tema. Aproveite a lista a seguir e bons estudos.<\/p><p>\n\n\n\n<div id=\"new-form\">\n\t<form id=\"forms_layout\">\n\t<input type=\"hidden\" id=\"chave_de\" name=\"chave_de\" value=\"01_EVEST_LEADS_TOTAIS\" \/>\n\t\t<input type=\"hidden\" id=\"mid\" name=\"mid\" value=\"515008983\" \/>\n\t\t<input type=\"hidden\" id=\"Objetivo\" name=\"Objetivo\" value=\"Vestibulares\" \/>\n\t\t<input type=\"hidden\" id=\"Estado_de_Origem_do_IP\" name=\"Estado_de_Origem_do_IP\"  value=\"\" \/>\n\t\t<input type=\"hidden\" id=\"Cidade_de_Origem_do_IP\" name=\"Cidade_de_Origem_do_IP\" value=\"\" \/>\n\t\t<input type=\"hidden\" id=\"Modo_de_entrada\" name=\"Modo_de_entrada\" value=\"Portal\" \/>\n\t\t<input type=\"hidden\" id=\"Pagina_Origem\" name=\"Pagina_Origem\" value=\"\" \/>\n\n\t\t<div class=\"texto\">\n\t\t\t<h3 class=\"news\">Inscreva-se em nossa newsletter\ud83e\udd89<\/h3>\n\t\t\t<p>Receba dicas de estudo gratuitas e saiba em primeira m\u00e3o as novidades sobre o Enem, Sisu, Encceja, Fuvest e outros vestibulares!<\/p>\n\t\t<\/div>\n\t\t<div class=\"campos\">\n\t\t\t<div class=\"first_name labels\">\n\t\t\t\t<input type=\"text\" class=\"input_labels\" id=\"first_name\" name=\"Nome_Completo\" placeholder=\"Nome\" required \/>\n\t\t\t<\/div>\n\t\t\t<div class=\"email labels\">\n\t\t\t\t<input type=\"email\" class=\"input_labels\" id=\"email\" name=\"Email\" placeholder=\"E-mail\" required \/>\n\t\t\t<\/div>\n\t\t\t<button type=\"submit\" class=\"button_layout\">\n\t\t\t\t<div id=\"lblBotao\">Inscreva-se<\/div>\n\t\t\t\t<span id=\"divSpiner\" class=\"loader\" role=\"status\" style=\"display: none;\"><\/span>\t\n\t\t\t<\/button>\n\t\t<\/div><!-- \/campos -->\n\t\t\n\t\t<label class=\"container_checkbox\">Voc\u00ea concorda com a nossa\n\t\t\t<a class=\"politics_privacy_ahref\" target=\"_blank\" href=\"https:\/\/gratis.estrategiaconcursos.com.br\/politica-de-privacidade\/\">Pol\u00edtica de Privacidade<\/a> e aceita receber informa\u00e7\u00f5es adicionais do Estrat\u00e9gia Educacional.\n\t\t\t<input id=\"checkbox_layout\" type=\"checkbox\" checked=\"checked\" required \/>\n\t\t\t<span class=\"checkbox\"><\/span>\n\t\t<\/label>\n\t\t<div id=\"msg\"><\/div>\n\t\t<div id=\"error\" class=\"error\">\n\t\t<\/div>\n\t<\/form>\n<\/div><!-- \/new-form -->\n\n\n\n<\/p><div id=\"ez-toc-container\" class=\"ez-toc-v2_0_76 counter-hierarchy ez-toc-counter ez-toc-transparent ez-toc-container-direction\">\n<div class=\"ez-toc-title-container\"><p class=\"ez-toc-title\" style=\"cursor:inherit\">Navegue pelo conte\u00fado<\/p>\n<\/div><nav><ul class='ez-toc-list ez-toc-list-level-1 ' ><li class='ez-toc-page-1 ez-toc-heading-level-2'><a class=\"ez-toc-link ez-toc-heading-1\" href=\"https:\/\/vestibulares.estrategia.com\/portal\/materias\/redacao\/11-citacoes-sobre-ciencia-para-usar-na-redacao\/#1-%E2%80%9CToda-a-nossa-ciencia-comparada-com-a-realidade-e-primitiva-e-infantil-%E2%80%93-e-no-entanto-e-a-coisa-mais-preciosa-que-temos%E2%80%9D-%E2%80%94-Albert-Einstein\" >1- &ldquo;Toda a nossa ci&ecirc;ncia, comparada com a realidade, &eacute; primitiva e infantil &ndash; e, no entanto, &eacute; a coisa mais preciosa que temos.&rdquo; &mdash; Albert Einstein<\/a><\/li><li class='ez-toc-page-1 ez-toc-heading-level-2'><a class=\"ez-toc-link ez-toc-heading-2\" href=\"https:\/\/vestibulares.estrategia.com\/portal\/materias\/redacao\/11-citacoes-sobre-ciencia-para-usar-na-redacao\/#2-%E2%80%9CNao-ha-nada-a-temer-na-vida-apenas-tratar-de-compreender%E2%80%9D-%E2%80%94-Marie-Curie\" >2- &ldquo;N&atilde;o h&aacute; nada a temer na vida, apenas tratar de compreender.&rdquo; &mdash; Marie Curie<\/a><\/li><li class='ez-toc-page-1 ez-toc-heading-level-2'><a class=\"ez-toc-link ez-toc-heading-3\" href=\"https:\/\/vestibulares.estrategia.com\/portal\/materias\/redacao\/11-citacoes-sobre-ciencia-para-usar-na-redacao\/#3-%E2%80%9CO-comeco-de-todas-as-ciencias-e-o-espanto-de-as-coisas-serem-o-que-sao%E2%80%9D-%E2%80%94-Aristoteles\" >3- &ldquo;O come&ccedil;o de todas as ci&ecirc;ncias &eacute; o espanto de as coisas serem o que s&atilde;o.&rdquo; &mdash; Arist&oacute;teles<\/a><\/li><li class='ez-toc-page-1 ez-toc-heading-level-2'><a class=\"ez-toc-link ez-toc-heading-4\" href=\"https:\/\/vestibulares.estrategia.com\/portal\/materias\/redacao\/11-citacoes-sobre-ciencia-para-usar-na-redacao\/#4-%E2%80%9CExistem-muitas-hipoteses-em-ciencia-que-estao-erradas-Isso-e-perfeitamente-aceitavel-elas-sao-a-abertura-para-achar-as-que-estao-certas%E2%80%9D-%E2%80%94-Carl-Sagan\" >4- &ldquo;Existem muitas hip&oacute;teses em ci&ecirc;ncia que est&atilde;o erradas. Isso &eacute; perfeitamente aceit&aacute;vel, elas s&atilde;o a abertura para achar as que est&atilde;o certas.&rdquo; &mdash; Carl Sagan<\/a><\/li><li class='ez-toc-page-1 ez-toc-heading-level-2'><a class=\"ez-toc-link ez-toc-heading-5\" href=\"https:\/\/vestibulares.estrategia.com\/portal\/materias\/redacao\/11-citacoes-sobre-ciencia-para-usar-na-redacao\/#5-%E2%80%9CA-ciencia-progride-quando-as-observacoes-nos-forcam-a-mudar-as-nossas-ideias-preconcebidas%E2%80%9D-%E2%80%94-Vera-Rubin\" >5- &ldquo;A ci&ecirc;ncia progride quando as observa&ccedil;&otilde;es nos for&ccedil;am a mudar as nossas ideias preconcebidas.&rdquo; &mdash;&nbsp; Vera Rubin<\/a><\/li><li class='ez-toc-page-1 ez-toc-heading-level-2'><a class=\"ez-toc-link ez-toc-heading-6\" href=\"https:\/\/vestibulares.estrategia.com\/portal\/materias\/redacao\/11-citacoes-sobre-ciencia-para-usar-na-redacao\/#6-%E2%80%9CHa-verdadeiramente-duas-coisas-diferentes-saber-e-crer-que-se-sabe-A-ciencia-consiste-em-saber-em-crer-que-se-sabe-reside-a-ignorancia%E2%80%9D-%E2%80%94-Hipocrates\" >6- &ldquo;H&aacute; verdadeiramente duas coisas diferentes: saber e crer que se sabe. A ci&ecirc;ncia consiste em saber; em crer que se sabe reside a ignor&acirc;ncia.&rdquo; &mdash; Hip&oacute;crates<\/a><\/li><li class='ez-toc-page-1 ez-toc-heading-level-2'><a class=\"ez-toc-link ez-toc-heading-7\" href=\"https:\/\/vestibulares.estrategia.com\/portal\/materias\/redacao\/11-citacoes-sobre-ciencia-para-usar-na-redacao\/#7-%E2%80%9CO-cientista-nao-e-a-pessoa-que-da-as-respostas-certas-mas-quem-faz-as-perguntas-certas%E2%80%9D-%E2%80%94-Claude-Levi-Strauss\" >7- &ldquo;O cientista n&atilde;o &eacute; a pessoa que d&aacute; as respostas certas, mas quem faz as perguntas certas.&rdquo; &mdash; Claude L&eacute;vi-Strauss<\/a><\/li><li class='ez-toc-page-1 ez-toc-heading-level-2'><a class=\"ez-toc-link ez-toc-heading-8\" href=\"https:\/\/vestibulares.estrategia.com\/portal\/materias\/redacao\/11-citacoes-sobre-ciencia-para-usar-na-redacao\/#8-%E2%80%9CA-ciencia-e-a-chave-do-nosso-futuro-e-se-voce-nao-acredita-em-ciencia-esta-nos-impedindo%E2%80%9D-%E2%80%94-Bill-Nye\" >8- &ldquo;A ci&ecirc;ncia &eacute; a chave do nosso futuro e, se voc&ecirc; n&atilde;o acredita em ci&ecirc;ncia, est&aacute; nos impedindo.&rdquo; &mdash; Bill Nye<\/a><\/li><li class='ez-toc-page-1 ez-toc-heading-level-2'><a class=\"ez-toc-link ez-toc-heading-9\" href=\"https:\/\/vestibulares.estrategia.com\/portal\/materias\/redacao\/11-citacoes-sobre-ciencia-para-usar-na-redacao\/#9-%E2%80%9CA-ciencia-e-a-vida-cotidiana-nao-podem-e-nao-devem-ser-separadas%E2%80%9D-%E2%80%94-Rosalind-Franklin\" >9- &ldquo;A ci&ecirc;ncia e a vida cotidiana n&atilde;o podem e n&atilde;o devem ser separadas.&rdquo; &mdash; Rosalind Franklin<\/a><\/li><li class='ez-toc-page-1 ez-toc-heading-level-2'><a class=\"ez-toc-link ez-toc-heading-10\" href=\"https:\/\/vestibulares.estrategia.com\/portal\/materias\/redacao\/11-citacoes-sobre-ciencia-para-usar-na-redacao\/#10-%E2%80%9CNada-se-compara-a-ser-a-primeira-pessoa-da-historia-do-mundo-a-compreender-algo%E2%80%9D-Cecilia-Payne-Gaposchkin\" >10- &ldquo;Nada se compara a ser a primeira pessoa da hist&oacute;ria do mundo a compreender algo.&rdquo; Cecilia Payne-Gaposchkin<\/a><\/li><li class='ez-toc-page-1 ez-toc-heading-level-2'><a class=\"ez-toc-link ez-toc-heading-11\" href=\"https:\/\/vestibulares.estrategia.com\/portal\/materias\/redacao\/11-citacoes-sobre-ciencia-para-usar-na-redacao\/#11-%E2%80%9CA-ignorancia-gera-mais-confianca-do-que-o-conhecimento-sao-os-que-sabem-pouco-e-nao-os-que-sabem-muito-que-afirmam-positivamente-que-esse-ou-aquele-problema-nunca-pode-ser-resolvido-pela-ciencia%E2%80%9D-%E2%80%94-Charles-Darwin\" >11- &ldquo;A ignor&acirc;ncia gera mais confian&ccedil;a do que o conhecimento: s&atilde;o os que sabem pouco, e n&atilde;o os que sabem muito, que afirmam positivamente que esse ou aquele problema nunca pode ser resolvido pela ci&ecirc;ncia.&rdquo;&nbsp; &mdash;&nbsp; Charles Darwin<\/a><\/li><li class='ez-toc-page-1 ez-toc-heading-level-2'><a class=\"ez-toc-link ez-toc-heading-12\" href=\"https:\/\/vestibulares.estrategia.com\/portal\/materias\/redacao\/11-citacoes-sobre-ciencia-para-usar-na-redacao\/#Leia-mais-sobre-redacao\" >Leia mais sobre reda&ccedil;&atilde;o:<\/a><\/li><li class='ez-toc-page-1 ez-toc-heading-level-2'><a class=\"ez-toc-link ez-toc-heading-13\" href=\"https:\/\/vestibulares.estrategia.com\/portal\/materias\/redacao\/11-citacoes-sobre-ciencia-para-usar-na-redacao\/#Prepare-se-para-a-redacao-com-o-Estrategia-Vestibulares\" >Prepare-se para a reda&ccedil;&atilde;o com o Estrat&eacute;gia Vestibulares<\/a><\/li><li class='ez-toc-page-1 ez-toc-heading-level-2'><a class=\"ez-toc-link ez-toc-heading-14\" href=\"https:\/\/vestibulares.estrategia.com\/portal\/materias\/redacao\/11-citacoes-sobre-ciencia-para-usar-na-redacao\/#Veja-citacoes-para-usar-na-redacao\" >Veja cita&ccedil;&otilde;es para usar na reda&ccedil;&atilde;o<\/a><\/li><\/ul><\/nav><\/div>\n<h2 class=\"wp-block-heading\" id=\"h-1-toda-a-nossa-ciencia-comparada-com-a-realidade-e-primitiva-e-infantil-e-no-entanto-e-a-coisa-mais-preciosa-que-temos-albert-einstein\"><span class=\"ez-toc-section\" id=\"1-%E2%80%9CToda-a-nossa-ciencia-comparada-com-a-realidade-e-primitiva-e-infantil-%E2%80%93-e-no-entanto-e-a-coisa-mais-preciosa-que-temos%E2%80%9D-%E2%80%94-Albert-Einstein\"><\/span>1- &ldquo;Toda a nossa ci&ecirc;ncia, comparada com a realidade, &eacute; primitiva e infantil &ndash; e, no entanto, &eacute; a coisa mais preciosa que temos.&rdquo; &mdash; Albert Einstein<span class=\"ez-toc-section-end\"><\/span><\/h2><p>Albert Einstein (1879 &ndash; 1955), &eacute;, provavelmente, o cientista mais conhecido dessa lista de cita&ccedil;&otilde;es. Nascido na Alemanha, formou-se em Matem&aacute;tica, mas dedicou seu trabalho &agrave; F&iacute;sica.<\/p><p>Durante sua forma&ccedil;&atilde;o, ele foi respons&aacute;vel pela publica&ccedil;&atilde;o de v&aacute;rios artigos cient&iacute;ficos que revolucionaram a ci&ecirc;ncia. Al&eacute;m disso, Einstein tamb&eacute;m desenvolveu a Teoria da Relatividade Geral e descobriu a Lei do Efeito Fotoel&eacute;trico, dois dos pilares dos estudos da F&iacute;sica. Seus trabalhos lhe renderam o Pr&ecirc;mio Nobel de F&iacute;sica, em 1921.<\/p><p>Einstein ainda foi o cientista respons&aacute;vel por calcular que a gravidade poderia distorcer o espa&ccedil;o-tempo e que um corpo de densidade muito alta poderia se esconder atr&aacute;s de um horizonte de eventos. Ou em outras palavras, ele descobriu, mas n&atilde;o provou, a exist&ecirc;ncia de buracos negros. Um s&eacute;culo ap&oacute;s sua descoberta, em 2019, um grupo de cientistas conseguiu capturar a primeira imagem de um buraco negro, provando a teoria de Albert Einstein.<\/p><p>Por ser judeu, o cientista deixou a Europa durante a Segunda Guerra Mundial e passou a trabalhar nos Estados Unidos. Em 1939, ele enviou uma carta ao ent&atilde;o presidente do pa&iacute;s, Franklin Roosevelt, alertando sobre a capacidade tecnol&oacute;gica dos nazistas de criar uma bomba nuclear com grande capacidade de destrui&ccedil;&atilde;o. A partir desse alerta, foi criado, sem a participa&ccedil;&atilde;o de Einstein, o Projeto Manhattan, que criou as bombas at&ocirc;micas lan&ccedil;adas nas cidades de Hiroshima e Nagasaki, no Jap&atilde;o.<\/p><h2 class=\"wp-block-heading\" id=\"h-2-nao-ha-nada-a-temer-na-vida-apenas-tratar-de-compreender-marie-curie\"><span class=\"ez-toc-section\" id=\"2-%E2%80%9CNao-ha-nada-a-temer-na-vida-apenas-tratar-de-compreender%E2%80%9D-%E2%80%94-Marie-Curie\"><\/span>2- &ldquo;N&atilde;o h&aacute; nada a temer na vida, apenas tratar de compreender.&rdquo; &mdash; Marie Curie<span class=\"ez-toc-section-end\"><\/span><\/h2><p>A cientista Marie Curie (1867 &ndash; 1934) foi uma f&iacute;sica e qu&iacute;mica que nasceu na Pol&ocirc;nia, mas viveu e fez carreira na Fran&ccedil;a. Curie desenvolveu seus trabalhos em uma &eacute;poca em que a ci&ecirc;ncia era totalmente dominada por homens, al&eacute;m da sociedade, num geral, prover poucos direitos &agrave;s mulheres.<\/p><p>Ela foi a cientista respons&aacute;vel pela descoberta da radioatividade e dois novos elementos qu&iacute;micos: o R&aacute;dio e o Pol&ocirc;nio. Gra&ccedil;as a isso, tornou-se a primeira mulher a ganhar o Pr&ecirc;mio Nobel, levando o trof&eacute;u de F&iacute;sica em 1903, e a primeira pessoa a ganh&aacute;-lo duas vezes, ao receber o de Qu&iacute;mica, em 1911.<\/p><p>Marie ainda foi professora da Universidade de Paris e a respons&aacute;vel por estudar os usos terap&ecirc;uticos da radioatividade. Ela tamb&eacute;m nunca patenteou o processo de isolamento do elemento R&aacute;dio, o que permitiu que mais cientistas pudessem estudar suas propriedades e utilidades.<\/p><h2 class=\"wp-block-heading\" id=\"h-3-o-comeco-de-todas-as-ciencias-e-o-espanto-de-as-coisas-serem-o-que-sao-aristoteles\"><span class=\"ez-toc-section\" id=\"3-%E2%80%9CO-comeco-de-todas-as-ciencias-e-o-espanto-de-as-coisas-serem-o-que-sao%E2%80%9D-%E2%80%94-Aristoteles\"><\/span>3- &ldquo;O come&ccedil;o de todas as ci&ecirc;ncias &eacute; o espanto de as coisas serem o que s&atilde;o.&rdquo; &mdash; Arist&oacute;teles<span class=\"ez-toc-section-end\"><\/span><\/h2><p>O fil&oacute;sofo Arist&oacute;teles (384 a.C &ndash; 322 a.C) viveu durante o per&iacute;odo cl&aacute;ssico da <a href=\"https:\/\/vestibulares.estrategia.com\/portal\/materias\/historia\/grecia-antiga\/\" target=\"_blank\">Gr&eacute;cia Antiga<\/a> e &eacute; considerado um dos fundadores da Filosofia ocidental, ao lado de Plat&atilde;o, que foi seu professor, e S&oacute;crates, o tutor de seu mestre.&nbsp;<\/p><p>Arist&oacute;teles foi fundador da Escola Peripat&eacute;tica e do Liceu. Seus estudos foram feitos em torno de diversas tem&aacute;ticas, entre elas a F&iacute;sica, Metaf&iacute;sica, Biologia, Economia, Lingu&iacute;stica e Zoologia, al&eacute;m das leis da poesia e do drama, M&uacute;sica,&nbsp; l&oacute;gica, ret&oacute;rica, governo e &eacute;tica.<\/p><h2 class=\"wp-block-heading\" id=\"h-4-existem-muitas-hipoteses-em-ciencia-que-estao-erradas-isso-e-perfeitamente-aceitavel-elas-sao-a-abertura-para-achar-as-que-estao-certas-carl-sagan\"><span class=\"ez-toc-section\" id=\"4-%E2%80%9CExistem-muitas-hipoteses-em-ciencia-que-estao-erradas-Isso-e-perfeitamente-aceitavel-elas-sao-a-abertura-para-achar-as-que-estao-certas%E2%80%9D-%E2%80%94-Carl-Sagan\"><\/span>4- &ldquo;Existem muitas hip&oacute;teses em ci&ecirc;ncia que est&atilde;o erradas. Isso &eacute; perfeitamente aceit&aacute;vel, elas s&atilde;o a abertura para achar as que est&atilde;o certas.&rdquo; &mdash; Carl Sagan<span class=\"ez-toc-section-end\"><\/span><\/h2><p>Considerado o cientista estadunidense mais influente do s&eacute;culo XX, Carl Sagan (1934 &ndash; 1996) foi astr&ocirc;nomo, bi&oacute;logo e professor.&nbsp; Sagan fez carreira em grandes institui&ccedil;&otilde;es cient&iacute;ficas dos Estados Unidos, como o Observat&oacute;rio Astrof&iacute;sico Smithsonian, na<em> National Aeronautics and Space Administration<\/em> &mdash; a NASA &mdash;&nbsp; e nas universidades de Harvard e de Cornell.<\/p><p>Uma parte de suas pesquisas foi focada na &aacute;rea de Exobiologia, pesquisando evid&ecirc;ncias de vida extraterrestre e realizando experimentos que captavam sinais do Cosmos. J&aacute; atuando na NASA, o cientista colaborou com os astronautas da miss&atilde;o Apollo 11, que desembarcou na Lua em 1969, liderou expedi&ccedil;&otilde;es investigativas pelo Sistema Solar e enviou a primeira mensagem f&iacute;sica  ao espa&ccedil;o.<\/p><p>Tamb&eacute;m foi de Carl Sagan a descoberta de que haviam oceanos de compostos l&iacute;quidos em Tit&atilde;, uma das luas do planeta Saturno. Al&eacute;m disso, foi ele quem prop&ocirc;s a exist&ecirc;ncia de oceanos de &aacute;gua subterr&acirc;neos em uma lua do planeta J&uacute;piter, a Europa, que poderia possibilitar a exist&ecirc;ncia de vida.<\/p><p>Sem d&uacute;vidas, seu trabalho mais conhecido pela popula&ccedil;&atilde;o interessada em ci&ecirc;ncia &eacute; o livro &ldquo;Cosmos&rdquo;, que passeia por 14 bilh&otilde;es de anos de evolu&ccedil;&atilde;o c&oacute;smica e explora a origem da vida. Nos anos 80 o livro foi adaptado para uma s&eacute;rie de TV hom&ocirc;nima, que ganhou o Pr&ecirc;mio Emmy.<\/p><h2 class=\"wp-block-heading\" id=\"h-5-a-ciencia-progride-quando-as-observacoes-nos-forcam-a-mudar-as-nossas-ideias-preconcebidas-nbsp-vera-rubin\"><span class=\"ez-toc-section\" id=\"5-%E2%80%9CA-ciencia-progride-quando-as-observacoes-nos-forcam-a-mudar-as-nossas-ideias-preconcebidas%E2%80%9D-%E2%80%94-Vera-Rubin\"><\/span>5- &ldquo;A ci&ecirc;ncia progride quando as observa&ccedil;&otilde;es nos for&ccedil;am a mudar as nossas ideias preconcebidas.&rdquo; &mdash;&nbsp; Vera Rubin<span class=\"ez-toc-section-end\"><\/span><\/h2><p>Vera Rubin (1928 &ndash; 2016) foi uma astr&ocirc;noma, nascida dos Estados Unidos, pioneira no estudo das curvas de rota&ccedil;&atilde;o de gal&aacute;xias espirais, tamb&eacute;m foi ela quem comprovou a exist&ecirc;ncia da mat&eacute;ria escura no universo. Por sofrer com a falta de espa&ccedil;os femininos no meio cient&iacute;fico, Vera foi uma grande defensora da inclus&atilde;o de mulheres na ci&ecirc;ncia, e chegou a dizer, em uma entrevista de 1989: &nbsp;&ldquo;Em vez de ensinar F&iacute;sica &agrave;s meninas, dever&iacute;amos ensin&aacute;-las, desde cedo, que elas podem aprender tudo aquilo que quiserem&rdquo;.<\/p><p>Depois da gradua&ccedil;&atilde;o em Astronomia, em que ela era a &uacute;nica mulher da turma no<em> Vassar College<\/em>, a cientista teve seu mestrado negado na Universidade de Princeton, que n&atilde;o aceitava mulheres na &eacute;poca. Mais tarde, j&aacute; mestra e doutora pelas universidade de Cornell e Georgetown, respectivamente, Vera teve seus estudos no Observat&oacute;rio Palomar negados sob a justificativa de n&atilde;o haver banheiro feminino no pr&eacute;dio.<\/p><p>Gra&ccedil;as a sua insist&ecirc;ncia, ela foi autorizada a pesquisar no lugar, que era o principal para a observa&ccedil;&atilde;o do c&eacute;u na regi&atilde;o. Uma vez dentro do pr&eacute;dio, a cientista foi a respons&aacute;vel por desenhar um s&iacute;mbolo de feminino no banheiro masculino.<\/p><p>Foi neste observat&oacute;rio que Vera e seu colega de trabalho, Kent Ford, estudaram a gal&aacute;xia Andr&ocirc;meda, vizinha da Via L&aacute;ctea, e perceberam que as estrelas mais externas da gal&aacute;xia giravam com a mesma velocidade das centrais, indo contra as leis de Newton. Foi assim que chegaram a comprova&ccedil;&atilde;o da exist&ecirc;ncia da mat&eacute;ria escura que influenciava no movimento das estrelas com sua for&ccedil;a gravitacional, mesmo sendo invis&iacute;vel.<\/p><h2 class=\"wp-block-heading\" id=\"h-6-ha-verdadeiramente-duas-coisas-diferentes-saber-e-crer-que-se-sabe-a-ciencia-consiste-em-saber-em-crer-que-se-sabe-reside-a-ignorancia-hipocrates\"><span class=\"ez-toc-section\" id=\"6-%E2%80%9CHa-verdadeiramente-duas-coisas-diferentes-saber-e-crer-que-se-sabe-A-ciencia-consiste-em-saber-em-crer-que-se-sabe-reside-a-ignorancia%E2%80%9D-%E2%80%94-Hipocrates\"><\/span>6- &ldquo;H&aacute; verdadeiramente duas coisas diferentes: saber e crer que se sabe. A ci&ecirc;ncia consiste em saber; em crer que se sabe reside a ignor&acirc;ncia.&rdquo; &mdash; Hip&oacute;crates<span class=\"ez-toc-section-end\"><\/span><\/h2><p>Assim como Arist&oacute;teles, Hip&oacute;crates (460 a.C -370 a.C)&nbsp; viveu no per&iacute;odo cl&aacute;ssico da Gr&eacute;cia Antiga. Ele &eacute; considerado o pai da Medicina, inspirando, inclusive, o Juramento de Hip&oacute;crates, proferido pelos m&eacute;dicos durante a formatura. No juramento, os novos profissionais afirmam, entre outras coisas, que &ldquo;A Sa&uacute;de do meu Doente ser&aacute; a minha primeira preocupa&ccedil;&atilde;o&rdquo;.<\/p><p>O t&iacute;tulo foi atribu&iacute;do a Hip&oacute;crates porque, diferentemente dos outros pensadores de sua &eacute;poca, que se dedicavam mais &agrave; Pol&iacute;tica, ele passou a estudar e trabalhar o funcionamento do organismo humano. E tamb&eacute;m, porque ele buscava explica&ccedil;&otilde;es racionais e cient&iacute;ficas para os males que atingem o corpo, deixando de lado as costumeiras justificativas m&iacute;sticas e baseadas na f&eacute;.&nbsp;<\/p><h2 class=\"wp-block-heading\" id=\"h-7-o-cientista-nao-e-a-pessoa-que-da-as-respostas-certas-mas-quem-faz-as-perguntas-certas-claude-levi-strauss\"><span class=\"ez-toc-section\" id=\"7-%E2%80%9CO-cientista-nao-e-a-pessoa-que-da-as-respostas-certas-mas-quem-faz-as-perguntas-certas%E2%80%9D-%E2%80%94-Claude-Levi-Strauss\"><\/span>7- &ldquo;O cientista n&atilde;o &eacute; a pessoa que d&aacute; as respostas certas, mas quem faz as perguntas certas.&rdquo; &mdash; Claude L&eacute;vi-Strauss<span class=\"ez-toc-section-end\"><\/span><\/h2><p>Claude L&eacute;vi-Strauss (1908 &ndash; 2009) foi um antrop&oacute;logo belga conhecido por revolucionar os estudos no campo da Antropologia Social. L&eacute;vi-Strauss &eacute; considerado o fundador da Antropologia Estruturalista, que defende que n&atilde;o h&aacute; diferen&ccedil;a na mente ou na intelectualidade dos seres humanos, independentemente da sociedade em que vivem.<\/p><p>Quando a Universidade de S&atilde;o Paulo (USP) foi fundada, em 1934, Claude foi convidado para ser professor da Faculdade de Filosofia, Ci&ecirc;ncias e Letras (FFLC). Morando no Brasil, o antrop&oacute;logo p&ocirc;de se dedicar ainda mais ao Estrtuturalismo, ao trabalhar com popula&ccedil;&otilde;es ind&iacute;genas nos estados do Mato Grosso e do Amazonas.<\/p><h2 class=\"wp-block-heading\" id=\"h-8-a-ciencia-e-a-chave-do-nosso-futuro-e-se-voce-nao-acredita-em-ciencia-esta-nos-impedindo-bill-nye\"><span class=\"ez-toc-section\" id=\"8-%E2%80%9CA-ciencia-e-a-chave-do-nosso-futuro-e-se-voce-nao-acredita-em-ciencia-esta-nos-impedindo%E2%80%9D-%E2%80%94-Bill-Nye\"><\/span>8- &ldquo;A ci&ecirc;ncia &eacute; a chave do nosso futuro e, se voc&ecirc; n&atilde;o acredita em ci&ecirc;ncia, est&aacute; nos impedindo.&rdquo; &mdash; Bill Nye<span class=\"ez-toc-section-end\"><\/span><\/h2><p>Muito conhecido por seu trabalho na televis&atilde;o, William Sanford &ldquo;Bill&rdquo; Nye (1955), que al&eacute;m de engenheiro mec&acirc;nico &eacute; apresentador e ator, teve um programa infantil de divulga&ccedil;&atilde;o cient&iacute;fica chamado <em>Bill Nye the Science Guy<\/em>, de 1993 a 1998. O trabalho chegou a ser transmitido no Brasil, tamb&eacute;m nos anos 90, com o nome de <em>Eureka<\/em>.<\/p><p>Na Engenharia, Bill trabalhou para a empresa aeron&aacute;utica<em> Boeing<\/em>, onde, entre outras coisas, desenvolveu um supressor de resson&acirc;ncia de press&atilde;o hidr&aacute;ulica e atuou em filmes de treinamento da empresa. Depois, Nye passou a trabalhar como consultor na ind&uacute;stria aeron&aacute;utica.<\/p><h2 class=\"wp-block-heading\" id=\"h-9-a-ciencia-e-a-vida-cotidiana-nao-podem-e-nao-devem-ser-separadas-rosalind-franklin\"><span class=\"ez-toc-section\" id=\"9-%E2%80%9CA-ciencia-e-a-vida-cotidiana-nao-podem-e-nao-devem-ser-separadas%E2%80%9D-%E2%80%94-Rosalind-Franklin\"><\/span>9- &ldquo;A ci&ecirc;ncia e a vida cotidiana n&atilde;o podem e n&atilde;o devem ser separadas.&rdquo; &mdash; Rosalind Franklin<span class=\"ez-toc-section-end\"><\/span><\/h2><p>Rosalind Franklin (1920 &ndash; 1958) foi uma qu&iacute;mica brit&acirc;nica respons&aacute;vel por pesquisas que levaram &agrave; compreens&atilde;o do DNA e do RNA viral. Assim como todas as mulheres de sua &aacute;rea, em especial &agrave;s que se lan&ccedil;aram na ci&ecirc;ncia durante seus prim&oacute;rdios, Rosalind teve que insistir para cursar sua gradua&ccedil;&atilde;o no <em>Newnham College<\/em>, uma das faculdades da Universidade de Cambridge que n&atilde;o aceitava mulheres.<\/p><p>Quatro anos depois de formada, Franklin conquistou seu doutorado com uma pesquisa sobre a porosidade do carv&atilde;o, muito relevante para a Inglaterra durante o per&iacute;odo da Segunda Guerra Mundial. Foi a partir desse estudo que ela desenvolveu o entendimento acerca de estruturas moleculares de outros objetos, desde o grafite ao RNA viral, descobrindo, por fim, a estrutura do DNA.<\/p><h2 class=\"wp-block-heading\" id=\"h-10-nada-se-compara-a-ser-a-primeira-pessoa-da-historia-do-mundo-a-compreender-algo-cecilia-payne-gaposchkin\"><span class=\"ez-toc-section\" id=\"10-%E2%80%9CNada-se-compara-a-ser-a-primeira-pessoa-da-historia-do-mundo-a-compreender-algo%E2%80%9D-Cecilia-Payne-Gaposchkin\"><\/span>10- &ldquo;Nada se compara a ser a primeira pessoa da hist&oacute;ria do mundo a compreender algo.&rdquo; Cecilia Payne-Gaposchkin<span class=\"ez-toc-section-end\"><\/span><\/h2><p>A cientista Cecilia Payne-Gaposchkin (1900 &ndash; 1979) foi uma astr&ocirc;noma e astrof&iacute;sica estadunidense respons&aacute;vel por refutar a ideia de que o Sol possu&iacute;a a composi&ccedil;&atilde;o qu&iacute;mica similar &agrave; do Planeta Terra. Em 1925 ela foi a primeira pessoa a obter o t&iacute;tulo de doutorado em Astronomia pelo <em>Radcliffe College<\/em>, hoje parte da Universidade de Harvard.<\/p><p>Foi em sua tese de doutorado que Cec&iacute;lia comprovou que o Sol era formado primariamente por Hidrog&ecirc;nio e que esse se tratava do elemento mais abundante do universo. Sua pesquisa revelou, ainda que Sil&iacute;cio, Carbono e alguns outros metais estavam presentes nas mesmas quantidades no Sol e na Terra, entretanto, o H&eacute;lio e particularmente o Hidrog&ecirc;nio eram muito mais abundantes&nbsp;<\/p><h2 class=\"wp-block-heading\" id=\"h-11-a-ignorancia-gera-mais-confianca-do-que-o-conhecimento-sao-os-que-sabem-pouco-e-nao-os-que-sabem-muito-que-afirmam-positivamente-que-esse-ou-aquele-problema-nunca-pode-ser-resolvido-pela-ciencia-nbsp-nbsp-charles-darwin\"><span class=\"ez-toc-section\" id=\"11-%E2%80%9CA-ignorancia-gera-mais-confianca-do-que-o-conhecimento-sao-os-que-sabem-pouco-e-nao-os-que-sabem-muito-que-afirmam-positivamente-que-esse-ou-aquele-problema-nunca-pode-ser-resolvido-pela-ciencia%E2%80%9D-%E2%80%94-Charles-Darwin\"><\/span>11- &ldquo;A ignor&acirc;ncia gera mais confian&ccedil;a do que o conhecimento: s&atilde;o os que sabem pouco, e n&atilde;o os que sabem muito, que afirmam positivamente que esse ou aquele problema nunca pode ser resolvido pela ci&ecirc;ncia.&rdquo;&nbsp; &mdash;&nbsp; Charles Darwin<span class=\"ez-toc-section-end\"><\/span><\/h2><p>Um dos mais conhecidos bi&oacute;logos, naturalistas e ge&oacute;logos do mundo, Charles Darwin (1809 &ndash; 1882) foi um pesquisador ingl&ecirc;s que participou de uma expedi&ccedil;&atilde;o cient&iacute;fica da Marinha Brit&acirc;nica, a bordo do navio HMS Beagle, em 1831. Sua viagem passou pela Am&eacute;rica do Sul, &Aacute;frica e Oceania, e a partir dela, Darwin escreveu o livro <em>Origem das esp&eacute;cies por meio da sele&ccedil;&atilde;o natural.<\/em><\/p><p>A proposi&ccedil;&atilde;o do cientista na obra &eacute; que a Sele&ccedil;&atilde;o Natural &eacute; respons&aacute;vel pela evolu&ccedil;&atilde;o das esp&eacute;cies. Ou seja, as esp&eacute;cies est&atilde;o em constante busca pela sobreviv&ecirc;ncia, e escapam da morte apenas aquelas que est&atilde;o mais adaptadas ao ambiente onde vivem.&nbsp;<\/p><p>O livro de Darwin chegou a ter sua primeira vers&atilde;o descartada antes da publica&ccedil;&atilde;o, uma vez que tal teoria por ele defendida contrariava totalmente a vis&atilde;o ocidental sobre a cria&ccedil;&atilde;o divina do mundo e dos seres vivos.<\/p><h2 class=\"wp-block-heading\" id=\"h-leia-mais-sobre-redacao\"><span class=\"ez-toc-section\" id=\"Leia-mais-sobre-redacao\"><\/span>Leia mais sobre reda&ccedil;&atilde;o:<span class=\"ez-toc-section-end\"><\/span><\/h2><ul class=\"wp-block-list\">\n<li><a href=\"https:\/\/vestibulares.estrategia.com\/portal\/redacao\/11-documentarios-e-filmes-sobre-meio-ambiente\/\" target=\"_blank\">11 document&aacute;rios e filmes sobre meio ambiente para usar na reda&ccedil;&atilde;o e como repert&oacute;rio<\/a><\/li>\n\n\n\n<li><a href=\"https:\/\/vestibulares.estrategia.com\/portal\/redacao\/series-repertorio-sociocultural\/\" target=\"_blank\">7 s&eacute;ries para usar como repert&oacute;rio sociocultural na reda&ccedil;&atilde;o<\/a><\/li>\n\n\n\n<li><a href=\"https:\/\/vestibulares.estrategia.com\/portal\/redacao\/5-alusoes-historicas-coringa\/\" target=\"_blank\">5 alus&otilde;es hist&oacute;ricas coringa para usar na reda&ccedil;&atilde;o<\/a><\/li>\n\n\n\n<li><a href=\"https:\/\/vestibulares.estrategia.com\/portal\/redacao\/frases-filosoficas-redacao\/\" target=\"_blank\">9 frases filos&oacute;ficas para usar na reda&ccedil;&atilde;o<\/a><\/li>\n\n\n\n<li><a href=\"https:\/\/vestibulares.estrategia.com\/portal\/materias\/redacao\/7-citacoes-sobre-meio-ambiente-para-usar-na-redacao\/\" target=\"_blank\">7 cita&ccedil;&otilde;es sobre meio ambiente para usar na reda&ccedil;&atilde;o<\/a><\/li>\n\n\n\n<li><a href=\"https:\/\/vestibulares.estrategia.com\/portal\/enem\/o-que-pode-zerar-redacao-enem\/\" target=\"_blank\">O que pode zerar a reda&ccedil;&atilde;o do Enem?<\/a><\/li>\n<\/ul><h2 class=\"wp-block-heading\" id=\"h-prepare-se-para-a-redacao-com-o-estrategia-vestibulares\"><span class=\"ez-toc-section\" id=\"Prepare-se-para-a-redacao-com-o-Estrategia-Vestibulares\"><\/span>Prepare-se para a reda&ccedil;&atilde;o com o Estrat&eacute;gia Vestibulares<span class=\"ez-toc-section-end\"><\/span><\/h2><p>Voc&ecirc; sabia que o Estrat&eacute;gia Vestibulares oferece corre&ccedil;&otilde;es ilimitadas de reda&ccedil;&otilde;es? Voc&ecirc; estuda com nosso material e treina quantas vezes quiser, sempre recebendo o feedback sobre suas produ&ccedil;&otilde;es. N&atilde;o &eacute; incr&iacute;vel?<\/p><p>Com os cursos da Coruja voc&ecirc; se prepara para o vestibular com um material completo e atualizado, aulas din&acirc;micas e funcionais, al&eacute;m de contar com Banco de Quest&otilde;es, revis&otilde;es de v&eacute;spera, salas VIP, monitorias e muito mais.<\/p><p>\n\n\n<a id=\"cta\" class=\"cta-imagem\" href=\"https:\/\/vestibulares.estrategia.com\/curso\/curso-interativo-enem-redaco-prof-fernando-andrade\/\" target=\"blank\">\n                <img decoding=\"async\" width=\"100%\" src=\"https:\/\/vestibulares.estrategia.com\/portal\/wp-content\/uploads\/2021\/07\/Redacao.jpg\" alt=\"Cursos de Reda\u00e7\u00e3o Estrat\u00e9gia Vestibulares\" title=\"Curso de Reda\u00e7\u00e3o Estrat\u00e9gia Vestibulares\">\n        <\/a>\n\n\n\n<\/p><h2 class=\"wp-block-heading\" id=\"h-veja-outras-citacoes-para-usar-na-redacao\"><span class=\"ez-toc-section\" id=\"Veja-citacoes-para-usar-na-redacao\"><\/span>Veja cita&ccedil;&otilde;es para usar na reda&ccedil;&atilde;o<span class=\"ez-toc-section-end\"><\/span><\/h2><ul class=\"wp-block-list\">\n<li><a href=\"https:\/\/vestibulares.estrategia.com\/portal\/materias\/redacao\/7-citacoes-repertorio-sociocultural-coringa\/\" target=\"_blank\">Repert&oacute;rio Sociocultural para reda&ccedil;&atilde;o: 7 cita&ccedil;&otilde;es coringa<\/a><\/li>\n\n\n\n<li><a href=\"https:\/\/vestibulares.estrategia.com\/portal\/materias\/redacao\/9-citacoes-sobre-o-orgulho-lgbtqia-para-usar-como-repertorio-sociocultural\/\" target=\"_blank\">9 cita&ccedil;&otilde;es sobre o Orgulho LGBTQIA+ para usar como repert&oacute;rio sociocultural<\/a><\/li>\n\n\n\n<li><a href=\"https:\/\/vestibulares.estrategia.com\/portal\/atualidades-e-dicas\/6-citacoes-sobre-refugiados-para-usar-na-redacao\/\" target=\"_blank\">6 cita&ccedil;&otilde;es sobre refugiados para usar na reda&ccedil;&atilde;o<\/a><\/li>\n\n\n\n<li><a href=\"https:\/\/vestibulares.estrategia.com\/portal\/materias\/redacao\/7-citacoes-sobre-educacao-para-usar-na-redacao\/\" target=\"_blank\">7 cita&ccedil;&otilde;es sobre educa&ccedil;&atilde;o para usar na reda&ccedil;&atilde;o<\/a><\/li>\n\n\n\n<li><a href=\"https:\/\/vestibulares.estrategia.com\/portal\/materias\/redacao\/11-citacoes-sobre-imprensa-para-usar-na-redacao\/\" target=\"_blank\">11 cita&ccedil;&otilde;es sobre imprensa para usar na reda&ccedil;&atilde;o<\/a><\/li>\n\n\n\n<li><a href=\"https:\/\/vestibulares.estrategia.com\/portal\/materias\/redacao\/7-citacoes-sobre-meio-ambiente-para-usar-na-redacao\/\" target=\"_blank\">7 cita&ccedil;&otilde;es sobre meio ambiente para usar na reda&ccedil;&atilde;o<\/a><\/li>\n\n\n\n<li><a href=\"https:\/\/vestibulares.estrategia.com\/portal\/materias\/redacao\/citacoes-filosoficas-redacao\" target=\"_blank\">9 cita&ccedil;&otilde;es filos&oacute;ficas para usar na reda&ccedil;&atilde;o<\/a><\/li>\n\n\n\n<li><a href=\"https:\/\/vestibulares.estrategia.com\/portal\/materias\/historia\/9-frases-marcantes-da-historia-do-brasil\/\" target=\"_blank\">9 frases marcantes na hist&oacute;ria do Brasil<\/a><\/li>\n\n\n\n<li><a href=\"https:\/\/vestibulares.estrategia.com\/portal\/materias\/redacao\/citacoes-desigualdade-social-redacao\/\" target=\"_blank\">15 cita&ccedil;&otilde;es sobre desigualdade social para usar na reda&ccedil;&atilde;o<\/a><\/li>\n\n\n\n<li><a href=\"https:\/\/vestibulares.estrategia.com\/portal\/materias\/redacao\/11-citacoes-sobre-ciencia-para-usar-na-redacao\/\" target=\"_blank\">11 cita&ccedil;&otilde;es sobre ci&ecirc;ncia para usar na reda&ccedil;&atilde;o<\/a><\/li>\n\n\n\n<li><a href=\"https:\/\/vestibulares.estrategia.com\/portal\/atualidades-e-dicas\/dia-internacional-nelson-mandela-veja-citacoes-e-questoes-sobre-o-lider-sul-africano\/\" target=\"_blank\">Nelson Mandela: veja cita&ccedil;&otilde;es e quest&otilde;es sobre o l&iacute;der sul-africano<\/a><\/li>\n\n\n\n<li><a href=\"https:\/\/vestibulares.estrategia.com\/portal\/materias\/redacao\/11-citacoes-sobre-cultura-para-usar-na-redacao\/\" target=\"_blank\">11 cita&ccedil;&otilde;es sobre cultura para usar na reda&ccedil;&atilde;o<\/a><\/li>\n\n\n\n<li><a href=\"https:\/\/vestibulares.estrategia.com\/portal\/materias\/redacao\/7-citacoes-sobre-politica-para-usar-na-redacao\/\">7 cita&ccedil;&otilde;es sobre pol&iacute;tica para usar na reda&ccedil;&atilde;o<\/a><\/li>\n\n\n\n<li><a href=\"https:\/\/vestibulares.estrategia.com\/portal\/materias\/redacao\/7-citacoes-sobre-violencia-para-usar-na-redacao\/\" target=\"_blank\">7 cita&ccedil;&otilde;es sobre viol&ecirc;ncia para usar na reda&ccedil;&atilde;o<\/a><\/li>\n\n\n\n<li><a href=\"https:\/\/vestibulares.estrategia.com\/portal\/materias\/redacao\/11-citacoes-sobre-tecnologia-para-usar-na-redacao\/\" target=\"_blank\">11 cita&ccedil;&otilde;es sobre tecnologia para usar na reda&ccedil;&atilde;o<\/a><\/li>\n\n\n\n<li><a href=\"https:\/\/vestibulares.estrategia.com\/portal\/materias\/redacao\/7-citacoes-sobre-saude-para-usar-como-repertorio-sociocultural-na-redacao\/\" target=\"_blank\">7 cita&ccedil;&otilde;es sobre sa&uacute;de para usar como repert&oacute;rio sociocultural na reda&ccedil;&atilde;o<\/a><\/li>\n\n\n\n<li><a href=\"https:\/\/vestibulares.estrategia.com\/portal\/materias\/redacao\/11-citacoes-sobre-saude-mental-para-usar-na-redacao\/\">11 cita&ccedil;&otilde;es sobre sa&uacute;de m<\/a><a href=\"https:\/\/vestibulares.estrategia.com\/portal\/materias\/redacao\/11-citacoes-sobre-saude-mental-para-usar-na-redacao\/\" target=\"_blank\">e<\/a><a href=\"https:\/\/vestibulares.estrategia.com\/portal\/materias\/redacao\/11-citacoes-sobre-saude-mental-para-usar-na-redacao\/\">ntal para usar na reda&ccedil;&atilde;o<\/a><\/li>\n\n\n\n<li><a href=\"https:\/\/vestibulares.estrategia.com\/portal\/materias\/redacao\/13-citacoes-sobre-trabalho-para-usar-na-redacao\/\" target=\"_blank\">13 cita&ccedil;&otilde;es sobre trabalho para usar na reda&ccedil;&atilde;o<\/a><\/li>\n\n\n\n<li><a href=\"https:\/\/vestibulares.estrategia.com\/portal\/atualidades-e-dicas\/18-frases-da-rainha-elizabeth-ii-para-usar-na-redacao\/\" target=\"_blank\">18 frases da Rainha Elizabeth II que marcaram o seu reinado<\/a><\/li>\n\n\n\n<li><a href=\"https:\/\/vestibulares.estrategia.com\/portal\/materias\/historia\/9-frases-marcantes-da-historia-do-brasil\/\" target=\"_blank\">9 frases marcantes na hist&oacute;ria do Brasil<\/a><\/li>\n\n\n\n<li><a href=\"https:\/\/vestibulares.estrategia.com\/portal\/materias\/redacao\/9-citacoes-sobre-mudancas-climaticas-para-usar-na-redacao\/\" target=\"_blank\">9 cita&ccedil;&otilde;es sobre mudan&ccedil;as clim&aacute;ticas para usar na reda&ccedil;&atilde;o<\/a><\/li>\n\n\n\n<li><a href=\"https:\/\/vestibulares.estrategia.com\/portal\/atualidades-e-dicas\/24-citacoes-de-paulo-freire-sobre-educacao-para-usar-na-redacao\/\" target=\"_blank\">24 cita&ccedil;&otilde;es de Paulo Freire sobre educa&ccedil;&atilde;o para usar na reda&ccedil;&atilde;o<\/a><\/li>\n\n\n\n<li><a href=\"https:\/\/vestibulares.estrategia.com\/portal\/materias\/redacao\/como-nao-usar-citacoes-nas-redacoes-do-enem-e-vestibulares\/\">Como N&Atilde;O usar cita&ccedil;&otilde;es nas reda&ccedil;&otilde;es do Enem e vestibulares<\/a><\/li>\n<\/ul><\/p>\n","protected":false},"excerpt":{"rendered":"De cientistas contempor\u00e2neos a fil\u00f3sofos e m\u00e9dicos da Gr\u00e9cia Antiga, confira todas as frases que v\u00e3o te ajudar a alcan\u00e7ar a nota m\u00e1xima na prova de reda\u00e7\u00e3o\n","protected":false},"author":48,"featured_media":71671,"comment_status":"closed","ping_status":"closed","sticky":false,"template":"","format":"standard","meta":{"wl_entities_gutenberg":"","footnotes":""},"categories":[2],"tags":[],"wl_entity_type":[732],"class_list":{"0":"post-71670","1":"post","2":"type-post","3":"status-publish","4":"format-standard","5":"has-post-thumbnail","7":"category-redacao","8":"wl_entity_type-article"},"acf":[],"yoast_head":"<!-- This site is optimized with the Yoast SEO Premium plugin v25.9 (Yoast SEO v25.9) - https:\/\/yoast.com\/wordpress\/plugins\/seo\/ -->\n<title>11 cita\u00e7\u00f5es sobre ci\u00eancia para usar na reda\u00e7\u00e3o<\/title>\n<meta name=\"description\" content=\"De cientistas contempor\u00e2neos a fil\u00f3sofos e m\u00e9dicos da Gr\u00e9cia Antiga, confira todas as cita\u00e7\u00f5es que v\u00e3o fazer sua reda\u00e7\u00e3o ficar perfeita!\" \/>\n<meta name=\"robots\" content=\"index, follow, max-snippet:-1, max-image-preview:large, max-video-preview:-1\" \/>\n<link rel=\"canonical\" href=\"https:\/\/vestibulares.estrategia.com\/portal\/materias\/redacao\/11-citacoes-sobre-ciencia-para-usar-na-redacao\/\" \/>\n<meta property=\"og:locale\" content=\"pt_BR\" \/>\n<meta property=\"og:type\" content=\"article\" \/>\n<meta property=\"og:title\" content=\"11 cita\u00e7\u00f5es sobre ci\u00eancia para usar na reda\u00e7\u00e3o\" \/>\n<meta property=\"og:description\" content=\"De cientistas contempor\u00e2neos a fil\u00f3sofos e m\u00e9dicos da Gr\u00e9cia Antiga, confira todas as cita\u00e7\u00f5es que v\u00e3o fazer sua reda\u00e7\u00e3o ficar perfeita!\" \/>\n<meta property=\"og:url\" content=\"https:\/\/vestibulares.estrategia.com\/portal\/materias\/redacao\/11-citacoes-sobre-ciencia-para-usar-na-redacao\/\" \/>\n<meta property=\"og:site_name\" content=\"Estrat\u00e9gia Vestibulares\" \/>\n<meta property=\"article:publisher\" content=\"https:\/\/facebook.com\/estrategiavestibulares\" \/>\n<meta property=\"article:published_time\" content=\"2022-07-13T21:57:26+00:00\" \/>\n<meta property=\"article:modified_time\" content=\"2025-11-03T19:41:41+00:00\" \/>\n<meta property=\"og:image\" content=\"https:\/\/vestibulares.estrategia.com\/portal\/wp-content\/uploads\/2022\/07\/11-citacoes-sobre-ciencia-scaled.webp\" \/>\n\t<meta property=\"og:image:width\" content=\"2560\" \/>\n\t<meta property=\"og:image:height\" content=\"1536\" \/>\n\t<meta property=\"og:image:type\" content=\"image\/jpeg\" \/>\n<meta name=\"author\" content=\"Beatriz Santana\" \/>\n<meta name=\"twitter:card\" content=\"summary_large_image\" \/>\n<meta name=\"twitter:creator\" content=\"@Estrategiavest\" \/>\n<meta name=\"twitter:site\" content=\"@Estrategiavest\" \/>\n<meta name=\"twitter:label1\" content=\"Escrito por\" \/>\n\t<meta name=\"twitter:data1\" content=\"Beatriz Santana\" \/>\n\t<meta name=\"twitter:label2\" content=\"Est. tempo de leitura\" \/>\n\t<meta name=\"twitter:data2\" content=\"12 minutos\" \/>\n<script type=\"application\/ld+json\" class=\"yoast-schema-graph\">{\"@context\":\"https:\/\/schema.org\",\"@graph\":[{\"@type\":\"Article\",\"@id\":\"https:\/\/vestibulares.estrategia.com\/portal\/materias\/redacao\/11-citacoes-sobre-ciencia-para-usar-na-redacao\/#article\",\"isPartOf\":{\"@id\":\"https:\/\/vestibulares.estrategia.com\/portal\/materias\/redacao\/11-citacoes-sobre-ciencia-para-usar-na-redacao\/\"},\"author\":{\"name\":\"Beatriz Santana\",\"@id\":\"https:\/\/vestibulares.estrategia.com\/portal\/#\/schema\/person\/cdd941dcf53839374c0bc8d39bb0230f\"},\"headline\":\"11 cita\u00e7\u00f5es sobre ci\u00eancia para usar na reda\u00e7\u00e3o\",\"datePublished\":\"2022-07-13T21:57:26+00:00\",\"dateModified\":\"2025-11-03T19:41:41+00:00\",\"mainEntityOfPage\":{\"@id\":\"https:\/\/vestibulares.estrategia.com\/portal\/materias\/redacao\/11-citacoes-sobre-ciencia-para-usar-na-redacao\/\"},\"wordCount\":2398,\"publisher\":{\"@id\":\"https:\/\/vestibulares.estrategia.com\/portal\/#organization\"},\"image\":{\"@id\":\"https:\/\/vestibulares.estrategia.com\/portal\/materias\/redacao\/11-citacoes-sobre-ciencia-para-usar-na-redacao\/#primaryimage\"},\"thumbnailUrl\":\"https:\/\/vestibulares.estrategia.com\/portal\/wp-content\/uploads\/2022\/07\/11-citacoes-sobre-ciencia-scaled.webp\",\"articleSection\":[\"Reda\u00e7\u00e3o\"],\"inLanguage\":\"pt-BR\"},{\"@type\":\"WebPage\",\"@id\":\"https:\/\/vestibulares.estrategia.com\/portal\/materias\/redacao\/11-citacoes-sobre-ciencia-para-usar-na-redacao\/\",\"url\":\"https:\/\/vestibulares.estrategia.com\/portal\/materias\/redacao\/11-citacoes-sobre-ciencia-para-usar-na-redacao\/\",\"name\":\"11 cita\u00e7\u00f5es sobre ci\u00eancia para usar na reda\u00e7\u00e3o\",\"isPartOf\":{\"@id\":\"https:\/\/vestibulares.estrategia.com\/portal\/#website\"},\"primaryImageOfPage\":{\"@id\":\"https:\/\/vestibulares.estrategia.com\/portal\/materias\/redacao\/11-citacoes-sobre-ciencia-para-usar-na-redacao\/#primaryimage\"},\"image\":{\"@id\":\"https:\/\/vestibulares.estrategia.com\/portal\/materias\/redacao\/11-citacoes-sobre-ciencia-para-usar-na-redacao\/#primaryimage\"},\"thumbnailUrl\":\"https:\/\/vestibulares.estrategia.com\/portal\/wp-content\/uploads\/2022\/07\/11-citacoes-sobre-ciencia-scaled.webp\",\"datePublished\":\"2022-07-13T21:57:26+00:00\",\"dateModified\":\"2025-11-03T19:41:41+00:00\",\"description\":\"De cientistas contempor\u00e2neos a fil\u00f3sofos e m\u00e9dicos da Gr\u00e9cia Antiga, confira todas as cita\u00e7\u00f5es que v\u00e3o fazer sua reda\u00e7\u00e3o ficar perfeita!\",\"breadcrumb\":{\"@id\":\"https:\/\/vestibulares.estrategia.com\/portal\/materias\/redacao\/11-citacoes-sobre-ciencia-para-usar-na-redacao\/#breadcrumb\"},\"inLanguage\":\"pt-BR\",\"potentialAction\":[{\"@type\":\"ReadAction\",\"target\":[\"https:\/\/vestibulares.estrategia.com\/portal\/materias\/redacao\/11-citacoes-sobre-ciencia-para-usar-na-redacao\/\"]}]},{\"@type\":\"ImageObject\",\"inLanguage\":\"pt-BR\",\"@id\":\"https:\/\/vestibulares.estrategia.com\/portal\/materias\/redacao\/11-citacoes-sobre-ciencia-para-usar-na-redacao\/#primaryimage\",\"url\":\"https:\/\/vestibulares.estrategia.com\/portal\/wp-content\/uploads\/2022\/07\/11-citacoes-sobre-ciencia-scaled.webp\",\"contentUrl\":\"https:\/\/vestibulares.estrategia.com\/portal\/wp-content\/uploads\/2022\/07\/11-citacoes-sobre-ciencia-scaled.webp\",\"width\":2560,\"height\":1536},{\"@type\":\"BreadcrumbList\",\"@id\":\"https:\/\/vestibulares.estrategia.com\/portal\/materias\/redacao\/11-citacoes-sobre-ciencia-para-usar-na-redacao\/#breadcrumb\",\"itemListElement\":[{\"@type\":\"ListItem\",\"position\":1,\"name\":\"Home\",\"item\":\"https:\/\/vestibulares.estrategia.com\/portal\/\"},{\"@type\":\"ListItem\",\"position\":2,\"name\":\"Mat\u00e9rias\",\"item\":\"https:\/\/vestibulares.estrategia.com\/portal\/materias\/\"},{\"@type\":\"ListItem\",\"position\":3,\"name\":\"Reda\u00e7\u00e3o\",\"item\":\"https:\/\/vestibulares.estrategia.com\/portal\/materias\/redacao\/\"},{\"@type\":\"ListItem\",\"position\":4,\"name\":\"11 cita\u00e7\u00f5es sobre ci\u00eancia para usar na reda\u00e7\u00e3o\"}]},{\"@type\":\"WebSite\",\"@id\":\"https:\/\/vestibulares.estrategia.com\/portal\/#website\",\"url\":\"https:\/\/vestibulares.estrategia.com\/portal\/\",\"name\":\"Estrat\u00e9gia Vestibulares\",\"description\":\"\",\"publisher\":{\"@id\":\"https:\/\/vestibulares.estrategia.com\/portal\/#organization\"},\"potentialAction\":[{\"@type\":\"SearchAction\",\"target\":{\"@type\":\"EntryPoint\",\"urlTemplate\":\"https:\/\/vestibulares.estrategia.com\/portal\/?s={search_term_string}\"},\"query-input\":{\"@type\":\"PropertyValueSpecification\",\"valueRequired\":true,\"valueName\":\"search_term_string\"}}],\"inLanguage\":\"pt-BR\"},{\"@type\":\"Organization\",\"@id\":\"https:\/\/vestibulares.estrategia.com\/portal\/#organization\",\"name\":\"Estrat\u00e9gia Vestibulares\",\"url\":\"https:\/\/vestibulares.estrategia.com\/portal\/\",\"logo\":{\"@type\":\"ImageObject\",\"inLanguage\":\"pt-BR\",\"@id\":\"https:\/\/vestibulares.estrategia.com\/portal\/#\/schema\/logo\/image\/\",\"url\":\"https:\/\/vestibulares.estrategia.com\/portal\/wp-content\/uploads\/2021\/06\/Logo-Vestibulares@4x.png\",\"contentUrl\":\"https:\/\/vestibulares.estrategia.com\/portal\/wp-content\/uploads\/2021\/06\/Logo-Vestibulares@4x.png\",\"width\":250,\"height\":66,\"caption\":\"Estrat\u00e9gia Vestibulares\"},\"image\":{\"@id\":\"https:\/\/vestibulares.estrategia.com\/portal\/#\/schema\/logo\/image\/\"},\"sameAs\":[\"https:\/\/facebook.com\/estrategiavestibulares\",\"https:\/\/x.com\/Estrategiavest\",\"https:\/\/www.instagram.com\/estrategiavestibulares\",\"https:\/\/www.youtube.com\/channel\/UCGWdZy8ULI-7_5GrABa4vNA\"]},{\"@type\":\"Person\",\"@id\":\"https:\/\/vestibulares.estrategia.com\/portal\/#\/schema\/person\/cdd941dcf53839374c0bc8d39bb0230f\",\"name\":\"Beatriz Santana\",\"image\":{\"@type\":\"ImageObject\",\"inLanguage\":\"pt-BR\",\"@id\":\"https:\/\/vestibulares.estrategia.com\/portal\/#\/schema\/person\/image\/\",\"url\":\"https:\/\/vestibulares.estrategia.com\/portal\/wp-content\/uploads\/2022\/01\/WhatsApp-Image-2021-10-21-at-10.19.09-1-150x150.webp\",\"contentUrl\":\"https:\/\/vestibulares.estrategia.com\/portal\/wp-content\/uploads\/2022\/01\/WhatsApp-Image-2021-10-21-at-10.19.09-1-150x150.webp\",\"caption\":\"Beatriz Santana\"},\"description\":\"Jornalista formada pela Unesp\",\"url\":\"https:\/\/vestibulares.estrategia.com\/portal\/author\/beatriz-santana\/\"}]}<\/script>\n<!-- \/ Yoast SEO Premium plugin. -->","yoast_head_json":{"title":"11 cita\u00e7\u00f5es sobre ci\u00eancia para usar na reda\u00e7\u00e3o","description":"De cientistas contempor\u00e2neos a fil\u00f3sofos e m\u00e9dicos da Gr\u00e9cia Antiga, confira todas as cita\u00e7\u00f5es que v\u00e3o fazer sua reda\u00e7\u00e3o ficar perfeita!","robots":{"index":"index","follow":"follow","max-snippet":"max-snippet:-1","max-image-preview":"max-image-preview:large","max-video-preview":"max-video-preview:-1"},"canonical":"https:\/\/vestibulares.estrategia.com\/portal\/materias\/redacao\/11-citacoes-sobre-ciencia-para-usar-na-redacao\/","og_locale":"pt_BR","og_type":"article","og_title":"11 cita\u00e7\u00f5es sobre ci\u00eancia para usar na reda\u00e7\u00e3o","og_description":"De cientistas contempor\u00e2neos a fil\u00f3sofos e m\u00e9dicos da Gr\u00e9cia Antiga, confira todas as cita\u00e7\u00f5es que v\u00e3o fazer sua reda\u00e7\u00e3o ficar perfeita!","og_url":"https:\/\/vestibulares.estrategia.com\/portal\/materias\/redacao\/11-citacoes-sobre-ciencia-para-usar-na-redacao\/","og_site_name":"Estrat\u00e9gia Vestibulares","article_publisher":"https:\/\/facebook.com\/estrategiavestibulares","article_published_time":"2022-07-13T21:57:26+00:00","article_modified_time":"2025-11-03T19:41:41+00:00","og_image":[{"width":2560,"height":1536,"url":"https:\/\/vestibulares.estrategia.com\/portal\/wp-content\/uploads\/2022\/07\/11-citacoes-sobre-ciencia-scaled.webp","type":"image\/jpeg"}],"author":"Beatriz Santana","twitter_card":"summary_large_image","twitter_creator":"@Estrategiavest","twitter_site":"@Estrategiavest","twitter_misc":{"Escrito por":"Beatriz Santana","Est. tempo de leitura":"12 minutos"},"schema":{"@context":"https:\/\/schema.org","@graph":[{"@type":"Article","@id":"https:\/\/vestibulares.estrategia.com\/portal\/materias\/redacao\/11-citacoes-sobre-ciencia-para-usar-na-redacao\/#article","isPartOf":{"@id":"https:\/\/vestibulares.estrategia.com\/portal\/materias\/redacao\/11-citacoes-sobre-ciencia-para-usar-na-redacao\/"},"author":{"name":"Beatriz Santana","@id":"https:\/\/vestibulares.estrategia.com\/portal\/#\/schema\/person\/cdd941dcf53839374c0bc8d39bb0230f"},"headline":"11 cita\u00e7\u00f5es sobre ci\u00eancia para usar na reda\u00e7\u00e3o","datePublished":"2022-07-13T21:57:26+00:00","dateModified":"2025-11-03T19:41:41+00:00","mainEntityOfPage":{"@id":"https:\/\/vestibulares.estrategia.com\/portal\/materias\/redacao\/11-citacoes-sobre-ciencia-para-usar-na-redacao\/"},"wordCount":2398,"publisher":{"@id":"https:\/\/vestibulares.estrategia.com\/portal\/#organization"},"image":{"@id":"https:\/\/vestibulares.estrategia.com\/portal\/materias\/redacao\/11-citacoes-sobre-ciencia-para-usar-na-redacao\/#primaryimage"},"thumbnailUrl":"https:\/\/vestibulares.estrategia.com\/portal\/wp-content\/uploads\/2022\/07\/11-citacoes-sobre-ciencia-scaled.webp","articleSection":["Reda\u00e7\u00e3o"],"inLanguage":"pt-BR"},{"@type":"WebPage","@id":"https:\/\/vestibulares.estrategia.com\/portal\/materias\/redacao\/11-citacoes-sobre-ciencia-para-usar-na-redacao\/","url":"https:\/\/vestibulares.estrategia.com\/portal\/materias\/redacao\/11-citacoes-sobre-ciencia-para-usar-na-redacao\/","name":"11 cita\u00e7\u00f5es sobre ci\u00eancia para usar na reda\u00e7\u00e3o","isPartOf":{"@id":"https:\/\/vestibulares.estrategia.com\/portal\/#website"},"primaryImageOfPage":{"@id":"https:\/\/vestibulares.estrategia.com\/portal\/materias\/redacao\/11-citacoes-sobre-ciencia-para-usar-na-redacao\/#primaryimage"},"image":{"@id":"https:\/\/vestibulares.estrategia.com\/portal\/materias\/redacao\/11-citacoes-sobre-ciencia-para-usar-na-redacao\/#primaryimage"},"thumbnailUrl":"https:\/\/vestibulares.estrategia.com\/portal\/wp-content\/uploads\/2022\/07\/11-citacoes-sobre-ciencia-scaled.webp","datePublished":"2022-07-13T21:57:26+00:00","dateModified":"2025-11-03T19:41:41+00:00","description":"De cientistas contempor\u00e2neos a fil\u00f3sofos e m\u00e9dicos da Gr\u00e9cia Antiga, confira todas as cita\u00e7\u00f5es que v\u00e3o fazer sua reda\u00e7\u00e3o ficar perfeita!","breadcrumb":{"@id":"https:\/\/vestibulares.estrategia.com\/portal\/materias\/redacao\/11-citacoes-sobre-ciencia-para-usar-na-redacao\/#breadcrumb"},"inLanguage":"pt-BR","potentialAction":[{"@type":"ReadAction","target":["https:\/\/vestibulares.estrategia.com\/portal\/materias\/redacao\/11-citacoes-sobre-ciencia-para-usar-na-redacao\/"]}]},{"@type":"ImageObject","inLanguage":"pt-BR","@id":"https:\/\/vestibulares.estrategia.com\/portal\/materias\/redacao\/11-citacoes-sobre-ciencia-para-usar-na-redacao\/#primaryimage","url":"https:\/\/vestibulares.estrategia.com\/portal\/wp-content\/uploads\/2022\/07\/11-citacoes-sobre-ciencia-scaled.webp","contentUrl":"https:\/\/vestibulares.estrategia.com\/portal\/wp-content\/uploads\/2022\/07\/11-citacoes-sobre-ciencia-scaled.webp","width":2560,"height":1536},{"@type":"BreadcrumbList","@id":"https:\/\/vestibulares.estrategia.com\/portal\/materias\/redacao\/11-citacoes-sobre-ciencia-para-usar-na-redacao\/#breadcrumb","itemListElement":[{"@type":"ListItem","position":1,"name":"Home","item":"https:\/\/vestibulares.estrategia.com\/portal\/"},{"@type":"ListItem","position":2,"name":"Mat\u00e9rias","item":"https:\/\/vestibulares.estrategia.com\/portal\/materias\/"},{"@type":"ListItem","position":3,"name":"Reda\u00e7\u00e3o","item":"https:\/\/vestibulares.estrategia.com\/portal\/materias\/redacao\/"},{"@type":"ListItem","position":4,"name":"11 cita\u00e7\u00f5es sobre ci\u00eancia para usar na reda\u00e7\u00e3o"}]},{"@type":"WebSite","@id":"https:\/\/vestibulares.estrategia.com\/portal\/#website","url":"https:\/\/vestibulares.estrategia.com\/portal\/","name":"Estrat\u00e9gia Vestibulares","description":"","publisher":{"@id":"https:\/\/vestibulares.estrategia.com\/portal\/#organization"},"potentialAction":[{"@type":"SearchAction","target":{"@type":"EntryPoint","urlTemplate":"https:\/\/vestibulares.estrategia.com\/portal\/?s={search_term_string}"},"query-input":{"@type":"PropertyValueSpecification","valueRequired":true,"valueName":"search_term_string"}}],"inLanguage":"pt-BR"},{"@type":"Organization","@id":"https:\/\/vestibulares.estrategia.com\/portal\/#organization","name":"Estrat\u00e9gia Vestibulares","url":"https:\/\/vestibulares.estrategia.com\/portal\/","logo":{"@type":"ImageObject","inLanguage":"pt-BR","@id":"https:\/\/vestibulares.estrategia.com\/portal\/#\/schema\/logo\/image\/","url":"https:\/\/vestibulares.estrategia.com\/portal\/wp-content\/uploads\/2021\/06\/Logo-Vestibulares@4x.png","contentUrl":"https:\/\/vestibulares.estrategia.com\/portal\/wp-content\/uploads\/2021\/06\/Logo-Vestibulares@4x.png","width":250,"height":66,"caption":"Estrat\u00e9gia Vestibulares"},"image":{"@id":"https:\/\/vestibulares.estrategia.com\/portal\/#\/schema\/logo\/image\/"},"sameAs":["https:\/\/facebook.com\/estrategiavestibulares","https:\/\/x.com\/Estrategiavest","https:\/\/www.instagram.com\/estrategiavestibulares","https:\/\/www.youtube.com\/channel\/UCGWdZy8ULI-7_5GrABa4vNA"]},{"@type":"Person","@id":"https:\/\/vestibulares.estrategia.com\/portal\/#\/schema\/person\/cdd941dcf53839374c0bc8d39bb0230f","name":"Beatriz Santana","image":{"@type":"ImageObject","inLanguage":"pt-BR","@id":"https:\/\/vestibulares.estrategia.com\/portal\/#\/schema\/person\/image\/","url":"https:\/\/vestibulares.estrategia.com\/portal\/wp-content\/uploads\/2022\/01\/WhatsApp-Image-2021-10-21-at-10.19.09-1-150x150.webp","contentUrl":"https:\/\/vestibulares.estrategia.com\/portal\/wp-content\/uploads\/2022\/01\/WhatsApp-Image-2021-10-21-at-10.19.09-1-150x150.webp","caption":"Beatriz Santana"},"description":"Jornalista formada pela Unesp","url":"https:\/\/vestibulares.estrategia.com\/portal\/author\/beatriz-santana\/"}]}},"_wl_alt_label":[],"wl:entity_url":"https:\/\/data.wordlift.io\/wl110249\/post\/11-citacoes-sobre-ciencia-para-usar-na-redacao","_links":{"self":[{"href":"https:\/\/vestibulares.estrategia.com\/portal\/wp-json\/wp\/v2\/posts\/71670","targetHints":{"allow":["GET"]}}],"collection":[{"href":"https:\/\/vestibulares.estrategia.com\/portal\/wp-json\/wp\/v2\/posts"}],"about":[{"href":"https:\/\/vestibulares.estrategia.com\/portal\/wp-json\/wp\/v2\/types\/post"}],"author":[{"embeddable":true,"href":"https:\/\/vestibulares.estrategia.com\/portal\/wp-json\/wp\/v2\/users\/48"}],"replies":[{"embeddable":true,"href":"https:\/\/vestibulares.estrategia.com\/portal\/wp-json\/wp\/v2\/comments?post=71670"}],"version-history":[{"count":12,"href":"https:\/\/vestibulares.estrategia.com\/portal\/wp-json\/wp\/v2\/posts\/71670\/revisions"}],"predecessor-version":[{"id":147788,"href":"https:\/\/vestibulares.estrategia.com\/portal\/wp-json\/wp\/v2\/posts\/71670\/revisions\/147788"}],"wp:featuredmedia":[{"embeddable":true,"href":"https:\/\/vestibulares.estrategia.com\/portal\/wp-json\/wp\/v2\/media\/71671"}],"wp:attachment":[{"href":"https:\/\/vestibulares.estrategia.com\/portal\/wp-json\/wp\/v2\/media?parent=71670"}],"wp:term":[{"taxonomy":"category","embeddable":true,"href":"https:\/\/vestibulares.estrategia.com\/portal\/wp-json\/wp\/v2\/categories?post=71670"},{"taxonomy":"post_tag","embeddable":true,"href":"https:\/\/vestibulares.estrategia.com\/portal\/wp-json\/wp\/v2\/tags?post=71670"},{"taxonomy":"wl_entity_type","embeddable":true,"href":"https:\/\/vestibulares.estrategia.com\/portal\/wp-json\/wp\/v2\/wl_entity_type?post=71670"}],"curies":[{"name":"wp","href":"https:\/\/api.w.org\/{rel}","templated":true}]}}